{"id":932267,"date":"2017-03-31T11:39:56","date_gmt":"2017-03-31T11:39:56","guid":{"rendered":"http:\/\/www.eldigitaldeasturias.com\/noticias\/?p=932267"},"modified":"2017-03-31T11:39:56","modified_gmt":"2017-03-31T11:39:56","slug":"cristina-coto-asturias-necesita-urgentemente-un-cambio-de-rumbo","status":"publish","type":"post","link":"https:\/\/www.eldigitaldeasturias.com\/noticias\/cristina-coto-asturias-necesita-urgentemente-un-cambio-de-rumbo\/","title":{"rendered":"Cristina Coto: \u00abAsturias necesita urgentemente un cambio de rumbo\u00bb"},"content":{"rendered":"<p><img loading=\"lazy\" decoding=\"async\" class=\"alignleft size-medium wp-image-909336\" src=\"https:\/\/www.eldigitaldeasturias.com\/noticias\/wp-content\/uploads\/2016\/09\/COTO-FOROASTURIAS-360x253.jpg\" alt=\"\" width=\"360\" height=\"253\" srcset=\"https:\/\/www.eldigitaldeasturias.com\/noticias\/wp-content\/uploads\/2016\/09\/COTO-FOROASTURIAS-360x253.jpg 360w, https:\/\/www.eldigitaldeasturias.com\/noticias\/wp-content\/uploads\/2016\/09\/COTO-FOROASTURIAS-100x70.jpg 100w, https:\/\/www.eldigitaldeasturias.com\/noticias\/wp-content\/uploads\/2016\/09\/COTO-FOROASTURIAS-696x490.jpg 696w, https:\/\/www.eldigitaldeasturias.com\/noticias\/wp-content\/uploads\/2016\/09\/COTO-FOROASTURIAS-597x420.jpg 597w, https:\/\/www.eldigitaldeasturias.com\/noticias\/wp-content\/uploads\/2016\/09\/COTO-FOROASTURIAS-768x540.jpg 768w, https:\/\/www.eldigitaldeasturias.com\/noticias\/wp-content\/uploads\/2016\/09\/COTO-FOROASTURIAS-650x457.jpg 650w, https:\/\/www.eldigitaldeasturias.com\/noticias\/wp-content\/uploads\/2016\/09\/COTO-FOROASTURIAS.jpg 800w\" sizes=\"auto, (max-width: 360px) 100vw, 360px\" \/>La presidenta de FORO, Cristina Coto, tras analizar los \u00faltimos datos hechos p\u00fablicos por el INE sobre el Producto Interior Bruto (PIB) regional del a\u00f1o 2016, que sit\u00faan al Principado con un crecimiento anual en t\u00e9rminos de volumen del 1,9%, en el pen\u00faltimo lugar del ranking, tan s\u00f3lo empeorado por La Rioja, manifest\u00f3 hoy que \u201cel INE certifica que Asturias vuelve a ser la pen\u00faltima Comunidad Aut\u00f3noma de Espa\u00f1a en crecimiento en 2016, igual que ocurri\u00f3 en 2012, 2013 y 2014\u201d, y argumenta que \u201cel crecimiento econ\u00f3mico en t\u00e9rminos de PIB, tal como registra el INE en la \u00faltima actualizaci\u00f3n de sus estimaciones, para el periodo 2012-2015, acumula una divergencia en negativo con Espa\u00f1a de 5,5 puntos. Es m\u00e1s en el periodo 2010-2015 Asturias ha sido la comunidad aut\u00f3noma con peor registro en crecimiento medio, una ca\u00edda del -1,4% del PIB frente al \u20130,2% registrado por el conjunto del pa\u00eds y muy lejos de otras regiones como Madrid, Murcia, Pa\u00eds Vasco y Navarra\u201d.<\/p>\n<p>\u201cLos datos del INE \u2013prosigui\u00f3 Coto- reflejan que pr\u00e1cticamente el conjunto de CC.AA., han situado su PIB en unos niveles superiores al dato que se ha estimado para el conjunto de los 28 Estados miembros de la UE, que fue del 1,9%; y es el propio INE el que advierte que Asturias y La Rioja han sido las \u00fanicas comunidades que han registrado un menor crecimiento al de esa media europea\u201d. Adem\u00e1s, \u201ccon el dato de 2016, Asturias es la peor Comunidad Aut\u00f3noma de Espa\u00f1a en crecimiento, entre 2010 y 2015, porque el Principado mantiene la continuidad de la pol\u00edtica socialista equivocada, y el Estado no corrige la marginaci\u00f3n\u201d.<\/p>\n<p>Por tanto, para la presidenta de FORO, \u201clos datos del INE del a\u00f1o 2016, analizado tambi\u00e9n en relaci\u00f3n a los a\u00f1os anteriores, son descorazonadores para Asturias, segunda regi\u00f3n que menos crece (1,9%), s\u00f3lo empeorada por La Rioja (1,5%), y muy alejada del 3,2% de media nacional pero por supuesto, Javier Fern\u00e1ndez y su coro de propaganda oficial seguir\u00e1n manteniendo c\u00ednicamente que \u2018Asturias est\u00e1 enganchada a la recuperaci\u00f3n\u2019 para que nada cambie\u201d.<\/p>\n<p>\u201cCon una de las mayores presiones fiscales de Espa\u00f1a, la menor tasa de crecimiento y el elevado paro, Asturias necesita urgentemente un cambio de rumbo\u201d, concluy\u00f3 Cristina Coto.<\/p>\n","protected":false},"excerpt":{"rendered":"<p>La presidenta de FORO, Cristina Coto, tras analizar los \u00faltimos datos hechos p\u00fablicos por el INE sobre el Producto Interior Bruto (PIB) regional del a\u00f1o 2016, que sit\u00faan al Principado con un crecimiento anual en t\u00e9rminos de volumen del 1,9%, en el pen\u00faltimo lugar del ranking, tan s\u00f3lo empeorado por La Rioja, manifest\u00f3 hoy que [&hellip;]<\/p>\n","protected":false},"author":1,"featured_media":909336,"comment_status":"closed","ping_status":"closed","sticky":false,"template":"","format":"standard","meta":{"footnotes":""},"categories":[141],"tags":[],"class_list":["post-932267","post","type-post","status-publish","format-standard","has-post-thumbnail","hentry","category-destacadas"],"aioseo_notices":[],"aioseo_head":"\n\t\t<!-- All in One SEO Pro 4.9.6.2 - aioseo.com -->\n\t<meta name=\"description\" content=\"La presidenta de FORO, Cristina Coto, tras analizar los \u00faltimos datos hechos p\u00fablicos por el INE sobre el Producto Interior Bruto (PIB) regional del a\u00f1o 2016, que sit\u00faan al Principado con un crecimiento anual en t\u00e9rminos de volumen del 1,9%, en el pen\u00faltimo lugar del ranking, tan s\u00f3lo empeorado por La Rioja, manifest\u00f3 hoy que\" \/>\n\t<meta name=\"robots\" content=\"max-image-preview:large\" \/>\n\t<meta name=\"author\" content=\"El Digital de Asturias\"\/>\n\t<meta name=\"google-site-verification\" content=\"UA-38556648-1\" \/>\n\t<meta name=\"msvalidate.01\" content=\"7dfe9f3f1b24437ab69f4f2559babe99\" \/>\n\t<meta name=\"keywords\" content=\"destacadas\" \/>\n\t<link rel=\"canonical\" href=\"https:\/\/www.eldigitaldeasturias.com\/noticias\/cristina-coto-asturias-necesita-urgentemente-un-cambio-de-rumbo\/\" \/>\n\t<meta name=\"generator\" content=\"All in One SEO Pro (AIOSEO) 4.9.6.2\" \/>\n\t\t<meta property=\"og:locale\" content=\"es_ES\" \/>\n\t\t<meta property=\"og:site_name\" content=\"El Digital de Asturias\" \/>\n\t\t<meta property=\"og:type\" content=\"article\" \/>\n\t\t<meta property=\"og:title\" content=\"Cristina Coto: \u00abAsturias necesita urgentemente un cambio de rumbo\u00bb - El Digital de Asturias\" \/>\n\t\t<meta property=\"og:description\" content=\"La presidenta de FORO, Cristina Coto, tras analizar los \u00faltimos datos hechos p\u00fablicos por el INE sobre el Producto Interior Bruto (PIB) regional del a\u00f1o 2016, que sit\u00faan al Principado con un crecimiento anual en t\u00e9rminos de volumen del 1,9%, en el pen\u00faltimo lugar del ranking, tan s\u00f3lo empeorado por La Rioja, manifest\u00f3 hoy que\" \/>\n\t\t<meta property=\"og:url\" content=\"https:\/\/www.eldigitaldeasturias.com\/noticias\/cristina-coto-asturias-necesita-urgentemente-un-cambio-de-rumbo\/\" \/>\n\t\t<meta property=\"og:image\" content=\"https:\/\/www.eldigitaldeasturias.com\/noticias\/wp-content\/uploads\/2016\/09\/COTO-FOROASTURIAS.jpg\" \/>\n\t\t<meta property=\"og:image:secure_url\" content=\"https:\/\/www.eldigitaldeasturias.com\/noticias\/wp-content\/uploads\/2016\/09\/COTO-FOROASTURIAS.jpg\" \/>\n\t\t<meta property=\"og:image:width\" content=\"800\" \/>\n\t\t<meta property=\"og:image:height\" content=\"563\" \/>\n\t\t<meta property=\"article:tag\" content=\"destacadas\" \/>\n\t\t<meta property=\"article:published_time\" content=\"2017-03-31T11:39:56+00:00\" \/>\n\t\t<meta property=\"article:modified_time\" content=\"2017-03-31T11:39:56+00:00\" \/>\n\t\t<meta property=\"article:publisher\" content=\"https:\/\/facebook.com\/eldigitaldeasturias\" \/>\n\t\t<meta name=\"twitter:card\" content=\"summary_large_image\" \/>\n\t\t<meta name=\"twitter:title\" content=\"Cristina Coto: \u00abAsturias necesita urgentemente un cambio de rumbo\u00bb - El Digital de Asturias\" \/>\n\t\t<meta name=\"twitter:description\" content=\"La presidenta de FORO, Cristina Coto, tras analizar los \u00faltimos datos hechos p\u00fablicos por el INE sobre el Producto Interior Bruto (PIB) regional del a\u00f1o 2016, que sit\u00faan al Principado con un crecimiento anual en t\u00e9rminos de volumen del 1,9%, en el pen\u00faltimo lugar del ranking, tan s\u00f3lo empeorado por La Rioja, manifest\u00f3 hoy que\" \/>\n\t\t<meta name=\"twitter:image\" content=\"https:\/\/www.eldigitaldeasturias.com\/noticias\/wp-content\/uploads\/2016\/09\/COTO-FOROASTURIAS.jpg\" \/>\n\t\t<meta name=\"twitter:label1\" content=\"Escrito por\" \/>\n\t\t<meta name=\"twitter:data1\" content=\"El Digital de Asturias\" \/>\n\t\t<meta name=\"twitter:label2\" content=\"Tiempo de lectura estimado\" \/>\n\t\t<meta name=\"twitter:data2\" content=\"2 minutos\" \/>\n\t\t<script type=\"application\/ld+json\" class=\"aioseo-schema\">\n\t\t\t{\"@context\":\"https:\\\/\\\/schema.org\",\"@graph\":[{\"@type\":\"BlogPosting\",\"@id\":\"https:\\\/\\\/www.eldigitaldeasturias.com\\\/noticias\\\/cristina-coto-asturias-necesita-urgentemente-un-cambio-de-rumbo\\\/#blogposting\",\"name\":\"Cristina Coto: \\u00abAsturias necesita urgentemente un cambio de rumbo\\u00bb - El Digital de Asturias\",\"headline\":\"Cristina Coto: \\u00abAsturias necesita urgentemente un cambio de rumbo\\u00bb\",\"author\":{\"@id\":\"https:\\\/\\\/www.eldigitaldeasturias.com\\\/noticias\\\/author\\\/admin\\\/#author\"},\"publisher\":{\"@id\":\"https:\\\/\\\/www.eldigitaldeasturias.com\\\/noticias\\\/#organization\"},\"image\":{\"@type\":\"ImageObject\",\"url\":\"https:\\\/\\\/www.eldigitaldeasturias.com\\\/noticias\\\/wp-content\\\/uploads\\\/2016\\\/09\\\/COTO-FOROASTURIAS.jpg\",\"width\":800,\"height\":563},\"datePublished\":\"2017-03-31T11:39:56+02:00\",\"dateModified\":\"2017-03-31T11:39:56+02:00\",\"inLanguage\":\"es-ES\",\"mainEntityOfPage\":{\"@id\":\"https:\\\/\\\/www.eldigitaldeasturias.com\\\/noticias\\\/cristina-coto-asturias-necesita-urgentemente-un-cambio-de-rumbo\\\/#webpage\"},\"isPartOf\":{\"@id\":\"https:\\\/\\\/www.eldigitaldeasturias.com\\\/noticias\\\/cristina-coto-asturias-necesita-urgentemente-un-cambio-de-rumbo\\\/#webpage\"},\"articleSection\":\"Destacadas\"},{\"@type\":\"BreadcrumbList\",\"@id\":\"https:\\\/\\\/www.eldigitaldeasturias.com\\\/noticias\\\/cristina-coto-asturias-necesita-urgentemente-un-cambio-de-rumbo\\\/#breadcrumblist\",\"itemListElement\":[{\"@type\":\"ListItem\",\"@id\":\"https:\\\/\\\/www.eldigitaldeasturias.com\\\/noticias#listItem\",\"position\":1,\"name\":\"Home\",\"item\":\"https:\\\/\\\/www.eldigitaldeasturias.com\\\/noticias\",\"nextItem\":{\"@type\":\"ListItem\",\"@id\":\"https:\\\/\\\/www.eldigitaldeasturias.com\\\/noticias\\\/category\\\/destacadas\\\/#listItem\",\"name\":\"Destacadas\"}},{\"@type\":\"ListItem\",\"@id\":\"https:\\\/\\\/www.eldigitaldeasturias.com\\\/noticias\\\/category\\\/destacadas\\\/#listItem\",\"position\":2,\"name\":\"Destacadas\",\"item\":\"https:\\\/\\\/www.eldigitaldeasturias.com\\\/noticias\\\/category\\\/destacadas\\\/\",\"nextItem\":{\"@type\":\"ListItem\",\"@id\":\"https:\\\/\\\/www.eldigitaldeasturias.com\\\/noticias\\\/cristina-coto-asturias-necesita-urgentemente-un-cambio-de-rumbo\\\/#listItem\",\"name\":\"Cristina Coto: \\u00abAsturias necesita urgentemente un cambio de rumbo\\u00bb\"},\"previousItem\":{\"@type\":\"ListItem\",\"@id\":\"https:\\\/\\\/www.eldigitaldeasturias.com\\\/noticias#listItem\",\"name\":\"Home\"}},{\"@type\":\"ListItem\",\"@id\":\"https:\\\/\\\/www.eldigitaldeasturias.com\\\/noticias\\\/cristina-coto-asturias-necesita-urgentemente-un-cambio-de-rumbo\\\/#listItem\",\"position\":3,\"name\":\"Cristina Coto: \\u00abAsturias necesita urgentemente un cambio de rumbo\\u00bb\",\"previousItem\":{\"@type\":\"ListItem\",\"@id\":\"https:\\\/\\\/www.eldigitaldeasturias.com\\\/noticias\\\/category\\\/destacadas\\\/#listItem\",\"name\":\"Destacadas\"}}]},{\"@type\":\"Organization\",\"@id\":\"https:\\\/\\\/www.eldigitaldeasturias.com\\\/noticias\\\/#organization\",\"name\":\"El Digital de Asturias\",\"description\":\"Hemeroteca\",\"url\":\"https:\\\/\\\/www.eldigitaldeasturias.com\\\/noticias\\\/\",\"email\":\"info@eldigitaldeasturias.com\",\"telephone\":\"+34652131393\",\"logo\":{\"@type\":\"ImageObject\",\"url\":\"https:\\\/\\\/www.eldigitaldeasturias.com\\\/noticias\\\/wp-content\\\/uploads\\\/2020\\\/12\\\/EDA.jpg\",\"@id\":\"https:\\\/\\\/www.eldigitaldeasturias.com\\\/noticias\\\/cristina-coto-asturias-necesita-urgentemente-un-cambio-de-rumbo\\\/#organizationLogo\",\"width\":649,\"height\":297},\"image\":{\"@id\":\"https:\\\/\\\/www.eldigitaldeasturias.com\\\/noticias\\\/cristina-coto-asturias-necesita-urgentemente-un-cambio-de-rumbo\\\/#organizationLogo\"},\"sameAs\":[\"https:\\\/\\\/facebook.com\\\/eldigitaldeasturias\",\"https:\\\/\\\/www.youtube.com\\\/channel\\\/UCZP-2wLEB9Rv6erhFmqVnvg\"],\"address\":{\"@id\":\"https:\\\/\\\/www.eldigitaldeasturias.com\\\/noticias\\\/#postaladdress\",\"@type\":\"PostalAddress\",\"streetAddress\":\"san antonio 4,\",\"postalCode\":\"33430\",\"addressLocality\":\"Cand\\u00e1s\",\"addressRegion\":\"Asturias\",\"addressCountry\":\"ES\"}},{\"@type\":\"Person\",\"@id\":\"https:\\\/\\\/www.eldigitaldeasturias.com\\\/noticias\\\/author\\\/admin\\\/#author\",\"url\":\"https:\\\/\\\/www.eldigitaldeasturias.com\\\/noticias\\\/author\\\/admin\\\/\",\"name\":\"El Digital de Asturias\",\"image\":{\"@type\":\"ImageObject\",\"@id\":\"https:\\\/\\\/www.eldigitaldeasturias.com\\\/noticias\\\/cristina-coto-asturias-necesita-urgentemente-un-cambio-de-rumbo\\\/#authorImage\",\"url\":\"https:\\\/\\\/www.eldigitaldeasturias.com\\\/noticias\\\/wp-content\\\/litespeed\\\/avatar\\\/18677e78aa0546b92d9dbf31ec7d7668.jpg?ver=1777290358\",\"width\":96,\"height\":96,\"caption\":\"El Digital de Asturias\"}},{\"@type\":\"WebPage\",\"@id\":\"https:\\\/\\\/www.eldigitaldeasturias.com\\\/noticias\\\/cristina-coto-asturias-necesita-urgentemente-un-cambio-de-rumbo\\\/#webpage\",\"url\":\"https:\\\/\\\/www.eldigitaldeasturias.com\\\/noticias\\\/cristina-coto-asturias-necesita-urgentemente-un-cambio-de-rumbo\\\/\",\"name\":\"Cristina Coto: \\u00abAsturias necesita urgentemente un cambio de rumbo\\u00bb - El Digital de Asturias\",\"description\":\"La presidenta de FORO, Cristina Coto, tras analizar los \\u00faltimos datos hechos p\\u00fablicos por el INE sobre el Producto Interior Bruto (PIB) regional del a\\u00f1o 2016, que sit\\u00faan al Principado con un crecimiento anual en t\\u00e9rminos de volumen del 1,9%, en el pen\\u00faltimo lugar del ranking, tan s\\u00f3lo empeorado por La Rioja, manifest\\u00f3 hoy que\",\"inLanguage\":\"es-ES\",\"isPartOf\":{\"@id\":\"https:\\\/\\\/www.eldigitaldeasturias.com\\\/noticias\\\/#website\"},\"breadcrumb\":{\"@id\":\"https:\\\/\\\/www.eldigitaldeasturias.com\\\/noticias\\\/cristina-coto-asturias-necesita-urgentemente-un-cambio-de-rumbo\\\/#breadcrumblist\"},\"author\":{\"@id\":\"https:\\\/\\\/www.eldigitaldeasturias.com\\\/noticias\\\/author\\\/admin\\\/#author\"},\"creator\":{\"@id\":\"https:\\\/\\\/www.eldigitaldeasturias.com\\\/noticias\\\/author\\\/admin\\\/#author\"},\"image\":{\"@type\":\"ImageObject\",\"url\":\"https:\\\/\\\/www.eldigitaldeasturias.com\\\/noticias\\\/wp-content\\\/uploads\\\/2016\\\/09\\\/COTO-FOROASTURIAS.jpg\",\"@id\":\"https:\\\/\\\/www.eldigitaldeasturias.com\\\/noticias\\\/cristina-coto-asturias-necesita-urgentemente-un-cambio-de-rumbo\\\/#mainImage\",\"width\":800,\"height\":563},\"primaryImageOfPage\":{\"@id\":\"https:\\\/\\\/www.eldigitaldeasturias.com\\\/noticias\\\/cristina-coto-asturias-necesita-urgentemente-un-cambio-de-rumbo\\\/#mainImage\"},\"datePublished\":\"2017-03-31T11:39:56+02:00\",\"dateModified\":\"2017-03-31T11:39:56+02:00\"},{\"@type\":\"WebSite\",\"@id\":\"https:\\\/\\\/www.eldigitaldeasturias.com\\\/noticias\\\/#website\",\"url\":\"https:\\\/\\\/www.eldigitaldeasturias.com\\\/noticias\\\/\",\"name\":\"El Digital de Asturias - Diario de actualidad y noticias\",\"alternateName\":\"El Digital de Asturias - Diario de actualidad y noticias\",\"description\":\"Hemeroteca\",\"inLanguage\":\"es-ES\",\"publisher\":{\"@id\":\"https:\\\/\\\/www.eldigitaldeasturias.com\\\/noticias\\\/#organization\"}}]}\n\t\t<\/script>\n\t\t<!-- All in One SEO Pro -->\r\n\t\t<title>Cristina Coto: \u00abAsturias necesita urgentemente un cambio de rumbo\u00bb - El Digital de Asturias<\/title>\n\n","aioseo_head_json":{"title":"Cristina Coto: \u00abAsturias necesita urgentemente un cambio de rumbo\u00bb - El Digital de Asturias","description":"La presidenta de FORO, Cristina Coto, tras analizar los \u00faltimos datos hechos p\u00fablicos por el INE sobre el Producto Interior Bruto (PIB) regional del a\u00f1o 2016, que sit\u00faan al Principado con un crecimiento anual en t\u00e9rminos de volumen del 1,9%, en el pen\u00faltimo lugar del ranking, tan s\u00f3lo empeorado por La Rioja, manifest\u00f3 hoy que","canonical_url":"https:\/\/www.eldigitaldeasturias.com\/noticias\/cristina-coto-asturias-necesita-urgentemente-un-cambio-de-rumbo\/","robots":"max-image-preview:large","keywords":"destacadas","webmasterTools":{"google-site-verification":"UA-38556648-1","msvalidate.01":"7dfe9f3f1b24437ab69f4f2559babe99","miscellaneous":""},"schema":{"@context":"https:\/\/schema.org","@graph":[{"@type":"BlogPosting","@id":"https:\/\/www.eldigitaldeasturias.com\/noticias\/cristina-coto-asturias-necesita-urgentemente-un-cambio-de-rumbo\/#blogposting","name":"Cristina Coto: \u00abAsturias necesita urgentemente un cambio de rumbo\u00bb - El Digital de Asturias","headline":"Cristina Coto: \u00abAsturias necesita urgentemente un cambio de rumbo\u00bb","author":{"@id":"https:\/\/www.eldigitaldeasturias.com\/noticias\/author\/admin\/#author"},"publisher":{"@id":"https:\/\/www.eldigitaldeasturias.com\/noticias\/#organization"},"image":{"@type":"ImageObject","url":"https:\/\/www.eldigitaldeasturias.com\/noticias\/wp-content\/uploads\/2016\/09\/COTO-FOROASTURIAS.jpg","width":800,"height":563},"datePublished":"2017-03-31T11:39:56+02:00","dateModified":"2017-03-31T11:39:56+02:00","inLanguage":"es-ES","mainEntityOfPage":{"@id":"https:\/\/www.eldigitaldeasturias.com\/noticias\/cristina-coto-asturias-necesita-urgentemente-un-cambio-de-rumbo\/#webpage"},"isPartOf":{"@id":"https:\/\/www.eldigitaldeasturias.com\/noticias\/cristina-coto-asturias-necesita-urgentemente-un-cambio-de-rumbo\/#webpage"},"articleSection":"Destacadas"},{"@type":"BreadcrumbList","@id":"https:\/\/www.eldigitaldeasturias.com\/noticias\/cristina-coto-asturias-necesita-urgentemente-un-cambio-de-rumbo\/#breadcrumblist","itemListElement":[{"@type":"ListItem","@id":"https:\/\/www.eldigitaldeasturias.com\/noticias#listItem","position":1,"name":"Home","item":"https:\/\/www.eldigitaldeasturias.com\/noticias","nextItem":{"@type":"ListItem","@id":"https:\/\/www.eldigitaldeasturias.com\/noticias\/category\/destacadas\/#listItem","name":"Destacadas"}},{"@type":"ListItem","@id":"https:\/\/www.eldigitaldeasturias.com\/noticias\/category\/destacadas\/#listItem","position":2,"name":"Destacadas","item":"https:\/\/www.eldigitaldeasturias.com\/noticias\/category\/destacadas\/","nextItem":{"@type":"ListItem","@id":"https:\/\/www.eldigitaldeasturias.com\/noticias\/cristina-coto-asturias-necesita-urgentemente-un-cambio-de-rumbo\/#listItem","name":"Cristina Coto: \u00abAsturias necesita urgentemente un cambio de rumbo\u00bb"},"previousItem":{"@type":"ListItem","@id":"https:\/\/www.eldigitaldeasturias.com\/noticias#listItem","name":"Home"}},{"@type":"ListItem","@id":"https:\/\/www.eldigitaldeasturias.com\/noticias\/cristina-coto-asturias-necesita-urgentemente-un-cambio-de-rumbo\/#listItem","position":3,"name":"Cristina Coto: \u00abAsturias necesita urgentemente un cambio de rumbo\u00bb","previousItem":{"@type":"ListItem","@id":"https:\/\/www.eldigitaldeasturias.com\/noticias\/category\/destacadas\/#listItem","name":"Destacadas"}}]},{"@type":"Organization","@id":"https:\/\/www.eldigitaldeasturias.com\/noticias\/#organization","name":"El Digital de Asturias","description":"Hemeroteca","url":"https:\/\/www.eldigitaldeasturias.com\/noticias\/","email":"info@eldigitaldeasturias.com","telephone":"+34652131393","logo":{"@type":"ImageObject","url":"https:\/\/www.eldigitaldeasturias.com\/noticias\/wp-content\/uploads\/2020\/12\/EDA.jpg","@id":"https:\/\/www.eldigitaldeasturias.com\/noticias\/cristina-coto-asturias-necesita-urgentemente-un-cambio-de-rumbo\/#organizationLogo","width":649,"height":297},"image":{"@id":"https:\/\/www.eldigitaldeasturias.com\/noticias\/cristina-coto-asturias-necesita-urgentemente-un-cambio-de-rumbo\/#organizationLogo"},"sameAs":["https:\/\/facebook.com\/eldigitaldeasturias","https:\/\/www.youtube.com\/channel\/UCZP-2wLEB9Rv6erhFmqVnvg"],"address":{"@id":"https:\/\/www.eldigitaldeasturias.com\/noticias\/#postaladdress","@type":"PostalAddress","streetAddress":"san antonio 4,","postalCode":"33430","addressLocality":"Cand\u00e1s","addressRegion":"Asturias","addressCountry":"ES"}},{"@type":"Person","@id":"https:\/\/www.eldigitaldeasturias.com\/noticias\/author\/admin\/#author","url":"https:\/\/www.eldigitaldeasturias.com\/noticias\/author\/admin\/","name":"El Digital de Asturias","image":{"@type":"ImageObject","@id":"https:\/\/www.eldigitaldeasturias.com\/noticias\/cristina-coto-asturias-necesita-urgentemente-un-cambio-de-rumbo\/#authorImage","url":"https:\/\/www.eldigitaldeasturias.com\/noticias\/wp-content\/litespeed\/avatar\/18677e78aa0546b92d9dbf31ec7d7668.jpg?ver=1777290358","width":96,"height":96,"caption":"El Digital de Asturias"}},{"@type":"WebPage","@id":"https:\/\/www.eldigitaldeasturias.com\/noticias\/cristina-coto-asturias-necesita-urgentemente-un-cambio-de-rumbo\/#webpage","url":"https:\/\/www.eldigitaldeasturias.com\/noticias\/cristina-coto-asturias-necesita-urgentemente-un-cambio-de-rumbo\/","name":"Cristina Coto: \u00abAsturias necesita urgentemente un cambio de rumbo\u00bb - El Digital de Asturias","description":"La presidenta de FORO, Cristina Coto, tras analizar los \u00faltimos datos hechos p\u00fablicos por el INE sobre el Producto Interior Bruto (PIB) regional del a\u00f1o 2016, que sit\u00faan al Principado con un crecimiento anual en t\u00e9rminos de volumen del 1,9%, en el pen\u00faltimo lugar del ranking, tan s\u00f3lo empeorado por La Rioja, manifest\u00f3 hoy que","inLanguage":"es-ES","isPartOf":{"@id":"https:\/\/www.eldigitaldeasturias.com\/noticias\/#website"},"breadcrumb":{"@id":"https:\/\/www.eldigitaldeasturias.com\/noticias\/cristina-coto-asturias-necesita-urgentemente-un-cambio-de-rumbo\/#breadcrumblist"},"author":{"@id":"https:\/\/www.eldigitaldeasturias.com\/noticias\/author\/admin\/#author"},"creator":{"@id":"https:\/\/www.eldigitaldeasturias.com\/noticias\/author\/admin\/#author"},"image":{"@type":"ImageObject","url":"https:\/\/www.eldigitaldeasturias.com\/noticias\/wp-content\/uploads\/2016\/09\/COTO-FOROASTURIAS.jpg","@id":"https:\/\/www.eldigitaldeasturias.com\/noticias\/cristina-coto-asturias-necesita-urgentemente-un-cambio-de-rumbo\/#mainImage","width":800,"height":563},"primaryImageOfPage":{"@id":"https:\/\/www.eldigitaldeasturias.com\/noticias\/cristina-coto-asturias-necesita-urgentemente-un-cambio-de-rumbo\/#mainImage"},"datePublished":"2017-03-31T11:39:56+02:00","dateModified":"2017-03-31T11:39:56+02:00"},{"@type":"WebSite","@id":"https:\/\/www.eldigitaldeasturias.com\/noticias\/#website","url":"https:\/\/www.eldigitaldeasturias.com\/noticias\/","name":"El Digital de Asturias - Diario de actualidad y noticias","alternateName":"El Digital de Asturias - Diario de actualidad y noticias","description":"Hemeroteca","inLanguage":"es-ES","publisher":{"@id":"https:\/\/www.eldigitaldeasturias.com\/noticias\/#organization"}}]},"og:locale":"es_ES","og:site_name":"El Digital de Asturias","og:type":"article","og:title":"Cristina Coto: \u00abAsturias necesita urgentemente un cambio de rumbo\u00bb - El Digital de Asturias","og:description":"La presidenta de FORO, Cristina Coto, tras analizar los \u00faltimos datos hechos p\u00fablicos por el INE sobre el Producto Interior Bruto (PIB) regional del a\u00f1o 2016, que sit\u00faan al Principado con un crecimiento anual en t\u00e9rminos de volumen del 1,9%, en el pen\u00faltimo lugar del ranking, tan s\u00f3lo empeorado por La Rioja, manifest\u00f3 hoy que","og:url":"https:\/\/www.eldigitaldeasturias.com\/noticias\/cristina-coto-asturias-necesita-urgentemente-un-cambio-de-rumbo\/","og:image":"https:\/\/www.eldigitaldeasturias.com\/noticias\/wp-content\/uploads\/2016\/09\/COTO-FOROASTURIAS.jpg","og:image:secure_url":"https:\/\/www.eldigitaldeasturias.com\/noticias\/wp-content\/uploads\/2016\/09\/COTO-FOROASTURIAS.jpg","og:image:width":800,"og:image:height":563,"article:tag":["destacadas"],"article:published_time":"2017-03-31T11:39:56+00:00","article:modified_time":"2017-03-31T11:39:56+00:00","article:publisher":"https:\/\/facebook.com\/eldigitaldeasturias","twitter:card":"summary_large_image","twitter:title":"Cristina Coto: \u00abAsturias necesita urgentemente un cambio de rumbo\u00bb - El Digital de Asturias","twitter:description":"La presidenta de FORO, Cristina Coto, tras analizar los \u00faltimos datos hechos p\u00fablicos por el INE sobre el Producto Interior Bruto (PIB) regional del a\u00f1o 2016, que sit\u00faan al Principado con un crecimiento anual en t\u00e9rminos de volumen del 1,9%, en el pen\u00faltimo lugar del ranking, tan s\u00f3lo empeorado por La Rioja, manifest\u00f3 hoy que","twitter:image":"https:\/\/www.eldigitaldeasturias.com\/noticias\/wp-content\/uploads\/2016\/09\/COTO-FOROASTURIAS.jpg","twitter:label1":"Escrito por","twitter:data1":"El Digital de Asturias","twitter:label2":"Tiempo de lectura estimado","twitter:data2":"2 minutos"},"aioseo_meta_data":{"post_id":"932267","title":null,"description":null,"keywords":null,"keyphrases":null,"primary_term":null,"canonical_url":null,"og_title":null,"og_description":null,"og_object_type":"default","og_image_type":"default","og_image_url":null,"og_image_width":null,"og_image_height":null,"og_image_custom_url":null,"og_image_custom_fields":null,"og_video":null,"og_custom_url":null,"og_article_section":null,"og_article_tags":null,"twitter_use_og":false,"twitter_card":"default","twitter_image_type":"default","twitter_image_url":null,"twitter_image_custom_url":null,"twitter_image_custom_fields":null,"twitter_title":null,"twitter_description":null,"schema":{"blockGraphs":[],"customGraphs":[],"default":{"data":{"Article":[],"Course":[],"Dataset":[],"FAQPage":[],"Movie":[],"Person":[],"Product":[],"ProductReview":[],"Car":[],"Recipe":[],"Service":[],"SoftwareApplication":[],"WebPage":[]},"graphName":"","isEnabled":true},"graphs":[],"defaultGraph":"","defaultPostTypeGraph":""},"schema_type":null,"schema_type_options":null,"pillar_content":false,"robots_default":true,"robots_noindex":false,"robots_noarchive":false,"robots_nosnippet":false,"robots_nofollow":false,"robots_noimageindex":false,"robots_noodp":false,"robots_notranslate":false,"robots_max_snippet":null,"robots_max_videopreview":null,"robots_max_imagepreview":"large","priority":null,"frequency":null,"local_seo":null,"seo_analyzer_scan_date":"2025-12-11 15:14:11","breadcrumb_settings":null,"limit_modified_date":false,"open_ai":null,"ai":null,"created":"2020-12-21 13:32:56","updated":"2025-12-11 15:14:11"},"aioseo_breadcrumb":"<div class=\"aioseo-breadcrumbs\"><span class=\"aioseo-breadcrumb\">\n\t<a href=\"https:\/\/www.eldigitaldeasturias.com\/noticias\" title=\"Home\">Home<\/a>\n<\/span><span class=\"aioseo-breadcrumb-separator\">\u2013<\/span><span class=\"aioseo-breadcrumb\">\n\t<a href=\"https:\/\/www.eldigitaldeasturias.com\/noticias\/category\/destacadas\/\" title=\"Destacadas\">Destacadas<\/a>\n<\/span><span class=\"aioseo-breadcrumb-separator\">\u2013<\/span><span class=\"aioseo-breadcrumb\">\n\t<a href=\"https:\/\/www.eldigitaldeasturias.com\/noticias\/cristina-coto-asturias-necesita-urgentemente-un-cambio-de-rumbo\/\" title=\"Cristina Coto: \u00abAsturias necesita urgentemente un cambio de rumbo\u00bb\">Cristina Coto: \u00abAsturias necesita urgentemente un cambio de rumbo\u00bb<\/a>\n<\/span><\/div>","aioseo_breadcrumb_json":[{"label":"Home","link":"https:\/\/www.eldigitaldeasturias.com\/noticias"},{"label":"Destacadas","link":"https:\/\/www.eldigitaldeasturias.com\/noticias\/category\/destacadas\/"},{"label":"Cristina Coto: \u00abAsturias necesita urgentemente un cambio de rumbo\u00bb","link":"https:\/\/www.eldigitaldeasturias.com\/noticias\/cristina-coto-asturias-necesita-urgentemente-un-cambio-de-rumbo\/"}],"_links":{"self":[{"href":"https:\/\/www.eldigitaldeasturias.com\/noticias\/wp-json\/wp\/v2\/posts\/932267","targetHints":{"allow":["GET"]}}],"collection":[{"href":"https:\/\/www.eldigitaldeasturias.com\/noticias\/wp-json\/wp\/v2\/posts"}],"about":[{"href":"https:\/\/www.eldigitaldeasturias.com\/noticias\/wp-json\/wp\/v2\/types\/post"}],"author":[{"embeddable":true,"href":"https:\/\/www.eldigitaldeasturias.com\/noticias\/wp-json\/wp\/v2\/users\/1"}],"replies":[{"embeddable":true,"href":"https:\/\/www.eldigitaldeasturias.com\/noticias\/wp-json\/wp\/v2\/comments?post=932267"}],"version-history":[{"count":0,"href":"https:\/\/www.eldigitaldeasturias.com\/noticias\/wp-json\/wp\/v2\/posts\/932267\/revisions"}],"wp:featuredmedia":[{"embeddable":true,"href":"https:\/\/www.eldigitaldeasturias.com\/noticias\/wp-json\/wp\/v2\/media\/909336"}],"wp:attachment":[{"href":"https:\/\/www.eldigitaldeasturias.com\/noticias\/wp-json\/wp\/v2\/media?parent=932267"}],"wp:term":[{"taxonomy":"category","embeddable":true,"href":"https:\/\/www.eldigitaldeasturias.com\/noticias\/wp-json\/wp\/v2\/categories?post=932267"},{"taxonomy":"post_tag","embeddable":true,"href":"https:\/\/www.eldigitaldeasturias.com\/noticias\/wp-json\/wp\/v2\/tags?post=932267"}],"curies":[{"name":"wp","href":"https:\/\/api.w.org\/{rel}","templated":true}]}}