{"id":932209,"date":"2017-03-30T20:20:26","date_gmt":"2017-03-30T20:20:26","guid":{"rendered":"http:\/\/www.eldigitaldeasturias.com\/noticias\/?p=932209"},"modified":"2017-03-31T09:28:57","modified_gmt":"2017-03-31T09:28:57","slug":"el-principado-de-asturias-firma-un-convenio-con-decathlon-espana","status":"publish","type":"post","link":"https:\/\/www.eldigitaldeasturias.com\/noticias\/el-principado-de-asturias-firma-un-convenio-con-decathlon-espana\/","title":{"rendered":"El Principado de Asturias firma un convenio con Decathlon Espa\u00f1a"},"content":{"rendered":"<p><img loading=\"lazy\" decoding=\"async\" class=\"alignleft size-medium wp-image-932210\" src=\"https:\/\/www.eldigitaldeasturias.com\/noticias\/wp-content\/uploads\/2017\/03\/Convenio-Deportes2017-334x320.jpg\" alt=\"\" width=\"334\" height=\"320\" srcset=\"https:\/\/www.eldigitaldeasturias.com\/noticias\/wp-content\/uploads\/2017\/03\/Convenio-Deportes2017-334x320.jpg 334w, https:\/\/www.eldigitaldeasturias.com\/noticias\/wp-content\/uploads\/2017\/03\/Convenio-Deportes2017-768x737.jpg 768w, https:\/\/www.eldigitaldeasturias.com\/noticias\/wp-content\/uploads\/2017\/03\/Convenio-Deportes2017-650x624.jpg 650w, https:\/\/www.eldigitaldeasturias.com\/noticias\/wp-content\/uploads\/2017\/03\/Convenio-Deportes2017.jpg 1280w\" sizes=\"auto, (max-width: 334px) 100vw, 334px\" \/>El director general de Deporte, Jos\u00e9 Ram\u00f3n Tuero, ha firmado hoy el convenio con Decathlon Espa\u00f1a SAU que tiene como finalidad facilitar la formaci\u00f3n y la inserci\u00f3n laboral de los deportistas declarados de alto rendimiento por el Principado.<\/p>\n<p>Este acuerdo, suscrito con el director Regional<span style=\"font-family: Arial Narrow; font-size: small;\">.<\/span>de la empresa en Asturias, \u00c1ngel Pasamontes, estar\u00e1 en vigor durante un a\u00f1o y, entre sus principales compromisos, obliga a la Direcci\u00f3n General de Deporte a comunicar a los deportistas de alto rendimiento la posibilidad de beneficiarse de las medidas de inserci\u00f3n laboral que ofrece Decathlon Espa\u00f1a en sus centros asturianos.<\/p>\n<p>La empresa, por su parte, se compromete a incorporar a estos deportistas a sus procesos de selecci\u00f3n de personal, as\u00ed como a informar a sus centros de la existencia del convenio y de las ventajas de contar con profesionales bien formados y con competencias muy valoradas.<\/p>\n<p>Tanto Tuero como los representantes de la empresa han coincidido en se\u00f1alar la relevancia de difundir entre los centros laborales de Decathlon los valores que aporta la incorporaci\u00f3n de deportistas de alto rendimiento a la sociedad en todos sus aspectos.<\/p>\n","protected":false},"excerpt":{"rendered":"<p>El director general de Deporte, Jos\u00e9 Ram\u00f3n Tuero, ha firmado hoy el convenio con Decathlon Espa\u00f1a SAU que tiene como finalidad facilitar la formaci\u00f3n y la inserci\u00f3n laboral de los deportistas declarados de alto rendimiento por el Principado. Este acuerdo, suscrito con el director Regional.de la empresa en Asturias, \u00c1ngel Pasamontes, estar\u00e1 en vigor durante [&hellip;]<\/p>\n","protected":false},"author":1,"featured_media":932210,"comment_status":"closed","ping_status":"closed","sticky":false,"template":"","format":"standard","meta":{"footnotes":""},"categories":[141],"tags":[],"class_list":["post-932209","post","type-post","status-publish","format-standard","has-post-thumbnail","hentry","category-destacadas"],"aioseo_notices":[],"aioseo_head":"\n\t\t<!-- All in One SEO Pro 4.9.6.2 - aioseo.com -->\n\t<meta name=\"description\" content=\"El director general de Deporte, Jos\u00e9 Ram\u00f3n Tuero, ha firmado hoy el convenio con Decathlon Espa\u00f1a SAU que tiene como finalidad facilitar la formaci\u00f3n y la inserci\u00f3n laboral de los deportistas declarados de alto rendimiento por el Principado. Este acuerdo, suscrito con el director Regional.de la empresa en Asturias, \u00c1ngel Pasamontes, estar\u00e1 en vigor durante\" \/>\n\t<meta name=\"robots\" content=\"max-image-preview:large\" \/>\n\t<meta name=\"author\" content=\"El Digital de Asturias\"\/>\n\t<meta name=\"google-site-verification\" content=\"UA-38556648-1\" \/>\n\t<meta name=\"msvalidate.01\" content=\"7dfe9f3f1b24437ab69f4f2559babe99\" \/>\n\t<meta name=\"keywords\" content=\"destacadas\" \/>\n\t<link rel=\"canonical\" href=\"https:\/\/www.eldigitaldeasturias.com\/noticias\/el-principado-de-asturias-firma-un-convenio-con-decathlon-espana\/\" \/>\n\t<meta name=\"generator\" content=\"All in One SEO Pro (AIOSEO) 4.9.6.2\" \/>\n\t\t<meta property=\"og:locale\" content=\"es_ES\" \/>\n\t\t<meta property=\"og:site_name\" content=\"El Digital de Asturias\" \/>\n\t\t<meta property=\"og:type\" content=\"article\" \/>\n\t\t<meta property=\"og:title\" content=\"El Principado de Asturias firma un convenio con Decathlon Espa\u00f1a - El Digital de Asturias\" \/>\n\t\t<meta property=\"og:description\" content=\"El director general de Deporte, Jos\u00e9 Ram\u00f3n Tuero, ha firmado hoy el convenio con Decathlon Espa\u00f1a SAU que tiene como finalidad facilitar la formaci\u00f3n y la inserci\u00f3n laboral de los deportistas declarados de alto rendimiento por el Principado. Este acuerdo, suscrito con el director Regional.de la empresa en Asturias, \u00c1ngel Pasamontes, estar\u00e1 en vigor durante\" \/>\n\t\t<meta property=\"og:url\" content=\"https:\/\/www.eldigitaldeasturias.com\/noticias\/el-principado-de-asturias-firma-un-convenio-con-decathlon-espana\/\" \/>\n\t\t<meta property=\"og:image\" content=\"https:\/\/www.eldigitaldeasturias.com\/noticias\/wp-content\/uploads\/2017\/03\/Convenio-Deportes2017.jpg\" \/>\n\t\t<meta property=\"og:image:secure_url\" content=\"https:\/\/www.eldigitaldeasturias.com\/noticias\/wp-content\/uploads\/2017\/03\/Convenio-Deportes2017.jpg\" \/>\n\t\t<meta property=\"og:image:width\" content=\"1280\" \/>\n\t\t<meta property=\"og:image:height\" content=\"1228\" \/>\n\t\t<meta property=\"article:tag\" content=\"destacadas\" \/>\n\t\t<meta property=\"article:published_time\" content=\"2017-03-30T20:20:26+00:00\" \/>\n\t\t<meta property=\"article:modified_time\" content=\"2017-03-31T09:28:57+00:00\" \/>\n\t\t<meta property=\"article:publisher\" content=\"https:\/\/facebook.com\/eldigitaldeasturias\" \/>\n\t\t<meta name=\"twitter:card\" content=\"summary_large_image\" \/>\n\t\t<meta name=\"twitter:title\" content=\"El Principado de Asturias firma un convenio con Decathlon Espa\u00f1a - El Digital de Asturias\" \/>\n\t\t<meta name=\"twitter:description\" content=\"El director general de Deporte, Jos\u00e9 Ram\u00f3n Tuero, ha firmado hoy el convenio con Decathlon Espa\u00f1a SAU que tiene como finalidad facilitar la formaci\u00f3n y la inserci\u00f3n laboral de los deportistas declarados de alto rendimiento por el Principado. Este acuerdo, suscrito con el director Regional.de la empresa en Asturias, \u00c1ngel Pasamontes, estar\u00e1 en vigor durante\" \/>\n\t\t<meta name=\"twitter:image\" content=\"https:\/\/www.eldigitaldeasturias.com\/noticias\/wp-content\/uploads\/2017\/03\/Convenio-Deportes2017.jpg\" \/>\n\t\t<meta name=\"twitter:label1\" content=\"Escrito por\" \/>\n\t\t<meta name=\"twitter:data1\" content=\"El Digital de Asturias\" \/>\n\t\t<meta name=\"twitter:label2\" content=\"Tiempo de lectura estimado\" \/>\n\t\t<meta name=\"twitter:data2\" content=\"1 minuto\" \/>\n\t\t<script type=\"application\/ld+json\" class=\"aioseo-schema\">\n\t\t\t{\"@context\":\"https:\\\/\\\/schema.org\",\"@graph\":[{\"@type\":\"BlogPosting\",\"@id\":\"https:\\\/\\\/www.eldigitaldeasturias.com\\\/noticias\\\/el-principado-de-asturias-firma-un-convenio-con-decathlon-espana\\\/#blogposting\",\"name\":\"El Principado de Asturias firma un convenio con Decathlon Espa\\u00f1a - El Digital de Asturias\",\"headline\":\"El Principado de Asturias firma un convenio con Decathlon Espa\\u00f1a\",\"author\":{\"@id\":\"https:\\\/\\\/www.eldigitaldeasturias.com\\\/noticias\\\/author\\\/admin\\\/#author\"},\"publisher\":{\"@id\":\"https:\\\/\\\/www.eldigitaldeasturias.com\\\/noticias\\\/#organization\"},\"image\":{\"@type\":\"ImageObject\",\"url\":\"https:\\\/\\\/www.eldigitaldeasturias.com\\\/noticias\\\/wp-content\\\/uploads\\\/2017\\\/03\\\/Convenio-Deportes2017.jpg\",\"width\":1280,\"height\":1228},\"datePublished\":\"2017-03-30T20:20:26+02:00\",\"dateModified\":\"2017-03-31T09:28:57+02:00\",\"inLanguage\":\"es-ES\",\"mainEntityOfPage\":{\"@id\":\"https:\\\/\\\/www.eldigitaldeasturias.com\\\/noticias\\\/el-principado-de-asturias-firma-un-convenio-con-decathlon-espana\\\/#webpage\"},\"isPartOf\":{\"@id\":\"https:\\\/\\\/www.eldigitaldeasturias.com\\\/noticias\\\/el-principado-de-asturias-firma-un-convenio-con-decathlon-espana\\\/#webpage\"},\"articleSection\":\"Destacadas\"},{\"@type\":\"BreadcrumbList\",\"@id\":\"https:\\\/\\\/www.eldigitaldeasturias.com\\\/noticias\\\/el-principado-de-asturias-firma-un-convenio-con-decathlon-espana\\\/#breadcrumblist\",\"itemListElement\":[{\"@type\":\"ListItem\",\"@id\":\"https:\\\/\\\/www.eldigitaldeasturias.com\\\/noticias#listItem\",\"position\":1,\"name\":\"Home\",\"item\":\"https:\\\/\\\/www.eldigitaldeasturias.com\\\/noticias\",\"nextItem\":{\"@type\":\"ListItem\",\"@id\":\"https:\\\/\\\/www.eldigitaldeasturias.com\\\/noticias\\\/category\\\/destacadas\\\/#listItem\",\"name\":\"Destacadas\"}},{\"@type\":\"ListItem\",\"@id\":\"https:\\\/\\\/www.eldigitaldeasturias.com\\\/noticias\\\/category\\\/destacadas\\\/#listItem\",\"position\":2,\"name\":\"Destacadas\",\"item\":\"https:\\\/\\\/www.eldigitaldeasturias.com\\\/noticias\\\/category\\\/destacadas\\\/\",\"nextItem\":{\"@type\":\"ListItem\",\"@id\":\"https:\\\/\\\/www.eldigitaldeasturias.com\\\/noticias\\\/el-principado-de-asturias-firma-un-convenio-con-decathlon-espana\\\/#listItem\",\"name\":\"El Principado de Asturias firma un convenio con Decathlon Espa\\u00f1a\"},\"previousItem\":{\"@type\":\"ListItem\",\"@id\":\"https:\\\/\\\/www.eldigitaldeasturias.com\\\/noticias#listItem\",\"name\":\"Home\"}},{\"@type\":\"ListItem\",\"@id\":\"https:\\\/\\\/www.eldigitaldeasturias.com\\\/noticias\\\/el-principado-de-asturias-firma-un-convenio-con-decathlon-espana\\\/#listItem\",\"position\":3,\"name\":\"El Principado de Asturias firma un convenio con Decathlon Espa\\u00f1a\",\"previousItem\":{\"@type\":\"ListItem\",\"@id\":\"https:\\\/\\\/www.eldigitaldeasturias.com\\\/noticias\\\/category\\\/destacadas\\\/#listItem\",\"name\":\"Destacadas\"}}]},{\"@type\":\"Organization\",\"@id\":\"https:\\\/\\\/www.eldigitaldeasturias.com\\\/noticias\\\/#organization\",\"name\":\"El Digital de Asturias\",\"description\":\"Hemeroteca\",\"url\":\"https:\\\/\\\/www.eldigitaldeasturias.com\\\/noticias\\\/\",\"email\":\"info@eldigitaldeasturias.com\",\"telephone\":\"+34652131393\",\"logo\":{\"@type\":\"ImageObject\",\"url\":\"https:\\\/\\\/www.eldigitaldeasturias.com\\\/noticias\\\/wp-content\\\/uploads\\\/2020\\\/12\\\/EDA.jpg\",\"@id\":\"https:\\\/\\\/www.eldigitaldeasturias.com\\\/noticias\\\/el-principado-de-asturias-firma-un-convenio-con-decathlon-espana\\\/#organizationLogo\",\"width\":649,\"height\":297},\"image\":{\"@id\":\"https:\\\/\\\/www.eldigitaldeasturias.com\\\/noticias\\\/el-principado-de-asturias-firma-un-convenio-con-decathlon-espana\\\/#organizationLogo\"},\"sameAs\":[\"https:\\\/\\\/facebook.com\\\/eldigitaldeasturias\",\"https:\\\/\\\/www.youtube.com\\\/channel\\\/UCZP-2wLEB9Rv6erhFmqVnvg\"],\"address\":{\"@id\":\"https:\\\/\\\/www.eldigitaldeasturias.com\\\/noticias\\\/#postaladdress\",\"@type\":\"PostalAddress\",\"streetAddress\":\"san antonio 4,\",\"postalCode\":\"33430\",\"addressLocality\":\"Cand\\u00e1s\",\"addressRegion\":\"Asturias\",\"addressCountry\":\"ES\"}},{\"@type\":\"Person\",\"@id\":\"https:\\\/\\\/www.eldigitaldeasturias.com\\\/noticias\\\/author\\\/admin\\\/#author\",\"url\":\"https:\\\/\\\/www.eldigitaldeasturias.com\\\/noticias\\\/author\\\/admin\\\/\",\"name\":\"El Digital de Asturias\",\"image\":{\"@type\":\"ImageObject\",\"@id\":\"https:\\\/\\\/www.eldigitaldeasturias.com\\\/noticias\\\/el-principado-de-asturias-firma-un-convenio-con-decathlon-espana\\\/#authorImage\",\"url\":\"https:\\\/\\\/www.eldigitaldeasturias.com\\\/noticias\\\/wp-content\\\/litespeed\\\/avatar\\\/18677e78aa0546b92d9dbf31ec7d7668.jpg?ver=1777290358\",\"width\":96,\"height\":96,\"caption\":\"El Digital de Asturias\"}},{\"@type\":\"WebPage\",\"@id\":\"https:\\\/\\\/www.eldigitaldeasturias.com\\\/noticias\\\/el-principado-de-asturias-firma-un-convenio-con-decathlon-espana\\\/#webpage\",\"url\":\"https:\\\/\\\/www.eldigitaldeasturias.com\\\/noticias\\\/el-principado-de-asturias-firma-un-convenio-con-decathlon-espana\\\/\",\"name\":\"El Principado de Asturias firma un convenio con Decathlon Espa\\u00f1a - El Digital de Asturias\",\"description\":\"El director general de Deporte, Jos\\u00e9 Ram\\u00f3n Tuero, ha firmado hoy el convenio con Decathlon Espa\\u00f1a SAU que tiene como finalidad facilitar la formaci\\u00f3n y la inserci\\u00f3n laboral de los deportistas declarados de alto rendimiento por el Principado. Este acuerdo, suscrito con el director Regional.de la empresa en Asturias, \\u00c1ngel Pasamontes, estar\\u00e1 en vigor durante\",\"inLanguage\":\"es-ES\",\"isPartOf\":{\"@id\":\"https:\\\/\\\/www.eldigitaldeasturias.com\\\/noticias\\\/#website\"},\"breadcrumb\":{\"@id\":\"https:\\\/\\\/www.eldigitaldeasturias.com\\\/noticias\\\/el-principado-de-asturias-firma-un-convenio-con-decathlon-espana\\\/#breadcrumblist\"},\"author\":{\"@id\":\"https:\\\/\\\/www.eldigitaldeasturias.com\\\/noticias\\\/author\\\/admin\\\/#author\"},\"creator\":{\"@id\":\"https:\\\/\\\/www.eldigitaldeasturias.com\\\/noticias\\\/author\\\/admin\\\/#author\"},\"image\":{\"@type\":\"ImageObject\",\"url\":\"https:\\\/\\\/www.eldigitaldeasturias.com\\\/noticias\\\/wp-content\\\/uploads\\\/2017\\\/03\\\/Convenio-Deportes2017.jpg\",\"@id\":\"https:\\\/\\\/www.eldigitaldeasturias.com\\\/noticias\\\/el-principado-de-asturias-firma-un-convenio-con-decathlon-espana\\\/#mainImage\",\"width\":1280,\"height\":1228},\"primaryImageOfPage\":{\"@id\":\"https:\\\/\\\/www.eldigitaldeasturias.com\\\/noticias\\\/el-principado-de-asturias-firma-un-convenio-con-decathlon-espana\\\/#mainImage\"},\"datePublished\":\"2017-03-30T20:20:26+02:00\",\"dateModified\":\"2017-03-31T09:28:57+02:00\"},{\"@type\":\"WebSite\",\"@id\":\"https:\\\/\\\/www.eldigitaldeasturias.com\\\/noticias\\\/#website\",\"url\":\"https:\\\/\\\/www.eldigitaldeasturias.com\\\/noticias\\\/\",\"name\":\"El Digital de Asturias - Diario de actualidad y noticias\",\"alternateName\":\"El Digital de Asturias - Diario de actualidad y noticias\",\"description\":\"Hemeroteca\",\"inLanguage\":\"es-ES\",\"publisher\":{\"@id\":\"https:\\\/\\\/www.eldigitaldeasturias.com\\\/noticias\\\/#organization\"}}]}\n\t\t<\/script>\n\t\t<!-- All in One SEO Pro -->\r\n\t\t<title>El Principado de Asturias firma un convenio con Decathlon Espa\u00f1a - El Digital de Asturias<\/title>\n\n","aioseo_head_json":{"title":"El Principado de Asturias firma un convenio con Decathlon Espa\u00f1a - El Digital de Asturias","description":"El director general de Deporte, Jos\u00e9 Ram\u00f3n Tuero, ha firmado hoy el convenio con Decathlon Espa\u00f1a SAU que tiene como finalidad facilitar la formaci\u00f3n y la inserci\u00f3n laboral de los deportistas declarados de alto rendimiento por el Principado. Este acuerdo, suscrito con el director Regional.de la empresa en Asturias, \u00c1ngel Pasamontes, estar\u00e1 en vigor durante","canonical_url":"https:\/\/www.eldigitaldeasturias.com\/noticias\/el-principado-de-asturias-firma-un-convenio-con-decathlon-espana\/","robots":"max-image-preview:large","keywords":"destacadas","webmasterTools":{"google-site-verification":"UA-38556648-1","msvalidate.01":"7dfe9f3f1b24437ab69f4f2559babe99","miscellaneous":""},"schema":{"@context":"https:\/\/schema.org","@graph":[{"@type":"BlogPosting","@id":"https:\/\/www.eldigitaldeasturias.com\/noticias\/el-principado-de-asturias-firma-un-convenio-con-decathlon-espana\/#blogposting","name":"El Principado de Asturias firma un convenio con Decathlon Espa\u00f1a - El Digital de Asturias","headline":"El Principado de Asturias firma un convenio con Decathlon Espa\u00f1a","author":{"@id":"https:\/\/www.eldigitaldeasturias.com\/noticias\/author\/admin\/#author"},"publisher":{"@id":"https:\/\/www.eldigitaldeasturias.com\/noticias\/#organization"},"image":{"@type":"ImageObject","url":"https:\/\/www.eldigitaldeasturias.com\/noticias\/wp-content\/uploads\/2017\/03\/Convenio-Deportes2017.jpg","width":1280,"height":1228},"datePublished":"2017-03-30T20:20:26+02:00","dateModified":"2017-03-31T09:28:57+02:00","inLanguage":"es-ES","mainEntityOfPage":{"@id":"https:\/\/www.eldigitaldeasturias.com\/noticias\/el-principado-de-asturias-firma-un-convenio-con-decathlon-espana\/#webpage"},"isPartOf":{"@id":"https:\/\/www.eldigitaldeasturias.com\/noticias\/el-principado-de-asturias-firma-un-convenio-con-decathlon-espana\/#webpage"},"articleSection":"Destacadas"},{"@type":"BreadcrumbList","@id":"https:\/\/www.eldigitaldeasturias.com\/noticias\/el-principado-de-asturias-firma-un-convenio-con-decathlon-espana\/#breadcrumblist","itemListElement":[{"@type":"ListItem","@id":"https:\/\/www.eldigitaldeasturias.com\/noticias#listItem","position":1,"name":"Home","item":"https:\/\/www.eldigitaldeasturias.com\/noticias","nextItem":{"@type":"ListItem","@id":"https:\/\/www.eldigitaldeasturias.com\/noticias\/category\/destacadas\/#listItem","name":"Destacadas"}},{"@type":"ListItem","@id":"https:\/\/www.eldigitaldeasturias.com\/noticias\/category\/destacadas\/#listItem","position":2,"name":"Destacadas","item":"https:\/\/www.eldigitaldeasturias.com\/noticias\/category\/destacadas\/","nextItem":{"@type":"ListItem","@id":"https:\/\/www.eldigitaldeasturias.com\/noticias\/el-principado-de-asturias-firma-un-convenio-con-decathlon-espana\/#listItem","name":"El Principado de Asturias firma un convenio con Decathlon Espa\u00f1a"},"previousItem":{"@type":"ListItem","@id":"https:\/\/www.eldigitaldeasturias.com\/noticias#listItem","name":"Home"}},{"@type":"ListItem","@id":"https:\/\/www.eldigitaldeasturias.com\/noticias\/el-principado-de-asturias-firma-un-convenio-con-decathlon-espana\/#listItem","position":3,"name":"El Principado de Asturias firma un convenio con Decathlon Espa\u00f1a","previousItem":{"@type":"ListItem","@id":"https:\/\/www.eldigitaldeasturias.com\/noticias\/category\/destacadas\/#listItem","name":"Destacadas"}}]},{"@type":"Organization","@id":"https:\/\/www.eldigitaldeasturias.com\/noticias\/#organization","name":"El Digital de Asturias","description":"Hemeroteca","url":"https:\/\/www.eldigitaldeasturias.com\/noticias\/","email":"info@eldigitaldeasturias.com","telephone":"+34652131393","logo":{"@type":"ImageObject","url":"https:\/\/www.eldigitaldeasturias.com\/noticias\/wp-content\/uploads\/2020\/12\/EDA.jpg","@id":"https:\/\/www.eldigitaldeasturias.com\/noticias\/el-principado-de-asturias-firma-un-convenio-con-decathlon-espana\/#organizationLogo","width":649,"height":297},"image":{"@id":"https:\/\/www.eldigitaldeasturias.com\/noticias\/el-principado-de-asturias-firma-un-convenio-con-decathlon-espana\/#organizationLogo"},"sameAs":["https:\/\/facebook.com\/eldigitaldeasturias","https:\/\/www.youtube.com\/channel\/UCZP-2wLEB9Rv6erhFmqVnvg"],"address":{"@id":"https:\/\/www.eldigitaldeasturias.com\/noticias\/#postaladdress","@type":"PostalAddress","streetAddress":"san antonio 4,","postalCode":"33430","addressLocality":"Cand\u00e1s","addressRegion":"Asturias","addressCountry":"ES"}},{"@type":"Person","@id":"https:\/\/www.eldigitaldeasturias.com\/noticias\/author\/admin\/#author","url":"https:\/\/www.eldigitaldeasturias.com\/noticias\/author\/admin\/","name":"El Digital de Asturias","image":{"@type":"ImageObject","@id":"https:\/\/www.eldigitaldeasturias.com\/noticias\/el-principado-de-asturias-firma-un-convenio-con-decathlon-espana\/#authorImage","url":"https:\/\/www.eldigitaldeasturias.com\/noticias\/wp-content\/litespeed\/avatar\/18677e78aa0546b92d9dbf31ec7d7668.jpg?ver=1777290358","width":96,"height":96,"caption":"El Digital de Asturias"}},{"@type":"WebPage","@id":"https:\/\/www.eldigitaldeasturias.com\/noticias\/el-principado-de-asturias-firma-un-convenio-con-decathlon-espana\/#webpage","url":"https:\/\/www.eldigitaldeasturias.com\/noticias\/el-principado-de-asturias-firma-un-convenio-con-decathlon-espana\/","name":"El Principado de Asturias firma un convenio con Decathlon Espa\u00f1a - El Digital de Asturias","description":"El director general de Deporte, Jos\u00e9 Ram\u00f3n Tuero, ha firmado hoy el convenio con Decathlon Espa\u00f1a SAU que tiene como finalidad facilitar la formaci\u00f3n y la inserci\u00f3n laboral de los deportistas declarados de alto rendimiento por el Principado. Este acuerdo, suscrito con el director Regional.de la empresa en Asturias, \u00c1ngel Pasamontes, estar\u00e1 en vigor durante","inLanguage":"es-ES","isPartOf":{"@id":"https:\/\/www.eldigitaldeasturias.com\/noticias\/#website"},"breadcrumb":{"@id":"https:\/\/www.eldigitaldeasturias.com\/noticias\/el-principado-de-asturias-firma-un-convenio-con-decathlon-espana\/#breadcrumblist"},"author":{"@id":"https:\/\/www.eldigitaldeasturias.com\/noticias\/author\/admin\/#author"},"creator":{"@id":"https:\/\/www.eldigitaldeasturias.com\/noticias\/author\/admin\/#author"},"image":{"@type":"ImageObject","url":"https:\/\/www.eldigitaldeasturias.com\/noticias\/wp-content\/uploads\/2017\/03\/Convenio-Deportes2017.jpg","@id":"https:\/\/www.eldigitaldeasturias.com\/noticias\/el-principado-de-asturias-firma-un-convenio-con-decathlon-espana\/#mainImage","width":1280,"height":1228},"primaryImageOfPage":{"@id":"https:\/\/www.eldigitaldeasturias.com\/noticias\/el-principado-de-asturias-firma-un-convenio-con-decathlon-espana\/#mainImage"},"datePublished":"2017-03-30T20:20:26+02:00","dateModified":"2017-03-31T09:28:57+02:00"},{"@type":"WebSite","@id":"https:\/\/www.eldigitaldeasturias.com\/noticias\/#website","url":"https:\/\/www.eldigitaldeasturias.com\/noticias\/","name":"El Digital de Asturias - Diario de actualidad y noticias","alternateName":"El Digital de Asturias - Diario de actualidad y noticias","description":"Hemeroteca","inLanguage":"es-ES","publisher":{"@id":"https:\/\/www.eldigitaldeasturias.com\/noticias\/#organization"}}]},"og:locale":"es_ES","og:site_name":"El Digital de Asturias","og:type":"article","og:title":"El Principado de Asturias firma un convenio con Decathlon Espa\u00f1a - El Digital de Asturias","og:description":"El director general de Deporte, Jos\u00e9 Ram\u00f3n Tuero, ha firmado hoy el convenio con Decathlon Espa\u00f1a SAU que tiene como finalidad facilitar la formaci\u00f3n y la inserci\u00f3n laboral de los deportistas declarados de alto rendimiento por el Principado. Este acuerdo, suscrito con el director Regional.de la empresa en Asturias, \u00c1ngel Pasamontes, estar\u00e1 en vigor durante","og:url":"https:\/\/www.eldigitaldeasturias.com\/noticias\/el-principado-de-asturias-firma-un-convenio-con-decathlon-espana\/","og:image":"https:\/\/www.eldigitaldeasturias.com\/noticias\/wp-content\/uploads\/2017\/03\/Convenio-Deportes2017.jpg","og:image:secure_url":"https:\/\/www.eldigitaldeasturias.com\/noticias\/wp-content\/uploads\/2017\/03\/Convenio-Deportes2017.jpg","og:image:width":1280,"og:image:height":1228,"article:tag":["destacadas"],"article:published_time":"2017-03-30T20:20:26+00:00","article:modified_time":"2017-03-31T09:28:57+00:00","article:publisher":"https:\/\/facebook.com\/eldigitaldeasturias","twitter:card":"summary_large_image","twitter:title":"El Principado de Asturias firma un convenio con Decathlon Espa\u00f1a - El Digital de Asturias","twitter:description":"El director general de Deporte, Jos\u00e9 Ram\u00f3n Tuero, ha firmado hoy el convenio con Decathlon Espa\u00f1a SAU que tiene como finalidad facilitar la formaci\u00f3n y la inserci\u00f3n laboral de los deportistas declarados de alto rendimiento por el Principado. Este acuerdo, suscrito con el director Regional.de la empresa en Asturias, \u00c1ngel Pasamontes, estar\u00e1 en vigor durante","twitter:image":"https:\/\/www.eldigitaldeasturias.com\/noticias\/wp-content\/uploads\/2017\/03\/Convenio-Deportes2017.jpg","twitter:label1":"Escrito por","twitter:data1":"El Digital de Asturias","twitter:label2":"Tiempo de lectura estimado","twitter:data2":"1 minuto"},"aioseo_meta_data":{"post_id":"932209","title":null,"description":null,"keywords":null,"keyphrases":null,"primary_term":null,"canonical_url":null,"og_title":null,"og_description":null,"og_object_type":"default","og_image_type":"default","og_image_url":null,"og_image_width":null,"og_image_height":null,"og_image_custom_url":null,"og_image_custom_fields":null,"og_video":null,"og_custom_url":null,"og_article_section":null,"og_article_tags":null,"twitter_use_og":false,"twitter_card":"default","twitter_image_type":"default","twitter_image_url":null,"twitter_image_custom_url":null,"twitter_image_custom_fields":null,"twitter_title":null,"twitter_description":null,"schema":{"blockGraphs":[],"customGraphs":[],"default":{"data":{"Article":[],"Course":[],"Dataset":[],"FAQPage":[],"Movie":[],"Person":[],"Product":[],"ProductReview":[],"Car":[],"Recipe":[],"Service":[],"SoftwareApplication":[],"WebPage":[]},"graphName":"","isEnabled":true},"graphs":[],"defaultGraph":"","defaultPostTypeGraph":""},"schema_type":null,"schema_type_options":null,"pillar_content":false,"robots_default":true,"robots_noindex":false,"robots_noarchive":false,"robots_nosnippet":false,"robots_nofollow":false,"robots_noimageindex":false,"robots_noodp":false,"robots_notranslate":false,"robots_max_snippet":null,"robots_max_videopreview":null,"robots_max_imagepreview":"large","priority":null,"frequency":null,"local_seo":null,"seo_analyzer_scan_date":"2025-12-11 15:02:16","breadcrumb_settings":null,"limit_modified_date":false,"open_ai":null,"ai":null,"created":"2020-12-21 13:33:07","updated":"2025-12-11 15:02:16"},"aioseo_breadcrumb":"<div class=\"aioseo-breadcrumbs\"><span class=\"aioseo-breadcrumb\">\n\t<a href=\"https:\/\/www.eldigitaldeasturias.com\/noticias\" title=\"Home\">Home<\/a>\n<\/span><span class=\"aioseo-breadcrumb-separator\">\u2013<\/span><span class=\"aioseo-breadcrumb\">\n\t<a href=\"https:\/\/www.eldigitaldeasturias.com\/noticias\/category\/destacadas\/\" title=\"Destacadas\">Destacadas<\/a>\n<\/span><span class=\"aioseo-breadcrumb-separator\">\u2013<\/span><span class=\"aioseo-breadcrumb\">\n\t<a href=\"https:\/\/www.eldigitaldeasturias.com\/noticias\/el-principado-de-asturias-firma-un-convenio-con-decathlon-espana\/\" title=\"El Principado de Asturias firma un convenio con Decathlon Espa\u00f1a\">El Principado de Asturias firma un convenio con Decathlon Espa\u00f1a<\/a>\n<\/span><\/div>","aioseo_breadcrumb_json":[{"label":"Home","link":"https:\/\/www.eldigitaldeasturias.com\/noticias"},{"label":"Destacadas","link":"https:\/\/www.eldigitaldeasturias.com\/noticias\/category\/destacadas\/"},{"label":"El Principado de Asturias firma un convenio con Decathlon Espa\u00f1a","link":"https:\/\/www.eldigitaldeasturias.com\/noticias\/el-principado-de-asturias-firma-un-convenio-con-decathlon-espana\/"}],"_links":{"self":[{"href":"https:\/\/www.eldigitaldeasturias.com\/noticias\/wp-json\/wp\/v2\/posts\/932209","targetHints":{"allow":["GET"]}}],"collection":[{"href":"https:\/\/www.eldigitaldeasturias.com\/noticias\/wp-json\/wp\/v2\/posts"}],"about":[{"href":"https:\/\/www.eldigitaldeasturias.com\/noticias\/wp-json\/wp\/v2\/types\/post"}],"author":[{"embeddable":true,"href":"https:\/\/www.eldigitaldeasturias.com\/noticias\/wp-json\/wp\/v2\/users\/1"}],"replies":[{"embeddable":true,"href":"https:\/\/www.eldigitaldeasturias.com\/noticias\/wp-json\/wp\/v2\/comments?post=932209"}],"version-history":[{"count":0,"href":"https:\/\/www.eldigitaldeasturias.com\/noticias\/wp-json\/wp\/v2\/posts\/932209\/revisions"}],"wp:featuredmedia":[{"embeddable":true,"href":"https:\/\/www.eldigitaldeasturias.com\/noticias\/wp-json\/wp\/v2\/media\/932210"}],"wp:attachment":[{"href":"https:\/\/www.eldigitaldeasturias.com\/noticias\/wp-json\/wp\/v2\/media?parent=932209"}],"wp:term":[{"taxonomy":"category","embeddable":true,"href":"https:\/\/www.eldigitaldeasturias.com\/noticias\/wp-json\/wp\/v2\/categories?post=932209"},{"taxonomy":"post_tag","embeddable":true,"href":"https:\/\/www.eldigitaldeasturias.com\/noticias\/wp-json\/wp\/v2\/tags?post=932209"}],"curies":[{"name":"wp","href":"https:\/\/api.w.org\/{rel}","templated":true}]}}