{"id":932130,"date":"2017-03-29T23:13:49","date_gmt":"2017-03-29T23:13:49","guid":{"rendered":"http:\/\/www.eldigitaldeasturias.com\/noticias\/?p=932130"},"modified":"2017-03-29T23:14:18","modified_gmt":"2017-03-29T23:14:18","slug":"el-principado-de-asturias-contara-con-cerca-de-9000-profesores-el-proximo-curso","status":"publish","type":"post","link":"https:\/\/www.eldigitaldeasturias.com\/noticias\/el-principado-de-asturias-contara-con-cerca-de-9000-profesores-el-proximo-curso\/","title":{"rendered":"El Principado de Asturias contar\u00e1 con cerca de 9000 profesores el pr\u00f3ximo curso"},"content":{"rendered":"<p><img loading=\"lazy\" decoding=\"async\" class=\"alignleft size-medium wp-image-919284\" src=\"https:\/\/www.eldigitaldeasturias.com\/noticias\/wp-content\/uploads\/2016\/12\/Consejo-Gobierno2-360x240.jpg\" alt=\"\" width=\"360\" height=\"240\" srcset=\"https:\/\/www.eldigitaldeasturias.com\/noticias\/wp-content\/uploads\/2016\/12\/Consejo-Gobierno2-360x240.jpg 360w, https:\/\/www.eldigitaldeasturias.com\/noticias\/wp-content\/uploads\/2016\/12\/Consejo-Gobierno2-768x512.jpg 768w, https:\/\/www.eldigitaldeasturias.com\/noticias\/wp-content\/uploads\/2016\/12\/Consejo-Gobierno2-650x433.jpg 650w, https:\/\/www.eldigitaldeasturias.com\/noticias\/wp-content\/uploads\/2016\/12\/Consejo-Gobierno2.jpg 1280w\" sizes=\"auto, (max-width: 360px) 100vw, 360px\" \/>El Gobierno de Asturias ha aprobado\u00a0la plantilla b\u00e1sica de los centros p\u00fablicos docentes no universitarios para el curso 2017-2018, con un total de 8.979 profesores, lo que implica un incremento de 55 plazas respecto a la del a\u00f1o pasado y de 258 en comparaci\u00f3n con 2015. En los dos \u00faltimos cursos, se ha producido el mayor aumento en lo que va de d\u00e9cada, con 313 puestos m\u00e1s.<\/p>\n<p>La plantilla ha sido autorizada tras un proceso de negociaci\u00f3n con las organizaciones sindicales representadas en la Mesa de Personal Docente, con las que se han celebrado varios encuentros.<\/p>\n<p>Al margen de esta dotaci\u00f3n b\u00e1sica, los centros p\u00fablicos contar\u00e1n el pr\u00f3ximo curso con todo el personal necesario para atender las demandas del sistema educativo, ya que a estos puestos docentes estructurales se sumar\u00e1n los del personal funcionario de carrera e interino oportunos, una vez conocidos los datos reales de matr\u00edcula, los programas educativos, las horas lectivas de los equipos directivos y las medidas de atenci\u00f3n a la diversidad.<\/p>\n<p>La Consejer\u00eda de Educaci\u00f3n y Cultura ha realizado un trabajo previo de planificaci\u00f3n con las direcciones de los centros con el prop\u00f3sito de determinar las necesidades reales de personal. Adem\u00e1s, para elaborar la propuesta de plantilla, se han tenido en cuenta tambi\u00e9n las estimaciones actuales de alumnado para el curso 2017-2018 y los acuerdos sindicales.<\/p>\n<p>&nbsp;<\/p>\n","protected":false},"excerpt":{"rendered":"<p>El Gobierno de Asturias ha aprobado\u00a0la plantilla b\u00e1sica de los centros p\u00fablicos docentes no universitarios para el curso 2017-2018, con un total de 8.979 profesores, lo que implica un incremento de 55 plazas respecto a la del a\u00f1o pasado y de 258 en comparaci\u00f3n con 2015. En los dos \u00faltimos cursos, se ha producido el [&hellip;]<\/p>\n","protected":false},"author":1,"featured_media":919279,"comment_status":"closed","ping_status":"closed","sticky":false,"template":"","format":"standard","meta":{"footnotes":""},"categories":[141],"tags":[],"class_list":["post-932130","post","type-post","status-publish","format-standard","has-post-thumbnail","hentry","category-destacadas"],"aioseo_notices":[],"aioseo_head":"\n\t\t<!-- All in One SEO Pro 4.9.6.2 - aioseo.com -->\n\t<meta name=\"description\" content=\"El Gobierno de Asturias ha aprobado la plantilla b\u00e1sica de los centros p\u00fablicos docentes no universitarios para el curso 2017-2018, con un total de 8.979 profesores, lo que implica un incremento de 55 plazas respecto a la del a\u00f1o pasado y de 258 en comparaci\u00f3n con 2015. En los dos \u00faltimos cursos, se ha producido el\" \/>\n\t<meta name=\"robots\" content=\"max-image-preview:large\" \/>\n\t<meta name=\"author\" content=\"El Digital de Asturias\"\/>\n\t<meta name=\"google-site-verification\" content=\"UA-38556648-1\" \/>\n\t<meta name=\"msvalidate.01\" content=\"7dfe9f3f1b24437ab69f4f2559babe99\" \/>\n\t<meta name=\"keywords\" content=\"destacadas\" \/>\n\t<link rel=\"canonical\" href=\"https:\/\/www.eldigitaldeasturias.com\/noticias\/el-principado-de-asturias-contara-con-cerca-de-9000-profesores-el-proximo-curso\/\" \/>\n\t<meta name=\"generator\" content=\"All in One SEO Pro (AIOSEO) 4.9.6.2\" \/>\n\t\t<meta property=\"og:locale\" content=\"es_ES\" \/>\n\t\t<meta property=\"og:site_name\" content=\"El Digital de Asturias\" \/>\n\t\t<meta property=\"og:type\" content=\"article\" \/>\n\t\t<meta property=\"og:title\" content=\"El Principado de Asturias contar\u00e1 con cerca de 9000 profesores el pr\u00f3ximo curso - El Digital de Asturias\" \/>\n\t\t<meta property=\"og:description\" content=\"El Gobierno de Asturias ha aprobado la plantilla b\u00e1sica de los centros p\u00fablicos docentes no universitarios para el curso 2017-2018, con un total de 8.979 profesores, lo que implica un incremento de 55 plazas respecto a la del a\u00f1o pasado y de 258 en comparaci\u00f3n con 2015. En los dos \u00faltimos cursos, se ha producido el\" \/>\n\t\t<meta property=\"og:url\" content=\"https:\/\/www.eldigitaldeasturias.com\/noticias\/el-principado-de-asturias-contara-con-cerca-de-9000-profesores-el-proximo-curso\/\" \/>\n\t\t<meta property=\"og:image\" content=\"https:\/\/www.eldigitaldeasturias.com\/noticias\/wp-content\/uploads\/2016\/12\/Consejo-Gobierno1.jpg\" \/>\n\t\t<meta property=\"og:image:secure_url\" content=\"https:\/\/www.eldigitaldeasturias.com\/noticias\/wp-content\/uploads\/2016\/12\/Consejo-Gobierno1.jpg\" \/>\n\t\t<meta property=\"og:image:width\" content=\"1280\" \/>\n\t\t<meta property=\"og:image:height\" content=\"853\" \/>\n\t\t<meta property=\"article:tag\" content=\"destacadas\" \/>\n\t\t<meta property=\"article:published_time\" content=\"2017-03-29T23:13:49+00:00\" \/>\n\t\t<meta property=\"article:modified_time\" content=\"2017-03-29T23:14:18+00:00\" \/>\n\t\t<meta property=\"article:publisher\" content=\"https:\/\/facebook.com\/eldigitaldeasturias\" \/>\n\t\t<meta name=\"twitter:card\" content=\"summary_large_image\" \/>\n\t\t<meta name=\"twitter:title\" content=\"El Principado de Asturias contar\u00e1 con cerca de 9000 profesores el pr\u00f3ximo curso - El Digital de Asturias\" \/>\n\t\t<meta name=\"twitter:description\" content=\"El Gobierno de Asturias ha aprobado la plantilla b\u00e1sica de los centros p\u00fablicos docentes no universitarios para el curso 2017-2018, con un total de 8.979 profesores, lo que implica un incremento de 55 plazas respecto a la del a\u00f1o pasado y de 258 en comparaci\u00f3n con 2015. En los dos \u00faltimos cursos, se ha producido el\" \/>\n\t\t<meta name=\"twitter:image\" content=\"https:\/\/www.eldigitaldeasturias.com\/noticias\/wp-content\/uploads\/2016\/12\/Consejo-Gobierno1.jpg\" \/>\n\t\t<meta name=\"twitter:label1\" content=\"Escrito por\" \/>\n\t\t<meta name=\"twitter:data1\" content=\"El Digital de Asturias\" \/>\n\t\t<meta name=\"twitter:label2\" content=\"Tiempo de lectura estimado\" \/>\n\t\t<meta name=\"twitter:data2\" content=\"1 minuto\" \/>\n\t\t<script type=\"application\/ld+json\" class=\"aioseo-schema\">\n\t\t\t{\"@context\":\"https:\\\/\\\/schema.org\",\"@graph\":[{\"@type\":\"BlogPosting\",\"@id\":\"https:\\\/\\\/www.eldigitaldeasturias.com\\\/noticias\\\/el-principado-de-asturias-contara-con-cerca-de-9000-profesores-el-proximo-curso\\\/#blogposting\",\"name\":\"El Principado de Asturias contar\\u00e1 con cerca de 9000 profesores el pr\\u00f3ximo curso - El Digital de Asturias\",\"headline\":\"El Principado de Asturias contar\\u00e1 con cerca de 9000 profesores el pr\\u00f3ximo curso\",\"author\":{\"@id\":\"https:\\\/\\\/www.eldigitaldeasturias.com\\\/noticias\\\/author\\\/admin\\\/#author\"},\"publisher\":{\"@id\":\"https:\\\/\\\/www.eldigitaldeasturias.com\\\/noticias\\\/#organization\"},\"image\":{\"@type\":\"ImageObject\",\"url\":\"https:\\\/\\\/www.eldigitaldeasturias.com\\\/noticias\\\/wp-content\\\/uploads\\\/2016\\\/12\\\/Consejo-Gobierno1.jpg\",\"width\":1280,\"height\":853},\"datePublished\":\"2017-03-29T23:13:49+02:00\",\"dateModified\":\"2017-03-29T23:14:18+02:00\",\"inLanguage\":\"es-ES\",\"mainEntityOfPage\":{\"@id\":\"https:\\\/\\\/www.eldigitaldeasturias.com\\\/noticias\\\/el-principado-de-asturias-contara-con-cerca-de-9000-profesores-el-proximo-curso\\\/#webpage\"},\"isPartOf\":{\"@id\":\"https:\\\/\\\/www.eldigitaldeasturias.com\\\/noticias\\\/el-principado-de-asturias-contara-con-cerca-de-9000-profesores-el-proximo-curso\\\/#webpage\"},\"articleSection\":\"Destacadas\"},{\"@type\":\"BreadcrumbList\",\"@id\":\"https:\\\/\\\/www.eldigitaldeasturias.com\\\/noticias\\\/el-principado-de-asturias-contara-con-cerca-de-9000-profesores-el-proximo-curso\\\/#breadcrumblist\",\"itemListElement\":[{\"@type\":\"ListItem\",\"@id\":\"https:\\\/\\\/www.eldigitaldeasturias.com\\\/noticias#listItem\",\"position\":1,\"name\":\"Home\",\"item\":\"https:\\\/\\\/www.eldigitaldeasturias.com\\\/noticias\",\"nextItem\":{\"@type\":\"ListItem\",\"@id\":\"https:\\\/\\\/www.eldigitaldeasturias.com\\\/noticias\\\/category\\\/destacadas\\\/#listItem\",\"name\":\"Destacadas\"}},{\"@type\":\"ListItem\",\"@id\":\"https:\\\/\\\/www.eldigitaldeasturias.com\\\/noticias\\\/category\\\/destacadas\\\/#listItem\",\"position\":2,\"name\":\"Destacadas\",\"item\":\"https:\\\/\\\/www.eldigitaldeasturias.com\\\/noticias\\\/category\\\/destacadas\\\/\",\"nextItem\":{\"@type\":\"ListItem\",\"@id\":\"https:\\\/\\\/www.eldigitaldeasturias.com\\\/noticias\\\/el-principado-de-asturias-contara-con-cerca-de-9000-profesores-el-proximo-curso\\\/#listItem\",\"name\":\"El Principado de Asturias contar\\u00e1 con cerca de 9000 profesores el pr\\u00f3ximo curso\"},\"previousItem\":{\"@type\":\"ListItem\",\"@id\":\"https:\\\/\\\/www.eldigitaldeasturias.com\\\/noticias#listItem\",\"name\":\"Home\"}},{\"@type\":\"ListItem\",\"@id\":\"https:\\\/\\\/www.eldigitaldeasturias.com\\\/noticias\\\/el-principado-de-asturias-contara-con-cerca-de-9000-profesores-el-proximo-curso\\\/#listItem\",\"position\":3,\"name\":\"El Principado de Asturias contar\\u00e1 con cerca de 9000 profesores el pr\\u00f3ximo curso\",\"previousItem\":{\"@type\":\"ListItem\",\"@id\":\"https:\\\/\\\/www.eldigitaldeasturias.com\\\/noticias\\\/category\\\/destacadas\\\/#listItem\",\"name\":\"Destacadas\"}}]},{\"@type\":\"Organization\",\"@id\":\"https:\\\/\\\/www.eldigitaldeasturias.com\\\/noticias\\\/#organization\",\"name\":\"El Digital de Asturias\",\"description\":\"Hemeroteca\",\"url\":\"https:\\\/\\\/www.eldigitaldeasturias.com\\\/noticias\\\/\",\"email\":\"info@eldigitaldeasturias.com\",\"telephone\":\"+34652131393\",\"logo\":{\"@type\":\"ImageObject\",\"url\":\"https:\\\/\\\/www.eldigitaldeasturias.com\\\/noticias\\\/wp-content\\\/uploads\\\/2020\\\/12\\\/EDA.jpg\",\"@id\":\"https:\\\/\\\/www.eldigitaldeasturias.com\\\/noticias\\\/el-principado-de-asturias-contara-con-cerca-de-9000-profesores-el-proximo-curso\\\/#organizationLogo\",\"width\":649,\"height\":297},\"image\":{\"@id\":\"https:\\\/\\\/www.eldigitaldeasturias.com\\\/noticias\\\/el-principado-de-asturias-contara-con-cerca-de-9000-profesores-el-proximo-curso\\\/#organizationLogo\"},\"sameAs\":[\"https:\\\/\\\/facebook.com\\\/eldigitaldeasturias\",\"https:\\\/\\\/www.youtube.com\\\/channel\\\/UCZP-2wLEB9Rv6erhFmqVnvg\"],\"address\":{\"@id\":\"https:\\\/\\\/www.eldigitaldeasturias.com\\\/noticias\\\/#postaladdress\",\"@type\":\"PostalAddress\",\"streetAddress\":\"san antonio 4,\",\"postalCode\":\"33430\",\"addressLocality\":\"Cand\\u00e1s\",\"addressRegion\":\"Asturias\",\"addressCountry\":\"ES\"}},{\"@type\":\"Person\",\"@id\":\"https:\\\/\\\/www.eldigitaldeasturias.com\\\/noticias\\\/author\\\/admin\\\/#author\",\"url\":\"https:\\\/\\\/www.eldigitaldeasturias.com\\\/noticias\\\/author\\\/admin\\\/\",\"name\":\"El Digital de Asturias\",\"image\":{\"@type\":\"ImageObject\",\"@id\":\"https:\\\/\\\/www.eldigitaldeasturias.com\\\/noticias\\\/el-principado-de-asturias-contara-con-cerca-de-9000-profesores-el-proximo-curso\\\/#authorImage\",\"url\":\"https:\\\/\\\/www.eldigitaldeasturias.com\\\/noticias\\\/wp-content\\\/litespeed\\\/avatar\\\/18677e78aa0546b92d9dbf31ec7d7668.jpg?ver=1777290358\",\"width\":96,\"height\":96,\"caption\":\"El Digital de Asturias\"}},{\"@type\":\"WebPage\",\"@id\":\"https:\\\/\\\/www.eldigitaldeasturias.com\\\/noticias\\\/el-principado-de-asturias-contara-con-cerca-de-9000-profesores-el-proximo-curso\\\/#webpage\",\"url\":\"https:\\\/\\\/www.eldigitaldeasturias.com\\\/noticias\\\/el-principado-de-asturias-contara-con-cerca-de-9000-profesores-el-proximo-curso\\\/\",\"name\":\"El Principado de Asturias contar\\u00e1 con cerca de 9000 profesores el pr\\u00f3ximo curso - El Digital de Asturias\",\"description\":\"El Gobierno de Asturias ha aprobado la plantilla b\\u00e1sica de los centros p\\u00fablicos docentes no universitarios para el curso 2017-2018, con un total de 8.979 profesores, lo que implica un incremento de 55 plazas respecto a la del a\\u00f1o pasado y de 258 en comparaci\\u00f3n con 2015. En los dos \\u00faltimos cursos, se ha producido el\",\"inLanguage\":\"es-ES\",\"isPartOf\":{\"@id\":\"https:\\\/\\\/www.eldigitaldeasturias.com\\\/noticias\\\/#website\"},\"breadcrumb\":{\"@id\":\"https:\\\/\\\/www.eldigitaldeasturias.com\\\/noticias\\\/el-principado-de-asturias-contara-con-cerca-de-9000-profesores-el-proximo-curso\\\/#breadcrumblist\"},\"author\":{\"@id\":\"https:\\\/\\\/www.eldigitaldeasturias.com\\\/noticias\\\/author\\\/admin\\\/#author\"},\"creator\":{\"@id\":\"https:\\\/\\\/www.eldigitaldeasturias.com\\\/noticias\\\/author\\\/admin\\\/#author\"},\"image\":{\"@type\":\"ImageObject\",\"url\":\"https:\\\/\\\/www.eldigitaldeasturias.com\\\/noticias\\\/wp-content\\\/uploads\\\/2016\\\/12\\\/Consejo-Gobierno1.jpg\",\"@id\":\"https:\\\/\\\/www.eldigitaldeasturias.com\\\/noticias\\\/el-principado-de-asturias-contara-con-cerca-de-9000-profesores-el-proximo-curso\\\/#mainImage\",\"width\":1280,\"height\":853},\"primaryImageOfPage\":{\"@id\":\"https:\\\/\\\/www.eldigitaldeasturias.com\\\/noticias\\\/el-principado-de-asturias-contara-con-cerca-de-9000-profesores-el-proximo-curso\\\/#mainImage\"},\"datePublished\":\"2017-03-29T23:13:49+02:00\",\"dateModified\":\"2017-03-29T23:14:18+02:00\"},{\"@type\":\"WebSite\",\"@id\":\"https:\\\/\\\/www.eldigitaldeasturias.com\\\/noticias\\\/#website\",\"url\":\"https:\\\/\\\/www.eldigitaldeasturias.com\\\/noticias\\\/\",\"name\":\"El Digital de Asturias - Diario de actualidad y noticias\",\"alternateName\":\"El Digital de Asturias - Diario de actualidad y noticias\",\"description\":\"Hemeroteca\",\"inLanguage\":\"es-ES\",\"publisher\":{\"@id\":\"https:\\\/\\\/www.eldigitaldeasturias.com\\\/noticias\\\/#organization\"}}]}\n\t\t<\/script>\n\t\t<!-- All in One SEO Pro -->\r\n\t\t<title>El Principado de Asturias contar\u00e1 con cerca de 9000 profesores el pr\u00f3ximo curso - El Digital de Asturias<\/title>\n\n","aioseo_head_json":{"title":"El Principado de Asturias contar\u00e1 con cerca de 9000 profesores el pr\u00f3ximo curso - El Digital de Asturias","description":"El Gobierno de Asturias ha aprobado la plantilla b\u00e1sica de los centros p\u00fablicos docentes no universitarios para el curso 2017-2018, con un total de 8.979 profesores, lo que implica un incremento de 55 plazas respecto a la del a\u00f1o pasado y de 258 en comparaci\u00f3n con 2015. En los dos \u00faltimos cursos, se ha producido el","canonical_url":"https:\/\/www.eldigitaldeasturias.com\/noticias\/el-principado-de-asturias-contara-con-cerca-de-9000-profesores-el-proximo-curso\/","robots":"max-image-preview:large","keywords":"destacadas","webmasterTools":{"google-site-verification":"UA-38556648-1","msvalidate.01":"7dfe9f3f1b24437ab69f4f2559babe99","miscellaneous":""},"schema":{"@context":"https:\/\/schema.org","@graph":[{"@type":"BlogPosting","@id":"https:\/\/www.eldigitaldeasturias.com\/noticias\/el-principado-de-asturias-contara-con-cerca-de-9000-profesores-el-proximo-curso\/#blogposting","name":"El Principado de Asturias contar\u00e1 con cerca de 9000 profesores el pr\u00f3ximo curso - El Digital de Asturias","headline":"El Principado de Asturias contar\u00e1 con cerca de 9000 profesores el pr\u00f3ximo curso","author":{"@id":"https:\/\/www.eldigitaldeasturias.com\/noticias\/author\/admin\/#author"},"publisher":{"@id":"https:\/\/www.eldigitaldeasturias.com\/noticias\/#organization"},"image":{"@type":"ImageObject","url":"https:\/\/www.eldigitaldeasturias.com\/noticias\/wp-content\/uploads\/2016\/12\/Consejo-Gobierno1.jpg","width":1280,"height":853},"datePublished":"2017-03-29T23:13:49+02:00","dateModified":"2017-03-29T23:14:18+02:00","inLanguage":"es-ES","mainEntityOfPage":{"@id":"https:\/\/www.eldigitaldeasturias.com\/noticias\/el-principado-de-asturias-contara-con-cerca-de-9000-profesores-el-proximo-curso\/#webpage"},"isPartOf":{"@id":"https:\/\/www.eldigitaldeasturias.com\/noticias\/el-principado-de-asturias-contara-con-cerca-de-9000-profesores-el-proximo-curso\/#webpage"},"articleSection":"Destacadas"},{"@type":"BreadcrumbList","@id":"https:\/\/www.eldigitaldeasturias.com\/noticias\/el-principado-de-asturias-contara-con-cerca-de-9000-profesores-el-proximo-curso\/#breadcrumblist","itemListElement":[{"@type":"ListItem","@id":"https:\/\/www.eldigitaldeasturias.com\/noticias#listItem","position":1,"name":"Home","item":"https:\/\/www.eldigitaldeasturias.com\/noticias","nextItem":{"@type":"ListItem","@id":"https:\/\/www.eldigitaldeasturias.com\/noticias\/category\/destacadas\/#listItem","name":"Destacadas"}},{"@type":"ListItem","@id":"https:\/\/www.eldigitaldeasturias.com\/noticias\/category\/destacadas\/#listItem","position":2,"name":"Destacadas","item":"https:\/\/www.eldigitaldeasturias.com\/noticias\/category\/destacadas\/","nextItem":{"@type":"ListItem","@id":"https:\/\/www.eldigitaldeasturias.com\/noticias\/el-principado-de-asturias-contara-con-cerca-de-9000-profesores-el-proximo-curso\/#listItem","name":"El Principado de Asturias contar\u00e1 con cerca de 9000 profesores el pr\u00f3ximo curso"},"previousItem":{"@type":"ListItem","@id":"https:\/\/www.eldigitaldeasturias.com\/noticias#listItem","name":"Home"}},{"@type":"ListItem","@id":"https:\/\/www.eldigitaldeasturias.com\/noticias\/el-principado-de-asturias-contara-con-cerca-de-9000-profesores-el-proximo-curso\/#listItem","position":3,"name":"El Principado de Asturias contar\u00e1 con cerca de 9000 profesores el pr\u00f3ximo curso","previousItem":{"@type":"ListItem","@id":"https:\/\/www.eldigitaldeasturias.com\/noticias\/category\/destacadas\/#listItem","name":"Destacadas"}}]},{"@type":"Organization","@id":"https:\/\/www.eldigitaldeasturias.com\/noticias\/#organization","name":"El Digital de Asturias","description":"Hemeroteca","url":"https:\/\/www.eldigitaldeasturias.com\/noticias\/","email":"info@eldigitaldeasturias.com","telephone":"+34652131393","logo":{"@type":"ImageObject","url":"https:\/\/www.eldigitaldeasturias.com\/noticias\/wp-content\/uploads\/2020\/12\/EDA.jpg","@id":"https:\/\/www.eldigitaldeasturias.com\/noticias\/el-principado-de-asturias-contara-con-cerca-de-9000-profesores-el-proximo-curso\/#organizationLogo","width":649,"height":297},"image":{"@id":"https:\/\/www.eldigitaldeasturias.com\/noticias\/el-principado-de-asturias-contara-con-cerca-de-9000-profesores-el-proximo-curso\/#organizationLogo"},"sameAs":["https:\/\/facebook.com\/eldigitaldeasturias","https:\/\/www.youtube.com\/channel\/UCZP-2wLEB9Rv6erhFmqVnvg"],"address":{"@id":"https:\/\/www.eldigitaldeasturias.com\/noticias\/#postaladdress","@type":"PostalAddress","streetAddress":"san antonio 4,","postalCode":"33430","addressLocality":"Cand\u00e1s","addressRegion":"Asturias","addressCountry":"ES"}},{"@type":"Person","@id":"https:\/\/www.eldigitaldeasturias.com\/noticias\/author\/admin\/#author","url":"https:\/\/www.eldigitaldeasturias.com\/noticias\/author\/admin\/","name":"El Digital de Asturias","image":{"@type":"ImageObject","@id":"https:\/\/www.eldigitaldeasturias.com\/noticias\/el-principado-de-asturias-contara-con-cerca-de-9000-profesores-el-proximo-curso\/#authorImage","url":"https:\/\/www.eldigitaldeasturias.com\/noticias\/wp-content\/litespeed\/avatar\/18677e78aa0546b92d9dbf31ec7d7668.jpg?ver=1777290358","width":96,"height":96,"caption":"El Digital de Asturias"}},{"@type":"WebPage","@id":"https:\/\/www.eldigitaldeasturias.com\/noticias\/el-principado-de-asturias-contara-con-cerca-de-9000-profesores-el-proximo-curso\/#webpage","url":"https:\/\/www.eldigitaldeasturias.com\/noticias\/el-principado-de-asturias-contara-con-cerca-de-9000-profesores-el-proximo-curso\/","name":"El Principado de Asturias contar\u00e1 con cerca de 9000 profesores el pr\u00f3ximo curso - El Digital de Asturias","description":"El Gobierno de Asturias ha aprobado la plantilla b\u00e1sica de los centros p\u00fablicos docentes no universitarios para el curso 2017-2018, con un total de 8.979 profesores, lo que implica un incremento de 55 plazas respecto a la del a\u00f1o pasado y de 258 en comparaci\u00f3n con 2015. En los dos \u00faltimos cursos, se ha producido el","inLanguage":"es-ES","isPartOf":{"@id":"https:\/\/www.eldigitaldeasturias.com\/noticias\/#website"},"breadcrumb":{"@id":"https:\/\/www.eldigitaldeasturias.com\/noticias\/el-principado-de-asturias-contara-con-cerca-de-9000-profesores-el-proximo-curso\/#breadcrumblist"},"author":{"@id":"https:\/\/www.eldigitaldeasturias.com\/noticias\/author\/admin\/#author"},"creator":{"@id":"https:\/\/www.eldigitaldeasturias.com\/noticias\/author\/admin\/#author"},"image":{"@type":"ImageObject","url":"https:\/\/www.eldigitaldeasturias.com\/noticias\/wp-content\/uploads\/2016\/12\/Consejo-Gobierno1.jpg","@id":"https:\/\/www.eldigitaldeasturias.com\/noticias\/el-principado-de-asturias-contara-con-cerca-de-9000-profesores-el-proximo-curso\/#mainImage","width":1280,"height":853},"primaryImageOfPage":{"@id":"https:\/\/www.eldigitaldeasturias.com\/noticias\/el-principado-de-asturias-contara-con-cerca-de-9000-profesores-el-proximo-curso\/#mainImage"},"datePublished":"2017-03-29T23:13:49+02:00","dateModified":"2017-03-29T23:14:18+02:00"},{"@type":"WebSite","@id":"https:\/\/www.eldigitaldeasturias.com\/noticias\/#website","url":"https:\/\/www.eldigitaldeasturias.com\/noticias\/","name":"El Digital de Asturias - Diario de actualidad y noticias","alternateName":"El Digital de Asturias - Diario de actualidad y noticias","description":"Hemeroteca","inLanguage":"es-ES","publisher":{"@id":"https:\/\/www.eldigitaldeasturias.com\/noticias\/#organization"}}]},"og:locale":"es_ES","og:site_name":"El Digital de Asturias","og:type":"article","og:title":"El Principado de Asturias contar\u00e1 con cerca de 9000 profesores el pr\u00f3ximo curso - El Digital de Asturias","og:description":"El Gobierno de Asturias ha aprobado la plantilla b\u00e1sica de los centros p\u00fablicos docentes no universitarios para el curso 2017-2018, con un total de 8.979 profesores, lo que implica un incremento de 55 plazas respecto a la del a\u00f1o pasado y de 258 en comparaci\u00f3n con 2015. En los dos \u00faltimos cursos, se ha producido el","og:url":"https:\/\/www.eldigitaldeasturias.com\/noticias\/el-principado-de-asturias-contara-con-cerca-de-9000-profesores-el-proximo-curso\/","og:image":"https:\/\/www.eldigitaldeasturias.com\/noticias\/wp-content\/uploads\/2016\/12\/Consejo-Gobierno1.jpg","og:image:secure_url":"https:\/\/www.eldigitaldeasturias.com\/noticias\/wp-content\/uploads\/2016\/12\/Consejo-Gobierno1.jpg","og:image:width":1280,"og:image:height":853,"article:tag":["destacadas"],"article:published_time":"2017-03-29T23:13:49+00:00","article:modified_time":"2017-03-29T23:14:18+00:00","article:publisher":"https:\/\/facebook.com\/eldigitaldeasturias","twitter:card":"summary_large_image","twitter:title":"El Principado de Asturias contar\u00e1 con cerca de 9000 profesores el pr\u00f3ximo curso - El Digital de Asturias","twitter:description":"El Gobierno de Asturias ha aprobado la plantilla b\u00e1sica de los centros p\u00fablicos docentes no universitarios para el curso 2017-2018, con un total de 8.979 profesores, lo que implica un incremento de 55 plazas respecto a la del a\u00f1o pasado y de 258 en comparaci\u00f3n con 2015. En los dos \u00faltimos cursos, se ha producido el","twitter:image":"https:\/\/www.eldigitaldeasturias.com\/noticias\/wp-content\/uploads\/2016\/12\/Consejo-Gobierno1.jpg","twitter:label1":"Escrito por","twitter:data1":"El Digital de Asturias","twitter:label2":"Tiempo de lectura estimado","twitter:data2":"1 minuto"},"aioseo_meta_data":{"post_id":"932130","title":null,"description":null,"keywords":null,"keyphrases":null,"primary_term":null,"canonical_url":null,"og_title":null,"og_description":null,"og_object_type":"default","og_image_type":"default","og_image_url":null,"og_image_width":null,"og_image_height":null,"og_image_custom_url":null,"og_image_custom_fields":null,"og_video":null,"og_custom_url":null,"og_article_section":null,"og_article_tags":null,"twitter_use_og":false,"twitter_card":"default","twitter_image_type":"default","twitter_image_url":null,"twitter_image_custom_url":null,"twitter_image_custom_fields":null,"twitter_title":null,"twitter_description":null,"schema":{"blockGraphs":[],"customGraphs":[],"default":{"data":{"Article":[],"Course":[],"Dataset":[],"FAQPage":[],"Movie":[],"Person":[],"Product":[],"ProductReview":[],"Car":[],"Recipe":[],"Service":[],"SoftwareApplication":[],"WebPage":[]},"graphName":"","isEnabled":true},"graphs":[],"defaultGraph":"","defaultPostTypeGraph":""},"schema_type":null,"schema_type_options":null,"pillar_content":false,"robots_default":true,"robots_noindex":false,"robots_noarchive":false,"robots_nosnippet":false,"robots_nofollow":false,"robots_noimageindex":false,"robots_noodp":false,"robots_notranslate":false,"robots_max_snippet":null,"robots_max_videopreview":null,"robots_max_imagepreview":"large","priority":null,"frequency":null,"local_seo":null,"seo_analyzer_scan_date":"2025-12-11 14:46:07","breadcrumb_settings":null,"limit_modified_date":false,"open_ai":null,"ai":null,"created":"2020-12-21 13:33:07","updated":"2025-12-11 14:46:07"},"aioseo_breadcrumb":"<div class=\"aioseo-breadcrumbs\"><span class=\"aioseo-breadcrumb\">\n\t<a href=\"https:\/\/www.eldigitaldeasturias.com\/noticias\" title=\"Home\">Home<\/a>\n<\/span><span class=\"aioseo-breadcrumb-separator\">\u2013<\/span><span class=\"aioseo-breadcrumb\">\n\t<a href=\"https:\/\/www.eldigitaldeasturias.com\/noticias\/category\/destacadas\/\" title=\"Destacadas\">Destacadas<\/a>\n<\/span><span class=\"aioseo-breadcrumb-separator\">\u2013<\/span><span class=\"aioseo-breadcrumb\">\n\t<a href=\"https:\/\/www.eldigitaldeasturias.com\/noticias\/el-principado-de-asturias-contara-con-cerca-de-9000-profesores-el-proximo-curso\/\" title=\"El Principado de Asturias contar\u00e1 con cerca de 9000 profesores el pr\u00f3ximo curso\">El Principado de Asturias contar\u00e1 con cerca de 9000 profesores el pr\u00f3ximo curso<\/a>\n<\/span><\/div>","aioseo_breadcrumb_json":[{"label":"Home","link":"https:\/\/www.eldigitaldeasturias.com\/noticias"},{"label":"Destacadas","link":"https:\/\/www.eldigitaldeasturias.com\/noticias\/category\/destacadas\/"},{"label":"El Principado de Asturias contar\u00e1 con cerca de 9000 profesores el pr\u00f3ximo curso","link":"https:\/\/www.eldigitaldeasturias.com\/noticias\/el-principado-de-asturias-contara-con-cerca-de-9000-profesores-el-proximo-curso\/"}],"_links":{"self":[{"href":"https:\/\/www.eldigitaldeasturias.com\/noticias\/wp-json\/wp\/v2\/posts\/932130","targetHints":{"allow":["GET"]}}],"collection":[{"href":"https:\/\/www.eldigitaldeasturias.com\/noticias\/wp-json\/wp\/v2\/posts"}],"about":[{"href":"https:\/\/www.eldigitaldeasturias.com\/noticias\/wp-json\/wp\/v2\/types\/post"}],"author":[{"embeddable":true,"href":"https:\/\/www.eldigitaldeasturias.com\/noticias\/wp-json\/wp\/v2\/users\/1"}],"replies":[{"embeddable":true,"href":"https:\/\/www.eldigitaldeasturias.com\/noticias\/wp-json\/wp\/v2\/comments?post=932130"}],"version-history":[{"count":0,"href":"https:\/\/www.eldigitaldeasturias.com\/noticias\/wp-json\/wp\/v2\/posts\/932130\/revisions"}],"wp:featuredmedia":[{"embeddable":true,"href":"https:\/\/www.eldigitaldeasturias.com\/noticias\/wp-json\/wp\/v2\/media\/919279"}],"wp:attachment":[{"href":"https:\/\/www.eldigitaldeasturias.com\/noticias\/wp-json\/wp\/v2\/media?parent=932130"}],"wp:term":[{"taxonomy":"category","embeddable":true,"href":"https:\/\/www.eldigitaldeasturias.com\/noticias\/wp-json\/wp\/v2\/categories?post=932130"},{"taxonomy":"post_tag","embeddable":true,"href":"https:\/\/www.eldigitaldeasturias.com\/noticias\/wp-json\/wp\/v2\/tags?post=932130"}],"curies":[{"name":"wp","href":"https:\/\/api.w.org\/{rel}","templated":true}]}}