{"id":931326,"date":"2017-03-24T14:09:16","date_gmt":"2017-03-24T14:09:16","guid":{"rendered":"http:\/\/www.eldigitaldeasturias.com\/noticias\/?p=931326"},"modified":"2017-03-24T14:09:16","modified_gmt":"2017-03-24T14:09:16","slug":"el-dr-alonso-fernandez-ha-presentado-en-madrid-genios-y-creativos-como-reconocer-su-talento","status":"publish","type":"post","link":"https:\/\/www.eldigitaldeasturias.com\/noticias\/el-dr-alonso-fernandez-ha-presentado-en-madrid-genios-y-creativos-como-reconocer-su-talento\/","title":{"rendered":"El Dr. Alonso-Fern\u00e1ndez ha presentado en Madrid \u201cGenios y Creativos. C\u00f3mo reconocer su talento\u201d"},"content":{"rendered":"<p><img loading=\"lazy\" decoding=\"async\" class=\"alignleft size-medium wp-image-931327\" src=\"https:\/\/www.eldigitaldeasturias.com\/noticias\/wp-content\/uploads\/2017\/03\/Mesa-Presidencial-360x212.jpg\" alt=\"\" width=\"360\" height=\"212\" srcset=\"https:\/\/www.eldigitaldeasturias.com\/noticias\/wp-content\/uploads\/2017\/03\/Mesa-Presidencial-360x212.jpg 360w, https:\/\/www.eldigitaldeasturias.com\/noticias\/wp-content\/uploads\/2017\/03\/Mesa-Presidencial-768x452.jpg 768w, https:\/\/www.eldigitaldeasturias.com\/noticias\/wp-content\/uploads\/2017\/03\/Mesa-Presidencial-650x383.jpg 650w, https:\/\/www.eldigitaldeasturias.com\/noticias\/wp-content\/uploads\/2017\/03\/Mesa-Presidencial-172x100.jpg 172w, https:\/\/www.eldigitaldeasturias.com\/noticias\/wp-content\/uploads\/2017\/03\/Mesa-Presidencial.jpg 1280w\" sizes=\"auto, (max-width: 360px) 100vw, 360px\" \/>Arropado por Esperanza Aguirre, Mercedes Pescador, Valent\u00edn Mart\u00ednez-Otero y decenas de amigos, el doctor Francisco Alonso-Fern\u00e1ndez dio una lecci\u00f3n sobre el talento, la noche del jueves 23 de marzo en el Centro Asturiano de Madrid: \u201cMientras el genio es la chispa humana que inventa, descubre o crea, el sabio es el maestro del aprendizaje convencional\u201d, destac\u00f3. LoQueNoExiste lanza esta obra para descubrir los entresijos de la personalidad de genios, creativos, superdotados o idiotas, expresados por el sabio autor en este t\u00edtulo Genios y creativos. Esta es la segunda obra del Dr. Alonso-Fern\u00e1ndez que edita el sello LoQueNoExiste, tras Depresi\u00f3n. Todas las respuestas para entenderla y superarla.<\/p>\n<p>Doctor en Psiquiatr\u00eda y Psicolog\u00eda y experto en psicohistoria, el autor explica con maestr\u00eda en este libro las diferencias entre sabios, superdotados y genios, indagando en sus comportamientos y actitudes. Lo hace a trav\u00e9s de un repaso a las diversas personalidades de la literatura, la m\u00fasica o la pintura.<\/p>\n<p>A la presentaci\u00f3n del libro, celebrado en el Centro Asturiano de Madrid, acudieron m\u00e1s de 150 personas. Esperanza Aguirre, portavoz del Grupo Municipal del Partido Popular, destac\u00f3 \u201cGenios y creativos es, antes que nada, la obra de un lector apasionado, de un acreditado degustador de obras de arte y de un admirador de los grandes inventores y descubridores que ha dado la Humanidad. La caracter\u00edstica diferencial de esta obra estriba en la condici\u00f3n profesional de Francisco Alonso-Fern\u00e1ndez. Esta es la clave de la obra, la mirada del especialista, del psiquiatra, del indagador en los entresijos del alma humana.\u201d.<\/p>\n<p>\u201cEsta obra un ensayo de referencia para empresarios, directivos y cualquier persona que desee conocer m\u00e1s las diversas capacidades del ser humano\u201d, se\u00f1al\u00f3 Mercedes Pescador, fundadora de LoQueNoExiste.<\/p>\n<p>\u00bfC\u00f3mo son los genios? Esta es la pregunta a la que responde el Dr. Alonso-Fern\u00e1ndez a lo largo de siete cap\u00edtulos dedicados a explorar con certeras pinceladas las diferentes facetas del genio como su inteligencia, sus circunstancias y su relaci\u00f3n con la familia y el trabajo, entre otros. Ofrece una visi\u00f3n sobre las otras dos estirpes de personas eminentes: los superdotados y los sabios.<\/p>\n<p><strong>La influencia familiar<\/strong><\/p>\n<p>El autor aborda a lo largo de 316 p\u00e1ginas el paradigma de los genios. \u201cLa motivaci\u00f3n, el esfuerzo de entrega, el tes\u00f3n o el nivel intelectual son algunos de los rasgos comunes para la fermentaci\u00f3n de la creatividad genial\u201d, explica el Dr. Alonso-Fern\u00e1ndez, que insiste en que \u201cel genio no nace ni se hace\u201d; es producto de un desarrollo gen\u00e9tico-ambiental multifactorial en el que corresponde al entorno familiar el papel de despertador y estimulador de la eclosi\u00f3n del genio.<\/p>\n<p>Como explica el eminente psiquiatra, los genios se han enfrentado tradicionalmente a la incomprensi\u00f3n del entorno. \u201cLa persona creativa suele suscitar recelos y hostilidad en los dem\u00e1s, debido a su comportamiento individualista e independiente\u201d, recuerda el Dr. Alonso-Fern\u00e1ndez. A estos rasgos se a\u00f1ade tambi\u00e9n la resiliencia y elevada seguridad en s\u00ed mismos que muestran las personas creativas.<\/p>\n<p>\u201cEn la interacci\u00f3n social el superdotado y el genio se encuentran en las ant\u00edpodas: el superdotado, encorsetado en la sociedad como un triunfador nato en las pruebas acad\u00e9micas y en la gesti\u00f3n empresarial; la persona creativa, objeto de incomprensi\u00f3n y recibido por doquier con recelo y desconfianza\u201d, apunta el Dr. Alonso-Fern\u00e1ndez.<\/p>\n<p><strong>C\u00f3mo son los creativos: Trabajadores y responsables<\/strong><\/p>\n<p>El mismo Edison (1847-1931), inventor del tel\u00e9grafo, el fon\u00f3grafo, el microtel\u00e9fono o la l\u00e1mpara el\u00e9ctrica entre otras muchas, afirmaba que el uno por ciento de la creatividad es inspiraci\u00f3n y el 99 por ciento transpiraci\u00f3n o trabajo. \u201cSin una dedicaci\u00f3n al trabajo mantenida con tenacidad, disciplina y sacrificio, la creatividad suele dispersarse sin alcanzar ning\u00fan resultado s\u00f3lido. La personalidad creadora se encuentra, pues, organizada en torno a la independencia, la libertad cr\u00edtica ante s\u00ed mismo y los dem\u00e1s, el sentido del humor y la voluntad de trabajo\u201d, asegura el Dr. Alonso-Fern\u00e1ndez.<\/p>\n<p>En el transcurso de las p\u00e1ginas de Genios y Creativos puede encontrar el lector interesantes retratos de las personalidades de grandes mentes, analizando su genialidad y psicopatolog\u00eda. M\u00fasicos como Bach, Beethoven, H\u00e4ndel, Robert Schumann, Gustav Mahler\u2026, escritores como Goethe, Hemingway, Marcel Proust, Dostoievsky, Baudelaire, Mariano Jos\u00e9 de Larra, Stephan Zweig, Virginia Woolf\u2026, o genios, en may\u00fasculas, como el gran Miguel Angel, aparecen a lo largo de las p\u00e1ginas de este libro.<\/p>\n<p>Genios y Creativos rompe tambi\u00e9n con algunos mitos, como los que asocian creatividad y juventud. \u201cEl creador a menudo se supera a s\u00ed mismo y realiza sus mejores obras en los \u00faltimos a\u00f1os de su vida\u201d, recuerda el autor, que cita los casos de El Greco, Goya, Tiziano y otros. \u201cThomas Mann, cumplidos los setenta a\u00f1os, escribi\u00f3 dos de sus mejores libros: El Doctor Fausto y Confesiones de F\u00e9lix Krull\u201d, cita Francisco Alonso-Fern\u00e1ndez.<\/p>\n<p>Genios y Creativos se encuentra disponible en las principales librer\u00edas en formato digital e impreso, tambi\u00e9n puede adquirirse a trav\u00e9s de <strong><em>loquenoexiste.es<\/em><\/strong><\/p>\n","protected":false},"excerpt":{"rendered":"<p>Arropado por Esperanza Aguirre, Mercedes Pescador, Valent\u00edn Mart\u00ednez-Otero y decenas de amigos, el doctor Francisco Alonso-Fern\u00e1ndez dio una lecci\u00f3n sobre el talento, la noche del jueves 23 de marzo en el Centro Asturiano de Madrid: \u201cMientras el genio es la chispa humana que inventa, descubre o crea, el sabio es el maestro del aprendizaje convencional\u201d, [&hellip;]<\/p>\n","protected":false},"author":1,"featured_media":931327,"comment_status":"closed","ping_status":"closed","sticky":false,"template":"","format":"standard","meta":{"footnotes":""},"categories":[1],"tags":[],"class_list":["post-931326","post","type-post","status-publish","format-standard","has-post-thumbnail","hentry","category-actualidad"],"aioseo_notices":[],"aioseo_head":"\n\t\t<!-- All in One SEO Pro 4.9.6.2 - aioseo.com -->\n\t<meta name=\"description\" content=\"Arropado por Esperanza Aguirre, Mercedes Pescador, Valent\u00edn Mart\u00ednez-Otero y decenas de amigos, el doctor Francisco Alonso-Fern\u00e1ndez dio una lecci\u00f3n sobre el talento, la noche del jueves 23 de marzo en el Centro Asturiano de Madrid: \u201cMientras el genio es la chispa humana que inventa, descubre o crea, el sabio es el maestro del aprendizaje convencional\u201d,\" \/>\n\t<meta name=\"robots\" content=\"max-image-preview:large\" \/>\n\t<meta name=\"author\" content=\"El Digital de Asturias\"\/>\n\t<meta name=\"google-site-verification\" content=\"UA-38556648-1\" \/>\n\t<meta name=\"msvalidate.01\" content=\"7dfe9f3f1b24437ab69f4f2559babe99\" \/>\n\t<meta name=\"keywords\" content=\"actualidad\" \/>\n\t<link rel=\"canonical\" href=\"https:\/\/www.eldigitaldeasturias.com\/noticias\/el-dr-alonso-fernandez-ha-presentado-en-madrid-genios-y-creativos-como-reconocer-su-talento\/\" \/>\n\t<meta name=\"generator\" content=\"All in One SEO Pro (AIOSEO) 4.9.6.2\" \/>\n\t\t<meta property=\"og:locale\" content=\"es_ES\" \/>\n\t\t<meta property=\"og:site_name\" content=\"El Digital de Asturias\" \/>\n\t\t<meta property=\"og:type\" content=\"article\" \/>\n\t\t<meta property=\"og:title\" content=\"El Dr. Alonso-Fern\u00e1ndez ha presentado en Madrid \u201cGenios y Creativos. C\u00f3mo reconocer su talento\u201d - El Digital de Asturias\" \/>\n\t\t<meta property=\"og:description\" content=\"Arropado por Esperanza Aguirre, Mercedes Pescador, Valent\u00edn Mart\u00ednez-Otero y decenas de amigos, el doctor Francisco Alonso-Fern\u00e1ndez dio una lecci\u00f3n sobre el talento, la noche del jueves 23 de marzo en el Centro Asturiano de Madrid: \u201cMientras el genio es la chispa humana que inventa, descubre o crea, el sabio es el maestro del aprendizaje convencional\u201d,\" \/>\n\t\t<meta property=\"og:url\" content=\"https:\/\/www.eldigitaldeasturias.com\/noticias\/el-dr-alonso-fernandez-ha-presentado-en-madrid-genios-y-creativos-como-reconocer-su-talento\/\" \/>\n\t\t<meta property=\"og:image\" content=\"https:\/\/www.eldigitaldeasturias.com\/noticias\/wp-content\/uploads\/2017\/03\/Mesa-Presidencial.jpg\" \/>\n\t\t<meta property=\"og:image:secure_url\" content=\"https:\/\/www.eldigitaldeasturias.com\/noticias\/wp-content\/uploads\/2017\/03\/Mesa-Presidencial.jpg\" \/>\n\t\t<meta property=\"og:image:width\" content=\"1280\" \/>\n\t\t<meta property=\"og:image:height\" content=\"754\" \/>\n\t\t<meta property=\"article:tag\" content=\"actualidad\" \/>\n\t\t<meta property=\"article:published_time\" content=\"2017-03-24T14:09:16+00:00\" \/>\n\t\t<meta property=\"article:modified_time\" content=\"2017-03-24T14:09:16+00:00\" \/>\n\t\t<meta property=\"article:publisher\" content=\"https:\/\/facebook.com\/eldigitaldeasturias\" \/>\n\t\t<meta name=\"twitter:card\" content=\"summary_large_image\" \/>\n\t\t<meta name=\"twitter:title\" content=\"El Dr. Alonso-Fern\u00e1ndez ha presentado en Madrid \u201cGenios y Creativos. C\u00f3mo reconocer su talento\u201d - El Digital de Asturias\" \/>\n\t\t<meta name=\"twitter:description\" content=\"Arropado por Esperanza Aguirre, Mercedes Pescador, Valent\u00edn Mart\u00ednez-Otero y decenas de amigos, el doctor Francisco Alonso-Fern\u00e1ndez dio una lecci\u00f3n sobre el talento, la noche del jueves 23 de marzo en el Centro Asturiano de Madrid: \u201cMientras el genio es la chispa humana que inventa, descubre o crea, el sabio es el maestro del aprendizaje convencional\u201d,\" \/>\n\t\t<meta name=\"twitter:image\" content=\"https:\/\/www.eldigitaldeasturias.com\/noticias\/wp-content\/uploads\/2017\/03\/Mesa-Presidencial.jpg\" \/>\n\t\t<meta name=\"twitter:label1\" content=\"Escrito por\" \/>\n\t\t<meta name=\"twitter:data1\" content=\"El Digital de Asturias\" \/>\n\t\t<meta name=\"twitter:label2\" content=\"Tiempo de lectura estimado\" \/>\n\t\t<meta name=\"twitter:data2\" content=\"4 minutos\" \/>\n\t\t<script type=\"application\/ld+json\" class=\"aioseo-schema\">\n\t\t\t{\"@context\":\"https:\\\/\\\/schema.org\",\"@graph\":[{\"@type\":\"BlogPosting\",\"@id\":\"https:\\\/\\\/www.eldigitaldeasturias.com\\\/noticias\\\/el-dr-alonso-fernandez-ha-presentado-en-madrid-genios-y-creativos-como-reconocer-su-talento\\\/#blogposting\",\"name\":\"El Dr. Alonso-Fern\\u00e1ndez ha presentado en Madrid \\u201cGenios y Creativos. C\\u00f3mo reconocer su talento\\u201d - El Digital de Asturias\",\"headline\":\"El Dr. Alonso-Fern\\u00e1ndez ha presentado en Madrid \\u201cGenios y Creativos. C\\u00f3mo reconocer su talento\\u201d\",\"author\":{\"@id\":\"https:\\\/\\\/www.eldigitaldeasturias.com\\\/noticias\\\/author\\\/admin\\\/#author\"},\"publisher\":{\"@id\":\"https:\\\/\\\/www.eldigitaldeasturias.com\\\/noticias\\\/#organization\"},\"image\":{\"@type\":\"ImageObject\",\"url\":\"https:\\\/\\\/www.eldigitaldeasturias.com\\\/noticias\\\/wp-content\\\/uploads\\\/2017\\\/03\\\/Mesa-Presidencial.jpg\",\"width\":1280,\"height\":754},\"datePublished\":\"2017-03-24T14:09:16+01:00\",\"dateModified\":\"2017-03-24T14:09:16+01:00\",\"inLanguage\":\"es-ES\",\"mainEntityOfPage\":{\"@id\":\"https:\\\/\\\/www.eldigitaldeasturias.com\\\/noticias\\\/el-dr-alonso-fernandez-ha-presentado-en-madrid-genios-y-creativos-como-reconocer-su-talento\\\/#webpage\"},\"isPartOf\":{\"@id\":\"https:\\\/\\\/www.eldigitaldeasturias.com\\\/noticias\\\/el-dr-alonso-fernandez-ha-presentado-en-madrid-genios-y-creativos-como-reconocer-su-talento\\\/#webpage\"},\"articleSection\":\"Actualidad\"},{\"@type\":\"BreadcrumbList\",\"@id\":\"https:\\\/\\\/www.eldigitaldeasturias.com\\\/noticias\\\/el-dr-alonso-fernandez-ha-presentado-en-madrid-genios-y-creativos-como-reconocer-su-talento\\\/#breadcrumblist\",\"itemListElement\":[{\"@type\":\"ListItem\",\"@id\":\"https:\\\/\\\/www.eldigitaldeasturias.com\\\/noticias#listItem\",\"position\":1,\"name\":\"Home\",\"item\":\"https:\\\/\\\/www.eldigitaldeasturias.com\\\/noticias\",\"nextItem\":{\"@type\":\"ListItem\",\"@id\":\"https:\\\/\\\/www.eldigitaldeasturias.com\\\/noticias\\\/category\\\/actualidad\\\/#listItem\",\"name\":\"Actualidad\"}},{\"@type\":\"ListItem\",\"@id\":\"https:\\\/\\\/www.eldigitaldeasturias.com\\\/noticias\\\/category\\\/actualidad\\\/#listItem\",\"position\":2,\"name\":\"Actualidad\",\"item\":\"https:\\\/\\\/www.eldigitaldeasturias.com\\\/noticias\\\/category\\\/actualidad\\\/\",\"nextItem\":{\"@type\":\"ListItem\",\"@id\":\"https:\\\/\\\/www.eldigitaldeasturias.com\\\/noticias\\\/el-dr-alonso-fernandez-ha-presentado-en-madrid-genios-y-creativos-como-reconocer-su-talento\\\/#listItem\",\"name\":\"El Dr. Alonso-Fern\\u00e1ndez ha presentado en Madrid \\u201cGenios y Creativos. C\\u00f3mo reconocer su talento\\u201d\"},\"previousItem\":{\"@type\":\"ListItem\",\"@id\":\"https:\\\/\\\/www.eldigitaldeasturias.com\\\/noticias#listItem\",\"name\":\"Home\"}},{\"@type\":\"ListItem\",\"@id\":\"https:\\\/\\\/www.eldigitaldeasturias.com\\\/noticias\\\/el-dr-alonso-fernandez-ha-presentado-en-madrid-genios-y-creativos-como-reconocer-su-talento\\\/#listItem\",\"position\":3,\"name\":\"El Dr. Alonso-Fern\\u00e1ndez ha presentado en Madrid \\u201cGenios y Creativos. C\\u00f3mo reconocer su talento\\u201d\",\"previousItem\":{\"@type\":\"ListItem\",\"@id\":\"https:\\\/\\\/www.eldigitaldeasturias.com\\\/noticias\\\/category\\\/actualidad\\\/#listItem\",\"name\":\"Actualidad\"}}]},{\"@type\":\"Organization\",\"@id\":\"https:\\\/\\\/www.eldigitaldeasturias.com\\\/noticias\\\/#organization\",\"name\":\"El Digital de Asturias\",\"description\":\"Hemeroteca\",\"url\":\"https:\\\/\\\/www.eldigitaldeasturias.com\\\/noticias\\\/\",\"email\":\"info@eldigitaldeasturias.com\",\"telephone\":\"+34652131393\",\"logo\":{\"@type\":\"ImageObject\",\"url\":\"https:\\\/\\\/www.eldigitaldeasturias.com\\\/noticias\\\/wp-content\\\/uploads\\\/2020\\\/12\\\/EDA.jpg\",\"@id\":\"https:\\\/\\\/www.eldigitaldeasturias.com\\\/noticias\\\/el-dr-alonso-fernandez-ha-presentado-en-madrid-genios-y-creativos-como-reconocer-su-talento\\\/#organizationLogo\",\"width\":649,\"height\":297},\"image\":{\"@id\":\"https:\\\/\\\/www.eldigitaldeasturias.com\\\/noticias\\\/el-dr-alonso-fernandez-ha-presentado-en-madrid-genios-y-creativos-como-reconocer-su-talento\\\/#organizationLogo\"},\"sameAs\":[\"https:\\\/\\\/facebook.com\\\/eldigitaldeasturias\",\"https:\\\/\\\/www.youtube.com\\\/channel\\\/UCZP-2wLEB9Rv6erhFmqVnvg\"],\"address\":{\"@id\":\"https:\\\/\\\/www.eldigitaldeasturias.com\\\/noticias\\\/#postaladdress\",\"@type\":\"PostalAddress\",\"streetAddress\":\"san antonio 4,\",\"postalCode\":\"33430\",\"addressLocality\":\"Cand\\u00e1s\",\"addressRegion\":\"Asturias\",\"addressCountry\":\"ES\"}},{\"@type\":\"Person\",\"@id\":\"https:\\\/\\\/www.eldigitaldeasturias.com\\\/noticias\\\/author\\\/admin\\\/#author\",\"url\":\"https:\\\/\\\/www.eldigitaldeasturias.com\\\/noticias\\\/author\\\/admin\\\/\",\"name\":\"El Digital de Asturias\",\"image\":{\"@type\":\"ImageObject\",\"@id\":\"https:\\\/\\\/www.eldigitaldeasturias.com\\\/noticias\\\/el-dr-alonso-fernandez-ha-presentado-en-madrid-genios-y-creativos-como-reconocer-su-talento\\\/#authorImage\",\"url\":\"https:\\\/\\\/www.eldigitaldeasturias.com\\\/noticias\\\/wp-content\\\/litespeed\\\/avatar\\\/18677e78aa0546b92d9dbf31ec7d7668.jpg?ver=1777290358\",\"width\":96,\"height\":96,\"caption\":\"El Digital de Asturias\"}},{\"@type\":\"WebPage\",\"@id\":\"https:\\\/\\\/www.eldigitaldeasturias.com\\\/noticias\\\/el-dr-alonso-fernandez-ha-presentado-en-madrid-genios-y-creativos-como-reconocer-su-talento\\\/#webpage\",\"url\":\"https:\\\/\\\/www.eldigitaldeasturias.com\\\/noticias\\\/el-dr-alonso-fernandez-ha-presentado-en-madrid-genios-y-creativos-como-reconocer-su-talento\\\/\",\"name\":\"El Dr. Alonso-Fern\\u00e1ndez ha presentado en Madrid \\u201cGenios y Creativos. C\\u00f3mo reconocer su talento\\u201d - El Digital de Asturias\",\"description\":\"Arropado por Esperanza Aguirre, Mercedes Pescador, Valent\\u00edn Mart\\u00ednez-Otero y decenas de amigos, el doctor Francisco Alonso-Fern\\u00e1ndez dio una lecci\\u00f3n sobre el talento, la noche del jueves 23 de marzo en el Centro Asturiano de Madrid: \\u201cMientras el genio es la chispa humana que inventa, descubre o crea, el sabio es el maestro del aprendizaje convencional\\u201d,\",\"inLanguage\":\"es-ES\",\"isPartOf\":{\"@id\":\"https:\\\/\\\/www.eldigitaldeasturias.com\\\/noticias\\\/#website\"},\"breadcrumb\":{\"@id\":\"https:\\\/\\\/www.eldigitaldeasturias.com\\\/noticias\\\/el-dr-alonso-fernandez-ha-presentado-en-madrid-genios-y-creativos-como-reconocer-su-talento\\\/#breadcrumblist\"},\"author\":{\"@id\":\"https:\\\/\\\/www.eldigitaldeasturias.com\\\/noticias\\\/author\\\/admin\\\/#author\"},\"creator\":{\"@id\":\"https:\\\/\\\/www.eldigitaldeasturias.com\\\/noticias\\\/author\\\/admin\\\/#author\"},\"image\":{\"@type\":\"ImageObject\",\"url\":\"https:\\\/\\\/www.eldigitaldeasturias.com\\\/noticias\\\/wp-content\\\/uploads\\\/2017\\\/03\\\/Mesa-Presidencial.jpg\",\"@id\":\"https:\\\/\\\/www.eldigitaldeasturias.com\\\/noticias\\\/el-dr-alonso-fernandez-ha-presentado-en-madrid-genios-y-creativos-como-reconocer-su-talento\\\/#mainImage\",\"width\":1280,\"height\":754},\"primaryImageOfPage\":{\"@id\":\"https:\\\/\\\/www.eldigitaldeasturias.com\\\/noticias\\\/el-dr-alonso-fernandez-ha-presentado-en-madrid-genios-y-creativos-como-reconocer-su-talento\\\/#mainImage\"},\"datePublished\":\"2017-03-24T14:09:16+01:00\",\"dateModified\":\"2017-03-24T14:09:16+01:00\"},{\"@type\":\"WebSite\",\"@id\":\"https:\\\/\\\/www.eldigitaldeasturias.com\\\/noticias\\\/#website\",\"url\":\"https:\\\/\\\/www.eldigitaldeasturias.com\\\/noticias\\\/\",\"name\":\"El Digital de Asturias - Diario de actualidad y noticias\",\"alternateName\":\"El Digital de Asturias - Diario de actualidad y noticias\",\"description\":\"Hemeroteca\",\"inLanguage\":\"es-ES\",\"publisher\":{\"@id\":\"https:\\\/\\\/www.eldigitaldeasturias.com\\\/noticias\\\/#organization\"}}]}\n\t\t<\/script>\n\t\t<!-- All in One SEO Pro -->\r\n\t\t<title>El Dr. Alonso-Fern\u00e1ndez ha presentado en Madrid \u201cGenios y Creativos. C\u00f3mo reconocer su talento\u201d - El Digital de Asturias<\/title>\n\n","aioseo_head_json":{"title":"El Dr. Alonso-Fern\u00e1ndez ha presentado en Madrid \u201cGenios y Creativos. C\u00f3mo reconocer su talento\u201d - El Digital de Asturias","description":"Arropado por Esperanza Aguirre, Mercedes Pescador, Valent\u00edn Mart\u00ednez-Otero y decenas de amigos, el doctor Francisco Alonso-Fern\u00e1ndez dio una lecci\u00f3n sobre el talento, la noche del jueves 23 de marzo en el Centro Asturiano de Madrid: \u201cMientras el genio es la chispa humana que inventa, descubre o crea, el sabio es el maestro del aprendizaje convencional\u201d,","canonical_url":"https:\/\/www.eldigitaldeasturias.com\/noticias\/el-dr-alonso-fernandez-ha-presentado-en-madrid-genios-y-creativos-como-reconocer-su-talento\/","robots":"max-image-preview:large","keywords":"actualidad","webmasterTools":{"google-site-verification":"UA-38556648-1","msvalidate.01":"7dfe9f3f1b24437ab69f4f2559babe99","miscellaneous":""},"schema":{"@context":"https:\/\/schema.org","@graph":[{"@type":"BlogPosting","@id":"https:\/\/www.eldigitaldeasturias.com\/noticias\/el-dr-alonso-fernandez-ha-presentado-en-madrid-genios-y-creativos-como-reconocer-su-talento\/#blogposting","name":"El Dr. Alonso-Fern\u00e1ndez ha presentado en Madrid \u201cGenios y Creativos. C\u00f3mo reconocer su talento\u201d - El Digital de Asturias","headline":"El Dr. Alonso-Fern\u00e1ndez ha presentado en Madrid \u201cGenios y Creativos. C\u00f3mo reconocer su talento\u201d","author":{"@id":"https:\/\/www.eldigitaldeasturias.com\/noticias\/author\/admin\/#author"},"publisher":{"@id":"https:\/\/www.eldigitaldeasturias.com\/noticias\/#organization"},"image":{"@type":"ImageObject","url":"https:\/\/www.eldigitaldeasturias.com\/noticias\/wp-content\/uploads\/2017\/03\/Mesa-Presidencial.jpg","width":1280,"height":754},"datePublished":"2017-03-24T14:09:16+01:00","dateModified":"2017-03-24T14:09:16+01:00","inLanguage":"es-ES","mainEntityOfPage":{"@id":"https:\/\/www.eldigitaldeasturias.com\/noticias\/el-dr-alonso-fernandez-ha-presentado-en-madrid-genios-y-creativos-como-reconocer-su-talento\/#webpage"},"isPartOf":{"@id":"https:\/\/www.eldigitaldeasturias.com\/noticias\/el-dr-alonso-fernandez-ha-presentado-en-madrid-genios-y-creativos-como-reconocer-su-talento\/#webpage"},"articleSection":"Actualidad"},{"@type":"BreadcrumbList","@id":"https:\/\/www.eldigitaldeasturias.com\/noticias\/el-dr-alonso-fernandez-ha-presentado-en-madrid-genios-y-creativos-como-reconocer-su-talento\/#breadcrumblist","itemListElement":[{"@type":"ListItem","@id":"https:\/\/www.eldigitaldeasturias.com\/noticias#listItem","position":1,"name":"Home","item":"https:\/\/www.eldigitaldeasturias.com\/noticias","nextItem":{"@type":"ListItem","@id":"https:\/\/www.eldigitaldeasturias.com\/noticias\/category\/actualidad\/#listItem","name":"Actualidad"}},{"@type":"ListItem","@id":"https:\/\/www.eldigitaldeasturias.com\/noticias\/category\/actualidad\/#listItem","position":2,"name":"Actualidad","item":"https:\/\/www.eldigitaldeasturias.com\/noticias\/category\/actualidad\/","nextItem":{"@type":"ListItem","@id":"https:\/\/www.eldigitaldeasturias.com\/noticias\/el-dr-alonso-fernandez-ha-presentado-en-madrid-genios-y-creativos-como-reconocer-su-talento\/#listItem","name":"El Dr. Alonso-Fern\u00e1ndez ha presentado en Madrid \u201cGenios y Creativos. C\u00f3mo reconocer su talento\u201d"},"previousItem":{"@type":"ListItem","@id":"https:\/\/www.eldigitaldeasturias.com\/noticias#listItem","name":"Home"}},{"@type":"ListItem","@id":"https:\/\/www.eldigitaldeasturias.com\/noticias\/el-dr-alonso-fernandez-ha-presentado-en-madrid-genios-y-creativos-como-reconocer-su-talento\/#listItem","position":3,"name":"El Dr. Alonso-Fern\u00e1ndez ha presentado en Madrid \u201cGenios y Creativos. C\u00f3mo reconocer su talento\u201d","previousItem":{"@type":"ListItem","@id":"https:\/\/www.eldigitaldeasturias.com\/noticias\/category\/actualidad\/#listItem","name":"Actualidad"}}]},{"@type":"Organization","@id":"https:\/\/www.eldigitaldeasturias.com\/noticias\/#organization","name":"El Digital de Asturias","description":"Hemeroteca","url":"https:\/\/www.eldigitaldeasturias.com\/noticias\/","email":"info@eldigitaldeasturias.com","telephone":"+34652131393","logo":{"@type":"ImageObject","url":"https:\/\/www.eldigitaldeasturias.com\/noticias\/wp-content\/uploads\/2020\/12\/EDA.jpg","@id":"https:\/\/www.eldigitaldeasturias.com\/noticias\/el-dr-alonso-fernandez-ha-presentado-en-madrid-genios-y-creativos-como-reconocer-su-talento\/#organizationLogo","width":649,"height":297},"image":{"@id":"https:\/\/www.eldigitaldeasturias.com\/noticias\/el-dr-alonso-fernandez-ha-presentado-en-madrid-genios-y-creativos-como-reconocer-su-talento\/#organizationLogo"},"sameAs":["https:\/\/facebook.com\/eldigitaldeasturias","https:\/\/www.youtube.com\/channel\/UCZP-2wLEB9Rv6erhFmqVnvg"],"address":{"@id":"https:\/\/www.eldigitaldeasturias.com\/noticias\/#postaladdress","@type":"PostalAddress","streetAddress":"san antonio 4,","postalCode":"33430","addressLocality":"Cand\u00e1s","addressRegion":"Asturias","addressCountry":"ES"}},{"@type":"Person","@id":"https:\/\/www.eldigitaldeasturias.com\/noticias\/author\/admin\/#author","url":"https:\/\/www.eldigitaldeasturias.com\/noticias\/author\/admin\/","name":"El Digital de Asturias","image":{"@type":"ImageObject","@id":"https:\/\/www.eldigitaldeasturias.com\/noticias\/el-dr-alonso-fernandez-ha-presentado-en-madrid-genios-y-creativos-como-reconocer-su-talento\/#authorImage","url":"https:\/\/www.eldigitaldeasturias.com\/noticias\/wp-content\/litespeed\/avatar\/18677e78aa0546b92d9dbf31ec7d7668.jpg?ver=1777290358","width":96,"height":96,"caption":"El Digital de Asturias"}},{"@type":"WebPage","@id":"https:\/\/www.eldigitaldeasturias.com\/noticias\/el-dr-alonso-fernandez-ha-presentado-en-madrid-genios-y-creativos-como-reconocer-su-talento\/#webpage","url":"https:\/\/www.eldigitaldeasturias.com\/noticias\/el-dr-alonso-fernandez-ha-presentado-en-madrid-genios-y-creativos-como-reconocer-su-talento\/","name":"El Dr. Alonso-Fern\u00e1ndez ha presentado en Madrid \u201cGenios y Creativos. C\u00f3mo reconocer su talento\u201d - El Digital de Asturias","description":"Arropado por Esperanza Aguirre, Mercedes Pescador, Valent\u00edn Mart\u00ednez-Otero y decenas de amigos, el doctor Francisco Alonso-Fern\u00e1ndez dio una lecci\u00f3n sobre el talento, la noche del jueves 23 de marzo en el Centro Asturiano de Madrid: \u201cMientras el genio es la chispa humana que inventa, descubre o crea, el sabio es el maestro del aprendizaje convencional\u201d,","inLanguage":"es-ES","isPartOf":{"@id":"https:\/\/www.eldigitaldeasturias.com\/noticias\/#website"},"breadcrumb":{"@id":"https:\/\/www.eldigitaldeasturias.com\/noticias\/el-dr-alonso-fernandez-ha-presentado-en-madrid-genios-y-creativos-como-reconocer-su-talento\/#breadcrumblist"},"author":{"@id":"https:\/\/www.eldigitaldeasturias.com\/noticias\/author\/admin\/#author"},"creator":{"@id":"https:\/\/www.eldigitaldeasturias.com\/noticias\/author\/admin\/#author"},"image":{"@type":"ImageObject","url":"https:\/\/www.eldigitaldeasturias.com\/noticias\/wp-content\/uploads\/2017\/03\/Mesa-Presidencial.jpg","@id":"https:\/\/www.eldigitaldeasturias.com\/noticias\/el-dr-alonso-fernandez-ha-presentado-en-madrid-genios-y-creativos-como-reconocer-su-talento\/#mainImage","width":1280,"height":754},"primaryImageOfPage":{"@id":"https:\/\/www.eldigitaldeasturias.com\/noticias\/el-dr-alonso-fernandez-ha-presentado-en-madrid-genios-y-creativos-como-reconocer-su-talento\/#mainImage"},"datePublished":"2017-03-24T14:09:16+01:00","dateModified":"2017-03-24T14:09:16+01:00"},{"@type":"WebSite","@id":"https:\/\/www.eldigitaldeasturias.com\/noticias\/#website","url":"https:\/\/www.eldigitaldeasturias.com\/noticias\/","name":"El Digital de Asturias - Diario de actualidad y noticias","alternateName":"El Digital de Asturias - Diario de actualidad y noticias","description":"Hemeroteca","inLanguage":"es-ES","publisher":{"@id":"https:\/\/www.eldigitaldeasturias.com\/noticias\/#organization"}}]},"og:locale":"es_ES","og:site_name":"El Digital de Asturias","og:type":"article","og:title":"El Dr. Alonso-Fern\u00e1ndez ha presentado en Madrid \u201cGenios y Creativos. C\u00f3mo reconocer su talento\u201d - El Digital de Asturias","og:description":"Arropado por Esperanza Aguirre, Mercedes Pescador, Valent\u00edn Mart\u00ednez-Otero y decenas de amigos, el doctor Francisco Alonso-Fern\u00e1ndez dio una lecci\u00f3n sobre el talento, la noche del jueves 23 de marzo en el Centro Asturiano de Madrid: \u201cMientras el genio es la chispa humana que inventa, descubre o crea, el sabio es el maestro del aprendizaje convencional\u201d,","og:url":"https:\/\/www.eldigitaldeasturias.com\/noticias\/el-dr-alonso-fernandez-ha-presentado-en-madrid-genios-y-creativos-como-reconocer-su-talento\/","og:image":"https:\/\/www.eldigitaldeasturias.com\/noticias\/wp-content\/uploads\/2017\/03\/Mesa-Presidencial.jpg","og:image:secure_url":"https:\/\/www.eldigitaldeasturias.com\/noticias\/wp-content\/uploads\/2017\/03\/Mesa-Presidencial.jpg","og:image:width":1280,"og:image:height":754,"article:tag":["actualidad"],"article:published_time":"2017-03-24T14:09:16+00:00","article:modified_time":"2017-03-24T14:09:16+00:00","article:publisher":"https:\/\/facebook.com\/eldigitaldeasturias","twitter:card":"summary_large_image","twitter:title":"El Dr. Alonso-Fern\u00e1ndez ha presentado en Madrid \u201cGenios y Creativos. C\u00f3mo reconocer su talento\u201d - El Digital de Asturias","twitter:description":"Arropado por Esperanza Aguirre, Mercedes Pescador, Valent\u00edn Mart\u00ednez-Otero y decenas de amigos, el doctor Francisco Alonso-Fern\u00e1ndez dio una lecci\u00f3n sobre el talento, la noche del jueves 23 de marzo en el Centro Asturiano de Madrid: \u201cMientras el genio es la chispa humana que inventa, descubre o crea, el sabio es el maestro del aprendizaje convencional\u201d,","twitter:image":"https:\/\/www.eldigitaldeasturias.com\/noticias\/wp-content\/uploads\/2017\/03\/Mesa-Presidencial.jpg","twitter:label1":"Escrito por","twitter:data1":"El Digital de Asturias","twitter:label2":"Tiempo de lectura estimado","twitter:data2":"4 minutos"},"aioseo_meta_data":{"post_id":"931326","title":null,"description":null,"keywords":null,"keyphrases":null,"primary_term":null,"canonical_url":null,"og_title":null,"og_description":null,"og_object_type":"default","og_image_type":"default","og_image_url":null,"og_image_width":null,"og_image_height":null,"og_image_custom_url":null,"og_image_custom_fields":null,"og_video":null,"og_custom_url":null,"og_article_section":null,"og_article_tags":null,"twitter_use_og":false,"twitter_card":"default","twitter_image_type":"default","twitter_image_url":null,"twitter_image_custom_url":null,"twitter_image_custom_fields":null,"twitter_title":null,"twitter_description":null,"schema":{"blockGraphs":[],"customGraphs":[],"default":{"data":{"Article":[],"Course":[],"Dataset":[],"FAQPage":[],"Movie":[],"Person":[],"Product":[],"ProductReview":[],"Car":[],"Recipe":[],"Service":[],"SoftwareApplication":[],"WebPage":[]},"graphName":"","isEnabled":true},"graphs":[],"defaultGraph":"","defaultPostTypeGraph":""},"schema_type":null,"schema_type_options":null,"pillar_content":false,"robots_default":true,"robots_noindex":false,"robots_noarchive":false,"robots_nosnippet":false,"robots_nofollow":false,"robots_noimageindex":false,"robots_noodp":false,"robots_notranslate":false,"robots_max_snippet":null,"robots_max_videopreview":null,"robots_max_imagepreview":"large","priority":null,"frequency":null,"local_seo":null,"seo_analyzer_scan_date":"2025-12-11 11:54:40","breadcrumb_settings":null,"limit_modified_date":false,"open_ai":null,"ai":null,"created":"2020-12-21 13:33:38","updated":"2025-12-11 11:54:40"},"aioseo_breadcrumb":"<div class=\"aioseo-breadcrumbs\"><span class=\"aioseo-breadcrumb\">\n\t<a href=\"https:\/\/www.eldigitaldeasturias.com\/noticias\" title=\"Home\">Home<\/a>\n<\/span><span class=\"aioseo-breadcrumb-separator\">\u2013<\/span><span class=\"aioseo-breadcrumb\">\n\t<a href=\"https:\/\/www.eldigitaldeasturias.com\/noticias\/category\/actualidad\/\" title=\"Actualidad\">Actualidad<\/a>\n<\/span><span class=\"aioseo-breadcrumb-separator\">\u2013<\/span><span class=\"aioseo-breadcrumb\">\n\t<a href=\"https:\/\/www.eldigitaldeasturias.com\/noticias\/el-dr-alonso-fernandez-ha-presentado-en-madrid-genios-y-creativos-como-reconocer-su-talento\/\" title=\"El Dr. Alonso-Fern\u00e1ndez ha presentado en Madrid \u201cGenios y Creativos. C\u00f3mo reconocer su talento\u201d\">El Dr. Alonso-Fern\u00e1ndez ha presentado en Madrid \u201cGenios y Creativos. C\u00f3mo reconocer su talento\u201d<\/a>\n<\/span><\/div>","aioseo_breadcrumb_json":[{"label":"Home","link":"https:\/\/www.eldigitaldeasturias.com\/noticias"},{"label":"Actualidad","link":"https:\/\/www.eldigitaldeasturias.com\/noticias\/category\/actualidad\/"},{"label":"El Dr. Alonso-Fern\u00e1ndez ha presentado en Madrid \u201cGenios y Creativos. C\u00f3mo reconocer su talento\u201d","link":"https:\/\/www.eldigitaldeasturias.com\/noticias\/el-dr-alonso-fernandez-ha-presentado-en-madrid-genios-y-creativos-como-reconocer-su-talento\/"}],"_links":{"self":[{"href":"https:\/\/www.eldigitaldeasturias.com\/noticias\/wp-json\/wp\/v2\/posts\/931326","targetHints":{"allow":["GET"]}}],"collection":[{"href":"https:\/\/www.eldigitaldeasturias.com\/noticias\/wp-json\/wp\/v2\/posts"}],"about":[{"href":"https:\/\/www.eldigitaldeasturias.com\/noticias\/wp-json\/wp\/v2\/types\/post"}],"author":[{"embeddable":true,"href":"https:\/\/www.eldigitaldeasturias.com\/noticias\/wp-json\/wp\/v2\/users\/1"}],"replies":[{"embeddable":true,"href":"https:\/\/www.eldigitaldeasturias.com\/noticias\/wp-json\/wp\/v2\/comments?post=931326"}],"version-history":[{"count":0,"href":"https:\/\/www.eldigitaldeasturias.com\/noticias\/wp-json\/wp\/v2\/posts\/931326\/revisions"}],"wp:featuredmedia":[{"embeddable":true,"href":"https:\/\/www.eldigitaldeasturias.com\/noticias\/wp-json\/wp\/v2\/media\/931327"}],"wp:attachment":[{"href":"https:\/\/www.eldigitaldeasturias.com\/noticias\/wp-json\/wp\/v2\/media?parent=931326"}],"wp:term":[{"taxonomy":"category","embeddable":true,"href":"https:\/\/www.eldigitaldeasturias.com\/noticias\/wp-json\/wp\/v2\/categories?post=931326"},{"taxonomy":"post_tag","embeddable":true,"href":"https:\/\/www.eldigitaldeasturias.com\/noticias\/wp-json\/wp\/v2\/tags?post=931326"}],"curies":[{"name":"wp","href":"https:\/\/api.w.org\/{rel}","templated":true}]}}