{"id":929253,"date":"2017-03-09T21:54:40","date_gmt":"2017-03-09T21:54:40","guid":{"rendered":"http:\/\/www.eldigitaldeasturias.com\/noticias\/?p=929253"},"modified":"2017-03-09T21:54:40","modified_gmt":"2017-03-09T21:54:40","slug":"la-orquesta-sinfonica-de-las-islas-baleares-presenta-sus-conciertos-en-menorca","status":"publish","type":"post","link":"https:\/\/www.eldigitaldeasturias.com\/noticias\/la-orquesta-sinfonica-de-las-islas-baleares-presenta-sus-conciertos-en-menorca\/","title":{"rendered":"La Orquesta Sinf\u00f3nica de las Islas Baleares presenta sus conciertos en Menorca"},"content":{"rendered":"<p><img loading=\"lazy\" decoding=\"async\" class=\"alignleft size-medium wp-image-929254\" src=\"https:\/\/www.eldigitaldeasturias.com\/noticias\/wp-content\/uploads\/2017\/03\/2132000-360x270.jpg\" alt=\"\" width=\"360\" height=\"270\" srcset=\"https:\/\/www.eldigitaldeasturias.com\/noticias\/wp-content\/uploads\/2017\/03\/2132000-360x270.jpg 360w, https:\/\/www.eldigitaldeasturias.com\/noticias\/wp-content\/uploads\/2017\/03\/2132000-768x576.jpg 768w, https:\/\/www.eldigitaldeasturias.com\/noticias\/wp-content\/uploads\/2017\/03\/2132000-650x488.jpg 650w, https:\/\/www.eldigitaldeasturias.com\/noticias\/wp-content\/uploads\/2017\/03\/2132000-90x67.jpg 90w, https:\/\/www.eldigitaldeasturias.com\/noticias\/wp-content\/uploads\/2017\/03\/2132000-100x75.jpg 100w\" sizes=\"auto, (max-width: 360px) 100vw, 360px\" \/>La Orquesta Sinf\u00f3nica de las Islas Baleares ha presentado hoy la programaci\u00f3n de 4 conciertos con los que hace llegar hasta Menorca su Temporada desde marzo hasta junio.<\/p>\n<p>De esta manera se contin\u00faan desarrollando los objetivos marcados por la Consejer\u00eda de Transparencia, Cultura y Deportes de hacer llegar la Sinf\u00f3nica todas las Islas Baleares. Aunque mantenerse conectada a Menorca gracias a la programaci\u00f3n de \u00f3peras ya las relaciones con los Amigos de la \u00f3pera y el Teatro Principal de Ma\u00f3, hace m\u00e1s de 10 a\u00f1os que la Orquesta Sinf\u00f3nica de las Islas Baleares no presentaba una programaci\u00f3n propia en Menorca, adem\u00e1s de las \u00f3peras. Conjuntamente con los Amigos de la \u00f3pera de Mah\u00f3n, la Sinf\u00f3nica recientemente ha hecho Falstaff.<\/p>\n<p>La programaci\u00f3n de la Sinf\u00f3nica en Menorca que se ha presentado hoy es de marzo a junio e incluye 2 conciertos sinf\u00f3nicos y 2 conciertos de m\u00fasica de c\u00e1mara. Los dos conciertos sinf\u00f3nicos se har\u00e1n en el Teatro Principal de Ma\u00f3 (17 de marzo) y en la Catedral de Ciutadella (26 de mayo). Estos dos conciertos son propios de la Temporada Sinf\u00f3nica que la Orquesta hace en el Audit\u00f2rium de Palma. Los dos conciertos de c\u00e1mara se realizar\u00e1n en la Casa de Cultura de Ciutadella (18 de marzo) y en el Auditorio de Ferreries (3 de junio).<\/p>\n<p>Miquel Maria, conseller de Cultura y Educaci\u00f3n, ha agradecido el impulso de la gerencia del OSIB ya todo el equipo de la Conselleria de Transparencia, Cultura y Deportes del Govern de les Illes Balears para que la programaci\u00f3n la orquesta llegue a la isla de Menorca y que ya desde el 2016 haya supuesto el regreso del OSIB en el \u00e1mbito cultural. \u00abUna presencia que desgraciadamente se hab\u00eda reducido en los \u00faltimos a\u00f1os\u00bb<\/p>\n<p>Por su parte, Mar Rescalvo ha agradecido la implicaci\u00f3n del Ayuntamiento de Ciutadella, el Teatro Principal de Ma\u00f3, el Auditorio de Ferreries y el Obispado de Menorca que \u00abcontribuyen ofreci\u00e9ndonos espacios donde programar nuestras propuestas\u00bb. \u00abDesde el principio uno de los objetivos a alcanzar por el OSIb es que sea la orquesta de todas las Islas Baleares\u00bb, ha dicho. La gerente ha subrayado que se ha puesto en marcha un sistema de precios especiales para los estudiantes del conservatorio y de las escuelas de m\u00fasica de Menorca que podr\u00e1n disfrutar de los dos conciertos sinf\u00f3nicos (de d\u00eda 17 de marzo y 3 de junio) a un precio de 5 euros. \u00abAdem\u00e1s, los menores de 16 a\u00f1os pueden asistir acompa\u00f1ados por dos personas, por lo que, una familia de tres personas podr\u00e1 disfrutar de un concierto a un precio total de 15 euros\u00bb.<\/p>\n<p>El acto de presentaci\u00f3n ha contado con la asistencia de la gerente del Teatro Principal de Mah\u00f3n, Angela Vall\u00e9s; el primer teniente de alcalde del Ayuntamiento de Ciudadela, Josep Juaneda; y la gerente del Auditorio de Ferreries, Francina Moll. Los tres han coincidido en la oportunidad que representa para Menorca poder contar con una programaci\u00f3n s\u00f3lida a cargo de la Sinf\u00f3nica.<\/p>\n<p>&nbsp;<\/p>\n","protected":false},"excerpt":{"rendered":"<p>La Orquesta Sinf\u00f3nica de las Islas Baleares ha presentado hoy la programaci\u00f3n de 4 conciertos con los que hace llegar hasta Menorca su Temporada desde marzo hasta junio. De esta manera se contin\u00faan desarrollando los objetivos marcados por la Consejer\u00eda de Transparencia, Cultura y Deportes de hacer llegar la Sinf\u00f3nica todas las Islas Baleares. Aunque [&hellip;]<\/p>\n","protected":false},"author":1,"featured_media":929254,"comment_status":"closed","ping_status":"closed","sticky":false,"template":"","format":"standard","meta":{"footnotes":""},"categories":[1],"tags":[],"class_list":["post-929253","post","type-post","status-publish","format-standard","has-post-thumbnail","hentry","category-actualidad"],"aioseo_notices":[],"aioseo_head":"\n\t\t<!-- All in One SEO Pro 4.9.6.2 - aioseo.com -->\n\t<meta name=\"description\" content=\"La Orquesta Sinf\u00f3nica de las Islas Baleares ha presentado hoy la programaci\u00f3n de 4 conciertos con los que hace llegar hasta Menorca su Temporada desde marzo hasta junio. De esta manera se contin\u00faan desarrollando los objetivos marcados por la Consejer\u00eda de Transparencia, Cultura y Deportes de hacer llegar la Sinf\u00f3nica todas las Islas Baleares. Aunque\" \/>\n\t<meta name=\"robots\" content=\"max-image-preview:large\" \/>\n\t<meta name=\"author\" content=\"El Digital de Asturias\"\/>\n\t<meta name=\"google-site-verification\" content=\"UA-38556648-1\" \/>\n\t<meta name=\"msvalidate.01\" content=\"7dfe9f3f1b24437ab69f4f2559babe99\" \/>\n\t<meta name=\"keywords\" content=\"actualidad\" \/>\n\t<link rel=\"canonical\" href=\"https:\/\/www.eldigitaldeasturias.com\/noticias\/la-orquesta-sinfonica-de-las-islas-baleares-presenta-sus-conciertos-en-menorca\/\" \/>\n\t<meta name=\"generator\" content=\"All in One SEO Pro (AIOSEO) 4.9.6.2\" \/>\n\t\t<meta property=\"og:locale\" content=\"es_ES\" \/>\n\t\t<meta property=\"og:site_name\" content=\"El Digital de Asturias\" \/>\n\t\t<meta property=\"og:type\" content=\"article\" \/>\n\t\t<meta property=\"og:title\" content=\"La Orquesta Sinf\u00f3nica de las Islas Baleares presenta sus conciertos en Menorca - El Digital de Asturias\" \/>\n\t\t<meta property=\"og:description\" content=\"La Orquesta Sinf\u00f3nica de las Islas Baleares ha presentado hoy la programaci\u00f3n de 4 conciertos con los que hace llegar hasta Menorca su Temporada desde marzo hasta junio. De esta manera se contin\u00faan desarrollando los objetivos marcados por la Consejer\u00eda de Transparencia, Cultura y Deportes de hacer llegar la Sinf\u00f3nica todas las Islas Baleares. Aunque\" \/>\n\t\t<meta property=\"og:url\" content=\"https:\/\/www.eldigitaldeasturias.com\/noticias\/la-orquesta-sinfonica-de-las-islas-baleares-presenta-sus-conciertos-en-menorca\/\" \/>\n\t\t<meta property=\"og:image\" content=\"https:\/\/www.eldigitaldeasturias.com\/noticias\/wp-content\/uploads\/2017\/03\/2132000.jpg\" \/>\n\t\t<meta property=\"og:image:secure_url\" content=\"https:\/\/www.eldigitaldeasturias.com\/noticias\/wp-content\/uploads\/2017\/03\/2132000.jpg\" \/>\n\t\t<meta property=\"og:image:width\" content=\"2420\" \/>\n\t\t<meta property=\"og:image:height\" content=\"1815\" \/>\n\t\t<meta property=\"article:tag\" content=\"actualidad\" \/>\n\t\t<meta property=\"article:published_time\" content=\"2017-03-09T21:54:40+00:00\" \/>\n\t\t<meta property=\"article:modified_time\" content=\"2017-03-09T21:54:40+00:00\" \/>\n\t\t<meta property=\"article:publisher\" content=\"https:\/\/facebook.com\/eldigitaldeasturias\" \/>\n\t\t<meta name=\"twitter:card\" content=\"summary_large_image\" \/>\n\t\t<meta name=\"twitter:title\" content=\"La Orquesta Sinf\u00f3nica de las Islas Baleares presenta sus conciertos en Menorca - El Digital de Asturias\" \/>\n\t\t<meta name=\"twitter:description\" content=\"La Orquesta Sinf\u00f3nica de las Islas Baleares ha presentado hoy la programaci\u00f3n de 4 conciertos con los que hace llegar hasta Menorca su Temporada desde marzo hasta junio. De esta manera se contin\u00faan desarrollando los objetivos marcados por la Consejer\u00eda de Transparencia, Cultura y Deportes de hacer llegar la Sinf\u00f3nica todas las Islas Baleares. Aunque\" \/>\n\t\t<meta name=\"twitter:image\" content=\"https:\/\/www.eldigitaldeasturias.com\/noticias\/wp-content\/uploads\/2017\/03\/2132000.jpg\" \/>\n\t\t<meta name=\"twitter:label1\" content=\"Escrito por\" \/>\n\t\t<meta name=\"twitter:data1\" content=\"El Digital de Asturias\" \/>\n\t\t<meta name=\"twitter:label2\" content=\"Tiempo de lectura estimado\" \/>\n\t\t<meta name=\"twitter:data2\" content=\"3 minutos\" \/>\n\t\t<script type=\"application\/ld+json\" class=\"aioseo-schema\">\n\t\t\t{\"@context\":\"https:\\\/\\\/schema.org\",\"@graph\":[{\"@type\":\"BlogPosting\",\"@id\":\"https:\\\/\\\/www.eldigitaldeasturias.com\\\/noticias\\\/la-orquesta-sinfonica-de-las-islas-baleares-presenta-sus-conciertos-en-menorca\\\/#blogposting\",\"name\":\"La Orquesta Sinf\\u00f3nica de las Islas Baleares presenta sus conciertos en Menorca - El Digital de Asturias\",\"headline\":\"La Orquesta Sinf\\u00f3nica de las Islas Baleares presenta sus conciertos en Menorca\",\"author\":{\"@id\":\"https:\\\/\\\/www.eldigitaldeasturias.com\\\/noticias\\\/author\\\/admin\\\/#author\"},\"publisher\":{\"@id\":\"https:\\\/\\\/www.eldigitaldeasturias.com\\\/noticias\\\/#organization\"},\"image\":{\"@type\":\"ImageObject\",\"url\":\"https:\\\/\\\/www.eldigitaldeasturias.com\\\/noticias\\\/wp-content\\\/uploads\\\/2017\\\/03\\\/2132000.jpg\",\"width\":2420,\"height\":1815},\"datePublished\":\"2017-03-09T21:54:40+01:00\",\"dateModified\":\"2017-03-09T21:54:40+01:00\",\"inLanguage\":\"es-ES\",\"mainEntityOfPage\":{\"@id\":\"https:\\\/\\\/www.eldigitaldeasturias.com\\\/noticias\\\/la-orquesta-sinfonica-de-las-islas-baleares-presenta-sus-conciertos-en-menorca\\\/#webpage\"},\"isPartOf\":{\"@id\":\"https:\\\/\\\/www.eldigitaldeasturias.com\\\/noticias\\\/la-orquesta-sinfonica-de-las-islas-baleares-presenta-sus-conciertos-en-menorca\\\/#webpage\"},\"articleSection\":\"Actualidad\"},{\"@type\":\"BreadcrumbList\",\"@id\":\"https:\\\/\\\/www.eldigitaldeasturias.com\\\/noticias\\\/la-orquesta-sinfonica-de-las-islas-baleares-presenta-sus-conciertos-en-menorca\\\/#breadcrumblist\",\"itemListElement\":[{\"@type\":\"ListItem\",\"@id\":\"https:\\\/\\\/www.eldigitaldeasturias.com\\\/noticias#listItem\",\"position\":1,\"name\":\"Home\",\"item\":\"https:\\\/\\\/www.eldigitaldeasturias.com\\\/noticias\",\"nextItem\":{\"@type\":\"ListItem\",\"@id\":\"https:\\\/\\\/www.eldigitaldeasturias.com\\\/noticias\\\/category\\\/actualidad\\\/#listItem\",\"name\":\"Actualidad\"}},{\"@type\":\"ListItem\",\"@id\":\"https:\\\/\\\/www.eldigitaldeasturias.com\\\/noticias\\\/category\\\/actualidad\\\/#listItem\",\"position\":2,\"name\":\"Actualidad\",\"item\":\"https:\\\/\\\/www.eldigitaldeasturias.com\\\/noticias\\\/category\\\/actualidad\\\/\",\"nextItem\":{\"@type\":\"ListItem\",\"@id\":\"https:\\\/\\\/www.eldigitaldeasturias.com\\\/noticias\\\/la-orquesta-sinfonica-de-las-islas-baleares-presenta-sus-conciertos-en-menorca\\\/#listItem\",\"name\":\"La Orquesta Sinf\\u00f3nica de las Islas Baleares presenta sus conciertos en Menorca\"},\"previousItem\":{\"@type\":\"ListItem\",\"@id\":\"https:\\\/\\\/www.eldigitaldeasturias.com\\\/noticias#listItem\",\"name\":\"Home\"}},{\"@type\":\"ListItem\",\"@id\":\"https:\\\/\\\/www.eldigitaldeasturias.com\\\/noticias\\\/la-orquesta-sinfonica-de-las-islas-baleares-presenta-sus-conciertos-en-menorca\\\/#listItem\",\"position\":3,\"name\":\"La Orquesta Sinf\\u00f3nica de las Islas Baleares presenta sus conciertos en Menorca\",\"previousItem\":{\"@type\":\"ListItem\",\"@id\":\"https:\\\/\\\/www.eldigitaldeasturias.com\\\/noticias\\\/category\\\/actualidad\\\/#listItem\",\"name\":\"Actualidad\"}}]},{\"@type\":\"Organization\",\"@id\":\"https:\\\/\\\/www.eldigitaldeasturias.com\\\/noticias\\\/#organization\",\"name\":\"El Digital de Asturias\",\"description\":\"Hemeroteca\",\"url\":\"https:\\\/\\\/www.eldigitaldeasturias.com\\\/noticias\\\/\",\"email\":\"info@eldigitaldeasturias.com\",\"telephone\":\"+34652131393\",\"logo\":{\"@type\":\"ImageObject\",\"url\":\"https:\\\/\\\/www.eldigitaldeasturias.com\\\/noticias\\\/wp-content\\\/uploads\\\/2020\\\/12\\\/EDA.jpg\",\"@id\":\"https:\\\/\\\/www.eldigitaldeasturias.com\\\/noticias\\\/la-orquesta-sinfonica-de-las-islas-baleares-presenta-sus-conciertos-en-menorca\\\/#organizationLogo\",\"width\":649,\"height\":297},\"image\":{\"@id\":\"https:\\\/\\\/www.eldigitaldeasturias.com\\\/noticias\\\/la-orquesta-sinfonica-de-las-islas-baleares-presenta-sus-conciertos-en-menorca\\\/#organizationLogo\"},\"sameAs\":[\"https:\\\/\\\/facebook.com\\\/eldigitaldeasturias\",\"https:\\\/\\\/www.youtube.com\\\/channel\\\/UCZP-2wLEB9Rv6erhFmqVnvg\"],\"address\":{\"@id\":\"https:\\\/\\\/www.eldigitaldeasturias.com\\\/noticias\\\/#postaladdress\",\"@type\":\"PostalAddress\",\"streetAddress\":\"san antonio 4,\",\"postalCode\":\"33430\",\"addressLocality\":\"Cand\\u00e1s\",\"addressRegion\":\"Asturias\",\"addressCountry\":\"ES\"}},{\"@type\":\"Person\",\"@id\":\"https:\\\/\\\/www.eldigitaldeasturias.com\\\/noticias\\\/author\\\/admin\\\/#author\",\"url\":\"https:\\\/\\\/www.eldigitaldeasturias.com\\\/noticias\\\/author\\\/admin\\\/\",\"name\":\"El Digital de Asturias\",\"image\":{\"@type\":\"ImageObject\",\"@id\":\"https:\\\/\\\/www.eldigitaldeasturias.com\\\/noticias\\\/la-orquesta-sinfonica-de-las-islas-baleares-presenta-sus-conciertos-en-menorca\\\/#authorImage\",\"url\":\"https:\\\/\\\/www.eldigitaldeasturias.com\\\/noticias\\\/wp-content\\\/litespeed\\\/avatar\\\/18677e78aa0546b92d9dbf31ec7d7668.jpg?ver=1777290358\",\"width\":96,\"height\":96,\"caption\":\"El Digital de Asturias\"}},{\"@type\":\"WebPage\",\"@id\":\"https:\\\/\\\/www.eldigitaldeasturias.com\\\/noticias\\\/la-orquesta-sinfonica-de-las-islas-baleares-presenta-sus-conciertos-en-menorca\\\/#webpage\",\"url\":\"https:\\\/\\\/www.eldigitaldeasturias.com\\\/noticias\\\/la-orquesta-sinfonica-de-las-islas-baleares-presenta-sus-conciertos-en-menorca\\\/\",\"name\":\"La Orquesta Sinf\\u00f3nica de las Islas Baleares presenta sus conciertos en Menorca - El Digital de Asturias\",\"description\":\"La Orquesta Sinf\\u00f3nica de las Islas Baleares ha presentado hoy la programaci\\u00f3n de 4 conciertos con los que hace llegar hasta Menorca su Temporada desde marzo hasta junio. De esta manera se contin\\u00faan desarrollando los objetivos marcados por la Consejer\\u00eda de Transparencia, Cultura y Deportes de hacer llegar la Sinf\\u00f3nica todas las Islas Baleares. Aunque\",\"inLanguage\":\"es-ES\",\"isPartOf\":{\"@id\":\"https:\\\/\\\/www.eldigitaldeasturias.com\\\/noticias\\\/#website\"},\"breadcrumb\":{\"@id\":\"https:\\\/\\\/www.eldigitaldeasturias.com\\\/noticias\\\/la-orquesta-sinfonica-de-las-islas-baleares-presenta-sus-conciertos-en-menorca\\\/#breadcrumblist\"},\"author\":{\"@id\":\"https:\\\/\\\/www.eldigitaldeasturias.com\\\/noticias\\\/author\\\/admin\\\/#author\"},\"creator\":{\"@id\":\"https:\\\/\\\/www.eldigitaldeasturias.com\\\/noticias\\\/author\\\/admin\\\/#author\"},\"image\":{\"@type\":\"ImageObject\",\"url\":\"https:\\\/\\\/www.eldigitaldeasturias.com\\\/noticias\\\/wp-content\\\/uploads\\\/2017\\\/03\\\/2132000.jpg\",\"@id\":\"https:\\\/\\\/www.eldigitaldeasturias.com\\\/noticias\\\/la-orquesta-sinfonica-de-las-islas-baleares-presenta-sus-conciertos-en-menorca\\\/#mainImage\",\"width\":2420,\"height\":1815},\"primaryImageOfPage\":{\"@id\":\"https:\\\/\\\/www.eldigitaldeasturias.com\\\/noticias\\\/la-orquesta-sinfonica-de-las-islas-baleares-presenta-sus-conciertos-en-menorca\\\/#mainImage\"},\"datePublished\":\"2017-03-09T21:54:40+01:00\",\"dateModified\":\"2017-03-09T21:54:40+01:00\"},{\"@type\":\"WebSite\",\"@id\":\"https:\\\/\\\/www.eldigitaldeasturias.com\\\/noticias\\\/#website\",\"url\":\"https:\\\/\\\/www.eldigitaldeasturias.com\\\/noticias\\\/\",\"name\":\"El Digital de Asturias - Diario de actualidad y noticias\",\"alternateName\":\"El Digital de Asturias - Diario de actualidad y noticias\",\"description\":\"Hemeroteca\",\"inLanguage\":\"es-ES\",\"publisher\":{\"@id\":\"https:\\\/\\\/www.eldigitaldeasturias.com\\\/noticias\\\/#organization\"}}]}\n\t\t<\/script>\n\t\t<!-- All in One SEO Pro -->\r\n\t\t<title>La Orquesta Sinf\u00f3nica de las Islas Baleares presenta sus conciertos en Menorca - El Digital de Asturias<\/title>\n\n","aioseo_head_json":{"title":"La Orquesta Sinf\u00f3nica de las Islas Baleares presenta sus conciertos en Menorca - El Digital de Asturias","description":"La Orquesta Sinf\u00f3nica de las Islas Baleares ha presentado hoy la programaci\u00f3n de 4 conciertos con los que hace llegar hasta Menorca su Temporada desde marzo hasta junio. De esta manera se contin\u00faan desarrollando los objetivos marcados por la Consejer\u00eda de Transparencia, Cultura y Deportes de hacer llegar la Sinf\u00f3nica todas las Islas Baleares. Aunque","canonical_url":"https:\/\/www.eldigitaldeasturias.com\/noticias\/la-orquesta-sinfonica-de-las-islas-baleares-presenta-sus-conciertos-en-menorca\/","robots":"max-image-preview:large","keywords":"actualidad","webmasterTools":{"google-site-verification":"UA-38556648-1","msvalidate.01":"7dfe9f3f1b24437ab69f4f2559babe99","miscellaneous":""},"schema":{"@context":"https:\/\/schema.org","@graph":[{"@type":"BlogPosting","@id":"https:\/\/www.eldigitaldeasturias.com\/noticias\/la-orquesta-sinfonica-de-las-islas-baleares-presenta-sus-conciertos-en-menorca\/#blogposting","name":"La Orquesta Sinf\u00f3nica de las Islas Baleares presenta sus conciertos en Menorca - El Digital de Asturias","headline":"La Orquesta Sinf\u00f3nica de las Islas Baleares presenta sus conciertos en Menorca","author":{"@id":"https:\/\/www.eldigitaldeasturias.com\/noticias\/author\/admin\/#author"},"publisher":{"@id":"https:\/\/www.eldigitaldeasturias.com\/noticias\/#organization"},"image":{"@type":"ImageObject","url":"https:\/\/www.eldigitaldeasturias.com\/noticias\/wp-content\/uploads\/2017\/03\/2132000.jpg","width":2420,"height":1815},"datePublished":"2017-03-09T21:54:40+01:00","dateModified":"2017-03-09T21:54:40+01:00","inLanguage":"es-ES","mainEntityOfPage":{"@id":"https:\/\/www.eldigitaldeasturias.com\/noticias\/la-orquesta-sinfonica-de-las-islas-baleares-presenta-sus-conciertos-en-menorca\/#webpage"},"isPartOf":{"@id":"https:\/\/www.eldigitaldeasturias.com\/noticias\/la-orquesta-sinfonica-de-las-islas-baleares-presenta-sus-conciertos-en-menorca\/#webpage"},"articleSection":"Actualidad"},{"@type":"BreadcrumbList","@id":"https:\/\/www.eldigitaldeasturias.com\/noticias\/la-orquesta-sinfonica-de-las-islas-baleares-presenta-sus-conciertos-en-menorca\/#breadcrumblist","itemListElement":[{"@type":"ListItem","@id":"https:\/\/www.eldigitaldeasturias.com\/noticias#listItem","position":1,"name":"Home","item":"https:\/\/www.eldigitaldeasturias.com\/noticias","nextItem":{"@type":"ListItem","@id":"https:\/\/www.eldigitaldeasturias.com\/noticias\/category\/actualidad\/#listItem","name":"Actualidad"}},{"@type":"ListItem","@id":"https:\/\/www.eldigitaldeasturias.com\/noticias\/category\/actualidad\/#listItem","position":2,"name":"Actualidad","item":"https:\/\/www.eldigitaldeasturias.com\/noticias\/category\/actualidad\/","nextItem":{"@type":"ListItem","@id":"https:\/\/www.eldigitaldeasturias.com\/noticias\/la-orquesta-sinfonica-de-las-islas-baleares-presenta-sus-conciertos-en-menorca\/#listItem","name":"La Orquesta Sinf\u00f3nica de las Islas Baleares presenta sus conciertos en Menorca"},"previousItem":{"@type":"ListItem","@id":"https:\/\/www.eldigitaldeasturias.com\/noticias#listItem","name":"Home"}},{"@type":"ListItem","@id":"https:\/\/www.eldigitaldeasturias.com\/noticias\/la-orquesta-sinfonica-de-las-islas-baleares-presenta-sus-conciertos-en-menorca\/#listItem","position":3,"name":"La Orquesta Sinf\u00f3nica de las Islas Baleares presenta sus conciertos en Menorca","previousItem":{"@type":"ListItem","@id":"https:\/\/www.eldigitaldeasturias.com\/noticias\/category\/actualidad\/#listItem","name":"Actualidad"}}]},{"@type":"Organization","@id":"https:\/\/www.eldigitaldeasturias.com\/noticias\/#organization","name":"El Digital de Asturias","description":"Hemeroteca","url":"https:\/\/www.eldigitaldeasturias.com\/noticias\/","email":"info@eldigitaldeasturias.com","telephone":"+34652131393","logo":{"@type":"ImageObject","url":"https:\/\/www.eldigitaldeasturias.com\/noticias\/wp-content\/uploads\/2020\/12\/EDA.jpg","@id":"https:\/\/www.eldigitaldeasturias.com\/noticias\/la-orquesta-sinfonica-de-las-islas-baleares-presenta-sus-conciertos-en-menorca\/#organizationLogo","width":649,"height":297},"image":{"@id":"https:\/\/www.eldigitaldeasturias.com\/noticias\/la-orquesta-sinfonica-de-las-islas-baleares-presenta-sus-conciertos-en-menorca\/#organizationLogo"},"sameAs":["https:\/\/facebook.com\/eldigitaldeasturias","https:\/\/www.youtube.com\/channel\/UCZP-2wLEB9Rv6erhFmqVnvg"],"address":{"@id":"https:\/\/www.eldigitaldeasturias.com\/noticias\/#postaladdress","@type":"PostalAddress","streetAddress":"san antonio 4,","postalCode":"33430","addressLocality":"Cand\u00e1s","addressRegion":"Asturias","addressCountry":"ES"}},{"@type":"Person","@id":"https:\/\/www.eldigitaldeasturias.com\/noticias\/author\/admin\/#author","url":"https:\/\/www.eldigitaldeasturias.com\/noticias\/author\/admin\/","name":"El Digital de Asturias","image":{"@type":"ImageObject","@id":"https:\/\/www.eldigitaldeasturias.com\/noticias\/la-orquesta-sinfonica-de-las-islas-baleares-presenta-sus-conciertos-en-menorca\/#authorImage","url":"https:\/\/www.eldigitaldeasturias.com\/noticias\/wp-content\/litespeed\/avatar\/18677e78aa0546b92d9dbf31ec7d7668.jpg?ver=1777290358","width":96,"height":96,"caption":"El Digital de Asturias"}},{"@type":"WebPage","@id":"https:\/\/www.eldigitaldeasturias.com\/noticias\/la-orquesta-sinfonica-de-las-islas-baleares-presenta-sus-conciertos-en-menorca\/#webpage","url":"https:\/\/www.eldigitaldeasturias.com\/noticias\/la-orquesta-sinfonica-de-las-islas-baleares-presenta-sus-conciertos-en-menorca\/","name":"La Orquesta Sinf\u00f3nica de las Islas Baleares presenta sus conciertos en Menorca - El Digital de Asturias","description":"La Orquesta Sinf\u00f3nica de las Islas Baleares ha presentado hoy la programaci\u00f3n de 4 conciertos con los que hace llegar hasta Menorca su Temporada desde marzo hasta junio. De esta manera se contin\u00faan desarrollando los objetivos marcados por la Consejer\u00eda de Transparencia, Cultura y Deportes de hacer llegar la Sinf\u00f3nica todas las Islas Baleares. Aunque","inLanguage":"es-ES","isPartOf":{"@id":"https:\/\/www.eldigitaldeasturias.com\/noticias\/#website"},"breadcrumb":{"@id":"https:\/\/www.eldigitaldeasturias.com\/noticias\/la-orquesta-sinfonica-de-las-islas-baleares-presenta-sus-conciertos-en-menorca\/#breadcrumblist"},"author":{"@id":"https:\/\/www.eldigitaldeasturias.com\/noticias\/author\/admin\/#author"},"creator":{"@id":"https:\/\/www.eldigitaldeasturias.com\/noticias\/author\/admin\/#author"},"image":{"@type":"ImageObject","url":"https:\/\/www.eldigitaldeasturias.com\/noticias\/wp-content\/uploads\/2017\/03\/2132000.jpg","@id":"https:\/\/www.eldigitaldeasturias.com\/noticias\/la-orquesta-sinfonica-de-las-islas-baleares-presenta-sus-conciertos-en-menorca\/#mainImage","width":2420,"height":1815},"primaryImageOfPage":{"@id":"https:\/\/www.eldigitaldeasturias.com\/noticias\/la-orquesta-sinfonica-de-las-islas-baleares-presenta-sus-conciertos-en-menorca\/#mainImage"},"datePublished":"2017-03-09T21:54:40+01:00","dateModified":"2017-03-09T21:54:40+01:00"},{"@type":"WebSite","@id":"https:\/\/www.eldigitaldeasturias.com\/noticias\/#website","url":"https:\/\/www.eldigitaldeasturias.com\/noticias\/","name":"El Digital de Asturias - Diario de actualidad y noticias","alternateName":"El Digital de Asturias - Diario de actualidad y noticias","description":"Hemeroteca","inLanguage":"es-ES","publisher":{"@id":"https:\/\/www.eldigitaldeasturias.com\/noticias\/#organization"}}]},"og:locale":"es_ES","og:site_name":"El Digital de Asturias","og:type":"article","og:title":"La Orquesta Sinf\u00f3nica de las Islas Baleares presenta sus conciertos en Menorca - El Digital de Asturias","og:description":"La Orquesta Sinf\u00f3nica de las Islas Baleares ha presentado hoy la programaci\u00f3n de 4 conciertos con los que hace llegar hasta Menorca su Temporada desde marzo hasta junio. De esta manera se contin\u00faan desarrollando los objetivos marcados por la Consejer\u00eda de Transparencia, Cultura y Deportes de hacer llegar la Sinf\u00f3nica todas las Islas Baleares. Aunque","og:url":"https:\/\/www.eldigitaldeasturias.com\/noticias\/la-orquesta-sinfonica-de-las-islas-baleares-presenta-sus-conciertos-en-menorca\/","og:image":"https:\/\/www.eldigitaldeasturias.com\/noticias\/wp-content\/uploads\/2017\/03\/2132000.jpg","og:image:secure_url":"https:\/\/www.eldigitaldeasturias.com\/noticias\/wp-content\/uploads\/2017\/03\/2132000.jpg","og:image:width":2420,"og:image:height":1815,"article:tag":["actualidad"],"article:published_time":"2017-03-09T21:54:40+00:00","article:modified_time":"2017-03-09T21:54:40+00:00","article:publisher":"https:\/\/facebook.com\/eldigitaldeasturias","twitter:card":"summary_large_image","twitter:title":"La Orquesta Sinf\u00f3nica de las Islas Baleares presenta sus conciertos en Menorca - El Digital de Asturias","twitter:description":"La Orquesta Sinf\u00f3nica de las Islas Baleares ha presentado hoy la programaci\u00f3n de 4 conciertos con los que hace llegar hasta Menorca su Temporada desde marzo hasta junio. De esta manera se contin\u00faan desarrollando los objetivos marcados por la Consejer\u00eda de Transparencia, Cultura y Deportes de hacer llegar la Sinf\u00f3nica todas las Islas Baleares. Aunque","twitter:image":"https:\/\/www.eldigitaldeasturias.com\/noticias\/wp-content\/uploads\/2017\/03\/2132000.jpg","twitter:label1":"Escrito por","twitter:data1":"El Digital de Asturias","twitter:label2":"Tiempo de lectura estimado","twitter:data2":"3 minutos"},"aioseo_meta_data":{"post_id":"929253","title":null,"description":null,"keywords":null,"keyphrases":null,"primary_term":null,"canonical_url":null,"og_title":null,"og_description":null,"og_object_type":"default","og_image_type":"default","og_image_url":null,"og_image_width":null,"og_image_height":null,"og_image_custom_url":null,"og_image_custom_fields":null,"og_video":null,"og_custom_url":null,"og_article_section":null,"og_article_tags":null,"twitter_use_og":false,"twitter_card":"default","twitter_image_type":"default","twitter_image_url":null,"twitter_image_custom_url":null,"twitter_image_custom_fields":null,"twitter_title":null,"twitter_description":null,"schema":{"blockGraphs":[],"customGraphs":[],"default":{"data":{"Article":[],"Course":[],"Dataset":[],"FAQPage":[],"Movie":[],"Person":[],"Product":[],"ProductReview":[],"Car":[],"Recipe":[],"Service":[],"SoftwareApplication":[],"WebPage":[]},"graphName":"","isEnabled":true},"graphs":[],"defaultGraph":"","defaultPostTypeGraph":""},"schema_type":null,"schema_type_options":null,"pillar_content":false,"robots_default":true,"robots_noindex":false,"robots_noarchive":false,"robots_nosnippet":false,"robots_nofollow":false,"robots_noimageindex":false,"robots_noodp":false,"robots_notranslate":false,"robots_max_snippet":null,"robots_max_videopreview":null,"robots_max_imagepreview":"large","priority":null,"frequency":null,"local_seo":null,"seo_analyzer_scan_date":"2025-12-03 16:17:29","breadcrumb_settings":null,"limit_modified_date":false,"open_ai":null,"ai":null,"created":"2020-12-21 13:36:28","updated":"2025-12-03 16:17:29"},"aioseo_breadcrumb":"<div class=\"aioseo-breadcrumbs\"><span class=\"aioseo-breadcrumb\">\n\t<a href=\"https:\/\/www.eldigitaldeasturias.com\/noticias\" title=\"Home\">Home<\/a>\n<\/span><span class=\"aioseo-breadcrumb-separator\">\u2013<\/span><span class=\"aioseo-breadcrumb\">\n\t<a href=\"https:\/\/www.eldigitaldeasturias.com\/noticias\/category\/actualidad\/\" title=\"Actualidad\">Actualidad<\/a>\n<\/span><span class=\"aioseo-breadcrumb-separator\">\u2013<\/span><span class=\"aioseo-breadcrumb\">\n\t<a href=\"https:\/\/www.eldigitaldeasturias.com\/noticias\/la-orquesta-sinfonica-de-las-islas-baleares-presenta-sus-conciertos-en-menorca\/\" title=\"La Orquesta Sinf\u00f3nica de las Islas Baleares presenta sus conciertos en Menorca\">La Orquesta Sinf\u00f3nica de las Islas Baleares presenta sus conciertos en Menorca<\/a>\n<\/span><\/div>","aioseo_breadcrumb_json":[{"label":"Home","link":"https:\/\/www.eldigitaldeasturias.com\/noticias"},{"label":"Actualidad","link":"https:\/\/www.eldigitaldeasturias.com\/noticias\/category\/actualidad\/"},{"label":"La Orquesta Sinf\u00f3nica de las Islas Baleares presenta sus conciertos en Menorca","link":"https:\/\/www.eldigitaldeasturias.com\/noticias\/la-orquesta-sinfonica-de-las-islas-baleares-presenta-sus-conciertos-en-menorca\/"}],"_links":{"self":[{"href":"https:\/\/www.eldigitaldeasturias.com\/noticias\/wp-json\/wp\/v2\/posts\/929253","targetHints":{"allow":["GET"]}}],"collection":[{"href":"https:\/\/www.eldigitaldeasturias.com\/noticias\/wp-json\/wp\/v2\/posts"}],"about":[{"href":"https:\/\/www.eldigitaldeasturias.com\/noticias\/wp-json\/wp\/v2\/types\/post"}],"author":[{"embeddable":true,"href":"https:\/\/www.eldigitaldeasturias.com\/noticias\/wp-json\/wp\/v2\/users\/1"}],"replies":[{"embeddable":true,"href":"https:\/\/www.eldigitaldeasturias.com\/noticias\/wp-json\/wp\/v2\/comments?post=929253"}],"version-history":[{"count":0,"href":"https:\/\/www.eldigitaldeasturias.com\/noticias\/wp-json\/wp\/v2\/posts\/929253\/revisions"}],"wp:featuredmedia":[{"embeddable":true,"href":"https:\/\/www.eldigitaldeasturias.com\/noticias\/wp-json\/wp\/v2\/media\/929254"}],"wp:attachment":[{"href":"https:\/\/www.eldigitaldeasturias.com\/noticias\/wp-json\/wp\/v2\/media?parent=929253"}],"wp:term":[{"taxonomy":"category","embeddable":true,"href":"https:\/\/www.eldigitaldeasturias.com\/noticias\/wp-json\/wp\/v2\/categories?post=929253"},{"taxonomy":"post_tag","embeddable":true,"href":"https:\/\/www.eldigitaldeasturias.com\/noticias\/wp-json\/wp\/v2\/tags?post=929253"}],"curies":[{"name":"wp","href":"https:\/\/api.w.org\/{rel}","templated":true}]}}