{"id":928749,"date":"2017-03-06T22:37:40","date_gmt":"2017-03-06T22:37:40","guid":{"rendered":"http:\/\/www.eldigitaldeasturias.com\/noticias\/?p=928749"},"modified":"2017-03-06T22:37:40","modified_gmt":"2017-03-06T22:37:40","slug":"la-nasa-tambien-quiere-organizar-viajes-turisticos-a-la-luna","status":"publish","type":"post","link":"https:\/\/www.eldigitaldeasturias.com\/noticias\/la-nasa-tambien-quiere-organizar-viajes-turisticos-a-la-luna\/","title":{"rendered":"La NASA tambi\u00e9n quiere organizar viajes tur\u00edsticos a la Luna"},"content":{"rendered":"<p><img loading=\"lazy\" decoding=\"async\" class=\"alignleft size-medium wp-image-916105\" src=\"https:\/\/www.eldigitaldeasturias.com\/noticias\/wp-content\/uploads\/2016\/11\/superluna-360x260.jpg\" alt=\"\" width=\"360\" height=\"260\" srcset=\"https:\/\/www.eldigitaldeasturias.com\/noticias\/wp-content\/uploads\/2016\/11\/superluna-360x260.jpg 360w, https:\/\/www.eldigitaldeasturias.com\/noticias\/wp-content\/uploads\/2016\/11\/superluna-650x470.jpg 650w, https:\/\/www.eldigitaldeasturias.com\/noticias\/wp-content\/uploads\/2016\/11\/superluna.jpg 728w\" sizes=\"auto, (max-width: 360px) 100vw, 360px\" \/>En los \u00faltimos a\u00f1os la carrera espacial ha vuelto a tomar relevancia en el panorama internacional. Pero ya no se trata de una pelea entre dos imponentes estados naci\u00f3n, como fue el caso de la situaci\u00f3n vivida durante la Guerra Fr\u00eda, en donde Estados Unidos y la Uni\u00f3n Sovi\u00e9tica lucharon con u\u00f1as y dientes por ver quien llegaba primero a la luna, sino entre dos sectores de la econom\u00eda global: el sector privado representado por Space X y el gubernamental simbolizado por la NASA, quienes se est\u00e1n disputando el derecho de llevar turistas a la Luna por primera vez en la historia.<\/p>\n<p>Hace unos d\u00edas Space X, compa\u00f1\u00eda liderada por el visionario Elon Musk, anunci\u00f3 que realizar\u00e1n el primer viaje tur\u00edstico a la Luna en el 2018, llevando a dos millonarios, cuyas identidades han permanecido an\u00f3nimas hasta el momento, a hacer un recorrido alrededor de la luna en su nave espacial Falcon 9. Ante esta situaci\u00f3n la Casa Blanca se ha movilizado y ha pedido a la NASA la posibilidad de introducir gente com\u00fan y corriente a los vuelos que realizar\u00e1 la nave Space Launch System, un cohete espacial masivo cuya misi\u00f3n original era llegar a Marte sin tripulaci\u00f3n. La respuesta ha sido positiva y, al parecer, los primeros turistas que ir\u00e1n a la Luna en el SLS de la NASA lo har\u00e1n en el 2019.<\/p>\n<p>De entrada, Space X parece ser la opci\u00f3n m\u00e1s viable por el \u00e9nfasis que ha puesto Elon Musk en reducir los costos de todos sus procesos. En teor\u00eda, la oferta de Space X tiene como objetivo final ser viable para las personas de clase media-alta y no s\u00f3lo para millonarios.<\/p>\n<p>En ese sentido Space X lo est\u00e1 haciendo muy bien y la prueba fehaciente de ello es el \u00e9xito del cohete Falcon 9, el cual logr\u00f3 despegar, salir al espacio y aterrizar en el mismo lugar del que despeg\u00f3. Pero \u00bfqu\u00e9 consecuencias ha tenido el reducir costos en los planes de la empresa? Muchos retrasos y lo m\u00e1s delicado: medidas de seguridad menguantes, las cuales siguen sin llegar a ser 100 por ciento fiables y que podr\u00edan poner en peligro a los futuros turistas espaciales.<\/p>\n<p>En el caso de la NASA la situaci\u00f3n cambia ya que su cohete, Space Launch System, es una nave infinitamente m\u00e1s poderosa y segura que el Falcon 9 de Space X. El SLS puede cargar 290 mil kilogramos mientras que el Falcon 9 solamente 120 mil kilogramos. Esto implica mayores costos que influir\u00e1n de manera significativa en las personas que podr\u00e1n aspirar a llegar a la Luna gracias a la dependencia del gobierno de Estados Unidos.<\/p>\n<p>Al parecer no se trata de una guerra por la supremac\u00eda del turismo espacial, ya que tanto Space X como la NASA est\u00e1n trabajando de manera conjunta para poder materializar un su objetivo a largo plazo: crear colonias fuera de la tierra. Al respecto, Jim Muncy, fundador de PoliSpace, afirm\u00f3: \u00abEs una gran idea para Estados Unidos tener dos maneras totalmente diferentes de enviar gente a la Luna, y ser\u00e1 a\u00fan m\u00e1s positivo si los dos grandes protagonistas de esta situaci\u00f3n colaboran bajo un clima amistoso y de cordialidad. Si esto se cumple los \u00fanicos beneficiados seremos los seres humanos.\u00bb<\/p>\n<p><strong><em>La noticia \u00abNASA declara la guerra a Space X al anunciar que tambi\u00e9n har\u00e1n viajes tur\u00edsticos a la Luna\u00bb fue publicada originalmente en Revista Merca2.0.<\/em><\/strong><\/p>\n","protected":false},"excerpt":{"rendered":"<p>En los \u00faltimos a\u00f1os la carrera espacial ha vuelto a tomar relevancia en el panorama internacional. Pero ya no se trata de una pelea entre dos imponentes estados naci\u00f3n, como fue el caso de la situaci\u00f3n vivida durante la Guerra Fr\u00eda, en donde Estados Unidos y la Uni\u00f3n Sovi\u00e9tica lucharon con u\u00f1as y dientes por [&hellip;]<\/p>\n","protected":false},"author":1,"featured_media":916105,"comment_status":"closed","ping_status":"closed","sticky":false,"template":"","format":"standard","meta":{"footnotes":""},"categories":[141],"tags":[],"class_list":["post-928749","post","type-post","status-publish","format-standard","has-post-thumbnail","hentry","category-destacadas"],"aioseo_notices":[],"aioseo_head":"\n\t\t<!-- All in One SEO Pro 4.9.6.2 - aioseo.com -->\n\t<meta name=\"description\" content=\"En los \u00faltimos a\u00f1os la carrera espacial ha vuelto a tomar relevancia en el panorama internacional. Pero ya no se trata de una pelea entre dos imponentes estados naci\u00f3n, como fue el caso de la situaci\u00f3n vivida durante la Guerra Fr\u00eda, en donde Estados Unidos y la Uni\u00f3n Sovi\u00e9tica lucharon con u\u00f1as y dientes por\" \/>\n\t<meta name=\"robots\" content=\"max-image-preview:large\" \/>\n\t<meta name=\"author\" content=\"El Digital de Asturias\"\/>\n\t<meta name=\"google-site-verification\" content=\"UA-38556648-1\" \/>\n\t<meta name=\"msvalidate.01\" content=\"7dfe9f3f1b24437ab69f4f2559babe99\" \/>\n\t<meta name=\"keywords\" content=\"destacadas\" \/>\n\t<link rel=\"canonical\" href=\"https:\/\/www.eldigitaldeasturias.com\/noticias\/la-nasa-tambien-quiere-organizar-viajes-turisticos-a-la-luna\/\" \/>\n\t<meta name=\"generator\" content=\"All in One SEO Pro (AIOSEO) 4.9.6.2\" \/>\n\t\t<meta property=\"og:locale\" content=\"es_ES\" \/>\n\t\t<meta property=\"og:site_name\" content=\"El Digital de Asturias\" \/>\n\t\t<meta property=\"og:type\" content=\"article\" \/>\n\t\t<meta property=\"og:title\" content=\"La NASA tambi\u00e9n quiere organizar viajes tur\u00edsticos a la Luna - El Digital de Asturias\" \/>\n\t\t<meta property=\"og:description\" content=\"En los \u00faltimos a\u00f1os la carrera espacial ha vuelto a tomar relevancia en el panorama internacional. Pero ya no se trata de una pelea entre dos imponentes estados naci\u00f3n, como fue el caso de la situaci\u00f3n vivida durante la Guerra Fr\u00eda, en donde Estados Unidos y la Uni\u00f3n Sovi\u00e9tica lucharon con u\u00f1as y dientes por\" \/>\n\t\t<meta property=\"og:url\" content=\"https:\/\/www.eldigitaldeasturias.com\/noticias\/la-nasa-tambien-quiere-organizar-viajes-turisticos-a-la-luna\/\" \/>\n\t\t<meta property=\"og:image\" content=\"https:\/\/www.eldigitaldeasturias.com\/noticias\/wp-content\/uploads\/2016\/11\/superluna.jpg\" \/>\n\t\t<meta property=\"og:image:secure_url\" content=\"https:\/\/www.eldigitaldeasturias.com\/noticias\/wp-content\/uploads\/2016\/11\/superluna.jpg\" \/>\n\t\t<meta property=\"og:image:width\" content=\"728\" \/>\n\t\t<meta property=\"og:image:height\" content=\"526\" \/>\n\t\t<meta property=\"article:tag\" content=\"destacadas\" \/>\n\t\t<meta property=\"article:published_time\" content=\"2017-03-06T22:37:40+00:00\" \/>\n\t\t<meta property=\"article:modified_time\" content=\"2017-03-06T22:37:40+00:00\" \/>\n\t\t<meta property=\"article:publisher\" content=\"https:\/\/facebook.com\/eldigitaldeasturias\" \/>\n\t\t<meta name=\"twitter:card\" content=\"summary_large_image\" \/>\n\t\t<meta name=\"twitter:title\" content=\"La NASA tambi\u00e9n quiere organizar viajes tur\u00edsticos a la Luna - El Digital de Asturias\" \/>\n\t\t<meta name=\"twitter:description\" content=\"En los \u00faltimos a\u00f1os la carrera espacial ha vuelto a tomar relevancia en el panorama internacional. Pero ya no se trata de una pelea entre dos imponentes estados naci\u00f3n, como fue el caso de la situaci\u00f3n vivida durante la Guerra Fr\u00eda, en donde Estados Unidos y la Uni\u00f3n Sovi\u00e9tica lucharon con u\u00f1as y dientes por\" \/>\n\t\t<meta name=\"twitter:image\" content=\"https:\/\/www.eldigitaldeasturias.com\/noticias\/wp-content\/uploads\/2016\/11\/superluna.jpg\" \/>\n\t\t<meta name=\"twitter:label1\" content=\"Escrito por\" \/>\n\t\t<meta name=\"twitter:data1\" content=\"El Digital de Asturias\" \/>\n\t\t<meta name=\"twitter:label2\" content=\"Tiempo de lectura estimado\" \/>\n\t\t<meta name=\"twitter:data2\" content=\"3 minutos\" \/>\n\t\t<script type=\"application\/ld+json\" class=\"aioseo-schema\">\n\t\t\t{\"@context\":\"https:\\\/\\\/schema.org\",\"@graph\":[{\"@type\":\"BlogPosting\",\"@id\":\"https:\\\/\\\/www.eldigitaldeasturias.com\\\/noticias\\\/la-nasa-tambien-quiere-organizar-viajes-turisticos-a-la-luna\\\/#blogposting\",\"name\":\"La NASA tambi\\u00e9n quiere organizar viajes tur\\u00edsticos a la Luna - El Digital de Asturias\",\"headline\":\"La NASA tambi\\u00e9n quiere organizar viajes tur\\u00edsticos a la Luna\",\"author\":{\"@id\":\"https:\\\/\\\/www.eldigitaldeasturias.com\\\/noticias\\\/author\\\/admin\\\/#author\"},\"publisher\":{\"@id\":\"https:\\\/\\\/www.eldigitaldeasturias.com\\\/noticias\\\/#organization\"},\"image\":{\"@type\":\"ImageObject\",\"url\":\"https:\\\/\\\/www.eldigitaldeasturias.com\\\/noticias\\\/wp-content\\\/uploads\\\/2016\\\/11\\\/superluna.jpg\",\"width\":728,\"height\":526},\"datePublished\":\"2017-03-06T22:37:40+01:00\",\"dateModified\":\"2017-03-06T22:37:40+01:00\",\"inLanguage\":\"es-ES\",\"mainEntityOfPage\":{\"@id\":\"https:\\\/\\\/www.eldigitaldeasturias.com\\\/noticias\\\/la-nasa-tambien-quiere-organizar-viajes-turisticos-a-la-luna\\\/#webpage\"},\"isPartOf\":{\"@id\":\"https:\\\/\\\/www.eldigitaldeasturias.com\\\/noticias\\\/la-nasa-tambien-quiere-organizar-viajes-turisticos-a-la-luna\\\/#webpage\"},\"articleSection\":\"Destacadas\"},{\"@type\":\"BreadcrumbList\",\"@id\":\"https:\\\/\\\/www.eldigitaldeasturias.com\\\/noticias\\\/la-nasa-tambien-quiere-organizar-viajes-turisticos-a-la-luna\\\/#breadcrumblist\",\"itemListElement\":[{\"@type\":\"ListItem\",\"@id\":\"https:\\\/\\\/www.eldigitaldeasturias.com\\\/noticias#listItem\",\"position\":1,\"name\":\"Home\",\"item\":\"https:\\\/\\\/www.eldigitaldeasturias.com\\\/noticias\",\"nextItem\":{\"@type\":\"ListItem\",\"@id\":\"https:\\\/\\\/www.eldigitaldeasturias.com\\\/noticias\\\/category\\\/destacadas\\\/#listItem\",\"name\":\"Destacadas\"}},{\"@type\":\"ListItem\",\"@id\":\"https:\\\/\\\/www.eldigitaldeasturias.com\\\/noticias\\\/category\\\/destacadas\\\/#listItem\",\"position\":2,\"name\":\"Destacadas\",\"item\":\"https:\\\/\\\/www.eldigitaldeasturias.com\\\/noticias\\\/category\\\/destacadas\\\/\",\"nextItem\":{\"@type\":\"ListItem\",\"@id\":\"https:\\\/\\\/www.eldigitaldeasturias.com\\\/noticias\\\/la-nasa-tambien-quiere-organizar-viajes-turisticos-a-la-luna\\\/#listItem\",\"name\":\"La NASA tambi\\u00e9n quiere organizar viajes tur\\u00edsticos a la Luna\"},\"previousItem\":{\"@type\":\"ListItem\",\"@id\":\"https:\\\/\\\/www.eldigitaldeasturias.com\\\/noticias#listItem\",\"name\":\"Home\"}},{\"@type\":\"ListItem\",\"@id\":\"https:\\\/\\\/www.eldigitaldeasturias.com\\\/noticias\\\/la-nasa-tambien-quiere-organizar-viajes-turisticos-a-la-luna\\\/#listItem\",\"position\":3,\"name\":\"La NASA tambi\\u00e9n quiere organizar viajes tur\\u00edsticos a la Luna\",\"previousItem\":{\"@type\":\"ListItem\",\"@id\":\"https:\\\/\\\/www.eldigitaldeasturias.com\\\/noticias\\\/category\\\/destacadas\\\/#listItem\",\"name\":\"Destacadas\"}}]},{\"@type\":\"Organization\",\"@id\":\"https:\\\/\\\/www.eldigitaldeasturias.com\\\/noticias\\\/#organization\",\"name\":\"El Digital de Asturias\",\"description\":\"Hemeroteca\",\"url\":\"https:\\\/\\\/www.eldigitaldeasturias.com\\\/noticias\\\/\",\"email\":\"info@eldigitaldeasturias.com\",\"telephone\":\"+34652131393\",\"logo\":{\"@type\":\"ImageObject\",\"url\":\"https:\\\/\\\/www.eldigitaldeasturias.com\\\/noticias\\\/wp-content\\\/uploads\\\/2020\\\/12\\\/EDA.jpg\",\"@id\":\"https:\\\/\\\/www.eldigitaldeasturias.com\\\/noticias\\\/la-nasa-tambien-quiere-organizar-viajes-turisticos-a-la-luna\\\/#organizationLogo\",\"width\":649,\"height\":297},\"image\":{\"@id\":\"https:\\\/\\\/www.eldigitaldeasturias.com\\\/noticias\\\/la-nasa-tambien-quiere-organizar-viajes-turisticos-a-la-luna\\\/#organizationLogo\"},\"sameAs\":[\"https:\\\/\\\/facebook.com\\\/eldigitaldeasturias\",\"https:\\\/\\\/www.youtube.com\\\/channel\\\/UCZP-2wLEB9Rv6erhFmqVnvg\"],\"address\":{\"@id\":\"https:\\\/\\\/www.eldigitaldeasturias.com\\\/noticias\\\/#postaladdress\",\"@type\":\"PostalAddress\",\"streetAddress\":\"san antonio 4,\",\"postalCode\":\"33430\",\"addressLocality\":\"Cand\\u00e1s\",\"addressRegion\":\"Asturias\",\"addressCountry\":\"ES\"}},{\"@type\":\"Person\",\"@id\":\"https:\\\/\\\/www.eldigitaldeasturias.com\\\/noticias\\\/author\\\/admin\\\/#author\",\"url\":\"https:\\\/\\\/www.eldigitaldeasturias.com\\\/noticias\\\/author\\\/admin\\\/\",\"name\":\"El Digital de Asturias\",\"image\":{\"@type\":\"ImageObject\",\"@id\":\"https:\\\/\\\/www.eldigitaldeasturias.com\\\/noticias\\\/la-nasa-tambien-quiere-organizar-viajes-turisticos-a-la-luna\\\/#authorImage\",\"url\":\"https:\\\/\\\/www.eldigitaldeasturias.com\\\/noticias\\\/wp-content\\\/litespeed\\\/avatar\\\/18677e78aa0546b92d9dbf31ec7d7668.jpg?ver=1777290358\",\"width\":96,\"height\":96,\"caption\":\"El Digital de Asturias\"}},{\"@type\":\"WebPage\",\"@id\":\"https:\\\/\\\/www.eldigitaldeasturias.com\\\/noticias\\\/la-nasa-tambien-quiere-organizar-viajes-turisticos-a-la-luna\\\/#webpage\",\"url\":\"https:\\\/\\\/www.eldigitaldeasturias.com\\\/noticias\\\/la-nasa-tambien-quiere-organizar-viajes-turisticos-a-la-luna\\\/\",\"name\":\"La NASA tambi\\u00e9n quiere organizar viajes tur\\u00edsticos a la Luna - El Digital de Asturias\",\"description\":\"En los \\u00faltimos a\\u00f1os la carrera espacial ha vuelto a tomar relevancia en el panorama internacional. Pero ya no se trata de una pelea entre dos imponentes estados naci\\u00f3n, como fue el caso de la situaci\\u00f3n vivida durante la Guerra Fr\\u00eda, en donde Estados Unidos y la Uni\\u00f3n Sovi\\u00e9tica lucharon con u\\u00f1as y dientes por\",\"inLanguage\":\"es-ES\",\"isPartOf\":{\"@id\":\"https:\\\/\\\/www.eldigitaldeasturias.com\\\/noticias\\\/#website\"},\"breadcrumb\":{\"@id\":\"https:\\\/\\\/www.eldigitaldeasturias.com\\\/noticias\\\/la-nasa-tambien-quiere-organizar-viajes-turisticos-a-la-luna\\\/#breadcrumblist\"},\"author\":{\"@id\":\"https:\\\/\\\/www.eldigitaldeasturias.com\\\/noticias\\\/author\\\/admin\\\/#author\"},\"creator\":{\"@id\":\"https:\\\/\\\/www.eldigitaldeasturias.com\\\/noticias\\\/author\\\/admin\\\/#author\"},\"image\":{\"@type\":\"ImageObject\",\"url\":\"https:\\\/\\\/www.eldigitaldeasturias.com\\\/noticias\\\/wp-content\\\/uploads\\\/2016\\\/11\\\/superluna.jpg\",\"@id\":\"https:\\\/\\\/www.eldigitaldeasturias.com\\\/noticias\\\/la-nasa-tambien-quiere-organizar-viajes-turisticos-a-la-luna\\\/#mainImage\",\"width\":728,\"height\":526},\"primaryImageOfPage\":{\"@id\":\"https:\\\/\\\/www.eldigitaldeasturias.com\\\/noticias\\\/la-nasa-tambien-quiere-organizar-viajes-turisticos-a-la-luna\\\/#mainImage\"},\"datePublished\":\"2017-03-06T22:37:40+01:00\",\"dateModified\":\"2017-03-06T22:37:40+01:00\"},{\"@type\":\"WebSite\",\"@id\":\"https:\\\/\\\/www.eldigitaldeasturias.com\\\/noticias\\\/#website\",\"url\":\"https:\\\/\\\/www.eldigitaldeasturias.com\\\/noticias\\\/\",\"name\":\"El Digital de Asturias - Diario de actualidad y noticias\",\"alternateName\":\"El Digital de Asturias - Diario de actualidad y noticias\",\"description\":\"Hemeroteca\",\"inLanguage\":\"es-ES\",\"publisher\":{\"@id\":\"https:\\\/\\\/www.eldigitaldeasturias.com\\\/noticias\\\/#organization\"}}]}\n\t\t<\/script>\n\t\t<!-- All in One SEO Pro -->\r\n\t\t<title>La NASA tambi\u00e9n quiere organizar viajes tur\u00edsticos a la Luna - El Digital de Asturias<\/title>\n\n","aioseo_head_json":{"title":"La NASA tambi\u00e9n quiere organizar viajes tur\u00edsticos a la Luna - El Digital de Asturias","description":"En los \u00faltimos a\u00f1os la carrera espacial ha vuelto a tomar relevancia en el panorama internacional. Pero ya no se trata de una pelea entre dos imponentes estados naci\u00f3n, como fue el caso de la situaci\u00f3n vivida durante la Guerra Fr\u00eda, en donde Estados Unidos y la Uni\u00f3n Sovi\u00e9tica lucharon con u\u00f1as y dientes por","canonical_url":"https:\/\/www.eldigitaldeasturias.com\/noticias\/la-nasa-tambien-quiere-organizar-viajes-turisticos-a-la-luna\/","robots":"max-image-preview:large","keywords":"destacadas","webmasterTools":{"google-site-verification":"UA-38556648-1","msvalidate.01":"7dfe9f3f1b24437ab69f4f2559babe99","miscellaneous":""},"schema":{"@context":"https:\/\/schema.org","@graph":[{"@type":"BlogPosting","@id":"https:\/\/www.eldigitaldeasturias.com\/noticias\/la-nasa-tambien-quiere-organizar-viajes-turisticos-a-la-luna\/#blogposting","name":"La NASA tambi\u00e9n quiere organizar viajes tur\u00edsticos a la Luna - El Digital de Asturias","headline":"La NASA tambi\u00e9n quiere organizar viajes tur\u00edsticos a la Luna","author":{"@id":"https:\/\/www.eldigitaldeasturias.com\/noticias\/author\/admin\/#author"},"publisher":{"@id":"https:\/\/www.eldigitaldeasturias.com\/noticias\/#organization"},"image":{"@type":"ImageObject","url":"https:\/\/www.eldigitaldeasturias.com\/noticias\/wp-content\/uploads\/2016\/11\/superluna.jpg","width":728,"height":526},"datePublished":"2017-03-06T22:37:40+01:00","dateModified":"2017-03-06T22:37:40+01:00","inLanguage":"es-ES","mainEntityOfPage":{"@id":"https:\/\/www.eldigitaldeasturias.com\/noticias\/la-nasa-tambien-quiere-organizar-viajes-turisticos-a-la-luna\/#webpage"},"isPartOf":{"@id":"https:\/\/www.eldigitaldeasturias.com\/noticias\/la-nasa-tambien-quiere-organizar-viajes-turisticos-a-la-luna\/#webpage"},"articleSection":"Destacadas"},{"@type":"BreadcrumbList","@id":"https:\/\/www.eldigitaldeasturias.com\/noticias\/la-nasa-tambien-quiere-organizar-viajes-turisticos-a-la-luna\/#breadcrumblist","itemListElement":[{"@type":"ListItem","@id":"https:\/\/www.eldigitaldeasturias.com\/noticias#listItem","position":1,"name":"Home","item":"https:\/\/www.eldigitaldeasturias.com\/noticias","nextItem":{"@type":"ListItem","@id":"https:\/\/www.eldigitaldeasturias.com\/noticias\/category\/destacadas\/#listItem","name":"Destacadas"}},{"@type":"ListItem","@id":"https:\/\/www.eldigitaldeasturias.com\/noticias\/category\/destacadas\/#listItem","position":2,"name":"Destacadas","item":"https:\/\/www.eldigitaldeasturias.com\/noticias\/category\/destacadas\/","nextItem":{"@type":"ListItem","@id":"https:\/\/www.eldigitaldeasturias.com\/noticias\/la-nasa-tambien-quiere-organizar-viajes-turisticos-a-la-luna\/#listItem","name":"La NASA tambi\u00e9n quiere organizar viajes tur\u00edsticos a la Luna"},"previousItem":{"@type":"ListItem","@id":"https:\/\/www.eldigitaldeasturias.com\/noticias#listItem","name":"Home"}},{"@type":"ListItem","@id":"https:\/\/www.eldigitaldeasturias.com\/noticias\/la-nasa-tambien-quiere-organizar-viajes-turisticos-a-la-luna\/#listItem","position":3,"name":"La NASA tambi\u00e9n quiere organizar viajes tur\u00edsticos a la Luna","previousItem":{"@type":"ListItem","@id":"https:\/\/www.eldigitaldeasturias.com\/noticias\/category\/destacadas\/#listItem","name":"Destacadas"}}]},{"@type":"Organization","@id":"https:\/\/www.eldigitaldeasturias.com\/noticias\/#organization","name":"El Digital de Asturias","description":"Hemeroteca","url":"https:\/\/www.eldigitaldeasturias.com\/noticias\/","email":"info@eldigitaldeasturias.com","telephone":"+34652131393","logo":{"@type":"ImageObject","url":"https:\/\/www.eldigitaldeasturias.com\/noticias\/wp-content\/uploads\/2020\/12\/EDA.jpg","@id":"https:\/\/www.eldigitaldeasturias.com\/noticias\/la-nasa-tambien-quiere-organizar-viajes-turisticos-a-la-luna\/#organizationLogo","width":649,"height":297},"image":{"@id":"https:\/\/www.eldigitaldeasturias.com\/noticias\/la-nasa-tambien-quiere-organizar-viajes-turisticos-a-la-luna\/#organizationLogo"},"sameAs":["https:\/\/facebook.com\/eldigitaldeasturias","https:\/\/www.youtube.com\/channel\/UCZP-2wLEB9Rv6erhFmqVnvg"],"address":{"@id":"https:\/\/www.eldigitaldeasturias.com\/noticias\/#postaladdress","@type":"PostalAddress","streetAddress":"san antonio 4,","postalCode":"33430","addressLocality":"Cand\u00e1s","addressRegion":"Asturias","addressCountry":"ES"}},{"@type":"Person","@id":"https:\/\/www.eldigitaldeasturias.com\/noticias\/author\/admin\/#author","url":"https:\/\/www.eldigitaldeasturias.com\/noticias\/author\/admin\/","name":"El Digital de Asturias","image":{"@type":"ImageObject","@id":"https:\/\/www.eldigitaldeasturias.com\/noticias\/la-nasa-tambien-quiere-organizar-viajes-turisticos-a-la-luna\/#authorImage","url":"https:\/\/www.eldigitaldeasturias.com\/noticias\/wp-content\/litespeed\/avatar\/18677e78aa0546b92d9dbf31ec7d7668.jpg?ver=1777290358","width":96,"height":96,"caption":"El Digital de Asturias"}},{"@type":"WebPage","@id":"https:\/\/www.eldigitaldeasturias.com\/noticias\/la-nasa-tambien-quiere-organizar-viajes-turisticos-a-la-luna\/#webpage","url":"https:\/\/www.eldigitaldeasturias.com\/noticias\/la-nasa-tambien-quiere-organizar-viajes-turisticos-a-la-luna\/","name":"La NASA tambi\u00e9n quiere organizar viajes tur\u00edsticos a la Luna - El Digital de Asturias","description":"En los \u00faltimos a\u00f1os la carrera espacial ha vuelto a tomar relevancia en el panorama internacional. Pero ya no se trata de una pelea entre dos imponentes estados naci\u00f3n, como fue el caso de la situaci\u00f3n vivida durante la Guerra Fr\u00eda, en donde Estados Unidos y la Uni\u00f3n Sovi\u00e9tica lucharon con u\u00f1as y dientes por","inLanguage":"es-ES","isPartOf":{"@id":"https:\/\/www.eldigitaldeasturias.com\/noticias\/#website"},"breadcrumb":{"@id":"https:\/\/www.eldigitaldeasturias.com\/noticias\/la-nasa-tambien-quiere-organizar-viajes-turisticos-a-la-luna\/#breadcrumblist"},"author":{"@id":"https:\/\/www.eldigitaldeasturias.com\/noticias\/author\/admin\/#author"},"creator":{"@id":"https:\/\/www.eldigitaldeasturias.com\/noticias\/author\/admin\/#author"},"image":{"@type":"ImageObject","url":"https:\/\/www.eldigitaldeasturias.com\/noticias\/wp-content\/uploads\/2016\/11\/superluna.jpg","@id":"https:\/\/www.eldigitaldeasturias.com\/noticias\/la-nasa-tambien-quiere-organizar-viajes-turisticos-a-la-luna\/#mainImage","width":728,"height":526},"primaryImageOfPage":{"@id":"https:\/\/www.eldigitaldeasturias.com\/noticias\/la-nasa-tambien-quiere-organizar-viajes-turisticos-a-la-luna\/#mainImage"},"datePublished":"2017-03-06T22:37:40+01:00","dateModified":"2017-03-06T22:37:40+01:00"},{"@type":"WebSite","@id":"https:\/\/www.eldigitaldeasturias.com\/noticias\/#website","url":"https:\/\/www.eldigitaldeasturias.com\/noticias\/","name":"El Digital de Asturias - Diario de actualidad y noticias","alternateName":"El Digital de Asturias - Diario de actualidad y noticias","description":"Hemeroteca","inLanguage":"es-ES","publisher":{"@id":"https:\/\/www.eldigitaldeasturias.com\/noticias\/#organization"}}]},"og:locale":"es_ES","og:site_name":"El Digital de Asturias","og:type":"article","og:title":"La NASA tambi\u00e9n quiere organizar viajes tur\u00edsticos a la Luna - El Digital de Asturias","og:description":"En los \u00faltimos a\u00f1os la carrera espacial ha vuelto a tomar relevancia en el panorama internacional. Pero ya no se trata de una pelea entre dos imponentes estados naci\u00f3n, como fue el caso de la situaci\u00f3n vivida durante la Guerra Fr\u00eda, en donde Estados Unidos y la Uni\u00f3n Sovi\u00e9tica lucharon con u\u00f1as y dientes por","og:url":"https:\/\/www.eldigitaldeasturias.com\/noticias\/la-nasa-tambien-quiere-organizar-viajes-turisticos-a-la-luna\/","og:image":"https:\/\/www.eldigitaldeasturias.com\/noticias\/wp-content\/uploads\/2016\/11\/superluna.jpg","og:image:secure_url":"https:\/\/www.eldigitaldeasturias.com\/noticias\/wp-content\/uploads\/2016\/11\/superluna.jpg","og:image:width":728,"og:image:height":526,"article:tag":["destacadas"],"article:published_time":"2017-03-06T22:37:40+00:00","article:modified_time":"2017-03-06T22:37:40+00:00","article:publisher":"https:\/\/facebook.com\/eldigitaldeasturias","twitter:card":"summary_large_image","twitter:title":"La NASA tambi\u00e9n quiere organizar viajes tur\u00edsticos a la Luna - El Digital de Asturias","twitter:description":"En los \u00faltimos a\u00f1os la carrera espacial ha vuelto a tomar relevancia en el panorama internacional. Pero ya no se trata de una pelea entre dos imponentes estados naci\u00f3n, como fue el caso de la situaci\u00f3n vivida durante la Guerra Fr\u00eda, en donde Estados Unidos y la Uni\u00f3n Sovi\u00e9tica lucharon con u\u00f1as y dientes por","twitter:image":"https:\/\/www.eldigitaldeasturias.com\/noticias\/wp-content\/uploads\/2016\/11\/superluna.jpg","twitter:label1":"Escrito por","twitter:data1":"El Digital de Asturias","twitter:label2":"Tiempo de lectura estimado","twitter:data2":"3 minutos"},"aioseo_meta_data":{"post_id":"928749","title":null,"description":null,"keywords":null,"keyphrases":null,"primary_term":null,"canonical_url":null,"og_title":null,"og_description":null,"og_object_type":"default","og_image_type":"default","og_image_url":null,"og_image_width":null,"og_image_height":null,"og_image_custom_url":null,"og_image_custom_fields":null,"og_video":null,"og_custom_url":null,"og_article_section":null,"og_article_tags":null,"twitter_use_og":false,"twitter_card":"default","twitter_image_type":"default","twitter_image_url":null,"twitter_image_custom_url":null,"twitter_image_custom_fields":null,"twitter_title":null,"twitter_description":null,"schema":{"blockGraphs":[],"customGraphs":[],"default":{"data":{"Article":[],"Course":[],"Dataset":[],"FAQPage":[],"Movie":[],"Person":[],"Product":[],"ProductReview":[],"Car":[],"Recipe":[],"Service":[],"SoftwareApplication":[],"WebPage":[]},"graphName":"","isEnabled":true},"graphs":[],"defaultGraph":"","defaultPostTypeGraph":""},"schema_type":null,"schema_type_options":null,"pillar_content":false,"robots_default":true,"robots_noindex":false,"robots_noarchive":false,"robots_nosnippet":false,"robots_nofollow":false,"robots_noimageindex":false,"robots_noodp":false,"robots_notranslate":false,"robots_max_snippet":null,"robots_max_videopreview":null,"robots_max_imagepreview":"large","priority":null,"frequency":null,"local_seo":null,"seo_analyzer_scan_date":"2025-12-03 14:34:05","breadcrumb_settings":null,"limit_modified_date":false,"open_ai":null,"ai":null,"created":"2020-12-21 13:36:50","updated":"2025-12-03 14:34:05"},"aioseo_breadcrumb":"<div class=\"aioseo-breadcrumbs\"><span class=\"aioseo-breadcrumb\">\n\t<a href=\"https:\/\/www.eldigitaldeasturias.com\/noticias\" title=\"Home\">Home<\/a>\n<\/span><span class=\"aioseo-breadcrumb-separator\">\u2013<\/span><span class=\"aioseo-breadcrumb\">\n\t<a href=\"https:\/\/www.eldigitaldeasturias.com\/noticias\/category\/destacadas\/\" title=\"Destacadas\">Destacadas<\/a>\n<\/span><span class=\"aioseo-breadcrumb-separator\">\u2013<\/span><span class=\"aioseo-breadcrumb\">\n\t<a href=\"https:\/\/www.eldigitaldeasturias.com\/noticias\/la-nasa-tambien-quiere-organizar-viajes-turisticos-a-la-luna\/\" title=\"La NASA tambi\u00e9n quiere organizar viajes tur\u00edsticos a la Luna\">La NASA tambi\u00e9n quiere organizar viajes tur\u00edsticos a la Luna<\/a>\n<\/span><\/div>","aioseo_breadcrumb_json":[{"label":"Home","link":"https:\/\/www.eldigitaldeasturias.com\/noticias"},{"label":"Destacadas","link":"https:\/\/www.eldigitaldeasturias.com\/noticias\/category\/destacadas\/"},{"label":"La NASA tambi\u00e9n quiere organizar viajes tur\u00edsticos a la Luna","link":"https:\/\/www.eldigitaldeasturias.com\/noticias\/la-nasa-tambien-quiere-organizar-viajes-turisticos-a-la-luna\/"}],"_links":{"self":[{"href":"https:\/\/www.eldigitaldeasturias.com\/noticias\/wp-json\/wp\/v2\/posts\/928749","targetHints":{"allow":["GET"]}}],"collection":[{"href":"https:\/\/www.eldigitaldeasturias.com\/noticias\/wp-json\/wp\/v2\/posts"}],"about":[{"href":"https:\/\/www.eldigitaldeasturias.com\/noticias\/wp-json\/wp\/v2\/types\/post"}],"author":[{"embeddable":true,"href":"https:\/\/www.eldigitaldeasturias.com\/noticias\/wp-json\/wp\/v2\/users\/1"}],"replies":[{"embeddable":true,"href":"https:\/\/www.eldigitaldeasturias.com\/noticias\/wp-json\/wp\/v2\/comments?post=928749"}],"version-history":[{"count":0,"href":"https:\/\/www.eldigitaldeasturias.com\/noticias\/wp-json\/wp\/v2\/posts\/928749\/revisions"}],"wp:featuredmedia":[{"embeddable":true,"href":"https:\/\/www.eldigitaldeasturias.com\/noticias\/wp-json\/wp\/v2\/media\/916105"}],"wp:attachment":[{"href":"https:\/\/www.eldigitaldeasturias.com\/noticias\/wp-json\/wp\/v2\/media?parent=928749"}],"wp:term":[{"taxonomy":"category","embeddable":true,"href":"https:\/\/www.eldigitaldeasturias.com\/noticias\/wp-json\/wp\/v2\/categories?post=928749"},{"taxonomy":"post_tag","embeddable":true,"href":"https:\/\/www.eldigitaldeasturias.com\/noticias\/wp-json\/wp\/v2\/tags?post=928749"}],"curies":[{"name":"wp","href":"https:\/\/api.w.org\/{rel}","templated":true}]}}