{"id":928744,"date":"2017-03-06T22:31:05","date_gmt":"2017-03-06T22:31:05","guid":{"rendered":"http:\/\/www.eldigitaldeasturias.com\/noticias\/?p=928744"},"modified":"2017-03-06T22:31:05","modified_gmt":"2017-03-06T22:31:05","slug":"la-fmc-solicitara-a-defensa-la-cesion-del-conjunto-romanico-de-la-vega","status":"publish","type":"post","link":"https:\/\/www.eldigitaldeasturias.com\/noticias\/la-fmc-solicitara-a-defensa-la-cesion-del-conjunto-romanico-de-la-vega\/","title":{"rendered":"La FMC solicitar\u00e1 a Defensa la cesi\u00f3n del conjunto rom\u00e1nico de La Vega"},"content":{"rendered":"<p><img loading=\"lazy\" decoding=\"async\" class=\"alignleft size-medium wp-image-928745\" src=\"https:\/\/www.eldigitaldeasturias.com\/noticias\/wp-content\/uploads\/2017\/03\/La-Vega-web-360x268.jpg\" alt=\"\" width=\"360\" height=\"268\" srcset=\"https:\/\/www.eldigitaldeasturias.com\/noticias\/wp-content\/uploads\/2017\/03\/La-Vega-web-360x268.jpg 360w, https:\/\/www.eldigitaldeasturias.com\/noticias\/wp-content\/uploads\/2017\/03\/La-Vega-web-768x571.jpg 768w, https:\/\/www.eldigitaldeasturias.com\/noticias\/wp-content\/uploads\/2017\/03\/La-Vega-web-650x483.jpg 650w, https:\/\/www.eldigitaldeasturias.com\/noticias\/wp-content\/uploads\/2017\/03\/La-Vega-web-90x67.jpg 90w, https:\/\/www.eldigitaldeasturias.com\/noticias\/wp-content\/uploads\/2017\/03\/La-Vega-web-100x75.jpg 100w, https:\/\/www.eldigitaldeasturias.com\/noticias\/wp-content\/uploads\/2017\/03\/La-Vega-web.jpg 1200w\" sizes=\"auto, (max-width: 360px) 100vw, 360px\" \/>El presidente de la Fundaci\u00f3n Municipal de Cultura, Roberto S\u00e1nchez Ramos, ha visitado junto a responsables del Real Instituto de Estudios Asturianos e historiadores de la Universidad de Oviedo el conjunto rom\u00e1nico de la F\u00e1brica de Armas de La Vega para conocer de primera mano el estado de conservaci\u00f3n tanto de la capilla como del claustro que datan del siglo XII.<\/p>\n<p>El concejal de Cultura ha explicado que el objetivo es que los expertos elaboren un informe con el que el Ayuntamiento de Oviedo respalde su petici\u00f3n al Ministerio de Defensa de \u00abcesi\u00f3n de este patrimonio hist\u00f3rico y art\u00edstico a la ciudadan\u00eda de Oviedo\u00bb. S\u00e1nchez Ramos ha reconocido que el \u00abproceso de negociaci\u00f3n\u00bb puede ser largo, pero \u00absi hay voluntad pol\u00edtica por parte de la nueva responsable del \u00e1rea (en referencia a la ministra de Defensa, Maria Dolores de Cospedal) podremos incorporar al patrimonio de Oviedo esta parte de historia en un a\u00f1o clave como \u00e9ste, habida cuenta de la importancia que est\u00e1 cobrando el Camino Primitivo Oviedo- Santiago\u00bb.<\/p>\n<p>En esta l\u00ednea el edil ha subrayado la conveniencia de que en esta negociaci\u00f3n est\u00e9n tambi\u00e9n presentes tanto el Principado como la Universidad de Oviedo y ha resaltado la importancia de que, como primer paso, este conjunto hist\u00f3rico sea declarado Bien de Inter\u00e9s Cultural.<\/p>\n<p>S\u00e1nchez Ramos ha continuado indicando que \u00abcon este objetivo en mente, las negociaciones tienen que abrirse de forma seria\u00bb tal y como se hizo en los a\u00f1os 80 \u00abcuando el cuartel del Mil\u00e1n se reconvirti\u00f3 en una facultad y se cedieron otras instalaciones en Trubia\u00bb. En la visita el edil ha estado acompa\u00f1ado por Ram\u00f3n Rodr\u00edguez y Andr\u00e9s Mart\u00ednez Vega del RIDEA, y los profesores de la Universidad de Oviedo, Raquel Alonso, Javier Gonz\u00e1lez y Bego\u00f1a Torre.<\/p>\n","protected":false},"excerpt":{"rendered":"<p>El presidente de la Fundaci\u00f3n Municipal de Cultura, Roberto S\u00e1nchez Ramos, ha visitado junto a responsables del Real Instituto de Estudios Asturianos e historiadores de la Universidad de Oviedo el conjunto rom\u00e1nico de la F\u00e1brica de Armas de La Vega para conocer de primera mano el estado de conservaci\u00f3n tanto de la capilla como del [&hellip;]<\/p>\n","protected":false},"author":1,"featured_media":928745,"comment_status":"closed","ping_status":"closed","sticky":false,"template":"","format":"standard","meta":{"footnotes":""},"categories":[141],"tags":[],"class_list":["post-928744","post","type-post","status-publish","format-standard","has-post-thumbnail","hentry","category-destacadas"],"aioseo_notices":[],"aioseo_head":"\n\t\t<!-- All in One SEO Pro 4.9.6.2 - aioseo.com -->\n\t<meta name=\"description\" content=\"El presidente de la Fundaci\u00f3n Municipal de Cultura, Roberto S\u00e1nchez Ramos, ha visitado junto a responsables del Real Instituto de Estudios Asturianos e historiadores de la Universidad de Oviedo el conjunto rom\u00e1nico de la F\u00e1brica de Armas de La Vega para conocer de primera mano el estado de conservaci\u00f3n tanto de la capilla como del\" \/>\n\t<meta name=\"robots\" content=\"max-image-preview:large\" \/>\n\t<meta name=\"author\" content=\"El Digital de Asturias\"\/>\n\t<meta name=\"google-site-verification\" content=\"UA-38556648-1\" \/>\n\t<meta name=\"msvalidate.01\" content=\"7dfe9f3f1b24437ab69f4f2559babe99\" \/>\n\t<meta name=\"keywords\" content=\"destacadas\" \/>\n\t<link rel=\"canonical\" href=\"https:\/\/www.eldigitaldeasturias.com\/noticias\/la-fmc-solicitara-a-defensa-la-cesion-del-conjunto-romanico-de-la-vega\/\" \/>\n\t<meta name=\"generator\" content=\"All in One SEO Pro (AIOSEO) 4.9.6.2\" \/>\n\t\t<meta property=\"og:locale\" content=\"es_ES\" \/>\n\t\t<meta property=\"og:site_name\" content=\"El Digital de Asturias\" \/>\n\t\t<meta property=\"og:type\" content=\"article\" \/>\n\t\t<meta property=\"og:title\" content=\"La FMC solicitar\u00e1 a Defensa la cesi\u00f3n del conjunto rom\u00e1nico de La Vega - El Digital de Asturias\" \/>\n\t\t<meta property=\"og:description\" content=\"El presidente de la Fundaci\u00f3n Municipal de Cultura, Roberto S\u00e1nchez Ramos, ha visitado junto a responsables del Real Instituto de Estudios Asturianos e historiadores de la Universidad de Oviedo el conjunto rom\u00e1nico de la F\u00e1brica de Armas de La Vega para conocer de primera mano el estado de conservaci\u00f3n tanto de la capilla como del\" \/>\n\t\t<meta property=\"og:url\" content=\"https:\/\/www.eldigitaldeasturias.com\/noticias\/la-fmc-solicitara-a-defensa-la-cesion-del-conjunto-romanico-de-la-vega\/\" \/>\n\t\t<meta property=\"og:image\" content=\"https:\/\/www.eldigitaldeasturias.com\/noticias\/wp-content\/uploads\/2017\/03\/La-Vega-web.jpg\" \/>\n\t\t<meta property=\"og:image:secure_url\" content=\"https:\/\/www.eldigitaldeasturias.com\/noticias\/wp-content\/uploads\/2017\/03\/La-Vega-web.jpg\" \/>\n\t\t<meta property=\"og:image:width\" content=\"1200\" \/>\n\t\t<meta property=\"og:image:height\" content=\"892\" \/>\n\t\t<meta property=\"article:tag\" content=\"destacadas\" \/>\n\t\t<meta property=\"article:published_time\" content=\"2017-03-06T22:31:05+00:00\" \/>\n\t\t<meta property=\"article:modified_time\" content=\"2017-03-06T22:31:05+00:00\" \/>\n\t\t<meta property=\"article:publisher\" content=\"https:\/\/facebook.com\/eldigitaldeasturias\" \/>\n\t\t<meta name=\"twitter:card\" content=\"summary_large_image\" \/>\n\t\t<meta name=\"twitter:title\" content=\"La FMC solicitar\u00e1 a Defensa la cesi\u00f3n del conjunto rom\u00e1nico de La Vega - El Digital de Asturias\" \/>\n\t\t<meta name=\"twitter:description\" content=\"El presidente de la Fundaci\u00f3n Municipal de Cultura, Roberto S\u00e1nchez Ramos, ha visitado junto a responsables del Real Instituto de Estudios Asturianos e historiadores de la Universidad de Oviedo el conjunto rom\u00e1nico de la F\u00e1brica de Armas de La Vega para conocer de primera mano el estado de conservaci\u00f3n tanto de la capilla como del\" \/>\n\t\t<meta name=\"twitter:image\" content=\"https:\/\/www.eldigitaldeasturias.com\/noticias\/wp-content\/uploads\/2017\/03\/La-Vega-web.jpg\" \/>\n\t\t<meta name=\"twitter:label1\" content=\"Escrito por\" \/>\n\t\t<meta name=\"twitter:data1\" content=\"El Digital de Asturias\" \/>\n\t\t<meta name=\"twitter:label2\" content=\"Tiempo de lectura estimado\" \/>\n\t\t<meta name=\"twitter:data2\" content=\"2 minutos\" \/>\n\t\t<script type=\"application\/ld+json\" class=\"aioseo-schema\">\n\t\t\t{\"@context\":\"https:\\\/\\\/schema.org\",\"@graph\":[{\"@type\":\"BlogPosting\",\"@id\":\"https:\\\/\\\/www.eldigitaldeasturias.com\\\/noticias\\\/la-fmc-solicitara-a-defensa-la-cesion-del-conjunto-romanico-de-la-vega\\\/#blogposting\",\"name\":\"La FMC solicitar\\u00e1 a Defensa la cesi\\u00f3n del conjunto rom\\u00e1nico de La Vega - El Digital de Asturias\",\"headline\":\"La FMC solicitar\\u00e1 a Defensa la cesi\\u00f3n del conjunto rom\\u00e1nico de La Vega\",\"author\":{\"@id\":\"https:\\\/\\\/www.eldigitaldeasturias.com\\\/noticias\\\/author\\\/admin\\\/#author\"},\"publisher\":{\"@id\":\"https:\\\/\\\/www.eldigitaldeasturias.com\\\/noticias\\\/#organization\"},\"image\":{\"@type\":\"ImageObject\",\"url\":\"https:\\\/\\\/www.eldigitaldeasturias.com\\\/noticias\\\/wp-content\\\/uploads\\\/2017\\\/03\\\/La-Vega-web.jpg\",\"width\":1200,\"height\":892},\"datePublished\":\"2017-03-06T22:31:05+01:00\",\"dateModified\":\"2017-03-06T22:31:05+01:00\",\"inLanguage\":\"es-ES\",\"mainEntityOfPage\":{\"@id\":\"https:\\\/\\\/www.eldigitaldeasturias.com\\\/noticias\\\/la-fmc-solicitara-a-defensa-la-cesion-del-conjunto-romanico-de-la-vega\\\/#webpage\"},\"isPartOf\":{\"@id\":\"https:\\\/\\\/www.eldigitaldeasturias.com\\\/noticias\\\/la-fmc-solicitara-a-defensa-la-cesion-del-conjunto-romanico-de-la-vega\\\/#webpage\"},\"articleSection\":\"Destacadas\"},{\"@type\":\"BreadcrumbList\",\"@id\":\"https:\\\/\\\/www.eldigitaldeasturias.com\\\/noticias\\\/la-fmc-solicitara-a-defensa-la-cesion-del-conjunto-romanico-de-la-vega\\\/#breadcrumblist\",\"itemListElement\":[{\"@type\":\"ListItem\",\"@id\":\"https:\\\/\\\/www.eldigitaldeasturias.com\\\/noticias#listItem\",\"position\":1,\"name\":\"Home\",\"item\":\"https:\\\/\\\/www.eldigitaldeasturias.com\\\/noticias\",\"nextItem\":{\"@type\":\"ListItem\",\"@id\":\"https:\\\/\\\/www.eldigitaldeasturias.com\\\/noticias\\\/category\\\/destacadas\\\/#listItem\",\"name\":\"Destacadas\"}},{\"@type\":\"ListItem\",\"@id\":\"https:\\\/\\\/www.eldigitaldeasturias.com\\\/noticias\\\/category\\\/destacadas\\\/#listItem\",\"position\":2,\"name\":\"Destacadas\",\"item\":\"https:\\\/\\\/www.eldigitaldeasturias.com\\\/noticias\\\/category\\\/destacadas\\\/\",\"nextItem\":{\"@type\":\"ListItem\",\"@id\":\"https:\\\/\\\/www.eldigitaldeasturias.com\\\/noticias\\\/la-fmc-solicitara-a-defensa-la-cesion-del-conjunto-romanico-de-la-vega\\\/#listItem\",\"name\":\"La FMC solicitar\\u00e1 a Defensa la cesi\\u00f3n del conjunto rom\\u00e1nico de La Vega\"},\"previousItem\":{\"@type\":\"ListItem\",\"@id\":\"https:\\\/\\\/www.eldigitaldeasturias.com\\\/noticias#listItem\",\"name\":\"Home\"}},{\"@type\":\"ListItem\",\"@id\":\"https:\\\/\\\/www.eldigitaldeasturias.com\\\/noticias\\\/la-fmc-solicitara-a-defensa-la-cesion-del-conjunto-romanico-de-la-vega\\\/#listItem\",\"position\":3,\"name\":\"La FMC solicitar\\u00e1 a Defensa la cesi\\u00f3n del conjunto rom\\u00e1nico de La Vega\",\"previousItem\":{\"@type\":\"ListItem\",\"@id\":\"https:\\\/\\\/www.eldigitaldeasturias.com\\\/noticias\\\/category\\\/destacadas\\\/#listItem\",\"name\":\"Destacadas\"}}]},{\"@type\":\"Organization\",\"@id\":\"https:\\\/\\\/www.eldigitaldeasturias.com\\\/noticias\\\/#organization\",\"name\":\"El Digital de Asturias\",\"description\":\"Hemeroteca\",\"url\":\"https:\\\/\\\/www.eldigitaldeasturias.com\\\/noticias\\\/\",\"email\":\"info@eldigitaldeasturias.com\",\"telephone\":\"+34652131393\",\"logo\":{\"@type\":\"ImageObject\",\"url\":\"https:\\\/\\\/www.eldigitaldeasturias.com\\\/noticias\\\/wp-content\\\/uploads\\\/2020\\\/12\\\/EDA.jpg\",\"@id\":\"https:\\\/\\\/www.eldigitaldeasturias.com\\\/noticias\\\/la-fmc-solicitara-a-defensa-la-cesion-del-conjunto-romanico-de-la-vega\\\/#organizationLogo\",\"width\":649,\"height\":297},\"image\":{\"@id\":\"https:\\\/\\\/www.eldigitaldeasturias.com\\\/noticias\\\/la-fmc-solicitara-a-defensa-la-cesion-del-conjunto-romanico-de-la-vega\\\/#organizationLogo\"},\"sameAs\":[\"https:\\\/\\\/facebook.com\\\/eldigitaldeasturias\",\"https:\\\/\\\/www.youtube.com\\\/channel\\\/UCZP-2wLEB9Rv6erhFmqVnvg\"],\"address\":{\"@id\":\"https:\\\/\\\/www.eldigitaldeasturias.com\\\/noticias\\\/#postaladdress\",\"@type\":\"PostalAddress\",\"streetAddress\":\"san antonio 4,\",\"postalCode\":\"33430\",\"addressLocality\":\"Cand\\u00e1s\",\"addressRegion\":\"Asturias\",\"addressCountry\":\"ES\"}},{\"@type\":\"Person\",\"@id\":\"https:\\\/\\\/www.eldigitaldeasturias.com\\\/noticias\\\/author\\\/admin\\\/#author\",\"url\":\"https:\\\/\\\/www.eldigitaldeasturias.com\\\/noticias\\\/author\\\/admin\\\/\",\"name\":\"El Digital de Asturias\",\"image\":{\"@type\":\"ImageObject\",\"@id\":\"https:\\\/\\\/www.eldigitaldeasturias.com\\\/noticias\\\/la-fmc-solicitara-a-defensa-la-cesion-del-conjunto-romanico-de-la-vega\\\/#authorImage\",\"url\":\"https:\\\/\\\/www.eldigitaldeasturias.com\\\/noticias\\\/wp-content\\\/litespeed\\\/avatar\\\/18677e78aa0546b92d9dbf31ec7d7668.jpg?ver=1777290358\",\"width\":96,\"height\":96,\"caption\":\"El Digital de Asturias\"}},{\"@type\":\"WebPage\",\"@id\":\"https:\\\/\\\/www.eldigitaldeasturias.com\\\/noticias\\\/la-fmc-solicitara-a-defensa-la-cesion-del-conjunto-romanico-de-la-vega\\\/#webpage\",\"url\":\"https:\\\/\\\/www.eldigitaldeasturias.com\\\/noticias\\\/la-fmc-solicitara-a-defensa-la-cesion-del-conjunto-romanico-de-la-vega\\\/\",\"name\":\"La FMC solicitar\\u00e1 a Defensa la cesi\\u00f3n del conjunto rom\\u00e1nico de La Vega - El Digital de Asturias\",\"description\":\"El presidente de la Fundaci\\u00f3n Municipal de Cultura, Roberto S\\u00e1nchez Ramos, ha visitado junto a responsables del Real Instituto de Estudios Asturianos e historiadores de la Universidad de Oviedo el conjunto rom\\u00e1nico de la F\\u00e1brica de Armas de La Vega para conocer de primera mano el estado de conservaci\\u00f3n tanto de la capilla como del\",\"inLanguage\":\"es-ES\",\"isPartOf\":{\"@id\":\"https:\\\/\\\/www.eldigitaldeasturias.com\\\/noticias\\\/#website\"},\"breadcrumb\":{\"@id\":\"https:\\\/\\\/www.eldigitaldeasturias.com\\\/noticias\\\/la-fmc-solicitara-a-defensa-la-cesion-del-conjunto-romanico-de-la-vega\\\/#breadcrumblist\"},\"author\":{\"@id\":\"https:\\\/\\\/www.eldigitaldeasturias.com\\\/noticias\\\/author\\\/admin\\\/#author\"},\"creator\":{\"@id\":\"https:\\\/\\\/www.eldigitaldeasturias.com\\\/noticias\\\/author\\\/admin\\\/#author\"},\"image\":{\"@type\":\"ImageObject\",\"url\":\"https:\\\/\\\/www.eldigitaldeasturias.com\\\/noticias\\\/wp-content\\\/uploads\\\/2017\\\/03\\\/La-Vega-web.jpg\",\"@id\":\"https:\\\/\\\/www.eldigitaldeasturias.com\\\/noticias\\\/la-fmc-solicitara-a-defensa-la-cesion-del-conjunto-romanico-de-la-vega\\\/#mainImage\",\"width\":1200,\"height\":892},\"primaryImageOfPage\":{\"@id\":\"https:\\\/\\\/www.eldigitaldeasturias.com\\\/noticias\\\/la-fmc-solicitara-a-defensa-la-cesion-del-conjunto-romanico-de-la-vega\\\/#mainImage\"},\"datePublished\":\"2017-03-06T22:31:05+01:00\",\"dateModified\":\"2017-03-06T22:31:05+01:00\"},{\"@type\":\"WebSite\",\"@id\":\"https:\\\/\\\/www.eldigitaldeasturias.com\\\/noticias\\\/#website\",\"url\":\"https:\\\/\\\/www.eldigitaldeasturias.com\\\/noticias\\\/\",\"name\":\"El Digital de Asturias - Diario de actualidad y noticias\",\"alternateName\":\"El Digital de Asturias - Diario de actualidad y noticias\",\"description\":\"Hemeroteca\",\"inLanguage\":\"es-ES\",\"publisher\":{\"@id\":\"https:\\\/\\\/www.eldigitaldeasturias.com\\\/noticias\\\/#organization\"}}]}\n\t\t<\/script>\n\t\t<!-- All in One SEO Pro -->\r\n\t\t<title>La FMC solicitar\u00e1 a Defensa la cesi\u00f3n del conjunto rom\u00e1nico de La Vega - El Digital de Asturias<\/title>\n\n","aioseo_head_json":{"title":"La FMC solicitar\u00e1 a Defensa la cesi\u00f3n del conjunto rom\u00e1nico de La Vega - El Digital de Asturias","description":"El presidente de la Fundaci\u00f3n Municipal de Cultura, Roberto S\u00e1nchez Ramos, ha visitado junto a responsables del Real Instituto de Estudios Asturianos e historiadores de la Universidad de Oviedo el conjunto rom\u00e1nico de la F\u00e1brica de Armas de La Vega para conocer de primera mano el estado de conservaci\u00f3n tanto de la capilla como del","canonical_url":"https:\/\/www.eldigitaldeasturias.com\/noticias\/la-fmc-solicitara-a-defensa-la-cesion-del-conjunto-romanico-de-la-vega\/","robots":"max-image-preview:large","keywords":"destacadas","webmasterTools":{"google-site-verification":"UA-38556648-1","msvalidate.01":"7dfe9f3f1b24437ab69f4f2559babe99","miscellaneous":""},"schema":{"@context":"https:\/\/schema.org","@graph":[{"@type":"BlogPosting","@id":"https:\/\/www.eldigitaldeasturias.com\/noticias\/la-fmc-solicitara-a-defensa-la-cesion-del-conjunto-romanico-de-la-vega\/#blogposting","name":"La FMC solicitar\u00e1 a Defensa la cesi\u00f3n del conjunto rom\u00e1nico de La Vega - El Digital de Asturias","headline":"La FMC solicitar\u00e1 a Defensa la cesi\u00f3n del conjunto rom\u00e1nico de La Vega","author":{"@id":"https:\/\/www.eldigitaldeasturias.com\/noticias\/author\/admin\/#author"},"publisher":{"@id":"https:\/\/www.eldigitaldeasturias.com\/noticias\/#organization"},"image":{"@type":"ImageObject","url":"https:\/\/www.eldigitaldeasturias.com\/noticias\/wp-content\/uploads\/2017\/03\/La-Vega-web.jpg","width":1200,"height":892},"datePublished":"2017-03-06T22:31:05+01:00","dateModified":"2017-03-06T22:31:05+01:00","inLanguage":"es-ES","mainEntityOfPage":{"@id":"https:\/\/www.eldigitaldeasturias.com\/noticias\/la-fmc-solicitara-a-defensa-la-cesion-del-conjunto-romanico-de-la-vega\/#webpage"},"isPartOf":{"@id":"https:\/\/www.eldigitaldeasturias.com\/noticias\/la-fmc-solicitara-a-defensa-la-cesion-del-conjunto-romanico-de-la-vega\/#webpage"},"articleSection":"Destacadas"},{"@type":"BreadcrumbList","@id":"https:\/\/www.eldigitaldeasturias.com\/noticias\/la-fmc-solicitara-a-defensa-la-cesion-del-conjunto-romanico-de-la-vega\/#breadcrumblist","itemListElement":[{"@type":"ListItem","@id":"https:\/\/www.eldigitaldeasturias.com\/noticias#listItem","position":1,"name":"Home","item":"https:\/\/www.eldigitaldeasturias.com\/noticias","nextItem":{"@type":"ListItem","@id":"https:\/\/www.eldigitaldeasturias.com\/noticias\/category\/destacadas\/#listItem","name":"Destacadas"}},{"@type":"ListItem","@id":"https:\/\/www.eldigitaldeasturias.com\/noticias\/category\/destacadas\/#listItem","position":2,"name":"Destacadas","item":"https:\/\/www.eldigitaldeasturias.com\/noticias\/category\/destacadas\/","nextItem":{"@type":"ListItem","@id":"https:\/\/www.eldigitaldeasturias.com\/noticias\/la-fmc-solicitara-a-defensa-la-cesion-del-conjunto-romanico-de-la-vega\/#listItem","name":"La FMC solicitar\u00e1 a Defensa la cesi\u00f3n del conjunto rom\u00e1nico de La Vega"},"previousItem":{"@type":"ListItem","@id":"https:\/\/www.eldigitaldeasturias.com\/noticias#listItem","name":"Home"}},{"@type":"ListItem","@id":"https:\/\/www.eldigitaldeasturias.com\/noticias\/la-fmc-solicitara-a-defensa-la-cesion-del-conjunto-romanico-de-la-vega\/#listItem","position":3,"name":"La FMC solicitar\u00e1 a Defensa la cesi\u00f3n del conjunto rom\u00e1nico de La Vega","previousItem":{"@type":"ListItem","@id":"https:\/\/www.eldigitaldeasturias.com\/noticias\/category\/destacadas\/#listItem","name":"Destacadas"}}]},{"@type":"Organization","@id":"https:\/\/www.eldigitaldeasturias.com\/noticias\/#organization","name":"El Digital de Asturias","description":"Hemeroteca","url":"https:\/\/www.eldigitaldeasturias.com\/noticias\/","email":"info@eldigitaldeasturias.com","telephone":"+34652131393","logo":{"@type":"ImageObject","url":"https:\/\/www.eldigitaldeasturias.com\/noticias\/wp-content\/uploads\/2020\/12\/EDA.jpg","@id":"https:\/\/www.eldigitaldeasturias.com\/noticias\/la-fmc-solicitara-a-defensa-la-cesion-del-conjunto-romanico-de-la-vega\/#organizationLogo","width":649,"height":297},"image":{"@id":"https:\/\/www.eldigitaldeasturias.com\/noticias\/la-fmc-solicitara-a-defensa-la-cesion-del-conjunto-romanico-de-la-vega\/#organizationLogo"},"sameAs":["https:\/\/facebook.com\/eldigitaldeasturias","https:\/\/www.youtube.com\/channel\/UCZP-2wLEB9Rv6erhFmqVnvg"],"address":{"@id":"https:\/\/www.eldigitaldeasturias.com\/noticias\/#postaladdress","@type":"PostalAddress","streetAddress":"san antonio 4,","postalCode":"33430","addressLocality":"Cand\u00e1s","addressRegion":"Asturias","addressCountry":"ES"}},{"@type":"Person","@id":"https:\/\/www.eldigitaldeasturias.com\/noticias\/author\/admin\/#author","url":"https:\/\/www.eldigitaldeasturias.com\/noticias\/author\/admin\/","name":"El Digital de Asturias","image":{"@type":"ImageObject","@id":"https:\/\/www.eldigitaldeasturias.com\/noticias\/la-fmc-solicitara-a-defensa-la-cesion-del-conjunto-romanico-de-la-vega\/#authorImage","url":"https:\/\/www.eldigitaldeasturias.com\/noticias\/wp-content\/litespeed\/avatar\/18677e78aa0546b92d9dbf31ec7d7668.jpg?ver=1777290358","width":96,"height":96,"caption":"El Digital de Asturias"}},{"@type":"WebPage","@id":"https:\/\/www.eldigitaldeasturias.com\/noticias\/la-fmc-solicitara-a-defensa-la-cesion-del-conjunto-romanico-de-la-vega\/#webpage","url":"https:\/\/www.eldigitaldeasturias.com\/noticias\/la-fmc-solicitara-a-defensa-la-cesion-del-conjunto-romanico-de-la-vega\/","name":"La FMC solicitar\u00e1 a Defensa la cesi\u00f3n del conjunto rom\u00e1nico de La Vega - El Digital de Asturias","description":"El presidente de la Fundaci\u00f3n Municipal de Cultura, Roberto S\u00e1nchez Ramos, ha visitado junto a responsables del Real Instituto de Estudios Asturianos e historiadores de la Universidad de Oviedo el conjunto rom\u00e1nico de la F\u00e1brica de Armas de La Vega para conocer de primera mano el estado de conservaci\u00f3n tanto de la capilla como del","inLanguage":"es-ES","isPartOf":{"@id":"https:\/\/www.eldigitaldeasturias.com\/noticias\/#website"},"breadcrumb":{"@id":"https:\/\/www.eldigitaldeasturias.com\/noticias\/la-fmc-solicitara-a-defensa-la-cesion-del-conjunto-romanico-de-la-vega\/#breadcrumblist"},"author":{"@id":"https:\/\/www.eldigitaldeasturias.com\/noticias\/author\/admin\/#author"},"creator":{"@id":"https:\/\/www.eldigitaldeasturias.com\/noticias\/author\/admin\/#author"},"image":{"@type":"ImageObject","url":"https:\/\/www.eldigitaldeasturias.com\/noticias\/wp-content\/uploads\/2017\/03\/La-Vega-web.jpg","@id":"https:\/\/www.eldigitaldeasturias.com\/noticias\/la-fmc-solicitara-a-defensa-la-cesion-del-conjunto-romanico-de-la-vega\/#mainImage","width":1200,"height":892},"primaryImageOfPage":{"@id":"https:\/\/www.eldigitaldeasturias.com\/noticias\/la-fmc-solicitara-a-defensa-la-cesion-del-conjunto-romanico-de-la-vega\/#mainImage"},"datePublished":"2017-03-06T22:31:05+01:00","dateModified":"2017-03-06T22:31:05+01:00"},{"@type":"WebSite","@id":"https:\/\/www.eldigitaldeasturias.com\/noticias\/#website","url":"https:\/\/www.eldigitaldeasturias.com\/noticias\/","name":"El Digital de Asturias - Diario de actualidad y noticias","alternateName":"El Digital de Asturias - Diario de actualidad y noticias","description":"Hemeroteca","inLanguage":"es-ES","publisher":{"@id":"https:\/\/www.eldigitaldeasturias.com\/noticias\/#organization"}}]},"og:locale":"es_ES","og:site_name":"El Digital de Asturias","og:type":"article","og:title":"La FMC solicitar\u00e1 a Defensa la cesi\u00f3n del conjunto rom\u00e1nico de La Vega - El Digital de Asturias","og:description":"El presidente de la Fundaci\u00f3n Municipal de Cultura, Roberto S\u00e1nchez Ramos, ha visitado junto a responsables del Real Instituto de Estudios Asturianos e historiadores de la Universidad de Oviedo el conjunto rom\u00e1nico de la F\u00e1brica de Armas de La Vega para conocer de primera mano el estado de conservaci\u00f3n tanto de la capilla como del","og:url":"https:\/\/www.eldigitaldeasturias.com\/noticias\/la-fmc-solicitara-a-defensa-la-cesion-del-conjunto-romanico-de-la-vega\/","og:image":"https:\/\/www.eldigitaldeasturias.com\/noticias\/wp-content\/uploads\/2017\/03\/La-Vega-web.jpg","og:image:secure_url":"https:\/\/www.eldigitaldeasturias.com\/noticias\/wp-content\/uploads\/2017\/03\/La-Vega-web.jpg","og:image:width":1200,"og:image:height":892,"article:tag":["destacadas"],"article:published_time":"2017-03-06T22:31:05+00:00","article:modified_time":"2017-03-06T22:31:05+00:00","article:publisher":"https:\/\/facebook.com\/eldigitaldeasturias","twitter:card":"summary_large_image","twitter:title":"La FMC solicitar\u00e1 a Defensa la cesi\u00f3n del conjunto rom\u00e1nico de La Vega - El Digital de Asturias","twitter:description":"El presidente de la Fundaci\u00f3n Municipal de Cultura, Roberto S\u00e1nchez Ramos, ha visitado junto a responsables del Real Instituto de Estudios Asturianos e historiadores de la Universidad de Oviedo el conjunto rom\u00e1nico de la F\u00e1brica de Armas de La Vega para conocer de primera mano el estado de conservaci\u00f3n tanto de la capilla como del","twitter:image":"https:\/\/www.eldigitaldeasturias.com\/noticias\/wp-content\/uploads\/2017\/03\/La-Vega-web.jpg","twitter:label1":"Escrito por","twitter:data1":"El Digital de Asturias","twitter:label2":"Tiempo de lectura estimado","twitter:data2":"2 minutos"},"aioseo_meta_data":{"post_id":"928744","title":null,"description":null,"keywords":null,"keyphrases":null,"primary_term":null,"canonical_url":null,"og_title":null,"og_description":null,"og_object_type":"default","og_image_type":"default","og_image_url":null,"og_image_width":null,"og_image_height":null,"og_image_custom_url":null,"og_image_custom_fields":null,"og_video":null,"og_custom_url":null,"og_article_section":null,"og_article_tags":null,"twitter_use_og":false,"twitter_card":"default","twitter_image_type":"default","twitter_image_url":null,"twitter_image_custom_url":null,"twitter_image_custom_fields":null,"twitter_title":null,"twitter_description":null,"schema":{"blockGraphs":[],"customGraphs":[],"default":{"data":{"Article":[],"Course":[],"Dataset":[],"FAQPage":[],"Movie":[],"Person":[],"Product":[],"ProductReview":[],"Car":[],"Recipe":[],"Service":[],"SoftwareApplication":[],"WebPage":[]},"graphName":"","isEnabled":true},"graphs":[],"defaultGraph":"","defaultPostTypeGraph":""},"schema_type":null,"schema_type_options":null,"pillar_content":false,"robots_default":true,"robots_noindex":false,"robots_noarchive":false,"robots_nosnippet":false,"robots_nofollow":false,"robots_noimageindex":false,"robots_noodp":false,"robots_notranslate":false,"robots_max_snippet":null,"robots_max_videopreview":null,"robots_max_imagepreview":"large","priority":null,"frequency":null,"local_seo":null,"seo_analyzer_scan_date":"2025-12-03 14:32:17","breadcrumb_settings":null,"limit_modified_date":false,"open_ai":null,"ai":null,"created":"2020-12-21 13:36:50","updated":"2025-12-03 14:32:17"},"aioseo_breadcrumb":"<div class=\"aioseo-breadcrumbs\"><span class=\"aioseo-breadcrumb\">\n\t<a href=\"https:\/\/www.eldigitaldeasturias.com\/noticias\" title=\"Home\">Home<\/a>\n<\/span><span class=\"aioseo-breadcrumb-separator\">\u2013<\/span><span class=\"aioseo-breadcrumb\">\n\t<a href=\"https:\/\/www.eldigitaldeasturias.com\/noticias\/category\/destacadas\/\" title=\"Destacadas\">Destacadas<\/a>\n<\/span><span class=\"aioseo-breadcrumb-separator\">\u2013<\/span><span class=\"aioseo-breadcrumb\">\n\t<a href=\"https:\/\/www.eldigitaldeasturias.com\/noticias\/la-fmc-solicitara-a-defensa-la-cesion-del-conjunto-romanico-de-la-vega\/\" title=\"La FMC solicitar\u00e1 a Defensa la cesi\u00f3n del conjunto rom\u00e1nico de La Vega\">La FMC solicitar\u00e1 a Defensa la cesi\u00f3n del conjunto rom\u00e1nico de La Vega<\/a>\n<\/span><\/div>","aioseo_breadcrumb_json":[{"label":"Home","link":"https:\/\/www.eldigitaldeasturias.com\/noticias"},{"label":"Destacadas","link":"https:\/\/www.eldigitaldeasturias.com\/noticias\/category\/destacadas\/"},{"label":"La FMC solicitar\u00e1 a Defensa la cesi\u00f3n del conjunto rom\u00e1nico de La Vega","link":"https:\/\/www.eldigitaldeasturias.com\/noticias\/la-fmc-solicitara-a-defensa-la-cesion-del-conjunto-romanico-de-la-vega\/"}],"_links":{"self":[{"href":"https:\/\/www.eldigitaldeasturias.com\/noticias\/wp-json\/wp\/v2\/posts\/928744","targetHints":{"allow":["GET"]}}],"collection":[{"href":"https:\/\/www.eldigitaldeasturias.com\/noticias\/wp-json\/wp\/v2\/posts"}],"about":[{"href":"https:\/\/www.eldigitaldeasturias.com\/noticias\/wp-json\/wp\/v2\/types\/post"}],"author":[{"embeddable":true,"href":"https:\/\/www.eldigitaldeasturias.com\/noticias\/wp-json\/wp\/v2\/users\/1"}],"replies":[{"embeddable":true,"href":"https:\/\/www.eldigitaldeasturias.com\/noticias\/wp-json\/wp\/v2\/comments?post=928744"}],"version-history":[{"count":0,"href":"https:\/\/www.eldigitaldeasturias.com\/noticias\/wp-json\/wp\/v2\/posts\/928744\/revisions"}],"wp:featuredmedia":[{"embeddable":true,"href":"https:\/\/www.eldigitaldeasturias.com\/noticias\/wp-json\/wp\/v2\/media\/928745"}],"wp:attachment":[{"href":"https:\/\/www.eldigitaldeasturias.com\/noticias\/wp-json\/wp\/v2\/media?parent=928744"}],"wp:term":[{"taxonomy":"category","embeddable":true,"href":"https:\/\/www.eldigitaldeasturias.com\/noticias\/wp-json\/wp\/v2\/categories?post=928744"},{"taxonomy":"post_tag","embeddable":true,"href":"https:\/\/www.eldigitaldeasturias.com\/noticias\/wp-json\/wp\/v2\/tags?post=928744"}],"curies":[{"name":"wp","href":"https:\/\/api.w.org\/{rel}","templated":true}]}}