{"id":928612,"date":"2017-03-06T13:05:54","date_gmt":"2017-03-06T13:05:54","guid":{"rendered":"http:\/\/www.eldigitaldeasturias.com\/noticias\/?p=928612"},"modified":"2017-03-06T13:05:54","modified_gmt":"2017-03-06T13:05:54","slug":"cristina-coto-foro-no-va-a-tolerar-que-se-siga-discriminando-a-asturias","status":"publish","type":"post","link":"https:\/\/www.eldigitaldeasturias.com\/noticias\/cristina-coto-foro-no-va-a-tolerar-que-se-siga-discriminando-a-asturias\/","title":{"rendered":"Cristina Coto: \u201cFORO no va a tolerar que se siga discriminando a Asturias\u00bb"},"content":{"rendered":"<p><img loading=\"lazy\" decoding=\"async\" class=\"alignleft size-medium wp-image-909336\" src=\"https:\/\/www.eldigitaldeasturias.com\/noticias\/wp-content\/uploads\/2016\/09\/COTO-FOROASTURIAS-360x253.jpg\" alt=\"\" width=\"360\" height=\"253\" srcset=\"https:\/\/www.eldigitaldeasturias.com\/noticias\/wp-content\/uploads\/2016\/09\/COTO-FOROASTURIAS-360x253.jpg 360w, https:\/\/www.eldigitaldeasturias.com\/noticias\/wp-content\/uploads\/2016\/09\/COTO-FOROASTURIAS-100x70.jpg 100w, https:\/\/www.eldigitaldeasturias.com\/noticias\/wp-content\/uploads\/2016\/09\/COTO-FOROASTURIAS-696x490.jpg 696w, https:\/\/www.eldigitaldeasturias.com\/noticias\/wp-content\/uploads\/2016\/09\/COTO-FOROASTURIAS-597x420.jpg 597w, https:\/\/www.eldigitaldeasturias.com\/noticias\/wp-content\/uploads\/2016\/09\/COTO-FOROASTURIAS-768x540.jpg 768w, https:\/\/www.eldigitaldeasturias.com\/noticias\/wp-content\/uploads\/2016\/09\/COTO-FOROASTURIAS-650x457.jpg 650w, https:\/\/www.eldigitaldeasturias.com\/noticias\/wp-content\/uploads\/2016\/09\/COTO-FOROASTURIAS.jpg 800w\" sizes=\"auto, (max-width: 360px) 100vw, 360px\" \/>La presidenta de FORO, Cristina Coto ha afirmado hoy a los medios de comunicaci\u00f3n en la Junta General que \u201ccon respecto a la carta que he recibido de la Consejer\u00eda de Infraestructuras el pasado viernes inst\u00e1ndonos a volver a la mesa del denominado \u2018Pacto por las infraestructuras\u2019, FORO no tiene nada que reconsiderar, a la vista de que es un documento cerrado que no admite propuesta alguna y que confirma la claudicaci\u00f3n del Gobierno a la hora de reclamar las grandes infraestructuras por las que Asturias lleva a\u00f1os esperando\u201d.<\/p>\n<p>\u201cPara FORO el ancho internacional, que es sin\u00f3nimo de alta velocidad, al igual que la centralidad de la estaci\u00f3n de ferrocarril en Gij\u00f3n, representan l\u00edneas rojas en las que no vamos a ceder\u201d, asegur\u00f3 Coto, para quien \u201csustituir una inversi\u00f3n de 200 millones de euros para implantar la alta velocidad en el tramo Leon-La Robla por una de 18 para suprimir pasos a nivel no es el AVE, es AVE-CREM\u201d.<\/p>\n<p>Cristina Coto insisti\u00f3 en que \u201cFORO no va a tolerar que se siga discriminando a Asturias mientras otras CC.AA. ya est\u00e1n pidiendo nuevos AVES que parece que se les van a financiar\u201d, en alusi\u00f3n al Corredor del Mediterr\u00e1neo que unir\u00eda Murcia y la frontera francesa, un tramo de 750 km. que se realizar\u00e1 en ancho internacional (UIC).<\/p>\n<p>\u201cLos prop\u00f3sitos de Fomento dejan a Asturias fuera de la red europea de transporte de viajeros y mercanc\u00edas pues que la alta velocidad seguiria terminando en Leon, pues para la libre circulaci\u00f3n de personas y mercanc\u00edas en Europa es necesaria la progresiva transformaci\u00f3n al ancho internacional (UIC) del ferrocarril espa\u00f1ol, lastrado hoy en d\u00eda por el llamado ancho ib\u00e9rico o ancho RENFE\u201d.<\/p>\n<p>Finalmente, y preguntada sobre la posibilidad de que FORO cambiara de postura en el caso de que Javier Fern\u00e1ndez se pusiera al frente de la negociaci\u00f3n en el Pacto de Infraestructuras, Cristina Coto afirm\u00f3: \u201cImagino que hasta ahora Bel\u00e9n Fern\u00e1ndez ha seguido las indicaciones de su jefe, y en todo caso no podemos olvidar que Javier Fern\u00e1ndez ha sido hist\u00f3ricamente el gran claudicador en la defensa de nuestras infraestructuras, llegando a votar su partido hasta 7 veces en contra de la Variante Ferroviaria de Pajares\u201d.<\/p>\n","protected":false},"excerpt":{"rendered":"<p>La presidenta de FORO, Cristina Coto ha afirmado hoy a los medios de comunicaci\u00f3n en la Junta General que \u201ccon respecto a la carta que he recibido de la Consejer\u00eda de Infraestructuras el pasado viernes inst\u00e1ndonos a volver a la mesa del denominado \u2018Pacto por las infraestructuras\u2019, FORO no tiene nada que reconsiderar, a la [&hellip;]<\/p>\n","protected":false},"author":1,"featured_media":909336,"comment_status":"closed","ping_status":"closed","sticky":false,"template":"","format":"standard","meta":{"footnotes":""},"categories":[141],"tags":[],"class_list":["post-928612","post","type-post","status-publish","format-standard","has-post-thumbnail","hentry","category-destacadas"],"aioseo_notices":[],"aioseo_head":"\n\t\t<!-- All in One SEO Pro 4.9.6.2 - aioseo.com -->\n\t<meta name=\"description\" content=\"La presidenta de FORO, Cristina Coto ha afirmado hoy a los medios de comunicaci\u00f3n en la Junta General que \u201ccon respecto a la carta que he recibido de la Consejer\u00eda de Infraestructuras el pasado viernes inst\u00e1ndonos a volver a la mesa del denominado \u2018Pacto por las infraestructuras\u2019, FORO no tiene nada que reconsiderar, a la\" \/>\n\t<meta name=\"robots\" content=\"max-image-preview:large\" \/>\n\t<meta name=\"author\" content=\"El Digital de Asturias\"\/>\n\t<meta name=\"google-site-verification\" content=\"UA-38556648-1\" \/>\n\t<meta name=\"msvalidate.01\" content=\"7dfe9f3f1b24437ab69f4f2559babe99\" \/>\n\t<meta name=\"keywords\" content=\"destacadas\" \/>\n\t<link rel=\"canonical\" href=\"https:\/\/www.eldigitaldeasturias.com\/noticias\/cristina-coto-foro-no-va-a-tolerar-que-se-siga-discriminando-a-asturias\/\" \/>\n\t<meta name=\"generator\" content=\"All in One SEO Pro (AIOSEO) 4.9.6.2\" \/>\n\t\t<meta property=\"og:locale\" content=\"es_ES\" \/>\n\t\t<meta property=\"og:site_name\" content=\"El Digital de Asturias\" \/>\n\t\t<meta property=\"og:type\" content=\"article\" \/>\n\t\t<meta property=\"og:title\" content=\"Cristina Coto: \u201cFORO no va a tolerar que se siga discriminando a Asturias\u00bb - El Digital de Asturias\" \/>\n\t\t<meta property=\"og:description\" content=\"La presidenta de FORO, Cristina Coto ha afirmado hoy a los medios de comunicaci\u00f3n en la Junta General que \u201ccon respecto a la carta que he recibido de la Consejer\u00eda de Infraestructuras el pasado viernes inst\u00e1ndonos a volver a la mesa del denominado \u2018Pacto por las infraestructuras\u2019, FORO no tiene nada que reconsiderar, a la\" \/>\n\t\t<meta property=\"og:url\" content=\"https:\/\/www.eldigitaldeasturias.com\/noticias\/cristina-coto-foro-no-va-a-tolerar-que-se-siga-discriminando-a-asturias\/\" \/>\n\t\t<meta property=\"og:image\" content=\"https:\/\/www.eldigitaldeasturias.com\/noticias\/wp-content\/uploads\/2016\/09\/COTO-FOROASTURIAS.jpg\" \/>\n\t\t<meta property=\"og:image:secure_url\" content=\"https:\/\/www.eldigitaldeasturias.com\/noticias\/wp-content\/uploads\/2016\/09\/COTO-FOROASTURIAS.jpg\" \/>\n\t\t<meta property=\"og:image:width\" content=\"800\" \/>\n\t\t<meta property=\"og:image:height\" content=\"563\" \/>\n\t\t<meta property=\"article:tag\" content=\"destacadas\" \/>\n\t\t<meta property=\"article:published_time\" content=\"2017-03-06T13:05:54+00:00\" \/>\n\t\t<meta property=\"article:modified_time\" content=\"2017-03-06T13:05:54+00:00\" \/>\n\t\t<meta property=\"article:publisher\" content=\"https:\/\/facebook.com\/eldigitaldeasturias\" \/>\n\t\t<meta name=\"twitter:card\" content=\"summary_large_image\" \/>\n\t\t<meta name=\"twitter:title\" content=\"Cristina Coto: \u201cFORO no va a tolerar que se siga discriminando a Asturias\u00bb - El Digital de Asturias\" \/>\n\t\t<meta name=\"twitter:description\" content=\"La presidenta de FORO, Cristina Coto ha afirmado hoy a los medios de comunicaci\u00f3n en la Junta General que \u201ccon respecto a la carta que he recibido de la Consejer\u00eda de Infraestructuras el pasado viernes inst\u00e1ndonos a volver a la mesa del denominado \u2018Pacto por las infraestructuras\u2019, FORO no tiene nada que reconsiderar, a la\" \/>\n\t\t<meta name=\"twitter:image\" content=\"https:\/\/www.eldigitaldeasturias.com\/noticias\/wp-content\/uploads\/2016\/09\/COTO-FOROASTURIAS.jpg\" \/>\n\t\t<meta name=\"twitter:label1\" content=\"Escrito por\" \/>\n\t\t<meta name=\"twitter:data1\" content=\"El Digital de Asturias\" \/>\n\t\t<meta name=\"twitter:label2\" content=\"Tiempo de lectura estimado\" \/>\n\t\t<meta name=\"twitter:data2\" content=\"2 minutos\" \/>\n\t\t<script type=\"application\/ld+json\" class=\"aioseo-schema\">\n\t\t\t{\"@context\":\"https:\\\/\\\/schema.org\",\"@graph\":[{\"@type\":\"BlogPosting\",\"@id\":\"https:\\\/\\\/www.eldigitaldeasturias.com\\\/noticias\\\/cristina-coto-foro-no-va-a-tolerar-que-se-siga-discriminando-a-asturias\\\/#blogposting\",\"name\":\"Cristina Coto: \\u201cFORO no va a tolerar que se siga discriminando a Asturias\\u00bb - El Digital de Asturias\",\"headline\":\"Cristina Coto: \\u201cFORO no va a tolerar que se siga discriminando a Asturias\\u00bb\",\"author\":{\"@id\":\"https:\\\/\\\/www.eldigitaldeasturias.com\\\/noticias\\\/author\\\/admin\\\/#author\"},\"publisher\":{\"@id\":\"https:\\\/\\\/www.eldigitaldeasturias.com\\\/noticias\\\/#organization\"},\"image\":{\"@type\":\"ImageObject\",\"url\":\"https:\\\/\\\/www.eldigitaldeasturias.com\\\/noticias\\\/wp-content\\\/uploads\\\/2016\\\/09\\\/COTO-FOROASTURIAS.jpg\",\"width\":800,\"height\":563},\"datePublished\":\"2017-03-06T13:05:54+01:00\",\"dateModified\":\"2017-03-06T13:05:54+01:00\",\"inLanguage\":\"es-ES\",\"mainEntityOfPage\":{\"@id\":\"https:\\\/\\\/www.eldigitaldeasturias.com\\\/noticias\\\/cristina-coto-foro-no-va-a-tolerar-que-se-siga-discriminando-a-asturias\\\/#webpage\"},\"isPartOf\":{\"@id\":\"https:\\\/\\\/www.eldigitaldeasturias.com\\\/noticias\\\/cristina-coto-foro-no-va-a-tolerar-que-se-siga-discriminando-a-asturias\\\/#webpage\"},\"articleSection\":\"Destacadas\"},{\"@type\":\"BreadcrumbList\",\"@id\":\"https:\\\/\\\/www.eldigitaldeasturias.com\\\/noticias\\\/cristina-coto-foro-no-va-a-tolerar-que-se-siga-discriminando-a-asturias\\\/#breadcrumblist\",\"itemListElement\":[{\"@type\":\"ListItem\",\"@id\":\"https:\\\/\\\/www.eldigitaldeasturias.com\\\/noticias#listItem\",\"position\":1,\"name\":\"Home\",\"item\":\"https:\\\/\\\/www.eldigitaldeasturias.com\\\/noticias\",\"nextItem\":{\"@type\":\"ListItem\",\"@id\":\"https:\\\/\\\/www.eldigitaldeasturias.com\\\/noticias\\\/category\\\/destacadas\\\/#listItem\",\"name\":\"Destacadas\"}},{\"@type\":\"ListItem\",\"@id\":\"https:\\\/\\\/www.eldigitaldeasturias.com\\\/noticias\\\/category\\\/destacadas\\\/#listItem\",\"position\":2,\"name\":\"Destacadas\",\"item\":\"https:\\\/\\\/www.eldigitaldeasturias.com\\\/noticias\\\/category\\\/destacadas\\\/\",\"nextItem\":{\"@type\":\"ListItem\",\"@id\":\"https:\\\/\\\/www.eldigitaldeasturias.com\\\/noticias\\\/cristina-coto-foro-no-va-a-tolerar-que-se-siga-discriminando-a-asturias\\\/#listItem\",\"name\":\"Cristina Coto: \\u201cFORO no va a tolerar que se siga discriminando a Asturias\\u00bb\"},\"previousItem\":{\"@type\":\"ListItem\",\"@id\":\"https:\\\/\\\/www.eldigitaldeasturias.com\\\/noticias#listItem\",\"name\":\"Home\"}},{\"@type\":\"ListItem\",\"@id\":\"https:\\\/\\\/www.eldigitaldeasturias.com\\\/noticias\\\/cristina-coto-foro-no-va-a-tolerar-que-se-siga-discriminando-a-asturias\\\/#listItem\",\"position\":3,\"name\":\"Cristina Coto: \\u201cFORO no va a tolerar que se siga discriminando a Asturias\\u00bb\",\"previousItem\":{\"@type\":\"ListItem\",\"@id\":\"https:\\\/\\\/www.eldigitaldeasturias.com\\\/noticias\\\/category\\\/destacadas\\\/#listItem\",\"name\":\"Destacadas\"}}]},{\"@type\":\"Organization\",\"@id\":\"https:\\\/\\\/www.eldigitaldeasturias.com\\\/noticias\\\/#organization\",\"name\":\"El Digital de Asturias\",\"description\":\"Hemeroteca\",\"url\":\"https:\\\/\\\/www.eldigitaldeasturias.com\\\/noticias\\\/\",\"email\":\"info@eldigitaldeasturias.com\",\"telephone\":\"+34652131393\",\"logo\":{\"@type\":\"ImageObject\",\"url\":\"https:\\\/\\\/www.eldigitaldeasturias.com\\\/noticias\\\/wp-content\\\/uploads\\\/2020\\\/12\\\/EDA.jpg\",\"@id\":\"https:\\\/\\\/www.eldigitaldeasturias.com\\\/noticias\\\/cristina-coto-foro-no-va-a-tolerar-que-se-siga-discriminando-a-asturias\\\/#organizationLogo\",\"width\":649,\"height\":297},\"image\":{\"@id\":\"https:\\\/\\\/www.eldigitaldeasturias.com\\\/noticias\\\/cristina-coto-foro-no-va-a-tolerar-que-se-siga-discriminando-a-asturias\\\/#organizationLogo\"},\"sameAs\":[\"https:\\\/\\\/facebook.com\\\/eldigitaldeasturias\",\"https:\\\/\\\/www.youtube.com\\\/channel\\\/UCZP-2wLEB9Rv6erhFmqVnvg\"],\"address\":{\"@id\":\"https:\\\/\\\/www.eldigitaldeasturias.com\\\/noticias\\\/#postaladdress\",\"@type\":\"PostalAddress\",\"streetAddress\":\"san antonio 4,\",\"postalCode\":\"33430\",\"addressLocality\":\"Cand\\u00e1s\",\"addressRegion\":\"Asturias\",\"addressCountry\":\"ES\"}},{\"@type\":\"Person\",\"@id\":\"https:\\\/\\\/www.eldigitaldeasturias.com\\\/noticias\\\/author\\\/admin\\\/#author\",\"url\":\"https:\\\/\\\/www.eldigitaldeasturias.com\\\/noticias\\\/author\\\/admin\\\/\",\"name\":\"El Digital de Asturias\",\"image\":{\"@type\":\"ImageObject\",\"@id\":\"https:\\\/\\\/www.eldigitaldeasturias.com\\\/noticias\\\/cristina-coto-foro-no-va-a-tolerar-que-se-siga-discriminando-a-asturias\\\/#authorImage\",\"url\":\"https:\\\/\\\/www.eldigitaldeasturias.com\\\/noticias\\\/wp-content\\\/litespeed\\\/avatar\\\/18677e78aa0546b92d9dbf31ec7d7668.jpg?ver=1777290358\",\"width\":96,\"height\":96,\"caption\":\"El Digital de Asturias\"}},{\"@type\":\"WebPage\",\"@id\":\"https:\\\/\\\/www.eldigitaldeasturias.com\\\/noticias\\\/cristina-coto-foro-no-va-a-tolerar-que-se-siga-discriminando-a-asturias\\\/#webpage\",\"url\":\"https:\\\/\\\/www.eldigitaldeasturias.com\\\/noticias\\\/cristina-coto-foro-no-va-a-tolerar-que-se-siga-discriminando-a-asturias\\\/\",\"name\":\"Cristina Coto: \\u201cFORO no va a tolerar que se siga discriminando a Asturias\\u00bb - El Digital de Asturias\",\"description\":\"La presidenta de FORO, Cristina Coto ha afirmado hoy a los medios de comunicaci\\u00f3n en la Junta General que \\u201ccon respecto a la carta que he recibido de la Consejer\\u00eda de Infraestructuras el pasado viernes inst\\u00e1ndonos a volver a la mesa del denominado \\u2018Pacto por las infraestructuras\\u2019, FORO no tiene nada que reconsiderar, a la\",\"inLanguage\":\"es-ES\",\"isPartOf\":{\"@id\":\"https:\\\/\\\/www.eldigitaldeasturias.com\\\/noticias\\\/#website\"},\"breadcrumb\":{\"@id\":\"https:\\\/\\\/www.eldigitaldeasturias.com\\\/noticias\\\/cristina-coto-foro-no-va-a-tolerar-que-se-siga-discriminando-a-asturias\\\/#breadcrumblist\"},\"author\":{\"@id\":\"https:\\\/\\\/www.eldigitaldeasturias.com\\\/noticias\\\/author\\\/admin\\\/#author\"},\"creator\":{\"@id\":\"https:\\\/\\\/www.eldigitaldeasturias.com\\\/noticias\\\/author\\\/admin\\\/#author\"},\"image\":{\"@type\":\"ImageObject\",\"url\":\"https:\\\/\\\/www.eldigitaldeasturias.com\\\/noticias\\\/wp-content\\\/uploads\\\/2016\\\/09\\\/COTO-FOROASTURIAS.jpg\",\"@id\":\"https:\\\/\\\/www.eldigitaldeasturias.com\\\/noticias\\\/cristina-coto-foro-no-va-a-tolerar-que-se-siga-discriminando-a-asturias\\\/#mainImage\",\"width\":800,\"height\":563},\"primaryImageOfPage\":{\"@id\":\"https:\\\/\\\/www.eldigitaldeasturias.com\\\/noticias\\\/cristina-coto-foro-no-va-a-tolerar-que-se-siga-discriminando-a-asturias\\\/#mainImage\"},\"datePublished\":\"2017-03-06T13:05:54+01:00\",\"dateModified\":\"2017-03-06T13:05:54+01:00\"},{\"@type\":\"WebSite\",\"@id\":\"https:\\\/\\\/www.eldigitaldeasturias.com\\\/noticias\\\/#website\",\"url\":\"https:\\\/\\\/www.eldigitaldeasturias.com\\\/noticias\\\/\",\"name\":\"El Digital de Asturias - Diario de actualidad y noticias\",\"alternateName\":\"El Digital de Asturias - Diario de actualidad y noticias\",\"description\":\"Hemeroteca\",\"inLanguage\":\"es-ES\",\"publisher\":{\"@id\":\"https:\\\/\\\/www.eldigitaldeasturias.com\\\/noticias\\\/#organization\"}}]}\n\t\t<\/script>\n\t\t<!-- All in One SEO Pro -->\r\n\t\t<title>Cristina Coto: \u201cFORO no va a tolerar que se siga discriminando a Asturias\u00bb - El Digital de Asturias<\/title>\n\n","aioseo_head_json":{"title":"Cristina Coto: \u201cFORO no va a tolerar que se siga discriminando a Asturias\u00bb - El Digital de Asturias","description":"La presidenta de FORO, Cristina Coto ha afirmado hoy a los medios de comunicaci\u00f3n en la Junta General que \u201ccon respecto a la carta que he recibido de la Consejer\u00eda de Infraestructuras el pasado viernes inst\u00e1ndonos a volver a la mesa del denominado \u2018Pacto por las infraestructuras\u2019, FORO no tiene nada que reconsiderar, a la","canonical_url":"https:\/\/www.eldigitaldeasturias.com\/noticias\/cristina-coto-foro-no-va-a-tolerar-que-se-siga-discriminando-a-asturias\/","robots":"max-image-preview:large","keywords":"destacadas","webmasterTools":{"google-site-verification":"UA-38556648-1","msvalidate.01":"7dfe9f3f1b24437ab69f4f2559babe99","miscellaneous":""},"schema":{"@context":"https:\/\/schema.org","@graph":[{"@type":"BlogPosting","@id":"https:\/\/www.eldigitaldeasturias.com\/noticias\/cristina-coto-foro-no-va-a-tolerar-que-se-siga-discriminando-a-asturias\/#blogposting","name":"Cristina Coto: \u201cFORO no va a tolerar que se siga discriminando a Asturias\u00bb - El Digital de Asturias","headline":"Cristina Coto: \u201cFORO no va a tolerar que se siga discriminando a Asturias\u00bb","author":{"@id":"https:\/\/www.eldigitaldeasturias.com\/noticias\/author\/admin\/#author"},"publisher":{"@id":"https:\/\/www.eldigitaldeasturias.com\/noticias\/#organization"},"image":{"@type":"ImageObject","url":"https:\/\/www.eldigitaldeasturias.com\/noticias\/wp-content\/uploads\/2016\/09\/COTO-FOROASTURIAS.jpg","width":800,"height":563},"datePublished":"2017-03-06T13:05:54+01:00","dateModified":"2017-03-06T13:05:54+01:00","inLanguage":"es-ES","mainEntityOfPage":{"@id":"https:\/\/www.eldigitaldeasturias.com\/noticias\/cristina-coto-foro-no-va-a-tolerar-que-se-siga-discriminando-a-asturias\/#webpage"},"isPartOf":{"@id":"https:\/\/www.eldigitaldeasturias.com\/noticias\/cristina-coto-foro-no-va-a-tolerar-que-se-siga-discriminando-a-asturias\/#webpage"},"articleSection":"Destacadas"},{"@type":"BreadcrumbList","@id":"https:\/\/www.eldigitaldeasturias.com\/noticias\/cristina-coto-foro-no-va-a-tolerar-que-se-siga-discriminando-a-asturias\/#breadcrumblist","itemListElement":[{"@type":"ListItem","@id":"https:\/\/www.eldigitaldeasturias.com\/noticias#listItem","position":1,"name":"Home","item":"https:\/\/www.eldigitaldeasturias.com\/noticias","nextItem":{"@type":"ListItem","@id":"https:\/\/www.eldigitaldeasturias.com\/noticias\/category\/destacadas\/#listItem","name":"Destacadas"}},{"@type":"ListItem","@id":"https:\/\/www.eldigitaldeasturias.com\/noticias\/category\/destacadas\/#listItem","position":2,"name":"Destacadas","item":"https:\/\/www.eldigitaldeasturias.com\/noticias\/category\/destacadas\/","nextItem":{"@type":"ListItem","@id":"https:\/\/www.eldigitaldeasturias.com\/noticias\/cristina-coto-foro-no-va-a-tolerar-que-se-siga-discriminando-a-asturias\/#listItem","name":"Cristina Coto: \u201cFORO no va a tolerar que se siga discriminando a Asturias\u00bb"},"previousItem":{"@type":"ListItem","@id":"https:\/\/www.eldigitaldeasturias.com\/noticias#listItem","name":"Home"}},{"@type":"ListItem","@id":"https:\/\/www.eldigitaldeasturias.com\/noticias\/cristina-coto-foro-no-va-a-tolerar-que-se-siga-discriminando-a-asturias\/#listItem","position":3,"name":"Cristina Coto: \u201cFORO no va a tolerar que se siga discriminando a Asturias\u00bb","previousItem":{"@type":"ListItem","@id":"https:\/\/www.eldigitaldeasturias.com\/noticias\/category\/destacadas\/#listItem","name":"Destacadas"}}]},{"@type":"Organization","@id":"https:\/\/www.eldigitaldeasturias.com\/noticias\/#organization","name":"El Digital de Asturias","description":"Hemeroteca","url":"https:\/\/www.eldigitaldeasturias.com\/noticias\/","email":"info@eldigitaldeasturias.com","telephone":"+34652131393","logo":{"@type":"ImageObject","url":"https:\/\/www.eldigitaldeasturias.com\/noticias\/wp-content\/uploads\/2020\/12\/EDA.jpg","@id":"https:\/\/www.eldigitaldeasturias.com\/noticias\/cristina-coto-foro-no-va-a-tolerar-que-se-siga-discriminando-a-asturias\/#organizationLogo","width":649,"height":297},"image":{"@id":"https:\/\/www.eldigitaldeasturias.com\/noticias\/cristina-coto-foro-no-va-a-tolerar-que-se-siga-discriminando-a-asturias\/#organizationLogo"},"sameAs":["https:\/\/facebook.com\/eldigitaldeasturias","https:\/\/www.youtube.com\/channel\/UCZP-2wLEB9Rv6erhFmqVnvg"],"address":{"@id":"https:\/\/www.eldigitaldeasturias.com\/noticias\/#postaladdress","@type":"PostalAddress","streetAddress":"san antonio 4,","postalCode":"33430","addressLocality":"Cand\u00e1s","addressRegion":"Asturias","addressCountry":"ES"}},{"@type":"Person","@id":"https:\/\/www.eldigitaldeasturias.com\/noticias\/author\/admin\/#author","url":"https:\/\/www.eldigitaldeasturias.com\/noticias\/author\/admin\/","name":"El Digital de Asturias","image":{"@type":"ImageObject","@id":"https:\/\/www.eldigitaldeasturias.com\/noticias\/cristina-coto-foro-no-va-a-tolerar-que-se-siga-discriminando-a-asturias\/#authorImage","url":"https:\/\/www.eldigitaldeasturias.com\/noticias\/wp-content\/litespeed\/avatar\/18677e78aa0546b92d9dbf31ec7d7668.jpg?ver=1777290358","width":96,"height":96,"caption":"El Digital de Asturias"}},{"@type":"WebPage","@id":"https:\/\/www.eldigitaldeasturias.com\/noticias\/cristina-coto-foro-no-va-a-tolerar-que-se-siga-discriminando-a-asturias\/#webpage","url":"https:\/\/www.eldigitaldeasturias.com\/noticias\/cristina-coto-foro-no-va-a-tolerar-que-se-siga-discriminando-a-asturias\/","name":"Cristina Coto: \u201cFORO no va a tolerar que se siga discriminando a Asturias\u00bb - El Digital de Asturias","description":"La presidenta de FORO, Cristina Coto ha afirmado hoy a los medios de comunicaci\u00f3n en la Junta General que \u201ccon respecto a la carta que he recibido de la Consejer\u00eda de Infraestructuras el pasado viernes inst\u00e1ndonos a volver a la mesa del denominado \u2018Pacto por las infraestructuras\u2019, FORO no tiene nada que reconsiderar, a la","inLanguage":"es-ES","isPartOf":{"@id":"https:\/\/www.eldigitaldeasturias.com\/noticias\/#website"},"breadcrumb":{"@id":"https:\/\/www.eldigitaldeasturias.com\/noticias\/cristina-coto-foro-no-va-a-tolerar-que-se-siga-discriminando-a-asturias\/#breadcrumblist"},"author":{"@id":"https:\/\/www.eldigitaldeasturias.com\/noticias\/author\/admin\/#author"},"creator":{"@id":"https:\/\/www.eldigitaldeasturias.com\/noticias\/author\/admin\/#author"},"image":{"@type":"ImageObject","url":"https:\/\/www.eldigitaldeasturias.com\/noticias\/wp-content\/uploads\/2016\/09\/COTO-FOROASTURIAS.jpg","@id":"https:\/\/www.eldigitaldeasturias.com\/noticias\/cristina-coto-foro-no-va-a-tolerar-que-se-siga-discriminando-a-asturias\/#mainImage","width":800,"height":563},"primaryImageOfPage":{"@id":"https:\/\/www.eldigitaldeasturias.com\/noticias\/cristina-coto-foro-no-va-a-tolerar-que-se-siga-discriminando-a-asturias\/#mainImage"},"datePublished":"2017-03-06T13:05:54+01:00","dateModified":"2017-03-06T13:05:54+01:00"},{"@type":"WebSite","@id":"https:\/\/www.eldigitaldeasturias.com\/noticias\/#website","url":"https:\/\/www.eldigitaldeasturias.com\/noticias\/","name":"El Digital de Asturias - Diario de actualidad y noticias","alternateName":"El Digital de Asturias - Diario de actualidad y noticias","description":"Hemeroteca","inLanguage":"es-ES","publisher":{"@id":"https:\/\/www.eldigitaldeasturias.com\/noticias\/#organization"}}]},"og:locale":"es_ES","og:site_name":"El Digital de Asturias","og:type":"article","og:title":"Cristina Coto: \u201cFORO no va a tolerar que se siga discriminando a Asturias\u00bb - El Digital de Asturias","og:description":"La presidenta de FORO, Cristina Coto ha afirmado hoy a los medios de comunicaci\u00f3n en la Junta General que \u201ccon respecto a la carta que he recibido de la Consejer\u00eda de Infraestructuras el pasado viernes inst\u00e1ndonos a volver a la mesa del denominado \u2018Pacto por las infraestructuras\u2019, FORO no tiene nada que reconsiderar, a la","og:url":"https:\/\/www.eldigitaldeasturias.com\/noticias\/cristina-coto-foro-no-va-a-tolerar-que-se-siga-discriminando-a-asturias\/","og:image":"https:\/\/www.eldigitaldeasturias.com\/noticias\/wp-content\/uploads\/2016\/09\/COTO-FOROASTURIAS.jpg","og:image:secure_url":"https:\/\/www.eldigitaldeasturias.com\/noticias\/wp-content\/uploads\/2016\/09\/COTO-FOROASTURIAS.jpg","og:image:width":800,"og:image:height":563,"article:tag":["destacadas"],"article:published_time":"2017-03-06T13:05:54+00:00","article:modified_time":"2017-03-06T13:05:54+00:00","article:publisher":"https:\/\/facebook.com\/eldigitaldeasturias","twitter:card":"summary_large_image","twitter:title":"Cristina Coto: \u201cFORO no va a tolerar que se siga discriminando a Asturias\u00bb - El Digital de Asturias","twitter:description":"La presidenta de FORO, Cristina Coto ha afirmado hoy a los medios de comunicaci\u00f3n en la Junta General que \u201ccon respecto a la carta que he recibido de la Consejer\u00eda de Infraestructuras el pasado viernes inst\u00e1ndonos a volver a la mesa del denominado \u2018Pacto por las infraestructuras\u2019, FORO no tiene nada que reconsiderar, a la","twitter:image":"https:\/\/www.eldigitaldeasturias.com\/noticias\/wp-content\/uploads\/2016\/09\/COTO-FOROASTURIAS.jpg","twitter:label1":"Escrito por","twitter:data1":"El Digital de Asturias","twitter:label2":"Tiempo de lectura estimado","twitter:data2":"2 minutos"},"aioseo_meta_data":{"post_id":"928612","title":null,"description":null,"keywords":null,"keyphrases":null,"primary_term":null,"canonical_url":null,"og_title":null,"og_description":null,"og_object_type":"default","og_image_type":"default","og_image_url":null,"og_image_width":null,"og_image_height":null,"og_image_custom_url":null,"og_image_custom_fields":null,"og_video":null,"og_custom_url":null,"og_article_section":null,"og_article_tags":null,"twitter_use_og":false,"twitter_card":"default","twitter_image_type":"default","twitter_image_url":null,"twitter_image_custom_url":null,"twitter_image_custom_fields":null,"twitter_title":null,"twitter_description":null,"schema":{"blockGraphs":[],"customGraphs":[],"default":{"data":{"Article":[],"Course":[],"Dataset":[],"FAQPage":[],"Movie":[],"Person":[],"Product":[],"ProductReview":[],"Car":[],"Recipe":[],"Service":[],"SoftwareApplication":[],"WebPage":[]},"graphName":"","isEnabled":true},"graphs":[],"defaultGraph":"","defaultPostTypeGraph":""},"schema_type":null,"schema_type_options":null,"pillar_content":false,"robots_default":true,"robots_noindex":false,"robots_noarchive":false,"robots_nosnippet":false,"robots_nofollow":false,"robots_noimageindex":false,"robots_noodp":false,"robots_notranslate":false,"robots_max_snippet":null,"robots_max_videopreview":null,"robots_max_imagepreview":"large","priority":null,"frequency":null,"local_seo":null,"seo_analyzer_scan_date":"2025-12-03 14:06:09","breadcrumb_settings":null,"limit_modified_date":false,"open_ai":null,"ai":null,"created":"2020-12-21 13:36:52","updated":"2025-12-03 14:06:09"},"aioseo_breadcrumb":"<div class=\"aioseo-breadcrumbs\"><span class=\"aioseo-breadcrumb\">\n\t<a href=\"https:\/\/www.eldigitaldeasturias.com\/noticias\" title=\"Home\">Home<\/a>\n<\/span><span class=\"aioseo-breadcrumb-separator\">\u2013<\/span><span class=\"aioseo-breadcrumb\">\n\t<a href=\"https:\/\/www.eldigitaldeasturias.com\/noticias\/category\/destacadas\/\" title=\"Destacadas\">Destacadas<\/a>\n<\/span><span class=\"aioseo-breadcrumb-separator\">\u2013<\/span><span class=\"aioseo-breadcrumb\">\n\t<a href=\"https:\/\/www.eldigitaldeasturias.com\/noticias\/cristina-coto-foro-no-va-a-tolerar-que-se-siga-discriminando-a-asturias\/\" title=\"Cristina Coto: \u201cFORO no va a tolerar que se siga discriminando a Asturias\u00bb\">Cristina Coto: \u201cFORO no va a tolerar que se siga discriminando a Asturias\u00bb<\/a>\n<\/span><\/div>","aioseo_breadcrumb_json":[{"label":"Home","link":"https:\/\/www.eldigitaldeasturias.com\/noticias"},{"label":"Destacadas","link":"https:\/\/www.eldigitaldeasturias.com\/noticias\/category\/destacadas\/"},{"label":"Cristina Coto: \u201cFORO no va a tolerar que se siga discriminando a Asturias\u00bb","link":"https:\/\/www.eldigitaldeasturias.com\/noticias\/cristina-coto-foro-no-va-a-tolerar-que-se-siga-discriminando-a-asturias\/"}],"_links":{"self":[{"href":"https:\/\/www.eldigitaldeasturias.com\/noticias\/wp-json\/wp\/v2\/posts\/928612","targetHints":{"allow":["GET"]}}],"collection":[{"href":"https:\/\/www.eldigitaldeasturias.com\/noticias\/wp-json\/wp\/v2\/posts"}],"about":[{"href":"https:\/\/www.eldigitaldeasturias.com\/noticias\/wp-json\/wp\/v2\/types\/post"}],"author":[{"embeddable":true,"href":"https:\/\/www.eldigitaldeasturias.com\/noticias\/wp-json\/wp\/v2\/users\/1"}],"replies":[{"embeddable":true,"href":"https:\/\/www.eldigitaldeasturias.com\/noticias\/wp-json\/wp\/v2\/comments?post=928612"}],"version-history":[{"count":0,"href":"https:\/\/www.eldigitaldeasturias.com\/noticias\/wp-json\/wp\/v2\/posts\/928612\/revisions"}],"wp:featuredmedia":[{"embeddable":true,"href":"https:\/\/www.eldigitaldeasturias.com\/noticias\/wp-json\/wp\/v2\/media\/909336"}],"wp:attachment":[{"href":"https:\/\/www.eldigitaldeasturias.com\/noticias\/wp-json\/wp\/v2\/media?parent=928612"}],"wp:term":[{"taxonomy":"category","embeddable":true,"href":"https:\/\/www.eldigitaldeasturias.com\/noticias\/wp-json\/wp\/v2\/categories?post=928612"},{"taxonomy":"post_tag","embeddable":true,"href":"https:\/\/www.eldigitaldeasturias.com\/noticias\/wp-json\/wp\/v2\/tags?post=928612"}],"curies":[{"name":"wp","href":"https:\/\/api.w.org\/{rel}","templated":true}]}}