{"id":928263,"date":"2017-03-03T18:30:32","date_gmt":"2017-03-03T18:30:32","guid":{"rendered":"http:\/\/www.eldigitaldeasturias.com\/noticias\/?p=928263"},"modified":"2017-03-03T18:30:32","modified_gmt":"2017-03-03T18:30:32","slug":"como-son-los-jefes-millennials","status":"publish","type":"post","link":"https:\/\/www.eldigitaldeasturias.com\/noticias\/como-son-los-jefes-millennials\/","title":{"rendered":"\u00bfC\u00f3mo son los jefes millennials?"},"content":{"rendered":"<p><img loading=\"lazy\" decoding=\"async\" class=\"alignleft size-medium wp-image-928264\" src=\"https:\/\/www.eldigitaldeasturias.com\/noticias\/wp-content\/uploads\/2017\/03\/1488466711_bajaDSC02852_copia-360x240.jpg\" alt=\"\" width=\"360\" height=\"240\" srcset=\"https:\/\/www.eldigitaldeasturias.com\/noticias\/wp-content\/uploads\/2017\/03\/1488466711_bajaDSC02852_copia-360x240.jpg 360w, https:\/\/www.eldigitaldeasturias.com\/noticias\/wp-content\/uploads\/2017\/03\/1488466711_bajaDSC02852_copia-768x512.jpg 768w, https:\/\/www.eldigitaldeasturias.com\/noticias\/wp-content\/uploads\/2017\/03\/1488466711_bajaDSC02852_copia-650x433.jpg 650w, https:\/\/www.eldigitaldeasturias.com\/noticias\/wp-content\/uploads\/2017\/03\/1488466711_bajaDSC02852_copia.jpg 1134w\" sizes=\"auto, (max-width: 360px) 100vw, 360px\" \/>Elena Cascante y \u00c1ngeles Alc\u00e1zar, socias directoras del Observatorio Generaci\u00f3n &amp; Talento, han explicado que para este pr\u00f3ximo a\u00f1o el objetivo de trabajo del Observatorio GT es el Liderazgo Intergeneracional: Analizar e identificar los comportamientos directivos que facilitan el liderazgo de equipos de distintas generaciones; diagnosticar estilos y comportamientos directivos de los managers seg\u00fan su generaci\u00f3n y c\u00f3mo impacta seg\u00fan la generaci\u00f3n de sus colaboradores , y dise\u00f1ar una hoja de ruta de c\u00f3mo desarrollar los comportamientos favorables a la gesti\u00f3n de equipos intergeneracionales. 28 organizaciones trabajar\u00e1n de manera conjunta, Y Tatum est\u00e1 colaborando con el Observatorio en el informe como partner t\u00e9cnico.<\/p>\n<p>Seg\u00fan David S\u00e1nchez, gerente de Tatum, en la actualidad, una de las mayores preocupaciones de las organizaciones respecto a sus l\u00edderes es c\u00f3mo conseguir que su forma de digerir a los equipos genere compromiso. \u201cSi fu\u00e9ramos capaces de saber qu\u00e9 comportamientos de nuestros managers seg\u00fan su generaci\u00f3n pueden impactar, y c\u00f3mo, en el compromiso de sus equipos tendr\u00edamos una gran parte el camino recorrido. La dificultad estriba en encontrar estos patrones o comportamientos de los managers que \u201cenganchan\u201d a las personas\u201d.<\/p>\n<p>El Observatorio analizar\u00e1 los comportamientos de los l\u00edderes de las diferentes generaciones en workshops con managers, din\u00e1micas con los profesionales de recursos humanos de estas empresas y encuestas de estilos de direcci\u00f3n entre empleados. El objetivo es hacer un an\u00e1lisis de 360\u00ba del liderazgo intergeneracional y \u201celaborar un estudio con rigor cient\u00edfico a final de a\u00f1o\u201d, seg\u00fan Elena Cascante.<\/p>\n<p>El primer foro de los cuatro que se realizar\u00e1n se ha centrado en los l\u00edderes de la generaci\u00f3n Y; managers millennials de diferentes organizaciones han compartido con las empresas asistentes c\u00f3mo gestionan con sus equipos comportamientos como conciliaci\u00f3n, reconocimiento, feedback, trabajo colaborativo o planes de desarrollo, entre otros.<\/p>\n<p>Los millennials son diferentes en muchos aspectos, y tambi\u00e9n en su forma de gestionar equipos, seg\u00fan han manifestado estos managers. Consideran m\u00e1s importante que un l\u00edder motive y reconozca a sus colaboradores constantemente, en vez de decirles qu\u00e9 hacer. Promueven el feedback continuo y la pol\u00edtica \u201cde puertas abiertas\u201d. Preguntan y consensuan con su equipo c\u00f3mo pueden contribuir individualmente a los objetivos de la compa\u00f1\u00eda. Delegan funciones, y apuestan por la conciliaci\u00f3n y la flexibilidad horaria; en este sentido, en sus estilos de liderazgo prevalece la direcci\u00f3n por objetivos o resultados por encima del control de presencia en la oficina. Para los l\u00edderes de la Generaci\u00f3n Y, es necesario predicar con el ejemplo, hacer lo que dices que vas a hacer y mantener tus compromisos.<\/p>\n<p>As\u00ed se ven ellos. Pero, \u00bfc\u00f3mo es percibido su estilo de direcci\u00f3n por otras generaciones? Seg\u00fan los profesionales de RRHH que han participado en este Foro de Liderazgo Intergeneracional organizado por el Observatorio GT: los l\u00edderes millennials son m\u00e1s colaborativos; est\u00e1n m\u00e1s orientados hacia la flexibilidad y la conciliaci\u00f3n; son abiertos a la creatividad y libertad de acci\u00f3n; m\u00e1s exigentes con la organizaci\u00f3n; est\u00e1n m\u00e1s preparados en habilidades y aspectos como los idiomas y la digitalizaci\u00f3n; son m\u00e1s vers\u00e1tiles, est\u00e1n m\u00e1s comprometidos con la Sociedad y tienen mucha m\u00e1s confianza en s\u00ed mismos.<\/p>\n<p>Tambi\u00e9n se perciben amenazas y debilidades, algunas relacionadas con su falta de experiencia, y otras con su car\u00e1cter individualista, su cuestionamiento sistem\u00e1tico de la jerarqu\u00eda, su exceso de transparencia, que dificulta la gesti\u00f3n de conflictos, o su necesidad de conseguir resultados en el corto plazo.<\/p>\n<p>El Foro se ha celebrado esta ma\u00f1ana en la sede corporativa de ILUNION, el grupo de empresas sociales de la ONCE y su Fundaci\u00f3n, y miembro de la Red de Empresas del Observatorio. Paola del R\u00edo, su directora corporativa de Recursos Humanos y Medios, ha afirmado que \u201cla evoluci\u00f3n demogr\u00e1fica ha llevado al Grupo ILUNION a plantearse nuevos escenarios, como la variable generacional por esa raz\u00f3n, lleva a cabo \u201cproyectos que apuestan por el talento joven e intergeneracional, favoreciendo as\u00ed la transferencia de valores y conocimientos\u201d.<\/p>\n<p>&nbsp;<\/p>\n<p>&nbsp;<\/p>\n","protected":false},"excerpt":{"rendered":"<p>Elena Cascante y \u00c1ngeles Alc\u00e1zar, socias directoras del Observatorio Generaci\u00f3n &amp; Talento, han explicado que para este pr\u00f3ximo a\u00f1o el objetivo de trabajo del Observatorio GT es el Liderazgo Intergeneracional: Analizar e identificar los comportamientos directivos que facilitan el liderazgo de equipos de distintas generaciones; diagnosticar estilos y comportamientos directivos de los managers seg\u00fan su [&hellip;]<\/p>\n","protected":false},"author":1,"featured_media":928264,"comment_status":"closed","ping_status":"closed","sticky":false,"template":"","format":"standard","meta":{"footnotes":""},"categories":[141],"tags":[],"class_list":["post-928263","post","type-post","status-publish","format-standard","has-post-thumbnail","hentry","category-destacadas"],"aioseo_notices":[],"aioseo_head":"\n\t\t<!-- All in One SEO Pro 4.9.6.2 - aioseo.com -->\n\t<meta name=\"description\" content=\"Elena Cascante y \u00c1ngeles Alc\u00e1zar, socias directoras del Observatorio Generaci\u00f3n &amp; Talento, han explicado que para este pr\u00f3ximo a\u00f1o el objetivo de trabajo del Observatorio GT es el Liderazgo Intergeneracional: Analizar e identificar los comportamientos directivos que facilitan el liderazgo de equipos de distintas generaciones; diagnosticar estilos y comportamientos directivos de los managers seg\u00fan su\" \/>\n\t<meta name=\"robots\" content=\"max-image-preview:large\" \/>\n\t<meta name=\"author\" content=\"El Digital de Asturias\"\/>\n\t<meta name=\"google-site-verification\" content=\"UA-38556648-1\" \/>\n\t<meta name=\"msvalidate.01\" content=\"7dfe9f3f1b24437ab69f4f2559babe99\" \/>\n\t<meta name=\"keywords\" content=\"destacadas\" \/>\n\t<link rel=\"canonical\" href=\"https:\/\/www.eldigitaldeasturias.com\/noticias\/como-son-los-jefes-millennials\/\" \/>\n\t<meta name=\"generator\" content=\"All in One SEO Pro (AIOSEO) 4.9.6.2\" \/>\n\t\t<meta property=\"og:locale\" content=\"es_ES\" \/>\n\t\t<meta property=\"og:site_name\" content=\"El Digital de Asturias\" \/>\n\t\t<meta property=\"og:type\" content=\"article\" \/>\n\t\t<meta property=\"og:title\" content=\"\u00bfC\u00f3mo son los jefes millennials? - El Digital de Asturias\" \/>\n\t\t<meta property=\"og:description\" content=\"Elena Cascante y \u00c1ngeles Alc\u00e1zar, socias directoras del Observatorio Generaci\u00f3n &amp; Talento, han explicado que para este pr\u00f3ximo a\u00f1o el objetivo de trabajo del Observatorio GT es el Liderazgo Intergeneracional: Analizar e identificar los comportamientos directivos que facilitan el liderazgo de equipos de distintas generaciones; diagnosticar estilos y comportamientos directivos de los managers seg\u00fan su\" \/>\n\t\t<meta property=\"og:url\" content=\"https:\/\/www.eldigitaldeasturias.com\/noticias\/como-son-los-jefes-millennials\/\" \/>\n\t\t<meta property=\"og:image\" content=\"https:\/\/www.eldigitaldeasturias.com\/noticias\/wp-content\/uploads\/2017\/03\/1488466711_bajaDSC02852_copia.jpg\" \/>\n\t\t<meta property=\"og:image:secure_url\" content=\"https:\/\/www.eldigitaldeasturias.com\/noticias\/wp-content\/uploads\/2017\/03\/1488466711_bajaDSC02852_copia.jpg\" \/>\n\t\t<meta property=\"og:image:width\" content=\"1134\" \/>\n\t\t<meta property=\"og:image:height\" content=\"756\" \/>\n\t\t<meta property=\"article:tag\" content=\"destacadas\" \/>\n\t\t<meta property=\"article:published_time\" content=\"2017-03-03T18:30:32+00:00\" \/>\n\t\t<meta property=\"article:modified_time\" content=\"2017-03-03T18:30:32+00:00\" \/>\n\t\t<meta property=\"article:publisher\" content=\"https:\/\/facebook.com\/eldigitaldeasturias\" \/>\n\t\t<meta name=\"twitter:card\" content=\"summary_large_image\" \/>\n\t\t<meta name=\"twitter:title\" content=\"\u00bfC\u00f3mo son los jefes millennials? - El Digital de Asturias\" \/>\n\t\t<meta name=\"twitter:description\" content=\"Elena Cascante y \u00c1ngeles Alc\u00e1zar, socias directoras del Observatorio Generaci\u00f3n &amp; Talento, han explicado que para este pr\u00f3ximo a\u00f1o el objetivo de trabajo del Observatorio GT es el Liderazgo Intergeneracional: Analizar e identificar los comportamientos directivos que facilitan el liderazgo de equipos de distintas generaciones; diagnosticar estilos y comportamientos directivos de los managers seg\u00fan su\" \/>\n\t\t<meta name=\"twitter:image\" content=\"https:\/\/www.eldigitaldeasturias.com\/noticias\/wp-content\/uploads\/2017\/03\/1488466711_bajaDSC02852_copia.jpg\" \/>\n\t\t<meta name=\"twitter:label1\" content=\"Escrito por\" \/>\n\t\t<meta name=\"twitter:data1\" content=\"El Digital de Asturias\" \/>\n\t\t<meta name=\"twitter:label2\" content=\"Tiempo de lectura estimado\" \/>\n\t\t<meta name=\"twitter:data2\" content=\"4 minutos\" \/>\n\t\t<script type=\"application\/ld+json\" class=\"aioseo-schema\">\n\t\t\t{\"@context\":\"https:\\\/\\\/schema.org\",\"@graph\":[{\"@type\":\"BlogPosting\",\"@id\":\"https:\\\/\\\/www.eldigitaldeasturias.com\\\/noticias\\\/como-son-los-jefes-millennials\\\/#blogposting\",\"name\":\"\\u00bfC\\u00f3mo son los jefes millennials? - El Digital de Asturias\",\"headline\":\"\\u00bfC\\u00f3mo son los jefes millennials?\",\"author\":{\"@id\":\"https:\\\/\\\/www.eldigitaldeasturias.com\\\/noticias\\\/author\\\/admin\\\/#author\"},\"publisher\":{\"@id\":\"https:\\\/\\\/www.eldigitaldeasturias.com\\\/noticias\\\/#organization\"},\"image\":{\"@type\":\"ImageObject\",\"url\":\"https:\\\/\\\/www.eldigitaldeasturias.com\\\/noticias\\\/wp-content\\\/uploads\\\/2017\\\/03\\\/1488466711_bajaDSC02852_copia.jpg\",\"width\":1134,\"height\":756},\"datePublished\":\"2017-03-03T18:30:32+01:00\",\"dateModified\":\"2017-03-03T18:30:32+01:00\",\"inLanguage\":\"es-ES\",\"mainEntityOfPage\":{\"@id\":\"https:\\\/\\\/www.eldigitaldeasturias.com\\\/noticias\\\/como-son-los-jefes-millennials\\\/#webpage\"},\"isPartOf\":{\"@id\":\"https:\\\/\\\/www.eldigitaldeasturias.com\\\/noticias\\\/como-son-los-jefes-millennials\\\/#webpage\"},\"articleSection\":\"Destacadas\"},{\"@type\":\"BreadcrumbList\",\"@id\":\"https:\\\/\\\/www.eldigitaldeasturias.com\\\/noticias\\\/como-son-los-jefes-millennials\\\/#breadcrumblist\",\"itemListElement\":[{\"@type\":\"ListItem\",\"@id\":\"https:\\\/\\\/www.eldigitaldeasturias.com\\\/noticias#listItem\",\"position\":1,\"name\":\"Home\",\"item\":\"https:\\\/\\\/www.eldigitaldeasturias.com\\\/noticias\",\"nextItem\":{\"@type\":\"ListItem\",\"@id\":\"https:\\\/\\\/www.eldigitaldeasturias.com\\\/noticias\\\/category\\\/destacadas\\\/#listItem\",\"name\":\"Destacadas\"}},{\"@type\":\"ListItem\",\"@id\":\"https:\\\/\\\/www.eldigitaldeasturias.com\\\/noticias\\\/category\\\/destacadas\\\/#listItem\",\"position\":2,\"name\":\"Destacadas\",\"item\":\"https:\\\/\\\/www.eldigitaldeasturias.com\\\/noticias\\\/category\\\/destacadas\\\/\",\"nextItem\":{\"@type\":\"ListItem\",\"@id\":\"https:\\\/\\\/www.eldigitaldeasturias.com\\\/noticias\\\/como-son-los-jefes-millennials\\\/#listItem\",\"name\":\"\\u00bfC\\u00f3mo son los jefes millennials?\"},\"previousItem\":{\"@type\":\"ListItem\",\"@id\":\"https:\\\/\\\/www.eldigitaldeasturias.com\\\/noticias#listItem\",\"name\":\"Home\"}},{\"@type\":\"ListItem\",\"@id\":\"https:\\\/\\\/www.eldigitaldeasturias.com\\\/noticias\\\/como-son-los-jefes-millennials\\\/#listItem\",\"position\":3,\"name\":\"\\u00bfC\\u00f3mo son los jefes millennials?\",\"previousItem\":{\"@type\":\"ListItem\",\"@id\":\"https:\\\/\\\/www.eldigitaldeasturias.com\\\/noticias\\\/category\\\/destacadas\\\/#listItem\",\"name\":\"Destacadas\"}}]},{\"@type\":\"Organization\",\"@id\":\"https:\\\/\\\/www.eldigitaldeasturias.com\\\/noticias\\\/#organization\",\"name\":\"El Digital de Asturias\",\"description\":\"Hemeroteca\",\"url\":\"https:\\\/\\\/www.eldigitaldeasturias.com\\\/noticias\\\/\",\"email\":\"info@eldigitaldeasturias.com\",\"telephone\":\"+34652131393\",\"logo\":{\"@type\":\"ImageObject\",\"url\":\"https:\\\/\\\/www.eldigitaldeasturias.com\\\/noticias\\\/wp-content\\\/uploads\\\/2020\\\/12\\\/EDA.jpg\",\"@id\":\"https:\\\/\\\/www.eldigitaldeasturias.com\\\/noticias\\\/como-son-los-jefes-millennials\\\/#organizationLogo\",\"width\":649,\"height\":297},\"image\":{\"@id\":\"https:\\\/\\\/www.eldigitaldeasturias.com\\\/noticias\\\/como-son-los-jefes-millennials\\\/#organizationLogo\"},\"sameAs\":[\"https:\\\/\\\/facebook.com\\\/eldigitaldeasturias\",\"https:\\\/\\\/www.youtube.com\\\/channel\\\/UCZP-2wLEB9Rv6erhFmqVnvg\"],\"address\":{\"@id\":\"https:\\\/\\\/www.eldigitaldeasturias.com\\\/noticias\\\/#postaladdress\",\"@type\":\"PostalAddress\",\"streetAddress\":\"san antonio 4,\",\"postalCode\":\"33430\",\"addressLocality\":\"Cand\\u00e1s\",\"addressRegion\":\"Asturias\",\"addressCountry\":\"ES\"}},{\"@type\":\"Person\",\"@id\":\"https:\\\/\\\/www.eldigitaldeasturias.com\\\/noticias\\\/author\\\/admin\\\/#author\",\"url\":\"https:\\\/\\\/www.eldigitaldeasturias.com\\\/noticias\\\/author\\\/admin\\\/\",\"name\":\"El Digital de Asturias\",\"image\":{\"@type\":\"ImageObject\",\"@id\":\"https:\\\/\\\/www.eldigitaldeasturias.com\\\/noticias\\\/como-son-los-jefes-millennials\\\/#authorImage\",\"url\":\"https:\\\/\\\/www.eldigitaldeasturias.com\\\/noticias\\\/wp-content\\\/litespeed\\\/avatar\\\/18677e78aa0546b92d9dbf31ec7d7668.jpg?ver=1777290358\",\"width\":96,\"height\":96,\"caption\":\"El Digital de Asturias\"}},{\"@type\":\"WebPage\",\"@id\":\"https:\\\/\\\/www.eldigitaldeasturias.com\\\/noticias\\\/como-son-los-jefes-millennials\\\/#webpage\",\"url\":\"https:\\\/\\\/www.eldigitaldeasturias.com\\\/noticias\\\/como-son-los-jefes-millennials\\\/\",\"name\":\"\\u00bfC\\u00f3mo son los jefes millennials? - El Digital de Asturias\",\"description\":\"Elena Cascante y \\u00c1ngeles Alc\\u00e1zar, socias directoras del Observatorio Generaci\\u00f3n & Talento, han explicado que para este pr\\u00f3ximo a\\u00f1o el objetivo de trabajo del Observatorio GT es el Liderazgo Intergeneracional: Analizar e identificar los comportamientos directivos que facilitan el liderazgo de equipos de distintas generaciones; diagnosticar estilos y comportamientos directivos de los managers seg\\u00fan su\",\"inLanguage\":\"es-ES\",\"isPartOf\":{\"@id\":\"https:\\\/\\\/www.eldigitaldeasturias.com\\\/noticias\\\/#website\"},\"breadcrumb\":{\"@id\":\"https:\\\/\\\/www.eldigitaldeasturias.com\\\/noticias\\\/como-son-los-jefes-millennials\\\/#breadcrumblist\"},\"author\":{\"@id\":\"https:\\\/\\\/www.eldigitaldeasturias.com\\\/noticias\\\/author\\\/admin\\\/#author\"},\"creator\":{\"@id\":\"https:\\\/\\\/www.eldigitaldeasturias.com\\\/noticias\\\/author\\\/admin\\\/#author\"},\"image\":{\"@type\":\"ImageObject\",\"url\":\"https:\\\/\\\/www.eldigitaldeasturias.com\\\/noticias\\\/wp-content\\\/uploads\\\/2017\\\/03\\\/1488466711_bajaDSC02852_copia.jpg\",\"@id\":\"https:\\\/\\\/www.eldigitaldeasturias.com\\\/noticias\\\/como-son-los-jefes-millennials\\\/#mainImage\",\"width\":1134,\"height\":756},\"primaryImageOfPage\":{\"@id\":\"https:\\\/\\\/www.eldigitaldeasturias.com\\\/noticias\\\/como-son-los-jefes-millennials\\\/#mainImage\"},\"datePublished\":\"2017-03-03T18:30:32+01:00\",\"dateModified\":\"2017-03-03T18:30:32+01:00\"},{\"@type\":\"WebSite\",\"@id\":\"https:\\\/\\\/www.eldigitaldeasturias.com\\\/noticias\\\/#website\",\"url\":\"https:\\\/\\\/www.eldigitaldeasturias.com\\\/noticias\\\/\",\"name\":\"El Digital de Asturias - Diario de actualidad y noticias\",\"alternateName\":\"El Digital de Asturias - Diario de actualidad y noticias\",\"description\":\"Hemeroteca\",\"inLanguage\":\"es-ES\",\"publisher\":{\"@id\":\"https:\\\/\\\/www.eldigitaldeasturias.com\\\/noticias\\\/#organization\"}}]}\n\t\t<\/script>\n\t\t<!-- All in One SEO Pro -->\r\n\t\t<title>\u00bfC\u00f3mo son los jefes millennials? - El Digital de Asturias<\/title>\n\n","aioseo_head_json":{"title":"\u00bfC\u00f3mo son los jefes millennials? - El Digital de Asturias","description":"Elena Cascante y \u00c1ngeles Alc\u00e1zar, socias directoras del Observatorio Generaci\u00f3n & Talento, han explicado que para este pr\u00f3ximo a\u00f1o el objetivo de trabajo del Observatorio GT es el Liderazgo Intergeneracional: Analizar e identificar los comportamientos directivos que facilitan el liderazgo de equipos de distintas generaciones; diagnosticar estilos y comportamientos directivos de los managers seg\u00fan su","canonical_url":"https:\/\/www.eldigitaldeasturias.com\/noticias\/como-son-los-jefes-millennials\/","robots":"max-image-preview:large","keywords":"destacadas","webmasterTools":{"google-site-verification":"UA-38556648-1","msvalidate.01":"7dfe9f3f1b24437ab69f4f2559babe99","miscellaneous":""},"schema":{"@context":"https:\/\/schema.org","@graph":[{"@type":"BlogPosting","@id":"https:\/\/www.eldigitaldeasturias.com\/noticias\/como-son-los-jefes-millennials\/#blogposting","name":"\u00bfC\u00f3mo son los jefes millennials? - El Digital de Asturias","headline":"\u00bfC\u00f3mo son los jefes millennials?","author":{"@id":"https:\/\/www.eldigitaldeasturias.com\/noticias\/author\/admin\/#author"},"publisher":{"@id":"https:\/\/www.eldigitaldeasturias.com\/noticias\/#organization"},"image":{"@type":"ImageObject","url":"https:\/\/www.eldigitaldeasturias.com\/noticias\/wp-content\/uploads\/2017\/03\/1488466711_bajaDSC02852_copia.jpg","width":1134,"height":756},"datePublished":"2017-03-03T18:30:32+01:00","dateModified":"2017-03-03T18:30:32+01:00","inLanguage":"es-ES","mainEntityOfPage":{"@id":"https:\/\/www.eldigitaldeasturias.com\/noticias\/como-son-los-jefes-millennials\/#webpage"},"isPartOf":{"@id":"https:\/\/www.eldigitaldeasturias.com\/noticias\/como-son-los-jefes-millennials\/#webpage"},"articleSection":"Destacadas"},{"@type":"BreadcrumbList","@id":"https:\/\/www.eldigitaldeasturias.com\/noticias\/como-son-los-jefes-millennials\/#breadcrumblist","itemListElement":[{"@type":"ListItem","@id":"https:\/\/www.eldigitaldeasturias.com\/noticias#listItem","position":1,"name":"Home","item":"https:\/\/www.eldigitaldeasturias.com\/noticias","nextItem":{"@type":"ListItem","@id":"https:\/\/www.eldigitaldeasturias.com\/noticias\/category\/destacadas\/#listItem","name":"Destacadas"}},{"@type":"ListItem","@id":"https:\/\/www.eldigitaldeasturias.com\/noticias\/category\/destacadas\/#listItem","position":2,"name":"Destacadas","item":"https:\/\/www.eldigitaldeasturias.com\/noticias\/category\/destacadas\/","nextItem":{"@type":"ListItem","@id":"https:\/\/www.eldigitaldeasturias.com\/noticias\/como-son-los-jefes-millennials\/#listItem","name":"\u00bfC\u00f3mo son los jefes millennials?"},"previousItem":{"@type":"ListItem","@id":"https:\/\/www.eldigitaldeasturias.com\/noticias#listItem","name":"Home"}},{"@type":"ListItem","@id":"https:\/\/www.eldigitaldeasturias.com\/noticias\/como-son-los-jefes-millennials\/#listItem","position":3,"name":"\u00bfC\u00f3mo son los jefes millennials?","previousItem":{"@type":"ListItem","@id":"https:\/\/www.eldigitaldeasturias.com\/noticias\/category\/destacadas\/#listItem","name":"Destacadas"}}]},{"@type":"Organization","@id":"https:\/\/www.eldigitaldeasturias.com\/noticias\/#organization","name":"El Digital de Asturias","description":"Hemeroteca","url":"https:\/\/www.eldigitaldeasturias.com\/noticias\/","email":"info@eldigitaldeasturias.com","telephone":"+34652131393","logo":{"@type":"ImageObject","url":"https:\/\/www.eldigitaldeasturias.com\/noticias\/wp-content\/uploads\/2020\/12\/EDA.jpg","@id":"https:\/\/www.eldigitaldeasturias.com\/noticias\/como-son-los-jefes-millennials\/#organizationLogo","width":649,"height":297},"image":{"@id":"https:\/\/www.eldigitaldeasturias.com\/noticias\/como-son-los-jefes-millennials\/#organizationLogo"},"sameAs":["https:\/\/facebook.com\/eldigitaldeasturias","https:\/\/www.youtube.com\/channel\/UCZP-2wLEB9Rv6erhFmqVnvg"],"address":{"@id":"https:\/\/www.eldigitaldeasturias.com\/noticias\/#postaladdress","@type":"PostalAddress","streetAddress":"san antonio 4,","postalCode":"33430","addressLocality":"Cand\u00e1s","addressRegion":"Asturias","addressCountry":"ES"}},{"@type":"Person","@id":"https:\/\/www.eldigitaldeasturias.com\/noticias\/author\/admin\/#author","url":"https:\/\/www.eldigitaldeasturias.com\/noticias\/author\/admin\/","name":"El Digital de Asturias","image":{"@type":"ImageObject","@id":"https:\/\/www.eldigitaldeasturias.com\/noticias\/como-son-los-jefes-millennials\/#authorImage","url":"https:\/\/www.eldigitaldeasturias.com\/noticias\/wp-content\/litespeed\/avatar\/18677e78aa0546b92d9dbf31ec7d7668.jpg?ver=1777290358","width":96,"height":96,"caption":"El Digital de Asturias"}},{"@type":"WebPage","@id":"https:\/\/www.eldigitaldeasturias.com\/noticias\/como-son-los-jefes-millennials\/#webpage","url":"https:\/\/www.eldigitaldeasturias.com\/noticias\/como-son-los-jefes-millennials\/","name":"\u00bfC\u00f3mo son los jefes millennials? - El Digital de Asturias","description":"Elena Cascante y \u00c1ngeles Alc\u00e1zar, socias directoras del Observatorio Generaci\u00f3n & Talento, han explicado que para este pr\u00f3ximo a\u00f1o el objetivo de trabajo del Observatorio GT es el Liderazgo Intergeneracional: Analizar e identificar los comportamientos directivos que facilitan el liderazgo de equipos de distintas generaciones; diagnosticar estilos y comportamientos directivos de los managers seg\u00fan su","inLanguage":"es-ES","isPartOf":{"@id":"https:\/\/www.eldigitaldeasturias.com\/noticias\/#website"},"breadcrumb":{"@id":"https:\/\/www.eldigitaldeasturias.com\/noticias\/como-son-los-jefes-millennials\/#breadcrumblist"},"author":{"@id":"https:\/\/www.eldigitaldeasturias.com\/noticias\/author\/admin\/#author"},"creator":{"@id":"https:\/\/www.eldigitaldeasturias.com\/noticias\/author\/admin\/#author"},"image":{"@type":"ImageObject","url":"https:\/\/www.eldigitaldeasturias.com\/noticias\/wp-content\/uploads\/2017\/03\/1488466711_bajaDSC02852_copia.jpg","@id":"https:\/\/www.eldigitaldeasturias.com\/noticias\/como-son-los-jefes-millennials\/#mainImage","width":1134,"height":756},"primaryImageOfPage":{"@id":"https:\/\/www.eldigitaldeasturias.com\/noticias\/como-son-los-jefes-millennials\/#mainImage"},"datePublished":"2017-03-03T18:30:32+01:00","dateModified":"2017-03-03T18:30:32+01:00"},{"@type":"WebSite","@id":"https:\/\/www.eldigitaldeasturias.com\/noticias\/#website","url":"https:\/\/www.eldigitaldeasturias.com\/noticias\/","name":"El Digital de Asturias - Diario de actualidad y noticias","alternateName":"El Digital de Asturias - Diario de actualidad y noticias","description":"Hemeroteca","inLanguage":"es-ES","publisher":{"@id":"https:\/\/www.eldigitaldeasturias.com\/noticias\/#organization"}}]},"og:locale":"es_ES","og:site_name":"El Digital de Asturias","og:type":"article","og:title":"\u00bfC\u00f3mo son los jefes millennials? - El Digital de Asturias","og:description":"Elena Cascante y \u00c1ngeles Alc\u00e1zar, socias directoras del Observatorio Generaci\u00f3n &amp; Talento, han explicado que para este pr\u00f3ximo a\u00f1o el objetivo de trabajo del Observatorio GT es el Liderazgo Intergeneracional: Analizar e identificar los comportamientos directivos que facilitan el liderazgo de equipos de distintas generaciones; diagnosticar estilos y comportamientos directivos de los managers seg\u00fan su","og:url":"https:\/\/www.eldigitaldeasturias.com\/noticias\/como-son-los-jefes-millennials\/","og:image":"https:\/\/www.eldigitaldeasturias.com\/noticias\/wp-content\/uploads\/2017\/03\/1488466711_bajaDSC02852_copia.jpg","og:image:secure_url":"https:\/\/www.eldigitaldeasturias.com\/noticias\/wp-content\/uploads\/2017\/03\/1488466711_bajaDSC02852_copia.jpg","og:image:width":1134,"og:image:height":756,"article:tag":["destacadas"],"article:published_time":"2017-03-03T18:30:32+00:00","article:modified_time":"2017-03-03T18:30:32+00:00","article:publisher":"https:\/\/facebook.com\/eldigitaldeasturias","twitter:card":"summary_large_image","twitter:title":"\u00bfC\u00f3mo son los jefes millennials? - El Digital de Asturias","twitter:description":"Elena Cascante y \u00c1ngeles Alc\u00e1zar, socias directoras del Observatorio Generaci\u00f3n &amp; Talento, han explicado que para este pr\u00f3ximo a\u00f1o el objetivo de trabajo del Observatorio GT es el Liderazgo Intergeneracional: Analizar e identificar los comportamientos directivos que facilitan el liderazgo de equipos de distintas generaciones; diagnosticar estilos y comportamientos directivos de los managers seg\u00fan su","twitter:image":"https:\/\/www.eldigitaldeasturias.com\/noticias\/wp-content\/uploads\/2017\/03\/1488466711_bajaDSC02852_copia.jpg","twitter:label1":"Escrito por","twitter:data1":"El Digital de Asturias","twitter:label2":"Tiempo de lectura estimado","twitter:data2":"4 minutos"},"aioseo_meta_data":{"post_id":"928263","title":null,"description":null,"keywords":null,"keyphrases":null,"primary_term":null,"canonical_url":null,"og_title":null,"og_description":null,"og_object_type":"default","og_image_type":"default","og_image_url":null,"og_image_width":null,"og_image_height":null,"og_image_custom_url":null,"og_image_custom_fields":null,"og_video":null,"og_custom_url":null,"og_article_section":null,"og_article_tags":null,"twitter_use_og":false,"twitter_card":"default","twitter_image_type":"default","twitter_image_url":null,"twitter_image_custom_url":null,"twitter_image_custom_fields":null,"twitter_title":null,"twitter_description":null,"schema":{"blockGraphs":[],"customGraphs":[],"default":{"data":{"Article":[],"Course":[],"Dataset":[],"FAQPage":[],"Movie":[],"Person":[],"Product":[],"ProductReview":[],"Car":[],"Recipe":[],"Service":[],"SoftwareApplication":[],"WebPage":[]},"graphName":"","isEnabled":true},"graphs":[],"defaultGraph":"","defaultPostTypeGraph":""},"schema_type":null,"schema_type_options":null,"pillar_content":false,"robots_default":true,"robots_noindex":false,"robots_noarchive":false,"robots_nosnippet":false,"robots_nofollow":false,"robots_noimageindex":false,"robots_noodp":false,"robots_notranslate":false,"robots_max_snippet":null,"robots_max_videopreview":null,"robots_max_imagepreview":"large","priority":null,"frequency":null,"local_seo":null,"seo_analyzer_scan_date":"2025-12-03 13:00:19","breadcrumb_settings":null,"limit_modified_date":false,"open_ai":null,"ai":null,"created":"2020-12-21 13:37:00","updated":"2025-12-03 13:00:19"},"aioseo_breadcrumb":"<div class=\"aioseo-breadcrumbs\"><span class=\"aioseo-breadcrumb\">\n\t<a href=\"https:\/\/www.eldigitaldeasturias.com\/noticias\" title=\"Home\">Home<\/a>\n<\/span><span class=\"aioseo-breadcrumb-separator\">\u2013<\/span><span class=\"aioseo-breadcrumb\">\n\t<a href=\"https:\/\/www.eldigitaldeasturias.com\/noticias\/category\/destacadas\/\" title=\"Destacadas\">Destacadas<\/a>\n<\/span><span class=\"aioseo-breadcrumb-separator\">\u2013<\/span><span class=\"aioseo-breadcrumb\">\n\t<a href=\"https:\/\/www.eldigitaldeasturias.com\/noticias\/como-son-los-jefes-millennials\/\" title=\"\u00bfC\u00f3mo son los jefes millennials?\">\u00bfC\u00f3mo son los jefes millennials?<\/a>\n<\/span><\/div>","aioseo_breadcrumb_json":[{"label":"Home","link":"https:\/\/www.eldigitaldeasturias.com\/noticias"},{"label":"Destacadas","link":"https:\/\/www.eldigitaldeasturias.com\/noticias\/category\/destacadas\/"},{"label":"\u00bfC\u00f3mo son los jefes millennials?","link":"https:\/\/www.eldigitaldeasturias.com\/noticias\/como-son-los-jefes-millennials\/"}],"_links":{"self":[{"href":"https:\/\/www.eldigitaldeasturias.com\/noticias\/wp-json\/wp\/v2\/posts\/928263","targetHints":{"allow":["GET"]}}],"collection":[{"href":"https:\/\/www.eldigitaldeasturias.com\/noticias\/wp-json\/wp\/v2\/posts"}],"about":[{"href":"https:\/\/www.eldigitaldeasturias.com\/noticias\/wp-json\/wp\/v2\/types\/post"}],"author":[{"embeddable":true,"href":"https:\/\/www.eldigitaldeasturias.com\/noticias\/wp-json\/wp\/v2\/users\/1"}],"replies":[{"embeddable":true,"href":"https:\/\/www.eldigitaldeasturias.com\/noticias\/wp-json\/wp\/v2\/comments?post=928263"}],"version-history":[{"count":0,"href":"https:\/\/www.eldigitaldeasturias.com\/noticias\/wp-json\/wp\/v2\/posts\/928263\/revisions"}],"wp:featuredmedia":[{"embeddable":true,"href":"https:\/\/www.eldigitaldeasturias.com\/noticias\/wp-json\/wp\/v2\/media\/928264"}],"wp:attachment":[{"href":"https:\/\/www.eldigitaldeasturias.com\/noticias\/wp-json\/wp\/v2\/media?parent=928263"}],"wp:term":[{"taxonomy":"category","embeddable":true,"href":"https:\/\/www.eldigitaldeasturias.com\/noticias\/wp-json\/wp\/v2\/categories?post=928263"},{"taxonomy":"post_tag","embeddable":true,"href":"https:\/\/www.eldigitaldeasturias.com\/noticias\/wp-json\/wp\/v2\/tags?post=928263"}],"curies":[{"name":"wp","href":"https:\/\/api.w.org\/{rel}","templated":true}]}}