{"id":928111,"date":"2017-03-02T14:56:30","date_gmt":"2017-03-02T14:56:30","guid":{"rendered":"http:\/\/www.eldigitaldeasturias.com\/noticias\/?p=928111"},"modified":"2017-03-02T14:56:30","modified_gmt":"2017-03-02T14:56:30","slug":"cristina-coto-el-gobierno-de-javier-fernandez-empobrece-a-los-asturianos","status":"publish","type":"post","link":"https:\/\/www.eldigitaldeasturias.com\/noticias\/cristina-coto-el-gobierno-de-javier-fernandez-empobrece-a-los-asturianos\/","title":{"rendered":"Cristina Coto: \u201cEl Gobierno de Javier Fern\u00e1ndez empobrece a los asturianos\u201d"},"content":{"rendered":"<p><img loading=\"lazy\" decoding=\"async\" class=\"alignleft size-medium wp-image-909336\" src=\"https:\/\/www.eldigitaldeasturias.com\/noticias\/wp-content\/uploads\/2016\/09\/COTO-FOROASTURIAS-360x253.jpg\" alt=\"\" width=\"360\" height=\"253\" srcset=\"https:\/\/www.eldigitaldeasturias.com\/noticias\/wp-content\/uploads\/2016\/09\/COTO-FOROASTURIAS-360x253.jpg 360w, https:\/\/www.eldigitaldeasturias.com\/noticias\/wp-content\/uploads\/2016\/09\/COTO-FOROASTURIAS-100x70.jpg 100w, https:\/\/www.eldigitaldeasturias.com\/noticias\/wp-content\/uploads\/2016\/09\/COTO-FOROASTURIAS-696x490.jpg 696w, https:\/\/www.eldigitaldeasturias.com\/noticias\/wp-content\/uploads\/2016\/09\/COTO-FOROASTURIAS-597x420.jpg 597w, https:\/\/www.eldigitaldeasturias.com\/noticias\/wp-content\/uploads\/2016\/09\/COTO-FOROASTURIAS-768x540.jpg 768w, https:\/\/www.eldigitaldeasturias.com\/noticias\/wp-content\/uploads\/2016\/09\/COTO-FOROASTURIAS-650x457.jpg 650w, https:\/\/www.eldigitaldeasturias.com\/noticias\/wp-content\/uploads\/2016\/09\/COTO-FOROASTURIAS.jpg 800w\" sizes=\"auto, (max-width: 360px) 100vw, 360px\" \/>La presidenta de FORO, Cristina Coto, ha manifestado hoy, en relaci\u00f3n a los datos del paro publicados por el Ministerio de Empleo y Seguridad Social referidos al pasado mes de febrero que \u201ccon la nueva subida del paro en Asturias en el mes de febrero, nos situamos a la cola de Espa\u00f1a en variaci\u00f3n interanual, acumulando ya una divergencia negativa de tres puntos con respecto a la media nacional\u201d.<\/p>\n<p>\u201cEs m\u00e1s- continu\u00f3 Cristina Coto-, Asturias cierra el mes de febrero con 86.328 parados y una evoluci\u00f3n peor a la registrada en el mismo mes de los a\u00f1os 2015 y 2016. As\u00ed, en el mes de febrero de 2015 el paro cay\u00f3 en un \u20131,22%; en 2016 la reducci\u00f3n fue del -0,86% y ahora, en 2017, sube en un 0,16%, algo que no se produce por casualidad y que parece no afectarle al Gobierno de Asturias que sigue manteniendo unas pol\u00edticas que no hacen m\u00e1s que empobrecer a nuestra regi\u00f3n y alejarla del crecimiento econ\u00f3mico\u201d.<\/p>\n<p>Cristina Coto a\u00f1adi\u00f3 que \u201cen t\u00e9rminos de variaci\u00f3n anual Asturias acumula una ca\u00edda del paro de un \u20136,57%, m\u00e1s de tres puntos por debajo de la registrada por el total del pa\u00eds que ha sido del \u20139,68%, con el agravante de ser la peor de todas las Comunidades Aut\u00f3nomas\u201d.<\/p>\n<p>\u201cEn Espa\u00f1a \u2013prosigui\u00f3 la presidenta de FORO- las afiliaciones a la Seguridad Social crecen un 2.97%, tambi\u00e9n m\u00e1s del doble que en Asturias, que lo hacen en un 1.38%. Esas afiliaciones a la Seguridad Social arrojan un incremento el pasado mes de febrero que podemos calificar de insignificante, un 0,01% hasta situarse en 345.075; asimismo y respecto al mes de febrero de 2015 ha sido la tercera Comunidad Aut\u00f3noma que menor aumento ha registrado, el 1,38%, detr\u00e1s de Cantabria (0,21%) y Extremadura (0,86%), y muy lejos de la media nacional (+2,97%)\u201d, dijo.<\/p>\n<p>Cristina Coto advirti\u00f3 que \u201cla contrataci\u00f3n en Asturias igualmente acumula cifras tanto en t\u00e9rminos mensuales como interanuales peores a la media nacional. En febrero se registraron 21.770 contratos, un 11,33% menos que en el mes anterior y un 1,78% menos que el mismo mes del a\u00f1o anterior. De esta cantidad, 2.112 contratos, el equivalente al 9,7% del total, fueron de car\u00e1cter indefinido, casi id\u00e9ntico al registrado en febrero del a\u00f1o pasado\u201d.<\/p>\n<p>Finalmente, \u201cen cuanto al nivel de cobertura de los desempleados en Asturias y con los datos a enero, de los 86.192 parados en enero, \u00fanicamente 36.917, es decir el 42,8%, perciben alguna prestaci\u00f3n bien sea por subsidio (15.356), la pensi\u00f3n contributiva (17.370), la renta activa por inserci\u00f3n (4.027), o est\u00e1n incluidos en programas de activaci\u00f3n de empleo (164)\u201d, concluy\u00f3 la presidenta de FORO.<\/p>\n<p>&nbsp;<\/p>\n","protected":false},"excerpt":{"rendered":"<p>La presidenta de FORO, Cristina Coto, ha manifestado hoy, en relaci\u00f3n a los datos del paro publicados por el Ministerio de Empleo y Seguridad Social referidos al pasado mes de febrero que \u201ccon la nueva subida del paro en Asturias en el mes de febrero, nos situamos a la cola de Espa\u00f1a en variaci\u00f3n interanual, [&hellip;]<\/p>\n","protected":false},"author":1,"featured_media":909336,"comment_status":"closed","ping_status":"closed","sticky":false,"template":"","format":"standard","meta":{"footnotes":""},"categories":[141],"tags":[],"class_list":["post-928111","post","type-post","status-publish","format-standard","has-post-thumbnail","hentry","category-destacadas"],"aioseo_notices":[],"aioseo_head":"\n\t\t<!-- All in One SEO Pro 4.9.6.2 - aioseo.com -->\n\t<meta name=\"description\" content=\"La presidenta de FORO, Cristina Coto, ha manifestado hoy, en relaci\u00f3n a los datos del paro publicados por el Ministerio de Empleo y Seguridad Social referidos al pasado mes de febrero que \u201ccon la nueva subida del paro en Asturias en el mes de febrero, nos situamos a la cola de Espa\u00f1a en variaci\u00f3n interanual,\" \/>\n\t<meta name=\"robots\" content=\"max-image-preview:large\" \/>\n\t<meta name=\"author\" content=\"El Digital de Asturias\"\/>\n\t<meta name=\"google-site-verification\" content=\"UA-38556648-1\" \/>\n\t<meta name=\"msvalidate.01\" content=\"7dfe9f3f1b24437ab69f4f2559babe99\" \/>\n\t<meta name=\"keywords\" content=\"destacadas\" \/>\n\t<link rel=\"canonical\" href=\"https:\/\/www.eldigitaldeasturias.com\/noticias\/cristina-coto-el-gobierno-de-javier-fernandez-empobrece-a-los-asturianos\/\" \/>\n\t<meta name=\"generator\" content=\"All in One SEO Pro (AIOSEO) 4.9.6.2\" \/>\n\t\t<meta property=\"og:locale\" content=\"es_ES\" \/>\n\t\t<meta property=\"og:site_name\" content=\"El Digital de Asturias\" \/>\n\t\t<meta property=\"og:type\" content=\"article\" \/>\n\t\t<meta property=\"og:title\" content=\"Cristina Coto: \u201cEl Gobierno de Javier Fern\u00e1ndez empobrece a los asturianos\u201d - El Digital de Asturias\" \/>\n\t\t<meta property=\"og:description\" content=\"La presidenta de FORO, Cristina Coto, ha manifestado hoy, en relaci\u00f3n a los datos del paro publicados por el Ministerio de Empleo y Seguridad Social referidos al pasado mes de febrero que \u201ccon la nueva subida del paro en Asturias en el mes de febrero, nos situamos a la cola de Espa\u00f1a en variaci\u00f3n interanual,\" \/>\n\t\t<meta property=\"og:url\" content=\"https:\/\/www.eldigitaldeasturias.com\/noticias\/cristina-coto-el-gobierno-de-javier-fernandez-empobrece-a-los-asturianos\/\" \/>\n\t\t<meta property=\"og:image\" content=\"https:\/\/www.eldigitaldeasturias.com\/noticias\/wp-content\/uploads\/2016\/09\/COTO-FOROASTURIAS.jpg\" \/>\n\t\t<meta property=\"og:image:secure_url\" content=\"https:\/\/www.eldigitaldeasturias.com\/noticias\/wp-content\/uploads\/2016\/09\/COTO-FOROASTURIAS.jpg\" \/>\n\t\t<meta property=\"og:image:width\" content=\"800\" \/>\n\t\t<meta property=\"og:image:height\" content=\"563\" \/>\n\t\t<meta property=\"article:tag\" content=\"destacadas\" \/>\n\t\t<meta property=\"article:published_time\" content=\"2017-03-02T14:56:30+00:00\" \/>\n\t\t<meta property=\"article:modified_time\" content=\"2017-03-02T14:56:30+00:00\" \/>\n\t\t<meta property=\"article:publisher\" content=\"https:\/\/facebook.com\/eldigitaldeasturias\" \/>\n\t\t<meta name=\"twitter:card\" content=\"summary_large_image\" \/>\n\t\t<meta name=\"twitter:title\" content=\"Cristina Coto: \u201cEl Gobierno de Javier Fern\u00e1ndez empobrece a los asturianos\u201d - El Digital de Asturias\" \/>\n\t\t<meta name=\"twitter:description\" content=\"La presidenta de FORO, Cristina Coto, ha manifestado hoy, en relaci\u00f3n a los datos del paro publicados por el Ministerio de Empleo y Seguridad Social referidos al pasado mes de febrero que \u201ccon la nueva subida del paro en Asturias en el mes de febrero, nos situamos a la cola de Espa\u00f1a en variaci\u00f3n interanual,\" \/>\n\t\t<meta name=\"twitter:image\" content=\"https:\/\/www.eldigitaldeasturias.com\/noticias\/wp-content\/uploads\/2016\/09\/COTO-FOROASTURIAS.jpg\" \/>\n\t\t<meta name=\"twitter:label1\" content=\"Escrito por\" \/>\n\t\t<meta name=\"twitter:data1\" content=\"El Digital de Asturias\" \/>\n\t\t<meta name=\"twitter:label2\" content=\"Tiempo de lectura estimado\" \/>\n\t\t<meta name=\"twitter:data2\" content=\"2 minutos\" \/>\n\t\t<script type=\"application\/ld+json\" class=\"aioseo-schema\">\n\t\t\t{\"@context\":\"https:\\\/\\\/schema.org\",\"@graph\":[{\"@type\":\"BlogPosting\",\"@id\":\"https:\\\/\\\/www.eldigitaldeasturias.com\\\/noticias\\\/cristina-coto-el-gobierno-de-javier-fernandez-empobrece-a-los-asturianos\\\/#blogposting\",\"name\":\"Cristina Coto: \\u201cEl Gobierno de Javier Fern\\u00e1ndez empobrece a los asturianos\\u201d - El Digital de Asturias\",\"headline\":\"Cristina Coto: \\u201cEl Gobierno de Javier Fern\\u00e1ndez empobrece a los asturianos\\u201d\",\"author\":{\"@id\":\"https:\\\/\\\/www.eldigitaldeasturias.com\\\/noticias\\\/author\\\/admin\\\/#author\"},\"publisher\":{\"@id\":\"https:\\\/\\\/www.eldigitaldeasturias.com\\\/noticias\\\/#organization\"},\"image\":{\"@type\":\"ImageObject\",\"url\":\"https:\\\/\\\/www.eldigitaldeasturias.com\\\/noticias\\\/wp-content\\\/uploads\\\/2016\\\/09\\\/COTO-FOROASTURIAS.jpg\",\"width\":800,\"height\":563},\"datePublished\":\"2017-03-02T14:56:30+01:00\",\"dateModified\":\"2017-03-02T14:56:30+01:00\",\"inLanguage\":\"es-ES\",\"mainEntityOfPage\":{\"@id\":\"https:\\\/\\\/www.eldigitaldeasturias.com\\\/noticias\\\/cristina-coto-el-gobierno-de-javier-fernandez-empobrece-a-los-asturianos\\\/#webpage\"},\"isPartOf\":{\"@id\":\"https:\\\/\\\/www.eldigitaldeasturias.com\\\/noticias\\\/cristina-coto-el-gobierno-de-javier-fernandez-empobrece-a-los-asturianos\\\/#webpage\"},\"articleSection\":\"Destacadas\"},{\"@type\":\"BreadcrumbList\",\"@id\":\"https:\\\/\\\/www.eldigitaldeasturias.com\\\/noticias\\\/cristina-coto-el-gobierno-de-javier-fernandez-empobrece-a-los-asturianos\\\/#breadcrumblist\",\"itemListElement\":[{\"@type\":\"ListItem\",\"@id\":\"https:\\\/\\\/www.eldigitaldeasturias.com\\\/noticias#listItem\",\"position\":1,\"name\":\"Home\",\"item\":\"https:\\\/\\\/www.eldigitaldeasturias.com\\\/noticias\",\"nextItem\":{\"@type\":\"ListItem\",\"@id\":\"https:\\\/\\\/www.eldigitaldeasturias.com\\\/noticias\\\/category\\\/destacadas\\\/#listItem\",\"name\":\"Destacadas\"}},{\"@type\":\"ListItem\",\"@id\":\"https:\\\/\\\/www.eldigitaldeasturias.com\\\/noticias\\\/category\\\/destacadas\\\/#listItem\",\"position\":2,\"name\":\"Destacadas\",\"item\":\"https:\\\/\\\/www.eldigitaldeasturias.com\\\/noticias\\\/category\\\/destacadas\\\/\",\"nextItem\":{\"@type\":\"ListItem\",\"@id\":\"https:\\\/\\\/www.eldigitaldeasturias.com\\\/noticias\\\/cristina-coto-el-gobierno-de-javier-fernandez-empobrece-a-los-asturianos\\\/#listItem\",\"name\":\"Cristina Coto: \\u201cEl Gobierno de Javier Fern\\u00e1ndez empobrece a los asturianos\\u201d\"},\"previousItem\":{\"@type\":\"ListItem\",\"@id\":\"https:\\\/\\\/www.eldigitaldeasturias.com\\\/noticias#listItem\",\"name\":\"Home\"}},{\"@type\":\"ListItem\",\"@id\":\"https:\\\/\\\/www.eldigitaldeasturias.com\\\/noticias\\\/cristina-coto-el-gobierno-de-javier-fernandez-empobrece-a-los-asturianos\\\/#listItem\",\"position\":3,\"name\":\"Cristina Coto: \\u201cEl Gobierno de Javier Fern\\u00e1ndez empobrece a los asturianos\\u201d\",\"previousItem\":{\"@type\":\"ListItem\",\"@id\":\"https:\\\/\\\/www.eldigitaldeasturias.com\\\/noticias\\\/category\\\/destacadas\\\/#listItem\",\"name\":\"Destacadas\"}}]},{\"@type\":\"Organization\",\"@id\":\"https:\\\/\\\/www.eldigitaldeasturias.com\\\/noticias\\\/#organization\",\"name\":\"El Digital de Asturias\",\"description\":\"Hemeroteca\",\"url\":\"https:\\\/\\\/www.eldigitaldeasturias.com\\\/noticias\\\/\",\"email\":\"info@eldigitaldeasturias.com\",\"telephone\":\"+34652131393\",\"logo\":{\"@type\":\"ImageObject\",\"url\":\"https:\\\/\\\/www.eldigitaldeasturias.com\\\/noticias\\\/wp-content\\\/uploads\\\/2020\\\/12\\\/EDA.jpg\",\"@id\":\"https:\\\/\\\/www.eldigitaldeasturias.com\\\/noticias\\\/cristina-coto-el-gobierno-de-javier-fernandez-empobrece-a-los-asturianos\\\/#organizationLogo\",\"width\":649,\"height\":297},\"image\":{\"@id\":\"https:\\\/\\\/www.eldigitaldeasturias.com\\\/noticias\\\/cristina-coto-el-gobierno-de-javier-fernandez-empobrece-a-los-asturianos\\\/#organizationLogo\"},\"sameAs\":[\"https:\\\/\\\/facebook.com\\\/eldigitaldeasturias\",\"https:\\\/\\\/www.youtube.com\\\/channel\\\/UCZP-2wLEB9Rv6erhFmqVnvg\"],\"address\":{\"@id\":\"https:\\\/\\\/www.eldigitaldeasturias.com\\\/noticias\\\/#postaladdress\",\"@type\":\"PostalAddress\",\"streetAddress\":\"san antonio 4,\",\"postalCode\":\"33430\",\"addressLocality\":\"Cand\\u00e1s\",\"addressRegion\":\"Asturias\",\"addressCountry\":\"ES\"}},{\"@type\":\"Person\",\"@id\":\"https:\\\/\\\/www.eldigitaldeasturias.com\\\/noticias\\\/author\\\/admin\\\/#author\",\"url\":\"https:\\\/\\\/www.eldigitaldeasturias.com\\\/noticias\\\/author\\\/admin\\\/\",\"name\":\"El Digital de Asturias\",\"image\":{\"@type\":\"ImageObject\",\"@id\":\"https:\\\/\\\/www.eldigitaldeasturias.com\\\/noticias\\\/cristina-coto-el-gobierno-de-javier-fernandez-empobrece-a-los-asturianos\\\/#authorImage\",\"url\":\"https:\\\/\\\/www.eldigitaldeasturias.com\\\/noticias\\\/wp-content\\\/litespeed\\\/avatar\\\/18677e78aa0546b92d9dbf31ec7d7668.jpg?ver=1777290358\",\"width\":96,\"height\":96,\"caption\":\"El Digital de Asturias\"}},{\"@type\":\"WebPage\",\"@id\":\"https:\\\/\\\/www.eldigitaldeasturias.com\\\/noticias\\\/cristina-coto-el-gobierno-de-javier-fernandez-empobrece-a-los-asturianos\\\/#webpage\",\"url\":\"https:\\\/\\\/www.eldigitaldeasturias.com\\\/noticias\\\/cristina-coto-el-gobierno-de-javier-fernandez-empobrece-a-los-asturianos\\\/\",\"name\":\"Cristina Coto: \\u201cEl Gobierno de Javier Fern\\u00e1ndez empobrece a los asturianos\\u201d - El Digital de Asturias\",\"description\":\"La presidenta de FORO, Cristina Coto, ha manifestado hoy, en relaci\\u00f3n a los datos del paro publicados por el Ministerio de Empleo y Seguridad Social referidos al pasado mes de febrero que \\u201ccon la nueva subida del paro en Asturias en el mes de febrero, nos situamos a la cola de Espa\\u00f1a en variaci\\u00f3n interanual,\",\"inLanguage\":\"es-ES\",\"isPartOf\":{\"@id\":\"https:\\\/\\\/www.eldigitaldeasturias.com\\\/noticias\\\/#website\"},\"breadcrumb\":{\"@id\":\"https:\\\/\\\/www.eldigitaldeasturias.com\\\/noticias\\\/cristina-coto-el-gobierno-de-javier-fernandez-empobrece-a-los-asturianos\\\/#breadcrumblist\"},\"author\":{\"@id\":\"https:\\\/\\\/www.eldigitaldeasturias.com\\\/noticias\\\/author\\\/admin\\\/#author\"},\"creator\":{\"@id\":\"https:\\\/\\\/www.eldigitaldeasturias.com\\\/noticias\\\/author\\\/admin\\\/#author\"},\"image\":{\"@type\":\"ImageObject\",\"url\":\"https:\\\/\\\/www.eldigitaldeasturias.com\\\/noticias\\\/wp-content\\\/uploads\\\/2016\\\/09\\\/COTO-FOROASTURIAS.jpg\",\"@id\":\"https:\\\/\\\/www.eldigitaldeasturias.com\\\/noticias\\\/cristina-coto-el-gobierno-de-javier-fernandez-empobrece-a-los-asturianos\\\/#mainImage\",\"width\":800,\"height\":563},\"primaryImageOfPage\":{\"@id\":\"https:\\\/\\\/www.eldigitaldeasturias.com\\\/noticias\\\/cristina-coto-el-gobierno-de-javier-fernandez-empobrece-a-los-asturianos\\\/#mainImage\"},\"datePublished\":\"2017-03-02T14:56:30+01:00\",\"dateModified\":\"2017-03-02T14:56:30+01:00\"},{\"@type\":\"WebSite\",\"@id\":\"https:\\\/\\\/www.eldigitaldeasturias.com\\\/noticias\\\/#website\",\"url\":\"https:\\\/\\\/www.eldigitaldeasturias.com\\\/noticias\\\/\",\"name\":\"El Digital de Asturias - Diario de actualidad y noticias\",\"alternateName\":\"El Digital de Asturias - Diario de actualidad y noticias\",\"description\":\"Hemeroteca\",\"inLanguage\":\"es-ES\",\"publisher\":{\"@id\":\"https:\\\/\\\/www.eldigitaldeasturias.com\\\/noticias\\\/#organization\"}}]}\n\t\t<\/script>\n\t\t<!-- All in One SEO Pro -->\r\n\t\t<title>Cristina Coto: \u201cEl Gobierno de Javier Fern\u00e1ndez empobrece a los asturianos\u201d - El Digital de Asturias<\/title>\n\n","aioseo_head_json":{"title":"Cristina Coto: \u201cEl Gobierno de Javier Fern\u00e1ndez empobrece a los asturianos\u201d - El Digital de Asturias","description":"La presidenta de FORO, Cristina Coto, ha manifestado hoy, en relaci\u00f3n a los datos del paro publicados por el Ministerio de Empleo y Seguridad Social referidos al pasado mes de febrero que \u201ccon la nueva subida del paro en Asturias en el mes de febrero, nos situamos a la cola de Espa\u00f1a en variaci\u00f3n interanual,","canonical_url":"https:\/\/www.eldigitaldeasturias.com\/noticias\/cristina-coto-el-gobierno-de-javier-fernandez-empobrece-a-los-asturianos\/","robots":"max-image-preview:large","keywords":"destacadas","webmasterTools":{"google-site-verification":"UA-38556648-1","msvalidate.01":"7dfe9f3f1b24437ab69f4f2559babe99","miscellaneous":""},"schema":{"@context":"https:\/\/schema.org","@graph":[{"@type":"BlogPosting","@id":"https:\/\/www.eldigitaldeasturias.com\/noticias\/cristina-coto-el-gobierno-de-javier-fernandez-empobrece-a-los-asturianos\/#blogposting","name":"Cristina Coto: \u201cEl Gobierno de Javier Fern\u00e1ndez empobrece a los asturianos\u201d - El Digital de Asturias","headline":"Cristina Coto: \u201cEl Gobierno de Javier Fern\u00e1ndez empobrece a los asturianos\u201d","author":{"@id":"https:\/\/www.eldigitaldeasturias.com\/noticias\/author\/admin\/#author"},"publisher":{"@id":"https:\/\/www.eldigitaldeasturias.com\/noticias\/#organization"},"image":{"@type":"ImageObject","url":"https:\/\/www.eldigitaldeasturias.com\/noticias\/wp-content\/uploads\/2016\/09\/COTO-FOROASTURIAS.jpg","width":800,"height":563},"datePublished":"2017-03-02T14:56:30+01:00","dateModified":"2017-03-02T14:56:30+01:00","inLanguage":"es-ES","mainEntityOfPage":{"@id":"https:\/\/www.eldigitaldeasturias.com\/noticias\/cristina-coto-el-gobierno-de-javier-fernandez-empobrece-a-los-asturianos\/#webpage"},"isPartOf":{"@id":"https:\/\/www.eldigitaldeasturias.com\/noticias\/cristina-coto-el-gobierno-de-javier-fernandez-empobrece-a-los-asturianos\/#webpage"},"articleSection":"Destacadas"},{"@type":"BreadcrumbList","@id":"https:\/\/www.eldigitaldeasturias.com\/noticias\/cristina-coto-el-gobierno-de-javier-fernandez-empobrece-a-los-asturianos\/#breadcrumblist","itemListElement":[{"@type":"ListItem","@id":"https:\/\/www.eldigitaldeasturias.com\/noticias#listItem","position":1,"name":"Home","item":"https:\/\/www.eldigitaldeasturias.com\/noticias","nextItem":{"@type":"ListItem","@id":"https:\/\/www.eldigitaldeasturias.com\/noticias\/category\/destacadas\/#listItem","name":"Destacadas"}},{"@type":"ListItem","@id":"https:\/\/www.eldigitaldeasturias.com\/noticias\/category\/destacadas\/#listItem","position":2,"name":"Destacadas","item":"https:\/\/www.eldigitaldeasturias.com\/noticias\/category\/destacadas\/","nextItem":{"@type":"ListItem","@id":"https:\/\/www.eldigitaldeasturias.com\/noticias\/cristina-coto-el-gobierno-de-javier-fernandez-empobrece-a-los-asturianos\/#listItem","name":"Cristina Coto: \u201cEl Gobierno de Javier Fern\u00e1ndez empobrece a los asturianos\u201d"},"previousItem":{"@type":"ListItem","@id":"https:\/\/www.eldigitaldeasturias.com\/noticias#listItem","name":"Home"}},{"@type":"ListItem","@id":"https:\/\/www.eldigitaldeasturias.com\/noticias\/cristina-coto-el-gobierno-de-javier-fernandez-empobrece-a-los-asturianos\/#listItem","position":3,"name":"Cristina Coto: \u201cEl Gobierno de Javier Fern\u00e1ndez empobrece a los asturianos\u201d","previousItem":{"@type":"ListItem","@id":"https:\/\/www.eldigitaldeasturias.com\/noticias\/category\/destacadas\/#listItem","name":"Destacadas"}}]},{"@type":"Organization","@id":"https:\/\/www.eldigitaldeasturias.com\/noticias\/#organization","name":"El Digital de Asturias","description":"Hemeroteca","url":"https:\/\/www.eldigitaldeasturias.com\/noticias\/","email":"info@eldigitaldeasturias.com","telephone":"+34652131393","logo":{"@type":"ImageObject","url":"https:\/\/www.eldigitaldeasturias.com\/noticias\/wp-content\/uploads\/2020\/12\/EDA.jpg","@id":"https:\/\/www.eldigitaldeasturias.com\/noticias\/cristina-coto-el-gobierno-de-javier-fernandez-empobrece-a-los-asturianos\/#organizationLogo","width":649,"height":297},"image":{"@id":"https:\/\/www.eldigitaldeasturias.com\/noticias\/cristina-coto-el-gobierno-de-javier-fernandez-empobrece-a-los-asturianos\/#organizationLogo"},"sameAs":["https:\/\/facebook.com\/eldigitaldeasturias","https:\/\/www.youtube.com\/channel\/UCZP-2wLEB9Rv6erhFmqVnvg"],"address":{"@id":"https:\/\/www.eldigitaldeasturias.com\/noticias\/#postaladdress","@type":"PostalAddress","streetAddress":"san antonio 4,","postalCode":"33430","addressLocality":"Cand\u00e1s","addressRegion":"Asturias","addressCountry":"ES"}},{"@type":"Person","@id":"https:\/\/www.eldigitaldeasturias.com\/noticias\/author\/admin\/#author","url":"https:\/\/www.eldigitaldeasturias.com\/noticias\/author\/admin\/","name":"El Digital de Asturias","image":{"@type":"ImageObject","@id":"https:\/\/www.eldigitaldeasturias.com\/noticias\/cristina-coto-el-gobierno-de-javier-fernandez-empobrece-a-los-asturianos\/#authorImage","url":"https:\/\/www.eldigitaldeasturias.com\/noticias\/wp-content\/litespeed\/avatar\/18677e78aa0546b92d9dbf31ec7d7668.jpg?ver=1777290358","width":96,"height":96,"caption":"El Digital de Asturias"}},{"@type":"WebPage","@id":"https:\/\/www.eldigitaldeasturias.com\/noticias\/cristina-coto-el-gobierno-de-javier-fernandez-empobrece-a-los-asturianos\/#webpage","url":"https:\/\/www.eldigitaldeasturias.com\/noticias\/cristina-coto-el-gobierno-de-javier-fernandez-empobrece-a-los-asturianos\/","name":"Cristina Coto: \u201cEl Gobierno de Javier Fern\u00e1ndez empobrece a los asturianos\u201d - El Digital de Asturias","description":"La presidenta de FORO, Cristina Coto, ha manifestado hoy, en relaci\u00f3n a los datos del paro publicados por el Ministerio de Empleo y Seguridad Social referidos al pasado mes de febrero que \u201ccon la nueva subida del paro en Asturias en el mes de febrero, nos situamos a la cola de Espa\u00f1a en variaci\u00f3n interanual,","inLanguage":"es-ES","isPartOf":{"@id":"https:\/\/www.eldigitaldeasturias.com\/noticias\/#website"},"breadcrumb":{"@id":"https:\/\/www.eldigitaldeasturias.com\/noticias\/cristina-coto-el-gobierno-de-javier-fernandez-empobrece-a-los-asturianos\/#breadcrumblist"},"author":{"@id":"https:\/\/www.eldigitaldeasturias.com\/noticias\/author\/admin\/#author"},"creator":{"@id":"https:\/\/www.eldigitaldeasturias.com\/noticias\/author\/admin\/#author"},"image":{"@type":"ImageObject","url":"https:\/\/www.eldigitaldeasturias.com\/noticias\/wp-content\/uploads\/2016\/09\/COTO-FOROASTURIAS.jpg","@id":"https:\/\/www.eldigitaldeasturias.com\/noticias\/cristina-coto-el-gobierno-de-javier-fernandez-empobrece-a-los-asturianos\/#mainImage","width":800,"height":563},"primaryImageOfPage":{"@id":"https:\/\/www.eldigitaldeasturias.com\/noticias\/cristina-coto-el-gobierno-de-javier-fernandez-empobrece-a-los-asturianos\/#mainImage"},"datePublished":"2017-03-02T14:56:30+01:00","dateModified":"2017-03-02T14:56:30+01:00"},{"@type":"WebSite","@id":"https:\/\/www.eldigitaldeasturias.com\/noticias\/#website","url":"https:\/\/www.eldigitaldeasturias.com\/noticias\/","name":"El Digital de Asturias - Diario de actualidad y noticias","alternateName":"El Digital de Asturias - Diario de actualidad y noticias","description":"Hemeroteca","inLanguage":"es-ES","publisher":{"@id":"https:\/\/www.eldigitaldeasturias.com\/noticias\/#organization"}}]},"og:locale":"es_ES","og:site_name":"El Digital de Asturias","og:type":"article","og:title":"Cristina Coto: \u201cEl Gobierno de Javier Fern\u00e1ndez empobrece a los asturianos\u201d - El Digital de Asturias","og:description":"La presidenta de FORO, Cristina Coto, ha manifestado hoy, en relaci\u00f3n a los datos del paro publicados por el Ministerio de Empleo y Seguridad Social referidos al pasado mes de febrero que \u201ccon la nueva subida del paro en Asturias en el mes de febrero, nos situamos a la cola de Espa\u00f1a en variaci\u00f3n interanual,","og:url":"https:\/\/www.eldigitaldeasturias.com\/noticias\/cristina-coto-el-gobierno-de-javier-fernandez-empobrece-a-los-asturianos\/","og:image":"https:\/\/www.eldigitaldeasturias.com\/noticias\/wp-content\/uploads\/2016\/09\/COTO-FOROASTURIAS.jpg","og:image:secure_url":"https:\/\/www.eldigitaldeasturias.com\/noticias\/wp-content\/uploads\/2016\/09\/COTO-FOROASTURIAS.jpg","og:image:width":800,"og:image:height":563,"article:tag":["destacadas"],"article:published_time":"2017-03-02T14:56:30+00:00","article:modified_time":"2017-03-02T14:56:30+00:00","article:publisher":"https:\/\/facebook.com\/eldigitaldeasturias","twitter:card":"summary_large_image","twitter:title":"Cristina Coto: \u201cEl Gobierno de Javier Fern\u00e1ndez empobrece a los asturianos\u201d - El Digital de Asturias","twitter:description":"La presidenta de FORO, Cristina Coto, ha manifestado hoy, en relaci\u00f3n a los datos del paro publicados por el Ministerio de Empleo y Seguridad Social referidos al pasado mes de febrero que \u201ccon la nueva subida del paro en Asturias en el mes de febrero, nos situamos a la cola de Espa\u00f1a en variaci\u00f3n interanual,","twitter:image":"https:\/\/www.eldigitaldeasturias.com\/noticias\/wp-content\/uploads\/2016\/09\/COTO-FOROASTURIAS.jpg","twitter:label1":"Escrito por","twitter:data1":"El Digital de Asturias","twitter:label2":"Tiempo de lectura estimado","twitter:data2":"2 minutos"},"aioseo_meta_data":{"post_id":"928111","title":null,"description":null,"keywords":null,"keyphrases":null,"primary_term":null,"canonical_url":null,"og_title":null,"og_description":null,"og_object_type":"default","og_image_type":"default","og_image_url":null,"og_image_width":null,"og_image_height":null,"og_image_custom_url":null,"og_image_custom_fields":null,"og_video":null,"og_custom_url":null,"og_article_section":null,"og_article_tags":null,"twitter_use_og":false,"twitter_card":"default","twitter_image_type":"default","twitter_image_url":null,"twitter_image_custom_url":null,"twitter_image_custom_fields":null,"twitter_title":null,"twitter_description":null,"schema":{"blockGraphs":[],"customGraphs":[],"default":{"data":{"Article":[],"Course":[],"Dataset":[],"FAQPage":[],"Movie":[],"Person":[],"Product":[],"ProductReview":[],"Car":[],"Recipe":[],"Service":[],"SoftwareApplication":[],"WebPage":[]},"graphName":"","isEnabled":true},"graphs":[],"defaultGraph":"","defaultPostTypeGraph":""},"schema_type":null,"schema_type_options":null,"pillar_content":false,"robots_default":true,"robots_noindex":false,"robots_noarchive":false,"robots_nosnippet":false,"robots_nofollow":false,"robots_noimageindex":false,"robots_noodp":false,"robots_notranslate":false,"robots_max_snippet":null,"robots_max_videopreview":null,"robots_max_imagepreview":"large","priority":null,"frequency":null,"local_seo":null,"seo_analyzer_scan_date":"2025-12-03 12:30:18","breadcrumb_settings":null,"limit_modified_date":false,"open_ai":null,"ai":null,"created":"2020-12-21 13:37:00","updated":"2025-12-03 12:30:18"},"aioseo_breadcrumb":"<div class=\"aioseo-breadcrumbs\"><span class=\"aioseo-breadcrumb\">\n\t<a href=\"https:\/\/www.eldigitaldeasturias.com\/noticias\" title=\"Home\">Home<\/a>\n<\/span><span class=\"aioseo-breadcrumb-separator\">\u2013<\/span><span class=\"aioseo-breadcrumb\">\n\t<a href=\"https:\/\/www.eldigitaldeasturias.com\/noticias\/category\/destacadas\/\" title=\"Destacadas\">Destacadas<\/a>\n<\/span><span class=\"aioseo-breadcrumb-separator\">\u2013<\/span><span class=\"aioseo-breadcrumb\">\n\t<a href=\"https:\/\/www.eldigitaldeasturias.com\/noticias\/cristina-coto-el-gobierno-de-javier-fernandez-empobrece-a-los-asturianos\/\" title=\"Cristina Coto: \u201cEl Gobierno de Javier Fern\u00e1ndez empobrece a los asturianos\u201d\">Cristina Coto: \u201cEl Gobierno de Javier Fern\u00e1ndez empobrece a los asturianos\u201d<\/a>\n<\/span><\/div>","aioseo_breadcrumb_json":[{"label":"Home","link":"https:\/\/www.eldigitaldeasturias.com\/noticias"},{"label":"Destacadas","link":"https:\/\/www.eldigitaldeasturias.com\/noticias\/category\/destacadas\/"},{"label":"Cristina Coto: \u201cEl Gobierno de Javier Fern\u00e1ndez empobrece a los asturianos\u201d","link":"https:\/\/www.eldigitaldeasturias.com\/noticias\/cristina-coto-el-gobierno-de-javier-fernandez-empobrece-a-los-asturianos\/"}],"_links":{"self":[{"href":"https:\/\/www.eldigitaldeasturias.com\/noticias\/wp-json\/wp\/v2\/posts\/928111","targetHints":{"allow":["GET"]}}],"collection":[{"href":"https:\/\/www.eldigitaldeasturias.com\/noticias\/wp-json\/wp\/v2\/posts"}],"about":[{"href":"https:\/\/www.eldigitaldeasturias.com\/noticias\/wp-json\/wp\/v2\/types\/post"}],"author":[{"embeddable":true,"href":"https:\/\/www.eldigitaldeasturias.com\/noticias\/wp-json\/wp\/v2\/users\/1"}],"replies":[{"embeddable":true,"href":"https:\/\/www.eldigitaldeasturias.com\/noticias\/wp-json\/wp\/v2\/comments?post=928111"}],"version-history":[{"count":0,"href":"https:\/\/www.eldigitaldeasturias.com\/noticias\/wp-json\/wp\/v2\/posts\/928111\/revisions"}],"wp:featuredmedia":[{"embeddable":true,"href":"https:\/\/www.eldigitaldeasturias.com\/noticias\/wp-json\/wp\/v2\/media\/909336"}],"wp:attachment":[{"href":"https:\/\/www.eldigitaldeasturias.com\/noticias\/wp-json\/wp\/v2\/media?parent=928111"}],"wp:term":[{"taxonomy":"category","embeddable":true,"href":"https:\/\/www.eldigitaldeasturias.com\/noticias\/wp-json\/wp\/v2\/categories?post=928111"},{"taxonomy":"post_tag","embeddable":true,"href":"https:\/\/www.eldigitaldeasturias.com\/noticias\/wp-json\/wp\/v2\/tags?post=928111"}],"curies":[{"name":"wp","href":"https:\/\/api.w.org\/{rel}","templated":true}]}}