{"id":928104,"date":"2017-03-02T14:45:13","date_gmt":"2017-03-02T14:45:13","guid":{"rendered":"http:\/\/www.eldigitaldeasturias.com\/noticias\/?p=928104"},"modified":"2017-03-02T14:45:13","modified_gmt":"2017-03-02T14:45:13","slug":"el-descenso-interanual-del-desempleo-en-asturias-se-situa-en-el-657","status":"publish","type":"post","link":"https:\/\/www.eldigitaldeasturias.com\/noticias\/el-descenso-interanual-del-desempleo-en-asturias-se-situa-en-el-657\/","title":{"rendered":"El descenso interanual del desempleo en Asturias se sit\u00faa en el 6,57%"},"content":{"rendered":"<p><img loading=\"lazy\" decoding=\"async\" class=\"alignleft size-medium wp-image-3081\" src=\"https:\/\/www.eldigitaldeasturias.com\/noticias\/wp-content\/uploads\/2013\/09\/paro-360x240.jpg\" alt=\"\" width=\"360\" height=\"240\" \/>Asturias registr\u00f3 en febrero 5.133 afiliados m\u00e1s a la Seguridad Social y 6.074 parados menos que en el mismo mes de 2016. La directora del Servicio P\u00fablico de Empleo del Principado (Sepepa), Luis P\u00e9rez, ha valorado hoy estos datos, que suponen un incremento interanual del n\u00famero de cotizantes del 1,49% y una ca\u00edda del desempleo del 6,57%.<\/p>\n<p>El descenso interanual del paro se produce entre hombres y mujeres, as\u00ed como en todos los grupos de edad y sectores de actividad.<\/p>\n<p>En relaci\u00f3n con enero, la afiliaci\u00f3n a la Seguridad Social aument\u00f3 en febrero en 612 personas (un 0,18%), hasta alcanzar los 350.208 cotizantes. Por otra parte, el paro creci\u00f3 en el \u00faltimo mes un 0,16% (136 personas), lo que sit\u00faa en 86.328 la cifra total de desempleados.<\/p>\n<p>El ligero incremento mensual del paro afecta a los menores de 25 a\u00f1os y al colectivo sin empleo anterior. La directora del Sepepa ha atribuido esta subida al mayor n\u00famero de j\u00f3venes que se inscriben en las oficinas de empleo para optar de manera m\u00e1s \u00e1gil al sistema de ayudas de Garant\u00eda Juvenil.<\/p>\n<p>Los datos del mes pasado reflejan, adem\u00e1s, una reducci\u00f3n del paro en el sector servicios y tambi\u00e9n entre las personas de edades comprendidas entre los 25 y 44 a\u00f1os.<\/p>\n","protected":false},"excerpt":{"rendered":"<p>Asturias registr\u00f3 en febrero 5.133 afiliados m\u00e1s a la Seguridad Social y 6.074 parados menos que en el mismo mes de 2016. La directora del Servicio P\u00fablico de Empleo del Principado (Sepepa), Luis P\u00e9rez, ha valorado hoy estos datos, que suponen un incremento interanual del n\u00famero de cotizantes del 1,49% y una ca\u00edda del desempleo [&hellip;]<\/p>\n","protected":false},"author":1,"featured_media":781858,"comment_status":"closed","ping_status":"closed","sticky":false,"template":"","format":"standard","meta":{"footnotes":""},"categories":[141],"tags":[],"class_list":["post-928104","post","type-post","status-publish","format-standard","has-post-thumbnail","hentry","category-destacadas"],"aioseo_notices":[],"aioseo_head":"\n\t\t<!-- All in One SEO Pro 4.9.6.2 - aioseo.com -->\n\t<meta name=\"description\" content=\"Asturias registr\u00f3 en febrero 5.133 afiliados m\u00e1s a la Seguridad Social y 6.074 parados menos que en el mismo mes de 2016. La directora del Servicio P\u00fablico de Empleo del Principado (Sepepa), Luis P\u00e9rez, ha valorado hoy estos datos, que suponen un incremento interanual del n\u00famero de cotizantes del 1,49% y una ca\u00edda del desempleo\" \/>\n\t<meta name=\"robots\" content=\"max-image-preview:large\" \/>\n\t<meta name=\"author\" content=\"El Digital de Asturias\"\/>\n\t<meta name=\"google-site-verification\" content=\"UA-38556648-1\" \/>\n\t<meta name=\"msvalidate.01\" content=\"7dfe9f3f1b24437ab69f4f2559babe99\" \/>\n\t<meta name=\"keywords\" content=\"destacadas\" \/>\n\t<link rel=\"canonical\" href=\"https:\/\/www.eldigitaldeasturias.com\/noticias\/el-descenso-interanual-del-desempleo-en-asturias-se-situa-en-el-657\/\" \/>\n\t<meta name=\"generator\" content=\"All in One SEO Pro (AIOSEO) 4.9.6.2\" \/>\n\t\t<meta property=\"og:locale\" content=\"es_ES\" \/>\n\t\t<meta property=\"og:site_name\" content=\"El Digital de Asturias\" \/>\n\t\t<meta property=\"og:type\" content=\"article\" \/>\n\t\t<meta property=\"og:title\" content=\"El descenso interanual del desempleo en Asturias se sit\u00faa en el 6,57% - El Digital de Asturias\" \/>\n\t\t<meta property=\"og:description\" content=\"Asturias registr\u00f3 en febrero 5.133 afiliados m\u00e1s a la Seguridad Social y 6.074 parados menos que en el mismo mes de 2016. La directora del Servicio P\u00fablico de Empleo del Principado (Sepepa), Luis P\u00e9rez, ha valorado hoy estos datos, que suponen un incremento interanual del n\u00famero de cotizantes del 1,49% y una ca\u00edda del desempleo\" \/>\n\t\t<meta property=\"og:url\" content=\"https:\/\/www.eldigitaldeasturias.com\/noticias\/el-descenso-interanual-del-desempleo-en-asturias-se-situa-en-el-657\/\" \/>\n\t\t<meta property=\"og:image\" content=\"https:\/\/www.eldigitaldeasturias.com\/noticias\/wp-content\/uploads\/2015\/05\/paro-asturias.jpg\" \/>\n\t\t<meta property=\"og:image:secure_url\" content=\"https:\/\/www.eldigitaldeasturias.com\/noticias\/wp-content\/uploads\/2015\/05\/paro-asturias.jpg\" \/>\n\t\t<meta property=\"og:image:width\" content=\"800\" \/>\n\t\t<meta property=\"og:image:height\" content=\"533\" \/>\n\t\t<meta property=\"article:tag\" content=\"destacadas\" \/>\n\t\t<meta property=\"article:published_time\" content=\"2017-03-02T14:45:13+00:00\" \/>\n\t\t<meta property=\"article:modified_time\" content=\"2017-03-02T14:45:13+00:00\" \/>\n\t\t<meta property=\"article:publisher\" content=\"https:\/\/facebook.com\/eldigitaldeasturias\" \/>\n\t\t<meta name=\"twitter:card\" content=\"summary_large_image\" \/>\n\t\t<meta name=\"twitter:title\" content=\"El descenso interanual del desempleo en Asturias se sit\u00faa en el 6,57% - El Digital de Asturias\" \/>\n\t\t<meta name=\"twitter:description\" content=\"Asturias registr\u00f3 en febrero 5.133 afiliados m\u00e1s a la Seguridad Social y 6.074 parados menos que en el mismo mes de 2016. La directora del Servicio P\u00fablico de Empleo del Principado (Sepepa), Luis P\u00e9rez, ha valorado hoy estos datos, que suponen un incremento interanual del n\u00famero de cotizantes del 1,49% y una ca\u00edda del desempleo\" \/>\n\t\t<meta name=\"twitter:image\" content=\"https:\/\/www.eldigitaldeasturias.com\/noticias\/wp-content\/uploads\/2015\/05\/paro-asturias.jpg\" \/>\n\t\t<meta name=\"twitter:label1\" content=\"Escrito por\" \/>\n\t\t<meta name=\"twitter:data1\" content=\"El Digital de Asturias\" \/>\n\t\t<meta name=\"twitter:label2\" content=\"Tiempo de lectura estimado\" \/>\n\t\t<meta name=\"twitter:data2\" content=\"1 minuto\" \/>\n\t\t<script type=\"application\/ld+json\" class=\"aioseo-schema\">\n\t\t\t{\"@context\":\"https:\\\/\\\/schema.org\",\"@graph\":[{\"@type\":\"BlogPosting\",\"@id\":\"https:\\\/\\\/www.eldigitaldeasturias.com\\\/noticias\\\/el-descenso-interanual-del-desempleo-en-asturias-se-situa-en-el-657\\\/#blogposting\",\"name\":\"El descenso interanual del desempleo en Asturias se sit\\u00faa en el 6,57% - El Digital de Asturias\",\"headline\":\"El descenso interanual del desempleo en Asturias se sit\\u00faa en el 6,57%\",\"author\":{\"@id\":\"https:\\\/\\\/www.eldigitaldeasturias.com\\\/noticias\\\/author\\\/admin\\\/#author\"},\"publisher\":{\"@id\":\"https:\\\/\\\/www.eldigitaldeasturias.com\\\/noticias\\\/#organization\"},\"image\":{\"@type\":\"ImageObject\",\"url\":\"https:\\\/\\\/www.eldigitaldeasturias.com\\\/noticias\\\/wp-content\\\/uploads\\\/2015\\\/05\\\/paro-asturias.jpg\",\"width\":800,\"height\":533,\"caption\":\"paro\"},\"datePublished\":\"2017-03-02T14:45:13+01:00\",\"dateModified\":\"2017-03-02T14:45:13+01:00\",\"inLanguage\":\"es-ES\",\"mainEntityOfPage\":{\"@id\":\"https:\\\/\\\/www.eldigitaldeasturias.com\\\/noticias\\\/el-descenso-interanual-del-desempleo-en-asturias-se-situa-en-el-657\\\/#webpage\"},\"isPartOf\":{\"@id\":\"https:\\\/\\\/www.eldigitaldeasturias.com\\\/noticias\\\/el-descenso-interanual-del-desempleo-en-asturias-se-situa-en-el-657\\\/#webpage\"},\"articleSection\":\"Destacadas\"},{\"@type\":\"BreadcrumbList\",\"@id\":\"https:\\\/\\\/www.eldigitaldeasturias.com\\\/noticias\\\/el-descenso-interanual-del-desempleo-en-asturias-se-situa-en-el-657\\\/#breadcrumblist\",\"itemListElement\":[{\"@type\":\"ListItem\",\"@id\":\"https:\\\/\\\/www.eldigitaldeasturias.com\\\/noticias#listItem\",\"position\":1,\"name\":\"Home\",\"item\":\"https:\\\/\\\/www.eldigitaldeasturias.com\\\/noticias\",\"nextItem\":{\"@type\":\"ListItem\",\"@id\":\"https:\\\/\\\/www.eldigitaldeasturias.com\\\/noticias\\\/category\\\/destacadas\\\/#listItem\",\"name\":\"Destacadas\"}},{\"@type\":\"ListItem\",\"@id\":\"https:\\\/\\\/www.eldigitaldeasturias.com\\\/noticias\\\/category\\\/destacadas\\\/#listItem\",\"position\":2,\"name\":\"Destacadas\",\"item\":\"https:\\\/\\\/www.eldigitaldeasturias.com\\\/noticias\\\/category\\\/destacadas\\\/\",\"nextItem\":{\"@type\":\"ListItem\",\"@id\":\"https:\\\/\\\/www.eldigitaldeasturias.com\\\/noticias\\\/el-descenso-interanual-del-desempleo-en-asturias-se-situa-en-el-657\\\/#listItem\",\"name\":\"El descenso interanual del desempleo en Asturias se sit\\u00faa en el 6,57%\"},\"previousItem\":{\"@type\":\"ListItem\",\"@id\":\"https:\\\/\\\/www.eldigitaldeasturias.com\\\/noticias#listItem\",\"name\":\"Home\"}},{\"@type\":\"ListItem\",\"@id\":\"https:\\\/\\\/www.eldigitaldeasturias.com\\\/noticias\\\/el-descenso-interanual-del-desempleo-en-asturias-se-situa-en-el-657\\\/#listItem\",\"position\":3,\"name\":\"El descenso interanual del desempleo en Asturias se sit\\u00faa en el 6,57%\",\"previousItem\":{\"@type\":\"ListItem\",\"@id\":\"https:\\\/\\\/www.eldigitaldeasturias.com\\\/noticias\\\/category\\\/destacadas\\\/#listItem\",\"name\":\"Destacadas\"}}]},{\"@type\":\"Organization\",\"@id\":\"https:\\\/\\\/www.eldigitaldeasturias.com\\\/noticias\\\/#organization\",\"name\":\"El Digital de Asturias\",\"description\":\"Hemeroteca\",\"url\":\"https:\\\/\\\/www.eldigitaldeasturias.com\\\/noticias\\\/\",\"email\":\"info@eldigitaldeasturias.com\",\"telephone\":\"+34652131393\",\"logo\":{\"@type\":\"ImageObject\",\"url\":\"https:\\\/\\\/www.eldigitaldeasturias.com\\\/noticias\\\/wp-content\\\/uploads\\\/2020\\\/12\\\/EDA.jpg\",\"@id\":\"https:\\\/\\\/www.eldigitaldeasturias.com\\\/noticias\\\/el-descenso-interanual-del-desempleo-en-asturias-se-situa-en-el-657\\\/#organizationLogo\",\"width\":649,\"height\":297},\"image\":{\"@id\":\"https:\\\/\\\/www.eldigitaldeasturias.com\\\/noticias\\\/el-descenso-interanual-del-desempleo-en-asturias-se-situa-en-el-657\\\/#organizationLogo\"},\"sameAs\":[\"https:\\\/\\\/facebook.com\\\/eldigitaldeasturias\",\"https:\\\/\\\/www.youtube.com\\\/channel\\\/UCZP-2wLEB9Rv6erhFmqVnvg\"],\"address\":{\"@id\":\"https:\\\/\\\/www.eldigitaldeasturias.com\\\/noticias\\\/#postaladdress\",\"@type\":\"PostalAddress\",\"streetAddress\":\"san antonio 4,\",\"postalCode\":\"33430\",\"addressLocality\":\"Cand\\u00e1s\",\"addressRegion\":\"Asturias\",\"addressCountry\":\"ES\"}},{\"@type\":\"Person\",\"@id\":\"https:\\\/\\\/www.eldigitaldeasturias.com\\\/noticias\\\/author\\\/admin\\\/#author\",\"url\":\"https:\\\/\\\/www.eldigitaldeasturias.com\\\/noticias\\\/author\\\/admin\\\/\",\"name\":\"El Digital de Asturias\",\"image\":{\"@type\":\"ImageObject\",\"@id\":\"https:\\\/\\\/www.eldigitaldeasturias.com\\\/noticias\\\/el-descenso-interanual-del-desempleo-en-asturias-se-situa-en-el-657\\\/#authorImage\",\"url\":\"https:\\\/\\\/www.eldigitaldeasturias.com\\\/noticias\\\/wp-content\\\/litespeed\\\/avatar\\\/18677e78aa0546b92d9dbf31ec7d7668.jpg?ver=1777290358\",\"width\":96,\"height\":96,\"caption\":\"El Digital de Asturias\"}},{\"@type\":\"WebPage\",\"@id\":\"https:\\\/\\\/www.eldigitaldeasturias.com\\\/noticias\\\/el-descenso-interanual-del-desempleo-en-asturias-se-situa-en-el-657\\\/#webpage\",\"url\":\"https:\\\/\\\/www.eldigitaldeasturias.com\\\/noticias\\\/el-descenso-interanual-del-desempleo-en-asturias-se-situa-en-el-657\\\/\",\"name\":\"El descenso interanual del desempleo en Asturias se sit\\u00faa en el 6,57% - El Digital de Asturias\",\"description\":\"Asturias registr\\u00f3 en febrero 5.133 afiliados m\\u00e1s a la Seguridad Social y 6.074 parados menos que en el mismo mes de 2016. La directora del Servicio P\\u00fablico de Empleo del Principado (Sepepa), Luis P\\u00e9rez, ha valorado hoy estos datos, que suponen un incremento interanual del n\\u00famero de cotizantes del 1,49% y una ca\\u00edda del desempleo\",\"inLanguage\":\"es-ES\",\"isPartOf\":{\"@id\":\"https:\\\/\\\/www.eldigitaldeasturias.com\\\/noticias\\\/#website\"},\"breadcrumb\":{\"@id\":\"https:\\\/\\\/www.eldigitaldeasturias.com\\\/noticias\\\/el-descenso-interanual-del-desempleo-en-asturias-se-situa-en-el-657\\\/#breadcrumblist\"},\"author\":{\"@id\":\"https:\\\/\\\/www.eldigitaldeasturias.com\\\/noticias\\\/author\\\/admin\\\/#author\"},\"creator\":{\"@id\":\"https:\\\/\\\/www.eldigitaldeasturias.com\\\/noticias\\\/author\\\/admin\\\/#author\"},\"image\":{\"@type\":\"ImageObject\",\"url\":\"https:\\\/\\\/www.eldigitaldeasturias.com\\\/noticias\\\/wp-content\\\/uploads\\\/2015\\\/05\\\/paro-asturias.jpg\",\"@id\":\"https:\\\/\\\/www.eldigitaldeasturias.com\\\/noticias\\\/el-descenso-interanual-del-desempleo-en-asturias-se-situa-en-el-657\\\/#mainImage\",\"width\":800,\"height\":533,\"caption\":\"paro\"},\"primaryImageOfPage\":{\"@id\":\"https:\\\/\\\/www.eldigitaldeasturias.com\\\/noticias\\\/el-descenso-interanual-del-desempleo-en-asturias-se-situa-en-el-657\\\/#mainImage\"},\"datePublished\":\"2017-03-02T14:45:13+01:00\",\"dateModified\":\"2017-03-02T14:45:13+01:00\"},{\"@type\":\"WebSite\",\"@id\":\"https:\\\/\\\/www.eldigitaldeasturias.com\\\/noticias\\\/#website\",\"url\":\"https:\\\/\\\/www.eldigitaldeasturias.com\\\/noticias\\\/\",\"name\":\"El Digital de Asturias - Diario de actualidad y noticias\",\"alternateName\":\"El Digital de Asturias - Diario de actualidad y noticias\",\"description\":\"Hemeroteca\",\"inLanguage\":\"es-ES\",\"publisher\":{\"@id\":\"https:\\\/\\\/www.eldigitaldeasturias.com\\\/noticias\\\/#organization\"}}]}\n\t\t<\/script>\n\t\t<!-- All in One SEO Pro -->\r\n\t\t<title>El descenso interanual del desempleo en Asturias se sit\u00faa en el 6,57% - El Digital de Asturias<\/title>\n\n","aioseo_head_json":{"title":"El descenso interanual del desempleo en Asturias se sit\u00faa en el 6,57% - El Digital de Asturias","description":"Asturias registr\u00f3 en febrero 5.133 afiliados m\u00e1s a la Seguridad Social y 6.074 parados menos que en el mismo mes de 2016. La directora del Servicio P\u00fablico de Empleo del Principado (Sepepa), Luis P\u00e9rez, ha valorado hoy estos datos, que suponen un incremento interanual del n\u00famero de cotizantes del 1,49% y una ca\u00edda del desempleo","canonical_url":"https:\/\/www.eldigitaldeasturias.com\/noticias\/el-descenso-interanual-del-desempleo-en-asturias-se-situa-en-el-657\/","robots":"max-image-preview:large","keywords":"destacadas","webmasterTools":{"google-site-verification":"UA-38556648-1","msvalidate.01":"7dfe9f3f1b24437ab69f4f2559babe99","miscellaneous":""},"schema":{"@context":"https:\/\/schema.org","@graph":[{"@type":"BlogPosting","@id":"https:\/\/www.eldigitaldeasturias.com\/noticias\/el-descenso-interanual-del-desempleo-en-asturias-se-situa-en-el-657\/#blogposting","name":"El descenso interanual del desempleo en Asturias se sit\u00faa en el 6,57% - El Digital de Asturias","headline":"El descenso interanual del desempleo en Asturias se sit\u00faa en el 6,57%","author":{"@id":"https:\/\/www.eldigitaldeasturias.com\/noticias\/author\/admin\/#author"},"publisher":{"@id":"https:\/\/www.eldigitaldeasturias.com\/noticias\/#organization"},"image":{"@type":"ImageObject","url":"https:\/\/www.eldigitaldeasturias.com\/noticias\/wp-content\/uploads\/2015\/05\/paro-asturias.jpg","width":800,"height":533,"caption":"paro"},"datePublished":"2017-03-02T14:45:13+01:00","dateModified":"2017-03-02T14:45:13+01:00","inLanguage":"es-ES","mainEntityOfPage":{"@id":"https:\/\/www.eldigitaldeasturias.com\/noticias\/el-descenso-interanual-del-desempleo-en-asturias-se-situa-en-el-657\/#webpage"},"isPartOf":{"@id":"https:\/\/www.eldigitaldeasturias.com\/noticias\/el-descenso-interanual-del-desempleo-en-asturias-se-situa-en-el-657\/#webpage"},"articleSection":"Destacadas"},{"@type":"BreadcrumbList","@id":"https:\/\/www.eldigitaldeasturias.com\/noticias\/el-descenso-interanual-del-desempleo-en-asturias-se-situa-en-el-657\/#breadcrumblist","itemListElement":[{"@type":"ListItem","@id":"https:\/\/www.eldigitaldeasturias.com\/noticias#listItem","position":1,"name":"Home","item":"https:\/\/www.eldigitaldeasturias.com\/noticias","nextItem":{"@type":"ListItem","@id":"https:\/\/www.eldigitaldeasturias.com\/noticias\/category\/destacadas\/#listItem","name":"Destacadas"}},{"@type":"ListItem","@id":"https:\/\/www.eldigitaldeasturias.com\/noticias\/category\/destacadas\/#listItem","position":2,"name":"Destacadas","item":"https:\/\/www.eldigitaldeasturias.com\/noticias\/category\/destacadas\/","nextItem":{"@type":"ListItem","@id":"https:\/\/www.eldigitaldeasturias.com\/noticias\/el-descenso-interanual-del-desempleo-en-asturias-se-situa-en-el-657\/#listItem","name":"El descenso interanual del desempleo en Asturias se sit\u00faa en el 6,57%"},"previousItem":{"@type":"ListItem","@id":"https:\/\/www.eldigitaldeasturias.com\/noticias#listItem","name":"Home"}},{"@type":"ListItem","@id":"https:\/\/www.eldigitaldeasturias.com\/noticias\/el-descenso-interanual-del-desempleo-en-asturias-se-situa-en-el-657\/#listItem","position":3,"name":"El descenso interanual del desempleo en Asturias se sit\u00faa en el 6,57%","previousItem":{"@type":"ListItem","@id":"https:\/\/www.eldigitaldeasturias.com\/noticias\/category\/destacadas\/#listItem","name":"Destacadas"}}]},{"@type":"Organization","@id":"https:\/\/www.eldigitaldeasturias.com\/noticias\/#organization","name":"El Digital de Asturias","description":"Hemeroteca","url":"https:\/\/www.eldigitaldeasturias.com\/noticias\/","email":"info@eldigitaldeasturias.com","telephone":"+34652131393","logo":{"@type":"ImageObject","url":"https:\/\/www.eldigitaldeasturias.com\/noticias\/wp-content\/uploads\/2020\/12\/EDA.jpg","@id":"https:\/\/www.eldigitaldeasturias.com\/noticias\/el-descenso-interanual-del-desempleo-en-asturias-se-situa-en-el-657\/#organizationLogo","width":649,"height":297},"image":{"@id":"https:\/\/www.eldigitaldeasturias.com\/noticias\/el-descenso-interanual-del-desempleo-en-asturias-se-situa-en-el-657\/#organizationLogo"},"sameAs":["https:\/\/facebook.com\/eldigitaldeasturias","https:\/\/www.youtube.com\/channel\/UCZP-2wLEB9Rv6erhFmqVnvg"],"address":{"@id":"https:\/\/www.eldigitaldeasturias.com\/noticias\/#postaladdress","@type":"PostalAddress","streetAddress":"san antonio 4,","postalCode":"33430","addressLocality":"Cand\u00e1s","addressRegion":"Asturias","addressCountry":"ES"}},{"@type":"Person","@id":"https:\/\/www.eldigitaldeasturias.com\/noticias\/author\/admin\/#author","url":"https:\/\/www.eldigitaldeasturias.com\/noticias\/author\/admin\/","name":"El Digital de Asturias","image":{"@type":"ImageObject","@id":"https:\/\/www.eldigitaldeasturias.com\/noticias\/el-descenso-interanual-del-desempleo-en-asturias-se-situa-en-el-657\/#authorImage","url":"https:\/\/www.eldigitaldeasturias.com\/noticias\/wp-content\/litespeed\/avatar\/18677e78aa0546b92d9dbf31ec7d7668.jpg?ver=1777290358","width":96,"height":96,"caption":"El Digital de Asturias"}},{"@type":"WebPage","@id":"https:\/\/www.eldigitaldeasturias.com\/noticias\/el-descenso-interanual-del-desempleo-en-asturias-se-situa-en-el-657\/#webpage","url":"https:\/\/www.eldigitaldeasturias.com\/noticias\/el-descenso-interanual-del-desempleo-en-asturias-se-situa-en-el-657\/","name":"El descenso interanual del desempleo en Asturias se sit\u00faa en el 6,57% - El Digital de Asturias","description":"Asturias registr\u00f3 en febrero 5.133 afiliados m\u00e1s a la Seguridad Social y 6.074 parados menos que en el mismo mes de 2016. La directora del Servicio P\u00fablico de Empleo del Principado (Sepepa), Luis P\u00e9rez, ha valorado hoy estos datos, que suponen un incremento interanual del n\u00famero de cotizantes del 1,49% y una ca\u00edda del desempleo","inLanguage":"es-ES","isPartOf":{"@id":"https:\/\/www.eldigitaldeasturias.com\/noticias\/#website"},"breadcrumb":{"@id":"https:\/\/www.eldigitaldeasturias.com\/noticias\/el-descenso-interanual-del-desempleo-en-asturias-se-situa-en-el-657\/#breadcrumblist"},"author":{"@id":"https:\/\/www.eldigitaldeasturias.com\/noticias\/author\/admin\/#author"},"creator":{"@id":"https:\/\/www.eldigitaldeasturias.com\/noticias\/author\/admin\/#author"},"image":{"@type":"ImageObject","url":"https:\/\/www.eldigitaldeasturias.com\/noticias\/wp-content\/uploads\/2015\/05\/paro-asturias.jpg","@id":"https:\/\/www.eldigitaldeasturias.com\/noticias\/el-descenso-interanual-del-desempleo-en-asturias-se-situa-en-el-657\/#mainImage","width":800,"height":533,"caption":"paro"},"primaryImageOfPage":{"@id":"https:\/\/www.eldigitaldeasturias.com\/noticias\/el-descenso-interanual-del-desempleo-en-asturias-se-situa-en-el-657\/#mainImage"},"datePublished":"2017-03-02T14:45:13+01:00","dateModified":"2017-03-02T14:45:13+01:00"},{"@type":"WebSite","@id":"https:\/\/www.eldigitaldeasturias.com\/noticias\/#website","url":"https:\/\/www.eldigitaldeasturias.com\/noticias\/","name":"El Digital de Asturias - Diario de actualidad y noticias","alternateName":"El Digital de Asturias - Diario de actualidad y noticias","description":"Hemeroteca","inLanguage":"es-ES","publisher":{"@id":"https:\/\/www.eldigitaldeasturias.com\/noticias\/#organization"}}]},"og:locale":"es_ES","og:site_name":"El Digital de Asturias","og:type":"article","og:title":"El descenso interanual del desempleo en Asturias se sit\u00faa en el 6,57% - El Digital de Asturias","og:description":"Asturias registr\u00f3 en febrero 5.133 afiliados m\u00e1s a la Seguridad Social y 6.074 parados menos que en el mismo mes de 2016. La directora del Servicio P\u00fablico de Empleo del Principado (Sepepa), Luis P\u00e9rez, ha valorado hoy estos datos, que suponen un incremento interanual del n\u00famero de cotizantes del 1,49% y una ca\u00edda del desempleo","og:url":"https:\/\/www.eldigitaldeasturias.com\/noticias\/el-descenso-interanual-del-desempleo-en-asturias-se-situa-en-el-657\/","og:image":"https:\/\/www.eldigitaldeasturias.com\/noticias\/wp-content\/uploads\/2015\/05\/paro-asturias.jpg","og:image:secure_url":"https:\/\/www.eldigitaldeasturias.com\/noticias\/wp-content\/uploads\/2015\/05\/paro-asturias.jpg","og:image:width":800,"og:image:height":533,"article:tag":["destacadas"],"article:published_time":"2017-03-02T14:45:13+00:00","article:modified_time":"2017-03-02T14:45:13+00:00","article:publisher":"https:\/\/facebook.com\/eldigitaldeasturias","twitter:card":"summary_large_image","twitter:title":"El descenso interanual del desempleo en Asturias se sit\u00faa en el 6,57% - El Digital de Asturias","twitter:description":"Asturias registr\u00f3 en febrero 5.133 afiliados m\u00e1s a la Seguridad Social y 6.074 parados menos que en el mismo mes de 2016. La directora del Servicio P\u00fablico de Empleo del Principado (Sepepa), Luis P\u00e9rez, ha valorado hoy estos datos, que suponen un incremento interanual del n\u00famero de cotizantes del 1,49% y una ca\u00edda del desempleo","twitter:image":"https:\/\/www.eldigitaldeasturias.com\/noticias\/wp-content\/uploads\/2015\/05\/paro-asturias.jpg","twitter:label1":"Escrito por","twitter:data1":"El Digital de Asturias","twitter:label2":"Tiempo de lectura estimado","twitter:data2":"1 minuto"},"aioseo_meta_data":{"post_id":"928104","title":null,"description":null,"keywords":null,"keyphrases":null,"primary_term":null,"canonical_url":null,"og_title":null,"og_description":null,"og_object_type":"default","og_image_type":"default","og_image_url":null,"og_image_width":null,"og_image_height":null,"og_image_custom_url":null,"og_image_custom_fields":null,"og_video":null,"og_custom_url":null,"og_article_section":null,"og_article_tags":null,"twitter_use_og":false,"twitter_card":"default","twitter_image_type":"default","twitter_image_url":null,"twitter_image_custom_url":null,"twitter_image_custom_fields":null,"twitter_title":null,"twitter_description":null,"schema":{"blockGraphs":[],"customGraphs":[],"default":{"data":{"Article":[],"Course":[],"Dataset":[],"FAQPage":[],"Movie":[],"Person":[],"Product":[],"ProductReview":[],"Car":[],"Recipe":[],"Service":[],"SoftwareApplication":[],"WebPage":[]},"graphName":"","isEnabled":true},"graphs":[],"defaultGraph":"","defaultPostTypeGraph":""},"schema_type":null,"schema_type_options":null,"pillar_content":false,"robots_default":true,"robots_noindex":false,"robots_noarchive":false,"robots_nosnippet":false,"robots_nofollow":false,"robots_noimageindex":false,"robots_noodp":false,"robots_notranslate":false,"robots_max_snippet":null,"robots_max_videopreview":null,"robots_max_imagepreview":"large","priority":null,"frequency":null,"local_seo":null,"seo_analyzer_scan_date":"2025-12-03 12:28:12","breadcrumb_settings":null,"limit_modified_date":false,"open_ai":null,"ai":null,"created":"2020-12-21 13:37:07","updated":"2025-12-03 12:28:12"},"aioseo_breadcrumb":"<div class=\"aioseo-breadcrumbs\"><span class=\"aioseo-breadcrumb\">\n\t<a href=\"https:\/\/www.eldigitaldeasturias.com\/noticias\" title=\"Home\">Home<\/a>\n<\/span><span class=\"aioseo-breadcrumb-separator\">\u2013<\/span><span class=\"aioseo-breadcrumb\">\n\t<a href=\"https:\/\/www.eldigitaldeasturias.com\/noticias\/category\/destacadas\/\" title=\"Destacadas\">Destacadas<\/a>\n<\/span><span class=\"aioseo-breadcrumb-separator\">\u2013<\/span><span class=\"aioseo-breadcrumb\">\n\t<a href=\"https:\/\/www.eldigitaldeasturias.com\/noticias\/el-descenso-interanual-del-desempleo-en-asturias-se-situa-en-el-657\/\" title=\"El descenso interanual del desempleo en Asturias se sit\u00faa en el 6,57%\">El descenso interanual del desempleo en Asturias se sit\u00faa en el 6,57%<\/a>\n<\/span><\/div>","aioseo_breadcrumb_json":[{"label":"Home","link":"https:\/\/www.eldigitaldeasturias.com\/noticias"},{"label":"Destacadas","link":"https:\/\/www.eldigitaldeasturias.com\/noticias\/category\/destacadas\/"},{"label":"El descenso interanual del desempleo en Asturias se sit\u00faa en el 6,57%","link":"https:\/\/www.eldigitaldeasturias.com\/noticias\/el-descenso-interanual-del-desempleo-en-asturias-se-situa-en-el-657\/"}],"_links":{"self":[{"href":"https:\/\/www.eldigitaldeasturias.com\/noticias\/wp-json\/wp\/v2\/posts\/928104","targetHints":{"allow":["GET"]}}],"collection":[{"href":"https:\/\/www.eldigitaldeasturias.com\/noticias\/wp-json\/wp\/v2\/posts"}],"about":[{"href":"https:\/\/www.eldigitaldeasturias.com\/noticias\/wp-json\/wp\/v2\/types\/post"}],"author":[{"embeddable":true,"href":"https:\/\/www.eldigitaldeasturias.com\/noticias\/wp-json\/wp\/v2\/users\/1"}],"replies":[{"embeddable":true,"href":"https:\/\/www.eldigitaldeasturias.com\/noticias\/wp-json\/wp\/v2\/comments?post=928104"}],"version-history":[{"count":0,"href":"https:\/\/www.eldigitaldeasturias.com\/noticias\/wp-json\/wp\/v2\/posts\/928104\/revisions"}],"wp:featuredmedia":[{"embeddable":true,"href":"https:\/\/www.eldigitaldeasturias.com\/noticias\/wp-json\/wp\/v2\/media\/781858"}],"wp:attachment":[{"href":"https:\/\/www.eldigitaldeasturias.com\/noticias\/wp-json\/wp\/v2\/media?parent=928104"}],"wp:term":[{"taxonomy":"category","embeddable":true,"href":"https:\/\/www.eldigitaldeasturias.com\/noticias\/wp-json\/wp\/v2\/categories?post=928104"},{"taxonomy":"post_tag","embeddable":true,"href":"https:\/\/www.eldigitaldeasturias.com\/noticias\/wp-json\/wp\/v2\/tags?post=928104"}],"curies":[{"name":"wp","href":"https:\/\/api.w.org\/{rel}","templated":true}]}}