{"id":928028,"date":"2017-03-02T10:20:08","date_gmt":"2017-03-02T10:20:08","guid":{"rendered":"http:\/\/www.eldigitaldeasturias.com\/noticias\/?p=928028"},"modified":"2017-03-02T10:20:08","modified_gmt":"2017-03-02T10:20:08","slug":"el-paro-baja-en-espana-en-febrero-de-2017","status":"publish","type":"post","link":"https:\/\/www.eldigitaldeasturias.com\/noticias\/el-paro-baja-en-espana-en-febrero-de-2017\/","title":{"rendered":"El paro baja en Espa\u00f1a en febrero de 2017"},"content":{"rendered":"<p><img loading=\"lazy\" decoding=\"async\" class=\"alignleft size-medium wp-image-765818\" src=\"https:\/\/www.eldigitaldeasturias.com\/noticias\/wp-content\/uploads\/2015\/01\/paro-360x240.jpg\" alt=\"\" width=\"360\" height=\"240\" srcset=\"https:\/\/www.eldigitaldeasturias.com\/noticias\/wp-content\/uploads\/2015\/01\/paro-360x240.jpg 360w, https:\/\/www.eldigitaldeasturias.com\/noticias\/wp-content\/uploads\/2015\/01\/paro-768x512.jpg 768w, https:\/\/www.eldigitaldeasturias.com\/noticias\/wp-content\/uploads\/2015\/01\/paro-650x433.jpg 650w, https:\/\/www.eldigitaldeasturias.com\/noticias\/wp-content\/uploads\/2015\/01\/paro.jpg 800w\" sizes=\"auto, (max-width: 360px) 100vw, 360px\" \/>El n\u00famero de parados registrados en las oficinas de los Servicios P\u00fablicos de Empleo ha bajado en febrero en 9.355 personas en relaci\u00f3n con el mes anterior. Este descenso supone la segunda mejor evoluci\u00f3n del desempleo de los \u00faltimos 12 a\u00f1os en este mes. En los \u00faltimos 8 a\u00f1os el desempleo ha aumentado en febrero, por t\u00e9rmino medio, en 57.863 personas.<\/p>\n<p>De esta forma la cifra total de parados registrados se sit\u00faa en 3.750.876 personas, y contin\u00faa en su nivel m\u00e1s bajo de los \u00faltimos 7 a\u00f1os.<\/p>\n<blockquote><p><strong><em>En t\u00e9rminos desestacionalizados el paro baja en el mes de febrero en 32.711 personas.<\/em><\/strong><\/p><\/blockquote>\n<p>Respecto a febrero de 2016 el desempleo se ha reducido en 402.110 personas (-9,68%) el mayor descenso registrado en un mes de febrero de toda la serie hist\u00f3rica.<\/p>\n<p>El desempleo entre los j\u00f3venes menores de 25 a\u00f1os ha disminuido en los \u00faltimos doce meses en 48.970, un 14%, por encima de la media general que se sit\u00faa en un 9,68%.<\/p>\n<p>Por sectores econ\u00f3micos de procedencia de los trabajadores, el paro registrado disminuye en Servicios 13.738 (-0,54%), en Construcci\u00f3n 6.676 (-1,81%) y en Industria 3.388 (-0,98%): Por el contrario sube en Agricultura 9.734 (5,61%) y en el colectivo Sin Empleo Anterior 4.713 (1,52%).<\/p>\n<p>El paro registrado baja en 11 comunidades aut\u00f3nomas, principalmente en Baleares (-3.086), Arag\u00f3n (-2.818) y Extremadura (-1.982). Sube, en cambio, en las 6 restantes comunidades restantes, encabezadas por Andaluc\u00eda (2.361) y Comunidad de Madrid (1.673).<\/p>\n<p>&nbsp;<\/p>\n","protected":false},"excerpt":{"rendered":"<p>El n\u00famero de parados registrados en las oficinas de los Servicios P\u00fablicos de Empleo ha bajado en febrero en 9.355 personas en relaci\u00f3n con el mes anterior. Este descenso supone la segunda mejor evoluci\u00f3n del desempleo de los \u00faltimos 12 a\u00f1os en este mes. En los \u00faltimos 8 a\u00f1os el desempleo ha aumentado en febrero, [&hellip;]<\/p>\n","protected":false},"author":1,"featured_media":765818,"comment_status":"closed","ping_status":"closed","sticky":false,"template":"","format":"standard","meta":{"footnotes":""},"categories":[141],"tags":[],"class_list":["post-928028","post","type-post","status-publish","format-standard","has-post-thumbnail","hentry","category-destacadas"],"aioseo_notices":[],"aioseo_head":"\n\t\t<!-- All in One SEO Pro 4.9.6.2 - aioseo.com -->\n\t<meta name=\"description\" content=\"El n\u00famero de parados registrados en las oficinas de los Servicios P\u00fablicos de Empleo ha bajado en febrero en 9.355 personas en relaci\u00f3n con el mes anterior. Este descenso supone la segunda mejor evoluci\u00f3n del desempleo de los \u00faltimos 12 a\u00f1os en este mes. En los \u00faltimos 8 a\u00f1os el desempleo ha aumentado en febrero,\" \/>\n\t<meta name=\"robots\" content=\"max-image-preview:large\" \/>\n\t<meta name=\"author\" content=\"El Digital de Asturias\"\/>\n\t<meta name=\"google-site-verification\" content=\"UA-38556648-1\" \/>\n\t<meta name=\"msvalidate.01\" content=\"7dfe9f3f1b24437ab69f4f2559babe99\" \/>\n\t<meta name=\"keywords\" content=\"destacadas\" \/>\n\t<link rel=\"canonical\" href=\"https:\/\/www.eldigitaldeasturias.com\/noticias\/el-paro-baja-en-espana-en-febrero-de-2017\/\" \/>\n\t<meta name=\"generator\" content=\"All in One SEO Pro (AIOSEO) 4.9.6.2\" \/>\n\t\t<meta property=\"og:locale\" content=\"es_ES\" \/>\n\t\t<meta property=\"og:site_name\" content=\"El Digital de Asturias\" \/>\n\t\t<meta property=\"og:type\" content=\"article\" \/>\n\t\t<meta property=\"og:title\" content=\"El paro baja en Espa\u00f1a en febrero de 2017 - El Digital de Asturias\" \/>\n\t\t<meta property=\"og:description\" content=\"El n\u00famero de parados registrados en las oficinas de los Servicios P\u00fablicos de Empleo ha bajado en febrero en 9.355 personas en relaci\u00f3n con el mes anterior. Este descenso supone la segunda mejor evoluci\u00f3n del desempleo de los \u00faltimos 12 a\u00f1os en este mes. En los \u00faltimos 8 a\u00f1os el desempleo ha aumentado en febrero,\" \/>\n\t\t<meta property=\"og:url\" content=\"https:\/\/www.eldigitaldeasturias.com\/noticias\/el-paro-baja-en-espana-en-febrero-de-2017\/\" \/>\n\t\t<meta property=\"og:image\" content=\"https:\/\/www.eldigitaldeasturias.com\/noticias\/wp-content\/uploads\/2015\/01\/paro.jpg\" \/>\n\t\t<meta property=\"og:image:secure_url\" content=\"https:\/\/www.eldigitaldeasturias.com\/noticias\/wp-content\/uploads\/2015\/01\/paro.jpg\" \/>\n\t\t<meta property=\"og:image:width\" content=\"800\" \/>\n\t\t<meta property=\"og:image:height\" content=\"533\" \/>\n\t\t<meta property=\"article:tag\" content=\"destacadas\" \/>\n\t\t<meta property=\"article:published_time\" content=\"2017-03-02T10:20:08+00:00\" \/>\n\t\t<meta property=\"article:modified_time\" content=\"2017-03-02T10:20:08+00:00\" \/>\n\t\t<meta property=\"article:publisher\" content=\"https:\/\/facebook.com\/eldigitaldeasturias\" \/>\n\t\t<meta name=\"twitter:card\" content=\"summary_large_image\" \/>\n\t\t<meta name=\"twitter:title\" content=\"El paro baja en Espa\u00f1a en febrero de 2017 - El Digital de Asturias\" \/>\n\t\t<meta name=\"twitter:description\" content=\"El n\u00famero de parados registrados en las oficinas de los Servicios P\u00fablicos de Empleo ha bajado en febrero en 9.355 personas en relaci\u00f3n con el mes anterior. Este descenso supone la segunda mejor evoluci\u00f3n del desempleo de los \u00faltimos 12 a\u00f1os en este mes. En los \u00faltimos 8 a\u00f1os el desempleo ha aumentado en febrero,\" \/>\n\t\t<meta name=\"twitter:image\" content=\"https:\/\/www.eldigitaldeasturias.com\/noticias\/wp-content\/uploads\/2015\/01\/paro.jpg\" \/>\n\t\t<meta name=\"twitter:label1\" content=\"Escrito por\" \/>\n\t\t<meta name=\"twitter:data1\" content=\"El Digital de Asturias\" \/>\n\t\t<meta name=\"twitter:label2\" content=\"Tiempo de lectura estimado\" \/>\n\t\t<meta name=\"twitter:data2\" content=\"1 minuto\" \/>\n\t\t<script type=\"application\/ld+json\" class=\"aioseo-schema\">\n\t\t\t{\"@context\":\"https:\\\/\\\/schema.org\",\"@graph\":[{\"@type\":\"BlogPosting\",\"@id\":\"https:\\\/\\\/www.eldigitaldeasturias.com\\\/noticias\\\/el-paro-baja-en-espana-en-febrero-de-2017\\\/#blogposting\",\"name\":\"El paro baja en Espa\\u00f1a en febrero de 2017 - El Digital de Asturias\",\"headline\":\"El paro baja en Espa\\u00f1a en febrero de 2017\",\"author\":{\"@id\":\"https:\\\/\\\/www.eldigitaldeasturias.com\\\/noticias\\\/author\\\/admin\\\/#author\"},\"publisher\":{\"@id\":\"https:\\\/\\\/www.eldigitaldeasturias.com\\\/noticias\\\/#organization\"},\"image\":{\"@type\":\"ImageObject\",\"url\":\"https:\\\/\\\/www.eldigitaldeasturias.com\\\/noticias\\\/wp-content\\\/uploads\\\/2015\\\/01\\\/paro.jpg\",\"width\":800,\"height\":533},\"datePublished\":\"2017-03-02T10:20:08+01:00\",\"dateModified\":\"2017-03-02T10:20:08+01:00\",\"inLanguage\":\"es-ES\",\"mainEntityOfPage\":{\"@id\":\"https:\\\/\\\/www.eldigitaldeasturias.com\\\/noticias\\\/el-paro-baja-en-espana-en-febrero-de-2017\\\/#webpage\"},\"isPartOf\":{\"@id\":\"https:\\\/\\\/www.eldigitaldeasturias.com\\\/noticias\\\/el-paro-baja-en-espana-en-febrero-de-2017\\\/#webpage\"},\"articleSection\":\"Destacadas\"},{\"@type\":\"BreadcrumbList\",\"@id\":\"https:\\\/\\\/www.eldigitaldeasturias.com\\\/noticias\\\/el-paro-baja-en-espana-en-febrero-de-2017\\\/#breadcrumblist\",\"itemListElement\":[{\"@type\":\"ListItem\",\"@id\":\"https:\\\/\\\/www.eldigitaldeasturias.com\\\/noticias#listItem\",\"position\":1,\"name\":\"Home\",\"item\":\"https:\\\/\\\/www.eldigitaldeasturias.com\\\/noticias\",\"nextItem\":{\"@type\":\"ListItem\",\"@id\":\"https:\\\/\\\/www.eldigitaldeasturias.com\\\/noticias\\\/category\\\/destacadas\\\/#listItem\",\"name\":\"Destacadas\"}},{\"@type\":\"ListItem\",\"@id\":\"https:\\\/\\\/www.eldigitaldeasturias.com\\\/noticias\\\/category\\\/destacadas\\\/#listItem\",\"position\":2,\"name\":\"Destacadas\",\"item\":\"https:\\\/\\\/www.eldigitaldeasturias.com\\\/noticias\\\/category\\\/destacadas\\\/\",\"nextItem\":{\"@type\":\"ListItem\",\"@id\":\"https:\\\/\\\/www.eldigitaldeasturias.com\\\/noticias\\\/el-paro-baja-en-espana-en-febrero-de-2017\\\/#listItem\",\"name\":\"El paro baja en Espa\\u00f1a en febrero de 2017\"},\"previousItem\":{\"@type\":\"ListItem\",\"@id\":\"https:\\\/\\\/www.eldigitaldeasturias.com\\\/noticias#listItem\",\"name\":\"Home\"}},{\"@type\":\"ListItem\",\"@id\":\"https:\\\/\\\/www.eldigitaldeasturias.com\\\/noticias\\\/el-paro-baja-en-espana-en-febrero-de-2017\\\/#listItem\",\"position\":3,\"name\":\"El paro baja en Espa\\u00f1a en febrero de 2017\",\"previousItem\":{\"@type\":\"ListItem\",\"@id\":\"https:\\\/\\\/www.eldigitaldeasturias.com\\\/noticias\\\/category\\\/destacadas\\\/#listItem\",\"name\":\"Destacadas\"}}]},{\"@type\":\"Organization\",\"@id\":\"https:\\\/\\\/www.eldigitaldeasturias.com\\\/noticias\\\/#organization\",\"name\":\"El Digital de Asturias\",\"description\":\"Hemeroteca\",\"url\":\"https:\\\/\\\/www.eldigitaldeasturias.com\\\/noticias\\\/\",\"email\":\"info@eldigitaldeasturias.com\",\"telephone\":\"+34652131393\",\"logo\":{\"@type\":\"ImageObject\",\"url\":\"https:\\\/\\\/www.eldigitaldeasturias.com\\\/noticias\\\/wp-content\\\/uploads\\\/2020\\\/12\\\/EDA.jpg\",\"@id\":\"https:\\\/\\\/www.eldigitaldeasturias.com\\\/noticias\\\/el-paro-baja-en-espana-en-febrero-de-2017\\\/#organizationLogo\",\"width\":649,\"height\":297},\"image\":{\"@id\":\"https:\\\/\\\/www.eldigitaldeasturias.com\\\/noticias\\\/el-paro-baja-en-espana-en-febrero-de-2017\\\/#organizationLogo\"},\"sameAs\":[\"https:\\\/\\\/facebook.com\\\/eldigitaldeasturias\",\"https:\\\/\\\/www.youtube.com\\\/channel\\\/UCZP-2wLEB9Rv6erhFmqVnvg\"],\"address\":{\"@id\":\"https:\\\/\\\/www.eldigitaldeasturias.com\\\/noticias\\\/#postaladdress\",\"@type\":\"PostalAddress\",\"streetAddress\":\"san antonio 4,\",\"postalCode\":\"33430\",\"addressLocality\":\"Cand\\u00e1s\",\"addressRegion\":\"Asturias\",\"addressCountry\":\"ES\"}},{\"@type\":\"Person\",\"@id\":\"https:\\\/\\\/www.eldigitaldeasturias.com\\\/noticias\\\/author\\\/admin\\\/#author\",\"url\":\"https:\\\/\\\/www.eldigitaldeasturias.com\\\/noticias\\\/author\\\/admin\\\/\",\"name\":\"El Digital de Asturias\",\"image\":{\"@type\":\"ImageObject\",\"@id\":\"https:\\\/\\\/www.eldigitaldeasturias.com\\\/noticias\\\/el-paro-baja-en-espana-en-febrero-de-2017\\\/#authorImage\",\"url\":\"https:\\\/\\\/www.eldigitaldeasturias.com\\\/noticias\\\/wp-content\\\/litespeed\\\/avatar\\\/18677e78aa0546b92d9dbf31ec7d7668.jpg?ver=1777290358\",\"width\":96,\"height\":96,\"caption\":\"El Digital de Asturias\"}},{\"@type\":\"WebPage\",\"@id\":\"https:\\\/\\\/www.eldigitaldeasturias.com\\\/noticias\\\/el-paro-baja-en-espana-en-febrero-de-2017\\\/#webpage\",\"url\":\"https:\\\/\\\/www.eldigitaldeasturias.com\\\/noticias\\\/el-paro-baja-en-espana-en-febrero-de-2017\\\/\",\"name\":\"El paro baja en Espa\\u00f1a en febrero de 2017 - El Digital de Asturias\",\"description\":\"El n\\u00famero de parados registrados en las oficinas de los Servicios P\\u00fablicos de Empleo ha bajado en febrero en 9.355 personas en relaci\\u00f3n con el mes anterior. Este descenso supone la segunda mejor evoluci\\u00f3n del desempleo de los \\u00faltimos 12 a\\u00f1os en este mes. En los \\u00faltimos 8 a\\u00f1os el desempleo ha aumentado en febrero,\",\"inLanguage\":\"es-ES\",\"isPartOf\":{\"@id\":\"https:\\\/\\\/www.eldigitaldeasturias.com\\\/noticias\\\/#website\"},\"breadcrumb\":{\"@id\":\"https:\\\/\\\/www.eldigitaldeasturias.com\\\/noticias\\\/el-paro-baja-en-espana-en-febrero-de-2017\\\/#breadcrumblist\"},\"author\":{\"@id\":\"https:\\\/\\\/www.eldigitaldeasturias.com\\\/noticias\\\/author\\\/admin\\\/#author\"},\"creator\":{\"@id\":\"https:\\\/\\\/www.eldigitaldeasturias.com\\\/noticias\\\/author\\\/admin\\\/#author\"},\"image\":{\"@type\":\"ImageObject\",\"url\":\"https:\\\/\\\/www.eldigitaldeasturias.com\\\/noticias\\\/wp-content\\\/uploads\\\/2015\\\/01\\\/paro.jpg\",\"@id\":\"https:\\\/\\\/www.eldigitaldeasturias.com\\\/noticias\\\/el-paro-baja-en-espana-en-febrero-de-2017\\\/#mainImage\",\"width\":800,\"height\":533},\"primaryImageOfPage\":{\"@id\":\"https:\\\/\\\/www.eldigitaldeasturias.com\\\/noticias\\\/el-paro-baja-en-espana-en-febrero-de-2017\\\/#mainImage\"},\"datePublished\":\"2017-03-02T10:20:08+01:00\",\"dateModified\":\"2017-03-02T10:20:08+01:00\"},{\"@type\":\"WebSite\",\"@id\":\"https:\\\/\\\/www.eldigitaldeasturias.com\\\/noticias\\\/#website\",\"url\":\"https:\\\/\\\/www.eldigitaldeasturias.com\\\/noticias\\\/\",\"name\":\"El Digital de Asturias - Diario de actualidad y noticias\",\"alternateName\":\"El Digital de Asturias - Diario de actualidad y noticias\",\"description\":\"Hemeroteca\",\"inLanguage\":\"es-ES\",\"publisher\":{\"@id\":\"https:\\\/\\\/www.eldigitaldeasturias.com\\\/noticias\\\/#organization\"}}]}\n\t\t<\/script>\n\t\t<!-- All in One SEO Pro -->\r\n\t\t<title>El paro baja en Espa\u00f1a en febrero de 2017 - El Digital de Asturias<\/title>\n\n","aioseo_head_json":{"title":"El paro baja en Espa\u00f1a en febrero de 2017 - El Digital de Asturias","description":"El n\u00famero de parados registrados en las oficinas de los Servicios P\u00fablicos de Empleo ha bajado en febrero en 9.355 personas en relaci\u00f3n con el mes anterior. Este descenso supone la segunda mejor evoluci\u00f3n del desempleo de los \u00faltimos 12 a\u00f1os en este mes. En los \u00faltimos 8 a\u00f1os el desempleo ha aumentado en febrero,","canonical_url":"https:\/\/www.eldigitaldeasturias.com\/noticias\/el-paro-baja-en-espana-en-febrero-de-2017\/","robots":"max-image-preview:large","keywords":"destacadas","webmasterTools":{"google-site-verification":"UA-38556648-1","msvalidate.01":"7dfe9f3f1b24437ab69f4f2559babe99","miscellaneous":""},"schema":{"@context":"https:\/\/schema.org","@graph":[{"@type":"BlogPosting","@id":"https:\/\/www.eldigitaldeasturias.com\/noticias\/el-paro-baja-en-espana-en-febrero-de-2017\/#blogposting","name":"El paro baja en Espa\u00f1a en febrero de 2017 - El Digital de Asturias","headline":"El paro baja en Espa\u00f1a en febrero de 2017","author":{"@id":"https:\/\/www.eldigitaldeasturias.com\/noticias\/author\/admin\/#author"},"publisher":{"@id":"https:\/\/www.eldigitaldeasturias.com\/noticias\/#organization"},"image":{"@type":"ImageObject","url":"https:\/\/www.eldigitaldeasturias.com\/noticias\/wp-content\/uploads\/2015\/01\/paro.jpg","width":800,"height":533},"datePublished":"2017-03-02T10:20:08+01:00","dateModified":"2017-03-02T10:20:08+01:00","inLanguage":"es-ES","mainEntityOfPage":{"@id":"https:\/\/www.eldigitaldeasturias.com\/noticias\/el-paro-baja-en-espana-en-febrero-de-2017\/#webpage"},"isPartOf":{"@id":"https:\/\/www.eldigitaldeasturias.com\/noticias\/el-paro-baja-en-espana-en-febrero-de-2017\/#webpage"},"articleSection":"Destacadas"},{"@type":"BreadcrumbList","@id":"https:\/\/www.eldigitaldeasturias.com\/noticias\/el-paro-baja-en-espana-en-febrero-de-2017\/#breadcrumblist","itemListElement":[{"@type":"ListItem","@id":"https:\/\/www.eldigitaldeasturias.com\/noticias#listItem","position":1,"name":"Home","item":"https:\/\/www.eldigitaldeasturias.com\/noticias","nextItem":{"@type":"ListItem","@id":"https:\/\/www.eldigitaldeasturias.com\/noticias\/category\/destacadas\/#listItem","name":"Destacadas"}},{"@type":"ListItem","@id":"https:\/\/www.eldigitaldeasturias.com\/noticias\/category\/destacadas\/#listItem","position":2,"name":"Destacadas","item":"https:\/\/www.eldigitaldeasturias.com\/noticias\/category\/destacadas\/","nextItem":{"@type":"ListItem","@id":"https:\/\/www.eldigitaldeasturias.com\/noticias\/el-paro-baja-en-espana-en-febrero-de-2017\/#listItem","name":"El paro baja en Espa\u00f1a en febrero de 2017"},"previousItem":{"@type":"ListItem","@id":"https:\/\/www.eldigitaldeasturias.com\/noticias#listItem","name":"Home"}},{"@type":"ListItem","@id":"https:\/\/www.eldigitaldeasturias.com\/noticias\/el-paro-baja-en-espana-en-febrero-de-2017\/#listItem","position":3,"name":"El paro baja en Espa\u00f1a en febrero de 2017","previousItem":{"@type":"ListItem","@id":"https:\/\/www.eldigitaldeasturias.com\/noticias\/category\/destacadas\/#listItem","name":"Destacadas"}}]},{"@type":"Organization","@id":"https:\/\/www.eldigitaldeasturias.com\/noticias\/#organization","name":"El Digital de Asturias","description":"Hemeroteca","url":"https:\/\/www.eldigitaldeasturias.com\/noticias\/","email":"info@eldigitaldeasturias.com","telephone":"+34652131393","logo":{"@type":"ImageObject","url":"https:\/\/www.eldigitaldeasturias.com\/noticias\/wp-content\/uploads\/2020\/12\/EDA.jpg","@id":"https:\/\/www.eldigitaldeasturias.com\/noticias\/el-paro-baja-en-espana-en-febrero-de-2017\/#organizationLogo","width":649,"height":297},"image":{"@id":"https:\/\/www.eldigitaldeasturias.com\/noticias\/el-paro-baja-en-espana-en-febrero-de-2017\/#organizationLogo"},"sameAs":["https:\/\/facebook.com\/eldigitaldeasturias","https:\/\/www.youtube.com\/channel\/UCZP-2wLEB9Rv6erhFmqVnvg"],"address":{"@id":"https:\/\/www.eldigitaldeasturias.com\/noticias\/#postaladdress","@type":"PostalAddress","streetAddress":"san antonio 4,","postalCode":"33430","addressLocality":"Cand\u00e1s","addressRegion":"Asturias","addressCountry":"ES"}},{"@type":"Person","@id":"https:\/\/www.eldigitaldeasturias.com\/noticias\/author\/admin\/#author","url":"https:\/\/www.eldigitaldeasturias.com\/noticias\/author\/admin\/","name":"El Digital de Asturias","image":{"@type":"ImageObject","@id":"https:\/\/www.eldigitaldeasturias.com\/noticias\/el-paro-baja-en-espana-en-febrero-de-2017\/#authorImage","url":"https:\/\/www.eldigitaldeasturias.com\/noticias\/wp-content\/litespeed\/avatar\/18677e78aa0546b92d9dbf31ec7d7668.jpg?ver=1777290358","width":96,"height":96,"caption":"El Digital de Asturias"}},{"@type":"WebPage","@id":"https:\/\/www.eldigitaldeasturias.com\/noticias\/el-paro-baja-en-espana-en-febrero-de-2017\/#webpage","url":"https:\/\/www.eldigitaldeasturias.com\/noticias\/el-paro-baja-en-espana-en-febrero-de-2017\/","name":"El paro baja en Espa\u00f1a en febrero de 2017 - El Digital de Asturias","description":"El n\u00famero de parados registrados en las oficinas de los Servicios P\u00fablicos de Empleo ha bajado en febrero en 9.355 personas en relaci\u00f3n con el mes anterior. Este descenso supone la segunda mejor evoluci\u00f3n del desempleo de los \u00faltimos 12 a\u00f1os en este mes. En los \u00faltimos 8 a\u00f1os el desempleo ha aumentado en febrero,","inLanguage":"es-ES","isPartOf":{"@id":"https:\/\/www.eldigitaldeasturias.com\/noticias\/#website"},"breadcrumb":{"@id":"https:\/\/www.eldigitaldeasturias.com\/noticias\/el-paro-baja-en-espana-en-febrero-de-2017\/#breadcrumblist"},"author":{"@id":"https:\/\/www.eldigitaldeasturias.com\/noticias\/author\/admin\/#author"},"creator":{"@id":"https:\/\/www.eldigitaldeasturias.com\/noticias\/author\/admin\/#author"},"image":{"@type":"ImageObject","url":"https:\/\/www.eldigitaldeasturias.com\/noticias\/wp-content\/uploads\/2015\/01\/paro.jpg","@id":"https:\/\/www.eldigitaldeasturias.com\/noticias\/el-paro-baja-en-espana-en-febrero-de-2017\/#mainImage","width":800,"height":533},"primaryImageOfPage":{"@id":"https:\/\/www.eldigitaldeasturias.com\/noticias\/el-paro-baja-en-espana-en-febrero-de-2017\/#mainImage"},"datePublished":"2017-03-02T10:20:08+01:00","dateModified":"2017-03-02T10:20:08+01:00"},{"@type":"WebSite","@id":"https:\/\/www.eldigitaldeasturias.com\/noticias\/#website","url":"https:\/\/www.eldigitaldeasturias.com\/noticias\/","name":"El Digital de Asturias - Diario de actualidad y noticias","alternateName":"El Digital de Asturias - Diario de actualidad y noticias","description":"Hemeroteca","inLanguage":"es-ES","publisher":{"@id":"https:\/\/www.eldigitaldeasturias.com\/noticias\/#organization"}}]},"og:locale":"es_ES","og:site_name":"El Digital de Asturias","og:type":"article","og:title":"El paro baja en Espa\u00f1a en febrero de 2017 - El Digital de Asturias","og:description":"El n\u00famero de parados registrados en las oficinas de los Servicios P\u00fablicos de Empleo ha bajado en febrero en 9.355 personas en relaci\u00f3n con el mes anterior. Este descenso supone la segunda mejor evoluci\u00f3n del desempleo de los \u00faltimos 12 a\u00f1os en este mes. En los \u00faltimos 8 a\u00f1os el desempleo ha aumentado en febrero,","og:url":"https:\/\/www.eldigitaldeasturias.com\/noticias\/el-paro-baja-en-espana-en-febrero-de-2017\/","og:image":"https:\/\/www.eldigitaldeasturias.com\/noticias\/wp-content\/uploads\/2015\/01\/paro.jpg","og:image:secure_url":"https:\/\/www.eldigitaldeasturias.com\/noticias\/wp-content\/uploads\/2015\/01\/paro.jpg","og:image:width":800,"og:image:height":533,"article:tag":["destacadas"],"article:published_time":"2017-03-02T10:20:08+00:00","article:modified_time":"2017-03-02T10:20:08+00:00","article:publisher":"https:\/\/facebook.com\/eldigitaldeasturias","twitter:card":"summary_large_image","twitter:title":"El paro baja en Espa\u00f1a en febrero de 2017 - El Digital de Asturias","twitter:description":"El n\u00famero de parados registrados en las oficinas de los Servicios P\u00fablicos de Empleo ha bajado en febrero en 9.355 personas en relaci\u00f3n con el mes anterior. Este descenso supone la segunda mejor evoluci\u00f3n del desempleo de los \u00faltimos 12 a\u00f1os en este mes. En los \u00faltimos 8 a\u00f1os el desempleo ha aumentado en febrero,","twitter:image":"https:\/\/www.eldigitaldeasturias.com\/noticias\/wp-content\/uploads\/2015\/01\/paro.jpg","twitter:label1":"Escrito por","twitter:data1":"El Digital de Asturias","twitter:label2":"Tiempo de lectura estimado","twitter:data2":"1 minuto"},"aioseo_meta_data":{"post_id":"928028","title":null,"description":null,"keywords":null,"keyphrases":null,"primary_term":null,"canonical_url":null,"og_title":null,"og_description":null,"og_object_type":"default","og_image_type":"default","og_image_url":null,"og_image_width":null,"og_image_height":null,"og_image_custom_url":null,"og_image_custom_fields":null,"og_video":null,"og_custom_url":null,"og_article_section":null,"og_article_tags":null,"twitter_use_og":false,"twitter_card":"default","twitter_image_type":"default","twitter_image_url":null,"twitter_image_custom_url":null,"twitter_image_custom_fields":null,"twitter_title":null,"twitter_description":null,"schema":{"blockGraphs":[],"customGraphs":[],"default":{"data":{"Article":[],"Course":[],"Dataset":[],"FAQPage":[],"Movie":[],"Person":[],"Product":[],"ProductReview":[],"Car":[],"Recipe":[],"Service":[],"SoftwareApplication":[],"WebPage":[]},"graphName":"","isEnabled":true},"graphs":[],"defaultGraph":"","defaultPostTypeGraph":""},"schema_type":null,"schema_type_options":null,"pillar_content":false,"robots_default":true,"robots_noindex":false,"robots_noarchive":false,"robots_nosnippet":false,"robots_nofollow":false,"robots_noimageindex":false,"robots_noodp":false,"robots_notranslate":false,"robots_max_snippet":null,"robots_max_videopreview":null,"robots_max_imagepreview":"large","priority":null,"frequency":null,"local_seo":null,"seo_analyzer_scan_date":"2025-12-03 12:11:08","breadcrumb_settings":null,"limit_modified_date":false,"open_ai":null,"ai":null,"created":"2020-12-21 13:37:08","updated":"2025-12-03 12:11:08"},"aioseo_breadcrumb":"<div class=\"aioseo-breadcrumbs\"><span class=\"aioseo-breadcrumb\">\n\t<a href=\"https:\/\/www.eldigitaldeasturias.com\/noticias\" title=\"Home\">Home<\/a>\n<\/span><span class=\"aioseo-breadcrumb-separator\">\u2013<\/span><span class=\"aioseo-breadcrumb\">\n\t<a href=\"https:\/\/www.eldigitaldeasturias.com\/noticias\/category\/destacadas\/\" title=\"Destacadas\">Destacadas<\/a>\n<\/span><span class=\"aioseo-breadcrumb-separator\">\u2013<\/span><span class=\"aioseo-breadcrumb\">\n\t<a href=\"https:\/\/www.eldigitaldeasturias.com\/noticias\/el-paro-baja-en-espana-en-febrero-de-2017\/\" title=\"El paro baja en Espa\u00f1a en febrero de 2017\">El paro baja en Espa\u00f1a en febrero de 2017<\/a>\n<\/span><\/div>","aioseo_breadcrumb_json":[{"label":"Home","link":"https:\/\/www.eldigitaldeasturias.com\/noticias"},{"label":"Destacadas","link":"https:\/\/www.eldigitaldeasturias.com\/noticias\/category\/destacadas\/"},{"label":"El paro baja en Espa\u00f1a en febrero de 2017","link":"https:\/\/www.eldigitaldeasturias.com\/noticias\/el-paro-baja-en-espana-en-febrero-de-2017\/"}],"_links":{"self":[{"href":"https:\/\/www.eldigitaldeasturias.com\/noticias\/wp-json\/wp\/v2\/posts\/928028","targetHints":{"allow":["GET"]}}],"collection":[{"href":"https:\/\/www.eldigitaldeasturias.com\/noticias\/wp-json\/wp\/v2\/posts"}],"about":[{"href":"https:\/\/www.eldigitaldeasturias.com\/noticias\/wp-json\/wp\/v2\/types\/post"}],"author":[{"embeddable":true,"href":"https:\/\/www.eldigitaldeasturias.com\/noticias\/wp-json\/wp\/v2\/users\/1"}],"replies":[{"embeddable":true,"href":"https:\/\/www.eldigitaldeasturias.com\/noticias\/wp-json\/wp\/v2\/comments?post=928028"}],"version-history":[{"count":0,"href":"https:\/\/www.eldigitaldeasturias.com\/noticias\/wp-json\/wp\/v2\/posts\/928028\/revisions"}],"wp:featuredmedia":[{"embeddable":true,"href":"https:\/\/www.eldigitaldeasturias.com\/noticias\/wp-json\/wp\/v2\/media\/765818"}],"wp:attachment":[{"href":"https:\/\/www.eldigitaldeasturias.com\/noticias\/wp-json\/wp\/v2\/media?parent=928028"}],"wp:term":[{"taxonomy":"category","embeddable":true,"href":"https:\/\/www.eldigitaldeasturias.com\/noticias\/wp-json\/wp\/v2\/categories?post=928028"},{"taxonomy":"post_tag","embeddable":true,"href":"https:\/\/www.eldigitaldeasturias.com\/noticias\/wp-json\/wp\/v2\/tags?post=928028"}],"curies":[{"name":"wp","href":"https:\/\/api.w.org\/{rel}","templated":true}]}}