{"id":927959,"date":"2017-03-01T20:36:09","date_gmt":"2017-03-01T20:36:09","guid":{"rendered":"http:\/\/www.eldigitaldeasturias.com\/noticias\/?p=927959"},"modified":"2017-03-01T20:36:09","modified_gmt":"2017-03-01T20:36:09","slug":"el-principado-colaborara-con-la-cocina-economica-y-el-banco-de-alimentos","status":"publish","type":"post","link":"https:\/\/www.eldigitaldeasturias.com\/noticias\/el-principado-colaborara-con-la-cocina-economica-y-el-banco-de-alimentos\/","title":{"rendered":"El Principado colaborar\u00e1 con la Cocina Econ\u00f3mica y el Banco de Alimentos"},"content":{"rendered":"<p><img loading=\"lazy\" decoding=\"async\" class=\"alignleft size-medium wp-image-927960\" src=\"https:\/\/www.eldigitaldeasturias.com\/noticias\/wp-content\/uploads\/2017\/03\/Consejo-Gobierno-360x238.jpg\" alt=\"\" width=\"360\" height=\"238\" srcset=\"https:\/\/www.eldigitaldeasturias.com\/noticias\/wp-content\/uploads\/2017\/03\/Consejo-Gobierno-360x238.jpg 360w, https:\/\/www.eldigitaldeasturias.com\/noticias\/wp-content\/uploads\/2017\/03\/Consejo-Gobierno-768x507.jpg 768w, https:\/\/www.eldigitaldeasturias.com\/noticias\/wp-content\/uploads\/2017\/03\/Consejo-Gobierno-650x429.jpg 650w, https:\/\/www.eldigitaldeasturias.com\/noticias\/wp-content\/uploads\/2017\/03\/Consejo-Gobierno.jpg 1280w\" sizes=\"auto, (max-width: 360px) 100vw, 360px\" \/>El Ejecutivo ha autorizado 851.734 euros para dar continuidad a un programa de ejecuci\u00f3n de medidas judiciales, extrajudiciales y actuaciones de seguimiento, orientaci\u00f3n y apoyo para j\u00f3venes infractores. El nuevo contrato tendr\u00e1 dos a\u00f1os de vigencia, de junio de 2017 a junio de 2019.<\/p>\n<p>La conciliaci\u00f3n y la reparaci\u00f3n del da\u00f1o a las v\u00edctimas, las tareas educativas y las prestaciones en beneficio de la comunidad son algunas de las acciones de este proyecto, entre las que tambi\u00e9n se incluyen la atenci\u00f3n terap\u00e9utica y la mediaci\u00f3n, al tratarse en muchos casos de menores con adicciones y procedentes de familias desestructuradas.<\/p>\n<p>Entre las actividades figuran la colaboraci\u00f3n con la Cocina Econ\u00f3mica y el Banco de Alimentos, el trabajo en archivos y bibliotecas, las tareas de se\u00f1alizaci\u00f3n de senderos o el mantenimiento de instalaciones deportivas.<\/p>\n<p>En 2016 participaron 288 menores en este programa, cuya continuidad reafirma el compromiso del Gobierno de Asturias con la reinserci\u00f3n.<\/p>\n<p>El Ejecutivo auton\u00f3mico destinar\u00e1 este a\u00f1o 6,6 millones, un 6,6% m\u00e1s que en 2016, a pol\u00edticas relacionadas con los menores infractores, lo que tendr\u00e1 efectos beneficiosos tanto en el Centro de Responsabilidad Penal de Menores de Sograndio como en la consolidaci\u00f3n de proyectos recientes, como el recurso de convivencia en grupo educativo, destinado a j\u00f3venes con alg\u00fan tipo de relaci\u00f3n con la violencia filoparental.<\/p>\n","protected":false},"excerpt":{"rendered":"<p>El Ejecutivo ha autorizado 851.734 euros para dar continuidad a un programa de ejecuci\u00f3n de medidas judiciales, extrajudiciales y actuaciones de seguimiento, orientaci\u00f3n y apoyo para j\u00f3venes infractores. El nuevo contrato tendr\u00e1 dos a\u00f1os de vigencia, de junio de 2017 a junio de 2019. La conciliaci\u00f3n y la reparaci\u00f3n del da\u00f1o a las v\u00edctimas, las [&hellip;]<\/p>\n","protected":false},"author":1,"featured_media":927960,"comment_status":"closed","ping_status":"closed","sticky":false,"template":"","format":"standard","meta":{"footnotes":""},"categories":[141],"tags":[],"class_list":["post-927959","post","type-post","status-publish","format-standard","has-post-thumbnail","hentry","category-destacadas"],"aioseo_notices":[],"aioseo_head":"\n\t\t<!-- All in One SEO Pro 4.9.6.2 - aioseo.com -->\n\t<meta name=\"description\" content=\"El Ejecutivo ha autorizado 851.734 euros para dar continuidad a un programa de ejecuci\u00f3n de medidas judiciales, extrajudiciales y actuaciones de seguimiento, orientaci\u00f3n y apoyo para j\u00f3venes infractores. El nuevo contrato tendr\u00e1 dos a\u00f1os de vigencia, de junio de 2017 a junio de 2019. La conciliaci\u00f3n y la reparaci\u00f3n del da\u00f1o a las v\u00edctimas, las\" \/>\n\t<meta name=\"robots\" content=\"max-image-preview:large\" \/>\n\t<meta name=\"author\" content=\"El Digital de Asturias\"\/>\n\t<meta name=\"google-site-verification\" content=\"UA-38556648-1\" \/>\n\t<meta name=\"msvalidate.01\" content=\"7dfe9f3f1b24437ab69f4f2559babe99\" \/>\n\t<meta name=\"keywords\" content=\"destacadas\" \/>\n\t<link rel=\"canonical\" href=\"https:\/\/www.eldigitaldeasturias.com\/noticias\/el-principado-colaborara-con-la-cocina-economica-y-el-banco-de-alimentos\/\" \/>\n\t<meta name=\"generator\" content=\"All in One SEO Pro (AIOSEO) 4.9.6.2\" \/>\n\t\t<meta property=\"og:locale\" content=\"es_ES\" \/>\n\t\t<meta property=\"og:site_name\" content=\"El Digital de Asturias\" \/>\n\t\t<meta property=\"og:type\" content=\"article\" \/>\n\t\t<meta property=\"og:title\" content=\"El Principado colaborar\u00e1 con la Cocina Econ\u00f3mica y el Banco de Alimentos - El Digital de Asturias\" \/>\n\t\t<meta property=\"og:description\" content=\"El Ejecutivo ha autorizado 851.734 euros para dar continuidad a un programa de ejecuci\u00f3n de medidas judiciales, extrajudiciales y actuaciones de seguimiento, orientaci\u00f3n y apoyo para j\u00f3venes infractores. El nuevo contrato tendr\u00e1 dos a\u00f1os de vigencia, de junio de 2017 a junio de 2019. La conciliaci\u00f3n y la reparaci\u00f3n del da\u00f1o a las v\u00edctimas, las\" \/>\n\t\t<meta property=\"og:url\" content=\"https:\/\/www.eldigitaldeasturias.com\/noticias\/el-principado-colaborara-con-la-cocina-economica-y-el-banco-de-alimentos\/\" \/>\n\t\t<meta property=\"og:image\" content=\"https:\/\/www.eldigitaldeasturias.com\/noticias\/wp-content\/uploads\/2017\/03\/Consejo-Gobierno.jpg\" \/>\n\t\t<meta property=\"og:image:secure_url\" content=\"https:\/\/www.eldigitaldeasturias.com\/noticias\/wp-content\/uploads\/2017\/03\/Consejo-Gobierno.jpg\" \/>\n\t\t<meta property=\"og:image:width\" content=\"1280\" \/>\n\t\t<meta property=\"og:image:height\" content=\"845\" \/>\n\t\t<meta property=\"article:tag\" content=\"destacadas\" \/>\n\t\t<meta property=\"article:published_time\" content=\"2017-03-01T20:36:09+00:00\" \/>\n\t\t<meta property=\"article:modified_time\" content=\"2017-03-01T20:36:09+00:00\" \/>\n\t\t<meta property=\"article:publisher\" content=\"https:\/\/facebook.com\/eldigitaldeasturias\" \/>\n\t\t<meta name=\"twitter:card\" content=\"summary_large_image\" \/>\n\t\t<meta name=\"twitter:title\" content=\"El Principado colaborar\u00e1 con la Cocina Econ\u00f3mica y el Banco de Alimentos - El Digital de Asturias\" \/>\n\t\t<meta name=\"twitter:description\" content=\"El Ejecutivo ha autorizado 851.734 euros para dar continuidad a un programa de ejecuci\u00f3n de medidas judiciales, extrajudiciales y actuaciones de seguimiento, orientaci\u00f3n y apoyo para j\u00f3venes infractores. El nuevo contrato tendr\u00e1 dos a\u00f1os de vigencia, de junio de 2017 a junio de 2019. La conciliaci\u00f3n y la reparaci\u00f3n del da\u00f1o a las v\u00edctimas, las\" \/>\n\t\t<meta name=\"twitter:image\" content=\"https:\/\/www.eldigitaldeasturias.com\/noticias\/wp-content\/uploads\/2017\/03\/Consejo-Gobierno.jpg\" \/>\n\t\t<meta name=\"twitter:label1\" content=\"Escrito por\" \/>\n\t\t<meta name=\"twitter:data1\" content=\"El Digital de Asturias\" \/>\n\t\t<meta name=\"twitter:label2\" content=\"Tiempo de lectura estimado\" \/>\n\t\t<meta name=\"twitter:data2\" content=\"1 minuto\" \/>\n\t\t<script type=\"application\/ld+json\" class=\"aioseo-schema\">\n\t\t\t{\"@context\":\"https:\\\/\\\/schema.org\",\"@graph\":[{\"@type\":\"BlogPosting\",\"@id\":\"https:\\\/\\\/www.eldigitaldeasturias.com\\\/noticias\\\/el-principado-colaborara-con-la-cocina-economica-y-el-banco-de-alimentos\\\/#blogposting\",\"name\":\"El Principado colaborar\\u00e1 con la Cocina Econ\\u00f3mica y el Banco de Alimentos - El Digital de Asturias\",\"headline\":\"El Principado colaborar\\u00e1 con la Cocina Econ\\u00f3mica y el Banco de Alimentos\",\"author\":{\"@id\":\"https:\\\/\\\/www.eldigitaldeasturias.com\\\/noticias\\\/author\\\/admin\\\/#author\"},\"publisher\":{\"@id\":\"https:\\\/\\\/www.eldigitaldeasturias.com\\\/noticias\\\/#organization\"},\"image\":{\"@type\":\"ImageObject\",\"url\":\"https:\\\/\\\/www.eldigitaldeasturias.com\\\/noticias\\\/wp-content\\\/uploads\\\/2017\\\/03\\\/Consejo-Gobierno.jpg\",\"width\":1280,\"height\":845},\"datePublished\":\"2017-03-01T20:36:09+01:00\",\"dateModified\":\"2017-03-01T20:36:09+01:00\",\"inLanguage\":\"es-ES\",\"mainEntityOfPage\":{\"@id\":\"https:\\\/\\\/www.eldigitaldeasturias.com\\\/noticias\\\/el-principado-colaborara-con-la-cocina-economica-y-el-banco-de-alimentos\\\/#webpage\"},\"isPartOf\":{\"@id\":\"https:\\\/\\\/www.eldigitaldeasturias.com\\\/noticias\\\/el-principado-colaborara-con-la-cocina-economica-y-el-banco-de-alimentos\\\/#webpage\"},\"articleSection\":\"Destacadas\"},{\"@type\":\"BreadcrumbList\",\"@id\":\"https:\\\/\\\/www.eldigitaldeasturias.com\\\/noticias\\\/el-principado-colaborara-con-la-cocina-economica-y-el-banco-de-alimentos\\\/#breadcrumblist\",\"itemListElement\":[{\"@type\":\"ListItem\",\"@id\":\"https:\\\/\\\/www.eldigitaldeasturias.com\\\/noticias#listItem\",\"position\":1,\"name\":\"Home\",\"item\":\"https:\\\/\\\/www.eldigitaldeasturias.com\\\/noticias\",\"nextItem\":{\"@type\":\"ListItem\",\"@id\":\"https:\\\/\\\/www.eldigitaldeasturias.com\\\/noticias\\\/category\\\/destacadas\\\/#listItem\",\"name\":\"Destacadas\"}},{\"@type\":\"ListItem\",\"@id\":\"https:\\\/\\\/www.eldigitaldeasturias.com\\\/noticias\\\/category\\\/destacadas\\\/#listItem\",\"position\":2,\"name\":\"Destacadas\",\"item\":\"https:\\\/\\\/www.eldigitaldeasturias.com\\\/noticias\\\/category\\\/destacadas\\\/\",\"nextItem\":{\"@type\":\"ListItem\",\"@id\":\"https:\\\/\\\/www.eldigitaldeasturias.com\\\/noticias\\\/el-principado-colaborara-con-la-cocina-economica-y-el-banco-de-alimentos\\\/#listItem\",\"name\":\"El Principado colaborar\\u00e1 con la Cocina Econ\\u00f3mica y el Banco de Alimentos\"},\"previousItem\":{\"@type\":\"ListItem\",\"@id\":\"https:\\\/\\\/www.eldigitaldeasturias.com\\\/noticias#listItem\",\"name\":\"Home\"}},{\"@type\":\"ListItem\",\"@id\":\"https:\\\/\\\/www.eldigitaldeasturias.com\\\/noticias\\\/el-principado-colaborara-con-la-cocina-economica-y-el-banco-de-alimentos\\\/#listItem\",\"position\":3,\"name\":\"El Principado colaborar\\u00e1 con la Cocina Econ\\u00f3mica y el Banco de Alimentos\",\"previousItem\":{\"@type\":\"ListItem\",\"@id\":\"https:\\\/\\\/www.eldigitaldeasturias.com\\\/noticias\\\/category\\\/destacadas\\\/#listItem\",\"name\":\"Destacadas\"}}]},{\"@type\":\"Organization\",\"@id\":\"https:\\\/\\\/www.eldigitaldeasturias.com\\\/noticias\\\/#organization\",\"name\":\"El Digital de Asturias\",\"description\":\"Hemeroteca\",\"url\":\"https:\\\/\\\/www.eldigitaldeasturias.com\\\/noticias\\\/\",\"email\":\"info@eldigitaldeasturias.com\",\"telephone\":\"+34652131393\",\"logo\":{\"@type\":\"ImageObject\",\"url\":\"https:\\\/\\\/www.eldigitaldeasturias.com\\\/noticias\\\/wp-content\\\/uploads\\\/2020\\\/12\\\/EDA.jpg\",\"@id\":\"https:\\\/\\\/www.eldigitaldeasturias.com\\\/noticias\\\/el-principado-colaborara-con-la-cocina-economica-y-el-banco-de-alimentos\\\/#organizationLogo\",\"width\":649,\"height\":297},\"image\":{\"@id\":\"https:\\\/\\\/www.eldigitaldeasturias.com\\\/noticias\\\/el-principado-colaborara-con-la-cocina-economica-y-el-banco-de-alimentos\\\/#organizationLogo\"},\"sameAs\":[\"https:\\\/\\\/facebook.com\\\/eldigitaldeasturias\",\"https:\\\/\\\/www.youtube.com\\\/channel\\\/UCZP-2wLEB9Rv6erhFmqVnvg\"],\"address\":{\"@id\":\"https:\\\/\\\/www.eldigitaldeasturias.com\\\/noticias\\\/#postaladdress\",\"@type\":\"PostalAddress\",\"streetAddress\":\"san antonio 4,\",\"postalCode\":\"33430\",\"addressLocality\":\"Cand\\u00e1s\",\"addressRegion\":\"Asturias\",\"addressCountry\":\"ES\"}},{\"@type\":\"Person\",\"@id\":\"https:\\\/\\\/www.eldigitaldeasturias.com\\\/noticias\\\/author\\\/admin\\\/#author\",\"url\":\"https:\\\/\\\/www.eldigitaldeasturias.com\\\/noticias\\\/author\\\/admin\\\/\",\"name\":\"El Digital de Asturias\",\"image\":{\"@type\":\"ImageObject\",\"@id\":\"https:\\\/\\\/www.eldigitaldeasturias.com\\\/noticias\\\/el-principado-colaborara-con-la-cocina-economica-y-el-banco-de-alimentos\\\/#authorImage\",\"url\":\"https:\\\/\\\/www.eldigitaldeasturias.com\\\/noticias\\\/wp-content\\\/litespeed\\\/avatar\\\/18677e78aa0546b92d9dbf31ec7d7668.jpg?ver=1777290358\",\"width\":96,\"height\":96,\"caption\":\"El Digital de Asturias\"}},{\"@type\":\"WebPage\",\"@id\":\"https:\\\/\\\/www.eldigitaldeasturias.com\\\/noticias\\\/el-principado-colaborara-con-la-cocina-economica-y-el-banco-de-alimentos\\\/#webpage\",\"url\":\"https:\\\/\\\/www.eldigitaldeasturias.com\\\/noticias\\\/el-principado-colaborara-con-la-cocina-economica-y-el-banco-de-alimentos\\\/\",\"name\":\"El Principado colaborar\\u00e1 con la Cocina Econ\\u00f3mica y el Banco de Alimentos - El Digital de Asturias\",\"description\":\"El Ejecutivo ha autorizado 851.734 euros para dar continuidad a un programa de ejecuci\\u00f3n de medidas judiciales, extrajudiciales y actuaciones de seguimiento, orientaci\\u00f3n y apoyo para j\\u00f3venes infractores. El nuevo contrato tendr\\u00e1 dos a\\u00f1os de vigencia, de junio de 2017 a junio de 2019. La conciliaci\\u00f3n y la reparaci\\u00f3n del da\\u00f1o a las v\\u00edctimas, las\",\"inLanguage\":\"es-ES\",\"isPartOf\":{\"@id\":\"https:\\\/\\\/www.eldigitaldeasturias.com\\\/noticias\\\/#website\"},\"breadcrumb\":{\"@id\":\"https:\\\/\\\/www.eldigitaldeasturias.com\\\/noticias\\\/el-principado-colaborara-con-la-cocina-economica-y-el-banco-de-alimentos\\\/#breadcrumblist\"},\"author\":{\"@id\":\"https:\\\/\\\/www.eldigitaldeasturias.com\\\/noticias\\\/author\\\/admin\\\/#author\"},\"creator\":{\"@id\":\"https:\\\/\\\/www.eldigitaldeasturias.com\\\/noticias\\\/author\\\/admin\\\/#author\"},\"image\":{\"@type\":\"ImageObject\",\"url\":\"https:\\\/\\\/www.eldigitaldeasturias.com\\\/noticias\\\/wp-content\\\/uploads\\\/2017\\\/03\\\/Consejo-Gobierno.jpg\",\"@id\":\"https:\\\/\\\/www.eldigitaldeasturias.com\\\/noticias\\\/el-principado-colaborara-con-la-cocina-economica-y-el-banco-de-alimentos\\\/#mainImage\",\"width\":1280,\"height\":845},\"primaryImageOfPage\":{\"@id\":\"https:\\\/\\\/www.eldigitaldeasturias.com\\\/noticias\\\/el-principado-colaborara-con-la-cocina-economica-y-el-banco-de-alimentos\\\/#mainImage\"},\"datePublished\":\"2017-03-01T20:36:09+01:00\",\"dateModified\":\"2017-03-01T20:36:09+01:00\"},{\"@type\":\"WebSite\",\"@id\":\"https:\\\/\\\/www.eldigitaldeasturias.com\\\/noticias\\\/#website\",\"url\":\"https:\\\/\\\/www.eldigitaldeasturias.com\\\/noticias\\\/\",\"name\":\"El Digital de Asturias - Diario de actualidad y noticias\",\"alternateName\":\"El Digital de Asturias - Diario de actualidad y noticias\",\"description\":\"Hemeroteca\",\"inLanguage\":\"es-ES\",\"publisher\":{\"@id\":\"https:\\\/\\\/www.eldigitaldeasturias.com\\\/noticias\\\/#organization\"}}]}\n\t\t<\/script>\n\t\t<!-- All in One SEO Pro -->\r\n\t\t<title>El Principado colaborar\u00e1 con la Cocina Econ\u00f3mica y el Banco de Alimentos - El Digital de Asturias<\/title>\n\n","aioseo_head_json":{"title":"El Principado colaborar\u00e1 con la Cocina Econ\u00f3mica y el Banco de Alimentos - El Digital de Asturias","description":"El Ejecutivo ha autorizado 851.734 euros para dar continuidad a un programa de ejecuci\u00f3n de medidas judiciales, extrajudiciales y actuaciones de seguimiento, orientaci\u00f3n y apoyo para j\u00f3venes infractores. El nuevo contrato tendr\u00e1 dos a\u00f1os de vigencia, de junio de 2017 a junio de 2019. La conciliaci\u00f3n y la reparaci\u00f3n del da\u00f1o a las v\u00edctimas, las","canonical_url":"https:\/\/www.eldigitaldeasturias.com\/noticias\/el-principado-colaborara-con-la-cocina-economica-y-el-banco-de-alimentos\/","robots":"max-image-preview:large","keywords":"destacadas","webmasterTools":{"google-site-verification":"UA-38556648-1","msvalidate.01":"7dfe9f3f1b24437ab69f4f2559babe99","miscellaneous":""},"schema":{"@context":"https:\/\/schema.org","@graph":[{"@type":"BlogPosting","@id":"https:\/\/www.eldigitaldeasturias.com\/noticias\/el-principado-colaborara-con-la-cocina-economica-y-el-banco-de-alimentos\/#blogposting","name":"El Principado colaborar\u00e1 con la Cocina Econ\u00f3mica y el Banco de Alimentos - El Digital de Asturias","headline":"El Principado colaborar\u00e1 con la Cocina Econ\u00f3mica y el Banco de Alimentos","author":{"@id":"https:\/\/www.eldigitaldeasturias.com\/noticias\/author\/admin\/#author"},"publisher":{"@id":"https:\/\/www.eldigitaldeasturias.com\/noticias\/#organization"},"image":{"@type":"ImageObject","url":"https:\/\/www.eldigitaldeasturias.com\/noticias\/wp-content\/uploads\/2017\/03\/Consejo-Gobierno.jpg","width":1280,"height":845},"datePublished":"2017-03-01T20:36:09+01:00","dateModified":"2017-03-01T20:36:09+01:00","inLanguage":"es-ES","mainEntityOfPage":{"@id":"https:\/\/www.eldigitaldeasturias.com\/noticias\/el-principado-colaborara-con-la-cocina-economica-y-el-banco-de-alimentos\/#webpage"},"isPartOf":{"@id":"https:\/\/www.eldigitaldeasturias.com\/noticias\/el-principado-colaborara-con-la-cocina-economica-y-el-banco-de-alimentos\/#webpage"},"articleSection":"Destacadas"},{"@type":"BreadcrumbList","@id":"https:\/\/www.eldigitaldeasturias.com\/noticias\/el-principado-colaborara-con-la-cocina-economica-y-el-banco-de-alimentos\/#breadcrumblist","itemListElement":[{"@type":"ListItem","@id":"https:\/\/www.eldigitaldeasturias.com\/noticias#listItem","position":1,"name":"Home","item":"https:\/\/www.eldigitaldeasturias.com\/noticias","nextItem":{"@type":"ListItem","@id":"https:\/\/www.eldigitaldeasturias.com\/noticias\/category\/destacadas\/#listItem","name":"Destacadas"}},{"@type":"ListItem","@id":"https:\/\/www.eldigitaldeasturias.com\/noticias\/category\/destacadas\/#listItem","position":2,"name":"Destacadas","item":"https:\/\/www.eldigitaldeasturias.com\/noticias\/category\/destacadas\/","nextItem":{"@type":"ListItem","@id":"https:\/\/www.eldigitaldeasturias.com\/noticias\/el-principado-colaborara-con-la-cocina-economica-y-el-banco-de-alimentos\/#listItem","name":"El Principado colaborar\u00e1 con la Cocina Econ\u00f3mica y el Banco de Alimentos"},"previousItem":{"@type":"ListItem","@id":"https:\/\/www.eldigitaldeasturias.com\/noticias#listItem","name":"Home"}},{"@type":"ListItem","@id":"https:\/\/www.eldigitaldeasturias.com\/noticias\/el-principado-colaborara-con-la-cocina-economica-y-el-banco-de-alimentos\/#listItem","position":3,"name":"El Principado colaborar\u00e1 con la Cocina Econ\u00f3mica y el Banco de Alimentos","previousItem":{"@type":"ListItem","@id":"https:\/\/www.eldigitaldeasturias.com\/noticias\/category\/destacadas\/#listItem","name":"Destacadas"}}]},{"@type":"Organization","@id":"https:\/\/www.eldigitaldeasturias.com\/noticias\/#organization","name":"El Digital de Asturias","description":"Hemeroteca","url":"https:\/\/www.eldigitaldeasturias.com\/noticias\/","email":"info@eldigitaldeasturias.com","telephone":"+34652131393","logo":{"@type":"ImageObject","url":"https:\/\/www.eldigitaldeasturias.com\/noticias\/wp-content\/uploads\/2020\/12\/EDA.jpg","@id":"https:\/\/www.eldigitaldeasturias.com\/noticias\/el-principado-colaborara-con-la-cocina-economica-y-el-banco-de-alimentos\/#organizationLogo","width":649,"height":297},"image":{"@id":"https:\/\/www.eldigitaldeasturias.com\/noticias\/el-principado-colaborara-con-la-cocina-economica-y-el-banco-de-alimentos\/#organizationLogo"},"sameAs":["https:\/\/facebook.com\/eldigitaldeasturias","https:\/\/www.youtube.com\/channel\/UCZP-2wLEB9Rv6erhFmqVnvg"],"address":{"@id":"https:\/\/www.eldigitaldeasturias.com\/noticias\/#postaladdress","@type":"PostalAddress","streetAddress":"san antonio 4,","postalCode":"33430","addressLocality":"Cand\u00e1s","addressRegion":"Asturias","addressCountry":"ES"}},{"@type":"Person","@id":"https:\/\/www.eldigitaldeasturias.com\/noticias\/author\/admin\/#author","url":"https:\/\/www.eldigitaldeasturias.com\/noticias\/author\/admin\/","name":"El Digital de Asturias","image":{"@type":"ImageObject","@id":"https:\/\/www.eldigitaldeasturias.com\/noticias\/el-principado-colaborara-con-la-cocina-economica-y-el-banco-de-alimentos\/#authorImage","url":"https:\/\/www.eldigitaldeasturias.com\/noticias\/wp-content\/litespeed\/avatar\/18677e78aa0546b92d9dbf31ec7d7668.jpg?ver=1777290358","width":96,"height":96,"caption":"El Digital de Asturias"}},{"@type":"WebPage","@id":"https:\/\/www.eldigitaldeasturias.com\/noticias\/el-principado-colaborara-con-la-cocina-economica-y-el-banco-de-alimentos\/#webpage","url":"https:\/\/www.eldigitaldeasturias.com\/noticias\/el-principado-colaborara-con-la-cocina-economica-y-el-banco-de-alimentos\/","name":"El Principado colaborar\u00e1 con la Cocina Econ\u00f3mica y el Banco de Alimentos - El Digital de Asturias","description":"El Ejecutivo ha autorizado 851.734 euros para dar continuidad a un programa de ejecuci\u00f3n de medidas judiciales, extrajudiciales y actuaciones de seguimiento, orientaci\u00f3n y apoyo para j\u00f3venes infractores. El nuevo contrato tendr\u00e1 dos a\u00f1os de vigencia, de junio de 2017 a junio de 2019. La conciliaci\u00f3n y la reparaci\u00f3n del da\u00f1o a las v\u00edctimas, las","inLanguage":"es-ES","isPartOf":{"@id":"https:\/\/www.eldigitaldeasturias.com\/noticias\/#website"},"breadcrumb":{"@id":"https:\/\/www.eldigitaldeasturias.com\/noticias\/el-principado-colaborara-con-la-cocina-economica-y-el-banco-de-alimentos\/#breadcrumblist"},"author":{"@id":"https:\/\/www.eldigitaldeasturias.com\/noticias\/author\/admin\/#author"},"creator":{"@id":"https:\/\/www.eldigitaldeasturias.com\/noticias\/author\/admin\/#author"},"image":{"@type":"ImageObject","url":"https:\/\/www.eldigitaldeasturias.com\/noticias\/wp-content\/uploads\/2017\/03\/Consejo-Gobierno.jpg","@id":"https:\/\/www.eldigitaldeasturias.com\/noticias\/el-principado-colaborara-con-la-cocina-economica-y-el-banco-de-alimentos\/#mainImage","width":1280,"height":845},"primaryImageOfPage":{"@id":"https:\/\/www.eldigitaldeasturias.com\/noticias\/el-principado-colaborara-con-la-cocina-economica-y-el-banco-de-alimentos\/#mainImage"},"datePublished":"2017-03-01T20:36:09+01:00","dateModified":"2017-03-01T20:36:09+01:00"},{"@type":"WebSite","@id":"https:\/\/www.eldigitaldeasturias.com\/noticias\/#website","url":"https:\/\/www.eldigitaldeasturias.com\/noticias\/","name":"El Digital de Asturias - Diario de actualidad y noticias","alternateName":"El Digital de Asturias - Diario de actualidad y noticias","description":"Hemeroteca","inLanguage":"es-ES","publisher":{"@id":"https:\/\/www.eldigitaldeasturias.com\/noticias\/#organization"}}]},"og:locale":"es_ES","og:site_name":"El Digital de Asturias","og:type":"article","og:title":"El Principado colaborar\u00e1 con la Cocina Econ\u00f3mica y el Banco de Alimentos - El Digital de Asturias","og:description":"El Ejecutivo ha autorizado 851.734 euros para dar continuidad a un programa de ejecuci\u00f3n de medidas judiciales, extrajudiciales y actuaciones de seguimiento, orientaci\u00f3n y apoyo para j\u00f3venes infractores. El nuevo contrato tendr\u00e1 dos a\u00f1os de vigencia, de junio de 2017 a junio de 2019. La conciliaci\u00f3n y la reparaci\u00f3n del da\u00f1o a las v\u00edctimas, las","og:url":"https:\/\/www.eldigitaldeasturias.com\/noticias\/el-principado-colaborara-con-la-cocina-economica-y-el-banco-de-alimentos\/","og:image":"https:\/\/www.eldigitaldeasturias.com\/noticias\/wp-content\/uploads\/2017\/03\/Consejo-Gobierno.jpg","og:image:secure_url":"https:\/\/www.eldigitaldeasturias.com\/noticias\/wp-content\/uploads\/2017\/03\/Consejo-Gobierno.jpg","og:image:width":1280,"og:image:height":845,"article:tag":["destacadas"],"article:published_time":"2017-03-01T20:36:09+00:00","article:modified_time":"2017-03-01T20:36:09+00:00","article:publisher":"https:\/\/facebook.com\/eldigitaldeasturias","twitter:card":"summary_large_image","twitter:title":"El Principado colaborar\u00e1 con la Cocina Econ\u00f3mica y el Banco de Alimentos - El Digital de Asturias","twitter:description":"El Ejecutivo ha autorizado 851.734 euros para dar continuidad a un programa de ejecuci\u00f3n de medidas judiciales, extrajudiciales y actuaciones de seguimiento, orientaci\u00f3n y apoyo para j\u00f3venes infractores. El nuevo contrato tendr\u00e1 dos a\u00f1os de vigencia, de junio de 2017 a junio de 2019. La conciliaci\u00f3n y la reparaci\u00f3n del da\u00f1o a las v\u00edctimas, las","twitter:image":"https:\/\/www.eldigitaldeasturias.com\/noticias\/wp-content\/uploads\/2017\/03\/Consejo-Gobierno.jpg","twitter:label1":"Escrito por","twitter:data1":"El Digital de Asturias","twitter:label2":"Tiempo de lectura estimado","twitter:data2":"1 minuto"},"aioseo_meta_data":{"post_id":"927959","title":null,"description":null,"keywords":null,"keyphrases":null,"primary_term":null,"canonical_url":null,"og_title":null,"og_description":null,"og_object_type":"default","og_image_type":"default","og_image_url":null,"og_image_width":null,"og_image_height":null,"og_image_custom_url":null,"og_image_custom_fields":null,"og_video":null,"og_custom_url":null,"og_article_section":null,"og_article_tags":null,"twitter_use_og":false,"twitter_card":"default","twitter_image_type":"default","twitter_image_url":null,"twitter_image_custom_url":null,"twitter_image_custom_fields":null,"twitter_title":null,"twitter_description":null,"schema":{"blockGraphs":[],"customGraphs":[],"default":{"data":{"Article":[],"Course":[],"Dataset":[],"FAQPage":[],"Movie":[],"Person":[],"Product":[],"ProductReview":[],"Car":[],"Recipe":[],"Service":[],"SoftwareApplication":[],"WebPage":[]},"graphName":"","isEnabled":true},"graphs":[],"defaultGraph":"","defaultPostTypeGraph":""},"schema_type":null,"schema_type_options":null,"pillar_content":false,"robots_default":true,"robots_noindex":false,"robots_noarchive":false,"robots_nosnippet":false,"robots_nofollow":false,"robots_noimageindex":false,"robots_noodp":false,"robots_notranslate":false,"robots_max_snippet":null,"robots_max_videopreview":null,"robots_max_imagepreview":"large","priority":null,"frequency":null,"local_seo":null,"seo_analyzer_scan_date":"2025-12-03 11:58:08","breadcrumb_settings":null,"limit_modified_date":false,"open_ai":null,"ai":null,"created":"2020-12-21 13:37:08","updated":"2025-12-03 11:58:08"},"aioseo_breadcrumb":"<div class=\"aioseo-breadcrumbs\"><span class=\"aioseo-breadcrumb\">\n\t<a href=\"https:\/\/www.eldigitaldeasturias.com\/noticias\" title=\"Home\">Home<\/a>\n<\/span><span class=\"aioseo-breadcrumb-separator\">\u2013<\/span><span class=\"aioseo-breadcrumb\">\n\t<a href=\"https:\/\/www.eldigitaldeasturias.com\/noticias\/category\/destacadas\/\" title=\"Destacadas\">Destacadas<\/a>\n<\/span><span class=\"aioseo-breadcrumb-separator\">\u2013<\/span><span class=\"aioseo-breadcrumb\">\n\t<a href=\"https:\/\/www.eldigitaldeasturias.com\/noticias\/el-principado-colaborara-con-la-cocina-economica-y-el-banco-de-alimentos\/\" title=\"El Principado colaborar\u00e1 con la Cocina Econ\u00f3mica y el Banco de Alimentos\">El Principado colaborar\u00e1 con la Cocina Econ\u00f3mica y el Banco de Alimentos<\/a>\n<\/span><\/div>","aioseo_breadcrumb_json":[{"label":"Home","link":"https:\/\/www.eldigitaldeasturias.com\/noticias"},{"label":"Destacadas","link":"https:\/\/www.eldigitaldeasturias.com\/noticias\/category\/destacadas\/"},{"label":"El Principado colaborar\u00e1 con la Cocina Econ\u00f3mica y el Banco de Alimentos","link":"https:\/\/www.eldigitaldeasturias.com\/noticias\/el-principado-colaborara-con-la-cocina-economica-y-el-banco-de-alimentos\/"}],"_links":{"self":[{"href":"https:\/\/www.eldigitaldeasturias.com\/noticias\/wp-json\/wp\/v2\/posts\/927959","targetHints":{"allow":["GET"]}}],"collection":[{"href":"https:\/\/www.eldigitaldeasturias.com\/noticias\/wp-json\/wp\/v2\/posts"}],"about":[{"href":"https:\/\/www.eldigitaldeasturias.com\/noticias\/wp-json\/wp\/v2\/types\/post"}],"author":[{"embeddable":true,"href":"https:\/\/www.eldigitaldeasturias.com\/noticias\/wp-json\/wp\/v2\/users\/1"}],"replies":[{"embeddable":true,"href":"https:\/\/www.eldigitaldeasturias.com\/noticias\/wp-json\/wp\/v2\/comments?post=927959"}],"version-history":[{"count":0,"href":"https:\/\/www.eldigitaldeasturias.com\/noticias\/wp-json\/wp\/v2\/posts\/927959\/revisions"}],"wp:featuredmedia":[{"embeddable":true,"href":"https:\/\/www.eldigitaldeasturias.com\/noticias\/wp-json\/wp\/v2\/media\/927960"}],"wp:attachment":[{"href":"https:\/\/www.eldigitaldeasturias.com\/noticias\/wp-json\/wp\/v2\/media?parent=927959"}],"wp:term":[{"taxonomy":"category","embeddable":true,"href":"https:\/\/www.eldigitaldeasturias.com\/noticias\/wp-json\/wp\/v2\/categories?post=927959"},{"taxonomy":"post_tag","embeddable":true,"href":"https:\/\/www.eldigitaldeasturias.com\/noticias\/wp-json\/wp\/v2\/tags?post=927959"}],"curies":[{"name":"wp","href":"https:\/\/api.w.org\/{rel}","templated":true}]}}