{"id":927842,"date":"2017-03-01T02:51:34","date_gmt":"2017-03-01T02:51:34","guid":{"rendered":"http:\/\/www.eldigitaldeasturias.com\/noticias\/?p=927842"},"modified":"2017-03-01T02:51:34","modified_gmt":"2017-03-01T02:51:34","slug":"belen-fernandez-asturias-necesita-una-nueva-sogepsa-para-un-nuevo-tiempo","status":"publish","type":"post","link":"https:\/\/www.eldigitaldeasturias.com\/noticias\/belen-fernandez-asturias-necesita-una-nueva-sogepsa-para-un-nuevo-tiempo\/","title":{"rendered":"Bel\u00e9n Fern\u00e1ndez: \u00abAsturias necesita una nueva Sogepsa para un nuevo tiempo\u00bb"},"content":{"rendered":"<p><img loading=\"lazy\" decoding=\"async\" class=\"alignleft size-medium wp-image-549808\" src=\"https:\/\/www.eldigitaldeasturias.com\/noticias\/wp-content\/uploads\/2014\/06\/2014_06_20-RP-Consejo-de-Gobierno-Bel\u00e9n-Fern\u00e1ndez-21-360x248.jpg\" alt=\"\" width=\"360\" height=\"248\" \/>La consejera de Infraestructuras, Ordenaci\u00f3n del Territorio y Medio Ambiente, Bel\u00e9n Fern\u00e1ndez, ha solicitado hoy el apoyo de todos los grupos parlamentarios para aprobar la ley que permitir\u00e1 convertir Sogepsa en una sociedad totalmente p\u00fablica, dedicada a la planificaci\u00f3n estrat\u00e9gica y la gesti\u00f3n del suelo, al servicio del bienestar social.<\/p>\n<p>Durante su comparecencia ante la Comisi\u00f3n de Infraestructuras de la Junta General, Fern\u00e1ndez ha defendido que Asturias necesita \u201cuna nueva Sogepsa para un nuevo tiempo\u201d, en el que los desaf\u00edos no pasan por la expansi\u00f3n y el crecimiento indiscriminado ligado a la producci\u00f3n de m\u00e1s vivienda o nuevo espacio empresarial, sino por progresar en calidad y ganar capacidad de respuesta ante las necesidades sociales ligadas a los entornos urbanos y de actividad econ\u00f3mica.<\/p>\n<p>Despu\u00e9s de que en 2014 la Comisi\u00f3n Europea remitiese a Espa\u00f1a una carta de emplazamiento en la que se cuestionaban determinados preceptos de la legislaci\u00f3n urban\u00edstica, el proyecto de ley que ahora se est\u00e1 tramitando ofrece seguridad jur\u00eddica y actualiza la normativa asturiana para incorporar los principios del tratado de la Uni\u00f3n Europea de libre prestaci\u00f3n de servicios a la elecci\u00f3n de los socios privados en las sociedades urban\u00edsticas mixtas. Adem\u00e1s, apuesta por la continuidad de Sogepsa mediante su conversi\u00f3n en sociedad p\u00fablica, de forma que cumpla con todos los requisitos para ser considerada un medio propio de las administraciones p\u00fablicas que integren su accionariado.<\/p>\n<p>El texto, que se someti\u00f3 a informaci\u00f3n p\u00fablica y a tr\u00e1mite de audiencia de la Federaci\u00f3n Asturiana de Empresarios (FADE), la Federaci\u00f3n Asturiana de Concejos (FACC) y Sogepsa, incluye una exposici\u00f3n de motivos y dos art\u00edculos con los que se modifican otros tantos del texto refundido de las disposiciones regionales sobre ordenaci\u00f3n del territorio y urbanismo (Trotu): el 13.3 y 4 y el 223.4, as\u00ed como la ley de creaci\u00f3n de la entidad.<\/p>\n<p>\u201cSogepsa puede desempe\u00f1ar un papel relevante en el desarrollo de una pol\u00edtica de suelo concebida ante todo como una pol\u00edtica social, pensada y planificada contando con la gente y ejecutada para atender sus necesidades\u201d, ha esgrimido la titular de Infraestructuras.<\/p>\n<p><strong>Asesor\u00eda especializada<\/strong><\/p>\n<p>La consejera ha subrayado que la faceta de Sogepsa como asesor\u00eda especializada en este \u00e1mbito le ha permitido liderar grandes proyectos, con el valor a\u00f1adido de su doble condici\u00f3n de consultora y promotora directa de operaciones compleja. Tambi\u00e9n ha subrayado que, a partir de ahora, esto puede servir a la sociedad para ejercer de potente instrumento de planificaci\u00f3n urban\u00edstica transformadora y de calidad.<\/p>\n<p>Fern\u00e1ndez ha indicado que la misi\u00f3n futura de la entidad habr\u00eda de ser ejecutar las pol\u00edticas de suelo encomendadas y concertadas entre el Principado y los ayuntamientos, abordar operaciones territoriales estrat\u00e9gicas o actuaciones singulares transformadoras, de car\u00e1cter residencial, industrial y de equipamientos, algunas de ellas de una complejidad que solo la acci\u00f3n especializada de un equipo con experiencia permite atender.<\/p>\n<p>Al respecto, ha se\u00f1alado que la consolidaci\u00f3n efectiva del \u00e1rea metropolitana de Asturias requerir\u00e1 tambi\u00e9n del desarrollo de iniciativas territoriales y urban\u00edsticas coordinadas, de gesti\u00f3n integrada, que den lugar a una metr\u00f3poli innovadora, capaz de atraer actividad y talento. A su vez, tambi\u00e9n las alas de la regi\u00f3n necesitar\u00e1n, a otra escala, servicios urban\u00edsticos, de planificaci\u00f3n y gesti\u00f3n de suelo.<\/p>\n<p>Para concluir, ha recordado que el compromiso del Ejecutivo auton\u00f3mico con la continuidad de Sogepsa le ha llevado a solicitar la tramitaci\u00f3n de la ley por la v\u00eda de urgencia. \u201cSolo si esta norma sale pronto adelante, y a continuaci\u00f3n la sociedad se convierte con rapidez en p\u00fablica, ser\u00e1 posible vislumbrar un funcionamiento normal, recuperar la capacidad de gestionar el suelo de la que ahora se ve privada y evitar la lamentable opci\u00f3n de su disoluci\u00f3n\u201d, ha advertido.<\/p>\n<p>&nbsp;<\/p>\n","protected":false},"excerpt":{"rendered":"<p>La consejera de Infraestructuras, Ordenaci\u00f3n del Territorio y Medio Ambiente, Bel\u00e9n Fern\u00e1ndez, ha solicitado hoy el apoyo de todos los grupos parlamentarios para aprobar la ley que permitir\u00e1 convertir Sogepsa en una sociedad totalmente p\u00fablica, dedicada a la planificaci\u00f3n estrat\u00e9gica y la gesti\u00f3n del suelo, al servicio del bienestar social. Durante su comparecencia ante la [&hellip;]<\/p>\n","protected":false},"author":1,"featured_media":549808,"comment_status":"closed","ping_status":"closed","sticky":false,"template":"","format":"standard","meta":{"footnotes":""},"categories":[141],"tags":[],"class_list":["post-927842","post","type-post","status-publish","format-standard","has-post-thumbnail","hentry","category-destacadas"],"aioseo_notices":[],"aioseo_head":"\n\t\t<!-- All in One SEO Pro 4.9.6.2 - aioseo.com -->\n\t<meta name=\"description\" content=\"La consejera de Infraestructuras, Ordenaci\u00f3n del Territorio y Medio Ambiente, Bel\u00e9n Fern\u00e1ndez, ha solicitado hoy el apoyo de todos los grupos parlamentarios para aprobar la ley que permitir\u00e1 convertir Sogepsa en una sociedad totalmente p\u00fablica, dedicada a la planificaci\u00f3n estrat\u00e9gica y la gesti\u00f3n del suelo, al servicio del bienestar social. Durante su comparecencia ante la\" \/>\n\t<meta name=\"robots\" content=\"max-image-preview:large\" \/>\n\t<meta name=\"author\" content=\"El Digital de Asturias\"\/>\n\t<meta name=\"google-site-verification\" content=\"UA-38556648-1\" \/>\n\t<meta name=\"msvalidate.01\" content=\"7dfe9f3f1b24437ab69f4f2559babe99\" \/>\n\t<meta name=\"keywords\" content=\"destacadas\" \/>\n\t<link rel=\"canonical\" href=\"https:\/\/www.eldigitaldeasturias.com\/noticias\/belen-fernandez-asturias-necesita-una-nueva-sogepsa-para-un-nuevo-tiempo\/\" \/>\n\t<meta name=\"generator\" content=\"All in One SEO Pro (AIOSEO) 4.9.6.2\" \/>\n\t\t<meta property=\"og:locale\" content=\"es_ES\" \/>\n\t\t<meta property=\"og:site_name\" content=\"El Digital de Asturias\" \/>\n\t\t<meta property=\"og:type\" content=\"article\" \/>\n\t\t<meta property=\"og:title\" content=\"Bel\u00e9n Fern\u00e1ndez: \u00abAsturias necesita una nueva Sogepsa para un nuevo tiempo\u00bb - El Digital de Asturias\" \/>\n\t\t<meta property=\"og:description\" content=\"La consejera de Infraestructuras, Ordenaci\u00f3n del Territorio y Medio Ambiente, Bel\u00e9n Fern\u00e1ndez, ha solicitado hoy el apoyo de todos los grupos parlamentarios para aprobar la ley que permitir\u00e1 convertir Sogepsa en una sociedad totalmente p\u00fablica, dedicada a la planificaci\u00f3n estrat\u00e9gica y la gesti\u00f3n del suelo, al servicio del bienestar social. Durante su comparecencia ante la\" \/>\n\t\t<meta property=\"og:url\" content=\"https:\/\/www.eldigitaldeasturias.com\/noticias\/belen-fernandez-asturias-necesita-una-nueva-sogepsa-para-un-nuevo-tiempo\/\" \/>\n\t\t<meta property=\"og:image\" content=\"https:\/\/www.eldigitaldeasturias.com\/noticias\/wp-content\/uploads\/2014\/06\/2014_06_20-RP-Consejo-de-Gobierno-Bel\u00e9n-Fern\u00e1ndez-21.jpg\" \/>\n\t\t<meta property=\"og:image:secure_url\" content=\"https:\/\/www.eldigitaldeasturias.com\/noticias\/wp-content\/uploads\/2014\/06\/2014_06_20-RP-Consejo-de-Gobierno-Bel\u00e9n-Fern\u00e1ndez-21.jpg\" \/>\n\t\t<meta property=\"og:image:width\" content=\"4914\" \/>\n\t\t<meta property=\"og:image:height\" content=\"3396\" \/>\n\t\t<meta property=\"article:tag\" content=\"destacadas\" \/>\n\t\t<meta property=\"article:published_time\" content=\"2017-03-01T02:51:34+00:00\" \/>\n\t\t<meta property=\"article:modified_time\" content=\"2017-03-01T02:51:34+00:00\" \/>\n\t\t<meta property=\"article:publisher\" content=\"https:\/\/facebook.com\/eldigitaldeasturias\" \/>\n\t\t<meta name=\"twitter:card\" content=\"summary_large_image\" \/>\n\t\t<meta name=\"twitter:title\" content=\"Bel\u00e9n Fern\u00e1ndez: \u00abAsturias necesita una nueva Sogepsa para un nuevo tiempo\u00bb - El Digital de Asturias\" \/>\n\t\t<meta name=\"twitter:description\" content=\"La consejera de Infraestructuras, Ordenaci\u00f3n del Territorio y Medio Ambiente, Bel\u00e9n Fern\u00e1ndez, ha solicitado hoy el apoyo de todos los grupos parlamentarios para aprobar la ley que permitir\u00e1 convertir Sogepsa en una sociedad totalmente p\u00fablica, dedicada a la planificaci\u00f3n estrat\u00e9gica y la gesti\u00f3n del suelo, al servicio del bienestar social. Durante su comparecencia ante la\" \/>\n\t\t<meta name=\"twitter:image\" content=\"https:\/\/www.eldigitaldeasturias.com\/noticias\/wp-content\/uploads\/2014\/06\/2014_06_20-RP-Consejo-de-Gobierno-Bel\u00e9n-Fern\u00e1ndez-21.jpg\" \/>\n\t\t<meta name=\"twitter:label1\" content=\"Escrito por\" \/>\n\t\t<meta name=\"twitter:data1\" content=\"El Digital de Asturias\" \/>\n\t\t<meta name=\"twitter:label2\" content=\"Tiempo de lectura estimado\" \/>\n\t\t<meta name=\"twitter:data2\" content=\"3 minutos\" \/>\n\t\t<script type=\"application\/ld+json\" class=\"aioseo-schema\">\n\t\t\t{\"@context\":\"https:\\\/\\\/schema.org\",\"@graph\":[{\"@type\":\"BlogPosting\",\"@id\":\"https:\\\/\\\/www.eldigitaldeasturias.com\\\/noticias\\\/belen-fernandez-asturias-necesita-una-nueva-sogepsa-para-un-nuevo-tiempo\\\/#blogposting\",\"name\":\"Bel\\u00e9n Fern\\u00e1ndez: \\u00abAsturias necesita una nueva Sogepsa para un nuevo tiempo\\u00bb - El Digital de Asturias\",\"headline\":\"Bel\\u00e9n Fern\\u00e1ndez: \\u00abAsturias necesita una nueva Sogepsa para un nuevo tiempo\\u00bb\",\"author\":{\"@id\":\"https:\\\/\\\/www.eldigitaldeasturias.com\\\/noticias\\\/author\\\/admin\\\/#author\"},\"publisher\":{\"@id\":\"https:\\\/\\\/www.eldigitaldeasturias.com\\\/noticias\\\/#organization\"},\"image\":{\"@type\":\"ImageObject\",\"url\":\"https:\\\/\\\/www.eldigitaldeasturias.com\\\/noticias\\\/wp-content\\\/uploads\\\/2014\\\/06\\\/2014_06_20-RP-Consejo-de-Gobierno-Bel\\u00e9n-Fern\\u00e1ndez-21.jpg\",\"width\":4914,\"height\":3396},\"datePublished\":\"2017-03-01T02:51:34+01:00\",\"dateModified\":\"2017-03-01T02:51:34+01:00\",\"inLanguage\":\"es-ES\",\"mainEntityOfPage\":{\"@id\":\"https:\\\/\\\/www.eldigitaldeasturias.com\\\/noticias\\\/belen-fernandez-asturias-necesita-una-nueva-sogepsa-para-un-nuevo-tiempo\\\/#webpage\"},\"isPartOf\":{\"@id\":\"https:\\\/\\\/www.eldigitaldeasturias.com\\\/noticias\\\/belen-fernandez-asturias-necesita-una-nueva-sogepsa-para-un-nuevo-tiempo\\\/#webpage\"},\"articleSection\":\"Destacadas\"},{\"@type\":\"BreadcrumbList\",\"@id\":\"https:\\\/\\\/www.eldigitaldeasturias.com\\\/noticias\\\/belen-fernandez-asturias-necesita-una-nueva-sogepsa-para-un-nuevo-tiempo\\\/#breadcrumblist\",\"itemListElement\":[{\"@type\":\"ListItem\",\"@id\":\"https:\\\/\\\/www.eldigitaldeasturias.com\\\/noticias#listItem\",\"position\":1,\"name\":\"Home\",\"item\":\"https:\\\/\\\/www.eldigitaldeasturias.com\\\/noticias\",\"nextItem\":{\"@type\":\"ListItem\",\"@id\":\"https:\\\/\\\/www.eldigitaldeasturias.com\\\/noticias\\\/category\\\/destacadas\\\/#listItem\",\"name\":\"Destacadas\"}},{\"@type\":\"ListItem\",\"@id\":\"https:\\\/\\\/www.eldigitaldeasturias.com\\\/noticias\\\/category\\\/destacadas\\\/#listItem\",\"position\":2,\"name\":\"Destacadas\",\"item\":\"https:\\\/\\\/www.eldigitaldeasturias.com\\\/noticias\\\/category\\\/destacadas\\\/\",\"nextItem\":{\"@type\":\"ListItem\",\"@id\":\"https:\\\/\\\/www.eldigitaldeasturias.com\\\/noticias\\\/belen-fernandez-asturias-necesita-una-nueva-sogepsa-para-un-nuevo-tiempo\\\/#listItem\",\"name\":\"Bel\\u00e9n Fern\\u00e1ndez: \\u00abAsturias necesita una nueva Sogepsa para un nuevo tiempo\\u00bb\"},\"previousItem\":{\"@type\":\"ListItem\",\"@id\":\"https:\\\/\\\/www.eldigitaldeasturias.com\\\/noticias#listItem\",\"name\":\"Home\"}},{\"@type\":\"ListItem\",\"@id\":\"https:\\\/\\\/www.eldigitaldeasturias.com\\\/noticias\\\/belen-fernandez-asturias-necesita-una-nueva-sogepsa-para-un-nuevo-tiempo\\\/#listItem\",\"position\":3,\"name\":\"Bel\\u00e9n Fern\\u00e1ndez: \\u00abAsturias necesita una nueva Sogepsa para un nuevo tiempo\\u00bb\",\"previousItem\":{\"@type\":\"ListItem\",\"@id\":\"https:\\\/\\\/www.eldigitaldeasturias.com\\\/noticias\\\/category\\\/destacadas\\\/#listItem\",\"name\":\"Destacadas\"}}]},{\"@type\":\"Organization\",\"@id\":\"https:\\\/\\\/www.eldigitaldeasturias.com\\\/noticias\\\/#organization\",\"name\":\"El Digital de Asturias\",\"description\":\"Hemeroteca\",\"url\":\"https:\\\/\\\/www.eldigitaldeasturias.com\\\/noticias\\\/\",\"email\":\"info@eldigitaldeasturias.com\",\"telephone\":\"+34652131393\",\"logo\":{\"@type\":\"ImageObject\",\"url\":\"https:\\\/\\\/www.eldigitaldeasturias.com\\\/noticias\\\/wp-content\\\/uploads\\\/2020\\\/12\\\/EDA.jpg\",\"@id\":\"https:\\\/\\\/www.eldigitaldeasturias.com\\\/noticias\\\/belen-fernandez-asturias-necesita-una-nueva-sogepsa-para-un-nuevo-tiempo\\\/#organizationLogo\",\"width\":649,\"height\":297},\"image\":{\"@id\":\"https:\\\/\\\/www.eldigitaldeasturias.com\\\/noticias\\\/belen-fernandez-asturias-necesita-una-nueva-sogepsa-para-un-nuevo-tiempo\\\/#organizationLogo\"},\"sameAs\":[\"https:\\\/\\\/facebook.com\\\/eldigitaldeasturias\",\"https:\\\/\\\/www.youtube.com\\\/channel\\\/UCZP-2wLEB9Rv6erhFmqVnvg\"],\"address\":{\"@id\":\"https:\\\/\\\/www.eldigitaldeasturias.com\\\/noticias\\\/#postaladdress\",\"@type\":\"PostalAddress\",\"streetAddress\":\"san antonio 4,\",\"postalCode\":\"33430\",\"addressLocality\":\"Cand\\u00e1s\",\"addressRegion\":\"Asturias\",\"addressCountry\":\"ES\"}},{\"@type\":\"Person\",\"@id\":\"https:\\\/\\\/www.eldigitaldeasturias.com\\\/noticias\\\/author\\\/admin\\\/#author\",\"url\":\"https:\\\/\\\/www.eldigitaldeasturias.com\\\/noticias\\\/author\\\/admin\\\/\",\"name\":\"El Digital de Asturias\",\"image\":{\"@type\":\"ImageObject\",\"@id\":\"https:\\\/\\\/www.eldigitaldeasturias.com\\\/noticias\\\/belen-fernandez-asturias-necesita-una-nueva-sogepsa-para-un-nuevo-tiempo\\\/#authorImage\",\"url\":\"https:\\\/\\\/www.eldigitaldeasturias.com\\\/noticias\\\/wp-content\\\/litespeed\\\/avatar\\\/18677e78aa0546b92d9dbf31ec7d7668.jpg?ver=1777290358\",\"width\":96,\"height\":96,\"caption\":\"El Digital de Asturias\"}},{\"@type\":\"WebPage\",\"@id\":\"https:\\\/\\\/www.eldigitaldeasturias.com\\\/noticias\\\/belen-fernandez-asturias-necesita-una-nueva-sogepsa-para-un-nuevo-tiempo\\\/#webpage\",\"url\":\"https:\\\/\\\/www.eldigitaldeasturias.com\\\/noticias\\\/belen-fernandez-asturias-necesita-una-nueva-sogepsa-para-un-nuevo-tiempo\\\/\",\"name\":\"Bel\\u00e9n Fern\\u00e1ndez: \\u00abAsturias necesita una nueva Sogepsa para un nuevo tiempo\\u00bb - El Digital de Asturias\",\"description\":\"La consejera de Infraestructuras, Ordenaci\\u00f3n del Territorio y Medio Ambiente, Bel\\u00e9n Fern\\u00e1ndez, ha solicitado hoy el apoyo de todos los grupos parlamentarios para aprobar la ley que permitir\\u00e1 convertir Sogepsa en una sociedad totalmente p\\u00fablica, dedicada a la planificaci\\u00f3n estrat\\u00e9gica y la gesti\\u00f3n del suelo, al servicio del bienestar social. Durante su comparecencia ante la\",\"inLanguage\":\"es-ES\",\"isPartOf\":{\"@id\":\"https:\\\/\\\/www.eldigitaldeasturias.com\\\/noticias\\\/#website\"},\"breadcrumb\":{\"@id\":\"https:\\\/\\\/www.eldigitaldeasturias.com\\\/noticias\\\/belen-fernandez-asturias-necesita-una-nueva-sogepsa-para-un-nuevo-tiempo\\\/#breadcrumblist\"},\"author\":{\"@id\":\"https:\\\/\\\/www.eldigitaldeasturias.com\\\/noticias\\\/author\\\/admin\\\/#author\"},\"creator\":{\"@id\":\"https:\\\/\\\/www.eldigitaldeasturias.com\\\/noticias\\\/author\\\/admin\\\/#author\"},\"image\":{\"@type\":\"ImageObject\",\"url\":\"https:\\\/\\\/www.eldigitaldeasturias.com\\\/noticias\\\/wp-content\\\/uploads\\\/2014\\\/06\\\/2014_06_20-RP-Consejo-de-Gobierno-Bel\\u00e9n-Fern\\u00e1ndez-21.jpg\",\"@id\":\"https:\\\/\\\/www.eldigitaldeasturias.com\\\/noticias\\\/belen-fernandez-asturias-necesita-una-nueva-sogepsa-para-un-nuevo-tiempo\\\/#mainImage\",\"width\":4914,\"height\":3396},\"primaryImageOfPage\":{\"@id\":\"https:\\\/\\\/www.eldigitaldeasturias.com\\\/noticias\\\/belen-fernandez-asturias-necesita-una-nueva-sogepsa-para-un-nuevo-tiempo\\\/#mainImage\"},\"datePublished\":\"2017-03-01T02:51:34+01:00\",\"dateModified\":\"2017-03-01T02:51:34+01:00\"},{\"@type\":\"WebSite\",\"@id\":\"https:\\\/\\\/www.eldigitaldeasturias.com\\\/noticias\\\/#website\",\"url\":\"https:\\\/\\\/www.eldigitaldeasturias.com\\\/noticias\\\/\",\"name\":\"El Digital de Asturias - Diario de actualidad y noticias\",\"alternateName\":\"El Digital de Asturias - Diario de actualidad y noticias\",\"description\":\"Hemeroteca\",\"inLanguage\":\"es-ES\",\"publisher\":{\"@id\":\"https:\\\/\\\/www.eldigitaldeasturias.com\\\/noticias\\\/#organization\"}}]}\n\t\t<\/script>\n\t\t<!-- All in One SEO Pro -->\r\n\t\t<title>Bel\u00e9n Fern\u00e1ndez: \u00abAsturias necesita una nueva Sogepsa para un nuevo tiempo\u00bb - El Digital de Asturias<\/title>\n\n","aioseo_head_json":{"title":"Bel\u00e9n Fern\u00e1ndez: \u00abAsturias necesita una nueva Sogepsa para un nuevo tiempo\u00bb - El Digital de Asturias","description":"La consejera de Infraestructuras, Ordenaci\u00f3n del Territorio y Medio Ambiente, Bel\u00e9n Fern\u00e1ndez, ha solicitado hoy el apoyo de todos los grupos parlamentarios para aprobar la ley que permitir\u00e1 convertir Sogepsa en una sociedad totalmente p\u00fablica, dedicada a la planificaci\u00f3n estrat\u00e9gica y la gesti\u00f3n del suelo, al servicio del bienestar social. Durante su comparecencia ante la","canonical_url":"https:\/\/www.eldigitaldeasturias.com\/noticias\/belen-fernandez-asturias-necesita-una-nueva-sogepsa-para-un-nuevo-tiempo\/","robots":"max-image-preview:large","keywords":"destacadas","webmasterTools":{"google-site-verification":"UA-38556648-1","msvalidate.01":"7dfe9f3f1b24437ab69f4f2559babe99","miscellaneous":""},"schema":{"@context":"https:\/\/schema.org","@graph":[{"@type":"BlogPosting","@id":"https:\/\/www.eldigitaldeasturias.com\/noticias\/belen-fernandez-asturias-necesita-una-nueva-sogepsa-para-un-nuevo-tiempo\/#blogposting","name":"Bel\u00e9n Fern\u00e1ndez: \u00abAsturias necesita una nueva Sogepsa para un nuevo tiempo\u00bb - El Digital de Asturias","headline":"Bel\u00e9n Fern\u00e1ndez: \u00abAsturias necesita una nueva Sogepsa para un nuevo tiempo\u00bb","author":{"@id":"https:\/\/www.eldigitaldeasturias.com\/noticias\/author\/admin\/#author"},"publisher":{"@id":"https:\/\/www.eldigitaldeasturias.com\/noticias\/#organization"},"image":{"@type":"ImageObject","url":"https:\/\/www.eldigitaldeasturias.com\/noticias\/wp-content\/uploads\/2014\/06\/2014_06_20-RP-Consejo-de-Gobierno-Bel\u00e9n-Fern\u00e1ndez-21.jpg","width":4914,"height":3396},"datePublished":"2017-03-01T02:51:34+01:00","dateModified":"2017-03-01T02:51:34+01:00","inLanguage":"es-ES","mainEntityOfPage":{"@id":"https:\/\/www.eldigitaldeasturias.com\/noticias\/belen-fernandez-asturias-necesita-una-nueva-sogepsa-para-un-nuevo-tiempo\/#webpage"},"isPartOf":{"@id":"https:\/\/www.eldigitaldeasturias.com\/noticias\/belen-fernandez-asturias-necesita-una-nueva-sogepsa-para-un-nuevo-tiempo\/#webpage"},"articleSection":"Destacadas"},{"@type":"BreadcrumbList","@id":"https:\/\/www.eldigitaldeasturias.com\/noticias\/belen-fernandez-asturias-necesita-una-nueva-sogepsa-para-un-nuevo-tiempo\/#breadcrumblist","itemListElement":[{"@type":"ListItem","@id":"https:\/\/www.eldigitaldeasturias.com\/noticias#listItem","position":1,"name":"Home","item":"https:\/\/www.eldigitaldeasturias.com\/noticias","nextItem":{"@type":"ListItem","@id":"https:\/\/www.eldigitaldeasturias.com\/noticias\/category\/destacadas\/#listItem","name":"Destacadas"}},{"@type":"ListItem","@id":"https:\/\/www.eldigitaldeasturias.com\/noticias\/category\/destacadas\/#listItem","position":2,"name":"Destacadas","item":"https:\/\/www.eldigitaldeasturias.com\/noticias\/category\/destacadas\/","nextItem":{"@type":"ListItem","@id":"https:\/\/www.eldigitaldeasturias.com\/noticias\/belen-fernandez-asturias-necesita-una-nueva-sogepsa-para-un-nuevo-tiempo\/#listItem","name":"Bel\u00e9n Fern\u00e1ndez: \u00abAsturias necesita una nueva Sogepsa para un nuevo tiempo\u00bb"},"previousItem":{"@type":"ListItem","@id":"https:\/\/www.eldigitaldeasturias.com\/noticias#listItem","name":"Home"}},{"@type":"ListItem","@id":"https:\/\/www.eldigitaldeasturias.com\/noticias\/belen-fernandez-asturias-necesita-una-nueva-sogepsa-para-un-nuevo-tiempo\/#listItem","position":3,"name":"Bel\u00e9n Fern\u00e1ndez: \u00abAsturias necesita una nueva Sogepsa para un nuevo tiempo\u00bb","previousItem":{"@type":"ListItem","@id":"https:\/\/www.eldigitaldeasturias.com\/noticias\/category\/destacadas\/#listItem","name":"Destacadas"}}]},{"@type":"Organization","@id":"https:\/\/www.eldigitaldeasturias.com\/noticias\/#organization","name":"El Digital de Asturias","description":"Hemeroteca","url":"https:\/\/www.eldigitaldeasturias.com\/noticias\/","email":"info@eldigitaldeasturias.com","telephone":"+34652131393","logo":{"@type":"ImageObject","url":"https:\/\/www.eldigitaldeasturias.com\/noticias\/wp-content\/uploads\/2020\/12\/EDA.jpg","@id":"https:\/\/www.eldigitaldeasturias.com\/noticias\/belen-fernandez-asturias-necesita-una-nueva-sogepsa-para-un-nuevo-tiempo\/#organizationLogo","width":649,"height":297},"image":{"@id":"https:\/\/www.eldigitaldeasturias.com\/noticias\/belen-fernandez-asturias-necesita-una-nueva-sogepsa-para-un-nuevo-tiempo\/#organizationLogo"},"sameAs":["https:\/\/facebook.com\/eldigitaldeasturias","https:\/\/www.youtube.com\/channel\/UCZP-2wLEB9Rv6erhFmqVnvg"],"address":{"@id":"https:\/\/www.eldigitaldeasturias.com\/noticias\/#postaladdress","@type":"PostalAddress","streetAddress":"san antonio 4,","postalCode":"33430","addressLocality":"Cand\u00e1s","addressRegion":"Asturias","addressCountry":"ES"}},{"@type":"Person","@id":"https:\/\/www.eldigitaldeasturias.com\/noticias\/author\/admin\/#author","url":"https:\/\/www.eldigitaldeasturias.com\/noticias\/author\/admin\/","name":"El Digital de Asturias","image":{"@type":"ImageObject","@id":"https:\/\/www.eldigitaldeasturias.com\/noticias\/belen-fernandez-asturias-necesita-una-nueva-sogepsa-para-un-nuevo-tiempo\/#authorImage","url":"https:\/\/www.eldigitaldeasturias.com\/noticias\/wp-content\/litespeed\/avatar\/18677e78aa0546b92d9dbf31ec7d7668.jpg?ver=1777290358","width":96,"height":96,"caption":"El Digital de Asturias"}},{"@type":"WebPage","@id":"https:\/\/www.eldigitaldeasturias.com\/noticias\/belen-fernandez-asturias-necesita-una-nueva-sogepsa-para-un-nuevo-tiempo\/#webpage","url":"https:\/\/www.eldigitaldeasturias.com\/noticias\/belen-fernandez-asturias-necesita-una-nueva-sogepsa-para-un-nuevo-tiempo\/","name":"Bel\u00e9n Fern\u00e1ndez: \u00abAsturias necesita una nueva Sogepsa para un nuevo tiempo\u00bb - El Digital de Asturias","description":"La consejera de Infraestructuras, Ordenaci\u00f3n del Territorio y Medio Ambiente, Bel\u00e9n Fern\u00e1ndez, ha solicitado hoy el apoyo de todos los grupos parlamentarios para aprobar la ley que permitir\u00e1 convertir Sogepsa en una sociedad totalmente p\u00fablica, dedicada a la planificaci\u00f3n estrat\u00e9gica y la gesti\u00f3n del suelo, al servicio del bienestar social. Durante su comparecencia ante la","inLanguage":"es-ES","isPartOf":{"@id":"https:\/\/www.eldigitaldeasturias.com\/noticias\/#website"},"breadcrumb":{"@id":"https:\/\/www.eldigitaldeasturias.com\/noticias\/belen-fernandez-asturias-necesita-una-nueva-sogepsa-para-un-nuevo-tiempo\/#breadcrumblist"},"author":{"@id":"https:\/\/www.eldigitaldeasturias.com\/noticias\/author\/admin\/#author"},"creator":{"@id":"https:\/\/www.eldigitaldeasturias.com\/noticias\/author\/admin\/#author"},"image":{"@type":"ImageObject","url":"https:\/\/www.eldigitaldeasturias.com\/noticias\/wp-content\/uploads\/2014\/06\/2014_06_20-RP-Consejo-de-Gobierno-Bel\u00e9n-Fern\u00e1ndez-21.jpg","@id":"https:\/\/www.eldigitaldeasturias.com\/noticias\/belen-fernandez-asturias-necesita-una-nueva-sogepsa-para-un-nuevo-tiempo\/#mainImage","width":4914,"height":3396},"primaryImageOfPage":{"@id":"https:\/\/www.eldigitaldeasturias.com\/noticias\/belen-fernandez-asturias-necesita-una-nueva-sogepsa-para-un-nuevo-tiempo\/#mainImage"},"datePublished":"2017-03-01T02:51:34+01:00","dateModified":"2017-03-01T02:51:34+01:00"},{"@type":"WebSite","@id":"https:\/\/www.eldigitaldeasturias.com\/noticias\/#website","url":"https:\/\/www.eldigitaldeasturias.com\/noticias\/","name":"El Digital de Asturias - Diario de actualidad y noticias","alternateName":"El Digital de Asturias - Diario de actualidad y noticias","description":"Hemeroteca","inLanguage":"es-ES","publisher":{"@id":"https:\/\/www.eldigitaldeasturias.com\/noticias\/#organization"}}]},"og:locale":"es_ES","og:site_name":"El Digital de Asturias","og:type":"article","og:title":"Bel\u00e9n Fern\u00e1ndez: \u00abAsturias necesita una nueva Sogepsa para un nuevo tiempo\u00bb - El Digital de Asturias","og:description":"La consejera de Infraestructuras, Ordenaci\u00f3n del Territorio y Medio Ambiente, Bel\u00e9n Fern\u00e1ndez, ha solicitado hoy el apoyo de todos los grupos parlamentarios para aprobar la ley que permitir\u00e1 convertir Sogepsa en una sociedad totalmente p\u00fablica, dedicada a la planificaci\u00f3n estrat\u00e9gica y la gesti\u00f3n del suelo, al servicio del bienestar social. Durante su comparecencia ante la","og:url":"https:\/\/www.eldigitaldeasturias.com\/noticias\/belen-fernandez-asturias-necesita-una-nueva-sogepsa-para-un-nuevo-tiempo\/","og:image":"https:\/\/www.eldigitaldeasturias.com\/noticias\/wp-content\/uploads\/2014\/06\/2014_06_20-RP-Consejo-de-Gobierno-Bel\u00e9n-Fern\u00e1ndez-21.jpg","og:image:secure_url":"https:\/\/www.eldigitaldeasturias.com\/noticias\/wp-content\/uploads\/2014\/06\/2014_06_20-RP-Consejo-de-Gobierno-Bel\u00e9n-Fern\u00e1ndez-21.jpg","og:image:width":4914,"og:image:height":3396,"article:tag":["destacadas"],"article:published_time":"2017-03-01T02:51:34+00:00","article:modified_time":"2017-03-01T02:51:34+00:00","article:publisher":"https:\/\/facebook.com\/eldigitaldeasturias","twitter:card":"summary_large_image","twitter:title":"Bel\u00e9n Fern\u00e1ndez: \u00abAsturias necesita una nueva Sogepsa para un nuevo tiempo\u00bb - El Digital de Asturias","twitter:description":"La consejera de Infraestructuras, Ordenaci\u00f3n del Territorio y Medio Ambiente, Bel\u00e9n Fern\u00e1ndez, ha solicitado hoy el apoyo de todos los grupos parlamentarios para aprobar la ley que permitir\u00e1 convertir Sogepsa en una sociedad totalmente p\u00fablica, dedicada a la planificaci\u00f3n estrat\u00e9gica y la gesti\u00f3n del suelo, al servicio del bienestar social. Durante su comparecencia ante la","twitter:image":"https:\/\/www.eldigitaldeasturias.com\/noticias\/wp-content\/uploads\/2014\/06\/2014_06_20-RP-Consejo-de-Gobierno-Bel\u00e9n-Fern\u00e1ndez-21.jpg","twitter:label1":"Escrito por","twitter:data1":"El Digital de Asturias","twitter:label2":"Tiempo de lectura estimado","twitter:data2":"3 minutos"},"aioseo_meta_data":{"post_id":"927842","title":null,"description":null,"keywords":null,"keyphrases":null,"primary_term":null,"canonical_url":null,"og_title":null,"og_description":null,"og_object_type":"default","og_image_type":"default","og_image_url":null,"og_image_width":null,"og_image_height":null,"og_image_custom_url":null,"og_image_custom_fields":null,"og_video":null,"og_custom_url":null,"og_article_section":null,"og_article_tags":null,"twitter_use_og":false,"twitter_card":"default","twitter_image_type":"default","twitter_image_url":null,"twitter_image_custom_url":null,"twitter_image_custom_fields":null,"twitter_title":null,"twitter_description":null,"schema":{"blockGraphs":[],"customGraphs":[],"default":{"data":{"Article":[],"Course":[],"Dataset":[],"FAQPage":[],"Movie":[],"Person":[],"Product":[],"ProductReview":[],"Car":[],"Recipe":[],"Service":[],"SoftwareApplication":[],"WebPage":[]},"graphName":"","isEnabled":true},"graphs":[],"defaultGraph":"","defaultPostTypeGraph":""},"schema_type":null,"schema_type_options":null,"pillar_content":false,"robots_default":true,"robots_noindex":false,"robots_noarchive":false,"robots_nosnippet":false,"robots_nofollow":false,"robots_noimageindex":false,"robots_noodp":false,"robots_notranslate":false,"robots_max_snippet":null,"robots_max_videopreview":null,"robots_max_imagepreview":"large","priority":null,"frequency":null,"local_seo":null,"seo_analyzer_scan_date":"2025-12-03 11:36:16","breadcrumb_settings":null,"limit_modified_date":false,"open_ai":null,"ai":null,"created":"2020-12-21 13:37:09","updated":"2025-12-03 11:36:16"},"aioseo_breadcrumb":"<div class=\"aioseo-breadcrumbs\"><span class=\"aioseo-breadcrumb\">\n\t<a href=\"https:\/\/www.eldigitaldeasturias.com\/noticias\" title=\"Home\">Home<\/a>\n<\/span><span class=\"aioseo-breadcrumb-separator\">\u2013<\/span><span class=\"aioseo-breadcrumb\">\n\t<a href=\"https:\/\/www.eldigitaldeasturias.com\/noticias\/category\/destacadas\/\" title=\"Destacadas\">Destacadas<\/a>\n<\/span><span class=\"aioseo-breadcrumb-separator\">\u2013<\/span><span class=\"aioseo-breadcrumb\">\n\t<a href=\"https:\/\/www.eldigitaldeasturias.com\/noticias\/belen-fernandez-asturias-necesita-una-nueva-sogepsa-para-un-nuevo-tiempo\/\" title=\"Bel\u00e9n Fern\u00e1ndez: \u00abAsturias necesita una nueva Sogepsa para un nuevo tiempo\u00bb\">Bel\u00e9n Fern\u00e1ndez: \u00abAsturias necesita una nueva Sogepsa para un nuevo tiempo\u00bb<\/a>\n<\/span><\/div>","aioseo_breadcrumb_json":[{"label":"Home","link":"https:\/\/www.eldigitaldeasturias.com\/noticias"},{"label":"Destacadas","link":"https:\/\/www.eldigitaldeasturias.com\/noticias\/category\/destacadas\/"},{"label":"Bel\u00e9n Fern\u00e1ndez: \u00abAsturias necesita una nueva Sogepsa para un nuevo tiempo\u00bb","link":"https:\/\/www.eldigitaldeasturias.com\/noticias\/belen-fernandez-asturias-necesita-una-nueva-sogepsa-para-un-nuevo-tiempo\/"}],"_links":{"self":[{"href":"https:\/\/www.eldigitaldeasturias.com\/noticias\/wp-json\/wp\/v2\/posts\/927842","targetHints":{"allow":["GET"]}}],"collection":[{"href":"https:\/\/www.eldigitaldeasturias.com\/noticias\/wp-json\/wp\/v2\/posts"}],"about":[{"href":"https:\/\/www.eldigitaldeasturias.com\/noticias\/wp-json\/wp\/v2\/types\/post"}],"author":[{"embeddable":true,"href":"https:\/\/www.eldigitaldeasturias.com\/noticias\/wp-json\/wp\/v2\/users\/1"}],"replies":[{"embeddable":true,"href":"https:\/\/www.eldigitaldeasturias.com\/noticias\/wp-json\/wp\/v2\/comments?post=927842"}],"version-history":[{"count":0,"href":"https:\/\/www.eldigitaldeasturias.com\/noticias\/wp-json\/wp\/v2\/posts\/927842\/revisions"}],"wp:featuredmedia":[{"embeddable":true,"href":"https:\/\/www.eldigitaldeasturias.com\/noticias\/wp-json\/wp\/v2\/media\/549808"}],"wp:attachment":[{"href":"https:\/\/www.eldigitaldeasturias.com\/noticias\/wp-json\/wp\/v2\/media?parent=927842"}],"wp:term":[{"taxonomy":"category","embeddable":true,"href":"https:\/\/www.eldigitaldeasturias.com\/noticias\/wp-json\/wp\/v2\/categories?post=927842"},{"taxonomy":"post_tag","embeddable":true,"href":"https:\/\/www.eldigitaldeasturias.com\/noticias\/wp-json\/wp\/v2\/tags?post=927842"}],"curies":[{"name":"wp","href":"https:\/\/api.w.org\/{rel}","templated":true}]}}