{"id":927802,"date":"2017-02-28T18:25:33","date_gmt":"2017-02-28T18:25:33","guid":{"rendered":"http:\/\/www.eldigitaldeasturias.com\/noticias\/?p=927802"},"modified":"2017-02-28T18:26:47","modified_gmt":"2017-02-28T18:26:47","slug":"la-ospa-regresa-a-musika-musica-con-tres-programas-y-obras-de-mahler-y-dvorak","status":"publish","type":"post","link":"https:\/\/www.eldigitaldeasturias.com\/noticias\/la-ospa-regresa-a-musika-musica-con-tres-programas-y-obras-de-mahler-y-dvorak\/","title":{"rendered":"La OSPA regresa a Musika M\u00fasica con tres programas y obras de Mahler y Dvorak"},"content":{"rendered":"<p><img loading=\"lazy\" decoding=\"async\" class=\"alignleft size-medium wp-image-927803\" src=\"https:\/\/www.eldigitaldeasturias.com\/noticias\/wp-content\/uploads\/2017\/02\/MM2017-2-352x320.jpg\" alt=\"\" width=\"352\" height=\"320\" srcset=\"https:\/\/www.eldigitaldeasturias.com\/noticias\/wp-content\/uploads\/2017\/02\/MM2017-2-352x320.jpg 352w, https:\/\/www.eldigitaldeasturias.com\/noticias\/wp-content\/uploads\/2017\/02\/MM2017-2-768x698.jpg 768w, https:\/\/www.eldigitaldeasturias.com\/noticias\/wp-content\/uploads\/2017\/02\/MM2017-2-650x591.jpg 650w, https:\/\/www.eldigitaldeasturias.com\/noticias\/wp-content\/uploads\/2017\/02\/MM2017-2.jpg 1339w\" sizes=\"auto, (max-width: 352px) 100vw, 352px\" \/>La Orquesta Sinf\u00f3nica del Principado de Asturias regresa esta semana al certamen Musika M\u00fasica de Bilbao, dedicado este a\u00f1o a los compositores Gustav Mahler, Antonin Dvor\u00e1k, Bedrich Smetana y Leos Jan\u00e1cek, en representaci\u00f3n de Bohemia, una de las regiones hist\u00f3ricas de la Rep\u00fablica Checa. El maestro Perry So dirige a la OSPA en tres programas que tocar\u00e1 los d\u00edas 4 y 5 de marzo.<\/p>\n<p>La OSPA abrir\u00e1 su quinta participaci\u00f3n en Musika M\u00fasica con la Sinfon\u00eda n\u00ba 5 en do sostenido menor de Mahler. Ser\u00e1 el s\u00e1bado 4 de marzo, a las 17:30 horas, en el Auditorio del Euskalduna.<\/p>\n<p>Al d\u00eda siguiente, la Sinf\u00f3nica de Asturias ofrecer\u00e1 dos programas en el Auditorio. El primero incluye La bruja del mediod\u00eda, de Dvorak, y Kindertotenlieder, de Mahler, con la mezzo Katie Stevenson de solista. La cita es a las 12:15 horas.<\/p>\n<p>El domingo 5, a las 17:00 horas, la OSPA interpretar\u00e1 Stabat Mater, de Dvorak, con Miren Urbieta-Vega (soprano), Ainhoa Zubillaga (mezzosoprano), Gustavo Pe\u00f1a (tenor), David Men\u00e9ndez (bar\u00edtono) y la Sociedad Coral de Bilbao.<\/p>\n<p><strong>Bohemia<\/strong><\/p>\n<p>A lo largo de los siglos, la regi\u00f3n de Bohemia exporto\u0301 m\u00fasicos a las principales cortes y capillas europeas. Muchos de ellos contribuyeron a la evoluci\u00f3n de la orquesta y a la madurez de la sinfon\u00eda. No en vano, la educaci\u00f3n musical se cuidaba all\u00ed con esmero y estaba al alcance de toda la ciudadan\u00eda. El panorama cambio\u0301 a mediados del siglo XIX, haciendo posible que, adem\u00e1s de esta europeizaci\u00f3n de su arte, los compositores comenzaran a cultivar su f\u00e9rtil jard\u00edn interior y lo regaran con las dos fuentes principales de su copioso folklore: los cantos, manantial de hermosas y sentidas melod\u00edas y las danzas, plenas de vigor y ritmos atractivos.<\/p>\n<p>La cosecha floreci\u00f3, alimentada por el amor hacia lo aut\u00f3ctono y al calor del anhelo rom\u00e1ntico, que lleg\u00f3 a su m\u00e1xima temperatura con la rebeli\u00f3n de Praga de 1848. \u00c9sta hab\u00eda avivado la llama de aquel fuego encendido en Francia durante la Revoluci\u00f3n de 1789 y el primero en irradiar su luz fue Smetana, recreando toda la originalidad y el sentimiento del lenguaje musical checo. Dvorak recogi\u00f3 el testigo, pero su talento trascend\u00eda cualquier frontera y se pos\u00f3 en todo lo eslavo para proyectarse al mundo. El moravo Jana\u0301c\u030cek dio una genial vuelta de tuerca al folklore de Bohemia y el alma errante de Mahler, aun siendo \u201ctres veces ap\u00e1trida\u201d, paseo\u0301 su musa checa por las principales ciudades de la \u00e9poca.<\/p>\n","protected":false},"excerpt":{"rendered":"<p>La Orquesta Sinf\u00f3nica del Principado de Asturias regresa esta semana al certamen Musika M\u00fasica de Bilbao, dedicado este a\u00f1o a los compositores Gustav Mahler, Antonin Dvor\u00e1k, Bedrich Smetana y Leos Jan\u00e1cek, en representaci\u00f3n de Bohemia, una de las regiones hist\u00f3ricas de la Rep\u00fablica Checa. El maestro Perry So dirige a la OSPA en tres programas [&hellip;]<\/p>\n","protected":false},"author":1,"featured_media":927803,"comment_status":"closed","ping_status":"closed","sticky":false,"template":"","format":"standard","meta":{"footnotes":""},"categories":[50],"tags":[],"class_list":["post-927802","post","type-post","status-publish","format-standard","has-post-thumbnail","hentry","category-revista-de-ocio"],"aioseo_notices":[],"aioseo_head":"\n\t\t<!-- All in One SEO Pro 4.9.6.2 - aioseo.com -->\n\t<meta name=\"description\" content=\"La Orquesta Sinf\u00f3nica del Principado de Asturias regresa esta semana al certamen Musika M\u00fasica de Bilbao, dedicado este a\u00f1o a los compositores Gustav Mahler, Antonin Dvor\u00e1k, Bedrich Smetana y Leos Jan\u00e1cek, en representaci\u00f3n de Bohemia, una de las regiones hist\u00f3ricas de la Rep\u00fablica Checa. El maestro Perry So dirige a la OSPA en tres programas\" \/>\n\t<meta name=\"robots\" content=\"max-image-preview:large\" \/>\n\t<meta name=\"author\" content=\"El Digital de Asturias\"\/>\n\t<meta name=\"google-site-verification\" content=\"UA-38556648-1\" \/>\n\t<meta name=\"msvalidate.01\" content=\"7dfe9f3f1b24437ab69f4f2559babe99\" \/>\n\t<meta name=\"keywords\" content=\"revista de ocio\" \/>\n\t<link rel=\"canonical\" href=\"https:\/\/www.eldigitaldeasturias.com\/noticias\/la-ospa-regresa-a-musika-musica-con-tres-programas-y-obras-de-mahler-y-dvorak\/\" \/>\n\t<meta name=\"generator\" content=\"All in One SEO Pro (AIOSEO) 4.9.6.2\" \/>\n\t\t<meta property=\"og:locale\" content=\"es_ES\" \/>\n\t\t<meta property=\"og:site_name\" content=\"El Digital de Asturias\" \/>\n\t\t<meta property=\"og:type\" content=\"article\" \/>\n\t\t<meta property=\"og:title\" content=\"La OSPA regresa a Musika M\u00fasica con tres programas y obras de Mahler y Dvorak - El Digital de Asturias\" \/>\n\t\t<meta property=\"og:description\" content=\"La Orquesta Sinf\u00f3nica del Principado de Asturias regresa esta semana al certamen Musika M\u00fasica de Bilbao, dedicado este a\u00f1o a los compositores Gustav Mahler, Antonin Dvor\u00e1k, Bedrich Smetana y Leos Jan\u00e1cek, en representaci\u00f3n de Bohemia, una de las regiones hist\u00f3ricas de la Rep\u00fablica Checa. El maestro Perry So dirige a la OSPA en tres programas\" \/>\n\t\t<meta property=\"og:url\" content=\"https:\/\/www.eldigitaldeasturias.com\/noticias\/la-ospa-regresa-a-musika-musica-con-tres-programas-y-obras-de-mahler-y-dvorak\/\" \/>\n\t\t<meta property=\"og:image\" content=\"https:\/\/www.eldigitaldeasturias.com\/noticias\/wp-content\/uploads\/2017\/02\/MM2017-2.jpg\" \/>\n\t\t<meta property=\"og:image:secure_url\" content=\"https:\/\/www.eldigitaldeasturias.com\/noticias\/wp-content\/uploads\/2017\/02\/MM2017-2.jpg\" \/>\n\t\t<meta property=\"og:image:width\" content=\"1339\" \/>\n\t\t<meta property=\"og:image:height\" content=\"1217\" \/>\n\t\t<meta property=\"article:tag\" content=\"revista de ocio\" \/>\n\t\t<meta property=\"article:published_time\" content=\"2017-02-28T18:25:33+00:00\" \/>\n\t\t<meta property=\"article:modified_time\" content=\"2017-02-28T18:26:47+00:00\" \/>\n\t\t<meta property=\"article:publisher\" content=\"https:\/\/facebook.com\/eldigitaldeasturias\" \/>\n\t\t<meta name=\"twitter:card\" content=\"summary_large_image\" \/>\n\t\t<meta name=\"twitter:title\" content=\"La OSPA regresa a Musika M\u00fasica con tres programas y obras de Mahler y Dvorak - El Digital de Asturias\" \/>\n\t\t<meta name=\"twitter:description\" content=\"La Orquesta Sinf\u00f3nica del Principado de Asturias regresa esta semana al certamen Musika M\u00fasica de Bilbao, dedicado este a\u00f1o a los compositores Gustav Mahler, Antonin Dvor\u00e1k, Bedrich Smetana y Leos Jan\u00e1cek, en representaci\u00f3n de Bohemia, una de las regiones hist\u00f3ricas de la Rep\u00fablica Checa. El maestro Perry So dirige a la OSPA en tres programas\" \/>\n\t\t<meta name=\"twitter:image\" content=\"https:\/\/www.eldigitaldeasturias.com\/noticias\/wp-content\/uploads\/2017\/02\/MM2017-2.jpg\" \/>\n\t\t<meta name=\"twitter:label1\" content=\"Escrito por\" \/>\n\t\t<meta name=\"twitter:data1\" content=\"El Digital de Asturias\" \/>\n\t\t<meta name=\"twitter:label2\" content=\"Tiempo de lectura estimado\" \/>\n\t\t<meta name=\"twitter:data2\" content=\"2 minutos\" \/>\n\t\t<script type=\"application\/ld+json\" class=\"aioseo-schema\">\n\t\t\t{\"@context\":\"https:\\\/\\\/schema.org\",\"@graph\":[{\"@type\":\"BlogPosting\",\"@id\":\"https:\\\/\\\/www.eldigitaldeasturias.com\\\/noticias\\\/la-ospa-regresa-a-musika-musica-con-tres-programas-y-obras-de-mahler-y-dvorak\\\/#blogposting\",\"name\":\"La OSPA regresa a Musika M\\u00fasica con tres programas y obras de Mahler y Dvorak - El Digital de Asturias\",\"headline\":\"La OSPA regresa a Musika M\\u00fasica con tres programas y obras de Mahler y Dvorak\",\"author\":{\"@id\":\"https:\\\/\\\/www.eldigitaldeasturias.com\\\/noticias\\\/author\\\/admin\\\/#author\"},\"publisher\":{\"@id\":\"https:\\\/\\\/www.eldigitaldeasturias.com\\\/noticias\\\/#organization\"},\"image\":{\"@type\":\"ImageObject\",\"url\":\"https:\\\/\\\/www.eldigitaldeasturias.com\\\/noticias\\\/wp-content\\\/uploads\\\/2017\\\/02\\\/MM2017-2.jpg\",\"width\":1339,\"height\":1217},\"datePublished\":\"2017-02-28T18:25:33+01:00\",\"dateModified\":\"2017-02-28T18:26:47+01:00\",\"inLanguage\":\"es-ES\",\"mainEntityOfPage\":{\"@id\":\"https:\\\/\\\/www.eldigitaldeasturias.com\\\/noticias\\\/la-ospa-regresa-a-musika-musica-con-tres-programas-y-obras-de-mahler-y-dvorak\\\/#webpage\"},\"isPartOf\":{\"@id\":\"https:\\\/\\\/www.eldigitaldeasturias.com\\\/noticias\\\/la-ospa-regresa-a-musika-musica-con-tres-programas-y-obras-de-mahler-y-dvorak\\\/#webpage\"},\"articleSection\":\"Revista de Ocio\"},{\"@type\":\"BreadcrumbList\",\"@id\":\"https:\\\/\\\/www.eldigitaldeasturias.com\\\/noticias\\\/la-ospa-regresa-a-musika-musica-con-tres-programas-y-obras-de-mahler-y-dvorak\\\/#breadcrumblist\",\"itemListElement\":[{\"@type\":\"ListItem\",\"@id\":\"https:\\\/\\\/www.eldigitaldeasturias.com\\\/noticias#listItem\",\"position\":1,\"name\":\"Home\",\"item\":\"https:\\\/\\\/www.eldigitaldeasturias.com\\\/noticias\",\"nextItem\":{\"@type\":\"ListItem\",\"@id\":\"https:\\\/\\\/www.eldigitaldeasturias.com\\\/noticias\\\/category\\\/revista-de-ocio\\\/#listItem\",\"name\":\"Revista de Ocio\"}},{\"@type\":\"ListItem\",\"@id\":\"https:\\\/\\\/www.eldigitaldeasturias.com\\\/noticias\\\/category\\\/revista-de-ocio\\\/#listItem\",\"position\":2,\"name\":\"Revista de Ocio\",\"item\":\"https:\\\/\\\/www.eldigitaldeasturias.com\\\/noticias\\\/category\\\/revista-de-ocio\\\/\",\"nextItem\":{\"@type\":\"ListItem\",\"@id\":\"https:\\\/\\\/www.eldigitaldeasturias.com\\\/noticias\\\/la-ospa-regresa-a-musika-musica-con-tres-programas-y-obras-de-mahler-y-dvorak\\\/#listItem\",\"name\":\"La OSPA regresa a Musika M\\u00fasica con tres programas y obras de Mahler y Dvorak\"},\"previousItem\":{\"@type\":\"ListItem\",\"@id\":\"https:\\\/\\\/www.eldigitaldeasturias.com\\\/noticias#listItem\",\"name\":\"Home\"}},{\"@type\":\"ListItem\",\"@id\":\"https:\\\/\\\/www.eldigitaldeasturias.com\\\/noticias\\\/la-ospa-regresa-a-musika-musica-con-tres-programas-y-obras-de-mahler-y-dvorak\\\/#listItem\",\"position\":3,\"name\":\"La OSPA regresa a Musika M\\u00fasica con tres programas y obras de Mahler y Dvorak\",\"previousItem\":{\"@type\":\"ListItem\",\"@id\":\"https:\\\/\\\/www.eldigitaldeasturias.com\\\/noticias\\\/category\\\/revista-de-ocio\\\/#listItem\",\"name\":\"Revista de Ocio\"}}]},{\"@type\":\"Organization\",\"@id\":\"https:\\\/\\\/www.eldigitaldeasturias.com\\\/noticias\\\/#organization\",\"name\":\"El Digital de Asturias\",\"description\":\"Hemeroteca\",\"url\":\"https:\\\/\\\/www.eldigitaldeasturias.com\\\/noticias\\\/\",\"email\":\"info@eldigitaldeasturias.com\",\"telephone\":\"+34652131393\",\"logo\":{\"@type\":\"ImageObject\",\"url\":\"https:\\\/\\\/www.eldigitaldeasturias.com\\\/noticias\\\/wp-content\\\/uploads\\\/2020\\\/12\\\/EDA.jpg\",\"@id\":\"https:\\\/\\\/www.eldigitaldeasturias.com\\\/noticias\\\/la-ospa-regresa-a-musika-musica-con-tres-programas-y-obras-de-mahler-y-dvorak\\\/#organizationLogo\",\"width\":649,\"height\":297},\"image\":{\"@id\":\"https:\\\/\\\/www.eldigitaldeasturias.com\\\/noticias\\\/la-ospa-regresa-a-musika-musica-con-tres-programas-y-obras-de-mahler-y-dvorak\\\/#organizationLogo\"},\"sameAs\":[\"https:\\\/\\\/facebook.com\\\/eldigitaldeasturias\",\"https:\\\/\\\/www.youtube.com\\\/channel\\\/UCZP-2wLEB9Rv6erhFmqVnvg\"],\"address\":{\"@id\":\"https:\\\/\\\/www.eldigitaldeasturias.com\\\/noticias\\\/#postaladdress\",\"@type\":\"PostalAddress\",\"streetAddress\":\"san antonio 4,\",\"postalCode\":\"33430\",\"addressLocality\":\"Cand\\u00e1s\",\"addressRegion\":\"Asturias\",\"addressCountry\":\"ES\"}},{\"@type\":\"Person\",\"@id\":\"https:\\\/\\\/www.eldigitaldeasturias.com\\\/noticias\\\/author\\\/admin\\\/#author\",\"url\":\"https:\\\/\\\/www.eldigitaldeasturias.com\\\/noticias\\\/author\\\/admin\\\/\",\"name\":\"El Digital de Asturias\",\"image\":{\"@type\":\"ImageObject\",\"@id\":\"https:\\\/\\\/www.eldigitaldeasturias.com\\\/noticias\\\/la-ospa-regresa-a-musika-musica-con-tres-programas-y-obras-de-mahler-y-dvorak\\\/#authorImage\",\"url\":\"https:\\\/\\\/www.eldigitaldeasturias.com\\\/noticias\\\/wp-content\\\/litespeed\\\/avatar\\\/18677e78aa0546b92d9dbf31ec7d7668.jpg?ver=1777290358\",\"width\":96,\"height\":96,\"caption\":\"El Digital de Asturias\"}},{\"@type\":\"WebPage\",\"@id\":\"https:\\\/\\\/www.eldigitaldeasturias.com\\\/noticias\\\/la-ospa-regresa-a-musika-musica-con-tres-programas-y-obras-de-mahler-y-dvorak\\\/#webpage\",\"url\":\"https:\\\/\\\/www.eldigitaldeasturias.com\\\/noticias\\\/la-ospa-regresa-a-musika-musica-con-tres-programas-y-obras-de-mahler-y-dvorak\\\/\",\"name\":\"La OSPA regresa a Musika M\\u00fasica con tres programas y obras de Mahler y Dvorak - El Digital de Asturias\",\"description\":\"La Orquesta Sinf\\u00f3nica del Principado de Asturias regresa esta semana al certamen Musika M\\u00fasica de Bilbao, dedicado este a\\u00f1o a los compositores Gustav Mahler, Antonin Dvor\\u00e1k, Bedrich Smetana y Leos Jan\\u00e1cek, en representaci\\u00f3n de Bohemia, una de las regiones hist\\u00f3ricas de la Rep\\u00fablica Checa. El maestro Perry So dirige a la OSPA en tres programas\",\"inLanguage\":\"es-ES\",\"isPartOf\":{\"@id\":\"https:\\\/\\\/www.eldigitaldeasturias.com\\\/noticias\\\/#website\"},\"breadcrumb\":{\"@id\":\"https:\\\/\\\/www.eldigitaldeasturias.com\\\/noticias\\\/la-ospa-regresa-a-musika-musica-con-tres-programas-y-obras-de-mahler-y-dvorak\\\/#breadcrumblist\"},\"author\":{\"@id\":\"https:\\\/\\\/www.eldigitaldeasturias.com\\\/noticias\\\/author\\\/admin\\\/#author\"},\"creator\":{\"@id\":\"https:\\\/\\\/www.eldigitaldeasturias.com\\\/noticias\\\/author\\\/admin\\\/#author\"},\"image\":{\"@type\":\"ImageObject\",\"url\":\"https:\\\/\\\/www.eldigitaldeasturias.com\\\/noticias\\\/wp-content\\\/uploads\\\/2017\\\/02\\\/MM2017-2.jpg\",\"@id\":\"https:\\\/\\\/www.eldigitaldeasturias.com\\\/noticias\\\/la-ospa-regresa-a-musika-musica-con-tres-programas-y-obras-de-mahler-y-dvorak\\\/#mainImage\",\"width\":1339,\"height\":1217},\"primaryImageOfPage\":{\"@id\":\"https:\\\/\\\/www.eldigitaldeasturias.com\\\/noticias\\\/la-ospa-regresa-a-musika-musica-con-tres-programas-y-obras-de-mahler-y-dvorak\\\/#mainImage\"},\"datePublished\":\"2017-02-28T18:25:33+01:00\",\"dateModified\":\"2017-02-28T18:26:47+01:00\"},{\"@type\":\"WebSite\",\"@id\":\"https:\\\/\\\/www.eldigitaldeasturias.com\\\/noticias\\\/#website\",\"url\":\"https:\\\/\\\/www.eldigitaldeasturias.com\\\/noticias\\\/\",\"name\":\"El Digital de Asturias - Diario de actualidad y noticias\",\"alternateName\":\"El Digital de Asturias - Diario de actualidad y noticias\",\"description\":\"Hemeroteca\",\"inLanguage\":\"es-ES\",\"publisher\":{\"@id\":\"https:\\\/\\\/www.eldigitaldeasturias.com\\\/noticias\\\/#organization\"}}]}\n\t\t<\/script>\n\t\t<!-- All in One SEO Pro -->\r\n\t\t<title>La OSPA regresa a Musika M\u00fasica con tres programas y obras de Mahler y Dvorak - El Digital de Asturias<\/title>\n\n","aioseo_head_json":{"title":"La OSPA regresa a Musika M\u00fasica con tres programas y obras de Mahler y Dvorak - El Digital de Asturias","description":"La Orquesta Sinf\u00f3nica del Principado de Asturias regresa esta semana al certamen Musika M\u00fasica de Bilbao, dedicado este a\u00f1o a los compositores Gustav Mahler, Antonin Dvor\u00e1k, Bedrich Smetana y Leos Jan\u00e1cek, en representaci\u00f3n de Bohemia, una de las regiones hist\u00f3ricas de la Rep\u00fablica Checa. El maestro Perry So dirige a la OSPA en tres programas","canonical_url":"https:\/\/www.eldigitaldeasturias.com\/noticias\/la-ospa-regresa-a-musika-musica-con-tres-programas-y-obras-de-mahler-y-dvorak\/","robots":"max-image-preview:large","keywords":"revista de ocio","webmasterTools":{"google-site-verification":"UA-38556648-1","msvalidate.01":"7dfe9f3f1b24437ab69f4f2559babe99","miscellaneous":""},"schema":{"@context":"https:\/\/schema.org","@graph":[{"@type":"BlogPosting","@id":"https:\/\/www.eldigitaldeasturias.com\/noticias\/la-ospa-regresa-a-musika-musica-con-tres-programas-y-obras-de-mahler-y-dvorak\/#blogposting","name":"La OSPA regresa a Musika M\u00fasica con tres programas y obras de Mahler y Dvorak - El Digital de Asturias","headline":"La OSPA regresa a Musika M\u00fasica con tres programas y obras de Mahler y Dvorak","author":{"@id":"https:\/\/www.eldigitaldeasturias.com\/noticias\/author\/admin\/#author"},"publisher":{"@id":"https:\/\/www.eldigitaldeasturias.com\/noticias\/#organization"},"image":{"@type":"ImageObject","url":"https:\/\/www.eldigitaldeasturias.com\/noticias\/wp-content\/uploads\/2017\/02\/MM2017-2.jpg","width":1339,"height":1217},"datePublished":"2017-02-28T18:25:33+01:00","dateModified":"2017-02-28T18:26:47+01:00","inLanguage":"es-ES","mainEntityOfPage":{"@id":"https:\/\/www.eldigitaldeasturias.com\/noticias\/la-ospa-regresa-a-musika-musica-con-tres-programas-y-obras-de-mahler-y-dvorak\/#webpage"},"isPartOf":{"@id":"https:\/\/www.eldigitaldeasturias.com\/noticias\/la-ospa-regresa-a-musika-musica-con-tres-programas-y-obras-de-mahler-y-dvorak\/#webpage"},"articleSection":"Revista de Ocio"},{"@type":"BreadcrumbList","@id":"https:\/\/www.eldigitaldeasturias.com\/noticias\/la-ospa-regresa-a-musika-musica-con-tres-programas-y-obras-de-mahler-y-dvorak\/#breadcrumblist","itemListElement":[{"@type":"ListItem","@id":"https:\/\/www.eldigitaldeasturias.com\/noticias#listItem","position":1,"name":"Home","item":"https:\/\/www.eldigitaldeasturias.com\/noticias","nextItem":{"@type":"ListItem","@id":"https:\/\/www.eldigitaldeasturias.com\/noticias\/category\/revista-de-ocio\/#listItem","name":"Revista de Ocio"}},{"@type":"ListItem","@id":"https:\/\/www.eldigitaldeasturias.com\/noticias\/category\/revista-de-ocio\/#listItem","position":2,"name":"Revista de Ocio","item":"https:\/\/www.eldigitaldeasturias.com\/noticias\/category\/revista-de-ocio\/","nextItem":{"@type":"ListItem","@id":"https:\/\/www.eldigitaldeasturias.com\/noticias\/la-ospa-regresa-a-musika-musica-con-tres-programas-y-obras-de-mahler-y-dvorak\/#listItem","name":"La OSPA regresa a Musika M\u00fasica con tres programas y obras de Mahler y Dvorak"},"previousItem":{"@type":"ListItem","@id":"https:\/\/www.eldigitaldeasturias.com\/noticias#listItem","name":"Home"}},{"@type":"ListItem","@id":"https:\/\/www.eldigitaldeasturias.com\/noticias\/la-ospa-regresa-a-musika-musica-con-tres-programas-y-obras-de-mahler-y-dvorak\/#listItem","position":3,"name":"La OSPA regresa a Musika M\u00fasica con tres programas y obras de Mahler y Dvorak","previousItem":{"@type":"ListItem","@id":"https:\/\/www.eldigitaldeasturias.com\/noticias\/category\/revista-de-ocio\/#listItem","name":"Revista de Ocio"}}]},{"@type":"Organization","@id":"https:\/\/www.eldigitaldeasturias.com\/noticias\/#organization","name":"El Digital de Asturias","description":"Hemeroteca","url":"https:\/\/www.eldigitaldeasturias.com\/noticias\/","email":"info@eldigitaldeasturias.com","telephone":"+34652131393","logo":{"@type":"ImageObject","url":"https:\/\/www.eldigitaldeasturias.com\/noticias\/wp-content\/uploads\/2020\/12\/EDA.jpg","@id":"https:\/\/www.eldigitaldeasturias.com\/noticias\/la-ospa-regresa-a-musika-musica-con-tres-programas-y-obras-de-mahler-y-dvorak\/#organizationLogo","width":649,"height":297},"image":{"@id":"https:\/\/www.eldigitaldeasturias.com\/noticias\/la-ospa-regresa-a-musika-musica-con-tres-programas-y-obras-de-mahler-y-dvorak\/#organizationLogo"},"sameAs":["https:\/\/facebook.com\/eldigitaldeasturias","https:\/\/www.youtube.com\/channel\/UCZP-2wLEB9Rv6erhFmqVnvg"],"address":{"@id":"https:\/\/www.eldigitaldeasturias.com\/noticias\/#postaladdress","@type":"PostalAddress","streetAddress":"san antonio 4,","postalCode":"33430","addressLocality":"Cand\u00e1s","addressRegion":"Asturias","addressCountry":"ES"}},{"@type":"Person","@id":"https:\/\/www.eldigitaldeasturias.com\/noticias\/author\/admin\/#author","url":"https:\/\/www.eldigitaldeasturias.com\/noticias\/author\/admin\/","name":"El Digital de Asturias","image":{"@type":"ImageObject","@id":"https:\/\/www.eldigitaldeasturias.com\/noticias\/la-ospa-regresa-a-musika-musica-con-tres-programas-y-obras-de-mahler-y-dvorak\/#authorImage","url":"https:\/\/www.eldigitaldeasturias.com\/noticias\/wp-content\/litespeed\/avatar\/18677e78aa0546b92d9dbf31ec7d7668.jpg?ver=1777290358","width":96,"height":96,"caption":"El Digital de Asturias"}},{"@type":"WebPage","@id":"https:\/\/www.eldigitaldeasturias.com\/noticias\/la-ospa-regresa-a-musika-musica-con-tres-programas-y-obras-de-mahler-y-dvorak\/#webpage","url":"https:\/\/www.eldigitaldeasturias.com\/noticias\/la-ospa-regresa-a-musika-musica-con-tres-programas-y-obras-de-mahler-y-dvorak\/","name":"La OSPA regresa a Musika M\u00fasica con tres programas y obras de Mahler y Dvorak - El Digital de Asturias","description":"La Orquesta Sinf\u00f3nica del Principado de Asturias regresa esta semana al certamen Musika M\u00fasica de Bilbao, dedicado este a\u00f1o a los compositores Gustav Mahler, Antonin Dvor\u00e1k, Bedrich Smetana y Leos Jan\u00e1cek, en representaci\u00f3n de Bohemia, una de las regiones hist\u00f3ricas de la Rep\u00fablica Checa. El maestro Perry So dirige a la OSPA en tres programas","inLanguage":"es-ES","isPartOf":{"@id":"https:\/\/www.eldigitaldeasturias.com\/noticias\/#website"},"breadcrumb":{"@id":"https:\/\/www.eldigitaldeasturias.com\/noticias\/la-ospa-regresa-a-musika-musica-con-tres-programas-y-obras-de-mahler-y-dvorak\/#breadcrumblist"},"author":{"@id":"https:\/\/www.eldigitaldeasturias.com\/noticias\/author\/admin\/#author"},"creator":{"@id":"https:\/\/www.eldigitaldeasturias.com\/noticias\/author\/admin\/#author"},"image":{"@type":"ImageObject","url":"https:\/\/www.eldigitaldeasturias.com\/noticias\/wp-content\/uploads\/2017\/02\/MM2017-2.jpg","@id":"https:\/\/www.eldigitaldeasturias.com\/noticias\/la-ospa-regresa-a-musika-musica-con-tres-programas-y-obras-de-mahler-y-dvorak\/#mainImage","width":1339,"height":1217},"primaryImageOfPage":{"@id":"https:\/\/www.eldigitaldeasturias.com\/noticias\/la-ospa-regresa-a-musika-musica-con-tres-programas-y-obras-de-mahler-y-dvorak\/#mainImage"},"datePublished":"2017-02-28T18:25:33+01:00","dateModified":"2017-02-28T18:26:47+01:00"},{"@type":"WebSite","@id":"https:\/\/www.eldigitaldeasturias.com\/noticias\/#website","url":"https:\/\/www.eldigitaldeasturias.com\/noticias\/","name":"El Digital de Asturias - Diario de actualidad y noticias","alternateName":"El Digital de Asturias - Diario de actualidad y noticias","description":"Hemeroteca","inLanguage":"es-ES","publisher":{"@id":"https:\/\/www.eldigitaldeasturias.com\/noticias\/#organization"}}]},"og:locale":"es_ES","og:site_name":"El Digital de Asturias","og:type":"article","og:title":"La OSPA regresa a Musika M\u00fasica con tres programas y obras de Mahler y Dvorak - El Digital de Asturias","og:description":"La Orquesta Sinf\u00f3nica del Principado de Asturias regresa esta semana al certamen Musika M\u00fasica de Bilbao, dedicado este a\u00f1o a los compositores Gustav Mahler, Antonin Dvor\u00e1k, Bedrich Smetana y Leos Jan\u00e1cek, en representaci\u00f3n de Bohemia, una de las regiones hist\u00f3ricas de la Rep\u00fablica Checa. El maestro Perry So dirige a la OSPA en tres programas","og:url":"https:\/\/www.eldigitaldeasturias.com\/noticias\/la-ospa-regresa-a-musika-musica-con-tres-programas-y-obras-de-mahler-y-dvorak\/","og:image":"https:\/\/www.eldigitaldeasturias.com\/noticias\/wp-content\/uploads\/2017\/02\/MM2017-2.jpg","og:image:secure_url":"https:\/\/www.eldigitaldeasturias.com\/noticias\/wp-content\/uploads\/2017\/02\/MM2017-2.jpg","og:image:width":1339,"og:image:height":1217,"article:tag":["revista de ocio"],"article:published_time":"2017-02-28T18:25:33+00:00","article:modified_time":"2017-02-28T18:26:47+00:00","article:publisher":"https:\/\/facebook.com\/eldigitaldeasturias","twitter:card":"summary_large_image","twitter:title":"La OSPA regresa a Musika M\u00fasica con tres programas y obras de Mahler y Dvorak - El Digital de Asturias","twitter:description":"La Orquesta Sinf\u00f3nica del Principado de Asturias regresa esta semana al certamen Musika M\u00fasica de Bilbao, dedicado este a\u00f1o a los compositores Gustav Mahler, Antonin Dvor\u00e1k, Bedrich Smetana y Leos Jan\u00e1cek, en representaci\u00f3n de Bohemia, una de las regiones hist\u00f3ricas de la Rep\u00fablica Checa. El maestro Perry So dirige a la OSPA en tres programas","twitter:image":"https:\/\/www.eldigitaldeasturias.com\/noticias\/wp-content\/uploads\/2017\/02\/MM2017-2.jpg","twitter:label1":"Escrito por","twitter:data1":"El Digital de Asturias","twitter:label2":"Tiempo de lectura estimado","twitter:data2":"2 minutos"},"aioseo_meta_data":{"post_id":"927802","title":null,"description":null,"keywords":null,"keyphrases":null,"primary_term":null,"canonical_url":null,"og_title":null,"og_description":null,"og_object_type":"default","og_image_type":"default","og_image_url":null,"og_image_width":null,"og_image_height":null,"og_image_custom_url":null,"og_image_custom_fields":null,"og_video":null,"og_custom_url":null,"og_article_section":null,"og_article_tags":null,"twitter_use_og":false,"twitter_card":"default","twitter_image_type":"default","twitter_image_url":null,"twitter_image_custom_url":null,"twitter_image_custom_fields":null,"twitter_title":null,"twitter_description":null,"schema":{"blockGraphs":[],"customGraphs":[],"default":{"data":{"Article":[],"Course":[],"Dataset":[],"FAQPage":[],"Movie":[],"Person":[],"Product":[],"ProductReview":[],"Car":[],"Recipe":[],"Service":[],"SoftwareApplication":[],"WebPage":[]},"graphName":"","isEnabled":true},"graphs":[],"defaultGraph":"","defaultPostTypeGraph":""},"schema_type":null,"schema_type_options":null,"pillar_content":false,"robots_default":true,"robots_noindex":false,"robots_noarchive":false,"robots_nosnippet":false,"robots_nofollow":false,"robots_noimageindex":false,"robots_noodp":false,"robots_notranslate":false,"robots_max_snippet":null,"robots_max_videopreview":null,"robots_max_imagepreview":"large","priority":null,"frequency":null,"local_seo":null,"seo_analyzer_scan_date":"2025-12-03 11:28:08","breadcrumb_settings":null,"limit_modified_date":false,"open_ai":null,"ai":null,"created":"2020-12-21 13:37:09","updated":"2025-12-03 11:28:08"},"aioseo_breadcrumb":"<div class=\"aioseo-breadcrumbs\"><span class=\"aioseo-breadcrumb\">\n\t<a href=\"https:\/\/www.eldigitaldeasturias.com\/noticias\" title=\"Home\">Home<\/a>\n<\/span><span class=\"aioseo-breadcrumb-separator\">\u2013<\/span><span class=\"aioseo-breadcrumb\">\n\t<a href=\"https:\/\/www.eldigitaldeasturias.com\/noticias\/category\/revista-de-ocio\/\" title=\"Revista de Ocio\">Revista de Ocio<\/a>\n<\/span><span class=\"aioseo-breadcrumb-separator\">\u2013<\/span><span class=\"aioseo-breadcrumb\">\n\t<a href=\"https:\/\/www.eldigitaldeasturias.com\/noticias\/la-ospa-regresa-a-musika-musica-con-tres-programas-y-obras-de-mahler-y-dvorak\/\" title=\"La OSPA regresa a Musika M\u00fasica con tres programas y obras de Mahler y Dvorak\">La OSPA regresa a Musika M\u00fasica con tres programas y obras de Mahler y Dvorak<\/a>\n<\/span><\/div>","aioseo_breadcrumb_json":[{"label":"Home","link":"https:\/\/www.eldigitaldeasturias.com\/noticias"},{"label":"Revista de Ocio","link":"https:\/\/www.eldigitaldeasturias.com\/noticias\/category\/revista-de-ocio\/"},{"label":"La OSPA regresa a Musika M\u00fasica con tres programas y obras de Mahler y Dvorak","link":"https:\/\/www.eldigitaldeasturias.com\/noticias\/la-ospa-regresa-a-musika-musica-con-tres-programas-y-obras-de-mahler-y-dvorak\/"}],"_links":{"self":[{"href":"https:\/\/www.eldigitaldeasturias.com\/noticias\/wp-json\/wp\/v2\/posts\/927802","targetHints":{"allow":["GET"]}}],"collection":[{"href":"https:\/\/www.eldigitaldeasturias.com\/noticias\/wp-json\/wp\/v2\/posts"}],"about":[{"href":"https:\/\/www.eldigitaldeasturias.com\/noticias\/wp-json\/wp\/v2\/types\/post"}],"author":[{"embeddable":true,"href":"https:\/\/www.eldigitaldeasturias.com\/noticias\/wp-json\/wp\/v2\/users\/1"}],"replies":[{"embeddable":true,"href":"https:\/\/www.eldigitaldeasturias.com\/noticias\/wp-json\/wp\/v2\/comments?post=927802"}],"version-history":[{"count":0,"href":"https:\/\/www.eldigitaldeasturias.com\/noticias\/wp-json\/wp\/v2\/posts\/927802\/revisions"}],"wp:featuredmedia":[{"embeddable":true,"href":"https:\/\/www.eldigitaldeasturias.com\/noticias\/wp-json\/wp\/v2\/media\/927803"}],"wp:attachment":[{"href":"https:\/\/www.eldigitaldeasturias.com\/noticias\/wp-json\/wp\/v2\/media?parent=927802"}],"wp:term":[{"taxonomy":"category","embeddable":true,"href":"https:\/\/www.eldigitaldeasturias.com\/noticias\/wp-json\/wp\/v2\/categories?post=927802"},{"taxonomy":"post_tag","embeddable":true,"href":"https:\/\/www.eldigitaldeasturias.com\/noticias\/wp-json\/wp\/v2\/tags?post=927802"}],"curies":[{"name":"wp","href":"https:\/\/api.w.org\/{rel}","templated":true}]}}