{"id":927754,"date":"2017-02-28T10:21:23","date_gmt":"2017-02-28T10:21:23","guid":{"rendered":"http:\/\/www.eldigitaldeasturias.com\/noticias\/?p=927754"},"modified":"2017-02-28T10:21:23","modified_gmt":"2017-02-28T10:21:23","slug":"asturias-en-alerta-por-olas-de-8-a-9-metros","status":"publish","type":"post","link":"https:\/\/www.eldigitaldeasturias.com\/noticias\/asturias-en-alerta-por-olas-de-8-a-9-metros\/","title":{"rendered":"Asturias en alerta por olas de 8 a 9 metros"},"content":{"rendered":"<p><img loading=\"lazy\" decoding=\"async\" class=\"alignleft size-medium wp-image-766287\" src=\"https:\/\/www.eldigitaldeasturias.com\/noticias\/wp-content\/uploads\/2015\/01\/10169935w-360x216.jpg\" alt=\"\" width=\"360\" height=\"216\" srcset=\"https:\/\/www.eldigitaldeasturias.com\/noticias\/wp-content\/uploads\/2015\/01\/10169935w-360x216.jpg 360w, https:\/\/www.eldigitaldeasturias.com\/noticias\/wp-content\/uploads\/2015\/01\/10169935w-480x289.jpg 480w, https:\/\/www.eldigitaldeasturias.com\/noticias\/wp-content\/uploads\/2015\/01\/10169935w-768x462.jpg 768w, https:\/\/www.eldigitaldeasturias.com\/noticias\/wp-content\/uploads\/2015\/01\/10169935w-690x415.jpg 690w, https:\/\/www.eldigitaldeasturias.com\/noticias\/wp-content\/uploads\/2015\/01\/10169935w-20x12.jpg 20w, https:\/\/www.eldigitaldeasturias.com\/noticias\/wp-content\/uploads\/2015\/01\/10169935w.jpg 800w\" sizes=\"auto, (max-width: 360px) 100vw, 360px\" \/>La Agencia Estatal de Meteorolog\u00eda (AEMET) ha emitido un aviso para Asturias, por fen\u00f3menos meteorol\u00f3gicos adversos por costeros para hoy en nuestra comunidad aut\u00f3noma.<\/p>\n<p>Seg\u00fan AEMET hasta las 14.00 horas de hoy, martes 28 de febrero, se prev\u00e9 mar combinada del noroeste de 8 a 9 metros, disminuyendo a 6 a 8 metros. Adem\u00e1s al principio, viento del Oeste ocasionalmente fuerza 8 en torno a cabo Pe\u00f1as y mar adentro el litoral oriental. La previsi\u00f3n apunta que a partir de las 13.00 horas vaya disminuyendo hasta los 5 metros al final del d\u00eda.<\/p>\n<p>Ante esta situaci\u00f3n desde el Servicio de Emergencias del Principado de Asturias (SEPA) se reitera a la poblaci\u00f3n que extremen las precauciones. Hay que procurar alejarse de los muelles, espigones, playas y de otros lugares pr\u00f3ximos a la l\u00ednea de costa, que puedan ser afectados por las elevadas mareas y oleajes que suelen generarse ante la intensidad de vientos fuertes. No se arriesgue a sacar fotograf\u00edas o v\u00eddeos cerca de donde rompen las olas.<\/p>\n<p><strong>RECOMENDACIONES DE AUTOPROTECCI\u00d3N<\/strong><\/p>\n<ul>\n<li>Hay que procurar alejarse de la playa y de otros lugares bajos que puedan ser afectados por las elevadas mareas y oleajes que suelen generarse ante la intensidad de vientos fuertes.<\/li>\n<li>En estas situaciones, el mar adquiere condiciones extraordinarias y puede arrastrarle si se encuentra en la proximidad del mar.<\/li>\n<li>Al\u00e9jese de zonas pr\u00f3ximas a la costa, una fuerte ola podr\u00eda ocasionar un accidente.<\/li>\n<li>Evite la utilizaci\u00f3n de embarcaciones y revise sus amarras. No practique deportes acu\u00e1ticos siempre que se pueda evitar.<\/li>\n<li>No se sit\u00fae en el extremo de muelles o espigones, ni se arriesgue a sacar fotograf\u00edas o v\u00eddeos cerca de donde rompen las olas.<\/li>\n<li>Si ve a otras personas en sitios peligrosos advi\u00e9rtales del peligro.<\/li>\n<\/ul>\n","protected":false},"excerpt":{"rendered":"<p>La Agencia Estatal de Meteorolog\u00eda (AEMET) ha emitido un aviso para Asturias, por fen\u00f3menos meteorol\u00f3gicos adversos por costeros para hoy en nuestra comunidad aut\u00f3noma. Seg\u00fan AEMET hasta las 14.00 horas de hoy, martes 28 de febrero, se prev\u00e9 mar combinada del noroeste de 8 a 9 metros, disminuyendo a 6 a 8 metros. Adem\u00e1s al [&hellip;]<\/p>\n","protected":false},"author":1,"featured_media":766287,"comment_status":"closed","ping_status":"closed","sticky":false,"template":"","format":"standard","meta":{"footnotes":""},"categories":[141],"tags":[],"class_list":["post-927754","post","type-post","status-publish","format-standard","has-post-thumbnail","hentry","category-destacadas"],"aioseo_notices":[],"aioseo_head":"\n\t\t<!-- All in One SEO Pro 4.9.6.2 - aioseo.com -->\n\t<meta name=\"description\" content=\"La Agencia Estatal de Meteorolog\u00eda (AEMET) ha emitido un aviso para Asturias, por fen\u00f3menos meteorol\u00f3gicos adversos por costeros para hoy en nuestra comunidad aut\u00f3noma. Seg\u00fan AEMET hasta las 14.00 horas de hoy, martes 28 de febrero, se prev\u00e9 mar combinada del noroeste de 8 a 9 metros, disminuyendo a 6 a 8 metros. Adem\u00e1s al\" \/>\n\t<meta name=\"robots\" content=\"max-image-preview:large\" \/>\n\t<meta name=\"author\" content=\"El Digital de Asturias\"\/>\n\t<meta name=\"google-site-verification\" content=\"UA-38556648-1\" \/>\n\t<meta name=\"msvalidate.01\" content=\"7dfe9f3f1b24437ab69f4f2559babe99\" \/>\n\t<meta name=\"keywords\" content=\"destacadas\" \/>\n\t<link rel=\"canonical\" href=\"https:\/\/www.eldigitaldeasturias.com\/noticias\/asturias-en-alerta-por-olas-de-8-a-9-metros\/\" \/>\n\t<meta name=\"generator\" content=\"All in One SEO Pro (AIOSEO) 4.9.6.2\" \/>\n\t\t<meta property=\"og:locale\" content=\"es_ES\" \/>\n\t\t<meta property=\"og:site_name\" content=\"El Digital de Asturias\" \/>\n\t\t<meta property=\"og:type\" content=\"article\" \/>\n\t\t<meta property=\"og:title\" content=\"Asturias en alerta por olas de 8 a 9 metros - El Digital de Asturias\" \/>\n\t\t<meta property=\"og:description\" content=\"La Agencia Estatal de Meteorolog\u00eda (AEMET) ha emitido un aviso para Asturias, por fen\u00f3menos meteorol\u00f3gicos adversos por costeros para hoy en nuestra comunidad aut\u00f3noma. Seg\u00fan AEMET hasta las 14.00 horas de hoy, martes 28 de febrero, se prev\u00e9 mar combinada del noroeste de 8 a 9 metros, disminuyendo a 6 a 8 metros. Adem\u00e1s al\" \/>\n\t\t<meta property=\"og:url\" content=\"https:\/\/www.eldigitaldeasturias.com\/noticias\/asturias-en-alerta-por-olas-de-8-a-9-metros\/\" \/>\n\t\t<meta property=\"og:image\" content=\"https:\/\/www.eldigitaldeasturias.com\/noticias\/wp-content\/uploads\/2015\/01\/10169935w.jpg\" \/>\n\t\t<meta property=\"og:image:secure_url\" content=\"https:\/\/www.eldigitaldeasturias.com\/noticias\/wp-content\/uploads\/2015\/01\/10169935w.jpg\" \/>\n\t\t<meta property=\"og:image:width\" content=\"800\" \/>\n\t\t<meta property=\"og:image:height\" content=\"481\" \/>\n\t\t<meta property=\"article:tag\" content=\"destacadas\" \/>\n\t\t<meta property=\"article:published_time\" content=\"2017-02-28T10:21:23+00:00\" \/>\n\t\t<meta property=\"article:modified_time\" content=\"2017-02-28T10:21:23+00:00\" \/>\n\t\t<meta property=\"article:publisher\" content=\"https:\/\/facebook.com\/eldigitaldeasturias\" \/>\n\t\t<meta name=\"twitter:card\" content=\"summary_large_image\" \/>\n\t\t<meta name=\"twitter:title\" content=\"Asturias en alerta por olas de 8 a 9 metros - El Digital de Asturias\" \/>\n\t\t<meta name=\"twitter:description\" content=\"La Agencia Estatal de Meteorolog\u00eda (AEMET) ha emitido un aviso para Asturias, por fen\u00f3menos meteorol\u00f3gicos adversos por costeros para hoy en nuestra comunidad aut\u00f3noma. Seg\u00fan AEMET hasta las 14.00 horas de hoy, martes 28 de febrero, se prev\u00e9 mar combinada del noroeste de 8 a 9 metros, disminuyendo a 6 a 8 metros. Adem\u00e1s al\" \/>\n\t\t<meta name=\"twitter:image\" content=\"https:\/\/www.eldigitaldeasturias.com\/noticias\/wp-content\/uploads\/2015\/01\/10169935w.jpg\" \/>\n\t\t<meta name=\"twitter:label1\" content=\"Escrito por\" \/>\n\t\t<meta name=\"twitter:data1\" content=\"El Digital de Asturias\" \/>\n\t\t<meta name=\"twitter:label2\" content=\"Tiempo de lectura estimado\" \/>\n\t\t<meta name=\"twitter:data2\" content=\"2 minutos\" \/>\n\t\t<script type=\"application\/ld+json\" class=\"aioseo-schema\">\n\t\t\t{\"@context\":\"https:\\\/\\\/schema.org\",\"@graph\":[{\"@type\":\"BlogPosting\",\"@id\":\"https:\\\/\\\/www.eldigitaldeasturias.com\\\/noticias\\\/asturias-en-alerta-por-olas-de-8-a-9-metros\\\/#blogposting\",\"name\":\"Asturias en alerta por olas de 8 a 9 metros - El Digital de Asturias\",\"headline\":\"Asturias en alerta por olas de 8 a 9 metros\",\"author\":{\"@id\":\"https:\\\/\\\/www.eldigitaldeasturias.com\\\/noticias\\\/author\\\/admin\\\/#author\"},\"publisher\":{\"@id\":\"https:\\\/\\\/www.eldigitaldeasturias.com\\\/noticias\\\/#organization\"},\"image\":{\"@type\":\"ImageObject\",\"url\":\"https:\\\/\\\/www.eldigitaldeasturias.com\\\/noticias\\\/wp-content\\\/uploads\\\/2015\\\/01\\\/10169935w.jpg\",\"width\":800,\"height\":481},\"datePublished\":\"2017-02-28T10:21:23+01:00\",\"dateModified\":\"2017-02-28T10:21:23+01:00\",\"inLanguage\":\"es-ES\",\"mainEntityOfPage\":{\"@id\":\"https:\\\/\\\/www.eldigitaldeasturias.com\\\/noticias\\\/asturias-en-alerta-por-olas-de-8-a-9-metros\\\/#webpage\"},\"isPartOf\":{\"@id\":\"https:\\\/\\\/www.eldigitaldeasturias.com\\\/noticias\\\/asturias-en-alerta-por-olas-de-8-a-9-metros\\\/#webpage\"},\"articleSection\":\"Destacadas\"},{\"@type\":\"BreadcrumbList\",\"@id\":\"https:\\\/\\\/www.eldigitaldeasturias.com\\\/noticias\\\/asturias-en-alerta-por-olas-de-8-a-9-metros\\\/#breadcrumblist\",\"itemListElement\":[{\"@type\":\"ListItem\",\"@id\":\"https:\\\/\\\/www.eldigitaldeasturias.com\\\/noticias#listItem\",\"position\":1,\"name\":\"Home\",\"item\":\"https:\\\/\\\/www.eldigitaldeasturias.com\\\/noticias\",\"nextItem\":{\"@type\":\"ListItem\",\"@id\":\"https:\\\/\\\/www.eldigitaldeasturias.com\\\/noticias\\\/category\\\/destacadas\\\/#listItem\",\"name\":\"Destacadas\"}},{\"@type\":\"ListItem\",\"@id\":\"https:\\\/\\\/www.eldigitaldeasturias.com\\\/noticias\\\/category\\\/destacadas\\\/#listItem\",\"position\":2,\"name\":\"Destacadas\",\"item\":\"https:\\\/\\\/www.eldigitaldeasturias.com\\\/noticias\\\/category\\\/destacadas\\\/\",\"nextItem\":{\"@type\":\"ListItem\",\"@id\":\"https:\\\/\\\/www.eldigitaldeasturias.com\\\/noticias\\\/asturias-en-alerta-por-olas-de-8-a-9-metros\\\/#listItem\",\"name\":\"Asturias en alerta por olas de 8 a 9 metros\"},\"previousItem\":{\"@type\":\"ListItem\",\"@id\":\"https:\\\/\\\/www.eldigitaldeasturias.com\\\/noticias#listItem\",\"name\":\"Home\"}},{\"@type\":\"ListItem\",\"@id\":\"https:\\\/\\\/www.eldigitaldeasturias.com\\\/noticias\\\/asturias-en-alerta-por-olas-de-8-a-9-metros\\\/#listItem\",\"position\":3,\"name\":\"Asturias en alerta por olas de 8 a 9 metros\",\"previousItem\":{\"@type\":\"ListItem\",\"@id\":\"https:\\\/\\\/www.eldigitaldeasturias.com\\\/noticias\\\/category\\\/destacadas\\\/#listItem\",\"name\":\"Destacadas\"}}]},{\"@type\":\"Organization\",\"@id\":\"https:\\\/\\\/www.eldigitaldeasturias.com\\\/noticias\\\/#organization\",\"name\":\"El Digital de Asturias\",\"description\":\"Hemeroteca\",\"url\":\"https:\\\/\\\/www.eldigitaldeasturias.com\\\/noticias\\\/\",\"email\":\"info@eldigitaldeasturias.com\",\"telephone\":\"+34652131393\",\"logo\":{\"@type\":\"ImageObject\",\"url\":\"https:\\\/\\\/www.eldigitaldeasturias.com\\\/noticias\\\/wp-content\\\/uploads\\\/2020\\\/12\\\/EDA.jpg\",\"@id\":\"https:\\\/\\\/www.eldigitaldeasturias.com\\\/noticias\\\/asturias-en-alerta-por-olas-de-8-a-9-metros\\\/#organizationLogo\",\"width\":649,\"height\":297},\"image\":{\"@id\":\"https:\\\/\\\/www.eldigitaldeasturias.com\\\/noticias\\\/asturias-en-alerta-por-olas-de-8-a-9-metros\\\/#organizationLogo\"},\"sameAs\":[\"https:\\\/\\\/facebook.com\\\/eldigitaldeasturias\",\"https:\\\/\\\/www.youtube.com\\\/channel\\\/UCZP-2wLEB9Rv6erhFmqVnvg\"],\"address\":{\"@id\":\"https:\\\/\\\/www.eldigitaldeasturias.com\\\/noticias\\\/#postaladdress\",\"@type\":\"PostalAddress\",\"streetAddress\":\"san antonio 4,\",\"postalCode\":\"33430\",\"addressLocality\":\"Cand\\u00e1s\",\"addressRegion\":\"Asturias\",\"addressCountry\":\"ES\"}},{\"@type\":\"Person\",\"@id\":\"https:\\\/\\\/www.eldigitaldeasturias.com\\\/noticias\\\/author\\\/admin\\\/#author\",\"url\":\"https:\\\/\\\/www.eldigitaldeasturias.com\\\/noticias\\\/author\\\/admin\\\/\",\"name\":\"El Digital de Asturias\",\"image\":{\"@type\":\"ImageObject\",\"@id\":\"https:\\\/\\\/www.eldigitaldeasturias.com\\\/noticias\\\/asturias-en-alerta-por-olas-de-8-a-9-metros\\\/#authorImage\",\"url\":\"https:\\\/\\\/www.eldigitaldeasturias.com\\\/noticias\\\/wp-content\\\/litespeed\\\/avatar\\\/18677e78aa0546b92d9dbf31ec7d7668.jpg?ver=1777290358\",\"width\":96,\"height\":96,\"caption\":\"El Digital de Asturias\"}},{\"@type\":\"WebPage\",\"@id\":\"https:\\\/\\\/www.eldigitaldeasturias.com\\\/noticias\\\/asturias-en-alerta-por-olas-de-8-a-9-metros\\\/#webpage\",\"url\":\"https:\\\/\\\/www.eldigitaldeasturias.com\\\/noticias\\\/asturias-en-alerta-por-olas-de-8-a-9-metros\\\/\",\"name\":\"Asturias en alerta por olas de 8 a 9 metros - El Digital de Asturias\",\"description\":\"La Agencia Estatal de Meteorolog\\u00eda (AEMET) ha emitido un aviso para Asturias, por fen\\u00f3menos meteorol\\u00f3gicos adversos por costeros para hoy en nuestra comunidad aut\\u00f3noma. Seg\\u00fan AEMET hasta las 14.00 horas de hoy, martes 28 de febrero, se prev\\u00e9 mar combinada del noroeste de 8 a 9 metros, disminuyendo a 6 a 8 metros. Adem\\u00e1s al\",\"inLanguage\":\"es-ES\",\"isPartOf\":{\"@id\":\"https:\\\/\\\/www.eldigitaldeasturias.com\\\/noticias\\\/#website\"},\"breadcrumb\":{\"@id\":\"https:\\\/\\\/www.eldigitaldeasturias.com\\\/noticias\\\/asturias-en-alerta-por-olas-de-8-a-9-metros\\\/#breadcrumblist\"},\"author\":{\"@id\":\"https:\\\/\\\/www.eldigitaldeasturias.com\\\/noticias\\\/author\\\/admin\\\/#author\"},\"creator\":{\"@id\":\"https:\\\/\\\/www.eldigitaldeasturias.com\\\/noticias\\\/author\\\/admin\\\/#author\"},\"image\":{\"@type\":\"ImageObject\",\"url\":\"https:\\\/\\\/www.eldigitaldeasturias.com\\\/noticias\\\/wp-content\\\/uploads\\\/2015\\\/01\\\/10169935w.jpg\",\"@id\":\"https:\\\/\\\/www.eldigitaldeasturias.com\\\/noticias\\\/asturias-en-alerta-por-olas-de-8-a-9-metros\\\/#mainImage\",\"width\":800,\"height\":481},\"primaryImageOfPage\":{\"@id\":\"https:\\\/\\\/www.eldigitaldeasturias.com\\\/noticias\\\/asturias-en-alerta-por-olas-de-8-a-9-metros\\\/#mainImage\"},\"datePublished\":\"2017-02-28T10:21:23+01:00\",\"dateModified\":\"2017-02-28T10:21:23+01:00\"},{\"@type\":\"WebSite\",\"@id\":\"https:\\\/\\\/www.eldigitaldeasturias.com\\\/noticias\\\/#website\",\"url\":\"https:\\\/\\\/www.eldigitaldeasturias.com\\\/noticias\\\/\",\"name\":\"El Digital de Asturias - Diario de actualidad y noticias\",\"alternateName\":\"El Digital de Asturias - Diario de actualidad y noticias\",\"description\":\"Hemeroteca\",\"inLanguage\":\"es-ES\",\"publisher\":{\"@id\":\"https:\\\/\\\/www.eldigitaldeasturias.com\\\/noticias\\\/#organization\"}}]}\n\t\t<\/script>\n\t\t<!-- All in One SEO Pro -->\r\n\t\t<title>Asturias en alerta por olas de 8 a 9 metros - El Digital de Asturias<\/title>\n\n","aioseo_head_json":{"title":"Asturias en alerta por olas de 8 a 9 metros - El Digital de Asturias","description":"La Agencia Estatal de Meteorolog\u00eda (AEMET) ha emitido un aviso para Asturias, por fen\u00f3menos meteorol\u00f3gicos adversos por costeros para hoy en nuestra comunidad aut\u00f3noma. Seg\u00fan AEMET hasta las 14.00 horas de hoy, martes 28 de febrero, se prev\u00e9 mar combinada del noroeste de 8 a 9 metros, disminuyendo a 6 a 8 metros. Adem\u00e1s al","canonical_url":"https:\/\/www.eldigitaldeasturias.com\/noticias\/asturias-en-alerta-por-olas-de-8-a-9-metros\/","robots":"max-image-preview:large","keywords":"destacadas","webmasterTools":{"google-site-verification":"UA-38556648-1","msvalidate.01":"7dfe9f3f1b24437ab69f4f2559babe99","miscellaneous":""},"schema":{"@context":"https:\/\/schema.org","@graph":[{"@type":"BlogPosting","@id":"https:\/\/www.eldigitaldeasturias.com\/noticias\/asturias-en-alerta-por-olas-de-8-a-9-metros\/#blogposting","name":"Asturias en alerta por olas de 8 a 9 metros - El Digital de Asturias","headline":"Asturias en alerta por olas de 8 a 9 metros","author":{"@id":"https:\/\/www.eldigitaldeasturias.com\/noticias\/author\/admin\/#author"},"publisher":{"@id":"https:\/\/www.eldigitaldeasturias.com\/noticias\/#organization"},"image":{"@type":"ImageObject","url":"https:\/\/www.eldigitaldeasturias.com\/noticias\/wp-content\/uploads\/2015\/01\/10169935w.jpg","width":800,"height":481},"datePublished":"2017-02-28T10:21:23+01:00","dateModified":"2017-02-28T10:21:23+01:00","inLanguage":"es-ES","mainEntityOfPage":{"@id":"https:\/\/www.eldigitaldeasturias.com\/noticias\/asturias-en-alerta-por-olas-de-8-a-9-metros\/#webpage"},"isPartOf":{"@id":"https:\/\/www.eldigitaldeasturias.com\/noticias\/asturias-en-alerta-por-olas-de-8-a-9-metros\/#webpage"},"articleSection":"Destacadas"},{"@type":"BreadcrumbList","@id":"https:\/\/www.eldigitaldeasturias.com\/noticias\/asturias-en-alerta-por-olas-de-8-a-9-metros\/#breadcrumblist","itemListElement":[{"@type":"ListItem","@id":"https:\/\/www.eldigitaldeasturias.com\/noticias#listItem","position":1,"name":"Home","item":"https:\/\/www.eldigitaldeasturias.com\/noticias","nextItem":{"@type":"ListItem","@id":"https:\/\/www.eldigitaldeasturias.com\/noticias\/category\/destacadas\/#listItem","name":"Destacadas"}},{"@type":"ListItem","@id":"https:\/\/www.eldigitaldeasturias.com\/noticias\/category\/destacadas\/#listItem","position":2,"name":"Destacadas","item":"https:\/\/www.eldigitaldeasturias.com\/noticias\/category\/destacadas\/","nextItem":{"@type":"ListItem","@id":"https:\/\/www.eldigitaldeasturias.com\/noticias\/asturias-en-alerta-por-olas-de-8-a-9-metros\/#listItem","name":"Asturias en alerta por olas de 8 a 9 metros"},"previousItem":{"@type":"ListItem","@id":"https:\/\/www.eldigitaldeasturias.com\/noticias#listItem","name":"Home"}},{"@type":"ListItem","@id":"https:\/\/www.eldigitaldeasturias.com\/noticias\/asturias-en-alerta-por-olas-de-8-a-9-metros\/#listItem","position":3,"name":"Asturias en alerta por olas de 8 a 9 metros","previousItem":{"@type":"ListItem","@id":"https:\/\/www.eldigitaldeasturias.com\/noticias\/category\/destacadas\/#listItem","name":"Destacadas"}}]},{"@type":"Organization","@id":"https:\/\/www.eldigitaldeasturias.com\/noticias\/#organization","name":"El Digital de Asturias","description":"Hemeroteca","url":"https:\/\/www.eldigitaldeasturias.com\/noticias\/","email":"info@eldigitaldeasturias.com","telephone":"+34652131393","logo":{"@type":"ImageObject","url":"https:\/\/www.eldigitaldeasturias.com\/noticias\/wp-content\/uploads\/2020\/12\/EDA.jpg","@id":"https:\/\/www.eldigitaldeasturias.com\/noticias\/asturias-en-alerta-por-olas-de-8-a-9-metros\/#organizationLogo","width":649,"height":297},"image":{"@id":"https:\/\/www.eldigitaldeasturias.com\/noticias\/asturias-en-alerta-por-olas-de-8-a-9-metros\/#organizationLogo"},"sameAs":["https:\/\/facebook.com\/eldigitaldeasturias","https:\/\/www.youtube.com\/channel\/UCZP-2wLEB9Rv6erhFmqVnvg"],"address":{"@id":"https:\/\/www.eldigitaldeasturias.com\/noticias\/#postaladdress","@type":"PostalAddress","streetAddress":"san antonio 4,","postalCode":"33430","addressLocality":"Cand\u00e1s","addressRegion":"Asturias","addressCountry":"ES"}},{"@type":"Person","@id":"https:\/\/www.eldigitaldeasturias.com\/noticias\/author\/admin\/#author","url":"https:\/\/www.eldigitaldeasturias.com\/noticias\/author\/admin\/","name":"El Digital de Asturias","image":{"@type":"ImageObject","@id":"https:\/\/www.eldigitaldeasturias.com\/noticias\/asturias-en-alerta-por-olas-de-8-a-9-metros\/#authorImage","url":"https:\/\/www.eldigitaldeasturias.com\/noticias\/wp-content\/litespeed\/avatar\/18677e78aa0546b92d9dbf31ec7d7668.jpg?ver=1777290358","width":96,"height":96,"caption":"El Digital de Asturias"}},{"@type":"WebPage","@id":"https:\/\/www.eldigitaldeasturias.com\/noticias\/asturias-en-alerta-por-olas-de-8-a-9-metros\/#webpage","url":"https:\/\/www.eldigitaldeasturias.com\/noticias\/asturias-en-alerta-por-olas-de-8-a-9-metros\/","name":"Asturias en alerta por olas de 8 a 9 metros - El Digital de Asturias","description":"La Agencia Estatal de Meteorolog\u00eda (AEMET) ha emitido un aviso para Asturias, por fen\u00f3menos meteorol\u00f3gicos adversos por costeros para hoy en nuestra comunidad aut\u00f3noma. Seg\u00fan AEMET hasta las 14.00 horas de hoy, martes 28 de febrero, se prev\u00e9 mar combinada del noroeste de 8 a 9 metros, disminuyendo a 6 a 8 metros. Adem\u00e1s al","inLanguage":"es-ES","isPartOf":{"@id":"https:\/\/www.eldigitaldeasturias.com\/noticias\/#website"},"breadcrumb":{"@id":"https:\/\/www.eldigitaldeasturias.com\/noticias\/asturias-en-alerta-por-olas-de-8-a-9-metros\/#breadcrumblist"},"author":{"@id":"https:\/\/www.eldigitaldeasturias.com\/noticias\/author\/admin\/#author"},"creator":{"@id":"https:\/\/www.eldigitaldeasturias.com\/noticias\/author\/admin\/#author"},"image":{"@type":"ImageObject","url":"https:\/\/www.eldigitaldeasturias.com\/noticias\/wp-content\/uploads\/2015\/01\/10169935w.jpg","@id":"https:\/\/www.eldigitaldeasturias.com\/noticias\/asturias-en-alerta-por-olas-de-8-a-9-metros\/#mainImage","width":800,"height":481},"primaryImageOfPage":{"@id":"https:\/\/www.eldigitaldeasturias.com\/noticias\/asturias-en-alerta-por-olas-de-8-a-9-metros\/#mainImage"},"datePublished":"2017-02-28T10:21:23+01:00","dateModified":"2017-02-28T10:21:23+01:00"},{"@type":"WebSite","@id":"https:\/\/www.eldigitaldeasturias.com\/noticias\/#website","url":"https:\/\/www.eldigitaldeasturias.com\/noticias\/","name":"El Digital de Asturias - Diario de actualidad y noticias","alternateName":"El Digital de Asturias - Diario de actualidad y noticias","description":"Hemeroteca","inLanguage":"es-ES","publisher":{"@id":"https:\/\/www.eldigitaldeasturias.com\/noticias\/#organization"}}]},"og:locale":"es_ES","og:site_name":"El Digital de Asturias","og:type":"article","og:title":"Asturias en alerta por olas de 8 a 9 metros - El Digital de Asturias","og:description":"La Agencia Estatal de Meteorolog\u00eda (AEMET) ha emitido un aviso para Asturias, por fen\u00f3menos meteorol\u00f3gicos adversos por costeros para hoy en nuestra comunidad aut\u00f3noma. Seg\u00fan AEMET hasta las 14.00 horas de hoy, martes 28 de febrero, se prev\u00e9 mar combinada del noroeste de 8 a 9 metros, disminuyendo a 6 a 8 metros. Adem\u00e1s al","og:url":"https:\/\/www.eldigitaldeasturias.com\/noticias\/asturias-en-alerta-por-olas-de-8-a-9-metros\/","og:image":"https:\/\/www.eldigitaldeasturias.com\/noticias\/wp-content\/uploads\/2015\/01\/10169935w.jpg","og:image:secure_url":"https:\/\/www.eldigitaldeasturias.com\/noticias\/wp-content\/uploads\/2015\/01\/10169935w.jpg","og:image:width":800,"og:image:height":481,"article:tag":["destacadas"],"article:published_time":"2017-02-28T10:21:23+00:00","article:modified_time":"2017-02-28T10:21:23+00:00","article:publisher":"https:\/\/facebook.com\/eldigitaldeasturias","twitter:card":"summary_large_image","twitter:title":"Asturias en alerta por olas de 8 a 9 metros - El Digital de Asturias","twitter:description":"La Agencia Estatal de Meteorolog\u00eda (AEMET) ha emitido un aviso para Asturias, por fen\u00f3menos meteorol\u00f3gicos adversos por costeros para hoy en nuestra comunidad aut\u00f3noma. Seg\u00fan AEMET hasta las 14.00 horas de hoy, martes 28 de febrero, se prev\u00e9 mar combinada del noroeste de 8 a 9 metros, disminuyendo a 6 a 8 metros. Adem\u00e1s al","twitter:image":"https:\/\/www.eldigitaldeasturias.com\/noticias\/wp-content\/uploads\/2015\/01\/10169935w.jpg","twitter:label1":"Escrito por","twitter:data1":"El Digital de Asturias","twitter:label2":"Tiempo de lectura estimado","twitter:data2":"2 minutos"},"aioseo_meta_data":{"post_id":"927754","title":null,"description":null,"keywords":null,"keyphrases":null,"primary_term":null,"canonical_url":null,"og_title":null,"og_description":null,"og_object_type":"default","og_image_type":"default","og_image_url":null,"og_image_width":null,"og_image_height":null,"og_image_custom_url":null,"og_image_custom_fields":null,"og_video":null,"og_custom_url":null,"og_article_section":null,"og_article_tags":null,"twitter_use_og":false,"twitter_card":"default","twitter_image_type":"default","twitter_image_url":null,"twitter_image_custom_url":null,"twitter_image_custom_fields":null,"twitter_title":null,"twitter_description":null,"schema":{"blockGraphs":[],"customGraphs":[],"default":{"data":{"Article":[],"Course":[],"Dataset":[],"FAQPage":[],"Movie":[],"Person":[],"Product":[],"ProductReview":[],"Car":[],"Recipe":[],"Service":[],"SoftwareApplication":[],"WebPage":[]},"graphName":"","isEnabled":true},"graphs":[],"defaultGraph":"","defaultPostTypeGraph":""},"schema_type":null,"schema_type_options":null,"pillar_content":false,"robots_default":true,"robots_noindex":false,"robots_noarchive":false,"robots_nosnippet":false,"robots_nofollow":false,"robots_noimageindex":false,"robots_noodp":false,"robots_notranslate":false,"robots_max_snippet":null,"robots_max_videopreview":null,"robots_max_imagepreview":"large","priority":null,"frequency":null,"local_seo":null,"seo_analyzer_scan_date":"2025-12-03 11:16:07","breadcrumb_settings":null,"limit_modified_date":false,"open_ai":null,"ai":null,"created":"2020-12-21 13:37:19","updated":"2025-12-03 11:16:07"},"aioseo_breadcrumb":"<div class=\"aioseo-breadcrumbs\"><span class=\"aioseo-breadcrumb\">\n\t<a href=\"https:\/\/www.eldigitaldeasturias.com\/noticias\" title=\"Home\">Home<\/a>\n<\/span><span class=\"aioseo-breadcrumb-separator\">\u2013<\/span><span class=\"aioseo-breadcrumb\">\n\t<a href=\"https:\/\/www.eldigitaldeasturias.com\/noticias\/category\/destacadas\/\" title=\"Destacadas\">Destacadas<\/a>\n<\/span><span class=\"aioseo-breadcrumb-separator\">\u2013<\/span><span class=\"aioseo-breadcrumb\">\n\t<a href=\"https:\/\/www.eldigitaldeasturias.com\/noticias\/asturias-en-alerta-por-olas-de-8-a-9-metros\/\" title=\"Asturias en alerta por olas de 8 a 9 metros\">Asturias en alerta por olas de 8 a 9 metros<\/a>\n<\/span><\/div>","aioseo_breadcrumb_json":[{"label":"Home","link":"https:\/\/www.eldigitaldeasturias.com\/noticias"},{"label":"Destacadas","link":"https:\/\/www.eldigitaldeasturias.com\/noticias\/category\/destacadas\/"},{"label":"Asturias en alerta por olas de 8 a 9 metros","link":"https:\/\/www.eldigitaldeasturias.com\/noticias\/asturias-en-alerta-por-olas-de-8-a-9-metros\/"}],"_links":{"self":[{"href":"https:\/\/www.eldigitaldeasturias.com\/noticias\/wp-json\/wp\/v2\/posts\/927754","targetHints":{"allow":["GET"]}}],"collection":[{"href":"https:\/\/www.eldigitaldeasturias.com\/noticias\/wp-json\/wp\/v2\/posts"}],"about":[{"href":"https:\/\/www.eldigitaldeasturias.com\/noticias\/wp-json\/wp\/v2\/types\/post"}],"author":[{"embeddable":true,"href":"https:\/\/www.eldigitaldeasturias.com\/noticias\/wp-json\/wp\/v2\/users\/1"}],"replies":[{"embeddable":true,"href":"https:\/\/www.eldigitaldeasturias.com\/noticias\/wp-json\/wp\/v2\/comments?post=927754"}],"version-history":[{"count":0,"href":"https:\/\/www.eldigitaldeasturias.com\/noticias\/wp-json\/wp\/v2\/posts\/927754\/revisions"}],"wp:featuredmedia":[{"embeddable":true,"href":"https:\/\/www.eldigitaldeasturias.com\/noticias\/wp-json\/wp\/v2\/media\/766287"}],"wp:attachment":[{"href":"https:\/\/www.eldigitaldeasturias.com\/noticias\/wp-json\/wp\/v2\/media?parent=927754"}],"wp:term":[{"taxonomy":"category","embeddable":true,"href":"https:\/\/www.eldigitaldeasturias.com\/noticias\/wp-json\/wp\/v2\/categories?post=927754"},{"taxonomy":"post_tag","embeddable":true,"href":"https:\/\/www.eldigitaldeasturias.com\/noticias\/wp-json\/wp\/v2\/tags?post=927754"}],"curies":[{"name":"wp","href":"https:\/\/api.w.org\/{rel}","templated":true}]}}