{"id":927632,"date":"2017-02-27T12:40:59","date_gmt":"2017-02-27T12:40:59","guid":{"rendered":"http:\/\/www.eldigitaldeasturias.com\/noticias\/?p=927632"},"modified":"2017-02-27T12:40:59","modified_gmt":"2017-02-27T12:40:59","slug":"varela-anuncia-que-el-principado-comenzara-a-revisar-las-liquidaciones-del-era","status":"publish","type":"post","link":"https:\/\/www.eldigitaldeasturias.com\/noticias\/varela-anuncia-que-el-principado-comenzara-a-revisar-las-liquidaciones-del-era\/","title":{"rendered":"Varela anuncia que el Principado comenzar\u00e1 a revisar las liquidaciones del ERA"},"content":{"rendered":"<p><img loading=\"lazy\" decoding=\"async\" class=\"alignleft size-medium wp-image-927633\" src=\"https:\/\/www.eldigitaldeasturias.com\/noticias\/wp-content\/uploads\/2017\/02\/Consejera-JGPA-360x234.jpg\" alt=\"\" width=\"360\" height=\"234\" srcset=\"https:\/\/www.eldigitaldeasturias.com\/noticias\/wp-content\/uploads\/2017\/02\/Consejera-JGPA-360x234.jpg 360w, https:\/\/www.eldigitaldeasturias.com\/noticias\/wp-content\/uploads\/2017\/02\/Consejera-JGPA-768x499.jpg 768w, https:\/\/www.eldigitaldeasturias.com\/noticias\/wp-content\/uploads\/2017\/02\/Consejera-JGPA-650x423.jpg 650w, https:\/\/www.eldigitaldeasturias.com\/noticias\/wp-content\/uploads\/2017\/02\/Consejera-JGPA-84x55.jpg 84w, https:\/\/www.eldigitaldeasturias.com\/noticias\/wp-content\/uploads\/2017\/02\/Consejera-JGPA-49x32.jpg 49w, https:\/\/www.eldigitaldeasturias.com\/noticias\/wp-content\/uploads\/2017\/02\/Consejera-JGPA-460x300.jpg 460w, https:\/\/www.eldigitaldeasturias.com\/noticias\/wp-content\/uploads\/2017\/02\/Consejera-JGPA.jpg 1280w\" sizes=\"auto, (max-width: 360px) 100vw, 360px\" \/>La Consejer\u00eda de Servicios y Derechos Sociales ya ha iniciado la tramitaci\u00f3n administrativa del decreto que permitir\u00e1 aplicar el copago a todos los residentes del organismo aut\u00f3nomo Establecimientos Residenciales para Ancianos de Asturias (ERA) declarados dependientes antes de 2011. El procedimiento de consulta previa, que ya ha comenzado, estar\u00e1 operativo en el Portal de Transparencia hasta el pr\u00f3ximo 16 de marzo.<\/p>\n<p>El proceso incluir\u00e1 tambi\u00e9n un periodo de informaci\u00f3n p\u00fablica para la recepci\u00f3n de alegaciones y, tras contar con todos los informes t\u00e9cnicos y jur\u00eddicos oportunos, se elevar\u00e1 al Consejo Consultivo para que emita su dictamen.<\/p>\n<p>La consejera de Servicios y Derechos Sociales, Pilar Varela, ha comparecido hoy a petici\u00f3n propia en la Junta General para informar sobre el nuevo texto legal, que permitir\u00e1 resolver las desigualdades generadas en las liquidaciones de servicios de determinados residentes del ERA que no se beneficiaron del copago previsto en la ley de la dependencia.<\/p>\n<p>Esta situaci\u00f3n se pudo producir por dos causas. Una, porque el decreto auton\u00f3mico 144\/2010, que regula los precios p\u00fablicos de servicios especializados de la dependencia y entr\u00f3 en vigor el 1 de enero de 2011, no fue aplicable a las personas declaradas dependientes desde la entrada en vigor de la ley el 1 de enero de 2007, al no tener el decreto car\u00e1cter retroactivo. La otra, porque la Administraci\u00f3n o los propios usuarios optaron por seguir pagando conforme al precio p\u00fablico establecido, al considerar que se trataba de la opci\u00f3n m\u00e1s ventajosa.<\/p>\n<p>Varela ha explicado que, de acuerdo con la auditor\u00eda interna que ha llevado a cabo su consejer\u00eda en los \u00faltimos meses, el decreto afectar\u00e1 a 2.338 expedientes de liquidaci\u00f3n de servicios de personas fallecidas, concretamente:<\/p>\n<ul>\n<li>1.287 que murieron entre 2007 y diciembre de 2010 y a las que no se pudo aplicar el copago porque el decreto no ten\u00eda car\u00e1cter retroactivo.<\/li>\n<li>Y 1.051 que fallecieron a partir de 2011 sin haber pasado a la modalidad de participaci\u00f3n en el coste del servicio prevista en la ley de la dependencia.<\/li>\n<\/ul>\n<p>La titular de Servicios Sociales ha se\u00f1alado que con la tramitaci\u00f3n del decreto el Gobierno de Asturias avanza en el cumplimiento de la moci\u00f3n aprobada por el Parlamento \u2013convertida en ley en noviembre de 2016- en la que se instaba al Ejecutivo a revisar liquidaciones del ERA y a impulsar una auditor\u00eda sobre las deudas reclamadas por los usuarios.<\/p>\n<p>Asimismo, ha recordado que el Gobierno del Principado es el primer interesado en dar respuesta a este asunto y en fortalecer el sistema p\u00fablico residencial, que da servicio a m\u00e1s de 5.000 personas, cuenta con cerca de 1.500 trabajadores y garantiza la atenci\u00f3n a todos los mayores, con independencia de sus recursos.<\/p>\n<p>&nbsp;<\/p>\n","protected":false},"excerpt":{"rendered":"<p>La Consejer\u00eda de Servicios y Derechos Sociales ya ha iniciado la tramitaci\u00f3n administrativa del decreto que permitir\u00e1 aplicar el copago a todos los residentes del organismo aut\u00f3nomo Establecimientos Residenciales para Ancianos de Asturias (ERA) declarados dependientes antes de 2011. El procedimiento de consulta previa, que ya ha comenzado, estar\u00e1 operativo en el Portal de Transparencia [&hellip;]<\/p>\n","protected":false},"author":1,"featured_media":927633,"comment_status":"closed","ping_status":"closed","sticky":false,"template":"","format":"standard","meta":{"footnotes":""},"categories":[141],"tags":[],"class_list":["post-927632","post","type-post","status-publish","format-standard","has-post-thumbnail","hentry","category-destacadas"],"aioseo_notices":[],"aioseo_head":"\n\t\t<!-- All in One SEO Pro 4.9.6.2 - aioseo.com -->\n\t<meta name=\"description\" content=\"La Consejer\u00eda de Servicios y Derechos Sociales ya ha iniciado la tramitaci\u00f3n administrativa del decreto que permitir\u00e1 aplicar el copago a todos los residentes del organismo aut\u00f3nomo Establecimientos Residenciales para Ancianos de Asturias (ERA) declarados dependientes antes de 2011. El procedimiento de consulta previa, que ya ha comenzado, estar\u00e1 operativo en el Portal de Transparencia\" \/>\n\t<meta name=\"robots\" content=\"max-image-preview:large\" \/>\n\t<meta name=\"author\" content=\"El Digital de Asturias\"\/>\n\t<meta name=\"google-site-verification\" content=\"UA-38556648-1\" \/>\n\t<meta name=\"msvalidate.01\" content=\"7dfe9f3f1b24437ab69f4f2559babe99\" \/>\n\t<meta name=\"keywords\" content=\"destacadas\" \/>\n\t<link rel=\"canonical\" href=\"https:\/\/www.eldigitaldeasturias.com\/noticias\/varela-anuncia-que-el-principado-comenzara-a-revisar-las-liquidaciones-del-era\/\" \/>\n\t<meta name=\"generator\" content=\"All in One SEO Pro (AIOSEO) 4.9.6.2\" \/>\n\t\t<meta property=\"og:locale\" content=\"es_ES\" \/>\n\t\t<meta property=\"og:site_name\" content=\"El Digital de Asturias\" \/>\n\t\t<meta property=\"og:type\" content=\"article\" \/>\n\t\t<meta property=\"og:title\" content=\"Varela anuncia que el Principado comenzar\u00e1 a revisar las liquidaciones del ERA - El Digital de Asturias\" \/>\n\t\t<meta property=\"og:description\" content=\"La Consejer\u00eda de Servicios y Derechos Sociales ya ha iniciado la tramitaci\u00f3n administrativa del decreto que permitir\u00e1 aplicar el copago a todos los residentes del organismo aut\u00f3nomo Establecimientos Residenciales para Ancianos de Asturias (ERA) declarados dependientes antes de 2011. El procedimiento de consulta previa, que ya ha comenzado, estar\u00e1 operativo en el Portal de Transparencia\" \/>\n\t\t<meta property=\"og:url\" content=\"https:\/\/www.eldigitaldeasturias.com\/noticias\/varela-anuncia-que-el-principado-comenzara-a-revisar-las-liquidaciones-del-era\/\" \/>\n\t\t<meta property=\"og:image\" content=\"https:\/\/www.eldigitaldeasturias.com\/noticias\/wp-content\/uploads\/2017\/02\/Consejera-JGPA.jpg\" \/>\n\t\t<meta property=\"og:image:secure_url\" content=\"https:\/\/www.eldigitaldeasturias.com\/noticias\/wp-content\/uploads\/2017\/02\/Consejera-JGPA.jpg\" \/>\n\t\t<meta property=\"og:image:width\" content=\"1280\" \/>\n\t\t<meta property=\"og:image:height\" content=\"832\" \/>\n\t\t<meta property=\"article:tag\" content=\"destacadas\" \/>\n\t\t<meta property=\"article:published_time\" content=\"2017-02-27T12:40:59+00:00\" \/>\n\t\t<meta property=\"article:modified_time\" content=\"2017-02-27T12:40:59+00:00\" \/>\n\t\t<meta property=\"article:publisher\" content=\"https:\/\/facebook.com\/eldigitaldeasturias\" \/>\n\t\t<meta name=\"twitter:card\" content=\"summary_large_image\" \/>\n\t\t<meta name=\"twitter:title\" content=\"Varela anuncia que el Principado comenzar\u00e1 a revisar las liquidaciones del ERA - El Digital de Asturias\" \/>\n\t\t<meta name=\"twitter:description\" content=\"La Consejer\u00eda de Servicios y Derechos Sociales ya ha iniciado la tramitaci\u00f3n administrativa del decreto que permitir\u00e1 aplicar el copago a todos los residentes del organismo aut\u00f3nomo Establecimientos Residenciales para Ancianos de Asturias (ERA) declarados dependientes antes de 2011. El procedimiento de consulta previa, que ya ha comenzado, estar\u00e1 operativo en el Portal de Transparencia\" \/>\n\t\t<meta name=\"twitter:image\" content=\"https:\/\/www.eldigitaldeasturias.com\/noticias\/wp-content\/uploads\/2017\/02\/Consejera-JGPA.jpg\" \/>\n\t\t<meta name=\"twitter:label1\" content=\"Escrito por\" \/>\n\t\t<meta name=\"twitter:data1\" content=\"El Digital de Asturias\" \/>\n\t\t<meta name=\"twitter:label2\" content=\"Tiempo de lectura estimado\" \/>\n\t\t<meta name=\"twitter:data2\" content=\"2 minutos\" \/>\n\t\t<script type=\"application\/ld+json\" class=\"aioseo-schema\">\n\t\t\t{\"@context\":\"https:\\\/\\\/schema.org\",\"@graph\":[{\"@type\":\"BlogPosting\",\"@id\":\"https:\\\/\\\/www.eldigitaldeasturias.com\\\/noticias\\\/varela-anuncia-que-el-principado-comenzara-a-revisar-las-liquidaciones-del-era\\\/#blogposting\",\"name\":\"Varela anuncia que el Principado comenzar\\u00e1 a revisar las liquidaciones del ERA - El Digital de Asturias\",\"headline\":\"Varela anuncia que el Principado comenzar\\u00e1 a revisar las liquidaciones del ERA\",\"author\":{\"@id\":\"https:\\\/\\\/www.eldigitaldeasturias.com\\\/noticias\\\/author\\\/admin\\\/#author\"},\"publisher\":{\"@id\":\"https:\\\/\\\/www.eldigitaldeasturias.com\\\/noticias\\\/#organization\"},\"image\":{\"@type\":\"ImageObject\",\"url\":\"https:\\\/\\\/www.eldigitaldeasturias.com\\\/noticias\\\/wp-content\\\/uploads\\\/2017\\\/02\\\/Consejera-JGPA.jpg\",\"width\":1280,\"height\":832},\"datePublished\":\"2017-02-27T12:40:59+01:00\",\"dateModified\":\"2017-02-27T12:40:59+01:00\",\"inLanguage\":\"es-ES\",\"mainEntityOfPage\":{\"@id\":\"https:\\\/\\\/www.eldigitaldeasturias.com\\\/noticias\\\/varela-anuncia-que-el-principado-comenzara-a-revisar-las-liquidaciones-del-era\\\/#webpage\"},\"isPartOf\":{\"@id\":\"https:\\\/\\\/www.eldigitaldeasturias.com\\\/noticias\\\/varela-anuncia-que-el-principado-comenzara-a-revisar-las-liquidaciones-del-era\\\/#webpage\"},\"articleSection\":\"Destacadas\"},{\"@type\":\"BreadcrumbList\",\"@id\":\"https:\\\/\\\/www.eldigitaldeasturias.com\\\/noticias\\\/varela-anuncia-que-el-principado-comenzara-a-revisar-las-liquidaciones-del-era\\\/#breadcrumblist\",\"itemListElement\":[{\"@type\":\"ListItem\",\"@id\":\"https:\\\/\\\/www.eldigitaldeasturias.com\\\/noticias#listItem\",\"position\":1,\"name\":\"Home\",\"item\":\"https:\\\/\\\/www.eldigitaldeasturias.com\\\/noticias\",\"nextItem\":{\"@type\":\"ListItem\",\"@id\":\"https:\\\/\\\/www.eldigitaldeasturias.com\\\/noticias\\\/category\\\/destacadas\\\/#listItem\",\"name\":\"Destacadas\"}},{\"@type\":\"ListItem\",\"@id\":\"https:\\\/\\\/www.eldigitaldeasturias.com\\\/noticias\\\/category\\\/destacadas\\\/#listItem\",\"position\":2,\"name\":\"Destacadas\",\"item\":\"https:\\\/\\\/www.eldigitaldeasturias.com\\\/noticias\\\/category\\\/destacadas\\\/\",\"nextItem\":{\"@type\":\"ListItem\",\"@id\":\"https:\\\/\\\/www.eldigitaldeasturias.com\\\/noticias\\\/varela-anuncia-que-el-principado-comenzara-a-revisar-las-liquidaciones-del-era\\\/#listItem\",\"name\":\"Varela anuncia que el Principado comenzar\\u00e1 a revisar las liquidaciones del ERA\"},\"previousItem\":{\"@type\":\"ListItem\",\"@id\":\"https:\\\/\\\/www.eldigitaldeasturias.com\\\/noticias#listItem\",\"name\":\"Home\"}},{\"@type\":\"ListItem\",\"@id\":\"https:\\\/\\\/www.eldigitaldeasturias.com\\\/noticias\\\/varela-anuncia-que-el-principado-comenzara-a-revisar-las-liquidaciones-del-era\\\/#listItem\",\"position\":3,\"name\":\"Varela anuncia que el Principado comenzar\\u00e1 a revisar las liquidaciones del ERA\",\"previousItem\":{\"@type\":\"ListItem\",\"@id\":\"https:\\\/\\\/www.eldigitaldeasturias.com\\\/noticias\\\/category\\\/destacadas\\\/#listItem\",\"name\":\"Destacadas\"}}]},{\"@type\":\"Organization\",\"@id\":\"https:\\\/\\\/www.eldigitaldeasturias.com\\\/noticias\\\/#organization\",\"name\":\"El Digital de Asturias\",\"description\":\"Hemeroteca\",\"url\":\"https:\\\/\\\/www.eldigitaldeasturias.com\\\/noticias\\\/\",\"email\":\"info@eldigitaldeasturias.com\",\"telephone\":\"+34652131393\",\"logo\":{\"@type\":\"ImageObject\",\"url\":\"https:\\\/\\\/www.eldigitaldeasturias.com\\\/noticias\\\/wp-content\\\/uploads\\\/2020\\\/12\\\/EDA.jpg\",\"@id\":\"https:\\\/\\\/www.eldigitaldeasturias.com\\\/noticias\\\/varela-anuncia-que-el-principado-comenzara-a-revisar-las-liquidaciones-del-era\\\/#organizationLogo\",\"width\":649,\"height\":297},\"image\":{\"@id\":\"https:\\\/\\\/www.eldigitaldeasturias.com\\\/noticias\\\/varela-anuncia-que-el-principado-comenzara-a-revisar-las-liquidaciones-del-era\\\/#organizationLogo\"},\"sameAs\":[\"https:\\\/\\\/facebook.com\\\/eldigitaldeasturias\",\"https:\\\/\\\/www.youtube.com\\\/channel\\\/UCZP-2wLEB9Rv6erhFmqVnvg\"],\"address\":{\"@id\":\"https:\\\/\\\/www.eldigitaldeasturias.com\\\/noticias\\\/#postaladdress\",\"@type\":\"PostalAddress\",\"streetAddress\":\"san antonio 4,\",\"postalCode\":\"33430\",\"addressLocality\":\"Cand\\u00e1s\",\"addressRegion\":\"Asturias\",\"addressCountry\":\"ES\"}},{\"@type\":\"Person\",\"@id\":\"https:\\\/\\\/www.eldigitaldeasturias.com\\\/noticias\\\/author\\\/admin\\\/#author\",\"url\":\"https:\\\/\\\/www.eldigitaldeasturias.com\\\/noticias\\\/author\\\/admin\\\/\",\"name\":\"El Digital de Asturias\",\"image\":{\"@type\":\"ImageObject\",\"@id\":\"https:\\\/\\\/www.eldigitaldeasturias.com\\\/noticias\\\/varela-anuncia-que-el-principado-comenzara-a-revisar-las-liquidaciones-del-era\\\/#authorImage\",\"url\":\"https:\\\/\\\/www.eldigitaldeasturias.com\\\/noticias\\\/wp-content\\\/litespeed\\\/avatar\\\/18677e78aa0546b92d9dbf31ec7d7668.jpg?ver=1777290358\",\"width\":96,\"height\":96,\"caption\":\"El Digital de Asturias\"}},{\"@type\":\"WebPage\",\"@id\":\"https:\\\/\\\/www.eldigitaldeasturias.com\\\/noticias\\\/varela-anuncia-que-el-principado-comenzara-a-revisar-las-liquidaciones-del-era\\\/#webpage\",\"url\":\"https:\\\/\\\/www.eldigitaldeasturias.com\\\/noticias\\\/varela-anuncia-que-el-principado-comenzara-a-revisar-las-liquidaciones-del-era\\\/\",\"name\":\"Varela anuncia que el Principado comenzar\\u00e1 a revisar las liquidaciones del ERA - El Digital de Asturias\",\"description\":\"La Consejer\\u00eda de Servicios y Derechos Sociales ya ha iniciado la tramitaci\\u00f3n administrativa del decreto que permitir\\u00e1 aplicar el copago a todos los residentes del organismo aut\\u00f3nomo Establecimientos Residenciales para Ancianos de Asturias (ERA) declarados dependientes antes de 2011. El procedimiento de consulta previa, que ya ha comenzado, estar\\u00e1 operativo en el Portal de Transparencia\",\"inLanguage\":\"es-ES\",\"isPartOf\":{\"@id\":\"https:\\\/\\\/www.eldigitaldeasturias.com\\\/noticias\\\/#website\"},\"breadcrumb\":{\"@id\":\"https:\\\/\\\/www.eldigitaldeasturias.com\\\/noticias\\\/varela-anuncia-que-el-principado-comenzara-a-revisar-las-liquidaciones-del-era\\\/#breadcrumblist\"},\"author\":{\"@id\":\"https:\\\/\\\/www.eldigitaldeasturias.com\\\/noticias\\\/author\\\/admin\\\/#author\"},\"creator\":{\"@id\":\"https:\\\/\\\/www.eldigitaldeasturias.com\\\/noticias\\\/author\\\/admin\\\/#author\"},\"image\":{\"@type\":\"ImageObject\",\"url\":\"https:\\\/\\\/www.eldigitaldeasturias.com\\\/noticias\\\/wp-content\\\/uploads\\\/2017\\\/02\\\/Consejera-JGPA.jpg\",\"@id\":\"https:\\\/\\\/www.eldigitaldeasturias.com\\\/noticias\\\/varela-anuncia-que-el-principado-comenzara-a-revisar-las-liquidaciones-del-era\\\/#mainImage\",\"width\":1280,\"height\":832},\"primaryImageOfPage\":{\"@id\":\"https:\\\/\\\/www.eldigitaldeasturias.com\\\/noticias\\\/varela-anuncia-que-el-principado-comenzara-a-revisar-las-liquidaciones-del-era\\\/#mainImage\"},\"datePublished\":\"2017-02-27T12:40:59+01:00\",\"dateModified\":\"2017-02-27T12:40:59+01:00\"},{\"@type\":\"WebSite\",\"@id\":\"https:\\\/\\\/www.eldigitaldeasturias.com\\\/noticias\\\/#website\",\"url\":\"https:\\\/\\\/www.eldigitaldeasturias.com\\\/noticias\\\/\",\"name\":\"El Digital de Asturias - Diario de actualidad y noticias\",\"alternateName\":\"El Digital de Asturias - Diario de actualidad y noticias\",\"description\":\"Hemeroteca\",\"inLanguage\":\"es-ES\",\"publisher\":{\"@id\":\"https:\\\/\\\/www.eldigitaldeasturias.com\\\/noticias\\\/#organization\"}}]}\n\t\t<\/script>\n\t\t<!-- All in One SEO Pro -->\r\n\t\t<title>Varela anuncia que el Principado comenzar\u00e1 a revisar las liquidaciones del ERA - El Digital de Asturias<\/title>\n\n","aioseo_head_json":{"title":"Varela anuncia que el Principado comenzar\u00e1 a revisar las liquidaciones del ERA - El Digital de Asturias","description":"La Consejer\u00eda de Servicios y Derechos Sociales ya ha iniciado la tramitaci\u00f3n administrativa del decreto que permitir\u00e1 aplicar el copago a todos los residentes del organismo aut\u00f3nomo Establecimientos Residenciales para Ancianos de Asturias (ERA) declarados dependientes antes de 2011. El procedimiento de consulta previa, que ya ha comenzado, estar\u00e1 operativo en el Portal de Transparencia","canonical_url":"https:\/\/www.eldigitaldeasturias.com\/noticias\/varela-anuncia-que-el-principado-comenzara-a-revisar-las-liquidaciones-del-era\/","robots":"max-image-preview:large","keywords":"destacadas","webmasterTools":{"google-site-verification":"UA-38556648-1","msvalidate.01":"7dfe9f3f1b24437ab69f4f2559babe99","miscellaneous":""},"schema":{"@context":"https:\/\/schema.org","@graph":[{"@type":"BlogPosting","@id":"https:\/\/www.eldigitaldeasturias.com\/noticias\/varela-anuncia-que-el-principado-comenzara-a-revisar-las-liquidaciones-del-era\/#blogposting","name":"Varela anuncia que el Principado comenzar\u00e1 a revisar las liquidaciones del ERA - El Digital de Asturias","headline":"Varela anuncia que el Principado comenzar\u00e1 a revisar las liquidaciones del ERA","author":{"@id":"https:\/\/www.eldigitaldeasturias.com\/noticias\/author\/admin\/#author"},"publisher":{"@id":"https:\/\/www.eldigitaldeasturias.com\/noticias\/#organization"},"image":{"@type":"ImageObject","url":"https:\/\/www.eldigitaldeasturias.com\/noticias\/wp-content\/uploads\/2017\/02\/Consejera-JGPA.jpg","width":1280,"height":832},"datePublished":"2017-02-27T12:40:59+01:00","dateModified":"2017-02-27T12:40:59+01:00","inLanguage":"es-ES","mainEntityOfPage":{"@id":"https:\/\/www.eldigitaldeasturias.com\/noticias\/varela-anuncia-que-el-principado-comenzara-a-revisar-las-liquidaciones-del-era\/#webpage"},"isPartOf":{"@id":"https:\/\/www.eldigitaldeasturias.com\/noticias\/varela-anuncia-que-el-principado-comenzara-a-revisar-las-liquidaciones-del-era\/#webpage"},"articleSection":"Destacadas"},{"@type":"BreadcrumbList","@id":"https:\/\/www.eldigitaldeasturias.com\/noticias\/varela-anuncia-que-el-principado-comenzara-a-revisar-las-liquidaciones-del-era\/#breadcrumblist","itemListElement":[{"@type":"ListItem","@id":"https:\/\/www.eldigitaldeasturias.com\/noticias#listItem","position":1,"name":"Home","item":"https:\/\/www.eldigitaldeasturias.com\/noticias","nextItem":{"@type":"ListItem","@id":"https:\/\/www.eldigitaldeasturias.com\/noticias\/category\/destacadas\/#listItem","name":"Destacadas"}},{"@type":"ListItem","@id":"https:\/\/www.eldigitaldeasturias.com\/noticias\/category\/destacadas\/#listItem","position":2,"name":"Destacadas","item":"https:\/\/www.eldigitaldeasturias.com\/noticias\/category\/destacadas\/","nextItem":{"@type":"ListItem","@id":"https:\/\/www.eldigitaldeasturias.com\/noticias\/varela-anuncia-que-el-principado-comenzara-a-revisar-las-liquidaciones-del-era\/#listItem","name":"Varela anuncia que el Principado comenzar\u00e1 a revisar las liquidaciones del ERA"},"previousItem":{"@type":"ListItem","@id":"https:\/\/www.eldigitaldeasturias.com\/noticias#listItem","name":"Home"}},{"@type":"ListItem","@id":"https:\/\/www.eldigitaldeasturias.com\/noticias\/varela-anuncia-que-el-principado-comenzara-a-revisar-las-liquidaciones-del-era\/#listItem","position":3,"name":"Varela anuncia que el Principado comenzar\u00e1 a revisar las liquidaciones del ERA","previousItem":{"@type":"ListItem","@id":"https:\/\/www.eldigitaldeasturias.com\/noticias\/category\/destacadas\/#listItem","name":"Destacadas"}}]},{"@type":"Organization","@id":"https:\/\/www.eldigitaldeasturias.com\/noticias\/#organization","name":"El Digital de Asturias","description":"Hemeroteca","url":"https:\/\/www.eldigitaldeasturias.com\/noticias\/","email":"info@eldigitaldeasturias.com","telephone":"+34652131393","logo":{"@type":"ImageObject","url":"https:\/\/www.eldigitaldeasturias.com\/noticias\/wp-content\/uploads\/2020\/12\/EDA.jpg","@id":"https:\/\/www.eldigitaldeasturias.com\/noticias\/varela-anuncia-que-el-principado-comenzara-a-revisar-las-liquidaciones-del-era\/#organizationLogo","width":649,"height":297},"image":{"@id":"https:\/\/www.eldigitaldeasturias.com\/noticias\/varela-anuncia-que-el-principado-comenzara-a-revisar-las-liquidaciones-del-era\/#organizationLogo"},"sameAs":["https:\/\/facebook.com\/eldigitaldeasturias","https:\/\/www.youtube.com\/channel\/UCZP-2wLEB9Rv6erhFmqVnvg"],"address":{"@id":"https:\/\/www.eldigitaldeasturias.com\/noticias\/#postaladdress","@type":"PostalAddress","streetAddress":"san antonio 4,","postalCode":"33430","addressLocality":"Cand\u00e1s","addressRegion":"Asturias","addressCountry":"ES"}},{"@type":"Person","@id":"https:\/\/www.eldigitaldeasturias.com\/noticias\/author\/admin\/#author","url":"https:\/\/www.eldigitaldeasturias.com\/noticias\/author\/admin\/","name":"El Digital de Asturias","image":{"@type":"ImageObject","@id":"https:\/\/www.eldigitaldeasturias.com\/noticias\/varela-anuncia-que-el-principado-comenzara-a-revisar-las-liquidaciones-del-era\/#authorImage","url":"https:\/\/www.eldigitaldeasturias.com\/noticias\/wp-content\/litespeed\/avatar\/18677e78aa0546b92d9dbf31ec7d7668.jpg?ver=1777290358","width":96,"height":96,"caption":"El Digital de Asturias"}},{"@type":"WebPage","@id":"https:\/\/www.eldigitaldeasturias.com\/noticias\/varela-anuncia-que-el-principado-comenzara-a-revisar-las-liquidaciones-del-era\/#webpage","url":"https:\/\/www.eldigitaldeasturias.com\/noticias\/varela-anuncia-que-el-principado-comenzara-a-revisar-las-liquidaciones-del-era\/","name":"Varela anuncia que el Principado comenzar\u00e1 a revisar las liquidaciones del ERA - El Digital de Asturias","description":"La Consejer\u00eda de Servicios y Derechos Sociales ya ha iniciado la tramitaci\u00f3n administrativa del decreto que permitir\u00e1 aplicar el copago a todos los residentes del organismo aut\u00f3nomo Establecimientos Residenciales para Ancianos de Asturias (ERA) declarados dependientes antes de 2011. El procedimiento de consulta previa, que ya ha comenzado, estar\u00e1 operativo en el Portal de Transparencia","inLanguage":"es-ES","isPartOf":{"@id":"https:\/\/www.eldigitaldeasturias.com\/noticias\/#website"},"breadcrumb":{"@id":"https:\/\/www.eldigitaldeasturias.com\/noticias\/varela-anuncia-que-el-principado-comenzara-a-revisar-las-liquidaciones-del-era\/#breadcrumblist"},"author":{"@id":"https:\/\/www.eldigitaldeasturias.com\/noticias\/author\/admin\/#author"},"creator":{"@id":"https:\/\/www.eldigitaldeasturias.com\/noticias\/author\/admin\/#author"},"image":{"@type":"ImageObject","url":"https:\/\/www.eldigitaldeasturias.com\/noticias\/wp-content\/uploads\/2017\/02\/Consejera-JGPA.jpg","@id":"https:\/\/www.eldigitaldeasturias.com\/noticias\/varela-anuncia-que-el-principado-comenzara-a-revisar-las-liquidaciones-del-era\/#mainImage","width":1280,"height":832},"primaryImageOfPage":{"@id":"https:\/\/www.eldigitaldeasturias.com\/noticias\/varela-anuncia-que-el-principado-comenzara-a-revisar-las-liquidaciones-del-era\/#mainImage"},"datePublished":"2017-02-27T12:40:59+01:00","dateModified":"2017-02-27T12:40:59+01:00"},{"@type":"WebSite","@id":"https:\/\/www.eldigitaldeasturias.com\/noticias\/#website","url":"https:\/\/www.eldigitaldeasturias.com\/noticias\/","name":"El Digital de Asturias - Diario de actualidad y noticias","alternateName":"El Digital de Asturias - Diario de actualidad y noticias","description":"Hemeroteca","inLanguage":"es-ES","publisher":{"@id":"https:\/\/www.eldigitaldeasturias.com\/noticias\/#organization"}}]},"og:locale":"es_ES","og:site_name":"El Digital de Asturias","og:type":"article","og:title":"Varela anuncia que el Principado comenzar\u00e1 a revisar las liquidaciones del ERA - El Digital de Asturias","og:description":"La Consejer\u00eda de Servicios y Derechos Sociales ya ha iniciado la tramitaci\u00f3n administrativa del decreto que permitir\u00e1 aplicar el copago a todos los residentes del organismo aut\u00f3nomo Establecimientos Residenciales para Ancianos de Asturias (ERA) declarados dependientes antes de 2011. El procedimiento de consulta previa, que ya ha comenzado, estar\u00e1 operativo en el Portal de Transparencia","og:url":"https:\/\/www.eldigitaldeasturias.com\/noticias\/varela-anuncia-que-el-principado-comenzara-a-revisar-las-liquidaciones-del-era\/","og:image":"https:\/\/www.eldigitaldeasturias.com\/noticias\/wp-content\/uploads\/2017\/02\/Consejera-JGPA.jpg","og:image:secure_url":"https:\/\/www.eldigitaldeasturias.com\/noticias\/wp-content\/uploads\/2017\/02\/Consejera-JGPA.jpg","og:image:width":1280,"og:image:height":832,"article:tag":["destacadas"],"article:published_time":"2017-02-27T12:40:59+00:00","article:modified_time":"2017-02-27T12:40:59+00:00","article:publisher":"https:\/\/facebook.com\/eldigitaldeasturias","twitter:card":"summary_large_image","twitter:title":"Varela anuncia que el Principado comenzar\u00e1 a revisar las liquidaciones del ERA - El Digital de Asturias","twitter:description":"La Consejer\u00eda de Servicios y Derechos Sociales ya ha iniciado la tramitaci\u00f3n administrativa del decreto que permitir\u00e1 aplicar el copago a todos los residentes del organismo aut\u00f3nomo Establecimientos Residenciales para Ancianos de Asturias (ERA) declarados dependientes antes de 2011. El procedimiento de consulta previa, que ya ha comenzado, estar\u00e1 operativo en el Portal de Transparencia","twitter:image":"https:\/\/www.eldigitaldeasturias.com\/noticias\/wp-content\/uploads\/2017\/02\/Consejera-JGPA.jpg","twitter:label1":"Escrito por","twitter:data1":"El Digital de Asturias","twitter:label2":"Tiempo de lectura estimado","twitter:data2":"2 minutos"},"aioseo_meta_data":{"post_id":"927632","title":null,"description":null,"keywords":null,"keyphrases":null,"primary_term":null,"canonical_url":null,"og_title":null,"og_description":null,"og_object_type":"default","og_image_type":"default","og_image_url":null,"og_image_width":null,"og_image_height":null,"og_image_custom_url":null,"og_image_custom_fields":null,"og_video":null,"og_custom_url":null,"og_article_section":null,"og_article_tags":null,"twitter_use_og":false,"twitter_card":"default","twitter_image_type":"default","twitter_image_url":null,"twitter_image_custom_url":null,"twitter_image_custom_fields":null,"twitter_title":null,"twitter_description":null,"schema":{"blockGraphs":[],"customGraphs":[],"default":{"data":{"Article":[],"Course":[],"Dataset":[],"FAQPage":[],"Movie":[],"Person":[],"Product":[],"ProductReview":[],"Car":[],"Recipe":[],"Service":[],"SoftwareApplication":[],"WebPage":[]},"graphName":"","isEnabled":true},"graphs":[],"defaultGraph":"","defaultPostTypeGraph":""},"schema_type":null,"schema_type_options":null,"pillar_content":false,"robots_default":true,"robots_noindex":false,"robots_noarchive":false,"robots_nosnippet":false,"robots_nofollow":false,"robots_noimageindex":false,"robots_noodp":false,"robots_notranslate":false,"robots_max_snippet":null,"robots_max_videopreview":null,"robots_max_imagepreview":"large","priority":null,"frequency":null,"local_seo":null,"seo_analyzer_scan_date":"2025-12-03 10:53:11","breadcrumb_settings":null,"limit_modified_date":false,"open_ai":null,"ai":null,"created":"2020-12-21 13:37:19","updated":"2025-12-03 10:53:11"},"aioseo_breadcrumb":"<div class=\"aioseo-breadcrumbs\"><span class=\"aioseo-breadcrumb\">\n\t<a href=\"https:\/\/www.eldigitaldeasturias.com\/noticias\" title=\"Home\">Home<\/a>\n<\/span><span class=\"aioseo-breadcrumb-separator\">\u2013<\/span><span class=\"aioseo-breadcrumb\">\n\t<a href=\"https:\/\/www.eldigitaldeasturias.com\/noticias\/category\/destacadas\/\" title=\"Destacadas\">Destacadas<\/a>\n<\/span><span class=\"aioseo-breadcrumb-separator\">\u2013<\/span><span class=\"aioseo-breadcrumb\">\n\t<a href=\"https:\/\/www.eldigitaldeasturias.com\/noticias\/varela-anuncia-que-el-principado-comenzara-a-revisar-las-liquidaciones-del-era\/\" title=\"Varela anuncia que el Principado comenzar\u00e1 a revisar las liquidaciones del ERA\">Varela anuncia que el Principado comenzar\u00e1 a revisar las liquidaciones del ERA<\/a>\n<\/span><\/div>","aioseo_breadcrumb_json":[{"label":"Home","link":"https:\/\/www.eldigitaldeasturias.com\/noticias"},{"label":"Destacadas","link":"https:\/\/www.eldigitaldeasturias.com\/noticias\/category\/destacadas\/"},{"label":"Varela anuncia que el Principado comenzar\u00e1 a revisar las liquidaciones del ERA","link":"https:\/\/www.eldigitaldeasturias.com\/noticias\/varela-anuncia-que-el-principado-comenzara-a-revisar-las-liquidaciones-del-era\/"}],"_links":{"self":[{"href":"https:\/\/www.eldigitaldeasturias.com\/noticias\/wp-json\/wp\/v2\/posts\/927632","targetHints":{"allow":["GET"]}}],"collection":[{"href":"https:\/\/www.eldigitaldeasturias.com\/noticias\/wp-json\/wp\/v2\/posts"}],"about":[{"href":"https:\/\/www.eldigitaldeasturias.com\/noticias\/wp-json\/wp\/v2\/types\/post"}],"author":[{"embeddable":true,"href":"https:\/\/www.eldigitaldeasturias.com\/noticias\/wp-json\/wp\/v2\/users\/1"}],"replies":[{"embeddable":true,"href":"https:\/\/www.eldigitaldeasturias.com\/noticias\/wp-json\/wp\/v2\/comments?post=927632"}],"version-history":[{"count":0,"href":"https:\/\/www.eldigitaldeasturias.com\/noticias\/wp-json\/wp\/v2\/posts\/927632\/revisions"}],"wp:featuredmedia":[{"embeddable":true,"href":"https:\/\/www.eldigitaldeasturias.com\/noticias\/wp-json\/wp\/v2\/media\/927633"}],"wp:attachment":[{"href":"https:\/\/www.eldigitaldeasturias.com\/noticias\/wp-json\/wp\/v2\/media?parent=927632"}],"wp:term":[{"taxonomy":"category","embeddable":true,"href":"https:\/\/www.eldigitaldeasturias.com\/noticias\/wp-json\/wp\/v2\/categories?post=927632"},{"taxonomy":"post_tag","embeddable":true,"href":"https:\/\/www.eldigitaldeasturias.com\/noticias\/wp-json\/wp\/v2\/tags?post=927632"}],"curies":[{"name":"wp","href":"https:\/\/api.w.org\/{rel}","templated":true}]}}