{"id":927602,"date":"2017-02-26T16:42:51","date_gmt":"2017-02-26T16:42:51","guid":{"rendered":"http:\/\/www.eldigitaldeasturias.com\/noticias\/?p=927602"},"modified":"2017-02-26T16:42:51","modified_gmt":"2017-02-26T16:42:51","slug":"la-recogida-separada-de-papel-y-carton-envases-ligeros-y-vidrio-crece-en-asturias","status":"publish","type":"post","link":"https:\/\/www.eldigitaldeasturias.com\/noticias\/la-recogida-separada-de-papel-y-carton-envases-ligeros-y-vidrio-crece-en-asturias\/","title":{"rendered":"La recogida separada de papel y cart\u00f3n, envases ligeros y vidrio crece en Asturias"},"content":{"rendered":"<p><img loading=\"lazy\" decoding=\"async\" class=\"alignleft size-medium wp-image-766411\" src=\"https:\/\/www.eldigitaldeasturias.com\/noticias\/wp-content\/uploads\/2015\/01\/cogersa1-360x167.jpg\" alt=\"\" width=\"360\" height=\"167\" srcset=\"https:\/\/www.eldigitaldeasturias.com\/noticias\/wp-content\/uploads\/2015\/01\/cogersa1-360x167.jpg 360w, https:\/\/www.eldigitaldeasturias.com\/noticias\/wp-content\/uploads\/2015\/01\/cogersa1-480x222.jpg 480w, https:\/\/www.eldigitaldeasturias.com\/noticias\/wp-content\/uploads\/2015\/01\/cogersa1-690x320.jpg 690w, https:\/\/www.eldigitaldeasturias.com\/noticias\/wp-content\/uploads\/2015\/01\/cogersa1-20x9.jpg 20w, https:\/\/www.eldigitaldeasturias.com\/noticias\/wp-content\/uploads\/2015\/01\/cogersa1.jpg 712w\" sizes=\"auto, (max-width: 360px) 100vw, 360px\" \/>La recogida separada de restos de papel\/cart\u00f3n, envases ligeros (briks, latas, botes y botellas de pl\u00e1stico, etc.) y envases de vidrio a trav\u00e9s del servicio que presta el Consorcio para la Gesti\u00f3n de Residuos de Asturias (Cogersa) aument\u00f3 un 3,20% en 2016, a\u00f1o en el que alcanz\u00f3 una media de 47,44 kilogramos por habitante, frente a los 45,97 de 2015.<\/p>\n<p>Cada asturiano aport\u00f3 a los contenedores de reciclaje una media de 21,91 kilos por habitante y a\u00f1o de papel\/cart\u00f3n (21,32 kg en 2015), otros 10,34 de envases ligeros (9,87 el a\u00f1o pasado) y 15,19 kilos de botellas y botes de vidrio (14,78 kg en 2015).<\/p>\n<p>Si se comparan estos resultados con los del a\u00f1o 2015, se constata que el mayor incremento se registr\u00f3 en lo recogido en el contenedor amarillo, que subi\u00f3 un 4,77%, seguido por el contenedor azul (2,77%) y el igl\u00fa verde (2,76%). En la \u00faltima d\u00e9cada la recogida por separado de estas tres fracciones de residuos aument\u00f3 un 11% pese a los a\u00f1os de crisis con la consiguiente reducci\u00f3n del consumo y de la actividad productiva. En 2007 se recog\u00edan en Asturias 42,76 kilos por habitante y a\u00f1o (ver tabla p\u00e1gina 3).<\/p>\n<p>En t\u00e9rminos absolutos, en 2016 los asturianos separaron en los hogares, comercios y centros de trabajo 49.872.021 kilos (48.811.579 kg en 2015) de estos residuos, que depositaron en los 13.719 contenedores azules, amarillos y verdes que Cogersa gestiona en cooperaci\u00f3n con los ayuntamientos, as\u00ed como en los cubos del sistema `puerta a puerta\u00b4 que funciona en la zona urbana del municipio de Oviedo.<\/p>\n<p>Un servicio de recogida que est\u00e1 compuesto por medio centenar de rutas de recogida con una veintena de camiones especiales en turnos que cubren las 24 horas del d\u00eda y los 365 d\u00edas del a\u00f1o con 36 conductores; y que permite vaciar estos contenedores en los 78 municipios y trasladar los desechos hasta las plantas de clasificaci\u00f3n de Ser\u00edn. El coste de este servicio se cubre con los ingresos derivados de la venta de materiales reciclados y con la financiaci\u00f3n de los sistemas integrados de gesti\u00f3n Ecoembes y Ecovidrio; y por lo tanto, no supone un coste adicional para los ayuntamientos ni se repercute a los vecinos como parte de la tasa municipal de basura.<\/p>\n<p>Una vez en el Centro de Tratamiento de Residuos de Asturias, los residuos de los contenedores amarillos y azules son clasificados de nuevo en sendas plantas semiautom\u00e1ticas donde trabajan 53 operarios de un Centro Especial de Empleo.<\/p>\n<p>En 2016, se procesaron en la planta de papel y cart\u00f3n 23.034,27 toneladas (22.637,88 t en 2015), y otras 10.867,02 t en la de envases ligeros (10.476,29 t el a\u00f1o anterior).<\/p>\n<p>En la nave de envases se obtuvieron 6.867,36 toneladas de materiales ya limpios (6.706,86 t en 2015) que son empaquetados y enviados al gestor autorizado para ser empleados como base de la fabricaci\u00f3n de nuevos productos. Las fracciones m\u00e1s importantes son las de los pl\u00e1sticos tipo PET (que est\u00e1 por ejemplo en las botellas de agua mineral), y LDPE (polietileno de baja densidad) que se usa en las bolsas, el papel film o los envases de yogures, entre otros. Ambas superaron las 1.500 t recuperadas en Cogersa en 2016.<\/p>\n<p>En la planta de clasificaci\u00f3n de residuos procedentes del contenedor azul se obtuvieron 9.723,32 toneladas de papel y otras 8.615,40 de dos tipos de cart\u00f3n.<\/p>\n<p>Las botellas y botes de vidrio que los ciudadanos aportan a los contenedores verdes pasan por un proceso mucho m\u00e1s sencillo, que consiste en el acopio y trasbordo en una explanada de carga y descarga de camiones. En este punto se contabiliz\u00f3 en 2016 un total de 15.970 toneladas (15.697,40 t en 2015).<\/p>\n<p><strong>11 concejos por encima de la media de Asturias<\/strong><\/p>\n<p>Cogersa trabaja en coordinaci\u00f3n con los ayuntamientos en la gesti\u00f3n del servicio de recogida separada de papel\/cart\u00f3n, envases ligeros y envases de vidrio para lograr la mejora continua sus resultados y la mayor eficiencia posible tanto econ\u00f3mica, como ambiental.<\/p>\n<p>En 2016 hubo 11 concejos que lograron situarse por encima de la media de Asturias en kilogramos aportados de media por habitante. Se trata, en este orden de: Gij\u00f3n, Navia, Sobrescobio, Santo Adriano, Caravia, Oviedo, Nore\u00f1a, Tapia de Casariego, Ribadedeva, Carre\u00f1o y Llanera. Los tres primeros, est\u00e1n por encima de los 59 kg por habitante: Gij\u00f3n, con 60,81; Navia, con 59,80 y Sobrescobio, con 59,09.<\/p>\n","protected":false},"excerpt":{"rendered":"<p>La recogida separada de restos de papel\/cart\u00f3n, envases ligeros (briks, latas, botes y botellas de pl\u00e1stico, etc.) y envases de vidrio a trav\u00e9s del servicio que presta el Consorcio para la Gesti\u00f3n de Residuos de Asturias (Cogersa) aument\u00f3 un 3,20% en 2016, a\u00f1o en el que alcanz\u00f3 una media de 47,44 kilogramos por habitante, frente [&hellip;]<\/p>\n","protected":false},"author":1,"featured_media":766411,"comment_status":"closed","ping_status":"closed","sticky":false,"template":"","format":"standard","meta":{"footnotes":""},"categories":[141],"tags":[],"class_list":["post-927602","post","type-post","status-publish","format-standard","has-post-thumbnail","hentry","category-destacadas"],"aioseo_notices":[],"aioseo_head":"\n\t\t<!-- All in One SEO Pro 4.9.6.2 - aioseo.com -->\n\t<meta name=\"description\" content=\"La recogida separada de restos de papel\/cart\u00f3n, envases ligeros (briks, latas, botes y botellas de pl\u00e1stico, etc.) y envases de vidrio a trav\u00e9s del servicio que presta el Consorcio para la Gesti\u00f3n de Residuos de Asturias (Cogersa) aument\u00f3 un 3,20% en 2016, a\u00f1o en el que alcanz\u00f3 una media de 47,44 kilogramos por habitante, frente\" \/>\n\t<meta name=\"robots\" content=\"max-image-preview:large\" \/>\n\t<meta name=\"author\" content=\"El Digital de Asturias\"\/>\n\t<meta name=\"google-site-verification\" content=\"UA-38556648-1\" \/>\n\t<meta name=\"msvalidate.01\" content=\"7dfe9f3f1b24437ab69f4f2559babe99\" \/>\n\t<meta name=\"keywords\" content=\"destacadas\" \/>\n\t<link rel=\"canonical\" href=\"https:\/\/www.eldigitaldeasturias.com\/noticias\/la-recogida-separada-de-papel-y-carton-envases-ligeros-y-vidrio-crece-en-asturias\/\" \/>\n\t<meta name=\"generator\" content=\"All in One SEO Pro (AIOSEO) 4.9.6.2\" \/>\n\t\t<meta property=\"og:locale\" content=\"es_ES\" \/>\n\t\t<meta property=\"og:site_name\" content=\"El Digital de Asturias\" \/>\n\t\t<meta property=\"og:type\" content=\"article\" \/>\n\t\t<meta property=\"og:title\" content=\"La recogida separada de papel y cart\u00f3n, envases ligeros y vidrio crece en Asturias - El Digital de Asturias\" \/>\n\t\t<meta property=\"og:description\" content=\"La recogida separada de restos de papel\/cart\u00f3n, envases ligeros (briks, latas, botes y botellas de pl\u00e1stico, etc.) y envases de vidrio a trav\u00e9s del servicio que presta el Consorcio para la Gesti\u00f3n de Residuos de Asturias (Cogersa) aument\u00f3 un 3,20% en 2016, a\u00f1o en el que alcanz\u00f3 una media de 47,44 kilogramos por habitante, frente\" \/>\n\t\t<meta property=\"og:url\" content=\"https:\/\/www.eldigitaldeasturias.com\/noticias\/la-recogida-separada-de-papel-y-carton-envases-ligeros-y-vidrio-crece-en-asturias\/\" \/>\n\t\t<meta property=\"og:image\" content=\"https:\/\/www.eldigitaldeasturias.com\/noticias\/wp-content\/uploads\/2015\/01\/cogersa1.jpg\" \/>\n\t\t<meta property=\"og:image:secure_url\" content=\"https:\/\/www.eldigitaldeasturias.com\/noticias\/wp-content\/uploads\/2015\/01\/cogersa1.jpg\" \/>\n\t\t<meta property=\"og:image:width\" content=\"712\" \/>\n\t\t<meta property=\"og:image:height\" content=\"330\" \/>\n\t\t<meta property=\"article:tag\" content=\"destacadas\" \/>\n\t\t<meta property=\"article:published_time\" content=\"2017-02-26T16:42:51+00:00\" \/>\n\t\t<meta property=\"article:modified_time\" content=\"2017-02-26T16:42:51+00:00\" \/>\n\t\t<meta property=\"article:publisher\" content=\"https:\/\/facebook.com\/eldigitaldeasturias\" \/>\n\t\t<meta name=\"twitter:card\" content=\"summary_large_image\" \/>\n\t\t<meta name=\"twitter:title\" content=\"La recogida separada de papel y cart\u00f3n, envases ligeros y vidrio crece en Asturias - El Digital de Asturias\" \/>\n\t\t<meta name=\"twitter:description\" content=\"La recogida separada de restos de papel\/cart\u00f3n, envases ligeros (briks, latas, botes y botellas de pl\u00e1stico, etc.) y envases de vidrio a trav\u00e9s del servicio que presta el Consorcio para la Gesti\u00f3n de Residuos de Asturias (Cogersa) aument\u00f3 un 3,20% en 2016, a\u00f1o en el que alcanz\u00f3 una media de 47,44 kilogramos por habitante, frente\" \/>\n\t\t<meta name=\"twitter:image\" content=\"https:\/\/www.eldigitaldeasturias.com\/noticias\/wp-content\/uploads\/2015\/01\/cogersa1.jpg\" \/>\n\t\t<meta name=\"twitter:label1\" content=\"Escrito por\" \/>\n\t\t<meta name=\"twitter:data1\" content=\"El Digital de Asturias\" \/>\n\t\t<meta name=\"twitter:label2\" content=\"Tiempo de lectura estimado\" \/>\n\t\t<meta name=\"twitter:data2\" content=\"4 minutos\" \/>\n\t\t<script type=\"application\/ld+json\" class=\"aioseo-schema\">\n\t\t\t{\"@context\":\"https:\\\/\\\/schema.org\",\"@graph\":[{\"@type\":\"BlogPosting\",\"@id\":\"https:\\\/\\\/www.eldigitaldeasturias.com\\\/noticias\\\/la-recogida-separada-de-papel-y-carton-envases-ligeros-y-vidrio-crece-en-asturias\\\/#blogposting\",\"name\":\"La recogida separada de papel y cart\\u00f3n, envases ligeros y vidrio crece en Asturias - El Digital de Asturias\",\"headline\":\"La recogida separada de papel y cart\\u00f3n, envases ligeros y vidrio crece en Asturias\",\"author\":{\"@id\":\"https:\\\/\\\/www.eldigitaldeasturias.com\\\/noticias\\\/author\\\/admin\\\/#author\"},\"publisher\":{\"@id\":\"https:\\\/\\\/www.eldigitaldeasturias.com\\\/noticias\\\/#organization\"},\"image\":{\"@type\":\"ImageObject\",\"url\":\"https:\\\/\\\/www.eldigitaldeasturias.com\\\/noticias\\\/wp-content\\\/uploads\\\/2015\\\/01\\\/cogersa1.jpg\",\"width\":712,\"height\":330},\"datePublished\":\"2017-02-26T16:42:51+01:00\",\"dateModified\":\"2017-02-26T16:42:51+01:00\",\"inLanguage\":\"es-ES\",\"mainEntityOfPage\":{\"@id\":\"https:\\\/\\\/www.eldigitaldeasturias.com\\\/noticias\\\/la-recogida-separada-de-papel-y-carton-envases-ligeros-y-vidrio-crece-en-asturias\\\/#webpage\"},\"isPartOf\":{\"@id\":\"https:\\\/\\\/www.eldigitaldeasturias.com\\\/noticias\\\/la-recogida-separada-de-papel-y-carton-envases-ligeros-y-vidrio-crece-en-asturias\\\/#webpage\"},\"articleSection\":\"Destacadas\"},{\"@type\":\"BreadcrumbList\",\"@id\":\"https:\\\/\\\/www.eldigitaldeasturias.com\\\/noticias\\\/la-recogida-separada-de-papel-y-carton-envases-ligeros-y-vidrio-crece-en-asturias\\\/#breadcrumblist\",\"itemListElement\":[{\"@type\":\"ListItem\",\"@id\":\"https:\\\/\\\/www.eldigitaldeasturias.com\\\/noticias#listItem\",\"position\":1,\"name\":\"Home\",\"item\":\"https:\\\/\\\/www.eldigitaldeasturias.com\\\/noticias\",\"nextItem\":{\"@type\":\"ListItem\",\"@id\":\"https:\\\/\\\/www.eldigitaldeasturias.com\\\/noticias\\\/category\\\/destacadas\\\/#listItem\",\"name\":\"Destacadas\"}},{\"@type\":\"ListItem\",\"@id\":\"https:\\\/\\\/www.eldigitaldeasturias.com\\\/noticias\\\/category\\\/destacadas\\\/#listItem\",\"position\":2,\"name\":\"Destacadas\",\"item\":\"https:\\\/\\\/www.eldigitaldeasturias.com\\\/noticias\\\/category\\\/destacadas\\\/\",\"nextItem\":{\"@type\":\"ListItem\",\"@id\":\"https:\\\/\\\/www.eldigitaldeasturias.com\\\/noticias\\\/la-recogida-separada-de-papel-y-carton-envases-ligeros-y-vidrio-crece-en-asturias\\\/#listItem\",\"name\":\"La recogida separada de papel y cart\\u00f3n, envases ligeros y vidrio crece en Asturias\"},\"previousItem\":{\"@type\":\"ListItem\",\"@id\":\"https:\\\/\\\/www.eldigitaldeasturias.com\\\/noticias#listItem\",\"name\":\"Home\"}},{\"@type\":\"ListItem\",\"@id\":\"https:\\\/\\\/www.eldigitaldeasturias.com\\\/noticias\\\/la-recogida-separada-de-papel-y-carton-envases-ligeros-y-vidrio-crece-en-asturias\\\/#listItem\",\"position\":3,\"name\":\"La recogida separada de papel y cart\\u00f3n, envases ligeros y vidrio crece en Asturias\",\"previousItem\":{\"@type\":\"ListItem\",\"@id\":\"https:\\\/\\\/www.eldigitaldeasturias.com\\\/noticias\\\/category\\\/destacadas\\\/#listItem\",\"name\":\"Destacadas\"}}]},{\"@type\":\"Organization\",\"@id\":\"https:\\\/\\\/www.eldigitaldeasturias.com\\\/noticias\\\/#organization\",\"name\":\"El Digital de Asturias\",\"description\":\"Hemeroteca\",\"url\":\"https:\\\/\\\/www.eldigitaldeasturias.com\\\/noticias\\\/\",\"email\":\"info@eldigitaldeasturias.com\",\"telephone\":\"+34652131393\",\"logo\":{\"@type\":\"ImageObject\",\"url\":\"https:\\\/\\\/www.eldigitaldeasturias.com\\\/noticias\\\/wp-content\\\/uploads\\\/2020\\\/12\\\/EDA.jpg\",\"@id\":\"https:\\\/\\\/www.eldigitaldeasturias.com\\\/noticias\\\/la-recogida-separada-de-papel-y-carton-envases-ligeros-y-vidrio-crece-en-asturias\\\/#organizationLogo\",\"width\":649,\"height\":297},\"image\":{\"@id\":\"https:\\\/\\\/www.eldigitaldeasturias.com\\\/noticias\\\/la-recogida-separada-de-papel-y-carton-envases-ligeros-y-vidrio-crece-en-asturias\\\/#organizationLogo\"},\"sameAs\":[\"https:\\\/\\\/facebook.com\\\/eldigitaldeasturias\",\"https:\\\/\\\/www.youtube.com\\\/channel\\\/UCZP-2wLEB9Rv6erhFmqVnvg\"],\"address\":{\"@id\":\"https:\\\/\\\/www.eldigitaldeasturias.com\\\/noticias\\\/#postaladdress\",\"@type\":\"PostalAddress\",\"streetAddress\":\"san antonio 4,\",\"postalCode\":\"33430\",\"addressLocality\":\"Cand\\u00e1s\",\"addressRegion\":\"Asturias\",\"addressCountry\":\"ES\"}},{\"@type\":\"Person\",\"@id\":\"https:\\\/\\\/www.eldigitaldeasturias.com\\\/noticias\\\/author\\\/admin\\\/#author\",\"url\":\"https:\\\/\\\/www.eldigitaldeasturias.com\\\/noticias\\\/author\\\/admin\\\/\",\"name\":\"El Digital de Asturias\",\"image\":{\"@type\":\"ImageObject\",\"@id\":\"https:\\\/\\\/www.eldigitaldeasturias.com\\\/noticias\\\/la-recogida-separada-de-papel-y-carton-envases-ligeros-y-vidrio-crece-en-asturias\\\/#authorImage\",\"url\":\"https:\\\/\\\/www.eldigitaldeasturias.com\\\/noticias\\\/wp-content\\\/litespeed\\\/avatar\\\/18677e78aa0546b92d9dbf31ec7d7668.jpg?ver=1777290358\",\"width\":96,\"height\":96,\"caption\":\"El Digital de Asturias\"}},{\"@type\":\"WebPage\",\"@id\":\"https:\\\/\\\/www.eldigitaldeasturias.com\\\/noticias\\\/la-recogida-separada-de-papel-y-carton-envases-ligeros-y-vidrio-crece-en-asturias\\\/#webpage\",\"url\":\"https:\\\/\\\/www.eldigitaldeasturias.com\\\/noticias\\\/la-recogida-separada-de-papel-y-carton-envases-ligeros-y-vidrio-crece-en-asturias\\\/\",\"name\":\"La recogida separada de papel y cart\\u00f3n, envases ligeros y vidrio crece en Asturias - El Digital de Asturias\",\"description\":\"La recogida separada de restos de papel\\\/cart\\u00f3n, envases ligeros (briks, latas, botes y botellas de pl\\u00e1stico, etc.) y envases de vidrio a trav\\u00e9s del servicio que presta el Consorcio para la Gesti\\u00f3n de Residuos de Asturias (Cogersa) aument\\u00f3 un 3,20% en 2016, a\\u00f1o en el que alcanz\\u00f3 una media de 47,44 kilogramos por habitante, frente\",\"inLanguage\":\"es-ES\",\"isPartOf\":{\"@id\":\"https:\\\/\\\/www.eldigitaldeasturias.com\\\/noticias\\\/#website\"},\"breadcrumb\":{\"@id\":\"https:\\\/\\\/www.eldigitaldeasturias.com\\\/noticias\\\/la-recogida-separada-de-papel-y-carton-envases-ligeros-y-vidrio-crece-en-asturias\\\/#breadcrumblist\"},\"author\":{\"@id\":\"https:\\\/\\\/www.eldigitaldeasturias.com\\\/noticias\\\/author\\\/admin\\\/#author\"},\"creator\":{\"@id\":\"https:\\\/\\\/www.eldigitaldeasturias.com\\\/noticias\\\/author\\\/admin\\\/#author\"},\"image\":{\"@type\":\"ImageObject\",\"url\":\"https:\\\/\\\/www.eldigitaldeasturias.com\\\/noticias\\\/wp-content\\\/uploads\\\/2015\\\/01\\\/cogersa1.jpg\",\"@id\":\"https:\\\/\\\/www.eldigitaldeasturias.com\\\/noticias\\\/la-recogida-separada-de-papel-y-carton-envases-ligeros-y-vidrio-crece-en-asturias\\\/#mainImage\",\"width\":712,\"height\":330},\"primaryImageOfPage\":{\"@id\":\"https:\\\/\\\/www.eldigitaldeasturias.com\\\/noticias\\\/la-recogida-separada-de-papel-y-carton-envases-ligeros-y-vidrio-crece-en-asturias\\\/#mainImage\"},\"datePublished\":\"2017-02-26T16:42:51+01:00\",\"dateModified\":\"2017-02-26T16:42:51+01:00\"},{\"@type\":\"WebSite\",\"@id\":\"https:\\\/\\\/www.eldigitaldeasturias.com\\\/noticias\\\/#website\",\"url\":\"https:\\\/\\\/www.eldigitaldeasturias.com\\\/noticias\\\/\",\"name\":\"El Digital de Asturias - Diario de actualidad y noticias\",\"alternateName\":\"El Digital de Asturias - Diario de actualidad y noticias\",\"description\":\"Hemeroteca\",\"inLanguage\":\"es-ES\",\"publisher\":{\"@id\":\"https:\\\/\\\/www.eldigitaldeasturias.com\\\/noticias\\\/#organization\"}}]}\n\t\t<\/script>\n\t\t<!-- All in One SEO Pro -->\r\n\t\t<title>La recogida separada de papel y cart\u00f3n, envases ligeros y vidrio crece en Asturias - El Digital de Asturias<\/title>\n\n","aioseo_head_json":{"title":"La recogida separada de papel y cart\u00f3n, envases ligeros y vidrio crece en Asturias - El Digital de Asturias","description":"La recogida separada de restos de papel\/cart\u00f3n, envases ligeros (briks, latas, botes y botellas de pl\u00e1stico, etc.) y envases de vidrio a trav\u00e9s del servicio que presta el Consorcio para la Gesti\u00f3n de Residuos de Asturias (Cogersa) aument\u00f3 un 3,20% en 2016, a\u00f1o en el que alcanz\u00f3 una media de 47,44 kilogramos por habitante, frente","canonical_url":"https:\/\/www.eldigitaldeasturias.com\/noticias\/la-recogida-separada-de-papel-y-carton-envases-ligeros-y-vidrio-crece-en-asturias\/","robots":"max-image-preview:large","keywords":"destacadas","webmasterTools":{"google-site-verification":"UA-38556648-1","msvalidate.01":"7dfe9f3f1b24437ab69f4f2559babe99","miscellaneous":""},"schema":{"@context":"https:\/\/schema.org","@graph":[{"@type":"BlogPosting","@id":"https:\/\/www.eldigitaldeasturias.com\/noticias\/la-recogida-separada-de-papel-y-carton-envases-ligeros-y-vidrio-crece-en-asturias\/#blogposting","name":"La recogida separada de papel y cart\u00f3n, envases ligeros y vidrio crece en Asturias - El Digital de Asturias","headline":"La recogida separada de papel y cart\u00f3n, envases ligeros y vidrio crece en Asturias","author":{"@id":"https:\/\/www.eldigitaldeasturias.com\/noticias\/author\/admin\/#author"},"publisher":{"@id":"https:\/\/www.eldigitaldeasturias.com\/noticias\/#organization"},"image":{"@type":"ImageObject","url":"https:\/\/www.eldigitaldeasturias.com\/noticias\/wp-content\/uploads\/2015\/01\/cogersa1.jpg","width":712,"height":330},"datePublished":"2017-02-26T16:42:51+01:00","dateModified":"2017-02-26T16:42:51+01:00","inLanguage":"es-ES","mainEntityOfPage":{"@id":"https:\/\/www.eldigitaldeasturias.com\/noticias\/la-recogida-separada-de-papel-y-carton-envases-ligeros-y-vidrio-crece-en-asturias\/#webpage"},"isPartOf":{"@id":"https:\/\/www.eldigitaldeasturias.com\/noticias\/la-recogida-separada-de-papel-y-carton-envases-ligeros-y-vidrio-crece-en-asturias\/#webpage"},"articleSection":"Destacadas"},{"@type":"BreadcrumbList","@id":"https:\/\/www.eldigitaldeasturias.com\/noticias\/la-recogida-separada-de-papel-y-carton-envases-ligeros-y-vidrio-crece-en-asturias\/#breadcrumblist","itemListElement":[{"@type":"ListItem","@id":"https:\/\/www.eldigitaldeasturias.com\/noticias#listItem","position":1,"name":"Home","item":"https:\/\/www.eldigitaldeasturias.com\/noticias","nextItem":{"@type":"ListItem","@id":"https:\/\/www.eldigitaldeasturias.com\/noticias\/category\/destacadas\/#listItem","name":"Destacadas"}},{"@type":"ListItem","@id":"https:\/\/www.eldigitaldeasturias.com\/noticias\/category\/destacadas\/#listItem","position":2,"name":"Destacadas","item":"https:\/\/www.eldigitaldeasturias.com\/noticias\/category\/destacadas\/","nextItem":{"@type":"ListItem","@id":"https:\/\/www.eldigitaldeasturias.com\/noticias\/la-recogida-separada-de-papel-y-carton-envases-ligeros-y-vidrio-crece-en-asturias\/#listItem","name":"La recogida separada de papel y cart\u00f3n, envases ligeros y vidrio crece en Asturias"},"previousItem":{"@type":"ListItem","@id":"https:\/\/www.eldigitaldeasturias.com\/noticias#listItem","name":"Home"}},{"@type":"ListItem","@id":"https:\/\/www.eldigitaldeasturias.com\/noticias\/la-recogida-separada-de-papel-y-carton-envases-ligeros-y-vidrio-crece-en-asturias\/#listItem","position":3,"name":"La recogida separada de papel y cart\u00f3n, envases ligeros y vidrio crece en Asturias","previousItem":{"@type":"ListItem","@id":"https:\/\/www.eldigitaldeasturias.com\/noticias\/category\/destacadas\/#listItem","name":"Destacadas"}}]},{"@type":"Organization","@id":"https:\/\/www.eldigitaldeasturias.com\/noticias\/#organization","name":"El Digital de Asturias","description":"Hemeroteca","url":"https:\/\/www.eldigitaldeasturias.com\/noticias\/","email":"info@eldigitaldeasturias.com","telephone":"+34652131393","logo":{"@type":"ImageObject","url":"https:\/\/www.eldigitaldeasturias.com\/noticias\/wp-content\/uploads\/2020\/12\/EDA.jpg","@id":"https:\/\/www.eldigitaldeasturias.com\/noticias\/la-recogida-separada-de-papel-y-carton-envases-ligeros-y-vidrio-crece-en-asturias\/#organizationLogo","width":649,"height":297},"image":{"@id":"https:\/\/www.eldigitaldeasturias.com\/noticias\/la-recogida-separada-de-papel-y-carton-envases-ligeros-y-vidrio-crece-en-asturias\/#organizationLogo"},"sameAs":["https:\/\/facebook.com\/eldigitaldeasturias","https:\/\/www.youtube.com\/channel\/UCZP-2wLEB9Rv6erhFmqVnvg"],"address":{"@id":"https:\/\/www.eldigitaldeasturias.com\/noticias\/#postaladdress","@type":"PostalAddress","streetAddress":"san antonio 4,","postalCode":"33430","addressLocality":"Cand\u00e1s","addressRegion":"Asturias","addressCountry":"ES"}},{"@type":"Person","@id":"https:\/\/www.eldigitaldeasturias.com\/noticias\/author\/admin\/#author","url":"https:\/\/www.eldigitaldeasturias.com\/noticias\/author\/admin\/","name":"El Digital de Asturias","image":{"@type":"ImageObject","@id":"https:\/\/www.eldigitaldeasturias.com\/noticias\/la-recogida-separada-de-papel-y-carton-envases-ligeros-y-vidrio-crece-en-asturias\/#authorImage","url":"https:\/\/www.eldigitaldeasturias.com\/noticias\/wp-content\/litespeed\/avatar\/18677e78aa0546b92d9dbf31ec7d7668.jpg?ver=1777290358","width":96,"height":96,"caption":"El Digital de Asturias"}},{"@type":"WebPage","@id":"https:\/\/www.eldigitaldeasturias.com\/noticias\/la-recogida-separada-de-papel-y-carton-envases-ligeros-y-vidrio-crece-en-asturias\/#webpage","url":"https:\/\/www.eldigitaldeasturias.com\/noticias\/la-recogida-separada-de-papel-y-carton-envases-ligeros-y-vidrio-crece-en-asturias\/","name":"La recogida separada de papel y cart\u00f3n, envases ligeros y vidrio crece en Asturias - El Digital de Asturias","description":"La recogida separada de restos de papel\/cart\u00f3n, envases ligeros (briks, latas, botes y botellas de pl\u00e1stico, etc.) y envases de vidrio a trav\u00e9s del servicio que presta el Consorcio para la Gesti\u00f3n de Residuos de Asturias (Cogersa) aument\u00f3 un 3,20% en 2016, a\u00f1o en el que alcanz\u00f3 una media de 47,44 kilogramos por habitante, frente","inLanguage":"es-ES","isPartOf":{"@id":"https:\/\/www.eldigitaldeasturias.com\/noticias\/#website"},"breadcrumb":{"@id":"https:\/\/www.eldigitaldeasturias.com\/noticias\/la-recogida-separada-de-papel-y-carton-envases-ligeros-y-vidrio-crece-en-asturias\/#breadcrumblist"},"author":{"@id":"https:\/\/www.eldigitaldeasturias.com\/noticias\/author\/admin\/#author"},"creator":{"@id":"https:\/\/www.eldigitaldeasturias.com\/noticias\/author\/admin\/#author"},"image":{"@type":"ImageObject","url":"https:\/\/www.eldigitaldeasturias.com\/noticias\/wp-content\/uploads\/2015\/01\/cogersa1.jpg","@id":"https:\/\/www.eldigitaldeasturias.com\/noticias\/la-recogida-separada-de-papel-y-carton-envases-ligeros-y-vidrio-crece-en-asturias\/#mainImage","width":712,"height":330},"primaryImageOfPage":{"@id":"https:\/\/www.eldigitaldeasturias.com\/noticias\/la-recogida-separada-de-papel-y-carton-envases-ligeros-y-vidrio-crece-en-asturias\/#mainImage"},"datePublished":"2017-02-26T16:42:51+01:00","dateModified":"2017-02-26T16:42:51+01:00"},{"@type":"WebSite","@id":"https:\/\/www.eldigitaldeasturias.com\/noticias\/#website","url":"https:\/\/www.eldigitaldeasturias.com\/noticias\/","name":"El Digital de Asturias - Diario de actualidad y noticias","alternateName":"El Digital de Asturias - Diario de actualidad y noticias","description":"Hemeroteca","inLanguage":"es-ES","publisher":{"@id":"https:\/\/www.eldigitaldeasturias.com\/noticias\/#organization"}}]},"og:locale":"es_ES","og:site_name":"El Digital de Asturias","og:type":"article","og:title":"La recogida separada de papel y cart\u00f3n, envases ligeros y vidrio crece en Asturias - El Digital de Asturias","og:description":"La recogida separada de restos de papel\/cart\u00f3n, envases ligeros (briks, latas, botes y botellas de pl\u00e1stico, etc.) y envases de vidrio a trav\u00e9s del servicio que presta el Consorcio para la Gesti\u00f3n de Residuos de Asturias (Cogersa) aument\u00f3 un 3,20% en 2016, a\u00f1o en el que alcanz\u00f3 una media de 47,44 kilogramos por habitante, frente","og:url":"https:\/\/www.eldigitaldeasturias.com\/noticias\/la-recogida-separada-de-papel-y-carton-envases-ligeros-y-vidrio-crece-en-asturias\/","og:image":"https:\/\/www.eldigitaldeasturias.com\/noticias\/wp-content\/uploads\/2015\/01\/cogersa1.jpg","og:image:secure_url":"https:\/\/www.eldigitaldeasturias.com\/noticias\/wp-content\/uploads\/2015\/01\/cogersa1.jpg","og:image:width":712,"og:image:height":330,"article:tag":["destacadas"],"article:published_time":"2017-02-26T16:42:51+00:00","article:modified_time":"2017-02-26T16:42:51+00:00","article:publisher":"https:\/\/facebook.com\/eldigitaldeasturias","twitter:card":"summary_large_image","twitter:title":"La recogida separada de papel y cart\u00f3n, envases ligeros y vidrio crece en Asturias - El Digital de Asturias","twitter:description":"La recogida separada de restos de papel\/cart\u00f3n, envases ligeros (briks, latas, botes y botellas de pl\u00e1stico, etc.) y envases de vidrio a trav\u00e9s del servicio que presta el Consorcio para la Gesti\u00f3n de Residuos de Asturias (Cogersa) aument\u00f3 un 3,20% en 2016, a\u00f1o en el que alcanz\u00f3 una media de 47,44 kilogramos por habitante, frente","twitter:image":"https:\/\/www.eldigitaldeasturias.com\/noticias\/wp-content\/uploads\/2015\/01\/cogersa1.jpg","twitter:label1":"Escrito por","twitter:data1":"El Digital de Asturias","twitter:label2":"Tiempo de lectura estimado","twitter:data2":"4 minutos"},"aioseo_meta_data":{"post_id":"927602","title":null,"description":null,"keywords":null,"keyphrases":null,"primary_term":null,"canonical_url":null,"og_title":null,"og_description":null,"og_object_type":"default","og_image_type":"default","og_image_url":null,"og_image_width":null,"og_image_height":null,"og_image_custom_url":null,"og_image_custom_fields":null,"og_video":null,"og_custom_url":null,"og_article_section":null,"og_article_tags":null,"twitter_use_og":false,"twitter_card":"default","twitter_image_type":"default","twitter_image_url":null,"twitter_image_custom_url":null,"twitter_image_custom_fields":null,"twitter_title":null,"twitter_description":null,"schema":{"blockGraphs":[],"customGraphs":[],"default":{"data":{"Article":[],"Course":[],"Dataset":[],"FAQPage":[],"Movie":[],"Person":[],"Product":[],"ProductReview":[],"Car":[],"Recipe":[],"Service":[],"SoftwareApplication":[],"WebPage":[]},"graphName":"","isEnabled":true},"graphs":[],"defaultGraph":"","defaultPostTypeGraph":""},"schema_type":null,"schema_type_options":null,"pillar_content":false,"robots_default":true,"robots_noindex":false,"robots_noarchive":false,"robots_nosnippet":false,"robots_nofollow":false,"robots_noimageindex":false,"robots_noodp":false,"robots_notranslate":false,"robots_max_snippet":null,"robots_max_videopreview":null,"robots_max_imagepreview":"large","priority":null,"frequency":null,"local_seo":null,"seo_analyzer_scan_date":"2025-12-03 10:47:14","breadcrumb_settings":null,"limit_modified_date":false,"open_ai":null,"ai":null,"created":"2020-12-21 13:37:19","updated":"2025-12-03 10:47:14"},"aioseo_breadcrumb":"<div class=\"aioseo-breadcrumbs\"><span class=\"aioseo-breadcrumb\">\n\t<a href=\"https:\/\/www.eldigitaldeasturias.com\/noticias\" title=\"Home\">Home<\/a>\n<\/span><span class=\"aioseo-breadcrumb-separator\">\u2013<\/span><span class=\"aioseo-breadcrumb\">\n\t<a href=\"https:\/\/www.eldigitaldeasturias.com\/noticias\/category\/destacadas\/\" title=\"Destacadas\">Destacadas<\/a>\n<\/span><span class=\"aioseo-breadcrumb-separator\">\u2013<\/span><span class=\"aioseo-breadcrumb\">\n\t<a href=\"https:\/\/www.eldigitaldeasturias.com\/noticias\/la-recogida-separada-de-papel-y-carton-envases-ligeros-y-vidrio-crece-en-asturias\/\" title=\"La recogida separada de papel y cart\u00f3n, envases ligeros y vidrio crece en Asturias\">La recogida separada de papel y cart\u00f3n, envases ligeros y vidrio crece en Asturias<\/a>\n<\/span><\/div>","aioseo_breadcrumb_json":[{"label":"Home","link":"https:\/\/www.eldigitaldeasturias.com\/noticias"},{"label":"Destacadas","link":"https:\/\/www.eldigitaldeasturias.com\/noticias\/category\/destacadas\/"},{"label":"La recogida separada de papel y cart\u00f3n, envases ligeros y vidrio crece en Asturias","link":"https:\/\/www.eldigitaldeasturias.com\/noticias\/la-recogida-separada-de-papel-y-carton-envases-ligeros-y-vidrio-crece-en-asturias\/"}],"_links":{"self":[{"href":"https:\/\/www.eldigitaldeasturias.com\/noticias\/wp-json\/wp\/v2\/posts\/927602","targetHints":{"allow":["GET"]}}],"collection":[{"href":"https:\/\/www.eldigitaldeasturias.com\/noticias\/wp-json\/wp\/v2\/posts"}],"about":[{"href":"https:\/\/www.eldigitaldeasturias.com\/noticias\/wp-json\/wp\/v2\/types\/post"}],"author":[{"embeddable":true,"href":"https:\/\/www.eldigitaldeasturias.com\/noticias\/wp-json\/wp\/v2\/users\/1"}],"replies":[{"embeddable":true,"href":"https:\/\/www.eldigitaldeasturias.com\/noticias\/wp-json\/wp\/v2\/comments?post=927602"}],"version-history":[{"count":0,"href":"https:\/\/www.eldigitaldeasturias.com\/noticias\/wp-json\/wp\/v2\/posts\/927602\/revisions"}],"wp:featuredmedia":[{"embeddable":true,"href":"https:\/\/www.eldigitaldeasturias.com\/noticias\/wp-json\/wp\/v2\/media\/766411"}],"wp:attachment":[{"href":"https:\/\/www.eldigitaldeasturias.com\/noticias\/wp-json\/wp\/v2\/media?parent=927602"}],"wp:term":[{"taxonomy":"category","embeddable":true,"href":"https:\/\/www.eldigitaldeasturias.com\/noticias\/wp-json\/wp\/v2\/categories?post=927602"},{"taxonomy":"post_tag","embeddable":true,"href":"https:\/\/www.eldigitaldeasturias.com\/noticias\/wp-json\/wp\/v2\/tags?post=927602"}],"curies":[{"name":"wp","href":"https:\/\/api.w.org\/{rel}","templated":true}]}}