{"id":927407,"date":"2017-02-25T13:09:46","date_gmt":"2017-02-25T13:09:46","guid":{"rendered":"http:\/\/www.eldigitaldeasturias.com\/noticias\/?p=927407"},"modified":"2017-02-25T13:09:46","modified_gmt":"2017-02-25T13:09:46","slug":"pedro-leal-langreo-se-situa-como-municipio-lider-en-tasas-de-desempleo","status":"publish","type":"post","link":"https:\/\/www.eldigitaldeasturias.com\/noticias\/pedro-leal-langreo-se-situa-como-municipio-lider-en-tasas-de-desempleo\/","title":{"rendered":"Pedro Leal: \u201cLangreo se sit\u00faa como municipio l\u00edder en tasas de desempleo\u201d"},"content":{"rendered":"<p><img loading=\"lazy\" decoding=\"async\" class=\"alignleft size-medium wp-image-927408\" src=\"https:\/\/www.eldigitaldeasturias.com\/noticias\/wp-content\/uploads\/2017\/02\/Leal-FORO-360x246.jpg\" alt=\"\" width=\"360\" height=\"246\" srcset=\"https:\/\/www.eldigitaldeasturias.com\/noticias\/wp-content\/uploads\/2017\/02\/Leal-FORO-360x246.jpg 360w, https:\/\/www.eldigitaldeasturias.com\/noticias\/wp-content\/uploads\/2017\/02\/Leal-FORO-768x525.jpg 768w, https:\/\/www.eldigitaldeasturias.com\/noticias\/wp-content\/uploads\/2017\/02\/Leal-FORO-650x444.jpg 650w, https:\/\/www.eldigitaldeasturias.com\/noticias\/wp-content\/uploads\/2017\/02\/Leal-FORO.jpg 800w\" sizes=\"auto, (max-width: 360px) 100vw, 360px\" \/>El diputado en la Junta General y presidente de FORO Langreo, Pedro Leal, despu\u00e9s de mantener un encuentro con los integrantes de la Comisi\u00f3n local de FORO, mostr\u00f3 en rueda informativa ante los medios de comunicaci\u00f3n su \u201cpreocupaci\u00f3n por los \u00faltimos datos de la EPA referentes a las Cuencas Mineras, y a este concejo en particular, que junto con el de Mieres, son los dos municipios asturianos que presentan la tasa de paro m\u00e1s elevada de la regi\u00f3n, el 20,64% y el 20,93% respectivamente, conforme a los datos proporcionados por el Laboratorio de An\u00e1lisis Econ\u00f3mico Regional (RegioLab)\u201d. Con estos datos \u201cLangreo se sit\u00faa como municipio l\u00edder en tasas de desempleo, lo que perpet\u00faa su desequilibrio respecto al resto de municipios\u201d, asegur\u00f3.<\/p>\n<p>\u201cMientras la tasa de paro regional \u2013relat\u00f3 Leal- se sit\u00faa en un 14,60%, los concejos m\u00e1s importantes de las Cuencas superan el 20%, y su tasa de ocupaci\u00f3n se mantiene tambi\u00e9n en descenso. Si a esto a\u00f1adimos que las Comarcas Mineras son el territorio que m\u00e1s sufre la p\u00e9rdida de j\u00f3venes en edad de trabajar, evidenciando la ausencia de relevo generacional, con todo lo supone para la actividad econ\u00f3mica de esta comarca, perdiendo un 38% de los j\u00f3venes entre 20 y 34 a\u00f1os, que se ven obligados a emigrar en b\u00fasqueda de empleo, esto ahonda a\u00fan m\u00e1s la decadencia en que est\u00e1 sumido Langreo y los dem\u00e1s concejos de las Comarcas Mineras\u201d.<\/p>\n<p>Pedro Leal coment\u00f3 que \u201chemos sufrido una reconversi\u00f3n dura, y a\u00fan estamos en ella, como pudimos comprobar con la clausura del pozo Mar\u00eda Luisa en diciembre pasado, sin embargo, ante la p\u00e9rdida demogr\u00e1fica y ante los alarmantes datos de la \u00faltima EPA, estamos en condiciones de afirmar que reactivaci\u00f3n gestionada durante 30 de a\u00f1os de gobierno socialista en Langreo ha fracasado, consecuencia del sectarismo de PSOE e IU en sus distintos a\u00f1os de gobierno, que s\u00f3lo promocionan la econom\u00eda subsidiada y amparada \u00fanicamente desde el sector p\u00fablico. Los continuos despilfarros de la \u00e9poca de bonanza, junto con la deficiente gesti\u00f3n socialista de los Fondos Mineros, nos han conducido a esta situaci\u00f3n. Hay que tener en cuenta tambi\u00e9n que desde el Ayuntamiento de Langreo ni el PSOE, primero, ni IU, despu\u00e9s, hicieron nada por conservar la industria emblem\u00e1tica de este concejo, como aconteci\u00f3 con la centenaria empresa Duro-Felguera, a la que se le puso un puente de plata para que creciera en Gij\u00f3n o en Mieres, lo que es una muestra de la persecuci\u00f3n a la que se somete a este tipo de compa\u00f1\u00edas, b\u00e1sicamente por meros perjuicios ideol\u00f3gicos y la ignorancia de ambas formaciones que as\u00ed lo consintieron\u201d.<\/p>\n<p>\u201cAdem\u00e1s, -manifest\u00f3 Leal- si a lo anterior a\u00f1adimos la presi\u00f3n fiscal a la que se ven sometidos los titulares de propiedades desde el Ayuntamiento de Langreo, provoca un efecto de ahuyentar la inversi\u00f3n, de ah\u00ed el panorama desolador de comprobar nuestros pol\u00edgonos industriales vac\u00edos y con baja actividad. Esta pol\u00edtica ha conducido a terminar con la clase media de Langreo, siendo en la actualidad tambi\u00e9n casi inexistente, obligando a emigrar a profesionales liberales, t\u00e9cnicos cualificados y emprendedores con talento, que se fueron a otras zonas de Asturias y de Espa\u00f1a; esta es una de las consecuencias del sectarismo de PSOE e IU en sus distintos a\u00f1os de gobierno, y de sus pactos con otras fuerzas de izquierda, que s\u00f3lo buscaban una econom\u00eda subsidiada y amparada \u00fanicamente desde el sector p\u00fablico, rechazando y poniendo obst\u00e1culos a toda inversi\u00f3n privada\u201d, insisti\u00f3.<\/p>\n<p>\u201cEn este a\u00f1o 2017 recomendamos a Jes\u00fas S\u00e1nchez, Alcalde Langreo, que muestre valent\u00eda y desde el Ayuntamiento langreano se adopten bonificaciones y beneficios fiscales en las ordenanzas para favorecer el regreso y la implantaciones de empresas, y que no siga por la senda del incremento de tributos. De igual modo, exigimos al gobierno del Principado de Asturias que, al igual que hizo FORO cuando tuvo responsabilidades de gobierno, se cree un grupo de trabajo en la Consejer\u00eda de Econom\u00eda para que, en coordinaci\u00f3n con el resto de las \u00e1reas del ejecutivo auton\u00f3mico, se trabaje para dinamizar las Cuencas Mineras y frenar la decadencia a la que se dirige, y se ponga freno a la sangr\u00eda demogr\u00e1fica que sufre\u201d, dijo.<\/p>\n<p>\u201cJavier Fern\u00e1ndez est\u00e1 ante la \u00faltima oportunidad de ponerse a trabajar en beneficio de Langreo y de las Cuencas Mineras, y revertir la pol\u00edtica de desd\u00e9n sufrida desde el arecismo socialista\u201d, concluy\u00f3.<\/p>\n<p>&nbsp;<\/p>\n","protected":false},"excerpt":{"rendered":"<p>El diputado en la Junta General y presidente de FORO Langreo, Pedro Leal, despu\u00e9s de mantener un encuentro con los integrantes de la Comisi\u00f3n local de FORO, mostr\u00f3 en rueda informativa ante los medios de comunicaci\u00f3n su \u201cpreocupaci\u00f3n por los \u00faltimos datos de la EPA referentes a las Cuencas Mineras, y a este concejo en [&hellip;]<\/p>\n","protected":false},"author":1,"featured_media":927408,"comment_status":"closed","ping_status":"closed","sticky":false,"template":"","format":"standard","meta":{"footnotes":""},"categories":[141],"tags":[],"class_list":["post-927407","post","type-post","status-publish","format-standard","has-post-thumbnail","hentry","category-destacadas"],"aioseo_notices":[],"aioseo_head":"\n\t\t<!-- All in One SEO Pro 4.9.6.2 - aioseo.com -->\n\t<meta name=\"description\" content=\"El diputado en la Junta General y presidente de FORO Langreo, Pedro Leal, despu\u00e9s de mantener un encuentro con los integrantes de la Comisi\u00f3n local de FORO, mostr\u00f3 en rueda informativa ante los medios de comunicaci\u00f3n su \u201cpreocupaci\u00f3n por los \u00faltimos datos de la EPA referentes a las Cuencas Mineras, y a este concejo en\" \/>\n\t<meta name=\"robots\" content=\"max-image-preview:large\" \/>\n\t<meta name=\"author\" content=\"El Digital de Asturias\"\/>\n\t<meta name=\"google-site-verification\" content=\"UA-38556648-1\" \/>\n\t<meta name=\"msvalidate.01\" content=\"7dfe9f3f1b24437ab69f4f2559babe99\" \/>\n\t<meta name=\"keywords\" content=\"destacadas\" \/>\n\t<link rel=\"canonical\" href=\"https:\/\/www.eldigitaldeasturias.com\/noticias\/pedro-leal-langreo-se-situa-como-municipio-lider-en-tasas-de-desempleo\/\" \/>\n\t<meta name=\"generator\" content=\"All in One SEO Pro (AIOSEO) 4.9.6.2\" \/>\n\t\t<meta property=\"og:locale\" content=\"es_ES\" \/>\n\t\t<meta property=\"og:site_name\" content=\"El Digital de Asturias\" \/>\n\t\t<meta property=\"og:type\" content=\"article\" \/>\n\t\t<meta property=\"og:title\" content=\"Pedro Leal: \u201cLangreo se sit\u00faa como municipio l\u00edder en tasas de desempleo\u201d - El Digital de Asturias\" \/>\n\t\t<meta property=\"og:description\" content=\"El diputado en la Junta General y presidente de FORO Langreo, Pedro Leal, despu\u00e9s de mantener un encuentro con los integrantes de la Comisi\u00f3n local de FORO, mostr\u00f3 en rueda informativa ante los medios de comunicaci\u00f3n su \u201cpreocupaci\u00f3n por los \u00faltimos datos de la EPA referentes a las Cuencas Mineras, y a este concejo en\" \/>\n\t\t<meta property=\"og:url\" content=\"https:\/\/www.eldigitaldeasturias.com\/noticias\/pedro-leal-langreo-se-situa-como-municipio-lider-en-tasas-de-desempleo\/\" \/>\n\t\t<meta property=\"og:image\" content=\"https:\/\/www.eldigitaldeasturias.com\/noticias\/wp-content\/uploads\/2017\/02\/Leal-FORO.jpg\" \/>\n\t\t<meta property=\"og:image:secure_url\" content=\"https:\/\/www.eldigitaldeasturias.com\/noticias\/wp-content\/uploads\/2017\/02\/Leal-FORO.jpg\" \/>\n\t\t<meta property=\"og:image:width\" content=\"800\" \/>\n\t\t<meta property=\"og:image:height\" content=\"547\" \/>\n\t\t<meta property=\"article:tag\" content=\"destacadas\" \/>\n\t\t<meta property=\"article:published_time\" content=\"2017-02-25T13:09:46+00:00\" \/>\n\t\t<meta property=\"article:modified_time\" content=\"2017-02-25T13:09:46+00:00\" \/>\n\t\t<meta property=\"article:publisher\" content=\"https:\/\/facebook.com\/eldigitaldeasturias\" \/>\n\t\t<meta name=\"twitter:card\" content=\"summary_large_image\" \/>\n\t\t<meta name=\"twitter:title\" content=\"Pedro Leal: \u201cLangreo se sit\u00faa como municipio l\u00edder en tasas de desempleo\u201d - El Digital de Asturias\" \/>\n\t\t<meta name=\"twitter:description\" content=\"El diputado en la Junta General y presidente de FORO Langreo, Pedro Leal, despu\u00e9s de mantener un encuentro con los integrantes de la Comisi\u00f3n local de FORO, mostr\u00f3 en rueda informativa ante los medios de comunicaci\u00f3n su \u201cpreocupaci\u00f3n por los \u00faltimos datos de la EPA referentes a las Cuencas Mineras, y a este concejo en\" \/>\n\t\t<meta name=\"twitter:image\" content=\"https:\/\/www.eldigitaldeasturias.com\/noticias\/wp-content\/uploads\/2017\/02\/Leal-FORO.jpg\" \/>\n\t\t<meta name=\"twitter:label1\" content=\"Escrito por\" \/>\n\t\t<meta name=\"twitter:data1\" content=\"El Digital de Asturias\" \/>\n\t\t<meta name=\"twitter:label2\" content=\"Tiempo de lectura estimado\" \/>\n\t\t<meta name=\"twitter:data2\" content=\"4 minutos\" \/>\n\t\t<script type=\"application\/ld+json\" class=\"aioseo-schema\">\n\t\t\t{\"@context\":\"https:\\\/\\\/schema.org\",\"@graph\":[{\"@type\":\"BlogPosting\",\"@id\":\"https:\\\/\\\/www.eldigitaldeasturias.com\\\/noticias\\\/pedro-leal-langreo-se-situa-como-municipio-lider-en-tasas-de-desempleo\\\/#blogposting\",\"name\":\"Pedro Leal: \\u201cLangreo se sit\\u00faa como municipio l\\u00edder en tasas de desempleo\\u201d - El Digital de Asturias\",\"headline\":\"Pedro Leal: \\u201cLangreo se sit\\u00faa como municipio l\\u00edder en tasas de desempleo\\u201d\",\"author\":{\"@id\":\"https:\\\/\\\/www.eldigitaldeasturias.com\\\/noticias\\\/author\\\/admin\\\/#author\"},\"publisher\":{\"@id\":\"https:\\\/\\\/www.eldigitaldeasturias.com\\\/noticias\\\/#organization\"},\"image\":{\"@type\":\"ImageObject\",\"url\":\"https:\\\/\\\/www.eldigitaldeasturias.com\\\/noticias\\\/wp-content\\\/uploads\\\/2017\\\/02\\\/Leal-FORO.jpg\",\"width\":800,\"height\":547},\"datePublished\":\"2017-02-25T13:09:46+01:00\",\"dateModified\":\"2017-02-25T13:09:46+01:00\",\"inLanguage\":\"es-ES\",\"mainEntityOfPage\":{\"@id\":\"https:\\\/\\\/www.eldigitaldeasturias.com\\\/noticias\\\/pedro-leal-langreo-se-situa-como-municipio-lider-en-tasas-de-desempleo\\\/#webpage\"},\"isPartOf\":{\"@id\":\"https:\\\/\\\/www.eldigitaldeasturias.com\\\/noticias\\\/pedro-leal-langreo-se-situa-como-municipio-lider-en-tasas-de-desempleo\\\/#webpage\"},\"articleSection\":\"Destacadas\"},{\"@type\":\"BreadcrumbList\",\"@id\":\"https:\\\/\\\/www.eldigitaldeasturias.com\\\/noticias\\\/pedro-leal-langreo-se-situa-como-municipio-lider-en-tasas-de-desempleo\\\/#breadcrumblist\",\"itemListElement\":[{\"@type\":\"ListItem\",\"@id\":\"https:\\\/\\\/www.eldigitaldeasturias.com\\\/noticias#listItem\",\"position\":1,\"name\":\"Home\",\"item\":\"https:\\\/\\\/www.eldigitaldeasturias.com\\\/noticias\",\"nextItem\":{\"@type\":\"ListItem\",\"@id\":\"https:\\\/\\\/www.eldigitaldeasturias.com\\\/noticias\\\/category\\\/destacadas\\\/#listItem\",\"name\":\"Destacadas\"}},{\"@type\":\"ListItem\",\"@id\":\"https:\\\/\\\/www.eldigitaldeasturias.com\\\/noticias\\\/category\\\/destacadas\\\/#listItem\",\"position\":2,\"name\":\"Destacadas\",\"item\":\"https:\\\/\\\/www.eldigitaldeasturias.com\\\/noticias\\\/category\\\/destacadas\\\/\",\"nextItem\":{\"@type\":\"ListItem\",\"@id\":\"https:\\\/\\\/www.eldigitaldeasturias.com\\\/noticias\\\/pedro-leal-langreo-se-situa-como-municipio-lider-en-tasas-de-desempleo\\\/#listItem\",\"name\":\"Pedro Leal: \\u201cLangreo se sit\\u00faa como municipio l\\u00edder en tasas de desempleo\\u201d\"},\"previousItem\":{\"@type\":\"ListItem\",\"@id\":\"https:\\\/\\\/www.eldigitaldeasturias.com\\\/noticias#listItem\",\"name\":\"Home\"}},{\"@type\":\"ListItem\",\"@id\":\"https:\\\/\\\/www.eldigitaldeasturias.com\\\/noticias\\\/pedro-leal-langreo-se-situa-como-municipio-lider-en-tasas-de-desempleo\\\/#listItem\",\"position\":3,\"name\":\"Pedro Leal: \\u201cLangreo se sit\\u00faa como municipio l\\u00edder en tasas de desempleo\\u201d\",\"previousItem\":{\"@type\":\"ListItem\",\"@id\":\"https:\\\/\\\/www.eldigitaldeasturias.com\\\/noticias\\\/category\\\/destacadas\\\/#listItem\",\"name\":\"Destacadas\"}}]},{\"@type\":\"Organization\",\"@id\":\"https:\\\/\\\/www.eldigitaldeasturias.com\\\/noticias\\\/#organization\",\"name\":\"El Digital de Asturias\",\"description\":\"Hemeroteca\",\"url\":\"https:\\\/\\\/www.eldigitaldeasturias.com\\\/noticias\\\/\",\"email\":\"info@eldigitaldeasturias.com\",\"telephone\":\"+34652131393\",\"logo\":{\"@type\":\"ImageObject\",\"url\":\"https:\\\/\\\/www.eldigitaldeasturias.com\\\/noticias\\\/wp-content\\\/uploads\\\/2020\\\/12\\\/EDA.jpg\",\"@id\":\"https:\\\/\\\/www.eldigitaldeasturias.com\\\/noticias\\\/pedro-leal-langreo-se-situa-como-municipio-lider-en-tasas-de-desempleo\\\/#organizationLogo\",\"width\":649,\"height\":297},\"image\":{\"@id\":\"https:\\\/\\\/www.eldigitaldeasturias.com\\\/noticias\\\/pedro-leal-langreo-se-situa-como-municipio-lider-en-tasas-de-desempleo\\\/#organizationLogo\"},\"sameAs\":[\"https:\\\/\\\/facebook.com\\\/eldigitaldeasturias\",\"https:\\\/\\\/www.youtube.com\\\/channel\\\/UCZP-2wLEB9Rv6erhFmqVnvg\"],\"address\":{\"@id\":\"https:\\\/\\\/www.eldigitaldeasturias.com\\\/noticias\\\/#postaladdress\",\"@type\":\"PostalAddress\",\"streetAddress\":\"san antonio 4,\",\"postalCode\":\"33430\",\"addressLocality\":\"Cand\\u00e1s\",\"addressRegion\":\"Asturias\",\"addressCountry\":\"ES\"}},{\"@type\":\"Person\",\"@id\":\"https:\\\/\\\/www.eldigitaldeasturias.com\\\/noticias\\\/author\\\/admin\\\/#author\",\"url\":\"https:\\\/\\\/www.eldigitaldeasturias.com\\\/noticias\\\/author\\\/admin\\\/\",\"name\":\"El Digital de Asturias\",\"image\":{\"@type\":\"ImageObject\",\"@id\":\"https:\\\/\\\/www.eldigitaldeasturias.com\\\/noticias\\\/pedro-leal-langreo-se-situa-como-municipio-lider-en-tasas-de-desempleo\\\/#authorImage\",\"url\":\"https:\\\/\\\/www.eldigitaldeasturias.com\\\/noticias\\\/wp-content\\\/litespeed\\\/avatar\\\/18677e78aa0546b92d9dbf31ec7d7668.jpg?ver=1777290358\",\"width\":96,\"height\":96,\"caption\":\"El Digital de Asturias\"}},{\"@type\":\"WebPage\",\"@id\":\"https:\\\/\\\/www.eldigitaldeasturias.com\\\/noticias\\\/pedro-leal-langreo-se-situa-como-municipio-lider-en-tasas-de-desempleo\\\/#webpage\",\"url\":\"https:\\\/\\\/www.eldigitaldeasturias.com\\\/noticias\\\/pedro-leal-langreo-se-situa-como-municipio-lider-en-tasas-de-desempleo\\\/\",\"name\":\"Pedro Leal: \\u201cLangreo se sit\\u00faa como municipio l\\u00edder en tasas de desempleo\\u201d - El Digital de Asturias\",\"description\":\"El diputado en la Junta General y presidente de FORO Langreo, Pedro Leal, despu\\u00e9s de mantener un encuentro con los integrantes de la Comisi\\u00f3n local de FORO, mostr\\u00f3 en rueda informativa ante los medios de comunicaci\\u00f3n su \\u201cpreocupaci\\u00f3n por los \\u00faltimos datos de la EPA referentes a las Cuencas Mineras, y a este concejo en\",\"inLanguage\":\"es-ES\",\"isPartOf\":{\"@id\":\"https:\\\/\\\/www.eldigitaldeasturias.com\\\/noticias\\\/#website\"},\"breadcrumb\":{\"@id\":\"https:\\\/\\\/www.eldigitaldeasturias.com\\\/noticias\\\/pedro-leal-langreo-se-situa-como-municipio-lider-en-tasas-de-desempleo\\\/#breadcrumblist\"},\"author\":{\"@id\":\"https:\\\/\\\/www.eldigitaldeasturias.com\\\/noticias\\\/author\\\/admin\\\/#author\"},\"creator\":{\"@id\":\"https:\\\/\\\/www.eldigitaldeasturias.com\\\/noticias\\\/author\\\/admin\\\/#author\"},\"image\":{\"@type\":\"ImageObject\",\"url\":\"https:\\\/\\\/www.eldigitaldeasturias.com\\\/noticias\\\/wp-content\\\/uploads\\\/2017\\\/02\\\/Leal-FORO.jpg\",\"@id\":\"https:\\\/\\\/www.eldigitaldeasturias.com\\\/noticias\\\/pedro-leal-langreo-se-situa-como-municipio-lider-en-tasas-de-desempleo\\\/#mainImage\",\"width\":800,\"height\":547},\"primaryImageOfPage\":{\"@id\":\"https:\\\/\\\/www.eldigitaldeasturias.com\\\/noticias\\\/pedro-leal-langreo-se-situa-como-municipio-lider-en-tasas-de-desempleo\\\/#mainImage\"},\"datePublished\":\"2017-02-25T13:09:46+01:00\",\"dateModified\":\"2017-02-25T13:09:46+01:00\"},{\"@type\":\"WebSite\",\"@id\":\"https:\\\/\\\/www.eldigitaldeasturias.com\\\/noticias\\\/#website\",\"url\":\"https:\\\/\\\/www.eldigitaldeasturias.com\\\/noticias\\\/\",\"name\":\"El Digital de Asturias - Diario de actualidad y noticias\",\"alternateName\":\"El Digital de Asturias - Diario de actualidad y noticias\",\"description\":\"Hemeroteca\",\"inLanguage\":\"es-ES\",\"publisher\":{\"@id\":\"https:\\\/\\\/www.eldigitaldeasturias.com\\\/noticias\\\/#organization\"}}]}\n\t\t<\/script>\n\t\t<!-- All in One SEO Pro -->\r\n\t\t<title>Pedro Leal: \u201cLangreo se sit\u00faa como municipio l\u00edder en tasas de desempleo\u201d - El Digital de Asturias<\/title>\n\n","aioseo_head_json":{"title":"Pedro Leal: \u201cLangreo se sit\u00faa como municipio l\u00edder en tasas de desempleo\u201d - El Digital de Asturias","description":"El diputado en la Junta General y presidente de FORO Langreo, Pedro Leal, despu\u00e9s de mantener un encuentro con los integrantes de la Comisi\u00f3n local de FORO, mostr\u00f3 en rueda informativa ante los medios de comunicaci\u00f3n su \u201cpreocupaci\u00f3n por los \u00faltimos datos de la EPA referentes a las Cuencas Mineras, y a este concejo en","canonical_url":"https:\/\/www.eldigitaldeasturias.com\/noticias\/pedro-leal-langreo-se-situa-como-municipio-lider-en-tasas-de-desempleo\/","robots":"max-image-preview:large","keywords":"destacadas","webmasterTools":{"google-site-verification":"UA-38556648-1","msvalidate.01":"7dfe9f3f1b24437ab69f4f2559babe99","miscellaneous":""},"schema":{"@context":"https:\/\/schema.org","@graph":[{"@type":"BlogPosting","@id":"https:\/\/www.eldigitaldeasturias.com\/noticias\/pedro-leal-langreo-se-situa-como-municipio-lider-en-tasas-de-desempleo\/#blogposting","name":"Pedro Leal: \u201cLangreo se sit\u00faa como municipio l\u00edder en tasas de desempleo\u201d - El Digital de Asturias","headline":"Pedro Leal: \u201cLangreo se sit\u00faa como municipio l\u00edder en tasas de desempleo\u201d","author":{"@id":"https:\/\/www.eldigitaldeasturias.com\/noticias\/author\/admin\/#author"},"publisher":{"@id":"https:\/\/www.eldigitaldeasturias.com\/noticias\/#organization"},"image":{"@type":"ImageObject","url":"https:\/\/www.eldigitaldeasturias.com\/noticias\/wp-content\/uploads\/2017\/02\/Leal-FORO.jpg","width":800,"height":547},"datePublished":"2017-02-25T13:09:46+01:00","dateModified":"2017-02-25T13:09:46+01:00","inLanguage":"es-ES","mainEntityOfPage":{"@id":"https:\/\/www.eldigitaldeasturias.com\/noticias\/pedro-leal-langreo-se-situa-como-municipio-lider-en-tasas-de-desempleo\/#webpage"},"isPartOf":{"@id":"https:\/\/www.eldigitaldeasturias.com\/noticias\/pedro-leal-langreo-se-situa-como-municipio-lider-en-tasas-de-desempleo\/#webpage"},"articleSection":"Destacadas"},{"@type":"BreadcrumbList","@id":"https:\/\/www.eldigitaldeasturias.com\/noticias\/pedro-leal-langreo-se-situa-como-municipio-lider-en-tasas-de-desempleo\/#breadcrumblist","itemListElement":[{"@type":"ListItem","@id":"https:\/\/www.eldigitaldeasturias.com\/noticias#listItem","position":1,"name":"Home","item":"https:\/\/www.eldigitaldeasturias.com\/noticias","nextItem":{"@type":"ListItem","@id":"https:\/\/www.eldigitaldeasturias.com\/noticias\/category\/destacadas\/#listItem","name":"Destacadas"}},{"@type":"ListItem","@id":"https:\/\/www.eldigitaldeasturias.com\/noticias\/category\/destacadas\/#listItem","position":2,"name":"Destacadas","item":"https:\/\/www.eldigitaldeasturias.com\/noticias\/category\/destacadas\/","nextItem":{"@type":"ListItem","@id":"https:\/\/www.eldigitaldeasturias.com\/noticias\/pedro-leal-langreo-se-situa-como-municipio-lider-en-tasas-de-desempleo\/#listItem","name":"Pedro Leal: \u201cLangreo se sit\u00faa como municipio l\u00edder en tasas de desempleo\u201d"},"previousItem":{"@type":"ListItem","@id":"https:\/\/www.eldigitaldeasturias.com\/noticias#listItem","name":"Home"}},{"@type":"ListItem","@id":"https:\/\/www.eldigitaldeasturias.com\/noticias\/pedro-leal-langreo-se-situa-como-municipio-lider-en-tasas-de-desempleo\/#listItem","position":3,"name":"Pedro Leal: \u201cLangreo se sit\u00faa como municipio l\u00edder en tasas de desempleo\u201d","previousItem":{"@type":"ListItem","@id":"https:\/\/www.eldigitaldeasturias.com\/noticias\/category\/destacadas\/#listItem","name":"Destacadas"}}]},{"@type":"Organization","@id":"https:\/\/www.eldigitaldeasturias.com\/noticias\/#organization","name":"El Digital de Asturias","description":"Hemeroteca","url":"https:\/\/www.eldigitaldeasturias.com\/noticias\/","email":"info@eldigitaldeasturias.com","telephone":"+34652131393","logo":{"@type":"ImageObject","url":"https:\/\/www.eldigitaldeasturias.com\/noticias\/wp-content\/uploads\/2020\/12\/EDA.jpg","@id":"https:\/\/www.eldigitaldeasturias.com\/noticias\/pedro-leal-langreo-se-situa-como-municipio-lider-en-tasas-de-desempleo\/#organizationLogo","width":649,"height":297},"image":{"@id":"https:\/\/www.eldigitaldeasturias.com\/noticias\/pedro-leal-langreo-se-situa-como-municipio-lider-en-tasas-de-desempleo\/#organizationLogo"},"sameAs":["https:\/\/facebook.com\/eldigitaldeasturias","https:\/\/www.youtube.com\/channel\/UCZP-2wLEB9Rv6erhFmqVnvg"],"address":{"@id":"https:\/\/www.eldigitaldeasturias.com\/noticias\/#postaladdress","@type":"PostalAddress","streetAddress":"san antonio 4,","postalCode":"33430","addressLocality":"Cand\u00e1s","addressRegion":"Asturias","addressCountry":"ES"}},{"@type":"Person","@id":"https:\/\/www.eldigitaldeasturias.com\/noticias\/author\/admin\/#author","url":"https:\/\/www.eldigitaldeasturias.com\/noticias\/author\/admin\/","name":"El Digital de Asturias","image":{"@type":"ImageObject","@id":"https:\/\/www.eldigitaldeasturias.com\/noticias\/pedro-leal-langreo-se-situa-como-municipio-lider-en-tasas-de-desempleo\/#authorImage","url":"https:\/\/www.eldigitaldeasturias.com\/noticias\/wp-content\/litespeed\/avatar\/18677e78aa0546b92d9dbf31ec7d7668.jpg?ver=1777290358","width":96,"height":96,"caption":"El Digital de Asturias"}},{"@type":"WebPage","@id":"https:\/\/www.eldigitaldeasturias.com\/noticias\/pedro-leal-langreo-se-situa-como-municipio-lider-en-tasas-de-desempleo\/#webpage","url":"https:\/\/www.eldigitaldeasturias.com\/noticias\/pedro-leal-langreo-se-situa-como-municipio-lider-en-tasas-de-desempleo\/","name":"Pedro Leal: \u201cLangreo se sit\u00faa como municipio l\u00edder en tasas de desempleo\u201d - El Digital de Asturias","description":"El diputado en la Junta General y presidente de FORO Langreo, Pedro Leal, despu\u00e9s de mantener un encuentro con los integrantes de la Comisi\u00f3n local de FORO, mostr\u00f3 en rueda informativa ante los medios de comunicaci\u00f3n su \u201cpreocupaci\u00f3n por los \u00faltimos datos de la EPA referentes a las Cuencas Mineras, y a este concejo en","inLanguage":"es-ES","isPartOf":{"@id":"https:\/\/www.eldigitaldeasturias.com\/noticias\/#website"},"breadcrumb":{"@id":"https:\/\/www.eldigitaldeasturias.com\/noticias\/pedro-leal-langreo-se-situa-como-municipio-lider-en-tasas-de-desempleo\/#breadcrumblist"},"author":{"@id":"https:\/\/www.eldigitaldeasturias.com\/noticias\/author\/admin\/#author"},"creator":{"@id":"https:\/\/www.eldigitaldeasturias.com\/noticias\/author\/admin\/#author"},"image":{"@type":"ImageObject","url":"https:\/\/www.eldigitaldeasturias.com\/noticias\/wp-content\/uploads\/2017\/02\/Leal-FORO.jpg","@id":"https:\/\/www.eldigitaldeasturias.com\/noticias\/pedro-leal-langreo-se-situa-como-municipio-lider-en-tasas-de-desempleo\/#mainImage","width":800,"height":547},"primaryImageOfPage":{"@id":"https:\/\/www.eldigitaldeasturias.com\/noticias\/pedro-leal-langreo-se-situa-como-municipio-lider-en-tasas-de-desempleo\/#mainImage"},"datePublished":"2017-02-25T13:09:46+01:00","dateModified":"2017-02-25T13:09:46+01:00"},{"@type":"WebSite","@id":"https:\/\/www.eldigitaldeasturias.com\/noticias\/#website","url":"https:\/\/www.eldigitaldeasturias.com\/noticias\/","name":"El Digital de Asturias - Diario de actualidad y noticias","alternateName":"El Digital de Asturias - Diario de actualidad y noticias","description":"Hemeroteca","inLanguage":"es-ES","publisher":{"@id":"https:\/\/www.eldigitaldeasturias.com\/noticias\/#organization"}}]},"og:locale":"es_ES","og:site_name":"El Digital de Asturias","og:type":"article","og:title":"Pedro Leal: \u201cLangreo se sit\u00faa como municipio l\u00edder en tasas de desempleo\u201d - El Digital de Asturias","og:description":"El diputado en la Junta General y presidente de FORO Langreo, Pedro Leal, despu\u00e9s de mantener un encuentro con los integrantes de la Comisi\u00f3n local de FORO, mostr\u00f3 en rueda informativa ante los medios de comunicaci\u00f3n su \u201cpreocupaci\u00f3n por los \u00faltimos datos de la EPA referentes a las Cuencas Mineras, y a este concejo en","og:url":"https:\/\/www.eldigitaldeasturias.com\/noticias\/pedro-leal-langreo-se-situa-como-municipio-lider-en-tasas-de-desempleo\/","og:image":"https:\/\/www.eldigitaldeasturias.com\/noticias\/wp-content\/uploads\/2017\/02\/Leal-FORO.jpg","og:image:secure_url":"https:\/\/www.eldigitaldeasturias.com\/noticias\/wp-content\/uploads\/2017\/02\/Leal-FORO.jpg","og:image:width":800,"og:image:height":547,"article:tag":["destacadas"],"article:published_time":"2017-02-25T13:09:46+00:00","article:modified_time":"2017-02-25T13:09:46+00:00","article:publisher":"https:\/\/facebook.com\/eldigitaldeasturias","twitter:card":"summary_large_image","twitter:title":"Pedro Leal: \u201cLangreo se sit\u00faa como municipio l\u00edder en tasas de desempleo\u201d - El Digital de Asturias","twitter:description":"El diputado en la Junta General y presidente de FORO Langreo, Pedro Leal, despu\u00e9s de mantener un encuentro con los integrantes de la Comisi\u00f3n local de FORO, mostr\u00f3 en rueda informativa ante los medios de comunicaci\u00f3n su \u201cpreocupaci\u00f3n por los \u00faltimos datos de la EPA referentes a las Cuencas Mineras, y a este concejo en","twitter:image":"https:\/\/www.eldigitaldeasturias.com\/noticias\/wp-content\/uploads\/2017\/02\/Leal-FORO.jpg","twitter:label1":"Escrito por","twitter:data1":"El Digital de Asturias","twitter:label2":"Tiempo de lectura estimado","twitter:data2":"4 minutos"},"aioseo_meta_data":{"post_id":"927407","title":null,"description":null,"keywords":null,"keyphrases":null,"primary_term":null,"canonical_url":null,"og_title":null,"og_description":null,"og_object_type":"default","og_image_type":"default","og_image_url":null,"og_image_width":null,"og_image_height":null,"og_image_custom_url":null,"og_image_custom_fields":null,"og_video":null,"og_custom_url":null,"og_article_section":null,"og_article_tags":null,"twitter_use_og":false,"twitter_card":"default","twitter_image_type":"default","twitter_image_url":null,"twitter_image_custom_url":null,"twitter_image_custom_fields":null,"twitter_title":null,"twitter_description":null,"schema":{"blockGraphs":[],"customGraphs":[],"default":{"data":{"Article":[],"Course":[],"Dataset":[],"FAQPage":[],"Movie":[],"Person":[],"Product":[],"ProductReview":[],"Car":[],"Recipe":[],"Service":[],"SoftwareApplication":[],"WebPage":[]},"graphName":"","isEnabled":true},"graphs":[],"defaultGraph":"","defaultPostTypeGraph":""},"schema_type":null,"schema_type_options":null,"pillar_content":false,"robots_default":true,"robots_noindex":false,"robots_noarchive":false,"robots_nosnippet":false,"robots_nofollow":false,"robots_noimageindex":false,"robots_noodp":false,"robots_notranslate":false,"robots_max_snippet":null,"robots_max_videopreview":null,"robots_max_imagepreview":"large","priority":null,"frequency":null,"local_seo":null,"seo_analyzer_scan_date":"2025-12-03 10:08:29","breadcrumb_settings":null,"limit_modified_date":false,"open_ai":null,"ai":null,"created":"2020-12-21 13:37:24","updated":"2025-12-03 10:08:29"},"aioseo_breadcrumb":"<div class=\"aioseo-breadcrumbs\"><span class=\"aioseo-breadcrumb\">\n\t<a href=\"https:\/\/www.eldigitaldeasturias.com\/noticias\" title=\"Home\">Home<\/a>\n<\/span><span class=\"aioseo-breadcrumb-separator\">\u2013<\/span><span class=\"aioseo-breadcrumb\">\n\t<a href=\"https:\/\/www.eldigitaldeasturias.com\/noticias\/category\/destacadas\/\" title=\"Destacadas\">Destacadas<\/a>\n<\/span><span class=\"aioseo-breadcrumb-separator\">\u2013<\/span><span class=\"aioseo-breadcrumb\">\n\t<a href=\"https:\/\/www.eldigitaldeasturias.com\/noticias\/pedro-leal-langreo-se-situa-como-municipio-lider-en-tasas-de-desempleo\/\" title=\"Pedro Leal: \u201cLangreo se sit\u00faa como municipio l\u00edder en tasas de desempleo\u201d\">Pedro Leal: \u201cLangreo se sit\u00faa como municipio l\u00edder en tasas de desempleo\u201d<\/a>\n<\/span><\/div>","aioseo_breadcrumb_json":[{"label":"Home","link":"https:\/\/www.eldigitaldeasturias.com\/noticias"},{"label":"Destacadas","link":"https:\/\/www.eldigitaldeasturias.com\/noticias\/category\/destacadas\/"},{"label":"Pedro Leal: \u201cLangreo se sit\u00faa como municipio l\u00edder en tasas de desempleo\u201d","link":"https:\/\/www.eldigitaldeasturias.com\/noticias\/pedro-leal-langreo-se-situa-como-municipio-lider-en-tasas-de-desempleo\/"}],"_links":{"self":[{"href":"https:\/\/www.eldigitaldeasturias.com\/noticias\/wp-json\/wp\/v2\/posts\/927407","targetHints":{"allow":["GET"]}}],"collection":[{"href":"https:\/\/www.eldigitaldeasturias.com\/noticias\/wp-json\/wp\/v2\/posts"}],"about":[{"href":"https:\/\/www.eldigitaldeasturias.com\/noticias\/wp-json\/wp\/v2\/types\/post"}],"author":[{"embeddable":true,"href":"https:\/\/www.eldigitaldeasturias.com\/noticias\/wp-json\/wp\/v2\/users\/1"}],"replies":[{"embeddable":true,"href":"https:\/\/www.eldigitaldeasturias.com\/noticias\/wp-json\/wp\/v2\/comments?post=927407"}],"version-history":[{"count":0,"href":"https:\/\/www.eldigitaldeasturias.com\/noticias\/wp-json\/wp\/v2\/posts\/927407\/revisions"}],"wp:featuredmedia":[{"embeddable":true,"href":"https:\/\/www.eldigitaldeasturias.com\/noticias\/wp-json\/wp\/v2\/media\/927408"}],"wp:attachment":[{"href":"https:\/\/www.eldigitaldeasturias.com\/noticias\/wp-json\/wp\/v2\/media?parent=927407"}],"wp:term":[{"taxonomy":"category","embeddable":true,"href":"https:\/\/www.eldigitaldeasturias.com\/noticias\/wp-json\/wp\/v2\/categories?post=927407"},{"taxonomy":"post_tag","embeddable":true,"href":"https:\/\/www.eldigitaldeasturias.com\/noticias\/wp-json\/wp\/v2\/tags?post=927407"}],"curies":[{"name":"wp","href":"https:\/\/api.w.org\/{rel}","templated":true}]}}