{"id":927320,"date":"2017-02-25T00:10:49","date_gmt":"2017-02-25T00:10:49","guid":{"rendered":"http:\/\/www.eldigitaldeasturias.com\/noticias\/?p=927320"},"modified":"2017-02-25T00:10:49","modified_gmt":"2017-02-25T00:10:49","slug":"asturias-pide-medidas-urgentes-para-luchar-contra-la-violencia-de-genero","status":"publish","type":"post","link":"https:\/\/www.eldigitaldeasturias.com\/noticias\/asturias-pide-medidas-urgentes-para-luchar-contra-la-violencia-de-genero\/","title":{"rendered":"Asturias pide medidas urgentes para luchar contra la violencia de g\u00e9nero"},"content":{"rendered":"<p><img loading=\"lazy\" decoding=\"async\" class=\"alignleft size-medium wp-image-566275\" src=\"https:\/\/www.eldigitaldeasturias.com\/noticias\/wp-content\/uploads\/2014\/07\/2014_07_23-G-Martinez-360x226.jpg\" alt=\"\" width=\"360\" height=\"226\" \/>El Gobierno de Asturias ha exigido hoy al Ejecutivo central la adopci\u00f3n de medidas urgentes para detener el alarmante aumento de v\u00edctimas de violencia de g\u00e9nero, as\u00ed como la convocatoria extraordinaria de una Conferencia Sectorial de Igualdad en la que se busquen soluciones ante esta lacra social. Desde principios de a\u00f1o, han sido asesinadas por sus parejas o exparejas 16 mujeres, cinco de ellas en los \u00faltimos cuatro d\u00edas.<\/p>\n<p>El consejero de Presidencia y Participaci\u00f3n Ciudadana, Guillermo Mart\u00ednez, que considera inaceptable la falta de respuesta del Gobierno de Espa\u00f1a ante el grave incremento de casos, sin precedentes en la \u00faltima d\u00e9cada, exige una acci\u00f3n firme y decidida para detener el terrorismo machista. Para ello propone, entre otras medidas, la puesta en marcha de campa\u00f1as de sensibilizaci\u00f3n e informaci\u00f3n a la ciudadan\u00eda y el refuerzo de la financiaci\u00f3n destinada a proteger a las v\u00edctimas.<\/p>\n<p>Las comunidades aut\u00f3nomas llevan el mayor peso en la atenci\u00f3n integral a las mujeres que padecen violencia de g\u00e9nero, especialmente tras los retrocesos de la pasada legislatura, cuando el Ejecutivo de Rajoy redujo la dotaci\u00f3n presupuestaria para este fin. Sin embargo, la partida que aporta el Principado no ha sufrido bajada alguna en los \u00faltimos a\u00f1os. Los recortes de la Administraci\u00f3n central han repercutido negativamente en la eficacia del sistema, por lo que resulta imprescindible un compromiso firme e inmediato que garantice seguridad de todas las mujeres que lo necesitan.<\/p>\n<p>Por otra parte, el titular de Presidencia ha lamentado la falta de respuesta de la ministra de Sanidad, Servicios Sociales e Igualdad, Dolors Montserrat, a la carta que le envi\u00f3 hace tres meses para solicitar una reuni\u00f3n y ofrecer la m\u00e1xima colaboraci\u00f3n del Principado en esta materia.<\/p>\n<p>El Ejecutivo auton\u00f3mico, ha recordado Mart\u00ednez, ha sido pionero en el impulso de iniciativas como la Casa Malva, el primer centro de Espa\u00f1a de atenci\u00f3n integral a las v\u00edctimas, o el Pacto Social Contra la Violencia sobre las Mujeres del Principado de Asturias, suscrito por partidos pol\u00edticos, agentes sociales, administraciones y organizaciones de todo tipo.<\/p>\n<p>El consejero tambi\u00e9n ha emplazado al Gobierno de Rajoy a asumir su responsabilidad con una respuesta r\u00e1pida y acciones contundentes que ayuden a frenar el aumento de la violencia sobre las mujeres.<\/p>\n<p>&nbsp;<\/p>\n","protected":false},"excerpt":{"rendered":"<p>El Gobierno de Asturias ha exigido hoy al Ejecutivo central la adopci\u00f3n de medidas urgentes para detener el alarmante aumento de v\u00edctimas de violencia de g\u00e9nero, as\u00ed como la convocatoria extraordinaria de una Conferencia Sectorial de Igualdad en la que se busquen soluciones ante esta lacra social. Desde principios de a\u00f1o, han sido asesinadas por [&hellip;]<\/p>\n","protected":false},"author":1,"featured_media":566275,"comment_status":"closed","ping_status":"closed","sticky":false,"template":"","format":"standard","meta":{"footnotes":""},"categories":[141],"tags":[],"class_list":["post-927320","post","type-post","status-publish","format-standard","has-post-thumbnail","hentry","category-destacadas"],"aioseo_notices":[],"aioseo_head":"\n\t\t<!-- All in One SEO Pro 4.9.6.2 - aioseo.com -->\n\t<meta name=\"description\" content=\"El Gobierno de Asturias ha exigido hoy al Ejecutivo central la adopci\u00f3n de medidas urgentes para detener el alarmante aumento de v\u00edctimas de violencia de g\u00e9nero, as\u00ed como la convocatoria extraordinaria de una Conferencia Sectorial de Igualdad en la que se busquen soluciones ante esta lacra social. Desde principios de a\u00f1o, han sido asesinadas por\" \/>\n\t<meta name=\"robots\" content=\"max-image-preview:large\" \/>\n\t<meta name=\"author\" content=\"El Digital de Asturias\"\/>\n\t<meta name=\"google-site-verification\" content=\"UA-38556648-1\" \/>\n\t<meta name=\"msvalidate.01\" content=\"7dfe9f3f1b24437ab69f4f2559babe99\" \/>\n\t<meta name=\"keywords\" content=\"destacadas\" \/>\n\t<link rel=\"canonical\" href=\"https:\/\/www.eldigitaldeasturias.com\/noticias\/asturias-pide-medidas-urgentes-para-luchar-contra-la-violencia-de-genero\/\" \/>\n\t<meta name=\"generator\" content=\"All in One SEO Pro (AIOSEO) 4.9.6.2\" \/>\n\t\t<meta property=\"og:locale\" content=\"es_ES\" \/>\n\t\t<meta property=\"og:site_name\" content=\"El Digital de Asturias\" \/>\n\t\t<meta property=\"og:type\" content=\"article\" \/>\n\t\t<meta property=\"og:title\" content=\"Asturias pide medidas urgentes para luchar contra la violencia de g\u00e9nero - El Digital de Asturias\" \/>\n\t\t<meta property=\"og:description\" content=\"El Gobierno de Asturias ha exigido hoy al Ejecutivo central la adopci\u00f3n de medidas urgentes para detener el alarmante aumento de v\u00edctimas de violencia de g\u00e9nero, as\u00ed como la convocatoria extraordinaria de una Conferencia Sectorial de Igualdad en la que se busquen soluciones ante esta lacra social. Desde principios de a\u00f1o, han sido asesinadas por\" \/>\n\t\t<meta property=\"og:url\" content=\"https:\/\/www.eldigitaldeasturias.com\/noticias\/asturias-pide-medidas-urgentes-para-luchar-contra-la-violencia-de-genero\/\" \/>\n\t\t<meta property=\"og:image\" content=\"https:\/\/www.eldigitaldeasturias.com\/noticias\/wp-content\/uploads\/2014\/07\/2014_07_23-G-Martinez.jpg\" \/>\n\t\t<meta property=\"og:image:secure_url\" content=\"https:\/\/www.eldigitaldeasturias.com\/noticias\/wp-content\/uploads\/2014\/07\/2014_07_23-G-Martinez.jpg\" \/>\n\t\t<meta property=\"og:image:width\" content=\"5034\" \/>\n\t\t<meta property=\"og:image:height\" content=\"3168\" \/>\n\t\t<meta property=\"article:tag\" content=\"destacadas\" \/>\n\t\t<meta property=\"article:published_time\" content=\"2017-02-25T00:10:49+00:00\" \/>\n\t\t<meta property=\"article:modified_time\" content=\"2017-02-25T00:10:49+00:00\" \/>\n\t\t<meta property=\"article:publisher\" content=\"https:\/\/facebook.com\/eldigitaldeasturias\" \/>\n\t\t<meta name=\"twitter:card\" content=\"summary_large_image\" \/>\n\t\t<meta name=\"twitter:title\" content=\"Asturias pide medidas urgentes para luchar contra la violencia de g\u00e9nero - El Digital de Asturias\" \/>\n\t\t<meta name=\"twitter:description\" content=\"El Gobierno de Asturias ha exigido hoy al Ejecutivo central la adopci\u00f3n de medidas urgentes para detener el alarmante aumento de v\u00edctimas de violencia de g\u00e9nero, as\u00ed como la convocatoria extraordinaria de una Conferencia Sectorial de Igualdad en la que se busquen soluciones ante esta lacra social. Desde principios de a\u00f1o, han sido asesinadas por\" \/>\n\t\t<meta name=\"twitter:image\" content=\"https:\/\/www.eldigitaldeasturias.com\/noticias\/wp-content\/uploads\/2014\/07\/2014_07_23-G-Martinez.jpg\" \/>\n\t\t<meta name=\"twitter:label1\" content=\"Escrito por\" \/>\n\t\t<meta name=\"twitter:data1\" content=\"El Digital de Asturias\" \/>\n\t\t<meta name=\"twitter:label2\" content=\"Tiempo de lectura estimado\" \/>\n\t\t<meta name=\"twitter:data2\" content=\"2 minutos\" \/>\n\t\t<script type=\"application\/ld+json\" class=\"aioseo-schema\">\n\t\t\t{\"@context\":\"https:\\\/\\\/schema.org\",\"@graph\":[{\"@type\":\"BlogPosting\",\"@id\":\"https:\\\/\\\/www.eldigitaldeasturias.com\\\/noticias\\\/asturias-pide-medidas-urgentes-para-luchar-contra-la-violencia-de-genero\\\/#blogposting\",\"name\":\"Asturias pide medidas urgentes para luchar contra la violencia de g\\u00e9nero - El Digital de Asturias\",\"headline\":\"Asturias pide medidas urgentes para luchar contra la violencia de g\\u00e9nero\",\"author\":{\"@id\":\"https:\\\/\\\/www.eldigitaldeasturias.com\\\/noticias\\\/author\\\/admin\\\/#author\"},\"publisher\":{\"@id\":\"https:\\\/\\\/www.eldigitaldeasturias.com\\\/noticias\\\/#organization\"},\"image\":{\"@type\":\"ImageObject\",\"url\":\"https:\\\/\\\/www.eldigitaldeasturias.com\\\/noticias\\\/wp-content\\\/uploads\\\/2014\\\/07\\\/2014_07_23-G-Martinez.jpg\",\"width\":5034,\"height\":3168},\"datePublished\":\"2017-02-25T00:10:49+01:00\",\"dateModified\":\"2017-02-25T00:10:49+01:00\",\"inLanguage\":\"es-ES\",\"mainEntityOfPage\":{\"@id\":\"https:\\\/\\\/www.eldigitaldeasturias.com\\\/noticias\\\/asturias-pide-medidas-urgentes-para-luchar-contra-la-violencia-de-genero\\\/#webpage\"},\"isPartOf\":{\"@id\":\"https:\\\/\\\/www.eldigitaldeasturias.com\\\/noticias\\\/asturias-pide-medidas-urgentes-para-luchar-contra-la-violencia-de-genero\\\/#webpage\"},\"articleSection\":\"Destacadas\"},{\"@type\":\"BreadcrumbList\",\"@id\":\"https:\\\/\\\/www.eldigitaldeasturias.com\\\/noticias\\\/asturias-pide-medidas-urgentes-para-luchar-contra-la-violencia-de-genero\\\/#breadcrumblist\",\"itemListElement\":[{\"@type\":\"ListItem\",\"@id\":\"https:\\\/\\\/www.eldigitaldeasturias.com\\\/noticias#listItem\",\"position\":1,\"name\":\"Home\",\"item\":\"https:\\\/\\\/www.eldigitaldeasturias.com\\\/noticias\",\"nextItem\":{\"@type\":\"ListItem\",\"@id\":\"https:\\\/\\\/www.eldigitaldeasturias.com\\\/noticias\\\/category\\\/destacadas\\\/#listItem\",\"name\":\"Destacadas\"}},{\"@type\":\"ListItem\",\"@id\":\"https:\\\/\\\/www.eldigitaldeasturias.com\\\/noticias\\\/category\\\/destacadas\\\/#listItem\",\"position\":2,\"name\":\"Destacadas\",\"item\":\"https:\\\/\\\/www.eldigitaldeasturias.com\\\/noticias\\\/category\\\/destacadas\\\/\",\"nextItem\":{\"@type\":\"ListItem\",\"@id\":\"https:\\\/\\\/www.eldigitaldeasturias.com\\\/noticias\\\/asturias-pide-medidas-urgentes-para-luchar-contra-la-violencia-de-genero\\\/#listItem\",\"name\":\"Asturias pide medidas urgentes para luchar contra la violencia de g\\u00e9nero\"},\"previousItem\":{\"@type\":\"ListItem\",\"@id\":\"https:\\\/\\\/www.eldigitaldeasturias.com\\\/noticias#listItem\",\"name\":\"Home\"}},{\"@type\":\"ListItem\",\"@id\":\"https:\\\/\\\/www.eldigitaldeasturias.com\\\/noticias\\\/asturias-pide-medidas-urgentes-para-luchar-contra-la-violencia-de-genero\\\/#listItem\",\"position\":3,\"name\":\"Asturias pide medidas urgentes para luchar contra la violencia de g\\u00e9nero\",\"previousItem\":{\"@type\":\"ListItem\",\"@id\":\"https:\\\/\\\/www.eldigitaldeasturias.com\\\/noticias\\\/category\\\/destacadas\\\/#listItem\",\"name\":\"Destacadas\"}}]},{\"@type\":\"Organization\",\"@id\":\"https:\\\/\\\/www.eldigitaldeasturias.com\\\/noticias\\\/#organization\",\"name\":\"El Digital de Asturias\",\"description\":\"Hemeroteca\",\"url\":\"https:\\\/\\\/www.eldigitaldeasturias.com\\\/noticias\\\/\",\"email\":\"info@eldigitaldeasturias.com\",\"telephone\":\"+34652131393\",\"logo\":{\"@type\":\"ImageObject\",\"url\":\"https:\\\/\\\/www.eldigitaldeasturias.com\\\/noticias\\\/wp-content\\\/uploads\\\/2020\\\/12\\\/EDA.jpg\",\"@id\":\"https:\\\/\\\/www.eldigitaldeasturias.com\\\/noticias\\\/asturias-pide-medidas-urgentes-para-luchar-contra-la-violencia-de-genero\\\/#organizationLogo\",\"width\":649,\"height\":297},\"image\":{\"@id\":\"https:\\\/\\\/www.eldigitaldeasturias.com\\\/noticias\\\/asturias-pide-medidas-urgentes-para-luchar-contra-la-violencia-de-genero\\\/#organizationLogo\"},\"sameAs\":[\"https:\\\/\\\/facebook.com\\\/eldigitaldeasturias\",\"https:\\\/\\\/www.youtube.com\\\/channel\\\/UCZP-2wLEB9Rv6erhFmqVnvg\"],\"address\":{\"@id\":\"https:\\\/\\\/www.eldigitaldeasturias.com\\\/noticias\\\/#postaladdress\",\"@type\":\"PostalAddress\",\"streetAddress\":\"san antonio 4,\",\"postalCode\":\"33430\",\"addressLocality\":\"Cand\\u00e1s\",\"addressRegion\":\"Asturias\",\"addressCountry\":\"ES\"}},{\"@type\":\"Person\",\"@id\":\"https:\\\/\\\/www.eldigitaldeasturias.com\\\/noticias\\\/author\\\/admin\\\/#author\",\"url\":\"https:\\\/\\\/www.eldigitaldeasturias.com\\\/noticias\\\/author\\\/admin\\\/\",\"name\":\"El Digital de Asturias\",\"image\":{\"@type\":\"ImageObject\",\"@id\":\"https:\\\/\\\/www.eldigitaldeasturias.com\\\/noticias\\\/asturias-pide-medidas-urgentes-para-luchar-contra-la-violencia-de-genero\\\/#authorImage\",\"url\":\"https:\\\/\\\/www.eldigitaldeasturias.com\\\/noticias\\\/wp-content\\\/litespeed\\\/avatar\\\/18677e78aa0546b92d9dbf31ec7d7668.jpg?ver=1777290358\",\"width\":96,\"height\":96,\"caption\":\"El Digital de Asturias\"}},{\"@type\":\"WebPage\",\"@id\":\"https:\\\/\\\/www.eldigitaldeasturias.com\\\/noticias\\\/asturias-pide-medidas-urgentes-para-luchar-contra-la-violencia-de-genero\\\/#webpage\",\"url\":\"https:\\\/\\\/www.eldigitaldeasturias.com\\\/noticias\\\/asturias-pide-medidas-urgentes-para-luchar-contra-la-violencia-de-genero\\\/\",\"name\":\"Asturias pide medidas urgentes para luchar contra la violencia de g\\u00e9nero - El Digital de Asturias\",\"description\":\"El Gobierno de Asturias ha exigido hoy al Ejecutivo central la adopci\\u00f3n de medidas urgentes para detener el alarmante aumento de v\\u00edctimas de violencia de g\\u00e9nero, as\\u00ed como la convocatoria extraordinaria de una Conferencia Sectorial de Igualdad en la que se busquen soluciones ante esta lacra social. Desde principios de a\\u00f1o, han sido asesinadas por\",\"inLanguage\":\"es-ES\",\"isPartOf\":{\"@id\":\"https:\\\/\\\/www.eldigitaldeasturias.com\\\/noticias\\\/#website\"},\"breadcrumb\":{\"@id\":\"https:\\\/\\\/www.eldigitaldeasturias.com\\\/noticias\\\/asturias-pide-medidas-urgentes-para-luchar-contra-la-violencia-de-genero\\\/#breadcrumblist\"},\"author\":{\"@id\":\"https:\\\/\\\/www.eldigitaldeasturias.com\\\/noticias\\\/author\\\/admin\\\/#author\"},\"creator\":{\"@id\":\"https:\\\/\\\/www.eldigitaldeasturias.com\\\/noticias\\\/author\\\/admin\\\/#author\"},\"image\":{\"@type\":\"ImageObject\",\"url\":\"https:\\\/\\\/www.eldigitaldeasturias.com\\\/noticias\\\/wp-content\\\/uploads\\\/2014\\\/07\\\/2014_07_23-G-Martinez.jpg\",\"@id\":\"https:\\\/\\\/www.eldigitaldeasturias.com\\\/noticias\\\/asturias-pide-medidas-urgentes-para-luchar-contra-la-violencia-de-genero\\\/#mainImage\",\"width\":5034,\"height\":3168},\"primaryImageOfPage\":{\"@id\":\"https:\\\/\\\/www.eldigitaldeasturias.com\\\/noticias\\\/asturias-pide-medidas-urgentes-para-luchar-contra-la-violencia-de-genero\\\/#mainImage\"},\"datePublished\":\"2017-02-25T00:10:49+01:00\",\"dateModified\":\"2017-02-25T00:10:49+01:00\"},{\"@type\":\"WebSite\",\"@id\":\"https:\\\/\\\/www.eldigitaldeasturias.com\\\/noticias\\\/#website\",\"url\":\"https:\\\/\\\/www.eldigitaldeasturias.com\\\/noticias\\\/\",\"name\":\"El Digital de Asturias - Diario de actualidad y noticias\",\"alternateName\":\"El Digital de Asturias - Diario de actualidad y noticias\",\"description\":\"Hemeroteca\",\"inLanguage\":\"es-ES\",\"publisher\":{\"@id\":\"https:\\\/\\\/www.eldigitaldeasturias.com\\\/noticias\\\/#organization\"}}]}\n\t\t<\/script>\n\t\t<!-- All in One SEO Pro -->\r\n\t\t<title>Asturias pide medidas urgentes para luchar contra la violencia de g\u00e9nero - El Digital de Asturias<\/title>\n\n","aioseo_head_json":{"title":"Asturias pide medidas urgentes para luchar contra la violencia de g\u00e9nero - El Digital de Asturias","description":"El Gobierno de Asturias ha exigido hoy al Ejecutivo central la adopci\u00f3n de medidas urgentes para detener el alarmante aumento de v\u00edctimas de violencia de g\u00e9nero, as\u00ed como la convocatoria extraordinaria de una Conferencia Sectorial de Igualdad en la que se busquen soluciones ante esta lacra social. Desde principios de a\u00f1o, han sido asesinadas por","canonical_url":"https:\/\/www.eldigitaldeasturias.com\/noticias\/asturias-pide-medidas-urgentes-para-luchar-contra-la-violencia-de-genero\/","robots":"max-image-preview:large","keywords":"destacadas","webmasterTools":{"google-site-verification":"UA-38556648-1","msvalidate.01":"7dfe9f3f1b24437ab69f4f2559babe99","miscellaneous":""},"schema":{"@context":"https:\/\/schema.org","@graph":[{"@type":"BlogPosting","@id":"https:\/\/www.eldigitaldeasturias.com\/noticias\/asturias-pide-medidas-urgentes-para-luchar-contra-la-violencia-de-genero\/#blogposting","name":"Asturias pide medidas urgentes para luchar contra la violencia de g\u00e9nero - El Digital de Asturias","headline":"Asturias pide medidas urgentes para luchar contra la violencia de g\u00e9nero","author":{"@id":"https:\/\/www.eldigitaldeasturias.com\/noticias\/author\/admin\/#author"},"publisher":{"@id":"https:\/\/www.eldigitaldeasturias.com\/noticias\/#organization"},"image":{"@type":"ImageObject","url":"https:\/\/www.eldigitaldeasturias.com\/noticias\/wp-content\/uploads\/2014\/07\/2014_07_23-G-Martinez.jpg","width":5034,"height":3168},"datePublished":"2017-02-25T00:10:49+01:00","dateModified":"2017-02-25T00:10:49+01:00","inLanguage":"es-ES","mainEntityOfPage":{"@id":"https:\/\/www.eldigitaldeasturias.com\/noticias\/asturias-pide-medidas-urgentes-para-luchar-contra-la-violencia-de-genero\/#webpage"},"isPartOf":{"@id":"https:\/\/www.eldigitaldeasturias.com\/noticias\/asturias-pide-medidas-urgentes-para-luchar-contra-la-violencia-de-genero\/#webpage"},"articleSection":"Destacadas"},{"@type":"BreadcrumbList","@id":"https:\/\/www.eldigitaldeasturias.com\/noticias\/asturias-pide-medidas-urgentes-para-luchar-contra-la-violencia-de-genero\/#breadcrumblist","itemListElement":[{"@type":"ListItem","@id":"https:\/\/www.eldigitaldeasturias.com\/noticias#listItem","position":1,"name":"Home","item":"https:\/\/www.eldigitaldeasturias.com\/noticias","nextItem":{"@type":"ListItem","@id":"https:\/\/www.eldigitaldeasturias.com\/noticias\/category\/destacadas\/#listItem","name":"Destacadas"}},{"@type":"ListItem","@id":"https:\/\/www.eldigitaldeasturias.com\/noticias\/category\/destacadas\/#listItem","position":2,"name":"Destacadas","item":"https:\/\/www.eldigitaldeasturias.com\/noticias\/category\/destacadas\/","nextItem":{"@type":"ListItem","@id":"https:\/\/www.eldigitaldeasturias.com\/noticias\/asturias-pide-medidas-urgentes-para-luchar-contra-la-violencia-de-genero\/#listItem","name":"Asturias pide medidas urgentes para luchar contra la violencia de g\u00e9nero"},"previousItem":{"@type":"ListItem","@id":"https:\/\/www.eldigitaldeasturias.com\/noticias#listItem","name":"Home"}},{"@type":"ListItem","@id":"https:\/\/www.eldigitaldeasturias.com\/noticias\/asturias-pide-medidas-urgentes-para-luchar-contra-la-violencia-de-genero\/#listItem","position":3,"name":"Asturias pide medidas urgentes para luchar contra la violencia de g\u00e9nero","previousItem":{"@type":"ListItem","@id":"https:\/\/www.eldigitaldeasturias.com\/noticias\/category\/destacadas\/#listItem","name":"Destacadas"}}]},{"@type":"Organization","@id":"https:\/\/www.eldigitaldeasturias.com\/noticias\/#organization","name":"El Digital de Asturias","description":"Hemeroteca","url":"https:\/\/www.eldigitaldeasturias.com\/noticias\/","email":"info@eldigitaldeasturias.com","telephone":"+34652131393","logo":{"@type":"ImageObject","url":"https:\/\/www.eldigitaldeasturias.com\/noticias\/wp-content\/uploads\/2020\/12\/EDA.jpg","@id":"https:\/\/www.eldigitaldeasturias.com\/noticias\/asturias-pide-medidas-urgentes-para-luchar-contra-la-violencia-de-genero\/#organizationLogo","width":649,"height":297},"image":{"@id":"https:\/\/www.eldigitaldeasturias.com\/noticias\/asturias-pide-medidas-urgentes-para-luchar-contra-la-violencia-de-genero\/#organizationLogo"},"sameAs":["https:\/\/facebook.com\/eldigitaldeasturias","https:\/\/www.youtube.com\/channel\/UCZP-2wLEB9Rv6erhFmqVnvg"],"address":{"@id":"https:\/\/www.eldigitaldeasturias.com\/noticias\/#postaladdress","@type":"PostalAddress","streetAddress":"san antonio 4,","postalCode":"33430","addressLocality":"Cand\u00e1s","addressRegion":"Asturias","addressCountry":"ES"}},{"@type":"Person","@id":"https:\/\/www.eldigitaldeasturias.com\/noticias\/author\/admin\/#author","url":"https:\/\/www.eldigitaldeasturias.com\/noticias\/author\/admin\/","name":"El Digital de Asturias","image":{"@type":"ImageObject","@id":"https:\/\/www.eldigitaldeasturias.com\/noticias\/asturias-pide-medidas-urgentes-para-luchar-contra-la-violencia-de-genero\/#authorImage","url":"https:\/\/www.eldigitaldeasturias.com\/noticias\/wp-content\/litespeed\/avatar\/18677e78aa0546b92d9dbf31ec7d7668.jpg?ver=1777290358","width":96,"height":96,"caption":"El Digital de Asturias"}},{"@type":"WebPage","@id":"https:\/\/www.eldigitaldeasturias.com\/noticias\/asturias-pide-medidas-urgentes-para-luchar-contra-la-violencia-de-genero\/#webpage","url":"https:\/\/www.eldigitaldeasturias.com\/noticias\/asturias-pide-medidas-urgentes-para-luchar-contra-la-violencia-de-genero\/","name":"Asturias pide medidas urgentes para luchar contra la violencia de g\u00e9nero - El Digital de Asturias","description":"El Gobierno de Asturias ha exigido hoy al Ejecutivo central la adopci\u00f3n de medidas urgentes para detener el alarmante aumento de v\u00edctimas de violencia de g\u00e9nero, as\u00ed como la convocatoria extraordinaria de una Conferencia Sectorial de Igualdad en la que se busquen soluciones ante esta lacra social. Desde principios de a\u00f1o, han sido asesinadas por","inLanguage":"es-ES","isPartOf":{"@id":"https:\/\/www.eldigitaldeasturias.com\/noticias\/#website"},"breadcrumb":{"@id":"https:\/\/www.eldigitaldeasturias.com\/noticias\/asturias-pide-medidas-urgentes-para-luchar-contra-la-violencia-de-genero\/#breadcrumblist"},"author":{"@id":"https:\/\/www.eldigitaldeasturias.com\/noticias\/author\/admin\/#author"},"creator":{"@id":"https:\/\/www.eldigitaldeasturias.com\/noticias\/author\/admin\/#author"},"image":{"@type":"ImageObject","url":"https:\/\/www.eldigitaldeasturias.com\/noticias\/wp-content\/uploads\/2014\/07\/2014_07_23-G-Martinez.jpg","@id":"https:\/\/www.eldigitaldeasturias.com\/noticias\/asturias-pide-medidas-urgentes-para-luchar-contra-la-violencia-de-genero\/#mainImage","width":5034,"height":3168},"primaryImageOfPage":{"@id":"https:\/\/www.eldigitaldeasturias.com\/noticias\/asturias-pide-medidas-urgentes-para-luchar-contra-la-violencia-de-genero\/#mainImage"},"datePublished":"2017-02-25T00:10:49+01:00","dateModified":"2017-02-25T00:10:49+01:00"},{"@type":"WebSite","@id":"https:\/\/www.eldigitaldeasturias.com\/noticias\/#website","url":"https:\/\/www.eldigitaldeasturias.com\/noticias\/","name":"El Digital de Asturias - Diario de actualidad y noticias","alternateName":"El Digital de Asturias - Diario de actualidad y noticias","description":"Hemeroteca","inLanguage":"es-ES","publisher":{"@id":"https:\/\/www.eldigitaldeasturias.com\/noticias\/#organization"}}]},"og:locale":"es_ES","og:site_name":"El Digital de Asturias","og:type":"article","og:title":"Asturias pide medidas urgentes para luchar contra la violencia de g\u00e9nero - El Digital de Asturias","og:description":"El Gobierno de Asturias ha exigido hoy al Ejecutivo central la adopci\u00f3n de medidas urgentes para detener el alarmante aumento de v\u00edctimas de violencia de g\u00e9nero, as\u00ed como la convocatoria extraordinaria de una Conferencia Sectorial de Igualdad en la que se busquen soluciones ante esta lacra social. Desde principios de a\u00f1o, han sido asesinadas por","og:url":"https:\/\/www.eldigitaldeasturias.com\/noticias\/asturias-pide-medidas-urgentes-para-luchar-contra-la-violencia-de-genero\/","og:image":"https:\/\/www.eldigitaldeasturias.com\/noticias\/wp-content\/uploads\/2014\/07\/2014_07_23-G-Martinez.jpg","og:image:secure_url":"https:\/\/www.eldigitaldeasturias.com\/noticias\/wp-content\/uploads\/2014\/07\/2014_07_23-G-Martinez.jpg","og:image:width":5034,"og:image:height":3168,"article:tag":["destacadas"],"article:published_time":"2017-02-25T00:10:49+00:00","article:modified_time":"2017-02-25T00:10:49+00:00","article:publisher":"https:\/\/facebook.com\/eldigitaldeasturias","twitter:card":"summary_large_image","twitter:title":"Asturias pide medidas urgentes para luchar contra la violencia de g\u00e9nero - El Digital de Asturias","twitter:description":"El Gobierno de Asturias ha exigido hoy al Ejecutivo central la adopci\u00f3n de medidas urgentes para detener el alarmante aumento de v\u00edctimas de violencia de g\u00e9nero, as\u00ed como la convocatoria extraordinaria de una Conferencia Sectorial de Igualdad en la que se busquen soluciones ante esta lacra social. Desde principios de a\u00f1o, han sido asesinadas por","twitter:image":"https:\/\/www.eldigitaldeasturias.com\/noticias\/wp-content\/uploads\/2014\/07\/2014_07_23-G-Martinez.jpg","twitter:label1":"Escrito por","twitter:data1":"El Digital de Asturias","twitter:label2":"Tiempo de lectura estimado","twitter:data2":"2 minutos"},"aioseo_meta_data":{"post_id":"927320","title":null,"description":null,"keywords":null,"keyphrases":null,"primary_term":null,"canonical_url":null,"og_title":null,"og_description":null,"og_object_type":"default","og_image_type":"default","og_image_url":null,"og_image_width":null,"og_image_height":null,"og_image_custom_url":null,"og_image_custom_fields":null,"og_video":null,"og_custom_url":null,"og_article_section":null,"og_article_tags":null,"twitter_use_og":false,"twitter_card":"default","twitter_image_type":"default","twitter_image_url":null,"twitter_image_custom_url":null,"twitter_image_custom_fields":null,"twitter_title":null,"twitter_description":null,"schema":{"blockGraphs":[],"customGraphs":[],"default":{"data":{"Article":[],"Course":[],"Dataset":[],"FAQPage":[],"Movie":[],"Person":[],"Product":[],"ProductReview":[],"Car":[],"Recipe":[],"Service":[],"SoftwareApplication":[],"WebPage":[]},"graphName":"","isEnabled":true},"graphs":[],"defaultGraph":"","defaultPostTypeGraph":""},"schema_type":null,"schema_type_options":null,"pillar_content":false,"robots_default":true,"robots_noindex":false,"robots_noarchive":false,"robots_nosnippet":false,"robots_nofollow":false,"robots_noimageindex":false,"robots_noodp":false,"robots_notranslate":false,"robots_max_snippet":null,"robots_max_videopreview":null,"robots_max_imagepreview":"large","priority":null,"frequency":null,"local_seo":null,"seo_analyzer_scan_date":"2025-12-03 09:51:08","breadcrumb_settings":null,"limit_modified_date":false,"open_ai":null,"ai":null,"created":"2020-12-21 13:37:29","updated":"2025-12-03 09:51:08"},"aioseo_breadcrumb":"<div class=\"aioseo-breadcrumbs\"><span class=\"aioseo-breadcrumb\">\n\t<a href=\"https:\/\/www.eldigitaldeasturias.com\/noticias\" title=\"Home\">Home<\/a>\n<\/span><span class=\"aioseo-breadcrumb-separator\">\u2013<\/span><span class=\"aioseo-breadcrumb\">\n\t<a href=\"https:\/\/www.eldigitaldeasturias.com\/noticias\/category\/destacadas\/\" title=\"Destacadas\">Destacadas<\/a>\n<\/span><span class=\"aioseo-breadcrumb-separator\">\u2013<\/span><span class=\"aioseo-breadcrumb\">\n\t<a href=\"https:\/\/www.eldigitaldeasturias.com\/noticias\/asturias-pide-medidas-urgentes-para-luchar-contra-la-violencia-de-genero\/\" title=\"Asturias pide medidas urgentes para luchar contra la violencia de g\u00e9nero\">Asturias pide medidas urgentes para luchar contra la violencia de g\u00e9nero<\/a>\n<\/span><\/div>","aioseo_breadcrumb_json":[{"label":"Home","link":"https:\/\/www.eldigitaldeasturias.com\/noticias"},{"label":"Destacadas","link":"https:\/\/www.eldigitaldeasturias.com\/noticias\/category\/destacadas\/"},{"label":"Asturias pide medidas urgentes para luchar contra la violencia de g\u00e9nero","link":"https:\/\/www.eldigitaldeasturias.com\/noticias\/asturias-pide-medidas-urgentes-para-luchar-contra-la-violencia-de-genero\/"}],"_links":{"self":[{"href":"https:\/\/www.eldigitaldeasturias.com\/noticias\/wp-json\/wp\/v2\/posts\/927320","targetHints":{"allow":["GET"]}}],"collection":[{"href":"https:\/\/www.eldigitaldeasturias.com\/noticias\/wp-json\/wp\/v2\/posts"}],"about":[{"href":"https:\/\/www.eldigitaldeasturias.com\/noticias\/wp-json\/wp\/v2\/types\/post"}],"author":[{"embeddable":true,"href":"https:\/\/www.eldigitaldeasturias.com\/noticias\/wp-json\/wp\/v2\/users\/1"}],"replies":[{"embeddable":true,"href":"https:\/\/www.eldigitaldeasturias.com\/noticias\/wp-json\/wp\/v2\/comments?post=927320"}],"version-history":[{"count":0,"href":"https:\/\/www.eldigitaldeasturias.com\/noticias\/wp-json\/wp\/v2\/posts\/927320\/revisions"}],"wp:featuredmedia":[{"embeddable":true,"href":"https:\/\/www.eldigitaldeasturias.com\/noticias\/wp-json\/wp\/v2\/media\/566275"}],"wp:attachment":[{"href":"https:\/\/www.eldigitaldeasturias.com\/noticias\/wp-json\/wp\/v2\/media?parent=927320"}],"wp:term":[{"taxonomy":"category","embeddable":true,"href":"https:\/\/www.eldigitaldeasturias.com\/noticias\/wp-json\/wp\/v2\/categories?post=927320"},{"taxonomy":"post_tag","embeddable":true,"href":"https:\/\/www.eldigitaldeasturias.com\/noticias\/wp-json\/wp\/v2\/tags?post=927320"}],"curies":[{"name":"wp","href":"https:\/\/api.w.org\/{rel}","templated":true}]}}