{"id":927265,"date":"2017-02-24T14:15:40","date_gmt":"2017-02-24T14:15:40","guid":{"rendered":"http:\/\/www.eldigitaldeasturias.com\/noticias\/?p=927265"},"modified":"2017-02-24T14:15:40","modified_gmt":"2017-02-24T14:15:40","slug":"iu-pide-un-estudio-epidemiologico-de-las-zonas-con-mayor-contaminacion","status":"publish","type":"post","link":"https:\/\/www.eldigitaldeasturias.com\/noticias\/iu-pide-un-estudio-epidemiologico-de-las-zonas-con-mayor-contaminacion\/","title":{"rendered":"IU pide un estudio epidemiol\u00f3gico de las zonas con mayor contaminaci\u00f3n"},"content":{"rendered":"<p><img loading=\"lazy\" decoding=\"async\" class=\"alignleft size-medium wp-image-874615\" src=\"https:\/\/www.eldigitaldeasturias.com\/noticias\/wp-content\/uploads\/2016\/04\/Llamazares-360x270.jpg\" alt=\"\" width=\"360\" height=\"270\" srcset=\"https:\/\/www.eldigitaldeasturias.com\/noticias\/wp-content\/uploads\/2016\/04\/Llamazares-360x270.jpg 360w, https:\/\/www.eldigitaldeasturias.com\/noticias\/wp-content\/uploads\/2016\/04\/Llamazares-768x576.jpg 768w, https:\/\/www.eldigitaldeasturias.com\/noticias\/wp-content\/uploads\/2016\/04\/Llamazares-650x488.jpg 650w, https:\/\/www.eldigitaldeasturias.com\/noticias\/wp-content\/uploads\/2016\/04\/Llamazares-90x67.jpg 90w, https:\/\/www.eldigitaldeasturias.com\/noticias\/wp-content\/uploads\/2016\/04\/Llamazares-100x75.jpg 100w, https:\/\/www.eldigitaldeasturias.com\/noticias\/wp-content\/uploads\/2016\/04\/Llamazares.jpg 800w\" sizes=\"auto, (max-width: 360px) 100vw, 360px\" \/>\u201cEl negacionismo del Consejero sobre la contaminaci\u00f3n y el c\u00e1ncer de pulm\u00f3n no se sostiene\u201d, advierte Gaspar Llamazares. El portavoz parlamentario de IU en la Junta General considera que el Consejero de Sanidad, Francisco del Busto, niega lo obvio: la relaci\u00f3n entre contaminaci\u00f3n y c\u00e1ncer de pulm\u00f3n. Llamazares le recuerda al Consejero de Salud que la agencia de la OMS ha considerado que la contaminaci\u00f3n, como el tabaco, son los factores m\u00e1s determinantes. \u201cOtra cosa es que el Principado no haya hecho estudios epidemiol\u00f3gicos sobre la incidencia del c\u00e1ncer y sus causas en zonas contaminadas\u201d, explica el diputado de IU.<\/p>\n<p>El grupo parlamentario de IU emplaza al gobierno a incorporar la salud ambiental como prioridad y a poner en marcha un estudio epidemiol\u00f3gico de las zonas con mayor contaminaci\u00f3n.<\/p>\n<p>Tras las palabras de ayer del Consejero de Sanidad, el grupo parlamentario acaba de registrar varias iniciativas. Por un lado, una pregunta justificada en la alarma social que crea \u201cla inconsistencia cient\u00edfica\u201d de la negaci\u00f3n de la relaci\u00f3n entre contaminaci\u00f3n y c\u00e1ncer de pulm\u00f3n para saber si sigue el Gobierno defendiendo que no existe relaci\u00f3n entre la contaminaci\u00f3n y la alta tasa de c\u00e1ncer de pulm\u00f3n que se da entre la poblaci\u00f3n asturiana. Por otro, una Proposici\u00f3n No de Ley en la que insta al Gobierno a realizar junto a la Universidad y la OMS un estudio epidemiol\u00f3gico sobre c0ntaminaci\u00f3n, enfermedad y c\u00e1ncer en Asturias, la elaboraci\u00f3n de un Plan sobre Medio Ambiente y Salud e incorporar la salud ambiental a las pol\u00edticas de salud p\u00fablica.<\/p>\n","protected":false},"excerpt":{"rendered":"<p>\u201cEl negacionismo del Consejero sobre la contaminaci\u00f3n y el c\u00e1ncer de pulm\u00f3n no se sostiene\u201d, advierte Gaspar Llamazares. El portavoz parlamentario de IU en la Junta General considera que el Consejero de Sanidad, Francisco del Busto, niega lo obvio: la relaci\u00f3n entre contaminaci\u00f3n y c\u00e1ncer de pulm\u00f3n. Llamazares le recuerda al Consejero de Salud que [&hellip;]<\/p>\n","protected":false},"author":1,"featured_media":874615,"comment_status":"closed","ping_status":"closed","sticky":false,"template":"","format":"standard","meta":{"footnotes":""},"categories":[141],"tags":[],"class_list":["post-927265","post","type-post","status-publish","format-standard","has-post-thumbnail","hentry","category-destacadas"],"aioseo_notices":[],"aioseo_head":"\n\t\t<!-- All in One SEO Pro 4.9.6.2 - aioseo.com -->\n\t<meta name=\"description\" content=\"\u201cEl negacionismo del Consejero sobre la contaminaci\u00f3n y el c\u00e1ncer de pulm\u00f3n no se sostiene\u201d, advierte Gaspar Llamazares. El portavoz parlamentario de IU en la Junta General considera que el Consejero de Sanidad, Francisco del Busto, niega lo obvio: la relaci\u00f3n entre contaminaci\u00f3n y c\u00e1ncer de pulm\u00f3n. Llamazares le recuerda al Consejero de Salud que\" \/>\n\t<meta name=\"robots\" content=\"max-image-preview:large\" \/>\n\t<meta name=\"author\" content=\"El Digital de Asturias\"\/>\n\t<meta name=\"google-site-verification\" content=\"UA-38556648-1\" \/>\n\t<meta name=\"msvalidate.01\" content=\"7dfe9f3f1b24437ab69f4f2559babe99\" \/>\n\t<meta name=\"keywords\" content=\"destacadas\" \/>\n\t<link rel=\"canonical\" href=\"https:\/\/www.eldigitaldeasturias.com\/noticias\/iu-pide-un-estudio-epidemiologico-de-las-zonas-con-mayor-contaminacion\/\" \/>\n\t<meta name=\"generator\" content=\"All in One SEO Pro (AIOSEO) 4.9.6.2\" \/>\n\t\t<meta property=\"og:locale\" content=\"es_ES\" \/>\n\t\t<meta property=\"og:site_name\" content=\"El Digital de Asturias\" \/>\n\t\t<meta property=\"og:type\" content=\"article\" \/>\n\t\t<meta property=\"og:title\" content=\"IU pide un estudio epidemiol\u00f3gico de las zonas con mayor contaminaci\u00f3n - El Digital de Asturias\" \/>\n\t\t<meta property=\"og:description\" content=\"\u201cEl negacionismo del Consejero sobre la contaminaci\u00f3n y el c\u00e1ncer de pulm\u00f3n no se sostiene\u201d, advierte Gaspar Llamazares. El portavoz parlamentario de IU en la Junta General considera que el Consejero de Sanidad, Francisco del Busto, niega lo obvio: la relaci\u00f3n entre contaminaci\u00f3n y c\u00e1ncer de pulm\u00f3n. Llamazares le recuerda al Consejero de Salud que\" \/>\n\t\t<meta property=\"og:url\" content=\"https:\/\/www.eldigitaldeasturias.com\/noticias\/iu-pide-un-estudio-epidemiologico-de-las-zonas-con-mayor-contaminacion\/\" \/>\n\t\t<meta property=\"og:image\" content=\"https:\/\/www.eldigitaldeasturias.com\/noticias\/wp-content\/uploads\/2016\/04\/Llamazares.jpg\" \/>\n\t\t<meta property=\"og:image:secure_url\" content=\"https:\/\/www.eldigitaldeasturias.com\/noticias\/wp-content\/uploads\/2016\/04\/Llamazares.jpg\" \/>\n\t\t<meta property=\"og:image:width\" content=\"800\" \/>\n\t\t<meta property=\"og:image:height\" content=\"600\" \/>\n\t\t<meta property=\"article:tag\" content=\"destacadas\" \/>\n\t\t<meta property=\"article:published_time\" content=\"2017-02-24T14:15:40+00:00\" \/>\n\t\t<meta property=\"article:modified_time\" content=\"2017-02-24T14:15:40+00:00\" \/>\n\t\t<meta property=\"article:publisher\" content=\"https:\/\/facebook.com\/eldigitaldeasturias\" \/>\n\t\t<meta name=\"twitter:card\" content=\"summary_large_image\" \/>\n\t\t<meta name=\"twitter:title\" content=\"IU pide un estudio epidemiol\u00f3gico de las zonas con mayor contaminaci\u00f3n - El Digital de Asturias\" \/>\n\t\t<meta name=\"twitter:description\" content=\"\u201cEl negacionismo del Consejero sobre la contaminaci\u00f3n y el c\u00e1ncer de pulm\u00f3n no se sostiene\u201d, advierte Gaspar Llamazares. El portavoz parlamentario de IU en la Junta General considera que el Consejero de Sanidad, Francisco del Busto, niega lo obvio: la relaci\u00f3n entre contaminaci\u00f3n y c\u00e1ncer de pulm\u00f3n. Llamazares le recuerda al Consejero de Salud que\" \/>\n\t\t<meta name=\"twitter:image\" content=\"https:\/\/www.eldigitaldeasturias.com\/noticias\/wp-content\/uploads\/2016\/04\/Llamazares.jpg\" \/>\n\t\t<meta name=\"twitter:label1\" content=\"Escrito por\" \/>\n\t\t<meta name=\"twitter:data1\" content=\"El Digital de Asturias\" \/>\n\t\t<meta name=\"twitter:label2\" content=\"Tiempo de lectura estimado\" \/>\n\t\t<meta name=\"twitter:data2\" content=\"1 minuto\" \/>\n\t\t<script type=\"application\/ld+json\" class=\"aioseo-schema\">\n\t\t\t{\"@context\":\"https:\\\/\\\/schema.org\",\"@graph\":[{\"@type\":\"BlogPosting\",\"@id\":\"https:\\\/\\\/www.eldigitaldeasturias.com\\\/noticias\\\/iu-pide-un-estudio-epidemiologico-de-las-zonas-con-mayor-contaminacion\\\/#blogposting\",\"name\":\"IU pide un estudio epidemiol\\u00f3gico de las zonas con mayor contaminaci\\u00f3n - El Digital de Asturias\",\"headline\":\"IU pide un estudio epidemiol\\u00f3gico de las zonas con mayor contaminaci\\u00f3n\",\"author\":{\"@id\":\"https:\\\/\\\/www.eldigitaldeasturias.com\\\/noticias\\\/author\\\/admin\\\/#author\"},\"publisher\":{\"@id\":\"https:\\\/\\\/www.eldigitaldeasturias.com\\\/noticias\\\/#organization\"},\"image\":{\"@type\":\"ImageObject\",\"url\":\"https:\\\/\\\/www.eldigitaldeasturias.com\\\/noticias\\\/wp-content\\\/uploads\\\/2016\\\/04\\\/Llamazares.jpg\",\"width\":800,\"height\":600},\"datePublished\":\"2017-02-24T14:15:40+01:00\",\"dateModified\":\"2017-02-24T14:15:40+01:00\",\"inLanguage\":\"es-ES\",\"mainEntityOfPage\":{\"@id\":\"https:\\\/\\\/www.eldigitaldeasturias.com\\\/noticias\\\/iu-pide-un-estudio-epidemiologico-de-las-zonas-con-mayor-contaminacion\\\/#webpage\"},\"isPartOf\":{\"@id\":\"https:\\\/\\\/www.eldigitaldeasturias.com\\\/noticias\\\/iu-pide-un-estudio-epidemiologico-de-las-zonas-con-mayor-contaminacion\\\/#webpage\"},\"articleSection\":\"Destacadas\"},{\"@type\":\"BreadcrumbList\",\"@id\":\"https:\\\/\\\/www.eldigitaldeasturias.com\\\/noticias\\\/iu-pide-un-estudio-epidemiologico-de-las-zonas-con-mayor-contaminacion\\\/#breadcrumblist\",\"itemListElement\":[{\"@type\":\"ListItem\",\"@id\":\"https:\\\/\\\/www.eldigitaldeasturias.com\\\/noticias#listItem\",\"position\":1,\"name\":\"Home\",\"item\":\"https:\\\/\\\/www.eldigitaldeasturias.com\\\/noticias\",\"nextItem\":{\"@type\":\"ListItem\",\"@id\":\"https:\\\/\\\/www.eldigitaldeasturias.com\\\/noticias\\\/category\\\/destacadas\\\/#listItem\",\"name\":\"Destacadas\"}},{\"@type\":\"ListItem\",\"@id\":\"https:\\\/\\\/www.eldigitaldeasturias.com\\\/noticias\\\/category\\\/destacadas\\\/#listItem\",\"position\":2,\"name\":\"Destacadas\",\"item\":\"https:\\\/\\\/www.eldigitaldeasturias.com\\\/noticias\\\/category\\\/destacadas\\\/\",\"nextItem\":{\"@type\":\"ListItem\",\"@id\":\"https:\\\/\\\/www.eldigitaldeasturias.com\\\/noticias\\\/iu-pide-un-estudio-epidemiologico-de-las-zonas-con-mayor-contaminacion\\\/#listItem\",\"name\":\"IU pide un estudio epidemiol\\u00f3gico de las zonas con mayor contaminaci\\u00f3n\"},\"previousItem\":{\"@type\":\"ListItem\",\"@id\":\"https:\\\/\\\/www.eldigitaldeasturias.com\\\/noticias#listItem\",\"name\":\"Home\"}},{\"@type\":\"ListItem\",\"@id\":\"https:\\\/\\\/www.eldigitaldeasturias.com\\\/noticias\\\/iu-pide-un-estudio-epidemiologico-de-las-zonas-con-mayor-contaminacion\\\/#listItem\",\"position\":3,\"name\":\"IU pide un estudio epidemiol\\u00f3gico de las zonas con mayor contaminaci\\u00f3n\",\"previousItem\":{\"@type\":\"ListItem\",\"@id\":\"https:\\\/\\\/www.eldigitaldeasturias.com\\\/noticias\\\/category\\\/destacadas\\\/#listItem\",\"name\":\"Destacadas\"}}]},{\"@type\":\"Organization\",\"@id\":\"https:\\\/\\\/www.eldigitaldeasturias.com\\\/noticias\\\/#organization\",\"name\":\"El Digital de Asturias\",\"description\":\"Hemeroteca\",\"url\":\"https:\\\/\\\/www.eldigitaldeasturias.com\\\/noticias\\\/\",\"email\":\"info@eldigitaldeasturias.com\",\"telephone\":\"+34652131393\",\"logo\":{\"@type\":\"ImageObject\",\"url\":\"https:\\\/\\\/www.eldigitaldeasturias.com\\\/noticias\\\/wp-content\\\/uploads\\\/2020\\\/12\\\/EDA.jpg\",\"@id\":\"https:\\\/\\\/www.eldigitaldeasturias.com\\\/noticias\\\/iu-pide-un-estudio-epidemiologico-de-las-zonas-con-mayor-contaminacion\\\/#organizationLogo\",\"width\":649,\"height\":297},\"image\":{\"@id\":\"https:\\\/\\\/www.eldigitaldeasturias.com\\\/noticias\\\/iu-pide-un-estudio-epidemiologico-de-las-zonas-con-mayor-contaminacion\\\/#organizationLogo\"},\"sameAs\":[\"https:\\\/\\\/facebook.com\\\/eldigitaldeasturias\",\"https:\\\/\\\/www.youtube.com\\\/channel\\\/UCZP-2wLEB9Rv6erhFmqVnvg\"],\"address\":{\"@id\":\"https:\\\/\\\/www.eldigitaldeasturias.com\\\/noticias\\\/#postaladdress\",\"@type\":\"PostalAddress\",\"streetAddress\":\"san antonio 4,\",\"postalCode\":\"33430\",\"addressLocality\":\"Cand\\u00e1s\",\"addressRegion\":\"Asturias\",\"addressCountry\":\"ES\"}},{\"@type\":\"Person\",\"@id\":\"https:\\\/\\\/www.eldigitaldeasturias.com\\\/noticias\\\/author\\\/admin\\\/#author\",\"url\":\"https:\\\/\\\/www.eldigitaldeasturias.com\\\/noticias\\\/author\\\/admin\\\/\",\"name\":\"El Digital de Asturias\",\"image\":{\"@type\":\"ImageObject\",\"@id\":\"https:\\\/\\\/www.eldigitaldeasturias.com\\\/noticias\\\/iu-pide-un-estudio-epidemiologico-de-las-zonas-con-mayor-contaminacion\\\/#authorImage\",\"url\":\"https:\\\/\\\/www.eldigitaldeasturias.com\\\/noticias\\\/wp-content\\\/litespeed\\\/avatar\\\/18677e78aa0546b92d9dbf31ec7d7668.jpg?ver=1777290358\",\"width\":96,\"height\":96,\"caption\":\"El Digital de Asturias\"}},{\"@type\":\"WebPage\",\"@id\":\"https:\\\/\\\/www.eldigitaldeasturias.com\\\/noticias\\\/iu-pide-un-estudio-epidemiologico-de-las-zonas-con-mayor-contaminacion\\\/#webpage\",\"url\":\"https:\\\/\\\/www.eldigitaldeasturias.com\\\/noticias\\\/iu-pide-un-estudio-epidemiologico-de-las-zonas-con-mayor-contaminacion\\\/\",\"name\":\"IU pide un estudio epidemiol\\u00f3gico de las zonas con mayor contaminaci\\u00f3n - El Digital de Asturias\",\"description\":\"\\u201cEl negacionismo del Consejero sobre la contaminaci\\u00f3n y el c\\u00e1ncer de pulm\\u00f3n no se sostiene\\u201d, advierte Gaspar Llamazares. El portavoz parlamentario de IU en la Junta General considera que el Consejero de Sanidad, Francisco del Busto, niega lo obvio: la relaci\\u00f3n entre contaminaci\\u00f3n y c\\u00e1ncer de pulm\\u00f3n. Llamazares le recuerda al Consejero de Salud que\",\"inLanguage\":\"es-ES\",\"isPartOf\":{\"@id\":\"https:\\\/\\\/www.eldigitaldeasturias.com\\\/noticias\\\/#website\"},\"breadcrumb\":{\"@id\":\"https:\\\/\\\/www.eldigitaldeasturias.com\\\/noticias\\\/iu-pide-un-estudio-epidemiologico-de-las-zonas-con-mayor-contaminacion\\\/#breadcrumblist\"},\"author\":{\"@id\":\"https:\\\/\\\/www.eldigitaldeasturias.com\\\/noticias\\\/author\\\/admin\\\/#author\"},\"creator\":{\"@id\":\"https:\\\/\\\/www.eldigitaldeasturias.com\\\/noticias\\\/author\\\/admin\\\/#author\"},\"image\":{\"@type\":\"ImageObject\",\"url\":\"https:\\\/\\\/www.eldigitaldeasturias.com\\\/noticias\\\/wp-content\\\/uploads\\\/2016\\\/04\\\/Llamazares.jpg\",\"@id\":\"https:\\\/\\\/www.eldigitaldeasturias.com\\\/noticias\\\/iu-pide-un-estudio-epidemiologico-de-las-zonas-con-mayor-contaminacion\\\/#mainImage\",\"width\":800,\"height\":600},\"primaryImageOfPage\":{\"@id\":\"https:\\\/\\\/www.eldigitaldeasturias.com\\\/noticias\\\/iu-pide-un-estudio-epidemiologico-de-las-zonas-con-mayor-contaminacion\\\/#mainImage\"},\"datePublished\":\"2017-02-24T14:15:40+01:00\",\"dateModified\":\"2017-02-24T14:15:40+01:00\"},{\"@type\":\"WebSite\",\"@id\":\"https:\\\/\\\/www.eldigitaldeasturias.com\\\/noticias\\\/#website\",\"url\":\"https:\\\/\\\/www.eldigitaldeasturias.com\\\/noticias\\\/\",\"name\":\"El Digital de Asturias - Diario de actualidad y noticias\",\"alternateName\":\"El Digital de Asturias - Diario de actualidad y noticias\",\"description\":\"Hemeroteca\",\"inLanguage\":\"es-ES\",\"publisher\":{\"@id\":\"https:\\\/\\\/www.eldigitaldeasturias.com\\\/noticias\\\/#organization\"}}]}\n\t\t<\/script>\n\t\t<!-- All in One SEO Pro -->\r\n\t\t<title>IU pide un estudio epidemiol\u00f3gico de las zonas con mayor contaminaci\u00f3n - El Digital de Asturias<\/title>\n\n","aioseo_head_json":{"title":"IU pide un estudio epidemiol\u00f3gico de las zonas con mayor contaminaci\u00f3n - El Digital de Asturias","description":"\u201cEl negacionismo del Consejero sobre la contaminaci\u00f3n y el c\u00e1ncer de pulm\u00f3n no se sostiene\u201d, advierte Gaspar Llamazares. El portavoz parlamentario de IU en la Junta General considera que el Consejero de Sanidad, Francisco del Busto, niega lo obvio: la relaci\u00f3n entre contaminaci\u00f3n y c\u00e1ncer de pulm\u00f3n. Llamazares le recuerda al Consejero de Salud que","canonical_url":"https:\/\/www.eldigitaldeasturias.com\/noticias\/iu-pide-un-estudio-epidemiologico-de-las-zonas-con-mayor-contaminacion\/","robots":"max-image-preview:large","keywords":"destacadas","webmasterTools":{"google-site-verification":"UA-38556648-1","msvalidate.01":"7dfe9f3f1b24437ab69f4f2559babe99","miscellaneous":""},"schema":{"@context":"https:\/\/schema.org","@graph":[{"@type":"BlogPosting","@id":"https:\/\/www.eldigitaldeasturias.com\/noticias\/iu-pide-un-estudio-epidemiologico-de-las-zonas-con-mayor-contaminacion\/#blogposting","name":"IU pide un estudio epidemiol\u00f3gico de las zonas con mayor contaminaci\u00f3n - El Digital de Asturias","headline":"IU pide un estudio epidemiol\u00f3gico de las zonas con mayor contaminaci\u00f3n","author":{"@id":"https:\/\/www.eldigitaldeasturias.com\/noticias\/author\/admin\/#author"},"publisher":{"@id":"https:\/\/www.eldigitaldeasturias.com\/noticias\/#organization"},"image":{"@type":"ImageObject","url":"https:\/\/www.eldigitaldeasturias.com\/noticias\/wp-content\/uploads\/2016\/04\/Llamazares.jpg","width":800,"height":600},"datePublished":"2017-02-24T14:15:40+01:00","dateModified":"2017-02-24T14:15:40+01:00","inLanguage":"es-ES","mainEntityOfPage":{"@id":"https:\/\/www.eldigitaldeasturias.com\/noticias\/iu-pide-un-estudio-epidemiologico-de-las-zonas-con-mayor-contaminacion\/#webpage"},"isPartOf":{"@id":"https:\/\/www.eldigitaldeasturias.com\/noticias\/iu-pide-un-estudio-epidemiologico-de-las-zonas-con-mayor-contaminacion\/#webpage"},"articleSection":"Destacadas"},{"@type":"BreadcrumbList","@id":"https:\/\/www.eldigitaldeasturias.com\/noticias\/iu-pide-un-estudio-epidemiologico-de-las-zonas-con-mayor-contaminacion\/#breadcrumblist","itemListElement":[{"@type":"ListItem","@id":"https:\/\/www.eldigitaldeasturias.com\/noticias#listItem","position":1,"name":"Home","item":"https:\/\/www.eldigitaldeasturias.com\/noticias","nextItem":{"@type":"ListItem","@id":"https:\/\/www.eldigitaldeasturias.com\/noticias\/category\/destacadas\/#listItem","name":"Destacadas"}},{"@type":"ListItem","@id":"https:\/\/www.eldigitaldeasturias.com\/noticias\/category\/destacadas\/#listItem","position":2,"name":"Destacadas","item":"https:\/\/www.eldigitaldeasturias.com\/noticias\/category\/destacadas\/","nextItem":{"@type":"ListItem","@id":"https:\/\/www.eldigitaldeasturias.com\/noticias\/iu-pide-un-estudio-epidemiologico-de-las-zonas-con-mayor-contaminacion\/#listItem","name":"IU pide un estudio epidemiol\u00f3gico de las zonas con mayor contaminaci\u00f3n"},"previousItem":{"@type":"ListItem","@id":"https:\/\/www.eldigitaldeasturias.com\/noticias#listItem","name":"Home"}},{"@type":"ListItem","@id":"https:\/\/www.eldigitaldeasturias.com\/noticias\/iu-pide-un-estudio-epidemiologico-de-las-zonas-con-mayor-contaminacion\/#listItem","position":3,"name":"IU pide un estudio epidemiol\u00f3gico de las zonas con mayor contaminaci\u00f3n","previousItem":{"@type":"ListItem","@id":"https:\/\/www.eldigitaldeasturias.com\/noticias\/category\/destacadas\/#listItem","name":"Destacadas"}}]},{"@type":"Organization","@id":"https:\/\/www.eldigitaldeasturias.com\/noticias\/#organization","name":"El Digital de Asturias","description":"Hemeroteca","url":"https:\/\/www.eldigitaldeasturias.com\/noticias\/","email":"info@eldigitaldeasturias.com","telephone":"+34652131393","logo":{"@type":"ImageObject","url":"https:\/\/www.eldigitaldeasturias.com\/noticias\/wp-content\/uploads\/2020\/12\/EDA.jpg","@id":"https:\/\/www.eldigitaldeasturias.com\/noticias\/iu-pide-un-estudio-epidemiologico-de-las-zonas-con-mayor-contaminacion\/#organizationLogo","width":649,"height":297},"image":{"@id":"https:\/\/www.eldigitaldeasturias.com\/noticias\/iu-pide-un-estudio-epidemiologico-de-las-zonas-con-mayor-contaminacion\/#organizationLogo"},"sameAs":["https:\/\/facebook.com\/eldigitaldeasturias","https:\/\/www.youtube.com\/channel\/UCZP-2wLEB9Rv6erhFmqVnvg"],"address":{"@id":"https:\/\/www.eldigitaldeasturias.com\/noticias\/#postaladdress","@type":"PostalAddress","streetAddress":"san antonio 4,","postalCode":"33430","addressLocality":"Cand\u00e1s","addressRegion":"Asturias","addressCountry":"ES"}},{"@type":"Person","@id":"https:\/\/www.eldigitaldeasturias.com\/noticias\/author\/admin\/#author","url":"https:\/\/www.eldigitaldeasturias.com\/noticias\/author\/admin\/","name":"El Digital de Asturias","image":{"@type":"ImageObject","@id":"https:\/\/www.eldigitaldeasturias.com\/noticias\/iu-pide-un-estudio-epidemiologico-de-las-zonas-con-mayor-contaminacion\/#authorImage","url":"https:\/\/www.eldigitaldeasturias.com\/noticias\/wp-content\/litespeed\/avatar\/18677e78aa0546b92d9dbf31ec7d7668.jpg?ver=1777290358","width":96,"height":96,"caption":"El Digital de Asturias"}},{"@type":"WebPage","@id":"https:\/\/www.eldigitaldeasturias.com\/noticias\/iu-pide-un-estudio-epidemiologico-de-las-zonas-con-mayor-contaminacion\/#webpage","url":"https:\/\/www.eldigitaldeasturias.com\/noticias\/iu-pide-un-estudio-epidemiologico-de-las-zonas-con-mayor-contaminacion\/","name":"IU pide un estudio epidemiol\u00f3gico de las zonas con mayor contaminaci\u00f3n - El Digital de Asturias","description":"\u201cEl negacionismo del Consejero sobre la contaminaci\u00f3n y el c\u00e1ncer de pulm\u00f3n no se sostiene\u201d, advierte Gaspar Llamazares. El portavoz parlamentario de IU en la Junta General considera que el Consejero de Sanidad, Francisco del Busto, niega lo obvio: la relaci\u00f3n entre contaminaci\u00f3n y c\u00e1ncer de pulm\u00f3n. Llamazares le recuerda al Consejero de Salud que","inLanguage":"es-ES","isPartOf":{"@id":"https:\/\/www.eldigitaldeasturias.com\/noticias\/#website"},"breadcrumb":{"@id":"https:\/\/www.eldigitaldeasturias.com\/noticias\/iu-pide-un-estudio-epidemiologico-de-las-zonas-con-mayor-contaminacion\/#breadcrumblist"},"author":{"@id":"https:\/\/www.eldigitaldeasturias.com\/noticias\/author\/admin\/#author"},"creator":{"@id":"https:\/\/www.eldigitaldeasturias.com\/noticias\/author\/admin\/#author"},"image":{"@type":"ImageObject","url":"https:\/\/www.eldigitaldeasturias.com\/noticias\/wp-content\/uploads\/2016\/04\/Llamazares.jpg","@id":"https:\/\/www.eldigitaldeasturias.com\/noticias\/iu-pide-un-estudio-epidemiologico-de-las-zonas-con-mayor-contaminacion\/#mainImage","width":800,"height":600},"primaryImageOfPage":{"@id":"https:\/\/www.eldigitaldeasturias.com\/noticias\/iu-pide-un-estudio-epidemiologico-de-las-zonas-con-mayor-contaminacion\/#mainImage"},"datePublished":"2017-02-24T14:15:40+01:00","dateModified":"2017-02-24T14:15:40+01:00"},{"@type":"WebSite","@id":"https:\/\/www.eldigitaldeasturias.com\/noticias\/#website","url":"https:\/\/www.eldigitaldeasturias.com\/noticias\/","name":"El Digital de Asturias - Diario de actualidad y noticias","alternateName":"El Digital de Asturias - Diario de actualidad y noticias","description":"Hemeroteca","inLanguage":"es-ES","publisher":{"@id":"https:\/\/www.eldigitaldeasturias.com\/noticias\/#organization"}}]},"og:locale":"es_ES","og:site_name":"El Digital de Asturias","og:type":"article","og:title":"IU pide un estudio epidemiol\u00f3gico de las zonas con mayor contaminaci\u00f3n - El Digital de Asturias","og:description":"\u201cEl negacionismo del Consejero sobre la contaminaci\u00f3n y el c\u00e1ncer de pulm\u00f3n no se sostiene\u201d, advierte Gaspar Llamazares. El portavoz parlamentario de IU en la Junta General considera que el Consejero de Sanidad, Francisco del Busto, niega lo obvio: la relaci\u00f3n entre contaminaci\u00f3n y c\u00e1ncer de pulm\u00f3n. Llamazares le recuerda al Consejero de Salud que","og:url":"https:\/\/www.eldigitaldeasturias.com\/noticias\/iu-pide-un-estudio-epidemiologico-de-las-zonas-con-mayor-contaminacion\/","og:image":"https:\/\/www.eldigitaldeasturias.com\/noticias\/wp-content\/uploads\/2016\/04\/Llamazares.jpg","og:image:secure_url":"https:\/\/www.eldigitaldeasturias.com\/noticias\/wp-content\/uploads\/2016\/04\/Llamazares.jpg","og:image:width":800,"og:image:height":600,"article:tag":["destacadas"],"article:published_time":"2017-02-24T14:15:40+00:00","article:modified_time":"2017-02-24T14:15:40+00:00","article:publisher":"https:\/\/facebook.com\/eldigitaldeasturias","twitter:card":"summary_large_image","twitter:title":"IU pide un estudio epidemiol\u00f3gico de las zonas con mayor contaminaci\u00f3n - El Digital de Asturias","twitter:description":"\u201cEl negacionismo del Consejero sobre la contaminaci\u00f3n y el c\u00e1ncer de pulm\u00f3n no se sostiene\u201d, advierte Gaspar Llamazares. El portavoz parlamentario de IU en la Junta General considera que el Consejero de Sanidad, Francisco del Busto, niega lo obvio: la relaci\u00f3n entre contaminaci\u00f3n y c\u00e1ncer de pulm\u00f3n. Llamazares le recuerda al Consejero de Salud que","twitter:image":"https:\/\/www.eldigitaldeasturias.com\/noticias\/wp-content\/uploads\/2016\/04\/Llamazares.jpg","twitter:label1":"Escrito por","twitter:data1":"El Digital de Asturias","twitter:label2":"Tiempo de lectura estimado","twitter:data2":"1 minuto"},"aioseo_meta_data":{"post_id":"927265","title":null,"description":null,"keywords":null,"keyphrases":null,"primary_term":null,"canonical_url":null,"og_title":null,"og_description":null,"og_object_type":"default","og_image_type":"default","og_image_url":null,"og_image_width":null,"og_image_height":null,"og_image_custom_url":null,"og_image_custom_fields":null,"og_video":null,"og_custom_url":null,"og_article_section":null,"og_article_tags":null,"twitter_use_og":false,"twitter_card":"default","twitter_image_type":"default","twitter_image_url":null,"twitter_image_custom_url":null,"twitter_image_custom_fields":null,"twitter_title":null,"twitter_description":null,"schema":{"blockGraphs":[],"customGraphs":[],"default":{"data":{"Article":[],"Course":[],"Dataset":[],"FAQPage":[],"Movie":[],"Person":[],"Product":[],"ProductReview":[],"Car":[],"Recipe":[],"Service":[],"SoftwareApplication":[],"WebPage":[]},"graphName":"","isEnabled":true},"graphs":[],"defaultGraph":"","defaultPostTypeGraph":""},"schema_type":null,"schema_type_options":null,"pillar_content":false,"robots_default":true,"robots_noindex":false,"robots_noarchive":false,"robots_nosnippet":false,"robots_nofollow":false,"robots_noimageindex":false,"robots_noodp":false,"robots_notranslate":false,"robots_max_snippet":null,"robots_max_videopreview":null,"robots_max_imagepreview":"large","priority":null,"frequency":null,"local_seo":null,"seo_analyzer_scan_date":"2025-12-03 09:39:02","breadcrumb_settings":null,"limit_modified_date":false,"open_ai":null,"ai":null,"created":"2020-12-21 13:37:29","updated":"2025-12-03 09:39:02"},"aioseo_breadcrumb":"<div class=\"aioseo-breadcrumbs\"><span class=\"aioseo-breadcrumb\">\n\t<a href=\"https:\/\/www.eldigitaldeasturias.com\/noticias\" title=\"Home\">Home<\/a>\n<\/span><span class=\"aioseo-breadcrumb-separator\">\u2013<\/span><span class=\"aioseo-breadcrumb\">\n\t<a href=\"https:\/\/www.eldigitaldeasturias.com\/noticias\/category\/destacadas\/\" title=\"Destacadas\">Destacadas<\/a>\n<\/span><span class=\"aioseo-breadcrumb-separator\">\u2013<\/span><span class=\"aioseo-breadcrumb\">\n\t<a href=\"https:\/\/www.eldigitaldeasturias.com\/noticias\/iu-pide-un-estudio-epidemiologico-de-las-zonas-con-mayor-contaminacion\/\" title=\"IU pide un estudio epidemiol\u00f3gico de las zonas con mayor contaminaci\u00f3n\">IU pide un estudio epidemiol\u00f3gico de las zonas con mayor contaminaci\u00f3n<\/a>\n<\/span><\/div>","aioseo_breadcrumb_json":[{"label":"Home","link":"https:\/\/www.eldigitaldeasturias.com\/noticias"},{"label":"Destacadas","link":"https:\/\/www.eldigitaldeasturias.com\/noticias\/category\/destacadas\/"},{"label":"IU pide un estudio epidemiol\u00f3gico de las zonas con mayor contaminaci\u00f3n","link":"https:\/\/www.eldigitaldeasturias.com\/noticias\/iu-pide-un-estudio-epidemiologico-de-las-zonas-con-mayor-contaminacion\/"}],"_links":{"self":[{"href":"https:\/\/www.eldigitaldeasturias.com\/noticias\/wp-json\/wp\/v2\/posts\/927265","targetHints":{"allow":["GET"]}}],"collection":[{"href":"https:\/\/www.eldigitaldeasturias.com\/noticias\/wp-json\/wp\/v2\/posts"}],"about":[{"href":"https:\/\/www.eldigitaldeasturias.com\/noticias\/wp-json\/wp\/v2\/types\/post"}],"author":[{"embeddable":true,"href":"https:\/\/www.eldigitaldeasturias.com\/noticias\/wp-json\/wp\/v2\/users\/1"}],"replies":[{"embeddable":true,"href":"https:\/\/www.eldigitaldeasturias.com\/noticias\/wp-json\/wp\/v2\/comments?post=927265"}],"version-history":[{"count":0,"href":"https:\/\/www.eldigitaldeasturias.com\/noticias\/wp-json\/wp\/v2\/posts\/927265\/revisions"}],"wp:featuredmedia":[{"embeddable":true,"href":"https:\/\/www.eldigitaldeasturias.com\/noticias\/wp-json\/wp\/v2\/media\/874615"}],"wp:attachment":[{"href":"https:\/\/www.eldigitaldeasturias.com\/noticias\/wp-json\/wp\/v2\/media?parent=927265"}],"wp:term":[{"taxonomy":"category","embeddable":true,"href":"https:\/\/www.eldigitaldeasturias.com\/noticias\/wp-json\/wp\/v2\/categories?post=927265"},{"taxonomy":"post_tag","embeddable":true,"href":"https:\/\/www.eldigitaldeasturias.com\/noticias\/wp-json\/wp\/v2\/tags?post=927265"}],"curies":[{"name":"wp","href":"https:\/\/api.w.org\/{rel}","templated":true}]}}