{"id":927180,"date":"2017-02-23T21:50:08","date_gmt":"2017-02-23T21:50:08","guid":{"rendered":"http:\/\/www.eldigitaldeasturias.com\/noticias\/?p=927180"},"modified":"2017-02-23T21:50:08","modified_gmt":"2017-02-23T21:50:08","slug":"el-ies-miralbueno-celebra-sus-50-anos","status":"publish","type":"post","link":"https:\/\/www.eldigitaldeasturias.com\/noticias\/el-ies-miralbueno-celebra-sus-50-anos\/","title":{"rendered":"El IES Miralbueno celebra sus 50 a\u00f1os"},"content":{"rendered":"<p><img loading=\"lazy\" decoding=\"async\" class=\"alignleft size-medium wp-image-927181\" src=\"https:\/\/www.eldigitaldeasturias.com\/noticias\/wp-content\/uploads\/2017\/02\/IMG-20170223-WA0032-360x243.jpg\" alt=\"\" width=\"360\" height=\"243\" srcset=\"https:\/\/www.eldigitaldeasturias.com\/noticias\/wp-content\/uploads\/2017\/02\/IMG-20170223-WA0032-360x243.jpg 360w, https:\/\/www.eldigitaldeasturias.com\/noticias\/wp-content\/uploads\/2017\/02\/IMG-20170223-WA0032-260x175.jpg 260w, https:\/\/www.eldigitaldeasturias.com\/noticias\/wp-content\/uploads\/2017\/02\/IMG-20170223-WA0032-49x32.jpg 49w, https:\/\/www.eldigitaldeasturias.com\/noticias\/wp-content\/uploads\/2017\/02\/IMG-20170223-WA0032.jpg 460w\" sizes=\"auto, (max-width: 360px) 100vw, 360px\" \/>El IES Miralbueno celebr\u00f3 ayer la gran gala de conmemoraci\u00f3n del 50 aniversario del instituto, a la que acudieron adem\u00e1s del actual equipo del centro, antiguos profesores, personal no docente, delegados de alumnos y asociaciones de padres y madres. Un acto muy emotivo que, a cargo del grupo de teatro del centro, Plumier 2.0, sirvi\u00f3 para mirar al pasado y recordar este medio centenario de historia del instituto.<\/p>\n<p>\u201cDesde que el centro de Formaci\u00f3n Profesional Acelerada n\u00ba 8 se inaugur\u00f3 en 1966 en la capital aragonesa, hasta este actual IES Miralbueno, por sus instalaciones han pasado alumnos, padres, personal no docente, profesores, hemos tenido relaci\u00f3n con empresarios y asociaciones, en definitiva, con el barrio en el que nos encontramos. Gracias porque entre todos hemos hecho que nuestro Instituto cumpla 50 a\u00f1os\u201d, ha explicado el director del centro, Joaqu\u00edn Al\u00f3s.<\/p>\n<p>Ahora, el IES Miralbueno imparte educaci\u00f3n Secundaria, Bachillerato y varias ramas de FP. A d\u00eda de hoy m\u00e1s de 100 profesores y especialistas dan formaci\u00f3n a unos 1000 alumnos.<\/p>\n<p>El director general de Innovaci\u00f3n, Equidad y Participaci\u00f3n del Gobierno de Arag\u00f3n, Jes\u00fas Garc\u00e9s, y la directora del Servicio Provincial de Educaci\u00f3n de Zaragoza, Isabel Arbu\u00e9s, han asistido a la gala. La ceremonia ha sido el colof\u00f3n a una semana completa de celebraciones, en la que los alumnos y docentes del centro han podido disfrutar de charlas de restauraci\u00f3n, automoci\u00f3n, edificaci\u00f3n, viajes; as\u00ed como conciertos, torneos de ajedrez solidarios, entre otros eventos. Ma\u00f1ana tendr\u00e1 lugar la actuaci\u00f3n del grupo profesional de m\u00fasica pop-rock de los a\u00f1os 80, Trece Escalones.<\/p>\n<p>Adem\u00e1s se han organizado varias exposiciones en el centro: \u201cLegado hist\u00f3rico\u201d, \u201cLibros\u201d, \u201cLo que va de ayer a hoy\u201d, \u201cLos autos de mi vida\u201d, \u201cLogos de las distintas etapas\u201d y \u201cPiezas con clase\u201d.<\/p>\n","protected":false},"excerpt":{"rendered":"<p>El IES Miralbueno celebr\u00f3 ayer la gran gala de conmemoraci\u00f3n del 50 aniversario del instituto, a la que acudieron adem\u00e1s del actual equipo del centro, antiguos profesores, personal no docente, delegados de alumnos y asociaciones de padres y madres. Un acto muy emotivo que, a cargo del grupo de teatro del centro, Plumier 2.0, sirvi\u00f3 [&hellip;]<\/p>\n","protected":false},"author":1,"featured_media":927182,"comment_status":"closed","ping_status":"closed","sticky":false,"template":"","format":"standard","meta":{"footnotes":""},"categories":[1],"tags":[],"class_list":["post-927180","post","type-post","status-publish","format-standard","has-post-thumbnail","hentry","category-actualidad"],"aioseo_notices":[],"aioseo_head":"\n\t\t<!-- All in One SEO Pro 4.9.6.2 - aioseo.com -->\n\t<meta name=\"description\" content=\"El IES Miralbueno celebr\u00f3 ayer la gran gala de conmemoraci\u00f3n del 50 aniversario del instituto, a la que acudieron adem\u00e1s del actual equipo del centro, antiguos profesores, personal no docente, delegados de alumnos y asociaciones de padres y madres. Un acto muy emotivo que, a cargo del grupo de teatro del centro, Plumier 2.0, sirvi\u00f3\" \/>\n\t<meta name=\"robots\" content=\"max-image-preview:large\" \/>\n\t<meta name=\"author\" content=\"El Digital de Asturias\"\/>\n\t<meta name=\"google-site-verification\" content=\"UA-38556648-1\" \/>\n\t<meta name=\"msvalidate.01\" content=\"7dfe9f3f1b24437ab69f4f2559babe99\" \/>\n\t<meta name=\"keywords\" content=\"actualidad\" \/>\n\t<link rel=\"canonical\" href=\"https:\/\/www.eldigitaldeasturias.com\/noticias\/el-ies-miralbueno-celebra-sus-50-anos\/\" \/>\n\t<meta name=\"generator\" content=\"All in One SEO Pro (AIOSEO) 4.9.6.2\" \/>\n\t\t<meta property=\"og:locale\" content=\"es_ES\" \/>\n\t\t<meta property=\"og:site_name\" content=\"El Digital de Asturias\" \/>\n\t\t<meta property=\"og:type\" content=\"article\" \/>\n\t\t<meta property=\"og:title\" content=\"El IES Miralbueno celebra sus 50 a\u00f1os - El Digital de Asturias\" \/>\n\t\t<meta property=\"og:description\" content=\"El IES Miralbueno celebr\u00f3 ayer la gran gala de conmemoraci\u00f3n del 50 aniversario del instituto, a la que acudieron adem\u00e1s del actual equipo del centro, antiguos profesores, personal no docente, delegados de alumnos y asociaciones de padres y madres. Un acto muy emotivo que, a cargo del grupo de teatro del centro, Plumier 2.0, sirvi\u00f3\" \/>\n\t\t<meta property=\"og:url\" content=\"https:\/\/www.eldigitaldeasturias.com\/noticias\/el-ies-miralbueno-celebra-sus-50-anos\/\" \/>\n\t\t<meta property=\"og:image\" content=\"https:\/\/www.eldigitaldeasturias.com\/noticias\/wp-content\/uploads\/2017\/02\/IMG-20170223-WA0032-1.jpg\" \/>\n\t\t<meta property=\"og:image:secure_url\" content=\"https:\/\/www.eldigitaldeasturias.com\/noticias\/wp-content\/uploads\/2017\/02\/IMG-20170223-WA0032-1.jpg\" \/>\n\t\t<meta property=\"og:image:width\" content=\"460\" \/>\n\t\t<meta property=\"og:image:height\" content=\"310\" \/>\n\t\t<meta property=\"article:tag\" content=\"actualidad\" \/>\n\t\t<meta property=\"article:published_time\" content=\"2017-02-23T21:50:08+00:00\" \/>\n\t\t<meta property=\"article:modified_time\" content=\"2017-02-23T21:50:08+00:00\" \/>\n\t\t<meta property=\"article:publisher\" content=\"https:\/\/facebook.com\/eldigitaldeasturias\" \/>\n\t\t<meta name=\"twitter:card\" content=\"summary_large_image\" \/>\n\t\t<meta name=\"twitter:title\" content=\"El IES Miralbueno celebra sus 50 a\u00f1os - El Digital de Asturias\" \/>\n\t\t<meta name=\"twitter:description\" content=\"El IES Miralbueno celebr\u00f3 ayer la gran gala de conmemoraci\u00f3n del 50 aniversario del instituto, a la que acudieron adem\u00e1s del actual equipo del centro, antiguos profesores, personal no docente, delegados de alumnos y asociaciones de padres y madres. Un acto muy emotivo que, a cargo del grupo de teatro del centro, Plumier 2.0, sirvi\u00f3\" \/>\n\t\t<meta name=\"twitter:image\" content=\"https:\/\/www.eldigitaldeasturias.com\/noticias\/wp-content\/uploads\/2017\/02\/IMG-20170223-WA0032-1.jpg\" \/>\n\t\t<meta name=\"twitter:label1\" content=\"Escrito por\" \/>\n\t\t<meta name=\"twitter:data1\" content=\"El Digital de Asturias\" \/>\n\t\t<meta name=\"twitter:label2\" content=\"Tiempo de lectura estimado\" \/>\n\t\t<meta name=\"twitter:data2\" content=\"2 minutos\" \/>\n\t\t<script type=\"application\/ld+json\" class=\"aioseo-schema\">\n\t\t\t{\"@context\":\"https:\\\/\\\/schema.org\",\"@graph\":[{\"@type\":\"BlogPosting\",\"@id\":\"https:\\\/\\\/www.eldigitaldeasturias.com\\\/noticias\\\/el-ies-miralbueno-celebra-sus-50-anos\\\/#blogposting\",\"name\":\"El IES Miralbueno celebra sus 50 a\\u00f1os - El Digital de Asturias\",\"headline\":\"El IES Miralbueno celebra sus 50 a\\u00f1os\",\"author\":{\"@id\":\"https:\\\/\\\/www.eldigitaldeasturias.com\\\/noticias\\\/author\\\/admin\\\/#author\"},\"publisher\":{\"@id\":\"https:\\\/\\\/www.eldigitaldeasturias.com\\\/noticias\\\/#organization\"},\"image\":{\"@type\":\"ImageObject\",\"url\":\"https:\\\/\\\/www.eldigitaldeasturias.com\\\/noticias\\\/wp-content\\\/uploads\\\/2017\\\/02\\\/IMG-20170223-WA0032-1.jpg\",\"width\":460,\"height\":310},\"datePublished\":\"2017-02-23T21:50:08+01:00\",\"dateModified\":\"2017-02-23T21:50:08+01:00\",\"inLanguage\":\"es-ES\",\"mainEntityOfPage\":{\"@id\":\"https:\\\/\\\/www.eldigitaldeasturias.com\\\/noticias\\\/el-ies-miralbueno-celebra-sus-50-anos\\\/#webpage\"},\"isPartOf\":{\"@id\":\"https:\\\/\\\/www.eldigitaldeasturias.com\\\/noticias\\\/el-ies-miralbueno-celebra-sus-50-anos\\\/#webpage\"},\"articleSection\":\"Actualidad\"},{\"@type\":\"BreadcrumbList\",\"@id\":\"https:\\\/\\\/www.eldigitaldeasturias.com\\\/noticias\\\/el-ies-miralbueno-celebra-sus-50-anos\\\/#breadcrumblist\",\"itemListElement\":[{\"@type\":\"ListItem\",\"@id\":\"https:\\\/\\\/www.eldigitaldeasturias.com\\\/noticias#listItem\",\"position\":1,\"name\":\"Home\",\"item\":\"https:\\\/\\\/www.eldigitaldeasturias.com\\\/noticias\",\"nextItem\":{\"@type\":\"ListItem\",\"@id\":\"https:\\\/\\\/www.eldigitaldeasturias.com\\\/noticias\\\/category\\\/actualidad\\\/#listItem\",\"name\":\"Actualidad\"}},{\"@type\":\"ListItem\",\"@id\":\"https:\\\/\\\/www.eldigitaldeasturias.com\\\/noticias\\\/category\\\/actualidad\\\/#listItem\",\"position\":2,\"name\":\"Actualidad\",\"item\":\"https:\\\/\\\/www.eldigitaldeasturias.com\\\/noticias\\\/category\\\/actualidad\\\/\",\"nextItem\":{\"@type\":\"ListItem\",\"@id\":\"https:\\\/\\\/www.eldigitaldeasturias.com\\\/noticias\\\/el-ies-miralbueno-celebra-sus-50-anos\\\/#listItem\",\"name\":\"El IES Miralbueno celebra sus 50 a\\u00f1os\"},\"previousItem\":{\"@type\":\"ListItem\",\"@id\":\"https:\\\/\\\/www.eldigitaldeasturias.com\\\/noticias#listItem\",\"name\":\"Home\"}},{\"@type\":\"ListItem\",\"@id\":\"https:\\\/\\\/www.eldigitaldeasturias.com\\\/noticias\\\/el-ies-miralbueno-celebra-sus-50-anos\\\/#listItem\",\"position\":3,\"name\":\"El IES Miralbueno celebra sus 50 a\\u00f1os\",\"previousItem\":{\"@type\":\"ListItem\",\"@id\":\"https:\\\/\\\/www.eldigitaldeasturias.com\\\/noticias\\\/category\\\/actualidad\\\/#listItem\",\"name\":\"Actualidad\"}}]},{\"@type\":\"Organization\",\"@id\":\"https:\\\/\\\/www.eldigitaldeasturias.com\\\/noticias\\\/#organization\",\"name\":\"El Digital de Asturias\",\"description\":\"Hemeroteca\",\"url\":\"https:\\\/\\\/www.eldigitaldeasturias.com\\\/noticias\\\/\",\"email\":\"info@eldigitaldeasturias.com\",\"telephone\":\"+34652131393\",\"logo\":{\"@type\":\"ImageObject\",\"url\":\"https:\\\/\\\/www.eldigitaldeasturias.com\\\/noticias\\\/wp-content\\\/uploads\\\/2020\\\/12\\\/EDA.jpg\",\"@id\":\"https:\\\/\\\/www.eldigitaldeasturias.com\\\/noticias\\\/el-ies-miralbueno-celebra-sus-50-anos\\\/#organizationLogo\",\"width\":649,\"height\":297},\"image\":{\"@id\":\"https:\\\/\\\/www.eldigitaldeasturias.com\\\/noticias\\\/el-ies-miralbueno-celebra-sus-50-anos\\\/#organizationLogo\"},\"sameAs\":[\"https:\\\/\\\/facebook.com\\\/eldigitaldeasturias\",\"https:\\\/\\\/www.youtube.com\\\/channel\\\/UCZP-2wLEB9Rv6erhFmqVnvg\"],\"address\":{\"@id\":\"https:\\\/\\\/www.eldigitaldeasturias.com\\\/noticias\\\/#postaladdress\",\"@type\":\"PostalAddress\",\"streetAddress\":\"san antonio 4,\",\"postalCode\":\"33430\",\"addressLocality\":\"Cand\\u00e1s\",\"addressRegion\":\"Asturias\",\"addressCountry\":\"ES\"}},{\"@type\":\"Person\",\"@id\":\"https:\\\/\\\/www.eldigitaldeasturias.com\\\/noticias\\\/author\\\/admin\\\/#author\",\"url\":\"https:\\\/\\\/www.eldigitaldeasturias.com\\\/noticias\\\/author\\\/admin\\\/\",\"name\":\"El Digital de Asturias\",\"image\":{\"@type\":\"ImageObject\",\"@id\":\"https:\\\/\\\/www.eldigitaldeasturias.com\\\/noticias\\\/el-ies-miralbueno-celebra-sus-50-anos\\\/#authorImage\",\"url\":\"https:\\\/\\\/www.eldigitaldeasturias.com\\\/noticias\\\/wp-content\\\/litespeed\\\/avatar\\\/18677e78aa0546b92d9dbf31ec7d7668.jpg?ver=1777290358\",\"width\":96,\"height\":96,\"caption\":\"El Digital de Asturias\"}},{\"@type\":\"WebPage\",\"@id\":\"https:\\\/\\\/www.eldigitaldeasturias.com\\\/noticias\\\/el-ies-miralbueno-celebra-sus-50-anos\\\/#webpage\",\"url\":\"https:\\\/\\\/www.eldigitaldeasturias.com\\\/noticias\\\/el-ies-miralbueno-celebra-sus-50-anos\\\/\",\"name\":\"El IES Miralbueno celebra sus 50 a\\u00f1os - El Digital de Asturias\",\"description\":\"El IES Miralbueno celebr\\u00f3 ayer la gran gala de conmemoraci\\u00f3n del 50 aniversario del instituto, a la que acudieron adem\\u00e1s del actual equipo del centro, antiguos profesores, personal no docente, delegados de alumnos y asociaciones de padres y madres. Un acto muy emotivo que, a cargo del grupo de teatro del centro, Plumier 2.0, sirvi\\u00f3\",\"inLanguage\":\"es-ES\",\"isPartOf\":{\"@id\":\"https:\\\/\\\/www.eldigitaldeasturias.com\\\/noticias\\\/#website\"},\"breadcrumb\":{\"@id\":\"https:\\\/\\\/www.eldigitaldeasturias.com\\\/noticias\\\/el-ies-miralbueno-celebra-sus-50-anos\\\/#breadcrumblist\"},\"author\":{\"@id\":\"https:\\\/\\\/www.eldigitaldeasturias.com\\\/noticias\\\/author\\\/admin\\\/#author\"},\"creator\":{\"@id\":\"https:\\\/\\\/www.eldigitaldeasturias.com\\\/noticias\\\/author\\\/admin\\\/#author\"},\"image\":{\"@type\":\"ImageObject\",\"url\":\"https:\\\/\\\/www.eldigitaldeasturias.com\\\/noticias\\\/wp-content\\\/uploads\\\/2017\\\/02\\\/IMG-20170223-WA0032-1.jpg\",\"@id\":\"https:\\\/\\\/www.eldigitaldeasturias.com\\\/noticias\\\/el-ies-miralbueno-celebra-sus-50-anos\\\/#mainImage\",\"width\":460,\"height\":310},\"primaryImageOfPage\":{\"@id\":\"https:\\\/\\\/www.eldigitaldeasturias.com\\\/noticias\\\/el-ies-miralbueno-celebra-sus-50-anos\\\/#mainImage\"},\"datePublished\":\"2017-02-23T21:50:08+01:00\",\"dateModified\":\"2017-02-23T21:50:08+01:00\"},{\"@type\":\"WebSite\",\"@id\":\"https:\\\/\\\/www.eldigitaldeasturias.com\\\/noticias\\\/#website\",\"url\":\"https:\\\/\\\/www.eldigitaldeasturias.com\\\/noticias\\\/\",\"name\":\"El Digital de Asturias - Diario de actualidad y noticias\",\"alternateName\":\"El Digital de Asturias - Diario de actualidad y noticias\",\"description\":\"Hemeroteca\",\"inLanguage\":\"es-ES\",\"publisher\":{\"@id\":\"https:\\\/\\\/www.eldigitaldeasturias.com\\\/noticias\\\/#organization\"}}]}\n\t\t<\/script>\n\t\t<!-- All in One SEO Pro -->\r\n\t\t<title>El IES Miralbueno celebra sus 50 a\u00f1os - El Digital de Asturias<\/title>\n\n","aioseo_head_json":{"title":"El IES Miralbueno celebra sus 50 a\u00f1os - El Digital de Asturias","description":"El IES Miralbueno celebr\u00f3 ayer la gran gala de conmemoraci\u00f3n del 50 aniversario del instituto, a la que acudieron adem\u00e1s del actual equipo del centro, antiguos profesores, personal no docente, delegados de alumnos y asociaciones de padres y madres. Un acto muy emotivo que, a cargo del grupo de teatro del centro, Plumier 2.0, sirvi\u00f3","canonical_url":"https:\/\/www.eldigitaldeasturias.com\/noticias\/el-ies-miralbueno-celebra-sus-50-anos\/","robots":"max-image-preview:large","keywords":"actualidad","webmasterTools":{"google-site-verification":"UA-38556648-1","msvalidate.01":"7dfe9f3f1b24437ab69f4f2559babe99","miscellaneous":""},"schema":{"@context":"https:\/\/schema.org","@graph":[{"@type":"BlogPosting","@id":"https:\/\/www.eldigitaldeasturias.com\/noticias\/el-ies-miralbueno-celebra-sus-50-anos\/#blogposting","name":"El IES Miralbueno celebra sus 50 a\u00f1os - El Digital de Asturias","headline":"El IES Miralbueno celebra sus 50 a\u00f1os","author":{"@id":"https:\/\/www.eldigitaldeasturias.com\/noticias\/author\/admin\/#author"},"publisher":{"@id":"https:\/\/www.eldigitaldeasturias.com\/noticias\/#organization"},"image":{"@type":"ImageObject","url":"https:\/\/www.eldigitaldeasturias.com\/noticias\/wp-content\/uploads\/2017\/02\/IMG-20170223-WA0032-1.jpg","width":460,"height":310},"datePublished":"2017-02-23T21:50:08+01:00","dateModified":"2017-02-23T21:50:08+01:00","inLanguage":"es-ES","mainEntityOfPage":{"@id":"https:\/\/www.eldigitaldeasturias.com\/noticias\/el-ies-miralbueno-celebra-sus-50-anos\/#webpage"},"isPartOf":{"@id":"https:\/\/www.eldigitaldeasturias.com\/noticias\/el-ies-miralbueno-celebra-sus-50-anos\/#webpage"},"articleSection":"Actualidad"},{"@type":"BreadcrumbList","@id":"https:\/\/www.eldigitaldeasturias.com\/noticias\/el-ies-miralbueno-celebra-sus-50-anos\/#breadcrumblist","itemListElement":[{"@type":"ListItem","@id":"https:\/\/www.eldigitaldeasturias.com\/noticias#listItem","position":1,"name":"Home","item":"https:\/\/www.eldigitaldeasturias.com\/noticias","nextItem":{"@type":"ListItem","@id":"https:\/\/www.eldigitaldeasturias.com\/noticias\/category\/actualidad\/#listItem","name":"Actualidad"}},{"@type":"ListItem","@id":"https:\/\/www.eldigitaldeasturias.com\/noticias\/category\/actualidad\/#listItem","position":2,"name":"Actualidad","item":"https:\/\/www.eldigitaldeasturias.com\/noticias\/category\/actualidad\/","nextItem":{"@type":"ListItem","@id":"https:\/\/www.eldigitaldeasturias.com\/noticias\/el-ies-miralbueno-celebra-sus-50-anos\/#listItem","name":"El IES Miralbueno celebra sus 50 a\u00f1os"},"previousItem":{"@type":"ListItem","@id":"https:\/\/www.eldigitaldeasturias.com\/noticias#listItem","name":"Home"}},{"@type":"ListItem","@id":"https:\/\/www.eldigitaldeasturias.com\/noticias\/el-ies-miralbueno-celebra-sus-50-anos\/#listItem","position":3,"name":"El IES Miralbueno celebra sus 50 a\u00f1os","previousItem":{"@type":"ListItem","@id":"https:\/\/www.eldigitaldeasturias.com\/noticias\/category\/actualidad\/#listItem","name":"Actualidad"}}]},{"@type":"Organization","@id":"https:\/\/www.eldigitaldeasturias.com\/noticias\/#organization","name":"El Digital de Asturias","description":"Hemeroteca","url":"https:\/\/www.eldigitaldeasturias.com\/noticias\/","email":"info@eldigitaldeasturias.com","telephone":"+34652131393","logo":{"@type":"ImageObject","url":"https:\/\/www.eldigitaldeasturias.com\/noticias\/wp-content\/uploads\/2020\/12\/EDA.jpg","@id":"https:\/\/www.eldigitaldeasturias.com\/noticias\/el-ies-miralbueno-celebra-sus-50-anos\/#organizationLogo","width":649,"height":297},"image":{"@id":"https:\/\/www.eldigitaldeasturias.com\/noticias\/el-ies-miralbueno-celebra-sus-50-anos\/#organizationLogo"},"sameAs":["https:\/\/facebook.com\/eldigitaldeasturias","https:\/\/www.youtube.com\/channel\/UCZP-2wLEB9Rv6erhFmqVnvg"],"address":{"@id":"https:\/\/www.eldigitaldeasturias.com\/noticias\/#postaladdress","@type":"PostalAddress","streetAddress":"san antonio 4,","postalCode":"33430","addressLocality":"Cand\u00e1s","addressRegion":"Asturias","addressCountry":"ES"}},{"@type":"Person","@id":"https:\/\/www.eldigitaldeasturias.com\/noticias\/author\/admin\/#author","url":"https:\/\/www.eldigitaldeasturias.com\/noticias\/author\/admin\/","name":"El Digital de Asturias","image":{"@type":"ImageObject","@id":"https:\/\/www.eldigitaldeasturias.com\/noticias\/el-ies-miralbueno-celebra-sus-50-anos\/#authorImage","url":"https:\/\/www.eldigitaldeasturias.com\/noticias\/wp-content\/litespeed\/avatar\/18677e78aa0546b92d9dbf31ec7d7668.jpg?ver=1777290358","width":96,"height":96,"caption":"El Digital de Asturias"}},{"@type":"WebPage","@id":"https:\/\/www.eldigitaldeasturias.com\/noticias\/el-ies-miralbueno-celebra-sus-50-anos\/#webpage","url":"https:\/\/www.eldigitaldeasturias.com\/noticias\/el-ies-miralbueno-celebra-sus-50-anos\/","name":"El IES Miralbueno celebra sus 50 a\u00f1os - El Digital de Asturias","description":"El IES Miralbueno celebr\u00f3 ayer la gran gala de conmemoraci\u00f3n del 50 aniversario del instituto, a la que acudieron adem\u00e1s del actual equipo del centro, antiguos profesores, personal no docente, delegados de alumnos y asociaciones de padres y madres. Un acto muy emotivo que, a cargo del grupo de teatro del centro, Plumier 2.0, sirvi\u00f3","inLanguage":"es-ES","isPartOf":{"@id":"https:\/\/www.eldigitaldeasturias.com\/noticias\/#website"},"breadcrumb":{"@id":"https:\/\/www.eldigitaldeasturias.com\/noticias\/el-ies-miralbueno-celebra-sus-50-anos\/#breadcrumblist"},"author":{"@id":"https:\/\/www.eldigitaldeasturias.com\/noticias\/author\/admin\/#author"},"creator":{"@id":"https:\/\/www.eldigitaldeasturias.com\/noticias\/author\/admin\/#author"},"image":{"@type":"ImageObject","url":"https:\/\/www.eldigitaldeasturias.com\/noticias\/wp-content\/uploads\/2017\/02\/IMG-20170223-WA0032-1.jpg","@id":"https:\/\/www.eldigitaldeasturias.com\/noticias\/el-ies-miralbueno-celebra-sus-50-anos\/#mainImage","width":460,"height":310},"primaryImageOfPage":{"@id":"https:\/\/www.eldigitaldeasturias.com\/noticias\/el-ies-miralbueno-celebra-sus-50-anos\/#mainImage"},"datePublished":"2017-02-23T21:50:08+01:00","dateModified":"2017-02-23T21:50:08+01:00"},{"@type":"WebSite","@id":"https:\/\/www.eldigitaldeasturias.com\/noticias\/#website","url":"https:\/\/www.eldigitaldeasturias.com\/noticias\/","name":"El Digital de Asturias - Diario de actualidad y noticias","alternateName":"El Digital de Asturias - Diario de actualidad y noticias","description":"Hemeroteca","inLanguage":"es-ES","publisher":{"@id":"https:\/\/www.eldigitaldeasturias.com\/noticias\/#organization"}}]},"og:locale":"es_ES","og:site_name":"El Digital de Asturias","og:type":"article","og:title":"El IES Miralbueno celebra sus 50 a\u00f1os - El Digital de Asturias","og:description":"El IES Miralbueno celebr\u00f3 ayer la gran gala de conmemoraci\u00f3n del 50 aniversario del instituto, a la que acudieron adem\u00e1s del actual equipo del centro, antiguos profesores, personal no docente, delegados de alumnos y asociaciones de padres y madres. Un acto muy emotivo que, a cargo del grupo de teatro del centro, Plumier 2.0, sirvi\u00f3","og:url":"https:\/\/www.eldigitaldeasturias.com\/noticias\/el-ies-miralbueno-celebra-sus-50-anos\/","og:image":"https:\/\/www.eldigitaldeasturias.com\/noticias\/wp-content\/uploads\/2017\/02\/IMG-20170223-WA0032-1.jpg","og:image:secure_url":"https:\/\/www.eldigitaldeasturias.com\/noticias\/wp-content\/uploads\/2017\/02\/IMG-20170223-WA0032-1.jpg","og:image:width":460,"og:image:height":310,"article:tag":["actualidad"],"article:published_time":"2017-02-23T21:50:08+00:00","article:modified_time":"2017-02-23T21:50:08+00:00","article:publisher":"https:\/\/facebook.com\/eldigitaldeasturias","twitter:card":"summary_large_image","twitter:title":"El IES Miralbueno celebra sus 50 a\u00f1os - El Digital de Asturias","twitter:description":"El IES Miralbueno celebr\u00f3 ayer la gran gala de conmemoraci\u00f3n del 50 aniversario del instituto, a la que acudieron adem\u00e1s del actual equipo del centro, antiguos profesores, personal no docente, delegados de alumnos y asociaciones de padres y madres. Un acto muy emotivo que, a cargo del grupo de teatro del centro, Plumier 2.0, sirvi\u00f3","twitter:image":"https:\/\/www.eldigitaldeasturias.com\/noticias\/wp-content\/uploads\/2017\/02\/IMG-20170223-WA0032-1.jpg","twitter:label1":"Escrito por","twitter:data1":"El Digital de Asturias","twitter:label2":"Tiempo de lectura estimado","twitter:data2":"2 minutos"},"aioseo_meta_data":{"post_id":"927180","title":null,"description":null,"keywords":null,"keyphrases":null,"primary_term":null,"canonical_url":null,"og_title":null,"og_description":null,"og_object_type":"default","og_image_type":"default","og_image_url":null,"og_image_width":null,"og_image_height":null,"og_image_custom_url":null,"og_image_custom_fields":null,"og_video":null,"og_custom_url":null,"og_article_section":null,"og_article_tags":null,"twitter_use_og":false,"twitter_card":"default","twitter_image_type":"default","twitter_image_url":null,"twitter_image_custom_url":null,"twitter_image_custom_fields":null,"twitter_title":null,"twitter_description":null,"schema":{"blockGraphs":[],"customGraphs":[],"default":{"data":{"Article":[],"Course":[],"Dataset":[],"FAQPage":[],"Movie":[],"Person":[],"Product":[],"ProductReview":[],"Car":[],"Recipe":[],"Service":[],"SoftwareApplication":[],"WebPage":[]},"graphName":"","isEnabled":true},"graphs":[],"defaultGraph":"","defaultPostTypeGraph":""},"schema_type":null,"schema_type_options":null,"pillar_content":false,"robots_default":true,"robots_noindex":false,"robots_noarchive":false,"robots_nosnippet":false,"robots_nofollow":false,"robots_noimageindex":false,"robots_noodp":false,"robots_notranslate":false,"robots_max_snippet":null,"robots_max_videopreview":null,"robots_max_imagepreview":"large","priority":null,"frequency":null,"local_seo":null,"seo_analyzer_scan_date":"2025-12-03 09:24:23","breadcrumb_settings":null,"limit_modified_date":false,"open_ai":null,"ai":null,"created":"2020-12-21 13:37:30","updated":"2025-12-03 09:24:23"},"aioseo_breadcrumb":"<div class=\"aioseo-breadcrumbs\"><span class=\"aioseo-breadcrumb\">\n\t<a href=\"https:\/\/www.eldigitaldeasturias.com\/noticias\" title=\"Home\">Home<\/a>\n<\/span><span class=\"aioseo-breadcrumb-separator\">\u2013<\/span><span class=\"aioseo-breadcrumb\">\n\t<a href=\"https:\/\/www.eldigitaldeasturias.com\/noticias\/category\/actualidad\/\" title=\"Actualidad\">Actualidad<\/a>\n<\/span><span class=\"aioseo-breadcrumb-separator\">\u2013<\/span><span class=\"aioseo-breadcrumb\">\n\t<a href=\"https:\/\/www.eldigitaldeasturias.com\/noticias\/el-ies-miralbueno-celebra-sus-50-anos\/\" title=\"El IES Miralbueno celebra sus 50 a\u00f1os\">El IES Miralbueno celebra sus 50 a\u00f1os<\/a>\n<\/span><\/div>","aioseo_breadcrumb_json":[{"label":"Home","link":"https:\/\/www.eldigitaldeasturias.com\/noticias"},{"label":"Actualidad","link":"https:\/\/www.eldigitaldeasturias.com\/noticias\/category\/actualidad\/"},{"label":"El IES Miralbueno celebra sus 50 a\u00f1os","link":"https:\/\/www.eldigitaldeasturias.com\/noticias\/el-ies-miralbueno-celebra-sus-50-anos\/"}],"_links":{"self":[{"href":"https:\/\/www.eldigitaldeasturias.com\/noticias\/wp-json\/wp\/v2\/posts\/927180","targetHints":{"allow":["GET"]}}],"collection":[{"href":"https:\/\/www.eldigitaldeasturias.com\/noticias\/wp-json\/wp\/v2\/posts"}],"about":[{"href":"https:\/\/www.eldigitaldeasturias.com\/noticias\/wp-json\/wp\/v2\/types\/post"}],"author":[{"embeddable":true,"href":"https:\/\/www.eldigitaldeasturias.com\/noticias\/wp-json\/wp\/v2\/users\/1"}],"replies":[{"embeddable":true,"href":"https:\/\/www.eldigitaldeasturias.com\/noticias\/wp-json\/wp\/v2\/comments?post=927180"}],"version-history":[{"count":0,"href":"https:\/\/www.eldigitaldeasturias.com\/noticias\/wp-json\/wp\/v2\/posts\/927180\/revisions"}],"wp:featuredmedia":[{"embeddable":true,"href":"https:\/\/www.eldigitaldeasturias.com\/noticias\/wp-json\/wp\/v2\/media\/927182"}],"wp:attachment":[{"href":"https:\/\/www.eldigitaldeasturias.com\/noticias\/wp-json\/wp\/v2\/media?parent=927180"}],"wp:term":[{"taxonomy":"category","embeddable":true,"href":"https:\/\/www.eldigitaldeasturias.com\/noticias\/wp-json\/wp\/v2\/categories?post=927180"},{"taxonomy":"post_tag","embeddable":true,"href":"https:\/\/www.eldigitaldeasturias.com\/noticias\/wp-json\/wp\/v2\/tags?post=927180"}],"curies":[{"name":"wp","href":"https:\/\/api.w.org\/{rel}","templated":true}]}}