{"id":927079,"date":"2017-02-23T00:18:24","date_gmt":"2017-02-23T00:18:24","guid":{"rendered":"http:\/\/www.eldigitaldeasturias.com\/noticias\/?p=927079"},"modified":"2017-02-23T00:18:24","modified_gmt":"2017-02-23T00:18:24","slug":"murcia-nueva-oportunidad-para-un-gobierno-de-regeneracion-democratica","status":"publish","type":"post","link":"https:\/\/www.eldigitaldeasturias.com\/noticias\/murcia-nueva-oportunidad-para-un-gobierno-de-regeneracion-democratica\/","title":{"rendered":"Murcia, nueva oportunidad para un gobierno de regeneraci\u00f3n democr\u00e1tica"},"content":{"rendered":"<p>La imputaci\u00f3n del presidente de la comunidad murciana, Pedro Antonio S\u00e1nchez, en la trama del caso P\u00fanica, acusado por los fiscales que la investigan de su \u201cpresunta\u201d relaci\u00f3n con la trama de corrupci\u00f3n, abre una nueva oportunidad para el gobierno de progreso.<\/p>\n<p><img loading=\"lazy\" decoding=\"async\" class=\"size-large wp-image-927080 alignnone\" src=\"https:\/\/www.eldigitaldeasturias.com\/noticias\/wp-content\/uploads\/2017\/02\/Sanchez.Rajoy_-650x357.jpg\" alt=\"\" width=\"650\" height=\"357\" srcset=\"https:\/\/www.eldigitaldeasturias.com\/noticias\/wp-content\/uploads\/2017\/02\/Sanchez.Rajoy_-650x357.jpg 650w, https:\/\/www.eldigitaldeasturias.com\/noticias\/wp-content\/uploads\/2017\/02\/Sanchez.Rajoy_-360x198.jpg 360w, https:\/\/www.eldigitaldeasturias.com\/noticias\/wp-content\/uploads\/2017\/02\/Sanchez.Rajoy_.jpg 655w\" sizes=\"auto, (max-width: 650px) 100vw, 650px\" \/><\/p>\n<p>El gobierno de progreso y regeneraci\u00f3n democr\u00e1tica no es una alternativa enterrada tras la investidura de Rajoy. Cometen un severo error pol\u00edtico quienes as\u00ed lo pretenden. Por el contrario, casi todas las semanas aparecen situaciones que ponen de manifiesto que esta posibilidad recorre la vida pol\u00edtica del pa\u00eds de arriba abajo.<\/p>\n<p>Sobre todo porque hay una constante que se repite insistentemente: las fuerzas sobre las que se tendr\u00eda que basar un posible gobierno de progreso (PSOE, Unidos-Podemos y Ciudadanos, con el apoyo de otras fuerzas como Compromis) votan sistem\u00e1ticamente en el mismo sentido en ayuntamientos, parlamentos auton\u00f3micos y en el Congreso. Sea para echar abajo la LOMCE, la Ley Mordaza, apoyar que se subida el Salario M\u00ednimo, que las pensiones se revaloricen por encima del IPC, para apoyar una ILP sobre una renta b\u00e1sica o, como en las \u00faltimas semanas, la moci\u00f3n de Comprom\u00eds para exigir el Corredor Mediterr\u00e1neo.<\/p>\n<p>Una nueva oportunidad para el gobierno de progreso se ha abierto en la Comunidad de Murcia. El presidente del PP, Pedro Antonio S\u00e1nchez est\u00e1 siendo investigado por el magistrado de la Audiencia Nacional, Eloy de Velasco, por \u201cpresuntos\u201d delitos de malversaci\u00f3n y fraude en relaci\u00f3n con la trama P\u00fanica.<\/p>\n<p>El PSOE ha denunciado que el fiscal intente salvar al presidente de la comunidad. El secretario general de Podemos de la Regi\u00f3n de Murcia, \u00d3scar Urralburu, ha declarado que va a contactar con todos los grupos de la oposici\u00f3n en la Asamblea Regional, adem\u00e1s de con IU y Equo, para sacar del gobierno regional al PP. Y Ciudadanos, exige al PP un candidato alternativo si no quiere una moci\u00f3n de censura.<\/p>\n<p>La regeneraci\u00f3n democr\u00e1tica es uno de los pilares del gobierno de cambio, exigido por la inmensa mayor\u00eda social una elecci\u00f3n tras otra y una encuesta s\u00ed y otra tambi\u00e9n. Y eso mismo est\u00e1 en la base de todas las declaraciones, acuerdos y votaciones de las principales fuerzas populares de la oposici\u00f3n democr\u00e1tica.<\/p>\n<p>En Murcia el PP est\u00e1 demostrando su incapacidad para cambiar, prisionero de los intereses que le encadenan a la defensa de las pol\u00edticas de recortes y sumisi\u00f3n a las exigencias del gobierno central y los grandes centros de poder, por un lado. Y, por otro, a las tramas de corrupci\u00f3n.<\/p>\n<p>Las pol\u00edticas de cambio, progreso y regeneraci\u00f3n democr\u00e1tica pasan por llevar a la presidencia de la comunidad murciana a otras fuerzas que instauren otro tipo de gobierno.<\/p>\n<p>PSOE, Podemos y Ciudadanos, con el apoyo de otras fuerzas como IU, tienen ante s\u00ed la posibilidad, por segunda vez, de llegar a un acuerdo para poner al frente de la Comunidad un gobierno alternativo al PP. Buscando para ello la mejor f\u00f3rmula que no, necesariamente ha de pasar por un gobierno estrictamente \u201cunitario\u201d. Tambi\u00e9n pueden llegar a acuerdos de investidura para relevar al PP y barajar otras formas de gobierno.<\/p>\n<p>Pero \u00bfqu\u00e9 pensar\u00edan los ciudadanos de la regi\u00f3n murciana si son incapaces de llegar acuerdos para que al frente de la regi\u00f3n haya un gobierno de cambio y regeneraci\u00f3n?<\/p>\n<p>No es el momento de acentuar las diferencias entre ellas, sino de trabajar por la unidad, trabajar desinteresadamente, trabajar anteponiendo los intereses de todos los murcianos por encima de cualquier inter\u00e9s, leg\u00edtimo, pero partidista.<\/p>\n<p>Ser\u00eda una gran contribuci\u00f3n a los murcianos y a todos los espa\u00f1oles.<\/p>\n<p><strong>Eduardo Madro\u00f1al Pedraza<\/strong><\/p>\n<p><strong> Co-portavoz de Recortes Cero en Asturias<\/strong><\/p>\n<p>&nbsp;<\/p>\n","protected":false},"excerpt":{"rendered":"<p>La imputaci\u00f3n del presidente de la comunidad murciana, Pedro Antonio S\u00e1nchez, en la trama del caso P\u00fanica, acusado por los fiscales que la investigan de su \u201cpresunta\u201d relaci\u00f3n con la trama de corrupci\u00f3n, abre una nueva oportunidad para el gobierno de progreso. El gobierno de progreso y regeneraci\u00f3n democr\u00e1tica no es una alternativa enterrada tras [&hellip;]<\/p>\n","protected":false},"author":1,"featured_media":927080,"comment_status":"closed","ping_status":"closed","sticky":false,"template":"","format":"standard","meta":{"footnotes":""},"categories":[141],"tags":[],"class_list":["post-927079","post","type-post","status-publish","format-standard","has-post-thumbnail","hentry","category-destacadas"],"aioseo_notices":[],"aioseo_head":"\n\t\t<!-- All in One SEO Pro 4.9.6.2 - aioseo.com -->\n\t<meta name=\"description\" content=\"La imputaci\u00f3n del presidente de la comunidad murciana, Pedro Antonio S\u00e1nchez, en la trama del caso P\u00fanica, acusado por los fiscales que la investigan de su \u201cpresunta\u201d relaci\u00f3n con la trama de corrupci\u00f3n, abre una nueva oportunidad para el gobierno de progreso. El gobierno de progreso y regeneraci\u00f3n democr\u00e1tica no es una alternativa enterrada tras\" \/>\n\t<meta name=\"robots\" content=\"max-image-preview:large\" \/>\n\t<meta name=\"author\" content=\"El Digital de Asturias\"\/>\n\t<meta name=\"google-site-verification\" content=\"UA-38556648-1\" \/>\n\t<meta name=\"msvalidate.01\" content=\"7dfe9f3f1b24437ab69f4f2559babe99\" \/>\n\t<meta name=\"keywords\" content=\"destacadas\" \/>\n\t<link rel=\"canonical\" href=\"https:\/\/www.eldigitaldeasturias.com\/noticias\/murcia-nueva-oportunidad-para-un-gobierno-de-regeneracion-democratica\/\" \/>\n\t<meta name=\"generator\" content=\"All in One SEO Pro (AIOSEO) 4.9.6.2\" \/>\n\t\t<meta property=\"og:locale\" content=\"es_ES\" \/>\n\t\t<meta property=\"og:site_name\" content=\"El Digital de Asturias\" \/>\n\t\t<meta property=\"og:type\" content=\"article\" \/>\n\t\t<meta property=\"og:title\" content=\"Murcia, nueva oportunidad para un gobierno de regeneraci\u00f3n democr\u00e1tica - El Digital de Asturias\" \/>\n\t\t<meta property=\"og:description\" content=\"La imputaci\u00f3n del presidente de la comunidad murciana, Pedro Antonio S\u00e1nchez, en la trama del caso P\u00fanica, acusado por los fiscales que la investigan de su \u201cpresunta\u201d relaci\u00f3n con la trama de corrupci\u00f3n, abre una nueva oportunidad para el gobierno de progreso. El gobierno de progreso y regeneraci\u00f3n democr\u00e1tica no es una alternativa enterrada tras\" \/>\n\t\t<meta property=\"og:url\" content=\"https:\/\/www.eldigitaldeasturias.com\/noticias\/murcia-nueva-oportunidad-para-un-gobierno-de-regeneracion-democratica\/\" \/>\n\t\t<meta property=\"og:image\" content=\"https:\/\/www.eldigitaldeasturias.com\/noticias\/wp-content\/uploads\/2017\/02\/Sanchez.Rajoy_.jpg\" \/>\n\t\t<meta property=\"og:image:secure_url\" content=\"https:\/\/www.eldigitaldeasturias.com\/noticias\/wp-content\/uploads\/2017\/02\/Sanchez.Rajoy_.jpg\" \/>\n\t\t<meta property=\"og:image:width\" content=\"655\" \/>\n\t\t<meta property=\"og:image:height\" content=\"360\" \/>\n\t\t<meta property=\"article:tag\" content=\"destacadas\" \/>\n\t\t<meta property=\"article:published_time\" content=\"2017-02-23T00:18:24+00:00\" \/>\n\t\t<meta property=\"article:modified_time\" content=\"2017-02-23T00:18:24+00:00\" \/>\n\t\t<meta property=\"article:publisher\" content=\"https:\/\/facebook.com\/eldigitaldeasturias\" \/>\n\t\t<meta name=\"twitter:card\" content=\"summary_large_image\" \/>\n\t\t<meta name=\"twitter:title\" content=\"Murcia, nueva oportunidad para un gobierno de regeneraci\u00f3n democr\u00e1tica - El Digital de Asturias\" \/>\n\t\t<meta name=\"twitter:description\" content=\"La imputaci\u00f3n del presidente de la comunidad murciana, Pedro Antonio S\u00e1nchez, en la trama del caso P\u00fanica, acusado por los fiscales que la investigan de su \u201cpresunta\u201d relaci\u00f3n con la trama de corrupci\u00f3n, abre una nueva oportunidad para el gobierno de progreso. El gobierno de progreso y regeneraci\u00f3n democr\u00e1tica no es una alternativa enterrada tras\" \/>\n\t\t<meta name=\"twitter:image\" content=\"https:\/\/www.eldigitaldeasturias.com\/noticias\/wp-content\/uploads\/2017\/02\/Sanchez.Rajoy_.jpg\" \/>\n\t\t<meta name=\"twitter:label1\" content=\"Escrito por\" \/>\n\t\t<meta name=\"twitter:data1\" content=\"El Digital de Asturias\" \/>\n\t\t<meta name=\"twitter:label2\" content=\"Tiempo de lectura estimado\" \/>\n\t\t<meta name=\"twitter:data2\" content=\"3 minutos\" \/>\n\t\t<script type=\"application\/ld+json\" class=\"aioseo-schema\">\n\t\t\t{\"@context\":\"https:\\\/\\\/schema.org\",\"@graph\":[{\"@type\":\"BlogPosting\",\"@id\":\"https:\\\/\\\/www.eldigitaldeasturias.com\\\/noticias\\\/murcia-nueva-oportunidad-para-un-gobierno-de-regeneracion-democratica\\\/#blogposting\",\"name\":\"Murcia, nueva oportunidad para un gobierno de regeneraci\\u00f3n democr\\u00e1tica - El Digital de Asturias\",\"headline\":\"Murcia, nueva oportunidad para un gobierno de regeneraci\\u00f3n democr\\u00e1tica\",\"author\":{\"@id\":\"https:\\\/\\\/www.eldigitaldeasturias.com\\\/noticias\\\/author\\\/admin\\\/#author\"},\"publisher\":{\"@id\":\"https:\\\/\\\/www.eldigitaldeasturias.com\\\/noticias\\\/#organization\"},\"image\":{\"@type\":\"ImageObject\",\"url\":\"https:\\\/\\\/www.eldigitaldeasturias.com\\\/noticias\\\/wp-content\\\/uploads\\\/2017\\\/02\\\/Sanchez.Rajoy_.jpg\",\"width\":655,\"height\":360},\"datePublished\":\"2017-02-23T00:18:24+01:00\",\"dateModified\":\"2017-02-23T00:18:24+01:00\",\"inLanguage\":\"es-ES\",\"mainEntityOfPage\":{\"@id\":\"https:\\\/\\\/www.eldigitaldeasturias.com\\\/noticias\\\/murcia-nueva-oportunidad-para-un-gobierno-de-regeneracion-democratica\\\/#webpage\"},\"isPartOf\":{\"@id\":\"https:\\\/\\\/www.eldigitaldeasturias.com\\\/noticias\\\/murcia-nueva-oportunidad-para-un-gobierno-de-regeneracion-democratica\\\/#webpage\"},\"articleSection\":\"Destacadas\"},{\"@type\":\"BreadcrumbList\",\"@id\":\"https:\\\/\\\/www.eldigitaldeasturias.com\\\/noticias\\\/murcia-nueva-oportunidad-para-un-gobierno-de-regeneracion-democratica\\\/#breadcrumblist\",\"itemListElement\":[{\"@type\":\"ListItem\",\"@id\":\"https:\\\/\\\/www.eldigitaldeasturias.com\\\/noticias#listItem\",\"position\":1,\"name\":\"Home\",\"item\":\"https:\\\/\\\/www.eldigitaldeasturias.com\\\/noticias\",\"nextItem\":{\"@type\":\"ListItem\",\"@id\":\"https:\\\/\\\/www.eldigitaldeasturias.com\\\/noticias\\\/category\\\/destacadas\\\/#listItem\",\"name\":\"Destacadas\"}},{\"@type\":\"ListItem\",\"@id\":\"https:\\\/\\\/www.eldigitaldeasturias.com\\\/noticias\\\/category\\\/destacadas\\\/#listItem\",\"position\":2,\"name\":\"Destacadas\",\"item\":\"https:\\\/\\\/www.eldigitaldeasturias.com\\\/noticias\\\/category\\\/destacadas\\\/\",\"nextItem\":{\"@type\":\"ListItem\",\"@id\":\"https:\\\/\\\/www.eldigitaldeasturias.com\\\/noticias\\\/murcia-nueva-oportunidad-para-un-gobierno-de-regeneracion-democratica\\\/#listItem\",\"name\":\"Murcia, nueva oportunidad para un gobierno de regeneraci\\u00f3n democr\\u00e1tica\"},\"previousItem\":{\"@type\":\"ListItem\",\"@id\":\"https:\\\/\\\/www.eldigitaldeasturias.com\\\/noticias#listItem\",\"name\":\"Home\"}},{\"@type\":\"ListItem\",\"@id\":\"https:\\\/\\\/www.eldigitaldeasturias.com\\\/noticias\\\/murcia-nueva-oportunidad-para-un-gobierno-de-regeneracion-democratica\\\/#listItem\",\"position\":3,\"name\":\"Murcia, nueva oportunidad para un gobierno de regeneraci\\u00f3n democr\\u00e1tica\",\"previousItem\":{\"@type\":\"ListItem\",\"@id\":\"https:\\\/\\\/www.eldigitaldeasturias.com\\\/noticias\\\/category\\\/destacadas\\\/#listItem\",\"name\":\"Destacadas\"}}]},{\"@type\":\"Organization\",\"@id\":\"https:\\\/\\\/www.eldigitaldeasturias.com\\\/noticias\\\/#organization\",\"name\":\"El Digital de Asturias\",\"description\":\"Hemeroteca\",\"url\":\"https:\\\/\\\/www.eldigitaldeasturias.com\\\/noticias\\\/\",\"email\":\"info@eldigitaldeasturias.com\",\"telephone\":\"+34652131393\",\"logo\":{\"@type\":\"ImageObject\",\"url\":\"https:\\\/\\\/www.eldigitaldeasturias.com\\\/noticias\\\/wp-content\\\/uploads\\\/2020\\\/12\\\/EDA.jpg\",\"@id\":\"https:\\\/\\\/www.eldigitaldeasturias.com\\\/noticias\\\/murcia-nueva-oportunidad-para-un-gobierno-de-regeneracion-democratica\\\/#organizationLogo\",\"width\":649,\"height\":297},\"image\":{\"@id\":\"https:\\\/\\\/www.eldigitaldeasturias.com\\\/noticias\\\/murcia-nueva-oportunidad-para-un-gobierno-de-regeneracion-democratica\\\/#organizationLogo\"},\"sameAs\":[\"https:\\\/\\\/facebook.com\\\/eldigitaldeasturias\",\"https:\\\/\\\/www.youtube.com\\\/channel\\\/UCZP-2wLEB9Rv6erhFmqVnvg\"],\"address\":{\"@id\":\"https:\\\/\\\/www.eldigitaldeasturias.com\\\/noticias\\\/#postaladdress\",\"@type\":\"PostalAddress\",\"streetAddress\":\"san antonio 4,\",\"postalCode\":\"33430\",\"addressLocality\":\"Cand\\u00e1s\",\"addressRegion\":\"Asturias\",\"addressCountry\":\"ES\"}},{\"@type\":\"Person\",\"@id\":\"https:\\\/\\\/www.eldigitaldeasturias.com\\\/noticias\\\/author\\\/admin\\\/#author\",\"url\":\"https:\\\/\\\/www.eldigitaldeasturias.com\\\/noticias\\\/author\\\/admin\\\/\",\"name\":\"El Digital de Asturias\",\"image\":{\"@type\":\"ImageObject\",\"@id\":\"https:\\\/\\\/www.eldigitaldeasturias.com\\\/noticias\\\/murcia-nueva-oportunidad-para-un-gobierno-de-regeneracion-democratica\\\/#authorImage\",\"url\":\"https:\\\/\\\/www.eldigitaldeasturias.com\\\/noticias\\\/wp-content\\\/litespeed\\\/avatar\\\/18677e78aa0546b92d9dbf31ec7d7668.jpg?ver=1777290358\",\"width\":96,\"height\":96,\"caption\":\"El Digital de Asturias\"}},{\"@type\":\"WebPage\",\"@id\":\"https:\\\/\\\/www.eldigitaldeasturias.com\\\/noticias\\\/murcia-nueva-oportunidad-para-un-gobierno-de-regeneracion-democratica\\\/#webpage\",\"url\":\"https:\\\/\\\/www.eldigitaldeasturias.com\\\/noticias\\\/murcia-nueva-oportunidad-para-un-gobierno-de-regeneracion-democratica\\\/\",\"name\":\"Murcia, nueva oportunidad para un gobierno de regeneraci\\u00f3n democr\\u00e1tica - El Digital de Asturias\",\"description\":\"La imputaci\\u00f3n del presidente de la comunidad murciana, Pedro Antonio S\\u00e1nchez, en la trama del caso P\\u00fanica, acusado por los fiscales que la investigan de su \\u201cpresunta\\u201d relaci\\u00f3n con la trama de corrupci\\u00f3n, abre una nueva oportunidad para el gobierno de progreso. El gobierno de progreso y regeneraci\\u00f3n democr\\u00e1tica no es una alternativa enterrada tras\",\"inLanguage\":\"es-ES\",\"isPartOf\":{\"@id\":\"https:\\\/\\\/www.eldigitaldeasturias.com\\\/noticias\\\/#website\"},\"breadcrumb\":{\"@id\":\"https:\\\/\\\/www.eldigitaldeasturias.com\\\/noticias\\\/murcia-nueva-oportunidad-para-un-gobierno-de-regeneracion-democratica\\\/#breadcrumblist\"},\"author\":{\"@id\":\"https:\\\/\\\/www.eldigitaldeasturias.com\\\/noticias\\\/author\\\/admin\\\/#author\"},\"creator\":{\"@id\":\"https:\\\/\\\/www.eldigitaldeasturias.com\\\/noticias\\\/author\\\/admin\\\/#author\"},\"image\":{\"@type\":\"ImageObject\",\"url\":\"https:\\\/\\\/www.eldigitaldeasturias.com\\\/noticias\\\/wp-content\\\/uploads\\\/2017\\\/02\\\/Sanchez.Rajoy_.jpg\",\"@id\":\"https:\\\/\\\/www.eldigitaldeasturias.com\\\/noticias\\\/murcia-nueva-oportunidad-para-un-gobierno-de-regeneracion-democratica\\\/#mainImage\",\"width\":655,\"height\":360},\"primaryImageOfPage\":{\"@id\":\"https:\\\/\\\/www.eldigitaldeasturias.com\\\/noticias\\\/murcia-nueva-oportunidad-para-un-gobierno-de-regeneracion-democratica\\\/#mainImage\"},\"datePublished\":\"2017-02-23T00:18:24+01:00\",\"dateModified\":\"2017-02-23T00:18:24+01:00\"},{\"@type\":\"WebSite\",\"@id\":\"https:\\\/\\\/www.eldigitaldeasturias.com\\\/noticias\\\/#website\",\"url\":\"https:\\\/\\\/www.eldigitaldeasturias.com\\\/noticias\\\/\",\"name\":\"El Digital de Asturias - Diario de actualidad y noticias\",\"alternateName\":\"El Digital de Asturias - Diario de actualidad y noticias\",\"description\":\"Hemeroteca\",\"inLanguage\":\"es-ES\",\"publisher\":{\"@id\":\"https:\\\/\\\/www.eldigitaldeasturias.com\\\/noticias\\\/#organization\"}}]}\n\t\t<\/script>\n\t\t<!-- All in One SEO Pro -->\r\n\t\t<title>Murcia, nueva oportunidad para un gobierno de regeneraci\u00f3n democr\u00e1tica - El Digital de Asturias<\/title>\n\n","aioseo_head_json":{"title":"Murcia, nueva oportunidad para un gobierno de regeneraci\u00f3n democr\u00e1tica - El Digital de Asturias","description":"La imputaci\u00f3n del presidente de la comunidad murciana, Pedro Antonio S\u00e1nchez, en la trama del caso P\u00fanica, acusado por los fiscales que la investigan de su \u201cpresunta\u201d relaci\u00f3n con la trama de corrupci\u00f3n, abre una nueva oportunidad para el gobierno de progreso. El gobierno de progreso y regeneraci\u00f3n democr\u00e1tica no es una alternativa enterrada tras","canonical_url":"https:\/\/www.eldigitaldeasturias.com\/noticias\/murcia-nueva-oportunidad-para-un-gobierno-de-regeneracion-democratica\/","robots":"max-image-preview:large","keywords":"destacadas","webmasterTools":{"google-site-verification":"UA-38556648-1","msvalidate.01":"7dfe9f3f1b24437ab69f4f2559babe99","miscellaneous":""},"schema":{"@context":"https:\/\/schema.org","@graph":[{"@type":"BlogPosting","@id":"https:\/\/www.eldigitaldeasturias.com\/noticias\/murcia-nueva-oportunidad-para-un-gobierno-de-regeneracion-democratica\/#blogposting","name":"Murcia, nueva oportunidad para un gobierno de regeneraci\u00f3n democr\u00e1tica - El Digital de Asturias","headline":"Murcia, nueva oportunidad para un gobierno de regeneraci\u00f3n democr\u00e1tica","author":{"@id":"https:\/\/www.eldigitaldeasturias.com\/noticias\/author\/admin\/#author"},"publisher":{"@id":"https:\/\/www.eldigitaldeasturias.com\/noticias\/#organization"},"image":{"@type":"ImageObject","url":"https:\/\/www.eldigitaldeasturias.com\/noticias\/wp-content\/uploads\/2017\/02\/Sanchez.Rajoy_.jpg","width":655,"height":360},"datePublished":"2017-02-23T00:18:24+01:00","dateModified":"2017-02-23T00:18:24+01:00","inLanguage":"es-ES","mainEntityOfPage":{"@id":"https:\/\/www.eldigitaldeasturias.com\/noticias\/murcia-nueva-oportunidad-para-un-gobierno-de-regeneracion-democratica\/#webpage"},"isPartOf":{"@id":"https:\/\/www.eldigitaldeasturias.com\/noticias\/murcia-nueva-oportunidad-para-un-gobierno-de-regeneracion-democratica\/#webpage"},"articleSection":"Destacadas"},{"@type":"BreadcrumbList","@id":"https:\/\/www.eldigitaldeasturias.com\/noticias\/murcia-nueva-oportunidad-para-un-gobierno-de-regeneracion-democratica\/#breadcrumblist","itemListElement":[{"@type":"ListItem","@id":"https:\/\/www.eldigitaldeasturias.com\/noticias#listItem","position":1,"name":"Home","item":"https:\/\/www.eldigitaldeasturias.com\/noticias","nextItem":{"@type":"ListItem","@id":"https:\/\/www.eldigitaldeasturias.com\/noticias\/category\/destacadas\/#listItem","name":"Destacadas"}},{"@type":"ListItem","@id":"https:\/\/www.eldigitaldeasturias.com\/noticias\/category\/destacadas\/#listItem","position":2,"name":"Destacadas","item":"https:\/\/www.eldigitaldeasturias.com\/noticias\/category\/destacadas\/","nextItem":{"@type":"ListItem","@id":"https:\/\/www.eldigitaldeasturias.com\/noticias\/murcia-nueva-oportunidad-para-un-gobierno-de-regeneracion-democratica\/#listItem","name":"Murcia, nueva oportunidad para un gobierno de regeneraci\u00f3n democr\u00e1tica"},"previousItem":{"@type":"ListItem","@id":"https:\/\/www.eldigitaldeasturias.com\/noticias#listItem","name":"Home"}},{"@type":"ListItem","@id":"https:\/\/www.eldigitaldeasturias.com\/noticias\/murcia-nueva-oportunidad-para-un-gobierno-de-regeneracion-democratica\/#listItem","position":3,"name":"Murcia, nueva oportunidad para un gobierno de regeneraci\u00f3n democr\u00e1tica","previousItem":{"@type":"ListItem","@id":"https:\/\/www.eldigitaldeasturias.com\/noticias\/category\/destacadas\/#listItem","name":"Destacadas"}}]},{"@type":"Organization","@id":"https:\/\/www.eldigitaldeasturias.com\/noticias\/#organization","name":"El Digital de Asturias","description":"Hemeroteca","url":"https:\/\/www.eldigitaldeasturias.com\/noticias\/","email":"info@eldigitaldeasturias.com","telephone":"+34652131393","logo":{"@type":"ImageObject","url":"https:\/\/www.eldigitaldeasturias.com\/noticias\/wp-content\/uploads\/2020\/12\/EDA.jpg","@id":"https:\/\/www.eldigitaldeasturias.com\/noticias\/murcia-nueva-oportunidad-para-un-gobierno-de-regeneracion-democratica\/#organizationLogo","width":649,"height":297},"image":{"@id":"https:\/\/www.eldigitaldeasturias.com\/noticias\/murcia-nueva-oportunidad-para-un-gobierno-de-regeneracion-democratica\/#organizationLogo"},"sameAs":["https:\/\/facebook.com\/eldigitaldeasturias","https:\/\/www.youtube.com\/channel\/UCZP-2wLEB9Rv6erhFmqVnvg"],"address":{"@id":"https:\/\/www.eldigitaldeasturias.com\/noticias\/#postaladdress","@type":"PostalAddress","streetAddress":"san antonio 4,","postalCode":"33430","addressLocality":"Cand\u00e1s","addressRegion":"Asturias","addressCountry":"ES"}},{"@type":"Person","@id":"https:\/\/www.eldigitaldeasturias.com\/noticias\/author\/admin\/#author","url":"https:\/\/www.eldigitaldeasturias.com\/noticias\/author\/admin\/","name":"El Digital de Asturias","image":{"@type":"ImageObject","@id":"https:\/\/www.eldigitaldeasturias.com\/noticias\/murcia-nueva-oportunidad-para-un-gobierno-de-regeneracion-democratica\/#authorImage","url":"https:\/\/www.eldigitaldeasturias.com\/noticias\/wp-content\/litespeed\/avatar\/18677e78aa0546b92d9dbf31ec7d7668.jpg?ver=1777290358","width":96,"height":96,"caption":"El Digital de Asturias"}},{"@type":"WebPage","@id":"https:\/\/www.eldigitaldeasturias.com\/noticias\/murcia-nueva-oportunidad-para-un-gobierno-de-regeneracion-democratica\/#webpage","url":"https:\/\/www.eldigitaldeasturias.com\/noticias\/murcia-nueva-oportunidad-para-un-gobierno-de-regeneracion-democratica\/","name":"Murcia, nueva oportunidad para un gobierno de regeneraci\u00f3n democr\u00e1tica - El Digital de Asturias","description":"La imputaci\u00f3n del presidente de la comunidad murciana, Pedro Antonio S\u00e1nchez, en la trama del caso P\u00fanica, acusado por los fiscales que la investigan de su \u201cpresunta\u201d relaci\u00f3n con la trama de corrupci\u00f3n, abre una nueva oportunidad para el gobierno de progreso. El gobierno de progreso y regeneraci\u00f3n democr\u00e1tica no es una alternativa enterrada tras","inLanguage":"es-ES","isPartOf":{"@id":"https:\/\/www.eldigitaldeasturias.com\/noticias\/#website"},"breadcrumb":{"@id":"https:\/\/www.eldigitaldeasturias.com\/noticias\/murcia-nueva-oportunidad-para-un-gobierno-de-regeneracion-democratica\/#breadcrumblist"},"author":{"@id":"https:\/\/www.eldigitaldeasturias.com\/noticias\/author\/admin\/#author"},"creator":{"@id":"https:\/\/www.eldigitaldeasturias.com\/noticias\/author\/admin\/#author"},"image":{"@type":"ImageObject","url":"https:\/\/www.eldigitaldeasturias.com\/noticias\/wp-content\/uploads\/2017\/02\/Sanchez.Rajoy_.jpg","@id":"https:\/\/www.eldigitaldeasturias.com\/noticias\/murcia-nueva-oportunidad-para-un-gobierno-de-regeneracion-democratica\/#mainImage","width":655,"height":360},"primaryImageOfPage":{"@id":"https:\/\/www.eldigitaldeasturias.com\/noticias\/murcia-nueva-oportunidad-para-un-gobierno-de-regeneracion-democratica\/#mainImage"},"datePublished":"2017-02-23T00:18:24+01:00","dateModified":"2017-02-23T00:18:24+01:00"},{"@type":"WebSite","@id":"https:\/\/www.eldigitaldeasturias.com\/noticias\/#website","url":"https:\/\/www.eldigitaldeasturias.com\/noticias\/","name":"El Digital de Asturias - Diario de actualidad y noticias","alternateName":"El Digital de Asturias - Diario de actualidad y noticias","description":"Hemeroteca","inLanguage":"es-ES","publisher":{"@id":"https:\/\/www.eldigitaldeasturias.com\/noticias\/#organization"}}]},"og:locale":"es_ES","og:site_name":"El Digital de Asturias","og:type":"article","og:title":"Murcia, nueva oportunidad para un gobierno de regeneraci\u00f3n democr\u00e1tica - El Digital de Asturias","og:description":"La imputaci\u00f3n del presidente de la comunidad murciana, Pedro Antonio S\u00e1nchez, en la trama del caso P\u00fanica, acusado por los fiscales que la investigan de su \u201cpresunta\u201d relaci\u00f3n con la trama de corrupci\u00f3n, abre una nueva oportunidad para el gobierno de progreso. El gobierno de progreso y regeneraci\u00f3n democr\u00e1tica no es una alternativa enterrada tras","og:url":"https:\/\/www.eldigitaldeasturias.com\/noticias\/murcia-nueva-oportunidad-para-un-gobierno-de-regeneracion-democratica\/","og:image":"https:\/\/www.eldigitaldeasturias.com\/noticias\/wp-content\/uploads\/2017\/02\/Sanchez.Rajoy_.jpg","og:image:secure_url":"https:\/\/www.eldigitaldeasturias.com\/noticias\/wp-content\/uploads\/2017\/02\/Sanchez.Rajoy_.jpg","og:image:width":655,"og:image:height":360,"article:tag":["destacadas"],"article:published_time":"2017-02-23T00:18:24+00:00","article:modified_time":"2017-02-23T00:18:24+00:00","article:publisher":"https:\/\/facebook.com\/eldigitaldeasturias","twitter:card":"summary_large_image","twitter:title":"Murcia, nueva oportunidad para un gobierno de regeneraci\u00f3n democr\u00e1tica - El Digital de Asturias","twitter:description":"La imputaci\u00f3n del presidente de la comunidad murciana, Pedro Antonio S\u00e1nchez, en la trama del caso P\u00fanica, acusado por los fiscales que la investigan de su \u201cpresunta\u201d relaci\u00f3n con la trama de corrupci\u00f3n, abre una nueva oportunidad para el gobierno de progreso. El gobierno de progreso y regeneraci\u00f3n democr\u00e1tica no es una alternativa enterrada tras","twitter:image":"https:\/\/www.eldigitaldeasturias.com\/noticias\/wp-content\/uploads\/2017\/02\/Sanchez.Rajoy_.jpg","twitter:label1":"Escrito por","twitter:data1":"El Digital de Asturias","twitter:label2":"Tiempo de lectura estimado","twitter:data2":"3 minutos"},"aioseo_meta_data":{"post_id":"927079","title":null,"description":null,"keywords":null,"keyphrases":null,"primary_term":null,"canonical_url":null,"og_title":null,"og_description":null,"og_object_type":"default","og_image_type":"default","og_image_url":null,"og_image_width":null,"og_image_height":null,"og_image_custom_url":null,"og_image_custom_fields":null,"og_video":null,"og_custom_url":null,"og_article_section":null,"og_article_tags":null,"twitter_use_og":false,"twitter_card":"default","twitter_image_type":"default","twitter_image_url":null,"twitter_image_custom_url":null,"twitter_image_custom_fields":null,"twitter_title":null,"twitter_description":null,"schema":{"blockGraphs":[],"customGraphs":[],"default":{"data":{"Article":[],"Course":[],"Dataset":[],"FAQPage":[],"Movie":[],"Person":[],"Product":[],"ProductReview":[],"Car":[],"Recipe":[],"Service":[],"SoftwareApplication":[],"WebPage":[]},"graphName":"","isEnabled":true},"graphs":[],"defaultGraph":"","defaultPostTypeGraph":""},"schema_type":null,"schema_type_options":null,"pillar_content":false,"robots_default":true,"robots_noindex":false,"robots_noarchive":false,"robots_nosnippet":false,"robots_nofollow":false,"robots_noimageindex":false,"robots_noodp":false,"robots_notranslate":false,"robots_max_snippet":null,"robots_max_videopreview":null,"robots_max_imagepreview":"large","priority":null,"frequency":null,"local_seo":null,"seo_analyzer_scan_date":"2025-12-03 09:04:19","breadcrumb_settings":null,"limit_modified_date":false,"open_ai":null,"ai":null,"created":"2020-12-21 13:37:31","updated":"2025-12-03 09:04:19"},"aioseo_breadcrumb":"<div class=\"aioseo-breadcrumbs\"><span class=\"aioseo-breadcrumb\">\n\t<a href=\"https:\/\/www.eldigitaldeasturias.com\/noticias\" title=\"Home\">Home<\/a>\n<\/span><span class=\"aioseo-breadcrumb-separator\">\u2013<\/span><span class=\"aioseo-breadcrumb\">\n\t<a href=\"https:\/\/www.eldigitaldeasturias.com\/noticias\/category\/destacadas\/\" title=\"Destacadas\">Destacadas<\/a>\n<\/span><span class=\"aioseo-breadcrumb-separator\">\u2013<\/span><span class=\"aioseo-breadcrumb\">\n\t<a href=\"https:\/\/www.eldigitaldeasturias.com\/noticias\/murcia-nueva-oportunidad-para-un-gobierno-de-regeneracion-democratica\/\" title=\"Murcia, nueva oportunidad para un gobierno de regeneraci\u00f3n democr\u00e1tica\">Murcia, nueva oportunidad para un gobierno de regeneraci\u00f3n democr\u00e1tica<\/a>\n<\/span><\/div>","aioseo_breadcrumb_json":[{"label":"Home","link":"https:\/\/www.eldigitaldeasturias.com\/noticias"},{"label":"Destacadas","link":"https:\/\/www.eldigitaldeasturias.com\/noticias\/category\/destacadas\/"},{"label":"Murcia, nueva oportunidad para un gobierno de regeneraci\u00f3n democr\u00e1tica","link":"https:\/\/www.eldigitaldeasturias.com\/noticias\/murcia-nueva-oportunidad-para-un-gobierno-de-regeneracion-democratica\/"}],"_links":{"self":[{"href":"https:\/\/www.eldigitaldeasturias.com\/noticias\/wp-json\/wp\/v2\/posts\/927079","targetHints":{"allow":["GET"]}}],"collection":[{"href":"https:\/\/www.eldigitaldeasturias.com\/noticias\/wp-json\/wp\/v2\/posts"}],"about":[{"href":"https:\/\/www.eldigitaldeasturias.com\/noticias\/wp-json\/wp\/v2\/types\/post"}],"author":[{"embeddable":true,"href":"https:\/\/www.eldigitaldeasturias.com\/noticias\/wp-json\/wp\/v2\/users\/1"}],"replies":[{"embeddable":true,"href":"https:\/\/www.eldigitaldeasturias.com\/noticias\/wp-json\/wp\/v2\/comments?post=927079"}],"version-history":[{"count":0,"href":"https:\/\/www.eldigitaldeasturias.com\/noticias\/wp-json\/wp\/v2\/posts\/927079\/revisions"}],"wp:featuredmedia":[{"embeddable":true,"href":"https:\/\/www.eldigitaldeasturias.com\/noticias\/wp-json\/wp\/v2\/media\/927080"}],"wp:attachment":[{"href":"https:\/\/www.eldigitaldeasturias.com\/noticias\/wp-json\/wp\/v2\/media?parent=927079"}],"wp:term":[{"taxonomy":"category","embeddable":true,"href":"https:\/\/www.eldigitaldeasturias.com\/noticias\/wp-json\/wp\/v2\/categories?post=927079"},{"taxonomy":"post_tag","embeddable":true,"href":"https:\/\/www.eldigitaldeasturias.com\/noticias\/wp-json\/wp\/v2\/tags?post=927079"}],"curies":[{"name":"wp","href":"https:\/\/api.w.org\/{rel}","templated":true}]}}