{"id":927047,"date":"2017-02-22T23:41:46","date_gmt":"2017-02-22T23:41:46","guid":{"rendered":"http:\/\/www.eldigitaldeasturias.com\/noticias\/?p=927047"},"modified":"2017-02-22T23:41:46","modified_gmt":"2017-02-22T23:41:46","slug":"carmen-ortiz-hace-balance-de-los-26-anos-de-aplicacion-del-leader-1","status":"publish","type":"post","link":"https:\/\/www.eldigitaldeasturias.com\/noticias\/carmen-ortiz-hace-balance-de-los-26-anos-de-aplicacion-del-leader-1\/","title":{"rendered":"Carmen Ortiz hace balance de los 26 a\u00f1os de aplicaci\u00f3n del Leader 1"},"content":{"rendered":"<p><img loading=\"lazy\" decoding=\"async\" class=\"alignleft size-full wp-image-927048\" src=\"https:\/\/www.eldigitaldeasturias.com\/noticias\/wp-content\/uploads\/2017\/02\/ortizP2dn.jpg\" alt=\"\" width=\"312\" height=\"198\" srcset=\"https:\/\/www.eldigitaldeasturias.com\/noticias\/wp-content\/uploads\/2017\/02\/ortizP2dn.jpg 312w, https:\/\/www.eldigitaldeasturias.com\/noticias\/wp-content\/uploads\/2017\/02\/ortizP2dn-49x32.jpg 49w\" sizes=\"auto, (max-width: 312px) 100vw, 312px\" \/>La consejera de Agricultura, Pesca y Desarrollo Rural, Carmen Ortiz, ha informado en el Parlamento del balance de actuaciones de los 52 Grupos de Desarrollo Rural (GDR) en el marco 2007-2014. Durante ese periodo, con una aportaci\u00f3n p\u00fablica de 205,8 millones de euros, se gener\u00f3 una inversi\u00f3n total de 519 millones, ha resaltado Ortiz, que ha subrayado el car\u00e1cter multiplicador de estos incentivos, \u00abya que por cada euro p\u00fablico que se ha estado invirtiendo, se movilizaron 2,5 euros de inversi\u00f3n total\u00bb.<\/p>\n<p>Durante su intervenci\u00f3n, la consejera ha explicado que en esos a\u00f1os se aprobaron y subvencionaron 7.197 proyectos de diversa \u00edndole, se crearon m\u00e1s de 5.000 puestos de trabajo y se consolidaron otros 15.864. Entre otros ejemplos, Ortiz ha destacado la puesta en marcha del servicio integral de innovaci\u00f3n y transferencia agraria del Valle del Guadalquivir en la provincia de C\u00f3rdoba, el apoyo a iniciativas empresariales vinculadas a la transformaci\u00f3n de residuos de almazara en combustible para calderas de biomasa en la Sierra de Cazorla (Ja\u00e9n) o la limpieza y acondicionamiento del Lugar de Inter\u00e9s Comunitario de Sierra Cabrera para la observaci\u00f3n e interpretaci\u00f3n de flora y fauna en el Levante Almeriense.<\/p>\n<p>Asimismo, ha destacado la creaci\u00f3n de una actividad pionera en la provincia onubense invirtiendo en la instalaci\u00f3n de placas fotovoltaicas sobre cubierta, que integra el an\u00e1lisis de la producci\u00f3n de energ\u00eda, as\u00ed como la minimizaci\u00f3n de las p\u00e9rdidas de energ\u00eda de transporte y el aumento en la calidad del servicio el\u00e9ctrico; dos iniciativas para poner en valor del paisaje agrario en C\u00e1diz y Sevilla; el uso del chivo lechal malague\u00f1o, o la instalaci\u00f3n de sistemas de alimentaci\u00f3n y quemado de biomasa en la Vega de Granada.<\/p>\n<p>La consejera ha informado tambi\u00e9n de la situaci\u00f3n actual en la que se encuentra el proceso de selecci\u00f3n de los nuevos GDR que van a operar hasta el a\u00f1o 2020. En este sentido, ha explicado que se han reconocido 49 grupos candidatos, que cumpl\u00edan los requisitos y criterios exigidos en la normativa. Tras la selecci\u00f3n de los grupos, entre los meses de septiembre y diciembre se presentaron las estrategias de desarrollo local de cada entidad, que ya han sido analizadas por parte de la Consejer\u00eda. Seg\u00fan Ortiz, actualmente se est\u00e1 trabajando para que los nuevos GDR puedan comenzar a implementar sus estrategias en los respectivos territorios con la mayor garant\u00eda y seguridad jur\u00eddicas.<\/p>\n<p><strong>Balance desde Leader 1<\/strong><\/p>\n<p>La representante del Gobierno andaluz ha aprovechado su comparecencia para hacer un balance de los 26 a\u00f1os de aplicaci\u00f3n del Leader 1, que comenz\u00f3 en 1991 como una experiencia piloto con nueve grupos operando en Andaluc\u00eda. Desde entonces, ha explicado la consejera, se han puesto en marcha m\u00e1s de 30.000 proyectos de emprendedores rurales, que han creado o consolidado 42.000 puestos de trabajo.<\/p>\n<p>Para Ortiz, gracias a actuaciones como \u00e9stas, 42.000 familias que residen en \u00e1mbitos con menos oportunidades laborales han encontrado o consolidado una fuente de ingresos. Este tipo de pol\u00edticas contribuye a revitalizar la Andaluc\u00eda rural, diversificando la econom\u00eda tradicional, proporcionando oportunidades de negocio, generando empleo, cohesionando las zonas rurales y mejorando la calidad de vida de sus habitantes.<\/p>\n<p>&nbsp;<\/p>\n","protected":false},"excerpt":{"rendered":"<p>La consejera de Agricultura, Pesca y Desarrollo Rural, Carmen Ortiz, ha informado en el Parlamento del balance de actuaciones de los 52 Grupos de Desarrollo Rural (GDR) en el marco 2007-2014. Durante ese periodo, con una aportaci\u00f3n p\u00fablica de 205,8 millones de euros, se gener\u00f3 una inversi\u00f3n total de 519 millones, ha resaltado Ortiz, que [&hellip;]<\/p>\n","protected":false},"author":1,"featured_media":780683,"comment_status":"closed","ping_status":"closed","sticky":false,"template":"","format":"standard","meta":{"footnotes":""},"categories":[1],"tags":[],"class_list":["post-927047","post","type-post","status-publish","format-standard","has-post-thumbnail","hentry","category-actualidad"],"aioseo_notices":[],"aioseo_head":"\n\t\t<!-- All in One SEO Pro 4.9.6.2 - aioseo.com -->\n\t<meta name=\"description\" content=\"La consejera de Agricultura, Pesca y Desarrollo Rural, Carmen Ortiz, ha informado en el Parlamento del balance de actuaciones de los 52 Grupos de Desarrollo Rural (GDR) en el marco 2007-2014. Durante ese periodo, con una aportaci\u00f3n p\u00fablica de 205,8 millones de euros, se gener\u00f3 una inversi\u00f3n total de 519 millones, ha resaltado Ortiz, que\" \/>\n\t<meta name=\"robots\" content=\"max-image-preview:large\" \/>\n\t<meta name=\"author\" content=\"El Digital de Asturias\"\/>\n\t<meta name=\"google-site-verification\" content=\"UA-38556648-1\" \/>\n\t<meta name=\"msvalidate.01\" content=\"7dfe9f3f1b24437ab69f4f2559babe99\" \/>\n\t<meta name=\"keywords\" content=\"actualidad\" \/>\n\t<link rel=\"canonical\" href=\"https:\/\/www.eldigitaldeasturias.com\/noticias\/carmen-ortiz-hace-balance-de-los-26-anos-de-aplicacion-del-leader-1\/\" \/>\n\t<meta name=\"generator\" content=\"All in One SEO Pro (AIOSEO) 4.9.6.2\" \/>\n\t\t<meta property=\"og:locale\" content=\"es_ES\" \/>\n\t\t<meta property=\"og:site_name\" content=\"El Digital de Asturias\" \/>\n\t\t<meta property=\"og:type\" content=\"article\" \/>\n\t\t<meta property=\"og:title\" content=\"Carmen Ortiz hace balance de los 26 a\u00f1os de aplicaci\u00f3n del Leader 1 - El Digital de Asturias\" \/>\n\t\t<meta property=\"og:description\" content=\"La consejera de Agricultura, Pesca y Desarrollo Rural, Carmen Ortiz, ha informado en el Parlamento del balance de actuaciones de los 52 Grupos de Desarrollo Rural (GDR) en el marco 2007-2014. Durante ese periodo, con una aportaci\u00f3n p\u00fablica de 205,8 millones de euros, se gener\u00f3 una inversi\u00f3n total de 519 millones, ha resaltado Ortiz, que\" \/>\n\t\t<meta property=\"og:url\" content=\"https:\/\/www.eldigitaldeasturias.com\/noticias\/carmen-ortiz-hace-balance-de-los-26-anos-de-aplicacion-del-leader-1\/\" \/>\n\t\t<meta property=\"og:image\" content=\"https:\/\/www.eldigitaldeasturias.com\/noticias\/wp-content\/uploads\/2015\/04\/euros1.jpg\" \/>\n\t\t<meta property=\"og:image:secure_url\" content=\"https:\/\/www.eldigitaldeasturias.com\/noticias\/wp-content\/uploads\/2015\/04\/euros1.jpg\" \/>\n\t\t<meta property=\"og:image:width\" content=\"655\" \/>\n\t\t<meta property=\"og:image:height\" content=\"360\" \/>\n\t\t<meta property=\"article:tag\" content=\"actualidad\" \/>\n\t\t<meta property=\"article:published_time\" content=\"2017-02-22T23:41:46+00:00\" \/>\n\t\t<meta property=\"article:modified_time\" content=\"2017-02-22T23:41:46+00:00\" \/>\n\t\t<meta property=\"article:publisher\" content=\"https:\/\/facebook.com\/eldigitaldeasturias\" \/>\n\t\t<meta name=\"twitter:card\" content=\"summary_large_image\" \/>\n\t\t<meta name=\"twitter:title\" content=\"Carmen Ortiz hace balance de los 26 a\u00f1os de aplicaci\u00f3n del Leader 1 - El Digital de Asturias\" \/>\n\t\t<meta name=\"twitter:description\" content=\"La consejera de Agricultura, Pesca y Desarrollo Rural, Carmen Ortiz, ha informado en el Parlamento del balance de actuaciones de los 52 Grupos de Desarrollo Rural (GDR) en el marco 2007-2014. Durante ese periodo, con una aportaci\u00f3n p\u00fablica de 205,8 millones de euros, se gener\u00f3 una inversi\u00f3n total de 519 millones, ha resaltado Ortiz, que\" \/>\n\t\t<meta name=\"twitter:image\" content=\"https:\/\/www.eldigitaldeasturias.com\/noticias\/wp-content\/uploads\/2015\/04\/euros1.jpg\" \/>\n\t\t<meta name=\"twitter:label1\" content=\"Escrito por\" \/>\n\t\t<meta name=\"twitter:data1\" content=\"El Digital de Asturias\" \/>\n\t\t<meta name=\"twitter:label2\" content=\"Tiempo de lectura estimado\" \/>\n\t\t<meta name=\"twitter:data2\" content=\"3 minutos\" \/>\n\t\t<script type=\"application\/ld+json\" class=\"aioseo-schema\">\n\t\t\t{\"@context\":\"https:\\\/\\\/schema.org\",\"@graph\":[{\"@type\":\"BlogPosting\",\"@id\":\"https:\\\/\\\/www.eldigitaldeasturias.com\\\/noticias\\\/carmen-ortiz-hace-balance-de-los-26-anos-de-aplicacion-del-leader-1\\\/#blogposting\",\"name\":\"Carmen Ortiz hace balance de los 26 a\\u00f1os de aplicaci\\u00f3n del Leader 1 - El Digital de Asturias\",\"headline\":\"Carmen Ortiz hace balance de los 26 a\\u00f1os de aplicaci\\u00f3n del Leader 1\",\"author\":{\"@id\":\"https:\\\/\\\/www.eldigitaldeasturias.com\\\/noticias\\\/author\\\/admin\\\/#author\"},\"publisher\":{\"@id\":\"https:\\\/\\\/www.eldigitaldeasturias.com\\\/noticias\\\/#organization\"},\"image\":{\"@type\":\"ImageObject\",\"url\":\"https:\\\/\\\/www.eldigitaldeasturias.com\\\/noticias\\\/wp-content\\\/uploads\\\/2015\\\/04\\\/euros1.jpg\",\"width\":655,\"height\":360,\"caption\":\"euros\"},\"datePublished\":\"2017-02-22T23:41:46+01:00\",\"dateModified\":\"2017-02-22T23:41:46+01:00\",\"inLanguage\":\"es-ES\",\"mainEntityOfPage\":{\"@id\":\"https:\\\/\\\/www.eldigitaldeasturias.com\\\/noticias\\\/carmen-ortiz-hace-balance-de-los-26-anos-de-aplicacion-del-leader-1\\\/#webpage\"},\"isPartOf\":{\"@id\":\"https:\\\/\\\/www.eldigitaldeasturias.com\\\/noticias\\\/carmen-ortiz-hace-balance-de-los-26-anos-de-aplicacion-del-leader-1\\\/#webpage\"},\"articleSection\":\"Actualidad\"},{\"@type\":\"BreadcrumbList\",\"@id\":\"https:\\\/\\\/www.eldigitaldeasturias.com\\\/noticias\\\/carmen-ortiz-hace-balance-de-los-26-anos-de-aplicacion-del-leader-1\\\/#breadcrumblist\",\"itemListElement\":[{\"@type\":\"ListItem\",\"@id\":\"https:\\\/\\\/www.eldigitaldeasturias.com\\\/noticias#listItem\",\"position\":1,\"name\":\"Home\",\"item\":\"https:\\\/\\\/www.eldigitaldeasturias.com\\\/noticias\",\"nextItem\":{\"@type\":\"ListItem\",\"@id\":\"https:\\\/\\\/www.eldigitaldeasturias.com\\\/noticias\\\/category\\\/actualidad\\\/#listItem\",\"name\":\"Actualidad\"}},{\"@type\":\"ListItem\",\"@id\":\"https:\\\/\\\/www.eldigitaldeasturias.com\\\/noticias\\\/category\\\/actualidad\\\/#listItem\",\"position\":2,\"name\":\"Actualidad\",\"item\":\"https:\\\/\\\/www.eldigitaldeasturias.com\\\/noticias\\\/category\\\/actualidad\\\/\",\"nextItem\":{\"@type\":\"ListItem\",\"@id\":\"https:\\\/\\\/www.eldigitaldeasturias.com\\\/noticias\\\/carmen-ortiz-hace-balance-de-los-26-anos-de-aplicacion-del-leader-1\\\/#listItem\",\"name\":\"Carmen Ortiz hace balance de los 26 a\\u00f1os de aplicaci\\u00f3n del Leader 1\"},\"previousItem\":{\"@type\":\"ListItem\",\"@id\":\"https:\\\/\\\/www.eldigitaldeasturias.com\\\/noticias#listItem\",\"name\":\"Home\"}},{\"@type\":\"ListItem\",\"@id\":\"https:\\\/\\\/www.eldigitaldeasturias.com\\\/noticias\\\/carmen-ortiz-hace-balance-de-los-26-anos-de-aplicacion-del-leader-1\\\/#listItem\",\"position\":3,\"name\":\"Carmen Ortiz hace balance de los 26 a\\u00f1os de aplicaci\\u00f3n del Leader 1\",\"previousItem\":{\"@type\":\"ListItem\",\"@id\":\"https:\\\/\\\/www.eldigitaldeasturias.com\\\/noticias\\\/category\\\/actualidad\\\/#listItem\",\"name\":\"Actualidad\"}}]},{\"@type\":\"Organization\",\"@id\":\"https:\\\/\\\/www.eldigitaldeasturias.com\\\/noticias\\\/#organization\",\"name\":\"El Digital de Asturias\",\"description\":\"Hemeroteca\",\"url\":\"https:\\\/\\\/www.eldigitaldeasturias.com\\\/noticias\\\/\",\"email\":\"info@eldigitaldeasturias.com\",\"telephone\":\"+34652131393\",\"logo\":{\"@type\":\"ImageObject\",\"url\":\"https:\\\/\\\/www.eldigitaldeasturias.com\\\/noticias\\\/wp-content\\\/uploads\\\/2020\\\/12\\\/EDA.jpg\",\"@id\":\"https:\\\/\\\/www.eldigitaldeasturias.com\\\/noticias\\\/carmen-ortiz-hace-balance-de-los-26-anos-de-aplicacion-del-leader-1\\\/#organizationLogo\",\"width\":649,\"height\":297},\"image\":{\"@id\":\"https:\\\/\\\/www.eldigitaldeasturias.com\\\/noticias\\\/carmen-ortiz-hace-balance-de-los-26-anos-de-aplicacion-del-leader-1\\\/#organizationLogo\"},\"sameAs\":[\"https:\\\/\\\/facebook.com\\\/eldigitaldeasturias\",\"https:\\\/\\\/www.youtube.com\\\/channel\\\/UCZP-2wLEB9Rv6erhFmqVnvg\"],\"address\":{\"@id\":\"https:\\\/\\\/www.eldigitaldeasturias.com\\\/noticias\\\/#postaladdress\",\"@type\":\"PostalAddress\",\"streetAddress\":\"san antonio 4,\",\"postalCode\":\"33430\",\"addressLocality\":\"Cand\\u00e1s\",\"addressRegion\":\"Asturias\",\"addressCountry\":\"ES\"}},{\"@type\":\"Person\",\"@id\":\"https:\\\/\\\/www.eldigitaldeasturias.com\\\/noticias\\\/author\\\/admin\\\/#author\",\"url\":\"https:\\\/\\\/www.eldigitaldeasturias.com\\\/noticias\\\/author\\\/admin\\\/\",\"name\":\"El Digital de Asturias\",\"image\":{\"@type\":\"ImageObject\",\"@id\":\"https:\\\/\\\/www.eldigitaldeasturias.com\\\/noticias\\\/carmen-ortiz-hace-balance-de-los-26-anos-de-aplicacion-del-leader-1\\\/#authorImage\",\"url\":\"https:\\\/\\\/www.eldigitaldeasturias.com\\\/noticias\\\/wp-content\\\/litespeed\\\/avatar\\\/18677e78aa0546b92d9dbf31ec7d7668.jpg?ver=1777290358\",\"width\":96,\"height\":96,\"caption\":\"El Digital de Asturias\"}},{\"@type\":\"WebPage\",\"@id\":\"https:\\\/\\\/www.eldigitaldeasturias.com\\\/noticias\\\/carmen-ortiz-hace-balance-de-los-26-anos-de-aplicacion-del-leader-1\\\/#webpage\",\"url\":\"https:\\\/\\\/www.eldigitaldeasturias.com\\\/noticias\\\/carmen-ortiz-hace-balance-de-los-26-anos-de-aplicacion-del-leader-1\\\/\",\"name\":\"Carmen Ortiz hace balance de los 26 a\\u00f1os de aplicaci\\u00f3n del Leader 1 - El Digital de Asturias\",\"description\":\"La consejera de Agricultura, Pesca y Desarrollo Rural, Carmen Ortiz, ha informado en el Parlamento del balance de actuaciones de los 52 Grupos de Desarrollo Rural (GDR) en el marco 2007-2014. Durante ese periodo, con una aportaci\\u00f3n p\\u00fablica de 205,8 millones de euros, se gener\\u00f3 una inversi\\u00f3n total de 519 millones, ha resaltado Ortiz, que\",\"inLanguage\":\"es-ES\",\"isPartOf\":{\"@id\":\"https:\\\/\\\/www.eldigitaldeasturias.com\\\/noticias\\\/#website\"},\"breadcrumb\":{\"@id\":\"https:\\\/\\\/www.eldigitaldeasturias.com\\\/noticias\\\/carmen-ortiz-hace-balance-de-los-26-anos-de-aplicacion-del-leader-1\\\/#breadcrumblist\"},\"author\":{\"@id\":\"https:\\\/\\\/www.eldigitaldeasturias.com\\\/noticias\\\/author\\\/admin\\\/#author\"},\"creator\":{\"@id\":\"https:\\\/\\\/www.eldigitaldeasturias.com\\\/noticias\\\/author\\\/admin\\\/#author\"},\"image\":{\"@type\":\"ImageObject\",\"url\":\"https:\\\/\\\/www.eldigitaldeasturias.com\\\/noticias\\\/wp-content\\\/uploads\\\/2015\\\/04\\\/euros1.jpg\",\"@id\":\"https:\\\/\\\/www.eldigitaldeasturias.com\\\/noticias\\\/carmen-ortiz-hace-balance-de-los-26-anos-de-aplicacion-del-leader-1\\\/#mainImage\",\"width\":655,\"height\":360,\"caption\":\"euros\"},\"primaryImageOfPage\":{\"@id\":\"https:\\\/\\\/www.eldigitaldeasturias.com\\\/noticias\\\/carmen-ortiz-hace-balance-de-los-26-anos-de-aplicacion-del-leader-1\\\/#mainImage\"},\"datePublished\":\"2017-02-22T23:41:46+01:00\",\"dateModified\":\"2017-02-22T23:41:46+01:00\"},{\"@type\":\"WebSite\",\"@id\":\"https:\\\/\\\/www.eldigitaldeasturias.com\\\/noticias\\\/#website\",\"url\":\"https:\\\/\\\/www.eldigitaldeasturias.com\\\/noticias\\\/\",\"name\":\"El Digital de Asturias - Diario de actualidad y noticias\",\"alternateName\":\"El Digital de Asturias - Diario de actualidad y noticias\",\"description\":\"Hemeroteca\",\"inLanguage\":\"es-ES\",\"publisher\":{\"@id\":\"https:\\\/\\\/www.eldigitaldeasturias.com\\\/noticias\\\/#organization\"}}]}\n\t\t<\/script>\n\t\t<!-- All in One SEO Pro -->\r\n\t\t<title>Carmen Ortiz hace balance de los 26 a\u00f1os de aplicaci\u00f3n del Leader 1 - El Digital de Asturias<\/title>\n\n","aioseo_head_json":{"title":"Carmen Ortiz hace balance de los 26 a\u00f1os de aplicaci\u00f3n del Leader 1 - El Digital de Asturias","description":"La consejera de Agricultura, Pesca y Desarrollo Rural, Carmen Ortiz, ha informado en el Parlamento del balance de actuaciones de los 52 Grupos de Desarrollo Rural (GDR) en el marco 2007-2014. Durante ese periodo, con una aportaci\u00f3n p\u00fablica de 205,8 millones de euros, se gener\u00f3 una inversi\u00f3n total de 519 millones, ha resaltado Ortiz, que","canonical_url":"https:\/\/www.eldigitaldeasturias.com\/noticias\/carmen-ortiz-hace-balance-de-los-26-anos-de-aplicacion-del-leader-1\/","robots":"max-image-preview:large","keywords":"actualidad","webmasterTools":{"google-site-verification":"UA-38556648-1","msvalidate.01":"7dfe9f3f1b24437ab69f4f2559babe99","miscellaneous":""},"schema":{"@context":"https:\/\/schema.org","@graph":[{"@type":"BlogPosting","@id":"https:\/\/www.eldigitaldeasturias.com\/noticias\/carmen-ortiz-hace-balance-de-los-26-anos-de-aplicacion-del-leader-1\/#blogposting","name":"Carmen Ortiz hace balance de los 26 a\u00f1os de aplicaci\u00f3n del Leader 1 - El Digital de Asturias","headline":"Carmen Ortiz hace balance de los 26 a\u00f1os de aplicaci\u00f3n del Leader 1","author":{"@id":"https:\/\/www.eldigitaldeasturias.com\/noticias\/author\/admin\/#author"},"publisher":{"@id":"https:\/\/www.eldigitaldeasturias.com\/noticias\/#organization"},"image":{"@type":"ImageObject","url":"https:\/\/www.eldigitaldeasturias.com\/noticias\/wp-content\/uploads\/2015\/04\/euros1.jpg","width":655,"height":360,"caption":"euros"},"datePublished":"2017-02-22T23:41:46+01:00","dateModified":"2017-02-22T23:41:46+01:00","inLanguage":"es-ES","mainEntityOfPage":{"@id":"https:\/\/www.eldigitaldeasturias.com\/noticias\/carmen-ortiz-hace-balance-de-los-26-anos-de-aplicacion-del-leader-1\/#webpage"},"isPartOf":{"@id":"https:\/\/www.eldigitaldeasturias.com\/noticias\/carmen-ortiz-hace-balance-de-los-26-anos-de-aplicacion-del-leader-1\/#webpage"},"articleSection":"Actualidad"},{"@type":"BreadcrumbList","@id":"https:\/\/www.eldigitaldeasturias.com\/noticias\/carmen-ortiz-hace-balance-de-los-26-anos-de-aplicacion-del-leader-1\/#breadcrumblist","itemListElement":[{"@type":"ListItem","@id":"https:\/\/www.eldigitaldeasturias.com\/noticias#listItem","position":1,"name":"Home","item":"https:\/\/www.eldigitaldeasturias.com\/noticias","nextItem":{"@type":"ListItem","@id":"https:\/\/www.eldigitaldeasturias.com\/noticias\/category\/actualidad\/#listItem","name":"Actualidad"}},{"@type":"ListItem","@id":"https:\/\/www.eldigitaldeasturias.com\/noticias\/category\/actualidad\/#listItem","position":2,"name":"Actualidad","item":"https:\/\/www.eldigitaldeasturias.com\/noticias\/category\/actualidad\/","nextItem":{"@type":"ListItem","@id":"https:\/\/www.eldigitaldeasturias.com\/noticias\/carmen-ortiz-hace-balance-de-los-26-anos-de-aplicacion-del-leader-1\/#listItem","name":"Carmen Ortiz hace balance de los 26 a\u00f1os de aplicaci\u00f3n del Leader 1"},"previousItem":{"@type":"ListItem","@id":"https:\/\/www.eldigitaldeasturias.com\/noticias#listItem","name":"Home"}},{"@type":"ListItem","@id":"https:\/\/www.eldigitaldeasturias.com\/noticias\/carmen-ortiz-hace-balance-de-los-26-anos-de-aplicacion-del-leader-1\/#listItem","position":3,"name":"Carmen Ortiz hace balance de los 26 a\u00f1os de aplicaci\u00f3n del Leader 1","previousItem":{"@type":"ListItem","@id":"https:\/\/www.eldigitaldeasturias.com\/noticias\/category\/actualidad\/#listItem","name":"Actualidad"}}]},{"@type":"Organization","@id":"https:\/\/www.eldigitaldeasturias.com\/noticias\/#organization","name":"El Digital de Asturias","description":"Hemeroteca","url":"https:\/\/www.eldigitaldeasturias.com\/noticias\/","email":"info@eldigitaldeasturias.com","telephone":"+34652131393","logo":{"@type":"ImageObject","url":"https:\/\/www.eldigitaldeasturias.com\/noticias\/wp-content\/uploads\/2020\/12\/EDA.jpg","@id":"https:\/\/www.eldigitaldeasturias.com\/noticias\/carmen-ortiz-hace-balance-de-los-26-anos-de-aplicacion-del-leader-1\/#organizationLogo","width":649,"height":297},"image":{"@id":"https:\/\/www.eldigitaldeasturias.com\/noticias\/carmen-ortiz-hace-balance-de-los-26-anos-de-aplicacion-del-leader-1\/#organizationLogo"},"sameAs":["https:\/\/facebook.com\/eldigitaldeasturias","https:\/\/www.youtube.com\/channel\/UCZP-2wLEB9Rv6erhFmqVnvg"],"address":{"@id":"https:\/\/www.eldigitaldeasturias.com\/noticias\/#postaladdress","@type":"PostalAddress","streetAddress":"san antonio 4,","postalCode":"33430","addressLocality":"Cand\u00e1s","addressRegion":"Asturias","addressCountry":"ES"}},{"@type":"Person","@id":"https:\/\/www.eldigitaldeasturias.com\/noticias\/author\/admin\/#author","url":"https:\/\/www.eldigitaldeasturias.com\/noticias\/author\/admin\/","name":"El Digital de Asturias","image":{"@type":"ImageObject","@id":"https:\/\/www.eldigitaldeasturias.com\/noticias\/carmen-ortiz-hace-balance-de-los-26-anos-de-aplicacion-del-leader-1\/#authorImage","url":"https:\/\/www.eldigitaldeasturias.com\/noticias\/wp-content\/litespeed\/avatar\/18677e78aa0546b92d9dbf31ec7d7668.jpg?ver=1777290358","width":96,"height":96,"caption":"El Digital de Asturias"}},{"@type":"WebPage","@id":"https:\/\/www.eldigitaldeasturias.com\/noticias\/carmen-ortiz-hace-balance-de-los-26-anos-de-aplicacion-del-leader-1\/#webpage","url":"https:\/\/www.eldigitaldeasturias.com\/noticias\/carmen-ortiz-hace-balance-de-los-26-anos-de-aplicacion-del-leader-1\/","name":"Carmen Ortiz hace balance de los 26 a\u00f1os de aplicaci\u00f3n del Leader 1 - El Digital de Asturias","description":"La consejera de Agricultura, Pesca y Desarrollo Rural, Carmen Ortiz, ha informado en el Parlamento del balance de actuaciones de los 52 Grupos de Desarrollo Rural (GDR) en el marco 2007-2014. Durante ese periodo, con una aportaci\u00f3n p\u00fablica de 205,8 millones de euros, se gener\u00f3 una inversi\u00f3n total de 519 millones, ha resaltado Ortiz, que","inLanguage":"es-ES","isPartOf":{"@id":"https:\/\/www.eldigitaldeasturias.com\/noticias\/#website"},"breadcrumb":{"@id":"https:\/\/www.eldigitaldeasturias.com\/noticias\/carmen-ortiz-hace-balance-de-los-26-anos-de-aplicacion-del-leader-1\/#breadcrumblist"},"author":{"@id":"https:\/\/www.eldigitaldeasturias.com\/noticias\/author\/admin\/#author"},"creator":{"@id":"https:\/\/www.eldigitaldeasturias.com\/noticias\/author\/admin\/#author"},"image":{"@type":"ImageObject","url":"https:\/\/www.eldigitaldeasturias.com\/noticias\/wp-content\/uploads\/2015\/04\/euros1.jpg","@id":"https:\/\/www.eldigitaldeasturias.com\/noticias\/carmen-ortiz-hace-balance-de-los-26-anos-de-aplicacion-del-leader-1\/#mainImage","width":655,"height":360,"caption":"euros"},"primaryImageOfPage":{"@id":"https:\/\/www.eldigitaldeasturias.com\/noticias\/carmen-ortiz-hace-balance-de-los-26-anos-de-aplicacion-del-leader-1\/#mainImage"},"datePublished":"2017-02-22T23:41:46+01:00","dateModified":"2017-02-22T23:41:46+01:00"},{"@type":"WebSite","@id":"https:\/\/www.eldigitaldeasturias.com\/noticias\/#website","url":"https:\/\/www.eldigitaldeasturias.com\/noticias\/","name":"El Digital de Asturias - Diario de actualidad y noticias","alternateName":"El Digital de Asturias - Diario de actualidad y noticias","description":"Hemeroteca","inLanguage":"es-ES","publisher":{"@id":"https:\/\/www.eldigitaldeasturias.com\/noticias\/#organization"}}]},"og:locale":"es_ES","og:site_name":"El Digital de Asturias","og:type":"article","og:title":"Carmen Ortiz hace balance de los 26 a\u00f1os de aplicaci\u00f3n del Leader 1 - El Digital de Asturias","og:description":"La consejera de Agricultura, Pesca y Desarrollo Rural, Carmen Ortiz, ha informado en el Parlamento del balance de actuaciones de los 52 Grupos de Desarrollo Rural (GDR) en el marco 2007-2014. Durante ese periodo, con una aportaci\u00f3n p\u00fablica de 205,8 millones de euros, se gener\u00f3 una inversi\u00f3n total de 519 millones, ha resaltado Ortiz, que","og:url":"https:\/\/www.eldigitaldeasturias.com\/noticias\/carmen-ortiz-hace-balance-de-los-26-anos-de-aplicacion-del-leader-1\/","og:image":"https:\/\/www.eldigitaldeasturias.com\/noticias\/wp-content\/uploads\/2015\/04\/euros1.jpg","og:image:secure_url":"https:\/\/www.eldigitaldeasturias.com\/noticias\/wp-content\/uploads\/2015\/04\/euros1.jpg","og:image:width":655,"og:image:height":360,"article:tag":["actualidad"],"article:published_time":"2017-02-22T23:41:46+00:00","article:modified_time":"2017-02-22T23:41:46+00:00","article:publisher":"https:\/\/facebook.com\/eldigitaldeasturias","twitter:card":"summary_large_image","twitter:title":"Carmen Ortiz hace balance de los 26 a\u00f1os de aplicaci\u00f3n del Leader 1 - El Digital de Asturias","twitter:description":"La consejera de Agricultura, Pesca y Desarrollo Rural, Carmen Ortiz, ha informado en el Parlamento del balance de actuaciones de los 52 Grupos de Desarrollo Rural (GDR) en el marco 2007-2014. Durante ese periodo, con una aportaci\u00f3n p\u00fablica de 205,8 millones de euros, se gener\u00f3 una inversi\u00f3n total de 519 millones, ha resaltado Ortiz, que","twitter:image":"https:\/\/www.eldigitaldeasturias.com\/noticias\/wp-content\/uploads\/2015\/04\/euros1.jpg","twitter:label1":"Escrito por","twitter:data1":"El Digital de Asturias","twitter:label2":"Tiempo de lectura estimado","twitter:data2":"3 minutos"},"aioseo_meta_data":{"post_id":"927047","title":null,"description":null,"keywords":null,"keyphrases":null,"primary_term":null,"canonical_url":null,"og_title":null,"og_description":null,"og_object_type":"default","og_image_type":"default","og_image_url":null,"og_image_width":null,"og_image_height":null,"og_image_custom_url":null,"og_image_custom_fields":null,"og_video":null,"og_custom_url":null,"og_article_section":null,"og_article_tags":null,"twitter_use_og":false,"twitter_card":"default","twitter_image_type":"default","twitter_image_url":null,"twitter_image_custom_url":null,"twitter_image_custom_fields":null,"twitter_title":null,"twitter_description":null,"schema":{"blockGraphs":[],"customGraphs":[],"default":{"data":{"Article":[],"Course":[],"Dataset":[],"FAQPage":[],"Movie":[],"Person":[],"Product":[],"ProductReview":[],"Car":[],"Recipe":[],"Service":[],"SoftwareApplication":[],"WebPage":[]},"graphName":"","isEnabled":true},"graphs":[]},"schema_type":null,"schema_type_options":null,"pillar_content":false,"robots_default":true,"robots_noindex":false,"robots_noarchive":false,"robots_nosnippet":false,"robots_nofollow":false,"robots_noimageindex":false,"robots_noodp":false,"robots_notranslate":false,"robots_max_snippet":null,"robots_max_videopreview":null,"robots_max_imagepreview":"large","priority":null,"frequency":null,"local_seo":null,"seo_analyzer_scan_date":"2025-12-03 09:00:13","breadcrumb_settings":null,"limit_modified_date":false,"open_ai":null,"ai":null,"created":"2020-12-21 13:37:31","updated":"2025-12-03 09:00:13"},"aioseo_breadcrumb":"<div class=\"aioseo-breadcrumbs\"><span class=\"aioseo-breadcrumb\">\n\t<a href=\"https:\/\/www.eldigitaldeasturias.com\/noticias\" title=\"Home\">Home<\/a>\n<\/span><span class=\"aioseo-breadcrumb-separator\">\u2013<\/span><span class=\"aioseo-breadcrumb\">\n\t<a href=\"https:\/\/www.eldigitaldeasturias.com\/noticias\/category\/actualidad\/\" title=\"Actualidad\">Actualidad<\/a>\n<\/span><span class=\"aioseo-breadcrumb-separator\">\u2013<\/span><span class=\"aioseo-breadcrumb\">\n\t<a href=\"https:\/\/www.eldigitaldeasturias.com\/noticias\/carmen-ortiz-hace-balance-de-los-26-anos-de-aplicacion-del-leader-1\/\" title=\"Carmen Ortiz hace balance de los 26 a\u00f1os de aplicaci\u00f3n del Leader 1\">Carmen Ortiz hace balance de los 26 a\u00f1os de aplicaci\u00f3n del Leader 1<\/a>\n<\/span><\/div>","aioseo_breadcrumb_json":[{"label":"Home","link":"https:\/\/www.eldigitaldeasturias.com\/noticias"},{"label":"Actualidad","link":"https:\/\/www.eldigitaldeasturias.com\/noticias\/category\/actualidad\/"},{"label":"Carmen Ortiz hace balance de los 26 a\u00f1os de aplicaci\u00f3n del Leader 1","link":"https:\/\/www.eldigitaldeasturias.com\/noticias\/carmen-ortiz-hace-balance-de-los-26-anos-de-aplicacion-del-leader-1\/"}],"_links":{"self":[{"href":"https:\/\/www.eldigitaldeasturias.com\/noticias\/wp-json\/wp\/v2\/posts\/927047","targetHints":{"allow":["GET"]}}],"collection":[{"href":"https:\/\/www.eldigitaldeasturias.com\/noticias\/wp-json\/wp\/v2\/posts"}],"about":[{"href":"https:\/\/www.eldigitaldeasturias.com\/noticias\/wp-json\/wp\/v2\/types\/post"}],"author":[{"embeddable":true,"href":"https:\/\/www.eldigitaldeasturias.com\/noticias\/wp-json\/wp\/v2\/users\/1"}],"replies":[{"embeddable":true,"href":"https:\/\/www.eldigitaldeasturias.com\/noticias\/wp-json\/wp\/v2\/comments?post=927047"}],"version-history":[{"count":0,"href":"https:\/\/www.eldigitaldeasturias.com\/noticias\/wp-json\/wp\/v2\/posts\/927047\/revisions"}],"wp:featuredmedia":[{"embeddable":true,"href":"https:\/\/www.eldigitaldeasturias.com\/noticias\/wp-json\/wp\/v2\/media\/780683"}],"wp:attachment":[{"href":"https:\/\/www.eldigitaldeasturias.com\/noticias\/wp-json\/wp\/v2\/media?parent=927047"}],"wp:term":[{"taxonomy":"category","embeddable":true,"href":"https:\/\/www.eldigitaldeasturias.com\/noticias\/wp-json\/wp\/v2\/categories?post=927047"},{"taxonomy":"post_tag","embeddable":true,"href":"https:\/\/www.eldigitaldeasturias.com\/noticias\/wp-json\/wp\/v2\/tags?post=927047"}],"curies":[{"name":"wp","href":"https:\/\/api.w.org\/{rel}","templated":true}]}}