{"id":926945,"date":"2017-02-22T15:11:46","date_gmt":"2017-02-22T15:11:46","guid":{"rendered":"http:\/\/www.eldigitaldeasturias.com\/noticias\/?p=926945"},"modified":"2017-02-22T20:51:29","modified_gmt":"2017-02-22T20:51:29","slug":"360-grados-en-moto-desde-el-norte-del-norte","status":"publish","type":"post","link":"https:\/\/www.eldigitaldeasturias.com\/noticias\/360-grados-en-moto-desde-el-norte-del-norte\/","title":{"rendered":"\u00bf360 GRADOS en moto desde el norte del norte?"},"content":{"rendered":"<p>Entrevistamos a Alicia Sornosa, periodista del motor y moto viajera que presenta su libro \u201c360 grados\u201d, una mujer, una moto y el mundo por delante. Es el apasionante relato de Sof\u00eda, una aventurera decidida que con su moto acompa\u00f1\u00f3 a Pedro, su amor, hasta que \u00e9ste se desvaneci\u00f3 y la cruda realidad se interpuso en el camino. Un paralelismo entre los personajes y su vuelta al mundo en moto que nos acerca m\u00e1s a su \u201ctrayecto vital marcado por el reto de afrontar un viaje de esta magnitud\u201d tal y como comenta ella en esta novela.<\/p>\n<p><img loading=\"lazy\" decoding=\"async\" class=\"size-large wp-image-926946 alignnone\" src=\"https:\/\/www.eldigitaldeasturias.com\/noticias\/wp-content\/uploads\/2017\/02\/Alaska-Alicia-650x365.jpg\" alt=\"\" width=\"650\" height=\"365\" \/><\/p>\n<p><strong>Aunque pocos son ya los que no te conocen, haznos un resumen de tu CV motero Alicia.<\/strong><\/p>\n<p>Me considero moto viajera, en realidad. Desde los 14 a\u00f1os he viajado sobre ruedas. Primero por la zona de la Sierra de Ayll\u00f3n, ya que veraneaba en Riaza, con un Vespino que me dio la oportunidad de explorar desde muy joven. Ya en 2010 realizo mi primer viaje largo en moto, con una Harley Davidson 883, desde Madrid hasta Andorra y vuelta. Desde 2011 hasta 2013 viaj\u00e9 por los cinco continentes, consiguiendo ser la primera hispana en hacerlo. En Septiembre de 2013 regres\u00e9 a Am\u00e9rica del Sur, conoc\u00ed Bolivia y el norte de Argentina y Chile m\u00e1s a fondo, en un viaje de m\u00e1s de 20.000 km. Durante cuatro meses de 2014 viaj\u00e9 desde Madrid hasta Tokio, a trav\u00e9s de la Transiberiana, Kazajist\u00e1n y Mongolia y su gran desierto del Gobi. Arrib\u00e9 a Hokkaido desde la isla rusa de Sakhalim. Regres\u00e9 desde Tokio cuatro meses mas tarde. En 2015 cambi\u00e9 de moto, de una BMW F650GS a mi nueva Ducati Scrambler. Desde entonces he recorrido India y Nepal, el este de Europa, Marruecos, M\u00e9xico y su Baja California, de donde acabo de regresar.<\/p>\n<p><strong>\u00bfQui\u00e9n ha sido un referente en este mundo de las dos ruedas para ti?<\/strong><\/p>\n<p>Muchas personas, la mayor\u00eda an\u00f3nimas. Antes de saber que iba a dar la vuelta al mundo en moto, segu\u00eda a Fabi\u00e1n C.Barrio de \u201cSal\u00ed a dar una Vuelta\u201d Gustavo Cuervo, que nunca me perd\u00ed una charla suya, como no, las aventuras de Ewan McGregor y Charly Boorman\u2026y como te digo personas menos conocidas, como Marcel Barrilero y algunos pilotos como Laya Sanz.<\/p>\n<p><strong>\u00bfPor qu\u00e9 un velero antes que una moto?<\/strong><\/p>\n<p>Yo ten\u00eda la idea de dar la vuelta al mundo en velero desde los veinte a\u00f1os. Trabajaba todos los veranos en un puerto de Lanzarote, charteando grupos de guiris de una isla a otra en un catamar\u00e1n. Trabajaba como cocinera, pero eso me permiti\u00f3 aprender a navegar. El barco es lo m\u00e1s para enfrentarte a uno mismo y a la naturaleza. Ver el mundo desde el agua\u2026la idea me sigue fascinando. Despu\u00e9s viene lo pr\u00e1ctico: lo que tienes a\u00f1os despu\u00e9s es una moto\u2026\u00a1con la que viajar!<\/p>\n<p><strong>\u00bfTe consideras m\u00e1s periodistas o m\u00e1s motera?<\/strong><\/p>\n<p>Me considero periodista, es mi profesi\u00f3n. Viajar en moto es mi pasi\u00f3n, mi sue\u00f1o. Lo bueno es que son cosas perfectamente compatibles y que se complementan.<\/p>\n<p><strong>El d\u00eda m\u00e1s feliz \u201csobre dos ruedas que recuerdas?<\/strong><\/p>\n<p>Cada vez que he sacado mi moto de un embalaje y la he montado para seguir rodando por alg\u00fan lugar a\u00fan sin explorar. Esa sensaci\u00f3n es como si te hicieran el mayor regalo del mundo\u2026algo nuevo, misterioso.<\/p>\n<p><strong>\u00bfY el m\u00e1s triste?<\/strong><\/p>\n<p>El momento en el que sabes que ese viaje ya ha terminado. Siempre lloro.<\/p>\n<p><strong>Estas envuelta ahora en la promoci\u00f3n de tu libro 360 GRADOS: Una mujer, una moto y el mundo y la verdad, al leerlo a veces uno llega a preguntarse \u00bfPor qu\u00e9 Sof\u00eda, el personaje de la novela, aguanto tanto?<\/strong><\/p>\n<p>Es una historia \u00e9pica en la que los personajes van al l\u00edmite. Ella no se atreve, duda en seguir o no, tiene miedo. Creo que es una actitud plenamente humana y que a todos nos pasa en muchos momentos de nuestras vidas; el miedo al cambio, a lo desconocido, el preferir \u201clo malo conocido que lo bueno por conocer\u201d. Lo bueno es que al final lo supera como puede, y le va bien.<\/p>\n<p><strong>\u00bfQu\u00e9 fue lo que m\u00e1s te cost\u00f3 escribir y por qu\u00e9?<\/strong><\/p>\n<p>\u00a1Toda la novela! Ha sido un proceso de a\u00f1os. Primero escrib\u00ed un libro de viaje, pero me di cuenta que hay muchos y muy buenos, as\u00ed que me puse un reto a\u00fan mayor: escribir una novela. Y he conseguido hacerlo, en parte gracias al m\u00e9todo \u201cLa Habitaci\u00f3n Sellada\u201d, de Clara Pe\u00f1alver, una gran novelista, buena amiga y motorista tambi\u00e9n. Me entendi\u00f3 y me ayud\u00f3 en el proceso creativo. Ha sido el trabajo que m\u00e1s me ha costado hacer en lo que llevo de vida.<\/p>\n<p><img loading=\"lazy\" decoding=\"async\" class=\"size-large wp-image-926947 alignnone\" src=\"https:\/\/www.eldigitaldeasturias.com\/noticias\/wp-content\/uploads\/2017\/02\/USA-Canad\u00e1-650x365.jpg\" alt=\"\" width=\"650\" height=\"365\" \/><\/p>\n<p><strong>\u00bfQu\u00e9 recuerdas y cuentas con m\u00e1s cari\u00f1o en esta novela?<\/strong><\/p>\n<p>Yo recuerdo de mi viaje millones de cosas maravillosas, los colores de las puestas del sol de cada pa\u00eds, el sonido de las ciudades, del bosque, los mejores cielos llenos de estrellas, la vida n\u00f3mada\u2026 Del tiempo durante el que he estado escribiendo esta novela, lo que recuerdo con m\u00e1s cari\u00f1o son los kil\u00f3metros entre Madrid y Granada que hice para visitar a Clara, el apoyo de los m\u00edos y las largas noches tecleando frente a la ventana de mi escritorio.<\/p>\n<p><strong>Este libro es quiz\u00e1s, a parte de un viaje, un libro sobre tu verdad no contada?<\/strong><\/p>\n<p>\u00a1Yo todo lo que he contado sobre mi viaje es verdad! No hay ninguna verdad oculta. La novela est\u00e1 basada en mi experiencia en ese viaje, inspirada en el recorrido que hice. Pero tambi\u00e9n est\u00e1 inspirada en muchas historias de personas que me he encontrado en el camino, en este u otros viajes.<\/p>\n<p><strong>\u00bfUna terapia quiz\u00e1s?<\/strong><\/p>\n<p>Escribir siempre es una buena terapia. Siempre lo he hecho, para agradecer o curar cosas. Para tener memoria o para olvidar. Para eso se escriben historias.<\/p>\n<p><strong>Sof\u00eda, el personaje de la novela es valiente, \u00bfY \u201cPedro\u201d?<\/strong><\/p>\n<p>Pedro es un personaje muy controvertido, seguro de si mismo y el prototipo de lo peor del g\u00e9nero masculino.<\/p>\n<p><strong>\u00bfEres consciente de que todos somos conocedores de quienes eran Sof\u00eda y Pedro en la vida real?, \u00bfNo te incomoda el que te puedan rebatir la historia?<\/strong><\/p>\n<p>Sof\u00eda y Pedro no existen. Son dos personajes de una novela, eso no lo puede rebatir nadie, \u00a1los he creado yo!. Claro que ha paralelismos entre los personajes de 360 Grados y mi vida real. Pero una vez dicho esto, cada personaje tiene su propia personalidad, me ha pedido ser as\u00ed o as\u00e1, llega un momento que tienen vida propia y ah\u00ed yo no cuento, eso es la magia de la literatura.<\/p>\n<p><strong>\u00bfDesnudarte \u201cliterariamente\u201d hablando ante tantos lectores no te da miedo?<\/strong><\/p>\n<p>Cada vez que publico un art\u00edculo sobre mis viajes, un post en mi p\u00e1gina web, contesto a una entrevista\u2026todo eso da miedo. Ya hab\u00eda publicado relatos en algunos libros de viajes (Mujeres Viajeras, Casiopea y el Mundo en la Maleta, VAP) y da v\u00e9rtigo ver tus palabras en papel, pero una novela da mucho m\u00e1s v\u00e9rtigo, miedo\u2026te expones a que todo el que la lea opine sobre tu trabajo, eso es desnudarse, y va estar ah\u00ed durante lo que aguante ese papel.<\/p>\n<p><strong>Narras cosas muy \u00edntimas entre Sof\u00eda y Pedro, \u00bffue tan descuido Pedro en todo?<\/strong><\/p>\n<p>Cuando, tal y como narras en 360 GRADOS, la envidia y ese af\u00e1n de protagonismo que describes por parte de Pedro, se impone por encima ya no solo del amor, sino del compa\u00f1erismo que ha de existir en un equipo, \u00bfPor qu\u00e9 no dejarlo ah\u00ed?<\/p>\n<p>Si Sof\u00eda hubiera dejado a Pedro al principio de la novela, no habr\u00eda novela. He necesitado un conflicto y una serie de hechos para crear esta historia. As\u00ed es la literatura. Y como en la vida real durante un viaje, suceden muchas cosas.<\/p>\n<p><strong>\u00bfQu\u00e9 consejo le dar\u00edas a los Pedro\u201ds\u201d?<\/strong><\/p>\n<p>Que dejaran en paz a las Sof\u00edas de sus vidas, que fuesen m\u00e1s valientes y no se hicieran peque\u00f1os por estar al lado de mujeres fuertes.<\/p>\n<p><strong>\u00bfY qu\u00e9 consejo a las Sofia\u201ds\u201d?<\/strong><\/p>\n<p>Que se armen de valor y se despeguen, que crean en ellas mismas y aumenten su amor propio.<\/p>\n<p><strong>\u00bfCu\u00e1ndo terminaste de escribir 360 GRADOS, qu\u00e9 sentiste?<\/strong><\/p>\n<p>Me sent\u00ed m\u00e1s ligera, como cada vez que entrego un trabajo de peso. Me sent\u00ed orgullosa el d\u00eda que mi editor, Antonio de Bandaaparte, me dio el OK, me sent\u00ed muy, muy peque\u00f1ita el d\u00eda que llegaron los libros a casa y hasta ahora lo que siento es v\u00e9rtigo.<\/p>\n<p><strong>\u00bfPor qu\u00e9 leer tu novela?<\/strong><\/p>\n<p>Porque no es un libro de viaje, pero viajas por el mundo, porque la prota va en moto, pero tambi\u00e9n en tren\u2026en avi\u00f3n. Porque es un sue\u00f1o dar la vuelta al mundo, aunque sea desde el sof\u00e1. Porque muestra que el valor, la amistad, el amor y la comprensi\u00f3n son fundamentales para las relaciones humanas. Y a los que viajamos nos encanta recordar ese lugar a trav\u00e9s de los ojos de otros.<\/p>\n<p><em>Ha sido un placer para El Digital de Asturias- Territorio Rider, haber tenido la oportunidad de entrevistarte y de que nos hayas abierto el \u201calma de Sof\u00eda\u201d.<\/em><\/p>\n<p><strong>Elsi Rider<\/strong><\/p>\n<p>&nbsp;<\/p>\n","protected":false},"excerpt":{"rendered":"<p>Entrevistamos a Alicia Sornosa, periodista del motor y moto viajera que presenta su libro \u201c360 grados\u201d, una mujer, una moto y el mundo por delante. Es el apasionante relato de Sof\u00eda, una aventurera decidida que con su moto acompa\u00f1\u00f3 a Pedro, su amor, hasta que \u00e9ste se desvaneci\u00f3 y la cruda realidad se interpuso en [&hellip;]<\/p>\n","protected":false},"author":1,"featured_media":926946,"comment_status":"closed","ping_status":"closed","sticky":false,"template":"","format":"standard","meta":{"footnotes":""},"categories":[606],"tags":[],"class_list":["post-926945","post","type-post","status-publish","format-standard","has-post-thumbnail","hentry","category-entrevistas"],"aioseo_notices":[],"aioseo_head":"\n\t\t<!-- All in One SEO Pro 4.9.6.2 - aioseo.com -->\n\t<meta name=\"description\" content=\"Entrevistamos a Alicia Sornosa, periodista del motor y moto viajera que presenta su libro \u201c360 grados\u201d, una mujer, una moto y el mundo por delante. Es el apasionante relato de Sof\u00eda, una aventurera decidida que con su moto acompa\u00f1\u00f3 a Pedro, su amor, hasta que \u00e9ste se desvaneci\u00f3 y la cruda realidad se interpuso en\" \/>\n\t<meta name=\"robots\" content=\"max-image-preview:large\" \/>\n\t<meta name=\"author\" content=\"El Digital de Asturias\"\/>\n\t<meta name=\"google-site-verification\" content=\"UA-38556648-1\" \/>\n\t<meta name=\"msvalidate.01\" content=\"7dfe9f3f1b24437ab69f4f2559babe99\" \/>\n\t<meta name=\"keywords\" content=\"entrevistas\" \/>\n\t<link rel=\"canonical\" href=\"https:\/\/www.eldigitaldeasturias.com\/noticias\/360-grados-en-moto-desde-el-norte-del-norte\/\" \/>\n\t<meta name=\"generator\" content=\"All in One SEO Pro (AIOSEO) 4.9.6.2\" \/>\n\t\t<meta property=\"og:locale\" content=\"es_ES\" \/>\n\t\t<meta property=\"og:site_name\" content=\"El Digital de Asturias\" \/>\n\t\t<meta property=\"og:type\" content=\"article\" \/>\n\t\t<meta property=\"og:title\" content=\"\u00bf360 GRADOS en moto desde el norte del norte? - El Digital de Asturias\" \/>\n\t\t<meta property=\"og:description\" content=\"Entrevistamos a Alicia Sornosa, periodista del motor y moto viajera que presenta su libro \u201c360 grados\u201d, una mujer, una moto y el mundo por delante. Es el apasionante relato de Sof\u00eda, una aventurera decidida que con su moto acompa\u00f1\u00f3 a Pedro, su amor, hasta que \u00e9ste se desvaneci\u00f3 y la cruda realidad se interpuso en\" \/>\n\t\t<meta property=\"og:url\" content=\"https:\/\/www.eldigitaldeasturias.com\/noticias\/360-grados-en-moto-desde-el-norte-del-norte\/\" \/>\n\t\t<meta property=\"og:image\" content=\"https:\/\/www.eldigitaldeasturias.com\/noticias\/wp-content\/uploads\/2017\/02\/Alaska-Alicia.jpg\" \/>\n\t\t<meta property=\"og:image:secure_url\" content=\"https:\/\/www.eldigitaldeasturias.com\/noticias\/wp-content\/uploads\/2017\/02\/Alaska-Alicia.jpg\" \/>\n\t\t<meta property=\"og:image:width\" content=\"1280\" \/>\n\t\t<meta property=\"og:image:height\" content=\"718\" \/>\n\t\t<meta property=\"article:tag\" content=\"entrevistas\" \/>\n\t\t<meta property=\"article:published_time\" content=\"2017-02-22T15:11:46+00:00\" \/>\n\t\t<meta property=\"article:modified_time\" content=\"2017-02-22T20:51:29+00:00\" \/>\n\t\t<meta property=\"article:publisher\" content=\"https:\/\/facebook.com\/eldigitaldeasturias\" \/>\n\t\t<meta name=\"twitter:card\" content=\"summary_large_image\" \/>\n\t\t<meta name=\"twitter:title\" content=\"\u00bf360 GRADOS en moto desde el norte del norte? - El Digital de Asturias\" \/>\n\t\t<meta name=\"twitter:description\" content=\"Entrevistamos a Alicia Sornosa, periodista del motor y moto viajera que presenta su libro \u201c360 grados\u201d, una mujer, una moto y el mundo por delante. Es el apasionante relato de Sof\u00eda, una aventurera decidida que con su moto acompa\u00f1\u00f3 a Pedro, su amor, hasta que \u00e9ste se desvaneci\u00f3 y la cruda realidad se interpuso en\" \/>\n\t\t<meta name=\"twitter:image\" content=\"https:\/\/www.eldigitaldeasturias.com\/noticias\/wp-content\/uploads\/2017\/02\/Alaska-Alicia.jpg\" \/>\n\t\t<meta name=\"twitter:label1\" content=\"Escrito por\" \/>\n\t\t<meta name=\"twitter:data1\" content=\"El Digital de Asturias\" \/>\n\t\t<meta name=\"twitter:label2\" content=\"Tiempo de lectura estimado\" \/>\n\t\t<meta name=\"twitter:data2\" content=\"8 minutos\" \/>\n\t\t<script type=\"application\/ld+json\" class=\"aioseo-schema\">\n\t\t\t{\"@context\":\"https:\\\/\\\/schema.org\",\"@graph\":[{\"@type\":\"BlogPosting\",\"@id\":\"https:\\\/\\\/www.eldigitaldeasturias.com\\\/noticias\\\/360-grados-en-moto-desde-el-norte-del-norte\\\/#blogposting\",\"name\":\"\\u00bf360 GRADOS en moto desde el norte del norte? - El Digital de Asturias\",\"headline\":\"\\u00bf360 GRADOS en moto desde el norte del norte?\",\"author\":{\"@id\":\"https:\\\/\\\/www.eldigitaldeasturias.com\\\/noticias\\\/author\\\/admin\\\/#author\"},\"publisher\":{\"@id\":\"https:\\\/\\\/www.eldigitaldeasturias.com\\\/noticias\\\/#organization\"},\"image\":{\"@type\":\"ImageObject\",\"url\":\"https:\\\/\\\/www.eldigitaldeasturias.com\\\/noticias\\\/wp-content\\\/uploads\\\/2017\\\/02\\\/Alaska-Alicia.jpg\",\"width\":1280,\"height\":718},\"datePublished\":\"2017-02-22T15:11:46+01:00\",\"dateModified\":\"2017-02-22T20:51:29+01:00\",\"inLanguage\":\"es-ES\",\"mainEntityOfPage\":{\"@id\":\"https:\\\/\\\/www.eldigitaldeasturias.com\\\/noticias\\\/360-grados-en-moto-desde-el-norte-del-norte\\\/#webpage\"},\"isPartOf\":{\"@id\":\"https:\\\/\\\/www.eldigitaldeasturias.com\\\/noticias\\\/360-grados-en-moto-desde-el-norte-del-norte\\\/#webpage\"},\"articleSection\":\"Entrevistas\"},{\"@type\":\"BreadcrumbList\",\"@id\":\"https:\\\/\\\/www.eldigitaldeasturias.com\\\/noticias\\\/360-grados-en-moto-desde-el-norte-del-norte\\\/#breadcrumblist\",\"itemListElement\":[{\"@type\":\"ListItem\",\"@id\":\"https:\\\/\\\/www.eldigitaldeasturias.com\\\/noticias#listItem\",\"position\":1,\"name\":\"Home\",\"item\":\"https:\\\/\\\/www.eldigitaldeasturias.com\\\/noticias\",\"nextItem\":{\"@type\":\"ListItem\",\"@id\":\"https:\\\/\\\/www.eldigitaldeasturias.com\\\/noticias\\\/category\\\/entrevistas\\\/#listItem\",\"name\":\"Entrevistas\"}},{\"@type\":\"ListItem\",\"@id\":\"https:\\\/\\\/www.eldigitaldeasturias.com\\\/noticias\\\/category\\\/entrevistas\\\/#listItem\",\"position\":2,\"name\":\"Entrevistas\",\"item\":\"https:\\\/\\\/www.eldigitaldeasturias.com\\\/noticias\\\/category\\\/entrevistas\\\/\",\"nextItem\":{\"@type\":\"ListItem\",\"@id\":\"https:\\\/\\\/www.eldigitaldeasturias.com\\\/noticias\\\/360-grados-en-moto-desde-el-norte-del-norte\\\/#listItem\",\"name\":\"\\u00bf360 GRADOS en moto desde el norte del norte?\"},\"previousItem\":{\"@type\":\"ListItem\",\"@id\":\"https:\\\/\\\/www.eldigitaldeasturias.com\\\/noticias#listItem\",\"name\":\"Home\"}},{\"@type\":\"ListItem\",\"@id\":\"https:\\\/\\\/www.eldigitaldeasturias.com\\\/noticias\\\/360-grados-en-moto-desde-el-norte-del-norte\\\/#listItem\",\"position\":3,\"name\":\"\\u00bf360 GRADOS en moto desde el norte del norte?\",\"previousItem\":{\"@type\":\"ListItem\",\"@id\":\"https:\\\/\\\/www.eldigitaldeasturias.com\\\/noticias\\\/category\\\/entrevistas\\\/#listItem\",\"name\":\"Entrevistas\"}}]},{\"@type\":\"Organization\",\"@id\":\"https:\\\/\\\/www.eldigitaldeasturias.com\\\/noticias\\\/#organization\",\"name\":\"El Digital de Asturias\",\"description\":\"Hemeroteca\",\"url\":\"https:\\\/\\\/www.eldigitaldeasturias.com\\\/noticias\\\/\",\"email\":\"info@eldigitaldeasturias.com\",\"telephone\":\"+34652131393\",\"logo\":{\"@type\":\"ImageObject\",\"url\":\"https:\\\/\\\/www.eldigitaldeasturias.com\\\/noticias\\\/wp-content\\\/uploads\\\/2020\\\/12\\\/EDA.jpg\",\"@id\":\"https:\\\/\\\/www.eldigitaldeasturias.com\\\/noticias\\\/360-grados-en-moto-desde-el-norte-del-norte\\\/#organizationLogo\",\"width\":649,\"height\":297},\"image\":{\"@id\":\"https:\\\/\\\/www.eldigitaldeasturias.com\\\/noticias\\\/360-grados-en-moto-desde-el-norte-del-norte\\\/#organizationLogo\"},\"sameAs\":[\"https:\\\/\\\/facebook.com\\\/eldigitaldeasturias\",\"https:\\\/\\\/www.youtube.com\\\/channel\\\/UCZP-2wLEB9Rv6erhFmqVnvg\"],\"address\":{\"@id\":\"https:\\\/\\\/www.eldigitaldeasturias.com\\\/noticias\\\/#postaladdress\",\"@type\":\"PostalAddress\",\"streetAddress\":\"san antonio 4,\",\"postalCode\":\"33430\",\"addressLocality\":\"Cand\\u00e1s\",\"addressRegion\":\"Asturias\",\"addressCountry\":\"ES\"}},{\"@type\":\"Person\",\"@id\":\"https:\\\/\\\/www.eldigitaldeasturias.com\\\/noticias\\\/author\\\/admin\\\/#author\",\"url\":\"https:\\\/\\\/www.eldigitaldeasturias.com\\\/noticias\\\/author\\\/admin\\\/\",\"name\":\"El Digital de Asturias\",\"image\":{\"@type\":\"ImageObject\",\"@id\":\"https:\\\/\\\/www.eldigitaldeasturias.com\\\/noticias\\\/360-grados-en-moto-desde-el-norte-del-norte\\\/#authorImage\",\"url\":\"https:\\\/\\\/www.eldigitaldeasturias.com\\\/noticias\\\/wp-content\\\/litespeed\\\/avatar\\\/18677e78aa0546b92d9dbf31ec7d7668.jpg?ver=1777290358\",\"width\":96,\"height\":96,\"caption\":\"El Digital de Asturias\"}},{\"@type\":\"WebPage\",\"@id\":\"https:\\\/\\\/www.eldigitaldeasturias.com\\\/noticias\\\/360-grados-en-moto-desde-el-norte-del-norte\\\/#webpage\",\"url\":\"https:\\\/\\\/www.eldigitaldeasturias.com\\\/noticias\\\/360-grados-en-moto-desde-el-norte-del-norte\\\/\",\"name\":\"\\u00bf360 GRADOS en moto desde el norte del norte? - El Digital de Asturias\",\"description\":\"Entrevistamos a Alicia Sornosa, periodista del motor y moto viajera que presenta su libro \\u201c360 grados\\u201d, una mujer, una moto y el mundo por delante. Es el apasionante relato de Sof\\u00eda, una aventurera decidida que con su moto acompa\\u00f1\\u00f3 a Pedro, su amor, hasta que \\u00e9ste se desvaneci\\u00f3 y la cruda realidad se interpuso en\",\"inLanguage\":\"es-ES\",\"isPartOf\":{\"@id\":\"https:\\\/\\\/www.eldigitaldeasturias.com\\\/noticias\\\/#website\"},\"breadcrumb\":{\"@id\":\"https:\\\/\\\/www.eldigitaldeasturias.com\\\/noticias\\\/360-grados-en-moto-desde-el-norte-del-norte\\\/#breadcrumblist\"},\"author\":{\"@id\":\"https:\\\/\\\/www.eldigitaldeasturias.com\\\/noticias\\\/author\\\/admin\\\/#author\"},\"creator\":{\"@id\":\"https:\\\/\\\/www.eldigitaldeasturias.com\\\/noticias\\\/author\\\/admin\\\/#author\"},\"image\":{\"@type\":\"ImageObject\",\"url\":\"https:\\\/\\\/www.eldigitaldeasturias.com\\\/noticias\\\/wp-content\\\/uploads\\\/2017\\\/02\\\/Alaska-Alicia.jpg\",\"@id\":\"https:\\\/\\\/www.eldigitaldeasturias.com\\\/noticias\\\/360-grados-en-moto-desde-el-norte-del-norte\\\/#mainImage\",\"width\":1280,\"height\":718},\"primaryImageOfPage\":{\"@id\":\"https:\\\/\\\/www.eldigitaldeasturias.com\\\/noticias\\\/360-grados-en-moto-desde-el-norte-del-norte\\\/#mainImage\"},\"datePublished\":\"2017-02-22T15:11:46+01:00\",\"dateModified\":\"2017-02-22T20:51:29+01:00\"},{\"@type\":\"WebSite\",\"@id\":\"https:\\\/\\\/www.eldigitaldeasturias.com\\\/noticias\\\/#website\",\"url\":\"https:\\\/\\\/www.eldigitaldeasturias.com\\\/noticias\\\/\",\"name\":\"El Digital de Asturias - Diario de actualidad y noticias\",\"alternateName\":\"El Digital de Asturias - Diario de actualidad y noticias\",\"description\":\"Hemeroteca\",\"inLanguage\":\"es-ES\",\"publisher\":{\"@id\":\"https:\\\/\\\/www.eldigitaldeasturias.com\\\/noticias\\\/#organization\"}}]}\n\t\t<\/script>\n\t\t<!-- All in One SEO Pro -->\r\n\t\t<title>\u00bf360 GRADOS en moto desde el norte del norte? - El Digital de Asturias<\/title>\n\n","aioseo_head_json":{"title":"\u00bf360 GRADOS en moto desde el norte del norte? - El Digital de Asturias","description":"Entrevistamos a Alicia Sornosa, periodista del motor y moto viajera que presenta su libro \u201c360 grados\u201d, una mujer, una moto y el mundo por delante. Es el apasionante relato de Sof\u00eda, una aventurera decidida que con su moto acompa\u00f1\u00f3 a Pedro, su amor, hasta que \u00e9ste se desvaneci\u00f3 y la cruda realidad se interpuso en","canonical_url":"https:\/\/www.eldigitaldeasturias.com\/noticias\/360-grados-en-moto-desde-el-norte-del-norte\/","robots":"max-image-preview:large","keywords":"entrevistas","webmasterTools":{"google-site-verification":"UA-38556648-1","msvalidate.01":"7dfe9f3f1b24437ab69f4f2559babe99","miscellaneous":""},"schema":{"@context":"https:\/\/schema.org","@graph":[{"@type":"BlogPosting","@id":"https:\/\/www.eldigitaldeasturias.com\/noticias\/360-grados-en-moto-desde-el-norte-del-norte\/#blogposting","name":"\u00bf360 GRADOS en moto desde el norte del norte? - El Digital de Asturias","headline":"\u00bf360 GRADOS en moto desde el norte del norte?","author":{"@id":"https:\/\/www.eldigitaldeasturias.com\/noticias\/author\/admin\/#author"},"publisher":{"@id":"https:\/\/www.eldigitaldeasturias.com\/noticias\/#organization"},"image":{"@type":"ImageObject","url":"https:\/\/www.eldigitaldeasturias.com\/noticias\/wp-content\/uploads\/2017\/02\/Alaska-Alicia.jpg","width":1280,"height":718},"datePublished":"2017-02-22T15:11:46+01:00","dateModified":"2017-02-22T20:51:29+01:00","inLanguage":"es-ES","mainEntityOfPage":{"@id":"https:\/\/www.eldigitaldeasturias.com\/noticias\/360-grados-en-moto-desde-el-norte-del-norte\/#webpage"},"isPartOf":{"@id":"https:\/\/www.eldigitaldeasturias.com\/noticias\/360-grados-en-moto-desde-el-norte-del-norte\/#webpage"},"articleSection":"Entrevistas"},{"@type":"BreadcrumbList","@id":"https:\/\/www.eldigitaldeasturias.com\/noticias\/360-grados-en-moto-desde-el-norte-del-norte\/#breadcrumblist","itemListElement":[{"@type":"ListItem","@id":"https:\/\/www.eldigitaldeasturias.com\/noticias#listItem","position":1,"name":"Home","item":"https:\/\/www.eldigitaldeasturias.com\/noticias","nextItem":{"@type":"ListItem","@id":"https:\/\/www.eldigitaldeasturias.com\/noticias\/category\/entrevistas\/#listItem","name":"Entrevistas"}},{"@type":"ListItem","@id":"https:\/\/www.eldigitaldeasturias.com\/noticias\/category\/entrevistas\/#listItem","position":2,"name":"Entrevistas","item":"https:\/\/www.eldigitaldeasturias.com\/noticias\/category\/entrevistas\/","nextItem":{"@type":"ListItem","@id":"https:\/\/www.eldigitaldeasturias.com\/noticias\/360-grados-en-moto-desde-el-norte-del-norte\/#listItem","name":"\u00bf360 GRADOS en moto desde el norte del norte?"},"previousItem":{"@type":"ListItem","@id":"https:\/\/www.eldigitaldeasturias.com\/noticias#listItem","name":"Home"}},{"@type":"ListItem","@id":"https:\/\/www.eldigitaldeasturias.com\/noticias\/360-grados-en-moto-desde-el-norte-del-norte\/#listItem","position":3,"name":"\u00bf360 GRADOS en moto desde el norte del norte?","previousItem":{"@type":"ListItem","@id":"https:\/\/www.eldigitaldeasturias.com\/noticias\/category\/entrevistas\/#listItem","name":"Entrevistas"}}]},{"@type":"Organization","@id":"https:\/\/www.eldigitaldeasturias.com\/noticias\/#organization","name":"El Digital de Asturias","description":"Hemeroteca","url":"https:\/\/www.eldigitaldeasturias.com\/noticias\/","email":"info@eldigitaldeasturias.com","telephone":"+34652131393","logo":{"@type":"ImageObject","url":"https:\/\/www.eldigitaldeasturias.com\/noticias\/wp-content\/uploads\/2020\/12\/EDA.jpg","@id":"https:\/\/www.eldigitaldeasturias.com\/noticias\/360-grados-en-moto-desde-el-norte-del-norte\/#organizationLogo","width":649,"height":297},"image":{"@id":"https:\/\/www.eldigitaldeasturias.com\/noticias\/360-grados-en-moto-desde-el-norte-del-norte\/#organizationLogo"},"sameAs":["https:\/\/facebook.com\/eldigitaldeasturias","https:\/\/www.youtube.com\/channel\/UCZP-2wLEB9Rv6erhFmqVnvg"],"address":{"@id":"https:\/\/www.eldigitaldeasturias.com\/noticias\/#postaladdress","@type":"PostalAddress","streetAddress":"san antonio 4,","postalCode":"33430","addressLocality":"Cand\u00e1s","addressRegion":"Asturias","addressCountry":"ES"}},{"@type":"Person","@id":"https:\/\/www.eldigitaldeasturias.com\/noticias\/author\/admin\/#author","url":"https:\/\/www.eldigitaldeasturias.com\/noticias\/author\/admin\/","name":"El Digital de Asturias","image":{"@type":"ImageObject","@id":"https:\/\/www.eldigitaldeasturias.com\/noticias\/360-grados-en-moto-desde-el-norte-del-norte\/#authorImage","url":"https:\/\/www.eldigitaldeasturias.com\/noticias\/wp-content\/litespeed\/avatar\/18677e78aa0546b92d9dbf31ec7d7668.jpg?ver=1777290358","width":96,"height":96,"caption":"El Digital de Asturias"}},{"@type":"WebPage","@id":"https:\/\/www.eldigitaldeasturias.com\/noticias\/360-grados-en-moto-desde-el-norte-del-norte\/#webpage","url":"https:\/\/www.eldigitaldeasturias.com\/noticias\/360-grados-en-moto-desde-el-norte-del-norte\/","name":"\u00bf360 GRADOS en moto desde el norte del norte? - El Digital de Asturias","description":"Entrevistamos a Alicia Sornosa, periodista del motor y moto viajera que presenta su libro \u201c360 grados\u201d, una mujer, una moto y el mundo por delante. Es el apasionante relato de Sof\u00eda, una aventurera decidida que con su moto acompa\u00f1\u00f3 a Pedro, su amor, hasta que \u00e9ste se desvaneci\u00f3 y la cruda realidad se interpuso en","inLanguage":"es-ES","isPartOf":{"@id":"https:\/\/www.eldigitaldeasturias.com\/noticias\/#website"},"breadcrumb":{"@id":"https:\/\/www.eldigitaldeasturias.com\/noticias\/360-grados-en-moto-desde-el-norte-del-norte\/#breadcrumblist"},"author":{"@id":"https:\/\/www.eldigitaldeasturias.com\/noticias\/author\/admin\/#author"},"creator":{"@id":"https:\/\/www.eldigitaldeasturias.com\/noticias\/author\/admin\/#author"},"image":{"@type":"ImageObject","url":"https:\/\/www.eldigitaldeasturias.com\/noticias\/wp-content\/uploads\/2017\/02\/Alaska-Alicia.jpg","@id":"https:\/\/www.eldigitaldeasturias.com\/noticias\/360-grados-en-moto-desde-el-norte-del-norte\/#mainImage","width":1280,"height":718},"primaryImageOfPage":{"@id":"https:\/\/www.eldigitaldeasturias.com\/noticias\/360-grados-en-moto-desde-el-norte-del-norte\/#mainImage"},"datePublished":"2017-02-22T15:11:46+01:00","dateModified":"2017-02-22T20:51:29+01:00"},{"@type":"WebSite","@id":"https:\/\/www.eldigitaldeasturias.com\/noticias\/#website","url":"https:\/\/www.eldigitaldeasturias.com\/noticias\/","name":"El Digital de Asturias - Diario de actualidad y noticias","alternateName":"El Digital de Asturias - Diario de actualidad y noticias","description":"Hemeroteca","inLanguage":"es-ES","publisher":{"@id":"https:\/\/www.eldigitaldeasturias.com\/noticias\/#organization"}}]},"og:locale":"es_ES","og:site_name":"El Digital de Asturias","og:type":"article","og:title":"\u00bf360 GRADOS en moto desde el norte del norte? - El Digital de Asturias","og:description":"Entrevistamos a Alicia Sornosa, periodista del motor y moto viajera que presenta su libro \u201c360 grados\u201d, una mujer, una moto y el mundo por delante. Es el apasionante relato de Sof\u00eda, una aventurera decidida que con su moto acompa\u00f1\u00f3 a Pedro, su amor, hasta que \u00e9ste se desvaneci\u00f3 y la cruda realidad se interpuso en","og:url":"https:\/\/www.eldigitaldeasturias.com\/noticias\/360-grados-en-moto-desde-el-norte-del-norte\/","og:image":"https:\/\/www.eldigitaldeasturias.com\/noticias\/wp-content\/uploads\/2017\/02\/Alaska-Alicia.jpg","og:image:secure_url":"https:\/\/www.eldigitaldeasturias.com\/noticias\/wp-content\/uploads\/2017\/02\/Alaska-Alicia.jpg","og:image:width":1280,"og:image:height":718,"article:tag":["entrevistas"],"article:published_time":"2017-02-22T15:11:46+00:00","article:modified_time":"2017-02-22T20:51:29+00:00","article:publisher":"https:\/\/facebook.com\/eldigitaldeasturias","twitter:card":"summary_large_image","twitter:title":"\u00bf360 GRADOS en moto desde el norte del norte? - El Digital de Asturias","twitter:description":"Entrevistamos a Alicia Sornosa, periodista del motor y moto viajera que presenta su libro \u201c360 grados\u201d, una mujer, una moto y el mundo por delante. Es el apasionante relato de Sof\u00eda, una aventurera decidida que con su moto acompa\u00f1\u00f3 a Pedro, su amor, hasta que \u00e9ste se desvaneci\u00f3 y la cruda realidad se interpuso en","twitter:image":"https:\/\/www.eldigitaldeasturias.com\/noticias\/wp-content\/uploads\/2017\/02\/Alaska-Alicia.jpg","twitter:label1":"Escrito por","twitter:data1":"El Digital de Asturias","twitter:label2":"Tiempo de lectura estimado","twitter:data2":"8 minutos"},"aioseo_meta_data":{"post_id":"926945","title":null,"description":null,"keywords":null,"keyphrases":null,"primary_term":null,"canonical_url":null,"og_title":null,"og_description":null,"og_object_type":"default","og_image_type":"default","og_image_url":null,"og_image_width":null,"og_image_height":null,"og_image_custom_url":null,"og_image_custom_fields":null,"og_video":null,"og_custom_url":null,"og_article_section":null,"og_article_tags":null,"twitter_use_og":false,"twitter_card":"default","twitter_image_type":"default","twitter_image_url":null,"twitter_image_custom_url":null,"twitter_image_custom_fields":null,"twitter_title":null,"twitter_description":null,"schema":{"blockGraphs":[],"customGraphs":[],"default":{"data":{"Article":[],"Course":[],"Dataset":[],"FAQPage":[],"Movie":[],"Person":[],"Product":[],"ProductReview":[],"Car":[],"Recipe":[],"Service":[],"SoftwareApplication":[],"WebPage":[]},"graphName":"","isEnabled":true},"graphs":[],"defaultGraph":"","defaultPostTypeGraph":""},"schema_type":null,"schema_type_options":null,"pillar_content":false,"robots_default":true,"robots_noindex":false,"robots_noarchive":false,"robots_nosnippet":false,"robots_nofollow":false,"robots_noimageindex":false,"robots_noodp":false,"robots_notranslate":false,"robots_max_snippet":null,"robots_max_videopreview":null,"robots_max_imagepreview":"large","priority":null,"frequency":null,"local_seo":null,"seo_analyzer_scan_date":"2025-12-03 08:40:08","breadcrumb_settings":null,"limit_modified_date":false,"open_ai":null,"ai":null,"created":"2020-12-21 13:37:37","updated":"2025-12-03 08:40:08"},"aioseo_breadcrumb":"<div class=\"aioseo-breadcrumbs\"><span class=\"aioseo-breadcrumb\">\n\t<a href=\"https:\/\/www.eldigitaldeasturias.com\/noticias\" title=\"Home\">Home<\/a>\n<\/span><span class=\"aioseo-breadcrumb-separator\">\u2013<\/span><span class=\"aioseo-breadcrumb\">\n\t<a href=\"https:\/\/www.eldigitaldeasturias.com\/noticias\/category\/entrevistas\/\" title=\"Entrevistas\">Entrevistas<\/a>\n<\/span><span class=\"aioseo-breadcrumb-separator\">\u2013<\/span><span class=\"aioseo-breadcrumb\">\n\t<a href=\"https:\/\/www.eldigitaldeasturias.com\/noticias\/360-grados-en-moto-desde-el-norte-del-norte\/\" title=\"\u00bf360 GRADOS en moto desde el norte del norte?\">\u00bf360 GRADOS en moto desde el norte del norte?<\/a>\n<\/span><\/div>","aioseo_breadcrumb_json":[{"label":"Home","link":"https:\/\/www.eldigitaldeasturias.com\/noticias"},{"label":"Entrevistas","link":"https:\/\/www.eldigitaldeasturias.com\/noticias\/category\/entrevistas\/"},{"label":"\u00bf360 GRADOS en moto desde el norte del norte?","link":"https:\/\/www.eldigitaldeasturias.com\/noticias\/360-grados-en-moto-desde-el-norte-del-norte\/"}],"_links":{"self":[{"href":"https:\/\/www.eldigitaldeasturias.com\/noticias\/wp-json\/wp\/v2\/posts\/926945","targetHints":{"allow":["GET"]}}],"collection":[{"href":"https:\/\/www.eldigitaldeasturias.com\/noticias\/wp-json\/wp\/v2\/posts"}],"about":[{"href":"https:\/\/www.eldigitaldeasturias.com\/noticias\/wp-json\/wp\/v2\/types\/post"}],"author":[{"embeddable":true,"href":"https:\/\/www.eldigitaldeasturias.com\/noticias\/wp-json\/wp\/v2\/users\/1"}],"replies":[{"embeddable":true,"href":"https:\/\/www.eldigitaldeasturias.com\/noticias\/wp-json\/wp\/v2\/comments?post=926945"}],"version-history":[{"count":0,"href":"https:\/\/www.eldigitaldeasturias.com\/noticias\/wp-json\/wp\/v2\/posts\/926945\/revisions"}],"wp:featuredmedia":[{"embeddable":true,"href":"https:\/\/www.eldigitaldeasturias.com\/noticias\/wp-json\/wp\/v2\/media\/926946"}],"wp:attachment":[{"href":"https:\/\/www.eldigitaldeasturias.com\/noticias\/wp-json\/wp\/v2\/media?parent=926945"}],"wp:term":[{"taxonomy":"category","embeddable":true,"href":"https:\/\/www.eldigitaldeasturias.com\/noticias\/wp-json\/wp\/v2\/categories?post=926945"},{"taxonomy":"post_tag","embeddable":true,"href":"https:\/\/www.eldigitaldeasturias.com\/noticias\/wp-json\/wp\/v2\/tags?post=926945"}],"curies":[{"name":"wp","href":"https:\/\/api.w.org\/{rel}","templated":true}]}}