{"id":926818,"date":"2017-02-20T23:51:49","date_gmt":"2017-02-20T23:51:49","guid":{"rendered":"http:\/\/www.eldigitaldeasturias.com\/noticias\/?p=926818"},"modified":"2017-02-20T23:51:49","modified_gmt":"2017-02-20T23:51:49","slug":"alvarez-y-lopez-asenjo-se-reunen-en-oviedo","status":"publish","type":"post","link":"https:\/\/www.eldigitaldeasturias.com\/noticias\/alvarez-y-lopez-asenjo-se-reunen-en-oviedo\/","title":{"rendered":"\u00c1lvarez y L\u00f3pez-Asenjo se re\u00fanen en Oviedo"},"content":{"rendered":"<p><img loading=\"lazy\" decoding=\"async\" class=\"alignleft size-medium wp-image-926819\" src=\"https:\/\/www.eldigitaldeasturias.com\/noticias\/wp-content\/uploads\/2017\/02\/Pesca-360x240.jpg\" alt=\"\" width=\"360\" height=\"240\" srcset=\"https:\/\/www.eldigitaldeasturias.com\/noticias\/wp-content\/uploads\/2017\/02\/Pesca-360x240.jpg 360w, https:\/\/www.eldigitaldeasturias.com\/noticias\/wp-content\/uploads\/2017\/02\/Pesca-768x512.jpg 768w, https:\/\/www.eldigitaldeasturias.com\/noticias\/wp-content\/uploads\/2017\/02\/Pesca-650x433.jpg 650w, https:\/\/www.eldigitaldeasturias.com\/noticias\/wp-content\/uploads\/2017\/02\/Pesca-84x55.jpg 84w, https:\/\/www.eldigitaldeasturias.com\/noticias\/wp-content\/uploads\/2017\/02\/Pesca-49x32.jpg 49w, https:\/\/www.eldigitaldeasturias.com\/noticias\/wp-content\/uploads\/2017\/02\/Pesca.jpg 1280w\" sizes=\"auto, (max-width: 360px) 100vw, 360px\" \/>La consejera de Desarrollo Rural y Recursos Naturales del Principado de Asturias, <strong>Mar\u00eda Jes\u00fas \u00c1lvarez<\/strong>, ha exigido hoy al secretario general de Pesca, Alberto <strong>L\u00f3pez-Asenjo<\/strong>, la devoluci\u00f3n, en la actual campa\u00f1a, de las 463 toneladas de caballa descontadas a la flota asturiana en 2015, y ha invocado para ello la sentencia firme, emitida en junio de 2016, del Tribunal de Justicia de Madrid. L\u00f3pez-Asenjo se ha comprometido \u201ca estudiarlo y a verificar que es posible este resarcimiento, tanto desde el punto de vista jur\u00eddico como t\u00e9cnico\u201d, ha explicado la consejera.<\/p>\n<p>Adem\u00e1s, \u00c1lvarez y L\u00f3pez-Asenjo, que<strong> han celebrado hoy una reuni\u00f3n en Oviedo<\/strong>, han acordado abrir una negociaci\u00f3n con el resto de las comunidades aut\u00f3nomas del caladero Cant\u00e1brico noroeste \u2013Galicia, Cantabria y Pa\u00eds Vasco- para modificar el reparto de la cuota de la xarda y entre los distintos artes de pesca.<\/p>\n<p>La consejera ha recordado a Asenjo que el reparto de este cupo ya ha sido objeto de cuatro recursos interpuestos por el Gobierno de Asturias (tres ante la Audiencia Nacional y uno ante el Tribunal Superior de Justicia de Madrid) por considerarlo arbitrario, asim\u00e9trico, injusto y muy perjudicial para la flota asturiana. Tambi\u00e9n ha solicitado la modificaci\u00f3n del reparto para la flota de artes menores, cuya principal especie objetivo es la merluza, que agota su cuota anual y tiene que recurrir al anticipo de la del a\u00f1o siguiente.<\/p>\n<p>\u201cNos hemos emplazado a un foro abierto en el que tendr\u00e1n que participar todas las comunidades implicadas, las federaciones de cofrad\u00edas y los responsables de los diferentes artes de pesca\u201d, ha se\u00f1alado la consejera, que ha precisado que en el encuentro de hoy no se han abordado \u201ca fondo\u201d estos asuntos \u201cporque requieren de un acuerdo del resto de autonom\u00edas. \u201cPor lo tanto, ser\u00e1 una negociaci\u00f3n que se abrir\u00e1 pensando en la campa\u00f1a de 2018\u201d, ha agregado.<\/p>\n<p>Para el conjunto de especies repartidas en el plan de gesti\u00f3n del caladero cant\u00e1brico noroeste, \u00c1lvarez ha pedido un seguimiento puntual de los consumos de cuota por arte, distribuyendo \u00e1gil y eficazmente los excedentes en el \u00faltimo trimestre de cada a\u00f1o. Tambi\u00e9n ha planteado la necesidad de revisar el propio plan, algo a lo que se comprometi\u00f3 en su d\u00eda el exministro Miguel Arias Ca\u00f1ete, y que debe abarcar, entre otros aspectos, los consumos por artes, especies y provincias; el estudio del impacto socioecon\u00f3mico por flotas y el listado de especies objetivo y per\u00edodo de actividad.<\/p>\n<p>La titular de Desarrollo Rural ha agradecido la actitud \u201cdialogante, abierta y constructiva\u201d de L\u00f3pez-Asenjo respecto a los problemas que padece la pesquer\u00eda en Asturias, as\u00ed como su \u201cdisposici\u00f3n a ir avanzando en las cuestiones que preocupan al Principado\u201d.<\/p>\n<p>&nbsp;<\/p>\n","protected":false},"excerpt":{"rendered":"<p>La consejera de Desarrollo Rural y Recursos Naturales del Principado de Asturias, Mar\u00eda Jes\u00fas \u00c1lvarez, ha exigido hoy al secretario general de Pesca, Alberto L\u00f3pez-Asenjo, la devoluci\u00f3n, en la actual campa\u00f1a, de las 463 toneladas de caballa descontadas a la flota asturiana en 2015, y ha invocado para ello la sentencia firme, emitida en junio [&hellip;]<\/p>\n","protected":false},"author":1,"featured_media":926819,"comment_status":"closed","ping_status":"closed","sticky":false,"template":"","format":"standard","meta":{"footnotes":""},"categories":[141],"tags":[],"class_list":["post-926818","post","type-post","status-publish","format-standard","has-post-thumbnail","hentry","category-destacadas"],"aioseo_notices":[],"aioseo_head":"\n\t\t<!-- All in One SEO Pro 4.9.6.2 - aioseo.com -->\n\t<meta name=\"description\" content=\"La consejera de Desarrollo Rural y Recursos Naturales del Principado de Asturias, Mar\u00eda Jes\u00fas \u00c1lvarez, ha exigido hoy al secretario general de Pesca, Alberto L\u00f3pez-Asenjo, la devoluci\u00f3n, en la actual campa\u00f1a, de las 463 toneladas de caballa descontadas a la flota asturiana en 2015, y ha invocado para ello la sentencia firme, emitida en junio\" \/>\n\t<meta name=\"robots\" content=\"max-image-preview:large\" \/>\n\t<meta name=\"author\" content=\"El Digital de Asturias\"\/>\n\t<meta name=\"google-site-verification\" content=\"UA-38556648-1\" \/>\n\t<meta name=\"msvalidate.01\" content=\"7dfe9f3f1b24437ab69f4f2559babe99\" \/>\n\t<meta name=\"keywords\" content=\"destacadas\" \/>\n\t<link rel=\"canonical\" href=\"https:\/\/www.eldigitaldeasturias.com\/noticias\/alvarez-y-lopez-asenjo-se-reunen-en-oviedo\/\" \/>\n\t<meta name=\"generator\" content=\"All in One SEO Pro (AIOSEO) 4.9.6.2\" \/>\n\t\t<meta property=\"og:locale\" content=\"es_ES\" \/>\n\t\t<meta property=\"og:site_name\" content=\"El Digital de Asturias\" \/>\n\t\t<meta property=\"og:type\" content=\"article\" \/>\n\t\t<meta property=\"og:title\" content=\"\u00c1lvarez y L\u00f3pez-Asenjo se re\u00fanen en Oviedo - El Digital de Asturias\" \/>\n\t\t<meta property=\"og:description\" content=\"La consejera de Desarrollo Rural y Recursos Naturales del Principado de Asturias, Mar\u00eda Jes\u00fas \u00c1lvarez, ha exigido hoy al secretario general de Pesca, Alberto L\u00f3pez-Asenjo, la devoluci\u00f3n, en la actual campa\u00f1a, de las 463 toneladas de caballa descontadas a la flota asturiana en 2015, y ha invocado para ello la sentencia firme, emitida en junio\" \/>\n\t\t<meta property=\"og:url\" content=\"https:\/\/www.eldigitaldeasturias.com\/noticias\/alvarez-y-lopez-asenjo-se-reunen-en-oviedo\/\" \/>\n\t\t<meta property=\"og:image\" content=\"https:\/\/www.eldigitaldeasturias.com\/noticias\/wp-content\/uploads\/2017\/02\/Pesca.jpg\" \/>\n\t\t<meta property=\"og:image:secure_url\" content=\"https:\/\/www.eldigitaldeasturias.com\/noticias\/wp-content\/uploads\/2017\/02\/Pesca.jpg\" \/>\n\t\t<meta property=\"og:image:width\" content=\"1280\" \/>\n\t\t<meta property=\"og:image:height\" content=\"853\" \/>\n\t\t<meta property=\"article:tag\" content=\"destacadas\" \/>\n\t\t<meta property=\"article:published_time\" content=\"2017-02-20T23:51:49+00:00\" \/>\n\t\t<meta property=\"article:modified_time\" content=\"2017-02-20T23:51:49+00:00\" \/>\n\t\t<meta property=\"article:publisher\" content=\"https:\/\/facebook.com\/eldigitaldeasturias\" \/>\n\t\t<meta name=\"twitter:card\" content=\"summary_large_image\" \/>\n\t\t<meta name=\"twitter:title\" content=\"\u00c1lvarez y L\u00f3pez-Asenjo se re\u00fanen en Oviedo - El Digital de Asturias\" \/>\n\t\t<meta name=\"twitter:description\" content=\"La consejera de Desarrollo Rural y Recursos Naturales del Principado de Asturias, Mar\u00eda Jes\u00fas \u00c1lvarez, ha exigido hoy al secretario general de Pesca, Alberto L\u00f3pez-Asenjo, la devoluci\u00f3n, en la actual campa\u00f1a, de las 463 toneladas de caballa descontadas a la flota asturiana en 2015, y ha invocado para ello la sentencia firme, emitida en junio\" \/>\n\t\t<meta name=\"twitter:image\" content=\"https:\/\/www.eldigitaldeasturias.com\/noticias\/wp-content\/uploads\/2017\/02\/Pesca.jpg\" \/>\n\t\t<meta name=\"twitter:label1\" content=\"Escrito por\" \/>\n\t\t<meta name=\"twitter:data1\" content=\"El Digital de Asturias\" \/>\n\t\t<meta name=\"twitter:label2\" content=\"Tiempo de lectura estimado\" \/>\n\t\t<meta name=\"twitter:data2\" content=\"2 minutos\" \/>\n\t\t<script type=\"application\/ld+json\" class=\"aioseo-schema\">\n\t\t\t{\"@context\":\"https:\\\/\\\/schema.org\",\"@graph\":[{\"@type\":\"BlogPosting\",\"@id\":\"https:\\\/\\\/www.eldigitaldeasturias.com\\\/noticias\\\/alvarez-y-lopez-asenjo-se-reunen-en-oviedo\\\/#blogposting\",\"name\":\"\\u00c1lvarez y L\\u00f3pez-Asenjo se re\\u00fanen en Oviedo - El Digital de Asturias\",\"headline\":\"\\u00c1lvarez y L\\u00f3pez-Asenjo se re\\u00fanen en Oviedo\",\"author\":{\"@id\":\"https:\\\/\\\/www.eldigitaldeasturias.com\\\/noticias\\\/author\\\/admin\\\/#author\"},\"publisher\":{\"@id\":\"https:\\\/\\\/www.eldigitaldeasturias.com\\\/noticias\\\/#organization\"},\"image\":{\"@type\":\"ImageObject\",\"url\":\"https:\\\/\\\/www.eldigitaldeasturias.com\\\/noticias\\\/wp-content\\\/uploads\\\/2017\\\/02\\\/Pesca.jpg\",\"width\":1280,\"height\":853},\"datePublished\":\"2017-02-20T23:51:49+01:00\",\"dateModified\":\"2017-02-20T23:51:49+01:00\",\"inLanguage\":\"es-ES\",\"mainEntityOfPage\":{\"@id\":\"https:\\\/\\\/www.eldigitaldeasturias.com\\\/noticias\\\/alvarez-y-lopez-asenjo-se-reunen-en-oviedo\\\/#webpage\"},\"isPartOf\":{\"@id\":\"https:\\\/\\\/www.eldigitaldeasturias.com\\\/noticias\\\/alvarez-y-lopez-asenjo-se-reunen-en-oviedo\\\/#webpage\"},\"articleSection\":\"Destacadas\"},{\"@type\":\"BreadcrumbList\",\"@id\":\"https:\\\/\\\/www.eldigitaldeasturias.com\\\/noticias\\\/alvarez-y-lopez-asenjo-se-reunen-en-oviedo\\\/#breadcrumblist\",\"itemListElement\":[{\"@type\":\"ListItem\",\"@id\":\"https:\\\/\\\/www.eldigitaldeasturias.com\\\/noticias#listItem\",\"position\":1,\"name\":\"Home\",\"item\":\"https:\\\/\\\/www.eldigitaldeasturias.com\\\/noticias\",\"nextItem\":{\"@type\":\"ListItem\",\"@id\":\"https:\\\/\\\/www.eldigitaldeasturias.com\\\/noticias\\\/category\\\/destacadas\\\/#listItem\",\"name\":\"Destacadas\"}},{\"@type\":\"ListItem\",\"@id\":\"https:\\\/\\\/www.eldigitaldeasturias.com\\\/noticias\\\/category\\\/destacadas\\\/#listItem\",\"position\":2,\"name\":\"Destacadas\",\"item\":\"https:\\\/\\\/www.eldigitaldeasturias.com\\\/noticias\\\/category\\\/destacadas\\\/\",\"nextItem\":{\"@type\":\"ListItem\",\"@id\":\"https:\\\/\\\/www.eldigitaldeasturias.com\\\/noticias\\\/alvarez-y-lopez-asenjo-se-reunen-en-oviedo\\\/#listItem\",\"name\":\"\\u00c1lvarez y L\\u00f3pez-Asenjo se re\\u00fanen en Oviedo\"},\"previousItem\":{\"@type\":\"ListItem\",\"@id\":\"https:\\\/\\\/www.eldigitaldeasturias.com\\\/noticias#listItem\",\"name\":\"Home\"}},{\"@type\":\"ListItem\",\"@id\":\"https:\\\/\\\/www.eldigitaldeasturias.com\\\/noticias\\\/alvarez-y-lopez-asenjo-se-reunen-en-oviedo\\\/#listItem\",\"position\":3,\"name\":\"\\u00c1lvarez y L\\u00f3pez-Asenjo se re\\u00fanen en Oviedo\",\"previousItem\":{\"@type\":\"ListItem\",\"@id\":\"https:\\\/\\\/www.eldigitaldeasturias.com\\\/noticias\\\/category\\\/destacadas\\\/#listItem\",\"name\":\"Destacadas\"}}]},{\"@type\":\"Organization\",\"@id\":\"https:\\\/\\\/www.eldigitaldeasturias.com\\\/noticias\\\/#organization\",\"name\":\"El Digital de Asturias\",\"description\":\"Hemeroteca\",\"url\":\"https:\\\/\\\/www.eldigitaldeasturias.com\\\/noticias\\\/\",\"email\":\"info@eldigitaldeasturias.com\",\"telephone\":\"+34652131393\",\"logo\":{\"@type\":\"ImageObject\",\"url\":\"https:\\\/\\\/www.eldigitaldeasturias.com\\\/noticias\\\/wp-content\\\/uploads\\\/2020\\\/12\\\/EDA.jpg\",\"@id\":\"https:\\\/\\\/www.eldigitaldeasturias.com\\\/noticias\\\/alvarez-y-lopez-asenjo-se-reunen-en-oviedo\\\/#organizationLogo\",\"width\":649,\"height\":297},\"image\":{\"@id\":\"https:\\\/\\\/www.eldigitaldeasturias.com\\\/noticias\\\/alvarez-y-lopez-asenjo-se-reunen-en-oviedo\\\/#organizationLogo\"},\"sameAs\":[\"https:\\\/\\\/facebook.com\\\/eldigitaldeasturias\",\"https:\\\/\\\/www.youtube.com\\\/channel\\\/UCZP-2wLEB9Rv6erhFmqVnvg\"],\"address\":{\"@id\":\"https:\\\/\\\/www.eldigitaldeasturias.com\\\/noticias\\\/#postaladdress\",\"@type\":\"PostalAddress\",\"streetAddress\":\"san antonio 4,\",\"postalCode\":\"33430\",\"addressLocality\":\"Cand\\u00e1s\",\"addressRegion\":\"Asturias\",\"addressCountry\":\"ES\"}},{\"@type\":\"Person\",\"@id\":\"https:\\\/\\\/www.eldigitaldeasturias.com\\\/noticias\\\/author\\\/admin\\\/#author\",\"url\":\"https:\\\/\\\/www.eldigitaldeasturias.com\\\/noticias\\\/author\\\/admin\\\/\",\"name\":\"El Digital de Asturias\",\"image\":{\"@type\":\"ImageObject\",\"@id\":\"https:\\\/\\\/www.eldigitaldeasturias.com\\\/noticias\\\/alvarez-y-lopez-asenjo-se-reunen-en-oviedo\\\/#authorImage\",\"url\":\"https:\\\/\\\/www.eldigitaldeasturias.com\\\/noticias\\\/wp-content\\\/litespeed\\\/avatar\\\/18677e78aa0546b92d9dbf31ec7d7668.jpg?ver=1777290358\",\"width\":96,\"height\":96,\"caption\":\"El Digital de Asturias\"}},{\"@type\":\"WebPage\",\"@id\":\"https:\\\/\\\/www.eldigitaldeasturias.com\\\/noticias\\\/alvarez-y-lopez-asenjo-se-reunen-en-oviedo\\\/#webpage\",\"url\":\"https:\\\/\\\/www.eldigitaldeasturias.com\\\/noticias\\\/alvarez-y-lopez-asenjo-se-reunen-en-oviedo\\\/\",\"name\":\"\\u00c1lvarez y L\\u00f3pez-Asenjo se re\\u00fanen en Oviedo - El Digital de Asturias\",\"description\":\"La consejera de Desarrollo Rural y Recursos Naturales del Principado de Asturias, Mar\\u00eda Jes\\u00fas \\u00c1lvarez, ha exigido hoy al secretario general de Pesca, Alberto L\\u00f3pez-Asenjo, la devoluci\\u00f3n, en la actual campa\\u00f1a, de las 463 toneladas de caballa descontadas a la flota asturiana en 2015, y ha invocado para ello la sentencia firme, emitida en junio\",\"inLanguage\":\"es-ES\",\"isPartOf\":{\"@id\":\"https:\\\/\\\/www.eldigitaldeasturias.com\\\/noticias\\\/#website\"},\"breadcrumb\":{\"@id\":\"https:\\\/\\\/www.eldigitaldeasturias.com\\\/noticias\\\/alvarez-y-lopez-asenjo-se-reunen-en-oviedo\\\/#breadcrumblist\"},\"author\":{\"@id\":\"https:\\\/\\\/www.eldigitaldeasturias.com\\\/noticias\\\/author\\\/admin\\\/#author\"},\"creator\":{\"@id\":\"https:\\\/\\\/www.eldigitaldeasturias.com\\\/noticias\\\/author\\\/admin\\\/#author\"},\"image\":{\"@type\":\"ImageObject\",\"url\":\"https:\\\/\\\/www.eldigitaldeasturias.com\\\/noticias\\\/wp-content\\\/uploads\\\/2017\\\/02\\\/Pesca.jpg\",\"@id\":\"https:\\\/\\\/www.eldigitaldeasturias.com\\\/noticias\\\/alvarez-y-lopez-asenjo-se-reunen-en-oviedo\\\/#mainImage\",\"width\":1280,\"height\":853},\"primaryImageOfPage\":{\"@id\":\"https:\\\/\\\/www.eldigitaldeasturias.com\\\/noticias\\\/alvarez-y-lopez-asenjo-se-reunen-en-oviedo\\\/#mainImage\"},\"datePublished\":\"2017-02-20T23:51:49+01:00\",\"dateModified\":\"2017-02-20T23:51:49+01:00\"},{\"@type\":\"WebSite\",\"@id\":\"https:\\\/\\\/www.eldigitaldeasturias.com\\\/noticias\\\/#website\",\"url\":\"https:\\\/\\\/www.eldigitaldeasturias.com\\\/noticias\\\/\",\"name\":\"El Digital de Asturias - Diario de actualidad y noticias\",\"alternateName\":\"El Digital de Asturias - Diario de actualidad y noticias\",\"description\":\"Hemeroteca\",\"inLanguage\":\"es-ES\",\"publisher\":{\"@id\":\"https:\\\/\\\/www.eldigitaldeasturias.com\\\/noticias\\\/#organization\"}}]}\n\t\t<\/script>\n\t\t<!-- All in One SEO Pro -->\r\n\t\t<title>\u00c1lvarez y L\u00f3pez-Asenjo se re\u00fanen en Oviedo - El Digital de Asturias<\/title>\n\n","aioseo_head_json":{"title":"\u00c1lvarez y L\u00f3pez-Asenjo se re\u00fanen en Oviedo - El Digital de Asturias","description":"La consejera de Desarrollo Rural y Recursos Naturales del Principado de Asturias, Mar\u00eda Jes\u00fas \u00c1lvarez, ha exigido hoy al secretario general de Pesca, Alberto L\u00f3pez-Asenjo, la devoluci\u00f3n, en la actual campa\u00f1a, de las 463 toneladas de caballa descontadas a la flota asturiana en 2015, y ha invocado para ello la sentencia firme, emitida en junio","canonical_url":"https:\/\/www.eldigitaldeasturias.com\/noticias\/alvarez-y-lopez-asenjo-se-reunen-en-oviedo\/","robots":"max-image-preview:large","keywords":"destacadas","webmasterTools":{"google-site-verification":"UA-38556648-1","msvalidate.01":"7dfe9f3f1b24437ab69f4f2559babe99","miscellaneous":""},"schema":{"@context":"https:\/\/schema.org","@graph":[{"@type":"BlogPosting","@id":"https:\/\/www.eldigitaldeasturias.com\/noticias\/alvarez-y-lopez-asenjo-se-reunen-en-oviedo\/#blogposting","name":"\u00c1lvarez y L\u00f3pez-Asenjo se re\u00fanen en Oviedo - El Digital de Asturias","headline":"\u00c1lvarez y L\u00f3pez-Asenjo se re\u00fanen en Oviedo","author":{"@id":"https:\/\/www.eldigitaldeasturias.com\/noticias\/author\/admin\/#author"},"publisher":{"@id":"https:\/\/www.eldigitaldeasturias.com\/noticias\/#organization"},"image":{"@type":"ImageObject","url":"https:\/\/www.eldigitaldeasturias.com\/noticias\/wp-content\/uploads\/2017\/02\/Pesca.jpg","width":1280,"height":853},"datePublished":"2017-02-20T23:51:49+01:00","dateModified":"2017-02-20T23:51:49+01:00","inLanguage":"es-ES","mainEntityOfPage":{"@id":"https:\/\/www.eldigitaldeasturias.com\/noticias\/alvarez-y-lopez-asenjo-se-reunen-en-oviedo\/#webpage"},"isPartOf":{"@id":"https:\/\/www.eldigitaldeasturias.com\/noticias\/alvarez-y-lopez-asenjo-se-reunen-en-oviedo\/#webpage"},"articleSection":"Destacadas"},{"@type":"BreadcrumbList","@id":"https:\/\/www.eldigitaldeasturias.com\/noticias\/alvarez-y-lopez-asenjo-se-reunen-en-oviedo\/#breadcrumblist","itemListElement":[{"@type":"ListItem","@id":"https:\/\/www.eldigitaldeasturias.com\/noticias#listItem","position":1,"name":"Home","item":"https:\/\/www.eldigitaldeasturias.com\/noticias","nextItem":{"@type":"ListItem","@id":"https:\/\/www.eldigitaldeasturias.com\/noticias\/category\/destacadas\/#listItem","name":"Destacadas"}},{"@type":"ListItem","@id":"https:\/\/www.eldigitaldeasturias.com\/noticias\/category\/destacadas\/#listItem","position":2,"name":"Destacadas","item":"https:\/\/www.eldigitaldeasturias.com\/noticias\/category\/destacadas\/","nextItem":{"@type":"ListItem","@id":"https:\/\/www.eldigitaldeasturias.com\/noticias\/alvarez-y-lopez-asenjo-se-reunen-en-oviedo\/#listItem","name":"\u00c1lvarez y L\u00f3pez-Asenjo se re\u00fanen en Oviedo"},"previousItem":{"@type":"ListItem","@id":"https:\/\/www.eldigitaldeasturias.com\/noticias#listItem","name":"Home"}},{"@type":"ListItem","@id":"https:\/\/www.eldigitaldeasturias.com\/noticias\/alvarez-y-lopez-asenjo-se-reunen-en-oviedo\/#listItem","position":3,"name":"\u00c1lvarez y L\u00f3pez-Asenjo se re\u00fanen en Oviedo","previousItem":{"@type":"ListItem","@id":"https:\/\/www.eldigitaldeasturias.com\/noticias\/category\/destacadas\/#listItem","name":"Destacadas"}}]},{"@type":"Organization","@id":"https:\/\/www.eldigitaldeasturias.com\/noticias\/#organization","name":"El Digital de Asturias","description":"Hemeroteca","url":"https:\/\/www.eldigitaldeasturias.com\/noticias\/","email":"info@eldigitaldeasturias.com","telephone":"+34652131393","logo":{"@type":"ImageObject","url":"https:\/\/www.eldigitaldeasturias.com\/noticias\/wp-content\/uploads\/2020\/12\/EDA.jpg","@id":"https:\/\/www.eldigitaldeasturias.com\/noticias\/alvarez-y-lopez-asenjo-se-reunen-en-oviedo\/#organizationLogo","width":649,"height":297},"image":{"@id":"https:\/\/www.eldigitaldeasturias.com\/noticias\/alvarez-y-lopez-asenjo-se-reunen-en-oviedo\/#organizationLogo"},"sameAs":["https:\/\/facebook.com\/eldigitaldeasturias","https:\/\/www.youtube.com\/channel\/UCZP-2wLEB9Rv6erhFmqVnvg"],"address":{"@id":"https:\/\/www.eldigitaldeasturias.com\/noticias\/#postaladdress","@type":"PostalAddress","streetAddress":"san antonio 4,","postalCode":"33430","addressLocality":"Cand\u00e1s","addressRegion":"Asturias","addressCountry":"ES"}},{"@type":"Person","@id":"https:\/\/www.eldigitaldeasturias.com\/noticias\/author\/admin\/#author","url":"https:\/\/www.eldigitaldeasturias.com\/noticias\/author\/admin\/","name":"El Digital de Asturias","image":{"@type":"ImageObject","@id":"https:\/\/www.eldigitaldeasturias.com\/noticias\/alvarez-y-lopez-asenjo-se-reunen-en-oviedo\/#authorImage","url":"https:\/\/www.eldigitaldeasturias.com\/noticias\/wp-content\/litespeed\/avatar\/18677e78aa0546b92d9dbf31ec7d7668.jpg?ver=1777290358","width":96,"height":96,"caption":"El Digital de Asturias"}},{"@type":"WebPage","@id":"https:\/\/www.eldigitaldeasturias.com\/noticias\/alvarez-y-lopez-asenjo-se-reunen-en-oviedo\/#webpage","url":"https:\/\/www.eldigitaldeasturias.com\/noticias\/alvarez-y-lopez-asenjo-se-reunen-en-oviedo\/","name":"\u00c1lvarez y L\u00f3pez-Asenjo se re\u00fanen en Oviedo - El Digital de Asturias","description":"La consejera de Desarrollo Rural y Recursos Naturales del Principado de Asturias, Mar\u00eda Jes\u00fas \u00c1lvarez, ha exigido hoy al secretario general de Pesca, Alberto L\u00f3pez-Asenjo, la devoluci\u00f3n, en la actual campa\u00f1a, de las 463 toneladas de caballa descontadas a la flota asturiana en 2015, y ha invocado para ello la sentencia firme, emitida en junio","inLanguage":"es-ES","isPartOf":{"@id":"https:\/\/www.eldigitaldeasturias.com\/noticias\/#website"},"breadcrumb":{"@id":"https:\/\/www.eldigitaldeasturias.com\/noticias\/alvarez-y-lopez-asenjo-se-reunen-en-oviedo\/#breadcrumblist"},"author":{"@id":"https:\/\/www.eldigitaldeasturias.com\/noticias\/author\/admin\/#author"},"creator":{"@id":"https:\/\/www.eldigitaldeasturias.com\/noticias\/author\/admin\/#author"},"image":{"@type":"ImageObject","url":"https:\/\/www.eldigitaldeasturias.com\/noticias\/wp-content\/uploads\/2017\/02\/Pesca.jpg","@id":"https:\/\/www.eldigitaldeasturias.com\/noticias\/alvarez-y-lopez-asenjo-se-reunen-en-oviedo\/#mainImage","width":1280,"height":853},"primaryImageOfPage":{"@id":"https:\/\/www.eldigitaldeasturias.com\/noticias\/alvarez-y-lopez-asenjo-se-reunen-en-oviedo\/#mainImage"},"datePublished":"2017-02-20T23:51:49+01:00","dateModified":"2017-02-20T23:51:49+01:00"},{"@type":"WebSite","@id":"https:\/\/www.eldigitaldeasturias.com\/noticias\/#website","url":"https:\/\/www.eldigitaldeasturias.com\/noticias\/","name":"El Digital de Asturias - Diario de actualidad y noticias","alternateName":"El Digital de Asturias - Diario de actualidad y noticias","description":"Hemeroteca","inLanguage":"es-ES","publisher":{"@id":"https:\/\/www.eldigitaldeasturias.com\/noticias\/#organization"}}]},"og:locale":"es_ES","og:site_name":"El Digital de Asturias","og:type":"article","og:title":"\u00c1lvarez y L\u00f3pez-Asenjo se re\u00fanen en Oviedo - El Digital de Asturias","og:description":"La consejera de Desarrollo Rural y Recursos Naturales del Principado de Asturias, Mar\u00eda Jes\u00fas \u00c1lvarez, ha exigido hoy al secretario general de Pesca, Alberto L\u00f3pez-Asenjo, la devoluci\u00f3n, en la actual campa\u00f1a, de las 463 toneladas de caballa descontadas a la flota asturiana en 2015, y ha invocado para ello la sentencia firme, emitida en junio","og:url":"https:\/\/www.eldigitaldeasturias.com\/noticias\/alvarez-y-lopez-asenjo-se-reunen-en-oviedo\/","og:image":"https:\/\/www.eldigitaldeasturias.com\/noticias\/wp-content\/uploads\/2017\/02\/Pesca.jpg","og:image:secure_url":"https:\/\/www.eldigitaldeasturias.com\/noticias\/wp-content\/uploads\/2017\/02\/Pesca.jpg","og:image:width":1280,"og:image:height":853,"article:tag":["destacadas"],"article:published_time":"2017-02-20T23:51:49+00:00","article:modified_time":"2017-02-20T23:51:49+00:00","article:publisher":"https:\/\/facebook.com\/eldigitaldeasturias","twitter:card":"summary_large_image","twitter:title":"\u00c1lvarez y L\u00f3pez-Asenjo se re\u00fanen en Oviedo - El Digital de Asturias","twitter:description":"La consejera de Desarrollo Rural y Recursos Naturales del Principado de Asturias, Mar\u00eda Jes\u00fas \u00c1lvarez, ha exigido hoy al secretario general de Pesca, Alberto L\u00f3pez-Asenjo, la devoluci\u00f3n, en la actual campa\u00f1a, de las 463 toneladas de caballa descontadas a la flota asturiana en 2015, y ha invocado para ello la sentencia firme, emitida en junio","twitter:image":"https:\/\/www.eldigitaldeasturias.com\/noticias\/wp-content\/uploads\/2017\/02\/Pesca.jpg","twitter:label1":"Escrito por","twitter:data1":"El Digital de Asturias","twitter:label2":"Tiempo de lectura estimado","twitter:data2":"2 minutos"},"aioseo_meta_data":{"post_id":"926818","title":null,"description":null,"keywords":null,"keyphrases":null,"primary_term":null,"canonical_url":null,"og_title":null,"og_description":null,"og_object_type":"default","og_image_type":"default","og_image_url":null,"og_image_width":null,"og_image_height":null,"og_image_custom_url":null,"og_image_custom_fields":null,"og_video":null,"og_custom_url":null,"og_article_section":null,"og_article_tags":null,"twitter_use_og":false,"twitter_card":"default","twitter_image_type":"default","twitter_image_url":null,"twitter_image_custom_url":null,"twitter_image_custom_fields":null,"twitter_title":null,"twitter_description":null,"schema":{"blockGraphs":[],"customGraphs":[],"default":{"data":{"Article":[],"Course":[],"Dataset":[],"FAQPage":[],"Movie":[],"Person":[],"Product":[],"ProductReview":[],"Car":[],"Recipe":[],"Service":[],"SoftwareApplication":[],"WebPage":[]},"graphName":"","isEnabled":true},"graphs":[]},"schema_type":null,"schema_type_options":null,"pillar_content":false,"robots_default":true,"robots_noindex":false,"robots_noarchive":false,"robots_nosnippet":false,"robots_nofollow":false,"robots_noimageindex":false,"robots_noodp":false,"robots_notranslate":false,"robots_max_snippet":null,"robots_max_videopreview":null,"robots_max_imagepreview":"large","priority":null,"frequency":null,"local_seo":null,"seo_analyzer_scan_date":"2025-12-03 08:18:09","breadcrumb_settings":null,"limit_modified_date":false,"open_ai":null,"ai":null,"created":"2020-12-21 13:37:40","updated":"2025-12-03 08:18:09"},"aioseo_breadcrumb":"<div class=\"aioseo-breadcrumbs\"><span class=\"aioseo-breadcrumb\">\n\t<a href=\"https:\/\/www.eldigitaldeasturias.com\/noticias\" title=\"Home\">Home<\/a>\n<\/span><span class=\"aioseo-breadcrumb-separator\">\u2013<\/span><span class=\"aioseo-breadcrumb\">\n\t<a href=\"https:\/\/www.eldigitaldeasturias.com\/noticias\/category\/destacadas\/\" title=\"Destacadas\">Destacadas<\/a>\n<\/span><span class=\"aioseo-breadcrumb-separator\">\u2013<\/span><span class=\"aioseo-breadcrumb\">\n\t<a href=\"https:\/\/www.eldigitaldeasturias.com\/noticias\/alvarez-y-lopez-asenjo-se-reunen-en-oviedo\/\" title=\"\u00c1lvarez y L\u00f3pez-Asenjo se re\u00fanen en Oviedo\">\u00c1lvarez y L\u00f3pez-Asenjo se re\u00fanen en Oviedo<\/a>\n<\/span><\/div>","aioseo_breadcrumb_json":[{"label":"Home","link":"https:\/\/www.eldigitaldeasturias.com\/noticias"},{"label":"Destacadas","link":"https:\/\/www.eldigitaldeasturias.com\/noticias\/category\/destacadas\/"},{"label":"\u00c1lvarez y L\u00f3pez-Asenjo se re\u00fanen en Oviedo","link":"https:\/\/www.eldigitaldeasturias.com\/noticias\/alvarez-y-lopez-asenjo-se-reunen-en-oviedo\/"}],"_links":{"self":[{"href":"https:\/\/www.eldigitaldeasturias.com\/noticias\/wp-json\/wp\/v2\/posts\/926818","targetHints":{"allow":["GET"]}}],"collection":[{"href":"https:\/\/www.eldigitaldeasturias.com\/noticias\/wp-json\/wp\/v2\/posts"}],"about":[{"href":"https:\/\/www.eldigitaldeasturias.com\/noticias\/wp-json\/wp\/v2\/types\/post"}],"author":[{"embeddable":true,"href":"https:\/\/www.eldigitaldeasturias.com\/noticias\/wp-json\/wp\/v2\/users\/1"}],"replies":[{"embeddable":true,"href":"https:\/\/www.eldigitaldeasturias.com\/noticias\/wp-json\/wp\/v2\/comments?post=926818"}],"version-history":[{"count":0,"href":"https:\/\/www.eldigitaldeasturias.com\/noticias\/wp-json\/wp\/v2\/posts\/926818\/revisions"}],"wp:featuredmedia":[{"embeddable":true,"href":"https:\/\/www.eldigitaldeasturias.com\/noticias\/wp-json\/wp\/v2\/media\/926819"}],"wp:attachment":[{"href":"https:\/\/www.eldigitaldeasturias.com\/noticias\/wp-json\/wp\/v2\/media?parent=926818"}],"wp:term":[{"taxonomy":"category","embeddable":true,"href":"https:\/\/www.eldigitaldeasturias.com\/noticias\/wp-json\/wp\/v2\/categories?post=926818"},{"taxonomy":"post_tag","embeddable":true,"href":"https:\/\/www.eldigitaldeasturias.com\/noticias\/wp-json\/wp\/v2\/tags?post=926818"}],"curies":[{"name":"wp","href":"https:\/\/api.w.org\/{rel}","templated":true}]}}