{"id":926747,"date":"2017-02-20T12:36:59","date_gmt":"2017-02-20T12:36:59","guid":{"rendered":"http:\/\/www.eldigitaldeasturias.com\/noticias\/?p=926747"},"modified":"2017-02-20T12:36:59","modified_gmt":"2017-02-20T12:36:59","slug":"asturias-naturparadies-en-munich","status":"publish","type":"post","link":"https:\/\/www.eldigitaldeasturias.com\/noticias\/asturias-naturparadies-en-munich\/","title":{"rendered":"Asturias NaturParadies en M\u00fanich"},"content":{"rendered":"<p><img loading=\"lazy\" decoding=\"async\" class=\"alignleft size-medium wp-image-437263\" src=\"https:\/\/www.eldigitaldeasturias.com\/noticias\/wp-content\/uploads\/2013\/10\/picos-360x270.jpg\" alt=\"\" width=\"360\" height=\"270\" srcset=\"https:\/\/www.eldigitaldeasturias.com\/noticias\/wp-content\/uploads\/2013\/10\/picos-360x270.jpg 360w, https:\/\/www.eldigitaldeasturias.com\/noticias\/wp-content\/uploads\/2013\/10\/picos-400x300.jpg 400w, https:\/\/www.eldigitaldeasturias.com\/noticias\/wp-content\/uploads\/2013\/10\/picos.jpg 640w, https:\/\/www.eldigitaldeasturias.com\/noticias\/wp-content\/uploads\/2013\/10\/picos-20x15.jpg 20w\" sizes=\"auto, (max-width: 360px) 100vw, 360px\" \/>El Principado presentar\u00e1 sus recursos tur\u00edsticos bajo el lema Asturias NaturParadies en la feria de ocio y viajes F.RE.E que se celebrar\u00e1 en M\u00fanich entre el martes y el domingo de la pr\u00f3ximo semana.<\/p>\n<p>La participaci\u00f3n en este certamen, que congreg\u00f3 a 122.000 visitantes el a\u00f1o pasado, forma parte del Programa Operativo 2017 de Turismo que, a su vez, incluye una serie de acciones de promoci\u00f3n encaminadas a rentabilizar el vuelo directo con la capital b\u00e1vara que se pondr\u00e1 en marcha el 26 de mayo con dos conexiones semanales.<\/p>\n<p>El director general de Comercio y Turismo, Julio Gonz\u00e1lez Zapico, ha manifestado que el Principado \u201creforzar\u00e1 el posicionamiento en el mercado alem\u00e1n con esta nueva conexi\u00f3n a\u00e9rea\u201d. \u201cEl turismo alem\u00e1n tendr\u00e1 una oportunidad inigualable para conocer el Para\u00edso Natural, y nuestro objetivo es que lo visite\u201d, ha apuntado.<\/p>\n<p>Gonz\u00e1lez Zapico ha subrayado, asimismo, que la apertura de nuevas conexiones a\u00e9reas directas internacionales ha permitido impulsar el incremento del turismo extranjero, con un crecimiento del 13,5% en el n\u00famero de visitantes y del 22,1% en pernoctaciones el a\u00f1o pasado.<\/p>\n<p>Durante los cinco d\u00edas en los que se desarrollar\u00e1 la feria, el Principado impulsar\u00e1 encuentros con operadores, medios de comunicaci\u00f3n y grupos de especial inter\u00e9s. En relaci\u00f3n con estos \u00faltimos, se celebrar\u00e1 un encuentro con las distintas sociedades jacobeas de Baviera, ya que el mercado alem\u00e1n es el segundo en t\u00e9rminos de turistas internacionales que realizan el Camino de Santiago.<\/p>\n<p>Alemania es el segundo pa\u00eds que m\u00e1s turistas aporta a Asturias y el tercero en pernoctaciones. El \u00faltimo dato anual facilitado por el Instituto Nacional de Estad\u00edstica, correspondiente a 2015, muestra un incremento del n\u00famero de visitantes procedentes del pa\u00eds germano del 14,6% en relaci\u00f3n con el ejercicio anterior, porcentaje que asciende al 69,1% si se compara con los datos de 2011.<\/p>\n<p>&nbsp;<\/p>\n","protected":false},"excerpt":{"rendered":"<p>El Principado presentar\u00e1 sus recursos tur\u00edsticos bajo el lema Asturias NaturParadies en la feria de ocio y viajes F.RE.E que se celebrar\u00e1 en M\u00fanich entre el martes y el domingo de la pr\u00f3ximo semana. La participaci\u00f3n en este certamen, que congreg\u00f3 a 122.000 visitantes el a\u00f1o pasado, forma parte del Programa Operativo 2017 de Turismo [&hellip;]<\/p>\n","protected":false},"author":1,"featured_media":437263,"comment_status":"closed","ping_status":"closed","sticky":false,"template":"","format":"standard","meta":{"footnotes":""},"categories":[141],"tags":[],"class_list":["post-926747","post","type-post","status-publish","format-standard","has-post-thumbnail","hentry","category-destacadas"],"aioseo_notices":[],"aioseo_head":"\n\t\t<!-- All in One SEO Pro 4.9.6.2 - aioseo.com -->\n\t<meta name=\"description\" content=\"El Principado presentar\u00e1 sus recursos tur\u00edsticos bajo el lema Asturias NaturParadies en la feria de ocio y viajes F.RE.E que se celebrar\u00e1 en M\u00fanich entre el martes y el domingo de la pr\u00f3ximo semana. La participaci\u00f3n en este certamen, que congreg\u00f3 a 122.000 visitantes el a\u00f1o pasado, forma parte del Programa Operativo 2017 de Turismo\" \/>\n\t<meta name=\"robots\" content=\"max-image-preview:large\" \/>\n\t<meta name=\"author\" content=\"El Digital de Asturias\"\/>\n\t<meta name=\"google-site-verification\" content=\"UA-38556648-1\" \/>\n\t<meta name=\"msvalidate.01\" content=\"7dfe9f3f1b24437ab69f4f2559babe99\" \/>\n\t<meta name=\"keywords\" content=\"destacadas\" \/>\n\t<link rel=\"canonical\" href=\"https:\/\/www.eldigitaldeasturias.com\/noticias\/asturias-naturparadies-en-munich\/\" \/>\n\t<meta name=\"generator\" content=\"All in One SEO Pro (AIOSEO) 4.9.6.2\" \/>\n\t\t<meta property=\"og:locale\" content=\"es_ES\" \/>\n\t\t<meta property=\"og:site_name\" content=\"El Digital de Asturias\" \/>\n\t\t<meta property=\"og:type\" content=\"article\" \/>\n\t\t<meta property=\"og:title\" content=\"Asturias NaturParadies en M\u00fanich - El Digital de Asturias\" \/>\n\t\t<meta property=\"og:description\" content=\"El Principado presentar\u00e1 sus recursos tur\u00edsticos bajo el lema Asturias NaturParadies en la feria de ocio y viajes F.RE.E que se celebrar\u00e1 en M\u00fanich entre el martes y el domingo de la pr\u00f3ximo semana. La participaci\u00f3n en este certamen, que congreg\u00f3 a 122.000 visitantes el a\u00f1o pasado, forma parte del Programa Operativo 2017 de Turismo\" \/>\n\t\t<meta property=\"og:url\" content=\"https:\/\/www.eldigitaldeasturias.com\/noticias\/asturias-naturparadies-en-munich\/\" \/>\n\t\t<meta property=\"og:image\" content=\"https:\/\/www.eldigitaldeasturias.com\/noticias\/wp-content\/uploads\/2013\/10\/picos.jpg\" \/>\n\t\t<meta property=\"og:image:secure_url\" content=\"https:\/\/www.eldigitaldeasturias.com\/noticias\/wp-content\/uploads\/2013\/10\/picos.jpg\" \/>\n\t\t<meta property=\"og:image:width\" content=\"640\" \/>\n\t\t<meta property=\"og:image:height\" content=\"480\" \/>\n\t\t<meta property=\"article:tag\" content=\"destacadas\" \/>\n\t\t<meta property=\"article:published_time\" content=\"2017-02-20T12:36:59+00:00\" \/>\n\t\t<meta property=\"article:modified_time\" content=\"2017-02-20T12:36:59+00:00\" \/>\n\t\t<meta property=\"article:publisher\" content=\"https:\/\/facebook.com\/eldigitaldeasturias\" \/>\n\t\t<meta name=\"twitter:card\" content=\"summary_large_image\" \/>\n\t\t<meta name=\"twitter:title\" content=\"Asturias NaturParadies en M\u00fanich - El Digital de Asturias\" \/>\n\t\t<meta name=\"twitter:description\" content=\"El Principado presentar\u00e1 sus recursos tur\u00edsticos bajo el lema Asturias NaturParadies en la feria de ocio y viajes F.RE.E que se celebrar\u00e1 en M\u00fanich entre el martes y el domingo de la pr\u00f3ximo semana. La participaci\u00f3n en este certamen, que congreg\u00f3 a 122.000 visitantes el a\u00f1o pasado, forma parte del Programa Operativo 2017 de Turismo\" \/>\n\t\t<meta name=\"twitter:image\" content=\"https:\/\/www.eldigitaldeasturias.com\/noticias\/wp-content\/uploads\/2013\/10\/picos.jpg\" \/>\n\t\t<meta name=\"twitter:label1\" content=\"Escrito por\" \/>\n\t\t<meta name=\"twitter:data1\" content=\"El Digital de Asturias\" \/>\n\t\t<meta name=\"twitter:label2\" content=\"Tiempo de lectura estimado\" \/>\n\t\t<meta name=\"twitter:data2\" content=\"2 minutos\" \/>\n\t\t<script type=\"application\/ld+json\" class=\"aioseo-schema\">\n\t\t\t{\"@context\":\"https:\\\/\\\/schema.org\",\"@graph\":[{\"@type\":\"BlogPosting\",\"@id\":\"https:\\\/\\\/www.eldigitaldeasturias.com\\\/noticias\\\/asturias-naturparadies-en-munich\\\/#blogposting\",\"name\":\"Asturias NaturParadies en M\\u00fanich - El Digital de Asturias\",\"headline\":\"Asturias NaturParadies en M\\u00fanich\",\"author\":{\"@id\":\"https:\\\/\\\/www.eldigitaldeasturias.com\\\/noticias\\\/author\\\/admin\\\/#author\"},\"publisher\":{\"@id\":\"https:\\\/\\\/www.eldigitaldeasturias.com\\\/noticias\\\/#organization\"},\"image\":{\"@type\":\"ImageObject\",\"url\":\"https:\\\/\\\/www.eldigitaldeasturias.com\\\/noticias\\\/wp-content\\\/uploads\\\/2013\\\/10\\\/picos.jpg\",\"width\":640,\"height\":480},\"datePublished\":\"2017-02-20T12:36:59+01:00\",\"dateModified\":\"2017-02-20T12:36:59+01:00\",\"inLanguage\":\"es-ES\",\"mainEntityOfPage\":{\"@id\":\"https:\\\/\\\/www.eldigitaldeasturias.com\\\/noticias\\\/asturias-naturparadies-en-munich\\\/#webpage\"},\"isPartOf\":{\"@id\":\"https:\\\/\\\/www.eldigitaldeasturias.com\\\/noticias\\\/asturias-naturparadies-en-munich\\\/#webpage\"},\"articleSection\":\"Destacadas\"},{\"@type\":\"BreadcrumbList\",\"@id\":\"https:\\\/\\\/www.eldigitaldeasturias.com\\\/noticias\\\/asturias-naturparadies-en-munich\\\/#breadcrumblist\",\"itemListElement\":[{\"@type\":\"ListItem\",\"@id\":\"https:\\\/\\\/www.eldigitaldeasturias.com\\\/noticias#listItem\",\"position\":1,\"name\":\"Home\",\"item\":\"https:\\\/\\\/www.eldigitaldeasturias.com\\\/noticias\",\"nextItem\":{\"@type\":\"ListItem\",\"@id\":\"https:\\\/\\\/www.eldigitaldeasturias.com\\\/noticias\\\/category\\\/destacadas\\\/#listItem\",\"name\":\"Destacadas\"}},{\"@type\":\"ListItem\",\"@id\":\"https:\\\/\\\/www.eldigitaldeasturias.com\\\/noticias\\\/category\\\/destacadas\\\/#listItem\",\"position\":2,\"name\":\"Destacadas\",\"item\":\"https:\\\/\\\/www.eldigitaldeasturias.com\\\/noticias\\\/category\\\/destacadas\\\/\",\"nextItem\":{\"@type\":\"ListItem\",\"@id\":\"https:\\\/\\\/www.eldigitaldeasturias.com\\\/noticias\\\/asturias-naturparadies-en-munich\\\/#listItem\",\"name\":\"Asturias NaturParadies en M\\u00fanich\"},\"previousItem\":{\"@type\":\"ListItem\",\"@id\":\"https:\\\/\\\/www.eldigitaldeasturias.com\\\/noticias#listItem\",\"name\":\"Home\"}},{\"@type\":\"ListItem\",\"@id\":\"https:\\\/\\\/www.eldigitaldeasturias.com\\\/noticias\\\/asturias-naturparadies-en-munich\\\/#listItem\",\"position\":3,\"name\":\"Asturias NaturParadies en M\\u00fanich\",\"previousItem\":{\"@type\":\"ListItem\",\"@id\":\"https:\\\/\\\/www.eldigitaldeasturias.com\\\/noticias\\\/category\\\/destacadas\\\/#listItem\",\"name\":\"Destacadas\"}}]},{\"@type\":\"Organization\",\"@id\":\"https:\\\/\\\/www.eldigitaldeasturias.com\\\/noticias\\\/#organization\",\"name\":\"El Digital de Asturias\",\"description\":\"Hemeroteca\",\"url\":\"https:\\\/\\\/www.eldigitaldeasturias.com\\\/noticias\\\/\",\"email\":\"info@eldigitaldeasturias.com\",\"telephone\":\"+34652131393\",\"logo\":{\"@type\":\"ImageObject\",\"url\":\"https:\\\/\\\/www.eldigitaldeasturias.com\\\/noticias\\\/wp-content\\\/uploads\\\/2020\\\/12\\\/EDA.jpg\",\"@id\":\"https:\\\/\\\/www.eldigitaldeasturias.com\\\/noticias\\\/asturias-naturparadies-en-munich\\\/#organizationLogo\",\"width\":649,\"height\":297},\"image\":{\"@id\":\"https:\\\/\\\/www.eldigitaldeasturias.com\\\/noticias\\\/asturias-naturparadies-en-munich\\\/#organizationLogo\"},\"sameAs\":[\"https:\\\/\\\/facebook.com\\\/eldigitaldeasturias\",\"https:\\\/\\\/www.youtube.com\\\/channel\\\/UCZP-2wLEB9Rv6erhFmqVnvg\"],\"address\":{\"@id\":\"https:\\\/\\\/www.eldigitaldeasturias.com\\\/noticias\\\/#postaladdress\",\"@type\":\"PostalAddress\",\"streetAddress\":\"san antonio 4,\",\"postalCode\":\"33430\",\"addressLocality\":\"Cand\\u00e1s\",\"addressRegion\":\"Asturias\",\"addressCountry\":\"ES\"}},{\"@type\":\"Person\",\"@id\":\"https:\\\/\\\/www.eldigitaldeasturias.com\\\/noticias\\\/author\\\/admin\\\/#author\",\"url\":\"https:\\\/\\\/www.eldigitaldeasturias.com\\\/noticias\\\/author\\\/admin\\\/\",\"name\":\"El Digital de Asturias\",\"image\":{\"@type\":\"ImageObject\",\"@id\":\"https:\\\/\\\/www.eldigitaldeasturias.com\\\/noticias\\\/asturias-naturparadies-en-munich\\\/#authorImage\",\"url\":\"https:\\\/\\\/www.eldigitaldeasturias.com\\\/noticias\\\/wp-content\\\/litespeed\\\/avatar\\\/18677e78aa0546b92d9dbf31ec7d7668.jpg?ver=1777290358\",\"width\":96,\"height\":96,\"caption\":\"El Digital de Asturias\"}},{\"@type\":\"WebPage\",\"@id\":\"https:\\\/\\\/www.eldigitaldeasturias.com\\\/noticias\\\/asturias-naturparadies-en-munich\\\/#webpage\",\"url\":\"https:\\\/\\\/www.eldigitaldeasturias.com\\\/noticias\\\/asturias-naturparadies-en-munich\\\/\",\"name\":\"Asturias NaturParadies en M\\u00fanich - El Digital de Asturias\",\"description\":\"El Principado presentar\\u00e1 sus recursos tur\\u00edsticos bajo el lema Asturias NaturParadies en la feria de ocio y viajes F.RE.E que se celebrar\\u00e1 en M\\u00fanich entre el martes y el domingo de la pr\\u00f3ximo semana. La participaci\\u00f3n en este certamen, que congreg\\u00f3 a 122.000 visitantes el a\\u00f1o pasado, forma parte del Programa Operativo 2017 de Turismo\",\"inLanguage\":\"es-ES\",\"isPartOf\":{\"@id\":\"https:\\\/\\\/www.eldigitaldeasturias.com\\\/noticias\\\/#website\"},\"breadcrumb\":{\"@id\":\"https:\\\/\\\/www.eldigitaldeasturias.com\\\/noticias\\\/asturias-naturparadies-en-munich\\\/#breadcrumblist\"},\"author\":{\"@id\":\"https:\\\/\\\/www.eldigitaldeasturias.com\\\/noticias\\\/author\\\/admin\\\/#author\"},\"creator\":{\"@id\":\"https:\\\/\\\/www.eldigitaldeasturias.com\\\/noticias\\\/author\\\/admin\\\/#author\"},\"image\":{\"@type\":\"ImageObject\",\"url\":\"https:\\\/\\\/www.eldigitaldeasturias.com\\\/noticias\\\/wp-content\\\/uploads\\\/2013\\\/10\\\/picos.jpg\",\"@id\":\"https:\\\/\\\/www.eldigitaldeasturias.com\\\/noticias\\\/asturias-naturparadies-en-munich\\\/#mainImage\",\"width\":640,\"height\":480},\"primaryImageOfPage\":{\"@id\":\"https:\\\/\\\/www.eldigitaldeasturias.com\\\/noticias\\\/asturias-naturparadies-en-munich\\\/#mainImage\"},\"datePublished\":\"2017-02-20T12:36:59+01:00\",\"dateModified\":\"2017-02-20T12:36:59+01:00\"},{\"@type\":\"WebSite\",\"@id\":\"https:\\\/\\\/www.eldigitaldeasturias.com\\\/noticias\\\/#website\",\"url\":\"https:\\\/\\\/www.eldigitaldeasturias.com\\\/noticias\\\/\",\"name\":\"El Digital de Asturias - Diario de actualidad y noticias\",\"alternateName\":\"El Digital de Asturias - Diario de actualidad y noticias\",\"description\":\"Hemeroteca\",\"inLanguage\":\"es-ES\",\"publisher\":{\"@id\":\"https:\\\/\\\/www.eldigitaldeasturias.com\\\/noticias\\\/#organization\"}}]}\n\t\t<\/script>\n\t\t<!-- All in One SEO Pro -->\r\n\t\t<title>Asturias NaturParadies en M\u00fanich - El Digital de Asturias<\/title>\n\n","aioseo_head_json":{"title":"Asturias NaturParadies en M\u00fanich - El Digital de Asturias","description":"El Principado presentar\u00e1 sus recursos tur\u00edsticos bajo el lema Asturias NaturParadies en la feria de ocio y viajes F.RE.E que se celebrar\u00e1 en M\u00fanich entre el martes y el domingo de la pr\u00f3ximo semana. La participaci\u00f3n en este certamen, que congreg\u00f3 a 122.000 visitantes el a\u00f1o pasado, forma parte del Programa Operativo 2017 de Turismo","canonical_url":"https:\/\/www.eldigitaldeasturias.com\/noticias\/asturias-naturparadies-en-munich\/","robots":"max-image-preview:large","keywords":"destacadas","webmasterTools":{"google-site-verification":"UA-38556648-1","msvalidate.01":"7dfe9f3f1b24437ab69f4f2559babe99","miscellaneous":""},"schema":{"@context":"https:\/\/schema.org","@graph":[{"@type":"BlogPosting","@id":"https:\/\/www.eldigitaldeasturias.com\/noticias\/asturias-naturparadies-en-munich\/#blogposting","name":"Asturias NaturParadies en M\u00fanich - El Digital de Asturias","headline":"Asturias NaturParadies en M\u00fanich","author":{"@id":"https:\/\/www.eldigitaldeasturias.com\/noticias\/author\/admin\/#author"},"publisher":{"@id":"https:\/\/www.eldigitaldeasturias.com\/noticias\/#organization"},"image":{"@type":"ImageObject","url":"https:\/\/www.eldigitaldeasturias.com\/noticias\/wp-content\/uploads\/2013\/10\/picos.jpg","width":640,"height":480},"datePublished":"2017-02-20T12:36:59+01:00","dateModified":"2017-02-20T12:36:59+01:00","inLanguage":"es-ES","mainEntityOfPage":{"@id":"https:\/\/www.eldigitaldeasturias.com\/noticias\/asturias-naturparadies-en-munich\/#webpage"},"isPartOf":{"@id":"https:\/\/www.eldigitaldeasturias.com\/noticias\/asturias-naturparadies-en-munich\/#webpage"},"articleSection":"Destacadas"},{"@type":"BreadcrumbList","@id":"https:\/\/www.eldigitaldeasturias.com\/noticias\/asturias-naturparadies-en-munich\/#breadcrumblist","itemListElement":[{"@type":"ListItem","@id":"https:\/\/www.eldigitaldeasturias.com\/noticias#listItem","position":1,"name":"Home","item":"https:\/\/www.eldigitaldeasturias.com\/noticias","nextItem":{"@type":"ListItem","@id":"https:\/\/www.eldigitaldeasturias.com\/noticias\/category\/destacadas\/#listItem","name":"Destacadas"}},{"@type":"ListItem","@id":"https:\/\/www.eldigitaldeasturias.com\/noticias\/category\/destacadas\/#listItem","position":2,"name":"Destacadas","item":"https:\/\/www.eldigitaldeasturias.com\/noticias\/category\/destacadas\/","nextItem":{"@type":"ListItem","@id":"https:\/\/www.eldigitaldeasturias.com\/noticias\/asturias-naturparadies-en-munich\/#listItem","name":"Asturias NaturParadies en M\u00fanich"},"previousItem":{"@type":"ListItem","@id":"https:\/\/www.eldigitaldeasturias.com\/noticias#listItem","name":"Home"}},{"@type":"ListItem","@id":"https:\/\/www.eldigitaldeasturias.com\/noticias\/asturias-naturparadies-en-munich\/#listItem","position":3,"name":"Asturias NaturParadies en M\u00fanich","previousItem":{"@type":"ListItem","@id":"https:\/\/www.eldigitaldeasturias.com\/noticias\/category\/destacadas\/#listItem","name":"Destacadas"}}]},{"@type":"Organization","@id":"https:\/\/www.eldigitaldeasturias.com\/noticias\/#organization","name":"El Digital de Asturias","description":"Hemeroteca","url":"https:\/\/www.eldigitaldeasturias.com\/noticias\/","email":"info@eldigitaldeasturias.com","telephone":"+34652131393","logo":{"@type":"ImageObject","url":"https:\/\/www.eldigitaldeasturias.com\/noticias\/wp-content\/uploads\/2020\/12\/EDA.jpg","@id":"https:\/\/www.eldigitaldeasturias.com\/noticias\/asturias-naturparadies-en-munich\/#organizationLogo","width":649,"height":297},"image":{"@id":"https:\/\/www.eldigitaldeasturias.com\/noticias\/asturias-naturparadies-en-munich\/#organizationLogo"},"sameAs":["https:\/\/facebook.com\/eldigitaldeasturias","https:\/\/www.youtube.com\/channel\/UCZP-2wLEB9Rv6erhFmqVnvg"],"address":{"@id":"https:\/\/www.eldigitaldeasturias.com\/noticias\/#postaladdress","@type":"PostalAddress","streetAddress":"san antonio 4,","postalCode":"33430","addressLocality":"Cand\u00e1s","addressRegion":"Asturias","addressCountry":"ES"}},{"@type":"Person","@id":"https:\/\/www.eldigitaldeasturias.com\/noticias\/author\/admin\/#author","url":"https:\/\/www.eldigitaldeasturias.com\/noticias\/author\/admin\/","name":"El Digital de Asturias","image":{"@type":"ImageObject","@id":"https:\/\/www.eldigitaldeasturias.com\/noticias\/asturias-naturparadies-en-munich\/#authorImage","url":"https:\/\/www.eldigitaldeasturias.com\/noticias\/wp-content\/litespeed\/avatar\/18677e78aa0546b92d9dbf31ec7d7668.jpg?ver=1777290358","width":96,"height":96,"caption":"El Digital de Asturias"}},{"@type":"WebPage","@id":"https:\/\/www.eldigitaldeasturias.com\/noticias\/asturias-naturparadies-en-munich\/#webpage","url":"https:\/\/www.eldigitaldeasturias.com\/noticias\/asturias-naturparadies-en-munich\/","name":"Asturias NaturParadies en M\u00fanich - El Digital de Asturias","description":"El Principado presentar\u00e1 sus recursos tur\u00edsticos bajo el lema Asturias NaturParadies en la feria de ocio y viajes F.RE.E que se celebrar\u00e1 en M\u00fanich entre el martes y el domingo de la pr\u00f3ximo semana. La participaci\u00f3n en este certamen, que congreg\u00f3 a 122.000 visitantes el a\u00f1o pasado, forma parte del Programa Operativo 2017 de Turismo","inLanguage":"es-ES","isPartOf":{"@id":"https:\/\/www.eldigitaldeasturias.com\/noticias\/#website"},"breadcrumb":{"@id":"https:\/\/www.eldigitaldeasturias.com\/noticias\/asturias-naturparadies-en-munich\/#breadcrumblist"},"author":{"@id":"https:\/\/www.eldigitaldeasturias.com\/noticias\/author\/admin\/#author"},"creator":{"@id":"https:\/\/www.eldigitaldeasturias.com\/noticias\/author\/admin\/#author"},"image":{"@type":"ImageObject","url":"https:\/\/www.eldigitaldeasturias.com\/noticias\/wp-content\/uploads\/2013\/10\/picos.jpg","@id":"https:\/\/www.eldigitaldeasturias.com\/noticias\/asturias-naturparadies-en-munich\/#mainImage","width":640,"height":480},"primaryImageOfPage":{"@id":"https:\/\/www.eldigitaldeasturias.com\/noticias\/asturias-naturparadies-en-munich\/#mainImage"},"datePublished":"2017-02-20T12:36:59+01:00","dateModified":"2017-02-20T12:36:59+01:00"},{"@type":"WebSite","@id":"https:\/\/www.eldigitaldeasturias.com\/noticias\/#website","url":"https:\/\/www.eldigitaldeasturias.com\/noticias\/","name":"El Digital de Asturias - Diario de actualidad y noticias","alternateName":"El Digital de Asturias - Diario de actualidad y noticias","description":"Hemeroteca","inLanguage":"es-ES","publisher":{"@id":"https:\/\/www.eldigitaldeasturias.com\/noticias\/#organization"}}]},"og:locale":"es_ES","og:site_name":"El Digital de Asturias","og:type":"article","og:title":"Asturias NaturParadies en M\u00fanich - El Digital de Asturias","og:description":"El Principado presentar\u00e1 sus recursos tur\u00edsticos bajo el lema Asturias NaturParadies en la feria de ocio y viajes F.RE.E que se celebrar\u00e1 en M\u00fanich entre el martes y el domingo de la pr\u00f3ximo semana. La participaci\u00f3n en este certamen, que congreg\u00f3 a 122.000 visitantes el a\u00f1o pasado, forma parte del Programa Operativo 2017 de Turismo","og:url":"https:\/\/www.eldigitaldeasturias.com\/noticias\/asturias-naturparadies-en-munich\/","og:image":"https:\/\/www.eldigitaldeasturias.com\/noticias\/wp-content\/uploads\/2013\/10\/picos.jpg","og:image:secure_url":"https:\/\/www.eldigitaldeasturias.com\/noticias\/wp-content\/uploads\/2013\/10\/picos.jpg","og:image:width":640,"og:image:height":480,"article:tag":["destacadas"],"article:published_time":"2017-02-20T12:36:59+00:00","article:modified_time":"2017-02-20T12:36:59+00:00","article:publisher":"https:\/\/facebook.com\/eldigitaldeasturias","twitter:card":"summary_large_image","twitter:title":"Asturias NaturParadies en M\u00fanich - El Digital de Asturias","twitter:description":"El Principado presentar\u00e1 sus recursos tur\u00edsticos bajo el lema Asturias NaturParadies en la feria de ocio y viajes F.RE.E que se celebrar\u00e1 en M\u00fanich entre el martes y el domingo de la pr\u00f3ximo semana. La participaci\u00f3n en este certamen, que congreg\u00f3 a 122.000 visitantes el a\u00f1o pasado, forma parte del Programa Operativo 2017 de Turismo","twitter:image":"https:\/\/www.eldigitaldeasturias.com\/noticias\/wp-content\/uploads\/2013\/10\/picos.jpg","twitter:label1":"Escrito por","twitter:data1":"El Digital de Asturias","twitter:label2":"Tiempo de lectura estimado","twitter:data2":"2 minutos"},"aioseo_meta_data":{"post_id":"926747","title":null,"description":null,"keywords":null,"keyphrases":null,"primary_term":null,"canonical_url":null,"og_title":null,"og_description":null,"og_object_type":"default","og_image_type":"default","og_image_url":null,"og_image_width":null,"og_image_height":null,"og_image_custom_url":null,"og_image_custom_fields":null,"og_video":null,"og_custom_url":null,"og_article_section":null,"og_article_tags":null,"twitter_use_og":false,"twitter_card":"default","twitter_image_type":"default","twitter_image_url":null,"twitter_image_custom_url":null,"twitter_image_custom_fields":null,"twitter_title":null,"twitter_description":null,"schema":{"blockGraphs":[],"customGraphs":[],"default":{"data":{"Article":[],"Course":[],"Dataset":[],"FAQPage":[],"Movie":[],"Person":[],"Product":[],"ProductReview":[],"Car":[],"Recipe":[],"Service":[],"SoftwareApplication":[],"WebPage":[]},"graphName":"","isEnabled":true},"graphs":[],"defaultGraph":"","defaultPostTypeGraph":""},"schema_type":null,"schema_type_options":null,"pillar_content":false,"robots_default":true,"robots_noindex":false,"robots_noarchive":false,"robots_nosnippet":false,"robots_nofollow":false,"robots_noimageindex":false,"robots_noodp":false,"robots_notranslate":false,"robots_max_snippet":null,"robots_max_videopreview":null,"robots_max_imagepreview":"large","priority":null,"frequency":null,"local_seo":null,"seo_analyzer_scan_date":"2025-12-03 08:05:13","breadcrumb_settings":null,"limit_modified_date":false,"open_ai":null,"ai":null,"created":"2020-12-21 13:37:40","updated":"2025-12-03 08:05:13"},"aioseo_breadcrumb":"<div class=\"aioseo-breadcrumbs\"><span class=\"aioseo-breadcrumb\">\n\t<a href=\"https:\/\/www.eldigitaldeasturias.com\/noticias\" title=\"Home\">Home<\/a>\n<\/span><span class=\"aioseo-breadcrumb-separator\">\u2013<\/span><span class=\"aioseo-breadcrumb\">\n\t<a href=\"https:\/\/www.eldigitaldeasturias.com\/noticias\/category\/destacadas\/\" title=\"Destacadas\">Destacadas<\/a>\n<\/span><span class=\"aioseo-breadcrumb-separator\">\u2013<\/span><span class=\"aioseo-breadcrumb\">\n\t<a href=\"https:\/\/www.eldigitaldeasturias.com\/noticias\/asturias-naturparadies-en-munich\/\" title=\"Asturias NaturParadies en M\u00fanich\">Asturias NaturParadies en M\u00fanich<\/a>\n<\/span><\/div>","aioseo_breadcrumb_json":[{"label":"Home","link":"https:\/\/www.eldigitaldeasturias.com\/noticias"},{"label":"Destacadas","link":"https:\/\/www.eldigitaldeasturias.com\/noticias\/category\/destacadas\/"},{"label":"Asturias NaturParadies en M\u00fanich","link":"https:\/\/www.eldigitaldeasturias.com\/noticias\/asturias-naturparadies-en-munich\/"}],"_links":{"self":[{"href":"https:\/\/www.eldigitaldeasturias.com\/noticias\/wp-json\/wp\/v2\/posts\/926747","targetHints":{"allow":["GET"]}}],"collection":[{"href":"https:\/\/www.eldigitaldeasturias.com\/noticias\/wp-json\/wp\/v2\/posts"}],"about":[{"href":"https:\/\/www.eldigitaldeasturias.com\/noticias\/wp-json\/wp\/v2\/types\/post"}],"author":[{"embeddable":true,"href":"https:\/\/www.eldigitaldeasturias.com\/noticias\/wp-json\/wp\/v2\/users\/1"}],"replies":[{"embeddable":true,"href":"https:\/\/www.eldigitaldeasturias.com\/noticias\/wp-json\/wp\/v2\/comments?post=926747"}],"version-history":[{"count":0,"href":"https:\/\/www.eldigitaldeasturias.com\/noticias\/wp-json\/wp\/v2\/posts\/926747\/revisions"}],"wp:featuredmedia":[{"embeddable":true,"href":"https:\/\/www.eldigitaldeasturias.com\/noticias\/wp-json\/wp\/v2\/media\/437263"}],"wp:attachment":[{"href":"https:\/\/www.eldigitaldeasturias.com\/noticias\/wp-json\/wp\/v2\/media?parent=926747"}],"wp:term":[{"taxonomy":"category","embeddable":true,"href":"https:\/\/www.eldigitaldeasturias.com\/noticias\/wp-json\/wp\/v2\/categories?post=926747"},{"taxonomy":"post_tag","embeddable":true,"href":"https:\/\/www.eldigitaldeasturias.com\/noticias\/wp-json\/wp\/v2\/tags?post=926747"}],"curies":[{"name":"wp","href":"https:\/\/api.w.org\/{rel}","templated":true}]}}