{"id":926446,"date":"2017-02-16T21:25:47","date_gmt":"2017-02-16T21:25:47","guid":{"rendered":"http:\/\/www.eldigitaldeasturias.com\/noticias\/?p=926446"},"modified":"2017-02-16T21:25:47","modified_gmt":"2017-02-16T21:25:47","slug":"isidro-martinez-oblanca-en-villabona-se-esta-desmantelando-la-ute","status":"publish","type":"post","link":"https:\/\/www.eldigitaldeasturias.com\/noticias\/isidro-martinez-oblanca-en-villabona-se-esta-desmantelando-la-ute\/","title":{"rendered":"Isidro Mart\u00ednez Oblanca: \u201cEn Villabona se est\u00e1 desmantelando la UTE\u00bb"},"content":{"rendered":"<p><img loading=\"lazy\" decoding=\"async\" class=\"alignleft size-medium wp-image-657370\" src=\"https:\/\/www.eldigitaldeasturias.com\/noticias\/wp-content\/uploads\/2014\/10\/fotonoticia_20141022173852_800-360x239.jpg\" alt=\"\" width=\"360\" height=\"239\" srcset=\"https:\/\/www.eldigitaldeasturias.com\/noticias\/wp-content\/uploads\/2014\/10\/fotonoticia_20141022173852_800-360x239.jpg 360w, https:\/\/www.eldigitaldeasturias.com\/noticias\/wp-content\/uploads\/2014\/10\/fotonoticia_20141022173852_800-768x510.jpg 768w, https:\/\/www.eldigitaldeasturias.com\/noticias\/wp-content\/uploads\/2014\/10\/fotonoticia_20141022173852_800-650x431.jpg 650w, https:\/\/www.eldigitaldeasturias.com\/noticias\/wp-content\/uploads\/2014\/10\/fotonoticia_20141022173852_800.jpg 800w\" sizes=\"auto, (max-width: 360px) 100vw, 360px\" \/>El diputado nacional de FORO, Isidro Mart\u00ednez Oblanca, ha pedido hoy en el Congreso que el Gobierno incorpore en los pr\u00f3ximos Presupuestos Generales del Estado \u201cla construcci\u00f3n en Asturias del Centro de Inserci\u00f3n Social que estaba comprometido por Instituciones Penitenciarias para complementar el CIS \u2018El Urriellu\u2019 (Llanera) y para el que ya se dispone de terrenos cedidos por el Ayuntamiento de Gij\u00f3n\u201d.<\/p>\n<p>Este es el contenido de una enmienda presentada por Oblanca a una Proposici\u00f3n No de Ley socialista sobre medidas urgentes para la UTE del Centro Penitenciario de Villabona que se ha debatido hoy en la Comisi\u00f3n de Interior del Congreso.<\/p>\n<p>Oblanca lament\u00f3 que \u201cen Villabona se est\u00e1 produciendo en los \u00faltimos a\u00f1os una sucesi\u00f3n de hechos que obstaculizan el cumplimiento del mandato constitucional de reinserci\u00f3n social por el empecinamiento de la direcci\u00f3n, avalada por la Secretar\u00eda General de Instituciones Parlamentarias, en desmantelar paulatinamente uno de los m\u00e1s grandes procesos de innovaci\u00f3n generado en las c\u00e1rceles espa\u00f1olas: la Unidad Terap\u00e9utica y Educativa\u201d.<\/p>\n<p>A pesar del movimiento social que se ha generado para clamar contra su deriva, \u201ces lamentable que este asunto se haya enquistado para estupor de muchas de las personas que conocen de \u00e9l y que resumo se\u00f1alando que estamos ante un desperdicio may\u00fasculo de posibilidades de reinserci\u00f3n y de esperanza para los presos y sus familias\u201d.<\/p>\n<p>Mart\u00ednez Oblanca concluy\u00f3 haciendo un llamamiento \u201cal Gobierno para que escuche las llamadas en favor de la UTE de Villabona y cumpla con lo que se reclama en las instituciones democr\u00e1ticas que representan a los asturianos y a los espa\u00f1oles\u201d.<\/p>\n<p>&nbsp;<\/p>\n","protected":false},"excerpt":{"rendered":"<p>El diputado nacional de FORO, Isidro Mart\u00ednez Oblanca, ha pedido hoy en el Congreso que el Gobierno incorpore en los pr\u00f3ximos Presupuestos Generales del Estado \u201cla construcci\u00f3n en Asturias del Centro de Inserci\u00f3n Social que estaba comprometido por Instituciones Penitenciarias para complementar el CIS \u2018El Urriellu\u2019 (Llanera) y para el que ya se dispone de [&hellip;]<\/p>\n","protected":false},"author":1,"featured_media":657370,"comment_status":"closed","ping_status":"closed","sticky":false,"template":"","format":"standard","meta":{"footnotes":""},"categories":[141],"tags":[],"class_list":["post-926446","post","type-post","status-publish","format-standard","has-post-thumbnail","hentry","category-destacadas"],"aioseo_notices":[],"aioseo_head":"\n\t\t<!-- All in One SEO Pro 4.9.6.2 - aioseo.com -->\n\t<meta name=\"description\" content=\"El diputado nacional de FORO, Isidro Mart\u00ednez Oblanca, ha pedido hoy en el Congreso que el Gobierno incorpore en los pr\u00f3ximos Presupuestos Generales del Estado \u201cla construcci\u00f3n en Asturias del Centro de Inserci\u00f3n Social que estaba comprometido por Instituciones Penitenciarias para complementar el CIS \u2018El Urriellu\u2019 (Llanera) y para el que ya se dispone de\" \/>\n\t<meta name=\"robots\" content=\"max-image-preview:large\" \/>\n\t<meta name=\"author\" content=\"El Digital de Asturias\"\/>\n\t<meta name=\"google-site-verification\" content=\"UA-38556648-1\" \/>\n\t<meta name=\"msvalidate.01\" content=\"7dfe9f3f1b24437ab69f4f2559babe99\" \/>\n\t<meta name=\"keywords\" content=\"destacadas\" \/>\n\t<link rel=\"canonical\" href=\"https:\/\/www.eldigitaldeasturias.com\/noticias\/isidro-martinez-oblanca-en-villabona-se-esta-desmantelando-la-ute\/\" \/>\n\t<meta name=\"generator\" content=\"All in One SEO Pro (AIOSEO) 4.9.6.2\" \/>\n\t\t<meta property=\"og:locale\" content=\"es_ES\" \/>\n\t\t<meta property=\"og:site_name\" content=\"El Digital de Asturias\" \/>\n\t\t<meta property=\"og:type\" content=\"article\" \/>\n\t\t<meta property=\"og:title\" content=\"Isidro Mart\u00ednez Oblanca: \u201cEn Villabona se est\u00e1 desmantelando la UTE\u00bb - El Digital de Asturias\" \/>\n\t\t<meta property=\"og:description\" content=\"El diputado nacional de FORO, Isidro Mart\u00ednez Oblanca, ha pedido hoy en el Congreso que el Gobierno incorpore en los pr\u00f3ximos Presupuestos Generales del Estado \u201cla construcci\u00f3n en Asturias del Centro de Inserci\u00f3n Social que estaba comprometido por Instituciones Penitenciarias para complementar el CIS \u2018El Urriellu\u2019 (Llanera) y para el que ya se dispone de\" \/>\n\t\t<meta property=\"og:url\" content=\"https:\/\/www.eldigitaldeasturias.com\/noticias\/isidro-martinez-oblanca-en-villabona-se-esta-desmantelando-la-ute\/\" \/>\n\t\t<meta property=\"og:image\" content=\"https:\/\/www.eldigitaldeasturias.com\/noticias\/wp-content\/uploads\/2014\/10\/fotonoticia_20141022173852_800.jpg\" \/>\n\t\t<meta property=\"og:image:secure_url\" content=\"https:\/\/www.eldigitaldeasturias.com\/noticias\/wp-content\/uploads\/2014\/10\/fotonoticia_20141022173852_800.jpg\" \/>\n\t\t<meta property=\"og:image:width\" content=\"800\" \/>\n\t\t<meta property=\"og:image:height\" content=\"531\" \/>\n\t\t<meta property=\"article:tag\" content=\"destacadas\" \/>\n\t\t<meta property=\"article:published_time\" content=\"2017-02-16T21:25:47+00:00\" \/>\n\t\t<meta property=\"article:modified_time\" content=\"2017-02-16T21:25:47+00:00\" \/>\n\t\t<meta property=\"article:publisher\" content=\"https:\/\/facebook.com\/eldigitaldeasturias\" \/>\n\t\t<meta name=\"twitter:card\" content=\"summary_large_image\" \/>\n\t\t<meta name=\"twitter:title\" content=\"Isidro Mart\u00ednez Oblanca: \u201cEn Villabona se est\u00e1 desmantelando la UTE\u00bb - El Digital de Asturias\" \/>\n\t\t<meta name=\"twitter:description\" content=\"El diputado nacional de FORO, Isidro Mart\u00ednez Oblanca, ha pedido hoy en el Congreso que el Gobierno incorpore en los pr\u00f3ximos Presupuestos Generales del Estado \u201cla construcci\u00f3n en Asturias del Centro de Inserci\u00f3n Social que estaba comprometido por Instituciones Penitenciarias para complementar el CIS \u2018El Urriellu\u2019 (Llanera) y para el que ya se dispone de\" \/>\n\t\t<meta name=\"twitter:image\" content=\"https:\/\/www.eldigitaldeasturias.com\/noticias\/wp-content\/uploads\/2014\/10\/fotonoticia_20141022173852_800.jpg\" \/>\n\t\t<meta name=\"twitter:label1\" content=\"Escrito por\" \/>\n\t\t<meta name=\"twitter:data1\" content=\"El Digital de Asturias\" \/>\n\t\t<meta name=\"twitter:label2\" content=\"Tiempo de lectura estimado\" \/>\n\t\t<meta name=\"twitter:data2\" content=\"1 minuto\" \/>\n\t\t<script type=\"application\/ld+json\" class=\"aioseo-schema\">\n\t\t\t{\"@context\":\"https:\\\/\\\/schema.org\",\"@graph\":[{\"@type\":\"BlogPosting\",\"@id\":\"https:\\\/\\\/www.eldigitaldeasturias.com\\\/noticias\\\/isidro-martinez-oblanca-en-villabona-se-esta-desmantelando-la-ute\\\/#blogposting\",\"name\":\"Isidro Mart\\u00ednez Oblanca: \\u201cEn Villabona se est\\u00e1 desmantelando la UTE\\u00bb - El Digital de Asturias\",\"headline\":\"Isidro Mart\\u00ednez Oblanca: \\u201cEn Villabona se est\\u00e1 desmantelando la UTE\\u00bb\",\"author\":{\"@id\":\"https:\\\/\\\/www.eldigitaldeasturias.com\\\/noticias\\\/author\\\/admin\\\/#author\"},\"publisher\":{\"@id\":\"https:\\\/\\\/www.eldigitaldeasturias.com\\\/noticias\\\/#organization\"},\"image\":{\"@type\":\"ImageObject\",\"url\":\"https:\\\/\\\/www.eldigitaldeasturias.com\\\/noticias\\\/wp-content\\\/uploads\\\/2014\\\/10\\\/fotonoticia_20141022173852_800.jpg\",\"width\":800,\"height\":531},\"datePublished\":\"2017-02-16T21:25:47+01:00\",\"dateModified\":\"2017-02-16T21:25:47+01:00\",\"inLanguage\":\"es-ES\",\"mainEntityOfPage\":{\"@id\":\"https:\\\/\\\/www.eldigitaldeasturias.com\\\/noticias\\\/isidro-martinez-oblanca-en-villabona-se-esta-desmantelando-la-ute\\\/#webpage\"},\"isPartOf\":{\"@id\":\"https:\\\/\\\/www.eldigitaldeasturias.com\\\/noticias\\\/isidro-martinez-oblanca-en-villabona-se-esta-desmantelando-la-ute\\\/#webpage\"},\"articleSection\":\"Destacadas\"},{\"@type\":\"BreadcrumbList\",\"@id\":\"https:\\\/\\\/www.eldigitaldeasturias.com\\\/noticias\\\/isidro-martinez-oblanca-en-villabona-se-esta-desmantelando-la-ute\\\/#breadcrumblist\",\"itemListElement\":[{\"@type\":\"ListItem\",\"@id\":\"https:\\\/\\\/www.eldigitaldeasturias.com\\\/noticias#listItem\",\"position\":1,\"name\":\"Home\",\"item\":\"https:\\\/\\\/www.eldigitaldeasturias.com\\\/noticias\",\"nextItem\":{\"@type\":\"ListItem\",\"@id\":\"https:\\\/\\\/www.eldigitaldeasturias.com\\\/noticias\\\/category\\\/destacadas\\\/#listItem\",\"name\":\"Destacadas\"}},{\"@type\":\"ListItem\",\"@id\":\"https:\\\/\\\/www.eldigitaldeasturias.com\\\/noticias\\\/category\\\/destacadas\\\/#listItem\",\"position\":2,\"name\":\"Destacadas\",\"item\":\"https:\\\/\\\/www.eldigitaldeasturias.com\\\/noticias\\\/category\\\/destacadas\\\/\",\"nextItem\":{\"@type\":\"ListItem\",\"@id\":\"https:\\\/\\\/www.eldigitaldeasturias.com\\\/noticias\\\/isidro-martinez-oblanca-en-villabona-se-esta-desmantelando-la-ute\\\/#listItem\",\"name\":\"Isidro Mart\\u00ednez Oblanca: \\u201cEn Villabona se est\\u00e1 desmantelando la UTE\\u00bb\"},\"previousItem\":{\"@type\":\"ListItem\",\"@id\":\"https:\\\/\\\/www.eldigitaldeasturias.com\\\/noticias#listItem\",\"name\":\"Home\"}},{\"@type\":\"ListItem\",\"@id\":\"https:\\\/\\\/www.eldigitaldeasturias.com\\\/noticias\\\/isidro-martinez-oblanca-en-villabona-se-esta-desmantelando-la-ute\\\/#listItem\",\"position\":3,\"name\":\"Isidro Mart\\u00ednez Oblanca: \\u201cEn Villabona se est\\u00e1 desmantelando la UTE\\u00bb\",\"previousItem\":{\"@type\":\"ListItem\",\"@id\":\"https:\\\/\\\/www.eldigitaldeasturias.com\\\/noticias\\\/category\\\/destacadas\\\/#listItem\",\"name\":\"Destacadas\"}}]},{\"@type\":\"Organization\",\"@id\":\"https:\\\/\\\/www.eldigitaldeasturias.com\\\/noticias\\\/#organization\",\"name\":\"El Digital de Asturias\",\"description\":\"Hemeroteca\",\"url\":\"https:\\\/\\\/www.eldigitaldeasturias.com\\\/noticias\\\/\",\"email\":\"info@eldigitaldeasturias.com\",\"telephone\":\"+34652131393\",\"logo\":{\"@type\":\"ImageObject\",\"url\":\"https:\\\/\\\/www.eldigitaldeasturias.com\\\/noticias\\\/wp-content\\\/uploads\\\/2020\\\/12\\\/EDA.jpg\",\"@id\":\"https:\\\/\\\/www.eldigitaldeasturias.com\\\/noticias\\\/isidro-martinez-oblanca-en-villabona-se-esta-desmantelando-la-ute\\\/#organizationLogo\",\"width\":649,\"height\":297},\"image\":{\"@id\":\"https:\\\/\\\/www.eldigitaldeasturias.com\\\/noticias\\\/isidro-martinez-oblanca-en-villabona-se-esta-desmantelando-la-ute\\\/#organizationLogo\"},\"sameAs\":[\"https:\\\/\\\/facebook.com\\\/eldigitaldeasturias\",\"https:\\\/\\\/www.youtube.com\\\/channel\\\/UCZP-2wLEB9Rv6erhFmqVnvg\"],\"address\":{\"@id\":\"https:\\\/\\\/www.eldigitaldeasturias.com\\\/noticias\\\/#postaladdress\",\"@type\":\"PostalAddress\",\"streetAddress\":\"san antonio 4,\",\"postalCode\":\"33430\",\"addressLocality\":\"Cand\\u00e1s\",\"addressRegion\":\"Asturias\",\"addressCountry\":\"ES\"}},{\"@type\":\"Person\",\"@id\":\"https:\\\/\\\/www.eldigitaldeasturias.com\\\/noticias\\\/author\\\/admin\\\/#author\",\"url\":\"https:\\\/\\\/www.eldigitaldeasturias.com\\\/noticias\\\/author\\\/admin\\\/\",\"name\":\"El Digital de Asturias\",\"image\":{\"@type\":\"ImageObject\",\"@id\":\"https:\\\/\\\/www.eldigitaldeasturias.com\\\/noticias\\\/isidro-martinez-oblanca-en-villabona-se-esta-desmantelando-la-ute\\\/#authorImage\",\"url\":\"https:\\\/\\\/www.eldigitaldeasturias.com\\\/noticias\\\/wp-content\\\/litespeed\\\/avatar\\\/18677e78aa0546b92d9dbf31ec7d7668.jpg?ver=1777290358\",\"width\":96,\"height\":96,\"caption\":\"El Digital de Asturias\"}},{\"@type\":\"WebPage\",\"@id\":\"https:\\\/\\\/www.eldigitaldeasturias.com\\\/noticias\\\/isidro-martinez-oblanca-en-villabona-se-esta-desmantelando-la-ute\\\/#webpage\",\"url\":\"https:\\\/\\\/www.eldigitaldeasturias.com\\\/noticias\\\/isidro-martinez-oblanca-en-villabona-se-esta-desmantelando-la-ute\\\/\",\"name\":\"Isidro Mart\\u00ednez Oblanca: \\u201cEn Villabona se est\\u00e1 desmantelando la UTE\\u00bb - El Digital de Asturias\",\"description\":\"El diputado nacional de FORO, Isidro Mart\\u00ednez Oblanca, ha pedido hoy en el Congreso que el Gobierno incorpore en los pr\\u00f3ximos Presupuestos Generales del Estado \\u201cla construcci\\u00f3n en Asturias del Centro de Inserci\\u00f3n Social que estaba comprometido por Instituciones Penitenciarias para complementar el CIS \\u2018El Urriellu\\u2019 (Llanera) y para el que ya se dispone de\",\"inLanguage\":\"es-ES\",\"isPartOf\":{\"@id\":\"https:\\\/\\\/www.eldigitaldeasturias.com\\\/noticias\\\/#website\"},\"breadcrumb\":{\"@id\":\"https:\\\/\\\/www.eldigitaldeasturias.com\\\/noticias\\\/isidro-martinez-oblanca-en-villabona-se-esta-desmantelando-la-ute\\\/#breadcrumblist\"},\"author\":{\"@id\":\"https:\\\/\\\/www.eldigitaldeasturias.com\\\/noticias\\\/author\\\/admin\\\/#author\"},\"creator\":{\"@id\":\"https:\\\/\\\/www.eldigitaldeasturias.com\\\/noticias\\\/author\\\/admin\\\/#author\"},\"image\":{\"@type\":\"ImageObject\",\"url\":\"https:\\\/\\\/www.eldigitaldeasturias.com\\\/noticias\\\/wp-content\\\/uploads\\\/2014\\\/10\\\/fotonoticia_20141022173852_800.jpg\",\"@id\":\"https:\\\/\\\/www.eldigitaldeasturias.com\\\/noticias\\\/isidro-martinez-oblanca-en-villabona-se-esta-desmantelando-la-ute\\\/#mainImage\",\"width\":800,\"height\":531},\"primaryImageOfPage\":{\"@id\":\"https:\\\/\\\/www.eldigitaldeasturias.com\\\/noticias\\\/isidro-martinez-oblanca-en-villabona-se-esta-desmantelando-la-ute\\\/#mainImage\"},\"datePublished\":\"2017-02-16T21:25:47+01:00\",\"dateModified\":\"2017-02-16T21:25:47+01:00\"},{\"@type\":\"WebSite\",\"@id\":\"https:\\\/\\\/www.eldigitaldeasturias.com\\\/noticias\\\/#website\",\"url\":\"https:\\\/\\\/www.eldigitaldeasturias.com\\\/noticias\\\/\",\"name\":\"El Digital de Asturias - Diario de actualidad y noticias\",\"alternateName\":\"El Digital de Asturias - Diario de actualidad y noticias\",\"description\":\"Hemeroteca\",\"inLanguage\":\"es-ES\",\"publisher\":{\"@id\":\"https:\\\/\\\/www.eldigitaldeasturias.com\\\/noticias\\\/#organization\"}}]}\n\t\t<\/script>\n\t\t<!-- All in One SEO Pro -->\r\n\t\t<title>Isidro Mart\u00ednez Oblanca: \u201cEn Villabona se est\u00e1 desmantelando la UTE\u00bb - El Digital de Asturias<\/title>\n\n","aioseo_head_json":{"title":"Isidro Mart\u00ednez Oblanca: \u201cEn Villabona se est\u00e1 desmantelando la UTE\u00bb - El Digital de Asturias","description":"El diputado nacional de FORO, Isidro Mart\u00ednez Oblanca, ha pedido hoy en el Congreso que el Gobierno incorpore en los pr\u00f3ximos Presupuestos Generales del Estado \u201cla construcci\u00f3n en Asturias del Centro de Inserci\u00f3n Social que estaba comprometido por Instituciones Penitenciarias para complementar el CIS \u2018El Urriellu\u2019 (Llanera) y para el que ya se dispone de","canonical_url":"https:\/\/www.eldigitaldeasturias.com\/noticias\/isidro-martinez-oblanca-en-villabona-se-esta-desmantelando-la-ute\/","robots":"max-image-preview:large","keywords":"destacadas","webmasterTools":{"google-site-verification":"UA-38556648-1","msvalidate.01":"7dfe9f3f1b24437ab69f4f2559babe99","miscellaneous":""},"schema":{"@context":"https:\/\/schema.org","@graph":[{"@type":"BlogPosting","@id":"https:\/\/www.eldigitaldeasturias.com\/noticias\/isidro-martinez-oblanca-en-villabona-se-esta-desmantelando-la-ute\/#blogposting","name":"Isidro Mart\u00ednez Oblanca: \u201cEn Villabona se est\u00e1 desmantelando la UTE\u00bb - El Digital de Asturias","headline":"Isidro Mart\u00ednez Oblanca: \u201cEn Villabona se est\u00e1 desmantelando la UTE\u00bb","author":{"@id":"https:\/\/www.eldigitaldeasturias.com\/noticias\/author\/admin\/#author"},"publisher":{"@id":"https:\/\/www.eldigitaldeasturias.com\/noticias\/#organization"},"image":{"@type":"ImageObject","url":"https:\/\/www.eldigitaldeasturias.com\/noticias\/wp-content\/uploads\/2014\/10\/fotonoticia_20141022173852_800.jpg","width":800,"height":531},"datePublished":"2017-02-16T21:25:47+01:00","dateModified":"2017-02-16T21:25:47+01:00","inLanguage":"es-ES","mainEntityOfPage":{"@id":"https:\/\/www.eldigitaldeasturias.com\/noticias\/isidro-martinez-oblanca-en-villabona-se-esta-desmantelando-la-ute\/#webpage"},"isPartOf":{"@id":"https:\/\/www.eldigitaldeasturias.com\/noticias\/isidro-martinez-oblanca-en-villabona-se-esta-desmantelando-la-ute\/#webpage"},"articleSection":"Destacadas"},{"@type":"BreadcrumbList","@id":"https:\/\/www.eldigitaldeasturias.com\/noticias\/isidro-martinez-oblanca-en-villabona-se-esta-desmantelando-la-ute\/#breadcrumblist","itemListElement":[{"@type":"ListItem","@id":"https:\/\/www.eldigitaldeasturias.com\/noticias#listItem","position":1,"name":"Home","item":"https:\/\/www.eldigitaldeasturias.com\/noticias","nextItem":{"@type":"ListItem","@id":"https:\/\/www.eldigitaldeasturias.com\/noticias\/category\/destacadas\/#listItem","name":"Destacadas"}},{"@type":"ListItem","@id":"https:\/\/www.eldigitaldeasturias.com\/noticias\/category\/destacadas\/#listItem","position":2,"name":"Destacadas","item":"https:\/\/www.eldigitaldeasturias.com\/noticias\/category\/destacadas\/","nextItem":{"@type":"ListItem","@id":"https:\/\/www.eldigitaldeasturias.com\/noticias\/isidro-martinez-oblanca-en-villabona-se-esta-desmantelando-la-ute\/#listItem","name":"Isidro Mart\u00ednez Oblanca: \u201cEn Villabona se est\u00e1 desmantelando la UTE\u00bb"},"previousItem":{"@type":"ListItem","@id":"https:\/\/www.eldigitaldeasturias.com\/noticias#listItem","name":"Home"}},{"@type":"ListItem","@id":"https:\/\/www.eldigitaldeasturias.com\/noticias\/isidro-martinez-oblanca-en-villabona-se-esta-desmantelando-la-ute\/#listItem","position":3,"name":"Isidro Mart\u00ednez Oblanca: \u201cEn Villabona se est\u00e1 desmantelando la UTE\u00bb","previousItem":{"@type":"ListItem","@id":"https:\/\/www.eldigitaldeasturias.com\/noticias\/category\/destacadas\/#listItem","name":"Destacadas"}}]},{"@type":"Organization","@id":"https:\/\/www.eldigitaldeasturias.com\/noticias\/#organization","name":"El Digital de Asturias","description":"Hemeroteca","url":"https:\/\/www.eldigitaldeasturias.com\/noticias\/","email":"info@eldigitaldeasturias.com","telephone":"+34652131393","logo":{"@type":"ImageObject","url":"https:\/\/www.eldigitaldeasturias.com\/noticias\/wp-content\/uploads\/2020\/12\/EDA.jpg","@id":"https:\/\/www.eldigitaldeasturias.com\/noticias\/isidro-martinez-oblanca-en-villabona-se-esta-desmantelando-la-ute\/#organizationLogo","width":649,"height":297},"image":{"@id":"https:\/\/www.eldigitaldeasturias.com\/noticias\/isidro-martinez-oblanca-en-villabona-se-esta-desmantelando-la-ute\/#organizationLogo"},"sameAs":["https:\/\/facebook.com\/eldigitaldeasturias","https:\/\/www.youtube.com\/channel\/UCZP-2wLEB9Rv6erhFmqVnvg"],"address":{"@id":"https:\/\/www.eldigitaldeasturias.com\/noticias\/#postaladdress","@type":"PostalAddress","streetAddress":"san antonio 4,","postalCode":"33430","addressLocality":"Cand\u00e1s","addressRegion":"Asturias","addressCountry":"ES"}},{"@type":"Person","@id":"https:\/\/www.eldigitaldeasturias.com\/noticias\/author\/admin\/#author","url":"https:\/\/www.eldigitaldeasturias.com\/noticias\/author\/admin\/","name":"El Digital de Asturias","image":{"@type":"ImageObject","@id":"https:\/\/www.eldigitaldeasturias.com\/noticias\/isidro-martinez-oblanca-en-villabona-se-esta-desmantelando-la-ute\/#authorImage","url":"https:\/\/www.eldigitaldeasturias.com\/noticias\/wp-content\/litespeed\/avatar\/18677e78aa0546b92d9dbf31ec7d7668.jpg?ver=1777290358","width":96,"height":96,"caption":"El Digital de Asturias"}},{"@type":"WebPage","@id":"https:\/\/www.eldigitaldeasturias.com\/noticias\/isidro-martinez-oblanca-en-villabona-se-esta-desmantelando-la-ute\/#webpage","url":"https:\/\/www.eldigitaldeasturias.com\/noticias\/isidro-martinez-oblanca-en-villabona-se-esta-desmantelando-la-ute\/","name":"Isidro Mart\u00ednez Oblanca: \u201cEn Villabona se est\u00e1 desmantelando la UTE\u00bb - El Digital de Asturias","description":"El diputado nacional de FORO, Isidro Mart\u00ednez Oblanca, ha pedido hoy en el Congreso que el Gobierno incorpore en los pr\u00f3ximos Presupuestos Generales del Estado \u201cla construcci\u00f3n en Asturias del Centro de Inserci\u00f3n Social que estaba comprometido por Instituciones Penitenciarias para complementar el CIS \u2018El Urriellu\u2019 (Llanera) y para el que ya se dispone de","inLanguage":"es-ES","isPartOf":{"@id":"https:\/\/www.eldigitaldeasturias.com\/noticias\/#website"},"breadcrumb":{"@id":"https:\/\/www.eldigitaldeasturias.com\/noticias\/isidro-martinez-oblanca-en-villabona-se-esta-desmantelando-la-ute\/#breadcrumblist"},"author":{"@id":"https:\/\/www.eldigitaldeasturias.com\/noticias\/author\/admin\/#author"},"creator":{"@id":"https:\/\/www.eldigitaldeasturias.com\/noticias\/author\/admin\/#author"},"image":{"@type":"ImageObject","url":"https:\/\/www.eldigitaldeasturias.com\/noticias\/wp-content\/uploads\/2014\/10\/fotonoticia_20141022173852_800.jpg","@id":"https:\/\/www.eldigitaldeasturias.com\/noticias\/isidro-martinez-oblanca-en-villabona-se-esta-desmantelando-la-ute\/#mainImage","width":800,"height":531},"primaryImageOfPage":{"@id":"https:\/\/www.eldigitaldeasturias.com\/noticias\/isidro-martinez-oblanca-en-villabona-se-esta-desmantelando-la-ute\/#mainImage"},"datePublished":"2017-02-16T21:25:47+01:00","dateModified":"2017-02-16T21:25:47+01:00"},{"@type":"WebSite","@id":"https:\/\/www.eldigitaldeasturias.com\/noticias\/#website","url":"https:\/\/www.eldigitaldeasturias.com\/noticias\/","name":"El Digital de Asturias - Diario de actualidad y noticias","alternateName":"El Digital de Asturias - Diario de actualidad y noticias","description":"Hemeroteca","inLanguage":"es-ES","publisher":{"@id":"https:\/\/www.eldigitaldeasturias.com\/noticias\/#organization"}}]},"og:locale":"es_ES","og:site_name":"El Digital de Asturias","og:type":"article","og:title":"Isidro Mart\u00ednez Oblanca: \u201cEn Villabona se est\u00e1 desmantelando la UTE\u00bb - El Digital de Asturias","og:description":"El diputado nacional de FORO, Isidro Mart\u00ednez Oblanca, ha pedido hoy en el Congreso que el Gobierno incorpore en los pr\u00f3ximos Presupuestos Generales del Estado \u201cla construcci\u00f3n en Asturias del Centro de Inserci\u00f3n Social que estaba comprometido por Instituciones Penitenciarias para complementar el CIS \u2018El Urriellu\u2019 (Llanera) y para el que ya se dispone de","og:url":"https:\/\/www.eldigitaldeasturias.com\/noticias\/isidro-martinez-oblanca-en-villabona-se-esta-desmantelando-la-ute\/","og:image":"https:\/\/www.eldigitaldeasturias.com\/noticias\/wp-content\/uploads\/2014\/10\/fotonoticia_20141022173852_800.jpg","og:image:secure_url":"https:\/\/www.eldigitaldeasturias.com\/noticias\/wp-content\/uploads\/2014\/10\/fotonoticia_20141022173852_800.jpg","og:image:width":800,"og:image:height":531,"article:tag":["destacadas"],"article:published_time":"2017-02-16T21:25:47+00:00","article:modified_time":"2017-02-16T21:25:47+00:00","article:publisher":"https:\/\/facebook.com\/eldigitaldeasturias","twitter:card":"summary_large_image","twitter:title":"Isidro Mart\u00ednez Oblanca: \u201cEn Villabona se est\u00e1 desmantelando la UTE\u00bb - El Digital de Asturias","twitter:description":"El diputado nacional de FORO, Isidro Mart\u00ednez Oblanca, ha pedido hoy en el Congreso que el Gobierno incorpore en los pr\u00f3ximos Presupuestos Generales del Estado \u201cla construcci\u00f3n en Asturias del Centro de Inserci\u00f3n Social que estaba comprometido por Instituciones Penitenciarias para complementar el CIS \u2018El Urriellu\u2019 (Llanera) y para el que ya se dispone de","twitter:image":"https:\/\/www.eldigitaldeasturias.com\/noticias\/wp-content\/uploads\/2014\/10\/fotonoticia_20141022173852_800.jpg","twitter:label1":"Escrito por","twitter:data1":"El Digital de Asturias","twitter:label2":"Tiempo de lectura estimado","twitter:data2":"1 minuto"},"aioseo_meta_data":{"post_id":"926446","title":null,"description":null,"keywords":null,"keyphrases":null,"primary_term":null,"canonical_url":null,"og_title":null,"og_description":null,"og_object_type":"default","og_image_type":"default","og_image_url":null,"og_image_width":null,"og_image_height":null,"og_image_custom_url":null,"og_image_custom_fields":null,"og_video":null,"og_custom_url":null,"og_article_section":null,"og_article_tags":null,"twitter_use_og":false,"twitter_card":"default","twitter_image_type":"default","twitter_image_url":null,"twitter_image_custom_url":null,"twitter_image_custom_fields":null,"twitter_title":null,"twitter_description":null,"schema":{"blockGraphs":[],"customGraphs":[],"default":{"data":{"Article":[],"Course":[],"Dataset":[],"FAQPage":[],"Movie":[],"Person":[],"Product":[],"ProductReview":[],"Car":[],"Recipe":[],"Service":[],"SoftwareApplication":[],"WebPage":[]},"graphName":"","isEnabled":true},"graphs":[],"defaultGraph":"","defaultPostTypeGraph":""},"schema_type":null,"schema_type_options":null,"pillar_content":false,"robots_default":true,"robots_noindex":false,"robots_noarchive":false,"robots_nosnippet":false,"robots_nofollow":false,"robots_noimageindex":false,"robots_noodp":false,"robots_notranslate":false,"robots_max_snippet":null,"robots_max_videopreview":null,"robots_max_imagepreview":"large","priority":null,"frequency":null,"local_seo":null,"seo_analyzer_scan_date":"2025-12-03 07:02:09","breadcrumb_settings":null,"limit_modified_date":false,"open_ai":null,"ai":null,"created":"2020-12-21 13:38:43","updated":"2025-12-03 07:02:09"},"aioseo_breadcrumb":"<div class=\"aioseo-breadcrumbs\"><span class=\"aioseo-breadcrumb\">\n\t<a href=\"https:\/\/www.eldigitaldeasturias.com\/noticias\" title=\"Home\">Home<\/a>\n<\/span><span class=\"aioseo-breadcrumb-separator\">\u2013<\/span><span class=\"aioseo-breadcrumb\">\n\t<a href=\"https:\/\/www.eldigitaldeasturias.com\/noticias\/category\/destacadas\/\" title=\"Destacadas\">Destacadas<\/a>\n<\/span><span class=\"aioseo-breadcrumb-separator\">\u2013<\/span><span class=\"aioseo-breadcrumb\">\n\t<a href=\"https:\/\/www.eldigitaldeasturias.com\/noticias\/isidro-martinez-oblanca-en-villabona-se-esta-desmantelando-la-ute\/\" title=\"Isidro Mart\u00ednez Oblanca: \u201cEn Villabona se est\u00e1 desmantelando la UTE\u00bb\">Isidro Mart\u00ednez Oblanca: \u201cEn Villabona se est\u00e1 desmantelando la UTE\u00bb<\/a>\n<\/span><\/div>","aioseo_breadcrumb_json":[{"label":"Home","link":"https:\/\/www.eldigitaldeasturias.com\/noticias"},{"label":"Destacadas","link":"https:\/\/www.eldigitaldeasturias.com\/noticias\/category\/destacadas\/"},{"label":"Isidro Mart\u00ednez Oblanca: \u201cEn Villabona se est\u00e1 desmantelando la UTE\u00bb","link":"https:\/\/www.eldigitaldeasturias.com\/noticias\/isidro-martinez-oblanca-en-villabona-se-esta-desmantelando-la-ute\/"}],"_links":{"self":[{"href":"https:\/\/www.eldigitaldeasturias.com\/noticias\/wp-json\/wp\/v2\/posts\/926446","targetHints":{"allow":["GET"]}}],"collection":[{"href":"https:\/\/www.eldigitaldeasturias.com\/noticias\/wp-json\/wp\/v2\/posts"}],"about":[{"href":"https:\/\/www.eldigitaldeasturias.com\/noticias\/wp-json\/wp\/v2\/types\/post"}],"author":[{"embeddable":true,"href":"https:\/\/www.eldigitaldeasturias.com\/noticias\/wp-json\/wp\/v2\/users\/1"}],"replies":[{"embeddable":true,"href":"https:\/\/www.eldigitaldeasturias.com\/noticias\/wp-json\/wp\/v2\/comments?post=926446"}],"version-history":[{"count":0,"href":"https:\/\/www.eldigitaldeasturias.com\/noticias\/wp-json\/wp\/v2\/posts\/926446\/revisions"}],"wp:featuredmedia":[{"embeddable":true,"href":"https:\/\/www.eldigitaldeasturias.com\/noticias\/wp-json\/wp\/v2\/media\/657370"}],"wp:attachment":[{"href":"https:\/\/www.eldigitaldeasturias.com\/noticias\/wp-json\/wp\/v2\/media?parent=926446"}],"wp:term":[{"taxonomy":"category","embeddable":true,"href":"https:\/\/www.eldigitaldeasturias.com\/noticias\/wp-json\/wp\/v2\/categories?post=926446"},{"taxonomy":"post_tag","embeddable":true,"href":"https:\/\/www.eldigitaldeasturias.com\/noticias\/wp-json\/wp\/v2\/tags?post=926446"}],"curies":[{"name":"wp","href":"https:\/\/api.w.org\/{rel}","templated":true}]}}