{"id":926235,"date":"2017-02-15T19:01:11","date_gmt":"2017-02-15T19:01:11","guid":{"rendered":"http:\/\/www.eldigitaldeasturias.com\/noticias\/?p=926235"},"modified":"2017-02-15T19:01:38","modified_gmt":"2017-02-15T19:01:38","slug":"el-ipc-aumento-en-enero-de-2017-un-3","status":"publish","type":"post","link":"https:\/\/www.eldigitaldeasturias.com\/noticias\/el-ipc-aumento-en-enero-de-2017-un-3\/","title":{"rendered":"El IPC aument\u00f3 en enero de 2017 un 3%"},"content":{"rendered":"<p><img loading=\"lazy\" decoding=\"async\" class=\"alignleft size-medium wp-image-769073\" src=\"https:\/\/www.eldigitaldeasturias.com\/noticias\/wp-content\/uploads\/2015\/02\/comercio-360x240.jpg\" alt=\"\" width=\"360\" height=\"240\" srcset=\"https:\/\/www.eldigitaldeasturias.com\/noticias\/wp-content\/uploads\/2015\/02\/comercio-360x240.jpg 360w, https:\/\/www.eldigitaldeasturias.com\/noticias\/wp-content\/uploads\/2015\/02\/comercio-650x433.jpg 650w, https:\/\/www.eldigitaldeasturias.com\/noticias\/wp-content\/uploads\/2015\/02\/comercio-84x55.jpg 84w, https:\/\/www.eldigitaldeasturias.com\/noticias\/wp-content\/uploads\/2015\/02\/comercio.jpg 800w\" sizes=\"auto, (max-width: 360px) 100vw, 360px\" \/>El \u00cdndice de Precios de Consumo (IPC) aument\u00f3 en enero de 2017 un 3% en tasa interanual, 1,4 puntos m\u00e1s que en diciembre de 2016, seg\u00fan cifras publicadas por el Instituto Nacional de Estad\u00edstica (INE). La tasa que coincide con la adelantada por el INE a finales del pasado mes.<\/p>\n<p>\u200bEsta aceleraci\u00f3n se explica, principalmente, por la evoluci\u00f3n de los precios de los productos energ\u00e9ticos y, en particular, de electricidad y carburantes. En t\u00e9rminos intermensuales, el IPC general disminuy\u00f3 el 0,5% en enero, frente al descenso del 1,9% del mismo mes de 2016.<\/p>\n<p>Los precios de los productos energ\u00e9ticos crecieron un 17,5% interanual en enero, tras el aumento del 5,3% registrado en diciembre. Esta evoluci\u00f3n se explica por el repunte de los precios de la electricidad, que pasaron de crecer el 3,7% interanual en diciembre al 26,2% en enero, as\u00ed como de carburantes y combustibles, que pasaron de un crecimiento del 6% al 13,9%, debido en gran medida al efecto base derivado del fuerte descenso experimentado en enero de 2016.<\/p>\n<p>La inflaci\u00f3n de la alimentaci\u00f3n se situ\u00f3 en el 1,1% en diciembre, tres d\u00e9cimas por encima de la del mes precedente, debido a la aceleraci\u00f3n de los precios de los alimentos no elaborados, seis d\u00e9cimas hasta el 2,7%, as\u00ed como a la ligera aceleraci\u00f3n de los precios de la alimentaci\u00f3n elaborada, bebidas y tabaco, una d\u00e9cima hasta el 0,3% interanual. Destaca en la aceleraci\u00f3n de los precios de la alimentaci\u00f3n no elaborada el aumento de m\u00e1s de diez puntos del ritmo de crecimiento de legumbres y hortalizas frescas, hasta el 17,9%.<\/p>\n<p>La inflaci\u00f3n subyacente (que excluye la alimentaci\u00f3n no elaborada y la energ\u00eda, que son los elementos m\u00e1s vol\u00e1tiles del IPC) aument\u00f3 una d\u00e9cima en enero, hasta el 1,1%, debido a la aceleraci\u00f3n de los precios de los bienes industriales no energ\u00e9ticos (dos d\u00e9cimas, hasta el 0,8%) y de la alimentaci\u00f3n elaborada (una d\u00e9cima, hasta el 0,3%), parcialmente compensados por el menor ritmo de crecimiento de los precios de los servicios (1,3%, frente al 1,6% de diciembre). En t\u00e9rminos intermensuales, el IPC disminuy\u00f3 el 0,5% en enero de 2017, frente al retroceso del 1,9% de enero de 2016. Por componentes, los precios de los productos energ\u00e9ticos subieron un 4,6%, tras el descenso del 6,2% de un a\u00f1o antes; los de los servicios disminuyeron un 0,3%, tras la estabilizaci\u00f3n de los precios de enero de 2016; los de los bienes industriales no energ\u00e9ticos retrocedieron un 4,5%, ca\u00edda tres d\u00e9cimas menos acusada que la de enero del a\u00f1o anterior; y los de alimentaci\u00f3n aumentaron el 0,7%, dos d\u00e9cimas m\u00e1s que en enero de 2016.<\/p>\n<p>Dentro del grupo de alimentaci\u00f3n, los precios de los alimentos no elaborados registraron en enero de 2017 una tasa intermensual del 1,8%, cinco d\u00e9cimas superior a la del mismo mes de 2016, mientras que los de los alimentos elaborados subieron un 0,2%, una d\u00e9cima m\u00e1s que un a\u00f1o antes.<\/p>\n<p>La tasa interanual del IPC se increment\u00f3 en enero en todas las comunidades aut\u00f3nomas. Las mayores subidas se registraron en Castilla y Le\u00f3n (1,8 puntos, hasta el 3,4%) y en Castilla-La Mancha y Comunidad Valenciana (1,7 puntos en ambas, hasta el 3,3% y 3%, respectivamente). Los menores aumentos correspondieron a Comunidad Foral de Navarra (1,1 puntos, hasta el 2,9%) y a Canarias y Catalu\u00f1a, ambas con subidas de 1,2 puntos (hasta el 2,5% y 3,1%, respectivamente).<\/p>\n<blockquote><p><strong><em>La tasa interanual del IPC a impuestos constantes se situ\u00f3 en enero en el 3%, al igual que la del IPC general.<\/em><\/strong><\/p><\/blockquote>\n<p>El INE ha publicado asimismo el IPC armonizado (IPCA) correspondiente al mes de enero de 2017, cuya tasa de variaci\u00f3n interanual se sit\u00faa en el 2,9%, superior en 1,5 puntos a la de diciembre de 2016. Por su parte, la tasa adelantada por Eurostat para la zona euro se situ\u00f3 en el 1,8%, frente al 1,1% del mes previo, y la armonizada en el 0,9%.<\/p>\n<p>El IPC publicado hoy por el INE est\u00e1 elaborado con referencia a la nueva base 2016. Asimismo, como cada a\u00f1o, el INE ha actualizado las ponderaciones de los art\u00edculos que componen el IPC, reflejando tanto cambios en los patrones de consumo como revisiones metodol\u00f3gicas del \u00edndice y mejoras en la estimaci\u00f3n del gasto en consumo de los distintos art\u00edculos.<\/p>\n<p>&nbsp;<\/p>\n<p>&nbsp;<\/p>\n","protected":false},"excerpt":{"rendered":"<p>El \u00cdndice de Precios de Consumo (IPC) aument\u00f3 en enero de 2017 un 3% en tasa interanual, 1,4 puntos m\u00e1s que en diciembre de 2016, seg\u00fan cifras publicadas por el Instituto Nacional de Estad\u00edstica (INE). La tasa que coincide con la adelantada por el INE a finales del pasado mes. \u200bEsta aceleraci\u00f3n se explica, principalmente, [&hellip;]<\/p>\n","protected":false},"author":1,"featured_media":769073,"comment_status":"closed","ping_status":"closed","sticky":false,"template":"","format":"standard","meta":{"footnotes":""},"categories":[141],"tags":[],"class_list":["post-926235","post","type-post","status-publish","format-standard","has-post-thumbnail","hentry","category-destacadas"],"aioseo_notices":[],"aioseo_head":"\n\t\t<!-- All in One SEO Pro 4.9.6.2 - aioseo.com -->\n\t<meta name=\"description\" content=\"El \u00cdndice de Precios de Consumo (IPC) aument\u00f3 en enero de 2017 un 3% en tasa interanual, 1,4 puntos m\u00e1s que en diciembre de 2016, seg\u00fan cifras publicadas por el Instituto Nacional de Estad\u00edstica (INE). La tasa que coincide con la adelantada por el INE a finales del pasado mes. \u200bEsta aceleraci\u00f3n se explica, principalmente,\" \/>\n\t<meta name=\"robots\" content=\"max-image-preview:large\" \/>\n\t<meta name=\"author\" content=\"El Digital de Asturias\"\/>\n\t<meta name=\"google-site-verification\" content=\"UA-38556648-1\" \/>\n\t<meta name=\"msvalidate.01\" content=\"7dfe9f3f1b24437ab69f4f2559babe99\" \/>\n\t<meta name=\"keywords\" content=\"destacadas\" \/>\n\t<link rel=\"canonical\" href=\"https:\/\/www.eldigitaldeasturias.com\/noticias\/el-ipc-aumento-en-enero-de-2017-un-3\/\" \/>\n\t<meta name=\"generator\" content=\"All in One SEO Pro (AIOSEO) 4.9.6.2\" \/>\n\t\t<meta property=\"og:locale\" content=\"es_ES\" \/>\n\t\t<meta property=\"og:site_name\" content=\"El Digital de Asturias\" \/>\n\t\t<meta property=\"og:type\" content=\"article\" \/>\n\t\t<meta property=\"og:title\" content=\"El IPC aument\u00f3 en enero de 2017 un 3% - El Digital de Asturias\" \/>\n\t\t<meta property=\"og:description\" content=\"El \u00cdndice de Precios de Consumo (IPC) aument\u00f3 en enero de 2017 un 3% en tasa interanual, 1,4 puntos m\u00e1s que en diciembre de 2016, seg\u00fan cifras publicadas por el Instituto Nacional de Estad\u00edstica (INE). La tasa que coincide con la adelantada por el INE a finales del pasado mes. \u200bEsta aceleraci\u00f3n se explica, principalmente,\" \/>\n\t\t<meta property=\"og:url\" content=\"https:\/\/www.eldigitaldeasturias.com\/noticias\/el-ipc-aumento-en-enero-de-2017-un-3\/\" \/>\n\t\t<meta property=\"og:image\" content=\"https:\/\/www.eldigitaldeasturias.com\/noticias\/wp-content\/uploads\/2015\/02\/comercio.jpg\" \/>\n\t\t<meta property=\"og:image:secure_url\" content=\"https:\/\/www.eldigitaldeasturias.com\/noticias\/wp-content\/uploads\/2015\/02\/comercio.jpg\" \/>\n\t\t<meta property=\"og:image:width\" content=\"800\" \/>\n\t\t<meta property=\"og:image:height\" content=\"533\" \/>\n\t\t<meta property=\"article:tag\" content=\"destacadas\" \/>\n\t\t<meta property=\"article:published_time\" content=\"2017-02-15T19:01:11+00:00\" \/>\n\t\t<meta property=\"article:modified_time\" content=\"2017-02-15T19:01:38+00:00\" \/>\n\t\t<meta property=\"article:publisher\" content=\"https:\/\/facebook.com\/eldigitaldeasturias\" \/>\n\t\t<meta name=\"twitter:card\" content=\"summary_large_image\" \/>\n\t\t<meta name=\"twitter:title\" content=\"El IPC aument\u00f3 en enero de 2017 un 3% - El Digital de Asturias\" \/>\n\t\t<meta name=\"twitter:description\" content=\"El \u00cdndice de Precios de Consumo (IPC) aument\u00f3 en enero de 2017 un 3% en tasa interanual, 1,4 puntos m\u00e1s que en diciembre de 2016, seg\u00fan cifras publicadas por el Instituto Nacional de Estad\u00edstica (INE). La tasa que coincide con la adelantada por el INE a finales del pasado mes. \u200bEsta aceleraci\u00f3n se explica, principalmente,\" \/>\n\t\t<meta name=\"twitter:image\" content=\"https:\/\/www.eldigitaldeasturias.com\/noticias\/wp-content\/uploads\/2015\/02\/comercio.jpg\" \/>\n\t\t<meta name=\"twitter:label1\" content=\"Escrito por\" \/>\n\t\t<meta name=\"twitter:data1\" content=\"El Digital de Asturias\" \/>\n\t\t<meta name=\"twitter:label2\" content=\"Tiempo de lectura estimado\" \/>\n\t\t<meta name=\"twitter:data2\" content=\"4 minutos\" \/>\n\t\t<script type=\"application\/ld+json\" class=\"aioseo-schema\">\n\t\t\t{\"@context\":\"https:\\\/\\\/schema.org\",\"@graph\":[{\"@type\":\"BlogPosting\",\"@id\":\"https:\\\/\\\/www.eldigitaldeasturias.com\\\/noticias\\\/el-ipc-aumento-en-enero-de-2017-un-3\\\/#blogposting\",\"name\":\"El IPC aument\\u00f3 en enero de 2017 un 3% - El Digital de Asturias\",\"headline\":\"El IPC aument\\u00f3 en enero de 2017 un 3%\",\"author\":{\"@id\":\"https:\\\/\\\/www.eldigitaldeasturias.com\\\/noticias\\\/author\\\/admin\\\/#author\"},\"publisher\":{\"@id\":\"https:\\\/\\\/www.eldigitaldeasturias.com\\\/noticias\\\/#organization\"},\"image\":{\"@type\":\"ImageObject\",\"url\":\"https:\\\/\\\/www.eldigitaldeasturias.com\\\/noticias\\\/wp-content\\\/uploads\\\/2015\\\/02\\\/comercio.jpg\",\"width\":800,\"height\":533},\"datePublished\":\"2017-02-15T19:01:11+01:00\",\"dateModified\":\"2017-02-15T19:01:38+01:00\",\"inLanguage\":\"es-ES\",\"mainEntityOfPage\":{\"@id\":\"https:\\\/\\\/www.eldigitaldeasturias.com\\\/noticias\\\/el-ipc-aumento-en-enero-de-2017-un-3\\\/#webpage\"},\"isPartOf\":{\"@id\":\"https:\\\/\\\/www.eldigitaldeasturias.com\\\/noticias\\\/el-ipc-aumento-en-enero-de-2017-un-3\\\/#webpage\"},\"articleSection\":\"Destacadas\"},{\"@type\":\"BreadcrumbList\",\"@id\":\"https:\\\/\\\/www.eldigitaldeasturias.com\\\/noticias\\\/el-ipc-aumento-en-enero-de-2017-un-3\\\/#breadcrumblist\",\"itemListElement\":[{\"@type\":\"ListItem\",\"@id\":\"https:\\\/\\\/www.eldigitaldeasturias.com\\\/noticias#listItem\",\"position\":1,\"name\":\"Home\",\"item\":\"https:\\\/\\\/www.eldigitaldeasturias.com\\\/noticias\",\"nextItem\":{\"@type\":\"ListItem\",\"@id\":\"https:\\\/\\\/www.eldigitaldeasturias.com\\\/noticias\\\/category\\\/destacadas\\\/#listItem\",\"name\":\"Destacadas\"}},{\"@type\":\"ListItem\",\"@id\":\"https:\\\/\\\/www.eldigitaldeasturias.com\\\/noticias\\\/category\\\/destacadas\\\/#listItem\",\"position\":2,\"name\":\"Destacadas\",\"item\":\"https:\\\/\\\/www.eldigitaldeasturias.com\\\/noticias\\\/category\\\/destacadas\\\/\",\"nextItem\":{\"@type\":\"ListItem\",\"@id\":\"https:\\\/\\\/www.eldigitaldeasturias.com\\\/noticias\\\/el-ipc-aumento-en-enero-de-2017-un-3\\\/#listItem\",\"name\":\"El IPC aument\\u00f3 en enero de 2017 un 3%\"},\"previousItem\":{\"@type\":\"ListItem\",\"@id\":\"https:\\\/\\\/www.eldigitaldeasturias.com\\\/noticias#listItem\",\"name\":\"Home\"}},{\"@type\":\"ListItem\",\"@id\":\"https:\\\/\\\/www.eldigitaldeasturias.com\\\/noticias\\\/el-ipc-aumento-en-enero-de-2017-un-3\\\/#listItem\",\"position\":3,\"name\":\"El IPC aument\\u00f3 en enero de 2017 un 3%\",\"previousItem\":{\"@type\":\"ListItem\",\"@id\":\"https:\\\/\\\/www.eldigitaldeasturias.com\\\/noticias\\\/category\\\/destacadas\\\/#listItem\",\"name\":\"Destacadas\"}}]},{\"@type\":\"Organization\",\"@id\":\"https:\\\/\\\/www.eldigitaldeasturias.com\\\/noticias\\\/#organization\",\"name\":\"El Digital de Asturias\",\"description\":\"Hemeroteca\",\"url\":\"https:\\\/\\\/www.eldigitaldeasturias.com\\\/noticias\\\/\",\"email\":\"info@eldigitaldeasturias.com\",\"telephone\":\"+34652131393\",\"logo\":{\"@type\":\"ImageObject\",\"url\":\"https:\\\/\\\/www.eldigitaldeasturias.com\\\/noticias\\\/wp-content\\\/uploads\\\/2020\\\/12\\\/EDA.jpg\",\"@id\":\"https:\\\/\\\/www.eldigitaldeasturias.com\\\/noticias\\\/el-ipc-aumento-en-enero-de-2017-un-3\\\/#organizationLogo\",\"width\":649,\"height\":297},\"image\":{\"@id\":\"https:\\\/\\\/www.eldigitaldeasturias.com\\\/noticias\\\/el-ipc-aumento-en-enero-de-2017-un-3\\\/#organizationLogo\"},\"sameAs\":[\"https:\\\/\\\/facebook.com\\\/eldigitaldeasturias\",\"https:\\\/\\\/www.youtube.com\\\/channel\\\/UCZP-2wLEB9Rv6erhFmqVnvg\"],\"address\":{\"@id\":\"https:\\\/\\\/www.eldigitaldeasturias.com\\\/noticias\\\/#postaladdress\",\"@type\":\"PostalAddress\",\"streetAddress\":\"san antonio 4,\",\"postalCode\":\"33430\",\"addressLocality\":\"Cand\\u00e1s\",\"addressRegion\":\"Asturias\",\"addressCountry\":\"ES\"}},{\"@type\":\"Person\",\"@id\":\"https:\\\/\\\/www.eldigitaldeasturias.com\\\/noticias\\\/author\\\/admin\\\/#author\",\"url\":\"https:\\\/\\\/www.eldigitaldeasturias.com\\\/noticias\\\/author\\\/admin\\\/\",\"name\":\"El Digital de Asturias\",\"image\":{\"@type\":\"ImageObject\",\"@id\":\"https:\\\/\\\/www.eldigitaldeasturias.com\\\/noticias\\\/el-ipc-aumento-en-enero-de-2017-un-3\\\/#authorImage\",\"url\":\"https:\\\/\\\/www.eldigitaldeasturias.com\\\/noticias\\\/wp-content\\\/litespeed\\\/avatar\\\/18677e78aa0546b92d9dbf31ec7d7668.jpg?ver=1777290358\",\"width\":96,\"height\":96,\"caption\":\"El Digital de Asturias\"}},{\"@type\":\"WebPage\",\"@id\":\"https:\\\/\\\/www.eldigitaldeasturias.com\\\/noticias\\\/el-ipc-aumento-en-enero-de-2017-un-3\\\/#webpage\",\"url\":\"https:\\\/\\\/www.eldigitaldeasturias.com\\\/noticias\\\/el-ipc-aumento-en-enero-de-2017-un-3\\\/\",\"name\":\"El IPC aument\\u00f3 en enero de 2017 un 3% - El Digital de Asturias\",\"description\":\"El \\u00cdndice de Precios de Consumo (IPC) aument\\u00f3 en enero de 2017 un 3% en tasa interanual, 1,4 puntos m\\u00e1s que en diciembre de 2016, seg\\u00fan cifras publicadas por el Instituto Nacional de Estad\\u00edstica (INE). La tasa que coincide con la adelantada por el INE a finales del pasado mes. \\u200bEsta aceleraci\\u00f3n se explica, principalmente,\",\"inLanguage\":\"es-ES\",\"isPartOf\":{\"@id\":\"https:\\\/\\\/www.eldigitaldeasturias.com\\\/noticias\\\/#website\"},\"breadcrumb\":{\"@id\":\"https:\\\/\\\/www.eldigitaldeasturias.com\\\/noticias\\\/el-ipc-aumento-en-enero-de-2017-un-3\\\/#breadcrumblist\"},\"author\":{\"@id\":\"https:\\\/\\\/www.eldigitaldeasturias.com\\\/noticias\\\/author\\\/admin\\\/#author\"},\"creator\":{\"@id\":\"https:\\\/\\\/www.eldigitaldeasturias.com\\\/noticias\\\/author\\\/admin\\\/#author\"},\"image\":{\"@type\":\"ImageObject\",\"url\":\"https:\\\/\\\/www.eldigitaldeasturias.com\\\/noticias\\\/wp-content\\\/uploads\\\/2015\\\/02\\\/comercio.jpg\",\"@id\":\"https:\\\/\\\/www.eldigitaldeasturias.com\\\/noticias\\\/el-ipc-aumento-en-enero-de-2017-un-3\\\/#mainImage\",\"width\":800,\"height\":533},\"primaryImageOfPage\":{\"@id\":\"https:\\\/\\\/www.eldigitaldeasturias.com\\\/noticias\\\/el-ipc-aumento-en-enero-de-2017-un-3\\\/#mainImage\"},\"datePublished\":\"2017-02-15T19:01:11+01:00\",\"dateModified\":\"2017-02-15T19:01:38+01:00\"},{\"@type\":\"WebSite\",\"@id\":\"https:\\\/\\\/www.eldigitaldeasturias.com\\\/noticias\\\/#website\",\"url\":\"https:\\\/\\\/www.eldigitaldeasturias.com\\\/noticias\\\/\",\"name\":\"El Digital de Asturias - Diario de actualidad y noticias\",\"alternateName\":\"El Digital de Asturias - Diario de actualidad y noticias\",\"description\":\"Hemeroteca\",\"inLanguage\":\"es-ES\",\"publisher\":{\"@id\":\"https:\\\/\\\/www.eldigitaldeasturias.com\\\/noticias\\\/#organization\"}}]}\n\t\t<\/script>\n\t\t<!-- All in One SEO Pro -->\r\n\t\t<title>El IPC aument\u00f3 en enero de 2017 un 3% - El Digital de Asturias<\/title>\n\n","aioseo_head_json":{"title":"El IPC aument\u00f3 en enero de 2017 un 3% - El Digital de Asturias","description":"El \u00cdndice de Precios de Consumo (IPC) aument\u00f3 en enero de 2017 un 3% en tasa interanual, 1,4 puntos m\u00e1s que en diciembre de 2016, seg\u00fan cifras publicadas por el Instituto Nacional de Estad\u00edstica (INE). La tasa que coincide con la adelantada por el INE a finales del pasado mes. \u200bEsta aceleraci\u00f3n se explica, principalmente,","canonical_url":"https:\/\/www.eldigitaldeasturias.com\/noticias\/el-ipc-aumento-en-enero-de-2017-un-3\/","robots":"max-image-preview:large","keywords":"destacadas","webmasterTools":{"google-site-verification":"UA-38556648-1","msvalidate.01":"7dfe9f3f1b24437ab69f4f2559babe99","miscellaneous":""},"schema":{"@context":"https:\/\/schema.org","@graph":[{"@type":"BlogPosting","@id":"https:\/\/www.eldigitaldeasturias.com\/noticias\/el-ipc-aumento-en-enero-de-2017-un-3\/#blogposting","name":"El IPC aument\u00f3 en enero de 2017 un 3% - El Digital de Asturias","headline":"El IPC aument\u00f3 en enero de 2017 un 3%","author":{"@id":"https:\/\/www.eldigitaldeasturias.com\/noticias\/author\/admin\/#author"},"publisher":{"@id":"https:\/\/www.eldigitaldeasturias.com\/noticias\/#organization"},"image":{"@type":"ImageObject","url":"https:\/\/www.eldigitaldeasturias.com\/noticias\/wp-content\/uploads\/2015\/02\/comercio.jpg","width":800,"height":533},"datePublished":"2017-02-15T19:01:11+01:00","dateModified":"2017-02-15T19:01:38+01:00","inLanguage":"es-ES","mainEntityOfPage":{"@id":"https:\/\/www.eldigitaldeasturias.com\/noticias\/el-ipc-aumento-en-enero-de-2017-un-3\/#webpage"},"isPartOf":{"@id":"https:\/\/www.eldigitaldeasturias.com\/noticias\/el-ipc-aumento-en-enero-de-2017-un-3\/#webpage"},"articleSection":"Destacadas"},{"@type":"BreadcrumbList","@id":"https:\/\/www.eldigitaldeasturias.com\/noticias\/el-ipc-aumento-en-enero-de-2017-un-3\/#breadcrumblist","itemListElement":[{"@type":"ListItem","@id":"https:\/\/www.eldigitaldeasturias.com\/noticias#listItem","position":1,"name":"Home","item":"https:\/\/www.eldigitaldeasturias.com\/noticias","nextItem":{"@type":"ListItem","@id":"https:\/\/www.eldigitaldeasturias.com\/noticias\/category\/destacadas\/#listItem","name":"Destacadas"}},{"@type":"ListItem","@id":"https:\/\/www.eldigitaldeasturias.com\/noticias\/category\/destacadas\/#listItem","position":2,"name":"Destacadas","item":"https:\/\/www.eldigitaldeasturias.com\/noticias\/category\/destacadas\/","nextItem":{"@type":"ListItem","@id":"https:\/\/www.eldigitaldeasturias.com\/noticias\/el-ipc-aumento-en-enero-de-2017-un-3\/#listItem","name":"El IPC aument\u00f3 en enero de 2017 un 3%"},"previousItem":{"@type":"ListItem","@id":"https:\/\/www.eldigitaldeasturias.com\/noticias#listItem","name":"Home"}},{"@type":"ListItem","@id":"https:\/\/www.eldigitaldeasturias.com\/noticias\/el-ipc-aumento-en-enero-de-2017-un-3\/#listItem","position":3,"name":"El IPC aument\u00f3 en enero de 2017 un 3%","previousItem":{"@type":"ListItem","@id":"https:\/\/www.eldigitaldeasturias.com\/noticias\/category\/destacadas\/#listItem","name":"Destacadas"}}]},{"@type":"Organization","@id":"https:\/\/www.eldigitaldeasturias.com\/noticias\/#organization","name":"El Digital de Asturias","description":"Hemeroteca","url":"https:\/\/www.eldigitaldeasturias.com\/noticias\/","email":"info@eldigitaldeasturias.com","telephone":"+34652131393","logo":{"@type":"ImageObject","url":"https:\/\/www.eldigitaldeasturias.com\/noticias\/wp-content\/uploads\/2020\/12\/EDA.jpg","@id":"https:\/\/www.eldigitaldeasturias.com\/noticias\/el-ipc-aumento-en-enero-de-2017-un-3\/#organizationLogo","width":649,"height":297},"image":{"@id":"https:\/\/www.eldigitaldeasturias.com\/noticias\/el-ipc-aumento-en-enero-de-2017-un-3\/#organizationLogo"},"sameAs":["https:\/\/facebook.com\/eldigitaldeasturias","https:\/\/www.youtube.com\/channel\/UCZP-2wLEB9Rv6erhFmqVnvg"],"address":{"@id":"https:\/\/www.eldigitaldeasturias.com\/noticias\/#postaladdress","@type":"PostalAddress","streetAddress":"san antonio 4,","postalCode":"33430","addressLocality":"Cand\u00e1s","addressRegion":"Asturias","addressCountry":"ES"}},{"@type":"Person","@id":"https:\/\/www.eldigitaldeasturias.com\/noticias\/author\/admin\/#author","url":"https:\/\/www.eldigitaldeasturias.com\/noticias\/author\/admin\/","name":"El Digital de Asturias","image":{"@type":"ImageObject","@id":"https:\/\/www.eldigitaldeasturias.com\/noticias\/el-ipc-aumento-en-enero-de-2017-un-3\/#authorImage","url":"https:\/\/www.eldigitaldeasturias.com\/noticias\/wp-content\/litespeed\/avatar\/18677e78aa0546b92d9dbf31ec7d7668.jpg?ver=1777290358","width":96,"height":96,"caption":"El Digital de Asturias"}},{"@type":"WebPage","@id":"https:\/\/www.eldigitaldeasturias.com\/noticias\/el-ipc-aumento-en-enero-de-2017-un-3\/#webpage","url":"https:\/\/www.eldigitaldeasturias.com\/noticias\/el-ipc-aumento-en-enero-de-2017-un-3\/","name":"El IPC aument\u00f3 en enero de 2017 un 3% - El Digital de Asturias","description":"El \u00cdndice de Precios de Consumo (IPC) aument\u00f3 en enero de 2017 un 3% en tasa interanual, 1,4 puntos m\u00e1s que en diciembre de 2016, seg\u00fan cifras publicadas por el Instituto Nacional de Estad\u00edstica (INE). La tasa que coincide con la adelantada por el INE a finales del pasado mes. \u200bEsta aceleraci\u00f3n se explica, principalmente,","inLanguage":"es-ES","isPartOf":{"@id":"https:\/\/www.eldigitaldeasturias.com\/noticias\/#website"},"breadcrumb":{"@id":"https:\/\/www.eldigitaldeasturias.com\/noticias\/el-ipc-aumento-en-enero-de-2017-un-3\/#breadcrumblist"},"author":{"@id":"https:\/\/www.eldigitaldeasturias.com\/noticias\/author\/admin\/#author"},"creator":{"@id":"https:\/\/www.eldigitaldeasturias.com\/noticias\/author\/admin\/#author"},"image":{"@type":"ImageObject","url":"https:\/\/www.eldigitaldeasturias.com\/noticias\/wp-content\/uploads\/2015\/02\/comercio.jpg","@id":"https:\/\/www.eldigitaldeasturias.com\/noticias\/el-ipc-aumento-en-enero-de-2017-un-3\/#mainImage","width":800,"height":533},"primaryImageOfPage":{"@id":"https:\/\/www.eldigitaldeasturias.com\/noticias\/el-ipc-aumento-en-enero-de-2017-un-3\/#mainImage"},"datePublished":"2017-02-15T19:01:11+01:00","dateModified":"2017-02-15T19:01:38+01:00"},{"@type":"WebSite","@id":"https:\/\/www.eldigitaldeasturias.com\/noticias\/#website","url":"https:\/\/www.eldigitaldeasturias.com\/noticias\/","name":"El Digital de Asturias - Diario de actualidad y noticias","alternateName":"El Digital de Asturias - Diario de actualidad y noticias","description":"Hemeroteca","inLanguage":"es-ES","publisher":{"@id":"https:\/\/www.eldigitaldeasturias.com\/noticias\/#organization"}}]},"og:locale":"es_ES","og:site_name":"El Digital de Asturias","og:type":"article","og:title":"El IPC aument\u00f3 en enero de 2017 un 3% - El Digital de Asturias","og:description":"El \u00cdndice de Precios de Consumo (IPC) aument\u00f3 en enero de 2017 un 3% en tasa interanual, 1,4 puntos m\u00e1s que en diciembre de 2016, seg\u00fan cifras publicadas por el Instituto Nacional de Estad\u00edstica (INE). La tasa que coincide con la adelantada por el INE a finales del pasado mes. \u200bEsta aceleraci\u00f3n se explica, principalmente,","og:url":"https:\/\/www.eldigitaldeasturias.com\/noticias\/el-ipc-aumento-en-enero-de-2017-un-3\/","og:image":"https:\/\/www.eldigitaldeasturias.com\/noticias\/wp-content\/uploads\/2015\/02\/comercio.jpg","og:image:secure_url":"https:\/\/www.eldigitaldeasturias.com\/noticias\/wp-content\/uploads\/2015\/02\/comercio.jpg","og:image:width":800,"og:image:height":533,"article:tag":["destacadas"],"article:published_time":"2017-02-15T19:01:11+00:00","article:modified_time":"2017-02-15T19:01:38+00:00","article:publisher":"https:\/\/facebook.com\/eldigitaldeasturias","twitter:card":"summary_large_image","twitter:title":"El IPC aument\u00f3 en enero de 2017 un 3% - El Digital de Asturias","twitter:description":"El \u00cdndice de Precios de Consumo (IPC) aument\u00f3 en enero de 2017 un 3% en tasa interanual, 1,4 puntos m\u00e1s que en diciembre de 2016, seg\u00fan cifras publicadas por el Instituto Nacional de Estad\u00edstica (INE). La tasa que coincide con la adelantada por el INE a finales del pasado mes. \u200bEsta aceleraci\u00f3n se explica, principalmente,","twitter:image":"https:\/\/www.eldigitaldeasturias.com\/noticias\/wp-content\/uploads\/2015\/02\/comercio.jpg","twitter:label1":"Escrito por","twitter:data1":"El Digital de Asturias","twitter:label2":"Tiempo de lectura estimado","twitter:data2":"4 minutos"},"aioseo_meta_data":{"post_id":"926235","title":null,"description":null,"keywords":null,"keyphrases":null,"primary_term":null,"canonical_url":null,"og_title":null,"og_description":null,"og_object_type":"default","og_image_type":"default","og_image_url":null,"og_image_width":null,"og_image_height":null,"og_image_custom_url":null,"og_image_custom_fields":null,"og_video":null,"og_custom_url":null,"og_article_section":null,"og_article_tags":null,"twitter_use_og":false,"twitter_card":"default","twitter_image_type":"default","twitter_image_url":null,"twitter_image_custom_url":null,"twitter_image_custom_fields":null,"twitter_title":null,"twitter_description":null,"schema":{"blockGraphs":[],"customGraphs":[],"default":{"data":{"Article":[],"Course":[],"Dataset":[],"FAQPage":[],"Movie":[],"Person":[],"Product":[],"ProductReview":[],"Car":[],"Recipe":[],"Service":[],"SoftwareApplication":[],"WebPage":[]},"graphName":"","isEnabled":true},"graphs":[],"defaultGraph":"","defaultPostTypeGraph":""},"schema_type":null,"schema_type_options":null,"pillar_content":false,"robots_default":true,"robots_noindex":false,"robots_noarchive":false,"robots_nosnippet":false,"robots_nofollow":false,"robots_noimageindex":false,"robots_noodp":false,"robots_notranslate":false,"robots_max_snippet":null,"robots_max_videopreview":null,"robots_max_imagepreview":"large","priority":null,"frequency":null,"local_seo":null,"seo_analyzer_scan_date":"2025-12-03 06:21:09","breadcrumb_settings":null,"limit_modified_date":false,"open_ai":null,"ai":null,"created":"2020-12-21 13:39:34","updated":"2025-12-03 06:21:09"},"aioseo_breadcrumb":"<div class=\"aioseo-breadcrumbs\"><span class=\"aioseo-breadcrumb\">\n\t<a href=\"https:\/\/www.eldigitaldeasturias.com\/noticias\" title=\"Home\">Home<\/a>\n<\/span><span class=\"aioseo-breadcrumb-separator\">\u2013<\/span><span class=\"aioseo-breadcrumb\">\n\t<a href=\"https:\/\/www.eldigitaldeasturias.com\/noticias\/category\/destacadas\/\" title=\"Destacadas\">Destacadas<\/a>\n<\/span><span class=\"aioseo-breadcrumb-separator\">\u2013<\/span><span class=\"aioseo-breadcrumb\">\n\t<a href=\"https:\/\/www.eldigitaldeasturias.com\/noticias\/el-ipc-aumento-en-enero-de-2017-un-3\/\" title=\"El IPC aument\u00f3 en enero de 2017 un 3%\">El IPC aument\u00f3 en enero de 2017 un 3%<\/a>\n<\/span><\/div>","aioseo_breadcrumb_json":[{"label":"Home","link":"https:\/\/www.eldigitaldeasturias.com\/noticias"},{"label":"Destacadas","link":"https:\/\/www.eldigitaldeasturias.com\/noticias\/category\/destacadas\/"},{"label":"El IPC aument\u00f3 en enero de 2017 un 3%","link":"https:\/\/www.eldigitaldeasturias.com\/noticias\/el-ipc-aumento-en-enero-de-2017-un-3\/"}],"_links":{"self":[{"href":"https:\/\/www.eldigitaldeasturias.com\/noticias\/wp-json\/wp\/v2\/posts\/926235","targetHints":{"allow":["GET"]}}],"collection":[{"href":"https:\/\/www.eldigitaldeasturias.com\/noticias\/wp-json\/wp\/v2\/posts"}],"about":[{"href":"https:\/\/www.eldigitaldeasturias.com\/noticias\/wp-json\/wp\/v2\/types\/post"}],"author":[{"embeddable":true,"href":"https:\/\/www.eldigitaldeasturias.com\/noticias\/wp-json\/wp\/v2\/users\/1"}],"replies":[{"embeddable":true,"href":"https:\/\/www.eldigitaldeasturias.com\/noticias\/wp-json\/wp\/v2\/comments?post=926235"}],"version-history":[{"count":0,"href":"https:\/\/www.eldigitaldeasturias.com\/noticias\/wp-json\/wp\/v2\/posts\/926235\/revisions"}],"wp:featuredmedia":[{"embeddable":true,"href":"https:\/\/www.eldigitaldeasturias.com\/noticias\/wp-json\/wp\/v2\/media\/769073"}],"wp:attachment":[{"href":"https:\/\/www.eldigitaldeasturias.com\/noticias\/wp-json\/wp\/v2\/media?parent=926235"}],"wp:term":[{"taxonomy":"category","embeddable":true,"href":"https:\/\/www.eldigitaldeasturias.com\/noticias\/wp-json\/wp\/v2\/categories?post=926235"},{"taxonomy":"post_tag","embeddable":true,"href":"https:\/\/www.eldigitaldeasturias.com\/noticias\/wp-json\/wp\/v2\/tags?post=926235"}],"curies":[{"name":"wp","href":"https:\/\/api.w.org\/{rel}","templated":true}]}}