{"id":926152,"date":"2017-02-14T21:16:00","date_gmt":"2017-02-14T21:16:00","guid":{"rendered":"http:\/\/www.eldigitaldeasturias.com\/noticias\/?p=926152"},"modified":"2017-02-14T21:16:30","modified_gmt":"2017-02-14T21:16:30","slug":"miguel-angel-revilla-considera-loable-y-justa-la-iniciativa-de-merp","status":"publish","type":"post","link":"https:\/\/www.eldigitaldeasturias.com\/noticias\/miguel-angel-revilla-considera-loable-y-justa-la-iniciativa-de-merp\/","title":{"rendered":"Miguel \u00c1ngel Revilla considera \u00abloable y justa\u00bb la iniciativa de MERP"},"content":{"rendered":"<p><img loading=\"lazy\" decoding=\"async\" class=\"alignleft size-medium wp-image-926153\" src=\"https:\/\/www.eldigitaldeasturias.com\/noticias\/wp-content\/uploads\/2017\/02\/Revilla-MERP-360x240.jpg\" alt=\"\" width=\"360\" height=\"240\" srcset=\"https:\/\/www.eldigitaldeasturias.com\/noticias\/wp-content\/uploads\/2017\/02\/Revilla-MERP-360x240.jpg 360w, https:\/\/www.eldigitaldeasturias.com\/noticias\/wp-content\/uploads\/2017\/02\/Revilla-MERP-768x512.jpg 768w, https:\/\/www.eldigitaldeasturias.com\/noticias\/wp-content\/uploads\/2017\/02\/Revilla-MERP-650x433.jpg 650w, https:\/\/www.eldigitaldeasturias.com\/noticias\/wp-content\/uploads\/2017\/02\/Revilla-MERP-84x55.jpg 84w, https:\/\/www.eldigitaldeasturias.com\/noticias\/wp-content\/uploads\/2017\/02\/Revilla-MERP-49x32.jpg 49w, https:\/\/www.eldigitaldeasturias.com\/noticias\/wp-content\/uploads\/2017\/02\/Revilla-MERP.jpg 800w\" sizes=\"auto, (max-width: 360px) 100vw, 360px\" \/>El presidente de Cantabria, Miguel \u00c1ngel Revilla, se ha adherido a la propuesta de la Mesa Estatal Pro Refer\u00e9ndum de las Pensiones (MERP) para blindar constitucionalmente las pensiones y garantizar de esa forma se\u00a0poder adquisitivo.<\/p>\n<p>Se ha unido as\u00ed a las 95 personalidades de la cultura, las artes, la ciencia y el deporte que ya se han sumado a esta iniciativa.<\/p>\n<p>A su juicio, conseguir que en la Constituci\u00f3n se proh\u00edba expresamente la p\u00e9rdida de poder adquisitivo de las pensiones es una propuesta \u00abjusta\u00bb que deber\u00eda suscribir \u00abcualquier persona medianamente decente y solidaria\u00bb.<\/p>\n<p>Revilla se ha reunido hoy con representantes de la MERP, de la que forman parte 170 organizaciones, a los que ha traslado su compromiso de defender su iniciativa como presidente de Cantabria y como secretario general del PRC.<\/p>\n<p>En su opini\u00f3n, si con el art\u00edculo 135 se ha blindado el endeudamiento, tambi\u00e9n se tendr\u00eda que poder blindar que los jubilados mantengan su capacidad de compra y no vean mermadas unas pensiones que \u00aben muchos casos son rid\u00edculas\u00bb.<\/p>\n<p>Revilla defender\u00e1 p\u00fablicamente una idea que considera de \u00ababsoluta sensatez\u00bb y sobre las que las fuerzas pol\u00edticas, ha dicho, deber\u00edan alcanzar la unanimidad. Adem\u00e1s apoyar\u00e1 todas las iniciativas que con este objetivo se presenten en el Parlamento de Cantabria y en los ayuntamientos de la regi\u00f3n.<\/p>\n<p>El presidente ha defendido que \u00abhay dinero suficiente\u00bb para que se mantenga el poder adquisitivo de las pensiones \u00absi se quita de cosas superfluas\u00bb y si, entre otras medidas, se persigue el fraude. Tambi\u00e9n ha felicitado a los promotores de la plataforma y ha destacado su pluralidad y que sea \u00abgente joven\u00bb la que est\u00e1 impulsando esta iniciativa.<\/p>\n<p>Seg\u00fan ha explicado el portavoz de la MERP, Joanen Cunyat, la plataforma ha conseguido m\u00e1s de 700.000 firmas de apoyo y ha presentado su propuesta en 55 ayuntamientos que suman 11 millones de habitantes.<\/p>\n<p>Su objetivo es llegar a m\u00e1s de la mitad de la poblaci\u00f3n de Espa\u00f1a el pr\u00f3ximo mes.<\/p>\n<p>La plataforma, que tambi\u00e9n llevar\u00e1 su propuesta a los parlamentos, reclama que en la Constituci\u00f3n se proh\u00edba de forma expresa la privatizaci\u00f3n del sistema p\u00fablico de pensiones y cualquier medida que merme el poder adquisitivo de los pensionistas.<\/p>\n<p>&nbsp;<\/p>\n","protected":false},"excerpt":{"rendered":"<p>El presidente de Cantabria, Miguel \u00c1ngel Revilla, se ha adherido a la propuesta de la Mesa Estatal Pro Refer\u00e9ndum de las Pensiones (MERP) para blindar constitucionalmente las pensiones y garantizar de esa forma se\u00a0poder adquisitivo. Se ha unido as\u00ed a las 95 personalidades de la cultura, las artes, la ciencia y el deporte que ya [&hellip;]<\/p>\n","protected":false},"author":1,"featured_media":926153,"comment_status":"closed","ping_status":"closed","sticky":false,"template":"","format":"standard","meta":{"footnotes":""},"categories":[141],"tags":[],"class_list":["post-926152","post","type-post","status-publish","format-standard","has-post-thumbnail","hentry","category-destacadas"],"aioseo_notices":[],"aioseo_head":"\n\t\t<!-- All in One SEO Pro 4.9.6.2 - aioseo.com -->\n\t<meta name=\"description\" content=\"El presidente de Cantabria, Miguel \u00c1ngel Revilla, se ha adherido a la propuesta de la Mesa Estatal Pro Refer\u00e9ndum de las Pensiones (MERP) para blindar constitucionalmente las pensiones y garantizar de esa forma se poder adquisitivo. Se ha unido as\u00ed a las 95 personalidades de la cultura, las artes, la ciencia y el deporte que ya\" \/>\n\t<meta name=\"robots\" content=\"max-image-preview:large\" \/>\n\t<meta name=\"author\" content=\"El Digital de Asturias\"\/>\n\t<meta name=\"google-site-verification\" content=\"UA-38556648-1\" \/>\n\t<meta name=\"msvalidate.01\" content=\"7dfe9f3f1b24437ab69f4f2559babe99\" \/>\n\t<meta name=\"keywords\" content=\"destacadas\" \/>\n\t<link rel=\"canonical\" href=\"https:\/\/www.eldigitaldeasturias.com\/noticias\/miguel-angel-revilla-considera-loable-y-justa-la-iniciativa-de-merp\/\" \/>\n\t<meta name=\"generator\" content=\"All in One SEO Pro (AIOSEO) 4.9.6.2\" \/>\n\t\t<meta property=\"og:locale\" content=\"es_ES\" \/>\n\t\t<meta property=\"og:site_name\" content=\"El Digital de Asturias\" \/>\n\t\t<meta property=\"og:type\" content=\"article\" \/>\n\t\t<meta property=\"og:title\" content=\"Miguel \u00c1ngel Revilla considera \u00abloable y justa\u00bb la iniciativa de MERP - El Digital de Asturias\" \/>\n\t\t<meta property=\"og:description\" content=\"El presidente de Cantabria, Miguel \u00c1ngel Revilla, se ha adherido a la propuesta de la Mesa Estatal Pro Refer\u00e9ndum de las Pensiones (MERP) para blindar constitucionalmente las pensiones y garantizar de esa forma se poder adquisitivo. Se ha unido as\u00ed a las 95 personalidades de la cultura, las artes, la ciencia y el deporte que ya\" \/>\n\t\t<meta property=\"og:url\" content=\"https:\/\/www.eldigitaldeasturias.com\/noticias\/miguel-angel-revilla-considera-loable-y-justa-la-iniciativa-de-merp\/\" \/>\n\t\t<meta property=\"og:image\" content=\"https:\/\/www.eldigitaldeasturias.com\/noticias\/wp-content\/uploads\/2017\/02\/Revilla-MERP.jpg\" \/>\n\t\t<meta property=\"og:image:secure_url\" content=\"https:\/\/www.eldigitaldeasturias.com\/noticias\/wp-content\/uploads\/2017\/02\/Revilla-MERP.jpg\" \/>\n\t\t<meta property=\"og:image:width\" content=\"800\" \/>\n\t\t<meta property=\"og:image:height\" content=\"533\" \/>\n\t\t<meta property=\"article:tag\" content=\"destacadas\" \/>\n\t\t<meta property=\"article:published_time\" content=\"2017-02-14T21:16:00+00:00\" \/>\n\t\t<meta property=\"article:modified_time\" content=\"2017-02-14T21:16:30+00:00\" \/>\n\t\t<meta property=\"article:publisher\" content=\"https:\/\/facebook.com\/eldigitaldeasturias\" \/>\n\t\t<meta name=\"twitter:card\" content=\"summary_large_image\" \/>\n\t\t<meta name=\"twitter:title\" content=\"Miguel \u00c1ngel Revilla considera \u00abloable y justa\u00bb la iniciativa de MERP - El Digital de Asturias\" \/>\n\t\t<meta name=\"twitter:description\" content=\"El presidente de Cantabria, Miguel \u00c1ngel Revilla, se ha adherido a la propuesta de la Mesa Estatal Pro Refer\u00e9ndum de las Pensiones (MERP) para blindar constitucionalmente las pensiones y garantizar de esa forma se poder adquisitivo. Se ha unido as\u00ed a las 95 personalidades de la cultura, las artes, la ciencia y el deporte que ya\" \/>\n\t\t<meta name=\"twitter:image\" content=\"https:\/\/www.eldigitaldeasturias.com\/noticias\/wp-content\/uploads\/2017\/02\/Revilla-MERP.jpg\" \/>\n\t\t<meta name=\"twitter:label1\" content=\"Escrito por\" \/>\n\t\t<meta name=\"twitter:data1\" content=\"El Digital de Asturias\" \/>\n\t\t<meta name=\"twitter:label2\" content=\"Tiempo de lectura estimado\" \/>\n\t\t<meta name=\"twitter:data2\" content=\"2 minutos\" \/>\n\t\t<script type=\"application\/ld+json\" class=\"aioseo-schema\">\n\t\t\t{\"@context\":\"https:\\\/\\\/schema.org\",\"@graph\":[{\"@type\":\"BlogPosting\",\"@id\":\"https:\\\/\\\/www.eldigitaldeasturias.com\\\/noticias\\\/miguel-angel-revilla-considera-loable-y-justa-la-iniciativa-de-merp\\\/#blogposting\",\"name\":\"Miguel \\u00c1ngel Revilla considera \\u00abloable y justa\\u00bb la iniciativa de MERP - El Digital de Asturias\",\"headline\":\"Miguel \\u00c1ngel Revilla considera \\u00abloable y justa\\u00bb la iniciativa de MERP\",\"author\":{\"@id\":\"https:\\\/\\\/www.eldigitaldeasturias.com\\\/noticias\\\/author\\\/admin\\\/#author\"},\"publisher\":{\"@id\":\"https:\\\/\\\/www.eldigitaldeasturias.com\\\/noticias\\\/#organization\"},\"image\":{\"@type\":\"ImageObject\",\"url\":\"https:\\\/\\\/www.eldigitaldeasturias.com\\\/noticias\\\/wp-content\\\/uploads\\\/2017\\\/02\\\/Revilla-MERP.jpg\",\"width\":800,\"height\":533},\"datePublished\":\"2017-02-14T21:16:00+01:00\",\"dateModified\":\"2017-02-14T21:16:30+01:00\",\"inLanguage\":\"es-ES\",\"mainEntityOfPage\":{\"@id\":\"https:\\\/\\\/www.eldigitaldeasturias.com\\\/noticias\\\/miguel-angel-revilla-considera-loable-y-justa-la-iniciativa-de-merp\\\/#webpage\"},\"isPartOf\":{\"@id\":\"https:\\\/\\\/www.eldigitaldeasturias.com\\\/noticias\\\/miguel-angel-revilla-considera-loable-y-justa-la-iniciativa-de-merp\\\/#webpage\"},\"articleSection\":\"Destacadas\"},{\"@type\":\"BreadcrumbList\",\"@id\":\"https:\\\/\\\/www.eldigitaldeasturias.com\\\/noticias\\\/miguel-angel-revilla-considera-loable-y-justa-la-iniciativa-de-merp\\\/#breadcrumblist\",\"itemListElement\":[{\"@type\":\"ListItem\",\"@id\":\"https:\\\/\\\/www.eldigitaldeasturias.com\\\/noticias#listItem\",\"position\":1,\"name\":\"Home\",\"item\":\"https:\\\/\\\/www.eldigitaldeasturias.com\\\/noticias\",\"nextItem\":{\"@type\":\"ListItem\",\"@id\":\"https:\\\/\\\/www.eldigitaldeasturias.com\\\/noticias\\\/category\\\/destacadas\\\/#listItem\",\"name\":\"Destacadas\"}},{\"@type\":\"ListItem\",\"@id\":\"https:\\\/\\\/www.eldigitaldeasturias.com\\\/noticias\\\/category\\\/destacadas\\\/#listItem\",\"position\":2,\"name\":\"Destacadas\",\"item\":\"https:\\\/\\\/www.eldigitaldeasturias.com\\\/noticias\\\/category\\\/destacadas\\\/\",\"nextItem\":{\"@type\":\"ListItem\",\"@id\":\"https:\\\/\\\/www.eldigitaldeasturias.com\\\/noticias\\\/miguel-angel-revilla-considera-loable-y-justa-la-iniciativa-de-merp\\\/#listItem\",\"name\":\"Miguel \\u00c1ngel Revilla considera \\u00abloable y justa\\u00bb la iniciativa de MERP\"},\"previousItem\":{\"@type\":\"ListItem\",\"@id\":\"https:\\\/\\\/www.eldigitaldeasturias.com\\\/noticias#listItem\",\"name\":\"Home\"}},{\"@type\":\"ListItem\",\"@id\":\"https:\\\/\\\/www.eldigitaldeasturias.com\\\/noticias\\\/miguel-angel-revilla-considera-loable-y-justa-la-iniciativa-de-merp\\\/#listItem\",\"position\":3,\"name\":\"Miguel \\u00c1ngel Revilla considera \\u00abloable y justa\\u00bb la iniciativa de MERP\",\"previousItem\":{\"@type\":\"ListItem\",\"@id\":\"https:\\\/\\\/www.eldigitaldeasturias.com\\\/noticias\\\/category\\\/destacadas\\\/#listItem\",\"name\":\"Destacadas\"}}]},{\"@type\":\"Organization\",\"@id\":\"https:\\\/\\\/www.eldigitaldeasturias.com\\\/noticias\\\/#organization\",\"name\":\"El Digital de Asturias\",\"description\":\"Hemeroteca\",\"url\":\"https:\\\/\\\/www.eldigitaldeasturias.com\\\/noticias\\\/\",\"email\":\"info@eldigitaldeasturias.com\",\"telephone\":\"+34652131393\",\"logo\":{\"@type\":\"ImageObject\",\"url\":\"https:\\\/\\\/www.eldigitaldeasturias.com\\\/noticias\\\/wp-content\\\/uploads\\\/2020\\\/12\\\/EDA.jpg\",\"@id\":\"https:\\\/\\\/www.eldigitaldeasturias.com\\\/noticias\\\/miguel-angel-revilla-considera-loable-y-justa-la-iniciativa-de-merp\\\/#organizationLogo\",\"width\":649,\"height\":297},\"image\":{\"@id\":\"https:\\\/\\\/www.eldigitaldeasturias.com\\\/noticias\\\/miguel-angel-revilla-considera-loable-y-justa-la-iniciativa-de-merp\\\/#organizationLogo\"},\"sameAs\":[\"https:\\\/\\\/facebook.com\\\/eldigitaldeasturias\",\"https:\\\/\\\/www.youtube.com\\\/channel\\\/UCZP-2wLEB9Rv6erhFmqVnvg\"],\"address\":{\"@id\":\"https:\\\/\\\/www.eldigitaldeasturias.com\\\/noticias\\\/#postaladdress\",\"@type\":\"PostalAddress\",\"streetAddress\":\"san antonio 4,\",\"postalCode\":\"33430\",\"addressLocality\":\"Cand\\u00e1s\",\"addressRegion\":\"Asturias\",\"addressCountry\":\"ES\"}},{\"@type\":\"Person\",\"@id\":\"https:\\\/\\\/www.eldigitaldeasturias.com\\\/noticias\\\/author\\\/admin\\\/#author\",\"url\":\"https:\\\/\\\/www.eldigitaldeasturias.com\\\/noticias\\\/author\\\/admin\\\/\",\"name\":\"El Digital de Asturias\",\"image\":{\"@type\":\"ImageObject\",\"@id\":\"https:\\\/\\\/www.eldigitaldeasturias.com\\\/noticias\\\/miguel-angel-revilla-considera-loable-y-justa-la-iniciativa-de-merp\\\/#authorImage\",\"url\":\"https:\\\/\\\/www.eldigitaldeasturias.com\\\/noticias\\\/wp-content\\\/litespeed\\\/avatar\\\/18677e78aa0546b92d9dbf31ec7d7668.jpg?ver=1777290358\",\"width\":96,\"height\":96,\"caption\":\"El Digital de Asturias\"}},{\"@type\":\"WebPage\",\"@id\":\"https:\\\/\\\/www.eldigitaldeasturias.com\\\/noticias\\\/miguel-angel-revilla-considera-loable-y-justa-la-iniciativa-de-merp\\\/#webpage\",\"url\":\"https:\\\/\\\/www.eldigitaldeasturias.com\\\/noticias\\\/miguel-angel-revilla-considera-loable-y-justa-la-iniciativa-de-merp\\\/\",\"name\":\"Miguel \\u00c1ngel Revilla considera \\u00abloable y justa\\u00bb la iniciativa de MERP - El Digital de Asturias\",\"description\":\"El presidente de Cantabria, Miguel \\u00c1ngel Revilla, se ha adherido a la propuesta de la Mesa Estatal Pro Refer\\u00e9ndum de las Pensiones (MERP) para blindar constitucionalmente las pensiones y garantizar de esa forma se poder adquisitivo. Se ha unido as\\u00ed a las 95 personalidades de la cultura, las artes, la ciencia y el deporte que ya\",\"inLanguage\":\"es-ES\",\"isPartOf\":{\"@id\":\"https:\\\/\\\/www.eldigitaldeasturias.com\\\/noticias\\\/#website\"},\"breadcrumb\":{\"@id\":\"https:\\\/\\\/www.eldigitaldeasturias.com\\\/noticias\\\/miguel-angel-revilla-considera-loable-y-justa-la-iniciativa-de-merp\\\/#breadcrumblist\"},\"author\":{\"@id\":\"https:\\\/\\\/www.eldigitaldeasturias.com\\\/noticias\\\/author\\\/admin\\\/#author\"},\"creator\":{\"@id\":\"https:\\\/\\\/www.eldigitaldeasturias.com\\\/noticias\\\/author\\\/admin\\\/#author\"},\"image\":{\"@type\":\"ImageObject\",\"url\":\"https:\\\/\\\/www.eldigitaldeasturias.com\\\/noticias\\\/wp-content\\\/uploads\\\/2017\\\/02\\\/Revilla-MERP.jpg\",\"@id\":\"https:\\\/\\\/www.eldigitaldeasturias.com\\\/noticias\\\/miguel-angel-revilla-considera-loable-y-justa-la-iniciativa-de-merp\\\/#mainImage\",\"width\":800,\"height\":533},\"primaryImageOfPage\":{\"@id\":\"https:\\\/\\\/www.eldigitaldeasturias.com\\\/noticias\\\/miguel-angel-revilla-considera-loable-y-justa-la-iniciativa-de-merp\\\/#mainImage\"},\"datePublished\":\"2017-02-14T21:16:00+01:00\",\"dateModified\":\"2017-02-14T21:16:30+01:00\"},{\"@type\":\"WebSite\",\"@id\":\"https:\\\/\\\/www.eldigitaldeasturias.com\\\/noticias\\\/#website\",\"url\":\"https:\\\/\\\/www.eldigitaldeasturias.com\\\/noticias\\\/\",\"name\":\"El Digital de Asturias - Diario de actualidad y noticias\",\"alternateName\":\"El Digital de Asturias - Diario de actualidad y noticias\",\"description\":\"Hemeroteca\",\"inLanguage\":\"es-ES\",\"publisher\":{\"@id\":\"https:\\\/\\\/www.eldigitaldeasturias.com\\\/noticias\\\/#organization\"}}]}\n\t\t<\/script>\n\t\t<!-- All in One SEO Pro -->\r\n\t\t<title>Miguel \u00c1ngel Revilla considera \u00abloable y justa\u00bb la iniciativa de MERP - El Digital de Asturias<\/title>\n\n","aioseo_head_json":{"title":"Miguel \u00c1ngel Revilla considera \u00abloable y justa\u00bb la iniciativa de MERP - El Digital de Asturias","description":"El presidente de Cantabria, Miguel \u00c1ngel Revilla, se ha adherido a la propuesta de la Mesa Estatal Pro Refer\u00e9ndum de las Pensiones (MERP) para blindar constitucionalmente las pensiones y garantizar de esa forma se poder adquisitivo. Se ha unido as\u00ed a las 95 personalidades de la cultura, las artes, la ciencia y el deporte que ya","canonical_url":"https:\/\/www.eldigitaldeasturias.com\/noticias\/miguel-angel-revilla-considera-loable-y-justa-la-iniciativa-de-merp\/","robots":"max-image-preview:large","keywords":"destacadas","webmasterTools":{"google-site-verification":"UA-38556648-1","msvalidate.01":"7dfe9f3f1b24437ab69f4f2559babe99","miscellaneous":""},"schema":{"@context":"https:\/\/schema.org","@graph":[{"@type":"BlogPosting","@id":"https:\/\/www.eldigitaldeasturias.com\/noticias\/miguel-angel-revilla-considera-loable-y-justa-la-iniciativa-de-merp\/#blogposting","name":"Miguel \u00c1ngel Revilla considera \u00abloable y justa\u00bb la iniciativa de MERP - El Digital de Asturias","headline":"Miguel \u00c1ngel Revilla considera \u00abloable y justa\u00bb la iniciativa de MERP","author":{"@id":"https:\/\/www.eldigitaldeasturias.com\/noticias\/author\/admin\/#author"},"publisher":{"@id":"https:\/\/www.eldigitaldeasturias.com\/noticias\/#organization"},"image":{"@type":"ImageObject","url":"https:\/\/www.eldigitaldeasturias.com\/noticias\/wp-content\/uploads\/2017\/02\/Revilla-MERP.jpg","width":800,"height":533},"datePublished":"2017-02-14T21:16:00+01:00","dateModified":"2017-02-14T21:16:30+01:00","inLanguage":"es-ES","mainEntityOfPage":{"@id":"https:\/\/www.eldigitaldeasturias.com\/noticias\/miguel-angel-revilla-considera-loable-y-justa-la-iniciativa-de-merp\/#webpage"},"isPartOf":{"@id":"https:\/\/www.eldigitaldeasturias.com\/noticias\/miguel-angel-revilla-considera-loable-y-justa-la-iniciativa-de-merp\/#webpage"},"articleSection":"Destacadas"},{"@type":"BreadcrumbList","@id":"https:\/\/www.eldigitaldeasturias.com\/noticias\/miguel-angel-revilla-considera-loable-y-justa-la-iniciativa-de-merp\/#breadcrumblist","itemListElement":[{"@type":"ListItem","@id":"https:\/\/www.eldigitaldeasturias.com\/noticias#listItem","position":1,"name":"Home","item":"https:\/\/www.eldigitaldeasturias.com\/noticias","nextItem":{"@type":"ListItem","@id":"https:\/\/www.eldigitaldeasturias.com\/noticias\/category\/destacadas\/#listItem","name":"Destacadas"}},{"@type":"ListItem","@id":"https:\/\/www.eldigitaldeasturias.com\/noticias\/category\/destacadas\/#listItem","position":2,"name":"Destacadas","item":"https:\/\/www.eldigitaldeasturias.com\/noticias\/category\/destacadas\/","nextItem":{"@type":"ListItem","@id":"https:\/\/www.eldigitaldeasturias.com\/noticias\/miguel-angel-revilla-considera-loable-y-justa-la-iniciativa-de-merp\/#listItem","name":"Miguel \u00c1ngel Revilla considera \u00abloable y justa\u00bb la iniciativa de MERP"},"previousItem":{"@type":"ListItem","@id":"https:\/\/www.eldigitaldeasturias.com\/noticias#listItem","name":"Home"}},{"@type":"ListItem","@id":"https:\/\/www.eldigitaldeasturias.com\/noticias\/miguel-angel-revilla-considera-loable-y-justa-la-iniciativa-de-merp\/#listItem","position":3,"name":"Miguel \u00c1ngel Revilla considera \u00abloable y justa\u00bb la iniciativa de MERP","previousItem":{"@type":"ListItem","@id":"https:\/\/www.eldigitaldeasturias.com\/noticias\/category\/destacadas\/#listItem","name":"Destacadas"}}]},{"@type":"Organization","@id":"https:\/\/www.eldigitaldeasturias.com\/noticias\/#organization","name":"El Digital de Asturias","description":"Hemeroteca","url":"https:\/\/www.eldigitaldeasturias.com\/noticias\/","email":"info@eldigitaldeasturias.com","telephone":"+34652131393","logo":{"@type":"ImageObject","url":"https:\/\/www.eldigitaldeasturias.com\/noticias\/wp-content\/uploads\/2020\/12\/EDA.jpg","@id":"https:\/\/www.eldigitaldeasturias.com\/noticias\/miguel-angel-revilla-considera-loable-y-justa-la-iniciativa-de-merp\/#organizationLogo","width":649,"height":297},"image":{"@id":"https:\/\/www.eldigitaldeasturias.com\/noticias\/miguel-angel-revilla-considera-loable-y-justa-la-iniciativa-de-merp\/#organizationLogo"},"sameAs":["https:\/\/facebook.com\/eldigitaldeasturias","https:\/\/www.youtube.com\/channel\/UCZP-2wLEB9Rv6erhFmqVnvg"],"address":{"@id":"https:\/\/www.eldigitaldeasturias.com\/noticias\/#postaladdress","@type":"PostalAddress","streetAddress":"san antonio 4,","postalCode":"33430","addressLocality":"Cand\u00e1s","addressRegion":"Asturias","addressCountry":"ES"}},{"@type":"Person","@id":"https:\/\/www.eldigitaldeasturias.com\/noticias\/author\/admin\/#author","url":"https:\/\/www.eldigitaldeasturias.com\/noticias\/author\/admin\/","name":"El Digital de Asturias","image":{"@type":"ImageObject","@id":"https:\/\/www.eldigitaldeasturias.com\/noticias\/miguel-angel-revilla-considera-loable-y-justa-la-iniciativa-de-merp\/#authorImage","url":"https:\/\/www.eldigitaldeasturias.com\/noticias\/wp-content\/litespeed\/avatar\/18677e78aa0546b92d9dbf31ec7d7668.jpg?ver=1777290358","width":96,"height":96,"caption":"El Digital de Asturias"}},{"@type":"WebPage","@id":"https:\/\/www.eldigitaldeasturias.com\/noticias\/miguel-angel-revilla-considera-loable-y-justa-la-iniciativa-de-merp\/#webpage","url":"https:\/\/www.eldigitaldeasturias.com\/noticias\/miguel-angel-revilla-considera-loable-y-justa-la-iniciativa-de-merp\/","name":"Miguel \u00c1ngel Revilla considera \u00abloable y justa\u00bb la iniciativa de MERP - El Digital de Asturias","description":"El presidente de Cantabria, Miguel \u00c1ngel Revilla, se ha adherido a la propuesta de la Mesa Estatal Pro Refer\u00e9ndum de las Pensiones (MERP) para blindar constitucionalmente las pensiones y garantizar de esa forma se poder adquisitivo. Se ha unido as\u00ed a las 95 personalidades de la cultura, las artes, la ciencia y el deporte que ya","inLanguage":"es-ES","isPartOf":{"@id":"https:\/\/www.eldigitaldeasturias.com\/noticias\/#website"},"breadcrumb":{"@id":"https:\/\/www.eldigitaldeasturias.com\/noticias\/miguel-angel-revilla-considera-loable-y-justa-la-iniciativa-de-merp\/#breadcrumblist"},"author":{"@id":"https:\/\/www.eldigitaldeasturias.com\/noticias\/author\/admin\/#author"},"creator":{"@id":"https:\/\/www.eldigitaldeasturias.com\/noticias\/author\/admin\/#author"},"image":{"@type":"ImageObject","url":"https:\/\/www.eldigitaldeasturias.com\/noticias\/wp-content\/uploads\/2017\/02\/Revilla-MERP.jpg","@id":"https:\/\/www.eldigitaldeasturias.com\/noticias\/miguel-angel-revilla-considera-loable-y-justa-la-iniciativa-de-merp\/#mainImage","width":800,"height":533},"primaryImageOfPage":{"@id":"https:\/\/www.eldigitaldeasturias.com\/noticias\/miguel-angel-revilla-considera-loable-y-justa-la-iniciativa-de-merp\/#mainImage"},"datePublished":"2017-02-14T21:16:00+01:00","dateModified":"2017-02-14T21:16:30+01:00"},{"@type":"WebSite","@id":"https:\/\/www.eldigitaldeasturias.com\/noticias\/#website","url":"https:\/\/www.eldigitaldeasturias.com\/noticias\/","name":"El Digital de Asturias - Diario de actualidad y noticias","alternateName":"El Digital de Asturias - Diario de actualidad y noticias","description":"Hemeroteca","inLanguage":"es-ES","publisher":{"@id":"https:\/\/www.eldigitaldeasturias.com\/noticias\/#organization"}}]},"og:locale":"es_ES","og:site_name":"El Digital de Asturias","og:type":"article","og:title":"Miguel \u00c1ngel Revilla considera \u00abloable y justa\u00bb la iniciativa de MERP - El Digital de Asturias","og:description":"El presidente de Cantabria, Miguel \u00c1ngel Revilla, se ha adherido a la propuesta de la Mesa Estatal Pro Refer\u00e9ndum de las Pensiones (MERP) para blindar constitucionalmente las pensiones y garantizar de esa forma se poder adquisitivo. Se ha unido as\u00ed a las 95 personalidades de la cultura, las artes, la ciencia y el deporte que ya","og:url":"https:\/\/www.eldigitaldeasturias.com\/noticias\/miguel-angel-revilla-considera-loable-y-justa-la-iniciativa-de-merp\/","og:image":"https:\/\/www.eldigitaldeasturias.com\/noticias\/wp-content\/uploads\/2017\/02\/Revilla-MERP.jpg","og:image:secure_url":"https:\/\/www.eldigitaldeasturias.com\/noticias\/wp-content\/uploads\/2017\/02\/Revilla-MERP.jpg","og:image:width":800,"og:image:height":533,"article:tag":["destacadas"],"article:published_time":"2017-02-14T21:16:00+00:00","article:modified_time":"2017-02-14T21:16:30+00:00","article:publisher":"https:\/\/facebook.com\/eldigitaldeasturias","twitter:card":"summary_large_image","twitter:title":"Miguel \u00c1ngel Revilla considera \u00abloable y justa\u00bb la iniciativa de MERP - El Digital de Asturias","twitter:description":"El presidente de Cantabria, Miguel \u00c1ngel Revilla, se ha adherido a la propuesta de la Mesa Estatal Pro Refer\u00e9ndum de las Pensiones (MERP) para blindar constitucionalmente las pensiones y garantizar de esa forma se poder adquisitivo. Se ha unido as\u00ed a las 95 personalidades de la cultura, las artes, la ciencia y el deporte que ya","twitter:image":"https:\/\/www.eldigitaldeasturias.com\/noticias\/wp-content\/uploads\/2017\/02\/Revilla-MERP.jpg","twitter:label1":"Escrito por","twitter:data1":"El Digital de Asturias","twitter:label2":"Tiempo de lectura estimado","twitter:data2":"2 minutos"},"aioseo_meta_data":{"post_id":"926152","title":null,"description":null,"keywords":null,"keyphrases":null,"primary_term":null,"canonical_url":null,"og_title":null,"og_description":null,"og_object_type":"default","og_image_type":"default","og_image_url":null,"og_image_width":null,"og_image_height":null,"og_image_custom_url":null,"og_image_custom_fields":null,"og_video":null,"og_custom_url":null,"og_article_section":null,"og_article_tags":null,"twitter_use_og":false,"twitter_card":"default","twitter_image_type":"default","twitter_image_url":null,"twitter_image_custom_url":null,"twitter_image_custom_fields":null,"twitter_title":null,"twitter_description":null,"schema":{"blockGraphs":[],"customGraphs":[],"default":{"data":{"Article":[],"Course":[],"Dataset":[],"FAQPage":[],"Movie":[],"Person":[],"Product":[],"ProductReview":[],"Car":[],"Recipe":[],"Service":[],"SoftwareApplication":[],"WebPage":[]},"graphName":"","isEnabled":true},"graphs":[],"defaultGraph":"","defaultPostTypeGraph":""},"schema_type":null,"schema_type_options":null,"pillar_content":false,"robots_default":true,"robots_noindex":false,"robots_noarchive":false,"robots_nosnippet":false,"robots_nofollow":false,"robots_noimageindex":false,"robots_noodp":false,"robots_notranslate":false,"robots_max_snippet":null,"robots_max_videopreview":null,"robots_max_imagepreview":"large","priority":null,"frequency":null,"local_seo":null,"seo_analyzer_scan_date":"2025-12-03 06:05:39","breadcrumb_settings":null,"limit_modified_date":false,"open_ai":null,"ai":null,"created":"2020-12-21 13:39:34","updated":"2025-12-03 06:05:39"},"aioseo_breadcrumb":"<div class=\"aioseo-breadcrumbs\"><span class=\"aioseo-breadcrumb\">\n\t<a href=\"https:\/\/www.eldigitaldeasturias.com\/noticias\" title=\"Home\">Home<\/a>\n<\/span><span class=\"aioseo-breadcrumb-separator\">\u2013<\/span><span class=\"aioseo-breadcrumb\">\n\t<a href=\"https:\/\/www.eldigitaldeasturias.com\/noticias\/category\/destacadas\/\" title=\"Destacadas\">Destacadas<\/a>\n<\/span><span class=\"aioseo-breadcrumb-separator\">\u2013<\/span><span class=\"aioseo-breadcrumb\">\n\t<a href=\"https:\/\/www.eldigitaldeasturias.com\/noticias\/miguel-angel-revilla-considera-loable-y-justa-la-iniciativa-de-merp\/\" title=\"Miguel \u00c1ngel Revilla considera \u00abloable y justa\u00bb la iniciativa de MERP\">Miguel \u00c1ngel Revilla considera \u00abloable y justa\u00bb la iniciativa de MERP<\/a>\n<\/span><\/div>","aioseo_breadcrumb_json":[{"label":"Home","link":"https:\/\/www.eldigitaldeasturias.com\/noticias"},{"label":"Destacadas","link":"https:\/\/www.eldigitaldeasturias.com\/noticias\/category\/destacadas\/"},{"label":"Miguel \u00c1ngel Revilla considera \u00abloable y justa\u00bb la iniciativa de MERP","link":"https:\/\/www.eldigitaldeasturias.com\/noticias\/miguel-angel-revilla-considera-loable-y-justa-la-iniciativa-de-merp\/"}],"_links":{"self":[{"href":"https:\/\/www.eldigitaldeasturias.com\/noticias\/wp-json\/wp\/v2\/posts\/926152","targetHints":{"allow":["GET"]}}],"collection":[{"href":"https:\/\/www.eldigitaldeasturias.com\/noticias\/wp-json\/wp\/v2\/posts"}],"about":[{"href":"https:\/\/www.eldigitaldeasturias.com\/noticias\/wp-json\/wp\/v2\/types\/post"}],"author":[{"embeddable":true,"href":"https:\/\/www.eldigitaldeasturias.com\/noticias\/wp-json\/wp\/v2\/users\/1"}],"replies":[{"embeddable":true,"href":"https:\/\/www.eldigitaldeasturias.com\/noticias\/wp-json\/wp\/v2\/comments?post=926152"}],"version-history":[{"count":0,"href":"https:\/\/www.eldigitaldeasturias.com\/noticias\/wp-json\/wp\/v2\/posts\/926152\/revisions"}],"wp:featuredmedia":[{"embeddable":true,"href":"https:\/\/www.eldigitaldeasturias.com\/noticias\/wp-json\/wp\/v2\/media\/926153"}],"wp:attachment":[{"href":"https:\/\/www.eldigitaldeasturias.com\/noticias\/wp-json\/wp\/v2\/media?parent=926152"}],"wp:term":[{"taxonomy":"category","embeddable":true,"href":"https:\/\/www.eldigitaldeasturias.com\/noticias\/wp-json\/wp\/v2\/categories?post=926152"},{"taxonomy":"post_tag","embeddable":true,"href":"https:\/\/www.eldigitaldeasturias.com\/noticias\/wp-json\/wp\/v2\/tags?post=926152"}],"curies":[{"name":"wp","href":"https:\/\/api.w.org\/{rel}","templated":true}]}}