{"id":926090,"date":"2017-02-14T13:57:50","date_gmt":"2017-02-14T13:57:50","guid":{"rendered":"http:\/\/www.eldigitaldeasturias.com\/noticias\/?p=926090"},"modified":"2017-02-14T13:57:50","modified_gmt":"2017-02-14T13:57:50","slug":"oblanca-ve-muy-injusto-el-reparto-de-la-cuota-pesquera-para-asturias","status":"publish","type":"post","link":"https:\/\/www.eldigitaldeasturias.com\/noticias\/oblanca-ve-muy-injusto-el-reparto-de-la-cuota-pesquera-para-asturias\/","title":{"rendered":"Oblanca ve muy injusto el reparto de la cuota pesquera para Asturias"},"content":{"rendered":"<p><img loading=\"lazy\" decoding=\"async\" class=\"alignleft size-medium wp-image-769450\" src=\"https:\/\/www.eldigitaldeasturias.com\/noticias\/wp-content\/uploads\/2015\/02\/barco1-320x320.jpg\" alt=\"\" width=\"320\" height=\"320\" srcset=\"https:\/\/www.eldigitaldeasturias.com\/noticias\/wp-content\/uploads\/2015\/02\/barco1-320x320.jpg 320w, https:\/\/www.eldigitaldeasturias.com\/noticias\/wp-content\/uploads\/2015\/02\/barco1-300x300.jpg 300w, https:\/\/www.eldigitaldeasturias.com\/noticias\/wp-content\/uploads\/2015\/02\/barco1-768x768.jpg 768w, https:\/\/www.eldigitaldeasturias.com\/noticias\/wp-content\/uploads\/2015\/02\/barco1-650x650.jpg 650w, https:\/\/www.eldigitaldeasturias.com\/noticias\/wp-content\/uploads\/2015\/02\/barco1.jpg 800w\" sizes=\"auto, (max-width: 320px) 100vw, 320px\" \/>El diputado nacional de FORO, Isidro Mart\u00ednez Oblanca, ha defendido hoy que \u201cen el Plan Nacional de Gesti\u00f3n para los buques de los censos del Caladero Nacional del Cant\u00e1brico y Noroeste el Gobierno les asigne las cuotas anuales de captura que les correspondan proporcionalmente en funci\u00f3n de la importancia de su costa y del n\u00famero de embarcaciones\u201d. Esta es una de las dos aportaciones de Oblanca, en forma de enmiendas, a una Proposici\u00f3n No de Ley socialista que insta al Gobierno a modificar la orden por la que se establece un Plan de gesti\u00f3n para los buques de los censos del Caladero Nacional del Cant\u00e1brico y Noroeste y cambie el modelo de reparto de posibilidades de pesca. \u201cEn defensa de nuestra flota pesquera artesanal, el Gobierno debe asignar las cuotas anuales de captura seg\u00fan la importancia de su costa y el n\u00famero de embarcaciones\u201d, insisti\u00f3.<\/p>\n<p>El diputado asturiano considera que \u201csi es injusto el reparto con Espa\u00f1a, injust\u00edsimo resulta con los pescadores asturianos. A\u00f1o tras a\u00f1o para unos 175 pesqueros de las modalidades de cerco, arrastre de fondo y artes menores, se les concede una cuota similar a la de seis arrastreros de fondo de la Rep\u00fablica de Portugal. Pero sin salir de la cornisa cant\u00e1brica, que el Ministerio asigne una cuota menor del 10% a nuestra flota, con m\u00e1s de la cuarta parte de las embarcaciones, es un acto de patente y palmaria discriminaci\u00f3n, m\u00edrese por donde se mire\u201d.<\/p>\n<p>Por eso, para acabar con esta situaci\u00f3n, y que las flotas pesqueras asturianas y gallegas no sean las grandes perjudicadas en este reparto, Oblanca present\u00f3 una enmienda de adici\u00f3n \u201cpara que en las futuras negociaciones con los Estados Costeros de la Comisi\u00f3n para las Pesquer\u00edas del Atl\u00e1ntico Oriental (NEAFC) se marque como objetivo un Total Admisible de Capturas acorde con nuestro caladero nacional y con la relevancia de nuestra flota, as\u00ed como con un reparto equilibrado, equitativo y justo entre los diferentes pa\u00edses\u201d.<\/p>\n<p>&nbsp;<\/p>\n","protected":false},"excerpt":{"rendered":"<p>El diputado nacional de FORO, Isidro Mart\u00ednez Oblanca, ha defendido hoy que \u201cen el Plan Nacional de Gesti\u00f3n para los buques de los censos del Caladero Nacional del Cant\u00e1brico y Noroeste el Gobierno les asigne las cuotas anuales de captura que les correspondan proporcionalmente en funci\u00f3n de la importancia de su costa y del n\u00famero [&hellip;]<\/p>\n","protected":false},"author":1,"featured_media":790502,"comment_status":"closed","ping_status":"closed","sticky":false,"template":"","format":"standard","meta":{"footnotes":""},"categories":[141],"tags":[],"class_list":["post-926090","post","type-post","status-publish","format-standard","has-post-thumbnail","hentry","category-destacadas"],"aioseo_notices":[],"aioseo_head":"\n\t\t<!-- All in One SEO Pro 4.9.6.2 - aioseo.com -->\n\t<meta name=\"description\" content=\"El diputado nacional de FORO, Isidro Mart\u00ednez Oblanca, ha defendido hoy que \u201cen el Plan Nacional de Gesti\u00f3n para los buques de los censos del Caladero Nacional del Cant\u00e1brico y Noroeste el Gobierno les asigne las cuotas anuales de captura que les correspondan proporcionalmente en funci\u00f3n de la importancia de su costa y del n\u00famero\" \/>\n\t<meta name=\"robots\" content=\"max-image-preview:large\" \/>\n\t<meta name=\"author\" content=\"El Digital de Asturias\"\/>\n\t<meta name=\"google-site-verification\" content=\"UA-38556648-1\" \/>\n\t<meta name=\"msvalidate.01\" content=\"7dfe9f3f1b24437ab69f4f2559babe99\" \/>\n\t<meta name=\"keywords\" content=\"destacadas\" \/>\n\t<link rel=\"canonical\" href=\"https:\/\/www.eldigitaldeasturias.com\/noticias\/oblanca-ve-muy-injusto-el-reparto-de-la-cuota-pesquera-para-asturias\/\" \/>\n\t<meta name=\"generator\" content=\"All in One SEO Pro (AIOSEO) 4.9.6.2\" \/>\n\t\t<meta property=\"og:locale\" content=\"es_ES\" \/>\n\t\t<meta property=\"og:site_name\" content=\"El Digital de Asturias\" \/>\n\t\t<meta property=\"og:type\" content=\"article\" \/>\n\t\t<meta property=\"og:title\" content=\"Oblanca ve muy injusto el reparto de la cuota pesquera para Asturias - El Digital de Asturias\" \/>\n\t\t<meta property=\"og:description\" content=\"El diputado nacional de FORO, Isidro Mart\u00ednez Oblanca, ha defendido hoy que \u201cen el Plan Nacional de Gesti\u00f3n para los buques de los censos del Caladero Nacional del Cant\u00e1brico y Noroeste el Gobierno les asigne las cuotas anuales de captura que les correspondan proporcionalmente en funci\u00f3n de la importancia de su costa y del n\u00famero\" \/>\n\t\t<meta property=\"og:url\" content=\"https:\/\/www.eldigitaldeasturias.com\/noticias\/oblanca-ve-muy-injusto-el-reparto-de-la-cuota-pesquera-para-asturias\/\" \/>\n\t\t<meta property=\"og:image\" content=\"https:\/\/www.eldigitaldeasturias.com\/noticias\/wp-content\/uploads\/2015\/06\/barcos.jpg\" \/>\n\t\t<meta property=\"og:image:secure_url\" content=\"https:\/\/www.eldigitaldeasturias.com\/noticias\/wp-content\/uploads\/2015\/06\/barcos.jpg\" \/>\n\t\t<meta property=\"og:image:width\" content=\"800\" \/>\n\t\t<meta property=\"og:image:height\" content=\"669\" \/>\n\t\t<meta property=\"article:tag\" content=\"destacadas\" \/>\n\t\t<meta property=\"article:published_time\" content=\"2017-02-14T13:57:50+00:00\" \/>\n\t\t<meta property=\"article:modified_time\" content=\"2017-02-14T13:57:50+00:00\" \/>\n\t\t<meta property=\"article:publisher\" content=\"https:\/\/facebook.com\/eldigitaldeasturias\" \/>\n\t\t<meta name=\"twitter:card\" content=\"summary_large_image\" \/>\n\t\t<meta name=\"twitter:title\" content=\"Oblanca ve muy injusto el reparto de la cuota pesquera para Asturias - El Digital de Asturias\" \/>\n\t\t<meta name=\"twitter:description\" content=\"El diputado nacional de FORO, Isidro Mart\u00ednez Oblanca, ha defendido hoy que \u201cen el Plan Nacional de Gesti\u00f3n para los buques de los censos del Caladero Nacional del Cant\u00e1brico y Noroeste el Gobierno les asigne las cuotas anuales de captura que les correspondan proporcionalmente en funci\u00f3n de la importancia de su costa y del n\u00famero\" \/>\n\t\t<meta name=\"twitter:image\" content=\"https:\/\/www.eldigitaldeasturias.com\/noticias\/wp-content\/uploads\/2015\/06\/barcos.jpg\" \/>\n\t\t<meta name=\"twitter:label1\" content=\"Escrito por\" \/>\n\t\t<meta name=\"twitter:data1\" content=\"El Digital de Asturias\" \/>\n\t\t<meta name=\"twitter:label2\" content=\"Tiempo de lectura estimado\" \/>\n\t\t<meta name=\"twitter:data2\" content=\"2 minutos\" \/>\n\t\t<script type=\"application\/ld+json\" class=\"aioseo-schema\">\n\t\t\t{\"@context\":\"https:\\\/\\\/schema.org\",\"@graph\":[{\"@type\":\"BlogPosting\",\"@id\":\"https:\\\/\\\/www.eldigitaldeasturias.com\\\/noticias\\\/oblanca-ve-muy-injusto-el-reparto-de-la-cuota-pesquera-para-asturias\\\/#blogposting\",\"name\":\"Oblanca ve muy injusto el reparto de la cuota pesquera para Asturias - El Digital de Asturias\",\"headline\":\"Oblanca ve muy injusto el reparto de la cuota pesquera para Asturias\",\"author\":{\"@id\":\"https:\\\/\\\/www.eldigitaldeasturias.com\\\/noticias\\\/author\\\/admin\\\/#author\"},\"publisher\":{\"@id\":\"https:\\\/\\\/www.eldigitaldeasturias.com\\\/noticias\\\/#organization\"},\"image\":{\"@type\":\"ImageObject\",\"url\":\"https:\\\/\\\/www.eldigitaldeasturias.com\\\/noticias\\\/wp-content\\\/uploads\\\/2015\\\/06\\\/barcos.jpg\",\"width\":800,\"height\":669},\"datePublished\":\"2017-02-14T13:57:50+01:00\",\"dateModified\":\"2017-02-14T13:57:50+01:00\",\"inLanguage\":\"es-ES\",\"mainEntityOfPage\":{\"@id\":\"https:\\\/\\\/www.eldigitaldeasturias.com\\\/noticias\\\/oblanca-ve-muy-injusto-el-reparto-de-la-cuota-pesquera-para-asturias\\\/#webpage\"},\"isPartOf\":{\"@id\":\"https:\\\/\\\/www.eldigitaldeasturias.com\\\/noticias\\\/oblanca-ve-muy-injusto-el-reparto-de-la-cuota-pesquera-para-asturias\\\/#webpage\"},\"articleSection\":\"Destacadas\"},{\"@type\":\"BreadcrumbList\",\"@id\":\"https:\\\/\\\/www.eldigitaldeasturias.com\\\/noticias\\\/oblanca-ve-muy-injusto-el-reparto-de-la-cuota-pesquera-para-asturias\\\/#breadcrumblist\",\"itemListElement\":[{\"@type\":\"ListItem\",\"@id\":\"https:\\\/\\\/www.eldigitaldeasturias.com\\\/noticias#listItem\",\"position\":1,\"name\":\"Home\",\"item\":\"https:\\\/\\\/www.eldigitaldeasturias.com\\\/noticias\",\"nextItem\":{\"@type\":\"ListItem\",\"@id\":\"https:\\\/\\\/www.eldigitaldeasturias.com\\\/noticias\\\/category\\\/destacadas\\\/#listItem\",\"name\":\"Destacadas\"}},{\"@type\":\"ListItem\",\"@id\":\"https:\\\/\\\/www.eldigitaldeasturias.com\\\/noticias\\\/category\\\/destacadas\\\/#listItem\",\"position\":2,\"name\":\"Destacadas\",\"item\":\"https:\\\/\\\/www.eldigitaldeasturias.com\\\/noticias\\\/category\\\/destacadas\\\/\",\"nextItem\":{\"@type\":\"ListItem\",\"@id\":\"https:\\\/\\\/www.eldigitaldeasturias.com\\\/noticias\\\/oblanca-ve-muy-injusto-el-reparto-de-la-cuota-pesquera-para-asturias\\\/#listItem\",\"name\":\"Oblanca ve muy injusto el reparto de la cuota pesquera para Asturias\"},\"previousItem\":{\"@type\":\"ListItem\",\"@id\":\"https:\\\/\\\/www.eldigitaldeasturias.com\\\/noticias#listItem\",\"name\":\"Home\"}},{\"@type\":\"ListItem\",\"@id\":\"https:\\\/\\\/www.eldigitaldeasturias.com\\\/noticias\\\/oblanca-ve-muy-injusto-el-reparto-de-la-cuota-pesquera-para-asturias\\\/#listItem\",\"position\":3,\"name\":\"Oblanca ve muy injusto el reparto de la cuota pesquera para Asturias\",\"previousItem\":{\"@type\":\"ListItem\",\"@id\":\"https:\\\/\\\/www.eldigitaldeasturias.com\\\/noticias\\\/category\\\/destacadas\\\/#listItem\",\"name\":\"Destacadas\"}}]},{\"@type\":\"Organization\",\"@id\":\"https:\\\/\\\/www.eldigitaldeasturias.com\\\/noticias\\\/#organization\",\"name\":\"El Digital de Asturias\",\"description\":\"Hemeroteca\",\"url\":\"https:\\\/\\\/www.eldigitaldeasturias.com\\\/noticias\\\/\",\"email\":\"info@eldigitaldeasturias.com\",\"telephone\":\"+34652131393\",\"logo\":{\"@type\":\"ImageObject\",\"url\":\"https:\\\/\\\/www.eldigitaldeasturias.com\\\/noticias\\\/wp-content\\\/uploads\\\/2020\\\/12\\\/EDA.jpg\",\"@id\":\"https:\\\/\\\/www.eldigitaldeasturias.com\\\/noticias\\\/oblanca-ve-muy-injusto-el-reparto-de-la-cuota-pesquera-para-asturias\\\/#organizationLogo\",\"width\":649,\"height\":297},\"image\":{\"@id\":\"https:\\\/\\\/www.eldigitaldeasturias.com\\\/noticias\\\/oblanca-ve-muy-injusto-el-reparto-de-la-cuota-pesquera-para-asturias\\\/#organizationLogo\"},\"sameAs\":[\"https:\\\/\\\/facebook.com\\\/eldigitaldeasturias\",\"https:\\\/\\\/www.youtube.com\\\/channel\\\/UCZP-2wLEB9Rv6erhFmqVnvg\"],\"address\":{\"@id\":\"https:\\\/\\\/www.eldigitaldeasturias.com\\\/noticias\\\/#postaladdress\",\"@type\":\"PostalAddress\",\"streetAddress\":\"san antonio 4,\",\"postalCode\":\"33430\",\"addressLocality\":\"Cand\\u00e1s\",\"addressRegion\":\"Asturias\",\"addressCountry\":\"ES\"}},{\"@type\":\"Person\",\"@id\":\"https:\\\/\\\/www.eldigitaldeasturias.com\\\/noticias\\\/author\\\/admin\\\/#author\",\"url\":\"https:\\\/\\\/www.eldigitaldeasturias.com\\\/noticias\\\/author\\\/admin\\\/\",\"name\":\"El Digital de Asturias\",\"image\":{\"@type\":\"ImageObject\",\"@id\":\"https:\\\/\\\/www.eldigitaldeasturias.com\\\/noticias\\\/oblanca-ve-muy-injusto-el-reparto-de-la-cuota-pesquera-para-asturias\\\/#authorImage\",\"url\":\"https:\\\/\\\/www.eldigitaldeasturias.com\\\/noticias\\\/wp-content\\\/litespeed\\\/avatar\\\/18677e78aa0546b92d9dbf31ec7d7668.jpg?ver=1777290358\",\"width\":96,\"height\":96,\"caption\":\"El Digital de Asturias\"}},{\"@type\":\"WebPage\",\"@id\":\"https:\\\/\\\/www.eldigitaldeasturias.com\\\/noticias\\\/oblanca-ve-muy-injusto-el-reparto-de-la-cuota-pesquera-para-asturias\\\/#webpage\",\"url\":\"https:\\\/\\\/www.eldigitaldeasturias.com\\\/noticias\\\/oblanca-ve-muy-injusto-el-reparto-de-la-cuota-pesquera-para-asturias\\\/\",\"name\":\"Oblanca ve muy injusto el reparto de la cuota pesquera para Asturias - El Digital de Asturias\",\"description\":\"El diputado nacional de FORO, Isidro Mart\\u00ednez Oblanca, ha defendido hoy que \\u201cen el Plan Nacional de Gesti\\u00f3n para los buques de los censos del Caladero Nacional del Cant\\u00e1brico y Noroeste el Gobierno les asigne las cuotas anuales de captura que les correspondan proporcionalmente en funci\\u00f3n de la importancia de su costa y del n\\u00famero\",\"inLanguage\":\"es-ES\",\"isPartOf\":{\"@id\":\"https:\\\/\\\/www.eldigitaldeasturias.com\\\/noticias\\\/#website\"},\"breadcrumb\":{\"@id\":\"https:\\\/\\\/www.eldigitaldeasturias.com\\\/noticias\\\/oblanca-ve-muy-injusto-el-reparto-de-la-cuota-pesquera-para-asturias\\\/#breadcrumblist\"},\"author\":{\"@id\":\"https:\\\/\\\/www.eldigitaldeasturias.com\\\/noticias\\\/author\\\/admin\\\/#author\"},\"creator\":{\"@id\":\"https:\\\/\\\/www.eldigitaldeasturias.com\\\/noticias\\\/author\\\/admin\\\/#author\"},\"image\":{\"@type\":\"ImageObject\",\"url\":\"https:\\\/\\\/www.eldigitaldeasturias.com\\\/noticias\\\/wp-content\\\/uploads\\\/2015\\\/06\\\/barcos.jpg\",\"@id\":\"https:\\\/\\\/www.eldigitaldeasturias.com\\\/noticias\\\/oblanca-ve-muy-injusto-el-reparto-de-la-cuota-pesquera-para-asturias\\\/#mainImage\",\"width\":800,\"height\":669},\"primaryImageOfPage\":{\"@id\":\"https:\\\/\\\/www.eldigitaldeasturias.com\\\/noticias\\\/oblanca-ve-muy-injusto-el-reparto-de-la-cuota-pesquera-para-asturias\\\/#mainImage\"},\"datePublished\":\"2017-02-14T13:57:50+01:00\",\"dateModified\":\"2017-02-14T13:57:50+01:00\"},{\"@type\":\"WebSite\",\"@id\":\"https:\\\/\\\/www.eldigitaldeasturias.com\\\/noticias\\\/#website\",\"url\":\"https:\\\/\\\/www.eldigitaldeasturias.com\\\/noticias\\\/\",\"name\":\"El Digital de Asturias - Diario de actualidad y noticias\",\"alternateName\":\"El Digital de Asturias - Diario de actualidad y noticias\",\"description\":\"Hemeroteca\",\"inLanguage\":\"es-ES\",\"publisher\":{\"@id\":\"https:\\\/\\\/www.eldigitaldeasturias.com\\\/noticias\\\/#organization\"}}]}\n\t\t<\/script>\n\t\t<!-- All in One SEO Pro -->\r\n\t\t<title>Oblanca ve muy injusto el reparto de la cuota pesquera para Asturias - El Digital de Asturias<\/title>\n\n","aioseo_head_json":{"title":"Oblanca ve muy injusto el reparto de la cuota pesquera para Asturias - El Digital de Asturias","description":"El diputado nacional de FORO, Isidro Mart\u00ednez Oblanca, ha defendido hoy que \u201cen el Plan Nacional de Gesti\u00f3n para los buques de los censos del Caladero Nacional del Cant\u00e1brico y Noroeste el Gobierno les asigne las cuotas anuales de captura que les correspondan proporcionalmente en funci\u00f3n de la importancia de su costa y del n\u00famero","canonical_url":"https:\/\/www.eldigitaldeasturias.com\/noticias\/oblanca-ve-muy-injusto-el-reparto-de-la-cuota-pesquera-para-asturias\/","robots":"max-image-preview:large","keywords":"destacadas","webmasterTools":{"google-site-verification":"UA-38556648-1","msvalidate.01":"7dfe9f3f1b24437ab69f4f2559babe99","miscellaneous":""},"schema":{"@context":"https:\/\/schema.org","@graph":[{"@type":"BlogPosting","@id":"https:\/\/www.eldigitaldeasturias.com\/noticias\/oblanca-ve-muy-injusto-el-reparto-de-la-cuota-pesquera-para-asturias\/#blogposting","name":"Oblanca ve muy injusto el reparto de la cuota pesquera para Asturias - El Digital de Asturias","headline":"Oblanca ve muy injusto el reparto de la cuota pesquera para Asturias","author":{"@id":"https:\/\/www.eldigitaldeasturias.com\/noticias\/author\/admin\/#author"},"publisher":{"@id":"https:\/\/www.eldigitaldeasturias.com\/noticias\/#organization"},"image":{"@type":"ImageObject","url":"https:\/\/www.eldigitaldeasturias.com\/noticias\/wp-content\/uploads\/2015\/06\/barcos.jpg","width":800,"height":669},"datePublished":"2017-02-14T13:57:50+01:00","dateModified":"2017-02-14T13:57:50+01:00","inLanguage":"es-ES","mainEntityOfPage":{"@id":"https:\/\/www.eldigitaldeasturias.com\/noticias\/oblanca-ve-muy-injusto-el-reparto-de-la-cuota-pesquera-para-asturias\/#webpage"},"isPartOf":{"@id":"https:\/\/www.eldigitaldeasturias.com\/noticias\/oblanca-ve-muy-injusto-el-reparto-de-la-cuota-pesquera-para-asturias\/#webpage"},"articleSection":"Destacadas"},{"@type":"BreadcrumbList","@id":"https:\/\/www.eldigitaldeasturias.com\/noticias\/oblanca-ve-muy-injusto-el-reparto-de-la-cuota-pesquera-para-asturias\/#breadcrumblist","itemListElement":[{"@type":"ListItem","@id":"https:\/\/www.eldigitaldeasturias.com\/noticias#listItem","position":1,"name":"Home","item":"https:\/\/www.eldigitaldeasturias.com\/noticias","nextItem":{"@type":"ListItem","@id":"https:\/\/www.eldigitaldeasturias.com\/noticias\/category\/destacadas\/#listItem","name":"Destacadas"}},{"@type":"ListItem","@id":"https:\/\/www.eldigitaldeasturias.com\/noticias\/category\/destacadas\/#listItem","position":2,"name":"Destacadas","item":"https:\/\/www.eldigitaldeasturias.com\/noticias\/category\/destacadas\/","nextItem":{"@type":"ListItem","@id":"https:\/\/www.eldigitaldeasturias.com\/noticias\/oblanca-ve-muy-injusto-el-reparto-de-la-cuota-pesquera-para-asturias\/#listItem","name":"Oblanca ve muy injusto el reparto de la cuota pesquera para Asturias"},"previousItem":{"@type":"ListItem","@id":"https:\/\/www.eldigitaldeasturias.com\/noticias#listItem","name":"Home"}},{"@type":"ListItem","@id":"https:\/\/www.eldigitaldeasturias.com\/noticias\/oblanca-ve-muy-injusto-el-reparto-de-la-cuota-pesquera-para-asturias\/#listItem","position":3,"name":"Oblanca ve muy injusto el reparto de la cuota pesquera para Asturias","previousItem":{"@type":"ListItem","@id":"https:\/\/www.eldigitaldeasturias.com\/noticias\/category\/destacadas\/#listItem","name":"Destacadas"}}]},{"@type":"Organization","@id":"https:\/\/www.eldigitaldeasturias.com\/noticias\/#organization","name":"El Digital de Asturias","description":"Hemeroteca","url":"https:\/\/www.eldigitaldeasturias.com\/noticias\/","email":"info@eldigitaldeasturias.com","telephone":"+34652131393","logo":{"@type":"ImageObject","url":"https:\/\/www.eldigitaldeasturias.com\/noticias\/wp-content\/uploads\/2020\/12\/EDA.jpg","@id":"https:\/\/www.eldigitaldeasturias.com\/noticias\/oblanca-ve-muy-injusto-el-reparto-de-la-cuota-pesquera-para-asturias\/#organizationLogo","width":649,"height":297},"image":{"@id":"https:\/\/www.eldigitaldeasturias.com\/noticias\/oblanca-ve-muy-injusto-el-reparto-de-la-cuota-pesquera-para-asturias\/#organizationLogo"},"sameAs":["https:\/\/facebook.com\/eldigitaldeasturias","https:\/\/www.youtube.com\/channel\/UCZP-2wLEB9Rv6erhFmqVnvg"],"address":{"@id":"https:\/\/www.eldigitaldeasturias.com\/noticias\/#postaladdress","@type":"PostalAddress","streetAddress":"san antonio 4,","postalCode":"33430","addressLocality":"Cand\u00e1s","addressRegion":"Asturias","addressCountry":"ES"}},{"@type":"Person","@id":"https:\/\/www.eldigitaldeasturias.com\/noticias\/author\/admin\/#author","url":"https:\/\/www.eldigitaldeasturias.com\/noticias\/author\/admin\/","name":"El Digital de Asturias","image":{"@type":"ImageObject","@id":"https:\/\/www.eldigitaldeasturias.com\/noticias\/oblanca-ve-muy-injusto-el-reparto-de-la-cuota-pesquera-para-asturias\/#authorImage","url":"https:\/\/www.eldigitaldeasturias.com\/noticias\/wp-content\/litespeed\/avatar\/18677e78aa0546b92d9dbf31ec7d7668.jpg?ver=1777290358","width":96,"height":96,"caption":"El Digital de Asturias"}},{"@type":"WebPage","@id":"https:\/\/www.eldigitaldeasturias.com\/noticias\/oblanca-ve-muy-injusto-el-reparto-de-la-cuota-pesquera-para-asturias\/#webpage","url":"https:\/\/www.eldigitaldeasturias.com\/noticias\/oblanca-ve-muy-injusto-el-reparto-de-la-cuota-pesquera-para-asturias\/","name":"Oblanca ve muy injusto el reparto de la cuota pesquera para Asturias - El Digital de Asturias","description":"El diputado nacional de FORO, Isidro Mart\u00ednez Oblanca, ha defendido hoy que \u201cen el Plan Nacional de Gesti\u00f3n para los buques de los censos del Caladero Nacional del Cant\u00e1brico y Noroeste el Gobierno les asigne las cuotas anuales de captura que les correspondan proporcionalmente en funci\u00f3n de la importancia de su costa y del n\u00famero","inLanguage":"es-ES","isPartOf":{"@id":"https:\/\/www.eldigitaldeasturias.com\/noticias\/#website"},"breadcrumb":{"@id":"https:\/\/www.eldigitaldeasturias.com\/noticias\/oblanca-ve-muy-injusto-el-reparto-de-la-cuota-pesquera-para-asturias\/#breadcrumblist"},"author":{"@id":"https:\/\/www.eldigitaldeasturias.com\/noticias\/author\/admin\/#author"},"creator":{"@id":"https:\/\/www.eldigitaldeasturias.com\/noticias\/author\/admin\/#author"},"image":{"@type":"ImageObject","url":"https:\/\/www.eldigitaldeasturias.com\/noticias\/wp-content\/uploads\/2015\/06\/barcos.jpg","@id":"https:\/\/www.eldigitaldeasturias.com\/noticias\/oblanca-ve-muy-injusto-el-reparto-de-la-cuota-pesquera-para-asturias\/#mainImage","width":800,"height":669},"primaryImageOfPage":{"@id":"https:\/\/www.eldigitaldeasturias.com\/noticias\/oblanca-ve-muy-injusto-el-reparto-de-la-cuota-pesquera-para-asturias\/#mainImage"},"datePublished":"2017-02-14T13:57:50+01:00","dateModified":"2017-02-14T13:57:50+01:00"},{"@type":"WebSite","@id":"https:\/\/www.eldigitaldeasturias.com\/noticias\/#website","url":"https:\/\/www.eldigitaldeasturias.com\/noticias\/","name":"El Digital de Asturias - Diario de actualidad y noticias","alternateName":"El Digital de Asturias - Diario de actualidad y noticias","description":"Hemeroteca","inLanguage":"es-ES","publisher":{"@id":"https:\/\/www.eldigitaldeasturias.com\/noticias\/#organization"}}]},"og:locale":"es_ES","og:site_name":"El Digital de Asturias","og:type":"article","og:title":"Oblanca ve muy injusto el reparto de la cuota pesquera para Asturias - El Digital de Asturias","og:description":"El diputado nacional de FORO, Isidro Mart\u00ednez Oblanca, ha defendido hoy que \u201cen el Plan Nacional de Gesti\u00f3n para los buques de los censos del Caladero Nacional del Cant\u00e1brico y Noroeste el Gobierno les asigne las cuotas anuales de captura que les correspondan proporcionalmente en funci\u00f3n de la importancia de su costa y del n\u00famero","og:url":"https:\/\/www.eldigitaldeasturias.com\/noticias\/oblanca-ve-muy-injusto-el-reparto-de-la-cuota-pesquera-para-asturias\/","og:image":"https:\/\/www.eldigitaldeasturias.com\/noticias\/wp-content\/uploads\/2015\/06\/barcos.jpg","og:image:secure_url":"https:\/\/www.eldigitaldeasturias.com\/noticias\/wp-content\/uploads\/2015\/06\/barcos.jpg","og:image:width":800,"og:image:height":669,"article:tag":["destacadas"],"article:published_time":"2017-02-14T13:57:50+00:00","article:modified_time":"2017-02-14T13:57:50+00:00","article:publisher":"https:\/\/facebook.com\/eldigitaldeasturias","twitter:card":"summary_large_image","twitter:title":"Oblanca ve muy injusto el reparto de la cuota pesquera para Asturias - El Digital de Asturias","twitter:description":"El diputado nacional de FORO, Isidro Mart\u00ednez Oblanca, ha defendido hoy que \u201cen el Plan Nacional de Gesti\u00f3n para los buques de los censos del Caladero Nacional del Cant\u00e1brico y Noroeste el Gobierno les asigne las cuotas anuales de captura que les correspondan proporcionalmente en funci\u00f3n de la importancia de su costa y del n\u00famero","twitter:image":"https:\/\/www.eldigitaldeasturias.com\/noticias\/wp-content\/uploads\/2015\/06\/barcos.jpg","twitter:label1":"Escrito por","twitter:data1":"El Digital de Asturias","twitter:label2":"Tiempo de lectura estimado","twitter:data2":"2 minutos"},"aioseo_meta_data":{"post_id":"926090","title":null,"description":null,"keywords":null,"keyphrases":null,"primary_term":null,"canonical_url":null,"og_title":null,"og_description":null,"og_object_type":"default","og_image_type":"default","og_image_url":null,"og_image_width":null,"og_image_height":null,"og_image_custom_url":null,"og_image_custom_fields":null,"og_video":null,"og_custom_url":null,"og_article_section":null,"og_article_tags":null,"twitter_use_og":false,"twitter_card":"default","twitter_image_type":"default","twitter_image_url":null,"twitter_image_custom_url":null,"twitter_image_custom_fields":null,"twitter_title":null,"twitter_description":null,"schema":{"blockGraphs":[],"customGraphs":[],"default":{"data":{"Article":[],"Course":[],"Dataset":[],"FAQPage":[],"Movie":[],"Person":[],"Product":[],"ProductReview":[],"Car":[],"Recipe":[],"Service":[],"SoftwareApplication":[],"WebPage":[]},"graphName":"","isEnabled":true},"graphs":[],"defaultGraph":"","defaultPostTypeGraph":""},"schema_type":null,"schema_type_options":null,"pillar_content":false,"robots_default":true,"robots_noindex":false,"robots_noarchive":false,"robots_nosnippet":false,"robots_nofollow":false,"robots_noimageindex":false,"robots_noodp":false,"robots_notranslate":false,"robots_max_snippet":null,"robots_max_videopreview":null,"robots_max_imagepreview":"large","priority":null,"frequency":null,"local_seo":null,"seo_analyzer_scan_date":"2025-12-03 05:51:09","breadcrumb_settings":null,"limit_modified_date":false,"open_ai":null,"ai":null,"created":"2020-12-21 13:39:38","updated":"2025-12-03 05:51:09"},"aioseo_breadcrumb":"<div class=\"aioseo-breadcrumbs\"><span class=\"aioseo-breadcrumb\">\n\t<a href=\"https:\/\/www.eldigitaldeasturias.com\/noticias\" title=\"Home\">Home<\/a>\n<\/span><span class=\"aioseo-breadcrumb-separator\">\u2013<\/span><span class=\"aioseo-breadcrumb\">\n\t<a href=\"https:\/\/www.eldigitaldeasturias.com\/noticias\/category\/destacadas\/\" title=\"Destacadas\">Destacadas<\/a>\n<\/span><span class=\"aioseo-breadcrumb-separator\">\u2013<\/span><span class=\"aioseo-breadcrumb\">\n\t<a href=\"https:\/\/www.eldigitaldeasturias.com\/noticias\/oblanca-ve-muy-injusto-el-reparto-de-la-cuota-pesquera-para-asturias\/\" title=\"Oblanca ve muy injusto el reparto de la cuota pesquera para Asturias\">Oblanca ve muy injusto el reparto de la cuota pesquera para Asturias<\/a>\n<\/span><\/div>","aioseo_breadcrumb_json":[{"label":"Home","link":"https:\/\/www.eldigitaldeasturias.com\/noticias"},{"label":"Destacadas","link":"https:\/\/www.eldigitaldeasturias.com\/noticias\/category\/destacadas\/"},{"label":"Oblanca ve muy injusto el reparto de la cuota pesquera para Asturias","link":"https:\/\/www.eldigitaldeasturias.com\/noticias\/oblanca-ve-muy-injusto-el-reparto-de-la-cuota-pesquera-para-asturias\/"}],"_links":{"self":[{"href":"https:\/\/www.eldigitaldeasturias.com\/noticias\/wp-json\/wp\/v2\/posts\/926090","targetHints":{"allow":["GET"]}}],"collection":[{"href":"https:\/\/www.eldigitaldeasturias.com\/noticias\/wp-json\/wp\/v2\/posts"}],"about":[{"href":"https:\/\/www.eldigitaldeasturias.com\/noticias\/wp-json\/wp\/v2\/types\/post"}],"author":[{"embeddable":true,"href":"https:\/\/www.eldigitaldeasturias.com\/noticias\/wp-json\/wp\/v2\/users\/1"}],"replies":[{"embeddable":true,"href":"https:\/\/www.eldigitaldeasturias.com\/noticias\/wp-json\/wp\/v2\/comments?post=926090"}],"version-history":[{"count":0,"href":"https:\/\/www.eldigitaldeasturias.com\/noticias\/wp-json\/wp\/v2\/posts\/926090\/revisions"}],"wp:featuredmedia":[{"embeddable":true,"href":"https:\/\/www.eldigitaldeasturias.com\/noticias\/wp-json\/wp\/v2\/media\/790502"}],"wp:attachment":[{"href":"https:\/\/www.eldigitaldeasturias.com\/noticias\/wp-json\/wp\/v2\/media?parent=926090"}],"wp:term":[{"taxonomy":"category","embeddable":true,"href":"https:\/\/www.eldigitaldeasturias.com\/noticias\/wp-json\/wp\/v2\/categories?post=926090"},{"taxonomy":"post_tag","embeddable":true,"href":"https:\/\/www.eldigitaldeasturias.com\/noticias\/wp-json\/wp\/v2\/tags?post=926090"}],"curies":[{"name":"wp","href":"https:\/\/api.w.org\/{rel}","templated":true}]}}