{"id":925865,"date":"2017-02-12T22:22:23","date_gmt":"2017-02-12T22:22:23","guid":{"rendered":"http:\/\/www.eldigitaldeasturias.com\/noticias\/?p=925865"},"modified":"2017-02-12T22:22:23","modified_gmt":"2017-02-12T22:22:23","slug":"aviles-busca-a-la-pyme-mas-innovadora","status":"publish","type":"post","link":"https:\/\/www.eldigitaldeasturias.com\/noticias\/aviles-busca-a-la-pyme-mas-innovadora\/","title":{"rendered":"Avil\u00e9s busca a la pyme m\u00e1s innovadora"},"content":{"rendered":"<p><img loading=\"lazy\" decoding=\"async\" class=\"alignleft size-medium wp-image-785778\" src=\"https:\/\/www.eldigitaldeasturias.com\/noticias\/wp-content\/uploads\/2015\/05\/aviles1-360x241.jpg\" alt=\"\" width=\"360\" height=\"241\" srcset=\"https:\/\/www.eldigitaldeasturias.com\/noticias\/wp-content\/uploads\/2015\/05\/aviles1-360x241.jpg 360w, https:\/\/www.eldigitaldeasturias.com\/noticias\/wp-content\/uploads\/2015\/05\/aviles1-768x515.jpg 768w, https:\/\/www.eldigitaldeasturias.com\/noticias\/wp-content\/uploads\/2015\/05\/aviles1-650x436.jpg 650w, https:\/\/www.eldigitaldeasturias.com\/noticias\/wp-content\/uploads\/2015\/05\/aviles1.jpg 800w\" sizes=\"auto, (max-width: 360px) 100vw, 360px\" \/>El Ayuntamiento de Avil\u00e9s ha abierto el plazo de presentaci\u00f3n de candidaturas para elegir a la pyme m\u00e1s innovadora de la ciudad. La empresa elegida representar\u00e1 a la ciudad en el II Encuentro \u201cAlcaldes+innovadores\u201d, que tendr\u00e1 lugar el pr\u00f3ximo 1 de marzo en Madrid, organizado por la Red Innpulso. <strong>Las candidaturas pueden presentarse hasta el 15 de febrero<\/strong>.<\/p>\n<p>La pyme que resulte escogida como la m\u00e1s innovadora de Avil\u00e9s acudir\u00e1, junto con la alcaldesa de la ciudad, <strong>Mariv\u00ed Monteser\u00edn<\/strong>, a este encuentro que nace con el objetivo de promocionar a las peque\u00f1as y medianas empresas innovadoras y dotarlas de visibilidad para facilitar su acceso a mercados potenciales y a posibles inversores. Ser\u00e1n m\u00e1s de 60 talentos innovadores los que se den cita en este evento.<\/p>\n<p>Las empresas seleccionadas deber\u00e1n ser j\u00f3venes compa\u00f1\u00edas con un alto componente de innovaci\u00f3n acreditado -en cualquier ciclo del negocio- y un ambicioso plan de crecimiento. Adem\u00e1s, es recomendable que desarrollen soluciones innovadoras que est\u00e9n alineadas con los Retos de la Sociedad recogidos en las Estrategias Espa\u00f1ola y Europea 2020 de Ciencia e Innovaci\u00f3n.<\/p>\n<p>Las mercantiles interesadas en presentar su candidatura deber\u00e1n tener en Avil\u00e9s su domicilio social y\/o su centro de trabajo principal. El plazo de presentaci\u00f3n de candidaturas ya est\u00e1 abierto y finalizar\u00e1 el mi\u00e9rcoles 15 de febrero. Es obligatoria la presentaci\u00f3n de una memoria ejecutiva, de una extensi\u00f3n m\u00e1xima de cuatro p\u00e1ginas, que contenga, al menos, los siguientes datos:<\/p>\n<ul>\n<li>Datos de identificaci\u00f3n de la empresa.<\/li>\n<li>Descripci\u00f3n de la actividad de la empresa, haciendo hincapi\u00e9 en su aspecto innovador.<\/li>\n<li>Principales hitos en la vida de la misma.<\/li>\n<li>Pol\u00edtica de comercializaci\u00f3n y fidelizaci\u00f3n de clientes.<\/li>\n<li>Grado de internacionalizaci\u00f3n de la empresa.<\/li>\n<li>Pertenencia a redes empresariales.<\/li>\n<li>Facturaci\u00f3n de la empresa en los dos \u00faltimos a\u00f1os.<\/li>\n<li>N\u00famero de puestos de trabajo generados.<\/li>\n<\/ul>\n<p>Un comit\u00e9 t\u00e9cnico, compuesto por un\/a representante de la Secci\u00f3n de Promoci\u00f3n Empresarial, un\/a representante de la Sociedad de Desarrollo la Curtidora y un\/a representante del Centro SAT de Avil\u00e9s, resolver\u00e1 cual es la empresa seleccionada, decisi\u00f3n que ser\u00e1 comunicada a la compa\u00f1\u00eda ganadora antes del d\u00eda 17 de febrero.<\/p>\n<p>A la hora de seleccionar a la pyme m\u00e1s innovadora de Avil\u00e9s se tendr\u00e1n en cuenta los siguientes criterios, elaborados por la Red Innpulso:<\/p>\n<ul>\n<li>Grado de innovaci\u00f3n, diferenciaci\u00f3n y originalidad de los productos y servicios ofrecidos.<\/li>\n<li>Viabilidad t\u00e9cnica, comercial, econ\u00f3mica y financiera<\/li>\n<li>Calidad, capacidad y compromiso del equipo t\u00e9cnico y promotor.<\/li>\n<li>Proyecci\u00f3n de la empresa: conocimiento del mercado y de la competencia.<\/li>\n<li>Grado de internacionalizaci\u00f3n, trayectoria, y potencial de crecimiento.<\/li>\n<li>Impacto sobre el entorno y efecto dinamizador sobre la actividad econ\u00f3mica local.<\/li>\n<li>Se valorar\u00e1n especialmente proyectos desarrollados en el campo de \u201cCiudad Inteligente\u201d, que impliquen beneficios derivados para las ciudades y sus habitantes y que sean susceptibles de ser adquiridos y utilizados por las administraciones locales.<\/li>\n<li>Se valorar\u00e1n especialmente aquellos proyectos que hayan nacido, o se est\u00e9n desarrollando, con perspectiva internacional o global<\/li>\n<\/ul>\n<p><strong>Las candidaturas pueden remitirse al correo electr\u00f3nico empresas@ayto-aviles.es hasta el 15 de febrero.<\/strong><\/p>\n<p>La Red Innpulso es la Red de Ciudades de la Ciencia y la Innovaci\u00f3n creada por el Ministerio de Econom\u00eda, Industria y Competitividad en 2011. A ella pertenecen los municipios que, como Avil\u00e9s, han recibido la distinci\u00f3n \u201cCiudad de la Ciencia y la Innovaci\u00f3n\u201d que desde el a\u00f1o 2010 viene otorgando ese Ministerio, y su objetivo fundamental es promover la innovaci\u00f3n tanto en la propia administraci\u00f3n local como su entorno empresarial y ciudadano.<\/p>\n<p>&nbsp;<\/p>\n","protected":false},"excerpt":{"rendered":"<p>El Ayuntamiento de Avil\u00e9s ha abierto el plazo de presentaci\u00f3n de candidaturas para elegir a la pyme m\u00e1s innovadora de la ciudad. La empresa elegida representar\u00e1 a la ciudad en el II Encuentro \u201cAlcaldes+innovadores\u201d, que tendr\u00e1 lugar el pr\u00f3ximo 1 de marzo en Madrid, organizado por la Red Innpulso. Las candidaturas pueden presentarse hasta el [&hellip;]<\/p>\n","protected":false},"author":1,"featured_media":785778,"comment_status":"closed","ping_status":"closed","sticky":false,"template":"","format":"standard","meta":{"footnotes":""},"categories":[141],"tags":[],"class_list":["post-925865","post","type-post","status-publish","format-standard","has-post-thumbnail","hentry","category-destacadas"],"aioseo_notices":[],"aioseo_head":"\n\t\t<!-- All in One SEO Pro 4.9.6.2 - aioseo.com -->\n\t<meta name=\"description\" content=\"El Ayuntamiento de Avil\u00e9s ha abierto el plazo de presentaci\u00f3n de candidaturas para elegir a la pyme m\u00e1s innovadora de la ciudad. La empresa elegida representar\u00e1 a la ciudad en el II Encuentro \u201cAlcaldes+innovadores\u201d, que tendr\u00e1 lugar el pr\u00f3ximo 1 de marzo en Madrid, organizado por la Red Innpulso. Las candidaturas pueden presentarse hasta el\" \/>\n\t<meta name=\"robots\" content=\"max-image-preview:large\" \/>\n\t<meta name=\"author\" content=\"El Digital de Asturias\"\/>\n\t<meta name=\"google-site-verification\" content=\"UA-38556648-1\" \/>\n\t<meta name=\"msvalidate.01\" content=\"7dfe9f3f1b24437ab69f4f2559babe99\" \/>\n\t<meta name=\"keywords\" content=\"destacadas\" \/>\n\t<link rel=\"canonical\" href=\"https:\/\/www.eldigitaldeasturias.com\/noticias\/aviles-busca-a-la-pyme-mas-innovadora\/\" \/>\n\t<meta name=\"generator\" content=\"All in One SEO Pro (AIOSEO) 4.9.6.2\" \/>\n\t\t<meta property=\"og:locale\" content=\"es_ES\" \/>\n\t\t<meta property=\"og:site_name\" content=\"El Digital de Asturias\" \/>\n\t\t<meta property=\"og:type\" content=\"article\" \/>\n\t\t<meta property=\"og:title\" content=\"Avil\u00e9s busca a la pyme m\u00e1s innovadora - El Digital de Asturias\" \/>\n\t\t<meta property=\"og:description\" content=\"El Ayuntamiento de Avil\u00e9s ha abierto el plazo de presentaci\u00f3n de candidaturas para elegir a la pyme m\u00e1s innovadora de la ciudad. La empresa elegida representar\u00e1 a la ciudad en el II Encuentro \u201cAlcaldes+innovadores\u201d, que tendr\u00e1 lugar el pr\u00f3ximo 1 de marzo en Madrid, organizado por la Red Innpulso. Las candidaturas pueden presentarse hasta el\" \/>\n\t\t<meta property=\"og:url\" content=\"https:\/\/www.eldigitaldeasturias.com\/noticias\/aviles-busca-a-la-pyme-mas-innovadora\/\" \/>\n\t\t<meta property=\"og:image\" content=\"https:\/\/www.eldigitaldeasturias.com\/noticias\/wp-content\/uploads\/2015\/05\/aviles1.jpg\" \/>\n\t\t<meta property=\"og:image:secure_url\" content=\"https:\/\/www.eldigitaldeasturias.com\/noticias\/wp-content\/uploads\/2015\/05\/aviles1.jpg\" \/>\n\t\t<meta property=\"og:image:width\" content=\"800\" \/>\n\t\t<meta property=\"og:image:height\" content=\"536\" \/>\n\t\t<meta property=\"article:tag\" content=\"destacadas\" \/>\n\t\t<meta property=\"article:published_time\" content=\"2017-02-12T22:22:23+00:00\" \/>\n\t\t<meta property=\"article:modified_time\" content=\"2017-02-12T22:22:23+00:00\" \/>\n\t\t<meta property=\"article:publisher\" content=\"https:\/\/facebook.com\/eldigitaldeasturias\" \/>\n\t\t<meta name=\"twitter:card\" content=\"summary_large_image\" \/>\n\t\t<meta name=\"twitter:title\" content=\"Avil\u00e9s busca a la pyme m\u00e1s innovadora - El Digital de Asturias\" \/>\n\t\t<meta name=\"twitter:description\" content=\"El Ayuntamiento de Avil\u00e9s ha abierto el plazo de presentaci\u00f3n de candidaturas para elegir a la pyme m\u00e1s innovadora de la ciudad. La empresa elegida representar\u00e1 a la ciudad en el II Encuentro \u201cAlcaldes+innovadores\u201d, que tendr\u00e1 lugar el pr\u00f3ximo 1 de marzo en Madrid, organizado por la Red Innpulso. Las candidaturas pueden presentarse hasta el\" \/>\n\t\t<meta name=\"twitter:image\" content=\"https:\/\/www.eldigitaldeasturias.com\/noticias\/wp-content\/uploads\/2015\/05\/aviles1.jpg\" \/>\n\t\t<meta name=\"twitter:label1\" content=\"Escrito por\" \/>\n\t\t<meta name=\"twitter:data1\" content=\"El Digital de Asturias\" \/>\n\t\t<meta name=\"twitter:label2\" content=\"Tiempo de lectura estimado\" \/>\n\t\t<meta name=\"twitter:data2\" content=\"3 minutos\" \/>\n\t\t<script type=\"application\/ld+json\" class=\"aioseo-schema\">\n\t\t\t{\"@context\":\"https:\\\/\\\/schema.org\",\"@graph\":[{\"@type\":\"BlogPosting\",\"@id\":\"https:\\\/\\\/www.eldigitaldeasturias.com\\\/noticias\\\/aviles-busca-a-la-pyme-mas-innovadora\\\/#blogposting\",\"name\":\"Avil\\u00e9s busca a la pyme m\\u00e1s innovadora - El Digital de Asturias\",\"headline\":\"Avil\\u00e9s busca a la pyme m\\u00e1s innovadora\",\"author\":{\"@id\":\"https:\\\/\\\/www.eldigitaldeasturias.com\\\/noticias\\\/author\\\/admin\\\/#author\"},\"publisher\":{\"@id\":\"https:\\\/\\\/www.eldigitaldeasturias.com\\\/noticias\\\/#organization\"},\"image\":{\"@type\":\"ImageObject\",\"url\":\"https:\\\/\\\/www.eldigitaldeasturias.com\\\/noticias\\\/wp-content\\\/uploads\\\/2015\\\/05\\\/aviles1.jpg\",\"width\":800,\"height\":536},\"datePublished\":\"2017-02-12T22:22:23+01:00\",\"dateModified\":\"2017-02-12T22:22:23+01:00\",\"inLanguage\":\"es-ES\",\"mainEntityOfPage\":{\"@id\":\"https:\\\/\\\/www.eldigitaldeasturias.com\\\/noticias\\\/aviles-busca-a-la-pyme-mas-innovadora\\\/#webpage\"},\"isPartOf\":{\"@id\":\"https:\\\/\\\/www.eldigitaldeasturias.com\\\/noticias\\\/aviles-busca-a-la-pyme-mas-innovadora\\\/#webpage\"},\"articleSection\":\"Destacadas\"},{\"@type\":\"BreadcrumbList\",\"@id\":\"https:\\\/\\\/www.eldigitaldeasturias.com\\\/noticias\\\/aviles-busca-a-la-pyme-mas-innovadora\\\/#breadcrumblist\",\"itemListElement\":[{\"@type\":\"ListItem\",\"@id\":\"https:\\\/\\\/www.eldigitaldeasturias.com\\\/noticias#listItem\",\"position\":1,\"name\":\"Home\",\"item\":\"https:\\\/\\\/www.eldigitaldeasturias.com\\\/noticias\",\"nextItem\":{\"@type\":\"ListItem\",\"@id\":\"https:\\\/\\\/www.eldigitaldeasturias.com\\\/noticias\\\/category\\\/destacadas\\\/#listItem\",\"name\":\"Destacadas\"}},{\"@type\":\"ListItem\",\"@id\":\"https:\\\/\\\/www.eldigitaldeasturias.com\\\/noticias\\\/category\\\/destacadas\\\/#listItem\",\"position\":2,\"name\":\"Destacadas\",\"item\":\"https:\\\/\\\/www.eldigitaldeasturias.com\\\/noticias\\\/category\\\/destacadas\\\/\",\"nextItem\":{\"@type\":\"ListItem\",\"@id\":\"https:\\\/\\\/www.eldigitaldeasturias.com\\\/noticias\\\/aviles-busca-a-la-pyme-mas-innovadora\\\/#listItem\",\"name\":\"Avil\\u00e9s busca a la pyme m\\u00e1s innovadora\"},\"previousItem\":{\"@type\":\"ListItem\",\"@id\":\"https:\\\/\\\/www.eldigitaldeasturias.com\\\/noticias#listItem\",\"name\":\"Home\"}},{\"@type\":\"ListItem\",\"@id\":\"https:\\\/\\\/www.eldigitaldeasturias.com\\\/noticias\\\/aviles-busca-a-la-pyme-mas-innovadora\\\/#listItem\",\"position\":3,\"name\":\"Avil\\u00e9s busca a la pyme m\\u00e1s innovadora\",\"previousItem\":{\"@type\":\"ListItem\",\"@id\":\"https:\\\/\\\/www.eldigitaldeasturias.com\\\/noticias\\\/category\\\/destacadas\\\/#listItem\",\"name\":\"Destacadas\"}}]},{\"@type\":\"Organization\",\"@id\":\"https:\\\/\\\/www.eldigitaldeasturias.com\\\/noticias\\\/#organization\",\"name\":\"El Digital de Asturias\",\"description\":\"Hemeroteca\",\"url\":\"https:\\\/\\\/www.eldigitaldeasturias.com\\\/noticias\\\/\",\"email\":\"info@eldigitaldeasturias.com\",\"telephone\":\"+34652131393\",\"logo\":{\"@type\":\"ImageObject\",\"url\":\"https:\\\/\\\/www.eldigitaldeasturias.com\\\/noticias\\\/wp-content\\\/uploads\\\/2020\\\/12\\\/EDA.jpg\",\"@id\":\"https:\\\/\\\/www.eldigitaldeasturias.com\\\/noticias\\\/aviles-busca-a-la-pyme-mas-innovadora\\\/#organizationLogo\",\"width\":649,\"height\":297},\"image\":{\"@id\":\"https:\\\/\\\/www.eldigitaldeasturias.com\\\/noticias\\\/aviles-busca-a-la-pyme-mas-innovadora\\\/#organizationLogo\"},\"sameAs\":[\"https:\\\/\\\/facebook.com\\\/eldigitaldeasturias\",\"https:\\\/\\\/www.youtube.com\\\/channel\\\/UCZP-2wLEB9Rv6erhFmqVnvg\"],\"address\":{\"@id\":\"https:\\\/\\\/www.eldigitaldeasturias.com\\\/noticias\\\/#postaladdress\",\"@type\":\"PostalAddress\",\"streetAddress\":\"san antonio 4,\",\"postalCode\":\"33430\",\"addressLocality\":\"Cand\\u00e1s\",\"addressRegion\":\"Asturias\",\"addressCountry\":\"ES\"}},{\"@type\":\"Person\",\"@id\":\"https:\\\/\\\/www.eldigitaldeasturias.com\\\/noticias\\\/author\\\/admin\\\/#author\",\"url\":\"https:\\\/\\\/www.eldigitaldeasturias.com\\\/noticias\\\/author\\\/admin\\\/\",\"name\":\"El Digital de Asturias\",\"image\":{\"@type\":\"ImageObject\",\"@id\":\"https:\\\/\\\/www.eldigitaldeasturias.com\\\/noticias\\\/aviles-busca-a-la-pyme-mas-innovadora\\\/#authorImage\",\"url\":\"https:\\\/\\\/www.eldigitaldeasturias.com\\\/noticias\\\/wp-content\\\/litespeed\\\/avatar\\\/18677e78aa0546b92d9dbf31ec7d7668.jpg?ver=1777290358\",\"width\":96,\"height\":96,\"caption\":\"El Digital de Asturias\"}},{\"@type\":\"WebPage\",\"@id\":\"https:\\\/\\\/www.eldigitaldeasturias.com\\\/noticias\\\/aviles-busca-a-la-pyme-mas-innovadora\\\/#webpage\",\"url\":\"https:\\\/\\\/www.eldigitaldeasturias.com\\\/noticias\\\/aviles-busca-a-la-pyme-mas-innovadora\\\/\",\"name\":\"Avil\\u00e9s busca a la pyme m\\u00e1s innovadora - El Digital de Asturias\",\"description\":\"El Ayuntamiento de Avil\\u00e9s ha abierto el plazo de presentaci\\u00f3n de candidaturas para elegir a la pyme m\\u00e1s innovadora de la ciudad. La empresa elegida representar\\u00e1 a la ciudad en el II Encuentro \\u201cAlcaldes+innovadores\\u201d, que tendr\\u00e1 lugar el pr\\u00f3ximo 1 de marzo en Madrid, organizado por la Red Innpulso. Las candidaturas pueden presentarse hasta el\",\"inLanguage\":\"es-ES\",\"isPartOf\":{\"@id\":\"https:\\\/\\\/www.eldigitaldeasturias.com\\\/noticias\\\/#website\"},\"breadcrumb\":{\"@id\":\"https:\\\/\\\/www.eldigitaldeasturias.com\\\/noticias\\\/aviles-busca-a-la-pyme-mas-innovadora\\\/#breadcrumblist\"},\"author\":{\"@id\":\"https:\\\/\\\/www.eldigitaldeasturias.com\\\/noticias\\\/author\\\/admin\\\/#author\"},\"creator\":{\"@id\":\"https:\\\/\\\/www.eldigitaldeasturias.com\\\/noticias\\\/author\\\/admin\\\/#author\"},\"image\":{\"@type\":\"ImageObject\",\"url\":\"https:\\\/\\\/www.eldigitaldeasturias.com\\\/noticias\\\/wp-content\\\/uploads\\\/2015\\\/05\\\/aviles1.jpg\",\"@id\":\"https:\\\/\\\/www.eldigitaldeasturias.com\\\/noticias\\\/aviles-busca-a-la-pyme-mas-innovadora\\\/#mainImage\",\"width\":800,\"height\":536},\"primaryImageOfPage\":{\"@id\":\"https:\\\/\\\/www.eldigitaldeasturias.com\\\/noticias\\\/aviles-busca-a-la-pyme-mas-innovadora\\\/#mainImage\"},\"datePublished\":\"2017-02-12T22:22:23+01:00\",\"dateModified\":\"2017-02-12T22:22:23+01:00\"},{\"@type\":\"WebSite\",\"@id\":\"https:\\\/\\\/www.eldigitaldeasturias.com\\\/noticias\\\/#website\",\"url\":\"https:\\\/\\\/www.eldigitaldeasturias.com\\\/noticias\\\/\",\"name\":\"El Digital de Asturias - Diario de actualidad y noticias\",\"alternateName\":\"El Digital de Asturias - Diario de actualidad y noticias\",\"description\":\"Hemeroteca\",\"inLanguage\":\"es-ES\",\"publisher\":{\"@id\":\"https:\\\/\\\/www.eldigitaldeasturias.com\\\/noticias\\\/#organization\"}}]}\n\t\t<\/script>\n\t\t<!-- All in One SEO Pro -->\r\n\t\t<title>Avil\u00e9s busca a la pyme m\u00e1s innovadora - El Digital de Asturias<\/title>\n\n","aioseo_head_json":{"title":"Avil\u00e9s busca a la pyme m\u00e1s innovadora - El Digital de Asturias","description":"El Ayuntamiento de Avil\u00e9s ha abierto el plazo de presentaci\u00f3n de candidaturas para elegir a la pyme m\u00e1s innovadora de la ciudad. La empresa elegida representar\u00e1 a la ciudad en el II Encuentro \u201cAlcaldes+innovadores\u201d, que tendr\u00e1 lugar el pr\u00f3ximo 1 de marzo en Madrid, organizado por la Red Innpulso. Las candidaturas pueden presentarse hasta el","canonical_url":"https:\/\/www.eldigitaldeasturias.com\/noticias\/aviles-busca-a-la-pyme-mas-innovadora\/","robots":"max-image-preview:large","keywords":"destacadas","webmasterTools":{"google-site-verification":"UA-38556648-1","msvalidate.01":"7dfe9f3f1b24437ab69f4f2559babe99","miscellaneous":""},"schema":{"@context":"https:\/\/schema.org","@graph":[{"@type":"BlogPosting","@id":"https:\/\/www.eldigitaldeasturias.com\/noticias\/aviles-busca-a-la-pyme-mas-innovadora\/#blogposting","name":"Avil\u00e9s busca a la pyme m\u00e1s innovadora - El Digital de Asturias","headline":"Avil\u00e9s busca a la pyme m\u00e1s innovadora","author":{"@id":"https:\/\/www.eldigitaldeasturias.com\/noticias\/author\/admin\/#author"},"publisher":{"@id":"https:\/\/www.eldigitaldeasturias.com\/noticias\/#organization"},"image":{"@type":"ImageObject","url":"https:\/\/www.eldigitaldeasturias.com\/noticias\/wp-content\/uploads\/2015\/05\/aviles1.jpg","width":800,"height":536},"datePublished":"2017-02-12T22:22:23+01:00","dateModified":"2017-02-12T22:22:23+01:00","inLanguage":"es-ES","mainEntityOfPage":{"@id":"https:\/\/www.eldigitaldeasturias.com\/noticias\/aviles-busca-a-la-pyme-mas-innovadora\/#webpage"},"isPartOf":{"@id":"https:\/\/www.eldigitaldeasturias.com\/noticias\/aviles-busca-a-la-pyme-mas-innovadora\/#webpage"},"articleSection":"Destacadas"},{"@type":"BreadcrumbList","@id":"https:\/\/www.eldigitaldeasturias.com\/noticias\/aviles-busca-a-la-pyme-mas-innovadora\/#breadcrumblist","itemListElement":[{"@type":"ListItem","@id":"https:\/\/www.eldigitaldeasturias.com\/noticias#listItem","position":1,"name":"Home","item":"https:\/\/www.eldigitaldeasturias.com\/noticias","nextItem":{"@type":"ListItem","@id":"https:\/\/www.eldigitaldeasturias.com\/noticias\/category\/destacadas\/#listItem","name":"Destacadas"}},{"@type":"ListItem","@id":"https:\/\/www.eldigitaldeasturias.com\/noticias\/category\/destacadas\/#listItem","position":2,"name":"Destacadas","item":"https:\/\/www.eldigitaldeasturias.com\/noticias\/category\/destacadas\/","nextItem":{"@type":"ListItem","@id":"https:\/\/www.eldigitaldeasturias.com\/noticias\/aviles-busca-a-la-pyme-mas-innovadora\/#listItem","name":"Avil\u00e9s busca a la pyme m\u00e1s innovadora"},"previousItem":{"@type":"ListItem","@id":"https:\/\/www.eldigitaldeasturias.com\/noticias#listItem","name":"Home"}},{"@type":"ListItem","@id":"https:\/\/www.eldigitaldeasturias.com\/noticias\/aviles-busca-a-la-pyme-mas-innovadora\/#listItem","position":3,"name":"Avil\u00e9s busca a la pyme m\u00e1s innovadora","previousItem":{"@type":"ListItem","@id":"https:\/\/www.eldigitaldeasturias.com\/noticias\/category\/destacadas\/#listItem","name":"Destacadas"}}]},{"@type":"Organization","@id":"https:\/\/www.eldigitaldeasturias.com\/noticias\/#organization","name":"El Digital de Asturias","description":"Hemeroteca","url":"https:\/\/www.eldigitaldeasturias.com\/noticias\/","email":"info@eldigitaldeasturias.com","telephone":"+34652131393","logo":{"@type":"ImageObject","url":"https:\/\/www.eldigitaldeasturias.com\/noticias\/wp-content\/uploads\/2020\/12\/EDA.jpg","@id":"https:\/\/www.eldigitaldeasturias.com\/noticias\/aviles-busca-a-la-pyme-mas-innovadora\/#organizationLogo","width":649,"height":297},"image":{"@id":"https:\/\/www.eldigitaldeasturias.com\/noticias\/aviles-busca-a-la-pyme-mas-innovadora\/#organizationLogo"},"sameAs":["https:\/\/facebook.com\/eldigitaldeasturias","https:\/\/www.youtube.com\/channel\/UCZP-2wLEB9Rv6erhFmqVnvg"],"address":{"@id":"https:\/\/www.eldigitaldeasturias.com\/noticias\/#postaladdress","@type":"PostalAddress","streetAddress":"san antonio 4,","postalCode":"33430","addressLocality":"Cand\u00e1s","addressRegion":"Asturias","addressCountry":"ES"}},{"@type":"Person","@id":"https:\/\/www.eldigitaldeasturias.com\/noticias\/author\/admin\/#author","url":"https:\/\/www.eldigitaldeasturias.com\/noticias\/author\/admin\/","name":"El Digital de Asturias","image":{"@type":"ImageObject","@id":"https:\/\/www.eldigitaldeasturias.com\/noticias\/aviles-busca-a-la-pyme-mas-innovadora\/#authorImage","url":"https:\/\/www.eldigitaldeasturias.com\/noticias\/wp-content\/litespeed\/avatar\/18677e78aa0546b92d9dbf31ec7d7668.jpg?ver=1777290358","width":96,"height":96,"caption":"El Digital de Asturias"}},{"@type":"WebPage","@id":"https:\/\/www.eldigitaldeasturias.com\/noticias\/aviles-busca-a-la-pyme-mas-innovadora\/#webpage","url":"https:\/\/www.eldigitaldeasturias.com\/noticias\/aviles-busca-a-la-pyme-mas-innovadora\/","name":"Avil\u00e9s busca a la pyme m\u00e1s innovadora - El Digital de Asturias","description":"El Ayuntamiento de Avil\u00e9s ha abierto el plazo de presentaci\u00f3n de candidaturas para elegir a la pyme m\u00e1s innovadora de la ciudad. La empresa elegida representar\u00e1 a la ciudad en el II Encuentro \u201cAlcaldes+innovadores\u201d, que tendr\u00e1 lugar el pr\u00f3ximo 1 de marzo en Madrid, organizado por la Red Innpulso. Las candidaturas pueden presentarse hasta el","inLanguage":"es-ES","isPartOf":{"@id":"https:\/\/www.eldigitaldeasturias.com\/noticias\/#website"},"breadcrumb":{"@id":"https:\/\/www.eldigitaldeasturias.com\/noticias\/aviles-busca-a-la-pyme-mas-innovadora\/#breadcrumblist"},"author":{"@id":"https:\/\/www.eldigitaldeasturias.com\/noticias\/author\/admin\/#author"},"creator":{"@id":"https:\/\/www.eldigitaldeasturias.com\/noticias\/author\/admin\/#author"},"image":{"@type":"ImageObject","url":"https:\/\/www.eldigitaldeasturias.com\/noticias\/wp-content\/uploads\/2015\/05\/aviles1.jpg","@id":"https:\/\/www.eldigitaldeasturias.com\/noticias\/aviles-busca-a-la-pyme-mas-innovadora\/#mainImage","width":800,"height":536},"primaryImageOfPage":{"@id":"https:\/\/www.eldigitaldeasturias.com\/noticias\/aviles-busca-a-la-pyme-mas-innovadora\/#mainImage"},"datePublished":"2017-02-12T22:22:23+01:00","dateModified":"2017-02-12T22:22:23+01:00"},{"@type":"WebSite","@id":"https:\/\/www.eldigitaldeasturias.com\/noticias\/#website","url":"https:\/\/www.eldigitaldeasturias.com\/noticias\/","name":"El Digital de Asturias - Diario de actualidad y noticias","alternateName":"El Digital de Asturias - Diario de actualidad y noticias","description":"Hemeroteca","inLanguage":"es-ES","publisher":{"@id":"https:\/\/www.eldigitaldeasturias.com\/noticias\/#organization"}}]},"og:locale":"es_ES","og:site_name":"El Digital de Asturias","og:type":"article","og:title":"Avil\u00e9s busca a la pyme m\u00e1s innovadora - El Digital de Asturias","og:description":"El Ayuntamiento de Avil\u00e9s ha abierto el plazo de presentaci\u00f3n de candidaturas para elegir a la pyme m\u00e1s innovadora de la ciudad. La empresa elegida representar\u00e1 a la ciudad en el II Encuentro \u201cAlcaldes+innovadores\u201d, que tendr\u00e1 lugar el pr\u00f3ximo 1 de marzo en Madrid, organizado por la Red Innpulso. Las candidaturas pueden presentarse hasta el","og:url":"https:\/\/www.eldigitaldeasturias.com\/noticias\/aviles-busca-a-la-pyme-mas-innovadora\/","og:image":"https:\/\/www.eldigitaldeasturias.com\/noticias\/wp-content\/uploads\/2015\/05\/aviles1.jpg","og:image:secure_url":"https:\/\/www.eldigitaldeasturias.com\/noticias\/wp-content\/uploads\/2015\/05\/aviles1.jpg","og:image:width":800,"og:image:height":536,"article:tag":["destacadas"],"article:published_time":"2017-02-12T22:22:23+00:00","article:modified_time":"2017-02-12T22:22:23+00:00","article:publisher":"https:\/\/facebook.com\/eldigitaldeasturias","twitter:card":"summary_large_image","twitter:title":"Avil\u00e9s busca a la pyme m\u00e1s innovadora - El Digital de Asturias","twitter:description":"El Ayuntamiento de Avil\u00e9s ha abierto el plazo de presentaci\u00f3n de candidaturas para elegir a la pyme m\u00e1s innovadora de la ciudad. La empresa elegida representar\u00e1 a la ciudad en el II Encuentro \u201cAlcaldes+innovadores\u201d, que tendr\u00e1 lugar el pr\u00f3ximo 1 de marzo en Madrid, organizado por la Red Innpulso. Las candidaturas pueden presentarse hasta el","twitter:image":"https:\/\/www.eldigitaldeasturias.com\/noticias\/wp-content\/uploads\/2015\/05\/aviles1.jpg","twitter:label1":"Escrito por","twitter:data1":"El Digital de Asturias","twitter:label2":"Tiempo de lectura estimado","twitter:data2":"3 minutos"},"aioseo_meta_data":{"post_id":"925865","title":null,"description":null,"keywords":null,"keyphrases":null,"primary_term":null,"canonical_url":null,"og_title":null,"og_description":null,"og_object_type":"default","og_image_type":"default","og_image_url":null,"og_image_width":null,"og_image_height":null,"og_image_custom_url":null,"og_image_custom_fields":null,"og_video":null,"og_custom_url":null,"og_article_section":null,"og_article_tags":null,"twitter_use_og":false,"twitter_card":"default","twitter_image_type":"default","twitter_image_url":null,"twitter_image_custom_url":null,"twitter_image_custom_fields":null,"twitter_title":null,"twitter_description":null,"schema":{"blockGraphs":[],"customGraphs":[],"default":{"data":{"Article":[],"Course":[],"Dataset":[],"FAQPage":[],"Movie":[],"Person":[],"Product":[],"ProductReview":[],"Car":[],"Recipe":[],"Service":[],"SoftwareApplication":[],"WebPage":[]},"graphName":"","isEnabled":true},"graphs":[],"defaultGraph":"","defaultPostTypeGraph":""},"schema_type":null,"schema_type_options":null,"pillar_content":false,"robots_default":true,"robots_noindex":false,"robots_noarchive":false,"robots_nosnippet":false,"robots_nofollow":false,"robots_noimageindex":false,"robots_noodp":false,"robots_notranslate":false,"robots_max_snippet":null,"robots_max_videopreview":null,"robots_max_imagepreview":"large","priority":null,"frequency":null,"local_seo":null,"seo_analyzer_scan_date":"2025-12-03 05:09:17","breadcrumb_settings":null,"limit_modified_date":false,"open_ai":null,"ai":null,"created":"2020-12-21 13:39:45","updated":"2025-12-03 05:09:17"},"aioseo_breadcrumb":"<div class=\"aioseo-breadcrumbs\"><span class=\"aioseo-breadcrumb\">\n\t<a href=\"https:\/\/www.eldigitaldeasturias.com\/noticias\" title=\"Home\">Home<\/a>\n<\/span><span class=\"aioseo-breadcrumb-separator\">\u2013<\/span><span class=\"aioseo-breadcrumb\">\n\t<a href=\"https:\/\/www.eldigitaldeasturias.com\/noticias\/category\/destacadas\/\" title=\"Destacadas\">Destacadas<\/a>\n<\/span><span class=\"aioseo-breadcrumb-separator\">\u2013<\/span><span class=\"aioseo-breadcrumb\">\n\t<a href=\"https:\/\/www.eldigitaldeasturias.com\/noticias\/aviles-busca-a-la-pyme-mas-innovadora\/\" title=\"Avil\u00e9s busca a la pyme m\u00e1s innovadora\">Avil\u00e9s busca a la pyme m\u00e1s innovadora<\/a>\n<\/span><\/div>","aioseo_breadcrumb_json":[{"label":"Home","link":"https:\/\/www.eldigitaldeasturias.com\/noticias"},{"label":"Destacadas","link":"https:\/\/www.eldigitaldeasturias.com\/noticias\/category\/destacadas\/"},{"label":"Avil\u00e9s busca a la pyme m\u00e1s innovadora","link":"https:\/\/www.eldigitaldeasturias.com\/noticias\/aviles-busca-a-la-pyme-mas-innovadora\/"}],"_links":{"self":[{"href":"https:\/\/www.eldigitaldeasturias.com\/noticias\/wp-json\/wp\/v2\/posts\/925865","targetHints":{"allow":["GET"]}}],"collection":[{"href":"https:\/\/www.eldigitaldeasturias.com\/noticias\/wp-json\/wp\/v2\/posts"}],"about":[{"href":"https:\/\/www.eldigitaldeasturias.com\/noticias\/wp-json\/wp\/v2\/types\/post"}],"author":[{"embeddable":true,"href":"https:\/\/www.eldigitaldeasturias.com\/noticias\/wp-json\/wp\/v2\/users\/1"}],"replies":[{"embeddable":true,"href":"https:\/\/www.eldigitaldeasturias.com\/noticias\/wp-json\/wp\/v2\/comments?post=925865"}],"version-history":[{"count":0,"href":"https:\/\/www.eldigitaldeasturias.com\/noticias\/wp-json\/wp\/v2\/posts\/925865\/revisions"}],"wp:featuredmedia":[{"embeddable":true,"href":"https:\/\/www.eldigitaldeasturias.com\/noticias\/wp-json\/wp\/v2\/media\/785778"}],"wp:attachment":[{"href":"https:\/\/www.eldigitaldeasturias.com\/noticias\/wp-json\/wp\/v2\/media?parent=925865"}],"wp:term":[{"taxonomy":"category","embeddable":true,"href":"https:\/\/www.eldigitaldeasturias.com\/noticias\/wp-json\/wp\/v2\/categories?post=925865"},{"taxonomy":"post_tag","embeddable":true,"href":"https:\/\/www.eldigitaldeasturias.com\/noticias\/wp-json\/wp\/v2\/tags?post=925865"}],"curies":[{"name":"wp","href":"https:\/\/api.w.org\/{rel}","templated":true}]}}