{"id":925851,"date":"2017-02-12T19:07:41","date_gmt":"2017-02-12T19:07:41","guid":{"rendered":"http:\/\/www.eldigitaldeasturias.com\/noticias\/?p=925851"},"modified":"2017-02-12T19:07:41","modified_gmt":"2017-02-12T19:07:41","slug":"mercedes-fernandez-el-pp-tiene-un-patrimonio-inmenso-que-son-sus-afiliados","status":"publish","type":"post","link":"https:\/\/www.eldigitaldeasturias.com\/noticias\/mercedes-fernandez-el-pp-tiene-un-patrimonio-inmenso-que-son-sus-afiliados\/","title":{"rendered":"Mercedes Fern\u00e1ndez: \u201cEl PP tiene un patrimonio inmenso, que son sus afiliados\u201d"},"content":{"rendered":"<p><img loading=\"lazy\" decoding=\"async\" class=\"alignleft size-medium wp-image-925852\" src=\"https:\/\/www.eldigitaldeasturias.com\/noticias\/wp-content\/uploads\/2017\/02\/PPRajoy_12_02_17-360x240.jpg\" alt=\"\" width=\"360\" height=\"240\" srcset=\"https:\/\/www.eldigitaldeasturias.com\/noticias\/wp-content\/uploads\/2017\/02\/PPRajoy_12_02_17-360x240.jpg 360w, https:\/\/www.eldigitaldeasturias.com\/noticias\/wp-content\/uploads\/2017\/02\/PPRajoy_12_02_17-768x512.jpg 768w, https:\/\/www.eldigitaldeasturias.com\/noticias\/wp-content\/uploads\/2017\/02\/PPRajoy_12_02_17-650x433.jpg 650w, https:\/\/www.eldigitaldeasturias.com\/noticias\/wp-content\/uploads\/2017\/02\/PPRajoy_12_02_17-84x55.jpg 84w, https:\/\/www.eldigitaldeasturias.com\/noticias\/wp-content\/uploads\/2017\/02\/PPRajoy_12_02_17-49x32.jpg 49w, https:\/\/www.eldigitaldeasturias.com\/noticias\/wp-content\/uploads\/2017\/02\/PPRajoy_12_02_17.jpg 1280w\" sizes=\"auto, (max-width: 360px) 100vw, 360px\" \/>La presidenta del Partido Popular de Asturias, Mercedes Fern\u00e1ndez, mostr\u00f3 hoy su \u201csatisfacci\u00f3n inmensa\u201d por el desarrollo y los resultados del 18 Congreso nacional del PP, clausurado en la Caja M\u00e1gica de Madrid por Mariano Rajoy.<\/p>\n<p>Mercedes Fern\u00e1ndez, que junto a Luis Venta asisti\u00f3 a la primera reuni\u00f3n del nuevo Comit\u00e9 Ejecutivo Nacional, afirm\u00f3 que \u201cha sido un magn\u00edfico Congreso, en el que hemos debatido y hecho reflexiones colectivas que demandaba la sociedad; nos hemos ocupado de los problemas de la gente, del empleo, de las pensiones, de los asuntos a solucionar entre todos en los pr\u00f3ximos a\u00f1os\u201d.<\/p>\n<p>La presidenta destac\u00f3 que el PP tiene \u201cun patrimonio inmenso, que son sus afiliados, como tambi\u00e9n en Asturias, que llevan el mensaje a todos los puntos en un \u00fanico discurso program\u00e1tico\u201d.<\/p>\n<p>\u201cSiempre hemos dicho la verdad a los espa\u00f1oles a pesar de las dificultades que se presentaban, y hemos sabido vencer entre todos\u201d, resalt\u00f3.<\/p>\n<p>Mercedes Fern\u00e1ndez, haciendo suyas unas palabras de Mariano Rajoy, subray\u00f3 que \u201ctenemos un gran pa\u00eds, y los espa\u00f1oles debemos hablar muy bien de \u00e9l todos los d\u00edas; construimos entre todos un gran partido y entre todos podemos hacer un pa\u00eds cada vez m\u00e1s solidario, con mayores niveles de empleo\u201d.<\/p>\n<p>\u201cDe este Congreso sale un PP m\u00e1s moderno, fuerte, conectado con los espa\u00f1oles y que ha aprendido de su historia inmediata, haciendo rectificaciones\u201d, expres\u00f3.<\/p>\n<p>La l\u00edder del PP de Asturias se\u00f1al\u00f3 que de la mano del t\u00e1ndem formado por Mariano Rajoy y Mar\u00eda Dolores de Cospedal, los populares \u201cest\u00e1n llamados a hacer muchas cosas importantes por Espa\u00f1a\u201d.<\/p>\n<p>Asimismo, afirm\u00f3 que en el c\u00f3nclave popular tambi\u00e9n se ha hablado de Asturias, del carb\u00f3n, y destac\u00f3 la incorporaci\u00f3n de Luis Venta al Comit\u00e9 Ejecutivo Nacional y que siga Isabel P\u00e9rez-Espinosa en la Junta Directiva: \u201cNos llena de satisfacci\u00f3n ver nuestro trabajo reconocido a nivel nacional\u201d.<\/p>\n<p>Respecto al Congreso regional del PP que se celebrar\u00e1 el 18 de marzo, Mercedes Fern\u00e1ndez se\u00f1al\u00f3 que tendr\u00e1 una amplia participaci\u00f3n, \u201cen el que, como siempre, todo el mundo va a tener voz\u201d.<\/p>\n","protected":false},"excerpt":{"rendered":"<p>La presidenta del Partido Popular de Asturias, Mercedes Fern\u00e1ndez, mostr\u00f3 hoy su \u201csatisfacci\u00f3n inmensa\u201d por el desarrollo y los resultados del 18 Congreso nacional del PP, clausurado en la Caja M\u00e1gica de Madrid por Mariano Rajoy. Mercedes Fern\u00e1ndez, que junto a Luis Venta asisti\u00f3 a la primera reuni\u00f3n del nuevo Comit\u00e9 Ejecutivo Nacional, afirm\u00f3 que [&hellip;]<\/p>\n","protected":false},"author":1,"featured_media":925852,"comment_status":"closed","ping_status":"closed","sticky":false,"template":"","format":"standard","meta":{"footnotes":""},"categories":[141],"tags":[],"class_list":["post-925851","post","type-post","status-publish","format-standard","has-post-thumbnail","hentry","category-destacadas"],"aioseo_notices":[],"aioseo_head":"\n\t\t<!-- All in One SEO Pro 4.9.6.2 - aioseo.com -->\n\t<meta name=\"description\" content=\"La presidenta del Partido Popular de Asturias, Mercedes Fern\u00e1ndez, mostr\u00f3 hoy su \u201csatisfacci\u00f3n inmensa\u201d por el desarrollo y los resultados del 18 Congreso nacional del PP, clausurado en la Caja M\u00e1gica de Madrid por Mariano Rajoy. Mercedes Fern\u00e1ndez, que junto a Luis Venta asisti\u00f3 a la primera reuni\u00f3n del nuevo Comit\u00e9 Ejecutivo Nacional, afirm\u00f3 que\" \/>\n\t<meta name=\"robots\" content=\"max-image-preview:large\" \/>\n\t<meta name=\"author\" content=\"El Digital de Asturias\"\/>\n\t<meta name=\"google-site-verification\" content=\"UA-38556648-1\" \/>\n\t<meta name=\"msvalidate.01\" content=\"7dfe9f3f1b24437ab69f4f2559babe99\" \/>\n\t<meta name=\"keywords\" content=\"destacadas\" \/>\n\t<link rel=\"canonical\" href=\"https:\/\/www.eldigitaldeasturias.com\/noticias\/mercedes-fernandez-el-pp-tiene-un-patrimonio-inmenso-que-son-sus-afiliados\/\" \/>\n\t<meta name=\"generator\" content=\"All in One SEO Pro (AIOSEO) 4.9.6.2\" \/>\n\t\t<meta property=\"og:locale\" content=\"es_ES\" \/>\n\t\t<meta property=\"og:site_name\" content=\"El Digital de Asturias\" \/>\n\t\t<meta property=\"og:type\" content=\"article\" \/>\n\t\t<meta property=\"og:title\" content=\"Mercedes Fern\u00e1ndez: \u201cEl PP tiene un patrimonio inmenso, que son sus afiliados\u201d - El Digital de Asturias\" \/>\n\t\t<meta property=\"og:description\" content=\"La presidenta del Partido Popular de Asturias, Mercedes Fern\u00e1ndez, mostr\u00f3 hoy su \u201csatisfacci\u00f3n inmensa\u201d por el desarrollo y los resultados del 18 Congreso nacional del PP, clausurado en la Caja M\u00e1gica de Madrid por Mariano Rajoy. Mercedes Fern\u00e1ndez, que junto a Luis Venta asisti\u00f3 a la primera reuni\u00f3n del nuevo Comit\u00e9 Ejecutivo Nacional, afirm\u00f3 que\" \/>\n\t\t<meta property=\"og:url\" content=\"https:\/\/www.eldigitaldeasturias.com\/noticias\/mercedes-fernandez-el-pp-tiene-un-patrimonio-inmenso-que-son-sus-afiliados\/\" \/>\n\t\t<meta property=\"og:image\" content=\"https:\/\/www.eldigitaldeasturias.com\/noticias\/wp-content\/uploads\/2017\/02\/PPRajoy_12_02_17.jpg\" \/>\n\t\t<meta property=\"og:image:secure_url\" content=\"https:\/\/www.eldigitaldeasturias.com\/noticias\/wp-content\/uploads\/2017\/02\/PPRajoy_12_02_17.jpg\" \/>\n\t\t<meta property=\"og:image:width\" content=\"1280\" \/>\n\t\t<meta property=\"og:image:height\" content=\"853\" \/>\n\t\t<meta property=\"article:tag\" content=\"destacadas\" \/>\n\t\t<meta property=\"article:published_time\" content=\"2017-02-12T19:07:41+00:00\" \/>\n\t\t<meta property=\"article:modified_time\" content=\"2017-02-12T19:07:41+00:00\" \/>\n\t\t<meta property=\"article:publisher\" content=\"https:\/\/facebook.com\/eldigitaldeasturias\" \/>\n\t\t<meta name=\"twitter:card\" content=\"summary_large_image\" \/>\n\t\t<meta name=\"twitter:title\" content=\"Mercedes Fern\u00e1ndez: \u201cEl PP tiene un patrimonio inmenso, que son sus afiliados\u201d - El Digital de Asturias\" \/>\n\t\t<meta name=\"twitter:description\" content=\"La presidenta del Partido Popular de Asturias, Mercedes Fern\u00e1ndez, mostr\u00f3 hoy su \u201csatisfacci\u00f3n inmensa\u201d por el desarrollo y los resultados del 18 Congreso nacional del PP, clausurado en la Caja M\u00e1gica de Madrid por Mariano Rajoy. Mercedes Fern\u00e1ndez, que junto a Luis Venta asisti\u00f3 a la primera reuni\u00f3n del nuevo Comit\u00e9 Ejecutivo Nacional, afirm\u00f3 que\" \/>\n\t\t<meta name=\"twitter:image\" content=\"https:\/\/www.eldigitaldeasturias.com\/noticias\/wp-content\/uploads\/2017\/02\/PPRajoy_12_02_17.jpg\" \/>\n\t\t<meta name=\"twitter:label1\" content=\"Escrito por\" \/>\n\t\t<meta name=\"twitter:data1\" content=\"El Digital de Asturias\" \/>\n\t\t<meta name=\"twitter:label2\" content=\"Tiempo de lectura estimado\" \/>\n\t\t<meta name=\"twitter:data2\" content=\"2 minutos\" \/>\n\t\t<script type=\"application\/ld+json\" class=\"aioseo-schema\">\n\t\t\t{\"@context\":\"https:\\\/\\\/schema.org\",\"@graph\":[{\"@type\":\"BlogPosting\",\"@id\":\"https:\\\/\\\/www.eldigitaldeasturias.com\\\/noticias\\\/mercedes-fernandez-el-pp-tiene-un-patrimonio-inmenso-que-son-sus-afiliados\\\/#blogposting\",\"name\":\"Mercedes Fern\\u00e1ndez: \\u201cEl PP tiene un patrimonio inmenso, que son sus afiliados\\u201d - El Digital de Asturias\",\"headline\":\"Mercedes Fern\\u00e1ndez: \\u201cEl PP tiene un patrimonio inmenso, que son sus afiliados\\u201d\",\"author\":{\"@id\":\"https:\\\/\\\/www.eldigitaldeasturias.com\\\/noticias\\\/author\\\/admin\\\/#author\"},\"publisher\":{\"@id\":\"https:\\\/\\\/www.eldigitaldeasturias.com\\\/noticias\\\/#organization\"},\"image\":{\"@type\":\"ImageObject\",\"url\":\"https:\\\/\\\/www.eldigitaldeasturias.com\\\/noticias\\\/wp-content\\\/uploads\\\/2017\\\/02\\\/PPRajoy_12_02_17.jpg\",\"width\":1280,\"height\":853},\"datePublished\":\"2017-02-12T19:07:41+01:00\",\"dateModified\":\"2017-02-12T19:07:41+01:00\",\"inLanguage\":\"es-ES\",\"mainEntityOfPage\":{\"@id\":\"https:\\\/\\\/www.eldigitaldeasturias.com\\\/noticias\\\/mercedes-fernandez-el-pp-tiene-un-patrimonio-inmenso-que-son-sus-afiliados\\\/#webpage\"},\"isPartOf\":{\"@id\":\"https:\\\/\\\/www.eldigitaldeasturias.com\\\/noticias\\\/mercedes-fernandez-el-pp-tiene-un-patrimonio-inmenso-que-son-sus-afiliados\\\/#webpage\"},\"articleSection\":\"Destacadas\"},{\"@type\":\"BreadcrumbList\",\"@id\":\"https:\\\/\\\/www.eldigitaldeasturias.com\\\/noticias\\\/mercedes-fernandez-el-pp-tiene-un-patrimonio-inmenso-que-son-sus-afiliados\\\/#breadcrumblist\",\"itemListElement\":[{\"@type\":\"ListItem\",\"@id\":\"https:\\\/\\\/www.eldigitaldeasturias.com\\\/noticias#listItem\",\"position\":1,\"name\":\"Home\",\"item\":\"https:\\\/\\\/www.eldigitaldeasturias.com\\\/noticias\",\"nextItem\":{\"@type\":\"ListItem\",\"@id\":\"https:\\\/\\\/www.eldigitaldeasturias.com\\\/noticias\\\/category\\\/destacadas\\\/#listItem\",\"name\":\"Destacadas\"}},{\"@type\":\"ListItem\",\"@id\":\"https:\\\/\\\/www.eldigitaldeasturias.com\\\/noticias\\\/category\\\/destacadas\\\/#listItem\",\"position\":2,\"name\":\"Destacadas\",\"item\":\"https:\\\/\\\/www.eldigitaldeasturias.com\\\/noticias\\\/category\\\/destacadas\\\/\",\"nextItem\":{\"@type\":\"ListItem\",\"@id\":\"https:\\\/\\\/www.eldigitaldeasturias.com\\\/noticias\\\/mercedes-fernandez-el-pp-tiene-un-patrimonio-inmenso-que-son-sus-afiliados\\\/#listItem\",\"name\":\"Mercedes Fern\\u00e1ndez: \\u201cEl PP tiene un patrimonio inmenso, que son sus afiliados\\u201d\"},\"previousItem\":{\"@type\":\"ListItem\",\"@id\":\"https:\\\/\\\/www.eldigitaldeasturias.com\\\/noticias#listItem\",\"name\":\"Home\"}},{\"@type\":\"ListItem\",\"@id\":\"https:\\\/\\\/www.eldigitaldeasturias.com\\\/noticias\\\/mercedes-fernandez-el-pp-tiene-un-patrimonio-inmenso-que-son-sus-afiliados\\\/#listItem\",\"position\":3,\"name\":\"Mercedes Fern\\u00e1ndez: \\u201cEl PP tiene un patrimonio inmenso, que son sus afiliados\\u201d\",\"previousItem\":{\"@type\":\"ListItem\",\"@id\":\"https:\\\/\\\/www.eldigitaldeasturias.com\\\/noticias\\\/category\\\/destacadas\\\/#listItem\",\"name\":\"Destacadas\"}}]},{\"@type\":\"Organization\",\"@id\":\"https:\\\/\\\/www.eldigitaldeasturias.com\\\/noticias\\\/#organization\",\"name\":\"El Digital de Asturias\",\"description\":\"Hemeroteca\",\"url\":\"https:\\\/\\\/www.eldigitaldeasturias.com\\\/noticias\\\/\",\"email\":\"info@eldigitaldeasturias.com\",\"telephone\":\"+34652131393\",\"logo\":{\"@type\":\"ImageObject\",\"url\":\"https:\\\/\\\/www.eldigitaldeasturias.com\\\/noticias\\\/wp-content\\\/uploads\\\/2020\\\/12\\\/EDA.jpg\",\"@id\":\"https:\\\/\\\/www.eldigitaldeasturias.com\\\/noticias\\\/mercedes-fernandez-el-pp-tiene-un-patrimonio-inmenso-que-son-sus-afiliados\\\/#organizationLogo\",\"width\":649,\"height\":297},\"image\":{\"@id\":\"https:\\\/\\\/www.eldigitaldeasturias.com\\\/noticias\\\/mercedes-fernandez-el-pp-tiene-un-patrimonio-inmenso-que-son-sus-afiliados\\\/#organizationLogo\"},\"sameAs\":[\"https:\\\/\\\/facebook.com\\\/eldigitaldeasturias\",\"https:\\\/\\\/www.youtube.com\\\/channel\\\/UCZP-2wLEB9Rv6erhFmqVnvg\"],\"address\":{\"@id\":\"https:\\\/\\\/www.eldigitaldeasturias.com\\\/noticias\\\/#postaladdress\",\"@type\":\"PostalAddress\",\"streetAddress\":\"san antonio 4,\",\"postalCode\":\"33430\",\"addressLocality\":\"Cand\\u00e1s\",\"addressRegion\":\"Asturias\",\"addressCountry\":\"ES\"}},{\"@type\":\"Person\",\"@id\":\"https:\\\/\\\/www.eldigitaldeasturias.com\\\/noticias\\\/author\\\/admin\\\/#author\",\"url\":\"https:\\\/\\\/www.eldigitaldeasturias.com\\\/noticias\\\/author\\\/admin\\\/\",\"name\":\"El Digital de Asturias\",\"image\":{\"@type\":\"ImageObject\",\"@id\":\"https:\\\/\\\/www.eldigitaldeasturias.com\\\/noticias\\\/mercedes-fernandez-el-pp-tiene-un-patrimonio-inmenso-que-son-sus-afiliados\\\/#authorImage\",\"url\":\"https:\\\/\\\/www.eldigitaldeasturias.com\\\/noticias\\\/wp-content\\\/litespeed\\\/avatar\\\/18677e78aa0546b92d9dbf31ec7d7668.jpg?ver=1777290358\",\"width\":96,\"height\":96,\"caption\":\"El Digital de Asturias\"}},{\"@type\":\"WebPage\",\"@id\":\"https:\\\/\\\/www.eldigitaldeasturias.com\\\/noticias\\\/mercedes-fernandez-el-pp-tiene-un-patrimonio-inmenso-que-son-sus-afiliados\\\/#webpage\",\"url\":\"https:\\\/\\\/www.eldigitaldeasturias.com\\\/noticias\\\/mercedes-fernandez-el-pp-tiene-un-patrimonio-inmenso-que-son-sus-afiliados\\\/\",\"name\":\"Mercedes Fern\\u00e1ndez: \\u201cEl PP tiene un patrimonio inmenso, que son sus afiliados\\u201d - El Digital de Asturias\",\"description\":\"La presidenta del Partido Popular de Asturias, Mercedes Fern\\u00e1ndez, mostr\\u00f3 hoy su \\u201csatisfacci\\u00f3n inmensa\\u201d por el desarrollo y los resultados del 18 Congreso nacional del PP, clausurado en la Caja M\\u00e1gica de Madrid por Mariano Rajoy. Mercedes Fern\\u00e1ndez, que junto a Luis Venta asisti\\u00f3 a la primera reuni\\u00f3n del nuevo Comit\\u00e9 Ejecutivo Nacional, afirm\\u00f3 que\",\"inLanguage\":\"es-ES\",\"isPartOf\":{\"@id\":\"https:\\\/\\\/www.eldigitaldeasturias.com\\\/noticias\\\/#website\"},\"breadcrumb\":{\"@id\":\"https:\\\/\\\/www.eldigitaldeasturias.com\\\/noticias\\\/mercedes-fernandez-el-pp-tiene-un-patrimonio-inmenso-que-son-sus-afiliados\\\/#breadcrumblist\"},\"author\":{\"@id\":\"https:\\\/\\\/www.eldigitaldeasturias.com\\\/noticias\\\/author\\\/admin\\\/#author\"},\"creator\":{\"@id\":\"https:\\\/\\\/www.eldigitaldeasturias.com\\\/noticias\\\/author\\\/admin\\\/#author\"},\"image\":{\"@type\":\"ImageObject\",\"url\":\"https:\\\/\\\/www.eldigitaldeasturias.com\\\/noticias\\\/wp-content\\\/uploads\\\/2017\\\/02\\\/PPRajoy_12_02_17.jpg\",\"@id\":\"https:\\\/\\\/www.eldigitaldeasturias.com\\\/noticias\\\/mercedes-fernandez-el-pp-tiene-un-patrimonio-inmenso-que-son-sus-afiliados\\\/#mainImage\",\"width\":1280,\"height\":853},\"primaryImageOfPage\":{\"@id\":\"https:\\\/\\\/www.eldigitaldeasturias.com\\\/noticias\\\/mercedes-fernandez-el-pp-tiene-un-patrimonio-inmenso-que-son-sus-afiliados\\\/#mainImage\"},\"datePublished\":\"2017-02-12T19:07:41+01:00\",\"dateModified\":\"2017-02-12T19:07:41+01:00\"},{\"@type\":\"WebSite\",\"@id\":\"https:\\\/\\\/www.eldigitaldeasturias.com\\\/noticias\\\/#website\",\"url\":\"https:\\\/\\\/www.eldigitaldeasturias.com\\\/noticias\\\/\",\"name\":\"El Digital de Asturias - Diario de actualidad y noticias\",\"alternateName\":\"El Digital de Asturias - Diario de actualidad y noticias\",\"description\":\"Hemeroteca\",\"inLanguage\":\"es-ES\",\"publisher\":{\"@id\":\"https:\\\/\\\/www.eldigitaldeasturias.com\\\/noticias\\\/#organization\"}}]}\n\t\t<\/script>\n\t\t<!-- All in One SEO Pro -->\r\n\t\t<title>Mercedes Fern\u00e1ndez: \u201cEl PP tiene un patrimonio inmenso, que son sus afiliados\u201d - El Digital de Asturias<\/title>\n\n","aioseo_head_json":{"title":"Mercedes Fern\u00e1ndez: \u201cEl PP tiene un patrimonio inmenso, que son sus afiliados\u201d - El Digital de Asturias","description":"La presidenta del Partido Popular de Asturias, Mercedes Fern\u00e1ndez, mostr\u00f3 hoy su \u201csatisfacci\u00f3n inmensa\u201d por el desarrollo y los resultados del 18 Congreso nacional del PP, clausurado en la Caja M\u00e1gica de Madrid por Mariano Rajoy. Mercedes Fern\u00e1ndez, que junto a Luis Venta asisti\u00f3 a la primera reuni\u00f3n del nuevo Comit\u00e9 Ejecutivo Nacional, afirm\u00f3 que","canonical_url":"https:\/\/www.eldigitaldeasturias.com\/noticias\/mercedes-fernandez-el-pp-tiene-un-patrimonio-inmenso-que-son-sus-afiliados\/","robots":"max-image-preview:large","keywords":"destacadas","webmasterTools":{"google-site-verification":"UA-38556648-1","msvalidate.01":"7dfe9f3f1b24437ab69f4f2559babe99","miscellaneous":""},"schema":{"@context":"https:\/\/schema.org","@graph":[{"@type":"BlogPosting","@id":"https:\/\/www.eldigitaldeasturias.com\/noticias\/mercedes-fernandez-el-pp-tiene-un-patrimonio-inmenso-que-son-sus-afiliados\/#blogposting","name":"Mercedes Fern\u00e1ndez: \u201cEl PP tiene un patrimonio inmenso, que son sus afiliados\u201d - El Digital de Asturias","headline":"Mercedes Fern\u00e1ndez: \u201cEl PP tiene un patrimonio inmenso, que son sus afiliados\u201d","author":{"@id":"https:\/\/www.eldigitaldeasturias.com\/noticias\/author\/admin\/#author"},"publisher":{"@id":"https:\/\/www.eldigitaldeasturias.com\/noticias\/#organization"},"image":{"@type":"ImageObject","url":"https:\/\/www.eldigitaldeasturias.com\/noticias\/wp-content\/uploads\/2017\/02\/PPRajoy_12_02_17.jpg","width":1280,"height":853},"datePublished":"2017-02-12T19:07:41+01:00","dateModified":"2017-02-12T19:07:41+01:00","inLanguage":"es-ES","mainEntityOfPage":{"@id":"https:\/\/www.eldigitaldeasturias.com\/noticias\/mercedes-fernandez-el-pp-tiene-un-patrimonio-inmenso-que-son-sus-afiliados\/#webpage"},"isPartOf":{"@id":"https:\/\/www.eldigitaldeasturias.com\/noticias\/mercedes-fernandez-el-pp-tiene-un-patrimonio-inmenso-que-son-sus-afiliados\/#webpage"},"articleSection":"Destacadas"},{"@type":"BreadcrumbList","@id":"https:\/\/www.eldigitaldeasturias.com\/noticias\/mercedes-fernandez-el-pp-tiene-un-patrimonio-inmenso-que-son-sus-afiliados\/#breadcrumblist","itemListElement":[{"@type":"ListItem","@id":"https:\/\/www.eldigitaldeasturias.com\/noticias#listItem","position":1,"name":"Home","item":"https:\/\/www.eldigitaldeasturias.com\/noticias","nextItem":{"@type":"ListItem","@id":"https:\/\/www.eldigitaldeasturias.com\/noticias\/category\/destacadas\/#listItem","name":"Destacadas"}},{"@type":"ListItem","@id":"https:\/\/www.eldigitaldeasturias.com\/noticias\/category\/destacadas\/#listItem","position":2,"name":"Destacadas","item":"https:\/\/www.eldigitaldeasturias.com\/noticias\/category\/destacadas\/","nextItem":{"@type":"ListItem","@id":"https:\/\/www.eldigitaldeasturias.com\/noticias\/mercedes-fernandez-el-pp-tiene-un-patrimonio-inmenso-que-son-sus-afiliados\/#listItem","name":"Mercedes Fern\u00e1ndez: \u201cEl PP tiene un patrimonio inmenso, que son sus afiliados\u201d"},"previousItem":{"@type":"ListItem","@id":"https:\/\/www.eldigitaldeasturias.com\/noticias#listItem","name":"Home"}},{"@type":"ListItem","@id":"https:\/\/www.eldigitaldeasturias.com\/noticias\/mercedes-fernandez-el-pp-tiene-un-patrimonio-inmenso-que-son-sus-afiliados\/#listItem","position":3,"name":"Mercedes Fern\u00e1ndez: \u201cEl PP tiene un patrimonio inmenso, que son sus afiliados\u201d","previousItem":{"@type":"ListItem","@id":"https:\/\/www.eldigitaldeasturias.com\/noticias\/category\/destacadas\/#listItem","name":"Destacadas"}}]},{"@type":"Organization","@id":"https:\/\/www.eldigitaldeasturias.com\/noticias\/#organization","name":"El Digital de Asturias","description":"Hemeroteca","url":"https:\/\/www.eldigitaldeasturias.com\/noticias\/","email":"info@eldigitaldeasturias.com","telephone":"+34652131393","logo":{"@type":"ImageObject","url":"https:\/\/www.eldigitaldeasturias.com\/noticias\/wp-content\/uploads\/2020\/12\/EDA.jpg","@id":"https:\/\/www.eldigitaldeasturias.com\/noticias\/mercedes-fernandez-el-pp-tiene-un-patrimonio-inmenso-que-son-sus-afiliados\/#organizationLogo","width":649,"height":297},"image":{"@id":"https:\/\/www.eldigitaldeasturias.com\/noticias\/mercedes-fernandez-el-pp-tiene-un-patrimonio-inmenso-que-son-sus-afiliados\/#organizationLogo"},"sameAs":["https:\/\/facebook.com\/eldigitaldeasturias","https:\/\/www.youtube.com\/channel\/UCZP-2wLEB9Rv6erhFmqVnvg"],"address":{"@id":"https:\/\/www.eldigitaldeasturias.com\/noticias\/#postaladdress","@type":"PostalAddress","streetAddress":"san antonio 4,","postalCode":"33430","addressLocality":"Cand\u00e1s","addressRegion":"Asturias","addressCountry":"ES"}},{"@type":"Person","@id":"https:\/\/www.eldigitaldeasturias.com\/noticias\/author\/admin\/#author","url":"https:\/\/www.eldigitaldeasturias.com\/noticias\/author\/admin\/","name":"El Digital de Asturias","image":{"@type":"ImageObject","@id":"https:\/\/www.eldigitaldeasturias.com\/noticias\/mercedes-fernandez-el-pp-tiene-un-patrimonio-inmenso-que-son-sus-afiliados\/#authorImage","url":"https:\/\/www.eldigitaldeasturias.com\/noticias\/wp-content\/litespeed\/avatar\/18677e78aa0546b92d9dbf31ec7d7668.jpg?ver=1777290358","width":96,"height":96,"caption":"El Digital de Asturias"}},{"@type":"WebPage","@id":"https:\/\/www.eldigitaldeasturias.com\/noticias\/mercedes-fernandez-el-pp-tiene-un-patrimonio-inmenso-que-son-sus-afiliados\/#webpage","url":"https:\/\/www.eldigitaldeasturias.com\/noticias\/mercedes-fernandez-el-pp-tiene-un-patrimonio-inmenso-que-son-sus-afiliados\/","name":"Mercedes Fern\u00e1ndez: \u201cEl PP tiene un patrimonio inmenso, que son sus afiliados\u201d - El Digital de Asturias","description":"La presidenta del Partido Popular de Asturias, Mercedes Fern\u00e1ndez, mostr\u00f3 hoy su \u201csatisfacci\u00f3n inmensa\u201d por el desarrollo y los resultados del 18 Congreso nacional del PP, clausurado en la Caja M\u00e1gica de Madrid por Mariano Rajoy. Mercedes Fern\u00e1ndez, que junto a Luis Venta asisti\u00f3 a la primera reuni\u00f3n del nuevo Comit\u00e9 Ejecutivo Nacional, afirm\u00f3 que","inLanguage":"es-ES","isPartOf":{"@id":"https:\/\/www.eldigitaldeasturias.com\/noticias\/#website"},"breadcrumb":{"@id":"https:\/\/www.eldigitaldeasturias.com\/noticias\/mercedes-fernandez-el-pp-tiene-un-patrimonio-inmenso-que-son-sus-afiliados\/#breadcrumblist"},"author":{"@id":"https:\/\/www.eldigitaldeasturias.com\/noticias\/author\/admin\/#author"},"creator":{"@id":"https:\/\/www.eldigitaldeasturias.com\/noticias\/author\/admin\/#author"},"image":{"@type":"ImageObject","url":"https:\/\/www.eldigitaldeasturias.com\/noticias\/wp-content\/uploads\/2017\/02\/PPRajoy_12_02_17.jpg","@id":"https:\/\/www.eldigitaldeasturias.com\/noticias\/mercedes-fernandez-el-pp-tiene-un-patrimonio-inmenso-que-son-sus-afiliados\/#mainImage","width":1280,"height":853},"primaryImageOfPage":{"@id":"https:\/\/www.eldigitaldeasturias.com\/noticias\/mercedes-fernandez-el-pp-tiene-un-patrimonio-inmenso-que-son-sus-afiliados\/#mainImage"},"datePublished":"2017-02-12T19:07:41+01:00","dateModified":"2017-02-12T19:07:41+01:00"},{"@type":"WebSite","@id":"https:\/\/www.eldigitaldeasturias.com\/noticias\/#website","url":"https:\/\/www.eldigitaldeasturias.com\/noticias\/","name":"El Digital de Asturias - Diario de actualidad y noticias","alternateName":"El Digital de Asturias - Diario de actualidad y noticias","description":"Hemeroteca","inLanguage":"es-ES","publisher":{"@id":"https:\/\/www.eldigitaldeasturias.com\/noticias\/#organization"}}]},"og:locale":"es_ES","og:site_name":"El Digital de Asturias","og:type":"article","og:title":"Mercedes Fern\u00e1ndez: \u201cEl PP tiene un patrimonio inmenso, que son sus afiliados\u201d - El Digital de Asturias","og:description":"La presidenta del Partido Popular de Asturias, Mercedes Fern\u00e1ndez, mostr\u00f3 hoy su \u201csatisfacci\u00f3n inmensa\u201d por el desarrollo y los resultados del 18 Congreso nacional del PP, clausurado en la Caja M\u00e1gica de Madrid por Mariano Rajoy. Mercedes Fern\u00e1ndez, que junto a Luis Venta asisti\u00f3 a la primera reuni\u00f3n del nuevo Comit\u00e9 Ejecutivo Nacional, afirm\u00f3 que","og:url":"https:\/\/www.eldigitaldeasturias.com\/noticias\/mercedes-fernandez-el-pp-tiene-un-patrimonio-inmenso-que-son-sus-afiliados\/","og:image":"https:\/\/www.eldigitaldeasturias.com\/noticias\/wp-content\/uploads\/2017\/02\/PPRajoy_12_02_17.jpg","og:image:secure_url":"https:\/\/www.eldigitaldeasturias.com\/noticias\/wp-content\/uploads\/2017\/02\/PPRajoy_12_02_17.jpg","og:image:width":1280,"og:image:height":853,"article:tag":["destacadas"],"article:published_time":"2017-02-12T19:07:41+00:00","article:modified_time":"2017-02-12T19:07:41+00:00","article:publisher":"https:\/\/facebook.com\/eldigitaldeasturias","twitter:card":"summary_large_image","twitter:title":"Mercedes Fern\u00e1ndez: \u201cEl PP tiene un patrimonio inmenso, que son sus afiliados\u201d - El Digital de Asturias","twitter:description":"La presidenta del Partido Popular de Asturias, Mercedes Fern\u00e1ndez, mostr\u00f3 hoy su \u201csatisfacci\u00f3n inmensa\u201d por el desarrollo y los resultados del 18 Congreso nacional del PP, clausurado en la Caja M\u00e1gica de Madrid por Mariano Rajoy. Mercedes Fern\u00e1ndez, que junto a Luis Venta asisti\u00f3 a la primera reuni\u00f3n del nuevo Comit\u00e9 Ejecutivo Nacional, afirm\u00f3 que","twitter:image":"https:\/\/www.eldigitaldeasturias.com\/noticias\/wp-content\/uploads\/2017\/02\/PPRajoy_12_02_17.jpg","twitter:label1":"Escrito por","twitter:data1":"El Digital de Asturias","twitter:label2":"Tiempo de lectura estimado","twitter:data2":"2 minutos"},"aioseo_meta_data":{"post_id":"925851","title":null,"description":null,"keywords":null,"keyphrases":null,"primary_term":null,"canonical_url":null,"og_title":null,"og_description":null,"og_object_type":"default","og_image_type":"default","og_image_url":null,"og_image_width":null,"og_image_height":null,"og_image_custom_url":null,"og_image_custom_fields":null,"og_video":null,"og_custom_url":null,"og_article_section":null,"og_article_tags":null,"twitter_use_og":false,"twitter_card":"default","twitter_image_type":"default","twitter_image_url":null,"twitter_image_custom_url":null,"twitter_image_custom_fields":null,"twitter_title":null,"twitter_description":null,"schema":{"blockGraphs":[],"customGraphs":[],"default":{"data":{"Article":[],"Course":[],"Dataset":[],"FAQPage":[],"Movie":[],"Person":[],"Product":[],"ProductReview":[],"Car":[],"Recipe":[],"Service":[],"SoftwareApplication":[],"WebPage":[]},"graphName":"","isEnabled":true},"graphs":[],"defaultGraph":"","defaultPostTypeGraph":""},"schema_type":null,"schema_type_options":null,"pillar_content":false,"robots_default":true,"robots_noindex":false,"robots_noarchive":false,"robots_nosnippet":false,"robots_nofollow":false,"robots_noimageindex":false,"robots_noodp":false,"robots_notranslate":false,"robots_max_snippet":null,"robots_max_videopreview":null,"robots_max_imagepreview":"large","priority":null,"frequency":null,"local_seo":null,"seo_analyzer_scan_date":"2025-12-03 05:07:16","breadcrumb_settings":null,"limit_modified_date":false,"open_ai":null,"ai":null,"created":"2020-12-21 13:39:45","updated":"2025-12-03 05:07:16"},"aioseo_breadcrumb":"<div class=\"aioseo-breadcrumbs\"><span class=\"aioseo-breadcrumb\">\n\t<a href=\"https:\/\/www.eldigitaldeasturias.com\/noticias\" title=\"Home\">Home<\/a>\n<\/span><span class=\"aioseo-breadcrumb-separator\">\u2013<\/span><span class=\"aioseo-breadcrumb\">\n\t<a href=\"https:\/\/www.eldigitaldeasturias.com\/noticias\/category\/destacadas\/\" title=\"Destacadas\">Destacadas<\/a>\n<\/span><span class=\"aioseo-breadcrumb-separator\">\u2013<\/span><span class=\"aioseo-breadcrumb\">\n\t<a href=\"https:\/\/www.eldigitaldeasturias.com\/noticias\/mercedes-fernandez-el-pp-tiene-un-patrimonio-inmenso-que-son-sus-afiliados\/\" title=\"Mercedes Fern\u00e1ndez: \u201cEl PP tiene un patrimonio inmenso, que son sus afiliados\u201d\">Mercedes Fern\u00e1ndez: \u201cEl PP tiene un patrimonio inmenso, que son sus afiliados\u201d<\/a>\n<\/span><\/div>","aioseo_breadcrumb_json":[{"label":"Home","link":"https:\/\/www.eldigitaldeasturias.com\/noticias"},{"label":"Destacadas","link":"https:\/\/www.eldigitaldeasturias.com\/noticias\/category\/destacadas\/"},{"label":"Mercedes Fern\u00e1ndez: \u201cEl PP tiene un patrimonio inmenso, que son sus afiliados\u201d","link":"https:\/\/www.eldigitaldeasturias.com\/noticias\/mercedes-fernandez-el-pp-tiene-un-patrimonio-inmenso-que-son-sus-afiliados\/"}],"_links":{"self":[{"href":"https:\/\/www.eldigitaldeasturias.com\/noticias\/wp-json\/wp\/v2\/posts\/925851","targetHints":{"allow":["GET"]}}],"collection":[{"href":"https:\/\/www.eldigitaldeasturias.com\/noticias\/wp-json\/wp\/v2\/posts"}],"about":[{"href":"https:\/\/www.eldigitaldeasturias.com\/noticias\/wp-json\/wp\/v2\/types\/post"}],"author":[{"embeddable":true,"href":"https:\/\/www.eldigitaldeasturias.com\/noticias\/wp-json\/wp\/v2\/users\/1"}],"replies":[{"embeddable":true,"href":"https:\/\/www.eldigitaldeasturias.com\/noticias\/wp-json\/wp\/v2\/comments?post=925851"}],"version-history":[{"count":0,"href":"https:\/\/www.eldigitaldeasturias.com\/noticias\/wp-json\/wp\/v2\/posts\/925851\/revisions"}],"wp:featuredmedia":[{"embeddable":true,"href":"https:\/\/www.eldigitaldeasturias.com\/noticias\/wp-json\/wp\/v2\/media\/925852"}],"wp:attachment":[{"href":"https:\/\/www.eldigitaldeasturias.com\/noticias\/wp-json\/wp\/v2\/media?parent=925851"}],"wp:term":[{"taxonomy":"category","embeddable":true,"href":"https:\/\/www.eldigitaldeasturias.com\/noticias\/wp-json\/wp\/v2\/categories?post=925851"},{"taxonomy":"post_tag","embeddable":true,"href":"https:\/\/www.eldigitaldeasturias.com\/noticias\/wp-json\/wp\/v2\/tags?post=925851"}],"curies":[{"name":"wp","href":"https:\/\/api.w.org\/{rel}","templated":true}]}}