{"id":925792,"date":"2017-02-12T17:06:05","date_gmt":"2017-02-12T17:06:05","guid":{"rendered":"http:\/\/www.eldigitaldeasturias.com\/noticias\/?p=925792"},"modified":"2017-02-12T17:06:05","modified_gmt":"2017-02-12T17:06:05","slug":"manel-navarro-a-eurovision-2017","status":"publish","type":"post","link":"https:\/\/www.eldigitaldeasturias.com\/noticias\/manel-navarro-a-eurovision-2017\/","title":{"rendered":"Manel Navarro, a Eurovisi\u00f3n 2017"},"content":{"rendered":"<p>Manel Navarro es el nuevo representante espa\u00f1ol en el Festival de Eurovisi\u00f3n 2017, que se celebrar\u00e1 el pr\u00f3ximo mes de mayo en Kiev. El joven m\u00fasico catal\u00e1n de 20 a\u00f1os ha obtenido la victoria con su tema \u2018Do it for your lover\u2019, un \u201chimno al amor\u201d, en palabras del artista. \u201cEstoy muy emocionado y contento por representar a Espa\u00f1a en Eurovisi\u00f3n\u201d, ha afirmado.<\/p>\n<p><img loading=\"lazy\" decoding=\"async\" class=\"size-large wp-image-925793 alignnone\" src=\"https:\/\/www.eldigitaldeasturias.com\/noticias\/wp-content\/uploads\/2017\/02\/1486887424195-650x433.jpg\" alt=\"\" width=\"650\" height=\"433\" srcset=\"https:\/\/www.eldigitaldeasturias.com\/noticias\/wp-content\/uploads\/2017\/02\/1486887424195-650x433.jpg 650w, https:\/\/www.eldigitaldeasturias.com\/noticias\/wp-content\/uploads\/2017\/02\/1486887424195-360x240.jpg 360w, https:\/\/www.eldigitaldeasturias.com\/noticias\/wp-content\/uploads\/2017\/02\/1486887424195-768x512.jpg 768w, https:\/\/www.eldigitaldeasturias.com\/noticias\/wp-content\/uploads\/2017\/02\/1486887424195-84x55.jpg 84w, https:\/\/www.eldigitaldeasturias.com\/noticias\/wp-content\/uploads\/2017\/02\/1486887424195-49x32.jpg 49w, https:\/\/www.eldigitaldeasturias.com\/noticias\/wp-content\/uploads\/2017\/02\/1486887424195.jpg 800w\" sizes=\"auto, (max-width: 650px) 100vw, 650px\" \/><\/p>\n<p>Tras empatar con 58 puntos con Mirela y su canci\u00f3n \u2018Contigo\u2019, Manel Navarro ha conseguido el voto del jurado, que ha desempatado entre los dos candidatos m\u00e1s votados de la gran final de \u2018Objetivo Eurovisi\u00f3n\u2019. En tercer lugar ha quedado Leklein con 52 puntos, seguido de Maika (41), Mario Jefferson (40) y Paula Rojo (39).<\/p>\n<p>El p\u00fablico (50%) y un jurado experto (50%) \u2013integrado este a\u00f1o por tres conocidos comunicadores de la radio espa\u00f1ola: Virginia D\u00edaz, Javier C\u00e1rdenas y Xavi Mart\u00ednez\u2013 han elegido al representante de RTVE en Eurovisi\u00f3n 2017.<\/p>\n<p><strong>Manel Navarro<\/strong><\/p>\n<p>Manel Navarro (20 a\u00f1os, Sabadell) representar\u00e1 a Espa\u00f1a en el certamen europeo con \u2018Do it for your lover\u2019, un tema pop del que es coautor con Antonio Rayo \u2018Rayito\u2019. Manel, que compone en ingl\u00e9s y canta de forma ac\u00fastica o electr\u00f3nica con su inseparable guitarra, comenz\u00f3 compartiendo versiones en sus redes sociales. Hace tres a\u00f1os destac\u00f3 con su cover ac\u00fastica de \u2018Hold on, we\u2019re going home\u2019, del canadiense Drake, y consigui\u00f3 la grabaci\u00f3n del primer tema de su autor\u00eda, \u2018Brand new day\u2019. Tras el single \u2018Candle\u2019 con Sony Music, ha publicado \u2018Do it for your lover\u2019.<\/p>\n<p><strong>Objetivo Eurovisi\u00f3n<\/strong><\/p>\n<p>Jaime Cantizano ha presentado la gran final espa\u00f1ola de \u2018Objetivo Eurovisi\u00f3n\u2019. Una fiesta de la m\u00fasica que ha incluido las actuaciones de grandes invitados muy relacionados con el festival, como Barei, participante del a\u00f1o pasado del certamen, David Civera, en 2001; y Karina (1971); y Roko y Edu Soto, que han protagonizado un medley eurovisivo, y el coro Black Light Gospel, que ha acompa\u00f1ado a la peque\u00f1a Paula en la apertura de la gala.<\/p>\n<p>&nbsp;<\/p>\n<p>&nbsp;<\/p>\n","protected":false},"excerpt":{"rendered":"<p>Manel Navarro es el nuevo representante espa\u00f1ol en el Festival de Eurovisi\u00f3n 2017, que se celebrar\u00e1 el pr\u00f3ximo mes de mayo en Kiev. El joven m\u00fasico catal\u00e1n de 20 a\u00f1os ha obtenido la victoria con su tema \u2018Do it for your lover\u2019, un \u201chimno al amor\u201d, en palabras del artista. \u201cEstoy muy emocionado y contento [&hellip;]<\/p>\n","protected":false},"author":1,"featured_media":925793,"comment_status":"closed","ping_status":"closed","sticky":false,"template":"","format":"standard","meta":{"footnotes":""},"categories":[141],"tags":[],"class_list":["post-925792","post","type-post","status-publish","format-standard","has-post-thumbnail","hentry","category-destacadas"],"aioseo_notices":[],"aioseo_head":"\n\t\t<!-- All in One SEO Pro 4.9.6.2 - aioseo.com -->\n\t<meta name=\"description\" content=\"Manel Navarro es el nuevo representante espa\u00f1ol en el Festival de Eurovisi\u00f3n 2017, que se celebrar\u00e1 el pr\u00f3ximo mes de mayo en Kiev. El joven m\u00fasico catal\u00e1n de 20 a\u00f1os ha obtenido la victoria con su tema \u2018Do it for your lover\u2019, un \u201chimno al amor\u201d, en palabras del artista. \u201cEstoy muy emocionado y contento\" \/>\n\t<meta name=\"robots\" content=\"max-image-preview:large\" \/>\n\t<meta name=\"author\" content=\"El Digital de Asturias\"\/>\n\t<meta name=\"google-site-verification\" content=\"UA-38556648-1\" \/>\n\t<meta name=\"msvalidate.01\" content=\"7dfe9f3f1b24437ab69f4f2559babe99\" \/>\n\t<meta name=\"keywords\" content=\"destacadas\" \/>\n\t<link rel=\"canonical\" href=\"https:\/\/www.eldigitaldeasturias.com\/noticias\/manel-navarro-a-eurovision-2017\/\" \/>\n\t<meta name=\"generator\" content=\"All in One SEO Pro (AIOSEO) 4.9.6.2\" \/>\n\t\t<meta property=\"og:locale\" content=\"es_ES\" \/>\n\t\t<meta property=\"og:site_name\" content=\"El Digital de Asturias\" \/>\n\t\t<meta property=\"og:type\" content=\"article\" \/>\n\t\t<meta property=\"og:title\" content=\"Manel Navarro, a Eurovisi\u00f3n 2017 - El Digital de Asturias\" \/>\n\t\t<meta property=\"og:description\" content=\"Manel Navarro es el nuevo representante espa\u00f1ol en el Festival de Eurovisi\u00f3n 2017, que se celebrar\u00e1 el pr\u00f3ximo mes de mayo en Kiev. El joven m\u00fasico catal\u00e1n de 20 a\u00f1os ha obtenido la victoria con su tema \u2018Do it for your lover\u2019, un \u201chimno al amor\u201d, en palabras del artista. \u201cEstoy muy emocionado y contento\" \/>\n\t\t<meta property=\"og:url\" content=\"https:\/\/www.eldigitaldeasturias.com\/noticias\/manel-navarro-a-eurovision-2017\/\" \/>\n\t\t<meta property=\"og:image\" content=\"https:\/\/www.eldigitaldeasturias.com\/noticias\/wp-content\/uploads\/2017\/02\/1486887424195.jpg\" \/>\n\t\t<meta property=\"og:image:secure_url\" content=\"https:\/\/www.eldigitaldeasturias.com\/noticias\/wp-content\/uploads\/2017\/02\/1486887424195.jpg\" \/>\n\t\t<meta property=\"og:image:width\" content=\"800\" \/>\n\t\t<meta property=\"og:image:height\" content=\"533\" \/>\n\t\t<meta property=\"article:tag\" content=\"destacadas\" \/>\n\t\t<meta property=\"article:published_time\" content=\"2017-02-12T17:06:05+00:00\" \/>\n\t\t<meta property=\"article:modified_time\" content=\"2017-02-12T17:06:05+00:00\" \/>\n\t\t<meta property=\"article:publisher\" content=\"https:\/\/facebook.com\/eldigitaldeasturias\" \/>\n\t\t<meta name=\"twitter:card\" content=\"summary_large_image\" \/>\n\t\t<meta name=\"twitter:title\" content=\"Manel Navarro, a Eurovisi\u00f3n 2017 - El Digital de Asturias\" \/>\n\t\t<meta name=\"twitter:description\" content=\"Manel Navarro es el nuevo representante espa\u00f1ol en el Festival de Eurovisi\u00f3n 2017, que se celebrar\u00e1 el pr\u00f3ximo mes de mayo en Kiev. El joven m\u00fasico catal\u00e1n de 20 a\u00f1os ha obtenido la victoria con su tema \u2018Do it for your lover\u2019, un \u201chimno al amor\u201d, en palabras del artista. \u201cEstoy muy emocionado y contento\" \/>\n\t\t<meta name=\"twitter:image\" content=\"https:\/\/www.eldigitaldeasturias.com\/noticias\/wp-content\/uploads\/2017\/02\/1486887424195.jpg\" \/>\n\t\t<meta name=\"twitter:label1\" content=\"Escrito por\" \/>\n\t\t<meta name=\"twitter:data1\" content=\"El Digital de Asturias\" \/>\n\t\t<meta name=\"twitter:label2\" content=\"Tiempo de lectura estimado\" \/>\n\t\t<meta name=\"twitter:data2\" content=\"2 minutos\" \/>\n\t\t<script type=\"application\/ld+json\" class=\"aioseo-schema\">\n\t\t\t{\"@context\":\"https:\\\/\\\/schema.org\",\"@graph\":[{\"@type\":\"BlogPosting\",\"@id\":\"https:\\\/\\\/www.eldigitaldeasturias.com\\\/noticias\\\/manel-navarro-a-eurovision-2017\\\/#blogposting\",\"name\":\"Manel Navarro, a Eurovisi\\u00f3n 2017 - El Digital de Asturias\",\"headline\":\"Manel Navarro, a Eurovisi\\u00f3n 2017\",\"author\":{\"@id\":\"https:\\\/\\\/www.eldigitaldeasturias.com\\\/noticias\\\/author\\\/admin\\\/#author\"},\"publisher\":{\"@id\":\"https:\\\/\\\/www.eldigitaldeasturias.com\\\/noticias\\\/#organization\"},\"image\":{\"@type\":\"ImageObject\",\"url\":\"https:\\\/\\\/www.eldigitaldeasturias.com\\\/noticias\\\/wp-content\\\/uploads\\\/2017\\\/02\\\/1486887424195.jpg\",\"width\":800,\"height\":533},\"datePublished\":\"2017-02-12T17:06:05+01:00\",\"dateModified\":\"2017-02-12T17:06:05+01:00\",\"inLanguage\":\"es-ES\",\"mainEntityOfPage\":{\"@id\":\"https:\\\/\\\/www.eldigitaldeasturias.com\\\/noticias\\\/manel-navarro-a-eurovision-2017\\\/#webpage\"},\"isPartOf\":{\"@id\":\"https:\\\/\\\/www.eldigitaldeasturias.com\\\/noticias\\\/manel-navarro-a-eurovision-2017\\\/#webpage\"},\"articleSection\":\"Destacadas\"},{\"@type\":\"BreadcrumbList\",\"@id\":\"https:\\\/\\\/www.eldigitaldeasturias.com\\\/noticias\\\/manel-navarro-a-eurovision-2017\\\/#breadcrumblist\",\"itemListElement\":[{\"@type\":\"ListItem\",\"@id\":\"https:\\\/\\\/www.eldigitaldeasturias.com\\\/noticias#listItem\",\"position\":1,\"name\":\"Home\",\"item\":\"https:\\\/\\\/www.eldigitaldeasturias.com\\\/noticias\",\"nextItem\":{\"@type\":\"ListItem\",\"@id\":\"https:\\\/\\\/www.eldigitaldeasturias.com\\\/noticias\\\/category\\\/destacadas\\\/#listItem\",\"name\":\"Destacadas\"}},{\"@type\":\"ListItem\",\"@id\":\"https:\\\/\\\/www.eldigitaldeasturias.com\\\/noticias\\\/category\\\/destacadas\\\/#listItem\",\"position\":2,\"name\":\"Destacadas\",\"item\":\"https:\\\/\\\/www.eldigitaldeasturias.com\\\/noticias\\\/category\\\/destacadas\\\/\",\"nextItem\":{\"@type\":\"ListItem\",\"@id\":\"https:\\\/\\\/www.eldigitaldeasturias.com\\\/noticias\\\/manel-navarro-a-eurovision-2017\\\/#listItem\",\"name\":\"Manel Navarro, a Eurovisi\\u00f3n 2017\"},\"previousItem\":{\"@type\":\"ListItem\",\"@id\":\"https:\\\/\\\/www.eldigitaldeasturias.com\\\/noticias#listItem\",\"name\":\"Home\"}},{\"@type\":\"ListItem\",\"@id\":\"https:\\\/\\\/www.eldigitaldeasturias.com\\\/noticias\\\/manel-navarro-a-eurovision-2017\\\/#listItem\",\"position\":3,\"name\":\"Manel Navarro, a Eurovisi\\u00f3n 2017\",\"previousItem\":{\"@type\":\"ListItem\",\"@id\":\"https:\\\/\\\/www.eldigitaldeasturias.com\\\/noticias\\\/category\\\/destacadas\\\/#listItem\",\"name\":\"Destacadas\"}}]},{\"@type\":\"Organization\",\"@id\":\"https:\\\/\\\/www.eldigitaldeasturias.com\\\/noticias\\\/#organization\",\"name\":\"El Digital de Asturias\",\"description\":\"Hemeroteca\",\"url\":\"https:\\\/\\\/www.eldigitaldeasturias.com\\\/noticias\\\/\",\"email\":\"info@eldigitaldeasturias.com\",\"telephone\":\"+34652131393\",\"logo\":{\"@type\":\"ImageObject\",\"url\":\"https:\\\/\\\/www.eldigitaldeasturias.com\\\/noticias\\\/wp-content\\\/uploads\\\/2020\\\/12\\\/EDA.jpg\",\"@id\":\"https:\\\/\\\/www.eldigitaldeasturias.com\\\/noticias\\\/manel-navarro-a-eurovision-2017\\\/#organizationLogo\",\"width\":649,\"height\":297},\"image\":{\"@id\":\"https:\\\/\\\/www.eldigitaldeasturias.com\\\/noticias\\\/manel-navarro-a-eurovision-2017\\\/#organizationLogo\"},\"sameAs\":[\"https:\\\/\\\/facebook.com\\\/eldigitaldeasturias\",\"https:\\\/\\\/www.youtube.com\\\/channel\\\/UCZP-2wLEB9Rv6erhFmqVnvg\"],\"address\":{\"@id\":\"https:\\\/\\\/www.eldigitaldeasturias.com\\\/noticias\\\/#postaladdress\",\"@type\":\"PostalAddress\",\"streetAddress\":\"san antonio 4,\",\"postalCode\":\"33430\",\"addressLocality\":\"Cand\\u00e1s\",\"addressRegion\":\"Asturias\",\"addressCountry\":\"ES\"}},{\"@type\":\"Person\",\"@id\":\"https:\\\/\\\/www.eldigitaldeasturias.com\\\/noticias\\\/author\\\/admin\\\/#author\",\"url\":\"https:\\\/\\\/www.eldigitaldeasturias.com\\\/noticias\\\/author\\\/admin\\\/\",\"name\":\"El Digital de Asturias\",\"image\":{\"@type\":\"ImageObject\",\"@id\":\"https:\\\/\\\/www.eldigitaldeasturias.com\\\/noticias\\\/manel-navarro-a-eurovision-2017\\\/#authorImage\",\"url\":\"https:\\\/\\\/www.eldigitaldeasturias.com\\\/noticias\\\/wp-content\\\/litespeed\\\/avatar\\\/18677e78aa0546b92d9dbf31ec7d7668.jpg?ver=1777290358\",\"width\":96,\"height\":96,\"caption\":\"El Digital de Asturias\"}},{\"@type\":\"WebPage\",\"@id\":\"https:\\\/\\\/www.eldigitaldeasturias.com\\\/noticias\\\/manel-navarro-a-eurovision-2017\\\/#webpage\",\"url\":\"https:\\\/\\\/www.eldigitaldeasturias.com\\\/noticias\\\/manel-navarro-a-eurovision-2017\\\/\",\"name\":\"Manel Navarro, a Eurovisi\\u00f3n 2017 - El Digital de Asturias\",\"description\":\"Manel Navarro es el nuevo representante espa\\u00f1ol en el Festival de Eurovisi\\u00f3n 2017, que se celebrar\\u00e1 el pr\\u00f3ximo mes de mayo en Kiev. El joven m\\u00fasico catal\\u00e1n de 20 a\\u00f1os ha obtenido la victoria con su tema \\u2018Do it for your lover\\u2019, un \\u201chimno al amor\\u201d, en palabras del artista. \\u201cEstoy muy emocionado y contento\",\"inLanguage\":\"es-ES\",\"isPartOf\":{\"@id\":\"https:\\\/\\\/www.eldigitaldeasturias.com\\\/noticias\\\/#website\"},\"breadcrumb\":{\"@id\":\"https:\\\/\\\/www.eldigitaldeasturias.com\\\/noticias\\\/manel-navarro-a-eurovision-2017\\\/#breadcrumblist\"},\"author\":{\"@id\":\"https:\\\/\\\/www.eldigitaldeasturias.com\\\/noticias\\\/author\\\/admin\\\/#author\"},\"creator\":{\"@id\":\"https:\\\/\\\/www.eldigitaldeasturias.com\\\/noticias\\\/author\\\/admin\\\/#author\"},\"image\":{\"@type\":\"ImageObject\",\"url\":\"https:\\\/\\\/www.eldigitaldeasturias.com\\\/noticias\\\/wp-content\\\/uploads\\\/2017\\\/02\\\/1486887424195.jpg\",\"@id\":\"https:\\\/\\\/www.eldigitaldeasturias.com\\\/noticias\\\/manel-navarro-a-eurovision-2017\\\/#mainImage\",\"width\":800,\"height\":533},\"primaryImageOfPage\":{\"@id\":\"https:\\\/\\\/www.eldigitaldeasturias.com\\\/noticias\\\/manel-navarro-a-eurovision-2017\\\/#mainImage\"},\"datePublished\":\"2017-02-12T17:06:05+01:00\",\"dateModified\":\"2017-02-12T17:06:05+01:00\"},{\"@type\":\"WebSite\",\"@id\":\"https:\\\/\\\/www.eldigitaldeasturias.com\\\/noticias\\\/#website\",\"url\":\"https:\\\/\\\/www.eldigitaldeasturias.com\\\/noticias\\\/\",\"name\":\"El Digital de Asturias - Diario de actualidad y noticias\",\"alternateName\":\"El Digital de Asturias - Diario de actualidad y noticias\",\"description\":\"Hemeroteca\",\"inLanguage\":\"es-ES\",\"publisher\":{\"@id\":\"https:\\\/\\\/www.eldigitaldeasturias.com\\\/noticias\\\/#organization\"}}]}\n\t\t<\/script>\n\t\t<!-- All in One SEO Pro -->\r\n\t\t<title>Manel Navarro, a Eurovisi\u00f3n 2017 - El Digital de Asturias<\/title>\n\n","aioseo_head_json":{"title":"Manel Navarro, a Eurovisi\u00f3n 2017 - El Digital de Asturias","description":"Manel Navarro es el nuevo representante espa\u00f1ol en el Festival de Eurovisi\u00f3n 2017, que se celebrar\u00e1 el pr\u00f3ximo mes de mayo en Kiev. El joven m\u00fasico catal\u00e1n de 20 a\u00f1os ha obtenido la victoria con su tema \u2018Do it for your lover\u2019, un \u201chimno al amor\u201d, en palabras del artista. \u201cEstoy muy emocionado y contento","canonical_url":"https:\/\/www.eldigitaldeasturias.com\/noticias\/manel-navarro-a-eurovision-2017\/","robots":"max-image-preview:large","keywords":"destacadas","webmasterTools":{"google-site-verification":"UA-38556648-1","msvalidate.01":"7dfe9f3f1b24437ab69f4f2559babe99","miscellaneous":""},"schema":{"@context":"https:\/\/schema.org","@graph":[{"@type":"BlogPosting","@id":"https:\/\/www.eldigitaldeasturias.com\/noticias\/manel-navarro-a-eurovision-2017\/#blogposting","name":"Manel Navarro, a Eurovisi\u00f3n 2017 - El Digital de Asturias","headline":"Manel Navarro, a Eurovisi\u00f3n 2017","author":{"@id":"https:\/\/www.eldigitaldeasturias.com\/noticias\/author\/admin\/#author"},"publisher":{"@id":"https:\/\/www.eldigitaldeasturias.com\/noticias\/#organization"},"image":{"@type":"ImageObject","url":"https:\/\/www.eldigitaldeasturias.com\/noticias\/wp-content\/uploads\/2017\/02\/1486887424195.jpg","width":800,"height":533},"datePublished":"2017-02-12T17:06:05+01:00","dateModified":"2017-02-12T17:06:05+01:00","inLanguage":"es-ES","mainEntityOfPage":{"@id":"https:\/\/www.eldigitaldeasturias.com\/noticias\/manel-navarro-a-eurovision-2017\/#webpage"},"isPartOf":{"@id":"https:\/\/www.eldigitaldeasturias.com\/noticias\/manel-navarro-a-eurovision-2017\/#webpage"},"articleSection":"Destacadas"},{"@type":"BreadcrumbList","@id":"https:\/\/www.eldigitaldeasturias.com\/noticias\/manel-navarro-a-eurovision-2017\/#breadcrumblist","itemListElement":[{"@type":"ListItem","@id":"https:\/\/www.eldigitaldeasturias.com\/noticias#listItem","position":1,"name":"Home","item":"https:\/\/www.eldigitaldeasturias.com\/noticias","nextItem":{"@type":"ListItem","@id":"https:\/\/www.eldigitaldeasturias.com\/noticias\/category\/destacadas\/#listItem","name":"Destacadas"}},{"@type":"ListItem","@id":"https:\/\/www.eldigitaldeasturias.com\/noticias\/category\/destacadas\/#listItem","position":2,"name":"Destacadas","item":"https:\/\/www.eldigitaldeasturias.com\/noticias\/category\/destacadas\/","nextItem":{"@type":"ListItem","@id":"https:\/\/www.eldigitaldeasturias.com\/noticias\/manel-navarro-a-eurovision-2017\/#listItem","name":"Manel Navarro, a Eurovisi\u00f3n 2017"},"previousItem":{"@type":"ListItem","@id":"https:\/\/www.eldigitaldeasturias.com\/noticias#listItem","name":"Home"}},{"@type":"ListItem","@id":"https:\/\/www.eldigitaldeasturias.com\/noticias\/manel-navarro-a-eurovision-2017\/#listItem","position":3,"name":"Manel Navarro, a Eurovisi\u00f3n 2017","previousItem":{"@type":"ListItem","@id":"https:\/\/www.eldigitaldeasturias.com\/noticias\/category\/destacadas\/#listItem","name":"Destacadas"}}]},{"@type":"Organization","@id":"https:\/\/www.eldigitaldeasturias.com\/noticias\/#organization","name":"El Digital de Asturias","description":"Hemeroteca","url":"https:\/\/www.eldigitaldeasturias.com\/noticias\/","email":"info@eldigitaldeasturias.com","telephone":"+34652131393","logo":{"@type":"ImageObject","url":"https:\/\/www.eldigitaldeasturias.com\/noticias\/wp-content\/uploads\/2020\/12\/EDA.jpg","@id":"https:\/\/www.eldigitaldeasturias.com\/noticias\/manel-navarro-a-eurovision-2017\/#organizationLogo","width":649,"height":297},"image":{"@id":"https:\/\/www.eldigitaldeasturias.com\/noticias\/manel-navarro-a-eurovision-2017\/#organizationLogo"},"sameAs":["https:\/\/facebook.com\/eldigitaldeasturias","https:\/\/www.youtube.com\/channel\/UCZP-2wLEB9Rv6erhFmqVnvg"],"address":{"@id":"https:\/\/www.eldigitaldeasturias.com\/noticias\/#postaladdress","@type":"PostalAddress","streetAddress":"san antonio 4,","postalCode":"33430","addressLocality":"Cand\u00e1s","addressRegion":"Asturias","addressCountry":"ES"}},{"@type":"Person","@id":"https:\/\/www.eldigitaldeasturias.com\/noticias\/author\/admin\/#author","url":"https:\/\/www.eldigitaldeasturias.com\/noticias\/author\/admin\/","name":"El Digital de Asturias","image":{"@type":"ImageObject","@id":"https:\/\/www.eldigitaldeasturias.com\/noticias\/manel-navarro-a-eurovision-2017\/#authorImage","url":"https:\/\/www.eldigitaldeasturias.com\/noticias\/wp-content\/litespeed\/avatar\/18677e78aa0546b92d9dbf31ec7d7668.jpg?ver=1777290358","width":96,"height":96,"caption":"El Digital de Asturias"}},{"@type":"WebPage","@id":"https:\/\/www.eldigitaldeasturias.com\/noticias\/manel-navarro-a-eurovision-2017\/#webpage","url":"https:\/\/www.eldigitaldeasturias.com\/noticias\/manel-navarro-a-eurovision-2017\/","name":"Manel Navarro, a Eurovisi\u00f3n 2017 - El Digital de Asturias","description":"Manel Navarro es el nuevo representante espa\u00f1ol en el Festival de Eurovisi\u00f3n 2017, que se celebrar\u00e1 el pr\u00f3ximo mes de mayo en Kiev. El joven m\u00fasico catal\u00e1n de 20 a\u00f1os ha obtenido la victoria con su tema \u2018Do it for your lover\u2019, un \u201chimno al amor\u201d, en palabras del artista. \u201cEstoy muy emocionado y contento","inLanguage":"es-ES","isPartOf":{"@id":"https:\/\/www.eldigitaldeasturias.com\/noticias\/#website"},"breadcrumb":{"@id":"https:\/\/www.eldigitaldeasturias.com\/noticias\/manel-navarro-a-eurovision-2017\/#breadcrumblist"},"author":{"@id":"https:\/\/www.eldigitaldeasturias.com\/noticias\/author\/admin\/#author"},"creator":{"@id":"https:\/\/www.eldigitaldeasturias.com\/noticias\/author\/admin\/#author"},"image":{"@type":"ImageObject","url":"https:\/\/www.eldigitaldeasturias.com\/noticias\/wp-content\/uploads\/2017\/02\/1486887424195.jpg","@id":"https:\/\/www.eldigitaldeasturias.com\/noticias\/manel-navarro-a-eurovision-2017\/#mainImage","width":800,"height":533},"primaryImageOfPage":{"@id":"https:\/\/www.eldigitaldeasturias.com\/noticias\/manel-navarro-a-eurovision-2017\/#mainImage"},"datePublished":"2017-02-12T17:06:05+01:00","dateModified":"2017-02-12T17:06:05+01:00"},{"@type":"WebSite","@id":"https:\/\/www.eldigitaldeasturias.com\/noticias\/#website","url":"https:\/\/www.eldigitaldeasturias.com\/noticias\/","name":"El Digital de Asturias - Diario de actualidad y noticias","alternateName":"El Digital de Asturias - Diario de actualidad y noticias","description":"Hemeroteca","inLanguage":"es-ES","publisher":{"@id":"https:\/\/www.eldigitaldeasturias.com\/noticias\/#organization"}}]},"og:locale":"es_ES","og:site_name":"El Digital de Asturias","og:type":"article","og:title":"Manel Navarro, a Eurovisi\u00f3n 2017 - El Digital de Asturias","og:description":"Manel Navarro es el nuevo representante espa\u00f1ol en el Festival de Eurovisi\u00f3n 2017, que se celebrar\u00e1 el pr\u00f3ximo mes de mayo en Kiev. El joven m\u00fasico catal\u00e1n de 20 a\u00f1os ha obtenido la victoria con su tema \u2018Do it for your lover\u2019, un \u201chimno al amor\u201d, en palabras del artista. \u201cEstoy muy emocionado y contento","og:url":"https:\/\/www.eldigitaldeasturias.com\/noticias\/manel-navarro-a-eurovision-2017\/","og:image":"https:\/\/www.eldigitaldeasturias.com\/noticias\/wp-content\/uploads\/2017\/02\/1486887424195.jpg","og:image:secure_url":"https:\/\/www.eldigitaldeasturias.com\/noticias\/wp-content\/uploads\/2017\/02\/1486887424195.jpg","og:image:width":800,"og:image:height":533,"article:tag":["destacadas"],"article:published_time":"2017-02-12T17:06:05+00:00","article:modified_time":"2017-02-12T17:06:05+00:00","article:publisher":"https:\/\/facebook.com\/eldigitaldeasturias","twitter:card":"summary_large_image","twitter:title":"Manel Navarro, a Eurovisi\u00f3n 2017 - El Digital de Asturias","twitter:description":"Manel Navarro es el nuevo representante espa\u00f1ol en el Festival de Eurovisi\u00f3n 2017, que se celebrar\u00e1 el pr\u00f3ximo mes de mayo en Kiev. El joven m\u00fasico catal\u00e1n de 20 a\u00f1os ha obtenido la victoria con su tema \u2018Do it for your lover\u2019, un \u201chimno al amor\u201d, en palabras del artista. \u201cEstoy muy emocionado y contento","twitter:image":"https:\/\/www.eldigitaldeasturias.com\/noticias\/wp-content\/uploads\/2017\/02\/1486887424195.jpg","twitter:label1":"Escrito por","twitter:data1":"El Digital de Asturias","twitter:label2":"Tiempo de lectura estimado","twitter:data2":"2 minutos"},"aioseo_meta_data":{"post_id":"925792","title":null,"description":null,"keywords":null,"keyphrases":null,"primary_term":null,"canonical_url":null,"og_title":null,"og_description":null,"og_object_type":"default","og_image_type":"default","og_image_url":null,"og_image_width":null,"og_image_height":null,"og_image_custom_url":null,"og_image_custom_fields":null,"og_video":null,"og_custom_url":null,"og_article_section":null,"og_article_tags":null,"twitter_use_og":false,"twitter_card":"default","twitter_image_type":"default","twitter_image_url":null,"twitter_image_custom_url":null,"twitter_image_custom_fields":null,"twitter_title":null,"twitter_description":null,"schema":{"blockGraphs":[],"customGraphs":[],"default":{"data":{"Article":[],"Course":[],"Dataset":[],"FAQPage":[],"Movie":[],"Person":[],"Product":[],"ProductReview":[],"Car":[],"Recipe":[],"Service":[],"SoftwareApplication":[],"WebPage":[]},"graphName":"","isEnabled":true},"graphs":[],"defaultGraph":"","defaultPostTypeGraph":""},"schema_type":null,"schema_type_options":null,"pillar_content":false,"robots_default":true,"robots_noindex":false,"robots_noarchive":false,"robots_nosnippet":false,"robots_nofollow":false,"robots_noimageindex":false,"robots_noodp":false,"robots_notranslate":false,"robots_max_snippet":null,"robots_max_videopreview":null,"robots_max_imagepreview":"large","priority":null,"frequency":null,"local_seo":null,"seo_analyzer_scan_date":"2025-12-03 04:53:14","breadcrumb_settings":null,"limit_modified_date":false,"open_ai":null,"ai":null,"created":"2020-12-21 13:39:45","updated":"2025-12-03 04:53:14"},"aioseo_breadcrumb":"<div class=\"aioseo-breadcrumbs\"><span class=\"aioseo-breadcrumb\">\n\t<a href=\"https:\/\/www.eldigitaldeasturias.com\/noticias\" title=\"Home\">Home<\/a>\n<\/span><span class=\"aioseo-breadcrumb-separator\">\u2013<\/span><span class=\"aioseo-breadcrumb\">\n\t<a href=\"https:\/\/www.eldigitaldeasturias.com\/noticias\/category\/destacadas\/\" title=\"Destacadas\">Destacadas<\/a>\n<\/span><span class=\"aioseo-breadcrumb-separator\">\u2013<\/span><span class=\"aioseo-breadcrumb\">\n\t<a href=\"https:\/\/www.eldigitaldeasturias.com\/noticias\/manel-navarro-a-eurovision-2017\/\" title=\"Manel Navarro, a Eurovisi\u00f3n 2017\">Manel Navarro, a Eurovisi\u00f3n 2017<\/a>\n<\/span><\/div>","aioseo_breadcrumb_json":[{"label":"Home","link":"https:\/\/www.eldigitaldeasturias.com\/noticias"},{"label":"Destacadas","link":"https:\/\/www.eldigitaldeasturias.com\/noticias\/category\/destacadas\/"},{"label":"Manel Navarro, a Eurovisi\u00f3n 2017","link":"https:\/\/www.eldigitaldeasturias.com\/noticias\/manel-navarro-a-eurovision-2017\/"}],"_links":{"self":[{"href":"https:\/\/www.eldigitaldeasturias.com\/noticias\/wp-json\/wp\/v2\/posts\/925792","targetHints":{"allow":["GET"]}}],"collection":[{"href":"https:\/\/www.eldigitaldeasturias.com\/noticias\/wp-json\/wp\/v2\/posts"}],"about":[{"href":"https:\/\/www.eldigitaldeasturias.com\/noticias\/wp-json\/wp\/v2\/types\/post"}],"author":[{"embeddable":true,"href":"https:\/\/www.eldigitaldeasturias.com\/noticias\/wp-json\/wp\/v2\/users\/1"}],"replies":[{"embeddable":true,"href":"https:\/\/www.eldigitaldeasturias.com\/noticias\/wp-json\/wp\/v2\/comments?post=925792"}],"version-history":[{"count":0,"href":"https:\/\/www.eldigitaldeasturias.com\/noticias\/wp-json\/wp\/v2\/posts\/925792\/revisions"}],"wp:featuredmedia":[{"embeddable":true,"href":"https:\/\/www.eldigitaldeasturias.com\/noticias\/wp-json\/wp\/v2\/media\/925793"}],"wp:attachment":[{"href":"https:\/\/www.eldigitaldeasturias.com\/noticias\/wp-json\/wp\/v2\/media?parent=925792"}],"wp:term":[{"taxonomy":"category","embeddable":true,"href":"https:\/\/www.eldigitaldeasturias.com\/noticias\/wp-json\/wp\/v2\/categories?post=925792"},{"taxonomy":"post_tag","embeddable":true,"href":"https:\/\/www.eldigitaldeasturias.com\/noticias\/wp-json\/wp\/v2\/tags?post=925792"}],"curies":[{"name":"wp","href":"https:\/\/api.w.org\/{rel}","templated":true}]}}