{"id":925648,"date":"2017-02-10T23:13:02","date_gmt":"2017-02-10T23:13:02","guid":{"rendered":"http:\/\/www.eldigitaldeasturias.com\/noticias\/?p=925648"},"modified":"2017-02-10T23:13:02","modified_gmt":"2017-02-10T23:13:02","slug":"aemet-avisa-de-la-llegada-de-un-temporal-de-viento-y-lluvia-en-la-peninsula-y-canarias","status":"publish","type":"post","link":"https:\/\/www.eldigitaldeasturias.com\/noticias\/aemet-avisa-de-la-llegada-de-un-temporal-de-viento-y-lluvia-en-la-peninsula-y-canarias\/","title":{"rendered":"AEMET avisa de la llegada de un temporal de viento y lluvia en la Pen\u00ednsula y Canarias"},"content":{"rendered":"<p><img loading=\"lazy\" decoding=\"async\" class=\"alignleft size-medium wp-image-766287\" src=\"https:\/\/www.eldigitaldeasturias.com\/noticias\/wp-content\/uploads\/2015\/01\/10169935w-360x216.jpg\" alt=\"\" width=\"360\" height=\"216\" srcset=\"https:\/\/www.eldigitaldeasturias.com\/noticias\/wp-content\/uploads\/2015\/01\/10169935w-360x216.jpg 360w, https:\/\/www.eldigitaldeasturias.com\/noticias\/wp-content\/uploads\/2015\/01\/10169935w-480x289.jpg 480w, https:\/\/www.eldigitaldeasturias.com\/noticias\/wp-content\/uploads\/2015\/01\/10169935w-768x462.jpg 768w, https:\/\/www.eldigitaldeasturias.com\/noticias\/wp-content\/uploads\/2015\/01\/10169935w-690x415.jpg 690w, https:\/\/www.eldigitaldeasturias.com\/noticias\/wp-content\/uploads\/2015\/01\/10169935w-20x12.jpg 20w, https:\/\/www.eldigitaldeasturias.com\/noticias\/wp-content\/uploads\/2015\/01\/10169935w.jpg 800w\" sizes=\"auto, (max-width: 360px) 100vw, 360px\" \/>Durante los pr\u00f3ximos d\u00edas tanto la Pen\u00ednsula como Canarias estar\u00e1n bajo la influencia de una amplia borrasca, cuyo centro se ir\u00e1 trasladando frente a las costas atl\u00e1nticas peninsulares, primero hacia el sur desde el noroeste de Galicia y, posteriormente, desde el suroeste de Portugal de nuevo hacia las costas Gallegas. La borrasca ir\u00e1 generando distintas bandas frontales que afectar\u00e1n a la Pen\u00ednsula, Ceuta, Melilla y Canarias y, en menor medida, a Baleares.<\/p>\n<p>Las precipitaciones han comenzado ya hoy viernes, d\u00eda 10, por el suroeste y se espera que se extiendan al resto de la Pen\u00ednsula para el s\u00e1bado, domingo y lunes. Ser\u00e1n de nieve por encima aproximadamente de 1500 m en el sur y de 1000\/1200 m, subiendo por encima de 1500 m a lo largo del domingo, en el resto. Las precipitaciones ser\u00e1n pr\u00e1cticamente generalizadas, con intensidades fuertes en los sistemas monta\u00f1osos y en Andaluc\u00eda y, durante el lunes, en el nordeste peninsular. El viento ser\u00e1 especialmente significativo en zonas altas con rachas muy fuertes superiores a 80 km\/h, y a partir de \u00faltimas horas del s\u00e1bado y durante el domingo y lunes muy probablemente tambi\u00e9n podr\u00e1n registrarse rachas fuertes o muy fuertes, ocasionalmente superiores a 70 km\/h, en otras zonas de la Pen\u00ednsula.<\/p>\n<p>En Canarias la situaci\u00f3n m\u00e1s adversa se espera el s\u00e1bado y el domingo, tanto por<br \/>\nprecipitaciones como por viento. Las intensidades podr\u00e1n superar los 15\/20 mm en una hora y las rachas de viento ser\u00e1n alrededor de 75 km\/h en buena parte del archipi\u00e9lago, incluso superiores a 80 km\/h el domingo.<\/p>\n<p>En cuanto a las zonas costeras ser\u00e1n las de Galicia, con olas entre 5 o 6 m y vientos de fuerza 7, y las de Canarias, con oleaje de 4 a 5 m y vientos de fuerza 7, las m\u00e1s afectadas por este temporal.<\/p>\n<p>Probablemente el martes 14 la borrasca comenzar\u00e1 a debilitarse a medida que se desplaza hacia el norte y se aleja de las costas peninsulares, finalizando las condiciones meteorol\u00f3gicas que han dado lugar a este temporal.<\/p>\n","protected":false},"excerpt":{"rendered":"<p>Durante los pr\u00f3ximos d\u00edas tanto la Pen\u00ednsula como Canarias estar\u00e1n bajo la influencia de una amplia borrasca, cuyo centro se ir\u00e1 trasladando frente a las costas atl\u00e1nticas peninsulares, primero hacia el sur desde el noroeste de Galicia y, posteriormente, desde el suroeste de Portugal de nuevo hacia las costas Gallegas. La borrasca ir\u00e1 generando distintas [&hellip;]<\/p>\n","protected":false},"author":1,"featured_media":486946,"comment_status":"closed","ping_status":"closed","sticky":false,"template":"","format":"standard","meta":{"footnotes":""},"categories":[141],"tags":[],"class_list":["post-925648","post","type-post","status-publish","format-standard","has-post-thumbnail","hentry","category-destacadas"],"aioseo_notices":[],"aioseo_head":"\n\t\t<!-- All in One SEO Pro 4.9.6.2 - aioseo.com -->\n\t<meta name=\"description\" content=\"Durante los pr\u00f3ximos d\u00edas tanto la Pen\u00ednsula como Canarias estar\u00e1n bajo la influencia de una amplia borrasca, cuyo centro se ir\u00e1 trasladando frente a las costas atl\u00e1nticas peninsulares, primero hacia el sur desde el noroeste de Galicia y, posteriormente, desde el suroeste de Portugal de nuevo hacia las costas Gallegas. La borrasca ir\u00e1 generando distintas\" \/>\n\t<meta name=\"robots\" content=\"max-image-preview:large\" \/>\n\t<meta name=\"author\" content=\"El Digital de Asturias\"\/>\n\t<meta name=\"google-site-verification\" content=\"UA-38556648-1\" \/>\n\t<meta name=\"msvalidate.01\" content=\"7dfe9f3f1b24437ab69f4f2559babe99\" \/>\n\t<meta name=\"keywords\" content=\"destacadas\" \/>\n\t<link rel=\"canonical\" href=\"https:\/\/www.eldigitaldeasturias.com\/noticias\/aemet-avisa-de-la-llegada-de-un-temporal-de-viento-y-lluvia-en-la-peninsula-y-canarias\/\" \/>\n\t<meta name=\"generator\" content=\"All in One SEO Pro (AIOSEO) 4.9.6.2\" \/>\n\t\t<meta property=\"og:locale\" content=\"es_ES\" \/>\n\t\t<meta property=\"og:site_name\" content=\"El Digital de Asturias\" \/>\n\t\t<meta property=\"og:type\" content=\"article\" \/>\n\t\t<meta property=\"og:title\" content=\"AEMET avisa de la llegada de un temporal de viento y lluvia en la Pen\u00ednsula y Canarias - El Digital de Asturias\" \/>\n\t\t<meta property=\"og:description\" content=\"Durante los pr\u00f3ximos d\u00edas tanto la Pen\u00ednsula como Canarias estar\u00e1n bajo la influencia de una amplia borrasca, cuyo centro se ir\u00e1 trasladando frente a las costas atl\u00e1nticas peninsulares, primero hacia el sur desde el noroeste de Galicia y, posteriormente, desde el suroeste de Portugal de nuevo hacia las costas Gallegas. La borrasca ir\u00e1 generando distintas\" \/>\n\t\t<meta property=\"og:url\" content=\"https:\/\/www.eldigitaldeasturias.com\/noticias\/aemet-avisa-de-la-llegada-de-un-temporal-de-viento-y-lluvia-en-la-peninsula-y-canarias\/\" \/>\n\t\t<meta property=\"og:image\" content=\"https:\/\/www.eldigitaldeasturias.com\/noticias\/wp-content\/uploads\/2014\/02\/olas1.jpg\" \/>\n\t\t<meta property=\"og:image:secure_url\" content=\"https:\/\/www.eldigitaldeasturias.com\/noticias\/wp-content\/uploads\/2014\/02\/olas1.jpg\" \/>\n\t\t<meta property=\"article:tag\" content=\"destacadas\" \/>\n\t\t<meta property=\"article:published_time\" content=\"2017-02-10T23:13:02+00:00\" \/>\n\t\t<meta property=\"article:modified_time\" content=\"2017-02-10T23:13:02+00:00\" \/>\n\t\t<meta property=\"article:publisher\" content=\"https:\/\/facebook.com\/eldigitaldeasturias\" \/>\n\t\t<meta name=\"twitter:card\" content=\"summary_large_image\" \/>\n\t\t<meta name=\"twitter:title\" content=\"AEMET avisa de la llegada de un temporal de viento y lluvia en la Pen\u00ednsula y Canarias - El Digital de Asturias\" \/>\n\t\t<meta name=\"twitter:description\" content=\"Durante los pr\u00f3ximos d\u00edas tanto la Pen\u00ednsula como Canarias estar\u00e1n bajo la influencia de una amplia borrasca, cuyo centro se ir\u00e1 trasladando frente a las costas atl\u00e1nticas peninsulares, primero hacia el sur desde el noroeste de Galicia y, posteriormente, desde el suroeste de Portugal de nuevo hacia las costas Gallegas. La borrasca ir\u00e1 generando distintas\" \/>\n\t\t<meta name=\"twitter:image\" content=\"https:\/\/www.eldigitaldeasturias.com\/noticias\/wp-content\/uploads\/2014\/02\/olas1.jpg\" \/>\n\t\t<meta name=\"twitter:label1\" content=\"Escrito por\" \/>\n\t\t<meta name=\"twitter:data1\" content=\"El Digital de Asturias\" \/>\n\t\t<meta name=\"twitter:label2\" content=\"Tiempo de lectura estimado\" \/>\n\t\t<meta name=\"twitter:data2\" content=\"2 minutos\" \/>\n\t\t<script type=\"application\/ld+json\" class=\"aioseo-schema\">\n\t\t\t{\"@context\":\"https:\\\/\\\/schema.org\",\"@graph\":[{\"@type\":\"BlogPosting\",\"@id\":\"https:\\\/\\\/www.eldigitaldeasturias.com\\\/noticias\\\/aemet-avisa-de-la-llegada-de-un-temporal-de-viento-y-lluvia-en-la-peninsula-y-canarias\\\/#blogposting\",\"name\":\"AEMET avisa de la llegada de un temporal de viento y lluvia en la Pen\\u00ednsula y Canarias - El Digital de Asturias\",\"headline\":\"AEMET avisa de la llegada de un temporal de viento y lluvia en la Pen\\u00ednsula y Canarias\",\"author\":{\"@id\":\"https:\\\/\\\/www.eldigitaldeasturias.com\\\/noticias\\\/author\\\/admin\\\/#author\"},\"publisher\":{\"@id\":\"https:\\\/\\\/www.eldigitaldeasturias.com\\\/noticias\\\/#organization\"},\"image\":{\"@type\":\"ImageObject\",\"url\":\"https:\\\/\\\/www.eldigitaldeasturias.com\\\/noticias\\\/wp-content\\\/uploads\\\/2014\\\/02\\\/olas1.jpg\"},\"datePublished\":\"2017-02-10T23:13:02+01:00\",\"dateModified\":\"2017-02-10T23:13:02+01:00\",\"inLanguage\":\"es-ES\",\"mainEntityOfPage\":{\"@id\":\"https:\\\/\\\/www.eldigitaldeasturias.com\\\/noticias\\\/aemet-avisa-de-la-llegada-de-un-temporal-de-viento-y-lluvia-en-la-peninsula-y-canarias\\\/#webpage\"},\"isPartOf\":{\"@id\":\"https:\\\/\\\/www.eldigitaldeasturias.com\\\/noticias\\\/aemet-avisa-de-la-llegada-de-un-temporal-de-viento-y-lluvia-en-la-peninsula-y-canarias\\\/#webpage\"},\"articleSection\":\"Destacadas\"},{\"@type\":\"BreadcrumbList\",\"@id\":\"https:\\\/\\\/www.eldigitaldeasturias.com\\\/noticias\\\/aemet-avisa-de-la-llegada-de-un-temporal-de-viento-y-lluvia-en-la-peninsula-y-canarias\\\/#breadcrumblist\",\"itemListElement\":[{\"@type\":\"ListItem\",\"@id\":\"https:\\\/\\\/www.eldigitaldeasturias.com\\\/noticias#listItem\",\"position\":1,\"name\":\"Home\",\"item\":\"https:\\\/\\\/www.eldigitaldeasturias.com\\\/noticias\",\"nextItem\":{\"@type\":\"ListItem\",\"@id\":\"https:\\\/\\\/www.eldigitaldeasturias.com\\\/noticias\\\/category\\\/destacadas\\\/#listItem\",\"name\":\"Destacadas\"}},{\"@type\":\"ListItem\",\"@id\":\"https:\\\/\\\/www.eldigitaldeasturias.com\\\/noticias\\\/category\\\/destacadas\\\/#listItem\",\"position\":2,\"name\":\"Destacadas\",\"item\":\"https:\\\/\\\/www.eldigitaldeasturias.com\\\/noticias\\\/category\\\/destacadas\\\/\",\"nextItem\":{\"@type\":\"ListItem\",\"@id\":\"https:\\\/\\\/www.eldigitaldeasturias.com\\\/noticias\\\/aemet-avisa-de-la-llegada-de-un-temporal-de-viento-y-lluvia-en-la-peninsula-y-canarias\\\/#listItem\",\"name\":\"AEMET avisa de la llegada de un temporal de viento y lluvia en la Pen\\u00ednsula y Canarias\"},\"previousItem\":{\"@type\":\"ListItem\",\"@id\":\"https:\\\/\\\/www.eldigitaldeasturias.com\\\/noticias#listItem\",\"name\":\"Home\"}},{\"@type\":\"ListItem\",\"@id\":\"https:\\\/\\\/www.eldigitaldeasturias.com\\\/noticias\\\/aemet-avisa-de-la-llegada-de-un-temporal-de-viento-y-lluvia-en-la-peninsula-y-canarias\\\/#listItem\",\"position\":3,\"name\":\"AEMET avisa de la llegada de un temporal de viento y lluvia en la Pen\\u00ednsula y Canarias\",\"previousItem\":{\"@type\":\"ListItem\",\"@id\":\"https:\\\/\\\/www.eldigitaldeasturias.com\\\/noticias\\\/category\\\/destacadas\\\/#listItem\",\"name\":\"Destacadas\"}}]},{\"@type\":\"Organization\",\"@id\":\"https:\\\/\\\/www.eldigitaldeasturias.com\\\/noticias\\\/#organization\",\"name\":\"El Digital de Asturias\",\"description\":\"Hemeroteca\",\"url\":\"https:\\\/\\\/www.eldigitaldeasturias.com\\\/noticias\\\/\",\"email\":\"info@eldigitaldeasturias.com\",\"telephone\":\"+34652131393\",\"logo\":{\"@type\":\"ImageObject\",\"url\":\"https:\\\/\\\/www.eldigitaldeasturias.com\\\/noticias\\\/wp-content\\\/uploads\\\/2020\\\/12\\\/EDA.jpg\",\"@id\":\"https:\\\/\\\/www.eldigitaldeasturias.com\\\/noticias\\\/aemet-avisa-de-la-llegada-de-un-temporal-de-viento-y-lluvia-en-la-peninsula-y-canarias\\\/#organizationLogo\",\"width\":649,\"height\":297},\"image\":{\"@id\":\"https:\\\/\\\/www.eldigitaldeasturias.com\\\/noticias\\\/aemet-avisa-de-la-llegada-de-un-temporal-de-viento-y-lluvia-en-la-peninsula-y-canarias\\\/#organizationLogo\"},\"sameAs\":[\"https:\\\/\\\/facebook.com\\\/eldigitaldeasturias\",\"https:\\\/\\\/www.youtube.com\\\/channel\\\/UCZP-2wLEB9Rv6erhFmqVnvg\"],\"address\":{\"@id\":\"https:\\\/\\\/www.eldigitaldeasturias.com\\\/noticias\\\/#postaladdress\",\"@type\":\"PostalAddress\",\"streetAddress\":\"san antonio 4,\",\"postalCode\":\"33430\",\"addressLocality\":\"Cand\\u00e1s\",\"addressRegion\":\"Asturias\",\"addressCountry\":\"ES\"}},{\"@type\":\"Person\",\"@id\":\"https:\\\/\\\/www.eldigitaldeasturias.com\\\/noticias\\\/author\\\/admin\\\/#author\",\"url\":\"https:\\\/\\\/www.eldigitaldeasturias.com\\\/noticias\\\/author\\\/admin\\\/\",\"name\":\"El Digital de Asturias\",\"image\":{\"@type\":\"ImageObject\",\"@id\":\"https:\\\/\\\/www.eldigitaldeasturias.com\\\/noticias\\\/aemet-avisa-de-la-llegada-de-un-temporal-de-viento-y-lluvia-en-la-peninsula-y-canarias\\\/#authorImage\",\"url\":\"https:\\\/\\\/www.eldigitaldeasturias.com\\\/noticias\\\/wp-content\\\/litespeed\\\/avatar\\\/18677e78aa0546b92d9dbf31ec7d7668.jpg?ver=1777290358\",\"width\":96,\"height\":96,\"caption\":\"El Digital de Asturias\"}},{\"@type\":\"WebPage\",\"@id\":\"https:\\\/\\\/www.eldigitaldeasturias.com\\\/noticias\\\/aemet-avisa-de-la-llegada-de-un-temporal-de-viento-y-lluvia-en-la-peninsula-y-canarias\\\/#webpage\",\"url\":\"https:\\\/\\\/www.eldigitaldeasturias.com\\\/noticias\\\/aemet-avisa-de-la-llegada-de-un-temporal-de-viento-y-lluvia-en-la-peninsula-y-canarias\\\/\",\"name\":\"AEMET avisa de la llegada de un temporal de viento y lluvia en la Pen\\u00ednsula y Canarias - El Digital de Asturias\",\"description\":\"Durante los pr\\u00f3ximos d\\u00edas tanto la Pen\\u00ednsula como Canarias estar\\u00e1n bajo la influencia de una amplia borrasca, cuyo centro se ir\\u00e1 trasladando frente a las costas atl\\u00e1nticas peninsulares, primero hacia el sur desde el noroeste de Galicia y, posteriormente, desde el suroeste de Portugal de nuevo hacia las costas Gallegas. La borrasca ir\\u00e1 generando distintas\",\"inLanguage\":\"es-ES\",\"isPartOf\":{\"@id\":\"https:\\\/\\\/www.eldigitaldeasturias.com\\\/noticias\\\/#website\"},\"breadcrumb\":{\"@id\":\"https:\\\/\\\/www.eldigitaldeasturias.com\\\/noticias\\\/aemet-avisa-de-la-llegada-de-un-temporal-de-viento-y-lluvia-en-la-peninsula-y-canarias\\\/#breadcrumblist\"},\"author\":{\"@id\":\"https:\\\/\\\/www.eldigitaldeasturias.com\\\/noticias\\\/author\\\/admin\\\/#author\"},\"creator\":{\"@id\":\"https:\\\/\\\/www.eldigitaldeasturias.com\\\/noticias\\\/author\\\/admin\\\/#author\"},\"image\":{\"@type\":\"ImageObject\",\"url\":\"https:\\\/\\\/www.eldigitaldeasturias.com\\\/noticias\\\/wp-content\\\/uploads\\\/2014\\\/02\\\/olas1.jpg\",\"@id\":\"https:\\\/\\\/www.eldigitaldeasturias.com\\\/noticias\\\/aemet-avisa-de-la-llegada-de-un-temporal-de-viento-y-lluvia-en-la-peninsula-y-canarias\\\/#mainImage\"},\"primaryImageOfPage\":{\"@id\":\"https:\\\/\\\/www.eldigitaldeasturias.com\\\/noticias\\\/aemet-avisa-de-la-llegada-de-un-temporal-de-viento-y-lluvia-en-la-peninsula-y-canarias\\\/#mainImage\"},\"datePublished\":\"2017-02-10T23:13:02+01:00\",\"dateModified\":\"2017-02-10T23:13:02+01:00\"},{\"@type\":\"WebSite\",\"@id\":\"https:\\\/\\\/www.eldigitaldeasturias.com\\\/noticias\\\/#website\",\"url\":\"https:\\\/\\\/www.eldigitaldeasturias.com\\\/noticias\\\/\",\"name\":\"El Digital de Asturias - Diario de actualidad y noticias\",\"alternateName\":\"El Digital de Asturias - Diario de actualidad y noticias\",\"description\":\"Hemeroteca\",\"inLanguage\":\"es-ES\",\"publisher\":{\"@id\":\"https:\\\/\\\/www.eldigitaldeasturias.com\\\/noticias\\\/#organization\"}}]}\n\t\t<\/script>\n\t\t<!-- All in One SEO Pro -->\r\n\t\t<title>AEMET avisa de la llegada de un temporal de viento y lluvia en la Pen\u00ednsula y Canarias - El Digital de Asturias<\/title>\n\n","aioseo_head_json":{"title":"AEMET avisa de la llegada de un temporal de viento y lluvia en la Pen\u00ednsula y Canarias - El Digital de Asturias","description":"Durante los pr\u00f3ximos d\u00edas tanto la Pen\u00ednsula como Canarias estar\u00e1n bajo la influencia de una amplia borrasca, cuyo centro se ir\u00e1 trasladando frente a las costas atl\u00e1nticas peninsulares, primero hacia el sur desde el noroeste de Galicia y, posteriormente, desde el suroeste de Portugal de nuevo hacia las costas Gallegas. La borrasca ir\u00e1 generando distintas","canonical_url":"https:\/\/www.eldigitaldeasturias.com\/noticias\/aemet-avisa-de-la-llegada-de-un-temporal-de-viento-y-lluvia-en-la-peninsula-y-canarias\/","robots":"max-image-preview:large","keywords":"destacadas","webmasterTools":{"google-site-verification":"UA-38556648-1","msvalidate.01":"7dfe9f3f1b24437ab69f4f2559babe99","miscellaneous":""},"schema":{"@context":"https:\/\/schema.org","@graph":[{"@type":"BlogPosting","@id":"https:\/\/www.eldigitaldeasturias.com\/noticias\/aemet-avisa-de-la-llegada-de-un-temporal-de-viento-y-lluvia-en-la-peninsula-y-canarias\/#blogposting","name":"AEMET avisa de la llegada de un temporal de viento y lluvia en la Pen\u00ednsula y Canarias - El Digital de Asturias","headline":"AEMET avisa de la llegada de un temporal de viento y lluvia en la Pen\u00ednsula y Canarias","author":{"@id":"https:\/\/www.eldigitaldeasturias.com\/noticias\/author\/admin\/#author"},"publisher":{"@id":"https:\/\/www.eldigitaldeasturias.com\/noticias\/#organization"},"image":{"@type":"ImageObject","url":"https:\/\/www.eldigitaldeasturias.com\/noticias\/wp-content\/uploads\/2014\/02\/olas1.jpg"},"datePublished":"2017-02-10T23:13:02+01:00","dateModified":"2017-02-10T23:13:02+01:00","inLanguage":"es-ES","mainEntityOfPage":{"@id":"https:\/\/www.eldigitaldeasturias.com\/noticias\/aemet-avisa-de-la-llegada-de-un-temporal-de-viento-y-lluvia-en-la-peninsula-y-canarias\/#webpage"},"isPartOf":{"@id":"https:\/\/www.eldigitaldeasturias.com\/noticias\/aemet-avisa-de-la-llegada-de-un-temporal-de-viento-y-lluvia-en-la-peninsula-y-canarias\/#webpage"},"articleSection":"Destacadas"},{"@type":"BreadcrumbList","@id":"https:\/\/www.eldigitaldeasturias.com\/noticias\/aemet-avisa-de-la-llegada-de-un-temporal-de-viento-y-lluvia-en-la-peninsula-y-canarias\/#breadcrumblist","itemListElement":[{"@type":"ListItem","@id":"https:\/\/www.eldigitaldeasturias.com\/noticias#listItem","position":1,"name":"Home","item":"https:\/\/www.eldigitaldeasturias.com\/noticias","nextItem":{"@type":"ListItem","@id":"https:\/\/www.eldigitaldeasturias.com\/noticias\/category\/destacadas\/#listItem","name":"Destacadas"}},{"@type":"ListItem","@id":"https:\/\/www.eldigitaldeasturias.com\/noticias\/category\/destacadas\/#listItem","position":2,"name":"Destacadas","item":"https:\/\/www.eldigitaldeasturias.com\/noticias\/category\/destacadas\/","nextItem":{"@type":"ListItem","@id":"https:\/\/www.eldigitaldeasturias.com\/noticias\/aemet-avisa-de-la-llegada-de-un-temporal-de-viento-y-lluvia-en-la-peninsula-y-canarias\/#listItem","name":"AEMET avisa de la llegada de un temporal de viento y lluvia en la Pen\u00ednsula y Canarias"},"previousItem":{"@type":"ListItem","@id":"https:\/\/www.eldigitaldeasturias.com\/noticias#listItem","name":"Home"}},{"@type":"ListItem","@id":"https:\/\/www.eldigitaldeasturias.com\/noticias\/aemet-avisa-de-la-llegada-de-un-temporal-de-viento-y-lluvia-en-la-peninsula-y-canarias\/#listItem","position":3,"name":"AEMET avisa de la llegada de un temporal de viento y lluvia en la Pen\u00ednsula y Canarias","previousItem":{"@type":"ListItem","@id":"https:\/\/www.eldigitaldeasturias.com\/noticias\/category\/destacadas\/#listItem","name":"Destacadas"}}]},{"@type":"Organization","@id":"https:\/\/www.eldigitaldeasturias.com\/noticias\/#organization","name":"El Digital de Asturias","description":"Hemeroteca","url":"https:\/\/www.eldigitaldeasturias.com\/noticias\/","email":"info@eldigitaldeasturias.com","telephone":"+34652131393","logo":{"@type":"ImageObject","url":"https:\/\/www.eldigitaldeasturias.com\/noticias\/wp-content\/uploads\/2020\/12\/EDA.jpg","@id":"https:\/\/www.eldigitaldeasturias.com\/noticias\/aemet-avisa-de-la-llegada-de-un-temporal-de-viento-y-lluvia-en-la-peninsula-y-canarias\/#organizationLogo","width":649,"height":297},"image":{"@id":"https:\/\/www.eldigitaldeasturias.com\/noticias\/aemet-avisa-de-la-llegada-de-un-temporal-de-viento-y-lluvia-en-la-peninsula-y-canarias\/#organizationLogo"},"sameAs":["https:\/\/facebook.com\/eldigitaldeasturias","https:\/\/www.youtube.com\/channel\/UCZP-2wLEB9Rv6erhFmqVnvg"],"address":{"@id":"https:\/\/www.eldigitaldeasturias.com\/noticias\/#postaladdress","@type":"PostalAddress","streetAddress":"san antonio 4,","postalCode":"33430","addressLocality":"Cand\u00e1s","addressRegion":"Asturias","addressCountry":"ES"}},{"@type":"Person","@id":"https:\/\/www.eldigitaldeasturias.com\/noticias\/author\/admin\/#author","url":"https:\/\/www.eldigitaldeasturias.com\/noticias\/author\/admin\/","name":"El Digital de Asturias","image":{"@type":"ImageObject","@id":"https:\/\/www.eldigitaldeasturias.com\/noticias\/aemet-avisa-de-la-llegada-de-un-temporal-de-viento-y-lluvia-en-la-peninsula-y-canarias\/#authorImage","url":"https:\/\/www.eldigitaldeasturias.com\/noticias\/wp-content\/litespeed\/avatar\/18677e78aa0546b92d9dbf31ec7d7668.jpg?ver=1777290358","width":96,"height":96,"caption":"El Digital de Asturias"}},{"@type":"WebPage","@id":"https:\/\/www.eldigitaldeasturias.com\/noticias\/aemet-avisa-de-la-llegada-de-un-temporal-de-viento-y-lluvia-en-la-peninsula-y-canarias\/#webpage","url":"https:\/\/www.eldigitaldeasturias.com\/noticias\/aemet-avisa-de-la-llegada-de-un-temporal-de-viento-y-lluvia-en-la-peninsula-y-canarias\/","name":"AEMET avisa de la llegada de un temporal de viento y lluvia en la Pen\u00ednsula y Canarias - El Digital de Asturias","description":"Durante los pr\u00f3ximos d\u00edas tanto la Pen\u00ednsula como Canarias estar\u00e1n bajo la influencia de una amplia borrasca, cuyo centro se ir\u00e1 trasladando frente a las costas atl\u00e1nticas peninsulares, primero hacia el sur desde el noroeste de Galicia y, posteriormente, desde el suroeste de Portugal de nuevo hacia las costas Gallegas. La borrasca ir\u00e1 generando distintas","inLanguage":"es-ES","isPartOf":{"@id":"https:\/\/www.eldigitaldeasturias.com\/noticias\/#website"},"breadcrumb":{"@id":"https:\/\/www.eldigitaldeasturias.com\/noticias\/aemet-avisa-de-la-llegada-de-un-temporal-de-viento-y-lluvia-en-la-peninsula-y-canarias\/#breadcrumblist"},"author":{"@id":"https:\/\/www.eldigitaldeasturias.com\/noticias\/author\/admin\/#author"},"creator":{"@id":"https:\/\/www.eldigitaldeasturias.com\/noticias\/author\/admin\/#author"},"image":{"@type":"ImageObject","url":"https:\/\/www.eldigitaldeasturias.com\/noticias\/wp-content\/uploads\/2014\/02\/olas1.jpg","@id":"https:\/\/www.eldigitaldeasturias.com\/noticias\/aemet-avisa-de-la-llegada-de-un-temporal-de-viento-y-lluvia-en-la-peninsula-y-canarias\/#mainImage"},"primaryImageOfPage":{"@id":"https:\/\/www.eldigitaldeasturias.com\/noticias\/aemet-avisa-de-la-llegada-de-un-temporal-de-viento-y-lluvia-en-la-peninsula-y-canarias\/#mainImage"},"datePublished":"2017-02-10T23:13:02+01:00","dateModified":"2017-02-10T23:13:02+01:00"},{"@type":"WebSite","@id":"https:\/\/www.eldigitaldeasturias.com\/noticias\/#website","url":"https:\/\/www.eldigitaldeasturias.com\/noticias\/","name":"El Digital de Asturias - Diario de actualidad y noticias","alternateName":"El Digital de Asturias - Diario de actualidad y noticias","description":"Hemeroteca","inLanguage":"es-ES","publisher":{"@id":"https:\/\/www.eldigitaldeasturias.com\/noticias\/#organization"}}]},"og:locale":"es_ES","og:site_name":"El Digital de Asturias","og:type":"article","og:title":"AEMET avisa de la llegada de un temporal de viento y lluvia en la Pen\u00ednsula y Canarias - El Digital de Asturias","og:description":"Durante los pr\u00f3ximos d\u00edas tanto la Pen\u00ednsula como Canarias estar\u00e1n bajo la influencia de una amplia borrasca, cuyo centro se ir\u00e1 trasladando frente a las costas atl\u00e1nticas peninsulares, primero hacia el sur desde el noroeste de Galicia y, posteriormente, desde el suroeste de Portugal de nuevo hacia las costas Gallegas. La borrasca ir\u00e1 generando distintas","og:url":"https:\/\/www.eldigitaldeasturias.com\/noticias\/aemet-avisa-de-la-llegada-de-un-temporal-de-viento-y-lluvia-en-la-peninsula-y-canarias\/","og:image":"https:\/\/www.eldigitaldeasturias.com\/noticias\/wp-content\/uploads\/2014\/02\/olas1.jpg","og:image:secure_url":"https:\/\/www.eldigitaldeasturias.com\/noticias\/wp-content\/uploads\/2014\/02\/olas1.jpg","article:tag":["destacadas"],"article:published_time":"2017-02-10T23:13:02+00:00","article:modified_time":"2017-02-10T23:13:02+00:00","article:publisher":"https:\/\/facebook.com\/eldigitaldeasturias","twitter:card":"summary_large_image","twitter:title":"AEMET avisa de la llegada de un temporal de viento y lluvia en la Pen\u00ednsula y Canarias - El Digital de Asturias","twitter:description":"Durante los pr\u00f3ximos d\u00edas tanto la Pen\u00ednsula como Canarias estar\u00e1n bajo la influencia de una amplia borrasca, cuyo centro se ir\u00e1 trasladando frente a las costas atl\u00e1nticas peninsulares, primero hacia el sur desde el noroeste de Galicia y, posteriormente, desde el suroeste de Portugal de nuevo hacia las costas Gallegas. La borrasca ir\u00e1 generando distintas","twitter:image":"https:\/\/www.eldigitaldeasturias.com\/noticias\/wp-content\/uploads\/2014\/02\/olas1.jpg","twitter:label1":"Escrito por","twitter:data1":"El Digital de Asturias","twitter:label2":"Tiempo de lectura estimado","twitter:data2":"2 minutos"},"aioseo_meta_data":{"post_id":"925648","title":null,"description":null,"keywords":null,"keyphrases":null,"primary_term":null,"canonical_url":null,"og_title":null,"og_description":null,"og_object_type":"default","og_image_type":"default","og_image_url":null,"og_image_width":null,"og_image_height":null,"og_image_custom_url":null,"og_image_custom_fields":null,"og_video":null,"og_custom_url":null,"og_article_section":null,"og_article_tags":null,"twitter_use_og":false,"twitter_card":"default","twitter_image_type":"default","twitter_image_url":null,"twitter_image_custom_url":null,"twitter_image_custom_fields":null,"twitter_title":null,"twitter_description":null,"schema":{"blockGraphs":[],"customGraphs":[],"default":{"data":{"Article":[],"Course":[],"Dataset":[],"FAQPage":[],"Movie":[],"Person":[],"Product":[],"ProductReview":[],"Car":[],"Recipe":[],"Service":[],"SoftwareApplication":[],"WebPage":[]},"graphName":"","isEnabled":true},"graphs":[],"defaultGraph":"","defaultPostTypeGraph":""},"schema_type":null,"schema_type_options":null,"pillar_content":false,"robots_default":true,"robots_noindex":false,"robots_noarchive":false,"robots_nosnippet":false,"robots_nofollow":false,"robots_noimageindex":false,"robots_noodp":false,"robots_notranslate":false,"robots_max_snippet":null,"robots_max_videopreview":null,"robots_max_imagepreview":"large","priority":null,"frequency":null,"local_seo":null,"seo_analyzer_scan_date":"2025-12-03 04:21:15","breadcrumb_settings":null,"limit_modified_date":false,"open_ai":null,"ai":null,"created":"2020-12-21 13:39:46","updated":"2025-12-03 04:21:15"},"aioseo_breadcrumb":"<div class=\"aioseo-breadcrumbs\"><span class=\"aioseo-breadcrumb\">\n\t<a href=\"https:\/\/www.eldigitaldeasturias.com\/noticias\" title=\"Home\">Home<\/a>\n<\/span><span class=\"aioseo-breadcrumb-separator\">\u2013<\/span><span class=\"aioseo-breadcrumb\">\n\t<a href=\"https:\/\/www.eldigitaldeasturias.com\/noticias\/category\/destacadas\/\" title=\"Destacadas\">Destacadas<\/a>\n<\/span><span class=\"aioseo-breadcrumb-separator\">\u2013<\/span><span class=\"aioseo-breadcrumb\">\n\t<a href=\"https:\/\/www.eldigitaldeasturias.com\/noticias\/aemet-avisa-de-la-llegada-de-un-temporal-de-viento-y-lluvia-en-la-peninsula-y-canarias\/\" title=\"AEMET avisa de la llegada de un temporal de viento y lluvia en la Pen\u00ednsula y Canarias\">AEMET avisa de la llegada de un temporal de viento y lluvia en la Pen\u00ednsula y Canarias<\/a>\n<\/span><\/div>","aioseo_breadcrumb_json":[{"label":"Home","link":"https:\/\/www.eldigitaldeasturias.com\/noticias"},{"label":"Destacadas","link":"https:\/\/www.eldigitaldeasturias.com\/noticias\/category\/destacadas\/"},{"label":"AEMET avisa de la llegada de un temporal de viento y lluvia en la Pen\u00ednsula y Canarias","link":"https:\/\/www.eldigitaldeasturias.com\/noticias\/aemet-avisa-de-la-llegada-de-un-temporal-de-viento-y-lluvia-en-la-peninsula-y-canarias\/"}],"_links":{"self":[{"href":"https:\/\/www.eldigitaldeasturias.com\/noticias\/wp-json\/wp\/v2\/posts\/925648","targetHints":{"allow":["GET"]}}],"collection":[{"href":"https:\/\/www.eldigitaldeasturias.com\/noticias\/wp-json\/wp\/v2\/posts"}],"about":[{"href":"https:\/\/www.eldigitaldeasturias.com\/noticias\/wp-json\/wp\/v2\/types\/post"}],"author":[{"embeddable":true,"href":"https:\/\/www.eldigitaldeasturias.com\/noticias\/wp-json\/wp\/v2\/users\/1"}],"replies":[{"embeddable":true,"href":"https:\/\/www.eldigitaldeasturias.com\/noticias\/wp-json\/wp\/v2\/comments?post=925648"}],"version-history":[{"count":0,"href":"https:\/\/www.eldigitaldeasturias.com\/noticias\/wp-json\/wp\/v2\/posts\/925648\/revisions"}],"wp:featuredmedia":[{"embeddable":true,"href":"https:\/\/www.eldigitaldeasturias.com\/noticias\/wp-json\/wp\/v2\/media\/486946"}],"wp:attachment":[{"href":"https:\/\/www.eldigitaldeasturias.com\/noticias\/wp-json\/wp\/v2\/media?parent=925648"}],"wp:term":[{"taxonomy":"category","embeddable":true,"href":"https:\/\/www.eldigitaldeasturias.com\/noticias\/wp-json\/wp\/v2\/categories?post=925648"},{"taxonomy":"post_tag","embeddable":true,"href":"https:\/\/www.eldigitaldeasturias.com\/noticias\/wp-json\/wp\/v2\/tags?post=925648"}],"curies":[{"name":"wp","href":"https:\/\/api.w.org\/{rel}","templated":true}]}}