{"id":925633,"date":"2017-02-10T22:44:36","date_gmt":"2017-02-10T22:44:36","guid":{"rendered":"http:\/\/www.eldigitaldeasturias.com\/noticias\/?p=925633"},"modified":"2017-02-10T22:44:36","modified_gmt":"2017-02-10T22:44:36","slug":"infraestructuras-terminara-este-verano-las-obras-de-la-as-313-que-une-grado-y-trubia","status":"publish","type":"post","link":"https:\/\/www.eldigitaldeasturias.com\/noticias\/infraestructuras-terminara-este-verano-las-obras-de-la-as-313-que-une-grado-y-trubia\/","title":{"rendered":"Infraestructuras terminar\u00e1 este verano las obras de la AS-313, que une Grado y Trubia"},"content":{"rendered":"<p><img loading=\"lazy\" decoding=\"async\" class=\"alignleft size-medium wp-image-925634\" src=\"https:\/\/www.eldigitaldeasturias.com\/noticias\/wp-content\/uploads\/2017\/02\/AS-313-360x216.jpg\" alt=\"\" width=\"360\" height=\"216\" srcset=\"https:\/\/www.eldigitaldeasturias.com\/noticias\/wp-content\/uploads\/2017\/02\/AS-313-360x216.jpg 360w, https:\/\/www.eldigitaldeasturias.com\/noticias\/wp-content\/uploads\/2017\/02\/AS-313-768x461.jpg 768w, https:\/\/www.eldigitaldeasturias.com\/noticias\/wp-content\/uploads\/2017\/02\/AS-313-650x390.jpg 650w, https:\/\/www.eldigitaldeasturias.com\/noticias\/wp-content\/uploads\/2017\/02\/AS-313.jpg 1280w\" sizes=\"auto, (max-width: 360px) 100vw, 360px\" \/>La consejera de Infraestructuras, Ordenaci\u00f3n del Territorio y Medio Ambiente, Bel\u00e9n Fern\u00e1ndez, ha anunciado hoy que las obras que se est\u00e1n realizando en la carretera AS-313, entre las localidades de Grado y Trubia, estar\u00e1n concluidas antes de finalizar el verano. La consejer\u00eda ha invertido en ellas cerca de siete millones de euros, de los que 2.280.000 corresponden al tramo entre Sama y Trubia y los 4.5 millones restantes, a la calzada entre Grado y Sama.<\/p>\n<p>Fern\u00e1ndez, que ha visitado hoy las obras, junto con los alcaldes de Oviedo, Wenceslao L\u00f3pez, y Grado, Jos\u00e9 Luis Trabanco, y el director general de Infraestructuras y Transportes, Jos\u00e9 Mar\u00eda Pertierra, ha destacado que el nivel de ejecuci\u00f3n ronda ya el 65%, lo que permitir\u00e1 culminar los trabajaos en veinte meses, diez menos que los previstos inicialmente.<\/p>\n<p>La responsable de Infraestructuras ha recordado que esta carretera, que une los concejos de Oviedo y Grado, constituye la principal v\u00eda de comunicaci\u00f3n de los n\u00facleos asentados en el valle del r\u00edo Sama con las poblaciones de Grado y Trubia y con las carreteras m\u00e1s importantes del resto de la regi\u00f3n, por lo que resulta una pieza clave para su desarrollo.<\/p>\n<p>La consejera ha explicado que, por este motivo, se acondicionar\u00e1 la traza actual, as\u00ed como el ensanche de la plataforma para permitir una calzada de 6 metros de anchura, con dos carriles de tres metros cada uno, y los correspondientes sobreanchos en curvas. Adem\u00e1s, se mejorar\u00e1 el conjunto del firme para regularizarlo y dotarlo de la capacidad suficiente para resistir el tr\u00e1fico, y se aprovechar\u00e1 al m\u00e1ximo la plataforma de la carretera actual para minimizar el movimiento de tierras y, con ello, la afecci\u00f3n ambiental en el entorno.<\/p>\n<p>Tambi\u00e9n se actuar\u00e1 sobre las traves\u00edas existentes para primar las condiciones de seguridad sobre las de trazado y acometer en alg\u00fan caso, como en el de Sama de Grado, peque\u00f1as variantes de trazado, para evitar varias secciones muy estrechas entre edificaciones. Los trabajos se completar\u00e1n con una mejora integral de los sistemas de drenaje, nuevos muros, iluminaci\u00f3n, cu\u00f1as de control de velocidad en algunas intersecciones y revegetaciones arb\u00f3reas para minimizar los efectos sobre el paisaje.<\/p>\n<p>&nbsp;<\/p>\n","protected":false},"excerpt":{"rendered":"<p>La consejera de Infraestructuras, Ordenaci\u00f3n del Territorio y Medio Ambiente, Bel\u00e9n Fern\u00e1ndez, ha anunciado hoy que las obras que se est\u00e1n realizando en la carretera AS-313, entre las localidades de Grado y Trubia, estar\u00e1n concluidas antes de finalizar el verano. La consejer\u00eda ha invertido en ellas cerca de siete millones de euros, de los que [&hellip;]<\/p>\n","protected":false},"author":1,"featured_media":925634,"comment_status":"closed","ping_status":"closed","sticky":false,"template":"","format":"standard","meta":{"footnotes":""},"categories":[141],"tags":[],"class_list":["post-925633","post","type-post","status-publish","format-standard","has-post-thumbnail","hentry","category-destacadas"],"aioseo_notices":[],"aioseo_head":"\n\t\t<!-- All in One SEO Pro 4.9.6.2 - aioseo.com -->\n\t<meta name=\"description\" content=\"La consejera de Infraestructuras, Ordenaci\u00f3n del Territorio y Medio Ambiente, Bel\u00e9n Fern\u00e1ndez, ha anunciado hoy que las obras que se est\u00e1n realizando en la carretera AS-313, entre las localidades de Grado y Trubia, estar\u00e1n concluidas antes de finalizar el verano. La consejer\u00eda ha invertido en ellas cerca de siete millones de euros, de los que\" \/>\n\t<meta name=\"robots\" content=\"max-image-preview:large\" \/>\n\t<meta name=\"author\" content=\"El Digital de Asturias\"\/>\n\t<meta name=\"google-site-verification\" content=\"UA-38556648-1\" \/>\n\t<meta name=\"msvalidate.01\" content=\"7dfe9f3f1b24437ab69f4f2559babe99\" \/>\n\t<meta name=\"keywords\" content=\"destacadas\" \/>\n\t<link rel=\"canonical\" href=\"https:\/\/www.eldigitaldeasturias.com\/noticias\/infraestructuras-terminara-este-verano-las-obras-de-la-as-313-que-une-grado-y-trubia\/\" \/>\n\t<meta name=\"generator\" content=\"All in One SEO Pro (AIOSEO) 4.9.6.2\" \/>\n\t\t<meta property=\"og:locale\" content=\"es_ES\" \/>\n\t\t<meta property=\"og:site_name\" content=\"El Digital de Asturias\" \/>\n\t\t<meta property=\"og:type\" content=\"article\" \/>\n\t\t<meta property=\"og:title\" content=\"Infraestructuras terminar\u00e1 este verano las obras de la AS-313, que une Grado y Trubia - El Digital de Asturias\" \/>\n\t\t<meta property=\"og:description\" content=\"La consejera de Infraestructuras, Ordenaci\u00f3n del Territorio y Medio Ambiente, Bel\u00e9n Fern\u00e1ndez, ha anunciado hoy que las obras que se est\u00e1n realizando en la carretera AS-313, entre las localidades de Grado y Trubia, estar\u00e1n concluidas antes de finalizar el verano. La consejer\u00eda ha invertido en ellas cerca de siete millones de euros, de los que\" \/>\n\t\t<meta property=\"og:url\" content=\"https:\/\/www.eldigitaldeasturias.com\/noticias\/infraestructuras-terminara-este-verano-las-obras-de-la-as-313-que-une-grado-y-trubia\/\" \/>\n\t\t<meta property=\"og:image\" content=\"https:\/\/www.eldigitaldeasturias.com\/noticias\/wp-content\/uploads\/2017\/02\/AS-313.jpg\" \/>\n\t\t<meta property=\"og:image:secure_url\" content=\"https:\/\/www.eldigitaldeasturias.com\/noticias\/wp-content\/uploads\/2017\/02\/AS-313.jpg\" \/>\n\t\t<meta property=\"og:image:width\" content=\"1280\" \/>\n\t\t<meta property=\"og:image:height\" content=\"768\" \/>\n\t\t<meta property=\"article:tag\" content=\"destacadas\" \/>\n\t\t<meta property=\"article:published_time\" content=\"2017-02-10T22:44:36+00:00\" \/>\n\t\t<meta property=\"article:modified_time\" content=\"2017-02-10T22:44:36+00:00\" \/>\n\t\t<meta property=\"article:publisher\" content=\"https:\/\/facebook.com\/eldigitaldeasturias\" \/>\n\t\t<meta name=\"twitter:card\" content=\"summary_large_image\" \/>\n\t\t<meta name=\"twitter:title\" content=\"Infraestructuras terminar\u00e1 este verano las obras de la AS-313, que une Grado y Trubia - El Digital de Asturias\" \/>\n\t\t<meta name=\"twitter:description\" content=\"La consejera de Infraestructuras, Ordenaci\u00f3n del Territorio y Medio Ambiente, Bel\u00e9n Fern\u00e1ndez, ha anunciado hoy que las obras que se est\u00e1n realizando en la carretera AS-313, entre las localidades de Grado y Trubia, estar\u00e1n concluidas antes de finalizar el verano. La consejer\u00eda ha invertido en ellas cerca de siete millones de euros, de los que\" \/>\n\t\t<meta name=\"twitter:image\" content=\"https:\/\/www.eldigitaldeasturias.com\/noticias\/wp-content\/uploads\/2017\/02\/AS-313.jpg\" \/>\n\t\t<meta name=\"twitter:label1\" content=\"Escrito por\" \/>\n\t\t<meta name=\"twitter:data1\" content=\"El Digital de Asturias\" \/>\n\t\t<meta name=\"twitter:label2\" content=\"Tiempo de lectura estimado\" \/>\n\t\t<meta name=\"twitter:data2\" content=\"2 minutos\" \/>\n\t\t<script type=\"application\/ld+json\" class=\"aioseo-schema\">\n\t\t\t{\"@context\":\"https:\\\/\\\/schema.org\",\"@graph\":[{\"@type\":\"BlogPosting\",\"@id\":\"https:\\\/\\\/www.eldigitaldeasturias.com\\\/noticias\\\/infraestructuras-terminara-este-verano-las-obras-de-la-as-313-que-une-grado-y-trubia\\\/#blogposting\",\"name\":\"Infraestructuras terminar\\u00e1 este verano las obras de la AS-313, que une Grado y Trubia - El Digital de Asturias\",\"headline\":\"Infraestructuras terminar\\u00e1 este verano las obras de la AS-313, que une Grado y Trubia\",\"author\":{\"@id\":\"https:\\\/\\\/www.eldigitaldeasturias.com\\\/noticias\\\/author\\\/admin\\\/#author\"},\"publisher\":{\"@id\":\"https:\\\/\\\/www.eldigitaldeasturias.com\\\/noticias\\\/#organization\"},\"image\":{\"@type\":\"ImageObject\",\"url\":\"https:\\\/\\\/www.eldigitaldeasturias.com\\\/noticias\\\/wp-content\\\/uploads\\\/2017\\\/02\\\/AS-313.jpg\",\"width\":1280,\"height\":768},\"datePublished\":\"2017-02-10T22:44:36+01:00\",\"dateModified\":\"2017-02-10T22:44:36+01:00\",\"inLanguage\":\"es-ES\",\"mainEntityOfPage\":{\"@id\":\"https:\\\/\\\/www.eldigitaldeasturias.com\\\/noticias\\\/infraestructuras-terminara-este-verano-las-obras-de-la-as-313-que-une-grado-y-trubia\\\/#webpage\"},\"isPartOf\":{\"@id\":\"https:\\\/\\\/www.eldigitaldeasturias.com\\\/noticias\\\/infraestructuras-terminara-este-verano-las-obras-de-la-as-313-que-une-grado-y-trubia\\\/#webpage\"},\"articleSection\":\"Destacadas\"},{\"@type\":\"BreadcrumbList\",\"@id\":\"https:\\\/\\\/www.eldigitaldeasturias.com\\\/noticias\\\/infraestructuras-terminara-este-verano-las-obras-de-la-as-313-que-une-grado-y-trubia\\\/#breadcrumblist\",\"itemListElement\":[{\"@type\":\"ListItem\",\"@id\":\"https:\\\/\\\/www.eldigitaldeasturias.com\\\/noticias#listItem\",\"position\":1,\"name\":\"Home\",\"item\":\"https:\\\/\\\/www.eldigitaldeasturias.com\\\/noticias\",\"nextItem\":{\"@type\":\"ListItem\",\"@id\":\"https:\\\/\\\/www.eldigitaldeasturias.com\\\/noticias\\\/category\\\/destacadas\\\/#listItem\",\"name\":\"Destacadas\"}},{\"@type\":\"ListItem\",\"@id\":\"https:\\\/\\\/www.eldigitaldeasturias.com\\\/noticias\\\/category\\\/destacadas\\\/#listItem\",\"position\":2,\"name\":\"Destacadas\",\"item\":\"https:\\\/\\\/www.eldigitaldeasturias.com\\\/noticias\\\/category\\\/destacadas\\\/\",\"nextItem\":{\"@type\":\"ListItem\",\"@id\":\"https:\\\/\\\/www.eldigitaldeasturias.com\\\/noticias\\\/infraestructuras-terminara-este-verano-las-obras-de-la-as-313-que-une-grado-y-trubia\\\/#listItem\",\"name\":\"Infraestructuras terminar\\u00e1 este verano las obras de la AS-313, que une Grado y Trubia\"},\"previousItem\":{\"@type\":\"ListItem\",\"@id\":\"https:\\\/\\\/www.eldigitaldeasturias.com\\\/noticias#listItem\",\"name\":\"Home\"}},{\"@type\":\"ListItem\",\"@id\":\"https:\\\/\\\/www.eldigitaldeasturias.com\\\/noticias\\\/infraestructuras-terminara-este-verano-las-obras-de-la-as-313-que-une-grado-y-trubia\\\/#listItem\",\"position\":3,\"name\":\"Infraestructuras terminar\\u00e1 este verano las obras de la AS-313, que une Grado y Trubia\",\"previousItem\":{\"@type\":\"ListItem\",\"@id\":\"https:\\\/\\\/www.eldigitaldeasturias.com\\\/noticias\\\/category\\\/destacadas\\\/#listItem\",\"name\":\"Destacadas\"}}]},{\"@type\":\"Organization\",\"@id\":\"https:\\\/\\\/www.eldigitaldeasturias.com\\\/noticias\\\/#organization\",\"name\":\"El Digital de Asturias\",\"description\":\"Hemeroteca\",\"url\":\"https:\\\/\\\/www.eldigitaldeasturias.com\\\/noticias\\\/\",\"email\":\"info@eldigitaldeasturias.com\",\"telephone\":\"+34652131393\",\"logo\":{\"@type\":\"ImageObject\",\"url\":\"https:\\\/\\\/www.eldigitaldeasturias.com\\\/noticias\\\/wp-content\\\/uploads\\\/2020\\\/12\\\/EDA.jpg\",\"@id\":\"https:\\\/\\\/www.eldigitaldeasturias.com\\\/noticias\\\/infraestructuras-terminara-este-verano-las-obras-de-la-as-313-que-une-grado-y-trubia\\\/#organizationLogo\",\"width\":649,\"height\":297},\"image\":{\"@id\":\"https:\\\/\\\/www.eldigitaldeasturias.com\\\/noticias\\\/infraestructuras-terminara-este-verano-las-obras-de-la-as-313-que-une-grado-y-trubia\\\/#organizationLogo\"},\"sameAs\":[\"https:\\\/\\\/facebook.com\\\/eldigitaldeasturias\",\"https:\\\/\\\/www.youtube.com\\\/channel\\\/UCZP-2wLEB9Rv6erhFmqVnvg\"],\"address\":{\"@id\":\"https:\\\/\\\/www.eldigitaldeasturias.com\\\/noticias\\\/#postaladdress\",\"@type\":\"PostalAddress\",\"streetAddress\":\"san antonio 4,\",\"postalCode\":\"33430\",\"addressLocality\":\"Cand\\u00e1s\",\"addressRegion\":\"Asturias\",\"addressCountry\":\"ES\"}},{\"@type\":\"Person\",\"@id\":\"https:\\\/\\\/www.eldigitaldeasturias.com\\\/noticias\\\/author\\\/admin\\\/#author\",\"url\":\"https:\\\/\\\/www.eldigitaldeasturias.com\\\/noticias\\\/author\\\/admin\\\/\",\"name\":\"El Digital de Asturias\",\"image\":{\"@type\":\"ImageObject\",\"@id\":\"https:\\\/\\\/www.eldigitaldeasturias.com\\\/noticias\\\/infraestructuras-terminara-este-verano-las-obras-de-la-as-313-que-une-grado-y-trubia\\\/#authorImage\",\"url\":\"https:\\\/\\\/www.eldigitaldeasturias.com\\\/noticias\\\/wp-content\\\/litespeed\\\/avatar\\\/18677e78aa0546b92d9dbf31ec7d7668.jpg?ver=1777290358\",\"width\":96,\"height\":96,\"caption\":\"El Digital de Asturias\"}},{\"@type\":\"WebPage\",\"@id\":\"https:\\\/\\\/www.eldigitaldeasturias.com\\\/noticias\\\/infraestructuras-terminara-este-verano-las-obras-de-la-as-313-que-une-grado-y-trubia\\\/#webpage\",\"url\":\"https:\\\/\\\/www.eldigitaldeasturias.com\\\/noticias\\\/infraestructuras-terminara-este-verano-las-obras-de-la-as-313-que-une-grado-y-trubia\\\/\",\"name\":\"Infraestructuras terminar\\u00e1 este verano las obras de la AS-313, que une Grado y Trubia - El Digital de Asturias\",\"description\":\"La consejera de Infraestructuras, Ordenaci\\u00f3n del Territorio y Medio Ambiente, Bel\\u00e9n Fern\\u00e1ndez, ha anunciado hoy que las obras que se est\\u00e1n realizando en la carretera AS-313, entre las localidades de Grado y Trubia, estar\\u00e1n concluidas antes de finalizar el verano. La consejer\\u00eda ha invertido en ellas cerca de siete millones de euros, de los que\",\"inLanguage\":\"es-ES\",\"isPartOf\":{\"@id\":\"https:\\\/\\\/www.eldigitaldeasturias.com\\\/noticias\\\/#website\"},\"breadcrumb\":{\"@id\":\"https:\\\/\\\/www.eldigitaldeasturias.com\\\/noticias\\\/infraestructuras-terminara-este-verano-las-obras-de-la-as-313-que-une-grado-y-trubia\\\/#breadcrumblist\"},\"author\":{\"@id\":\"https:\\\/\\\/www.eldigitaldeasturias.com\\\/noticias\\\/author\\\/admin\\\/#author\"},\"creator\":{\"@id\":\"https:\\\/\\\/www.eldigitaldeasturias.com\\\/noticias\\\/author\\\/admin\\\/#author\"},\"image\":{\"@type\":\"ImageObject\",\"url\":\"https:\\\/\\\/www.eldigitaldeasturias.com\\\/noticias\\\/wp-content\\\/uploads\\\/2017\\\/02\\\/AS-313.jpg\",\"@id\":\"https:\\\/\\\/www.eldigitaldeasturias.com\\\/noticias\\\/infraestructuras-terminara-este-verano-las-obras-de-la-as-313-que-une-grado-y-trubia\\\/#mainImage\",\"width\":1280,\"height\":768},\"primaryImageOfPage\":{\"@id\":\"https:\\\/\\\/www.eldigitaldeasturias.com\\\/noticias\\\/infraestructuras-terminara-este-verano-las-obras-de-la-as-313-que-une-grado-y-trubia\\\/#mainImage\"},\"datePublished\":\"2017-02-10T22:44:36+01:00\",\"dateModified\":\"2017-02-10T22:44:36+01:00\"},{\"@type\":\"WebSite\",\"@id\":\"https:\\\/\\\/www.eldigitaldeasturias.com\\\/noticias\\\/#website\",\"url\":\"https:\\\/\\\/www.eldigitaldeasturias.com\\\/noticias\\\/\",\"name\":\"El Digital de Asturias - Diario de actualidad y noticias\",\"alternateName\":\"El Digital de Asturias - Diario de actualidad y noticias\",\"description\":\"Hemeroteca\",\"inLanguage\":\"es-ES\",\"publisher\":{\"@id\":\"https:\\\/\\\/www.eldigitaldeasturias.com\\\/noticias\\\/#organization\"}}]}\n\t\t<\/script>\n\t\t<!-- All in One SEO Pro -->\r\n\t\t<title>Infraestructuras terminar\u00e1 este verano las obras de la AS-313, que une Grado y Trubia - El Digital de Asturias<\/title>\n\n","aioseo_head_json":{"title":"Infraestructuras terminar\u00e1 este verano las obras de la AS-313, que une Grado y Trubia - El Digital de Asturias","description":"La consejera de Infraestructuras, Ordenaci\u00f3n del Territorio y Medio Ambiente, Bel\u00e9n Fern\u00e1ndez, ha anunciado hoy que las obras que se est\u00e1n realizando en la carretera AS-313, entre las localidades de Grado y Trubia, estar\u00e1n concluidas antes de finalizar el verano. La consejer\u00eda ha invertido en ellas cerca de siete millones de euros, de los que","canonical_url":"https:\/\/www.eldigitaldeasturias.com\/noticias\/infraestructuras-terminara-este-verano-las-obras-de-la-as-313-que-une-grado-y-trubia\/","robots":"max-image-preview:large","keywords":"destacadas","webmasterTools":{"google-site-verification":"UA-38556648-1","msvalidate.01":"7dfe9f3f1b24437ab69f4f2559babe99","miscellaneous":""},"schema":{"@context":"https:\/\/schema.org","@graph":[{"@type":"BlogPosting","@id":"https:\/\/www.eldigitaldeasturias.com\/noticias\/infraestructuras-terminara-este-verano-las-obras-de-la-as-313-que-une-grado-y-trubia\/#blogposting","name":"Infraestructuras terminar\u00e1 este verano las obras de la AS-313, que une Grado y Trubia - El Digital de Asturias","headline":"Infraestructuras terminar\u00e1 este verano las obras de la AS-313, que une Grado y Trubia","author":{"@id":"https:\/\/www.eldigitaldeasturias.com\/noticias\/author\/admin\/#author"},"publisher":{"@id":"https:\/\/www.eldigitaldeasturias.com\/noticias\/#organization"},"image":{"@type":"ImageObject","url":"https:\/\/www.eldigitaldeasturias.com\/noticias\/wp-content\/uploads\/2017\/02\/AS-313.jpg","width":1280,"height":768},"datePublished":"2017-02-10T22:44:36+01:00","dateModified":"2017-02-10T22:44:36+01:00","inLanguage":"es-ES","mainEntityOfPage":{"@id":"https:\/\/www.eldigitaldeasturias.com\/noticias\/infraestructuras-terminara-este-verano-las-obras-de-la-as-313-que-une-grado-y-trubia\/#webpage"},"isPartOf":{"@id":"https:\/\/www.eldigitaldeasturias.com\/noticias\/infraestructuras-terminara-este-verano-las-obras-de-la-as-313-que-une-grado-y-trubia\/#webpage"},"articleSection":"Destacadas"},{"@type":"BreadcrumbList","@id":"https:\/\/www.eldigitaldeasturias.com\/noticias\/infraestructuras-terminara-este-verano-las-obras-de-la-as-313-que-une-grado-y-trubia\/#breadcrumblist","itemListElement":[{"@type":"ListItem","@id":"https:\/\/www.eldigitaldeasturias.com\/noticias#listItem","position":1,"name":"Home","item":"https:\/\/www.eldigitaldeasturias.com\/noticias","nextItem":{"@type":"ListItem","@id":"https:\/\/www.eldigitaldeasturias.com\/noticias\/category\/destacadas\/#listItem","name":"Destacadas"}},{"@type":"ListItem","@id":"https:\/\/www.eldigitaldeasturias.com\/noticias\/category\/destacadas\/#listItem","position":2,"name":"Destacadas","item":"https:\/\/www.eldigitaldeasturias.com\/noticias\/category\/destacadas\/","nextItem":{"@type":"ListItem","@id":"https:\/\/www.eldigitaldeasturias.com\/noticias\/infraestructuras-terminara-este-verano-las-obras-de-la-as-313-que-une-grado-y-trubia\/#listItem","name":"Infraestructuras terminar\u00e1 este verano las obras de la AS-313, que une Grado y Trubia"},"previousItem":{"@type":"ListItem","@id":"https:\/\/www.eldigitaldeasturias.com\/noticias#listItem","name":"Home"}},{"@type":"ListItem","@id":"https:\/\/www.eldigitaldeasturias.com\/noticias\/infraestructuras-terminara-este-verano-las-obras-de-la-as-313-que-une-grado-y-trubia\/#listItem","position":3,"name":"Infraestructuras terminar\u00e1 este verano las obras de la AS-313, que une Grado y Trubia","previousItem":{"@type":"ListItem","@id":"https:\/\/www.eldigitaldeasturias.com\/noticias\/category\/destacadas\/#listItem","name":"Destacadas"}}]},{"@type":"Organization","@id":"https:\/\/www.eldigitaldeasturias.com\/noticias\/#organization","name":"El Digital de Asturias","description":"Hemeroteca","url":"https:\/\/www.eldigitaldeasturias.com\/noticias\/","email":"info@eldigitaldeasturias.com","telephone":"+34652131393","logo":{"@type":"ImageObject","url":"https:\/\/www.eldigitaldeasturias.com\/noticias\/wp-content\/uploads\/2020\/12\/EDA.jpg","@id":"https:\/\/www.eldigitaldeasturias.com\/noticias\/infraestructuras-terminara-este-verano-las-obras-de-la-as-313-que-une-grado-y-trubia\/#organizationLogo","width":649,"height":297},"image":{"@id":"https:\/\/www.eldigitaldeasturias.com\/noticias\/infraestructuras-terminara-este-verano-las-obras-de-la-as-313-que-une-grado-y-trubia\/#organizationLogo"},"sameAs":["https:\/\/facebook.com\/eldigitaldeasturias","https:\/\/www.youtube.com\/channel\/UCZP-2wLEB9Rv6erhFmqVnvg"],"address":{"@id":"https:\/\/www.eldigitaldeasturias.com\/noticias\/#postaladdress","@type":"PostalAddress","streetAddress":"san antonio 4,","postalCode":"33430","addressLocality":"Cand\u00e1s","addressRegion":"Asturias","addressCountry":"ES"}},{"@type":"Person","@id":"https:\/\/www.eldigitaldeasturias.com\/noticias\/author\/admin\/#author","url":"https:\/\/www.eldigitaldeasturias.com\/noticias\/author\/admin\/","name":"El Digital de Asturias","image":{"@type":"ImageObject","@id":"https:\/\/www.eldigitaldeasturias.com\/noticias\/infraestructuras-terminara-este-verano-las-obras-de-la-as-313-que-une-grado-y-trubia\/#authorImage","url":"https:\/\/www.eldigitaldeasturias.com\/noticias\/wp-content\/litespeed\/avatar\/18677e78aa0546b92d9dbf31ec7d7668.jpg?ver=1777290358","width":96,"height":96,"caption":"El Digital de Asturias"}},{"@type":"WebPage","@id":"https:\/\/www.eldigitaldeasturias.com\/noticias\/infraestructuras-terminara-este-verano-las-obras-de-la-as-313-que-une-grado-y-trubia\/#webpage","url":"https:\/\/www.eldigitaldeasturias.com\/noticias\/infraestructuras-terminara-este-verano-las-obras-de-la-as-313-que-une-grado-y-trubia\/","name":"Infraestructuras terminar\u00e1 este verano las obras de la AS-313, que une Grado y Trubia - El Digital de Asturias","description":"La consejera de Infraestructuras, Ordenaci\u00f3n del Territorio y Medio Ambiente, Bel\u00e9n Fern\u00e1ndez, ha anunciado hoy que las obras que se est\u00e1n realizando en la carretera AS-313, entre las localidades de Grado y Trubia, estar\u00e1n concluidas antes de finalizar el verano. La consejer\u00eda ha invertido en ellas cerca de siete millones de euros, de los que","inLanguage":"es-ES","isPartOf":{"@id":"https:\/\/www.eldigitaldeasturias.com\/noticias\/#website"},"breadcrumb":{"@id":"https:\/\/www.eldigitaldeasturias.com\/noticias\/infraestructuras-terminara-este-verano-las-obras-de-la-as-313-que-une-grado-y-trubia\/#breadcrumblist"},"author":{"@id":"https:\/\/www.eldigitaldeasturias.com\/noticias\/author\/admin\/#author"},"creator":{"@id":"https:\/\/www.eldigitaldeasturias.com\/noticias\/author\/admin\/#author"},"image":{"@type":"ImageObject","url":"https:\/\/www.eldigitaldeasturias.com\/noticias\/wp-content\/uploads\/2017\/02\/AS-313.jpg","@id":"https:\/\/www.eldigitaldeasturias.com\/noticias\/infraestructuras-terminara-este-verano-las-obras-de-la-as-313-que-une-grado-y-trubia\/#mainImage","width":1280,"height":768},"primaryImageOfPage":{"@id":"https:\/\/www.eldigitaldeasturias.com\/noticias\/infraestructuras-terminara-este-verano-las-obras-de-la-as-313-que-une-grado-y-trubia\/#mainImage"},"datePublished":"2017-02-10T22:44:36+01:00","dateModified":"2017-02-10T22:44:36+01:00"},{"@type":"WebSite","@id":"https:\/\/www.eldigitaldeasturias.com\/noticias\/#website","url":"https:\/\/www.eldigitaldeasturias.com\/noticias\/","name":"El Digital de Asturias - Diario de actualidad y noticias","alternateName":"El Digital de Asturias - Diario de actualidad y noticias","description":"Hemeroteca","inLanguage":"es-ES","publisher":{"@id":"https:\/\/www.eldigitaldeasturias.com\/noticias\/#organization"}}]},"og:locale":"es_ES","og:site_name":"El Digital de Asturias","og:type":"article","og:title":"Infraestructuras terminar\u00e1 este verano las obras de la AS-313, que une Grado y Trubia - El Digital de Asturias","og:description":"La consejera de Infraestructuras, Ordenaci\u00f3n del Territorio y Medio Ambiente, Bel\u00e9n Fern\u00e1ndez, ha anunciado hoy que las obras que se est\u00e1n realizando en la carretera AS-313, entre las localidades de Grado y Trubia, estar\u00e1n concluidas antes de finalizar el verano. La consejer\u00eda ha invertido en ellas cerca de siete millones de euros, de los que","og:url":"https:\/\/www.eldigitaldeasturias.com\/noticias\/infraestructuras-terminara-este-verano-las-obras-de-la-as-313-que-une-grado-y-trubia\/","og:image":"https:\/\/www.eldigitaldeasturias.com\/noticias\/wp-content\/uploads\/2017\/02\/AS-313.jpg","og:image:secure_url":"https:\/\/www.eldigitaldeasturias.com\/noticias\/wp-content\/uploads\/2017\/02\/AS-313.jpg","og:image:width":1280,"og:image:height":768,"article:tag":["destacadas"],"article:published_time":"2017-02-10T22:44:36+00:00","article:modified_time":"2017-02-10T22:44:36+00:00","article:publisher":"https:\/\/facebook.com\/eldigitaldeasturias","twitter:card":"summary_large_image","twitter:title":"Infraestructuras terminar\u00e1 este verano las obras de la AS-313, que une Grado y Trubia - El Digital de Asturias","twitter:description":"La consejera de Infraestructuras, Ordenaci\u00f3n del Territorio y Medio Ambiente, Bel\u00e9n Fern\u00e1ndez, ha anunciado hoy que las obras que se est\u00e1n realizando en la carretera AS-313, entre las localidades de Grado y Trubia, estar\u00e1n concluidas antes de finalizar el verano. La consejer\u00eda ha invertido en ellas cerca de siete millones de euros, de los que","twitter:image":"https:\/\/www.eldigitaldeasturias.com\/noticias\/wp-content\/uploads\/2017\/02\/AS-313.jpg","twitter:label1":"Escrito por","twitter:data1":"El Digital de Asturias","twitter:label2":"Tiempo de lectura estimado","twitter:data2":"2 minutos"},"aioseo_meta_data":{"post_id":"925633","title":null,"description":null,"keywords":null,"keyphrases":null,"primary_term":null,"canonical_url":null,"og_title":null,"og_description":null,"og_object_type":"default","og_image_type":"default","og_image_url":null,"og_image_width":null,"og_image_height":null,"og_image_custom_url":null,"og_image_custom_fields":null,"og_video":null,"og_custom_url":null,"og_article_section":null,"og_article_tags":null,"twitter_use_og":false,"twitter_card":"default","twitter_image_type":"default","twitter_image_url":null,"twitter_image_custom_url":null,"twitter_image_custom_fields":null,"twitter_title":null,"twitter_description":null,"schema":{"blockGraphs":[],"customGraphs":[],"default":{"data":{"Article":[],"Course":[],"Dataset":[],"FAQPage":[],"Movie":[],"Person":[],"Product":[],"ProductReview":[],"Car":[],"Recipe":[],"Service":[],"SoftwareApplication":[],"WebPage":[]},"graphName":"","isEnabled":true},"graphs":[],"defaultGraph":"","defaultPostTypeGraph":""},"schema_type":null,"schema_type_options":null,"pillar_content":false,"robots_default":true,"robots_noindex":false,"robots_noarchive":false,"robots_nosnippet":false,"robots_nofollow":false,"robots_noimageindex":false,"robots_noodp":false,"robots_notranslate":false,"robots_max_snippet":null,"robots_max_videopreview":null,"robots_max_imagepreview":"large","priority":null,"frequency":null,"local_seo":null,"seo_analyzer_scan_date":"2025-12-03 04:19:12","breadcrumb_settings":null,"limit_modified_date":false,"open_ai":null,"ai":null,"created":"2020-12-21 13:39:47","updated":"2025-12-03 04:19:12"},"aioseo_breadcrumb":"<div class=\"aioseo-breadcrumbs\"><span class=\"aioseo-breadcrumb\">\n\t<a href=\"https:\/\/www.eldigitaldeasturias.com\/noticias\" title=\"Home\">Home<\/a>\n<\/span><span class=\"aioseo-breadcrumb-separator\">\u2013<\/span><span class=\"aioseo-breadcrumb\">\n\t<a href=\"https:\/\/www.eldigitaldeasturias.com\/noticias\/category\/destacadas\/\" title=\"Destacadas\">Destacadas<\/a>\n<\/span><span class=\"aioseo-breadcrumb-separator\">\u2013<\/span><span class=\"aioseo-breadcrumb\">\n\t<a href=\"https:\/\/www.eldigitaldeasturias.com\/noticias\/infraestructuras-terminara-este-verano-las-obras-de-la-as-313-que-une-grado-y-trubia\/\" title=\"Infraestructuras terminar\u00e1 este verano las obras de la AS-313, que une Grado y Trubia\">Infraestructuras terminar\u00e1 este verano las obras de la AS-313, que une Grado y Trubia<\/a>\n<\/span><\/div>","aioseo_breadcrumb_json":[{"label":"Home","link":"https:\/\/www.eldigitaldeasturias.com\/noticias"},{"label":"Destacadas","link":"https:\/\/www.eldigitaldeasturias.com\/noticias\/category\/destacadas\/"},{"label":"Infraestructuras terminar\u00e1 este verano las obras de la AS-313, que une Grado y Trubia","link":"https:\/\/www.eldigitaldeasturias.com\/noticias\/infraestructuras-terminara-este-verano-las-obras-de-la-as-313-que-une-grado-y-trubia\/"}],"_links":{"self":[{"href":"https:\/\/www.eldigitaldeasturias.com\/noticias\/wp-json\/wp\/v2\/posts\/925633","targetHints":{"allow":["GET"]}}],"collection":[{"href":"https:\/\/www.eldigitaldeasturias.com\/noticias\/wp-json\/wp\/v2\/posts"}],"about":[{"href":"https:\/\/www.eldigitaldeasturias.com\/noticias\/wp-json\/wp\/v2\/types\/post"}],"author":[{"embeddable":true,"href":"https:\/\/www.eldigitaldeasturias.com\/noticias\/wp-json\/wp\/v2\/users\/1"}],"replies":[{"embeddable":true,"href":"https:\/\/www.eldigitaldeasturias.com\/noticias\/wp-json\/wp\/v2\/comments?post=925633"}],"version-history":[{"count":0,"href":"https:\/\/www.eldigitaldeasturias.com\/noticias\/wp-json\/wp\/v2\/posts\/925633\/revisions"}],"wp:featuredmedia":[{"embeddable":true,"href":"https:\/\/www.eldigitaldeasturias.com\/noticias\/wp-json\/wp\/v2\/media\/925634"}],"wp:attachment":[{"href":"https:\/\/www.eldigitaldeasturias.com\/noticias\/wp-json\/wp\/v2\/media?parent=925633"}],"wp:term":[{"taxonomy":"category","embeddable":true,"href":"https:\/\/www.eldigitaldeasturias.com\/noticias\/wp-json\/wp\/v2\/categories?post=925633"},{"taxonomy":"post_tag","embeddable":true,"href":"https:\/\/www.eldigitaldeasturias.com\/noticias\/wp-json\/wp\/v2\/tags?post=925633"}],"curies":[{"name":"wp","href":"https:\/\/api.w.org\/{rel}","templated":true}]}}