{"id":925479,"date":"2017-02-10T15:06:56","date_gmt":"2017-02-10T15:06:56","guid":{"rendered":"http:\/\/www.eldigitaldeasturias.com\/noticias\/?p=925479"},"modified":"2017-02-10T15:06:56","modified_gmt":"2017-02-10T15:06:56","slug":"angela-vallina-asturias-ha-sido-victima-una-desindustrializacion-masiva","status":"publish","type":"post","link":"https:\/\/www.eldigitaldeasturias.com\/noticias\/angela-vallina-asturias-ha-sido-victima-una-desindustrializacion-masiva\/","title":{"rendered":"\u00c1ngela Vallina: \u201cAsturias ha sido v\u00edctima una desindustrializaci\u00f3n masiva\u201d"},"content":{"rendered":"<p><img loading=\"lazy\" decoding=\"async\" class=\"alignleft size-medium wp-image-925480\" src=\"https:\/\/www.eldigitaldeasturias.com\/noticias\/wp-content\/uploads\/2017\/02\/vallina_Realpe_1-360x270.jpg\" alt=\"\" width=\"360\" height=\"270\" srcset=\"https:\/\/www.eldigitaldeasturias.com\/noticias\/wp-content\/uploads\/2017\/02\/vallina_Realpe_1-360x270.jpg 360w, https:\/\/www.eldigitaldeasturias.com\/noticias\/wp-content\/uploads\/2017\/02\/vallina_Realpe_1-768x576.jpg 768w, https:\/\/www.eldigitaldeasturias.com\/noticias\/wp-content\/uploads\/2017\/02\/vallina_Realpe_1-650x488.jpg 650w, https:\/\/www.eldigitaldeasturias.com\/noticias\/wp-content\/uploads\/2017\/02\/vallina_Realpe_1-125x95.jpg 125w, https:\/\/www.eldigitaldeasturias.com\/noticias\/wp-content\/uploads\/2017\/02\/vallina_Realpe_1-100x75.jpg 100w, https:\/\/www.eldigitaldeasturias.com\/noticias\/wp-content\/uploads\/2017\/02\/vallina_Realpe_1.jpg 1280w\" sizes=\"auto, (max-width: 360px) 100vw, 360px\" \/>La eurodiputada de Izquierda Unida \u00c1ngela Vallina reivindic\u00f3 el papel y la importancia que tienen los ayuntamientos para presentarse como alternativa a las pol\u00edticas de recortes de derechos sociales, laborales y econ\u00f3micos de la Uni\u00f3n Europea. Durante las jornadas de la Red Europea de Representantes y Autoridades locales Progresistas (Realpe, por su siglas en franc\u00e9s) organizadas por el Grupo de la Izquierda Unitaria \/ Izquierda Verde N\u00f3rdica (GUE\/NGL) en Bruselas, la exalcaldesa del Concejo asturiano de Castrill\u00f3n ha resaltado que frente \u201cal modelo de avaricia\u201d de las instituciones comunitarias y sus pol\u00edticas econ\u00f3micas que est\u00e1n sembrando Europa de \u201cdesigualdad, pobreza y precariedad\u201d, son los ayuntamientos, las autoridades locales, las instituciones que tienen una mayor \u201ccapacidad para ofrecer soluciones\u201d de forma \u201c\u00e1gil\u201d a los problemas que provocan en la sociedad dichas pol\u00edticas comunitarias.<\/p>\n<p>\u201cHoy vemos c\u00f3mo en la Uni\u00f3n Europea se est\u00e1n produciendo cambios que, lejos de corregir las desigualdades, las est\u00e1n incrementando a gran escala y con rapidez. Los ricos tienen cada vez m\u00e1s poder, mientras que las clases populares est\u00e1n cada vez m\u00e1s esclavizadas y pierden el acceso a servicios y derechos b\u00e1sicos\u201d, apunt\u00f3.<\/p>\n<p>Un \u201cmodelo de avaricia\u201d que, como explic\u00f3 Vallina, aboca a una gran parte de la poblaci\u00f3n europea al \u201cdesempleo y la precariedad\u201d, as\u00ed como a la \u201cp\u00e9rdida de derechos sociales y laborales\u201d, fruto de la desindustrializaci\u00f3n, sobre todo en los pa\u00edses del Sur, y del traslado de la producci\u00f3n a pa\u00edses donde la explotaci\u00f3n de los trabajadores permite a las grandes empresas obtener mayores beneficios.<\/p>\n<p>Un ejemplo de este empobrecimiento es Asturias, \u201cque ha sido v\u00edctima durante los \u00faltimos 30 a\u00f1os de una desindustrializaci\u00f3n masiva, con la consiguiente reducci\u00f3n de actividad y empleo\u201d. En el caso de la miner\u00eda, se\u00f1al\u00f3, \u201cse ha pasado de 30.000 empleos directos a menos de 3.000\u201d y en el sector de la siderurgia, \u201cde 24.000 directos a 7.000\u201d. \u201cPor si esto fuera poco \u2013ha continuado- el 90% de los puestos de trabajo que se generan son de car\u00e1cter temporal\u201d.<\/p>\n<p>Sin embargo, \u201cAsturias no es un caso aislado\u201d, sino \u201cun ejemplo concreto de lo que est\u00e1 pasando en algunas zonas de Europa\u201d.<\/p>\n<p>Vallina pas\u00f3 as\u00ed a reclamar y reivindicar a importancia del municipalismo, \u201cporque tiene la potestad de solucionar en gran medida alguno de estos problemas\u201d. Desde su punto de vista \u201ces la instituci\u00f3n m\u00e1s cercana a la gente\u201d, y por lo tanto, \u201cla que m\u00e1s capacidad tiene para conocer de primera mano los problemas de las ciudadanas y ciudadanos y ofrecer soluciones\u201d. Asimismo, \u201cpor su tama\u00f1o, es tambi\u00e9n la instituci\u00f3n m\u00e1s \u00e1gil en la respuesta y la que m\u00e1s versatilidad aporta para sumar distintas fuerzas de la sociedad en la b\u00fasqueda de alternativas y pol\u00edticas innovadoras\u201d.<\/p>\n<p>La eurodiputada critic\u00f3 que a pesar de todo esto, los municipios se est\u00e1n viendo lastrados por la reforma de la Administraci\u00f3n Local impuesta por el Gobierno del Partido Popular en el Estado espa\u00f1ol, una ley que est\u00e1 \u201crecortando derechos fundamentales a los ciudadanos, asfixiando la capacidad de gesti\u00f3n de los equipos de gobierno local y limitando competencias de las autoridades locales\u201d. \u201cEs un ejemplo m\u00e1s entre otros muchos, que muestran c\u00f3mo las autoridades estatales o comunitarias pisan los derechos fundamentales de los ciudadanos, en beneficio de unos pocos\u201d, a\u00f1adi\u00f3.<\/p>\n<p>En su opini\u00f3n, cuanto m\u00e1s grande es la \u201cconcentraci\u00f3n de poder en las instituciones que est\u00e1n m\u00e1s lejos del ciudadano\u201d, mayores son las \u201cprebendas\u201d y m\u00e1s suculentas son las \u201cpuertas giratorias para algunos dirigentes pol\u00edticos\u201d. Un paso de responsables pol\u00edticos y cargos p\u00fablicos \u201chacia sectores privados previamente favorecidos por ellos en su trabajo institucional\u201d, que es \u201cuno de los grandes problemas y m\u00e1s escandalosos que tenemos hoy en Espa\u00f1a\u201d.<\/p>\n<p>\u201cFrente a este panorama desolador\u201d, Vallina ve la reuni\u00f3n anual de Realpe, que contin\u00faa este jueves, como un punto de encuentro clave para que \u201cdirigentes de izquierdas y representantes locales compartan experiencias, conocimiento e ideas, que desde el municipalismo est\u00e1n haciendo frente a estas pol\u00edticas\u201d, con \u201csoluciones alternativas e innovadoras, luchando contra el desempleo, la precariedad, la desindustrializaci\u00f3n y fomentando los derechos sociales\u201d.<\/p>\n<p>&nbsp;<\/p>\n","protected":false},"excerpt":{"rendered":"<p>La eurodiputada de Izquierda Unida \u00c1ngela Vallina reivindic\u00f3 el papel y la importancia que tienen los ayuntamientos para presentarse como alternativa a las pol\u00edticas de recortes de derechos sociales, laborales y econ\u00f3micos de la Uni\u00f3n Europea. Durante las jornadas de la Red Europea de Representantes y Autoridades locales Progresistas (Realpe, por su siglas en franc\u00e9s) [&hellip;]<\/p>\n","protected":false},"author":1,"featured_media":925480,"comment_status":"closed","ping_status":"closed","sticky":false,"template":"","format":"standard","meta":{"footnotes":""},"categories":[141],"tags":[],"class_list":["post-925479","post","type-post","status-publish","format-standard","has-post-thumbnail","hentry","category-destacadas"],"aioseo_notices":[],"aioseo_head":"\n\t\t<!-- All in One SEO Pro 4.9.6.2 - aioseo.com -->\n\t<meta name=\"description\" content=\"La eurodiputada de Izquierda Unida \u00c1ngela Vallina reivindic\u00f3 el papel y la importancia que tienen los ayuntamientos para presentarse como alternativa a las pol\u00edticas de recortes de derechos sociales, laborales y econ\u00f3micos de la Uni\u00f3n Europea. Durante las jornadas de la Red Europea de Representantes y Autoridades locales Progresistas (Realpe, por su siglas en franc\u00e9s)\" \/>\n\t<meta name=\"robots\" content=\"max-image-preview:large\" \/>\n\t<meta name=\"author\" content=\"El Digital de Asturias\"\/>\n\t<meta name=\"google-site-verification\" content=\"UA-38556648-1\" \/>\n\t<meta name=\"msvalidate.01\" content=\"7dfe9f3f1b24437ab69f4f2559babe99\" \/>\n\t<meta name=\"keywords\" content=\"destacadas\" \/>\n\t<link rel=\"canonical\" href=\"https:\/\/www.eldigitaldeasturias.com\/noticias\/angela-vallina-asturias-ha-sido-victima-una-desindustrializacion-masiva\/\" \/>\n\t<meta name=\"generator\" content=\"All in One SEO Pro (AIOSEO) 4.9.6.2\" \/>\n\t\t<meta property=\"og:locale\" content=\"es_ES\" \/>\n\t\t<meta property=\"og:site_name\" content=\"El Digital de Asturias\" \/>\n\t\t<meta property=\"og:type\" content=\"article\" \/>\n\t\t<meta property=\"og:title\" content=\"\u00c1ngela Vallina: \u201cAsturias ha sido v\u00edctima una desindustrializaci\u00f3n masiva\u201d - El Digital de Asturias\" \/>\n\t\t<meta property=\"og:description\" content=\"La eurodiputada de Izquierda Unida \u00c1ngela Vallina reivindic\u00f3 el papel y la importancia que tienen los ayuntamientos para presentarse como alternativa a las pol\u00edticas de recortes de derechos sociales, laborales y econ\u00f3micos de la Uni\u00f3n Europea. Durante las jornadas de la Red Europea de Representantes y Autoridades locales Progresistas (Realpe, por su siglas en franc\u00e9s)\" \/>\n\t\t<meta property=\"og:url\" content=\"https:\/\/www.eldigitaldeasturias.com\/noticias\/angela-vallina-asturias-ha-sido-victima-una-desindustrializacion-masiva\/\" \/>\n\t\t<meta property=\"og:image\" content=\"https:\/\/www.eldigitaldeasturias.com\/noticias\/wp-content\/uploads\/2017\/02\/vallina_Realpe_1.jpg\" \/>\n\t\t<meta property=\"og:image:secure_url\" content=\"https:\/\/www.eldigitaldeasturias.com\/noticias\/wp-content\/uploads\/2017\/02\/vallina_Realpe_1.jpg\" \/>\n\t\t<meta property=\"og:image:width\" content=\"1280\" \/>\n\t\t<meta property=\"og:image:height\" content=\"960\" \/>\n\t\t<meta property=\"article:tag\" content=\"destacadas\" \/>\n\t\t<meta property=\"article:published_time\" content=\"2017-02-10T15:06:56+00:00\" \/>\n\t\t<meta property=\"article:modified_time\" content=\"2017-02-10T15:06:56+00:00\" \/>\n\t\t<meta property=\"article:publisher\" content=\"https:\/\/facebook.com\/eldigitaldeasturias\" \/>\n\t\t<meta name=\"twitter:card\" content=\"summary_large_image\" \/>\n\t\t<meta name=\"twitter:title\" content=\"\u00c1ngela Vallina: \u201cAsturias ha sido v\u00edctima una desindustrializaci\u00f3n masiva\u201d - El Digital de Asturias\" \/>\n\t\t<meta name=\"twitter:description\" content=\"La eurodiputada de Izquierda Unida \u00c1ngela Vallina reivindic\u00f3 el papel y la importancia que tienen los ayuntamientos para presentarse como alternativa a las pol\u00edticas de recortes de derechos sociales, laborales y econ\u00f3micos de la Uni\u00f3n Europea. Durante las jornadas de la Red Europea de Representantes y Autoridades locales Progresistas (Realpe, por su siglas en franc\u00e9s)\" \/>\n\t\t<meta name=\"twitter:image\" content=\"https:\/\/www.eldigitaldeasturias.com\/noticias\/wp-content\/uploads\/2017\/02\/vallina_Realpe_1.jpg\" \/>\n\t\t<meta name=\"twitter:label1\" content=\"Escrito por\" \/>\n\t\t<meta name=\"twitter:data1\" content=\"El Digital de Asturias\" \/>\n\t\t<meta name=\"twitter:label2\" content=\"Tiempo de lectura estimado\" \/>\n\t\t<meta name=\"twitter:data2\" content=\"4 minutos\" \/>\n\t\t<script type=\"application\/ld+json\" class=\"aioseo-schema\">\n\t\t\t{\"@context\":\"https:\\\/\\\/schema.org\",\"@graph\":[{\"@type\":\"BlogPosting\",\"@id\":\"https:\\\/\\\/www.eldigitaldeasturias.com\\\/noticias\\\/angela-vallina-asturias-ha-sido-victima-una-desindustrializacion-masiva\\\/#blogposting\",\"name\":\"\\u00c1ngela Vallina: \\u201cAsturias ha sido v\\u00edctima una desindustrializaci\\u00f3n masiva\\u201d - El Digital de Asturias\",\"headline\":\"\\u00c1ngela Vallina: \\u201cAsturias ha sido v\\u00edctima una desindustrializaci\\u00f3n masiva\\u201d\",\"author\":{\"@id\":\"https:\\\/\\\/www.eldigitaldeasturias.com\\\/noticias\\\/author\\\/admin\\\/#author\"},\"publisher\":{\"@id\":\"https:\\\/\\\/www.eldigitaldeasturias.com\\\/noticias\\\/#organization\"},\"image\":{\"@type\":\"ImageObject\",\"url\":\"https:\\\/\\\/www.eldigitaldeasturias.com\\\/noticias\\\/wp-content\\\/uploads\\\/2017\\\/02\\\/vallina_Realpe_1.jpg\",\"width\":1280,\"height\":960},\"datePublished\":\"2017-02-10T15:06:56+01:00\",\"dateModified\":\"2017-02-10T15:06:56+01:00\",\"inLanguage\":\"es-ES\",\"mainEntityOfPage\":{\"@id\":\"https:\\\/\\\/www.eldigitaldeasturias.com\\\/noticias\\\/angela-vallina-asturias-ha-sido-victima-una-desindustrializacion-masiva\\\/#webpage\"},\"isPartOf\":{\"@id\":\"https:\\\/\\\/www.eldigitaldeasturias.com\\\/noticias\\\/angela-vallina-asturias-ha-sido-victima-una-desindustrializacion-masiva\\\/#webpage\"},\"articleSection\":\"Destacadas\"},{\"@type\":\"BreadcrumbList\",\"@id\":\"https:\\\/\\\/www.eldigitaldeasturias.com\\\/noticias\\\/angela-vallina-asturias-ha-sido-victima-una-desindustrializacion-masiva\\\/#breadcrumblist\",\"itemListElement\":[{\"@type\":\"ListItem\",\"@id\":\"https:\\\/\\\/www.eldigitaldeasturias.com\\\/noticias#listItem\",\"position\":1,\"name\":\"Home\",\"item\":\"https:\\\/\\\/www.eldigitaldeasturias.com\\\/noticias\",\"nextItem\":{\"@type\":\"ListItem\",\"@id\":\"https:\\\/\\\/www.eldigitaldeasturias.com\\\/noticias\\\/category\\\/destacadas\\\/#listItem\",\"name\":\"Destacadas\"}},{\"@type\":\"ListItem\",\"@id\":\"https:\\\/\\\/www.eldigitaldeasturias.com\\\/noticias\\\/category\\\/destacadas\\\/#listItem\",\"position\":2,\"name\":\"Destacadas\",\"item\":\"https:\\\/\\\/www.eldigitaldeasturias.com\\\/noticias\\\/category\\\/destacadas\\\/\",\"nextItem\":{\"@type\":\"ListItem\",\"@id\":\"https:\\\/\\\/www.eldigitaldeasturias.com\\\/noticias\\\/angela-vallina-asturias-ha-sido-victima-una-desindustrializacion-masiva\\\/#listItem\",\"name\":\"\\u00c1ngela Vallina: \\u201cAsturias ha sido v\\u00edctima una desindustrializaci\\u00f3n masiva\\u201d\"},\"previousItem\":{\"@type\":\"ListItem\",\"@id\":\"https:\\\/\\\/www.eldigitaldeasturias.com\\\/noticias#listItem\",\"name\":\"Home\"}},{\"@type\":\"ListItem\",\"@id\":\"https:\\\/\\\/www.eldigitaldeasturias.com\\\/noticias\\\/angela-vallina-asturias-ha-sido-victima-una-desindustrializacion-masiva\\\/#listItem\",\"position\":3,\"name\":\"\\u00c1ngela Vallina: \\u201cAsturias ha sido v\\u00edctima una desindustrializaci\\u00f3n masiva\\u201d\",\"previousItem\":{\"@type\":\"ListItem\",\"@id\":\"https:\\\/\\\/www.eldigitaldeasturias.com\\\/noticias\\\/category\\\/destacadas\\\/#listItem\",\"name\":\"Destacadas\"}}]},{\"@type\":\"Organization\",\"@id\":\"https:\\\/\\\/www.eldigitaldeasturias.com\\\/noticias\\\/#organization\",\"name\":\"El Digital de Asturias\",\"description\":\"Hemeroteca\",\"url\":\"https:\\\/\\\/www.eldigitaldeasturias.com\\\/noticias\\\/\",\"email\":\"info@eldigitaldeasturias.com\",\"telephone\":\"+34652131393\",\"logo\":{\"@type\":\"ImageObject\",\"url\":\"https:\\\/\\\/www.eldigitaldeasturias.com\\\/noticias\\\/wp-content\\\/uploads\\\/2020\\\/12\\\/EDA.jpg\",\"@id\":\"https:\\\/\\\/www.eldigitaldeasturias.com\\\/noticias\\\/angela-vallina-asturias-ha-sido-victima-una-desindustrializacion-masiva\\\/#organizationLogo\",\"width\":649,\"height\":297},\"image\":{\"@id\":\"https:\\\/\\\/www.eldigitaldeasturias.com\\\/noticias\\\/angela-vallina-asturias-ha-sido-victima-una-desindustrializacion-masiva\\\/#organizationLogo\"},\"sameAs\":[\"https:\\\/\\\/facebook.com\\\/eldigitaldeasturias\",\"https:\\\/\\\/www.youtube.com\\\/channel\\\/UCZP-2wLEB9Rv6erhFmqVnvg\"],\"address\":{\"@id\":\"https:\\\/\\\/www.eldigitaldeasturias.com\\\/noticias\\\/#postaladdress\",\"@type\":\"PostalAddress\",\"streetAddress\":\"san antonio 4,\",\"postalCode\":\"33430\",\"addressLocality\":\"Cand\\u00e1s\",\"addressRegion\":\"Asturias\",\"addressCountry\":\"ES\"}},{\"@type\":\"Person\",\"@id\":\"https:\\\/\\\/www.eldigitaldeasturias.com\\\/noticias\\\/author\\\/admin\\\/#author\",\"url\":\"https:\\\/\\\/www.eldigitaldeasturias.com\\\/noticias\\\/author\\\/admin\\\/\",\"name\":\"El Digital de Asturias\",\"image\":{\"@type\":\"ImageObject\",\"@id\":\"https:\\\/\\\/www.eldigitaldeasturias.com\\\/noticias\\\/angela-vallina-asturias-ha-sido-victima-una-desindustrializacion-masiva\\\/#authorImage\",\"url\":\"https:\\\/\\\/www.eldigitaldeasturias.com\\\/noticias\\\/wp-content\\\/litespeed\\\/avatar\\\/18677e78aa0546b92d9dbf31ec7d7668.jpg?ver=1777290358\",\"width\":96,\"height\":96,\"caption\":\"El Digital de Asturias\"}},{\"@type\":\"WebPage\",\"@id\":\"https:\\\/\\\/www.eldigitaldeasturias.com\\\/noticias\\\/angela-vallina-asturias-ha-sido-victima-una-desindustrializacion-masiva\\\/#webpage\",\"url\":\"https:\\\/\\\/www.eldigitaldeasturias.com\\\/noticias\\\/angela-vallina-asturias-ha-sido-victima-una-desindustrializacion-masiva\\\/\",\"name\":\"\\u00c1ngela Vallina: \\u201cAsturias ha sido v\\u00edctima una desindustrializaci\\u00f3n masiva\\u201d - El Digital de Asturias\",\"description\":\"La eurodiputada de Izquierda Unida \\u00c1ngela Vallina reivindic\\u00f3 el papel y la importancia que tienen los ayuntamientos para presentarse como alternativa a las pol\\u00edticas de recortes de derechos sociales, laborales y econ\\u00f3micos de la Uni\\u00f3n Europea. Durante las jornadas de la Red Europea de Representantes y Autoridades locales Progresistas (Realpe, por su siglas en franc\\u00e9s)\",\"inLanguage\":\"es-ES\",\"isPartOf\":{\"@id\":\"https:\\\/\\\/www.eldigitaldeasturias.com\\\/noticias\\\/#website\"},\"breadcrumb\":{\"@id\":\"https:\\\/\\\/www.eldigitaldeasturias.com\\\/noticias\\\/angela-vallina-asturias-ha-sido-victima-una-desindustrializacion-masiva\\\/#breadcrumblist\"},\"author\":{\"@id\":\"https:\\\/\\\/www.eldigitaldeasturias.com\\\/noticias\\\/author\\\/admin\\\/#author\"},\"creator\":{\"@id\":\"https:\\\/\\\/www.eldigitaldeasturias.com\\\/noticias\\\/author\\\/admin\\\/#author\"},\"image\":{\"@type\":\"ImageObject\",\"url\":\"https:\\\/\\\/www.eldigitaldeasturias.com\\\/noticias\\\/wp-content\\\/uploads\\\/2017\\\/02\\\/vallina_Realpe_1.jpg\",\"@id\":\"https:\\\/\\\/www.eldigitaldeasturias.com\\\/noticias\\\/angela-vallina-asturias-ha-sido-victima-una-desindustrializacion-masiva\\\/#mainImage\",\"width\":1280,\"height\":960},\"primaryImageOfPage\":{\"@id\":\"https:\\\/\\\/www.eldigitaldeasturias.com\\\/noticias\\\/angela-vallina-asturias-ha-sido-victima-una-desindustrializacion-masiva\\\/#mainImage\"},\"datePublished\":\"2017-02-10T15:06:56+01:00\",\"dateModified\":\"2017-02-10T15:06:56+01:00\"},{\"@type\":\"WebSite\",\"@id\":\"https:\\\/\\\/www.eldigitaldeasturias.com\\\/noticias\\\/#website\",\"url\":\"https:\\\/\\\/www.eldigitaldeasturias.com\\\/noticias\\\/\",\"name\":\"El Digital de Asturias - Diario de actualidad y noticias\",\"alternateName\":\"El Digital de Asturias - Diario de actualidad y noticias\",\"description\":\"Hemeroteca\",\"inLanguage\":\"es-ES\",\"publisher\":{\"@id\":\"https:\\\/\\\/www.eldigitaldeasturias.com\\\/noticias\\\/#organization\"}}]}\n\t\t<\/script>\n\t\t<!-- All in One SEO Pro -->\r\n\t\t<title>\u00c1ngela Vallina: \u201cAsturias ha sido v\u00edctima una desindustrializaci\u00f3n masiva\u201d - El Digital de Asturias<\/title>\n\n","aioseo_head_json":{"title":"\u00c1ngela Vallina: \u201cAsturias ha sido v\u00edctima una desindustrializaci\u00f3n masiva\u201d - El Digital de Asturias","description":"La eurodiputada de Izquierda Unida \u00c1ngela Vallina reivindic\u00f3 el papel y la importancia que tienen los ayuntamientos para presentarse como alternativa a las pol\u00edticas de recortes de derechos sociales, laborales y econ\u00f3micos de la Uni\u00f3n Europea. Durante las jornadas de la Red Europea de Representantes y Autoridades locales Progresistas (Realpe, por su siglas en franc\u00e9s)","canonical_url":"https:\/\/www.eldigitaldeasturias.com\/noticias\/angela-vallina-asturias-ha-sido-victima-una-desindustrializacion-masiva\/","robots":"max-image-preview:large","keywords":"destacadas","webmasterTools":{"google-site-verification":"UA-38556648-1","msvalidate.01":"7dfe9f3f1b24437ab69f4f2559babe99","miscellaneous":""},"schema":{"@context":"https:\/\/schema.org","@graph":[{"@type":"BlogPosting","@id":"https:\/\/www.eldigitaldeasturias.com\/noticias\/angela-vallina-asturias-ha-sido-victima-una-desindustrializacion-masiva\/#blogposting","name":"\u00c1ngela Vallina: \u201cAsturias ha sido v\u00edctima una desindustrializaci\u00f3n masiva\u201d - El Digital de Asturias","headline":"\u00c1ngela Vallina: \u201cAsturias ha sido v\u00edctima una desindustrializaci\u00f3n masiva\u201d","author":{"@id":"https:\/\/www.eldigitaldeasturias.com\/noticias\/author\/admin\/#author"},"publisher":{"@id":"https:\/\/www.eldigitaldeasturias.com\/noticias\/#organization"},"image":{"@type":"ImageObject","url":"https:\/\/www.eldigitaldeasturias.com\/noticias\/wp-content\/uploads\/2017\/02\/vallina_Realpe_1.jpg","width":1280,"height":960},"datePublished":"2017-02-10T15:06:56+01:00","dateModified":"2017-02-10T15:06:56+01:00","inLanguage":"es-ES","mainEntityOfPage":{"@id":"https:\/\/www.eldigitaldeasturias.com\/noticias\/angela-vallina-asturias-ha-sido-victima-una-desindustrializacion-masiva\/#webpage"},"isPartOf":{"@id":"https:\/\/www.eldigitaldeasturias.com\/noticias\/angela-vallina-asturias-ha-sido-victima-una-desindustrializacion-masiva\/#webpage"},"articleSection":"Destacadas"},{"@type":"BreadcrumbList","@id":"https:\/\/www.eldigitaldeasturias.com\/noticias\/angela-vallina-asturias-ha-sido-victima-una-desindustrializacion-masiva\/#breadcrumblist","itemListElement":[{"@type":"ListItem","@id":"https:\/\/www.eldigitaldeasturias.com\/noticias#listItem","position":1,"name":"Home","item":"https:\/\/www.eldigitaldeasturias.com\/noticias","nextItem":{"@type":"ListItem","@id":"https:\/\/www.eldigitaldeasturias.com\/noticias\/category\/destacadas\/#listItem","name":"Destacadas"}},{"@type":"ListItem","@id":"https:\/\/www.eldigitaldeasturias.com\/noticias\/category\/destacadas\/#listItem","position":2,"name":"Destacadas","item":"https:\/\/www.eldigitaldeasturias.com\/noticias\/category\/destacadas\/","nextItem":{"@type":"ListItem","@id":"https:\/\/www.eldigitaldeasturias.com\/noticias\/angela-vallina-asturias-ha-sido-victima-una-desindustrializacion-masiva\/#listItem","name":"\u00c1ngela Vallina: \u201cAsturias ha sido v\u00edctima una desindustrializaci\u00f3n masiva\u201d"},"previousItem":{"@type":"ListItem","@id":"https:\/\/www.eldigitaldeasturias.com\/noticias#listItem","name":"Home"}},{"@type":"ListItem","@id":"https:\/\/www.eldigitaldeasturias.com\/noticias\/angela-vallina-asturias-ha-sido-victima-una-desindustrializacion-masiva\/#listItem","position":3,"name":"\u00c1ngela Vallina: \u201cAsturias ha sido v\u00edctima una desindustrializaci\u00f3n masiva\u201d","previousItem":{"@type":"ListItem","@id":"https:\/\/www.eldigitaldeasturias.com\/noticias\/category\/destacadas\/#listItem","name":"Destacadas"}}]},{"@type":"Organization","@id":"https:\/\/www.eldigitaldeasturias.com\/noticias\/#organization","name":"El Digital de Asturias","description":"Hemeroteca","url":"https:\/\/www.eldigitaldeasturias.com\/noticias\/","email":"info@eldigitaldeasturias.com","telephone":"+34652131393","logo":{"@type":"ImageObject","url":"https:\/\/www.eldigitaldeasturias.com\/noticias\/wp-content\/uploads\/2020\/12\/EDA.jpg","@id":"https:\/\/www.eldigitaldeasturias.com\/noticias\/angela-vallina-asturias-ha-sido-victima-una-desindustrializacion-masiva\/#organizationLogo","width":649,"height":297},"image":{"@id":"https:\/\/www.eldigitaldeasturias.com\/noticias\/angela-vallina-asturias-ha-sido-victima-una-desindustrializacion-masiva\/#organizationLogo"},"sameAs":["https:\/\/facebook.com\/eldigitaldeasturias","https:\/\/www.youtube.com\/channel\/UCZP-2wLEB9Rv6erhFmqVnvg"],"address":{"@id":"https:\/\/www.eldigitaldeasturias.com\/noticias\/#postaladdress","@type":"PostalAddress","streetAddress":"san antonio 4,","postalCode":"33430","addressLocality":"Cand\u00e1s","addressRegion":"Asturias","addressCountry":"ES"}},{"@type":"Person","@id":"https:\/\/www.eldigitaldeasturias.com\/noticias\/author\/admin\/#author","url":"https:\/\/www.eldigitaldeasturias.com\/noticias\/author\/admin\/","name":"El Digital de Asturias","image":{"@type":"ImageObject","@id":"https:\/\/www.eldigitaldeasturias.com\/noticias\/angela-vallina-asturias-ha-sido-victima-una-desindustrializacion-masiva\/#authorImage","url":"https:\/\/www.eldigitaldeasturias.com\/noticias\/wp-content\/litespeed\/avatar\/18677e78aa0546b92d9dbf31ec7d7668.jpg?ver=1777290358","width":96,"height":96,"caption":"El Digital de Asturias"}},{"@type":"WebPage","@id":"https:\/\/www.eldigitaldeasturias.com\/noticias\/angela-vallina-asturias-ha-sido-victima-una-desindustrializacion-masiva\/#webpage","url":"https:\/\/www.eldigitaldeasturias.com\/noticias\/angela-vallina-asturias-ha-sido-victima-una-desindustrializacion-masiva\/","name":"\u00c1ngela Vallina: \u201cAsturias ha sido v\u00edctima una desindustrializaci\u00f3n masiva\u201d - El Digital de Asturias","description":"La eurodiputada de Izquierda Unida \u00c1ngela Vallina reivindic\u00f3 el papel y la importancia que tienen los ayuntamientos para presentarse como alternativa a las pol\u00edticas de recortes de derechos sociales, laborales y econ\u00f3micos de la Uni\u00f3n Europea. Durante las jornadas de la Red Europea de Representantes y Autoridades locales Progresistas (Realpe, por su siglas en franc\u00e9s)","inLanguage":"es-ES","isPartOf":{"@id":"https:\/\/www.eldigitaldeasturias.com\/noticias\/#website"},"breadcrumb":{"@id":"https:\/\/www.eldigitaldeasturias.com\/noticias\/angela-vallina-asturias-ha-sido-victima-una-desindustrializacion-masiva\/#breadcrumblist"},"author":{"@id":"https:\/\/www.eldigitaldeasturias.com\/noticias\/author\/admin\/#author"},"creator":{"@id":"https:\/\/www.eldigitaldeasturias.com\/noticias\/author\/admin\/#author"},"image":{"@type":"ImageObject","url":"https:\/\/www.eldigitaldeasturias.com\/noticias\/wp-content\/uploads\/2017\/02\/vallina_Realpe_1.jpg","@id":"https:\/\/www.eldigitaldeasturias.com\/noticias\/angela-vallina-asturias-ha-sido-victima-una-desindustrializacion-masiva\/#mainImage","width":1280,"height":960},"primaryImageOfPage":{"@id":"https:\/\/www.eldigitaldeasturias.com\/noticias\/angela-vallina-asturias-ha-sido-victima-una-desindustrializacion-masiva\/#mainImage"},"datePublished":"2017-02-10T15:06:56+01:00","dateModified":"2017-02-10T15:06:56+01:00"},{"@type":"WebSite","@id":"https:\/\/www.eldigitaldeasturias.com\/noticias\/#website","url":"https:\/\/www.eldigitaldeasturias.com\/noticias\/","name":"El Digital de Asturias - Diario de actualidad y noticias","alternateName":"El Digital de Asturias - Diario de actualidad y noticias","description":"Hemeroteca","inLanguage":"es-ES","publisher":{"@id":"https:\/\/www.eldigitaldeasturias.com\/noticias\/#organization"}}]},"og:locale":"es_ES","og:site_name":"El Digital de Asturias","og:type":"article","og:title":"\u00c1ngela Vallina: \u201cAsturias ha sido v\u00edctima una desindustrializaci\u00f3n masiva\u201d - El Digital de Asturias","og:description":"La eurodiputada de Izquierda Unida \u00c1ngela Vallina reivindic\u00f3 el papel y la importancia que tienen los ayuntamientos para presentarse como alternativa a las pol\u00edticas de recortes de derechos sociales, laborales y econ\u00f3micos de la Uni\u00f3n Europea. Durante las jornadas de la Red Europea de Representantes y Autoridades locales Progresistas (Realpe, por su siglas en franc\u00e9s)","og:url":"https:\/\/www.eldigitaldeasturias.com\/noticias\/angela-vallina-asturias-ha-sido-victima-una-desindustrializacion-masiva\/","og:image":"https:\/\/www.eldigitaldeasturias.com\/noticias\/wp-content\/uploads\/2017\/02\/vallina_Realpe_1.jpg","og:image:secure_url":"https:\/\/www.eldigitaldeasturias.com\/noticias\/wp-content\/uploads\/2017\/02\/vallina_Realpe_1.jpg","og:image:width":1280,"og:image:height":960,"article:tag":["destacadas"],"article:published_time":"2017-02-10T15:06:56+00:00","article:modified_time":"2017-02-10T15:06:56+00:00","article:publisher":"https:\/\/facebook.com\/eldigitaldeasturias","twitter:card":"summary_large_image","twitter:title":"\u00c1ngela Vallina: \u201cAsturias ha sido v\u00edctima una desindustrializaci\u00f3n masiva\u201d - El Digital de Asturias","twitter:description":"La eurodiputada de Izquierda Unida \u00c1ngela Vallina reivindic\u00f3 el papel y la importancia que tienen los ayuntamientos para presentarse como alternativa a las pol\u00edticas de recortes de derechos sociales, laborales y econ\u00f3micos de la Uni\u00f3n Europea. Durante las jornadas de la Red Europea de Representantes y Autoridades locales Progresistas (Realpe, por su siglas en franc\u00e9s)","twitter:image":"https:\/\/www.eldigitaldeasturias.com\/noticias\/wp-content\/uploads\/2017\/02\/vallina_Realpe_1.jpg","twitter:label1":"Escrito por","twitter:data1":"El Digital de Asturias","twitter:label2":"Tiempo de lectura estimado","twitter:data2":"4 minutos"},"aioseo_meta_data":{"post_id":"925479","title":null,"description":null,"keywords":null,"keyphrases":null,"primary_term":null,"canonical_url":null,"og_title":null,"og_description":null,"og_object_type":"default","og_image_type":"default","og_image_url":null,"og_image_width":null,"og_image_height":null,"og_image_custom_url":null,"og_image_custom_fields":null,"og_video":null,"og_custom_url":null,"og_article_section":null,"og_article_tags":null,"twitter_use_og":false,"twitter_card":"default","twitter_image_type":"default","twitter_image_url":null,"twitter_image_custom_url":null,"twitter_image_custom_fields":null,"twitter_title":null,"twitter_description":null,"schema":{"blockGraphs":[],"customGraphs":[],"default":{"data":{"Article":[],"Course":[],"Dataset":[],"FAQPage":[],"Movie":[],"Person":[],"Product":[],"ProductReview":[],"Car":[],"Recipe":[],"Service":[],"SoftwareApplication":[],"WebPage":[]},"graphName":"","isEnabled":true},"graphs":[],"defaultGraph":"","defaultPostTypeGraph":""},"schema_type":null,"schema_type_options":null,"pillar_content":false,"robots_default":true,"robots_noindex":false,"robots_noarchive":false,"robots_nosnippet":false,"robots_nofollow":false,"robots_noimageindex":false,"robots_noodp":false,"robots_notranslate":false,"robots_max_snippet":null,"robots_max_videopreview":null,"robots_max_imagepreview":"large","priority":null,"frequency":null,"local_seo":null,"seo_analyzer_scan_date":"2025-12-03 03:47:11","breadcrumb_settings":null,"limit_modified_date":false,"open_ai":null,"ai":null,"created":"2020-12-21 13:39:54","updated":"2025-12-03 03:47:11"},"aioseo_breadcrumb":"<div class=\"aioseo-breadcrumbs\"><span class=\"aioseo-breadcrumb\">\n\t<a href=\"https:\/\/www.eldigitaldeasturias.com\/noticias\" title=\"Home\">Home<\/a>\n<\/span><span class=\"aioseo-breadcrumb-separator\">\u2013<\/span><span class=\"aioseo-breadcrumb\">\n\t<a href=\"https:\/\/www.eldigitaldeasturias.com\/noticias\/category\/destacadas\/\" title=\"Destacadas\">Destacadas<\/a>\n<\/span><span class=\"aioseo-breadcrumb-separator\">\u2013<\/span><span class=\"aioseo-breadcrumb\">\n\t<a href=\"https:\/\/www.eldigitaldeasturias.com\/noticias\/angela-vallina-asturias-ha-sido-victima-una-desindustrializacion-masiva\/\" title=\"\u00c1ngela Vallina: \u201cAsturias ha sido v\u00edctima una desindustrializaci\u00f3n masiva\u201d\">\u00c1ngela Vallina: \u201cAsturias ha sido v\u00edctima una desindustrializaci\u00f3n masiva\u201d<\/a>\n<\/span><\/div>","aioseo_breadcrumb_json":[{"label":"Home","link":"https:\/\/www.eldigitaldeasturias.com\/noticias"},{"label":"Destacadas","link":"https:\/\/www.eldigitaldeasturias.com\/noticias\/category\/destacadas\/"},{"label":"\u00c1ngela Vallina: \u201cAsturias ha sido v\u00edctima una desindustrializaci\u00f3n masiva\u201d","link":"https:\/\/www.eldigitaldeasturias.com\/noticias\/angela-vallina-asturias-ha-sido-victima-una-desindustrializacion-masiva\/"}],"_links":{"self":[{"href":"https:\/\/www.eldigitaldeasturias.com\/noticias\/wp-json\/wp\/v2\/posts\/925479","targetHints":{"allow":["GET"]}}],"collection":[{"href":"https:\/\/www.eldigitaldeasturias.com\/noticias\/wp-json\/wp\/v2\/posts"}],"about":[{"href":"https:\/\/www.eldigitaldeasturias.com\/noticias\/wp-json\/wp\/v2\/types\/post"}],"author":[{"embeddable":true,"href":"https:\/\/www.eldigitaldeasturias.com\/noticias\/wp-json\/wp\/v2\/users\/1"}],"replies":[{"embeddable":true,"href":"https:\/\/www.eldigitaldeasturias.com\/noticias\/wp-json\/wp\/v2\/comments?post=925479"}],"version-history":[{"count":0,"href":"https:\/\/www.eldigitaldeasturias.com\/noticias\/wp-json\/wp\/v2\/posts\/925479\/revisions"}],"wp:featuredmedia":[{"embeddable":true,"href":"https:\/\/www.eldigitaldeasturias.com\/noticias\/wp-json\/wp\/v2\/media\/925480"}],"wp:attachment":[{"href":"https:\/\/www.eldigitaldeasturias.com\/noticias\/wp-json\/wp\/v2\/media?parent=925479"}],"wp:term":[{"taxonomy":"category","embeddable":true,"href":"https:\/\/www.eldigitaldeasturias.com\/noticias\/wp-json\/wp\/v2\/categories?post=925479"},{"taxonomy":"post_tag","embeddable":true,"href":"https:\/\/www.eldigitaldeasturias.com\/noticias\/wp-json\/wp\/v2\/tags?post=925479"}],"curies":[{"name":"wp","href":"https:\/\/api.w.org\/{rel}","templated":true}]}}