{"id":925433,"date":"2017-02-09T21:33:25","date_gmt":"2017-02-09T21:33:25","guid":{"rendered":"http:\/\/www.eldigitaldeasturias.com\/noticias\/?p=925433"},"modified":"2017-02-09T21:33:25","modified_gmt":"2017-02-09T21:33:25","slug":"presentadas-las-actividades-del-carne-joven-del-principado-de-asturias","status":"publish","type":"post","link":"https:\/\/www.eldigitaldeasturias.com\/noticias\/presentadas-las-actividades-del-carne-joven-del-principado-de-asturias\/","title":{"rendered":"Presentadas las actividades del Carn\u00e9 Joven del Principado de Asturias"},"content":{"rendered":"<p>El Carn\u00e9 Joven del Principado de Asturias convocar\u00e1 este a\u00f1o, como actividades extraordinarias al margen de las oportunidades que brinda de forma permanente, cuatro premios y dos concursos dirigidos a titulares de esta tarjeta:<\/p>\n<ul>\n<li>Premio Carn\u00e9 Joven del Principado de Asturias de Fotograf\u00eda. Ser\u00e1n seleccionadas como ganadoras cuatro fotograf\u00edas de las que se presenten, cada una de las cuales recibir\u00e1 150 euros.<\/li>\n<li>Premio Carn\u00e9 Joven del Principado de Asturias de V\u00eddeo, en el que se elegir\u00e1n dos v\u00eddeos grabados con tel\u00e9fono m\u00f3vil, que recibir\u00e1n 250 euros cada uno.<\/li>\n<li>Premio Carn\u00e9 Joven del Principado de Asturias para Emprendedores Culturales, en el que un proyecto en ejecuci\u00f3n, emprendido en cualquiera de los \u00e1mbitos culturales, recibir\u00e1 mil euros.<\/li>\n<li>Premio Carn\u00e9 Joven del Principado de Asturias de Solidaridad, que reconocer\u00e1 una labor social llevada a cabo por titular del carn\u00e9, quien recibir\u00e1 800 euros.<\/li>\n<li>Concurso Viaje Fin de Curso 2017, en el que podr\u00e1n participar todos los centros universitarios de Asturias para ganar 3.000 euros que deber\u00e1n destinar a su viaje de fin de curso.<\/li>\n<li>Concurso Clubes Deportivos 2017, abierto a todos los clubes deportivos asturianos, sus secciones y equipos y destinado a apoyar econ\u00f3micamente dos proyectos con 2.500 euros cada uno.<\/li>\n<\/ul>\n<p>\u00c9stas son algunas de las acciones previstas por el Carn\u00e9 Joven del Principado para este a\u00f1o, que ha presentado hoy la directora general del Instituto Asturiano de la Mujer y Pol\u00edticas de Juventud, Almudena Cueto, junto con el director de Instituciones de Caixabank en Asturias, Iv\u00e1n Ardura. Su desarrollo ser\u00e1 complementario a la actividad habitual del programa en el Principado, que incluye el sorteo de entradas para conciertos y espect\u00e1culos, y la puesta en marcha de campa\u00f1as divulgativas de las empresas y entidades colaboradoras.<\/p>\n<p><img loading=\"lazy\" decoding=\"async\" class=\"size-large wp-image-925434 alignnone\" src=\"https:\/\/www.eldigitaldeasturias.com\/noticias\/wp-content\/uploads\/2017\/02\/Carne-joven-2017-650x366.jpg\" alt=\"\" width=\"650\" height=\"366\" srcset=\"https:\/\/www.eldigitaldeasturias.com\/noticias\/wp-content\/uploads\/2017\/02\/Carne-joven-2017-650x366.jpg 650w, https:\/\/www.eldigitaldeasturias.com\/noticias\/wp-content\/uploads\/2017\/02\/Carne-joven-2017-360x203.jpg 360w, https:\/\/www.eldigitaldeasturias.com\/noticias\/wp-content\/uploads\/2017\/02\/Carne-joven-2017-768x433.jpg 768w, https:\/\/www.eldigitaldeasturias.com\/noticias\/wp-content\/uploads\/2017\/02\/Carne-joven-2017.jpg 1280w\" sizes=\"auto, (max-width: 650px) 100vw, 650px\" \/><\/p>\n<p>Este programa, en el que participan actualmente 35 pa\u00edses europeos y cuyo objetivo prioritario es favorecer y facilitar la movilidad de la juventud en el continente, permite a sus titulares conseguir descuentos y ventajas especiales en la compra de numerosos productos o servicios. En Asturias, casi 600 empresas colaboran con este programa y entre las que se han incorporado m\u00e1s recientemente se encuentran el Festival Internacional de Cine de Gij\u00f3n, el Ayuntamiento de Langreo, Las Caldas Villa Termal, el Spa-Centro Hidroterapia Felechosa, La Casa del Lobo, Paidesport Center (ParqueAstur), Ode\u00f3n Multicines (ParqueAstur), Halc\u00f3n Viajes y Viajes Ecuador.<\/p>\n<p>Entre los descuentos que se pueden obtener con el uso de esta tarjeta est\u00e1n las instalaciones deportivas del Principado; los cines Yelmo-Cineplex de Oviedo y Gij\u00f3n, Ode\u00f3n Multicines de ParqueAstur y Cinesa de INTU Asturias; los circuitos culturales y art\u00edsticos (centros de arte, museos\u2026); el Acuario de Gij\u00f3n; RENFE, FEVE y Alsa; los supermercados Masymas; actividades de turismo, y alojamientos, cl\u00ednicas dentales, gimnasios, academias, autoescuelas, librer\u00edas, etc.<\/p>\n<p>Debido a que el Carn\u00e9 Joven es un programa europeo que funciona en r\u00e9gimen de reciprocidad, su uso es v\u00e1lido en los 35 pa\u00edses en que esta implantado y permite acogerse a los descuentos que existan en cada uno de ellos.<\/p>\n","protected":false},"excerpt":{"rendered":"<p>El Carn\u00e9 Joven del Principado de Asturias convocar\u00e1 este a\u00f1o, como actividades extraordinarias al margen de las oportunidades que brinda de forma permanente, cuatro premios y dos concursos dirigidos a titulares de esta tarjeta: Premio Carn\u00e9 Joven del Principado de Asturias de Fotograf\u00eda. Ser\u00e1n seleccionadas como ganadoras cuatro fotograf\u00edas de las que se presenten, cada [&hellip;]<\/p>\n","protected":false},"author":1,"featured_media":925434,"comment_status":"closed","ping_status":"closed","sticky":false,"template":"","format":"standard","meta":{"footnotes":""},"categories":[141],"tags":[],"class_list":["post-925433","post","type-post","status-publish","format-standard","has-post-thumbnail","hentry","category-destacadas"],"aioseo_notices":[],"aioseo_head":"\n\t\t<!-- All in One SEO Pro 4.9.6.2 - aioseo.com -->\n\t<meta name=\"description\" content=\"El Carn\u00e9 Joven del Principado de Asturias convocar\u00e1 este a\u00f1o, como actividades extraordinarias al margen de las oportunidades que brinda de forma permanente, cuatro premios y dos concursos dirigidos a titulares de esta tarjeta: Premio Carn\u00e9 Joven del Principado de Asturias de Fotograf\u00eda. Ser\u00e1n seleccionadas como ganadoras cuatro fotograf\u00edas de las que se presenten, cada\" \/>\n\t<meta name=\"robots\" content=\"max-image-preview:large\" \/>\n\t<meta name=\"author\" content=\"El Digital de Asturias\"\/>\n\t<meta name=\"google-site-verification\" content=\"UA-38556648-1\" \/>\n\t<meta name=\"msvalidate.01\" content=\"7dfe9f3f1b24437ab69f4f2559babe99\" \/>\n\t<meta name=\"keywords\" content=\"destacadas\" \/>\n\t<link rel=\"canonical\" href=\"https:\/\/www.eldigitaldeasturias.com\/noticias\/presentadas-las-actividades-del-carne-joven-del-principado-de-asturias\/\" \/>\n\t<meta name=\"generator\" content=\"All in One SEO Pro (AIOSEO) 4.9.6.2\" \/>\n\t\t<meta property=\"og:locale\" content=\"es_ES\" \/>\n\t\t<meta property=\"og:site_name\" content=\"El Digital de Asturias\" \/>\n\t\t<meta property=\"og:type\" content=\"article\" \/>\n\t\t<meta property=\"og:title\" content=\"Presentadas las actividades del Carn\u00e9 Joven del Principado de Asturias - El Digital de Asturias\" \/>\n\t\t<meta property=\"og:description\" content=\"El Carn\u00e9 Joven del Principado de Asturias convocar\u00e1 este a\u00f1o, como actividades extraordinarias al margen de las oportunidades que brinda de forma permanente, cuatro premios y dos concursos dirigidos a titulares de esta tarjeta: Premio Carn\u00e9 Joven del Principado de Asturias de Fotograf\u00eda. Ser\u00e1n seleccionadas como ganadoras cuatro fotograf\u00edas de las que se presenten, cada\" \/>\n\t\t<meta property=\"og:url\" content=\"https:\/\/www.eldigitaldeasturias.com\/noticias\/presentadas-las-actividades-del-carne-joven-del-principado-de-asturias\/\" \/>\n\t\t<meta property=\"og:image\" content=\"https:\/\/www.eldigitaldeasturias.com\/noticias\/wp-content\/uploads\/2017\/02\/Carne-joven-2017.jpg\" \/>\n\t\t<meta property=\"og:image:secure_url\" content=\"https:\/\/www.eldigitaldeasturias.com\/noticias\/wp-content\/uploads\/2017\/02\/Carne-joven-2017.jpg\" \/>\n\t\t<meta property=\"og:image:width\" content=\"1280\" \/>\n\t\t<meta property=\"og:image:height\" content=\"721\" \/>\n\t\t<meta property=\"article:tag\" content=\"destacadas\" \/>\n\t\t<meta property=\"article:published_time\" content=\"2017-02-09T21:33:25+00:00\" \/>\n\t\t<meta property=\"article:modified_time\" content=\"2017-02-09T21:33:25+00:00\" \/>\n\t\t<meta property=\"article:publisher\" content=\"https:\/\/facebook.com\/eldigitaldeasturias\" \/>\n\t\t<meta name=\"twitter:card\" content=\"summary_large_image\" \/>\n\t\t<meta name=\"twitter:title\" content=\"Presentadas las actividades del Carn\u00e9 Joven del Principado de Asturias - El Digital de Asturias\" \/>\n\t\t<meta name=\"twitter:description\" content=\"El Carn\u00e9 Joven del Principado de Asturias convocar\u00e1 este a\u00f1o, como actividades extraordinarias al margen de las oportunidades que brinda de forma permanente, cuatro premios y dos concursos dirigidos a titulares de esta tarjeta: Premio Carn\u00e9 Joven del Principado de Asturias de Fotograf\u00eda. Ser\u00e1n seleccionadas como ganadoras cuatro fotograf\u00edas de las que se presenten, cada\" \/>\n\t\t<meta name=\"twitter:image\" content=\"https:\/\/www.eldigitaldeasturias.com\/noticias\/wp-content\/uploads\/2017\/02\/Carne-joven-2017.jpg\" \/>\n\t\t<meta name=\"twitter:label1\" content=\"Escrito por\" \/>\n\t\t<meta name=\"twitter:data1\" content=\"El Digital de Asturias\" \/>\n\t\t<meta name=\"twitter:label2\" content=\"Tiempo de lectura estimado\" \/>\n\t\t<meta name=\"twitter:data2\" content=\"3 minutos\" \/>\n\t\t<script type=\"application\/ld+json\" class=\"aioseo-schema\">\n\t\t\t{\"@context\":\"https:\\\/\\\/schema.org\",\"@graph\":[{\"@type\":\"BlogPosting\",\"@id\":\"https:\\\/\\\/www.eldigitaldeasturias.com\\\/noticias\\\/presentadas-las-actividades-del-carne-joven-del-principado-de-asturias\\\/#blogposting\",\"name\":\"Presentadas las actividades del Carn\\u00e9 Joven del Principado de Asturias - El Digital de Asturias\",\"headline\":\"Presentadas las actividades del Carn\\u00e9 Joven del Principado de Asturias\",\"author\":{\"@id\":\"https:\\\/\\\/www.eldigitaldeasturias.com\\\/noticias\\\/author\\\/admin\\\/#author\"},\"publisher\":{\"@id\":\"https:\\\/\\\/www.eldigitaldeasturias.com\\\/noticias\\\/#organization\"},\"image\":{\"@type\":\"ImageObject\",\"url\":\"https:\\\/\\\/www.eldigitaldeasturias.com\\\/noticias\\\/wp-content\\\/uploads\\\/2017\\\/02\\\/Carne-joven-2017.jpg\",\"width\":1280,\"height\":721},\"datePublished\":\"2017-02-09T21:33:25+01:00\",\"dateModified\":\"2017-02-09T21:33:25+01:00\",\"inLanguage\":\"es-ES\",\"mainEntityOfPage\":{\"@id\":\"https:\\\/\\\/www.eldigitaldeasturias.com\\\/noticias\\\/presentadas-las-actividades-del-carne-joven-del-principado-de-asturias\\\/#webpage\"},\"isPartOf\":{\"@id\":\"https:\\\/\\\/www.eldigitaldeasturias.com\\\/noticias\\\/presentadas-las-actividades-del-carne-joven-del-principado-de-asturias\\\/#webpage\"},\"articleSection\":\"Destacadas\"},{\"@type\":\"BreadcrumbList\",\"@id\":\"https:\\\/\\\/www.eldigitaldeasturias.com\\\/noticias\\\/presentadas-las-actividades-del-carne-joven-del-principado-de-asturias\\\/#breadcrumblist\",\"itemListElement\":[{\"@type\":\"ListItem\",\"@id\":\"https:\\\/\\\/www.eldigitaldeasturias.com\\\/noticias#listItem\",\"position\":1,\"name\":\"Home\",\"item\":\"https:\\\/\\\/www.eldigitaldeasturias.com\\\/noticias\",\"nextItem\":{\"@type\":\"ListItem\",\"@id\":\"https:\\\/\\\/www.eldigitaldeasturias.com\\\/noticias\\\/category\\\/destacadas\\\/#listItem\",\"name\":\"Destacadas\"}},{\"@type\":\"ListItem\",\"@id\":\"https:\\\/\\\/www.eldigitaldeasturias.com\\\/noticias\\\/category\\\/destacadas\\\/#listItem\",\"position\":2,\"name\":\"Destacadas\",\"item\":\"https:\\\/\\\/www.eldigitaldeasturias.com\\\/noticias\\\/category\\\/destacadas\\\/\",\"nextItem\":{\"@type\":\"ListItem\",\"@id\":\"https:\\\/\\\/www.eldigitaldeasturias.com\\\/noticias\\\/presentadas-las-actividades-del-carne-joven-del-principado-de-asturias\\\/#listItem\",\"name\":\"Presentadas las actividades del Carn\\u00e9 Joven del Principado de Asturias\"},\"previousItem\":{\"@type\":\"ListItem\",\"@id\":\"https:\\\/\\\/www.eldigitaldeasturias.com\\\/noticias#listItem\",\"name\":\"Home\"}},{\"@type\":\"ListItem\",\"@id\":\"https:\\\/\\\/www.eldigitaldeasturias.com\\\/noticias\\\/presentadas-las-actividades-del-carne-joven-del-principado-de-asturias\\\/#listItem\",\"position\":3,\"name\":\"Presentadas las actividades del Carn\\u00e9 Joven del Principado de Asturias\",\"previousItem\":{\"@type\":\"ListItem\",\"@id\":\"https:\\\/\\\/www.eldigitaldeasturias.com\\\/noticias\\\/category\\\/destacadas\\\/#listItem\",\"name\":\"Destacadas\"}}]},{\"@type\":\"Organization\",\"@id\":\"https:\\\/\\\/www.eldigitaldeasturias.com\\\/noticias\\\/#organization\",\"name\":\"El Digital de Asturias\",\"description\":\"Hemeroteca\",\"url\":\"https:\\\/\\\/www.eldigitaldeasturias.com\\\/noticias\\\/\",\"email\":\"info@eldigitaldeasturias.com\",\"telephone\":\"+34652131393\",\"logo\":{\"@type\":\"ImageObject\",\"url\":\"https:\\\/\\\/www.eldigitaldeasturias.com\\\/noticias\\\/wp-content\\\/uploads\\\/2020\\\/12\\\/EDA.jpg\",\"@id\":\"https:\\\/\\\/www.eldigitaldeasturias.com\\\/noticias\\\/presentadas-las-actividades-del-carne-joven-del-principado-de-asturias\\\/#organizationLogo\",\"width\":649,\"height\":297},\"image\":{\"@id\":\"https:\\\/\\\/www.eldigitaldeasturias.com\\\/noticias\\\/presentadas-las-actividades-del-carne-joven-del-principado-de-asturias\\\/#organizationLogo\"},\"sameAs\":[\"https:\\\/\\\/facebook.com\\\/eldigitaldeasturias\",\"https:\\\/\\\/www.youtube.com\\\/channel\\\/UCZP-2wLEB9Rv6erhFmqVnvg\"],\"address\":{\"@id\":\"https:\\\/\\\/www.eldigitaldeasturias.com\\\/noticias\\\/#postaladdress\",\"@type\":\"PostalAddress\",\"streetAddress\":\"san antonio 4,\",\"postalCode\":\"33430\",\"addressLocality\":\"Cand\\u00e1s\",\"addressRegion\":\"Asturias\",\"addressCountry\":\"ES\"}},{\"@type\":\"Person\",\"@id\":\"https:\\\/\\\/www.eldigitaldeasturias.com\\\/noticias\\\/author\\\/admin\\\/#author\",\"url\":\"https:\\\/\\\/www.eldigitaldeasturias.com\\\/noticias\\\/author\\\/admin\\\/\",\"name\":\"El Digital de Asturias\",\"image\":{\"@type\":\"ImageObject\",\"@id\":\"https:\\\/\\\/www.eldigitaldeasturias.com\\\/noticias\\\/presentadas-las-actividades-del-carne-joven-del-principado-de-asturias\\\/#authorImage\",\"url\":\"https:\\\/\\\/www.eldigitaldeasturias.com\\\/noticias\\\/wp-content\\\/litespeed\\\/avatar\\\/18677e78aa0546b92d9dbf31ec7d7668.jpg?ver=1777290358\",\"width\":96,\"height\":96,\"caption\":\"El Digital de Asturias\"}},{\"@type\":\"WebPage\",\"@id\":\"https:\\\/\\\/www.eldigitaldeasturias.com\\\/noticias\\\/presentadas-las-actividades-del-carne-joven-del-principado-de-asturias\\\/#webpage\",\"url\":\"https:\\\/\\\/www.eldigitaldeasturias.com\\\/noticias\\\/presentadas-las-actividades-del-carne-joven-del-principado-de-asturias\\\/\",\"name\":\"Presentadas las actividades del Carn\\u00e9 Joven del Principado de Asturias - El Digital de Asturias\",\"description\":\"El Carn\\u00e9 Joven del Principado de Asturias convocar\\u00e1 este a\\u00f1o, como actividades extraordinarias al margen de las oportunidades que brinda de forma permanente, cuatro premios y dos concursos dirigidos a titulares de esta tarjeta: Premio Carn\\u00e9 Joven del Principado de Asturias de Fotograf\\u00eda. Ser\\u00e1n seleccionadas como ganadoras cuatro fotograf\\u00edas de las que se presenten, cada\",\"inLanguage\":\"es-ES\",\"isPartOf\":{\"@id\":\"https:\\\/\\\/www.eldigitaldeasturias.com\\\/noticias\\\/#website\"},\"breadcrumb\":{\"@id\":\"https:\\\/\\\/www.eldigitaldeasturias.com\\\/noticias\\\/presentadas-las-actividades-del-carne-joven-del-principado-de-asturias\\\/#breadcrumblist\"},\"author\":{\"@id\":\"https:\\\/\\\/www.eldigitaldeasturias.com\\\/noticias\\\/author\\\/admin\\\/#author\"},\"creator\":{\"@id\":\"https:\\\/\\\/www.eldigitaldeasturias.com\\\/noticias\\\/author\\\/admin\\\/#author\"},\"image\":{\"@type\":\"ImageObject\",\"url\":\"https:\\\/\\\/www.eldigitaldeasturias.com\\\/noticias\\\/wp-content\\\/uploads\\\/2017\\\/02\\\/Carne-joven-2017.jpg\",\"@id\":\"https:\\\/\\\/www.eldigitaldeasturias.com\\\/noticias\\\/presentadas-las-actividades-del-carne-joven-del-principado-de-asturias\\\/#mainImage\",\"width\":1280,\"height\":721},\"primaryImageOfPage\":{\"@id\":\"https:\\\/\\\/www.eldigitaldeasturias.com\\\/noticias\\\/presentadas-las-actividades-del-carne-joven-del-principado-de-asturias\\\/#mainImage\"},\"datePublished\":\"2017-02-09T21:33:25+01:00\",\"dateModified\":\"2017-02-09T21:33:25+01:00\"},{\"@type\":\"WebSite\",\"@id\":\"https:\\\/\\\/www.eldigitaldeasturias.com\\\/noticias\\\/#website\",\"url\":\"https:\\\/\\\/www.eldigitaldeasturias.com\\\/noticias\\\/\",\"name\":\"El Digital de Asturias - Diario de actualidad y noticias\",\"alternateName\":\"El Digital de Asturias - Diario de actualidad y noticias\",\"description\":\"Hemeroteca\",\"inLanguage\":\"es-ES\",\"publisher\":{\"@id\":\"https:\\\/\\\/www.eldigitaldeasturias.com\\\/noticias\\\/#organization\"}}]}\n\t\t<\/script>\n\t\t<!-- All in One SEO Pro -->\r\n\t\t<title>Presentadas las actividades del Carn\u00e9 Joven del Principado de Asturias - El Digital de Asturias<\/title>\n\n","aioseo_head_json":{"title":"Presentadas las actividades del Carn\u00e9 Joven del Principado de Asturias - El Digital de Asturias","description":"El Carn\u00e9 Joven del Principado de Asturias convocar\u00e1 este a\u00f1o, como actividades extraordinarias al margen de las oportunidades que brinda de forma permanente, cuatro premios y dos concursos dirigidos a titulares de esta tarjeta: Premio Carn\u00e9 Joven del Principado de Asturias de Fotograf\u00eda. Ser\u00e1n seleccionadas como ganadoras cuatro fotograf\u00edas de las que se presenten, cada","canonical_url":"https:\/\/www.eldigitaldeasturias.com\/noticias\/presentadas-las-actividades-del-carne-joven-del-principado-de-asturias\/","robots":"max-image-preview:large","keywords":"destacadas","webmasterTools":{"google-site-verification":"UA-38556648-1","msvalidate.01":"7dfe9f3f1b24437ab69f4f2559babe99","miscellaneous":""},"schema":{"@context":"https:\/\/schema.org","@graph":[{"@type":"BlogPosting","@id":"https:\/\/www.eldigitaldeasturias.com\/noticias\/presentadas-las-actividades-del-carne-joven-del-principado-de-asturias\/#blogposting","name":"Presentadas las actividades del Carn\u00e9 Joven del Principado de Asturias - El Digital de Asturias","headline":"Presentadas las actividades del Carn\u00e9 Joven del Principado de Asturias","author":{"@id":"https:\/\/www.eldigitaldeasturias.com\/noticias\/author\/admin\/#author"},"publisher":{"@id":"https:\/\/www.eldigitaldeasturias.com\/noticias\/#organization"},"image":{"@type":"ImageObject","url":"https:\/\/www.eldigitaldeasturias.com\/noticias\/wp-content\/uploads\/2017\/02\/Carne-joven-2017.jpg","width":1280,"height":721},"datePublished":"2017-02-09T21:33:25+01:00","dateModified":"2017-02-09T21:33:25+01:00","inLanguage":"es-ES","mainEntityOfPage":{"@id":"https:\/\/www.eldigitaldeasturias.com\/noticias\/presentadas-las-actividades-del-carne-joven-del-principado-de-asturias\/#webpage"},"isPartOf":{"@id":"https:\/\/www.eldigitaldeasturias.com\/noticias\/presentadas-las-actividades-del-carne-joven-del-principado-de-asturias\/#webpage"},"articleSection":"Destacadas"},{"@type":"BreadcrumbList","@id":"https:\/\/www.eldigitaldeasturias.com\/noticias\/presentadas-las-actividades-del-carne-joven-del-principado-de-asturias\/#breadcrumblist","itemListElement":[{"@type":"ListItem","@id":"https:\/\/www.eldigitaldeasturias.com\/noticias#listItem","position":1,"name":"Home","item":"https:\/\/www.eldigitaldeasturias.com\/noticias","nextItem":{"@type":"ListItem","@id":"https:\/\/www.eldigitaldeasturias.com\/noticias\/category\/destacadas\/#listItem","name":"Destacadas"}},{"@type":"ListItem","@id":"https:\/\/www.eldigitaldeasturias.com\/noticias\/category\/destacadas\/#listItem","position":2,"name":"Destacadas","item":"https:\/\/www.eldigitaldeasturias.com\/noticias\/category\/destacadas\/","nextItem":{"@type":"ListItem","@id":"https:\/\/www.eldigitaldeasturias.com\/noticias\/presentadas-las-actividades-del-carne-joven-del-principado-de-asturias\/#listItem","name":"Presentadas las actividades del Carn\u00e9 Joven del Principado de Asturias"},"previousItem":{"@type":"ListItem","@id":"https:\/\/www.eldigitaldeasturias.com\/noticias#listItem","name":"Home"}},{"@type":"ListItem","@id":"https:\/\/www.eldigitaldeasturias.com\/noticias\/presentadas-las-actividades-del-carne-joven-del-principado-de-asturias\/#listItem","position":3,"name":"Presentadas las actividades del Carn\u00e9 Joven del Principado de Asturias","previousItem":{"@type":"ListItem","@id":"https:\/\/www.eldigitaldeasturias.com\/noticias\/category\/destacadas\/#listItem","name":"Destacadas"}}]},{"@type":"Organization","@id":"https:\/\/www.eldigitaldeasturias.com\/noticias\/#organization","name":"El Digital de Asturias","description":"Hemeroteca","url":"https:\/\/www.eldigitaldeasturias.com\/noticias\/","email":"info@eldigitaldeasturias.com","telephone":"+34652131393","logo":{"@type":"ImageObject","url":"https:\/\/www.eldigitaldeasturias.com\/noticias\/wp-content\/uploads\/2020\/12\/EDA.jpg","@id":"https:\/\/www.eldigitaldeasturias.com\/noticias\/presentadas-las-actividades-del-carne-joven-del-principado-de-asturias\/#organizationLogo","width":649,"height":297},"image":{"@id":"https:\/\/www.eldigitaldeasturias.com\/noticias\/presentadas-las-actividades-del-carne-joven-del-principado-de-asturias\/#organizationLogo"},"sameAs":["https:\/\/facebook.com\/eldigitaldeasturias","https:\/\/www.youtube.com\/channel\/UCZP-2wLEB9Rv6erhFmqVnvg"],"address":{"@id":"https:\/\/www.eldigitaldeasturias.com\/noticias\/#postaladdress","@type":"PostalAddress","streetAddress":"san antonio 4,","postalCode":"33430","addressLocality":"Cand\u00e1s","addressRegion":"Asturias","addressCountry":"ES"}},{"@type":"Person","@id":"https:\/\/www.eldigitaldeasturias.com\/noticias\/author\/admin\/#author","url":"https:\/\/www.eldigitaldeasturias.com\/noticias\/author\/admin\/","name":"El Digital de Asturias","image":{"@type":"ImageObject","@id":"https:\/\/www.eldigitaldeasturias.com\/noticias\/presentadas-las-actividades-del-carne-joven-del-principado-de-asturias\/#authorImage","url":"https:\/\/www.eldigitaldeasturias.com\/noticias\/wp-content\/litespeed\/avatar\/18677e78aa0546b92d9dbf31ec7d7668.jpg?ver=1777290358","width":96,"height":96,"caption":"El Digital de Asturias"}},{"@type":"WebPage","@id":"https:\/\/www.eldigitaldeasturias.com\/noticias\/presentadas-las-actividades-del-carne-joven-del-principado-de-asturias\/#webpage","url":"https:\/\/www.eldigitaldeasturias.com\/noticias\/presentadas-las-actividades-del-carne-joven-del-principado-de-asturias\/","name":"Presentadas las actividades del Carn\u00e9 Joven del Principado de Asturias - El Digital de Asturias","description":"El Carn\u00e9 Joven del Principado de Asturias convocar\u00e1 este a\u00f1o, como actividades extraordinarias al margen de las oportunidades que brinda de forma permanente, cuatro premios y dos concursos dirigidos a titulares de esta tarjeta: Premio Carn\u00e9 Joven del Principado de Asturias de Fotograf\u00eda. Ser\u00e1n seleccionadas como ganadoras cuatro fotograf\u00edas de las que se presenten, cada","inLanguage":"es-ES","isPartOf":{"@id":"https:\/\/www.eldigitaldeasturias.com\/noticias\/#website"},"breadcrumb":{"@id":"https:\/\/www.eldigitaldeasturias.com\/noticias\/presentadas-las-actividades-del-carne-joven-del-principado-de-asturias\/#breadcrumblist"},"author":{"@id":"https:\/\/www.eldigitaldeasturias.com\/noticias\/author\/admin\/#author"},"creator":{"@id":"https:\/\/www.eldigitaldeasturias.com\/noticias\/author\/admin\/#author"},"image":{"@type":"ImageObject","url":"https:\/\/www.eldigitaldeasturias.com\/noticias\/wp-content\/uploads\/2017\/02\/Carne-joven-2017.jpg","@id":"https:\/\/www.eldigitaldeasturias.com\/noticias\/presentadas-las-actividades-del-carne-joven-del-principado-de-asturias\/#mainImage","width":1280,"height":721},"primaryImageOfPage":{"@id":"https:\/\/www.eldigitaldeasturias.com\/noticias\/presentadas-las-actividades-del-carne-joven-del-principado-de-asturias\/#mainImage"},"datePublished":"2017-02-09T21:33:25+01:00","dateModified":"2017-02-09T21:33:25+01:00"},{"@type":"WebSite","@id":"https:\/\/www.eldigitaldeasturias.com\/noticias\/#website","url":"https:\/\/www.eldigitaldeasturias.com\/noticias\/","name":"El Digital de Asturias - Diario de actualidad y noticias","alternateName":"El Digital de Asturias - Diario de actualidad y noticias","description":"Hemeroteca","inLanguage":"es-ES","publisher":{"@id":"https:\/\/www.eldigitaldeasturias.com\/noticias\/#organization"}}]},"og:locale":"es_ES","og:site_name":"El Digital de Asturias","og:type":"article","og:title":"Presentadas las actividades del Carn\u00e9 Joven del Principado de Asturias - El Digital de Asturias","og:description":"El Carn\u00e9 Joven del Principado de Asturias convocar\u00e1 este a\u00f1o, como actividades extraordinarias al margen de las oportunidades que brinda de forma permanente, cuatro premios y dos concursos dirigidos a titulares de esta tarjeta: Premio Carn\u00e9 Joven del Principado de Asturias de Fotograf\u00eda. Ser\u00e1n seleccionadas como ganadoras cuatro fotograf\u00edas de las que se presenten, cada","og:url":"https:\/\/www.eldigitaldeasturias.com\/noticias\/presentadas-las-actividades-del-carne-joven-del-principado-de-asturias\/","og:image":"https:\/\/www.eldigitaldeasturias.com\/noticias\/wp-content\/uploads\/2017\/02\/Carne-joven-2017.jpg","og:image:secure_url":"https:\/\/www.eldigitaldeasturias.com\/noticias\/wp-content\/uploads\/2017\/02\/Carne-joven-2017.jpg","og:image:width":1280,"og:image:height":721,"article:tag":["destacadas"],"article:published_time":"2017-02-09T21:33:25+00:00","article:modified_time":"2017-02-09T21:33:25+00:00","article:publisher":"https:\/\/facebook.com\/eldigitaldeasturias","twitter:card":"summary_large_image","twitter:title":"Presentadas las actividades del Carn\u00e9 Joven del Principado de Asturias - El Digital de Asturias","twitter:description":"El Carn\u00e9 Joven del Principado de Asturias convocar\u00e1 este a\u00f1o, como actividades extraordinarias al margen de las oportunidades que brinda de forma permanente, cuatro premios y dos concursos dirigidos a titulares de esta tarjeta: Premio Carn\u00e9 Joven del Principado de Asturias de Fotograf\u00eda. Ser\u00e1n seleccionadas como ganadoras cuatro fotograf\u00edas de las que se presenten, cada","twitter:image":"https:\/\/www.eldigitaldeasturias.com\/noticias\/wp-content\/uploads\/2017\/02\/Carne-joven-2017.jpg","twitter:label1":"Escrito por","twitter:data1":"El Digital de Asturias","twitter:label2":"Tiempo de lectura estimado","twitter:data2":"3 minutos"},"aioseo_meta_data":{"post_id":"925433","title":null,"description":null,"keywords":null,"keyphrases":null,"primary_term":null,"canonical_url":null,"og_title":null,"og_description":null,"og_object_type":"default","og_image_type":"default","og_image_url":null,"og_image_width":null,"og_image_height":null,"og_image_custom_url":null,"og_image_custom_fields":null,"og_video":null,"og_custom_url":null,"og_article_section":null,"og_article_tags":null,"twitter_use_og":false,"twitter_card":"default","twitter_image_type":"default","twitter_image_url":null,"twitter_image_custom_url":null,"twitter_image_custom_fields":null,"twitter_title":null,"twitter_description":null,"schema":{"blockGraphs":[],"customGraphs":[],"default":{"data":{"Article":[],"Course":[],"Dataset":[],"FAQPage":[],"Movie":[],"Person":[],"Product":[],"ProductReview":[],"Car":[],"Recipe":[],"Service":[],"SoftwareApplication":[],"WebPage":[]},"graphName":"","isEnabled":true},"graphs":[],"defaultGraph":"","defaultPostTypeGraph":""},"schema_type":null,"schema_type_options":null,"pillar_content":false,"robots_default":true,"robots_noindex":false,"robots_noarchive":false,"robots_nosnippet":false,"robots_nofollow":false,"robots_noimageindex":false,"robots_noodp":false,"robots_notranslate":false,"robots_max_snippet":null,"robots_max_videopreview":null,"robots_max_imagepreview":"large","priority":null,"frequency":null,"local_seo":null,"seo_analyzer_scan_date":"2025-12-03 03:37:09","breadcrumb_settings":null,"limit_modified_date":false,"open_ai":null,"ai":null,"created":"2020-12-21 13:39:56","updated":"2025-12-03 03:37:09"},"aioseo_breadcrumb":"<div class=\"aioseo-breadcrumbs\"><span class=\"aioseo-breadcrumb\">\n\t<a href=\"https:\/\/www.eldigitaldeasturias.com\/noticias\" title=\"Home\">Home<\/a>\n<\/span><span class=\"aioseo-breadcrumb-separator\">\u2013<\/span><span class=\"aioseo-breadcrumb\">\n\t<a href=\"https:\/\/www.eldigitaldeasturias.com\/noticias\/category\/destacadas\/\" title=\"Destacadas\">Destacadas<\/a>\n<\/span><span class=\"aioseo-breadcrumb-separator\">\u2013<\/span><span class=\"aioseo-breadcrumb\">\n\t<a href=\"https:\/\/www.eldigitaldeasturias.com\/noticias\/presentadas-las-actividades-del-carne-joven-del-principado-de-asturias\/\" title=\"Presentadas las actividades del Carn\u00e9 Joven del Principado de Asturias\">Presentadas las actividades del Carn\u00e9 Joven del Principado de Asturias<\/a>\n<\/span><\/div>","aioseo_breadcrumb_json":[{"label":"Home","link":"https:\/\/www.eldigitaldeasturias.com\/noticias"},{"label":"Destacadas","link":"https:\/\/www.eldigitaldeasturias.com\/noticias\/category\/destacadas\/"},{"label":"Presentadas las actividades del Carn\u00e9 Joven del Principado de Asturias","link":"https:\/\/www.eldigitaldeasturias.com\/noticias\/presentadas-las-actividades-del-carne-joven-del-principado-de-asturias\/"}],"_links":{"self":[{"href":"https:\/\/www.eldigitaldeasturias.com\/noticias\/wp-json\/wp\/v2\/posts\/925433","targetHints":{"allow":["GET"]}}],"collection":[{"href":"https:\/\/www.eldigitaldeasturias.com\/noticias\/wp-json\/wp\/v2\/posts"}],"about":[{"href":"https:\/\/www.eldigitaldeasturias.com\/noticias\/wp-json\/wp\/v2\/types\/post"}],"author":[{"embeddable":true,"href":"https:\/\/www.eldigitaldeasturias.com\/noticias\/wp-json\/wp\/v2\/users\/1"}],"replies":[{"embeddable":true,"href":"https:\/\/www.eldigitaldeasturias.com\/noticias\/wp-json\/wp\/v2\/comments?post=925433"}],"version-history":[{"count":0,"href":"https:\/\/www.eldigitaldeasturias.com\/noticias\/wp-json\/wp\/v2\/posts\/925433\/revisions"}],"wp:featuredmedia":[{"embeddable":true,"href":"https:\/\/www.eldigitaldeasturias.com\/noticias\/wp-json\/wp\/v2\/media\/925434"}],"wp:attachment":[{"href":"https:\/\/www.eldigitaldeasturias.com\/noticias\/wp-json\/wp\/v2\/media?parent=925433"}],"wp:term":[{"taxonomy":"category","embeddable":true,"href":"https:\/\/www.eldigitaldeasturias.com\/noticias\/wp-json\/wp\/v2\/categories?post=925433"},{"taxonomy":"post_tag","embeddable":true,"href":"https:\/\/www.eldigitaldeasturias.com\/noticias\/wp-json\/wp\/v2\/tags?post=925433"}],"curies":[{"name":"wp","href":"https:\/\/api.w.org\/{rel}","templated":true}]}}