{"id":925352,"date":"2017-02-08T22:21:37","date_gmt":"2017-02-08T22:21:37","guid":{"rendered":"http:\/\/www.eldigitaldeasturias.com\/noticias\/?p=925352"},"modified":"2017-02-08T22:21:37","modified_gmt":"2017-02-08T22:21:37","slug":"coto-asturias-carece-de-plan-industrial-y-no-cumple-con-el-plan-de-ciencia","status":"publish","type":"post","link":"https:\/\/www.eldigitaldeasturias.com\/noticias\/coto-asturias-carece-de-plan-industrial-y-no-cumple-con-el-plan-de-ciencia\/","title":{"rendered":"Coto: \u201cAsturias carece de Plan Industrial y no cumple con el Plan de Ciencia\u201d"},"content":{"rendered":"<p><img loading=\"lazy\" decoding=\"async\" class=\"alignleft size-medium wp-image-925353\" src=\"https:\/\/www.eldigitaldeasturias.com\/noticias\/wp-content\/uploads\/2017\/02\/FORO6922_1-360x234.jpg\" alt=\"\" width=\"360\" height=\"234\" srcset=\"https:\/\/www.eldigitaldeasturias.com\/noticias\/wp-content\/uploads\/2017\/02\/FORO6922_1-360x234.jpg 360w, https:\/\/www.eldigitaldeasturias.com\/noticias\/wp-content\/uploads\/2017\/02\/FORO6922_1-768x500.jpg 768w, https:\/\/www.eldigitaldeasturias.com\/noticias\/wp-content\/uploads\/2017\/02\/FORO6922_1-650x423.jpg 650w, https:\/\/www.eldigitaldeasturias.com\/noticias\/wp-content\/uploads\/2017\/02\/FORO6922_1-84x55.jpg 84w, https:\/\/www.eldigitaldeasturias.com\/noticias\/wp-content\/uploads\/2017\/02\/FORO6922_1-49x32.jpg 49w, https:\/\/www.eldigitaldeasturias.com\/noticias\/wp-content\/uploads\/2017\/02\/FORO6922_1-460x300.jpg 460w, https:\/\/www.eldigitaldeasturias.com\/noticias\/wp-content\/uploads\/2017\/02\/FORO6922_1.jpg 800w\" sizes=\"auto, (max-width: 360px) 100vw, 360px\" \/>La presidenta de FORO, <strong>Cristina Coto<\/strong>, y la diputada<strong> Carmen Fern\u00e1ndez<\/strong>, ofrecieron esta ma\u00f1ana una rueda informativa ante los medios acreditados en la Junta General para presentar las iniciativas de su partido para el impulso de las empresas innovadoras. \u201cLa pasada semana Carmen Fern\u00e1ndez defendi\u00f3 en el Pleno de esta JGPA una iniciativa que contempla la necesidad de destinar el 2% del PIB asturiano a la innovaci\u00f3n, un objetivo que no es inalcanzable; es una cuesti\u00f3n de voluntad pol\u00edtica y reflejo, por tanto, presupuestario. Por ello otras CC.AA. lo han alcanzado con los consiguientes beneficios para sus regiones\u201d, comenz\u00f3 explicando Cristina Coto.<\/p>\n<p>\u201cS\u00f3lo el PSOE vot\u00f3 en contra \u2013continu\u00f3 Coto-, cuando no se exig\u00eda ni un plazo concreto ni unos proyectos concretos, por lo que su voto negativo reflej\u00f3 la cortedad de miras y lo reaccionario de un gobierno que no est\u00e1 dispuesto a apostar por lo que hoy es un nicho real de crecimiento econ\u00f3mico y generaci\u00f3n de empleo. Frente a una apuesta decidida por el conocimiento, base de la investigaci\u00f3n desarrollo e innovaci\u00f3n el gobierno socialista acostumbra a presentar panfletos que ni siquiera cumple; de hecho existe en nuestra regi\u00f3n un malestar de los empresarios con este Gobierno justamente por incumplir el Plan de Ciencia, Tecnolog\u00eda e Innovaci\u00f3n 2013-17. Pero no solo los empresarios resultan damnificados sino que estamos viendo tambi\u00e9n los padecimientos de nuestra Universidad fruto de la pol\u00edtica de recortes de Javier Fern\u00e1ndez desde 2012\u201d.<\/p>\n<p>Cristina Coto manifest\u00f3 que \u201cdesde FORO consideramos que el panorama ante lo que es un sector econ\u00f3mico de futuro resulta desolador: Asturias destin\u00f3 para I+D en 2015, \u00faltimo a\u00f1o con datos oficiales conocidos, un 0.73% del PIB frente a la media nacional que est\u00e1 en 1.22%, desde luego muy lejos del El Pa\u00eds Vasco, Madrid o Navarra con un 1.93%, 1.71% y 1.64%, respectivamente. Ese 0,73% del gasto sobre el PIB es el espejo del nulo compromiso de este Gobierno con la investigaci\u00f3n, el desarrollo y la innovaci\u00f3n, y como ejemplo m\u00e1s revelador, repasemos la pol\u00edtica de recortes: Recortes sucesivos, a\u00f1o tras a\u00f1o, que alcanzan un acumulado del 41.9% desde 2012, y el Presupuesto de este a\u00f1o ha vuelto a recortar. Por eso no se cumplen el Plan de Ciencia, porque el papel, por s\u00ed mismo, no sirve para cumplir objetivos alguno\u201d.<\/p>\n<p>La presidenta de FORO asegura que \u201cuna de las grandes damnificadas ha sido nuestra Universidad. Desde FORO nos sumamos a la petici\u00f3n que trasladaba este lunes el Rector: un modelo financiaci\u00f3n por objetivos que le permita desarrollar su potencial y frente a la que el gobierno de Asturias es el gran obst\u00e1culo. Ma\u00f1ana nuestro compa\u00f1ero Pedro Leal interpelar\u00e1 al Gobierno sobre este extremo pero no quiero olvidar las grandilocuentes palabras de Javier Fern\u00e1ndez en su discurso de investidura: \u2018La Universidad debe ser la gran abanderada de la innovaci\u00f3n en Asturias\u2019, que se han quedado en palabras pero no se han traducido en hechos\u201d.<\/p>\n<p>\u201cAsturias \u2013prosigui\u00f3 Cristina Coto- carece de Plan Industrial y no cumple con el Plan de Ciencia, con lo que el Gobierno se transforma en el gran generador de decrecimiento y paro. En suma, el flagrante incumplimiento del Plan de Ciencia, tecnolog\u00eda e innovaci\u00f3n es coherente con un gobierno atrasado que no apuesta por los nuevos nichos de crecimiento y empleo, y practica una pol\u00edtica anti I+D. Lo \u00fanico que se fomenta en Asturias es la cultura de la subvenci\u00f3n en lugar de favorecer el entorno necesario para la innovaci\u00f3n, el desarrollo y la investigaci\u00f3n, o el retorno de talentos, otro gran fracaso de los socialistas\u201d.<\/p>\n<p>Por su lado Carmen Fern\u00e1ndez, como portavoz de Econom\u00eda de FORO, tom\u00f3 la palabra para ir concretando las medidas e iniciativas propuestas al Gobierno regional. \u201cEste a\u00f1o culmina su vigencia el presente Plan de Ciencia Tecnolog\u00eda e Innovaci\u00f3n 2013-2017, que es cierto que las empresas han considerado incumplido. Frente a sus criticas el pasado viernes el Grupo socialista afirm\u00f3 sin sonrojarse que \u2018en Asturias tampoco hay un compromiso empresarial suficiente por la investigaci\u00f3n y el desarrollo\u2019, abriendo una guerra con quienes son las primeras victimas de sus pol\u00edticas, a\u00f1adiendo que \u2018no tenemos esos recursos que demandan\u2019. No podemos olvidar que Europa propone para 2020 haber alcanzado el 3% de gasto en I+D+i en todos los pa\u00edses miembros, y si Europa plantea esto es porque el impacto de la innovaci\u00f3n es vital, y puede apreciarse en tres grandes indicadores: productividad, empleo y crecimiento econ\u00f3mico, los ejes invisibles para los socialistas asturianos. Y ante todo ello, el gobierno de Asturias destina tan solo un 0\u201973% del PIB a I+D+i y acaban de votar en contra de una propuesta de FORO para llegar al 2% cuando Europa exige un 3% para 2020\u201d, se\u00f1al\u00f3 la diputada.<\/p>\n<p>\u201cEl I+D+i juega un papel fundamental para crear empleo y debe ser una prioridad para cualquier Gobierno responsable \u2013continu\u00f3 Carmen Fern\u00e1ndez-, porque adem\u00e1s es un elemento de competitividad y supervivencia para las empresas. Por ello es urgente un nuevo Plan de Ciencia dotado presupuestariamente, donde se cuente con la Universidad y las empresas, motores de la transferencia de conocimiento al sector productivo. Si hay una medida real que atraiga la inversi\u00f3n y potencie el I+D+i son las deducciones fiscales para aquellas empresas que inviertan en innovaci\u00f3n, con el objetivo de aumentar el porcentaje de inversi\u00f3n respecto al PIB de Asturias, una inversi\u00f3n que en gran parte puede venir del capital privado\u201d, asegur\u00f3.<\/p>\n<p>Carmen Fern\u00e1ndez fue desgranando las peticiones al Gobierno de Asturias:<\/p>\n<p>\u2022 \u201cEn primer lugar implicaci\u00f3n, elaborando un nuevo Plan de Ciencia dotado presupuestariamente, donde se cuente con la Universidad y las empresas, motores de la transferencia de conocimiento al sector productivo, de la tecnolog\u00eda aplicada al desarrollo y la innovaci\u00f3n.<\/p>\n<p>\u2022 En ese papel vital de la Universidad se debe apostar por los investigadores, los laboratorios, los centros tecnol\u00f3gicos y las empresas surgidas de los j\u00f3venes que salen de la Universidad, agilizando la relaci\u00f3n Universidad-Empresa y tambi\u00e9n la relaci\u00f3n CSIC y Centros tecnol\u00f3gicos-Empresa a trav\u00e9s de proyectos de colaboraci\u00f3n, una necesidad que contrasta vivamente con el abandono de esta faceta por el gobierno de Javier Fern\u00e1ndez, que reuni\u00f3 al Consejo Asturiano de Ciencia, Tecnolog\u00eda hace 10 d\u00edas cuando no lo hac\u00eda desde 2013.<\/p>\n<p>\u2022 Creemos que hay que sustituir la pol\u00edtica de subvenciones a planes estrat\u00e9gicos acordados entre el gobierno regional y las empresas, que debe tener mayor protagonismo para conseguir innovaci\u00f3n global. Si hay una medida real que atraiga la inversi\u00f3n y potencie el I+D+i son las deducciones fiscales para aquellas empresas que inviertan en innovaci\u00f3n, con el objetivo de aumentar el porcentaje de inversi\u00f3n respecto al PIB del Principado de Asturias, una inversi\u00f3n que en gran parte puede venir del capital privado. Entre las deducciones fiscales y ante la carencia de personal dedicado al I+D+i en nuestras empresas, proponemos el establecimiento de incentivos fiscales para aquellas empresas que contraten a estos empleados. No podemos tampoco obviar que los incentivos fiscales sobre los gastos de I+D pueden jugar un papel imprescindible en el fomento de la actividad investigadora en Asturias, tanto p\u00fablica, como privada.<\/p>\n<p>\u2022 La atracci\u00f3n de empresas con alto valor a\u00f1adido debe ser tambi\u00e9n un eje para el impulso del I+D+i, y aqu\u00ed no podemos olvidar el suelo industrial del Principado de Asturias que se mantiene en barbecho y que puede ser una oportunidad para la creaci\u00f3n de parques de innovaci\u00f3n, clusters y Parques cient\u00edficos y tecnol\u00f3gicos, m\u00e1xime en un contexto internacional en el que sin duda muchas empresas internacionales situadas en Inglaterra buscan nuevas sedes tras el Brexit. Esta es una gran oportunidad para el aprovechamiento de las sinergias asturianas: con nuestra potente industria secundaria, una cultura industrial tradicional consolidada, precios de alquileres y propiedades mucho m\u00e1s competitivos que en otras capitales espa\u00f1olas y europeas, un personal especializado con amplia experiencia especialmente industrial, cercan\u00eda a comunicaciones: salida portuaria de El Musel o Avil\u00e9s, tras la necesaria puesta en marcha de comunicaciones con la pen\u00ednsula como la imprescindible red de alta velocidad con ancho internacional. Asturias tiene mucho que ofrecer y ofrece importantes ventajas competitivas frente a otras regiones europeas.<\/p>\n<p>\u2022 Por \u00faltimo, no quer\u00edamos obviar una importante parte del I+D+i con enorme potencial en Asturias: la investigaci\u00f3n b\u00e1sica como en el sector biom\u00e9dico donde, desde lo p\u00fablico, deber\u00edamos definir \u00e1reas prioritarias de investigaci\u00f3n y poner las mejores condiciones para que desde lo p\u00fablico-privado, se investigue sobre las necesidades presentes y futuras de salud de los asturianos, y se innove en la mejora y el desarrollo farmac\u00e9utico\u201d.<\/p>\n<p>En definitiva, \u201choy desde FORO proponemos una agenda para el cambio donde se pueda compatibilizar la defensa de nuestros sectores tradicionales y el impulso de un entorno receptor de empresas innovadoras\u201d, concluy\u00f3 Carmen Fern\u00e1ndez.<\/p>\n<p>&nbsp;<\/p>\n","protected":false},"excerpt":{"rendered":"<p>La presidenta de FORO, Cristina Coto, y la diputada Carmen Fern\u00e1ndez, ofrecieron esta ma\u00f1ana una rueda informativa ante los medios acreditados en la Junta General para presentar las iniciativas de su partido para el impulso de las empresas innovadoras. \u201cLa pasada semana Carmen Fern\u00e1ndez defendi\u00f3 en el Pleno de esta JGPA una iniciativa que contempla [&hellip;]<\/p>\n","protected":false},"author":1,"featured_media":925353,"comment_status":"closed","ping_status":"closed","sticky":false,"template":"","format":"standard","meta":{"footnotes":""},"categories":[141],"tags":[],"class_list":["post-925352","post","type-post","status-publish","format-standard","has-post-thumbnail","hentry","category-destacadas"],"aioseo_notices":[],"aioseo_head":"\n\t\t<!-- All in One SEO Pro 4.9.6.2 - aioseo.com -->\n\t<meta name=\"description\" content=\"La presidenta de FORO, Cristina Coto, y la diputada Carmen Fern\u00e1ndez, ofrecieron esta ma\u00f1ana una rueda informativa ante los medios acreditados en la Junta General para presentar las iniciativas de su partido para el impulso de las empresas innovadoras. \u201cLa pasada semana Carmen Fern\u00e1ndez defendi\u00f3 en el Pleno de esta JGPA una iniciativa que contempla\" \/>\n\t<meta name=\"robots\" content=\"max-image-preview:large\" \/>\n\t<meta name=\"author\" content=\"El Digital de Asturias\"\/>\n\t<meta name=\"google-site-verification\" content=\"UA-38556648-1\" \/>\n\t<meta name=\"msvalidate.01\" content=\"7dfe9f3f1b24437ab69f4f2559babe99\" \/>\n\t<meta name=\"keywords\" content=\"destacadas\" \/>\n\t<link rel=\"canonical\" href=\"https:\/\/www.eldigitaldeasturias.com\/noticias\/coto-asturias-carece-de-plan-industrial-y-no-cumple-con-el-plan-de-ciencia\/\" \/>\n\t<meta name=\"generator\" content=\"All in One SEO Pro (AIOSEO) 4.9.6.2\" \/>\n\t\t<meta property=\"og:locale\" content=\"es_ES\" \/>\n\t\t<meta property=\"og:site_name\" content=\"El Digital de Asturias\" \/>\n\t\t<meta property=\"og:type\" content=\"article\" \/>\n\t\t<meta property=\"og:title\" content=\"Coto: \u201cAsturias carece de Plan Industrial y no cumple con el Plan de Ciencia\u201d - El Digital de Asturias\" \/>\n\t\t<meta property=\"og:description\" content=\"La presidenta de FORO, Cristina Coto, y la diputada Carmen Fern\u00e1ndez, ofrecieron esta ma\u00f1ana una rueda informativa ante los medios acreditados en la Junta General para presentar las iniciativas de su partido para el impulso de las empresas innovadoras. \u201cLa pasada semana Carmen Fern\u00e1ndez defendi\u00f3 en el Pleno de esta JGPA una iniciativa que contempla\" \/>\n\t\t<meta property=\"og:url\" content=\"https:\/\/www.eldigitaldeasturias.com\/noticias\/coto-asturias-carece-de-plan-industrial-y-no-cumple-con-el-plan-de-ciencia\/\" \/>\n\t\t<meta property=\"og:image\" content=\"https:\/\/www.eldigitaldeasturias.com\/noticias\/wp-content\/uploads\/2017\/02\/FORO6922_1.jpg\" \/>\n\t\t<meta property=\"og:image:secure_url\" content=\"https:\/\/www.eldigitaldeasturias.com\/noticias\/wp-content\/uploads\/2017\/02\/FORO6922_1.jpg\" \/>\n\t\t<meta property=\"og:image:width\" content=\"800\" \/>\n\t\t<meta property=\"og:image:height\" content=\"521\" \/>\n\t\t<meta property=\"article:tag\" content=\"destacadas\" \/>\n\t\t<meta property=\"article:published_time\" content=\"2017-02-08T22:21:37+00:00\" \/>\n\t\t<meta property=\"article:modified_time\" content=\"2017-02-08T22:21:37+00:00\" \/>\n\t\t<meta property=\"article:publisher\" content=\"https:\/\/facebook.com\/eldigitaldeasturias\" \/>\n\t\t<meta name=\"twitter:card\" content=\"summary_large_image\" \/>\n\t\t<meta name=\"twitter:title\" content=\"Coto: \u201cAsturias carece de Plan Industrial y no cumple con el Plan de Ciencia\u201d - El Digital de Asturias\" \/>\n\t\t<meta name=\"twitter:description\" content=\"La presidenta de FORO, Cristina Coto, y la diputada Carmen Fern\u00e1ndez, ofrecieron esta ma\u00f1ana una rueda informativa ante los medios acreditados en la Junta General para presentar las iniciativas de su partido para el impulso de las empresas innovadoras. \u201cLa pasada semana Carmen Fern\u00e1ndez defendi\u00f3 en el Pleno de esta JGPA una iniciativa que contempla\" \/>\n\t\t<meta name=\"twitter:image\" content=\"https:\/\/www.eldigitaldeasturias.com\/noticias\/wp-content\/uploads\/2017\/02\/FORO6922_1.jpg\" \/>\n\t\t<meta name=\"twitter:label1\" content=\"Escrito por\" \/>\n\t\t<meta name=\"twitter:data1\" content=\"El Digital de Asturias\" \/>\n\t\t<meta name=\"twitter:label2\" content=\"Tiempo de lectura estimado\" \/>\n\t\t<meta name=\"twitter:data2\" content=\"8 minutos\" \/>\n\t\t<script type=\"application\/ld+json\" class=\"aioseo-schema\">\n\t\t\t{\"@context\":\"https:\\\/\\\/schema.org\",\"@graph\":[{\"@type\":\"BlogPosting\",\"@id\":\"https:\\\/\\\/www.eldigitaldeasturias.com\\\/noticias\\\/coto-asturias-carece-de-plan-industrial-y-no-cumple-con-el-plan-de-ciencia\\\/#blogposting\",\"name\":\"Coto: \\u201cAsturias carece de Plan Industrial y no cumple con el Plan de Ciencia\\u201d - El Digital de Asturias\",\"headline\":\"Coto: \\u201cAsturias carece de Plan Industrial y no cumple con el Plan de Ciencia\\u201d\",\"author\":{\"@id\":\"https:\\\/\\\/www.eldigitaldeasturias.com\\\/noticias\\\/author\\\/admin\\\/#author\"},\"publisher\":{\"@id\":\"https:\\\/\\\/www.eldigitaldeasturias.com\\\/noticias\\\/#organization\"},\"image\":{\"@type\":\"ImageObject\",\"url\":\"https:\\\/\\\/www.eldigitaldeasturias.com\\\/noticias\\\/wp-content\\\/uploads\\\/2017\\\/02\\\/FORO6922_1.jpg\",\"width\":800,\"height\":521},\"datePublished\":\"2017-02-08T22:21:37+01:00\",\"dateModified\":\"2017-02-08T22:21:37+01:00\",\"inLanguage\":\"es-ES\",\"mainEntityOfPage\":{\"@id\":\"https:\\\/\\\/www.eldigitaldeasturias.com\\\/noticias\\\/coto-asturias-carece-de-plan-industrial-y-no-cumple-con-el-plan-de-ciencia\\\/#webpage\"},\"isPartOf\":{\"@id\":\"https:\\\/\\\/www.eldigitaldeasturias.com\\\/noticias\\\/coto-asturias-carece-de-plan-industrial-y-no-cumple-con-el-plan-de-ciencia\\\/#webpage\"},\"articleSection\":\"Destacadas\"},{\"@type\":\"BreadcrumbList\",\"@id\":\"https:\\\/\\\/www.eldigitaldeasturias.com\\\/noticias\\\/coto-asturias-carece-de-plan-industrial-y-no-cumple-con-el-plan-de-ciencia\\\/#breadcrumblist\",\"itemListElement\":[{\"@type\":\"ListItem\",\"@id\":\"https:\\\/\\\/www.eldigitaldeasturias.com\\\/noticias#listItem\",\"position\":1,\"name\":\"Home\",\"item\":\"https:\\\/\\\/www.eldigitaldeasturias.com\\\/noticias\",\"nextItem\":{\"@type\":\"ListItem\",\"@id\":\"https:\\\/\\\/www.eldigitaldeasturias.com\\\/noticias\\\/category\\\/destacadas\\\/#listItem\",\"name\":\"Destacadas\"}},{\"@type\":\"ListItem\",\"@id\":\"https:\\\/\\\/www.eldigitaldeasturias.com\\\/noticias\\\/category\\\/destacadas\\\/#listItem\",\"position\":2,\"name\":\"Destacadas\",\"item\":\"https:\\\/\\\/www.eldigitaldeasturias.com\\\/noticias\\\/category\\\/destacadas\\\/\",\"nextItem\":{\"@type\":\"ListItem\",\"@id\":\"https:\\\/\\\/www.eldigitaldeasturias.com\\\/noticias\\\/coto-asturias-carece-de-plan-industrial-y-no-cumple-con-el-plan-de-ciencia\\\/#listItem\",\"name\":\"Coto: \\u201cAsturias carece de Plan Industrial y no cumple con el Plan de Ciencia\\u201d\"},\"previousItem\":{\"@type\":\"ListItem\",\"@id\":\"https:\\\/\\\/www.eldigitaldeasturias.com\\\/noticias#listItem\",\"name\":\"Home\"}},{\"@type\":\"ListItem\",\"@id\":\"https:\\\/\\\/www.eldigitaldeasturias.com\\\/noticias\\\/coto-asturias-carece-de-plan-industrial-y-no-cumple-con-el-plan-de-ciencia\\\/#listItem\",\"position\":3,\"name\":\"Coto: \\u201cAsturias carece de Plan Industrial y no cumple con el Plan de Ciencia\\u201d\",\"previousItem\":{\"@type\":\"ListItem\",\"@id\":\"https:\\\/\\\/www.eldigitaldeasturias.com\\\/noticias\\\/category\\\/destacadas\\\/#listItem\",\"name\":\"Destacadas\"}}]},{\"@type\":\"Organization\",\"@id\":\"https:\\\/\\\/www.eldigitaldeasturias.com\\\/noticias\\\/#organization\",\"name\":\"El Digital de Asturias\",\"description\":\"Hemeroteca\",\"url\":\"https:\\\/\\\/www.eldigitaldeasturias.com\\\/noticias\\\/\",\"email\":\"info@eldigitaldeasturias.com\",\"telephone\":\"+34652131393\",\"logo\":{\"@type\":\"ImageObject\",\"url\":\"https:\\\/\\\/www.eldigitaldeasturias.com\\\/noticias\\\/wp-content\\\/uploads\\\/2020\\\/12\\\/EDA.jpg\",\"@id\":\"https:\\\/\\\/www.eldigitaldeasturias.com\\\/noticias\\\/coto-asturias-carece-de-plan-industrial-y-no-cumple-con-el-plan-de-ciencia\\\/#organizationLogo\",\"width\":649,\"height\":297},\"image\":{\"@id\":\"https:\\\/\\\/www.eldigitaldeasturias.com\\\/noticias\\\/coto-asturias-carece-de-plan-industrial-y-no-cumple-con-el-plan-de-ciencia\\\/#organizationLogo\"},\"sameAs\":[\"https:\\\/\\\/facebook.com\\\/eldigitaldeasturias\",\"https:\\\/\\\/www.youtube.com\\\/channel\\\/UCZP-2wLEB9Rv6erhFmqVnvg\"],\"address\":{\"@id\":\"https:\\\/\\\/www.eldigitaldeasturias.com\\\/noticias\\\/#postaladdress\",\"@type\":\"PostalAddress\",\"streetAddress\":\"san antonio 4,\",\"postalCode\":\"33430\",\"addressLocality\":\"Cand\\u00e1s\",\"addressRegion\":\"Asturias\",\"addressCountry\":\"ES\"}},{\"@type\":\"Person\",\"@id\":\"https:\\\/\\\/www.eldigitaldeasturias.com\\\/noticias\\\/author\\\/admin\\\/#author\",\"url\":\"https:\\\/\\\/www.eldigitaldeasturias.com\\\/noticias\\\/author\\\/admin\\\/\",\"name\":\"El Digital de Asturias\",\"image\":{\"@type\":\"ImageObject\",\"@id\":\"https:\\\/\\\/www.eldigitaldeasturias.com\\\/noticias\\\/coto-asturias-carece-de-plan-industrial-y-no-cumple-con-el-plan-de-ciencia\\\/#authorImage\",\"url\":\"https:\\\/\\\/www.eldigitaldeasturias.com\\\/noticias\\\/wp-content\\\/litespeed\\\/avatar\\\/18677e78aa0546b92d9dbf31ec7d7668.jpg?ver=1777290358\",\"width\":96,\"height\":96,\"caption\":\"El Digital de Asturias\"}},{\"@type\":\"WebPage\",\"@id\":\"https:\\\/\\\/www.eldigitaldeasturias.com\\\/noticias\\\/coto-asturias-carece-de-plan-industrial-y-no-cumple-con-el-plan-de-ciencia\\\/#webpage\",\"url\":\"https:\\\/\\\/www.eldigitaldeasturias.com\\\/noticias\\\/coto-asturias-carece-de-plan-industrial-y-no-cumple-con-el-plan-de-ciencia\\\/\",\"name\":\"Coto: \\u201cAsturias carece de Plan Industrial y no cumple con el Plan de Ciencia\\u201d - El Digital de Asturias\",\"description\":\"La presidenta de FORO, Cristina Coto, y la diputada Carmen Fern\\u00e1ndez, ofrecieron esta ma\\u00f1ana una rueda informativa ante los medios acreditados en la Junta General para presentar las iniciativas de su partido para el impulso de las empresas innovadoras. \\u201cLa pasada semana Carmen Fern\\u00e1ndez defendi\\u00f3 en el Pleno de esta JGPA una iniciativa que contempla\",\"inLanguage\":\"es-ES\",\"isPartOf\":{\"@id\":\"https:\\\/\\\/www.eldigitaldeasturias.com\\\/noticias\\\/#website\"},\"breadcrumb\":{\"@id\":\"https:\\\/\\\/www.eldigitaldeasturias.com\\\/noticias\\\/coto-asturias-carece-de-plan-industrial-y-no-cumple-con-el-plan-de-ciencia\\\/#breadcrumblist\"},\"author\":{\"@id\":\"https:\\\/\\\/www.eldigitaldeasturias.com\\\/noticias\\\/author\\\/admin\\\/#author\"},\"creator\":{\"@id\":\"https:\\\/\\\/www.eldigitaldeasturias.com\\\/noticias\\\/author\\\/admin\\\/#author\"},\"image\":{\"@type\":\"ImageObject\",\"url\":\"https:\\\/\\\/www.eldigitaldeasturias.com\\\/noticias\\\/wp-content\\\/uploads\\\/2017\\\/02\\\/FORO6922_1.jpg\",\"@id\":\"https:\\\/\\\/www.eldigitaldeasturias.com\\\/noticias\\\/coto-asturias-carece-de-plan-industrial-y-no-cumple-con-el-plan-de-ciencia\\\/#mainImage\",\"width\":800,\"height\":521},\"primaryImageOfPage\":{\"@id\":\"https:\\\/\\\/www.eldigitaldeasturias.com\\\/noticias\\\/coto-asturias-carece-de-plan-industrial-y-no-cumple-con-el-plan-de-ciencia\\\/#mainImage\"},\"datePublished\":\"2017-02-08T22:21:37+01:00\",\"dateModified\":\"2017-02-08T22:21:37+01:00\"},{\"@type\":\"WebSite\",\"@id\":\"https:\\\/\\\/www.eldigitaldeasturias.com\\\/noticias\\\/#website\",\"url\":\"https:\\\/\\\/www.eldigitaldeasturias.com\\\/noticias\\\/\",\"name\":\"El Digital de Asturias - Diario de actualidad y noticias\",\"alternateName\":\"El Digital de Asturias - Diario de actualidad y noticias\",\"description\":\"Hemeroteca\",\"inLanguage\":\"es-ES\",\"publisher\":{\"@id\":\"https:\\\/\\\/www.eldigitaldeasturias.com\\\/noticias\\\/#organization\"}}]}\n\t\t<\/script>\n\t\t<!-- All in One SEO Pro -->\r\n\t\t<title>Coto: \u201cAsturias carece de Plan Industrial y no cumple con el Plan de Ciencia\u201d - El Digital de Asturias<\/title>\n\n","aioseo_head_json":{"title":"Coto: \u201cAsturias carece de Plan Industrial y no cumple con el Plan de Ciencia\u201d - El Digital de Asturias","description":"La presidenta de FORO, Cristina Coto, y la diputada Carmen Fern\u00e1ndez, ofrecieron esta ma\u00f1ana una rueda informativa ante los medios acreditados en la Junta General para presentar las iniciativas de su partido para el impulso de las empresas innovadoras. \u201cLa pasada semana Carmen Fern\u00e1ndez defendi\u00f3 en el Pleno de esta JGPA una iniciativa que contempla","canonical_url":"https:\/\/www.eldigitaldeasturias.com\/noticias\/coto-asturias-carece-de-plan-industrial-y-no-cumple-con-el-plan-de-ciencia\/","robots":"max-image-preview:large","keywords":"destacadas","webmasterTools":{"google-site-verification":"UA-38556648-1","msvalidate.01":"7dfe9f3f1b24437ab69f4f2559babe99","miscellaneous":""},"schema":{"@context":"https:\/\/schema.org","@graph":[{"@type":"BlogPosting","@id":"https:\/\/www.eldigitaldeasturias.com\/noticias\/coto-asturias-carece-de-plan-industrial-y-no-cumple-con-el-plan-de-ciencia\/#blogposting","name":"Coto: \u201cAsturias carece de Plan Industrial y no cumple con el Plan de Ciencia\u201d - El Digital de Asturias","headline":"Coto: \u201cAsturias carece de Plan Industrial y no cumple con el Plan de Ciencia\u201d","author":{"@id":"https:\/\/www.eldigitaldeasturias.com\/noticias\/author\/admin\/#author"},"publisher":{"@id":"https:\/\/www.eldigitaldeasturias.com\/noticias\/#organization"},"image":{"@type":"ImageObject","url":"https:\/\/www.eldigitaldeasturias.com\/noticias\/wp-content\/uploads\/2017\/02\/FORO6922_1.jpg","width":800,"height":521},"datePublished":"2017-02-08T22:21:37+01:00","dateModified":"2017-02-08T22:21:37+01:00","inLanguage":"es-ES","mainEntityOfPage":{"@id":"https:\/\/www.eldigitaldeasturias.com\/noticias\/coto-asturias-carece-de-plan-industrial-y-no-cumple-con-el-plan-de-ciencia\/#webpage"},"isPartOf":{"@id":"https:\/\/www.eldigitaldeasturias.com\/noticias\/coto-asturias-carece-de-plan-industrial-y-no-cumple-con-el-plan-de-ciencia\/#webpage"},"articleSection":"Destacadas"},{"@type":"BreadcrumbList","@id":"https:\/\/www.eldigitaldeasturias.com\/noticias\/coto-asturias-carece-de-plan-industrial-y-no-cumple-con-el-plan-de-ciencia\/#breadcrumblist","itemListElement":[{"@type":"ListItem","@id":"https:\/\/www.eldigitaldeasturias.com\/noticias#listItem","position":1,"name":"Home","item":"https:\/\/www.eldigitaldeasturias.com\/noticias","nextItem":{"@type":"ListItem","@id":"https:\/\/www.eldigitaldeasturias.com\/noticias\/category\/destacadas\/#listItem","name":"Destacadas"}},{"@type":"ListItem","@id":"https:\/\/www.eldigitaldeasturias.com\/noticias\/category\/destacadas\/#listItem","position":2,"name":"Destacadas","item":"https:\/\/www.eldigitaldeasturias.com\/noticias\/category\/destacadas\/","nextItem":{"@type":"ListItem","@id":"https:\/\/www.eldigitaldeasturias.com\/noticias\/coto-asturias-carece-de-plan-industrial-y-no-cumple-con-el-plan-de-ciencia\/#listItem","name":"Coto: \u201cAsturias carece de Plan Industrial y no cumple con el Plan de Ciencia\u201d"},"previousItem":{"@type":"ListItem","@id":"https:\/\/www.eldigitaldeasturias.com\/noticias#listItem","name":"Home"}},{"@type":"ListItem","@id":"https:\/\/www.eldigitaldeasturias.com\/noticias\/coto-asturias-carece-de-plan-industrial-y-no-cumple-con-el-plan-de-ciencia\/#listItem","position":3,"name":"Coto: \u201cAsturias carece de Plan Industrial y no cumple con el Plan de Ciencia\u201d","previousItem":{"@type":"ListItem","@id":"https:\/\/www.eldigitaldeasturias.com\/noticias\/category\/destacadas\/#listItem","name":"Destacadas"}}]},{"@type":"Organization","@id":"https:\/\/www.eldigitaldeasturias.com\/noticias\/#organization","name":"El Digital de Asturias","description":"Hemeroteca","url":"https:\/\/www.eldigitaldeasturias.com\/noticias\/","email":"info@eldigitaldeasturias.com","telephone":"+34652131393","logo":{"@type":"ImageObject","url":"https:\/\/www.eldigitaldeasturias.com\/noticias\/wp-content\/uploads\/2020\/12\/EDA.jpg","@id":"https:\/\/www.eldigitaldeasturias.com\/noticias\/coto-asturias-carece-de-plan-industrial-y-no-cumple-con-el-plan-de-ciencia\/#organizationLogo","width":649,"height":297},"image":{"@id":"https:\/\/www.eldigitaldeasturias.com\/noticias\/coto-asturias-carece-de-plan-industrial-y-no-cumple-con-el-plan-de-ciencia\/#organizationLogo"},"sameAs":["https:\/\/facebook.com\/eldigitaldeasturias","https:\/\/www.youtube.com\/channel\/UCZP-2wLEB9Rv6erhFmqVnvg"],"address":{"@id":"https:\/\/www.eldigitaldeasturias.com\/noticias\/#postaladdress","@type":"PostalAddress","streetAddress":"san antonio 4,","postalCode":"33430","addressLocality":"Cand\u00e1s","addressRegion":"Asturias","addressCountry":"ES"}},{"@type":"Person","@id":"https:\/\/www.eldigitaldeasturias.com\/noticias\/author\/admin\/#author","url":"https:\/\/www.eldigitaldeasturias.com\/noticias\/author\/admin\/","name":"El Digital de Asturias","image":{"@type":"ImageObject","@id":"https:\/\/www.eldigitaldeasturias.com\/noticias\/coto-asturias-carece-de-plan-industrial-y-no-cumple-con-el-plan-de-ciencia\/#authorImage","url":"https:\/\/www.eldigitaldeasturias.com\/noticias\/wp-content\/litespeed\/avatar\/18677e78aa0546b92d9dbf31ec7d7668.jpg?ver=1777290358","width":96,"height":96,"caption":"El Digital de Asturias"}},{"@type":"WebPage","@id":"https:\/\/www.eldigitaldeasturias.com\/noticias\/coto-asturias-carece-de-plan-industrial-y-no-cumple-con-el-plan-de-ciencia\/#webpage","url":"https:\/\/www.eldigitaldeasturias.com\/noticias\/coto-asturias-carece-de-plan-industrial-y-no-cumple-con-el-plan-de-ciencia\/","name":"Coto: \u201cAsturias carece de Plan Industrial y no cumple con el Plan de Ciencia\u201d - El Digital de Asturias","description":"La presidenta de FORO, Cristina Coto, y la diputada Carmen Fern\u00e1ndez, ofrecieron esta ma\u00f1ana una rueda informativa ante los medios acreditados en la Junta General para presentar las iniciativas de su partido para el impulso de las empresas innovadoras. \u201cLa pasada semana Carmen Fern\u00e1ndez defendi\u00f3 en el Pleno de esta JGPA una iniciativa que contempla","inLanguage":"es-ES","isPartOf":{"@id":"https:\/\/www.eldigitaldeasturias.com\/noticias\/#website"},"breadcrumb":{"@id":"https:\/\/www.eldigitaldeasturias.com\/noticias\/coto-asturias-carece-de-plan-industrial-y-no-cumple-con-el-plan-de-ciencia\/#breadcrumblist"},"author":{"@id":"https:\/\/www.eldigitaldeasturias.com\/noticias\/author\/admin\/#author"},"creator":{"@id":"https:\/\/www.eldigitaldeasturias.com\/noticias\/author\/admin\/#author"},"image":{"@type":"ImageObject","url":"https:\/\/www.eldigitaldeasturias.com\/noticias\/wp-content\/uploads\/2017\/02\/FORO6922_1.jpg","@id":"https:\/\/www.eldigitaldeasturias.com\/noticias\/coto-asturias-carece-de-plan-industrial-y-no-cumple-con-el-plan-de-ciencia\/#mainImage","width":800,"height":521},"primaryImageOfPage":{"@id":"https:\/\/www.eldigitaldeasturias.com\/noticias\/coto-asturias-carece-de-plan-industrial-y-no-cumple-con-el-plan-de-ciencia\/#mainImage"},"datePublished":"2017-02-08T22:21:37+01:00","dateModified":"2017-02-08T22:21:37+01:00"},{"@type":"WebSite","@id":"https:\/\/www.eldigitaldeasturias.com\/noticias\/#website","url":"https:\/\/www.eldigitaldeasturias.com\/noticias\/","name":"El Digital de Asturias - Diario de actualidad y noticias","alternateName":"El Digital de Asturias - Diario de actualidad y noticias","description":"Hemeroteca","inLanguage":"es-ES","publisher":{"@id":"https:\/\/www.eldigitaldeasturias.com\/noticias\/#organization"}}]},"og:locale":"es_ES","og:site_name":"El Digital de Asturias","og:type":"article","og:title":"Coto: \u201cAsturias carece de Plan Industrial y no cumple con el Plan de Ciencia\u201d - El Digital de Asturias","og:description":"La presidenta de FORO, Cristina Coto, y la diputada Carmen Fern\u00e1ndez, ofrecieron esta ma\u00f1ana una rueda informativa ante los medios acreditados en la Junta General para presentar las iniciativas de su partido para el impulso de las empresas innovadoras. \u201cLa pasada semana Carmen Fern\u00e1ndez defendi\u00f3 en el Pleno de esta JGPA una iniciativa que contempla","og:url":"https:\/\/www.eldigitaldeasturias.com\/noticias\/coto-asturias-carece-de-plan-industrial-y-no-cumple-con-el-plan-de-ciencia\/","og:image":"https:\/\/www.eldigitaldeasturias.com\/noticias\/wp-content\/uploads\/2017\/02\/FORO6922_1.jpg","og:image:secure_url":"https:\/\/www.eldigitaldeasturias.com\/noticias\/wp-content\/uploads\/2017\/02\/FORO6922_1.jpg","og:image:width":800,"og:image:height":521,"article:tag":["destacadas"],"article:published_time":"2017-02-08T22:21:37+00:00","article:modified_time":"2017-02-08T22:21:37+00:00","article:publisher":"https:\/\/facebook.com\/eldigitaldeasturias","twitter:card":"summary_large_image","twitter:title":"Coto: \u201cAsturias carece de Plan Industrial y no cumple con el Plan de Ciencia\u201d - El Digital de Asturias","twitter:description":"La presidenta de FORO, Cristina Coto, y la diputada Carmen Fern\u00e1ndez, ofrecieron esta ma\u00f1ana una rueda informativa ante los medios acreditados en la Junta General para presentar las iniciativas de su partido para el impulso de las empresas innovadoras. \u201cLa pasada semana Carmen Fern\u00e1ndez defendi\u00f3 en el Pleno de esta JGPA una iniciativa que contempla","twitter:image":"https:\/\/www.eldigitaldeasturias.com\/noticias\/wp-content\/uploads\/2017\/02\/FORO6922_1.jpg","twitter:label1":"Escrito por","twitter:data1":"El Digital de Asturias","twitter:label2":"Tiempo de lectura estimado","twitter:data2":"8 minutos"},"aioseo_meta_data":{"post_id":"925352","title":null,"description":null,"keywords":null,"keyphrases":null,"primary_term":null,"canonical_url":null,"og_title":null,"og_description":null,"og_object_type":"default","og_image_type":"default","og_image_url":null,"og_image_width":null,"og_image_height":null,"og_image_custom_url":null,"og_image_custom_fields":null,"og_video":null,"og_custom_url":null,"og_article_section":null,"og_article_tags":null,"twitter_use_og":false,"twitter_card":"default","twitter_image_type":"default","twitter_image_url":null,"twitter_image_custom_url":null,"twitter_image_custom_fields":null,"twitter_title":null,"twitter_description":null,"schema":{"blockGraphs":[],"customGraphs":[],"default":{"data":{"Article":[],"Course":[],"Dataset":[],"FAQPage":[],"Movie":[],"Person":[],"Product":[],"ProductReview":[],"Car":[],"Recipe":[],"Service":[],"SoftwareApplication":[],"WebPage":[]},"graphName":"","isEnabled":true},"graphs":[],"defaultGraph":"","defaultPostTypeGraph":""},"schema_type":null,"schema_type_options":null,"pillar_content":false,"robots_default":true,"robots_noindex":false,"robots_noarchive":false,"robots_nosnippet":false,"robots_nofollow":false,"robots_noimageindex":false,"robots_noodp":false,"robots_notranslate":false,"robots_max_snippet":null,"robots_max_videopreview":null,"robots_max_imagepreview":"large","priority":null,"frequency":null,"local_seo":null,"seo_analyzer_scan_date":"2025-12-03 03:23:41","breadcrumb_settings":null,"limit_modified_date":false,"open_ai":null,"ai":null,"created":"2020-12-21 13:39:56","updated":"2025-12-03 03:23:41"},"aioseo_breadcrumb":"<div class=\"aioseo-breadcrumbs\"><span class=\"aioseo-breadcrumb\">\n\t<a href=\"https:\/\/www.eldigitaldeasturias.com\/noticias\" title=\"Home\">Home<\/a>\n<\/span><span class=\"aioseo-breadcrumb-separator\">\u2013<\/span><span class=\"aioseo-breadcrumb\">\n\t<a href=\"https:\/\/www.eldigitaldeasturias.com\/noticias\/category\/destacadas\/\" title=\"Destacadas\">Destacadas<\/a>\n<\/span><span class=\"aioseo-breadcrumb-separator\">\u2013<\/span><span class=\"aioseo-breadcrumb\">\n\t<a href=\"https:\/\/www.eldigitaldeasturias.com\/noticias\/coto-asturias-carece-de-plan-industrial-y-no-cumple-con-el-plan-de-ciencia\/\" title=\"Coto: \u201cAsturias carece de Plan Industrial y no cumple con el Plan de Ciencia\u201d\">Coto: \u201cAsturias carece de Plan Industrial y no cumple con el Plan de Ciencia\u201d<\/a>\n<\/span><\/div>","aioseo_breadcrumb_json":[{"label":"Home","link":"https:\/\/www.eldigitaldeasturias.com\/noticias"},{"label":"Destacadas","link":"https:\/\/www.eldigitaldeasturias.com\/noticias\/category\/destacadas\/"},{"label":"Coto: \u201cAsturias carece de Plan Industrial y no cumple con el Plan de Ciencia\u201d","link":"https:\/\/www.eldigitaldeasturias.com\/noticias\/coto-asturias-carece-de-plan-industrial-y-no-cumple-con-el-plan-de-ciencia\/"}],"_links":{"self":[{"href":"https:\/\/www.eldigitaldeasturias.com\/noticias\/wp-json\/wp\/v2\/posts\/925352","targetHints":{"allow":["GET"]}}],"collection":[{"href":"https:\/\/www.eldigitaldeasturias.com\/noticias\/wp-json\/wp\/v2\/posts"}],"about":[{"href":"https:\/\/www.eldigitaldeasturias.com\/noticias\/wp-json\/wp\/v2\/types\/post"}],"author":[{"embeddable":true,"href":"https:\/\/www.eldigitaldeasturias.com\/noticias\/wp-json\/wp\/v2\/users\/1"}],"replies":[{"embeddable":true,"href":"https:\/\/www.eldigitaldeasturias.com\/noticias\/wp-json\/wp\/v2\/comments?post=925352"}],"version-history":[{"count":0,"href":"https:\/\/www.eldigitaldeasturias.com\/noticias\/wp-json\/wp\/v2\/posts\/925352\/revisions"}],"wp:featuredmedia":[{"embeddable":true,"href":"https:\/\/www.eldigitaldeasturias.com\/noticias\/wp-json\/wp\/v2\/media\/925353"}],"wp:attachment":[{"href":"https:\/\/www.eldigitaldeasturias.com\/noticias\/wp-json\/wp\/v2\/media?parent=925352"}],"wp:term":[{"taxonomy":"category","embeddable":true,"href":"https:\/\/www.eldigitaldeasturias.com\/noticias\/wp-json\/wp\/v2\/categories?post=925352"},{"taxonomy":"post_tag","embeddable":true,"href":"https:\/\/www.eldigitaldeasturias.com\/noticias\/wp-json\/wp\/v2\/tags?post=925352"}],"curies":[{"name":"wp","href":"https:\/\/api.w.org\/{rel}","templated":true}]}}