{"id":925345,"date":"2017-02-08T21:57:12","date_gmt":"2017-02-08T21:57:12","guid":{"rendered":"http:\/\/www.eldigitaldeasturias.com\/noticias\/?p=925345"},"modified":"2017-02-08T21:57:12","modified_gmt":"2017-02-08T21:57:12","slug":"dominguez-de-posada-el-pacto-por-la-energia-tiene-que-incluir-al-carbon","status":"publish","type":"post","link":"https:\/\/www.eldigitaldeasturias.com\/noticias\/dominguez-de-posada-el-pacto-por-la-energia-tiene-que-incluir-al-carbon\/","title":{"rendered":"Dom\u00ednguez de Posada: \u201cEl Pacto por la Energ\u00eda tiene que incluir al carb\u00f3n\u00bb"},"content":{"rendered":"<p><img loading=\"lazy\" decoding=\"async\" class=\"alignleft size-medium wp-image-1018\" src=\"https:\/\/www.eldigitaldeasturias.com\/noticias\/wp-content\/uploads\/2013\/09\/carbon_20130920131909_800-360x240.jpg\" alt=\"\" width=\"360\" height=\"240\" srcset=\"https:\/\/www.eldigitaldeasturias.com\/noticias\/wp-content\/uploads\/2013\/09\/carbon_20130920131909_800-360x240.jpg 360w, https:\/\/www.eldigitaldeasturias.com\/noticias\/wp-content\/uploads\/2013\/09\/carbon_20130920131909_800-650x433.jpg 650w, https:\/\/www.eldigitaldeasturias.com\/noticias\/wp-content\/uploads\/2013\/09\/carbon_20130920131909_800-84x55.jpg 84w, https:\/\/www.eldigitaldeasturias.com\/noticias\/wp-content\/uploads\/2013\/09\/carbon_20130920131909_800-49x32.jpg 49w, https:\/\/www.eldigitaldeasturias.com\/noticias\/wp-content\/uploads\/2013\/09\/carbon_20130920131909_800.jpg 750w\" sizes=\"auto, (max-width: 360px) 100vw, 360px\" \/>Rosa Dom\u00ednguez de Posada resalt\u00f3 hoy en el Senado, durante el debate de una moci\u00f3n socialista sobre energ\u00eda, que \u201cFORO apuesta por un Pacto de Estado de la Energ\u00eda, a partir del di\u00e1logo de todas las fuerzas pol\u00edticas y los representantes de la sociedad civil. Es necesario bajar los precios de la electricidad, dotar de estabilidad a los consumidores dom\u00e9sticos e industriales y facilitar la transici\u00f3n energ\u00e9tica hacia un modelo sostenible, eficiente y competitivo\u201d, manifest\u00f3.<\/p>\n<p>\u201cEl Pacto por la Energ\u00eda tiene que incluir al carb\u00f3n, \u00fanico combustible f\u00f3sil aut\u00f3ctono de Espa\u00f1a, actualmente con un precio inferior a cualquier otro recurso del mercado energ\u00e9tico\u201d, se\u00f1al\u00f3 Dom\u00ednguez de Posada.<\/p>\n<p>La senadora de FORO present\u00f3 una enmienda de sustituci\u00f3n a esa moci\u00f3n en la que subraya la \u201cnecesidad de promover un mix de generaci\u00f3n equilibrado en el que puedan tener cabida las consideraciones de seguridad, de soberan\u00eda nacional y de costes sociales de todas las tecnolog\u00edas, revisando la diversificaci\u00f3n de fuentes y de emplazamientos para atender las necesidades espa\u00f1olas de consumo el\u00e9ctrico\u201d, y reclam\u00f3 \u201cel impulso para elaborar un Plan Estrat\u00e9gico de Energ\u00eda 2017-2030 que contemple aumentar hasta el l\u00edmite las fuentes energ\u00e9ticas propias: el agua, el sol, el viento y el carb\u00f3n que es nuestro \u00fanico combustible f\u00f3sil aut\u00f3ctono\u201d.<\/p>\n<p>\u201cDebemos proteger al m\u00e1ximo la soberan\u00eda nacional en una materia tan sensible como la energ\u00eda y homologar los costes energ\u00e9ticos a los de la UE para favorecer a los consumidores dom\u00e9sticos, mejorar la competitividad de industrias y empresas y crear puestos de trabajo\u201d, se\u00f1al\u00f3.<\/p>\n<p>&nbsp;<\/p>\n<p>&nbsp;<\/p>\n","protected":false},"excerpt":{"rendered":"<p>Rosa Dom\u00ednguez de Posada resalt\u00f3 hoy en el Senado, durante el debate de una moci\u00f3n socialista sobre energ\u00eda, que \u201cFORO apuesta por un Pacto de Estado de la Energ\u00eda, a partir del di\u00e1logo de todas las fuerzas pol\u00edticas y los representantes de la sociedad civil. Es necesario bajar los precios de la electricidad, dotar de [&hellip;]<\/p>\n","protected":false},"author":1,"featured_media":1018,"comment_status":"closed","ping_status":"closed","sticky":false,"template":"","format":"standard","meta":{"footnotes":""},"categories":[141],"tags":[],"class_list":["post-925345","post","type-post","status-publish","format-standard","has-post-thumbnail","hentry","category-destacadas"],"aioseo_notices":[],"aioseo_head":"\n\t\t<!-- All in One SEO Pro 4.9.6.2 - aioseo.com -->\n\t<meta name=\"description\" content=\"Rosa Dom\u00ednguez de Posada resalt\u00f3 hoy en el Senado, durante el debate de una moci\u00f3n socialista sobre energ\u00eda, que \u201cFORO apuesta por un Pacto de Estado de la Energ\u00eda, a partir del di\u00e1logo de todas las fuerzas pol\u00edticas y los representantes de la sociedad civil. Es necesario bajar los precios de la electricidad, dotar de\" \/>\n\t<meta name=\"robots\" content=\"max-image-preview:large\" \/>\n\t<meta name=\"author\" content=\"El Digital de Asturias\"\/>\n\t<meta name=\"google-site-verification\" content=\"UA-38556648-1\" \/>\n\t<meta name=\"msvalidate.01\" content=\"7dfe9f3f1b24437ab69f4f2559babe99\" \/>\n\t<meta name=\"keywords\" content=\"destacadas\" \/>\n\t<link rel=\"canonical\" href=\"https:\/\/www.eldigitaldeasturias.com\/noticias\/dominguez-de-posada-el-pacto-por-la-energia-tiene-que-incluir-al-carbon\/\" \/>\n\t<meta name=\"generator\" content=\"All in One SEO Pro (AIOSEO) 4.9.6.2\" \/>\n\t\t<meta property=\"og:locale\" content=\"es_ES\" \/>\n\t\t<meta property=\"og:site_name\" content=\"El Digital de Asturias\" \/>\n\t\t<meta property=\"og:type\" content=\"article\" \/>\n\t\t<meta property=\"og:title\" content=\"Dom\u00ednguez de Posada: \u201cEl Pacto por la Energ\u00eda tiene que incluir al carb\u00f3n\u00bb - El Digital de Asturias\" \/>\n\t\t<meta property=\"og:description\" content=\"Rosa Dom\u00ednguez de Posada resalt\u00f3 hoy en el Senado, durante el debate de una moci\u00f3n socialista sobre energ\u00eda, que \u201cFORO apuesta por un Pacto de Estado de la Energ\u00eda, a partir del di\u00e1logo de todas las fuerzas pol\u00edticas y los representantes de la sociedad civil. Es necesario bajar los precios de la electricidad, dotar de\" \/>\n\t\t<meta property=\"og:url\" content=\"https:\/\/www.eldigitaldeasturias.com\/noticias\/dominguez-de-posada-el-pacto-por-la-energia-tiene-que-incluir-al-carbon\/\" \/>\n\t\t<meta property=\"og:image\" content=\"https:\/\/www.eldigitaldeasturias.com\/noticias\/wp-content\/uploads\/2013\/09\/carbon_20130920131909_800.jpg\" \/>\n\t\t<meta property=\"og:image:secure_url\" content=\"https:\/\/www.eldigitaldeasturias.com\/noticias\/wp-content\/uploads\/2013\/09\/carbon_20130920131909_800.jpg\" \/>\n\t\t<meta property=\"og:image:width\" content=\"750\" \/>\n\t\t<meta property=\"og:image:height\" content=\"500\" \/>\n\t\t<meta property=\"article:tag\" content=\"destacadas\" \/>\n\t\t<meta property=\"article:published_time\" content=\"2017-02-08T21:57:12+00:00\" \/>\n\t\t<meta property=\"article:modified_time\" content=\"2017-02-08T21:57:12+00:00\" \/>\n\t\t<meta property=\"article:publisher\" content=\"https:\/\/facebook.com\/eldigitaldeasturias\" \/>\n\t\t<meta name=\"twitter:card\" content=\"summary_large_image\" \/>\n\t\t<meta name=\"twitter:title\" content=\"Dom\u00ednguez de Posada: \u201cEl Pacto por la Energ\u00eda tiene que incluir al carb\u00f3n\u00bb - El Digital de Asturias\" \/>\n\t\t<meta name=\"twitter:description\" content=\"Rosa Dom\u00ednguez de Posada resalt\u00f3 hoy en el Senado, durante el debate de una moci\u00f3n socialista sobre energ\u00eda, que \u201cFORO apuesta por un Pacto de Estado de la Energ\u00eda, a partir del di\u00e1logo de todas las fuerzas pol\u00edticas y los representantes de la sociedad civil. Es necesario bajar los precios de la electricidad, dotar de\" \/>\n\t\t<meta name=\"twitter:image\" content=\"https:\/\/www.eldigitaldeasturias.com\/noticias\/wp-content\/uploads\/2013\/09\/carbon_20130920131909_800.jpg\" \/>\n\t\t<meta name=\"twitter:label1\" content=\"Escrito por\" \/>\n\t\t<meta name=\"twitter:data1\" content=\"El Digital de Asturias\" \/>\n\t\t<meta name=\"twitter:label2\" content=\"Tiempo de lectura estimado\" \/>\n\t\t<meta name=\"twitter:data2\" content=\"1 minuto\" \/>\n\t\t<script type=\"application\/ld+json\" class=\"aioseo-schema\">\n\t\t\t{\"@context\":\"https:\\\/\\\/schema.org\",\"@graph\":[{\"@type\":\"BlogPosting\",\"@id\":\"https:\\\/\\\/www.eldigitaldeasturias.com\\\/noticias\\\/dominguez-de-posada-el-pacto-por-la-energia-tiene-que-incluir-al-carbon\\\/#blogposting\",\"name\":\"Dom\\u00ednguez de Posada: \\u201cEl Pacto por la Energ\\u00eda tiene que incluir al carb\\u00f3n\\u00bb - El Digital de Asturias\",\"headline\":\"Dom\\u00ednguez de Posada: \\u201cEl Pacto por la Energ\\u00eda tiene que incluir al carb\\u00f3n\\u00bb\",\"author\":{\"@id\":\"https:\\\/\\\/www.eldigitaldeasturias.com\\\/noticias\\\/author\\\/admin\\\/#author\"},\"publisher\":{\"@id\":\"https:\\\/\\\/www.eldigitaldeasturias.com\\\/noticias\\\/#organization\"},\"image\":{\"@type\":\"ImageObject\",\"url\":\"https:\\\/\\\/www.eldigitaldeasturias.com\\\/noticias\\\/wp-content\\\/uploads\\\/2013\\\/09\\\/carbon_20130920131909_800.jpg\",\"width\":750,\"height\":500},\"datePublished\":\"2017-02-08T21:57:12+01:00\",\"dateModified\":\"2017-02-08T21:57:12+01:00\",\"inLanguage\":\"es-ES\",\"mainEntityOfPage\":{\"@id\":\"https:\\\/\\\/www.eldigitaldeasturias.com\\\/noticias\\\/dominguez-de-posada-el-pacto-por-la-energia-tiene-que-incluir-al-carbon\\\/#webpage\"},\"isPartOf\":{\"@id\":\"https:\\\/\\\/www.eldigitaldeasturias.com\\\/noticias\\\/dominguez-de-posada-el-pacto-por-la-energia-tiene-que-incluir-al-carbon\\\/#webpage\"},\"articleSection\":\"Destacadas\"},{\"@type\":\"BreadcrumbList\",\"@id\":\"https:\\\/\\\/www.eldigitaldeasturias.com\\\/noticias\\\/dominguez-de-posada-el-pacto-por-la-energia-tiene-que-incluir-al-carbon\\\/#breadcrumblist\",\"itemListElement\":[{\"@type\":\"ListItem\",\"@id\":\"https:\\\/\\\/www.eldigitaldeasturias.com\\\/noticias#listItem\",\"position\":1,\"name\":\"Home\",\"item\":\"https:\\\/\\\/www.eldigitaldeasturias.com\\\/noticias\",\"nextItem\":{\"@type\":\"ListItem\",\"@id\":\"https:\\\/\\\/www.eldigitaldeasturias.com\\\/noticias\\\/category\\\/destacadas\\\/#listItem\",\"name\":\"Destacadas\"}},{\"@type\":\"ListItem\",\"@id\":\"https:\\\/\\\/www.eldigitaldeasturias.com\\\/noticias\\\/category\\\/destacadas\\\/#listItem\",\"position\":2,\"name\":\"Destacadas\",\"item\":\"https:\\\/\\\/www.eldigitaldeasturias.com\\\/noticias\\\/category\\\/destacadas\\\/\",\"nextItem\":{\"@type\":\"ListItem\",\"@id\":\"https:\\\/\\\/www.eldigitaldeasturias.com\\\/noticias\\\/dominguez-de-posada-el-pacto-por-la-energia-tiene-que-incluir-al-carbon\\\/#listItem\",\"name\":\"Dom\\u00ednguez de Posada: \\u201cEl Pacto por la Energ\\u00eda tiene que incluir al carb\\u00f3n\\u00bb\"},\"previousItem\":{\"@type\":\"ListItem\",\"@id\":\"https:\\\/\\\/www.eldigitaldeasturias.com\\\/noticias#listItem\",\"name\":\"Home\"}},{\"@type\":\"ListItem\",\"@id\":\"https:\\\/\\\/www.eldigitaldeasturias.com\\\/noticias\\\/dominguez-de-posada-el-pacto-por-la-energia-tiene-que-incluir-al-carbon\\\/#listItem\",\"position\":3,\"name\":\"Dom\\u00ednguez de Posada: \\u201cEl Pacto por la Energ\\u00eda tiene que incluir al carb\\u00f3n\\u00bb\",\"previousItem\":{\"@type\":\"ListItem\",\"@id\":\"https:\\\/\\\/www.eldigitaldeasturias.com\\\/noticias\\\/category\\\/destacadas\\\/#listItem\",\"name\":\"Destacadas\"}}]},{\"@type\":\"Organization\",\"@id\":\"https:\\\/\\\/www.eldigitaldeasturias.com\\\/noticias\\\/#organization\",\"name\":\"El Digital de Asturias\",\"description\":\"Hemeroteca\",\"url\":\"https:\\\/\\\/www.eldigitaldeasturias.com\\\/noticias\\\/\",\"email\":\"info@eldigitaldeasturias.com\",\"telephone\":\"+34652131393\",\"logo\":{\"@type\":\"ImageObject\",\"url\":\"https:\\\/\\\/www.eldigitaldeasturias.com\\\/noticias\\\/wp-content\\\/uploads\\\/2020\\\/12\\\/EDA.jpg\",\"@id\":\"https:\\\/\\\/www.eldigitaldeasturias.com\\\/noticias\\\/dominguez-de-posada-el-pacto-por-la-energia-tiene-que-incluir-al-carbon\\\/#organizationLogo\",\"width\":649,\"height\":297},\"image\":{\"@id\":\"https:\\\/\\\/www.eldigitaldeasturias.com\\\/noticias\\\/dominguez-de-posada-el-pacto-por-la-energia-tiene-que-incluir-al-carbon\\\/#organizationLogo\"},\"sameAs\":[\"https:\\\/\\\/facebook.com\\\/eldigitaldeasturias\",\"https:\\\/\\\/www.youtube.com\\\/channel\\\/UCZP-2wLEB9Rv6erhFmqVnvg\"],\"address\":{\"@id\":\"https:\\\/\\\/www.eldigitaldeasturias.com\\\/noticias\\\/#postaladdress\",\"@type\":\"PostalAddress\",\"streetAddress\":\"san antonio 4,\",\"postalCode\":\"33430\",\"addressLocality\":\"Cand\\u00e1s\",\"addressRegion\":\"Asturias\",\"addressCountry\":\"ES\"}},{\"@type\":\"Person\",\"@id\":\"https:\\\/\\\/www.eldigitaldeasturias.com\\\/noticias\\\/author\\\/admin\\\/#author\",\"url\":\"https:\\\/\\\/www.eldigitaldeasturias.com\\\/noticias\\\/author\\\/admin\\\/\",\"name\":\"El Digital de Asturias\",\"image\":{\"@type\":\"ImageObject\",\"@id\":\"https:\\\/\\\/www.eldigitaldeasturias.com\\\/noticias\\\/dominguez-de-posada-el-pacto-por-la-energia-tiene-que-incluir-al-carbon\\\/#authorImage\",\"url\":\"https:\\\/\\\/www.eldigitaldeasturias.com\\\/noticias\\\/wp-content\\\/litespeed\\\/avatar\\\/18677e78aa0546b92d9dbf31ec7d7668.jpg?ver=1777290358\",\"width\":96,\"height\":96,\"caption\":\"El Digital de Asturias\"}},{\"@type\":\"WebPage\",\"@id\":\"https:\\\/\\\/www.eldigitaldeasturias.com\\\/noticias\\\/dominguez-de-posada-el-pacto-por-la-energia-tiene-que-incluir-al-carbon\\\/#webpage\",\"url\":\"https:\\\/\\\/www.eldigitaldeasturias.com\\\/noticias\\\/dominguez-de-posada-el-pacto-por-la-energia-tiene-que-incluir-al-carbon\\\/\",\"name\":\"Dom\\u00ednguez de Posada: \\u201cEl Pacto por la Energ\\u00eda tiene que incluir al carb\\u00f3n\\u00bb - El Digital de Asturias\",\"description\":\"Rosa Dom\\u00ednguez de Posada resalt\\u00f3 hoy en el Senado, durante el debate de una moci\\u00f3n socialista sobre energ\\u00eda, que \\u201cFORO apuesta por un Pacto de Estado de la Energ\\u00eda, a partir del di\\u00e1logo de todas las fuerzas pol\\u00edticas y los representantes de la sociedad civil. Es necesario bajar los precios de la electricidad, dotar de\",\"inLanguage\":\"es-ES\",\"isPartOf\":{\"@id\":\"https:\\\/\\\/www.eldigitaldeasturias.com\\\/noticias\\\/#website\"},\"breadcrumb\":{\"@id\":\"https:\\\/\\\/www.eldigitaldeasturias.com\\\/noticias\\\/dominguez-de-posada-el-pacto-por-la-energia-tiene-que-incluir-al-carbon\\\/#breadcrumblist\"},\"author\":{\"@id\":\"https:\\\/\\\/www.eldigitaldeasturias.com\\\/noticias\\\/author\\\/admin\\\/#author\"},\"creator\":{\"@id\":\"https:\\\/\\\/www.eldigitaldeasturias.com\\\/noticias\\\/author\\\/admin\\\/#author\"},\"image\":{\"@type\":\"ImageObject\",\"url\":\"https:\\\/\\\/www.eldigitaldeasturias.com\\\/noticias\\\/wp-content\\\/uploads\\\/2013\\\/09\\\/carbon_20130920131909_800.jpg\",\"@id\":\"https:\\\/\\\/www.eldigitaldeasturias.com\\\/noticias\\\/dominguez-de-posada-el-pacto-por-la-energia-tiene-que-incluir-al-carbon\\\/#mainImage\",\"width\":750,\"height\":500},\"primaryImageOfPage\":{\"@id\":\"https:\\\/\\\/www.eldigitaldeasturias.com\\\/noticias\\\/dominguez-de-posada-el-pacto-por-la-energia-tiene-que-incluir-al-carbon\\\/#mainImage\"},\"datePublished\":\"2017-02-08T21:57:12+01:00\",\"dateModified\":\"2017-02-08T21:57:12+01:00\"},{\"@type\":\"WebSite\",\"@id\":\"https:\\\/\\\/www.eldigitaldeasturias.com\\\/noticias\\\/#website\",\"url\":\"https:\\\/\\\/www.eldigitaldeasturias.com\\\/noticias\\\/\",\"name\":\"El Digital de Asturias - Diario de actualidad y noticias\",\"alternateName\":\"El Digital de Asturias - Diario de actualidad y noticias\",\"description\":\"Hemeroteca\",\"inLanguage\":\"es-ES\",\"publisher\":{\"@id\":\"https:\\\/\\\/www.eldigitaldeasturias.com\\\/noticias\\\/#organization\"}}]}\n\t\t<\/script>\n\t\t<!-- All in One SEO Pro -->\r\n\t\t<title>Dom\u00ednguez de Posada: \u201cEl Pacto por la Energ\u00eda tiene que incluir al carb\u00f3n\u00bb - El Digital de Asturias<\/title>\n\n","aioseo_head_json":{"title":"Dom\u00ednguez de Posada: \u201cEl Pacto por la Energ\u00eda tiene que incluir al carb\u00f3n\u00bb - El Digital de Asturias","description":"Rosa Dom\u00ednguez de Posada resalt\u00f3 hoy en el Senado, durante el debate de una moci\u00f3n socialista sobre energ\u00eda, que \u201cFORO apuesta por un Pacto de Estado de la Energ\u00eda, a partir del di\u00e1logo de todas las fuerzas pol\u00edticas y los representantes de la sociedad civil. Es necesario bajar los precios de la electricidad, dotar de","canonical_url":"https:\/\/www.eldigitaldeasturias.com\/noticias\/dominguez-de-posada-el-pacto-por-la-energia-tiene-que-incluir-al-carbon\/","robots":"max-image-preview:large","keywords":"destacadas","webmasterTools":{"google-site-verification":"UA-38556648-1","msvalidate.01":"7dfe9f3f1b24437ab69f4f2559babe99","miscellaneous":""},"schema":{"@context":"https:\/\/schema.org","@graph":[{"@type":"BlogPosting","@id":"https:\/\/www.eldigitaldeasturias.com\/noticias\/dominguez-de-posada-el-pacto-por-la-energia-tiene-que-incluir-al-carbon\/#blogposting","name":"Dom\u00ednguez de Posada: \u201cEl Pacto por la Energ\u00eda tiene que incluir al carb\u00f3n\u00bb - El Digital de Asturias","headline":"Dom\u00ednguez de Posada: \u201cEl Pacto por la Energ\u00eda tiene que incluir al carb\u00f3n\u00bb","author":{"@id":"https:\/\/www.eldigitaldeasturias.com\/noticias\/author\/admin\/#author"},"publisher":{"@id":"https:\/\/www.eldigitaldeasturias.com\/noticias\/#organization"},"image":{"@type":"ImageObject","url":"https:\/\/www.eldigitaldeasturias.com\/noticias\/wp-content\/uploads\/2013\/09\/carbon_20130920131909_800.jpg","width":750,"height":500},"datePublished":"2017-02-08T21:57:12+01:00","dateModified":"2017-02-08T21:57:12+01:00","inLanguage":"es-ES","mainEntityOfPage":{"@id":"https:\/\/www.eldigitaldeasturias.com\/noticias\/dominguez-de-posada-el-pacto-por-la-energia-tiene-que-incluir-al-carbon\/#webpage"},"isPartOf":{"@id":"https:\/\/www.eldigitaldeasturias.com\/noticias\/dominguez-de-posada-el-pacto-por-la-energia-tiene-que-incluir-al-carbon\/#webpage"},"articleSection":"Destacadas"},{"@type":"BreadcrumbList","@id":"https:\/\/www.eldigitaldeasturias.com\/noticias\/dominguez-de-posada-el-pacto-por-la-energia-tiene-que-incluir-al-carbon\/#breadcrumblist","itemListElement":[{"@type":"ListItem","@id":"https:\/\/www.eldigitaldeasturias.com\/noticias#listItem","position":1,"name":"Home","item":"https:\/\/www.eldigitaldeasturias.com\/noticias","nextItem":{"@type":"ListItem","@id":"https:\/\/www.eldigitaldeasturias.com\/noticias\/category\/destacadas\/#listItem","name":"Destacadas"}},{"@type":"ListItem","@id":"https:\/\/www.eldigitaldeasturias.com\/noticias\/category\/destacadas\/#listItem","position":2,"name":"Destacadas","item":"https:\/\/www.eldigitaldeasturias.com\/noticias\/category\/destacadas\/","nextItem":{"@type":"ListItem","@id":"https:\/\/www.eldigitaldeasturias.com\/noticias\/dominguez-de-posada-el-pacto-por-la-energia-tiene-que-incluir-al-carbon\/#listItem","name":"Dom\u00ednguez de Posada: \u201cEl Pacto por la Energ\u00eda tiene que incluir al carb\u00f3n\u00bb"},"previousItem":{"@type":"ListItem","@id":"https:\/\/www.eldigitaldeasturias.com\/noticias#listItem","name":"Home"}},{"@type":"ListItem","@id":"https:\/\/www.eldigitaldeasturias.com\/noticias\/dominguez-de-posada-el-pacto-por-la-energia-tiene-que-incluir-al-carbon\/#listItem","position":3,"name":"Dom\u00ednguez de Posada: \u201cEl Pacto por la Energ\u00eda tiene que incluir al carb\u00f3n\u00bb","previousItem":{"@type":"ListItem","@id":"https:\/\/www.eldigitaldeasturias.com\/noticias\/category\/destacadas\/#listItem","name":"Destacadas"}}]},{"@type":"Organization","@id":"https:\/\/www.eldigitaldeasturias.com\/noticias\/#organization","name":"El Digital de Asturias","description":"Hemeroteca","url":"https:\/\/www.eldigitaldeasturias.com\/noticias\/","email":"info@eldigitaldeasturias.com","telephone":"+34652131393","logo":{"@type":"ImageObject","url":"https:\/\/www.eldigitaldeasturias.com\/noticias\/wp-content\/uploads\/2020\/12\/EDA.jpg","@id":"https:\/\/www.eldigitaldeasturias.com\/noticias\/dominguez-de-posada-el-pacto-por-la-energia-tiene-que-incluir-al-carbon\/#organizationLogo","width":649,"height":297},"image":{"@id":"https:\/\/www.eldigitaldeasturias.com\/noticias\/dominguez-de-posada-el-pacto-por-la-energia-tiene-que-incluir-al-carbon\/#organizationLogo"},"sameAs":["https:\/\/facebook.com\/eldigitaldeasturias","https:\/\/www.youtube.com\/channel\/UCZP-2wLEB9Rv6erhFmqVnvg"],"address":{"@id":"https:\/\/www.eldigitaldeasturias.com\/noticias\/#postaladdress","@type":"PostalAddress","streetAddress":"san antonio 4,","postalCode":"33430","addressLocality":"Cand\u00e1s","addressRegion":"Asturias","addressCountry":"ES"}},{"@type":"Person","@id":"https:\/\/www.eldigitaldeasturias.com\/noticias\/author\/admin\/#author","url":"https:\/\/www.eldigitaldeasturias.com\/noticias\/author\/admin\/","name":"El Digital de Asturias","image":{"@type":"ImageObject","@id":"https:\/\/www.eldigitaldeasturias.com\/noticias\/dominguez-de-posada-el-pacto-por-la-energia-tiene-que-incluir-al-carbon\/#authorImage","url":"https:\/\/www.eldigitaldeasturias.com\/noticias\/wp-content\/litespeed\/avatar\/18677e78aa0546b92d9dbf31ec7d7668.jpg?ver=1777290358","width":96,"height":96,"caption":"El Digital de Asturias"}},{"@type":"WebPage","@id":"https:\/\/www.eldigitaldeasturias.com\/noticias\/dominguez-de-posada-el-pacto-por-la-energia-tiene-que-incluir-al-carbon\/#webpage","url":"https:\/\/www.eldigitaldeasturias.com\/noticias\/dominguez-de-posada-el-pacto-por-la-energia-tiene-que-incluir-al-carbon\/","name":"Dom\u00ednguez de Posada: \u201cEl Pacto por la Energ\u00eda tiene que incluir al carb\u00f3n\u00bb - El Digital de Asturias","description":"Rosa Dom\u00ednguez de Posada resalt\u00f3 hoy en el Senado, durante el debate de una moci\u00f3n socialista sobre energ\u00eda, que \u201cFORO apuesta por un Pacto de Estado de la Energ\u00eda, a partir del di\u00e1logo de todas las fuerzas pol\u00edticas y los representantes de la sociedad civil. Es necesario bajar los precios de la electricidad, dotar de","inLanguage":"es-ES","isPartOf":{"@id":"https:\/\/www.eldigitaldeasturias.com\/noticias\/#website"},"breadcrumb":{"@id":"https:\/\/www.eldigitaldeasturias.com\/noticias\/dominguez-de-posada-el-pacto-por-la-energia-tiene-que-incluir-al-carbon\/#breadcrumblist"},"author":{"@id":"https:\/\/www.eldigitaldeasturias.com\/noticias\/author\/admin\/#author"},"creator":{"@id":"https:\/\/www.eldigitaldeasturias.com\/noticias\/author\/admin\/#author"},"image":{"@type":"ImageObject","url":"https:\/\/www.eldigitaldeasturias.com\/noticias\/wp-content\/uploads\/2013\/09\/carbon_20130920131909_800.jpg","@id":"https:\/\/www.eldigitaldeasturias.com\/noticias\/dominguez-de-posada-el-pacto-por-la-energia-tiene-que-incluir-al-carbon\/#mainImage","width":750,"height":500},"primaryImageOfPage":{"@id":"https:\/\/www.eldigitaldeasturias.com\/noticias\/dominguez-de-posada-el-pacto-por-la-energia-tiene-que-incluir-al-carbon\/#mainImage"},"datePublished":"2017-02-08T21:57:12+01:00","dateModified":"2017-02-08T21:57:12+01:00"},{"@type":"WebSite","@id":"https:\/\/www.eldigitaldeasturias.com\/noticias\/#website","url":"https:\/\/www.eldigitaldeasturias.com\/noticias\/","name":"El Digital de Asturias - Diario de actualidad y noticias","alternateName":"El Digital de Asturias - Diario de actualidad y noticias","description":"Hemeroteca","inLanguage":"es-ES","publisher":{"@id":"https:\/\/www.eldigitaldeasturias.com\/noticias\/#organization"}}]},"og:locale":"es_ES","og:site_name":"El Digital de Asturias","og:type":"article","og:title":"Dom\u00ednguez de Posada: \u201cEl Pacto por la Energ\u00eda tiene que incluir al carb\u00f3n\u00bb - El Digital de Asturias","og:description":"Rosa Dom\u00ednguez de Posada resalt\u00f3 hoy en el Senado, durante el debate de una moci\u00f3n socialista sobre energ\u00eda, que \u201cFORO apuesta por un Pacto de Estado de la Energ\u00eda, a partir del di\u00e1logo de todas las fuerzas pol\u00edticas y los representantes de la sociedad civil. Es necesario bajar los precios de la electricidad, dotar de","og:url":"https:\/\/www.eldigitaldeasturias.com\/noticias\/dominguez-de-posada-el-pacto-por-la-energia-tiene-que-incluir-al-carbon\/","og:image":"https:\/\/www.eldigitaldeasturias.com\/noticias\/wp-content\/uploads\/2013\/09\/carbon_20130920131909_800.jpg","og:image:secure_url":"https:\/\/www.eldigitaldeasturias.com\/noticias\/wp-content\/uploads\/2013\/09\/carbon_20130920131909_800.jpg","og:image:width":750,"og:image:height":500,"article:tag":["destacadas"],"article:published_time":"2017-02-08T21:57:12+00:00","article:modified_time":"2017-02-08T21:57:12+00:00","article:publisher":"https:\/\/facebook.com\/eldigitaldeasturias","twitter:card":"summary_large_image","twitter:title":"Dom\u00ednguez de Posada: \u201cEl Pacto por la Energ\u00eda tiene que incluir al carb\u00f3n\u00bb - El Digital de Asturias","twitter:description":"Rosa Dom\u00ednguez de Posada resalt\u00f3 hoy en el Senado, durante el debate de una moci\u00f3n socialista sobre energ\u00eda, que \u201cFORO apuesta por un Pacto de Estado de la Energ\u00eda, a partir del di\u00e1logo de todas las fuerzas pol\u00edticas y los representantes de la sociedad civil. Es necesario bajar los precios de la electricidad, dotar de","twitter:image":"https:\/\/www.eldigitaldeasturias.com\/noticias\/wp-content\/uploads\/2013\/09\/carbon_20130920131909_800.jpg","twitter:label1":"Escrito por","twitter:data1":"El Digital de Asturias","twitter:label2":"Tiempo de lectura estimado","twitter:data2":"1 minuto"},"aioseo_meta_data":{"post_id":"925345","title":null,"description":null,"keywords":null,"keyphrases":null,"primary_term":null,"canonical_url":null,"og_title":null,"og_description":null,"og_object_type":"default","og_image_type":"default","og_image_url":null,"og_image_width":null,"og_image_height":null,"og_image_custom_url":null,"og_image_custom_fields":null,"og_video":null,"og_custom_url":null,"og_article_section":null,"og_article_tags":null,"twitter_use_og":false,"twitter_card":"default","twitter_image_type":"default","twitter_image_url":null,"twitter_image_custom_url":null,"twitter_image_custom_fields":null,"twitter_title":null,"twitter_description":null,"schema":{"blockGraphs":[],"customGraphs":[],"default":{"data":{"Article":[],"Course":[],"Dataset":[],"FAQPage":[],"Movie":[],"Person":[],"Product":[],"ProductReview":[],"Car":[],"Recipe":[],"Service":[],"SoftwareApplication":[],"WebPage":[]},"graphName":"","isEnabled":true},"graphs":[],"defaultGraph":"","defaultPostTypeGraph":""},"schema_type":null,"schema_type_options":null,"pillar_content":false,"robots_default":true,"robots_noindex":false,"robots_noarchive":false,"robots_nosnippet":false,"robots_nofollow":false,"robots_noimageindex":false,"robots_noodp":false,"robots_notranslate":false,"robots_max_snippet":null,"robots_max_videopreview":null,"robots_max_imagepreview":"large","priority":null,"frequency":null,"local_seo":null,"seo_analyzer_scan_date":"2025-12-03 03:21:25","breadcrumb_settings":null,"limit_modified_date":false,"open_ai":null,"ai":null,"created":"2020-12-21 13:39:56","updated":"2025-12-03 03:21:25"},"aioseo_breadcrumb":"<div class=\"aioseo-breadcrumbs\"><span class=\"aioseo-breadcrumb\">\n\t<a href=\"https:\/\/www.eldigitaldeasturias.com\/noticias\" title=\"Home\">Home<\/a>\n<\/span><span class=\"aioseo-breadcrumb-separator\">\u2013<\/span><span class=\"aioseo-breadcrumb\">\n\t<a href=\"https:\/\/www.eldigitaldeasturias.com\/noticias\/category\/destacadas\/\" title=\"Destacadas\">Destacadas<\/a>\n<\/span><span class=\"aioseo-breadcrumb-separator\">\u2013<\/span><span class=\"aioseo-breadcrumb\">\n\t<a href=\"https:\/\/www.eldigitaldeasturias.com\/noticias\/dominguez-de-posada-el-pacto-por-la-energia-tiene-que-incluir-al-carbon\/\" title=\"Dom\u00ednguez de Posada: \u201cEl Pacto por la Energ\u00eda tiene que incluir al carb\u00f3n\u00bb\">Dom\u00ednguez de Posada: \u201cEl Pacto por la Energ\u00eda tiene que incluir al carb\u00f3n\u00bb<\/a>\n<\/span><\/div>","aioseo_breadcrumb_json":[{"label":"Home","link":"https:\/\/www.eldigitaldeasturias.com\/noticias"},{"label":"Destacadas","link":"https:\/\/www.eldigitaldeasturias.com\/noticias\/category\/destacadas\/"},{"label":"Dom\u00ednguez de Posada: \u201cEl Pacto por la Energ\u00eda tiene que incluir al carb\u00f3n\u00bb","link":"https:\/\/www.eldigitaldeasturias.com\/noticias\/dominguez-de-posada-el-pacto-por-la-energia-tiene-que-incluir-al-carbon\/"}],"_links":{"self":[{"href":"https:\/\/www.eldigitaldeasturias.com\/noticias\/wp-json\/wp\/v2\/posts\/925345","targetHints":{"allow":["GET"]}}],"collection":[{"href":"https:\/\/www.eldigitaldeasturias.com\/noticias\/wp-json\/wp\/v2\/posts"}],"about":[{"href":"https:\/\/www.eldigitaldeasturias.com\/noticias\/wp-json\/wp\/v2\/types\/post"}],"author":[{"embeddable":true,"href":"https:\/\/www.eldigitaldeasturias.com\/noticias\/wp-json\/wp\/v2\/users\/1"}],"replies":[{"embeddable":true,"href":"https:\/\/www.eldigitaldeasturias.com\/noticias\/wp-json\/wp\/v2\/comments?post=925345"}],"version-history":[{"count":0,"href":"https:\/\/www.eldigitaldeasturias.com\/noticias\/wp-json\/wp\/v2\/posts\/925345\/revisions"}],"wp:featuredmedia":[{"embeddable":true,"href":"https:\/\/www.eldigitaldeasturias.com\/noticias\/wp-json\/wp\/v2\/media\/1018"}],"wp:attachment":[{"href":"https:\/\/www.eldigitaldeasturias.com\/noticias\/wp-json\/wp\/v2\/media?parent=925345"}],"wp:term":[{"taxonomy":"category","embeddable":true,"href":"https:\/\/www.eldigitaldeasturias.com\/noticias\/wp-json\/wp\/v2\/categories?post=925345"},{"taxonomy":"post_tag","embeddable":true,"href":"https:\/\/www.eldigitaldeasturias.com\/noticias\/wp-json\/wp\/v2\/tags?post=925345"}],"curies":[{"name":"wp","href":"https:\/\/api.w.org\/{rel}","templated":true}]}}