{"id":925280,"date":"2017-02-08T00:00:44","date_gmt":"2017-02-08T00:00:44","guid":{"rendered":"http:\/\/www.eldigitaldeasturias.com\/noticias\/?p=925280"},"modified":"2017-02-08T00:00:44","modified_gmt":"2017-02-08T00:00:44","slug":"carmen-fernandez-pide-soluciones-para-los-parados-de-larga-duracion-asturianos","status":"publish","type":"post","link":"https:\/\/www.eldigitaldeasturias.com\/noticias\/carmen-fernandez-pide-soluciones-para-los-parados-de-larga-duracion-asturianos\/","title":{"rendered":"Carmen Fern\u00e1ndez pide soluciones para los parados de larga duraci\u00f3n asturianos"},"content":{"rendered":"<p><img loading=\"lazy\" decoding=\"async\" class=\"alignleft size-medium wp-image-921474\" src=\"https:\/\/www.eldigitaldeasturias.com\/noticias\/wp-content\/uploads\/2017\/01\/carmen-fdz-FORO-360x220.jpg\" alt=\"\" width=\"360\" height=\"220\" srcset=\"https:\/\/www.eldigitaldeasturias.com\/noticias\/wp-content\/uploads\/2017\/01\/carmen-fdz-FORO-360x220.jpg 360w, https:\/\/www.eldigitaldeasturias.com\/noticias\/wp-content\/uploads\/2017\/01\/carmen-fdz-FORO-480x293.jpg 480w, https:\/\/www.eldigitaldeasturias.com\/noticias\/wp-content\/uploads\/2017\/01\/carmen-fdz-FORO-768x468.jpg 768w, https:\/\/www.eldigitaldeasturias.com\/noticias\/wp-content\/uploads\/2017\/01\/carmen-fdz-FORO-690x421.jpg 690w, https:\/\/www.eldigitaldeasturias.com\/noticias\/wp-content\/uploads\/2017\/01\/carmen-fdz-FORO-20x12.jpg 20w, https:\/\/www.eldigitaldeasturias.com\/noticias\/wp-content\/uploads\/2017\/01\/carmen-fdz-FORO.jpg 800w\" sizes=\"auto, (max-width: 360px) 100vw, 360px\" \/>La diputada de FORO y portavoz de Empleo, Carmen Fern\u00e1ndez, abord\u00f3 hoy en la Comisi\u00f3n de Empleo, Industria y Turismo celebrada en la Junta General el problema de los parados de larga duraci\u00f3n con el debate de una moci\u00f3n de FORO que fue rechazada por los votos en contra de PSOE, Podemos e IU. Carmen Fern\u00e1ndez manifest\u00f3 que \u201cal gobierno de Javier Fern\u00e1ndez le falta de sensibilidad con los parados de larga duraci\u00f3n y eso se refleja en las decenas de miles que no cobran ninguna prestaci\u00f3n y en la falta de medidas encaminadas a facilitar la inserci\u00f3n laboral de este colectivo. Creemos que es mas que urgente y necesario incentivar la contrataci\u00f3n indefinida de estas personas, cuyas situaci\u00f3n de paro se eterniza y su prestaci\u00f3n se termina, pese a haberse formado seg\u00fan las recomendaciones del propio Servicio P\u00fablico de Empleo\u201d, dijo.<\/p>\n<p>Carmen Fern\u00e1ndez explic\u00f3 que \u201ccuando FORO present\u00f3 la propuesta de apoyo a los parados de larga duraci\u00f3n fue en agosto y se tomaban como referencia los datos de la EPA del primer trimestre por los que conoc\u00edamos que Asturias estaba peor que la media nacional, con un diferencial negativo de 2,7% frente a la media nacional. Hoy \u2013continu\u00f3 Carmen Fern\u00e1ndez- el numero de personas que se eternizan en las listas del paro aumenta: si el a\u00f1o pasado el diferencial como les he dicho era de un 2.7%, ahora mismo con los \u00faltimos datos de la EPA, la Encuesta de Poblaci\u00f3n Activa, por comparar la misma fuente, seg\u00fan la \u00faltima publicada correspondiente al cuarto trimestre del 2016, nuestra divergencia con la media nacional ha pasado a un 4.1%. En Asturias el porcentaje de parados de larga duraci\u00f3n es del 45.6% frente al 41.5% de la media de Espa\u00f1a. Esto es muy preocupante porque nos aleja de la recuperaci\u00f3n, ya que los parados de larga duraci\u00f3n no solo son mas en Asturias que en Espa\u00f1a sino que sus esperas por un puesto de trabajo se eternizan, por lo que exigimos medidas urgentes por parte del ap\u00e1tico Gobierno de Javier Fern\u00e1ndez\u201d.<\/p>\n<p>\u201cDe cara a facilitar la empleabilidad del colectivo, desde FORO proponemos bonificaciones e incentivos fiscales, y entendemos que esto puede hacerse desde dos l\u00edneas, v\u00eda empresas y v\u00eda aut\u00f3nomos. Por un lado se pueden aplicar ayudas directas sobre las empresas que contraten parados de larga duraci\u00f3n en determinadas condiciones que garanticen su continuidad laboral en un periodo de tiempo razonable, y con bonificaciones sobre el Impuesto sobre la Renta de las Personas F\u00edsicas (IRPF) en el tramo auton\u00f3mico para los parados que opten por del autoempleo\u201d, concluy\u00f3 Carmen Fern\u00e1ndez.<\/p>\n<p>&nbsp;<\/p>\n<p>&nbsp;<\/p>\n","protected":false},"excerpt":{"rendered":"<p>La diputada de FORO y portavoz de Empleo, Carmen Fern\u00e1ndez, abord\u00f3 hoy en la Comisi\u00f3n de Empleo, Industria y Turismo celebrada en la Junta General el problema de los parados de larga duraci\u00f3n con el debate de una moci\u00f3n de FORO que fue rechazada por los votos en contra de PSOE, Podemos e IU. Carmen [&hellip;]<\/p>\n","protected":false},"author":1,"featured_media":921474,"comment_status":"closed","ping_status":"closed","sticky":false,"template":"","format":"standard","meta":{"footnotes":""},"categories":[141],"tags":[],"class_list":["post-925280","post","type-post","status-publish","format-standard","has-post-thumbnail","hentry","category-destacadas"],"aioseo_notices":[],"aioseo_head":"\n\t\t<!-- All in One SEO Pro 4.9.6.2 - aioseo.com -->\n\t<meta name=\"description\" content=\"La diputada de FORO y portavoz de Empleo, Carmen Fern\u00e1ndez, abord\u00f3 hoy en la Comisi\u00f3n de Empleo, Industria y Turismo celebrada en la Junta General el problema de los parados de larga duraci\u00f3n con el debate de una moci\u00f3n de FORO que fue rechazada por los votos en contra de PSOE, Podemos e IU. Carmen\" \/>\n\t<meta name=\"robots\" content=\"max-image-preview:large\" \/>\n\t<meta name=\"author\" content=\"El Digital de Asturias\"\/>\n\t<meta name=\"google-site-verification\" content=\"UA-38556648-1\" \/>\n\t<meta name=\"msvalidate.01\" content=\"7dfe9f3f1b24437ab69f4f2559babe99\" \/>\n\t<meta name=\"keywords\" content=\"destacadas\" \/>\n\t<link rel=\"canonical\" href=\"https:\/\/www.eldigitaldeasturias.com\/noticias\/carmen-fernandez-pide-soluciones-para-los-parados-de-larga-duracion-asturianos\/\" \/>\n\t<meta name=\"generator\" content=\"All in One SEO Pro (AIOSEO) 4.9.6.2\" \/>\n\t\t<meta property=\"og:locale\" content=\"es_ES\" \/>\n\t\t<meta property=\"og:site_name\" content=\"El Digital de Asturias\" \/>\n\t\t<meta property=\"og:type\" content=\"article\" \/>\n\t\t<meta property=\"og:title\" content=\"Carmen Fern\u00e1ndez pide soluciones para los parados de larga duraci\u00f3n asturianos - El Digital de Asturias\" \/>\n\t\t<meta property=\"og:description\" content=\"La diputada de FORO y portavoz de Empleo, Carmen Fern\u00e1ndez, abord\u00f3 hoy en la Comisi\u00f3n de Empleo, Industria y Turismo celebrada en la Junta General el problema de los parados de larga duraci\u00f3n con el debate de una moci\u00f3n de FORO que fue rechazada por los votos en contra de PSOE, Podemos e IU. Carmen\" \/>\n\t\t<meta property=\"og:url\" content=\"https:\/\/www.eldigitaldeasturias.com\/noticias\/carmen-fernandez-pide-soluciones-para-los-parados-de-larga-duracion-asturianos\/\" \/>\n\t\t<meta property=\"og:image\" content=\"https:\/\/www.eldigitaldeasturias.com\/noticias\/wp-content\/uploads\/2017\/01\/carmen-fdz-FORO.jpg\" \/>\n\t\t<meta property=\"og:image:secure_url\" content=\"https:\/\/www.eldigitaldeasturias.com\/noticias\/wp-content\/uploads\/2017\/01\/carmen-fdz-FORO.jpg\" \/>\n\t\t<meta property=\"og:image:width\" content=\"800\" \/>\n\t\t<meta property=\"og:image:height\" content=\"488\" \/>\n\t\t<meta property=\"article:tag\" content=\"destacadas\" \/>\n\t\t<meta property=\"article:published_time\" content=\"2017-02-08T00:00:44+00:00\" \/>\n\t\t<meta property=\"article:modified_time\" content=\"2017-02-08T00:00:44+00:00\" \/>\n\t\t<meta property=\"article:publisher\" content=\"https:\/\/facebook.com\/eldigitaldeasturias\" \/>\n\t\t<meta name=\"twitter:card\" content=\"summary_large_image\" \/>\n\t\t<meta name=\"twitter:title\" content=\"Carmen Fern\u00e1ndez pide soluciones para los parados de larga duraci\u00f3n asturianos - El Digital de Asturias\" \/>\n\t\t<meta name=\"twitter:description\" content=\"La diputada de FORO y portavoz de Empleo, Carmen Fern\u00e1ndez, abord\u00f3 hoy en la Comisi\u00f3n de Empleo, Industria y Turismo celebrada en la Junta General el problema de los parados de larga duraci\u00f3n con el debate de una moci\u00f3n de FORO que fue rechazada por los votos en contra de PSOE, Podemos e IU. Carmen\" \/>\n\t\t<meta name=\"twitter:image\" content=\"https:\/\/www.eldigitaldeasturias.com\/noticias\/wp-content\/uploads\/2017\/01\/carmen-fdz-FORO.jpg\" \/>\n\t\t<meta name=\"twitter:label1\" content=\"Escrito por\" \/>\n\t\t<meta name=\"twitter:data1\" content=\"El Digital de Asturias\" \/>\n\t\t<meta name=\"twitter:label2\" content=\"Tiempo de lectura estimado\" \/>\n\t\t<meta name=\"twitter:data2\" content=\"2 minutos\" \/>\n\t\t<script type=\"application\/ld+json\" class=\"aioseo-schema\">\n\t\t\t{\"@context\":\"https:\\\/\\\/schema.org\",\"@graph\":[{\"@type\":\"BlogPosting\",\"@id\":\"https:\\\/\\\/www.eldigitaldeasturias.com\\\/noticias\\\/carmen-fernandez-pide-soluciones-para-los-parados-de-larga-duracion-asturianos\\\/#blogposting\",\"name\":\"Carmen Fern\\u00e1ndez pide soluciones para los parados de larga duraci\\u00f3n asturianos - El Digital de Asturias\",\"headline\":\"Carmen Fern\\u00e1ndez pide soluciones para los parados de larga duraci\\u00f3n asturianos\",\"author\":{\"@id\":\"https:\\\/\\\/www.eldigitaldeasturias.com\\\/noticias\\\/author\\\/admin\\\/#author\"},\"publisher\":{\"@id\":\"https:\\\/\\\/www.eldigitaldeasturias.com\\\/noticias\\\/#organization\"},\"image\":{\"@type\":\"ImageObject\",\"url\":\"https:\\\/\\\/www.eldigitaldeasturias.com\\\/noticias\\\/wp-content\\\/uploads\\\/2017\\\/01\\\/carmen-fdz-FORO.jpg\",\"width\":800,\"height\":488},\"datePublished\":\"2017-02-08T00:00:44+01:00\",\"dateModified\":\"2017-02-08T00:00:44+01:00\",\"inLanguage\":\"es-ES\",\"mainEntityOfPage\":{\"@id\":\"https:\\\/\\\/www.eldigitaldeasturias.com\\\/noticias\\\/carmen-fernandez-pide-soluciones-para-los-parados-de-larga-duracion-asturianos\\\/#webpage\"},\"isPartOf\":{\"@id\":\"https:\\\/\\\/www.eldigitaldeasturias.com\\\/noticias\\\/carmen-fernandez-pide-soluciones-para-los-parados-de-larga-duracion-asturianos\\\/#webpage\"},\"articleSection\":\"Destacadas\"},{\"@type\":\"BreadcrumbList\",\"@id\":\"https:\\\/\\\/www.eldigitaldeasturias.com\\\/noticias\\\/carmen-fernandez-pide-soluciones-para-los-parados-de-larga-duracion-asturianos\\\/#breadcrumblist\",\"itemListElement\":[{\"@type\":\"ListItem\",\"@id\":\"https:\\\/\\\/www.eldigitaldeasturias.com\\\/noticias#listItem\",\"position\":1,\"name\":\"Home\",\"item\":\"https:\\\/\\\/www.eldigitaldeasturias.com\\\/noticias\",\"nextItem\":{\"@type\":\"ListItem\",\"@id\":\"https:\\\/\\\/www.eldigitaldeasturias.com\\\/noticias\\\/category\\\/destacadas\\\/#listItem\",\"name\":\"Destacadas\"}},{\"@type\":\"ListItem\",\"@id\":\"https:\\\/\\\/www.eldigitaldeasturias.com\\\/noticias\\\/category\\\/destacadas\\\/#listItem\",\"position\":2,\"name\":\"Destacadas\",\"item\":\"https:\\\/\\\/www.eldigitaldeasturias.com\\\/noticias\\\/category\\\/destacadas\\\/\",\"nextItem\":{\"@type\":\"ListItem\",\"@id\":\"https:\\\/\\\/www.eldigitaldeasturias.com\\\/noticias\\\/carmen-fernandez-pide-soluciones-para-los-parados-de-larga-duracion-asturianos\\\/#listItem\",\"name\":\"Carmen Fern\\u00e1ndez pide soluciones para los parados de larga duraci\\u00f3n asturianos\"},\"previousItem\":{\"@type\":\"ListItem\",\"@id\":\"https:\\\/\\\/www.eldigitaldeasturias.com\\\/noticias#listItem\",\"name\":\"Home\"}},{\"@type\":\"ListItem\",\"@id\":\"https:\\\/\\\/www.eldigitaldeasturias.com\\\/noticias\\\/carmen-fernandez-pide-soluciones-para-los-parados-de-larga-duracion-asturianos\\\/#listItem\",\"position\":3,\"name\":\"Carmen Fern\\u00e1ndez pide soluciones para los parados de larga duraci\\u00f3n asturianos\",\"previousItem\":{\"@type\":\"ListItem\",\"@id\":\"https:\\\/\\\/www.eldigitaldeasturias.com\\\/noticias\\\/category\\\/destacadas\\\/#listItem\",\"name\":\"Destacadas\"}}]},{\"@type\":\"Organization\",\"@id\":\"https:\\\/\\\/www.eldigitaldeasturias.com\\\/noticias\\\/#organization\",\"name\":\"El Digital de Asturias\",\"description\":\"Hemeroteca\",\"url\":\"https:\\\/\\\/www.eldigitaldeasturias.com\\\/noticias\\\/\",\"email\":\"info@eldigitaldeasturias.com\",\"telephone\":\"+34652131393\",\"logo\":{\"@type\":\"ImageObject\",\"url\":\"https:\\\/\\\/www.eldigitaldeasturias.com\\\/noticias\\\/wp-content\\\/uploads\\\/2020\\\/12\\\/EDA.jpg\",\"@id\":\"https:\\\/\\\/www.eldigitaldeasturias.com\\\/noticias\\\/carmen-fernandez-pide-soluciones-para-los-parados-de-larga-duracion-asturianos\\\/#organizationLogo\",\"width\":649,\"height\":297},\"image\":{\"@id\":\"https:\\\/\\\/www.eldigitaldeasturias.com\\\/noticias\\\/carmen-fernandez-pide-soluciones-para-los-parados-de-larga-duracion-asturianos\\\/#organizationLogo\"},\"sameAs\":[\"https:\\\/\\\/facebook.com\\\/eldigitaldeasturias\",\"https:\\\/\\\/www.youtube.com\\\/channel\\\/UCZP-2wLEB9Rv6erhFmqVnvg\"],\"address\":{\"@id\":\"https:\\\/\\\/www.eldigitaldeasturias.com\\\/noticias\\\/#postaladdress\",\"@type\":\"PostalAddress\",\"streetAddress\":\"san antonio 4,\",\"postalCode\":\"33430\",\"addressLocality\":\"Cand\\u00e1s\",\"addressRegion\":\"Asturias\",\"addressCountry\":\"ES\"}},{\"@type\":\"Person\",\"@id\":\"https:\\\/\\\/www.eldigitaldeasturias.com\\\/noticias\\\/author\\\/admin\\\/#author\",\"url\":\"https:\\\/\\\/www.eldigitaldeasturias.com\\\/noticias\\\/author\\\/admin\\\/\",\"name\":\"El Digital de Asturias\",\"image\":{\"@type\":\"ImageObject\",\"@id\":\"https:\\\/\\\/www.eldigitaldeasturias.com\\\/noticias\\\/carmen-fernandez-pide-soluciones-para-los-parados-de-larga-duracion-asturianos\\\/#authorImage\",\"url\":\"https:\\\/\\\/www.eldigitaldeasturias.com\\\/noticias\\\/wp-content\\\/litespeed\\\/avatar\\\/18677e78aa0546b92d9dbf31ec7d7668.jpg?ver=1777290358\",\"width\":96,\"height\":96,\"caption\":\"El Digital de Asturias\"}},{\"@type\":\"WebPage\",\"@id\":\"https:\\\/\\\/www.eldigitaldeasturias.com\\\/noticias\\\/carmen-fernandez-pide-soluciones-para-los-parados-de-larga-duracion-asturianos\\\/#webpage\",\"url\":\"https:\\\/\\\/www.eldigitaldeasturias.com\\\/noticias\\\/carmen-fernandez-pide-soluciones-para-los-parados-de-larga-duracion-asturianos\\\/\",\"name\":\"Carmen Fern\\u00e1ndez pide soluciones para los parados de larga duraci\\u00f3n asturianos - El Digital de Asturias\",\"description\":\"La diputada de FORO y portavoz de Empleo, Carmen Fern\\u00e1ndez, abord\\u00f3 hoy en la Comisi\\u00f3n de Empleo, Industria y Turismo celebrada en la Junta General el problema de los parados de larga duraci\\u00f3n con el debate de una moci\\u00f3n de FORO que fue rechazada por los votos en contra de PSOE, Podemos e IU. Carmen\",\"inLanguage\":\"es-ES\",\"isPartOf\":{\"@id\":\"https:\\\/\\\/www.eldigitaldeasturias.com\\\/noticias\\\/#website\"},\"breadcrumb\":{\"@id\":\"https:\\\/\\\/www.eldigitaldeasturias.com\\\/noticias\\\/carmen-fernandez-pide-soluciones-para-los-parados-de-larga-duracion-asturianos\\\/#breadcrumblist\"},\"author\":{\"@id\":\"https:\\\/\\\/www.eldigitaldeasturias.com\\\/noticias\\\/author\\\/admin\\\/#author\"},\"creator\":{\"@id\":\"https:\\\/\\\/www.eldigitaldeasturias.com\\\/noticias\\\/author\\\/admin\\\/#author\"},\"image\":{\"@type\":\"ImageObject\",\"url\":\"https:\\\/\\\/www.eldigitaldeasturias.com\\\/noticias\\\/wp-content\\\/uploads\\\/2017\\\/01\\\/carmen-fdz-FORO.jpg\",\"@id\":\"https:\\\/\\\/www.eldigitaldeasturias.com\\\/noticias\\\/carmen-fernandez-pide-soluciones-para-los-parados-de-larga-duracion-asturianos\\\/#mainImage\",\"width\":800,\"height\":488},\"primaryImageOfPage\":{\"@id\":\"https:\\\/\\\/www.eldigitaldeasturias.com\\\/noticias\\\/carmen-fernandez-pide-soluciones-para-los-parados-de-larga-duracion-asturianos\\\/#mainImage\"},\"datePublished\":\"2017-02-08T00:00:44+01:00\",\"dateModified\":\"2017-02-08T00:00:44+01:00\"},{\"@type\":\"WebSite\",\"@id\":\"https:\\\/\\\/www.eldigitaldeasturias.com\\\/noticias\\\/#website\",\"url\":\"https:\\\/\\\/www.eldigitaldeasturias.com\\\/noticias\\\/\",\"name\":\"El Digital de Asturias - Diario de actualidad y noticias\",\"alternateName\":\"El Digital de Asturias - Diario de actualidad y noticias\",\"description\":\"Hemeroteca\",\"inLanguage\":\"es-ES\",\"publisher\":{\"@id\":\"https:\\\/\\\/www.eldigitaldeasturias.com\\\/noticias\\\/#organization\"}}]}\n\t\t<\/script>\n\t\t<!-- All in One SEO Pro -->\r\n\t\t<title>Carmen Fern\u00e1ndez pide soluciones para los parados de larga duraci\u00f3n asturianos - El Digital de Asturias<\/title>\n\n","aioseo_head_json":{"title":"Carmen Fern\u00e1ndez pide soluciones para los parados de larga duraci\u00f3n asturianos - El Digital de Asturias","description":"La diputada de FORO y portavoz de Empleo, Carmen Fern\u00e1ndez, abord\u00f3 hoy en la Comisi\u00f3n de Empleo, Industria y Turismo celebrada en la Junta General el problema de los parados de larga duraci\u00f3n con el debate de una moci\u00f3n de FORO que fue rechazada por los votos en contra de PSOE, Podemos e IU. Carmen","canonical_url":"https:\/\/www.eldigitaldeasturias.com\/noticias\/carmen-fernandez-pide-soluciones-para-los-parados-de-larga-duracion-asturianos\/","robots":"max-image-preview:large","keywords":"destacadas","webmasterTools":{"google-site-verification":"UA-38556648-1","msvalidate.01":"7dfe9f3f1b24437ab69f4f2559babe99","miscellaneous":""},"schema":{"@context":"https:\/\/schema.org","@graph":[{"@type":"BlogPosting","@id":"https:\/\/www.eldigitaldeasturias.com\/noticias\/carmen-fernandez-pide-soluciones-para-los-parados-de-larga-duracion-asturianos\/#blogposting","name":"Carmen Fern\u00e1ndez pide soluciones para los parados de larga duraci\u00f3n asturianos - El Digital de Asturias","headline":"Carmen Fern\u00e1ndez pide soluciones para los parados de larga duraci\u00f3n asturianos","author":{"@id":"https:\/\/www.eldigitaldeasturias.com\/noticias\/author\/admin\/#author"},"publisher":{"@id":"https:\/\/www.eldigitaldeasturias.com\/noticias\/#organization"},"image":{"@type":"ImageObject","url":"https:\/\/www.eldigitaldeasturias.com\/noticias\/wp-content\/uploads\/2017\/01\/carmen-fdz-FORO.jpg","width":800,"height":488},"datePublished":"2017-02-08T00:00:44+01:00","dateModified":"2017-02-08T00:00:44+01:00","inLanguage":"es-ES","mainEntityOfPage":{"@id":"https:\/\/www.eldigitaldeasturias.com\/noticias\/carmen-fernandez-pide-soluciones-para-los-parados-de-larga-duracion-asturianos\/#webpage"},"isPartOf":{"@id":"https:\/\/www.eldigitaldeasturias.com\/noticias\/carmen-fernandez-pide-soluciones-para-los-parados-de-larga-duracion-asturianos\/#webpage"},"articleSection":"Destacadas"},{"@type":"BreadcrumbList","@id":"https:\/\/www.eldigitaldeasturias.com\/noticias\/carmen-fernandez-pide-soluciones-para-los-parados-de-larga-duracion-asturianos\/#breadcrumblist","itemListElement":[{"@type":"ListItem","@id":"https:\/\/www.eldigitaldeasturias.com\/noticias#listItem","position":1,"name":"Home","item":"https:\/\/www.eldigitaldeasturias.com\/noticias","nextItem":{"@type":"ListItem","@id":"https:\/\/www.eldigitaldeasturias.com\/noticias\/category\/destacadas\/#listItem","name":"Destacadas"}},{"@type":"ListItem","@id":"https:\/\/www.eldigitaldeasturias.com\/noticias\/category\/destacadas\/#listItem","position":2,"name":"Destacadas","item":"https:\/\/www.eldigitaldeasturias.com\/noticias\/category\/destacadas\/","nextItem":{"@type":"ListItem","@id":"https:\/\/www.eldigitaldeasturias.com\/noticias\/carmen-fernandez-pide-soluciones-para-los-parados-de-larga-duracion-asturianos\/#listItem","name":"Carmen Fern\u00e1ndez pide soluciones para los parados de larga duraci\u00f3n asturianos"},"previousItem":{"@type":"ListItem","@id":"https:\/\/www.eldigitaldeasturias.com\/noticias#listItem","name":"Home"}},{"@type":"ListItem","@id":"https:\/\/www.eldigitaldeasturias.com\/noticias\/carmen-fernandez-pide-soluciones-para-los-parados-de-larga-duracion-asturianos\/#listItem","position":3,"name":"Carmen Fern\u00e1ndez pide soluciones para los parados de larga duraci\u00f3n asturianos","previousItem":{"@type":"ListItem","@id":"https:\/\/www.eldigitaldeasturias.com\/noticias\/category\/destacadas\/#listItem","name":"Destacadas"}}]},{"@type":"Organization","@id":"https:\/\/www.eldigitaldeasturias.com\/noticias\/#organization","name":"El Digital de Asturias","description":"Hemeroteca","url":"https:\/\/www.eldigitaldeasturias.com\/noticias\/","email":"info@eldigitaldeasturias.com","telephone":"+34652131393","logo":{"@type":"ImageObject","url":"https:\/\/www.eldigitaldeasturias.com\/noticias\/wp-content\/uploads\/2020\/12\/EDA.jpg","@id":"https:\/\/www.eldigitaldeasturias.com\/noticias\/carmen-fernandez-pide-soluciones-para-los-parados-de-larga-duracion-asturianos\/#organizationLogo","width":649,"height":297},"image":{"@id":"https:\/\/www.eldigitaldeasturias.com\/noticias\/carmen-fernandez-pide-soluciones-para-los-parados-de-larga-duracion-asturianos\/#organizationLogo"},"sameAs":["https:\/\/facebook.com\/eldigitaldeasturias","https:\/\/www.youtube.com\/channel\/UCZP-2wLEB9Rv6erhFmqVnvg"],"address":{"@id":"https:\/\/www.eldigitaldeasturias.com\/noticias\/#postaladdress","@type":"PostalAddress","streetAddress":"san antonio 4,","postalCode":"33430","addressLocality":"Cand\u00e1s","addressRegion":"Asturias","addressCountry":"ES"}},{"@type":"Person","@id":"https:\/\/www.eldigitaldeasturias.com\/noticias\/author\/admin\/#author","url":"https:\/\/www.eldigitaldeasturias.com\/noticias\/author\/admin\/","name":"El Digital de Asturias","image":{"@type":"ImageObject","@id":"https:\/\/www.eldigitaldeasturias.com\/noticias\/carmen-fernandez-pide-soluciones-para-los-parados-de-larga-duracion-asturianos\/#authorImage","url":"https:\/\/www.eldigitaldeasturias.com\/noticias\/wp-content\/litespeed\/avatar\/18677e78aa0546b92d9dbf31ec7d7668.jpg?ver=1777290358","width":96,"height":96,"caption":"El Digital de Asturias"}},{"@type":"WebPage","@id":"https:\/\/www.eldigitaldeasturias.com\/noticias\/carmen-fernandez-pide-soluciones-para-los-parados-de-larga-duracion-asturianos\/#webpage","url":"https:\/\/www.eldigitaldeasturias.com\/noticias\/carmen-fernandez-pide-soluciones-para-los-parados-de-larga-duracion-asturianos\/","name":"Carmen Fern\u00e1ndez pide soluciones para los parados de larga duraci\u00f3n asturianos - El Digital de Asturias","description":"La diputada de FORO y portavoz de Empleo, Carmen Fern\u00e1ndez, abord\u00f3 hoy en la Comisi\u00f3n de Empleo, Industria y Turismo celebrada en la Junta General el problema de los parados de larga duraci\u00f3n con el debate de una moci\u00f3n de FORO que fue rechazada por los votos en contra de PSOE, Podemos e IU. Carmen","inLanguage":"es-ES","isPartOf":{"@id":"https:\/\/www.eldigitaldeasturias.com\/noticias\/#website"},"breadcrumb":{"@id":"https:\/\/www.eldigitaldeasturias.com\/noticias\/carmen-fernandez-pide-soluciones-para-los-parados-de-larga-duracion-asturianos\/#breadcrumblist"},"author":{"@id":"https:\/\/www.eldigitaldeasturias.com\/noticias\/author\/admin\/#author"},"creator":{"@id":"https:\/\/www.eldigitaldeasturias.com\/noticias\/author\/admin\/#author"},"image":{"@type":"ImageObject","url":"https:\/\/www.eldigitaldeasturias.com\/noticias\/wp-content\/uploads\/2017\/01\/carmen-fdz-FORO.jpg","@id":"https:\/\/www.eldigitaldeasturias.com\/noticias\/carmen-fernandez-pide-soluciones-para-los-parados-de-larga-duracion-asturianos\/#mainImage","width":800,"height":488},"primaryImageOfPage":{"@id":"https:\/\/www.eldigitaldeasturias.com\/noticias\/carmen-fernandez-pide-soluciones-para-los-parados-de-larga-duracion-asturianos\/#mainImage"},"datePublished":"2017-02-08T00:00:44+01:00","dateModified":"2017-02-08T00:00:44+01:00"},{"@type":"WebSite","@id":"https:\/\/www.eldigitaldeasturias.com\/noticias\/#website","url":"https:\/\/www.eldigitaldeasturias.com\/noticias\/","name":"El Digital de Asturias - Diario de actualidad y noticias","alternateName":"El Digital de Asturias - Diario de actualidad y noticias","description":"Hemeroteca","inLanguage":"es-ES","publisher":{"@id":"https:\/\/www.eldigitaldeasturias.com\/noticias\/#organization"}}]},"og:locale":"es_ES","og:site_name":"El Digital de Asturias","og:type":"article","og:title":"Carmen Fern\u00e1ndez pide soluciones para los parados de larga duraci\u00f3n asturianos - El Digital de Asturias","og:description":"La diputada de FORO y portavoz de Empleo, Carmen Fern\u00e1ndez, abord\u00f3 hoy en la Comisi\u00f3n de Empleo, Industria y Turismo celebrada en la Junta General el problema de los parados de larga duraci\u00f3n con el debate de una moci\u00f3n de FORO que fue rechazada por los votos en contra de PSOE, Podemos e IU. Carmen","og:url":"https:\/\/www.eldigitaldeasturias.com\/noticias\/carmen-fernandez-pide-soluciones-para-los-parados-de-larga-duracion-asturianos\/","og:image":"https:\/\/www.eldigitaldeasturias.com\/noticias\/wp-content\/uploads\/2017\/01\/carmen-fdz-FORO.jpg","og:image:secure_url":"https:\/\/www.eldigitaldeasturias.com\/noticias\/wp-content\/uploads\/2017\/01\/carmen-fdz-FORO.jpg","og:image:width":800,"og:image:height":488,"article:tag":["destacadas"],"article:published_time":"2017-02-08T00:00:44+00:00","article:modified_time":"2017-02-08T00:00:44+00:00","article:publisher":"https:\/\/facebook.com\/eldigitaldeasturias","twitter:card":"summary_large_image","twitter:title":"Carmen Fern\u00e1ndez pide soluciones para los parados de larga duraci\u00f3n asturianos - El Digital de Asturias","twitter:description":"La diputada de FORO y portavoz de Empleo, Carmen Fern\u00e1ndez, abord\u00f3 hoy en la Comisi\u00f3n de Empleo, Industria y Turismo celebrada en la Junta General el problema de los parados de larga duraci\u00f3n con el debate de una moci\u00f3n de FORO que fue rechazada por los votos en contra de PSOE, Podemos e IU. Carmen","twitter:image":"https:\/\/www.eldigitaldeasturias.com\/noticias\/wp-content\/uploads\/2017\/01\/carmen-fdz-FORO.jpg","twitter:label1":"Escrito por","twitter:data1":"El Digital de Asturias","twitter:label2":"Tiempo de lectura estimado","twitter:data2":"2 minutos"},"aioseo_meta_data":{"post_id":"925280","title":null,"description":null,"keywords":null,"keyphrases":null,"primary_term":null,"canonical_url":null,"og_title":null,"og_description":null,"og_object_type":"default","og_image_type":"default","og_image_url":null,"og_image_width":null,"og_image_height":null,"og_image_custom_url":null,"og_image_custom_fields":null,"og_video":null,"og_custom_url":null,"og_article_section":null,"og_article_tags":null,"twitter_use_og":false,"twitter_card":"default","twitter_image_type":"default","twitter_image_url":null,"twitter_image_custom_url":null,"twitter_image_custom_fields":null,"twitter_title":null,"twitter_description":null,"schema":{"blockGraphs":[],"customGraphs":[],"default":{"data":{"Article":[],"Course":[],"Dataset":[],"FAQPage":[],"Movie":[],"Person":[],"Product":[],"ProductReview":[],"Car":[],"Recipe":[],"Service":[],"SoftwareApplication":[],"WebPage":[]},"graphName":"","isEnabled":true},"graphs":[],"defaultGraph":"","defaultPostTypeGraph":""},"schema_type":null,"schema_type_options":null,"pillar_content":false,"robots_default":true,"robots_noindex":false,"robots_noarchive":false,"robots_nosnippet":false,"robots_nofollow":false,"robots_noimageindex":false,"robots_noodp":false,"robots_notranslate":false,"robots_max_snippet":null,"robots_max_videopreview":null,"robots_max_imagepreview":"large","priority":null,"frequency":null,"local_seo":null,"seo_analyzer_scan_date":"2025-12-03 03:05:38","breadcrumb_settings":null,"limit_modified_date":false,"open_ai":null,"ai":null,"created":"2020-12-21 13:39:57","updated":"2025-12-03 03:05:38"},"aioseo_breadcrumb":"<div class=\"aioseo-breadcrumbs\"><span class=\"aioseo-breadcrumb\">\n\t<a href=\"https:\/\/www.eldigitaldeasturias.com\/noticias\" title=\"Home\">Home<\/a>\n<\/span><span class=\"aioseo-breadcrumb-separator\">\u2013<\/span><span class=\"aioseo-breadcrumb\">\n\t<a href=\"https:\/\/www.eldigitaldeasturias.com\/noticias\/category\/destacadas\/\" title=\"Destacadas\">Destacadas<\/a>\n<\/span><span class=\"aioseo-breadcrumb-separator\">\u2013<\/span><span class=\"aioseo-breadcrumb\">\n\t<a href=\"https:\/\/www.eldigitaldeasturias.com\/noticias\/carmen-fernandez-pide-soluciones-para-los-parados-de-larga-duracion-asturianos\/\" title=\"Carmen Fern\u00e1ndez pide soluciones para los parados de larga duraci\u00f3n asturianos\">Carmen Fern\u00e1ndez pide soluciones para los parados de larga duraci\u00f3n asturianos<\/a>\n<\/span><\/div>","aioseo_breadcrumb_json":[{"label":"Home","link":"https:\/\/www.eldigitaldeasturias.com\/noticias"},{"label":"Destacadas","link":"https:\/\/www.eldigitaldeasturias.com\/noticias\/category\/destacadas\/"},{"label":"Carmen Fern\u00e1ndez pide soluciones para los parados de larga duraci\u00f3n asturianos","link":"https:\/\/www.eldigitaldeasturias.com\/noticias\/carmen-fernandez-pide-soluciones-para-los-parados-de-larga-duracion-asturianos\/"}],"_links":{"self":[{"href":"https:\/\/www.eldigitaldeasturias.com\/noticias\/wp-json\/wp\/v2\/posts\/925280","targetHints":{"allow":["GET"]}}],"collection":[{"href":"https:\/\/www.eldigitaldeasturias.com\/noticias\/wp-json\/wp\/v2\/posts"}],"about":[{"href":"https:\/\/www.eldigitaldeasturias.com\/noticias\/wp-json\/wp\/v2\/types\/post"}],"author":[{"embeddable":true,"href":"https:\/\/www.eldigitaldeasturias.com\/noticias\/wp-json\/wp\/v2\/users\/1"}],"replies":[{"embeddable":true,"href":"https:\/\/www.eldigitaldeasturias.com\/noticias\/wp-json\/wp\/v2\/comments?post=925280"}],"version-history":[{"count":0,"href":"https:\/\/www.eldigitaldeasturias.com\/noticias\/wp-json\/wp\/v2\/posts\/925280\/revisions"}],"wp:featuredmedia":[{"embeddable":true,"href":"https:\/\/www.eldigitaldeasturias.com\/noticias\/wp-json\/wp\/v2\/media\/921474"}],"wp:attachment":[{"href":"https:\/\/www.eldigitaldeasturias.com\/noticias\/wp-json\/wp\/v2\/media?parent=925280"}],"wp:term":[{"taxonomy":"category","embeddable":true,"href":"https:\/\/www.eldigitaldeasturias.com\/noticias\/wp-json\/wp\/v2\/categories?post=925280"},{"taxonomy":"post_tag","embeddable":true,"href":"https:\/\/www.eldigitaldeasturias.com\/noticias\/wp-json\/wp\/v2\/tags?post=925280"}],"curies":[{"name":"wp","href":"https:\/\/api.w.org\/{rel}","templated":true}]}}