{"id":925242,"date":"2017-02-07T21:37:52","date_gmt":"2017-02-07T21:37:52","guid":{"rendered":"http:\/\/www.eldigitaldeasturias.com\/noticias\/?p=925242"},"modified":"2017-02-07T21:37:52","modified_gmt":"2017-02-07T21:37:52","slug":"de-la-serna-presenta-el-dora-2017-2021-a-las-companias-aereas","status":"publish","type":"post","link":"https:\/\/www.eldigitaldeasturias.com\/noticias\/de-la-serna-presenta-el-dora-2017-2021-a-las-companias-aereas\/","title":{"rendered":"De la Serna presenta el DORA 2017-2021 a las compa\u00f1\u00edas a\u00e9reas"},"content":{"rendered":"<p><img loading=\"lazy\" decoding=\"async\" class=\"alignleft size-medium wp-image-925243\" src=\"https:\/\/www.eldigitaldeasturias.com\/noticias\/wp-content\/uploads\/2017\/02\/070217-serna-360x239.jpg\" alt=\"\" width=\"360\" height=\"239\" srcset=\"https:\/\/www.eldigitaldeasturias.com\/noticias\/wp-content\/uploads\/2017\/02\/070217-serna-360x239.jpg 360w, https:\/\/www.eldigitaldeasturias.com\/noticias\/wp-content\/uploads\/2017\/02\/070217-serna-84x55.jpg 84w, https:\/\/www.eldigitaldeasturias.com\/noticias\/wp-content\/uploads\/2017\/02\/070217-serna-49x32.jpg 49w, https:\/\/www.eldigitaldeasturias.com\/noticias\/wp-content\/uploads\/2017\/02\/070217-serna.jpg 496w\" sizes=\"auto, (max-width: 360px) 100vw, 360px\" \/>El ministro de Fomento, \u00cd\u00f1igo de la Serna, se ha reunido con los presidentes y directivos de las principales aerol\u00edneas y con las asociaciones en las que se agrupan, para presentarles el Documento de Regulaci\u00f3n Aeroportuaria (DORA) 2017-2021, aprobado el pasado 27 de enero por el Consejo de Ministros.<\/p>\n<p>Durante el encuentro, el titular de Fomento ha incidido en la importancia del transporte a\u00e9reo en nuestro pa\u00eds, repasando algunos de los principales logros alcanzados en estos a\u00f1os, como los m\u00e1s de 230 millones de pasajeros que pasaron por los aeropuertos espa\u00f1oles en 2016, o las casi 1.900 nuevas rutas creadas desde 2012.<\/p>\n<p>El ministro ha resaltado tambi\u00e9n el esfuerzo realizado en estos a\u00f1os para sanear AENA, y ha agradecido a las aerol\u00edneas la confianza depositada en nuestros aeropuertos, as\u00ed como su compromiso por la mejora continua del servicio prestado a los pasajeros.<\/p>\n<p>El DORA recientemente aprobado representa la apuesta firme del Gobierno por la calidad y sostenibilidad del sistema aeroportuario. De la Serna ha destacado, en este sentido, los 2.646 millones de euros que se invertir\u00e1n en la red en los pr\u00f3ximos a\u00f1os para mejorar la capacidad, calidad y seguridad de las infraestructuras.<\/p>\n<p>En palabras del ministro, la aprobaci\u00f3n del DORA culmina un largo proceso de trabajo de m\u00e1s de un a\u00f1o, que ha contado, entre otras, con las aportaciones de las asociaciones de compa\u00f1\u00edas a\u00e9reas, la Comisi\u00f3n Nacional de los Mercados y la Competencia (CNMC) y los Comit\u00e9s de Coordinaci\u00f3n Aeroportuaria. Es, por tanto, el fruto de un amplio consenso institucional, que garantiza para los pr\u00f3ximos a\u00f1os la estabilidad de un modelo aeroportuario seguro, y unas infraestructuras de calidad, accesibles y eficientes, a la altura de las expectativas de los ciudadanos y a la vanguardia de Europa.<\/p>\n<p>&nbsp;<\/p>\n","protected":false},"excerpt":{"rendered":"<p>El ministro de Fomento, \u00cd\u00f1igo de la Serna, se ha reunido con los presidentes y directivos de las principales aerol\u00edneas y con las asociaciones en las que se agrupan, para presentarles el Documento de Regulaci\u00f3n Aeroportuaria (DORA) 2017-2021, aprobado el pasado 27 de enero por el Consejo de Ministros. Durante el encuentro, el titular de [&hellip;]<\/p>\n","protected":false},"author":1,"featured_media":799754,"comment_status":"closed","ping_status":"closed","sticky":false,"template":"","format":"standard","meta":{"footnotes":""},"categories":[141],"tags":[],"class_list":["post-925242","post","type-post","status-publish","format-standard","has-post-thumbnail","hentry","category-destacadas"],"aioseo_notices":[],"aioseo_head":"\n\t\t<!-- All in One SEO Pro 4.9.6.2 - aioseo.com -->\n\t<meta name=\"description\" content=\"El ministro de Fomento, \u00cd\u00f1igo de la Serna, se ha reunido con los presidentes y directivos de las principales aerol\u00edneas y con las asociaciones en las que se agrupan, para presentarles el Documento de Regulaci\u00f3n Aeroportuaria (DORA) 2017-2021, aprobado el pasado 27 de enero por el Consejo de Ministros. Durante el encuentro, el titular de\" \/>\n\t<meta name=\"robots\" content=\"max-image-preview:large\" \/>\n\t<meta name=\"author\" content=\"El Digital de Asturias\"\/>\n\t<meta name=\"google-site-verification\" content=\"UA-38556648-1\" \/>\n\t<meta name=\"msvalidate.01\" content=\"7dfe9f3f1b24437ab69f4f2559babe99\" \/>\n\t<meta name=\"keywords\" content=\"destacadas\" \/>\n\t<link rel=\"canonical\" href=\"https:\/\/www.eldigitaldeasturias.com\/noticias\/de-la-serna-presenta-el-dora-2017-2021-a-las-companias-aereas\/\" \/>\n\t<meta name=\"generator\" content=\"All in One SEO Pro (AIOSEO) 4.9.6.2\" \/>\n\t\t<meta property=\"og:locale\" content=\"es_ES\" \/>\n\t\t<meta property=\"og:site_name\" content=\"El Digital de Asturias\" \/>\n\t\t<meta property=\"og:type\" content=\"article\" \/>\n\t\t<meta property=\"og:title\" content=\"De la Serna presenta el DORA 2017-2021 a las compa\u00f1\u00edas a\u00e9reas - El Digital de Asturias\" \/>\n\t\t<meta property=\"og:description\" content=\"El ministro de Fomento, \u00cd\u00f1igo de la Serna, se ha reunido con los presidentes y directivos de las principales aerol\u00edneas y con las asociaciones en las que se agrupan, para presentarles el Documento de Regulaci\u00f3n Aeroportuaria (DORA) 2017-2021, aprobado el pasado 27 de enero por el Consejo de Ministros. Durante el encuentro, el titular de\" \/>\n\t\t<meta property=\"og:url\" content=\"https:\/\/www.eldigitaldeasturias.com\/noticias\/de-la-serna-presenta-el-dora-2017-2021-a-las-companias-aereas\/\" \/>\n\t\t<meta property=\"og:image\" content=\"https:\/\/www.eldigitaldeasturias.com\/noticias\/wp-content\/uploads\/2015\/08\/aeropuerto.jpg\" \/>\n\t\t<meta property=\"og:image:secure_url\" content=\"https:\/\/www.eldigitaldeasturias.com\/noticias\/wp-content\/uploads\/2015\/08\/aeropuerto.jpg\" \/>\n\t\t<meta property=\"og:image:width\" content=\"800\" \/>\n\t\t<meta property=\"og:image:height\" content=\"532\" \/>\n\t\t<meta property=\"article:tag\" content=\"destacadas\" \/>\n\t\t<meta property=\"article:published_time\" content=\"2017-02-07T21:37:52+00:00\" \/>\n\t\t<meta property=\"article:modified_time\" content=\"2017-02-07T21:37:52+00:00\" \/>\n\t\t<meta property=\"article:publisher\" content=\"https:\/\/facebook.com\/eldigitaldeasturias\" \/>\n\t\t<meta name=\"twitter:card\" content=\"summary_large_image\" \/>\n\t\t<meta name=\"twitter:title\" content=\"De la Serna presenta el DORA 2017-2021 a las compa\u00f1\u00edas a\u00e9reas - El Digital de Asturias\" \/>\n\t\t<meta name=\"twitter:description\" content=\"El ministro de Fomento, \u00cd\u00f1igo de la Serna, se ha reunido con los presidentes y directivos de las principales aerol\u00edneas y con las asociaciones en las que se agrupan, para presentarles el Documento de Regulaci\u00f3n Aeroportuaria (DORA) 2017-2021, aprobado el pasado 27 de enero por el Consejo de Ministros. Durante el encuentro, el titular de\" \/>\n\t\t<meta name=\"twitter:image\" content=\"https:\/\/www.eldigitaldeasturias.com\/noticias\/wp-content\/uploads\/2015\/08\/aeropuerto.jpg\" \/>\n\t\t<meta name=\"twitter:label1\" content=\"Escrito por\" \/>\n\t\t<meta name=\"twitter:data1\" content=\"El Digital de Asturias\" \/>\n\t\t<meta name=\"twitter:label2\" content=\"Tiempo de lectura estimado\" \/>\n\t\t<meta name=\"twitter:data2\" content=\"2 minutos\" \/>\n\t\t<script type=\"application\/ld+json\" class=\"aioseo-schema\">\n\t\t\t{\"@context\":\"https:\\\/\\\/schema.org\",\"@graph\":[{\"@type\":\"BlogPosting\",\"@id\":\"https:\\\/\\\/www.eldigitaldeasturias.com\\\/noticias\\\/de-la-serna-presenta-el-dora-2017-2021-a-las-companias-aereas\\\/#blogposting\",\"name\":\"De la Serna presenta el DORA 2017-2021 a las compa\\u00f1\\u00edas a\\u00e9reas - El Digital de Asturias\",\"headline\":\"De la Serna presenta el DORA 2017-2021 a las compa\\u00f1\\u00edas a\\u00e9reas\",\"author\":{\"@id\":\"https:\\\/\\\/www.eldigitaldeasturias.com\\\/noticias\\\/author\\\/admin\\\/#author\"},\"publisher\":{\"@id\":\"https:\\\/\\\/www.eldigitaldeasturias.com\\\/noticias\\\/#organization\"},\"image\":{\"@type\":\"ImageObject\",\"url\":\"https:\\\/\\\/www.eldigitaldeasturias.com\\\/noticias\\\/wp-content\\\/uploads\\\/2015\\\/08\\\/aeropuerto.jpg\",\"width\":800,\"height\":532},\"datePublished\":\"2017-02-07T21:37:52+01:00\",\"dateModified\":\"2017-02-07T21:37:52+01:00\",\"inLanguage\":\"es-ES\",\"mainEntityOfPage\":{\"@id\":\"https:\\\/\\\/www.eldigitaldeasturias.com\\\/noticias\\\/de-la-serna-presenta-el-dora-2017-2021-a-las-companias-aereas\\\/#webpage\"},\"isPartOf\":{\"@id\":\"https:\\\/\\\/www.eldigitaldeasturias.com\\\/noticias\\\/de-la-serna-presenta-el-dora-2017-2021-a-las-companias-aereas\\\/#webpage\"},\"articleSection\":\"Destacadas\"},{\"@type\":\"BreadcrumbList\",\"@id\":\"https:\\\/\\\/www.eldigitaldeasturias.com\\\/noticias\\\/de-la-serna-presenta-el-dora-2017-2021-a-las-companias-aereas\\\/#breadcrumblist\",\"itemListElement\":[{\"@type\":\"ListItem\",\"@id\":\"https:\\\/\\\/www.eldigitaldeasturias.com\\\/noticias#listItem\",\"position\":1,\"name\":\"Home\",\"item\":\"https:\\\/\\\/www.eldigitaldeasturias.com\\\/noticias\",\"nextItem\":{\"@type\":\"ListItem\",\"@id\":\"https:\\\/\\\/www.eldigitaldeasturias.com\\\/noticias\\\/category\\\/destacadas\\\/#listItem\",\"name\":\"Destacadas\"}},{\"@type\":\"ListItem\",\"@id\":\"https:\\\/\\\/www.eldigitaldeasturias.com\\\/noticias\\\/category\\\/destacadas\\\/#listItem\",\"position\":2,\"name\":\"Destacadas\",\"item\":\"https:\\\/\\\/www.eldigitaldeasturias.com\\\/noticias\\\/category\\\/destacadas\\\/\",\"nextItem\":{\"@type\":\"ListItem\",\"@id\":\"https:\\\/\\\/www.eldigitaldeasturias.com\\\/noticias\\\/de-la-serna-presenta-el-dora-2017-2021-a-las-companias-aereas\\\/#listItem\",\"name\":\"De la Serna presenta el DORA 2017-2021 a las compa\\u00f1\\u00edas a\\u00e9reas\"},\"previousItem\":{\"@type\":\"ListItem\",\"@id\":\"https:\\\/\\\/www.eldigitaldeasturias.com\\\/noticias#listItem\",\"name\":\"Home\"}},{\"@type\":\"ListItem\",\"@id\":\"https:\\\/\\\/www.eldigitaldeasturias.com\\\/noticias\\\/de-la-serna-presenta-el-dora-2017-2021-a-las-companias-aereas\\\/#listItem\",\"position\":3,\"name\":\"De la Serna presenta el DORA 2017-2021 a las compa\\u00f1\\u00edas a\\u00e9reas\",\"previousItem\":{\"@type\":\"ListItem\",\"@id\":\"https:\\\/\\\/www.eldigitaldeasturias.com\\\/noticias\\\/category\\\/destacadas\\\/#listItem\",\"name\":\"Destacadas\"}}]},{\"@type\":\"Organization\",\"@id\":\"https:\\\/\\\/www.eldigitaldeasturias.com\\\/noticias\\\/#organization\",\"name\":\"El Digital de Asturias\",\"description\":\"Hemeroteca\",\"url\":\"https:\\\/\\\/www.eldigitaldeasturias.com\\\/noticias\\\/\",\"email\":\"info@eldigitaldeasturias.com\",\"telephone\":\"+34652131393\",\"logo\":{\"@type\":\"ImageObject\",\"url\":\"https:\\\/\\\/www.eldigitaldeasturias.com\\\/noticias\\\/wp-content\\\/uploads\\\/2020\\\/12\\\/EDA.jpg\",\"@id\":\"https:\\\/\\\/www.eldigitaldeasturias.com\\\/noticias\\\/de-la-serna-presenta-el-dora-2017-2021-a-las-companias-aereas\\\/#organizationLogo\",\"width\":649,\"height\":297},\"image\":{\"@id\":\"https:\\\/\\\/www.eldigitaldeasturias.com\\\/noticias\\\/de-la-serna-presenta-el-dora-2017-2021-a-las-companias-aereas\\\/#organizationLogo\"},\"sameAs\":[\"https:\\\/\\\/facebook.com\\\/eldigitaldeasturias\",\"https:\\\/\\\/www.youtube.com\\\/channel\\\/UCZP-2wLEB9Rv6erhFmqVnvg\"],\"address\":{\"@id\":\"https:\\\/\\\/www.eldigitaldeasturias.com\\\/noticias\\\/#postaladdress\",\"@type\":\"PostalAddress\",\"streetAddress\":\"san antonio 4,\",\"postalCode\":\"33430\",\"addressLocality\":\"Cand\\u00e1s\",\"addressRegion\":\"Asturias\",\"addressCountry\":\"ES\"}},{\"@type\":\"Person\",\"@id\":\"https:\\\/\\\/www.eldigitaldeasturias.com\\\/noticias\\\/author\\\/admin\\\/#author\",\"url\":\"https:\\\/\\\/www.eldigitaldeasturias.com\\\/noticias\\\/author\\\/admin\\\/\",\"name\":\"El Digital de Asturias\",\"image\":{\"@type\":\"ImageObject\",\"@id\":\"https:\\\/\\\/www.eldigitaldeasturias.com\\\/noticias\\\/de-la-serna-presenta-el-dora-2017-2021-a-las-companias-aereas\\\/#authorImage\",\"url\":\"https:\\\/\\\/www.eldigitaldeasturias.com\\\/noticias\\\/wp-content\\\/litespeed\\\/avatar\\\/18677e78aa0546b92d9dbf31ec7d7668.jpg?ver=1777290358\",\"width\":96,\"height\":96,\"caption\":\"El Digital de Asturias\"}},{\"@type\":\"WebPage\",\"@id\":\"https:\\\/\\\/www.eldigitaldeasturias.com\\\/noticias\\\/de-la-serna-presenta-el-dora-2017-2021-a-las-companias-aereas\\\/#webpage\",\"url\":\"https:\\\/\\\/www.eldigitaldeasturias.com\\\/noticias\\\/de-la-serna-presenta-el-dora-2017-2021-a-las-companias-aereas\\\/\",\"name\":\"De la Serna presenta el DORA 2017-2021 a las compa\\u00f1\\u00edas a\\u00e9reas - El Digital de Asturias\",\"description\":\"El ministro de Fomento, \\u00cd\\u00f1igo de la Serna, se ha reunido con los presidentes y directivos de las principales aerol\\u00edneas y con las asociaciones en las que se agrupan, para presentarles el Documento de Regulaci\\u00f3n Aeroportuaria (DORA) 2017-2021, aprobado el pasado 27 de enero por el Consejo de Ministros. Durante el encuentro, el titular de\",\"inLanguage\":\"es-ES\",\"isPartOf\":{\"@id\":\"https:\\\/\\\/www.eldigitaldeasturias.com\\\/noticias\\\/#website\"},\"breadcrumb\":{\"@id\":\"https:\\\/\\\/www.eldigitaldeasturias.com\\\/noticias\\\/de-la-serna-presenta-el-dora-2017-2021-a-las-companias-aereas\\\/#breadcrumblist\"},\"author\":{\"@id\":\"https:\\\/\\\/www.eldigitaldeasturias.com\\\/noticias\\\/author\\\/admin\\\/#author\"},\"creator\":{\"@id\":\"https:\\\/\\\/www.eldigitaldeasturias.com\\\/noticias\\\/author\\\/admin\\\/#author\"},\"image\":{\"@type\":\"ImageObject\",\"url\":\"https:\\\/\\\/www.eldigitaldeasturias.com\\\/noticias\\\/wp-content\\\/uploads\\\/2015\\\/08\\\/aeropuerto.jpg\",\"@id\":\"https:\\\/\\\/www.eldigitaldeasturias.com\\\/noticias\\\/de-la-serna-presenta-el-dora-2017-2021-a-las-companias-aereas\\\/#mainImage\",\"width\":800,\"height\":532},\"primaryImageOfPage\":{\"@id\":\"https:\\\/\\\/www.eldigitaldeasturias.com\\\/noticias\\\/de-la-serna-presenta-el-dora-2017-2021-a-las-companias-aereas\\\/#mainImage\"},\"datePublished\":\"2017-02-07T21:37:52+01:00\",\"dateModified\":\"2017-02-07T21:37:52+01:00\"},{\"@type\":\"WebSite\",\"@id\":\"https:\\\/\\\/www.eldigitaldeasturias.com\\\/noticias\\\/#website\",\"url\":\"https:\\\/\\\/www.eldigitaldeasturias.com\\\/noticias\\\/\",\"name\":\"El Digital de Asturias - Diario de actualidad y noticias\",\"alternateName\":\"El Digital de Asturias - Diario de actualidad y noticias\",\"description\":\"Hemeroteca\",\"inLanguage\":\"es-ES\",\"publisher\":{\"@id\":\"https:\\\/\\\/www.eldigitaldeasturias.com\\\/noticias\\\/#organization\"}}]}\n\t\t<\/script>\n\t\t<!-- All in One SEO Pro -->\r\n\t\t<title>De la Serna presenta el DORA 2017-2021 a las compa\u00f1\u00edas a\u00e9reas - El Digital de Asturias<\/title>\n\n","aioseo_head_json":{"title":"De la Serna presenta el DORA 2017-2021 a las compa\u00f1\u00edas a\u00e9reas - El Digital de Asturias","description":"El ministro de Fomento, \u00cd\u00f1igo de la Serna, se ha reunido con los presidentes y directivos de las principales aerol\u00edneas y con las asociaciones en las que se agrupan, para presentarles el Documento de Regulaci\u00f3n Aeroportuaria (DORA) 2017-2021, aprobado el pasado 27 de enero por el Consejo de Ministros. Durante el encuentro, el titular de","canonical_url":"https:\/\/www.eldigitaldeasturias.com\/noticias\/de-la-serna-presenta-el-dora-2017-2021-a-las-companias-aereas\/","robots":"max-image-preview:large","keywords":"destacadas","webmasterTools":{"google-site-verification":"UA-38556648-1","msvalidate.01":"7dfe9f3f1b24437ab69f4f2559babe99","miscellaneous":""},"schema":{"@context":"https:\/\/schema.org","@graph":[{"@type":"BlogPosting","@id":"https:\/\/www.eldigitaldeasturias.com\/noticias\/de-la-serna-presenta-el-dora-2017-2021-a-las-companias-aereas\/#blogposting","name":"De la Serna presenta el DORA 2017-2021 a las compa\u00f1\u00edas a\u00e9reas - El Digital de Asturias","headline":"De la Serna presenta el DORA 2017-2021 a las compa\u00f1\u00edas a\u00e9reas","author":{"@id":"https:\/\/www.eldigitaldeasturias.com\/noticias\/author\/admin\/#author"},"publisher":{"@id":"https:\/\/www.eldigitaldeasturias.com\/noticias\/#organization"},"image":{"@type":"ImageObject","url":"https:\/\/www.eldigitaldeasturias.com\/noticias\/wp-content\/uploads\/2015\/08\/aeropuerto.jpg","width":800,"height":532},"datePublished":"2017-02-07T21:37:52+01:00","dateModified":"2017-02-07T21:37:52+01:00","inLanguage":"es-ES","mainEntityOfPage":{"@id":"https:\/\/www.eldigitaldeasturias.com\/noticias\/de-la-serna-presenta-el-dora-2017-2021-a-las-companias-aereas\/#webpage"},"isPartOf":{"@id":"https:\/\/www.eldigitaldeasturias.com\/noticias\/de-la-serna-presenta-el-dora-2017-2021-a-las-companias-aereas\/#webpage"},"articleSection":"Destacadas"},{"@type":"BreadcrumbList","@id":"https:\/\/www.eldigitaldeasturias.com\/noticias\/de-la-serna-presenta-el-dora-2017-2021-a-las-companias-aereas\/#breadcrumblist","itemListElement":[{"@type":"ListItem","@id":"https:\/\/www.eldigitaldeasturias.com\/noticias#listItem","position":1,"name":"Home","item":"https:\/\/www.eldigitaldeasturias.com\/noticias","nextItem":{"@type":"ListItem","@id":"https:\/\/www.eldigitaldeasturias.com\/noticias\/category\/destacadas\/#listItem","name":"Destacadas"}},{"@type":"ListItem","@id":"https:\/\/www.eldigitaldeasturias.com\/noticias\/category\/destacadas\/#listItem","position":2,"name":"Destacadas","item":"https:\/\/www.eldigitaldeasturias.com\/noticias\/category\/destacadas\/","nextItem":{"@type":"ListItem","@id":"https:\/\/www.eldigitaldeasturias.com\/noticias\/de-la-serna-presenta-el-dora-2017-2021-a-las-companias-aereas\/#listItem","name":"De la Serna presenta el DORA 2017-2021 a las compa\u00f1\u00edas a\u00e9reas"},"previousItem":{"@type":"ListItem","@id":"https:\/\/www.eldigitaldeasturias.com\/noticias#listItem","name":"Home"}},{"@type":"ListItem","@id":"https:\/\/www.eldigitaldeasturias.com\/noticias\/de-la-serna-presenta-el-dora-2017-2021-a-las-companias-aereas\/#listItem","position":3,"name":"De la Serna presenta el DORA 2017-2021 a las compa\u00f1\u00edas a\u00e9reas","previousItem":{"@type":"ListItem","@id":"https:\/\/www.eldigitaldeasturias.com\/noticias\/category\/destacadas\/#listItem","name":"Destacadas"}}]},{"@type":"Organization","@id":"https:\/\/www.eldigitaldeasturias.com\/noticias\/#organization","name":"El Digital de Asturias","description":"Hemeroteca","url":"https:\/\/www.eldigitaldeasturias.com\/noticias\/","email":"info@eldigitaldeasturias.com","telephone":"+34652131393","logo":{"@type":"ImageObject","url":"https:\/\/www.eldigitaldeasturias.com\/noticias\/wp-content\/uploads\/2020\/12\/EDA.jpg","@id":"https:\/\/www.eldigitaldeasturias.com\/noticias\/de-la-serna-presenta-el-dora-2017-2021-a-las-companias-aereas\/#organizationLogo","width":649,"height":297},"image":{"@id":"https:\/\/www.eldigitaldeasturias.com\/noticias\/de-la-serna-presenta-el-dora-2017-2021-a-las-companias-aereas\/#organizationLogo"},"sameAs":["https:\/\/facebook.com\/eldigitaldeasturias","https:\/\/www.youtube.com\/channel\/UCZP-2wLEB9Rv6erhFmqVnvg"],"address":{"@id":"https:\/\/www.eldigitaldeasturias.com\/noticias\/#postaladdress","@type":"PostalAddress","streetAddress":"san antonio 4,","postalCode":"33430","addressLocality":"Cand\u00e1s","addressRegion":"Asturias","addressCountry":"ES"}},{"@type":"Person","@id":"https:\/\/www.eldigitaldeasturias.com\/noticias\/author\/admin\/#author","url":"https:\/\/www.eldigitaldeasturias.com\/noticias\/author\/admin\/","name":"El Digital de Asturias","image":{"@type":"ImageObject","@id":"https:\/\/www.eldigitaldeasturias.com\/noticias\/de-la-serna-presenta-el-dora-2017-2021-a-las-companias-aereas\/#authorImage","url":"https:\/\/www.eldigitaldeasturias.com\/noticias\/wp-content\/litespeed\/avatar\/18677e78aa0546b92d9dbf31ec7d7668.jpg?ver=1777290358","width":96,"height":96,"caption":"El Digital de Asturias"}},{"@type":"WebPage","@id":"https:\/\/www.eldigitaldeasturias.com\/noticias\/de-la-serna-presenta-el-dora-2017-2021-a-las-companias-aereas\/#webpage","url":"https:\/\/www.eldigitaldeasturias.com\/noticias\/de-la-serna-presenta-el-dora-2017-2021-a-las-companias-aereas\/","name":"De la Serna presenta el DORA 2017-2021 a las compa\u00f1\u00edas a\u00e9reas - El Digital de Asturias","description":"El ministro de Fomento, \u00cd\u00f1igo de la Serna, se ha reunido con los presidentes y directivos de las principales aerol\u00edneas y con las asociaciones en las que se agrupan, para presentarles el Documento de Regulaci\u00f3n Aeroportuaria (DORA) 2017-2021, aprobado el pasado 27 de enero por el Consejo de Ministros. Durante el encuentro, el titular de","inLanguage":"es-ES","isPartOf":{"@id":"https:\/\/www.eldigitaldeasturias.com\/noticias\/#website"},"breadcrumb":{"@id":"https:\/\/www.eldigitaldeasturias.com\/noticias\/de-la-serna-presenta-el-dora-2017-2021-a-las-companias-aereas\/#breadcrumblist"},"author":{"@id":"https:\/\/www.eldigitaldeasturias.com\/noticias\/author\/admin\/#author"},"creator":{"@id":"https:\/\/www.eldigitaldeasturias.com\/noticias\/author\/admin\/#author"},"image":{"@type":"ImageObject","url":"https:\/\/www.eldigitaldeasturias.com\/noticias\/wp-content\/uploads\/2015\/08\/aeropuerto.jpg","@id":"https:\/\/www.eldigitaldeasturias.com\/noticias\/de-la-serna-presenta-el-dora-2017-2021-a-las-companias-aereas\/#mainImage","width":800,"height":532},"primaryImageOfPage":{"@id":"https:\/\/www.eldigitaldeasturias.com\/noticias\/de-la-serna-presenta-el-dora-2017-2021-a-las-companias-aereas\/#mainImage"},"datePublished":"2017-02-07T21:37:52+01:00","dateModified":"2017-02-07T21:37:52+01:00"},{"@type":"WebSite","@id":"https:\/\/www.eldigitaldeasturias.com\/noticias\/#website","url":"https:\/\/www.eldigitaldeasturias.com\/noticias\/","name":"El Digital de Asturias - Diario de actualidad y noticias","alternateName":"El Digital de Asturias - Diario de actualidad y noticias","description":"Hemeroteca","inLanguage":"es-ES","publisher":{"@id":"https:\/\/www.eldigitaldeasturias.com\/noticias\/#organization"}}]},"og:locale":"es_ES","og:site_name":"El Digital de Asturias","og:type":"article","og:title":"De la Serna presenta el DORA 2017-2021 a las compa\u00f1\u00edas a\u00e9reas - El Digital de Asturias","og:description":"El ministro de Fomento, \u00cd\u00f1igo de la Serna, se ha reunido con los presidentes y directivos de las principales aerol\u00edneas y con las asociaciones en las que se agrupan, para presentarles el Documento de Regulaci\u00f3n Aeroportuaria (DORA) 2017-2021, aprobado el pasado 27 de enero por el Consejo de Ministros. Durante el encuentro, el titular de","og:url":"https:\/\/www.eldigitaldeasturias.com\/noticias\/de-la-serna-presenta-el-dora-2017-2021-a-las-companias-aereas\/","og:image":"https:\/\/www.eldigitaldeasturias.com\/noticias\/wp-content\/uploads\/2015\/08\/aeropuerto.jpg","og:image:secure_url":"https:\/\/www.eldigitaldeasturias.com\/noticias\/wp-content\/uploads\/2015\/08\/aeropuerto.jpg","og:image:width":800,"og:image:height":532,"article:tag":["destacadas"],"article:published_time":"2017-02-07T21:37:52+00:00","article:modified_time":"2017-02-07T21:37:52+00:00","article:publisher":"https:\/\/facebook.com\/eldigitaldeasturias","twitter:card":"summary_large_image","twitter:title":"De la Serna presenta el DORA 2017-2021 a las compa\u00f1\u00edas a\u00e9reas - El Digital de Asturias","twitter:description":"El ministro de Fomento, \u00cd\u00f1igo de la Serna, se ha reunido con los presidentes y directivos de las principales aerol\u00edneas y con las asociaciones en las que se agrupan, para presentarles el Documento de Regulaci\u00f3n Aeroportuaria (DORA) 2017-2021, aprobado el pasado 27 de enero por el Consejo de Ministros. Durante el encuentro, el titular de","twitter:image":"https:\/\/www.eldigitaldeasturias.com\/noticias\/wp-content\/uploads\/2015\/08\/aeropuerto.jpg","twitter:label1":"Escrito por","twitter:data1":"El Digital de Asturias","twitter:label2":"Tiempo de lectura estimado","twitter:data2":"2 minutos"},"aioseo_meta_data":{"post_id":"925242","title":null,"description":null,"keywords":null,"keyphrases":null,"primary_term":null,"canonical_url":null,"og_title":null,"og_description":null,"og_object_type":"default","og_image_type":"default","og_image_url":null,"og_image_width":null,"og_image_height":null,"og_image_custom_url":null,"og_image_custom_fields":null,"og_video":null,"og_custom_url":null,"og_article_section":null,"og_article_tags":null,"twitter_use_og":false,"twitter_card":"default","twitter_image_type":"default","twitter_image_url":null,"twitter_image_custom_url":null,"twitter_image_custom_fields":null,"twitter_title":null,"twitter_description":null,"schema":{"blockGraphs":[],"customGraphs":[],"default":{"data":{"Article":[],"Course":[],"Dataset":[],"FAQPage":[],"Movie":[],"Person":[],"Product":[],"ProductReview":[],"Car":[],"Recipe":[],"Service":[],"SoftwareApplication":[],"WebPage":[]},"graphName":"","isEnabled":true},"graphs":[],"defaultGraph":"","defaultPostTypeGraph":""},"schema_type":null,"schema_type_options":null,"pillar_content":false,"robots_default":true,"robots_noindex":false,"robots_noarchive":false,"robots_nosnippet":false,"robots_nofollow":false,"robots_noimageindex":false,"robots_noodp":false,"robots_notranslate":false,"robots_max_snippet":null,"robots_max_videopreview":null,"robots_max_imagepreview":"large","priority":null,"frequency":null,"local_seo":null,"seo_analyzer_scan_date":"2025-12-03 02:54:23","breadcrumb_settings":null,"limit_modified_date":false,"open_ai":null,"ai":null,"created":"2020-12-21 13:39:57","updated":"2025-12-03 02:54:23"},"aioseo_breadcrumb":"<div class=\"aioseo-breadcrumbs\"><span class=\"aioseo-breadcrumb\">\n\t<a href=\"https:\/\/www.eldigitaldeasturias.com\/noticias\" title=\"Home\">Home<\/a>\n<\/span><span class=\"aioseo-breadcrumb-separator\">\u2013<\/span><span class=\"aioseo-breadcrumb\">\n\t<a href=\"https:\/\/www.eldigitaldeasturias.com\/noticias\/category\/destacadas\/\" title=\"Destacadas\">Destacadas<\/a>\n<\/span><span class=\"aioseo-breadcrumb-separator\">\u2013<\/span><span class=\"aioseo-breadcrumb\">\n\t<a href=\"https:\/\/www.eldigitaldeasturias.com\/noticias\/de-la-serna-presenta-el-dora-2017-2021-a-las-companias-aereas\/\" title=\"De la Serna presenta el DORA 2017-2021 a las compa\u00f1\u00edas a\u00e9reas\">De la Serna presenta el DORA 2017-2021 a las compa\u00f1\u00edas a\u00e9reas<\/a>\n<\/span><\/div>","aioseo_breadcrumb_json":[{"label":"Home","link":"https:\/\/www.eldigitaldeasturias.com\/noticias"},{"label":"Destacadas","link":"https:\/\/www.eldigitaldeasturias.com\/noticias\/category\/destacadas\/"},{"label":"De la Serna presenta el DORA 2017-2021 a las compa\u00f1\u00edas a\u00e9reas","link":"https:\/\/www.eldigitaldeasturias.com\/noticias\/de-la-serna-presenta-el-dora-2017-2021-a-las-companias-aereas\/"}],"_links":{"self":[{"href":"https:\/\/www.eldigitaldeasturias.com\/noticias\/wp-json\/wp\/v2\/posts\/925242","targetHints":{"allow":["GET"]}}],"collection":[{"href":"https:\/\/www.eldigitaldeasturias.com\/noticias\/wp-json\/wp\/v2\/posts"}],"about":[{"href":"https:\/\/www.eldigitaldeasturias.com\/noticias\/wp-json\/wp\/v2\/types\/post"}],"author":[{"embeddable":true,"href":"https:\/\/www.eldigitaldeasturias.com\/noticias\/wp-json\/wp\/v2\/users\/1"}],"replies":[{"embeddable":true,"href":"https:\/\/www.eldigitaldeasturias.com\/noticias\/wp-json\/wp\/v2\/comments?post=925242"}],"version-history":[{"count":0,"href":"https:\/\/www.eldigitaldeasturias.com\/noticias\/wp-json\/wp\/v2\/posts\/925242\/revisions"}],"wp:featuredmedia":[{"embeddable":true,"href":"https:\/\/www.eldigitaldeasturias.com\/noticias\/wp-json\/wp\/v2\/media\/799754"}],"wp:attachment":[{"href":"https:\/\/www.eldigitaldeasturias.com\/noticias\/wp-json\/wp\/v2\/media?parent=925242"}],"wp:term":[{"taxonomy":"category","embeddable":true,"href":"https:\/\/www.eldigitaldeasturias.com\/noticias\/wp-json\/wp\/v2\/categories?post=925242"},{"taxonomy":"post_tag","embeddable":true,"href":"https:\/\/www.eldigitaldeasturias.com\/noticias\/wp-json\/wp\/v2\/tags?post=925242"}],"curies":[{"name":"wp","href":"https:\/\/api.w.org\/{rel}","templated":true}]}}