{"id":925150,"date":"2017-02-06T19:54:01","date_gmt":"2017-02-06T19:54:01","guid":{"rendered":"http:\/\/www.eldigitaldeasturias.com\/noticias\/?p=925150"},"modified":"2017-02-06T19:54:01","modified_gmt":"2017-02-06T19:54:01","slug":"el-gobierno-de-asturias-luchara-contra-la-discriminacion-salarial-de-las-mujeres","status":"publish","type":"post","link":"https:\/\/www.eldigitaldeasturias.com\/noticias\/el-gobierno-de-asturias-luchara-contra-la-discriminacion-salarial-de-las-mujeres\/","title":{"rendered":"El Gobierno de Asturias \u201cluchar\u00e1\u201d contra la discriminaci\u00f3n salarial de las mujeres"},"content":{"rendered":"<p><img loading=\"lazy\" decoding=\"async\" class=\"alignleft size-medium wp-image-925151\" src=\"https:\/\/www.eldigitaldeasturias.com\/noticias\/wp-content\/uploads\/2017\/02\/GM-Principado02-360x240.jpg\" alt=\"\" width=\"360\" height=\"240\" srcset=\"https:\/\/www.eldigitaldeasturias.com\/noticias\/wp-content\/uploads\/2017\/02\/GM-Principado02-360x240.jpg 360w, https:\/\/www.eldigitaldeasturias.com\/noticias\/wp-content\/uploads\/2017\/02\/GM-Principado02-768x512.jpg 768w, https:\/\/www.eldigitaldeasturias.com\/noticias\/wp-content\/uploads\/2017\/02\/GM-Principado02-650x433.jpg 650w, https:\/\/www.eldigitaldeasturias.com\/noticias\/wp-content\/uploads\/2017\/02\/GM-Principado02-84x55.jpg 84w, https:\/\/www.eldigitaldeasturias.com\/noticias\/wp-content\/uploads\/2017\/02\/GM-Principado02-49x32.jpg 49w, https:\/\/www.eldigitaldeasturias.com\/noticias\/wp-content\/uploads\/2017\/02\/GM-Principado02.jpg 1280w\" sizes=\"auto, (max-width: 360px) 100vw, 360px\" \/>El consejero de Presidencia y Participaci\u00f3n Ciudadana, <strong>Guillermo Mart\u00ednez<\/strong>, ha anunciado hoy la puesta en marcha de la <strong>ventanilla \u00fanica contra la brecha salarial<\/strong>, una de las herramientas sobre las que se sustenta la estrategia del Gobierno de Asturias para acabar con la desigualdad retributiva entre hombres y mujeres.<\/p>\n<p>El servicio se ubicar\u00e1 en la sede del Instituto Asturiano de la Mujer y operar\u00e1 como centro de recepci\u00f3n de consultas y denuncias, con el prop\u00f3sito de fortalecer los sistemas de detecci\u00f3n y respuesta de la Administraci\u00f3n auton\u00f3mica y de la Inspecci\u00f3n de Trabajo y Seguridad Social ante cualquier conducta que vulnere la normativa laboral en el \u00e1mbito de la igualdad.<\/p>\n<p>\u201cLa ventanilla \u00fanica refuerza las acciones de discriminaci\u00f3n positiva que hemos articulado en los \u00faltimos a\u00f1os para erradicar las desigualdades por g\u00e9nero, entre las que destacan por su relevancia la puesta en marcha de la Escuela de Emprendedoras y Empresarias, el Plan de Igualdad y el desarrollo de la Marca de Excelencia en Igualdad\u201d, ha subrayado el titular de Presidencia.<\/p>\n<p>El Principado, en colaboraci\u00f3n con la Inspecci\u00f3n de Trabajo, ha desarrollado un modelo de denuncia que permitir\u00e1, de manera \u00e1gil y eficaz, procesar la informaci\u00f3n relevante para su posterior an\u00e1lisis e investigaci\u00f3n. El modelo se distribuir\u00e1 desde la Direcci\u00f3n General de Justicia e Interior, los centros asesores de la mujer, sindicatos y asociaciones empresariales. Tambi\u00e9n se podr\u00e1 descargar de la p\u00e1gina web y las cuentas del Instituto de la Mujer en redes sociales. Para hacer efectivas las denuncias, ser\u00e1 necesario presentar la documentaci\u00f3n en la sede del Instituto o en cualquiera de los 19 centros asesores de la mujer.<\/p>\n<p>Los centros asesores, que favorecen la protecci\u00f3n de las personas v\u00edctimas de discriminaci\u00f3n, desempe\u00f1ar\u00e1n un papel fundamental a la hora de difundir la estrategia auton\u00f3mica contra la brecha salarial e informar a la poblaci\u00f3n sobre las funciones de la ventanilla \u00fanica que estar\u00e1 desde ahora a su disposici\u00f3n.<\/p>\n<p><strong>Nuevas acciones previstas en la estrategia<\/strong><\/p>\n<p>Guillermo Mart\u00ednez ha avanzado que en las pr\u00f3ximas semanas se impulsar\u00e1n otras dos acciones recogidas en la estrategia contra la desigualdad retributiva, en concreto, la publicaci\u00f3n del primer informe monogr\u00e1fico sobre este asunto y la campa\u00f1a informativa que se desarrollar\u00e1 con motivo del <strong>D\u00eda Europeo de la Igualdad Salarial<\/strong>, que se celebrar\u00e1 el <strong>d\u00eda 22<\/strong> de este mes.<\/p>\n<p>El Ejecutivo auton\u00f3mico organizar\u00e1, adem\u00e1s, dos jornadas formativas, una en materia de igualdad, dirigida a la plantilla de la Inspecci\u00f3n de Trabajo y otra sobre legislaci\u00f3n laboral, para t\u00e9cnicos de igualdad.<\/p>\n<p>Actualmente, las diferencias retributivas entre hombres y mujeres alcanzan en Asturias el 28% en t\u00e9rminos de salario bruto y el 19,80% por hora trabajada. Acabar con esta discriminaci\u00f3n es uno de los principales desaf\u00edos a los que se enfrenta el Gobierno de Asturias, que aspira a fomentar un reparto equitativo del empleo en sectores tradicionalmente masculinizados y a mejorar la tasa de paro femenino, que llega al 40%, dos puntos por debajo de la media nacional y siete inferior a la masculina.<\/p>\n<p>Junto con el consejero de Presidencia, han participado en la presentaci\u00f3n de la ventanilla \u00fanica la directora territorial de la Inspecci\u00f3n de Trabajo y Seguridad en Asturias, Adelia Garc\u00eda, y la directora del Instituto Asturiano de la Mujer y Pol\u00edticas de Juventud, Almudena Cueto.<\/p>\n<p>&nbsp;<\/p>\n","protected":false},"excerpt":{"rendered":"<p>El consejero de Presidencia y Participaci\u00f3n Ciudadana, Guillermo Mart\u00ednez, ha anunciado hoy la puesta en marcha de la ventanilla \u00fanica contra la brecha salarial, una de las herramientas sobre las que se sustenta la estrategia del Gobierno de Asturias para acabar con la desigualdad retributiva entre hombres y mujeres. El servicio se ubicar\u00e1 en la [&hellip;]<\/p>\n","protected":false},"author":1,"featured_media":925151,"comment_status":"closed","ping_status":"closed","sticky":false,"template":"","format":"standard","meta":{"footnotes":""},"categories":[141],"tags":[],"class_list":["post-925150","post","type-post","status-publish","format-standard","has-post-thumbnail","hentry","category-destacadas"],"aioseo_notices":[],"aioseo_head":"\n\t\t<!-- All in One SEO Pro 4.9.6.2 - aioseo.com -->\n\t<meta name=\"description\" content=\"El consejero de Presidencia y Participaci\u00f3n Ciudadana, Guillermo Mart\u00ednez, ha anunciado hoy la puesta en marcha de la ventanilla \u00fanica contra la brecha salarial, una de las herramientas sobre las que se sustenta la estrategia del Gobierno de Asturias para acabar con la desigualdad retributiva entre hombres y mujeres. El servicio se ubicar\u00e1 en la\" \/>\n\t<meta name=\"robots\" content=\"max-image-preview:large\" \/>\n\t<meta name=\"author\" content=\"El Digital de Asturias\"\/>\n\t<meta name=\"google-site-verification\" content=\"UA-38556648-1\" \/>\n\t<meta name=\"msvalidate.01\" content=\"7dfe9f3f1b24437ab69f4f2559babe99\" \/>\n\t<meta name=\"keywords\" content=\"destacadas\" \/>\n\t<link rel=\"canonical\" href=\"https:\/\/www.eldigitaldeasturias.com\/noticias\/el-gobierno-de-asturias-luchara-contra-la-discriminacion-salarial-de-las-mujeres\/\" \/>\n\t<meta name=\"generator\" content=\"All in One SEO Pro (AIOSEO) 4.9.6.2\" \/>\n\t\t<meta property=\"og:locale\" content=\"es_ES\" \/>\n\t\t<meta property=\"og:site_name\" content=\"El Digital de Asturias\" \/>\n\t\t<meta property=\"og:type\" content=\"article\" \/>\n\t\t<meta property=\"og:title\" content=\"El Gobierno de Asturias \u201cluchar\u00e1\u201d contra la discriminaci\u00f3n salarial de las mujeres - El Digital de Asturias\" \/>\n\t\t<meta property=\"og:description\" content=\"El consejero de Presidencia y Participaci\u00f3n Ciudadana, Guillermo Mart\u00ednez, ha anunciado hoy la puesta en marcha de la ventanilla \u00fanica contra la brecha salarial, una de las herramientas sobre las que se sustenta la estrategia del Gobierno de Asturias para acabar con la desigualdad retributiva entre hombres y mujeres. El servicio se ubicar\u00e1 en la\" \/>\n\t\t<meta property=\"og:url\" content=\"https:\/\/www.eldigitaldeasturias.com\/noticias\/el-gobierno-de-asturias-luchara-contra-la-discriminacion-salarial-de-las-mujeres\/\" \/>\n\t\t<meta property=\"og:image\" content=\"https:\/\/www.eldigitaldeasturias.com\/noticias\/wp-content\/uploads\/2017\/02\/GM-Principado02.jpg\" \/>\n\t\t<meta property=\"og:image:secure_url\" content=\"https:\/\/www.eldigitaldeasturias.com\/noticias\/wp-content\/uploads\/2017\/02\/GM-Principado02.jpg\" \/>\n\t\t<meta property=\"og:image:width\" content=\"1280\" \/>\n\t\t<meta property=\"og:image:height\" content=\"853\" \/>\n\t\t<meta property=\"article:tag\" content=\"destacadas\" \/>\n\t\t<meta property=\"article:published_time\" content=\"2017-02-06T19:54:01+00:00\" \/>\n\t\t<meta property=\"article:modified_time\" content=\"2017-02-06T19:54:01+00:00\" \/>\n\t\t<meta property=\"article:publisher\" content=\"https:\/\/facebook.com\/eldigitaldeasturias\" \/>\n\t\t<meta name=\"twitter:card\" content=\"summary_large_image\" \/>\n\t\t<meta name=\"twitter:title\" content=\"El Gobierno de Asturias \u201cluchar\u00e1\u201d contra la discriminaci\u00f3n salarial de las mujeres - El Digital de Asturias\" \/>\n\t\t<meta name=\"twitter:description\" content=\"El consejero de Presidencia y Participaci\u00f3n Ciudadana, Guillermo Mart\u00ednez, ha anunciado hoy la puesta en marcha de la ventanilla \u00fanica contra la brecha salarial, una de las herramientas sobre las que se sustenta la estrategia del Gobierno de Asturias para acabar con la desigualdad retributiva entre hombres y mujeres. El servicio se ubicar\u00e1 en la\" \/>\n\t\t<meta name=\"twitter:image\" content=\"https:\/\/www.eldigitaldeasturias.com\/noticias\/wp-content\/uploads\/2017\/02\/GM-Principado02.jpg\" \/>\n\t\t<meta name=\"twitter:label1\" content=\"Escrito por\" \/>\n\t\t<meta name=\"twitter:data1\" content=\"El Digital de Asturias\" \/>\n\t\t<meta name=\"twitter:label2\" content=\"Tiempo de lectura estimado\" \/>\n\t\t<meta name=\"twitter:data2\" content=\"3 minutos\" \/>\n\t\t<script type=\"application\/ld+json\" class=\"aioseo-schema\">\n\t\t\t{\"@context\":\"https:\\\/\\\/schema.org\",\"@graph\":[{\"@type\":\"BlogPosting\",\"@id\":\"https:\\\/\\\/www.eldigitaldeasturias.com\\\/noticias\\\/el-gobierno-de-asturias-luchara-contra-la-discriminacion-salarial-de-las-mujeres\\\/#blogposting\",\"name\":\"El Gobierno de Asturias \\u201cluchar\\u00e1\\u201d contra la discriminaci\\u00f3n salarial de las mujeres - El Digital de Asturias\",\"headline\":\"El Gobierno de Asturias \\u201cluchar\\u00e1\\u201d contra la discriminaci\\u00f3n salarial de las mujeres\",\"author\":{\"@id\":\"https:\\\/\\\/www.eldigitaldeasturias.com\\\/noticias\\\/author\\\/admin\\\/#author\"},\"publisher\":{\"@id\":\"https:\\\/\\\/www.eldigitaldeasturias.com\\\/noticias\\\/#organization\"},\"image\":{\"@type\":\"ImageObject\",\"url\":\"https:\\\/\\\/www.eldigitaldeasturias.com\\\/noticias\\\/wp-content\\\/uploads\\\/2017\\\/02\\\/GM-Principado02.jpg\",\"width\":1280,\"height\":853},\"datePublished\":\"2017-02-06T19:54:01+01:00\",\"dateModified\":\"2017-02-06T19:54:01+01:00\",\"inLanguage\":\"es-ES\",\"mainEntityOfPage\":{\"@id\":\"https:\\\/\\\/www.eldigitaldeasturias.com\\\/noticias\\\/el-gobierno-de-asturias-luchara-contra-la-discriminacion-salarial-de-las-mujeres\\\/#webpage\"},\"isPartOf\":{\"@id\":\"https:\\\/\\\/www.eldigitaldeasturias.com\\\/noticias\\\/el-gobierno-de-asturias-luchara-contra-la-discriminacion-salarial-de-las-mujeres\\\/#webpage\"},\"articleSection\":\"Destacadas\"},{\"@type\":\"BreadcrumbList\",\"@id\":\"https:\\\/\\\/www.eldigitaldeasturias.com\\\/noticias\\\/el-gobierno-de-asturias-luchara-contra-la-discriminacion-salarial-de-las-mujeres\\\/#breadcrumblist\",\"itemListElement\":[{\"@type\":\"ListItem\",\"@id\":\"https:\\\/\\\/www.eldigitaldeasturias.com\\\/noticias#listItem\",\"position\":1,\"name\":\"Home\",\"item\":\"https:\\\/\\\/www.eldigitaldeasturias.com\\\/noticias\",\"nextItem\":{\"@type\":\"ListItem\",\"@id\":\"https:\\\/\\\/www.eldigitaldeasturias.com\\\/noticias\\\/category\\\/destacadas\\\/#listItem\",\"name\":\"Destacadas\"}},{\"@type\":\"ListItem\",\"@id\":\"https:\\\/\\\/www.eldigitaldeasturias.com\\\/noticias\\\/category\\\/destacadas\\\/#listItem\",\"position\":2,\"name\":\"Destacadas\",\"item\":\"https:\\\/\\\/www.eldigitaldeasturias.com\\\/noticias\\\/category\\\/destacadas\\\/\",\"nextItem\":{\"@type\":\"ListItem\",\"@id\":\"https:\\\/\\\/www.eldigitaldeasturias.com\\\/noticias\\\/el-gobierno-de-asturias-luchara-contra-la-discriminacion-salarial-de-las-mujeres\\\/#listItem\",\"name\":\"El Gobierno de Asturias \\u201cluchar\\u00e1\\u201d contra la discriminaci\\u00f3n salarial de las mujeres\"},\"previousItem\":{\"@type\":\"ListItem\",\"@id\":\"https:\\\/\\\/www.eldigitaldeasturias.com\\\/noticias#listItem\",\"name\":\"Home\"}},{\"@type\":\"ListItem\",\"@id\":\"https:\\\/\\\/www.eldigitaldeasturias.com\\\/noticias\\\/el-gobierno-de-asturias-luchara-contra-la-discriminacion-salarial-de-las-mujeres\\\/#listItem\",\"position\":3,\"name\":\"El Gobierno de Asturias \\u201cluchar\\u00e1\\u201d contra la discriminaci\\u00f3n salarial de las mujeres\",\"previousItem\":{\"@type\":\"ListItem\",\"@id\":\"https:\\\/\\\/www.eldigitaldeasturias.com\\\/noticias\\\/category\\\/destacadas\\\/#listItem\",\"name\":\"Destacadas\"}}]},{\"@type\":\"Organization\",\"@id\":\"https:\\\/\\\/www.eldigitaldeasturias.com\\\/noticias\\\/#organization\",\"name\":\"El Digital de Asturias\",\"description\":\"Hemeroteca\",\"url\":\"https:\\\/\\\/www.eldigitaldeasturias.com\\\/noticias\\\/\",\"email\":\"info@eldigitaldeasturias.com\",\"telephone\":\"+34652131393\",\"logo\":{\"@type\":\"ImageObject\",\"url\":\"https:\\\/\\\/www.eldigitaldeasturias.com\\\/noticias\\\/wp-content\\\/uploads\\\/2020\\\/12\\\/EDA.jpg\",\"@id\":\"https:\\\/\\\/www.eldigitaldeasturias.com\\\/noticias\\\/el-gobierno-de-asturias-luchara-contra-la-discriminacion-salarial-de-las-mujeres\\\/#organizationLogo\",\"width\":649,\"height\":297},\"image\":{\"@id\":\"https:\\\/\\\/www.eldigitaldeasturias.com\\\/noticias\\\/el-gobierno-de-asturias-luchara-contra-la-discriminacion-salarial-de-las-mujeres\\\/#organizationLogo\"},\"sameAs\":[\"https:\\\/\\\/facebook.com\\\/eldigitaldeasturias\",\"https:\\\/\\\/www.youtube.com\\\/channel\\\/UCZP-2wLEB9Rv6erhFmqVnvg\"],\"address\":{\"@id\":\"https:\\\/\\\/www.eldigitaldeasturias.com\\\/noticias\\\/#postaladdress\",\"@type\":\"PostalAddress\",\"streetAddress\":\"san antonio 4,\",\"postalCode\":\"33430\",\"addressLocality\":\"Cand\\u00e1s\",\"addressRegion\":\"Asturias\",\"addressCountry\":\"ES\"}},{\"@type\":\"Person\",\"@id\":\"https:\\\/\\\/www.eldigitaldeasturias.com\\\/noticias\\\/author\\\/admin\\\/#author\",\"url\":\"https:\\\/\\\/www.eldigitaldeasturias.com\\\/noticias\\\/author\\\/admin\\\/\",\"name\":\"El Digital de Asturias\",\"image\":{\"@type\":\"ImageObject\",\"@id\":\"https:\\\/\\\/www.eldigitaldeasturias.com\\\/noticias\\\/el-gobierno-de-asturias-luchara-contra-la-discriminacion-salarial-de-las-mujeres\\\/#authorImage\",\"url\":\"https:\\\/\\\/www.eldigitaldeasturias.com\\\/noticias\\\/wp-content\\\/litespeed\\\/avatar\\\/18677e78aa0546b92d9dbf31ec7d7668.jpg?ver=1777290358\",\"width\":96,\"height\":96,\"caption\":\"El Digital de Asturias\"}},{\"@type\":\"WebPage\",\"@id\":\"https:\\\/\\\/www.eldigitaldeasturias.com\\\/noticias\\\/el-gobierno-de-asturias-luchara-contra-la-discriminacion-salarial-de-las-mujeres\\\/#webpage\",\"url\":\"https:\\\/\\\/www.eldigitaldeasturias.com\\\/noticias\\\/el-gobierno-de-asturias-luchara-contra-la-discriminacion-salarial-de-las-mujeres\\\/\",\"name\":\"El Gobierno de Asturias \\u201cluchar\\u00e1\\u201d contra la discriminaci\\u00f3n salarial de las mujeres - El Digital de Asturias\",\"description\":\"El consejero de Presidencia y Participaci\\u00f3n Ciudadana, Guillermo Mart\\u00ednez, ha anunciado hoy la puesta en marcha de la ventanilla \\u00fanica contra la brecha salarial, una de las herramientas sobre las que se sustenta la estrategia del Gobierno de Asturias para acabar con la desigualdad retributiva entre hombres y mujeres. El servicio se ubicar\\u00e1 en la\",\"inLanguage\":\"es-ES\",\"isPartOf\":{\"@id\":\"https:\\\/\\\/www.eldigitaldeasturias.com\\\/noticias\\\/#website\"},\"breadcrumb\":{\"@id\":\"https:\\\/\\\/www.eldigitaldeasturias.com\\\/noticias\\\/el-gobierno-de-asturias-luchara-contra-la-discriminacion-salarial-de-las-mujeres\\\/#breadcrumblist\"},\"author\":{\"@id\":\"https:\\\/\\\/www.eldigitaldeasturias.com\\\/noticias\\\/author\\\/admin\\\/#author\"},\"creator\":{\"@id\":\"https:\\\/\\\/www.eldigitaldeasturias.com\\\/noticias\\\/author\\\/admin\\\/#author\"},\"image\":{\"@type\":\"ImageObject\",\"url\":\"https:\\\/\\\/www.eldigitaldeasturias.com\\\/noticias\\\/wp-content\\\/uploads\\\/2017\\\/02\\\/GM-Principado02.jpg\",\"@id\":\"https:\\\/\\\/www.eldigitaldeasturias.com\\\/noticias\\\/el-gobierno-de-asturias-luchara-contra-la-discriminacion-salarial-de-las-mujeres\\\/#mainImage\",\"width\":1280,\"height\":853},\"primaryImageOfPage\":{\"@id\":\"https:\\\/\\\/www.eldigitaldeasturias.com\\\/noticias\\\/el-gobierno-de-asturias-luchara-contra-la-discriminacion-salarial-de-las-mujeres\\\/#mainImage\"},\"datePublished\":\"2017-02-06T19:54:01+01:00\",\"dateModified\":\"2017-02-06T19:54:01+01:00\"},{\"@type\":\"WebSite\",\"@id\":\"https:\\\/\\\/www.eldigitaldeasturias.com\\\/noticias\\\/#website\",\"url\":\"https:\\\/\\\/www.eldigitaldeasturias.com\\\/noticias\\\/\",\"name\":\"El Digital de Asturias - Diario de actualidad y noticias\",\"alternateName\":\"El Digital de Asturias - Diario de actualidad y noticias\",\"description\":\"Hemeroteca\",\"inLanguage\":\"es-ES\",\"publisher\":{\"@id\":\"https:\\\/\\\/www.eldigitaldeasturias.com\\\/noticias\\\/#organization\"}}]}\n\t\t<\/script>\n\t\t<!-- All in One SEO Pro -->\r\n\t\t<title>El Gobierno de Asturias \u201cluchar\u00e1\u201d contra la discriminaci\u00f3n salarial de las mujeres - El Digital de Asturias<\/title>\n\n","aioseo_head_json":{"title":"El Gobierno de Asturias \u201cluchar\u00e1\u201d contra la discriminaci\u00f3n salarial de las mujeres - El Digital de Asturias","description":"El consejero de Presidencia y Participaci\u00f3n Ciudadana, Guillermo Mart\u00ednez, ha anunciado hoy la puesta en marcha de la ventanilla \u00fanica contra la brecha salarial, una de las herramientas sobre las que se sustenta la estrategia del Gobierno de Asturias para acabar con la desigualdad retributiva entre hombres y mujeres. El servicio se ubicar\u00e1 en la","canonical_url":"https:\/\/www.eldigitaldeasturias.com\/noticias\/el-gobierno-de-asturias-luchara-contra-la-discriminacion-salarial-de-las-mujeres\/","robots":"max-image-preview:large","keywords":"destacadas","webmasterTools":{"google-site-verification":"UA-38556648-1","msvalidate.01":"7dfe9f3f1b24437ab69f4f2559babe99","miscellaneous":""},"schema":{"@context":"https:\/\/schema.org","@graph":[{"@type":"BlogPosting","@id":"https:\/\/www.eldigitaldeasturias.com\/noticias\/el-gobierno-de-asturias-luchara-contra-la-discriminacion-salarial-de-las-mujeres\/#blogposting","name":"El Gobierno de Asturias \u201cluchar\u00e1\u201d contra la discriminaci\u00f3n salarial de las mujeres - El Digital de Asturias","headline":"El Gobierno de Asturias \u201cluchar\u00e1\u201d contra la discriminaci\u00f3n salarial de las mujeres","author":{"@id":"https:\/\/www.eldigitaldeasturias.com\/noticias\/author\/admin\/#author"},"publisher":{"@id":"https:\/\/www.eldigitaldeasturias.com\/noticias\/#organization"},"image":{"@type":"ImageObject","url":"https:\/\/www.eldigitaldeasturias.com\/noticias\/wp-content\/uploads\/2017\/02\/GM-Principado02.jpg","width":1280,"height":853},"datePublished":"2017-02-06T19:54:01+01:00","dateModified":"2017-02-06T19:54:01+01:00","inLanguage":"es-ES","mainEntityOfPage":{"@id":"https:\/\/www.eldigitaldeasturias.com\/noticias\/el-gobierno-de-asturias-luchara-contra-la-discriminacion-salarial-de-las-mujeres\/#webpage"},"isPartOf":{"@id":"https:\/\/www.eldigitaldeasturias.com\/noticias\/el-gobierno-de-asturias-luchara-contra-la-discriminacion-salarial-de-las-mujeres\/#webpage"},"articleSection":"Destacadas"},{"@type":"BreadcrumbList","@id":"https:\/\/www.eldigitaldeasturias.com\/noticias\/el-gobierno-de-asturias-luchara-contra-la-discriminacion-salarial-de-las-mujeres\/#breadcrumblist","itemListElement":[{"@type":"ListItem","@id":"https:\/\/www.eldigitaldeasturias.com\/noticias#listItem","position":1,"name":"Home","item":"https:\/\/www.eldigitaldeasturias.com\/noticias","nextItem":{"@type":"ListItem","@id":"https:\/\/www.eldigitaldeasturias.com\/noticias\/category\/destacadas\/#listItem","name":"Destacadas"}},{"@type":"ListItem","@id":"https:\/\/www.eldigitaldeasturias.com\/noticias\/category\/destacadas\/#listItem","position":2,"name":"Destacadas","item":"https:\/\/www.eldigitaldeasturias.com\/noticias\/category\/destacadas\/","nextItem":{"@type":"ListItem","@id":"https:\/\/www.eldigitaldeasturias.com\/noticias\/el-gobierno-de-asturias-luchara-contra-la-discriminacion-salarial-de-las-mujeres\/#listItem","name":"El Gobierno de Asturias \u201cluchar\u00e1\u201d contra la discriminaci\u00f3n salarial de las mujeres"},"previousItem":{"@type":"ListItem","@id":"https:\/\/www.eldigitaldeasturias.com\/noticias#listItem","name":"Home"}},{"@type":"ListItem","@id":"https:\/\/www.eldigitaldeasturias.com\/noticias\/el-gobierno-de-asturias-luchara-contra-la-discriminacion-salarial-de-las-mujeres\/#listItem","position":3,"name":"El Gobierno de Asturias \u201cluchar\u00e1\u201d contra la discriminaci\u00f3n salarial de las mujeres","previousItem":{"@type":"ListItem","@id":"https:\/\/www.eldigitaldeasturias.com\/noticias\/category\/destacadas\/#listItem","name":"Destacadas"}}]},{"@type":"Organization","@id":"https:\/\/www.eldigitaldeasturias.com\/noticias\/#organization","name":"El Digital de Asturias","description":"Hemeroteca","url":"https:\/\/www.eldigitaldeasturias.com\/noticias\/","email":"info@eldigitaldeasturias.com","telephone":"+34652131393","logo":{"@type":"ImageObject","url":"https:\/\/www.eldigitaldeasturias.com\/noticias\/wp-content\/uploads\/2020\/12\/EDA.jpg","@id":"https:\/\/www.eldigitaldeasturias.com\/noticias\/el-gobierno-de-asturias-luchara-contra-la-discriminacion-salarial-de-las-mujeres\/#organizationLogo","width":649,"height":297},"image":{"@id":"https:\/\/www.eldigitaldeasturias.com\/noticias\/el-gobierno-de-asturias-luchara-contra-la-discriminacion-salarial-de-las-mujeres\/#organizationLogo"},"sameAs":["https:\/\/facebook.com\/eldigitaldeasturias","https:\/\/www.youtube.com\/channel\/UCZP-2wLEB9Rv6erhFmqVnvg"],"address":{"@id":"https:\/\/www.eldigitaldeasturias.com\/noticias\/#postaladdress","@type":"PostalAddress","streetAddress":"san antonio 4,","postalCode":"33430","addressLocality":"Cand\u00e1s","addressRegion":"Asturias","addressCountry":"ES"}},{"@type":"Person","@id":"https:\/\/www.eldigitaldeasturias.com\/noticias\/author\/admin\/#author","url":"https:\/\/www.eldigitaldeasturias.com\/noticias\/author\/admin\/","name":"El Digital de Asturias","image":{"@type":"ImageObject","@id":"https:\/\/www.eldigitaldeasturias.com\/noticias\/el-gobierno-de-asturias-luchara-contra-la-discriminacion-salarial-de-las-mujeres\/#authorImage","url":"https:\/\/www.eldigitaldeasturias.com\/noticias\/wp-content\/litespeed\/avatar\/18677e78aa0546b92d9dbf31ec7d7668.jpg?ver=1777290358","width":96,"height":96,"caption":"El Digital de Asturias"}},{"@type":"WebPage","@id":"https:\/\/www.eldigitaldeasturias.com\/noticias\/el-gobierno-de-asturias-luchara-contra-la-discriminacion-salarial-de-las-mujeres\/#webpage","url":"https:\/\/www.eldigitaldeasturias.com\/noticias\/el-gobierno-de-asturias-luchara-contra-la-discriminacion-salarial-de-las-mujeres\/","name":"El Gobierno de Asturias \u201cluchar\u00e1\u201d contra la discriminaci\u00f3n salarial de las mujeres - El Digital de Asturias","description":"El consejero de Presidencia y Participaci\u00f3n Ciudadana, Guillermo Mart\u00ednez, ha anunciado hoy la puesta en marcha de la ventanilla \u00fanica contra la brecha salarial, una de las herramientas sobre las que se sustenta la estrategia del Gobierno de Asturias para acabar con la desigualdad retributiva entre hombres y mujeres. El servicio se ubicar\u00e1 en la","inLanguage":"es-ES","isPartOf":{"@id":"https:\/\/www.eldigitaldeasturias.com\/noticias\/#website"},"breadcrumb":{"@id":"https:\/\/www.eldigitaldeasturias.com\/noticias\/el-gobierno-de-asturias-luchara-contra-la-discriminacion-salarial-de-las-mujeres\/#breadcrumblist"},"author":{"@id":"https:\/\/www.eldigitaldeasturias.com\/noticias\/author\/admin\/#author"},"creator":{"@id":"https:\/\/www.eldigitaldeasturias.com\/noticias\/author\/admin\/#author"},"image":{"@type":"ImageObject","url":"https:\/\/www.eldigitaldeasturias.com\/noticias\/wp-content\/uploads\/2017\/02\/GM-Principado02.jpg","@id":"https:\/\/www.eldigitaldeasturias.com\/noticias\/el-gobierno-de-asturias-luchara-contra-la-discriminacion-salarial-de-las-mujeres\/#mainImage","width":1280,"height":853},"primaryImageOfPage":{"@id":"https:\/\/www.eldigitaldeasturias.com\/noticias\/el-gobierno-de-asturias-luchara-contra-la-discriminacion-salarial-de-las-mujeres\/#mainImage"},"datePublished":"2017-02-06T19:54:01+01:00","dateModified":"2017-02-06T19:54:01+01:00"},{"@type":"WebSite","@id":"https:\/\/www.eldigitaldeasturias.com\/noticias\/#website","url":"https:\/\/www.eldigitaldeasturias.com\/noticias\/","name":"El Digital de Asturias - Diario de actualidad y noticias","alternateName":"El Digital de Asturias - Diario de actualidad y noticias","description":"Hemeroteca","inLanguage":"es-ES","publisher":{"@id":"https:\/\/www.eldigitaldeasturias.com\/noticias\/#organization"}}]},"og:locale":"es_ES","og:site_name":"El Digital de Asturias","og:type":"article","og:title":"El Gobierno de Asturias \u201cluchar\u00e1\u201d contra la discriminaci\u00f3n salarial de las mujeres - El Digital de Asturias","og:description":"El consejero de Presidencia y Participaci\u00f3n Ciudadana, Guillermo Mart\u00ednez, ha anunciado hoy la puesta en marcha de la ventanilla \u00fanica contra la brecha salarial, una de las herramientas sobre las que se sustenta la estrategia del Gobierno de Asturias para acabar con la desigualdad retributiva entre hombres y mujeres. El servicio se ubicar\u00e1 en la","og:url":"https:\/\/www.eldigitaldeasturias.com\/noticias\/el-gobierno-de-asturias-luchara-contra-la-discriminacion-salarial-de-las-mujeres\/","og:image":"https:\/\/www.eldigitaldeasturias.com\/noticias\/wp-content\/uploads\/2017\/02\/GM-Principado02.jpg","og:image:secure_url":"https:\/\/www.eldigitaldeasturias.com\/noticias\/wp-content\/uploads\/2017\/02\/GM-Principado02.jpg","og:image:width":1280,"og:image:height":853,"article:tag":["destacadas"],"article:published_time":"2017-02-06T19:54:01+00:00","article:modified_time":"2017-02-06T19:54:01+00:00","article:publisher":"https:\/\/facebook.com\/eldigitaldeasturias","twitter:card":"summary_large_image","twitter:title":"El Gobierno de Asturias \u201cluchar\u00e1\u201d contra la discriminaci\u00f3n salarial de las mujeres - El Digital de Asturias","twitter:description":"El consejero de Presidencia y Participaci\u00f3n Ciudadana, Guillermo Mart\u00ednez, ha anunciado hoy la puesta en marcha de la ventanilla \u00fanica contra la brecha salarial, una de las herramientas sobre las que se sustenta la estrategia del Gobierno de Asturias para acabar con la desigualdad retributiva entre hombres y mujeres. El servicio se ubicar\u00e1 en la","twitter:image":"https:\/\/www.eldigitaldeasturias.com\/noticias\/wp-content\/uploads\/2017\/02\/GM-Principado02.jpg","twitter:label1":"Escrito por","twitter:data1":"El Digital de Asturias","twitter:label2":"Tiempo de lectura estimado","twitter:data2":"3 minutos"},"aioseo_meta_data":{"post_id":"925150","title":null,"description":null,"keywords":null,"keyphrases":null,"primary_term":null,"canonical_url":null,"og_title":null,"og_description":null,"og_object_type":"default","og_image_type":"default","og_image_url":null,"og_image_width":null,"og_image_height":null,"og_image_custom_url":null,"og_image_custom_fields":null,"og_video":null,"og_custom_url":null,"og_article_section":null,"og_article_tags":null,"twitter_use_og":false,"twitter_card":"default","twitter_image_type":"default","twitter_image_url":null,"twitter_image_custom_url":null,"twitter_image_custom_fields":null,"twitter_title":null,"twitter_description":null,"schema":{"blockGraphs":[],"customGraphs":[],"default":{"data":{"Article":[],"Course":[],"Dataset":[],"FAQPage":[],"Movie":[],"Person":[],"Product":[],"ProductReview":[],"Car":[],"Recipe":[],"Service":[],"SoftwareApplication":[],"WebPage":[]},"graphName":"","isEnabled":true},"graphs":[],"defaultGraph":"","defaultPostTypeGraph":""},"schema_type":null,"schema_type_options":null,"pillar_content":false,"robots_default":true,"robots_noindex":false,"robots_noarchive":false,"robots_nosnippet":false,"robots_nofollow":false,"robots_noimageindex":false,"robots_noodp":false,"robots_notranslate":false,"robots_max_snippet":null,"robots_max_videopreview":null,"robots_max_imagepreview":"large","priority":null,"frequency":null,"local_seo":null,"seo_analyzer_scan_date":"2025-12-03 02:35:56","breadcrumb_settings":null,"limit_modified_date":false,"open_ai":null,"ai":null,"created":"2020-12-21 13:40:07","updated":"2025-12-03 02:35:56"},"aioseo_breadcrumb":"<div class=\"aioseo-breadcrumbs\"><span class=\"aioseo-breadcrumb\">\n\t<a href=\"https:\/\/www.eldigitaldeasturias.com\/noticias\" title=\"Home\">Home<\/a>\n<\/span><span class=\"aioseo-breadcrumb-separator\">\u2013<\/span><span class=\"aioseo-breadcrumb\">\n\t<a href=\"https:\/\/www.eldigitaldeasturias.com\/noticias\/category\/destacadas\/\" title=\"Destacadas\">Destacadas<\/a>\n<\/span><span class=\"aioseo-breadcrumb-separator\">\u2013<\/span><span class=\"aioseo-breadcrumb\">\n\t<a href=\"https:\/\/www.eldigitaldeasturias.com\/noticias\/el-gobierno-de-asturias-luchara-contra-la-discriminacion-salarial-de-las-mujeres\/\" title=\"El Gobierno de Asturias \u201cluchar\u00e1\u201d contra la discriminaci\u00f3n salarial de las mujeres\">El Gobierno de Asturias \u201cluchar\u00e1\u201d contra la discriminaci\u00f3n salarial de las mujeres<\/a>\n<\/span><\/div>","aioseo_breadcrumb_json":[{"label":"Home","link":"https:\/\/www.eldigitaldeasturias.com\/noticias"},{"label":"Destacadas","link":"https:\/\/www.eldigitaldeasturias.com\/noticias\/category\/destacadas\/"},{"label":"El Gobierno de Asturias \u201cluchar\u00e1\u201d contra la discriminaci\u00f3n salarial de las mujeres","link":"https:\/\/www.eldigitaldeasturias.com\/noticias\/el-gobierno-de-asturias-luchara-contra-la-discriminacion-salarial-de-las-mujeres\/"}],"_links":{"self":[{"href":"https:\/\/www.eldigitaldeasturias.com\/noticias\/wp-json\/wp\/v2\/posts\/925150","targetHints":{"allow":["GET"]}}],"collection":[{"href":"https:\/\/www.eldigitaldeasturias.com\/noticias\/wp-json\/wp\/v2\/posts"}],"about":[{"href":"https:\/\/www.eldigitaldeasturias.com\/noticias\/wp-json\/wp\/v2\/types\/post"}],"author":[{"embeddable":true,"href":"https:\/\/www.eldigitaldeasturias.com\/noticias\/wp-json\/wp\/v2\/users\/1"}],"replies":[{"embeddable":true,"href":"https:\/\/www.eldigitaldeasturias.com\/noticias\/wp-json\/wp\/v2\/comments?post=925150"}],"version-history":[{"count":0,"href":"https:\/\/www.eldigitaldeasturias.com\/noticias\/wp-json\/wp\/v2\/posts\/925150\/revisions"}],"wp:featuredmedia":[{"embeddable":true,"href":"https:\/\/www.eldigitaldeasturias.com\/noticias\/wp-json\/wp\/v2\/media\/925151"}],"wp:attachment":[{"href":"https:\/\/www.eldigitaldeasturias.com\/noticias\/wp-json\/wp\/v2\/media?parent=925150"}],"wp:term":[{"taxonomy":"category","embeddable":true,"href":"https:\/\/www.eldigitaldeasturias.com\/noticias\/wp-json\/wp\/v2\/categories?post=925150"},{"taxonomy":"post_tag","embeddable":true,"href":"https:\/\/www.eldigitaldeasturias.com\/noticias\/wp-json\/wp\/v2\/tags?post=925150"}],"curies":[{"name":"wp","href":"https:\/\/api.w.org\/{rel}","templated":true}]}}