{"id":925143,"date":"2017-02-06T18:59:18","date_gmt":"2017-02-06T18:59:18","guid":{"rendered":"http:\/\/www.eldigitaldeasturias.com\/noticias\/?p=925143"},"modified":"2017-02-06T18:59:18","modified_gmt":"2017-02-06T18:59:18","slug":"llamazares-la-situacion-de-las-comarcas-mineras-es-muy-preocupante","status":"publish","type":"post","link":"https:\/\/www.eldigitaldeasturias.com\/noticias\/llamazares-la-situacion-de-las-comarcas-mineras-es-muy-preocupante\/","title":{"rendered":"Llamazares: \u201cLa situaci\u00f3n de las comarcas mineras es muy preocupante\u201d"},"content":{"rendered":"<p><img loading=\"lazy\" decoding=\"async\" class=\"alignleft size-medium wp-image-783330\" src=\"https:\/\/www.eldigitaldeasturias.com\/noticias\/wp-content\/uploads\/2015\/05\/llamazares-360x270.jpg\" alt=\"\" width=\"360\" height=\"270\" srcset=\"https:\/\/www.eldigitaldeasturias.com\/noticias\/wp-content\/uploads\/2015\/05\/llamazares-360x270.jpg 360w, https:\/\/www.eldigitaldeasturias.com\/noticias\/wp-content\/uploads\/2015\/05\/llamazares-768x576.jpg 768w, https:\/\/www.eldigitaldeasturias.com\/noticias\/wp-content\/uploads\/2015\/05\/llamazares-650x488.jpg 650w, https:\/\/www.eldigitaldeasturias.com\/noticias\/wp-content\/uploads\/2015\/05\/llamazares-90x67.jpg 90w, https:\/\/www.eldigitaldeasturias.com\/noticias\/wp-content\/uploads\/2015\/05\/llamazares-100x75.jpg 100w, https:\/\/www.eldigitaldeasturias.com\/noticias\/wp-content\/uploads\/2015\/05\/llamazares.jpg 800w\" sizes=\"auto, (max-width: 360px) 100vw, 360px\" \/>El grupo parlamentario de IU en la Junta General llevar\u00e1 a pleno esta semana una interpelaci\u00f3n sobre reactivaci\u00f3n de las comarcas mineras. El portavoz parlamentario de IU, Gaspar Llamazares, asegur\u00f3 al t\u00e9rmino de la Junta de Portavoces que esta iniciativa incide en la necesidad de presi\u00f3n por parte del Gobierno asturiano al Gobierno central para que salgan adelante los fondos mineros que no han sido liberados, y sobre todo, que se adopten medidas propias de la comunidad aut\u00f3noma con las comarcas mineras para su situaci\u00f3n, dado que existe el mayor paro de Europa, una situaci\u00f3n de declive y despoblamiento, una situaci\u00f3n que para Llamazares \u201ces muy preocupante\u201d.<\/p>\n<p>Por otro lado, el portavoz de IU tambi\u00e9n lament\u00f3 que no sea posible un acuerdo previo sobre la acumulaci\u00f3n de iniciativas anticorrupci\u00f3n, dado que el grupo de Podemos no est\u00e1 de acuerdo. Llamazares espera que este acuerdo sea posible en el tr\u00e1mite parlamentario para que \u201cen esta comunidad\u201d haya una Ley de Transparencia y una Oficina Anticorrupci\u00f3n al mismo nivel o superior a los hom\u00f3logos de otras comunidades aut\u00f3nomas. IU ha presentado una alternativa a la Oficina Anticorrupci\u00f3n de Podemos, que, a su vez, fue una iniciativa planteada por IU en la anterior legislatura. IU pretende, con sus 50 enmiendas, una oficina anticorrupci\u00f3n dimensionada, reducida, \u00e1gil no ning\u00fan organismo que implique una confrontaci\u00f3n con la fiscal\u00eda ni la replique. El portavoz de IU se\u00f1al\u00f3 que si la iniciativa de Podemos no sale adelante, como parece ser porque no cuenta con el apoyo del resto de los grupos, IU aportar\u00e1 sus iniciativas tanto a la Ley de Transparencia como a la tramitaci\u00f3n de la Ley de Inspecci\u00f3n General, que fue tomada en consideraci\u00f3n la semana pasada.<\/p>\n<p>&nbsp;<\/p>\n","protected":false},"excerpt":{"rendered":"<p>El grupo parlamentario de IU en la Junta General llevar\u00e1 a pleno esta semana una interpelaci\u00f3n sobre reactivaci\u00f3n de las comarcas mineras. El portavoz parlamentario de IU, Gaspar Llamazares, asegur\u00f3 al t\u00e9rmino de la Junta de Portavoces que esta iniciativa incide en la necesidad de presi\u00f3n por parte del Gobierno asturiano al Gobierno central para [&hellip;]<\/p>\n","protected":false},"author":1,"featured_media":772369,"comment_status":"closed","ping_status":"closed","sticky":false,"template":"","format":"standard","meta":{"footnotes":""},"categories":[141],"tags":[],"class_list":["post-925143","post","type-post","status-publish","format-standard","has-post-thumbnail","hentry","category-destacadas"],"aioseo_notices":[],"aioseo_head":"\n\t\t<!-- All in One SEO Pro 4.9.6.2 - aioseo.com -->\n\t<meta name=\"description\" content=\"El grupo parlamentario de IU en la Junta General llevar\u00e1 a pleno esta semana una interpelaci\u00f3n sobre reactivaci\u00f3n de las comarcas mineras. El portavoz parlamentario de IU, Gaspar Llamazares, asegur\u00f3 al t\u00e9rmino de la Junta de Portavoces que esta iniciativa incide en la necesidad de presi\u00f3n por parte del Gobierno asturiano al Gobierno central para\" \/>\n\t<meta name=\"robots\" content=\"max-image-preview:large\" \/>\n\t<meta name=\"author\" content=\"El Digital de Asturias\"\/>\n\t<meta name=\"google-site-verification\" content=\"UA-38556648-1\" \/>\n\t<meta name=\"msvalidate.01\" content=\"7dfe9f3f1b24437ab69f4f2559babe99\" \/>\n\t<meta name=\"keywords\" content=\"destacadas\" \/>\n\t<link rel=\"canonical\" href=\"https:\/\/www.eldigitaldeasturias.com\/noticias\/llamazares-la-situacion-de-las-comarcas-mineras-es-muy-preocupante\/\" \/>\n\t<meta name=\"generator\" content=\"All in One SEO Pro (AIOSEO) 4.9.6.2\" \/>\n\t\t<meta property=\"og:locale\" content=\"es_ES\" \/>\n\t\t<meta property=\"og:site_name\" content=\"El Digital de Asturias\" \/>\n\t\t<meta property=\"og:type\" content=\"article\" \/>\n\t\t<meta property=\"og:title\" content=\"Llamazares: \u201cLa situaci\u00f3n de las comarcas mineras es muy preocupante\u201d - El Digital de Asturias\" \/>\n\t\t<meta property=\"og:description\" content=\"El grupo parlamentario de IU en la Junta General llevar\u00e1 a pleno esta semana una interpelaci\u00f3n sobre reactivaci\u00f3n de las comarcas mineras. El portavoz parlamentario de IU, Gaspar Llamazares, asegur\u00f3 al t\u00e9rmino de la Junta de Portavoces que esta iniciativa incide en la necesidad de presi\u00f3n por parte del Gobierno asturiano al Gobierno central para\" \/>\n\t\t<meta property=\"og:url\" content=\"https:\/\/www.eldigitaldeasturias.com\/noticias\/llamazares-la-situacion-de-las-comarcas-mineras-es-muy-preocupante\/\" \/>\n\t\t<meta property=\"og:image\" content=\"https:\/\/www.eldigitaldeasturias.com\/noticias\/wp-content\/uploads\/2015\/03\/llamazares1.jpg\" \/>\n\t\t<meta property=\"og:image:secure_url\" content=\"https:\/\/www.eldigitaldeasturias.com\/noticias\/wp-content\/uploads\/2015\/03\/llamazares1.jpg\" \/>\n\t\t<meta property=\"og:image:width\" content=\"800\" \/>\n\t\t<meta property=\"og:image:height\" content=\"600\" \/>\n\t\t<meta property=\"article:tag\" content=\"destacadas\" \/>\n\t\t<meta property=\"article:published_time\" content=\"2017-02-06T18:59:18+00:00\" \/>\n\t\t<meta property=\"article:modified_time\" content=\"2017-02-06T18:59:18+00:00\" \/>\n\t\t<meta property=\"article:publisher\" content=\"https:\/\/facebook.com\/eldigitaldeasturias\" \/>\n\t\t<meta name=\"twitter:card\" content=\"summary_large_image\" \/>\n\t\t<meta name=\"twitter:title\" content=\"Llamazares: \u201cLa situaci\u00f3n de las comarcas mineras es muy preocupante\u201d - El Digital de Asturias\" \/>\n\t\t<meta name=\"twitter:description\" content=\"El grupo parlamentario de IU en la Junta General llevar\u00e1 a pleno esta semana una interpelaci\u00f3n sobre reactivaci\u00f3n de las comarcas mineras. El portavoz parlamentario de IU, Gaspar Llamazares, asegur\u00f3 al t\u00e9rmino de la Junta de Portavoces que esta iniciativa incide en la necesidad de presi\u00f3n por parte del Gobierno asturiano al Gobierno central para\" \/>\n\t\t<meta name=\"twitter:image\" content=\"https:\/\/www.eldigitaldeasturias.com\/noticias\/wp-content\/uploads\/2015\/03\/llamazares1.jpg\" \/>\n\t\t<meta name=\"twitter:label1\" content=\"Escrito por\" \/>\n\t\t<meta name=\"twitter:data1\" content=\"El Digital de Asturias\" \/>\n\t\t<meta name=\"twitter:label2\" content=\"Tiempo de lectura estimado\" \/>\n\t\t<meta name=\"twitter:data2\" content=\"2 minutos\" \/>\n\t\t<script type=\"application\/ld+json\" class=\"aioseo-schema\">\n\t\t\t{\"@context\":\"https:\\\/\\\/schema.org\",\"@graph\":[{\"@type\":\"BlogPosting\",\"@id\":\"https:\\\/\\\/www.eldigitaldeasturias.com\\\/noticias\\\/llamazares-la-situacion-de-las-comarcas-mineras-es-muy-preocupante\\\/#blogposting\",\"name\":\"Llamazares: \\u201cLa situaci\\u00f3n de las comarcas mineras es muy preocupante\\u201d - El Digital de Asturias\",\"headline\":\"Llamazares: \\u201cLa situaci\\u00f3n de las comarcas mineras es muy preocupante\\u201d\",\"author\":{\"@id\":\"https:\\\/\\\/www.eldigitaldeasturias.com\\\/noticias\\\/author\\\/admin\\\/#author\"},\"publisher\":{\"@id\":\"https:\\\/\\\/www.eldigitaldeasturias.com\\\/noticias\\\/#organization\"},\"image\":{\"@type\":\"ImageObject\",\"url\":\"https:\\\/\\\/www.eldigitaldeasturias.com\\\/noticias\\\/wp-content\\\/uploads\\\/2015\\\/03\\\/llamazares1.jpg\",\"width\":800,\"height\":600},\"datePublished\":\"2017-02-06T18:59:18+01:00\",\"dateModified\":\"2017-02-06T18:59:18+01:00\",\"inLanguage\":\"es-ES\",\"mainEntityOfPage\":{\"@id\":\"https:\\\/\\\/www.eldigitaldeasturias.com\\\/noticias\\\/llamazares-la-situacion-de-las-comarcas-mineras-es-muy-preocupante\\\/#webpage\"},\"isPartOf\":{\"@id\":\"https:\\\/\\\/www.eldigitaldeasturias.com\\\/noticias\\\/llamazares-la-situacion-de-las-comarcas-mineras-es-muy-preocupante\\\/#webpage\"},\"articleSection\":\"Destacadas\"},{\"@type\":\"BreadcrumbList\",\"@id\":\"https:\\\/\\\/www.eldigitaldeasturias.com\\\/noticias\\\/llamazares-la-situacion-de-las-comarcas-mineras-es-muy-preocupante\\\/#breadcrumblist\",\"itemListElement\":[{\"@type\":\"ListItem\",\"@id\":\"https:\\\/\\\/www.eldigitaldeasturias.com\\\/noticias#listItem\",\"position\":1,\"name\":\"Home\",\"item\":\"https:\\\/\\\/www.eldigitaldeasturias.com\\\/noticias\",\"nextItem\":{\"@type\":\"ListItem\",\"@id\":\"https:\\\/\\\/www.eldigitaldeasturias.com\\\/noticias\\\/category\\\/destacadas\\\/#listItem\",\"name\":\"Destacadas\"}},{\"@type\":\"ListItem\",\"@id\":\"https:\\\/\\\/www.eldigitaldeasturias.com\\\/noticias\\\/category\\\/destacadas\\\/#listItem\",\"position\":2,\"name\":\"Destacadas\",\"item\":\"https:\\\/\\\/www.eldigitaldeasturias.com\\\/noticias\\\/category\\\/destacadas\\\/\",\"nextItem\":{\"@type\":\"ListItem\",\"@id\":\"https:\\\/\\\/www.eldigitaldeasturias.com\\\/noticias\\\/llamazares-la-situacion-de-las-comarcas-mineras-es-muy-preocupante\\\/#listItem\",\"name\":\"Llamazares: \\u201cLa situaci\\u00f3n de las comarcas mineras es muy preocupante\\u201d\"},\"previousItem\":{\"@type\":\"ListItem\",\"@id\":\"https:\\\/\\\/www.eldigitaldeasturias.com\\\/noticias#listItem\",\"name\":\"Home\"}},{\"@type\":\"ListItem\",\"@id\":\"https:\\\/\\\/www.eldigitaldeasturias.com\\\/noticias\\\/llamazares-la-situacion-de-las-comarcas-mineras-es-muy-preocupante\\\/#listItem\",\"position\":3,\"name\":\"Llamazares: \\u201cLa situaci\\u00f3n de las comarcas mineras es muy preocupante\\u201d\",\"previousItem\":{\"@type\":\"ListItem\",\"@id\":\"https:\\\/\\\/www.eldigitaldeasturias.com\\\/noticias\\\/category\\\/destacadas\\\/#listItem\",\"name\":\"Destacadas\"}}]},{\"@type\":\"Organization\",\"@id\":\"https:\\\/\\\/www.eldigitaldeasturias.com\\\/noticias\\\/#organization\",\"name\":\"El Digital de Asturias\",\"description\":\"Hemeroteca\",\"url\":\"https:\\\/\\\/www.eldigitaldeasturias.com\\\/noticias\\\/\",\"email\":\"info@eldigitaldeasturias.com\",\"telephone\":\"+34652131393\",\"logo\":{\"@type\":\"ImageObject\",\"url\":\"https:\\\/\\\/www.eldigitaldeasturias.com\\\/noticias\\\/wp-content\\\/uploads\\\/2020\\\/12\\\/EDA.jpg\",\"@id\":\"https:\\\/\\\/www.eldigitaldeasturias.com\\\/noticias\\\/llamazares-la-situacion-de-las-comarcas-mineras-es-muy-preocupante\\\/#organizationLogo\",\"width\":649,\"height\":297},\"image\":{\"@id\":\"https:\\\/\\\/www.eldigitaldeasturias.com\\\/noticias\\\/llamazares-la-situacion-de-las-comarcas-mineras-es-muy-preocupante\\\/#organizationLogo\"},\"sameAs\":[\"https:\\\/\\\/facebook.com\\\/eldigitaldeasturias\",\"https:\\\/\\\/www.youtube.com\\\/channel\\\/UCZP-2wLEB9Rv6erhFmqVnvg\"],\"address\":{\"@id\":\"https:\\\/\\\/www.eldigitaldeasturias.com\\\/noticias\\\/#postaladdress\",\"@type\":\"PostalAddress\",\"streetAddress\":\"san antonio 4,\",\"postalCode\":\"33430\",\"addressLocality\":\"Cand\\u00e1s\",\"addressRegion\":\"Asturias\",\"addressCountry\":\"ES\"}},{\"@type\":\"Person\",\"@id\":\"https:\\\/\\\/www.eldigitaldeasturias.com\\\/noticias\\\/author\\\/admin\\\/#author\",\"url\":\"https:\\\/\\\/www.eldigitaldeasturias.com\\\/noticias\\\/author\\\/admin\\\/\",\"name\":\"El Digital de Asturias\",\"image\":{\"@type\":\"ImageObject\",\"@id\":\"https:\\\/\\\/www.eldigitaldeasturias.com\\\/noticias\\\/llamazares-la-situacion-de-las-comarcas-mineras-es-muy-preocupante\\\/#authorImage\",\"url\":\"https:\\\/\\\/www.eldigitaldeasturias.com\\\/noticias\\\/wp-content\\\/litespeed\\\/avatar\\\/18677e78aa0546b92d9dbf31ec7d7668.jpg?ver=1777290358\",\"width\":96,\"height\":96,\"caption\":\"El Digital de Asturias\"}},{\"@type\":\"WebPage\",\"@id\":\"https:\\\/\\\/www.eldigitaldeasturias.com\\\/noticias\\\/llamazares-la-situacion-de-las-comarcas-mineras-es-muy-preocupante\\\/#webpage\",\"url\":\"https:\\\/\\\/www.eldigitaldeasturias.com\\\/noticias\\\/llamazares-la-situacion-de-las-comarcas-mineras-es-muy-preocupante\\\/\",\"name\":\"Llamazares: \\u201cLa situaci\\u00f3n de las comarcas mineras es muy preocupante\\u201d - El Digital de Asturias\",\"description\":\"El grupo parlamentario de IU en la Junta General llevar\\u00e1 a pleno esta semana una interpelaci\\u00f3n sobre reactivaci\\u00f3n de las comarcas mineras. El portavoz parlamentario de IU, Gaspar Llamazares, asegur\\u00f3 al t\\u00e9rmino de la Junta de Portavoces que esta iniciativa incide en la necesidad de presi\\u00f3n por parte del Gobierno asturiano al Gobierno central para\",\"inLanguage\":\"es-ES\",\"isPartOf\":{\"@id\":\"https:\\\/\\\/www.eldigitaldeasturias.com\\\/noticias\\\/#website\"},\"breadcrumb\":{\"@id\":\"https:\\\/\\\/www.eldigitaldeasturias.com\\\/noticias\\\/llamazares-la-situacion-de-las-comarcas-mineras-es-muy-preocupante\\\/#breadcrumblist\"},\"author\":{\"@id\":\"https:\\\/\\\/www.eldigitaldeasturias.com\\\/noticias\\\/author\\\/admin\\\/#author\"},\"creator\":{\"@id\":\"https:\\\/\\\/www.eldigitaldeasturias.com\\\/noticias\\\/author\\\/admin\\\/#author\"},\"image\":{\"@type\":\"ImageObject\",\"url\":\"https:\\\/\\\/www.eldigitaldeasturias.com\\\/noticias\\\/wp-content\\\/uploads\\\/2015\\\/03\\\/llamazares1.jpg\",\"@id\":\"https:\\\/\\\/www.eldigitaldeasturias.com\\\/noticias\\\/llamazares-la-situacion-de-las-comarcas-mineras-es-muy-preocupante\\\/#mainImage\",\"width\":800,\"height\":600},\"primaryImageOfPage\":{\"@id\":\"https:\\\/\\\/www.eldigitaldeasturias.com\\\/noticias\\\/llamazares-la-situacion-de-las-comarcas-mineras-es-muy-preocupante\\\/#mainImage\"},\"datePublished\":\"2017-02-06T18:59:18+01:00\",\"dateModified\":\"2017-02-06T18:59:18+01:00\"},{\"@type\":\"WebSite\",\"@id\":\"https:\\\/\\\/www.eldigitaldeasturias.com\\\/noticias\\\/#website\",\"url\":\"https:\\\/\\\/www.eldigitaldeasturias.com\\\/noticias\\\/\",\"name\":\"El Digital de Asturias - Diario de actualidad y noticias\",\"alternateName\":\"El Digital de Asturias - Diario de actualidad y noticias\",\"description\":\"Hemeroteca\",\"inLanguage\":\"es-ES\",\"publisher\":{\"@id\":\"https:\\\/\\\/www.eldigitaldeasturias.com\\\/noticias\\\/#organization\"}}]}\n\t\t<\/script>\n\t\t<!-- All in One SEO Pro -->\r\n\t\t<title>Llamazares: \u201cLa situaci\u00f3n de las comarcas mineras es muy preocupante\u201d - El Digital de Asturias<\/title>\n\n","aioseo_head_json":{"title":"Llamazares: \u201cLa situaci\u00f3n de las comarcas mineras es muy preocupante\u201d - El Digital de Asturias","description":"El grupo parlamentario de IU en la Junta General llevar\u00e1 a pleno esta semana una interpelaci\u00f3n sobre reactivaci\u00f3n de las comarcas mineras. El portavoz parlamentario de IU, Gaspar Llamazares, asegur\u00f3 al t\u00e9rmino de la Junta de Portavoces que esta iniciativa incide en la necesidad de presi\u00f3n por parte del Gobierno asturiano al Gobierno central para","canonical_url":"https:\/\/www.eldigitaldeasturias.com\/noticias\/llamazares-la-situacion-de-las-comarcas-mineras-es-muy-preocupante\/","robots":"max-image-preview:large","keywords":"destacadas","webmasterTools":{"google-site-verification":"UA-38556648-1","msvalidate.01":"7dfe9f3f1b24437ab69f4f2559babe99","miscellaneous":""},"schema":{"@context":"https:\/\/schema.org","@graph":[{"@type":"BlogPosting","@id":"https:\/\/www.eldigitaldeasturias.com\/noticias\/llamazares-la-situacion-de-las-comarcas-mineras-es-muy-preocupante\/#blogposting","name":"Llamazares: \u201cLa situaci\u00f3n de las comarcas mineras es muy preocupante\u201d - El Digital de Asturias","headline":"Llamazares: \u201cLa situaci\u00f3n de las comarcas mineras es muy preocupante\u201d","author":{"@id":"https:\/\/www.eldigitaldeasturias.com\/noticias\/author\/admin\/#author"},"publisher":{"@id":"https:\/\/www.eldigitaldeasturias.com\/noticias\/#organization"},"image":{"@type":"ImageObject","url":"https:\/\/www.eldigitaldeasturias.com\/noticias\/wp-content\/uploads\/2015\/03\/llamazares1.jpg","width":800,"height":600},"datePublished":"2017-02-06T18:59:18+01:00","dateModified":"2017-02-06T18:59:18+01:00","inLanguage":"es-ES","mainEntityOfPage":{"@id":"https:\/\/www.eldigitaldeasturias.com\/noticias\/llamazares-la-situacion-de-las-comarcas-mineras-es-muy-preocupante\/#webpage"},"isPartOf":{"@id":"https:\/\/www.eldigitaldeasturias.com\/noticias\/llamazares-la-situacion-de-las-comarcas-mineras-es-muy-preocupante\/#webpage"},"articleSection":"Destacadas"},{"@type":"BreadcrumbList","@id":"https:\/\/www.eldigitaldeasturias.com\/noticias\/llamazares-la-situacion-de-las-comarcas-mineras-es-muy-preocupante\/#breadcrumblist","itemListElement":[{"@type":"ListItem","@id":"https:\/\/www.eldigitaldeasturias.com\/noticias#listItem","position":1,"name":"Home","item":"https:\/\/www.eldigitaldeasturias.com\/noticias","nextItem":{"@type":"ListItem","@id":"https:\/\/www.eldigitaldeasturias.com\/noticias\/category\/destacadas\/#listItem","name":"Destacadas"}},{"@type":"ListItem","@id":"https:\/\/www.eldigitaldeasturias.com\/noticias\/category\/destacadas\/#listItem","position":2,"name":"Destacadas","item":"https:\/\/www.eldigitaldeasturias.com\/noticias\/category\/destacadas\/","nextItem":{"@type":"ListItem","@id":"https:\/\/www.eldigitaldeasturias.com\/noticias\/llamazares-la-situacion-de-las-comarcas-mineras-es-muy-preocupante\/#listItem","name":"Llamazares: \u201cLa situaci\u00f3n de las comarcas mineras es muy preocupante\u201d"},"previousItem":{"@type":"ListItem","@id":"https:\/\/www.eldigitaldeasturias.com\/noticias#listItem","name":"Home"}},{"@type":"ListItem","@id":"https:\/\/www.eldigitaldeasturias.com\/noticias\/llamazares-la-situacion-de-las-comarcas-mineras-es-muy-preocupante\/#listItem","position":3,"name":"Llamazares: \u201cLa situaci\u00f3n de las comarcas mineras es muy preocupante\u201d","previousItem":{"@type":"ListItem","@id":"https:\/\/www.eldigitaldeasturias.com\/noticias\/category\/destacadas\/#listItem","name":"Destacadas"}}]},{"@type":"Organization","@id":"https:\/\/www.eldigitaldeasturias.com\/noticias\/#organization","name":"El Digital de Asturias","description":"Hemeroteca","url":"https:\/\/www.eldigitaldeasturias.com\/noticias\/","email":"info@eldigitaldeasturias.com","telephone":"+34652131393","logo":{"@type":"ImageObject","url":"https:\/\/www.eldigitaldeasturias.com\/noticias\/wp-content\/uploads\/2020\/12\/EDA.jpg","@id":"https:\/\/www.eldigitaldeasturias.com\/noticias\/llamazares-la-situacion-de-las-comarcas-mineras-es-muy-preocupante\/#organizationLogo","width":649,"height":297},"image":{"@id":"https:\/\/www.eldigitaldeasturias.com\/noticias\/llamazares-la-situacion-de-las-comarcas-mineras-es-muy-preocupante\/#organizationLogo"},"sameAs":["https:\/\/facebook.com\/eldigitaldeasturias","https:\/\/www.youtube.com\/channel\/UCZP-2wLEB9Rv6erhFmqVnvg"],"address":{"@id":"https:\/\/www.eldigitaldeasturias.com\/noticias\/#postaladdress","@type":"PostalAddress","streetAddress":"san antonio 4,","postalCode":"33430","addressLocality":"Cand\u00e1s","addressRegion":"Asturias","addressCountry":"ES"}},{"@type":"Person","@id":"https:\/\/www.eldigitaldeasturias.com\/noticias\/author\/admin\/#author","url":"https:\/\/www.eldigitaldeasturias.com\/noticias\/author\/admin\/","name":"El Digital de Asturias","image":{"@type":"ImageObject","@id":"https:\/\/www.eldigitaldeasturias.com\/noticias\/llamazares-la-situacion-de-las-comarcas-mineras-es-muy-preocupante\/#authorImage","url":"https:\/\/www.eldigitaldeasturias.com\/noticias\/wp-content\/litespeed\/avatar\/18677e78aa0546b92d9dbf31ec7d7668.jpg?ver=1777290358","width":96,"height":96,"caption":"El Digital de Asturias"}},{"@type":"WebPage","@id":"https:\/\/www.eldigitaldeasturias.com\/noticias\/llamazares-la-situacion-de-las-comarcas-mineras-es-muy-preocupante\/#webpage","url":"https:\/\/www.eldigitaldeasturias.com\/noticias\/llamazares-la-situacion-de-las-comarcas-mineras-es-muy-preocupante\/","name":"Llamazares: \u201cLa situaci\u00f3n de las comarcas mineras es muy preocupante\u201d - El Digital de Asturias","description":"El grupo parlamentario de IU en la Junta General llevar\u00e1 a pleno esta semana una interpelaci\u00f3n sobre reactivaci\u00f3n de las comarcas mineras. El portavoz parlamentario de IU, Gaspar Llamazares, asegur\u00f3 al t\u00e9rmino de la Junta de Portavoces que esta iniciativa incide en la necesidad de presi\u00f3n por parte del Gobierno asturiano al Gobierno central para","inLanguage":"es-ES","isPartOf":{"@id":"https:\/\/www.eldigitaldeasturias.com\/noticias\/#website"},"breadcrumb":{"@id":"https:\/\/www.eldigitaldeasturias.com\/noticias\/llamazares-la-situacion-de-las-comarcas-mineras-es-muy-preocupante\/#breadcrumblist"},"author":{"@id":"https:\/\/www.eldigitaldeasturias.com\/noticias\/author\/admin\/#author"},"creator":{"@id":"https:\/\/www.eldigitaldeasturias.com\/noticias\/author\/admin\/#author"},"image":{"@type":"ImageObject","url":"https:\/\/www.eldigitaldeasturias.com\/noticias\/wp-content\/uploads\/2015\/03\/llamazares1.jpg","@id":"https:\/\/www.eldigitaldeasturias.com\/noticias\/llamazares-la-situacion-de-las-comarcas-mineras-es-muy-preocupante\/#mainImage","width":800,"height":600},"primaryImageOfPage":{"@id":"https:\/\/www.eldigitaldeasturias.com\/noticias\/llamazares-la-situacion-de-las-comarcas-mineras-es-muy-preocupante\/#mainImage"},"datePublished":"2017-02-06T18:59:18+01:00","dateModified":"2017-02-06T18:59:18+01:00"},{"@type":"WebSite","@id":"https:\/\/www.eldigitaldeasturias.com\/noticias\/#website","url":"https:\/\/www.eldigitaldeasturias.com\/noticias\/","name":"El Digital de Asturias - Diario de actualidad y noticias","alternateName":"El Digital de Asturias - Diario de actualidad y noticias","description":"Hemeroteca","inLanguage":"es-ES","publisher":{"@id":"https:\/\/www.eldigitaldeasturias.com\/noticias\/#organization"}}]},"og:locale":"es_ES","og:site_name":"El Digital de Asturias","og:type":"article","og:title":"Llamazares: \u201cLa situaci\u00f3n de las comarcas mineras es muy preocupante\u201d - El Digital de Asturias","og:description":"El grupo parlamentario de IU en la Junta General llevar\u00e1 a pleno esta semana una interpelaci\u00f3n sobre reactivaci\u00f3n de las comarcas mineras. El portavoz parlamentario de IU, Gaspar Llamazares, asegur\u00f3 al t\u00e9rmino de la Junta de Portavoces que esta iniciativa incide en la necesidad de presi\u00f3n por parte del Gobierno asturiano al Gobierno central para","og:url":"https:\/\/www.eldigitaldeasturias.com\/noticias\/llamazares-la-situacion-de-las-comarcas-mineras-es-muy-preocupante\/","og:image":"https:\/\/www.eldigitaldeasturias.com\/noticias\/wp-content\/uploads\/2015\/03\/llamazares1.jpg","og:image:secure_url":"https:\/\/www.eldigitaldeasturias.com\/noticias\/wp-content\/uploads\/2015\/03\/llamazares1.jpg","og:image:width":800,"og:image:height":600,"article:tag":["destacadas"],"article:published_time":"2017-02-06T18:59:18+00:00","article:modified_time":"2017-02-06T18:59:18+00:00","article:publisher":"https:\/\/facebook.com\/eldigitaldeasturias","twitter:card":"summary_large_image","twitter:title":"Llamazares: \u201cLa situaci\u00f3n de las comarcas mineras es muy preocupante\u201d - El Digital de Asturias","twitter:description":"El grupo parlamentario de IU en la Junta General llevar\u00e1 a pleno esta semana una interpelaci\u00f3n sobre reactivaci\u00f3n de las comarcas mineras. El portavoz parlamentario de IU, Gaspar Llamazares, asegur\u00f3 al t\u00e9rmino de la Junta de Portavoces que esta iniciativa incide en la necesidad de presi\u00f3n por parte del Gobierno asturiano al Gobierno central para","twitter:image":"https:\/\/www.eldigitaldeasturias.com\/noticias\/wp-content\/uploads\/2015\/03\/llamazares1.jpg","twitter:label1":"Escrito por","twitter:data1":"El Digital de Asturias","twitter:label2":"Tiempo de lectura estimado","twitter:data2":"2 minutos"},"aioseo_meta_data":{"post_id":"925143","title":null,"description":null,"keywords":null,"keyphrases":null,"primary_term":null,"canonical_url":null,"og_title":null,"og_description":null,"og_object_type":"default","og_image_type":"default","og_image_url":null,"og_image_width":null,"og_image_height":null,"og_image_custom_url":null,"og_image_custom_fields":null,"og_video":null,"og_custom_url":null,"og_article_section":null,"og_article_tags":null,"twitter_use_og":false,"twitter_card":"default","twitter_image_type":"default","twitter_image_url":null,"twitter_image_custom_url":null,"twitter_image_custom_fields":null,"twitter_title":null,"twitter_description":null,"schema":{"blockGraphs":[],"customGraphs":[],"default":{"data":{"Article":[],"Course":[],"Dataset":[],"FAQPage":[],"Movie":[],"Person":[],"Product":[],"ProductReview":[],"Car":[],"Recipe":[],"Service":[],"SoftwareApplication":[],"WebPage":[]},"graphName":"","isEnabled":true},"graphs":[],"defaultGraph":"","defaultPostTypeGraph":""},"schema_type":null,"schema_type_options":null,"pillar_content":false,"robots_default":true,"robots_noindex":false,"robots_noarchive":false,"robots_nosnippet":false,"robots_nofollow":false,"robots_noimageindex":false,"robots_noodp":false,"robots_notranslate":false,"robots_max_snippet":null,"robots_max_videopreview":null,"robots_max_imagepreview":"large","priority":null,"frequency":null,"local_seo":null,"seo_analyzer_scan_date":"2025-12-03 02:35:48","breadcrumb_settings":null,"limit_modified_date":false,"open_ai":null,"ai":null,"created":"2020-12-21 13:40:07","updated":"2025-12-03 02:35:48"},"aioseo_breadcrumb":"<div class=\"aioseo-breadcrumbs\"><span class=\"aioseo-breadcrumb\">\n\t<a href=\"https:\/\/www.eldigitaldeasturias.com\/noticias\" title=\"Home\">Home<\/a>\n<\/span><span class=\"aioseo-breadcrumb-separator\">\u2013<\/span><span class=\"aioseo-breadcrumb\">\n\t<a href=\"https:\/\/www.eldigitaldeasturias.com\/noticias\/category\/destacadas\/\" title=\"Destacadas\">Destacadas<\/a>\n<\/span><span class=\"aioseo-breadcrumb-separator\">\u2013<\/span><span class=\"aioseo-breadcrumb\">\n\t<a href=\"https:\/\/www.eldigitaldeasturias.com\/noticias\/llamazares-la-situacion-de-las-comarcas-mineras-es-muy-preocupante\/\" title=\"Llamazares: \u201cLa situaci\u00f3n de las comarcas mineras es muy preocupante\u201d\">Llamazares: \u201cLa situaci\u00f3n de las comarcas mineras es muy preocupante\u201d<\/a>\n<\/span><\/div>","aioseo_breadcrumb_json":[{"label":"Home","link":"https:\/\/www.eldigitaldeasturias.com\/noticias"},{"label":"Destacadas","link":"https:\/\/www.eldigitaldeasturias.com\/noticias\/category\/destacadas\/"},{"label":"Llamazares: \u201cLa situaci\u00f3n de las comarcas mineras es muy preocupante\u201d","link":"https:\/\/www.eldigitaldeasturias.com\/noticias\/llamazares-la-situacion-de-las-comarcas-mineras-es-muy-preocupante\/"}],"_links":{"self":[{"href":"https:\/\/www.eldigitaldeasturias.com\/noticias\/wp-json\/wp\/v2\/posts\/925143","targetHints":{"allow":["GET"]}}],"collection":[{"href":"https:\/\/www.eldigitaldeasturias.com\/noticias\/wp-json\/wp\/v2\/posts"}],"about":[{"href":"https:\/\/www.eldigitaldeasturias.com\/noticias\/wp-json\/wp\/v2\/types\/post"}],"author":[{"embeddable":true,"href":"https:\/\/www.eldigitaldeasturias.com\/noticias\/wp-json\/wp\/v2\/users\/1"}],"replies":[{"embeddable":true,"href":"https:\/\/www.eldigitaldeasturias.com\/noticias\/wp-json\/wp\/v2\/comments?post=925143"}],"version-history":[{"count":0,"href":"https:\/\/www.eldigitaldeasturias.com\/noticias\/wp-json\/wp\/v2\/posts\/925143\/revisions"}],"wp:featuredmedia":[{"embeddable":true,"href":"https:\/\/www.eldigitaldeasturias.com\/noticias\/wp-json\/wp\/v2\/media\/772369"}],"wp:attachment":[{"href":"https:\/\/www.eldigitaldeasturias.com\/noticias\/wp-json\/wp\/v2\/media?parent=925143"}],"wp:term":[{"taxonomy":"category","embeddable":true,"href":"https:\/\/www.eldigitaldeasturias.com\/noticias\/wp-json\/wp\/v2\/categories?post=925143"},{"taxonomy":"post_tag","embeddable":true,"href":"https:\/\/www.eldigitaldeasturias.com\/noticias\/wp-json\/wp\/v2\/tags?post=925143"}],"curies":[{"name":"wp","href":"https:\/\/api.w.org\/{rel}","templated":true}]}}