{"id":924911,"date":"2017-02-03T23:25:29","date_gmt":"2017-02-03T23:25:29","guid":{"rendered":"http:\/\/www.eldigitaldeasturias.com\/noticias\/?p=924911"},"modified":"2017-02-03T23:25:29","modified_gmt":"2017-02-03T23:25:29","slug":"primer-fin-de-semana-de-febrero-de-2017-con-lluvia-y-viento-en-espana","status":"publish","type":"post","link":"https:\/\/www.eldigitaldeasturias.com\/noticias\/primer-fin-de-semana-de-febrero-de-2017-con-lluvia-y-viento-en-espana\/","title":{"rendered":"Primer fin de semana de febrero de 2017 con lluvia y viento en Espa\u00f1a"},"content":{"rendered":"<p><img loading=\"lazy\" decoding=\"async\" class=\"alignleft size-medium wp-image-621317\" src=\"https:\/\/www.eldigitaldeasturias.com\/noticias\/wp-content\/uploads\/2014\/09\/6667866w1-360x239.jpg\" alt=\"\" width=\"360\" height=\"239\" \/>Durante este fin de semana, del 3 al 5 de febrero, continuar\u00e1 la llegada de nuevos frentes desde el Atl\u00e1ntico, con precipitaciones principalmente en la mitad noroeste peninsular, y que podr\u00edan afectar tambi\u00e9n de forma m\u00e1s d\u00e9bil, a otras zonas de la Pen\u00ednsula y Baleares.<\/p>\n<p>Las precipitaciones podr\u00e1n ser localmente fuertes o persistentes en el noroeste peninsular y tambi\u00e9n el domingo 5 en el resto del extremo norte de la Pen\u00ednsula.<\/p>\n<p>En la segunda mitad de dicho domingo se experimentar\u00e1 una disminuci\u00f3n muy importante de las precipitaciones. Las nevadas ser\u00e1n tambi\u00e9n significativas en zonas monta\u00f1osas del norte peninsular. Los vientos ser\u00e1n de componente Oeste, pudiendo ser fuertes o muy fuertes en numerosas zonas, sobre todo del cuadrante noroeste peninsular y en Pirineos, y tambi\u00e9n el domingo en otras zonas de la mitad este peninsular y Baleares.<\/p>\n<p>La pr\u00f3xima semana comenzar\u00e1 el lunes 6 con una importante mejor\u00eda del tiempo, con tan s\u00f3lo algunas precipitaciones moderadas en el extremo norte peninsular, y vientos en general ya m\u00e1s flojos.<\/p>\n<p>El martes llegar\u00e1 un nuevo frente con precipitaciones a la mitad noroeste peninsular, que el mi\u00e9rcoles se esperan m\u00e1s intensas en Baleares y en el extremo norte de la Pen\u00ednsula, donde podr\u00edan ser de nieve en cotas relativamente bajas. Habr\u00e1 intervalos de viento fuerte el martes en el Cant\u00e1brico, y el mi\u00e9rcoles en el noreste peninsular y Baleares.<\/p>\n<p>El jueves ser\u00e1 una jornada de relativa estabilidad, con pocas precipitaciones, aunque no se pueden descartar totalmente de madrugada en Baleares, y seg\u00fan avance el d\u00eda en el tercio noroeste peninsular por la llegada de un nuevo frente.<\/p>\n<p>A partir del viernes 9 de febrero lo m\u00e1s probable es que se inestabilice de nuevo el tiempo en la Pen\u00ednsula y Baleares, con probabilidad de precipitaciones en cualquier zona.<\/p>\n<p>Por lo que respecta a Canarias, estar\u00e1 estable desde el viernes 3 hasta el lunes 6, con s\u00f3lo algunos intervalos nubosos y sin precipitaciones. Entre el martes 7 y el jueves 9 podr\u00eda empezar a haber algunas lluvias d\u00e9biles en el norte de islas de m\u00e1s relieve, que podr\u00edan extenderse al resto del archipi\u00e9lago el fin de semana del 10 al 12 de febrero, a la vez que aumentar\u00edan en intensidad.<\/p>\n<p>&nbsp;<\/p>\n<p>&nbsp;<\/p>\n","protected":false},"excerpt":{"rendered":"<p>Durante este fin de semana, del 3 al 5 de febrero, continuar\u00e1 la llegada de nuevos frentes desde el Atl\u00e1ntico, con precipitaciones principalmente en la mitad noroeste peninsular, y que podr\u00edan afectar tambi\u00e9n de forma m\u00e1s d\u00e9bil, a otras zonas de la Pen\u00ednsula y Baleares. Las precipitaciones podr\u00e1n ser localmente fuertes o persistentes en el [&hellip;]<\/p>\n","protected":false},"author":1,"featured_media":621317,"comment_status":"closed","ping_status":"closed","sticky":false,"template":"","format":"standard","meta":{"footnotes":""},"categories":[141],"tags":[],"class_list":["post-924911","post","type-post","status-publish","format-standard","has-post-thumbnail","hentry","category-destacadas"],"aioseo_notices":[],"aioseo_head":"\n\t\t<!-- All in One SEO Pro 4.9.6.2 - aioseo.com -->\n\t<meta name=\"description\" content=\"Durante este fin de semana, del 3 al 5 de febrero, continuar\u00e1 la llegada de nuevos frentes desde el Atl\u00e1ntico, con precipitaciones principalmente en la mitad noroeste peninsular, y que podr\u00edan afectar tambi\u00e9n de forma m\u00e1s d\u00e9bil, a otras zonas de la Pen\u00ednsula y Baleares. Las precipitaciones podr\u00e1n ser localmente fuertes o persistentes en el\" \/>\n\t<meta name=\"robots\" content=\"max-image-preview:large\" \/>\n\t<meta name=\"author\" content=\"El Digital de Asturias\"\/>\n\t<meta name=\"google-site-verification\" content=\"UA-38556648-1\" \/>\n\t<meta name=\"msvalidate.01\" content=\"7dfe9f3f1b24437ab69f4f2559babe99\" \/>\n\t<meta name=\"keywords\" content=\"destacadas\" \/>\n\t<link rel=\"canonical\" href=\"https:\/\/www.eldigitaldeasturias.com\/noticias\/primer-fin-de-semana-de-febrero-de-2017-con-lluvia-y-viento-en-espana\/\" \/>\n\t<meta name=\"generator\" content=\"All in One SEO Pro (AIOSEO) 4.9.6.2\" \/>\n\t\t<meta property=\"og:locale\" content=\"es_ES\" \/>\n\t\t<meta property=\"og:site_name\" content=\"El Digital de Asturias\" \/>\n\t\t<meta property=\"og:type\" content=\"article\" \/>\n\t\t<meta property=\"og:title\" content=\"Primer fin de semana de febrero de 2017 con lluvia y viento en Espa\u00f1a - El Digital de Asturias\" \/>\n\t\t<meta property=\"og:description\" content=\"Durante este fin de semana, del 3 al 5 de febrero, continuar\u00e1 la llegada de nuevos frentes desde el Atl\u00e1ntico, con precipitaciones principalmente en la mitad noroeste peninsular, y que podr\u00edan afectar tambi\u00e9n de forma m\u00e1s d\u00e9bil, a otras zonas de la Pen\u00ednsula y Baleares. Las precipitaciones podr\u00e1n ser localmente fuertes o persistentes en el\" \/>\n\t\t<meta property=\"og:url\" content=\"https:\/\/www.eldigitaldeasturias.com\/noticias\/primer-fin-de-semana-de-febrero-de-2017-con-lluvia-y-viento-en-espana\/\" \/>\n\t\t<meta property=\"og:image\" content=\"https:\/\/www.eldigitaldeasturias.com\/noticias\/wp-content\/uploads\/2014\/09\/6667866w1.jpg\" \/>\n\t\t<meta property=\"og:image:secure_url\" content=\"https:\/\/www.eldigitaldeasturias.com\/noticias\/wp-content\/uploads\/2014\/09\/6667866w1.jpg\" \/>\n\t\t<meta property=\"og:image:width\" content=\"800\" \/>\n\t\t<meta property=\"og:image:height\" content=\"533\" \/>\n\t\t<meta property=\"article:tag\" content=\"destacadas\" \/>\n\t\t<meta property=\"article:published_time\" content=\"2017-02-03T23:25:29+00:00\" \/>\n\t\t<meta property=\"article:modified_time\" content=\"2017-02-03T23:25:29+00:00\" \/>\n\t\t<meta property=\"article:publisher\" content=\"https:\/\/facebook.com\/eldigitaldeasturias\" \/>\n\t\t<meta name=\"twitter:card\" content=\"summary_large_image\" \/>\n\t\t<meta name=\"twitter:title\" content=\"Primer fin de semana de febrero de 2017 con lluvia y viento en Espa\u00f1a - El Digital de Asturias\" \/>\n\t\t<meta name=\"twitter:description\" content=\"Durante este fin de semana, del 3 al 5 de febrero, continuar\u00e1 la llegada de nuevos frentes desde el Atl\u00e1ntico, con precipitaciones principalmente en la mitad noroeste peninsular, y que podr\u00edan afectar tambi\u00e9n de forma m\u00e1s d\u00e9bil, a otras zonas de la Pen\u00ednsula y Baleares. Las precipitaciones podr\u00e1n ser localmente fuertes o persistentes en el\" \/>\n\t\t<meta name=\"twitter:image\" content=\"https:\/\/www.eldigitaldeasturias.com\/noticias\/wp-content\/uploads\/2014\/09\/6667866w1.jpg\" \/>\n\t\t<meta name=\"twitter:label1\" content=\"Escrito por\" \/>\n\t\t<meta name=\"twitter:data1\" content=\"El Digital de Asturias\" \/>\n\t\t<meta name=\"twitter:label2\" content=\"Tiempo de lectura estimado\" \/>\n\t\t<meta name=\"twitter:data2\" content=\"2 minutos\" \/>\n\t\t<script type=\"application\/ld+json\" class=\"aioseo-schema\">\n\t\t\t{\"@context\":\"https:\\\/\\\/schema.org\",\"@graph\":[{\"@type\":\"BlogPosting\",\"@id\":\"https:\\\/\\\/www.eldigitaldeasturias.com\\\/noticias\\\/primer-fin-de-semana-de-febrero-de-2017-con-lluvia-y-viento-en-espana\\\/#blogposting\",\"name\":\"Primer fin de semana de febrero de 2017 con lluvia y viento en Espa\\u00f1a - El Digital de Asturias\",\"headline\":\"Primer fin de semana de febrero de 2017 con lluvia y viento en Espa\\u00f1a\",\"author\":{\"@id\":\"https:\\\/\\\/www.eldigitaldeasturias.com\\\/noticias\\\/author\\\/admin\\\/#author\"},\"publisher\":{\"@id\":\"https:\\\/\\\/www.eldigitaldeasturias.com\\\/noticias\\\/#organization\"},\"image\":{\"@type\":\"ImageObject\",\"url\":\"https:\\\/\\\/www.eldigitaldeasturias.com\\\/noticias\\\/wp-content\\\/uploads\\\/2014\\\/09\\\/6667866w1.jpg\",\"width\":800,\"height\":533},\"datePublished\":\"2017-02-03T23:25:29+01:00\",\"dateModified\":\"2017-02-03T23:25:29+01:00\",\"inLanguage\":\"es-ES\",\"mainEntityOfPage\":{\"@id\":\"https:\\\/\\\/www.eldigitaldeasturias.com\\\/noticias\\\/primer-fin-de-semana-de-febrero-de-2017-con-lluvia-y-viento-en-espana\\\/#webpage\"},\"isPartOf\":{\"@id\":\"https:\\\/\\\/www.eldigitaldeasturias.com\\\/noticias\\\/primer-fin-de-semana-de-febrero-de-2017-con-lluvia-y-viento-en-espana\\\/#webpage\"},\"articleSection\":\"Destacadas\"},{\"@type\":\"BreadcrumbList\",\"@id\":\"https:\\\/\\\/www.eldigitaldeasturias.com\\\/noticias\\\/primer-fin-de-semana-de-febrero-de-2017-con-lluvia-y-viento-en-espana\\\/#breadcrumblist\",\"itemListElement\":[{\"@type\":\"ListItem\",\"@id\":\"https:\\\/\\\/www.eldigitaldeasturias.com\\\/noticias#listItem\",\"position\":1,\"name\":\"Home\",\"item\":\"https:\\\/\\\/www.eldigitaldeasturias.com\\\/noticias\",\"nextItem\":{\"@type\":\"ListItem\",\"@id\":\"https:\\\/\\\/www.eldigitaldeasturias.com\\\/noticias\\\/category\\\/destacadas\\\/#listItem\",\"name\":\"Destacadas\"}},{\"@type\":\"ListItem\",\"@id\":\"https:\\\/\\\/www.eldigitaldeasturias.com\\\/noticias\\\/category\\\/destacadas\\\/#listItem\",\"position\":2,\"name\":\"Destacadas\",\"item\":\"https:\\\/\\\/www.eldigitaldeasturias.com\\\/noticias\\\/category\\\/destacadas\\\/\",\"nextItem\":{\"@type\":\"ListItem\",\"@id\":\"https:\\\/\\\/www.eldigitaldeasturias.com\\\/noticias\\\/primer-fin-de-semana-de-febrero-de-2017-con-lluvia-y-viento-en-espana\\\/#listItem\",\"name\":\"Primer fin de semana de febrero de 2017 con lluvia y viento en Espa\\u00f1a\"},\"previousItem\":{\"@type\":\"ListItem\",\"@id\":\"https:\\\/\\\/www.eldigitaldeasturias.com\\\/noticias#listItem\",\"name\":\"Home\"}},{\"@type\":\"ListItem\",\"@id\":\"https:\\\/\\\/www.eldigitaldeasturias.com\\\/noticias\\\/primer-fin-de-semana-de-febrero-de-2017-con-lluvia-y-viento-en-espana\\\/#listItem\",\"position\":3,\"name\":\"Primer fin de semana de febrero de 2017 con lluvia y viento en Espa\\u00f1a\",\"previousItem\":{\"@type\":\"ListItem\",\"@id\":\"https:\\\/\\\/www.eldigitaldeasturias.com\\\/noticias\\\/category\\\/destacadas\\\/#listItem\",\"name\":\"Destacadas\"}}]},{\"@type\":\"Organization\",\"@id\":\"https:\\\/\\\/www.eldigitaldeasturias.com\\\/noticias\\\/#organization\",\"name\":\"El Digital de Asturias\",\"description\":\"Hemeroteca\",\"url\":\"https:\\\/\\\/www.eldigitaldeasturias.com\\\/noticias\\\/\",\"email\":\"info@eldigitaldeasturias.com\",\"telephone\":\"+34652131393\",\"logo\":{\"@type\":\"ImageObject\",\"url\":\"https:\\\/\\\/www.eldigitaldeasturias.com\\\/noticias\\\/wp-content\\\/uploads\\\/2020\\\/12\\\/EDA.jpg\",\"@id\":\"https:\\\/\\\/www.eldigitaldeasturias.com\\\/noticias\\\/primer-fin-de-semana-de-febrero-de-2017-con-lluvia-y-viento-en-espana\\\/#organizationLogo\",\"width\":649,\"height\":297},\"image\":{\"@id\":\"https:\\\/\\\/www.eldigitaldeasturias.com\\\/noticias\\\/primer-fin-de-semana-de-febrero-de-2017-con-lluvia-y-viento-en-espana\\\/#organizationLogo\"},\"sameAs\":[\"https:\\\/\\\/facebook.com\\\/eldigitaldeasturias\",\"https:\\\/\\\/www.youtube.com\\\/channel\\\/UCZP-2wLEB9Rv6erhFmqVnvg\"],\"address\":{\"@id\":\"https:\\\/\\\/www.eldigitaldeasturias.com\\\/noticias\\\/#postaladdress\",\"@type\":\"PostalAddress\",\"streetAddress\":\"san antonio 4,\",\"postalCode\":\"33430\",\"addressLocality\":\"Cand\\u00e1s\",\"addressRegion\":\"Asturias\",\"addressCountry\":\"ES\"}},{\"@type\":\"Person\",\"@id\":\"https:\\\/\\\/www.eldigitaldeasturias.com\\\/noticias\\\/author\\\/admin\\\/#author\",\"url\":\"https:\\\/\\\/www.eldigitaldeasturias.com\\\/noticias\\\/author\\\/admin\\\/\",\"name\":\"El Digital de Asturias\",\"image\":{\"@type\":\"ImageObject\",\"@id\":\"https:\\\/\\\/www.eldigitaldeasturias.com\\\/noticias\\\/primer-fin-de-semana-de-febrero-de-2017-con-lluvia-y-viento-en-espana\\\/#authorImage\",\"url\":\"https:\\\/\\\/www.eldigitaldeasturias.com\\\/noticias\\\/wp-content\\\/litespeed\\\/avatar\\\/18677e78aa0546b92d9dbf31ec7d7668.jpg?ver=1777290358\",\"width\":96,\"height\":96,\"caption\":\"El Digital de Asturias\"}},{\"@type\":\"WebPage\",\"@id\":\"https:\\\/\\\/www.eldigitaldeasturias.com\\\/noticias\\\/primer-fin-de-semana-de-febrero-de-2017-con-lluvia-y-viento-en-espana\\\/#webpage\",\"url\":\"https:\\\/\\\/www.eldigitaldeasturias.com\\\/noticias\\\/primer-fin-de-semana-de-febrero-de-2017-con-lluvia-y-viento-en-espana\\\/\",\"name\":\"Primer fin de semana de febrero de 2017 con lluvia y viento en Espa\\u00f1a - El Digital de Asturias\",\"description\":\"Durante este fin de semana, del 3 al 5 de febrero, continuar\\u00e1 la llegada de nuevos frentes desde el Atl\\u00e1ntico, con precipitaciones principalmente en la mitad noroeste peninsular, y que podr\\u00edan afectar tambi\\u00e9n de forma m\\u00e1s d\\u00e9bil, a otras zonas de la Pen\\u00ednsula y Baleares. Las precipitaciones podr\\u00e1n ser localmente fuertes o persistentes en el\",\"inLanguage\":\"es-ES\",\"isPartOf\":{\"@id\":\"https:\\\/\\\/www.eldigitaldeasturias.com\\\/noticias\\\/#website\"},\"breadcrumb\":{\"@id\":\"https:\\\/\\\/www.eldigitaldeasturias.com\\\/noticias\\\/primer-fin-de-semana-de-febrero-de-2017-con-lluvia-y-viento-en-espana\\\/#breadcrumblist\"},\"author\":{\"@id\":\"https:\\\/\\\/www.eldigitaldeasturias.com\\\/noticias\\\/author\\\/admin\\\/#author\"},\"creator\":{\"@id\":\"https:\\\/\\\/www.eldigitaldeasturias.com\\\/noticias\\\/author\\\/admin\\\/#author\"},\"image\":{\"@type\":\"ImageObject\",\"url\":\"https:\\\/\\\/www.eldigitaldeasturias.com\\\/noticias\\\/wp-content\\\/uploads\\\/2014\\\/09\\\/6667866w1.jpg\",\"@id\":\"https:\\\/\\\/www.eldigitaldeasturias.com\\\/noticias\\\/primer-fin-de-semana-de-febrero-de-2017-con-lluvia-y-viento-en-espana\\\/#mainImage\",\"width\":800,\"height\":533},\"primaryImageOfPage\":{\"@id\":\"https:\\\/\\\/www.eldigitaldeasturias.com\\\/noticias\\\/primer-fin-de-semana-de-febrero-de-2017-con-lluvia-y-viento-en-espana\\\/#mainImage\"},\"datePublished\":\"2017-02-03T23:25:29+01:00\",\"dateModified\":\"2017-02-03T23:25:29+01:00\"},{\"@type\":\"WebSite\",\"@id\":\"https:\\\/\\\/www.eldigitaldeasturias.com\\\/noticias\\\/#website\",\"url\":\"https:\\\/\\\/www.eldigitaldeasturias.com\\\/noticias\\\/\",\"name\":\"El Digital de Asturias - Diario de actualidad y noticias\",\"alternateName\":\"El Digital de Asturias - Diario de actualidad y noticias\",\"description\":\"Hemeroteca\",\"inLanguage\":\"es-ES\",\"publisher\":{\"@id\":\"https:\\\/\\\/www.eldigitaldeasturias.com\\\/noticias\\\/#organization\"}}]}\n\t\t<\/script>\n\t\t<!-- All in One SEO Pro -->\r\n\t\t<title>Primer fin de semana de febrero de 2017 con lluvia y viento en Espa\u00f1a - El Digital de Asturias<\/title>\n\n","aioseo_head_json":{"title":"Primer fin de semana de febrero de 2017 con lluvia y viento en Espa\u00f1a - El Digital de Asturias","description":"Durante este fin de semana, del 3 al 5 de febrero, continuar\u00e1 la llegada de nuevos frentes desde el Atl\u00e1ntico, con precipitaciones principalmente en la mitad noroeste peninsular, y que podr\u00edan afectar tambi\u00e9n de forma m\u00e1s d\u00e9bil, a otras zonas de la Pen\u00ednsula y Baleares. Las precipitaciones podr\u00e1n ser localmente fuertes o persistentes en el","canonical_url":"https:\/\/www.eldigitaldeasturias.com\/noticias\/primer-fin-de-semana-de-febrero-de-2017-con-lluvia-y-viento-en-espana\/","robots":"max-image-preview:large","keywords":"destacadas","webmasterTools":{"google-site-verification":"UA-38556648-1","msvalidate.01":"7dfe9f3f1b24437ab69f4f2559babe99","miscellaneous":""},"schema":{"@context":"https:\/\/schema.org","@graph":[{"@type":"BlogPosting","@id":"https:\/\/www.eldigitaldeasturias.com\/noticias\/primer-fin-de-semana-de-febrero-de-2017-con-lluvia-y-viento-en-espana\/#blogposting","name":"Primer fin de semana de febrero de 2017 con lluvia y viento en Espa\u00f1a - El Digital de Asturias","headline":"Primer fin de semana de febrero de 2017 con lluvia y viento en Espa\u00f1a","author":{"@id":"https:\/\/www.eldigitaldeasturias.com\/noticias\/author\/admin\/#author"},"publisher":{"@id":"https:\/\/www.eldigitaldeasturias.com\/noticias\/#organization"},"image":{"@type":"ImageObject","url":"https:\/\/www.eldigitaldeasturias.com\/noticias\/wp-content\/uploads\/2014\/09\/6667866w1.jpg","width":800,"height":533},"datePublished":"2017-02-03T23:25:29+01:00","dateModified":"2017-02-03T23:25:29+01:00","inLanguage":"es-ES","mainEntityOfPage":{"@id":"https:\/\/www.eldigitaldeasturias.com\/noticias\/primer-fin-de-semana-de-febrero-de-2017-con-lluvia-y-viento-en-espana\/#webpage"},"isPartOf":{"@id":"https:\/\/www.eldigitaldeasturias.com\/noticias\/primer-fin-de-semana-de-febrero-de-2017-con-lluvia-y-viento-en-espana\/#webpage"},"articleSection":"Destacadas"},{"@type":"BreadcrumbList","@id":"https:\/\/www.eldigitaldeasturias.com\/noticias\/primer-fin-de-semana-de-febrero-de-2017-con-lluvia-y-viento-en-espana\/#breadcrumblist","itemListElement":[{"@type":"ListItem","@id":"https:\/\/www.eldigitaldeasturias.com\/noticias#listItem","position":1,"name":"Home","item":"https:\/\/www.eldigitaldeasturias.com\/noticias","nextItem":{"@type":"ListItem","@id":"https:\/\/www.eldigitaldeasturias.com\/noticias\/category\/destacadas\/#listItem","name":"Destacadas"}},{"@type":"ListItem","@id":"https:\/\/www.eldigitaldeasturias.com\/noticias\/category\/destacadas\/#listItem","position":2,"name":"Destacadas","item":"https:\/\/www.eldigitaldeasturias.com\/noticias\/category\/destacadas\/","nextItem":{"@type":"ListItem","@id":"https:\/\/www.eldigitaldeasturias.com\/noticias\/primer-fin-de-semana-de-febrero-de-2017-con-lluvia-y-viento-en-espana\/#listItem","name":"Primer fin de semana de febrero de 2017 con lluvia y viento en Espa\u00f1a"},"previousItem":{"@type":"ListItem","@id":"https:\/\/www.eldigitaldeasturias.com\/noticias#listItem","name":"Home"}},{"@type":"ListItem","@id":"https:\/\/www.eldigitaldeasturias.com\/noticias\/primer-fin-de-semana-de-febrero-de-2017-con-lluvia-y-viento-en-espana\/#listItem","position":3,"name":"Primer fin de semana de febrero de 2017 con lluvia y viento en Espa\u00f1a","previousItem":{"@type":"ListItem","@id":"https:\/\/www.eldigitaldeasturias.com\/noticias\/category\/destacadas\/#listItem","name":"Destacadas"}}]},{"@type":"Organization","@id":"https:\/\/www.eldigitaldeasturias.com\/noticias\/#organization","name":"El Digital de Asturias","description":"Hemeroteca","url":"https:\/\/www.eldigitaldeasturias.com\/noticias\/","email":"info@eldigitaldeasturias.com","telephone":"+34652131393","logo":{"@type":"ImageObject","url":"https:\/\/www.eldigitaldeasturias.com\/noticias\/wp-content\/uploads\/2020\/12\/EDA.jpg","@id":"https:\/\/www.eldigitaldeasturias.com\/noticias\/primer-fin-de-semana-de-febrero-de-2017-con-lluvia-y-viento-en-espana\/#organizationLogo","width":649,"height":297},"image":{"@id":"https:\/\/www.eldigitaldeasturias.com\/noticias\/primer-fin-de-semana-de-febrero-de-2017-con-lluvia-y-viento-en-espana\/#organizationLogo"},"sameAs":["https:\/\/facebook.com\/eldigitaldeasturias","https:\/\/www.youtube.com\/channel\/UCZP-2wLEB9Rv6erhFmqVnvg"],"address":{"@id":"https:\/\/www.eldigitaldeasturias.com\/noticias\/#postaladdress","@type":"PostalAddress","streetAddress":"san antonio 4,","postalCode":"33430","addressLocality":"Cand\u00e1s","addressRegion":"Asturias","addressCountry":"ES"}},{"@type":"Person","@id":"https:\/\/www.eldigitaldeasturias.com\/noticias\/author\/admin\/#author","url":"https:\/\/www.eldigitaldeasturias.com\/noticias\/author\/admin\/","name":"El Digital de Asturias","image":{"@type":"ImageObject","@id":"https:\/\/www.eldigitaldeasturias.com\/noticias\/primer-fin-de-semana-de-febrero-de-2017-con-lluvia-y-viento-en-espana\/#authorImage","url":"https:\/\/www.eldigitaldeasturias.com\/noticias\/wp-content\/litespeed\/avatar\/18677e78aa0546b92d9dbf31ec7d7668.jpg?ver=1777290358","width":96,"height":96,"caption":"El Digital de Asturias"}},{"@type":"WebPage","@id":"https:\/\/www.eldigitaldeasturias.com\/noticias\/primer-fin-de-semana-de-febrero-de-2017-con-lluvia-y-viento-en-espana\/#webpage","url":"https:\/\/www.eldigitaldeasturias.com\/noticias\/primer-fin-de-semana-de-febrero-de-2017-con-lluvia-y-viento-en-espana\/","name":"Primer fin de semana de febrero de 2017 con lluvia y viento en Espa\u00f1a - El Digital de Asturias","description":"Durante este fin de semana, del 3 al 5 de febrero, continuar\u00e1 la llegada de nuevos frentes desde el Atl\u00e1ntico, con precipitaciones principalmente en la mitad noroeste peninsular, y que podr\u00edan afectar tambi\u00e9n de forma m\u00e1s d\u00e9bil, a otras zonas de la Pen\u00ednsula y Baleares. Las precipitaciones podr\u00e1n ser localmente fuertes o persistentes en el","inLanguage":"es-ES","isPartOf":{"@id":"https:\/\/www.eldigitaldeasturias.com\/noticias\/#website"},"breadcrumb":{"@id":"https:\/\/www.eldigitaldeasturias.com\/noticias\/primer-fin-de-semana-de-febrero-de-2017-con-lluvia-y-viento-en-espana\/#breadcrumblist"},"author":{"@id":"https:\/\/www.eldigitaldeasturias.com\/noticias\/author\/admin\/#author"},"creator":{"@id":"https:\/\/www.eldigitaldeasturias.com\/noticias\/author\/admin\/#author"},"image":{"@type":"ImageObject","url":"https:\/\/www.eldigitaldeasturias.com\/noticias\/wp-content\/uploads\/2014\/09\/6667866w1.jpg","@id":"https:\/\/www.eldigitaldeasturias.com\/noticias\/primer-fin-de-semana-de-febrero-de-2017-con-lluvia-y-viento-en-espana\/#mainImage","width":800,"height":533},"primaryImageOfPage":{"@id":"https:\/\/www.eldigitaldeasturias.com\/noticias\/primer-fin-de-semana-de-febrero-de-2017-con-lluvia-y-viento-en-espana\/#mainImage"},"datePublished":"2017-02-03T23:25:29+01:00","dateModified":"2017-02-03T23:25:29+01:00"},{"@type":"WebSite","@id":"https:\/\/www.eldigitaldeasturias.com\/noticias\/#website","url":"https:\/\/www.eldigitaldeasturias.com\/noticias\/","name":"El Digital de Asturias - Diario de actualidad y noticias","alternateName":"El Digital de Asturias - Diario de actualidad y noticias","description":"Hemeroteca","inLanguage":"es-ES","publisher":{"@id":"https:\/\/www.eldigitaldeasturias.com\/noticias\/#organization"}}]},"og:locale":"es_ES","og:site_name":"El Digital de Asturias","og:type":"article","og:title":"Primer fin de semana de febrero de 2017 con lluvia y viento en Espa\u00f1a - El Digital de Asturias","og:description":"Durante este fin de semana, del 3 al 5 de febrero, continuar\u00e1 la llegada de nuevos frentes desde el Atl\u00e1ntico, con precipitaciones principalmente en la mitad noroeste peninsular, y que podr\u00edan afectar tambi\u00e9n de forma m\u00e1s d\u00e9bil, a otras zonas de la Pen\u00ednsula y Baleares. Las precipitaciones podr\u00e1n ser localmente fuertes o persistentes en el","og:url":"https:\/\/www.eldigitaldeasturias.com\/noticias\/primer-fin-de-semana-de-febrero-de-2017-con-lluvia-y-viento-en-espana\/","og:image":"https:\/\/www.eldigitaldeasturias.com\/noticias\/wp-content\/uploads\/2014\/09\/6667866w1.jpg","og:image:secure_url":"https:\/\/www.eldigitaldeasturias.com\/noticias\/wp-content\/uploads\/2014\/09\/6667866w1.jpg","og:image:width":800,"og:image:height":533,"article:tag":["destacadas"],"article:published_time":"2017-02-03T23:25:29+00:00","article:modified_time":"2017-02-03T23:25:29+00:00","article:publisher":"https:\/\/facebook.com\/eldigitaldeasturias","twitter:card":"summary_large_image","twitter:title":"Primer fin de semana de febrero de 2017 con lluvia y viento en Espa\u00f1a - El Digital de Asturias","twitter:description":"Durante este fin de semana, del 3 al 5 de febrero, continuar\u00e1 la llegada de nuevos frentes desde el Atl\u00e1ntico, con precipitaciones principalmente en la mitad noroeste peninsular, y que podr\u00edan afectar tambi\u00e9n de forma m\u00e1s d\u00e9bil, a otras zonas de la Pen\u00ednsula y Baleares. Las precipitaciones podr\u00e1n ser localmente fuertes o persistentes en el","twitter:image":"https:\/\/www.eldigitaldeasturias.com\/noticias\/wp-content\/uploads\/2014\/09\/6667866w1.jpg","twitter:label1":"Escrito por","twitter:data1":"El Digital de Asturias","twitter:label2":"Tiempo de lectura estimado","twitter:data2":"2 minutos"},"aioseo_meta_data":{"post_id":"924911","title":null,"description":null,"keywords":null,"keyphrases":null,"primary_term":null,"canonical_url":null,"og_title":null,"og_description":null,"og_object_type":"default","og_image_type":"default","og_image_url":null,"og_image_width":null,"og_image_height":null,"og_image_custom_url":null,"og_image_custom_fields":null,"og_video":null,"og_custom_url":null,"og_article_section":null,"og_article_tags":null,"twitter_use_og":false,"twitter_card":"default","twitter_image_type":"default","twitter_image_url":null,"twitter_image_custom_url":null,"twitter_image_custom_fields":null,"twitter_title":null,"twitter_description":null,"schema":{"blockGraphs":[],"customGraphs":[],"default":{"data":{"Article":[],"Course":[],"Dataset":[],"FAQPage":[],"Movie":[],"Person":[],"Product":[],"ProductReview":[],"Car":[],"Recipe":[],"Service":[],"SoftwareApplication":[],"WebPage":[]},"graphName":"","isEnabled":true},"graphs":[]},"schema_type":null,"schema_type_options":null,"pillar_content":false,"robots_default":true,"robots_noindex":false,"robots_noarchive":false,"robots_nosnippet":false,"robots_nofollow":false,"robots_noimageindex":false,"robots_noodp":false,"robots_notranslate":false,"robots_max_snippet":null,"robots_max_videopreview":null,"robots_max_imagepreview":"large","priority":null,"frequency":null,"local_seo":null,"seo_analyzer_scan_date":"2025-12-03 01:44:07","breadcrumb_settings":null,"limit_modified_date":false,"open_ai":null,"ai":null,"created":"2020-12-21 13:40:09","updated":"2025-12-03 01:44:07"},"aioseo_breadcrumb":"<div class=\"aioseo-breadcrumbs\"><span class=\"aioseo-breadcrumb\">\n\t<a href=\"https:\/\/www.eldigitaldeasturias.com\/noticias\" title=\"Home\">Home<\/a>\n<\/span><span class=\"aioseo-breadcrumb-separator\">\u2013<\/span><span class=\"aioseo-breadcrumb\">\n\t<a href=\"https:\/\/www.eldigitaldeasturias.com\/noticias\/category\/destacadas\/\" title=\"Destacadas\">Destacadas<\/a>\n<\/span><span class=\"aioseo-breadcrumb-separator\">\u2013<\/span><span class=\"aioseo-breadcrumb\">\n\t<a href=\"https:\/\/www.eldigitaldeasturias.com\/noticias\/primer-fin-de-semana-de-febrero-de-2017-con-lluvia-y-viento-en-espana\/\" title=\"Primer fin de semana de febrero de 2017 con lluvia y viento en Espa\u00f1a\">Primer fin de semana de febrero de 2017 con lluvia y viento en Espa\u00f1a<\/a>\n<\/span><\/div>","aioseo_breadcrumb_json":[{"label":"Home","link":"https:\/\/www.eldigitaldeasturias.com\/noticias"},{"label":"Destacadas","link":"https:\/\/www.eldigitaldeasturias.com\/noticias\/category\/destacadas\/"},{"label":"Primer fin de semana de febrero de 2017 con lluvia y viento en Espa\u00f1a","link":"https:\/\/www.eldigitaldeasturias.com\/noticias\/primer-fin-de-semana-de-febrero-de-2017-con-lluvia-y-viento-en-espana\/"}],"_links":{"self":[{"href":"https:\/\/www.eldigitaldeasturias.com\/noticias\/wp-json\/wp\/v2\/posts\/924911","targetHints":{"allow":["GET"]}}],"collection":[{"href":"https:\/\/www.eldigitaldeasturias.com\/noticias\/wp-json\/wp\/v2\/posts"}],"about":[{"href":"https:\/\/www.eldigitaldeasturias.com\/noticias\/wp-json\/wp\/v2\/types\/post"}],"author":[{"embeddable":true,"href":"https:\/\/www.eldigitaldeasturias.com\/noticias\/wp-json\/wp\/v2\/users\/1"}],"replies":[{"embeddable":true,"href":"https:\/\/www.eldigitaldeasturias.com\/noticias\/wp-json\/wp\/v2\/comments?post=924911"}],"version-history":[{"count":0,"href":"https:\/\/www.eldigitaldeasturias.com\/noticias\/wp-json\/wp\/v2\/posts\/924911\/revisions"}],"wp:featuredmedia":[{"embeddable":true,"href":"https:\/\/www.eldigitaldeasturias.com\/noticias\/wp-json\/wp\/v2\/media\/621317"}],"wp:attachment":[{"href":"https:\/\/www.eldigitaldeasturias.com\/noticias\/wp-json\/wp\/v2\/media?parent=924911"}],"wp:term":[{"taxonomy":"category","embeddable":true,"href":"https:\/\/www.eldigitaldeasturias.com\/noticias\/wp-json\/wp\/v2\/categories?post=924911"},{"taxonomy":"post_tag","embeddable":true,"href":"https:\/\/www.eldigitaldeasturias.com\/noticias\/wp-json\/wp\/v2\/tags?post=924911"}],"curies":[{"name":"wp","href":"https:\/\/api.w.org\/{rel}","templated":true}]}}