{"id":924794,"date":"2017-02-03T13:40:33","date_gmt":"2017-02-03T13:40:33","guid":{"rendered":"http:\/\/www.eldigitaldeasturias.com\/noticias\/?p=924794"},"modified":"2017-02-03T13:40:33","modified_gmt":"2017-02-03T13:40:33","slug":"asturias-en-alerta-por-vientos-que-pueden-alcanzar-los-140-kilometros-hora","status":"publish","type":"post","link":"https:\/\/www.eldigitaldeasturias.com\/noticias\/asturias-en-alerta-por-vientos-que-pueden-alcanzar-los-140-kilometros-hora\/","title":{"rendered":"Asturias en alerta por vientos que pueden alcanzar los 140 kil\u00f3metros hora"},"content":{"rendered":"<p><img loading=\"lazy\" decoding=\"async\" class=\"alignleft size-medium wp-image-766287\" src=\"https:\/\/www.eldigitaldeasturias.com\/noticias\/wp-content\/uploads\/2015\/01\/10169935w-360x216.jpg\" alt=\"\" width=\"360\" height=\"216\" srcset=\"https:\/\/www.eldigitaldeasturias.com\/noticias\/wp-content\/uploads\/2015\/01\/10169935w-360x216.jpg 360w, https:\/\/www.eldigitaldeasturias.com\/noticias\/wp-content\/uploads\/2015\/01\/10169935w-480x289.jpg 480w, https:\/\/www.eldigitaldeasturias.com\/noticias\/wp-content\/uploads\/2015\/01\/10169935w-768x462.jpg 768w, https:\/\/www.eldigitaldeasturias.com\/noticias\/wp-content\/uploads\/2015\/01\/10169935w-690x415.jpg 690w, https:\/\/www.eldigitaldeasturias.com\/noticias\/wp-content\/uploads\/2015\/01\/10169935w-20x12.jpg 20w, https:\/\/www.eldigitaldeasturias.com\/noticias\/wp-content\/uploads\/2015\/01\/10169935w.jpg 800w\" sizes=\"auto, (max-width: 360px) 100vw, 360px\" \/>La Agencia Estatal de Meteorolog\u00eda (AEMET) ha actualizado el aviso emitido para Asturias, por fen\u00f3menos meteorol\u00f3gicos adversos por fuertes rachas de en nuestra comunidad aut\u00f3noma.<\/p>\n<p>Seg\u00fan AEMET para esta tarde noche se esperan rachas fuertes de viento que pueden alcanzar los 130 kil\u00f3metros por hora, en cordillera, suroccidente y Picos de Europa; puntualmente <strong>podr\u00edan llegar a los 140 km\/h en zonas altas de la cordillera<\/strong> y 120 km\/h en el litoral occidental. <strong>En cuanto a la mar se mantiene el aviso naranja<\/strong>.<\/p>\n<p>Ante esta situaci\u00f3n desde el Servicio de Emergencias del Principado de Asturias (SEPA) se reitera a la poblaci\u00f3n que extremen las precauciones. No se acerquen a los acantilados, paseos mar\u00edtimos y zonas peligrosas donde las fuertes rachas de viento pueden provocar ca\u00eddas y en la costa pueden resultar arrastrados por un golpe de mar. Eviten los desplazamientos por carretera y si es necesario hacerlos presten especial atenci\u00f3n ante la posible presencia de obst\u00e1culos en la v\u00eda; en su vivienda revise los anclajes de los elementos fijados en el exterior del edificio y si tiene que salir preste especial atenci\u00f3n ante el peligro de desprendimientos de cornisas u otros materiales que puedan caer de altura.<\/p>\n<p>&nbsp;<\/p>\n<p>&nbsp;<\/p>\n","protected":false},"excerpt":{"rendered":"<p>La Agencia Estatal de Meteorolog\u00eda (AEMET) ha actualizado el aviso emitido para Asturias, por fen\u00f3menos meteorol\u00f3gicos adversos por fuertes rachas de en nuestra comunidad aut\u00f3noma. Seg\u00fan AEMET para esta tarde noche se esperan rachas fuertes de viento que pueden alcanzar los 130 kil\u00f3metros por hora, en cordillera, suroccidente y Picos de Europa; puntualmente podr\u00edan llegar [&hellip;]<\/p>\n","protected":false},"author":1,"featured_media":766287,"comment_status":"closed","ping_status":"closed","sticky":false,"template":"","format":"standard","meta":{"footnotes":""},"categories":[141],"tags":[],"class_list":["post-924794","post","type-post","status-publish","format-standard","has-post-thumbnail","hentry","category-destacadas"],"aioseo_notices":[],"aioseo_head":"\n\t\t<!-- All in One SEO Pro 4.9.6.2 - aioseo.com -->\n\t<meta name=\"description\" content=\"La Agencia Estatal de Meteorolog\u00eda (AEMET) ha actualizado el aviso emitido para Asturias, por fen\u00f3menos meteorol\u00f3gicos adversos por fuertes rachas de en nuestra comunidad aut\u00f3noma. Seg\u00fan AEMET para esta tarde noche se esperan rachas fuertes de viento que pueden alcanzar los 130 kil\u00f3metros por hora, en cordillera, suroccidente y Picos de Europa; puntualmente podr\u00edan llegar\" \/>\n\t<meta name=\"robots\" content=\"max-image-preview:large\" \/>\n\t<meta name=\"author\" content=\"El Digital de Asturias\"\/>\n\t<meta name=\"google-site-verification\" content=\"UA-38556648-1\" \/>\n\t<meta name=\"msvalidate.01\" content=\"7dfe9f3f1b24437ab69f4f2559babe99\" \/>\n\t<meta name=\"keywords\" content=\"destacadas\" \/>\n\t<link rel=\"canonical\" href=\"https:\/\/www.eldigitaldeasturias.com\/noticias\/asturias-en-alerta-por-vientos-que-pueden-alcanzar-los-140-kilometros-hora\/\" \/>\n\t<meta name=\"generator\" content=\"All in One SEO Pro (AIOSEO) 4.9.6.2\" \/>\n\t\t<meta property=\"og:locale\" content=\"es_ES\" \/>\n\t\t<meta property=\"og:site_name\" content=\"El Digital de Asturias\" \/>\n\t\t<meta property=\"og:type\" content=\"article\" \/>\n\t\t<meta property=\"og:title\" content=\"Asturias en alerta por vientos que pueden alcanzar los 140 kil\u00f3metros hora - El Digital de Asturias\" \/>\n\t\t<meta property=\"og:description\" content=\"La Agencia Estatal de Meteorolog\u00eda (AEMET) ha actualizado el aviso emitido para Asturias, por fen\u00f3menos meteorol\u00f3gicos adversos por fuertes rachas de en nuestra comunidad aut\u00f3noma. Seg\u00fan AEMET para esta tarde noche se esperan rachas fuertes de viento que pueden alcanzar los 130 kil\u00f3metros por hora, en cordillera, suroccidente y Picos de Europa; puntualmente podr\u00edan llegar\" \/>\n\t\t<meta property=\"og:url\" content=\"https:\/\/www.eldigitaldeasturias.com\/noticias\/asturias-en-alerta-por-vientos-que-pueden-alcanzar-los-140-kilometros-hora\/\" \/>\n\t\t<meta property=\"og:image\" content=\"https:\/\/www.eldigitaldeasturias.com\/noticias\/wp-content\/uploads\/2015\/01\/10169935w.jpg\" \/>\n\t\t<meta property=\"og:image:secure_url\" content=\"https:\/\/www.eldigitaldeasturias.com\/noticias\/wp-content\/uploads\/2015\/01\/10169935w.jpg\" \/>\n\t\t<meta property=\"og:image:width\" content=\"800\" \/>\n\t\t<meta property=\"og:image:height\" content=\"481\" \/>\n\t\t<meta property=\"article:tag\" content=\"destacadas\" \/>\n\t\t<meta property=\"article:published_time\" content=\"2017-02-03T13:40:33+00:00\" \/>\n\t\t<meta property=\"article:modified_time\" content=\"2017-02-03T13:40:33+00:00\" \/>\n\t\t<meta property=\"article:publisher\" content=\"https:\/\/facebook.com\/eldigitaldeasturias\" \/>\n\t\t<meta name=\"twitter:card\" content=\"summary_large_image\" \/>\n\t\t<meta name=\"twitter:title\" content=\"Asturias en alerta por vientos que pueden alcanzar los 140 kil\u00f3metros hora - El Digital de Asturias\" \/>\n\t\t<meta name=\"twitter:description\" content=\"La Agencia Estatal de Meteorolog\u00eda (AEMET) ha actualizado el aviso emitido para Asturias, por fen\u00f3menos meteorol\u00f3gicos adversos por fuertes rachas de en nuestra comunidad aut\u00f3noma. Seg\u00fan AEMET para esta tarde noche se esperan rachas fuertes de viento que pueden alcanzar los 130 kil\u00f3metros por hora, en cordillera, suroccidente y Picos de Europa; puntualmente podr\u00edan llegar\" \/>\n\t\t<meta name=\"twitter:image\" content=\"https:\/\/www.eldigitaldeasturias.com\/noticias\/wp-content\/uploads\/2015\/01\/10169935w.jpg\" \/>\n\t\t<meta name=\"twitter:label1\" content=\"Escrito por\" \/>\n\t\t<meta name=\"twitter:data1\" content=\"El Digital de Asturias\" \/>\n\t\t<meta name=\"twitter:label2\" content=\"Tiempo de lectura estimado\" \/>\n\t\t<meta name=\"twitter:data2\" content=\"1 minuto\" \/>\n\t\t<script type=\"application\/ld+json\" class=\"aioseo-schema\">\n\t\t\t{\"@context\":\"https:\\\/\\\/schema.org\",\"@graph\":[{\"@type\":\"BlogPosting\",\"@id\":\"https:\\\/\\\/www.eldigitaldeasturias.com\\\/noticias\\\/asturias-en-alerta-por-vientos-que-pueden-alcanzar-los-140-kilometros-hora\\\/#blogposting\",\"name\":\"Asturias en alerta por vientos que pueden alcanzar los 140 kil\\u00f3metros hora - El Digital de Asturias\",\"headline\":\"Asturias en alerta por vientos que pueden alcanzar los 140 kil\\u00f3metros hora\",\"author\":{\"@id\":\"https:\\\/\\\/www.eldigitaldeasturias.com\\\/noticias\\\/author\\\/admin\\\/#author\"},\"publisher\":{\"@id\":\"https:\\\/\\\/www.eldigitaldeasturias.com\\\/noticias\\\/#organization\"},\"image\":{\"@type\":\"ImageObject\",\"url\":\"https:\\\/\\\/www.eldigitaldeasturias.com\\\/noticias\\\/wp-content\\\/uploads\\\/2015\\\/01\\\/10169935w.jpg\",\"width\":800,\"height\":481},\"datePublished\":\"2017-02-03T13:40:33+01:00\",\"dateModified\":\"2017-02-03T13:40:33+01:00\",\"inLanguage\":\"es-ES\",\"mainEntityOfPage\":{\"@id\":\"https:\\\/\\\/www.eldigitaldeasturias.com\\\/noticias\\\/asturias-en-alerta-por-vientos-que-pueden-alcanzar-los-140-kilometros-hora\\\/#webpage\"},\"isPartOf\":{\"@id\":\"https:\\\/\\\/www.eldigitaldeasturias.com\\\/noticias\\\/asturias-en-alerta-por-vientos-que-pueden-alcanzar-los-140-kilometros-hora\\\/#webpage\"},\"articleSection\":\"Destacadas\"},{\"@type\":\"BreadcrumbList\",\"@id\":\"https:\\\/\\\/www.eldigitaldeasturias.com\\\/noticias\\\/asturias-en-alerta-por-vientos-que-pueden-alcanzar-los-140-kilometros-hora\\\/#breadcrumblist\",\"itemListElement\":[{\"@type\":\"ListItem\",\"@id\":\"https:\\\/\\\/www.eldigitaldeasturias.com\\\/noticias#listItem\",\"position\":1,\"name\":\"Home\",\"item\":\"https:\\\/\\\/www.eldigitaldeasturias.com\\\/noticias\",\"nextItem\":{\"@type\":\"ListItem\",\"@id\":\"https:\\\/\\\/www.eldigitaldeasturias.com\\\/noticias\\\/category\\\/destacadas\\\/#listItem\",\"name\":\"Destacadas\"}},{\"@type\":\"ListItem\",\"@id\":\"https:\\\/\\\/www.eldigitaldeasturias.com\\\/noticias\\\/category\\\/destacadas\\\/#listItem\",\"position\":2,\"name\":\"Destacadas\",\"item\":\"https:\\\/\\\/www.eldigitaldeasturias.com\\\/noticias\\\/category\\\/destacadas\\\/\",\"nextItem\":{\"@type\":\"ListItem\",\"@id\":\"https:\\\/\\\/www.eldigitaldeasturias.com\\\/noticias\\\/asturias-en-alerta-por-vientos-que-pueden-alcanzar-los-140-kilometros-hora\\\/#listItem\",\"name\":\"Asturias en alerta por vientos que pueden alcanzar los 140 kil\\u00f3metros hora\"},\"previousItem\":{\"@type\":\"ListItem\",\"@id\":\"https:\\\/\\\/www.eldigitaldeasturias.com\\\/noticias#listItem\",\"name\":\"Home\"}},{\"@type\":\"ListItem\",\"@id\":\"https:\\\/\\\/www.eldigitaldeasturias.com\\\/noticias\\\/asturias-en-alerta-por-vientos-que-pueden-alcanzar-los-140-kilometros-hora\\\/#listItem\",\"position\":3,\"name\":\"Asturias en alerta por vientos que pueden alcanzar los 140 kil\\u00f3metros hora\",\"previousItem\":{\"@type\":\"ListItem\",\"@id\":\"https:\\\/\\\/www.eldigitaldeasturias.com\\\/noticias\\\/category\\\/destacadas\\\/#listItem\",\"name\":\"Destacadas\"}}]},{\"@type\":\"Organization\",\"@id\":\"https:\\\/\\\/www.eldigitaldeasturias.com\\\/noticias\\\/#organization\",\"name\":\"El Digital de Asturias\",\"description\":\"Hemeroteca\",\"url\":\"https:\\\/\\\/www.eldigitaldeasturias.com\\\/noticias\\\/\",\"email\":\"info@eldigitaldeasturias.com\",\"telephone\":\"+34652131393\",\"logo\":{\"@type\":\"ImageObject\",\"url\":\"https:\\\/\\\/www.eldigitaldeasturias.com\\\/noticias\\\/wp-content\\\/uploads\\\/2020\\\/12\\\/EDA.jpg\",\"@id\":\"https:\\\/\\\/www.eldigitaldeasturias.com\\\/noticias\\\/asturias-en-alerta-por-vientos-que-pueden-alcanzar-los-140-kilometros-hora\\\/#organizationLogo\",\"width\":649,\"height\":297},\"image\":{\"@id\":\"https:\\\/\\\/www.eldigitaldeasturias.com\\\/noticias\\\/asturias-en-alerta-por-vientos-que-pueden-alcanzar-los-140-kilometros-hora\\\/#organizationLogo\"},\"sameAs\":[\"https:\\\/\\\/facebook.com\\\/eldigitaldeasturias\",\"https:\\\/\\\/www.youtube.com\\\/channel\\\/UCZP-2wLEB9Rv6erhFmqVnvg\"],\"address\":{\"@id\":\"https:\\\/\\\/www.eldigitaldeasturias.com\\\/noticias\\\/#postaladdress\",\"@type\":\"PostalAddress\",\"streetAddress\":\"san antonio 4,\",\"postalCode\":\"33430\",\"addressLocality\":\"Cand\\u00e1s\",\"addressRegion\":\"Asturias\",\"addressCountry\":\"ES\"}},{\"@type\":\"Person\",\"@id\":\"https:\\\/\\\/www.eldigitaldeasturias.com\\\/noticias\\\/author\\\/admin\\\/#author\",\"url\":\"https:\\\/\\\/www.eldigitaldeasturias.com\\\/noticias\\\/author\\\/admin\\\/\",\"name\":\"El Digital de Asturias\",\"image\":{\"@type\":\"ImageObject\",\"@id\":\"https:\\\/\\\/www.eldigitaldeasturias.com\\\/noticias\\\/asturias-en-alerta-por-vientos-que-pueden-alcanzar-los-140-kilometros-hora\\\/#authorImage\",\"url\":\"https:\\\/\\\/www.eldigitaldeasturias.com\\\/noticias\\\/wp-content\\\/litespeed\\\/avatar\\\/18677e78aa0546b92d9dbf31ec7d7668.jpg?ver=1777290358\",\"width\":96,\"height\":96,\"caption\":\"El Digital de Asturias\"}},{\"@type\":\"WebPage\",\"@id\":\"https:\\\/\\\/www.eldigitaldeasturias.com\\\/noticias\\\/asturias-en-alerta-por-vientos-que-pueden-alcanzar-los-140-kilometros-hora\\\/#webpage\",\"url\":\"https:\\\/\\\/www.eldigitaldeasturias.com\\\/noticias\\\/asturias-en-alerta-por-vientos-que-pueden-alcanzar-los-140-kilometros-hora\\\/\",\"name\":\"Asturias en alerta por vientos que pueden alcanzar los 140 kil\\u00f3metros hora - El Digital de Asturias\",\"description\":\"La Agencia Estatal de Meteorolog\\u00eda (AEMET) ha actualizado el aviso emitido para Asturias, por fen\\u00f3menos meteorol\\u00f3gicos adversos por fuertes rachas de en nuestra comunidad aut\\u00f3noma. Seg\\u00fan AEMET para esta tarde noche se esperan rachas fuertes de viento que pueden alcanzar los 130 kil\\u00f3metros por hora, en cordillera, suroccidente y Picos de Europa; puntualmente podr\\u00edan llegar\",\"inLanguage\":\"es-ES\",\"isPartOf\":{\"@id\":\"https:\\\/\\\/www.eldigitaldeasturias.com\\\/noticias\\\/#website\"},\"breadcrumb\":{\"@id\":\"https:\\\/\\\/www.eldigitaldeasturias.com\\\/noticias\\\/asturias-en-alerta-por-vientos-que-pueden-alcanzar-los-140-kilometros-hora\\\/#breadcrumblist\"},\"author\":{\"@id\":\"https:\\\/\\\/www.eldigitaldeasturias.com\\\/noticias\\\/author\\\/admin\\\/#author\"},\"creator\":{\"@id\":\"https:\\\/\\\/www.eldigitaldeasturias.com\\\/noticias\\\/author\\\/admin\\\/#author\"},\"image\":{\"@type\":\"ImageObject\",\"url\":\"https:\\\/\\\/www.eldigitaldeasturias.com\\\/noticias\\\/wp-content\\\/uploads\\\/2015\\\/01\\\/10169935w.jpg\",\"@id\":\"https:\\\/\\\/www.eldigitaldeasturias.com\\\/noticias\\\/asturias-en-alerta-por-vientos-que-pueden-alcanzar-los-140-kilometros-hora\\\/#mainImage\",\"width\":800,\"height\":481},\"primaryImageOfPage\":{\"@id\":\"https:\\\/\\\/www.eldigitaldeasturias.com\\\/noticias\\\/asturias-en-alerta-por-vientos-que-pueden-alcanzar-los-140-kilometros-hora\\\/#mainImage\"},\"datePublished\":\"2017-02-03T13:40:33+01:00\",\"dateModified\":\"2017-02-03T13:40:33+01:00\"},{\"@type\":\"WebSite\",\"@id\":\"https:\\\/\\\/www.eldigitaldeasturias.com\\\/noticias\\\/#website\",\"url\":\"https:\\\/\\\/www.eldigitaldeasturias.com\\\/noticias\\\/\",\"name\":\"El Digital de Asturias - Diario de actualidad y noticias\",\"alternateName\":\"El Digital de Asturias - Diario de actualidad y noticias\",\"description\":\"Hemeroteca\",\"inLanguage\":\"es-ES\",\"publisher\":{\"@id\":\"https:\\\/\\\/www.eldigitaldeasturias.com\\\/noticias\\\/#organization\"}}]}\n\t\t<\/script>\n\t\t<!-- All in One SEO Pro -->\r\n\t\t<title>Asturias en alerta por vientos que pueden alcanzar los 140 kil\u00f3metros hora - El Digital de Asturias<\/title>\n\n","aioseo_head_json":{"title":"Asturias en alerta por vientos que pueden alcanzar los 140 kil\u00f3metros hora - El Digital de Asturias","description":"La Agencia Estatal de Meteorolog\u00eda (AEMET) ha actualizado el aviso emitido para Asturias, por fen\u00f3menos meteorol\u00f3gicos adversos por fuertes rachas de en nuestra comunidad aut\u00f3noma. Seg\u00fan AEMET para esta tarde noche se esperan rachas fuertes de viento que pueden alcanzar los 130 kil\u00f3metros por hora, en cordillera, suroccidente y Picos de Europa; puntualmente podr\u00edan llegar","canonical_url":"https:\/\/www.eldigitaldeasturias.com\/noticias\/asturias-en-alerta-por-vientos-que-pueden-alcanzar-los-140-kilometros-hora\/","robots":"max-image-preview:large","keywords":"destacadas","webmasterTools":{"google-site-verification":"UA-38556648-1","msvalidate.01":"7dfe9f3f1b24437ab69f4f2559babe99","miscellaneous":""},"schema":{"@context":"https:\/\/schema.org","@graph":[{"@type":"BlogPosting","@id":"https:\/\/www.eldigitaldeasturias.com\/noticias\/asturias-en-alerta-por-vientos-que-pueden-alcanzar-los-140-kilometros-hora\/#blogposting","name":"Asturias en alerta por vientos que pueden alcanzar los 140 kil\u00f3metros hora - El Digital de Asturias","headline":"Asturias en alerta por vientos que pueden alcanzar los 140 kil\u00f3metros hora","author":{"@id":"https:\/\/www.eldigitaldeasturias.com\/noticias\/author\/admin\/#author"},"publisher":{"@id":"https:\/\/www.eldigitaldeasturias.com\/noticias\/#organization"},"image":{"@type":"ImageObject","url":"https:\/\/www.eldigitaldeasturias.com\/noticias\/wp-content\/uploads\/2015\/01\/10169935w.jpg","width":800,"height":481},"datePublished":"2017-02-03T13:40:33+01:00","dateModified":"2017-02-03T13:40:33+01:00","inLanguage":"es-ES","mainEntityOfPage":{"@id":"https:\/\/www.eldigitaldeasturias.com\/noticias\/asturias-en-alerta-por-vientos-que-pueden-alcanzar-los-140-kilometros-hora\/#webpage"},"isPartOf":{"@id":"https:\/\/www.eldigitaldeasturias.com\/noticias\/asturias-en-alerta-por-vientos-que-pueden-alcanzar-los-140-kilometros-hora\/#webpage"},"articleSection":"Destacadas"},{"@type":"BreadcrumbList","@id":"https:\/\/www.eldigitaldeasturias.com\/noticias\/asturias-en-alerta-por-vientos-que-pueden-alcanzar-los-140-kilometros-hora\/#breadcrumblist","itemListElement":[{"@type":"ListItem","@id":"https:\/\/www.eldigitaldeasturias.com\/noticias#listItem","position":1,"name":"Home","item":"https:\/\/www.eldigitaldeasturias.com\/noticias","nextItem":{"@type":"ListItem","@id":"https:\/\/www.eldigitaldeasturias.com\/noticias\/category\/destacadas\/#listItem","name":"Destacadas"}},{"@type":"ListItem","@id":"https:\/\/www.eldigitaldeasturias.com\/noticias\/category\/destacadas\/#listItem","position":2,"name":"Destacadas","item":"https:\/\/www.eldigitaldeasturias.com\/noticias\/category\/destacadas\/","nextItem":{"@type":"ListItem","@id":"https:\/\/www.eldigitaldeasturias.com\/noticias\/asturias-en-alerta-por-vientos-que-pueden-alcanzar-los-140-kilometros-hora\/#listItem","name":"Asturias en alerta por vientos que pueden alcanzar los 140 kil\u00f3metros hora"},"previousItem":{"@type":"ListItem","@id":"https:\/\/www.eldigitaldeasturias.com\/noticias#listItem","name":"Home"}},{"@type":"ListItem","@id":"https:\/\/www.eldigitaldeasturias.com\/noticias\/asturias-en-alerta-por-vientos-que-pueden-alcanzar-los-140-kilometros-hora\/#listItem","position":3,"name":"Asturias en alerta por vientos que pueden alcanzar los 140 kil\u00f3metros hora","previousItem":{"@type":"ListItem","@id":"https:\/\/www.eldigitaldeasturias.com\/noticias\/category\/destacadas\/#listItem","name":"Destacadas"}}]},{"@type":"Organization","@id":"https:\/\/www.eldigitaldeasturias.com\/noticias\/#organization","name":"El Digital de Asturias","description":"Hemeroteca","url":"https:\/\/www.eldigitaldeasturias.com\/noticias\/","email":"info@eldigitaldeasturias.com","telephone":"+34652131393","logo":{"@type":"ImageObject","url":"https:\/\/www.eldigitaldeasturias.com\/noticias\/wp-content\/uploads\/2020\/12\/EDA.jpg","@id":"https:\/\/www.eldigitaldeasturias.com\/noticias\/asturias-en-alerta-por-vientos-que-pueden-alcanzar-los-140-kilometros-hora\/#organizationLogo","width":649,"height":297},"image":{"@id":"https:\/\/www.eldigitaldeasturias.com\/noticias\/asturias-en-alerta-por-vientos-que-pueden-alcanzar-los-140-kilometros-hora\/#organizationLogo"},"sameAs":["https:\/\/facebook.com\/eldigitaldeasturias","https:\/\/www.youtube.com\/channel\/UCZP-2wLEB9Rv6erhFmqVnvg"],"address":{"@id":"https:\/\/www.eldigitaldeasturias.com\/noticias\/#postaladdress","@type":"PostalAddress","streetAddress":"san antonio 4,","postalCode":"33430","addressLocality":"Cand\u00e1s","addressRegion":"Asturias","addressCountry":"ES"}},{"@type":"Person","@id":"https:\/\/www.eldigitaldeasturias.com\/noticias\/author\/admin\/#author","url":"https:\/\/www.eldigitaldeasturias.com\/noticias\/author\/admin\/","name":"El Digital de Asturias","image":{"@type":"ImageObject","@id":"https:\/\/www.eldigitaldeasturias.com\/noticias\/asturias-en-alerta-por-vientos-que-pueden-alcanzar-los-140-kilometros-hora\/#authorImage","url":"https:\/\/www.eldigitaldeasturias.com\/noticias\/wp-content\/litespeed\/avatar\/18677e78aa0546b92d9dbf31ec7d7668.jpg?ver=1777290358","width":96,"height":96,"caption":"El Digital de Asturias"}},{"@type":"WebPage","@id":"https:\/\/www.eldigitaldeasturias.com\/noticias\/asturias-en-alerta-por-vientos-que-pueden-alcanzar-los-140-kilometros-hora\/#webpage","url":"https:\/\/www.eldigitaldeasturias.com\/noticias\/asturias-en-alerta-por-vientos-que-pueden-alcanzar-los-140-kilometros-hora\/","name":"Asturias en alerta por vientos que pueden alcanzar los 140 kil\u00f3metros hora - El Digital de Asturias","description":"La Agencia Estatal de Meteorolog\u00eda (AEMET) ha actualizado el aviso emitido para Asturias, por fen\u00f3menos meteorol\u00f3gicos adversos por fuertes rachas de en nuestra comunidad aut\u00f3noma. Seg\u00fan AEMET para esta tarde noche se esperan rachas fuertes de viento que pueden alcanzar los 130 kil\u00f3metros por hora, en cordillera, suroccidente y Picos de Europa; puntualmente podr\u00edan llegar","inLanguage":"es-ES","isPartOf":{"@id":"https:\/\/www.eldigitaldeasturias.com\/noticias\/#website"},"breadcrumb":{"@id":"https:\/\/www.eldigitaldeasturias.com\/noticias\/asturias-en-alerta-por-vientos-que-pueden-alcanzar-los-140-kilometros-hora\/#breadcrumblist"},"author":{"@id":"https:\/\/www.eldigitaldeasturias.com\/noticias\/author\/admin\/#author"},"creator":{"@id":"https:\/\/www.eldigitaldeasturias.com\/noticias\/author\/admin\/#author"},"image":{"@type":"ImageObject","url":"https:\/\/www.eldigitaldeasturias.com\/noticias\/wp-content\/uploads\/2015\/01\/10169935w.jpg","@id":"https:\/\/www.eldigitaldeasturias.com\/noticias\/asturias-en-alerta-por-vientos-que-pueden-alcanzar-los-140-kilometros-hora\/#mainImage","width":800,"height":481},"primaryImageOfPage":{"@id":"https:\/\/www.eldigitaldeasturias.com\/noticias\/asturias-en-alerta-por-vientos-que-pueden-alcanzar-los-140-kilometros-hora\/#mainImage"},"datePublished":"2017-02-03T13:40:33+01:00","dateModified":"2017-02-03T13:40:33+01:00"},{"@type":"WebSite","@id":"https:\/\/www.eldigitaldeasturias.com\/noticias\/#website","url":"https:\/\/www.eldigitaldeasturias.com\/noticias\/","name":"El Digital de Asturias - Diario de actualidad y noticias","alternateName":"El Digital de Asturias - Diario de actualidad y noticias","description":"Hemeroteca","inLanguage":"es-ES","publisher":{"@id":"https:\/\/www.eldigitaldeasturias.com\/noticias\/#organization"}}]},"og:locale":"es_ES","og:site_name":"El Digital de Asturias","og:type":"article","og:title":"Asturias en alerta por vientos que pueden alcanzar los 140 kil\u00f3metros hora - El Digital de Asturias","og:description":"La Agencia Estatal de Meteorolog\u00eda (AEMET) ha actualizado el aviso emitido para Asturias, por fen\u00f3menos meteorol\u00f3gicos adversos por fuertes rachas de en nuestra comunidad aut\u00f3noma. Seg\u00fan AEMET para esta tarde noche se esperan rachas fuertes de viento que pueden alcanzar los 130 kil\u00f3metros por hora, en cordillera, suroccidente y Picos de Europa; puntualmente podr\u00edan llegar","og:url":"https:\/\/www.eldigitaldeasturias.com\/noticias\/asturias-en-alerta-por-vientos-que-pueden-alcanzar-los-140-kilometros-hora\/","og:image":"https:\/\/www.eldigitaldeasturias.com\/noticias\/wp-content\/uploads\/2015\/01\/10169935w.jpg","og:image:secure_url":"https:\/\/www.eldigitaldeasturias.com\/noticias\/wp-content\/uploads\/2015\/01\/10169935w.jpg","og:image:width":800,"og:image:height":481,"article:tag":["destacadas"],"article:published_time":"2017-02-03T13:40:33+00:00","article:modified_time":"2017-02-03T13:40:33+00:00","article:publisher":"https:\/\/facebook.com\/eldigitaldeasturias","twitter:card":"summary_large_image","twitter:title":"Asturias en alerta por vientos que pueden alcanzar los 140 kil\u00f3metros hora - El Digital de Asturias","twitter:description":"La Agencia Estatal de Meteorolog\u00eda (AEMET) ha actualizado el aviso emitido para Asturias, por fen\u00f3menos meteorol\u00f3gicos adversos por fuertes rachas de en nuestra comunidad aut\u00f3noma. Seg\u00fan AEMET para esta tarde noche se esperan rachas fuertes de viento que pueden alcanzar los 130 kil\u00f3metros por hora, en cordillera, suroccidente y Picos de Europa; puntualmente podr\u00edan llegar","twitter:image":"https:\/\/www.eldigitaldeasturias.com\/noticias\/wp-content\/uploads\/2015\/01\/10169935w.jpg","twitter:label1":"Escrito por","twitter:data1":"El Digital de Asturias","twitter:label2":"Tiempo de lectura estimado","twitter:data2":"1 minuto"},"aioseo_meta_data":{"post_id":"924794","title":null,"description":null,"keywords":null,"keyphrases":null,"primary_term":null,"canonical_url":null,"og_title":null,"og_description":null,"og_object_type":"default","og_image_type":"default","og_image_url":null,"og_image_width":null,"og_image_height":null,"og_image_custom_url":null,"og_image_custom_fields":null,"og_video":null,"og_custom_url":null,"og_article_section":null,"og_article_tags":null,"twitter_use_og":false,"twitter_card":"default","twitter_image_type":"default","twitter_image_url":null,"twitter_image_custom_url":null,"twitter_image_custom_fields":null,"twitter_title":null,"twitter_description":null,"schema":{"blockGraphs":[],"customGraphs":[],"default":{"data":{"Article":[],"Course":[],"Dataset":[],"FAQPage":[],"Movie":[],"Person":[],"Product":[],"ProductReview":[],"Car":[],"Recipe":[],"Service":[],"SoftwareApplication":[],"WebPage":[]},"graphName":"","isEnabled":true},"graphs":[],"defaultGraph":"","defaultPostTypeGraph":""},"schema_type":null,"schema_type_options":null,"pillar_content":false,"robots_default":true,"robots_noindex":false,"robots_noarchive":false,"robots_nosnippet":false,"robots_nofollow":false,"robots_noimageindex":false,"robots_noodp":false,"robots_notranslate":false,"robots_max_snippet":null,"robots_max_videopreview":null,"robots_max_imagepreview":"large","priority":null,"frequency":null,"local_seo":null,"seo_analyzer_scan_date":"2025-12-03 01:19:14","breadcrumb_settings":null,"limit_modified_date":false,"open_ai":null,"ai":null,"created":"2020-12-21 13:40:18","updated":"2025-12-03 01:19:14"},"aioseo_breadcrumb":"<div class=\"aioseo-breadcrumbs\"><span class=\"aioseo-breadcrumb\">\n\t<a href=\"https:\/\/www.eldigitaldeasturias.com\/noticias\" title=\"Home\">Home<\/a>\n<\/span><span class=\"aioseo-breadcrumb-separator\">\u2013<\/span><span class=\"aioseo-breadcrumb\">\n\t<a href=\"https:\/\/www.eldigitaldeasturias.com\/noticias\/category\/destacadas\/\" title=\"Destacadas\">Destacadas<\/a>\n<\/span><span class=\"aioseo-breadcrumb-separator\">\u2013<\/span><span class=\"aioseo-breadcrumb\">\n\t<a href=\"https:\/\/www.eldigitaldeasturias.com\/noticias\/asturias-en-alerta-por-vientos-que-pueden-alcanzar-los-140-kilometros-hora\/\" title=\"Asturias en alerta por vientos que pueden alcanzar los 140 kil\u00f3metros hora\">Asturias en alerta por vientos que pueden alcanzar los 140 kil\u00f3metros hora<\/a>\n<\/span><\/div>","aioseo_breadcrumb_json":[{"label":"Home","link":"https:\/\/www.eldigitaldeasturias.com\/noticias"},{"label":"Destacadas","link":"https:\/\/www.eldigitaldeasturias.com\/noticias\/category\/destacadas\/"},{"label":"Asturias en alerta por vientos que pueden alcanzar los 140 kil\u00f3metros hora","link":"https:\/\/www.eldigitaldeasturias.com\/noticias\/asturias-en-alerta-por-vientos-que-pueden-alcanzar-los-140-kilometros-hora\/"}],"_links":{"self":[{"href":"https:\/\/www.eldigitaldeasturias.com\/noticias\/wp-json\/wp\/v2\/posts\/924794","targetHints":{"allow":["GET"]}}],"collection":[{"href":"https:\/\/www.eldigitaldeasturias.com\/noticias\/wp-json\/wp\/v2\/posts"}],"about":[{"href":"https:\/\/www.eldigitaldeasturias.com\/noticias\/wp-json\/wp\/v2\/types\/post"}],"author":[{"embeddable":true,"href":"https:\/\/www.eldigitaldeasturias.com\/noticias\/wp-json\/wp\/v2\/users\/1"}],"replies":[{"embeddable":true,"href":"https:\/\/www.eldigitaldeasturias.com\/noticias\/wp-json\/wp\/v2\/comments?post=924794"}],"version-history":[{"count":0,"href":"https:\/\/www.eldigitaldeasturias.com\/noticias\/wp-json\/wp\/v2\/posts\/924794\/revisions"}],"wp:featuredmedia":[{"embeddable":true,"href":"https:\/\/www.eldigitaldeasturias.com\/noticias\/wp-json\/wp\/v2\/media\/766287"}],"wp:attachment":[{"href":"https:\/\/www.eldigitaldeasturias.com\/noticias\/wp-json\/wp\/v2\/media?parent=924794"}],"wp:term":[{"taxonomy":"category","embeddable":true,"href":"https:\/\/www.eldigitaldeasturias.com\/noticias\/wp-json\/wp\/v2\/categories?post=924794"},{"taxonomy":"post_tag","embeddable":true,"href":"https:\/\/www.eldigitaldeasturias.com\/noticias\/wp-json\/wp\/v2\/tags?post=924794"}],"curies":[{"name":"wp","href":"https:\/\/api.w.org\/{rel}","templated":true}]}}