{"id":924717,"date":"2017-02-02T20:16:36","date_gmt":"2017-02-02T20:16:36","guid":{"rendered":"http:\/\/www.eldigitaldeasturias.com\/noticias\/?p=924717"},"modified":"2017-02-02T20:16:36","modified_gmt":"2017-02-02T20:16:36","slug":"86-192-asturianos-no-tienen-trabajo","status":"publish","type":"post","link":"https:\/\/www.eldigitaldeasturias.com\/noticias\/86-192-asturianos-no-tienen-trabajo\/","title":{"rendered":"86.192 asturianos no tienen trabajo"},"content":{"rendered":"<p><img loading=\"lazy\" decoding=\"async\" class=\"alignleft size-medium wp-image-3081\" src=\"https:\/\/www.eldigitaldeasturias.com\/noticias\/wp-content\/uploads\/2013\/09\/paro-360x240.jpg\" alt=\"\" width=\"360\" height=\"240\" \/>Asturias registr\u00f3 en enero 7.010 parados menos que en el mismo mes del a\u00f1o pasado, lo que supone una bajada del 7,52%.<\/p>\n<p>La directora del Servicio P\u00fablico de Empleo, Luisa P\u00e9rez, ha subrayado hoy que estos datos constatan la evoluci\u00f3n de descensos interanuales consecutivos del desempleo iniciada en octubre de 2013. Tambi\u00e9n ha indicado que se trata de la mayor disminuci\u00f3n interanual registrada para un mes de enero. Por sectores, se confirma la tendencia descendente del paro en la industria y la construcci\u00f3n, con ca\u00eddas del 8,83% y el 18,10%, respectivamente, respecto a hace un a\u00f1o.<\/p>\n<p>En la comparativa interanual, el Principado tambi\u00e9n registr\u00f3 un incremento del n\u00famero de afiliados a la Seguridad Social. En enero se contabilizaron 4.568 cotizantes m\u00e1s, hasta alcanzar las 349.595 personas afiliadas, lo que equivale a un incremento del 1,32% en comparaci\u00f3n con el primer mes del a\u00f1o pasado.<\/p>\n<p>En relaci\u00f3n con diciembre de 2016, el paro aument\u00f3 en enero un 3,85%, con un total de 86.192 desempleados. Luisa P\u00e9rez ha explicado que esta subida se produce, sobre todo, entre las mujeres y en el grupo de edad de entre 25 y 45 a\u00f1os. \u201cEl incremento se refleja, principalmente, en el sector servicios, como consecuencia del final de la campa\u00f1a de Navidad y, por lo tanto, de los contratos vinculados, entre otros, al comercio y a actividades relacionadas con el sector tur\u00edstico\u201d, ha se\u00f1alado.<\/p>\n<p>En Espa\u00f1a, el desempleo creci\u00f3 un 1,55% en enero y el descenso interanual se situ\u00f3 en el 9,41%.<\/p>\n<p>Por otra parte, la afiliaci\u00f3n se redujo en Asturias el mes pasado un 1,36% en relaci\u00f3n con diciembre. En el conjunto del pa\u00eds, se mantuvo una tendencia similar, con un descenso mensual del n\u00famero de afiliados del 0,98% y un incremento interanual del 3,33%.<\/p>\n<p>&nbsp;<\/p>\n","protected":false},"excerpt":{"rendered":"<p>Asturias registr\u00f3 en enero 7.010 parados menos que en el mismo mes del a\u00f1o pasado, lo que supone una bajada del 7,52%. La directora del Servicio P\u00fablico de Empleo, Luisa P\u00e9rez, ha subrayado hoy que estos datos constatan la evoluci\u00f3n de descensos interanuales consecutivos del desempleo iniciada en octubre de 2013. Tambi\u00e9n ha indicado que [&hellip;]<\/p>\n","protected":false},"author":1,"featured_media":640378,"comment_status":"closed","ping_status":"closed","sticky":false,"template":"","format":"standard","meta":{"footnotes":""},"categories":[141],"tags":[],"class_list":["post-924717","post","type-post","status-publish","format-standard","has-post-thumbnail","hentry","category-destacadas"],"aioseo_notices":[],"aioseo_head":"\n\t\t<!-- All in One SEO Pro 4.9.6.2 - aioseo.com -->\n\t<meta name=\"description\" content=\"Asturias registr\u00f3 en enero 7.010 parados menos que en el mismo mes del a\u00f1o pasado, lo que supone una bajada del 7,52%. La directora del Servicio P\u00fablico de Empleo, Luisa P\u00e9rez, ha subrayado hoy que estos datos constatan la evoluci\u00f3n de descensos interanuales consecutivos del desempleo iniciada en octubre de 2013. Tambi\u00e9n ha indicado que\" \/>\n\t<meta name=\"robots\" content=\"max-image-preview:large\" \/>\n\t<meta name=\"author\" content=\"El Digital de Asturias\"\/>\n\t<meta name=\"google-site-verification\" content=\"UA-38556648-1\" \/>\n\t<meta name=\"msvalidate.01\" content=\"7dfe9f3f1b24437ab69f4f2559babe99\" \/>\n\t<meta name=\"keywords\" content=\"destacadas\" \/>\n\t<link rel=\"canonical\" href=\"https:\/\/www.eldigitaldeasturias.com\/noticias\/86-192-asturianos-no-tienen-trabajo\/\" \/>\n\t<meta name=\"generator\" content=\"All in One SEO Pro (AIOSEO) 4.9.6.2\" \/>\n\t\t<meta property=\"og:locale\" content=\"es_ES\" \/>\n\t\t<meta property=\"og:site_name\" content=\"El Digital de Asturias\" \/>\n\t\t<meta property=\"og:type\" content=\"article\" \/>\n\t\t<meta property=\"og:title\" content=\"86.192 asturianos no tienen trabajo - El Digital de Asturias\" \/>\n\t\t<meta property=\"og:description\" content=\"Asturias registr\u00f3 en enero 7.010 parados menos que en el mismo mes del a\u00f1o pasado, lo que supone una bajada del 7,52%. La directora del Servicio P\u00fablico de Empleo, Luisa P\u00e9rez, ha subrayado hoy que estos datos constatan la evoluci\u00f3n de descensos interanuales consecutivos del desempleo iniciada en octubre de 2013. Tambi\u00e9n ha indicado que\" \/>\n\t\t<meta property=\"og:url\" content=\"https:\/\/www.eldigitaldeasturias.com\/noticias\/86-192-asturianos-no-tienen-trabajo\/\" \/>\n\t\t<meta property=\"og:image\" content=\"https:\/\/www.eldigitaldeasturias.com\/noticias\/wp-content\/uploads\/2014\/10\/6716422w.jpg\" \/>\n\t\t<meta property=\"og:image:secure_url\" content=\"https:\/\/www.eldigitaldeasturias.com\/noticias\/wp-content\/uploads\/2014\/10\/6716422w.jpg\" \/>\n\t\t<meta property=\"og:image:width\" content=\"800\" \/>\n\t\t<meta property=\"og:image:height\" content=\"498\" \/>\n\t\t<meta property=\"article:tag\" content=\"destacadas\" \/>\n\t\t<meta property=\"article:published_time\" content=\"2017-02-02T20:16:36+00:00\" \/>\n\t\t<meta property=\"article:modified_time\" content=\"2017-02-02T20:16:36+00:00\" \/>\n\t\t<meta property=\"article:publisher\" content=\"https:\/\/facebook.com\/eldigitaldeasturias\" \/>\n\t\t<meta name=\"twitter:card\" content=\"summary_large_image\" \/>\n\t\t<meta name=\"twitter:title\" content=\"86.192 asturianos no tienen trabajo - El Digital de Asturias\" \/>\n\t\t<meta name=\"twitter:description\" content=\"Asturias registr\u00f3 en enero 7.010 parados menos que en el mismo mes del a\u00f1o pasado, lo que supone una bajada del 7,52%. La directora del Servicio P\u00fablico de Empleo, Luisa P\u00e9rez, ha subrayado hoy que estos datos constatan la evoluci\u00f3n de descensos interanuales consecutivos del desempleo iniciada en octubre de 2013. Tambi\u00e9n ha indicado que\" \/>\n\t\t<meta name=\"twitter:image\" content=\"https:\/\/www.eldigitaldeasturias.com\/noticias\/wp-content\/uploads\/2014\/10\/6716422w.jpg\" \/>\n\t\t<meta name=\"twitter:label1\" content=\"Escrito por\" \/>\n\t\t<meta name=\"twitter:data1\" content=\"El Digital de Asturias\" \/>\n\t\t<meta name=\"twitter:label2\" content=\"Tiempo de lectura estimado\" \/>\n\t\t<meta name=\"twitter:data2\" content=\"1 minuto\" \/>\n\t\t<script type=\"application\/ld+json\" class=\"aioseo-schema\">\n\t\t\t{\"@context\":\"https:\\\/\\\/schema.org\",\"@graph\":[{\"@type\":\"BlogPosting\",\"@id\":\"https:\\\/\\\/www.eldigitaldeasturias.com\\\/noticias\\\/86-192-asturianos-no-tienen-trabajo\\\/#blogposting\",\"name\":\"86.192 asturianos no tienen trabajo - El Digital de Asturias\",\"headline\":\"86.192 asturianos no tienen trabajo\",\"author\":{\"@id\":\"https:\\\/\\\/www.eldigitaldeasturias.com\\\/noticias\\\/author\\\/admin\\\/#author\"},\"publisher\":{\"@id\":\"https:\\\/\\\/www.eldigitaldeasturias.com\\\/noticias\\\/#organization\"},\"image\":{\"@type\":\"ImageObject\",\"url\":\"https:\\\/\\\/www.eldigitaldeasturias.com\\\/noticias\\\/wp-content\\\/uploads\\\/2014\\\/10\\\/6716422w.jpg\",\"width\":800,\"height\":498},\"datePublished\":\"2017-02-02T20:16:36+01:00\",\"dateModified\":\"2017-02-02T20:16:36+01:00\",\"inLanguage\":\"es-ES\",\"mainEntityOfPage\":{\"@id\":\"https:\\\/\\\/www.eldigitaldeasturias.com\\\/noticias\\\/86-192-asturianos-no-tienen-trabajo\\\/#webpage\"},\"isPartOf\":{\"@id\":\"https:\\\/\\\/www.eldigitaldeasturias.com\\\/noticias\\\/86-192-asturianos-no-tienen-trabajo\\\/#webpage\"},\"articleSection\":\"Destacadas\"},{\"@type\":\"BreadcrumbList\",\"@id\":\"https:\\\/\\\/www.eldigitaldeasturias.com\\\/noticias\\\/86-192-asturianos-no-tienen-trabajo\\\/#breadcrumblist\",\"itemListElement\":[{\"@type\":\"ListItem\",\"@id\":\"https:\\\/\\\/www.eldigitaldeasturias.com\\\/noticias#listItem\",\"position\":1,\"name\":\"Home\",\"item\":\"https:\\\/\\\/www.eldigitaldeasturias.com\\\/noticias\",\"nextItem\":{\"@type\":\"ListItem\",\"@id\":\"https:\\\/\\\/www.eldigitaldeasturias.com\\\/noticias\\\/category\\\/destacadas\\\/#listItem\",\"name\":\"Destacadas\"}},{\"@type\":\"ListItem\",\"@id\":\"https:\\\/\\\/www.eldigitaldeasturias.com\\\/noticias\\\/category\\\/destacadas\\\/#listItem\",\"position\":2,\"name\":\"Destacadas\",\"item\":\"https:\\\/\\\/www.eldigitaldeasturias.com\\\/noticias\\\/category\\\/destacadas\\\/\",\"nextItem\":{\"@type\":\"ListItem\",\"@id\":\"https:\\\/\\\/www.eldigitaldeasturias.com\\\/noticias\\\/86-192-asturianos-no-tienen-trabajo\\\/#listItem\",\"name\":\"86.192 asturianos no tienen trabajo\"},\"previousItem\":{\"@type\":\"ListItem\",\"@id\":\"https:\\\/\\\/www.eldigitaldeasturias.com\\\/noticias#listItem\",\"name\":\"Home\"}},{\"@type\":\"ListItem\",\"@id\":\"https:\\\/\\\/www.eldigitaldeasturias.com\\\/noticias\\\/86-192-asturianos-no-tienen-trabajo\\\/#listItem\",\"position\":3,\"name\":\"86.192 asturianos no tienen trabajo\",\"previousItem\":{\"@type\":\"ListItem\",\"@id\":\"https:\\\/\\\/www.eldigitaldeasturias.com\\\/noticias\\\/category\\\/destacadas\\\/#listItem\",\"name\":\"Destacadas\"}}]},{\"@type\":\"Organization\",\"@id\":\"https:\\\/\\\/www.eldigitaldeasturias.com\\\/noticias\\\/#organization\",\"name\":\"El Digital de Asturias\",\"description\":\"Hemeroteca\",\"url\":\"https:\\\/\\\/www.eldigitaldeasturias.com\\\/noticias\\\/\",\"email\":\"info@eldigitaldeasturias.com\",\"telephone\":\"+34652131393\",\"logo\":{\"@type\":\"ImageObject\",\"url\":\"https:\\\/\\\/www.eldigitaldeasturias.com\\\/noticias\\\/wp-content\\\/uploads\\\/2020\\\/12\\\/EDA.jpg\",\"@id\":\"https:\\\/\\\/www.eldigitaldeasturias.com\\\/noticias\\\/86-192-asturianos-no-tienen-trabajo\\\/#organizationLogo\",\"width\":649,\"height\":297},\"image\":{\"@id\":\"https:\\\/\\\/www.eldigitaldeasturias.com\\\/noticias\\\/86-192-asturianos-no-tienen-trabajo\\\/#organizationLogo\"},\"sameAs\":[\"https:\\\/\\\/facebook.com\\\/eldigitaldeasturias\",\"https:\\\/\\\/www.youtube.com\\\/channel\\\/UCZP-2wLEB9Rv6erhFmqVnvg\"],\"address\":{\"@id\":\"https:\\\/\\\/www.eldigitaldeasturias.com\\\/noticias\\\/#postaladdress\",\"@type\":\"PostalAddress\",\"streetAddress\":\"san antonio 4,\",\"postalCode\":\"33430\",\"addressLocality\":\"Cand\\u00e1s\",\"addressRegion\":\"Asturias\",\"addressCountry\":\"ES\"}},{\"@type\":\"Person\",\"@id\":\"https:\\\/\\\/www.eldigitaldeasturias.com\\\/noticias\\\/author\\\/admin\\\/#author\",\"url\":\"https:\\\/\\\/www.eldigitaldeasturias.com\\\/noticias\\\/author\\\/admin\\\/\",\"name\":\"El Digital de Asturias\",\"image\":{\"@type\":\"ImageObject\",\"@id\":\"https:\\\/\\\/www.eldigitaldeasturias.com\\\/noticias\\\/86-192-asturianos-no-tienen-trabajo\\\/#authorImage\",\"url\":\"https:\\\/\\\/www.eldigitaldeasturias.com\\\/noticias\\\/wp-content\\\/litespeed\\\/avatar\\\/18677e78aa0546b92d9dbf31ec7d7668.jpg?ver=1777290358\",\"width\":96,\"height\":96,\"caption\":\"El Digital de Asturias\"}},{\"@type\":\"WebPage\",\"@id\":\"https:\\\/\\\/www.eldigitaldeasturias.com\\\/noticias\\\/86-192-asturianos-no-tienen-trabajo\\\/#webpage\",\"url\":\"https:\\\/\\\/www.eldigitaldeasturias.com\\\/noticias\\\/86-192-asturianos-no-tienen-trabajo\\\/\",\"name\":\"86.192 asturianos no tienen trabajo - El Digital de Asturias\",\"description\":\"Asturias registr\\u00f3 en enero 7.010 parados menos que en el mismo mes del a\\u00f1o pasado, lo que supone una bajada del 7,52%. La directora del Servicio P\\u00fablico de Empleo, Luisa P\\u00e9rez, ha subrayado hoy que estos datos constatan la evoluci\\u00f3n de descensos interanuales consecutivos del desempleo iniciada en octubre de 2013. Tambi\\u00e9n ha indicado que\",\"inLanguage\":\"es-ES\",\"isPartOf\":{\"@id\":\"https:\\\/\\\/www.eldigitaldeasturias.com\\\/noticias\\\/#website\"},\"breadcrumb\":{\"@id\":\"https:\\\/\\\/www.eldigitaldeasturias.com\\\/noticias\\\/86-192-asturianos-no-tienen-trabajo\\\/#breadcrumblist\"},\"author\":{\"@id\":\"https:\\\/\\\/www.eldigitaldeasturias.com\\\/noticias\\\/author\\\/admin\\\/#author\"},\"creator\":{\"@id\":\"https:\\\/\\\/www.eldigitaldeasturias.com\\\/noticias\\\/author\\\/admin\\\/#author\"},\"image\":{\"@type\":\"ImageObject\",\"url\":\"https:\\\/\\\/www.eldigitaldeasturias.com\\\/noticias\\\/wp-content\\\/uploads\\\/2014\\\/10\\\/6716422w.jpg\",\"@id\":\"https:\\\/\\\/www.eldigitaldeasturias.com\\\/noticias\\\/86-192-asturianos-no-tienen-trabajo\\\/#mainImage\",\"width\":800,\"height\":498},\"primaryImageOfPage\":{\"@id\":\"https:\\\/\\\/www.eldigitaldeasturias.com\\\/noticias\\\/86-192-asturianos-no-tienen-trabajo\\\/#mainImage\"},\"datePublished\":\"2017-02-02T20:16:36+01:00\",\"dateModified\":\"2017-02-02T20:16:36+01:00\"},{\"@type\":\"WebSite\",\"@id\":\"https:\\\/\\\/www.eldigitaldeasturias.com\\\/noticias\\\/#website\",\"url\":\"https:\\\/\\\/www.eldigitaldeasturias.com\\\/noticias\\\/\",\"name\":\"El Digital de Asturias - Diario de actualidad y noticias\",\"alternateName\":\"El Digital de Asturias - Diario de actualidad y noticias\",\"description\":\"Hemeroteca\",\"inLanguage\":\"es-ES\",\"publisher\":{\"@id\":\"https:\\\/\\\/www.eldigitaldeasturias.com\\\/noticias\\\/#organization\"}}]}\n\t\t<\/script>\n\t\t<!-- All in One SEO Pro -->\r\n\t\t<title>86.192 asturianos no tienen trabajo - El Digital de Asturias<\/title>\n\n","aioseo_head_json":{"title":"86.192 asturianos no tienen trabajo - El Digital de Asturias","description":"Asturias registr\u00f3 en enero 7.010 parados menos que en el mismo mes del a\u00f1o pasado, lo que supone una bajada del 7,52%. La directora del Servicio P\u00fablico de Empleo, Luisa P\u00e9rez, ha subrayado hoy que estos datos constatan la evoluci\u00f3n de descensos interanuales consecutivos del desempleo iniciada en octubre de 2013. Tambi\u00e9n ha indicado que","canonical_url":"https:\/\/www.eldigitaldeasturias.com\/noticias\/86-192-asturianos-no-tienen-trabajo\/","robots":"max-image-preview:large","keywords":"destacadas","webmasterTools":{"google-site-verification":"UA-38556648-1","msvalidate.01":"7dfe9f3f1b24437ab69f4f2559babe99","miscellaneous":""},"schema":{"@context":"https:\/\/schema.org","@graph":[{"@type":"BlogPosting","@id":"https:\/\/www.eldigitaldeasturias.com\/noticias\/86-192-asturianos-no-tienen-trabajo\/#blogposting","name":"86.192 asturianos no tienen trabajo - El Digital de Asturias","headline":"86.192 asturianos no tienen trabajo","author":{"@id":"https:\/\/www.eldigitaldeasturias.com\/noticias\/author\/admin\/#author"},"publisher":{"@id":"https:\/\/www.eldigitaldeasturias.com\/noticias\/#organization"},"image":{"@type":"ImageObject","url":"https:\/\/www.eldigitaldeasturias.com\/noticias\/wp-content\/uploads\/2014\/10\/6716422w.jpg","width":800,"height":498},"datePublished":"2017-02-02T20:16:36+01:00","dateModified":"2017-02-02T20:16:36+01:00","inLanguage":"es-ES","mainEntityOfPage":{"@id":"https:\/\/www.eldigitaldeasturias.com\/noticias\/86-192-asturianos-no-tienen-trabajo\/#webpage"},"isPartOf":{"@id":"https:\/\/www.eldigitaldeasturias.com\/noticias\/86-192-asturianos-no-tienen-trabajo\/#webpage"},"articleSection":"Destacadas"},{"@type":"BreadcrumbList","@id":"https:\/\/www.eldigitaldeasturias.com\/noticias\/86-192-asturianos-no-tienen-trabajo\/#breadcrumblist","itemListElement":[{"@type":"ListItem","@id":"https:\/\/www.eldigitaldeasturias.com\/noticias#listItem","position":1,"name":"Home","item":"https:\/\/www.eldigitaldeasturias.com\/noticias","nextItem":{"@type":"ListItem","@id":"https:\/\/www.eldigitaldeasturias.com\/noticias\/category\/destacadas\/#listItem","name":"Destacadas"}},{"@type":"ListItem","@id":"https:\/\/www.eldigitaldeasturias.com\/noticias\/category\/destacadas\/#listItem","position":2,"name":"Destacadas","item":"https:\/\/www.eldigitaldeasturias.com\/noticias\/category\/destacadas\/","nextItem":{"@type":"ListItem","@id":"https:\/\/www.eldigitaldeasturias.com\/noticias\/86-192-asturianos-no-tienen-trabajo\/#listItem","name":"86.192 asturianos no tienen trabajo"},"previousItem":{"@type":"ListItem","@id":"https:\/\/www.eldigitaldeasturias.com\/noticias#listItem","name":"Home"}},{"@type":"ListItem","@id":"https:\/\/www.eldigitaldeasturias.com\/noticias\/86-192-asturianos-no-tienen-trabajo\/#listItem","position":3,"name":"86.192 asturianos no tienen trabajo","previousItem":{"@type":"ListItem","@id":"https:\/\/www.eldigitaldeasturias.com\/noticias\/category\/destacadas\/#listItem","name":"Destacadas"}}]},{"@type":"Organization","@id":"https:\/\/www.eldigitaldeasturias.com\/noticias\/#organization","name":"El Digital de Asturias","description":"Hemeroteca","url":"https:\/\/www.eldigitaldeasturias.com\/noticias\/","email":"info@eldigitaldeasturias.com","telephone":"+34652131393","logo":{"@type":"ImageObject","url":"https:\/\/www.eldigitaldeasturias.com\/noticias\/wp-content\/uploads\/2020\/12\/EDA.jpg","@id":"https:\/\/www.eldigitaldeasturias.com\/noticias\/86-192-asturianos-no-tienen-trabajo\/#organizationLogo","width":649,"height":297},"image":{"@id":"https:\/\/www.eldigitaldeasturias.com\/noticias\/86-192-asturianos-no-tienen-trabajo\/#organizationLogo"},"sameAs":["https:\/\/facebook.com\/eldigitaldeasturias","https:\/\/www.youtube.com\/channel\/UCZP-2wLEB9Rv6erhFmqVnvg"],"address":{"@id":"https:\/\/www.eldigitaldeasturias.com\/noticias\/#postaladdress","@type":"PostalAddress","streetAddress":"san antonio 4,","postalCode":"33430","addressLocality":"Cand\u00e1s","addressRegion":"Asturias","addressCountry":"ES"}},{"@type":"Person","@id":"https:\/\/www.eldigitaldeasturias.com\/noticias\/author\/admin\/#author","url":"https:\/\/www.eldigitaldeasturias.com\/noticias\/author\/admin\/","name":"El Digital de Asturias","image":{"@type":"ImageObject","@id":"https:\/\/www.eldigitaldeasturias.com\/noticias\/86-192-asturianos-no-tienen-trabajo\/#authorImage","url":"https:\/\/www.eldigitaldeasturias.com\/noticias\/wp-content\/litespeed\/avatar\/18677e78aa0546b92d9dbf31ec7d7668.jpg?ver=1777290358","width":96,"height":96,"caption":"El Digital de Asturias"}},{"@type":"WebPage","@id":"https:\/\/www.eldigitaldeasturias.com\/noticias\/86-192-asturianos-no-tienen-trabajo\/#webpage","url":"https:\/\/www.eldigitaldeasturias.com\/noticias\/86-192-asturianos-no-tienen-trabajo\/","name":"86.192 asturianos no tienen trabajo - El Digital de Asturias","description":"Asturias registr\u00f3 en enero 7.010 parados menos que en el mismo mes del a\u00f1o pasado, lo que supone una bajada del 7,52%. La directora del Servicio P\u00fablico de Empleo, Luisa P\u00e9rez, ha subrayado hoy que estos datos constatan la evoluci\u00f3n de descensos interanuales consecutivos del desempleo iniciada en octubre de 2013. Tambi\u00e9n ha indicado que","inLanguage":"es-ES","isPartOf":{"@id":"https:\/\/www.eldigitaldeasturias.com\/noticias\/#website"},"breadcrumb":{"@id":"https:\/\/www.eldigitaldeasturias.com\/noticias\/86-192-asturianos-no-tienen-trabajo\/#breadcrumblist"},"author":{"@id":"https:\/\/www.eldigitaldeasturias.com\/noticias\/author\/admin\/#author"},"creator":{"@id":"https:\/\/www.eldigitaldeasturias.com\/noticias\/author\/admin\/#author"},"image":{"@type":"ImageObject","url":"https:\/\/www.eldigitaldeasturias.com\/noticias\/wp-content\/uploads\/2014\/10\/6716422w.jpg","@id":"https:\/\/www.eldigitaldeasturias.com\/noticias\/86-192-asturianos-no-tienen-trabajo\/#mainImage","width":800,"height":498},"primaryImageOfPage":{"@id":"https:\/\/www.eldigitaldeasturias.com\/noticias\/86-192-asturianos-no-tienen-trabajo\/#mainImage"},"datePublished":"2017-02-02T20:16:36+01:00","dateModified":"2017-02-02T20:16:36+01:00"},{"@type":"WebSite","@id":"https:\/\/www.eldigitaldeasturias.com\/noticias\/#website","url":"https:\/\/www.eldigitaldeasturias.com\/noticias\/","name":"El Digital de Asturias - Diario de actualidad y noticias","alternateName":"El Digital de Asturias - Diario de actualidad y noticias","description":"Hemeroteca","inLanguage":"es-ES","publisher":{"@id":"https:\/\/www.eldigitaldeasturias.com\/noticias\/#organization"}}]},"og:locale":"es_ES","og:site_name":"El Digital de Asturias","og:type":"article","og:title":"86.192 asturianos no tienen trabajo - El Digital de Asturias","og:description":"Asturias registr\u00f3 en enero 7.010 parados menos que en el mismo mes del a\u00f1o pasado, lo que supone una bajada del 7,52%. La directora del Servicio P\u00fablico de Empleo, Luisa P\u00e9rez, ha subrayado hoy que estos datos constatan la evoluci\u00f3n de descensos interanuales consecutivos del desempleo iniciada en octubre de 2013. Tambi\u00e9n ha indicado que","og:url":"https:\/\/www.eldigitaldeasturias.com\/noticias\/86-192-asturianos-no-tienen-trabajo\/","og:image":"https:\/\/www.eldigitaldeasturias.com\/noticias\/wp-content\/uploads\/2014\/10\/6716422w.jpg","og:image:secure_url":"https:\/\/www.eldigitaldeasturias.com\/noticias\/wp-content\/uploads\/2014\/10\/6716422w.jpg","og:image:width":800,"og:image:height":498,"article:tag":["destacadas"],"article:published_time":"2017-02-02T20:16:36+00:00","article:modified_time":"2017-02-02T20:16:36+00:00","article:publisher":"https:\/\/facebook.com\/eldigitaldeasturias","twitter:card":"summary_large_image","twitter:title":"86.192 asturianos no tienen trabajo - El Digital de Asturias","twitter:description":"Asturias registr\u00f3 en enero 7.010 parados menos que en el mismo mes del a\u00f1o pasado, lo que supone una bajada del 7,52%. La directora del Servicio P\u00fablico de Empleo, Luisa P\u00e9rez, ha subrayado hoy que estos datos constatan la evoluci\u00f3n de descensos interanuales consecutivos del desempleo iniciada en octubre de 2013. Tambi\u00e9n ha indicado que","twitter:image":"https:\/\/www.eldigitaldeasturias.com\/noticias\/wp-content\/uploads\/2014\/10\/6716422w.jpg","twitter:label1":"Escrito por","twitter:data1":"El Digital de Asturias","twitter:label2":"Tiempo de lectura estimado","twitter:data2":"1 minuto"},"aioseo_meta_data":{"post_id":"924717","title":null,"description":null,"keywords":null,"keyphrases":null,"primary_term":null,"canonical_url":null,"og_title":null,"og_description":null,"og_object_type":"default","og_image_type":"default","og_image_url":null,"og_image_width":null,"og_image_height":null,"og_image_custom_url":null,"og_image_custom_fields":null,"og_video":null,"og_custom_url":null,"og_article_section":null,"og_article_tags":null,"twitter_use_og":false,"twitter_card":"default","twitter_image_type":"default","twitter_image_url":null,"twitter_image_custom_url":null,"twitter_image_custom_fields":null,"twitter_title":null,"twitter_description":null,"schema":{"blockGraphs":[],"customGraphs":[],"default":{"data":{"Article":[],"Course":[],"Dataset":[],"FAQPage":[],"Movie":[],"Person":[],"Product":[],"ProductReview":[],"Car":[],"Recipe":[],"Service":[],"SoftwareApplication":[],"WebPage":[]},"graphName":"","isEnabled":true},"graphs":[],"defaultGraph":"","defaultPostTypeGraph":""},"schema_type":null,"schema_type_options":null,"pillar_content":false,"robots_default":true,"robots_noindex":false,"robots_noarchive":false,"robots_nosnippet":false,"robots_nofollow":false,"robots_noimageindex":false,"robots_noodp":false,"robots_notranslate":false,"robots_max_snippet":null,"robots_max_videopreview":null,"robots_max_imagepreview":"large","priority":null,"frequency":null,"local_seo":null,"seo_analyzer_scan_date":"2025-12-03 01:02:14","breadcrumb_settings":null,"limit_modified_date":false,"open_ai":null,"ai":null,"created":"2020-12-21 13:40:18","updated":"2025-12-03 01:02:14"},"aioseo_breadcrumb":"<div class=\"aioseo-breadcrumbs\"><span class=\"aioseo-breadcrumb\">\n\t<a href=\"https:\/\/www.eldigitaldeasturias.com\/noticias\" title=\"Home\">Home<\/a>\n<\/span><span class=\"aioseo-breadcrumb-separator\">\u2013<\/span><span class=\"aioseo-breadcrumb\">\n\t<a href=\"https:\/\/www.eldigitaldeasturias.com\/noticias\/category\/destacadas\/\" title=\"Destacadas\">Destacadas<\/a>\n<\/span><span class=\"aioseo-breadcrumb-separator\">\u2013<\/span><span class=\"aioseo-breadcrumb\">\n\t<a href=\"https:\/\/www.eldigitaldeasturias.com\/noticias\/86-192-asturianos-no-tienen-trabajo\/\" title=\"86.192 asturianos no tienen trabajo\">86.192 asturianos no tienen trabajo<\/a>\n<\/span><\/div>","aioseo_breadcrumb_json":[{"label":"Home","link":"https:\/\/www.eldigitaldeasturias.com\/noticias"},{"label":"Destacadas","link":"https:\/\/www.eldigitaldeasturias.com\/noticias\/category\/destacadas\/"},{"label":"86.192 asturianos no tienen trabajo","link":"https:\/\/www.eldigitaldeasturias.com\/noticias\/86-192-asturianos-no-tienen-trabajo\/"}],"_links":{"self":[{"href":"https:\/\/www.eldigitaldeasturias.com\/noticias\/wp-json\/wp\/v2\/posts\/924717","targetHints":{"allow":["GET"]}}],"collection":[{"href":"https:\/\/www.eldigitaldeasturias.com\/noticias\/wp-json\/wp\/v2\/posts"}],"about":[{"href":"https:\/\/www.eldigitaldeasturias.com\/noticias\/wp-json\/wp\/v2\/types\/post"}],"author":[{"embeddable":true,"href":"https:\/\/www.eldigitaldeasturias.com\/noticias\/wp-json\/wp\/v2\/users\/1"}],"replies":[{"embeddable":true,"href":"https:\/\/www.eldigitaldeasturias.com\/noticias\/wp-json\/wp\/v2\/comments?post=924717"}],"version-history":[{"count":0,"href":"https:\/\/www.eldigitaldeasturias.com\/noticias\/wp-json\/wp\/v2\/posts\/924717\/revisions"}],"wp:featuredmedia":[{"embeddable":true,"href":"https:\/\/www.eldigitaldeasturias.com\/noticias\/wp-json\/wp\/v2\/media\/640378"}],"wp:attachment":[{"href":"https:\/\/www.eldigitaldeasturias.com\/noticias\/wp-json\/wp\/v2\/media?parent=924717"}],"wp:term":[{"taxonomy":"category","embeddable":true,"href":"https:\/\/www.eldigitaldeasturias.com\/noticias\/wp-json\/wp\/v2\/categories?post=924717"},{"taxonomy":"post_tag","embeddable":true,"href":"https:\/\/www.eldigitaldeasturias.com\/noticias\/wp-json\/wp\/v2\/tags?post=924717"}],"curies":[{"name":"wp","href":"https:\/\/api.w.org\/{rel}","templated":true}]}}