{"id":924712,"date":"2017-02-02T19:49:09","date_gmt":"2017-02-02T19:49:09","guid":{"rendered":"http:\/\/www.eldigitaldeasturias.com\/noticias\/?p=924712"},"modified":"2017-02-02T19:49:09","modified_gmt":"2017-02-02T19:49:09","slug":"cristina-coto-enero-arroja-un-desolador-dato-de-paro-en-asturias","status":"publish","type":"post","link":"https:\/\/www.eldigitaldeasturias.com\/noticias\/cristina-coto-enero-arroja-un-desolador-dato-de-paro-en-asturias\/","title":{"rendered":"Cristina Coto: \u201cEnero arroja un desolador dato de paro en Asturias\u00bb"},"content":{"rendered":"<p><img loading=\"lazy\" decoding=\"async\" class=\"alignleft size-medium wp-image-909336\" src=\"https:\/\/www.eldigitaldeasturias.com\/noticias\/wp-content\/uploads\/2016\/09\/COTO-FOROASTURIAS-360x253.jpg\" alt=\"\" width=\"360\" height=\"253\" srcset=\"https:\/\/www.eldigitaldeasturias.com\/noticias\/wp-content\/uploads\/2016\/09\/COTO-FOROASTURIAS-360x253.jpg 360w, https:\/\/www.eldigitaldeasturias.com\/noticias\/wp-content\/uploads\/2016\/09\/COTO-FOROASTURIAS-100x70.jpg 100w, https:\/\/www.eldigitaldeasturias.com\/noticias\/wp-content\/uploads\/2016\/09\/COTO-FOROASTURIAS-696x490.jpg 696w, https:\/\/www.eldigitaldeasturias.com\/noticias\/wp-content\/uploads\/2016\/09\/COTO-FOROASTURIAS-597x420.jpg 597w, https:\/\/www.eldigitaldeasturias.com\/noticias\/wp-content\/uploads\/2016\/09\/COTO-FOROASTURIAS-768x540.jpg 768w, https:\/\/www.eldigitaldeasturias.com\/noticias\/wp-content\/uploads\/2016\/09\/COTO-FOROASTURIAS-650x457.jpg 650w, https:\/\/www.eldigitaldeasturias.com\/noticias\/wp-content\/uploads\/2016\/09\/COTO-FOROASTURIAS.jpg 800w\" sizes=\"auto, (max-width: 360px) 100vw, 360px\" \/>La presidenta de FORO, Cristina Coto, ha relacionado hoy los datos del paro registrado del pasado mes de enero con las estimaciones de crecimiento de PIB para 2017, efectuadas ayer por CEPREDE, ya que \u201cmientras Asturias siga estando en la cola del crecimiento econ\u00f3mico es imposible que los datos de paro y afiliaci\u00f3n mejoren. No hay secretos en la relaci\u00f3n entre crecimiento y empleo, existe \u2013manifest\u00f3 Coto- un umbral de crecimiento necesario para que el empleo crezca en paralelo a la media, porque Asturias no s\u00f3lo necesita crecer en t\u00e9rminos de PIB sino que ese crecimiento se reitere a lo largo de los a\u00f1os. A partir de ah\u00ed, con unas previsiones de crecimiento de un 2% para 2017 es evidente que el empleo en Asturias seguir\u00e1 por debajo de la media espa\u00f1ola\u201d.<\/p>\n<p>\u201cCEPREDE estima para 2017 una ralentizaci\u00f3n generalizada de la econom\u00eda espa\u00f1ola, que crecer\u00e1 un 2,4% y se reflejar\u00e1 en la mayor\u00eda de Comunidades Aut\u00f3nomas menos en Arag\u00f3n y Extremadura que crecer\u00e1n por encima de la media. En el otro extremo, es decir las que registrar\u00e1n peor dato son Asturias, Baleares y La Rioja, las tres con una previsi\u00f3n de un 2%\u201d, dijo.<\/p>\n<p>En cuanto al paro, Cristina Coto afirm\u00f3 que \u201cenero arroja un desolador dato de paro en Asturias, alcanzando las 86.192 personas el n\u00famero de desempleados registrados en las Oficinas de los Servicios P\u00fablicos de Empleo; es decir en Asturias al finalizar el mes de enero el paro ha subido en 3.198 personas en relaci\u00f3n con el mes anterior. En enero el n\u00famero de parados en Asturias se increment\u00f3 en un 3,85%, m\u00e1s de dos puntos por encima de la media nacional, que fue del 1,58%, y representa el tercer mayor aumento entre las comunidades aut\u00f3nomas\u201d.<\/p>\n<p>Por otra parte, \u201crespecto a enero de 2016, el paro se ha reducido en 7.010 personas (-7,52%) tambi\u00e9n muy por debajo de la ca\u00edda experimentada por el total del pa\u00eds, casi dos puntos menos, que ha sido de un \u20139,41%. Tanto en t\u00e9rminos mensuales como anuales la evoluci\u00f3n en nuestra regi\u00f3n confirma que nuestra econom\u00eda y empleo siguen bajo m\u00ednimos, con los peores registros de Espa\u00f1a\u201d, a\u00f1adi\u00f3 la presidenta de FORO.<\/p>\n<p>En cuanto a las afiliaciones a la Seguridad Social, Cristina Coto indic\u00f3 que \u201cAsturias perdi\u00f3 el pasado mes de enero 4.820 afiliados hasta situarse en 349.595, asimismo y respecto al mes de enero de 2016 ha sido la comunidad aut\u00f3noma que peor evoluci\u00f3n ha registrado, con una escasa subida del 1,32% frente al 3,33% del conjunto de Espa\u00f1a\u201d.<\/p>\n<p>\u201cSi hacemos la comparativa de la evoluci\u00f3n en t\u00e9rminos de afiliaci\u00f3n de este mes de enero y la registrada en el mismo mes del a\u00f1o anterior \u2013prosigui\u00f3-, se observa que mientras en enero de 2016, las afiliaciones bajaron en un \u20131,13% este a\u00f1o lo han hecho en un \u20131,36% y si analizamos los datos de variaci\u00f3n interanual tambi\u00e9n de enero de 2016 a enero de 2017, el comportamiento ha sido peor con una subida del 1,32% frente al 1,54% del a\u00f1o anterior\u201d.<\/p>\n<p>La presidenta de FORO hace hincapi\u00e9 \u201cen el nivel de cobertura de los desempleados en Asturias y con los datos a diciembre de los 82.994 parados a esa fecha, \u00fanicamente 35.634, es decir el 42,9%, perciben alguna prestaci\u00f3n bien sea por subsidio (15.064), la pensi\u00f3n contributiva (16.437), la renta activa por inserci\u00f3n (3.983), o est\u00e1n incluidos en programas de activaci\u00f3n de empleo (150)\u201d.<\/p>\n<p>Para concluir, Cristina Coto, afirm\u00f3 que \u201cante estos datos desastrosos hoy mismo hemos solicitado la comparecencia de la Directora del Servicio P\u00fablico de Empleo del Principado de Asturias (SEPEPA), al objeto de que explique qu\u00e9 est\u00e1n haciendo para poner remedio a esta situaci\u00f3n\u201d.<\/p>\n<p>&nbsp;<\/p>\n","protected":false},"excerpt":{"rendered":"<p>La presidenta de FORO, Cristina Coto, ha relacionado hoy los datos del paro registrado del pasado mes de enero con las estimaciones de crecimiento de PIB para 2017, efectuadas ayer por CEPREDE, ya que \u201cmientras Asturias siga estando en la cola del crecimiento econ\u00f3mico es imposible que los datos de paro y afiliaci\u00f3n mejoren. No [&hellip;]<\/p>\n","protected":false},"author":1,"featured_media":909336,"comment_status":"closed","ping_status":"closed","sticky":false,"template":"","format":"standard","meta":{"footnotes":""},"categories":[141],"tags":[],"class_list":["post-924712","post","type-post","status-publish","format-standard","has-post-thumbnail","hentry","category-destacadas"],"aioseo_notices":[],"aioseo_head":"\n\t\t<!-- All in One SEO Pro 4.9.6.2 - aioseo.com -->\n\t<meta name=\"description\" content=\"La presidenta de FORO, Cristina Coto, ha relacionado hoy los datos del paro registrado del pasado mes de enero con las estimaciones de crecimiento de PIB para 2017, efectuadas ayer por CEPREDE, ya que \u201cmientras Asturias siga estando en la cola del crecimiento econ\u00f3mico es imposible que los datos de paro y afiliaci\u00f3n mejoren. No\" \/>\n\t<meta name=\"robots\" content=\"max-image-preview:large\" \/>\n\t<meta name=\"author\" content=\"El Digital de Asturias\"\/>\n\t<meta name=\"google-site-verification\" content=\"UA-38556648-1\" \/>\n\t<meta name=\"msvalidate.01\" content=\"7dfe9f3f1b24437ab69f4f2559babe99\" \/>\n\t<meta name=\"keywords\" content=\"destacadas\" \/>\n\t<link rel=\"canonical\" href=\"https:\/\/www.eldigitaldeasturias.com\/noticias\/cristina-coto-enero-arroja-un-desolador-dato-de-paro-en-asturias\/\" \/>\n\t<meta name=\"generator\" content=\"All in One SEO Pro (AIOSEO) 4.9.6.2\" \/>\n\t\t<meta property=\"og:locale\" content=\"es_ES\" \/>\n\t\t<meta property=\"og:site_name\" content=\"El Digital de Asturias\" \/>\n\t\t<meta property=\"og:type\" content=\"article\" \/>\n\t\t<meta property=\"og:title\" content=\"Cristina Coto: \u201cEnero arroja un desolador dato de paro en Asturias\u00bb - El Digital de Asturias\" \/>\n\t\t<meta property=\"og:description\" content=\"La presidenta de FORO, Cristina Coto, ha relacionado hoy los datos del paro registrado del pasado mes de enero con las estimaciones de crecimiento de PIB para 2017, efectuadas ayer por CEPREDE, ya que \u201cmientras Asturias siga estando en la cola del crecimiento econ\u00f3mico es imposible que los datos de paro y afiliaci\u00f3n mejoren. No\" \/>\n\t\t<meta property=\"og:url\" content=\"https:\/\/www.eldigitaldeasturias.com\/noticias\/cristina-coto-enero-arroja-un-desolador-dato-de-paro-en-asturias\/\" \/>\n\t\t<meta property=\"og:image\" content=\"https:\/\/www.eldigitaldeasturias.com\/noticias\/wp-content\/uploads\/2016\/09\/COTO-FOROASTURIAS.jpg\" \/>\n\t\t<meta property=\"og:image:secure_url\" content=\"https:\/\/www.eldigitaldeasturias.com\/noticias\/wp-content\/uploads\/2016\/09\/COTO-FOROASTURIAS.jpg\" \/>\n\t\t<meta property=\"og:image:width\" content=\"800\" \/>\n\t\t<meta property=\"og:image:height\" content=\"563\" \/>\n\t\t<meta property=\"article:tag\" content=\"destacadas\" \/>\n\t\t<meta property=\"article:published_time\" content=\"2017-02-02T19:49:09+00:00\" \/>\n\t\t<meta property=\"article:modified_time\" content=\"2017-02-02T19:49:09+00:00\" \/>\n\t\t<meta property=\"article:publisher\" content=\"https:\/\/facebook.com\/eldigitaldeasturias\" \/>\n\t\t<meta name=\"twitter:card\" content=\"summary_large_image\" \/>\n\t\t<meta name=\"twitter:title\" content=\"Cristina Coto: \u201cEnero arroja un desolador dato de paro en Asturias\u00bb - El Digital de Asturias\" \/>\n\t\t<meta name=\"twitter:description\" content=\"La presidenta de FORO, Cristina Coto, ha relacionado hoy los datos del paro registrado del pasado mes de enero con las estimaciones de crecimiento de PIB para 2017, efectuadas ayer por CEPREDE, ya que \u201cmientras Asturias siga estando en la cola del crecimiento econ\u00f3mico es imposible que los datos de paro y afiliaci\u00f3n mejoren. No\" \/>\n\t\t<meta name=\"twitter:image\" content=\"https:\/\/www.eldigitaldeasturias.com\/noticias\/wp-content\/uploads\/2016\/09\/COTO-FOROASTURIAS.jpg\" \/>\n\t\t<meta name=\"twitter:label1\" content=\"Escrito por\" \/>\n\t\t<meta name=\"twitter:data1\" content=\"El Digital de Asturias\" \/>\n\t\t<meta name=\"twitter:label2\" content=\"Tiempo de lectura estimado\" \/>\n\t\t<meta name=\"twitter:data2\" content=\"3 minutos\" \/>\n\t\t<script type=\"application\/ld+json\" class=\"aioseo-schema\">\n\t\t\t{\"@context\":\"https:\\\/\\\/schema.org\",\"@graph\":[{\"@type\":\"BlogPosting\",\"@id\":\"https:\\\/\\\/www.eldigitaldeasturias.com\\\/noticias\\\/cristina-coto-enero-arroja-un-desolador-dato-de-paro-en-asturias\\\/#blogposting\",\"name\":\"Cristina Coto: \\u201cEnero arroja un desolador dato de paro en Asturias\\u00bb - El Digital de Asturias\",\"headline\":\"Cristina Coto: \\u201cEnero arroja un desolador dato de paro en Asturias\\u00bb\",\"author\":{\"@id\":\"https:\\\/\\\/www.eldigitaldeasturias.com\\\/noticias\\\/author\\\/admin\\\/#author\"},\"publisher\":{\"@id\":\"https:\\\/\\\/www.eldigitaldeasturias.com\\\/noticias\\\/#organization\"},\"image\":{\"@type\":\"ImageObject\",\"url\":\"https:\\\/\\\/www.eldigitaldeasturias.com\\\/noticias\\\/wp-content\\\/uploads\\\/2016\\\/09\\\/COTO-FOROASTURIAS.jpg\",\"width\":800,\"height\":563},\"datePublished\":\"2017-02-02T19:49:09+01:00\",\"dateModified\":\"2017-02-02T19:49:09+01:00\",\"inLanguage\":\"es-ES\",\"mainEntityOfPage\":{\"@id\":\"https:\\\/\\\/www.eldigitaldeasturias.com\\\/noticias\\\/cristina-coto-enero-arroja-un-desolador-dato-de-paro-en-asturias\\\/#webpage\"},\"isPartOf\":{\"@id\":\"https:\\\/\\\/www.eldigitaldeasturias.com\\\/noticias\\\/cristina-coto-enero-arroja-un-desolador-dato-de-paro-en-asturias\\\/#webpage\"},\"articleSection\":\"Destacadas\"},{\"@type\":\"BreadcrumbList\",\"@id\":\"https:\\\/\\\/www.eldigitaldeasturias.com\\\/noticias\\\/cristina-coto-enero-arroja-un-desolador-dato-de-paro-en-asturias\\\/#breadcrumblist\",\"itemListElement\":[{\"@type\":\"ListItem\",\"@id\":\"https:\\\/\\\/www.eldigitaldeasturias.com\\\/noticias#listItem\",\"position\":1,\"name\":\"Home\",\"item\":\"https:\\\/\\\/www.eldigitaldeasturias.com\\\/noticias\",\"nextItem\":{\"@type\":\"ListItem\",\"@id\":\"https:\\\/\\\/www.eldigitaldeasturias.com\\\/noticias\\\/category\\\/destacadas\\\/#listItem\",\"name\":\"Destacadas\"}},{\"@type\":\"ListItem\",\"@id\":\"https:\\\/\\\/www.eldigitaldeasturias.com\\\/noticias\\\/category\\\/destacadas\\\/#listItem\",\"position\":2,\"name\":\"Destacadas\",\"item\":\"https:\\\/\\\/www.eldigitaldeasturias.com\\\/noticias\\\/category\\\/destacadas\\\/\",\"nextItem\":{\"@type\":\"ListItem\",\"@id\":\"https:\\\/\\\/www.eldigitaldeasturias.com\\\/noticias\\\/cristina-coto-enero-arroja-un-desolador-dato-de-paro-en-asturias\\\/#listItem\",\"name\":\"Cristina Coto: \\u201cEnero arroja un desolador dato de paro en Asturias\\u00bb\"},\"previousItem\":{\"@type\":\"ListItem\",\"@id\":\"https:\\\/\\\/www.eldigitaldeasturias.com\\\/noticias#listItem\",\"name\":\"Home\"}},{\"@type\":\"ListItem\",\"@id\":\"https:\\\/\\\/www.eldigitaldeasturias.com\\\/noticias\\\/cristina-coto-enero-arroja-un-desolador-dato-de-paro-en-asturias\\\/#listItem\",\"position\":3,\"name\":\"Cristina Coto: \\u201cEnero arroja un desolador dato de paro en Asturias\\u00bb\",\"previousItem\":{\"@type\":\"ListItem\",\"@id\":\"https:\\\/\\\/www.eldigitaldeasturias.com\\\/noticias\\\/category\\\/destacadas\\\/#listItem\",\"name\":\"Destacadas\"}}]},{\"@type\":\"Organization\",\"@id\":\"https:\\\/\\\/www.eldigitaldeasturias.com\\\/noticias\\\/#organization\",\"name\":\"El Digital de Asturias\",\"description\":\"Hemeroteca\",\"url\":\"https:\\\/\\\/www.eldigitaldeasturias.com\\\/noticias\\\/\",\"email\":\"info@eldigitaldeasturias.com\",\"telephone\":\"+34652131393\",\"logo\":{\"@type\":\"ImageObject\",\"url\":\"https:\\\/\\\/www.eldigitaldeasturias.com\\\/noticias\\\/wp-content\\\/uploads\\\/2020\\\/12\\\/EDA.jpg\",\"@id\":\"https:\\\/\\\/www.eldigitaldeasturias.com\\\/noticias\\\/cristina-coto-enero-arroja-un-desolador-dato-de-paro-en-asturias\\\/#organizationLogo\",\"width\":649,\"height\":297},\"image\":{\"@id\":\"https:\\\/\\\/www.eldigitaldeasturias.com\\\/noticias\\\/cristina-coto-enero-arroja-un-desolador-dato-de-paro-en-asturias\\\/#organizationLogo\"},\"sameAs\":[\"https:\\\/\\\/facebook.com\\\/eldigitaldeasturias\",\"https:\\\/\\\/www.youtube.com\\\/channel\\\/UCZP-2wLEB9Rv6erhFmqVnvg\"],\"address\":{\"@id\":\"https:\\\/\\\/www.eldigitaldeasturias.com\\\/noticias\\\/#postaladdress\",\"@type\":\"PostalAddress\",\"streetAddress\":\"san antonio 4,\",\"postalCode\":\"33430\",\"addressLocality\":\"Cand\\u00e1s\",\"addressRegion\":\"Asturias\",\"addressCountry\":\"ES\"}},{\"@type\":\"Person\",\"@id\":\"https:\\\/\\\/www.eldigitaldeasturias.com\\\/noticias\\\/author\\\/admin\\\/#author\",\"url\":\"https:\\\/\\\/www.eldigitaldeasturias.com\\\/noticias\\\/author\\\/admin\\\/\",\"name\":\"El Digital de Asturias\",\"image\":{\"@type\":\"ImageObject\",\"@id\":\"https:\\\/\\\/www.eldigitaldeasturias.com\\\/noticias\\\/cristina-coto-enero-arroja-un-desolador-dato-de-paro-en-asturias\\\/#authorImage\",\"url\":\"https:\\\/\\\/www.eldigitaldeasturias.com\\\/noticias\\\/wp-content\\\/litespeed\\\/avatar\\\/18677e78aa0546b92d9dbf31ec7d7668.jpg?ver=1777290358\",\"width\":96,\"height\":96,\"caption\":\"El Digital de Asturias\"}},{\"@type\":\"WebPage\",\"@id\":\"https:\\\/\\\/www.eldigitaldeasturias.com\\\/noticias\\\/cristina-coto-enero-arroja-un-desolador-dato-de-paro-en-asturias\\\/#webpage\",\"url\":\"https:\\\/\\\/www.eldigitaldeasturias.com\\\/noticias\\\/cristina-coto-enero-arroja-un-desolador-dato-de-paro-en-asturias\\\/\",\"name\":\"Cristina Coto: \\u201cEnero arroja un desolador dato de paro en Asturias\\u00bb - El Digital de Asturias\",\"description\":\"La presidenta de FORO, Cristina Coto, ha relacionado hoy los datos del paro registrado del pasado mes de enero con las estimaciones de crecimiento de PIB para 2017, efectuadas ayer por CEPREDE, ya que \\u201cmientras Asturias siga estando en la cola del crecimiento econ\\u00f3mico es imposible que los datos de paro y afiliaci\\u00f3n mejoren. No\",\"inLanguage\":\"es-ES\",\"isPartOf\":{\"@id\":\"https:\\\/\\\/www.eldigitaldeasturias.com\\\/noticias\\\/#website\"},\"breadcrumb\":{\"@id\":\"https:\\\/\\\/www.eldigitaldeasturias.com\\\/noticias\\\/cristina-coto-enero-arroja-un-desolador-dato-de-paro-en-asturias\\\/#breadcrumblist\"},\"author\":{\"@id\":\"https:\\\/\\\/www.eldigitaldeasturias.com\\\/noticias\\\/author\\\/admin\\\/#author\"},\"creator\":{\"@id\":\"https:\\\/\\\/www.eldigitaldeasturias.com\\\/noticias\\\/author\\\/admin\\\/#author\"},\"image\":{\"@type\":\"ImageObject\",\"url\":\"https:\\\/\\\/www.eldigitaldeasturias.com\\\/noticias\\\/wp-content\\\/uploads\\\/2016\\\/09\\\/COTO-FOROASTURIAS.jpg\",\"@id\":\"https:\\\/\\\/www.eldigitaldeasturias.com\\\/noticias\\\/cristina-coto-enero-arroja-un-desolador-dato-de-paro-en-asturias\\\/#mainImage\",\"width\":800,\"height\":563},\"primaryImageOfPage\":{\"@id\":\"https:\\\/\\\/www.eldigitaldeasturias.com\\\/noticias\\\/cristina-coto-enero-arroja-un-desolador-dato-de-paro-en-asturias\\\/#mainImage\"},\"datePublished\":\"2017-02-02T19:49:09+01:00\",\"dateModified\":\"2017-02-02T19:49:09+01:00\"},{\"@type\":\"WebSite\",\"@id\":\"https:\\\/\\\/www.eldigitaldeasturias.com\\\/noticias\\\/#website\",\"url\":\"https:\\\/\\\/www.eldigitaldeasturias.com\\\/noticias\\\/\",\"name\":\"El Digital de Asturias - Diario de actualidad y noticias\",\"alternateName\":\"El Digital de Asturias - Diario de actualidad y noticias\",\"description\":\"Hemeroteca\",\"inLanguage\":\"es-ES\",\"publisher\":{\"@id\":\"https:\\\/\\\/www.eldigitaldeasturias.com\\\/noticias\\\/#organization\"}}]}\n\t\t<\/script>\n\t\t<!-- All in One SEO Pro -->\r\n\t\t<title>Cristina Coto: \u201cEnero arroja un desolador dato de paro en Asturias\u00bb - El Digital de Asturias<\/title>\n\n","aioseo_head_json":{"title":"Cristina Coto: \u201cEnero arroja un desolador dato de paro en Asturias\u00bb - El Digital de Asturias","description":"La presidenta de FORO, Cristina Coto, ha relacionado hoy los datos del paro registrado del pasado mes de enero con las estimaciones de crecimiento de PIB para 2017, efectuadas ayer por CEPREDE, ya que \u201cmientras Asturias siga estando en la cola del crecimiento econ\u00f3mico es imposible que los datos de paro y afiliaci\u00f3n mejoren. No","canonical_url":"https:\/\/www.eldigitaldeasturias.com\/noticias\/cristina-coto-enero-arroja-un-desolador-dato-de-paro-en-asturias\/","robots":"max-image-preview:large","keywords":"destacadas","webmasterTools":{"google-site-verification":"UA-38556648-1","msvalidate.01":"7dfe9f3f1b24437ab69f4f2559babe99","miscellaneous":""},"schema":{"@context":"https:\/\/schema.org","@graph":[{"@type":"BlogPosting","@id":"https:\/\/www.eldigitaldeasturias.com\/noticias\/cristina-coto-enero-arroja-un-desolador-dato-de-paro-en-asturias\/#blogposting","name":"Cristina Coto: \u201cEnero arroja un desolador dato de paro en Asturias\u00bb - El Digital de Asturias","headline":"Cristina Coto: \u201cEnero arroja un desolador dato de paro en Asturias\u00bb","author":{"@id":"https:\/\/www.eldigitaldeasturias.com\/noticias\/author\/admin\/#author"},"publisher":{"@id":"https:\/\/www.eldigitaldeasturias.com\/noticias\/#organization"},"image":{"@type":"ImageObject","url":"https:\/\/www.eldigitaldeasturias.com\/noticias\/wp-content\/uploads\/2016\/09\/COTO-FOROASTURIAS.jpg","width":800,"height":563},"datePublished":"2017-02-02T19:49:09+01:00","dateModified":"2017-02-02T19:49:09+01:00","inLanguage":"es-ES","mainEntityOfPage":{"@id":"https:\/\/www.eldigitaldeasturias.com\/noticias\/cristina-coto-enero-arroja-un-desolador-dato-de-paro-en-asturias\/#webpage"},"isPartOf":{"@id":"https:\/\/www.eldigitaldeasturias.com\/noticias\/cristina-coto-enero-arroja-un-desolador-dato-de-paro-en-asturias\/#webpage"},"articleSection":"Destacadas"},{"@type":"BreadcrumbList","@id":"https:\/\/www.eldigitaldeasturias.com\/noticias\/cristina-coto-enero-arroja-un-desolador-dato-de-paro-en-asturias\/#breadcrumblist","itemListElement":[{"@type":"ListItem","@id":"https:\/\/www.eldigitaldeasturias.com\/noticias#listItem","position":1,"name":"Home","item":"https:\/\/www.eldigitaldeasturias.com\/noticias","nextItem":{"@type":"ListItem","@id":"https:\/\/www.eldigitaldeasturias.com\/noticias\/category\/destacadas\/#listItem","name":"Destacadas"}},{"@type":"ListItem","@id":"https:\/\/www.eldigitaldeasturias.com\/noticias\/category\/destacadas\/#listItem","position":2,"name":"Destacadas","item":"https:\/\/www.eldigitaldeasturias.com\/noticias\/category\/destacadas\/","nextItem":{"@type":"ListItem","@id":"https:\/\/www.eldigitaldeasturias.com\/noticias\/cristina-coto-enero-arroja-un-desolador-dato-de-paro-en-asturias\/#listItem","name":"Cristina Coto: \u201cEnero arroja un desolador dato de paro en Asturias\u00bb"},"previousItem":{"@type":"ListItem","@id":"https:\/\/www.eldigitaldeasturias.com\/noticias#listItem","name":"Home"}},{"@type":"ListItem","@id":"https:\/\/www.eldigitaldeasturias.com\/noticias\/cristina-coto-enero-arroja-un-desolador-dato-de-paro-en-asturias\/#listItem","position":3,"name":"Cristina Coto: \u201cEnero arroja un desolador dato de paro en Asturias\u00bb","previousItem":{"@type":"ListItem","@id":"https:\/\/www.eldigitaldeasturias.com\/noticias\/category\/destacadas\/#listItem","name":"Destacadas"}}]},{"@type":"Organization","@id":"https:\/\/www.eldigitaldeasturias.com\/noticias\/#organization","name":"El Digital de Asturias","description":"Hemeroteca","url":"https:\/\/www.eldigitaldeasturias.com\/noticias\/","email":"info@eldigitaldeasturias.com","telephone":"+34652131393","logo":{"@type":"ImageObject","url":"https:\/\/www.eldigitaldeasturias.com\/noticias\/wp-content\/uploads\/2020\/12\/EDA.jpg","@id":"https:\/\/www.eldigitaldeasturias.com\/noticias\/cristina-coto-enero-arroja-un-desolador-dato-de-paro-en-asturias\/#organizationLogo","width":649,"height":297},"image":{"@id":"https:\/\/www.eldigitaldeasturias.com\/noticias\/cristina-coto-enero-arroja-un-desolador-dato-de-paro-en-asturias\/#organizationLogo"},"sameAs":["https:\/\/facebook.com\/eldigitaldeasturias","https:\/\/www.youtube.com\/channel\/UCZP-2wLEB9Rv6erhFmqVnvg"],"address":{"@id":"https:\/\/www.eldigitaldeasturias.com\/noticias\/#postaladdress","@type":"PostalAddress","streetAddress":"san antonio 4,","postalCode":"33430","addressLocality":"Cand\u00e1s","addressRegion":"Asturias","addressCountry":"ES"}},{"@type":"Person","@id":"https:\/\/www.eldigitaldeasturias.com\/noticias\/author\/admin\/#author","url":"https:\/\/www.eldigitaldeasturias.com\/noticias\/author\/admin\/","name":"El Digital de Asturias","image":{"@type":"ImageObject","@id":"https:\/\/www.eldigitaldeasturias.com\/noticias\/cristina-coto-enero-arroja-un-desolador-dato-de-paro-en-asturias\/#authorImage","url":"https:\/\/www.eldigitaldeasturias.com\/noticias\/wp-content\/litespeed\/avatar\/18677e78aa0546b92d9dbf31ec7d7668.jpg?ver=1777290358","width":96,"height":96,"caption":"El Digital de Asturias"}},{"@type":"WebPage","@id":"https:\/\/www.eldigitaldeasturias.com\/noticias\/cristina-coto-enero-arroja-un-desolador-dato-de-paro-en-asturias\/#webpage","url":"https:\/\/www.eldigitaldeasturias.com\/noticias\/cristina-coto-enero-arroja-un-desolador-dato-de-paro-en-asturias\/","name":"Cristina Coto: \u201cEnero arroja un desolador dato de paro en Asturias\u00bb - El Digital de Asturias","description":"La presidenta de FORO, Cristina Coto, ha relacionado hoy los datos del paro registrado del pasado mes de enero con las estimaciones de crecimiento de PIB para 2017, efectuadas ayer por CEPREDE, ya que \u201cmientras Asturias siga estando en la cola del crecimiento econ\u00f3mico es imposible que los datos de paro y afiliaci\u00f3n mejoren. No","inLanguage":"es-ES","isPartOf":{"@id":"https:\/\/www.eldigitaldeasturias.com\/noticias\/#website"},"breadcrumb":{"@id":"https:\/\/www.eldigitaldeasturias.com\/noticias\/cristina-coto-enero-arroja-un-desolador-dato-de-paro-en-asturias\/#breadcrumblist"},"author":{"@id":"https:\/\/www.eldigitaldeasturias.com\/noticias\/author\/admin\/#author"},"creator":{"@id":"https:\/\/www.eldigitaldeasturias.com\/noticias\/author\/admin\/#author"},"image":{"@type":"ImageObject","url":"https:\/\/www.eldigitaldeasturias.com\/noticias\/wp-content\/uploads\/2016\/09\/COTO-FOROASTURIAS.jpg","@id":"https:\/\/www.eldigitaldeasturias.com\/noticias\/cristina-coto-enero-arroja-un-desolador-dato-de-paro-en-asturias\/#mainImage","width":800,"height":563},"primaryImageOfPage":{"@id":"https:\/\/www.eldigitaldeasturias.com\/noticias\/cristina-coto-enero-arroja-un-desolador-dato-de-paro-en-asturias\/#mainImage"},"datePublished":"2017-02-02T19:49:09+01:00","dateModified":"2017-02-02T19:49:09+01:00"},{"@type":"WebSite","@id":"https:\/\/www.eldigitaldeasturias.com\/noticias\/#website","url":"https:\/\/www.eldigitaldeasturias.com\/noticias\/","name":"El Digital de Asturias - Diario de actualidad y noticias","alternateName":"El Digital de Asturias - Diario de actualidad y noticias","description":"Hemeroteca","inLanguage":"es-ES","publisher":{"@id":"https:\/\/www.eldigitaldeasturias.com\/noticias\/#organization"}}]},"og:locale":"es_ES","og:site_name":"El Digital de Asturias","og:type":"article","og:title":"Cristina Coto: \u201cEnero arroja un desolador dato de paro en Asturias\u00bb - El Digital de Asturias","og:description":"La presidenta de FORO, Cristina Coto, ha relacionado hoy los datos del paro registrado del pasado mes de enero con las estimaciones de crecimiento de PIB para 2017, efectuadas ayer por CEPREDE, ya que \u201cmientras Asturias siga estando en la cola del crecimiento econ\u00f3mico es imposible que los datos de paro y afiliaci\u00f3n mejoren. No","og:url":"https:\/\/www.eldigitaldeasturias.com\/noticias\/cristina-coto-enero-arroja-un-desolador-dato-de-paro-en-asturias\/","og:image":"https:\/\/www.eldigitaldeasturias.com\/noticias\/wp-content\/uploads\/2016\/09\/COTO-FOROASTURIAS.jpg","og:image:secure_url":"https:\/\/www.eldigitaldeasturias.com\/noticias\/wp-content\/uploads\/2016\/09\/COTO-FOROASTURIAS.jpg","og:image:width":800,"og:image:height":563,"article:tag":["destacadas"],"article:published_time":"2017-02-02T19:49:09+00:00","article:modified_time":"2017-02-02T19:49:09+00:00","article:publisher":"https:\/\/facebook.com\/eldigitaldeasturias","twitter:card":"summary_large_image","twitter:title":"Cristina Coto: \u201cEnero arroja un desolador dato de paro en Asturias\u00bb - El Digital de Asturias","twitter:description":"La presidenta de FORO, Cristina Coto, ha relacionado hoy los datos del paro registrado del pasado mes de enero con las estimaciones de crecimiento de PIB para 2017, efectuadas ayer por CEPREDE, ya que \u201cmientras Asturias siga estando en la cola del crecimiento econ\u00f3mico es imposible que los datos de paro y afiliaci\u00f3n mejoren. No","twitter:image":"https:\/\/www.eldigitaldeasturias.com\/noticias\/wp-content\/uploads\/2016\/09\/COTO-FOROASTURIAS.jpg","twitter:label1":"Escrito por","twitter:data1":"El Digital de Asturias","twitter:label2":"Tiempo de lectura estimado","twitter:data2":"3 minutos"},"aioseo_meta_data":{"post_id":"924712","title":null,"description":null,"keywords":null,"keyphrases":null,"primary_term":null,"canonical_url":null,"og_title":null,"og_description":null,"og_object_type":"default","og_image_type":"default","og_image_url":null,"og_image_width":null,"og_image_height":null,"og_image_custom_url":null,"og_image_custom_fields":null,"og_video":null,"og_custom_url":null,"og_article_section":null,"og_article_tags":null,"twitter_use_og":false,"twitter_card":"default","twitter_image_type":"default","twitter_image_url":null,"twitter_image_custom_url":null,"twitter_image_custom_fields":null,"twitter_title":null,"twitter_description":null,"schema":{"blockGraphs":[],"customGraphs":[],"default":{"data":{"Article":[],"Course":[],"Dataset":[],"FAQPage":[],"Movie":[],"Person":[],"Product":[],"ProductReview":[],"Car":[],"Recipe":[],"Service":[],"SoftwareApplication":[],"WebPage":[]},"graphName":"","isEnabled":true},"graphs":[],"defaultGraph":"","defaultPostTypeGraph":""},"schema_type":null,"schema_type_options":null,"pillar_content":false,"robots_default":true,"robots_noindex":false,"robots_noarchive":false,"robots_nosnippet":false,"robots_nofollow":false,"robots_noimageindex":false,"robots_noodp":false,"robots_notranslate":false,"robots_max_snippet":null,"robots_max_videopreview":null,"robots_max_imagepreview":"large","priority":null,"frequency":null,"local_seo":null,"seo_analyzer_scan_date":"2025-12-03 01:02:13","breadcrumb_settings":null,"limit_modified_date":false,"open_ai":null,"ai":null,"created":"2020-12-21 13:40:18","updated":"2025-12-03 01:02:13"},"aioseo_breadcrumb":"<div class=\"aioseo-breadcrumbs\"><span class=\"aioseo-breadcrumb\">\n\t<a href=\"https:\/\/www.eldigitaldeasturias.com\/noticias\" title=\"Home\">Home<\/a>\n<\/span><span class=\"aioseo-breadcrumb-separator\">\u2013<\/span><span class=\"aioseo-breadcrumb\">\n\t<a href=\"https:\/\/www.eldigitaldeasturias.com\/noticias\/category\/destacadas\/\" title=\"Destacadas\">Destacadas<\/a>\n<\/span><span class=\"aioseo-breadcrumb-separator\">\u2013<\/span><span class=\"aioseo-breadcrumb\">\n\t<a href=\"https:\/\/www.eldigitaldeasturias.com\/noticias\/cristina-coto-enero-arroja-un-desolador-dato-de-paro-en-asturias\/\" title=\"Cristina Coto: \u201cEnero arroja un desolador dato de paro en Asturias\u00bb\">Cristina Coto: \u201cEnero arroja un desolador dato de paro en Asturias\u00bb<\/a>\n<\/span><\/div>","aioseo_breadcrumb_json":[{"label":"Home","link":"https:\/\/www.eldigitaldeasturias.com\/noticias"},{"label":"Destacadas","link":"https:\/\/www.eldigitaldeasturias.com\/noticias\/category\/destacadas\/"},{"label":"Cristina Coto: \u201cEnero arroja un desolador dato de paro en Asturias\u00bb","link":"https:\/\/www.eldigitaldeasturias.com\/noticias\/cristina-coto-enero-arroja-un-desolador-dato-de-paro-en-asturias\/"}],"_links":{"self":[{"href":"https:\/\/www.eldigitaldeasturias.com\/noticias\/wp-json\/wp\/v2\/posts\/924712","targetHints":{"allow":["GET"]}}],"collection":[{"href":"https:\/\/www.eldigitaldeasturias.com\/noticias\/wp-json\/wp\/v2\/posts"}],"about":[{"href":"https:\/\/www.eldigitaldeasturias.com\/noticias\/wp-json\/wp\/v2\/types\/post"}],"author":[{"embeddable":true,"href":"https:\/\/www.eldigitaldeasturias.com\/noticias\/wp-json\/wp\/v2\/users\/1"}],"replies":[{"embeddable":true,"href":"https:\/\/www.eldigitaldeasturias.com\/noticias\/wp-json\/wp\/v2\/comments?post=924712"}],"version-history":[{"count":0,"href":"https:\/\/www.eldigitaldeasturias.com\/noticias\/wp-json\/wp\/v2\/posts\/924712\/revisions"}],"wp:featuredmedia":[{"embeddable":true,"href":"https:\/\/www.eldigitaldeasturias.com\/noticias\/wp-json\/wp\/v2\/media\/909336"}],"wp:attachment":[{"href":"https:\/\/www.eldigitaldeasturias.com\/noticias\/wp-json\/wp\/v2\/media?parent=924712"}],"wp:term":[{"taxonomy":"category","embeddable":true,"href":"https:\/\/www.eldigitaldeasturias.com\/noticias\/wp-json\/wp\/v2\/categories?post=924712"},{"taxonomy":"post_tag","embeddable":true,"href":"https:\/\/www.eldigitaldeasturias.com\/noticias\/wp-json\/wp\/v2\/tags?post=924712"}],"curies":[{"name":"wp","href":"https:\/\/api.w.org\/{rel}","templated":true}]}}