{"id":924619,"date":"2017-02-02T13:27:47","date_gmt":"2017-02-02T13:27:47","guid":{"rendered":"http:\/\/www.eldigitaldeasturias.com\/noticias\/?p=924619"},"modified":"2017-02-02T13:28:30","modified_gmt":"2017-02-02T13:28:30","slug":"el-paro-registrado-sube-en-enero-de-2017-en-espana-en-57-257-personas","status":"publish","type":"post","link":"https:\/\/www.eldigitaldeasturias.com\/noticias\/el-paro-registrado-sube-en-enero-de-2017-en-espana-en-57-257-personas\/","title":{"rendered":"El paro sube en enero en Espa\u00f1a"},"content":{"rendered":"<p><img loading=\"lazy\" decoding=\"async\" class=\"alignleft size-medium wp-image-924620\" src=\"https:\/\/www.eldigitaldeasturias.com\/noticias\/wp-content\/uploads\/2017\/02\/090816Autonomo-360x239.jpg\" alt=\"\" width=\"360\" height=\"239\" srcset=\"https:\/\/www.eldigitaldeasturias.com\/noticias\/wp-content\/uploads\/2017\/02\/090816Autonomo-360x239.jpg 360w, https:\/\/www.eldigitaldeasturias.com\/noticias\/wp-content\/uploads\/2017\/02\/090816Autonomo-84x55.jpg 84w, https:\/\/www.eldigitaldeasturias.com\/noticias\/wp-content\/uploads\/2017\/02\/090816Autonomo-49x32.jpg 49w, https:\/\/www.eldigitaldeasturias.com\/noticias\/wp-content\/uploads\/2017\/02\/090816Autonomo.jpg 496w\" sizes=\"auto, (max-width: 360px) 100vw, 360px\" \/>\u200bEl n\u00famero de parados registrados en las oficinas de los Servicios P\u00fablicos de Empleo ha subido en enero en 57.257 personas en relaci\u00f3n con el mes anterior.<\/p>\n<p>En todos los meses de enero de la serie hist\u00f3rica el paro registrado ha crecido. En los \u00faltimos 8 a\u00f1os el desempleo ha aumentado en enero, por t\u00e9rmino medio, en 126.563 personas.<\/p>\n<p>De esta forma, la cifra total de parados registrados se sit\u00faa en 3.760.231 personas y contin\u00faa en los niveles m\u00e1s bajos de los \u00faltimos 7 a\u00f1os.<\/p>\n<p>En t\u00e9rminos desestacionalizados el paro baja en el mes de enero en 33.524 personas.<\/p>\n<p>Respecto a enero de 2016 el desempleo se ha reducido en 390.524 personas, el mayor descenso registrado en un mes de enero de toda la serie hist\u00f3rica. El ritmo de reducci\u00f3n interanual del paro registrado se sit\u00faa en el 9,41%, el m\u00e1s intenso en un mes de enero desde el a\u00f1o 1.999.<\/p>\n<p>El desempleo entre los j\u00f3venes menores de 25 a\u00f1os ha disminuido en los \u00faltimos doce meses un 12,3%, por encima de la media general que se sit\u00faa en un 9,41%.<\/p>\n<p>Por sectores econ\u00f3micos de procedencia de los trabajadores, el paro registrado disminuye en industria 1.103 (-0,32%), en construcci\u00f3n 7.833 (-2,08%) y en el colectivo sin empleo anterior 4.838 (-1,54%). Por el contrario, sube en agricultura 4.102 (2,42%) y en servicios 66.929 (2,68%).<\/p>\n<p>El paro registrado baja en Baleares (-192). Sube, en cambio, en las 16 comunidades restantes, principalmente en Madrid (9.667), Andaluc\u00eda (9.417) y la Comunidad Valenciana (6.845).<\/p>\n<p><strong>Aumenta la contrataci\u00f3n indefinida<\/strong><\/p>\n<p>El n\u00famero de contratos registrados durante el mes de enero ha sido de 1.633.592, el mayor n\u00famero de toda la serie hist\u00f3rica en un mes de enero de los \u00faltimos 11 a\u00f1os. Supone una subida de 236.663 (16,94%) respecto al mismo mes del a\u00f1o 2016.<\/p>\n<p>En enero de 2017 se han registrado 150.162 contratos de car\u00e1cter indefinido, representa un incremento de 24.550 (19,54%) sobre igual mes del ejercicio anterior.<\/p>\n<p>&nbsp;<\/p>\n","protected":false},"excerpt":{"rendered":"<p>\u200bEl n\u00famero de parados registrados en las oficinas de los Servicios P\u00fablicos de Empleo ha subido en enero en 57.257 personas en relaci\u00f3n con el mes anterior. En todos los meses de enero de la serie hist\u00f3rica el paro registrado ha crecido. En los \u00faltimos 8 a\u00f1os el desempleo ha aumentado en enero, por t\u00e9rmino [&hellip;]<\/p>\n","protected":false},"author":1,"featured_media":765818,"comment_status":"closed","ping_status":"closed","sticky":false,"template":"","format":"standard","meta":{"footnotes":""},"categories":[141],"tags":[],"class_list":["post-924619","post","type-post","status-publish","format-standard","has-post-thumbnail","hentry","category-destacadas"],"aioseo_notices":[],"aioseo_head":"\n\t\t<!-- All in One SEO Pro 4.9.6.2 - aioseo.com -->\n\t<meta name=\"description\" content=\"\u200bEl n\u00famero de parados registrados en las oficinas de los Servicios P\u00fablicos de Empleo ha subido en enero en 57.257 personas en relaci\u00f3n con el mes anterior. En todos los meses de enero de la serie hist\u00f3rica el paro registrado ha crecido. En los \u00faltimos 8 a\u00f1os el desempleo ha aumentado en enero, por t\u00e9rmino\" \/>\n\t<meta name=\"robots\" content=\"max-image-preview:large\" \/>\n\t<meta name=\"author\" content=\"El Digital de Asturias\"\/>\n\t<meta name=\"google-site-verification\" content=\"UA-38556648-1\" \/>\n\t<meta name=\"msvalidate.01\" content=\"7dfe9f3f1b24437ab69f4f2559babe99\" \/>\n\t<meta name=\"keywords\" content=\"destacadas\" \/>\n\t<link rel=\"canonical\" href=\"https:\/\/www.eldigitaldeasturias.com\/noticias\/el-paro-registrado-sube-en-enero-de-2017-en-espana-en-57-257-personas\/\" \/>\n\t<meta name=\"generator\" content=\"All in One SEO Pro (AIOSEO) 4.9.6.2\" \/>\n\t\t<meta property=\"og:locale\" content=\"es_ES\" \/>\n\t\t<meta property=\"og:site_name\" content=\"El Digital de Asturias\" \/>\n\t\t<meta property=\"og:type\" content=\"article\" \/>\n\t\t<meta property=\"og:title\" content=\"El paro sube en enero en Espa\u00f1a - El Digital de Asturias\" \/>\n\t\t<meta property=\"og:description\" content=\"\u200bEl n\u00famero de parados registrados en las oficinas de los Servicios P\u00fablicos de Empleo ha subido en enero en 57.257 personas en relaci\u00f3n con el mes anterior. En todos los meses de enero de la serie hist\u00f3rica el paro registrado ha crecido. En los \u00faltimos 8 a\u00f1os el desempleo ha aumentado en enero, por t\u00e9rmino\" \/>\n\t\t<meta property=\"og:url\" content=\"https:\/\/www.eldigitaldeasturias.com\/noticias\/el-paro-registrado-sube-en-enero-de-2017-en-espana-en-57-257-personas\/\" \/>\n\t\t<meta property=\"og:image\" content=\"https:\/\/www.eldigitaldeasturias.com\/noticias\/wp-content\/uploads\/2015\/01\/paro.jpg\" \/>\n\t\t<meta property=\"og:image:secure_url\" content=\"https:\/\/www.eldigitaldeasturias.com\/noticias\/wp-content\/uploads\/2015\/01\/paro.jpg\" \/>\n\t\t<meta property=\"og:image:width\" content=\"800\" \/>\n\t\t<meta property=\"og:image:height\" content=\"533\" \/>\n\t\t<meta property=\"article:tag\" content=\"destacadas\" \/>\n\t\t<meta property=\"article:published_time\" content=\"2017-02-02T13:27:47+00:00\" \/>\n\t\t<meta property=\"article:modified_time\" content=\"2017-02-02T13:28:30+00:00\" \/>\n\t\t<meta property=\"article:publisher\" content=\"https:\/\/facebook.com\/eldigitaldeasturias\" \/>\n\t\t<meta name=\"twitter:card\" content=\"summary_large_image\" \/>\n\t\t<meta name=\"twitter:title\" content=\"El paro sube en enero en Espa\u00f1a - El Digital de Asturias\" \/>\n\t\t<meta name=\"twitter:description\" content=\"\u200bEl n\u00famero de parados registrados en las oficinas de los Servicios P\u00fablicos de Empleo ha subido en enero en 57.257 personas en relaci\u00f3n con el mes anterior. En todos los meses de enero de la serie hist\u00f3rica el paro registrado ha crecido. En los \u00faltimos 8 a\u00f1os el desempleo ha aumentado en enero, por t\u00e9rmino\" \/>\n\t\t<meta name=\"twitter:image\" content=\"https:\/\/www.eldigitaldeasturias.com\/noticias\/wp-content\/uploads\/2015\/01\/paro.jpg\" \/>\n\t\t<meta name=\"twitter:label1\" content=\"Escrito por\" \/>\n\t\t<meta name=\"twitter:data1\" content=\"El Digital de Asturias\" \/>\n\t\t<meta name=\"twitter:label2\" content=\"Tiempo de lectura estimado\" \/>\n\t\t<meta name=\"twitter:data2\" content=\"2 minutos\" \/>\n\t\t<script type=\"application\/ld+json\" class=\"aioseo-schema\">\n\t\t\t{\"@context\":\"https:\\\/\\\/schema.org\",\"@graph\":[{\"@type\":\"BlogPosting\",\"@id\":\"https:\\\/\\\/www.eldigitaldeasturias.com\\\/noticias\\\/el-paro-registrado-sube-en-enero-de-2017-en-espana-en-57-257-personas\\\/#blogposting\",\"name\":\"El paro sube en enero en Espa\\u00f1a - El Digital de Asturias\",\"headline\":\"El paro sube en enero en Espa\\u00f1a\",\"author\":{\"@id\":\"https:\\\/\\\/www.eldigitaldeasturias.com\\\/noticias\\\/author\\\/admin\\\/#author\"},\"publisher\":{\"@id\":\"https:\\\/\\\/www.eldigitaldeasturias.com\\\/noticias\\\/#organization\"},\"image\":{\"@type\":\"ImageObject\",\"url\":\"https:\\\/\\\/www.eldigitaldeasturias.com\\\/noticias\\\/wp-content\\\/uploads\\\/2015\\\/01\\\/paro.jpg\",\"width\":800,\"height\":533},\"datePublished\":\"2017-02-02T13:27:47+01:00\",\"dateModified\":\"2017-02-02T13:28:30+01:00\",\"inLanguage\":\"es-ES\",\"mainEntityOfPage\":{\"@id\":\"https:\\\/\\\/www.eldigitaldeasturias.com\\\/noticias\\\/el-paro-registrado-sube-en-enero-de-2017-en-espana-en-57-257-personas\\\/#webpage\"},\"isPartOf\":{\"@id\":\"https:\\\/\\\/www.eldigitaldeasturias.com\\\/noticias\\\/el-paro-registrado-sube-en-enero-de-2017-en-espana-en-57-257-personas\\\/#webpage\"},\"articleSection\":\"Destacadas\"},{\"@type\":\"BreadcrumbList\",\"@id\":\"https:\\\/\\\/www.eldigitaldeasturias.com\\\/noticias\\\/el-paro-registrado-sube-en-enero-de-2017-en-espana-en-57-257-personas\\\/#breadcrumblist\",\"itemListElement\":[{\"@type\":\"ListItem\",\"@id\":\"https:\\\/\\\/www.eldigitaldeasturias.com\\\/noticias#listItem\",\"position\":1,\"name\":\"Home\",\"item\":\"https:\\\/\\\/www.eldigitaldeasturias.com\\\/noticias\",\"nextItem\":{\"@type\":\"ListItem\",\"@id\":\"https:\\\/\\\/www.eldigitaldeasturias.com\\\/noticias\\\/category\\\/destacadas\\\/#listItem\",\"name\":\"Destacadas\"}},{\"@type\":\"ListItem\",\"@id\":\"https:\\\/\\\/www.eldigitaldeasturias.com\\\/noticias\\\/category\\\/destacadas\\\/#listItem\",\"position\":2,\"name\":\"Destacadas\",\"item\":\"https:\\\/\\\/www.eldigitaldeasturias.com\\\/noticias\\\/category\\\/destacadas\\\/\",\"nextItem\":{\"@type\":\"ListItem\",\"@id\":\"https:\\\/\\\/www.eldigitaldeasturias.com\\\/noticias\\\/el-paro-registrado-sube-en-enero-de-2017-en-espana-en-57-257-personas\\\/#listItem\",\"name\":\"El paro sube en enero en Espa\\u00f1a\"},\"previousItem\":{\"@type\":\"ListItem\",\"@id\":\"https:\\\/\\\/www.eldigitaldeasturias.com\\\/noticias#listItem\",\"name\":\"Home\"}},{\"@type\":\"ListItem\",\"@id\":\"https:\\\/\\\/www.eldigitaldeasturias.com\\\/noticias\\\/el-paro-registrado-sube-en-enero-de-2017-en-espana-en-57-257-personas\\\/#listItem\",\"position\":3,\"name\":\"El paro sube en enero en Espa\\u00f1a\",\"previousItem\":{\"@type\":\"ListItem\",\"@id\":\"https:\\\/\\\/www.eldigitaldeasturias.com\\\/noticias\\\/category\\\/destacadas\\\/#listItem\",\"name\":\"Destacadas\"}}]},{\"@type\":\"Organization\",\"@id\":\"https:\\\/\\\/www.eldigitaldeasturias.com\\\/noticias\\\/#organization\",\"name\":\"El Digital de Asturias\",\"description\":\"Hemeroteca\",\"url\":\"https:\\\/\\\/www.eldigitaldeasturias.com\\\/noticias\\\/\",\"email\":\"info@eldigitaldeasturias.com\",\"telephone\":\"+34652131393\",\"logo\":{\"@type\":\"ImageObject\",\"url\":\"https:\\\/\\\/www.eldigitaldeasturias.com\\\/noticias\\\/wp-content\\\/uploads\\\/2020\\\/12\\\/EDA.jpg\",\"@id\":\"https:\\\/\\\/www.eldigitaldeasturias.com\\\/noticias\\\/el-paro-registrado-sube-en-enero-de-2017-en-espana-en-57-257-personas\\\/#organizationLogo\",\"width\":649,\"height\":297},\"image\":{\"@id\":\"https:\\\/\\\/www.eldigitaldeasturias.com\\\/noticias\\\/el-paro-registrado-sube-en-enero-de-2017-en-espana-en-57-257-personas\\\/#organizationLogo\"},\"sameAs\":[\"https:\\\/\\\/facebook.com\\\/eldigitaldeasturias\",\"https:\\\/\\\/www.youtube.com\\\/channel\\\/UCZP-2wLEB9Rv6erhFmqVnvg\"],\"address\":{\"@id\":\"https:\\\/\\\/www.eldigitaldeasturias.com\\\/noticias\\\/#postaladdress\",\"@type\":\"PostalAddress\",\"streetAddress\":\"san antonio 4,\",\"postalCode\":\"33430\",\"addressLocality\":\"Cand\\u00e1s\",\"addressRegion\":\"Asturias\",\"addressCountry\":\"ES\"}},{\"@type\":\"Person\",\"@id\":\"https:\\\/\\\/www.eldigitaldeasturias.com\\\/noticias\\\/author\\\/admin\\\/#author\",\"url\":\"https:\\\/\\\/www.eldigitaldeasturias.com\\\/noticias\\\/author\\\/admin\\\/\",\"name\":\"El Digital de Asturias\",\"image\":{\"@type\":\"ImageObject\",\"@id\":\"https:\\\/\\\/www.eldigitaldeasturias.com\\\/noticias\\\/el-paro-registrado-sube-en-enero-de-2017-en-espana-en-57-257-personas\\\/#authorImage\",\"url\":\"https:\\\/\\\/www.eldigitaldeasturias.com\\\/noticias\\\/wp-content\\\/litespeed\\\/avatar\\\/18677e78aa0546b92d9dbf31ec7d7668.jpg?ver=1777290358\",\"width\":96,\"height\":96,\"caption\":\"El Digital de Asturias\"}},{\"@type\":\"WebPage\",\"@id\":\"https:\\\/\\\/www.eldigitaldeasturias.com\\\/noticias\\\/el-paro-registrado-sube-en-enero-de-2017-en-espana-en-57-257-personas\\\/#webpage\",\"url\":\"https:\\\/\\\/www.eldigitaldeasturias.com\\\/noticias\\\/el-paro-registrado-sube-en-enero-de-2017-en-espana-en-57-257-personas\\\/\",\"name\":\"El paro sube en enero en Espa\\u00f1a - El Digital de Asturias\",\"description\":\"\\u200bEl n\\u00famero de parados registrados en las oficinas de los Servicios P\\u00fablicos de Empleo ha subido en enero en 57.257 personas en relaci\\u00f3n con el mes anterior. En todos los meses de enero de la serie hist\\u00f3rica el paro registrado ha crecido. En los \\u00faltimos 8 a\\u00f1os el desempleo ha aumentado en enero, por t\\u00e9rmino\",\"inLanguage\":\"es-ES\",\"isPartOf\":{\"@id\":\"https:\\\/\\\/www.eldigitaldeasturias.com\\\/noticias\\\/#website\"},\"breadcrumb\":{\"@id\":\"https:\\\/\\\/www.eldigitaldeasturias.com\\\/noticias\\\/el-paro-registrado-sube-en-enero-de-2017-en-espana-en-57-257-personas\\\/#breadcrumblist\"},\"author\":{\"@id\":\"https:\\\/\\\/www.eldigitaldeasturias.com\\\/noticias\\\/author\\\/admin\\\/#author\"},\"creator\":{\"@id\":\"https:\\\/\\\/www.eldigitaldeasturias.com\\\/noticias\\\/author\\\/admin\\\/#author\"},\"image\":{\"@type\":\"ImageObject\",\"url\":\"https:\\\/\\\/www.eldigitaldeasturias.com\\\/noticias\\\/wp-content\\\/uploads\\\/2015\\\/01\\\/paro.jpg\",\"@id\":\"https:\\\/\\\/www.eldigitaldeasturias.com\\\/noticias\\\/el-paro-registrado-sube-en-enero-de-2017-en-espana-en-57-257-personas\\\/#mainImage\",\"width\":800,\"height\":533},\"primaryImageOfPage\":{\"@id\":\"https:\\\/\\\/www.eldigitaldeasturias.com\\\/noticias\\\/el-paro-registrado-sube-en-enero-de-2017-en-espana-en-57-257-personas\\\/#mainImage\"},\"datePublished\":\"2017-02-02T13:27:47+01:00\",\"dateModified\":\"2017-02-02T13:28:30+01:00\"},{\"@type\":\"WebSite\",\"@id\":\"https:\\\/\\\/www.eldigitaldeasturias.com\\\/noticias\\\/#website\",\"url\":\"https:\\\/\\\/www.eldigitaldeasturias.com\\\/noticias\\\/\",\"name\":\"El Digital de Asturias - Diario de actualidad y noticias\",\"alternateName\":\"El Digital de Asturias - Diario de actualidad y noticias\",\"description\":\"Hemeroteca\",\"inLanguage\":\"es-ES\",\"publisher\":{\"@id\":\"https:\\\/\\\/www.eldigitaldeasturias.com\\\/noticias\\\/#organization\"}}]}\n\t\t<\/script>\n\t\t<!-- All in One SEO Pro -->\r\n\t\t<title>El paro sube en enero en Espa\u00f1a - El Digital de Asturias<\/title>\n\n","aioseo_head_json":{"title":"El paro sube en enero en Espa\u00f1a - El Digital de Asturias","description":"\u200bEl n\u00famero de parados registrados en las oficinas de los Servicios P\u00fablicos de Empleo ha subido en enero en 57.257 personas en relaci\u00f3n con el mes anterior. En todos los meses de enero de la serie hist\u00f3rica el paro registrado ha crecido. En los \u00faltimos 8 a\u00f1os el desempleo ha aumentado en enero, por t\u00e9rmino","canonical_url":"https:\/\/www.eldigitaldeasturias.com\/noticias\/el-paro-registrado-sube-en-enero-de-2017-en-espana-en-57-257-personas\/","robots":"max-image-preview:large","keywords":"destacadas","webmasterTools":{"google-site-verification":"UA-38556648-1","msvalidate.01":"7dfe9f3f1b24437ab69f4f2559babe99","miscellaneous":""},"schema":{"@context":"https:\/\/schema.org","@graph":[{"@type":"BlogPosting","@id":"https:\/\/www.eldigitaldeasturias.com\/noticias\/el-paro-registrado-sube-en-enero-de-2017-en-espana-en-57-257-personas\/#blogposting","name":"El paro sube en enero en Espa\u00f1a - El Digital de Asturias","headline":"El paro sube en enero en Espa\u00f1a","author":{"@id":"https:\/\/www.eldigitaldeasturias.com\/noticias\/author\/admin\/#author"},"publisher":{"@id":"https:\/\/www.eldigitaldeasturias.com\/noticias\/#organization"},"image":{"@type":"ImageObject","url":"https:\/\/www.eldigitaldeasturias.com\/noticias\/wp-content\/uploads\/2015\/01\/paro.jpg","width":800,"height":533},"datePublished":"2017-02-02T13:27:47+01:00","dateModified":"2017-02-02T13:28:30+01:00","inLanguage":"es-ES","mainEntityOfPage":{"@id":"https:\/\/www.eldigitaldeasturias.com\/noticias\/el-paro-registrado-sube-en-enero-de-2017-en-espana-en-57-257-personas\/#webpage"},"isPartOf":{"@id":"https:\/\/www.eldigitaldeasturias.com\/noticias\/el-paro-registrado-sube-en-enero-de-2017-en-espana-en-57-257-personas\/#webpage"},"articleSection":"Destacadas"},{"@type":"BreadcrumbList","@id":"https:\/\/www.eldigitaldeasturias.com\/noticias\/el-paro-registrado-sube-en-enero-de-2017-en-espana-en-57-257-personas\/#breadcrumblist","itemListElement":[{"@type":"ListItem","@id":"https:\/\/www.eldigitaldeasturias.com\/noticias#listItem","position":1,"name":"Home","item":"https:\/\/www.eldigitaldeasturias.com\/noticias","nextItem":{"@type":"ListItem","@id":"https:\/\/www.eldigitaldeasturias.com\/noticias\/category\/destacadas\/#listItem","name":"Destacadas"}},{"@type":"ListItem","@id":"https:\/\/www.eldigitaldeasturias.com\/noticias\/category\/destacadas\/#listItem","position":2,"name":"Destacadas","item":"https:\/\/www.eldigitaldeasturias.com\/noticias\/category\/destacadas\/","nextItem":{"@type":"ListItem","@id":"https:\/\/www.eldigitaldeasturias.com\/noticias\/el-paro-registrado-sube-en-enero-de-2017-en-espana-en-57-257-personas\/#listItem","name":"El paro sube en enero en Espa\u00f1a"},"previousItem":{"@type":"ListItem","@id":"https:\/\/www.eldigitaldeasturias.com\/noticias#listItem","name":"Home"}},{"@type":"ListItem","@id":"https:\/\/www.eldigitaldeasturias.com\/noticias\/el-paro-registrado-sube-en-enero-de-2017-en-espana-en-57-257-personas\/#listItem","position":3,"name":"El paro sube en enero en Espa\u00f1a","previousItem":{"@type":"ListItem","@id":"https:\/\/www.eldigitaldeasturias.com\/noticias\/category\/destacadas\/#listItem","name":"Destacadas"}}]},{"@type":"Organization","@id":"https:\/\/www.eldigitaldeasturias.com\/noticias\/#organization","name":"El Digital de Asturias","description":"Hemeroteca","url":"https:\/\/www.eldigitaldeasturias.com\/noticias\/","email":"info@eldigitaldeasturias.com","telephone":"+34652131393","logo":{"@type":"ImageObject","url":"https:\/\/www.eldigitaldeasturias.com\/noticias\/wp-content\/uploads\/2020\/12\/EDA.jpg","@id":"https:\/\/www.eldigitaldeasturias.com\/noticias\/el-paro-registrado-sube-en-enero-de-2017-en-espana-en-57-257-personas\/#organizationLogo","width":649,"height":297},"image":{"@id":"https:\/\/www.eldigitaldeasturias.com\/noticias\/el-paro-registrado-sube-en-enero-de-2017-en-espana-en-57-257-personas\/#organizationLogo"},"sameAs":["https:\/\/facebook.com\/eldigitaldeasturias","https:\/\/www.youtube.com\/channel\/UCZP-2wLEB9Rv6erhFmqVnvg"],"address":{"@id":"https:\/\/www.eldigitaldeasturias.com\/noticias\/#postaladdress","@type":"PostalAddress","streetAddress":"san antonio 4,","postalCode":"33430","addressLocality":"Cand\u00e1s","addressRegion":"Asturias","addressCountry":"ES"}},{"@type":"Person","@id":"https:\/\/www.eldigitaldeasturias.com\/noticias\/author\/admin\/#author","url":"https:\/\/www.eldigitaldeasturias.com\/noticias\/author\/admin\/","name":"El Digital de Asturias","image":{"@type":"ImageObject","@id":"https:\/\/www.eldigitaldeasturias.com\/noticias\/el-paro-registrado-sube-en-enero-de-2017-en-espana-en-57-257-personas\/#authorImage","url":"https:\/\/www.eldigitaldeasturias.com\/noticias\/wp-content\/litespeed\/avatar\/18677e78aa0546b92d9dbf31ec7d7668.jpg?ver=1777290358","width":96,"height":96,"caption":"El Digital de Asturias"}},{"@type":"WebPage","@id":"https:\/\/www.eldigitaldeasturias.com\/noticias\/el-paro-registrado-sube-en-enero-de-2017-en-espana-en-57-257-personas\/#webpage","url":"https:\/\/www.eldigitaldeasturias.com\/noticias\/el-paro-registrado-sube-en-enero-de-2017-en-espana-en-57-257-personas\/","name":"El paro sube en enero en Espa\u00f1a - El Digital de Asturias","description":"\u200bEl n\u00famero de parados registrados en las oficinas de los Servicios P\u00fablicos de Empleo ha subido en enero en 57.257 personas en relaci\u00f3n con el mes anterior. En todos los meses de enero de la serie hist\u00f3rica el paro registrado ha crecido. En los \u00faltimos 8 a\u00f1os el desempleo ha aumentado en enero, por t\u00e9rmino","inLanguage":"es-ES","isPartOf":{"@id":"https:\/\/www.eldigitaldeasturias.com\/noticias\/#website"},"breadcrumb":{"@id":"https:\/\/www.eldigitaldeasturias.com\/noticias\/el-paro-registrado-sube-en-enero-de-2017-en-espana-en-57-257-personas\/#breadcrumblist"},"author":{"@id":"https:\/\/www.eldigitaldeasturias.com\/noticias\/author\/admin\/#author"},"creator":{"@id":"https:\/\/www.eldigitaldeasturias.com\/noticias\/author\/admin\/#author"},"image":{"@type":"ImageObject","url":"https:\/\/www.eldigitaldeasturias.com\/noticias\/wp-content\/uploads\/2015\/01\/paro.jpg","@id":"https:\/\/www.eldigitaldeasturias.com\/noticias\/el-paro-registrado-sube-en-enero-de-2017-en-espana-en-57-257-personas\/#mainImage","width":800,"height":533},"primaryImageOfPage":{"@id":"https:\/\/www.eldigitaldeasturias.com\/noticias\/el-paro-registrado-sube-en-enero-de-2017-en-espana-en-57-257-personas\/#mainImage"},"datePublished":"2017-02-02T13:27:47+01:00","dateModified":"2017-02-02T13:28:30+01:00"},{"@type":"WebSite","@id":"https:\/\/www.eldigitaldeasturias.com\/noticias\/#website","url":"https:\/\/www.eldigitaldeasturias.com\/noticias\/","name":"El Digital de Asturias - Diario de actualidad y noticias","alternateName":"El Digital de Asturias - Diario de actualidad y noticias","description":"Hemeroteca","inLanguage":"es-ES","publisher":{"@id":"https:\/\/www.eldigitaldeasturias.com\/noticias\/#organization"}}]},"og:locale":"es_ES","og:site_name":"El Digital de Asturias","og:type":"article","og:title":"El paro sube en enero en Espa\u00f1a - El Digital de Asturias","og:description":"\u200bEl n\u00famero de parados registrados en las oficinas de los Servicios P\u00fablicos de Empleo ha subido en enero en 57.257 personas en relaci\u00f3n con el mes anterior. En todos los meses de enero de la serie hist\u00f3rica el paro registrado ha crecido. En los \u00faltimos 8 a\u00f1os el desempleo ha aumentado en enero, por t\u00e9rmino","og:url":"https:\/\/www.eldigitaldeasturias.com\/noticias\/el-paro-registrado-sube-en-enero-de-2017-en-espana-en-57-257-personas\/","og:image":"https:\/\/www.eldigitaldeasturias.com\/noticias\/wp-content\/uploads\/2015\/01\/paro.jpg","og:image:secure_url":"https:\/\/www.eldigitaldeasturias.com\/noticias\/wp-content\/uploads\/2015\/01\/paro.jpg","og:image:width":800,"og:image:height":533,"article:tag":["destacadas"],"article:published_time":"2017-02-02T13:27:47+00:00","article:modified_time":"2017-02-02T13:28:30+00:00","article:publisher":"https:\/\/facebook.com\/eldigitaldeasturias","twitter:card":"summary_large_image","twitter:title":"El paro sube en enero en Espa\u00f1a - El Digital de Asturias","twitter:description":"\u200bEl n\u00famero de parados registrados en las oficinas de los Servicios P\u00fablicos de Empleo ha subido en enero en 57.257 personas en relaci\u00f3n con el mes anterior. En todos los meses de enero de la serie hist\u00f3rica el paro registrado ha crecido. En los \u00faltimos 8 a\u00f1os el desempleo ha aumentado en enero, por t\u00e9rmino","twitter:image":"https:\/\/www.eldigitaldeasturias.com\/noticias\/wp-content\/uploads\/2015\/01\/paro.jpg","twitter:label1":"Escrito por","twitter:data1":"El Digital de Asturias","twitter:label2":"Tiempo de lectura estimado","twitter:data2":"2 minutos"},"aioseo_meta_data":{"post_id":"924619","title":null,"description":null,"keywords":null,"keyphrases":null,"primary_term":null,"canonical_url":null,"og_title":null,"og_description":null,"og_object_type":"default","og_image_type":"default","og_image_url":null,"og_image_width":null,"og_image_height":null,"og_image_custom_url":null,"og_image_custom_fields":null,"og_video":null,"og_custom_url":null,"og_article_section":null,"og_article_tags":null,"twitter_use_og":false,"twitter_card":"default","twitter_image_type":"default","twitter_image_url":null,"twitter_image_custom_url":null,"twitter_image_custom_fields":null,"twitter_title":null,"twitter_description":null,"schema":{"blockGraphs":[],"customGraphs":[],"default":{"data":{"Article":[],"Course":[],"Dataset":[],"FAQPage":[],"Movie":[],"Person":[],"Product":[],"ProductReview":[],"Car":[],"Recipe":[],"Service":[],"SoftwareApplication":[],"WebPage":[]},"graphName":"","isEnabled":true},"graphs":[],"defaultGraph":"","defaultPostTypeGraph":""},"schema_type":null,"schema_type_options":null,"pillar_content":false,"robots_default":true,"robots_noindex":false,"robots_noarchive":false,"robots_nosnippet":false,"robots_nofollow":false,"robots_noimageindex":false,"robots_noodp":false,"robots_notranslate":false,"robots_max_snippet":null,"robots_max_videopreview":null,"robots_max_imagepreview":"large","priority":null,"frequency":null,"local_seo":null,"seo_analyzer_scan_date":"2025-12-03 00:42:13","breadcrumb_settings":null,"limit_modified_date":false,"open_ai":null,"ai":null,"created":"2020-12-21 13:40:19","updated":"2025-12-03 00:42:13"},"aioseo_breadcrumb":"<div class=\"aioseo-breadcrumbs\"><span class=\"aioseo-breadcrumb\">\n\t<a href=\"https:\/\/www.eldigitaldeasturias.com\/noticias\" title=\"Home\">Home<\/a>\n<\/span><span class=\"aioseo-breadcrumb-separator\">\u2013<\/span><span class=\"aioseo-breadcrumb\">\n\t<a href=\"https:\/\/www.eldigitaldeasturias.com\/noticias\/category\/destacadas\/\" title=\"Destacadas\">Destacadas<\/a>\n<\/span><span class=\"aioseo-breadcrumb-separator\">\u2013<\/span><span class=\"aioseo-breadcrumb\">\n\t<a href=\"https:\/\/www.eldigitaldeasturias.com\/noticias\/el-paro-registrado-sube-en-enero-de-2017-en-espana-en-57-257-personas\/\" title=\"El paro sube en enero en Espa\u00f1a\">El paro sube en enero en Espa\u00f1a<\/a>\n<\/span><\/div>","aioseo_breadcrumb_json":[{"label":"Home","link":"https:\/\/www.eldigitaldeasturias.com\/noticias"},{"label":"Destacadas","link":"https:\/\/www.eldigitaldeasturias.com\/noticias\/category\/destacadas\/"},{"label":"El paro sube en enero en Espa\u00f1a","link":"https:\/\/www.eldigitaldeasturias.com\/noticias\/el-paro-registrado-sube-en-enero-de-2017-en-espana-en-57-257-personas\/"}],"_links":{"self":[{"href":"https:\/\/www.eldigitaldeasturias.com\/noticias\/wp-json\/wp\/v2\/posts\/924619","targetHints":{"allow":["GET"]}}],"collection":[{"href":"https:\/\/www.eldigitaldeasturias.com\/noticias\/wp-json\/wp\/v2\/posts"}],"about":[{"href":"https:\/\/www.eldigitaldeasturias.com\/noticias\/wp-json\/wp\/v2\/types\/post"}],"author":[{"embeddable":true,"href":"https:\/\/www.eldigitaldeasturias.com\/noticias\/wp-json\/wp\/v2\/users\/1"}],"replies":[{"embeddable":true,"href":"https:\/\/www.eldigitaldeasturias.com\/noticias\/wp-json\/wp\/v2\/comments?post=924619"}],"version-history":[{"count":0,"href":"https:\/\/www.eldigitaldeasturias.com\/noticias\/wp-json\/wp\/v2\/posts\/924619\/revisions"}],"wp:featuredmedia":[{"embeddable":true,"href":"https:\/\/www.eldigitaldeasturias.com\/noticias\/wp-json\/wp\/v2\/media\/765818"}],"wp:attachment":[{"href":"https:\/\/www.eldigitaldeasturias.com\/noticias\/wp-json\/wp\/v2\/media?parent=924619"}],"wp:term":[{"taxonomy":"category","embeddable":true,"href":"https:\/\/www.eldigitaldeasturias.com\/noticias\/wp-json\/wp\/v2\/categories?post=924619"},{"taxonomy":"post_tag","embeddable":true,"href":"https:\/\/www.eldigitaldeasturias.com\/noticias\/wp-json\/wp\/v2\/tags?post=924619"}],"curies":[{"name":"wp","href":"https:\/\/api.w.org\/{rel}","templated":true}]}}