{"id":924570,"date":"2017-02-01T17:50:33","date_gmt":"2017-02-01T17:50:33","guid":{"rendered":"http:\/\/www.eldigitaldeasturias.com\/noticias\/?p=924570"},"modified":"2017-02-01T17:50:54","modified_gmt":"2017-02-01T17:50:54","slug":"el-puerto-de-gijon-mantiene-su-apuesta-por-la-autopista-del-mar-con-nantes","status":"publish","type":"post","link":"https:\/\/www.eldigitaldeasturias.com\/noticias\/el-puerto-de-gijon-mantiene-su-apuesta-por-la-autopista-del-mar-con-nantes\/","title":{"rendered":"El Puerto de Gij\u00f3n mantiene su apuesta por la Autopista del Mar con Nantes"},"content":{"rendered":"<p><img loading=\"lazy\" decoding=\"async\" class=\"alignleft size-medium wp-image-679313\" src=\"https:\/\/www.eldigitaldeasturias.com\/noticias\/wp-content\/uploads\/2014\/11\/musel1-360x238.jpg\" alt=\"\" width=\"360\" height=\"238\" srcset=\"https:\/\/www.eldigitaldeasturias.com\/noticias\/wp-content\/uploads\/2014\/11\/musel1-360x238.jpg 360w, https:\/\/www.eldigitaldeasturias.com\/noticias\/wp-content\/uploads\/2014\/11\/musel1-650x431.jpg 650w, https:\/\/www.eldigitaldeasturias.com\/noticias\/wp-content\/uploads\/2014\/11\/musel1-220x146.jpg 220w, https:\/\/www.eldigitaldeasturias.com\/noticias\/wp-content\/uploads\/2014\/11\/musel1.jpg 800w\" sizes=\"auto, (max-width: 360px) 100vw, 360px\" \/>Las l\u00edneas mar\u00edtimas ro-ro y ro-pax entre pa\u00edses situados en el Arco Atl\u00e1ntico Sur Europeo constituyen una soluci\u00f3n log\u00edstica apropiada para conseguir una red de transporte europea m\u00e1s eficiente, sostenible y descongestionada y contribuye de forma decisiva a la uni\u00f3n entre regiones europeas, desde el punto de vista, econ\u00f3mico, comercial, cultural y tur\u00edstico.<\/p>\n<p>En este sentido, la Autopista del Mar con Nantes ha sido, y sigue siendo, un objetivo importante para el puerto de Gij\u00f3n, en la medida en que los tr\u00e1ficos derivados de la misma, tanto de mercanc\u00edas, como de pasajeros, se traducen en beneficios para la ciudad, para Asturias y para las regiones lim\u00edtrofes y, al mismo tiempo, contribuye a la mejora del medioambiente al reducir las emisiones de CO2.<\/p>\n<p>En el \u00faltimo a\u00f1o y medio, el Puerto ha realizado, y sigue realizando, todas las gestiones a su alcance, tanto en Espa\u00f1a como en las instancias comunitarias, para facilitar esta iniciativa.<\/p>\n<p>En lo que a sus competencias corresponde, ha adaptado sus infraestructuras con la construcci\u00f3n de una nueva rampa y rebajado al l\u00edmite m\u00e1ximo legal los costes de escala del buque. El Puerto ha liderado asimismo un proyecto a la convocatoria CEF 2016 que ha sido aprobado y reconocido por la Comisi\u00f3n Europea y cumplido con todos los compromisos que en el mismo se establecieron, al igual que el Puerto de Nantes y la Terminal ro-ro de Gij\u00f3n.<\/p>\n<p>El hecho de que uno de los socios en el proyecto no pueda, en su caso, cumplir con sus compromisos, no supone renunciar a este objetivo por parte del Puerto, que continuar\u00e1 profundizando en esta l\u00ednea de trabajo, dentro del mayor esp\u00edritu de colaboraci\u00f3n con todas las partes, de cara a que esta conexi\u00f3n con Francia pueda ser una realidad cuanto antes.<\/p>\n<p>&nbsp;<\/p>\n","protected":false},"excerpt":{"rendered":"<p>Las l\u00edneas mar\u00edtimas ro-ro y ro-pax entre pa\u00edses situados en el Arco Atl\u00e1ntico Sur Europeo constituyen una soluci\u00f3n log\u00edstica apropiada para conseguir una red de transporte europea m\u00e1s eficiente, sostenible y descongestionada y contribuye de forma decisiva a la uni\u00f3n entre regiones europeas, desde el punto de vista, econ\u00f3mico, comercial, cultural y tur\u00edstico. En este [&hellip;]<\/p>\n","protected":false},"author":1,"featured_media":682901,"comment_status":"closed","ping_status":"closed","sticky":false,"template":"","format":"standard","meta":{"footnotes":""},"categories":[141],"tags":[],"class_list":["post-924570","post","type-post","status-publish","format-standard","has-post-thumbnail","hentry","category-destacadas"],"aioseo_notices":[],"aioseo_head":"\n\t\t<!-- All in One SEO Pro 4.9.6.2 - aioseo.com -->\n\t<meta name=\"description\" content=\"Las l\u00edneas mar\u00edtimas ro-ro y ro-pax entre pa\u00edses situados en el Arco Atl\u00e1ntico Sur Europeo constituyen una soluci\u00f3n log\u00edstica apropiada para conseguir una red de transporte europea m\u00e1s eficiente, sostenible y descongestionada y contribuye de forma decisiva a la uni\u00f3n entre regiones europeas, desde el punto de vista, econ\u00f3mico, comercial, cultural y tur\u00edstico. En este\" \/>\n\t<meta name=\"robots\" content=\"max-image-preview:large\" \/>\n\t<meta name=\"author\" content=\"El Digital de Asturias\"\/>\n\t<meta name=\"google-site-verification\" content=\"UA-38556648-1\" \/>\n\t<meta name=\"msvalidate.01\" content=\"7dfe9f3f1b24437ab69f4f2559babe99\" \/>\n\t<meta name=\"keywords\" content=\"destacadas\" \/>\n\t<link rel=\"canonical\" href=\"https:\/\/www.eldigitaldeasturias.com\/noticias\/el-puerto-de-gijon-mantiene-su-apuesta-por-la-autopista-del-mar-con-nantes\/\" \/>\n\t<meta name=\"generator\" content=\"All in One SEO Pro (AIOSEO) 4.9.6.2\" \/>\n\t\t<meta property=\"og:locale\" content=\"es_ES\" \/>\n\t\t<meta property=\"og:site_name\" content=\"El Digital de Asturias\" \/>\n\t\t<meta property=\"og:type\" content=\"article\" \/>\n\t\t<meta property=\"og:title\" content=\"El Puerto de Gij\u00f3n mantiene su apuesta por la Autopista del Mar con Nantes - El Digital de Asturias\" \/>\n\t\t<meta property=\"og:description\" content=\"Las l\u00edneas mar\u00edtimas ro-ro y ro-pax entre pa\u00edses situados en el Arco Atl\u00e1ntico Sur Europeo constituyen una soluci\u00f3n log\u00edstica apropiada para conseguir una red de transporte europea m\u00e1s eficiente, sostenible y descongestionada y contribuye de forma decisiva a la uni\u00f3n entre regiones europeas, desde el punto de vista, econ\u00f3mico, comercial, cultural y tur\u00edstico. En este\" \/>\n\t\t<meta property=\"og:url\" content=\"https:\/\/www.eldigitaldeasturias.com\/noticias\/el-puerto-de-gijon-mantiene-su-apuesta-por-la-autopista-del-mar-con-nantes\/\" \/>\n\t\t<meta property=\"og:image\" content=\"https:\/\/www.eldigitaldeasturias.com\/noticias\/wp-content\/uploads\/2014\/11\/Puerto-Musel-2.jpg\" \/>\n\t\t<meta property=\"og:image:secure_url\" content=\"https:\/\/www.eldigitaldeasturias.com\/noticias\/wp-content\/uploads\/2014\/11\/Puerto-Musel-2.jpg\" \/>\n\t\t<meta property=\"og:image:width\" content=\"4272\" \/>\n\t\t<meta property=\"og:image:height\" content=\"2848\" \/>\n\t\t<meta property=\"article:tag\" content=\"destacadas\" \/>\n\t\t<meta property=\"article:published_time\" content=\"2017-02-01T17:50:33+00:00\" \/>\n\t\t<meta property=\"article:modified_time\" content=\"2017-02-01T17:50:54+00:00\" \/>\n\t\t<meta property=\"article:publisher\" content=\"https:\/\/facebook.com\/eldigitaldeasturias\" \/>\n\t\t<meta name=\"twitter:card\" content=\"summary_large_image\" \/>\n\t\t<meta name=\"twitter:title\" content=\"El Puerto de Gij\u00f3n mantiene su apuesta por la Autopista del Mar con Nantes - El Digital de Asturias\" \/>\n\t\t<meta name=\"twitter:description\" content=\"Las l\u00edneas mar\u00edtimas ro-ro y ro-pax entre pa\u00edses situados en el Arco Atl\u00e1ntico Sur Europeo constituyen una soluci\u00f3n log\u00edstica apropiada para conseguir una red de transporte europea m\u00e1s eficiente, sostenible y descongestionada y contribuye de forma decisiva a la uni\u00f3n entre regiones europeas, desde el punto de vista, econ\u00f3mico, comercial, cultural y tur\u00edstico. En este\" \/>\n\t\t<meta name=\"twitter:image\" content=\"https:\/\/www.eldigitaldeasturias.com\/noticias\/wp-content\/uploads\/2014\/11\/Puerto-Musel-2.jpg\" \/>\n\t\t<meta name=\"twitter:label1\" content=\"Escrito por\" \/>\n\t\t<meta name=\"twitter:data1\" content=\"El Digital de Asturias\" \/>\n\t\t<meta name=\"twitter:label2\" content=\"Tiempo de lectura estimado\" \/>\n\t\t<meta name=\"twitter:data2\" content=\"2 minutos\" \/>\n\t\t<script type=\"application\/ld+json\" class=\"aioseo-schema\">\n\t\t\t{\"@context\":\"https:\\\/\\\/schema.org\",\"@graph\":[{\"@type\":\"BlogPosting\",\"@id\":\"https:\\\/\\\/www.eldigitaldeasturias.com\\\/noticias\\\/el-puerto-de-gijon-mantiene-su-apuesta-por-la-autopista-del-mar-con-nantes\\\/#blogposting\",\"name\":\"El Puerto de Gij\\u00f3n mantiene su apuesta por la Autopista del Mar con Nantes - El Digital de Asturias\",\"headline\":\"El Puerto de Gij\\u00f3n mantiene su apuesta por la Autopista del Mar con Nantes\",\"author\":{\"@id\":\"https:\\\/\\\/www.eldigitaldeasturias.com\\\/noticias\\\/author\\\/admin\\\/#author\"},\"publisher\":{\"@id\":\"https:\\\/\\\/www.eldigitaldeasturias.com\\\/noticias\\\/#organization\"},\"image\":{\"@type\":\"ImageObject\",\"url\":\"https:\\\/\\\/www.eldigitaldeasturias.com\\\/noticias\\\/wp-content\\\/uploads\\\/2014\\\/11\\\/Puerto-Musel-2.jpg\",\"width\":4272,\"height\":2848},\"datePublished\":\"2017-02-01T17:50:33+01:00\",\"dateModified\":\"2017-02-01T17:50:54+01:00\",\"inLanguage\":\"es-ES\",\"mainEntityOfPage\":{\"@id\":\"https:\\\/\\\/www.eldigitaldeasturias.com\\\/noticias\\\/el-puerto-de-gijon-mantiene-su-apuesta-por-la-autopista-del-mar-con-nantes\\\/#webpage\"},\"isPartOf\":{\"@id\":\"https:\\\/\\\/www.eldigitaldeasturias.com\\\/noticias\\\/el-puerto-de-gijon-mantiene-su-apuesta-por-la-autopista-del-mar-con-nantes\\\/#webpage\"},\"articleSection\":\"Destacadas\"},{\"@type\":\"BreadcrumbList\",\"@id\":\"https:\\\/\\\/www.eldigitaldeasturias.com\\\/noticias\\\/el-puerto-de-gijon-mantiene-su-apuesta-por-la-autopista-del-mar-con-nantes\\\/#breadcrumblist\",\"itemListElement\":[{\"@type\":\"ListItem\",\"@id\":\"https:\\\/\\\/www.eldigitaldeasturias.com\\\/noticias#listItem\",\"position\":1,\"name\":\"Home\",\"item\":\"https:\\\/\\\/www.eldigitaldeasturias.com\\\/noticias\",\"nextItem\":{\"@type\":\"ListItem\",\"@id\":\"https:\\\/\\\/www.eldigitaldeasturias.com\\\/noticias\\\/category\\\/destacadas\\\/#listItem\",\"name\":\"Destacadas\"}},{\"@type\":\"ListItem\",\"@id\":\"https:\\\/\\\/www.eldigitaldeasturias.com\\\/noticias\\\/category\\\/destacadas\\\/#listItem\",\"position\":2,\"name\":\"Destacadas\",\"item\":\"https:\\\/\\\/www.eldigitaldeasturias.com\\\/noticias\\\/category\\\/destacadas\\\/\",\"nextItem\":{\"@type\":\"ListItem\",\"@id\":\"https:\\\/\\\/www.eldigitaldeasturias.com\\\/noticias\\\/el-puerto-de-gijon-mantiene-su-apuesta-por-la-autopista-del-mar-con-nantes\\\/#listItem\",\"name\":\"El Puerto de Gij\\u00f3n mantiene su apuesta por la Autopista del Mar con Nantes\"},\"previousItem\":{\"@type\":\"ListItem\",\"@id\":\"https:\\\/\\\/www.eldigitaldeasturias.com\\\/noticias#listItem\",\"name\":\"Home\"}},{\"@type\":\"ListItem\",\"@id\":\"https:\\\/\\\/www.eldigitaldeasturias.com\\\/noticias\\\/el-puerto-de-gijon-mantiene-su-apuesta-por-la-autopista-del-mar-con-nantes\\\/#listItem\",\"position\":3,\"name\":\"El Puerto de Gij\\u00f3n mantiene su apuesta por la Autopista del Mar con Nantes\",\"previousItem\":{\"@type\":\"ListItem\",\"@id\":\"https:\\\/\\\/www.eldigitaldeasturias.com\\\/noticias\\\/category\\\/destacadas\\\/#listItem\",\"name\":\"Destacadas\"}}]},{\"@type\":\"Organization\",\"@id\":\"https:\\\/\\\/www.eldigitaldeasturias.com\\\/noticias\\\/#organization\",\"name\":\"El Digital de Asturias\",\"description\":\"Hemeroteca\",\"url\":\"https:\\\/\\\/www.eldigitaldeasturias.com\\\/noticias\\\/\",\"email\":\"info@eldigitaldeasturias.com\",\"telephone\":\"+34652131393\",\"logo\":{\"@type\":\"ImageObject\",\"url\":\"https:\\\/\\\/www.eldigitaldeasturias.com\\\/noticias\\\/wp-content\\\/uploads\\\/2020\\\/12\\\/EDA.jpg\",\"@id\":\"https:\\\/\\\/www.eldigitaldeasturias.com\\\/noticias\\\/el-puerto-de-gijon-mantiene-su-apuesta-por-la-autopista-del-mar-con-nantes\\\/#organizationLogo\",\"width\":649,\"height\":297},\"image\":{\"@id\":\"https:\\\/\\\/www.eldigitaldeasturias.com\\\/noticias\\\/el-puerto-de-gijon-mantiene-su-apuesta-por-la-autopista-del-mar-con-nantes\\\/#organizationLogo\"},\"sameAs\":[\"https:\\\/\\\/facebook.com\\\/eldigitaldeasturias\",\"https:\\\/\\\/www.youtube.com\\\/channel\\\/UCZP-2wLEB9Rv6erhFmqVnvg\"],\"address\":{\"@id\":\"https:\\\/\\\/www.eldigitaldeasturias.com\\\/noticias\\\/#postaladdress\",\"@type\":\"PostalAddress\",\"streetAddress\":\"san antonio 4,\",\"postalCode\":\"33430\",\"addressLocality\":\"Cand\\u00e1s\",\"addressRegion\":\"Asturias\",\"addressCountry\":\"ES\"}},{\"@type\":\"Person\",\"@id\":\"https:\\\/\\\/www.eldigitaldeasturias.com\\\/noticias\\\/author\\\/admin\\\/#author\",\"url\":\"https:\\\/\\\/www.eldigitaldeasturias.com\\\/noticias\\\/author\\\/admin\\\/\",\"name\":\"El Digital de Asturias\",\"image\":{\"@type\":\"ImageObject\",\"@id\":\"https:\\\/\\\/www.eldigitaldeasturias.com\\\/noticias\\\/el-puerto-de-gijon-mantiene-su-apuesta-por-la-autopista-del-mar-con-nantes\\\/#authorImage\",\"url\":\"https:\\\/\\\/www.eldigitaldeasturias.com\\\/noticias\\\/wp-content\\\/litespeed\\\/avatar\\\/18677e78aa0546b92d9dbf31ec7d7668.jpg?ver=1777290358\",\"width\":96,\"height\":96,\"caption\":\"El Digital de Asturias\"}},{\"@type\":\"WebPage\",\"@id\":\"https:\\\/\\\/www.eldigitaldeasturias.com\\\/noticias\\\/el-puerto-de-gijon-mantiene-su-apuesta-por-la-autopista-del-mar-con-nantes\\\/#webpage\",\"url\":\"https:\\\/\\\/www.eldigitaldeasturias.com\\\/noticias\\\/el-puerto-de-gijon-mantiene-su-apuesta-por-la-autopista-del-mar-con-nantes\\\/\",\"name\":\"El Puerto de Gij\\u00f3n mantiene su apuesta por la Autopista del Mar con Nantes - El Digital de Asturias\",\"description\":\"Las l\\u00edneas mar\\u00edtimas ro-ro y ro-pax entre pa\\u00edses situados en el Arco Atl\\u00e1ntico Sur Europeo constituyen una soluci\\u00f3n log\\u00edstica apropiada para conseguir una red de transporte europea m\\u00e1s eficiente, sostenible y descongestionada y contribuye de forma decisiva a la uni\\u00f3n entre regiones europeas, desde el punto de vista, econ\\u00f3mico, comercial, cultural y tur\\u00edstico. En este\",\"inLanguage\":\"es-ES\",\"isPartOf\":{\"@id\":\"https:\\\/\\\/www.eldigitaldeasturias.com\\\/noticias\\\/#website\"},\"breadcrumb\":{\"@id\":\"https:\\\/\\\/www.eldigitaldeasturias.com\\\/noticias\\\/el-puerto-de-gijon-mantiene-su-apuesta-por-la-autopista-del-mar-con-nantes\\\/#breadcrumblist\"},\"author\":{\"@id\":\"https:\\\/\\\/www.eldigitaldeasturias.com\\\/noticias\\\/author\\\/admin\\\/#author\"},\"creator\":{\"@id\":\"https:\\\/\\\/www.eldigitaldeasturias.com\\\/noticias\\\/author\\\/admin\\\/#author\"},\"image\":{\"@type\":\"ImageObject\",\"url\":\"https:\\\/\\\/www.eldigitaldeasturias.com\\\/noticias\\\/wp-content\\\/uploads\\\/2014\\\/11\\\/Puerto-Musel-2.jpg\",\"@id\":\"https:\\\/\\\/www.eldigitaldeasturias.com\\\/noticias\\\/el-puerto-de-gijon-mantiene-su-apuesta-por-la-autopista-del-mar-con-nantes\\\/#mainImage\",\"width\":4272,\"height\":2848},\"primaryImageOfPage\":{\"@id\":\"https:\\\/\\\/www.eldigitaldeasturias.com\\\/noticias\\\/el-puerto-de-gijon-mantiene-su-apuesta-por-la-autopista-del-mar-con-nantes\\\/#mainImage\"},\"datePublished\":\"2017-02-01T17:50:33+01:00\",\"dateModified\":\"2017-02-01T17:50:54+01:00\"},{\"@type\":\"WebSite\",\"@id\":\"https:\\\/\\\/www.eldigitaldeasturias.com\\\/noticias\\\/#website\",\"url\":\"https:\\\/\\\/www.eldigitaldeasturias.com\\\/noticias\\\/\",\"name\":\"El Digital de Asturias - Diario de actualidad y noticias\",\"alternateName\":\"El Digital de Asturias - Diario de actualidad y noticias\",\"description\":\"Hemeroteca\",\"inLanguage\":\"es-ES\",\"publisher\":{\"@id\":\"https:\\\/\\\/www.eldigitaldeasturias.com\\\/noticias\\\/#organization\"}}]}\n\t\t<\/script>\n\t\t<!-- All in One SEO Pro -->\r\n\t\t<title>El Puerto de Gij\u00f3n mantiene su apuesta por la Autopista del Mar con Nantes - El Digital de Asturias<\/title>\n\n","aioseo_head_json":{"title":"El Puerto de Gij\u00f3n mantiene su apuesta por la Autopista del Mar con Nantes - El Digital de Asturias","description":"Las l\u00edneas mar\u00edtimas ro-ro y ro-pax entre pa\u00edses situados en el Arco Atl\u00e1ntico Sur Europeo constituyen una soluci\u00f3n log\u00edstica apropiada para conseguir una red de transporte europea m\u00e1s eficiente, sostenible y descongestionada y contribuye de forma decisiva a la uni\u00f3n entre regiones europeas, desde el punto de vista, econ\u00f3mico, comercial, cultural y tur\u00edstico. En este","canonical_url":"https:\/\/www.eldigitaldeasturias.com\/noticias\/el-puerto-de-gijon-mantiene-su-apuesta-por-la-autopista-del-mar-con-nantes\/","robots":"max-image-preview:large","keywords":"destacadas","webmasterTools":{"google-site-verification":"UA-38556648-1","msvalidate.01":"7dfe9f3f1b24437ab69f4f2559babe99","miscellaneous":""},"schema":{"@context":"https:\/\/schema.org","@graph":[{"@type":"BlogPosting","@id":"https:\/\/www.eldigitaldeasturias.com\/noticias\/el-puerto-de-gijon-mantiene-su-apuesta-por-la-autopista-del-mar-con-nantes\/#blogposting","name":"El Puerto de Gij\u00f3n mantiene su apuesta por la Autopista del Mar con Nantes - El Digital de Asturias","headline":"El Puerto de Gij\u00f3n mantiene su apuesta por la Autopista del Mar con Nantes","author":{"@id":"https:\/\/www.eldigitaldeasturias.com\/noticias\/author\/admin\/#author"},"publisher":{"@id":"https:\/\/www.eldigitaldeasturias.com\/noticias\/#organization"},"image":{"@type":"ImageObject","url":"https:\/\/www.eldigitaldeasturias.com\/noticias\/wp-content\/uploads\/2014\/11\/Puerto-Musel-2.jpg","width":4272,"height":2848},"datePublished":"2017-02-01T17:50:33+01:00","dateModified":"2017-02-01T17:50:54+01:00","inLanguage":"es-ES","mainEntityOfPage":{"@id":"https:\/\/www.eldigitaldeasturias.com\/noticias\/el-puerto-de-gijon-mantiene-su-apuesta-por-la-autopista-del-mar-con-nantes\/#webpage"},"isPartOf":{"@id":"https:\/\/www.eldigitaldeasturias.com\/noticias\/el-puerto-de-gijon-mantiene-su-apuesta-por-la-autopista-del-mar-con-nantes\/#webpage"},"articleSection":"Destacadas"},{"@type":"BreadcrumbList","@id":"https:\/\/www.eldigitaldeasturias.com\/noticias\/el-puerto-de-gijon-mantiene-su-apuesta-por-la-autopista-del-mar-con-nantes\/#breadcrumblist","itemListElement":[{"@type":"ListItem","@id":"https:\/\/www.eldigitaldeasturias.com\/noticias#listItem","position":1,"name":"Home","item":"https:\/\/www.eldigitaldeasturias.com\/noticias","nextItem":{"@type":"ListItem","@id":"https:\/\/www.eldigitaldeasturias.com\/noticias\/category\/destacadas\/#listItem","name":"Destacadas"}},{"@type":"ListItem","@id":"https:\/\/www.eldigitaldeasturias.com\/noticias\/category\/destacadas\/#listItem","position":2,"name":"Destacadas","item":"https:\/\/www.eldigitaldeasturias.com\/noticias\/category\/destacadas\/","nextItem":{"@type":"ListItem","@id":"https:\/\/www.eldigitaldeasturias.com\/noticias\/el-puerto-de-gijon-mantiene-su-apuesta-por-la-autopista-del-mar-con-nantes\/#listItem","name":"El Puerto de Gij\u00f3n mantiene su apuesta por la Autopista del Mar con Nantes"},"previousItem":{"@type":"ListItem","@id":"https:\/\/www.eldigitaldeasturias.com\/noticias#listItem","name":"Home"}},{"@type":"ListItem","@id":"https:\/\/www.eldigitaldeasturias.com\/noticias\/el-puerto-de-gijon-mantiene-su-apuesta-por-la-autopista-del-mar-con-nantes\/#listItem","position":3,"name":"El Puerto de Gij\u00f3n mantiene su apuesta por la Autopista del Mar con Nantes","previousItem":{"@type":"ListItem","@id":"https:\/\/www.eldigitaldeasturias.com\/noticias\/category\/destacadas\/#listItem","name":"Destacadas"}}]},{"@type":"Organization","@id":"https:\/\/www.eldigitaldeasturias.com\/noticias\/#organization","name":"El Digital de Asturias","description":"Hemeroteca","url":"https:\/\/www.eldigitaldeasturias.com\/noticias\/","email":"info@eldigitaldeasturias.com","telephone":"+34652131393","logo":{"@type":"ImageObject","url":"https:\/\/www.eldigitaldeasturias.com\/noticias\/wp-content\/uploads\/2020\/12\/EDA.jpg","@id":"https:\/\/www.eldigitaldeasturias.com\/noticias\/el-puerto-de-gijon-mantiene-su-apuesta-por-la-autopista-del-mar-con-nantes\/#organizationLogo","width":649,"height":297},"image":{"@id":"https:\/\/www.eldigitaldeasturias.com\/noticias\/el-puerto-de-gijon-mantiene-su-apuesta-por-la-autopista-del-mar-con-nantes\/#organizationLogo"},"sameAs":["https:\/\/facebook.com\/eldigitaldeasturias","https:\/\/www.youtube.com\/channel\/UCZP-2wLEB9Rv6erhFmqVnvg"],"address":{"@id":"https:\/\/www.eldigitaldeasturias.com\/noticias\/#postaladdress","@type":"PostalAddress","streetAddress":"san antonio 4,","postalCode":"33430","addressLocality":"Cand\u00e1s","addressRegion":"Asturias","addressCountry":"ES"}},{"@type":"Person","@id":"https:\/\/www.eldigitaldeasturias.com\/noticias\/author\/admin\/#author","url":"https:\/\/www.eldigitaldeasturias.com\/noticias\/author\/admin\/","name":"El Digital de Asturias","image":{"@type":"ImageObject","@id":"https:\/\/www.eldigitaldeasturias.com\/noticias\/el-puerto-de-gijon-mantiene-su-apuesta-por-la-autopista-del-mar-con-nantes\/#authorImage","url":"https:\/\/www.eldigitaldeasturias.com\/noticias\/wp-content\/litespeed\/avatar\/18677e78aa0546b92d9dbf31ec7d7668.jpg?ver=1777290358","width":96,"height":96,"caption":"El Digital de Asturias"}},{"@type":"WebPage","@id":"https:\/\/www.eldigitaldeasturias.com\/noticias\/el-puerto-de-gijon-mantiene-su-apuesta-por-la-autopista-del-mar-con-nantes\/#webpage","url":"https:\/\/www.eldigitaldeasturias.com\/noticias\/el-puerto-de-gijon-mantiene-su-apuesta-por-la-autopista-del-mar-con-nantes\/","name":"El Puerto de Gij\u00f3n mantiene su apuesta por la Autopista del Mar con Nantes - El Digital de Asturias","description":"Las l\u00edneas mar\u00edtimas ro-ro y ro-pax entre pa\u00edses situados en el Arco Atl\u00e1ntico Sur Europeo constituyen una soluci\u00f3n log\u00edstica apropiada para conseguir una red de transporte europea m\u00e1s eficiente, sostenible y descongestionada y contribuye de forma decisiva a la uni\u00f3n entre regiones europeas, desde el punto de vista, econ\u00f3mico, comercial, cultural y tur\u00edstico. En este","inLanguage":"es-ES","isPartOf":{"@id":"https:\/\/www.eldigitaldeasturias.com\/noticias\/#website"},"breadcrumb":{"@id":"https:\/\/www.eldigitaldeasturias.com\/noticias\/el-puerto-de-gijon-mantiene-su-apuesta-por-la-autopista-del-mar-con-nantes\/#breadcrumblist"},"author":{"@id":"https:\/\/www.eldigitaldeasturias.com\/noticias\/author\/admin\/#author"},"creator":{"@id":"https:\/\/www.eldigitaldeasturias.com\/noticias\/author\/admin\/#author"},"image":{"@type":"ImageObject","url":"https:\/\/www.eldigitaldeasturias.com\/noticias\/wp-content\/uploads\/2014\/11\/Puerto-Musel-2.jpg","@id":"https:\/\/www.eldigitaldeasturias.com\/noticias\/el-puerto-de-gijon-mantiene-su-apuesta-por-la-autopista-del-mar-con-nantes\/#mainImage","width":4272,"height":2848},"primaryImageOfPage":{"@id":"https:\/\/www.eldigitaldeasturias.com\/noticias\/el-puerto-de-gijon-mantiene-su-apuesta-por-la-autopista-del-mar-con-nantes\/#mainImage"},"datePublished":"2017-02-01T17:50:33+01:00","dateModified":"2017-02-01T17:50:54+01:00"},{"@type":"WebSite","@id":"https:\/\/www.eldigitaldeasturias.com\/noticias\/#website","url":"https:\/\/www.eldigitaldeasturias.com\/noticias\/","name":"El Digital de Asturias - Diario de actualidad y noticias","alternateName":"El Digital de Asturias - Diario de actualidad y noticias","description":"Hemeroteca","inLanguage":"es-ES","publisher":{"@id":"https:\/\/www.eldigitaldeasturias.com\/noticias\/#organization"}}]},"og:locale":"es_ES","og:site_name":"El Digital de Asturias","og:type":"article","og:title":"El Puerto de Gij\u00f3n mantiene su apuesta por la Autopista del Mar con Nantes - El Digital de Asturias","og:description":"Las l\u00edneas mar\u00edtimas ro-ro y ro-pax entre pa\u00edses situados en el Arco Atl\u00e1ntico Sur Europeo constituyen una soluci\u00f3n log\u00edstica apropiada para conseguir una red de transporte europea m\u00e1s eficiente, sostenible y descongestionada y contribuye de forma decisiva a la uni\u00f3n entre regiones europeas, desde el punto de vista, econ\u00f3mico, comercial, cultural y tur\u00edstico. En este","og:url":"https:\/\/www.eldigitaldeasturias.com\/noticias\/el-puerto-de-gijon-mantiene-su-apuesta-por-la-autopista-del-mar-con-nantes\/","og:image":"https:\/\/www.eldigitaldeasturias.com\/noticias\/wp-content\/uploads\/2014\/11\/Puerto-Musel-2.jpg","og:image:secure_url":"https:\/\/www.eldigitaldeasturias.com\/noticias\/wp-content\/uploads\/2014\/11\/Puerto-Musel-2.jpg","og:image:width":4272,"og:image:height":2848,"article:tag":["destacadas"],"article:published_time":"2017-02-01T17:50:33+00:00","article:modified_time":"2017-02-01T17:50:54+00:00","article:publisher":"https:\/\/facebook.com\/eldigitaldeasturias","twitter:card":"summary_large_image","twitter:title":"El Puerto de Gij\u00f3n mantiene su apuesta por la Autopista del Mar con Nantes - El Digital de Asturias","twitter:description":"Las l\u00edneas mar\u00edtimas ro-ro y ro-pax entre pa\u00edses situados en el Arco Atl\u00e1ntico Sur Europeo constituyen una soluci\u00f3n log\u00edstica apropiada para conseguir una red de transporte europea m\u00e1s eficiente, sostenible y descongestionada y contribuye de forma decisiva a la uni\u00f3n entre regiones europeas, desde el punto de vista, econ\u00f3mico, comercial, cultural y tur\u00edstico. En este","twitter:image":"https:\/\/www.eldigitaldeasturias.com\/noticias\/wp-content\/uploads\/2014\/11\/Puerto-Musel-2.jpg","twitter:label1":"Escrito por","twitter:data1":"El Digital de Asturias","twitter:label2":"Tiempo de lectura estimado","twitter:data2":"2 minutos"},"aioseo_meta_data":{"post_id":"924570","title":null,"description":null,"keywords":null,"keyphrases":null,"primary_term":null,"canonical_url":null,"og_title":null,"og_description":null,"og_object_type":"default","og_image_type":"default","og_image_url":null,"og_image_width":null,"og_image_height":null,"og_image_custom_url":null,"og_image_custom_fields":null,"og_video":null,"og_custom_url":null,"og_article_section":null,"og_article_tags":null,"twitter_use_og":false,"twitter_card":"default","twitter_image_type":"default","twitter_image_url":null,"twitter_image_custom_url":null,"twitter_image_custom_fields":null,"twitter_title":null,"twitter_description":null,"schema":{"blockGraphs":[],"customGraphs":[],"default":{"data":{"Article":[],"Course":[],"Dataset":[],"FAQPage":[],"Movie":[],"Person":[],"Product":[],"ProductReview":[],"Car":[],"Recipe":[],"Service":[],"SoftwareApplication":[],"WebPage":[]},"graphName":"","isEnabled":true},"graphs":[],"defaultGraph":"","defaultPostTypeGraph":""},"schema_type":null,"schema_type_options":null,"pillar_content":false,"robots_default":true,"robots_noindex":false,"robots_noarchive":false,"robots_nosnippet":false,"robots_nofollow":false,"robots_noimageindex":false,"robots_noodp":false,"robots_notranslate":false,"robots_max_snippet":null,"robots_max_videopreview":null,"robots_max_imagepreview":"large","priority":null,"frequency":null,"local_seo":null,"seo_analyzer_scan_date":"2025-12-03 00:34:21","breadcrumb_settings":null,"limit_modified_date":false,"open_ai":null,"ai":null,"created":"2020-12-21 13:40:19","updated":"2025-12-03 00:34:21"},"aioseo_breadcrumb":"<div class=\"aioseo-breadcrumbs\"><span class=\"aioseo-breadcrumb\">\n\t<a href=\"https:\/\/www.eldigitaldeasturias.com\/noticias\" title=\"Home\">Home<\/a>\n<\/span><span class=\"aioseo-breadcrumb-separator\">\u2013<\/span><span class=\"aioseo-breadcrumb\">\n\t<a href=\"https:\/\/www.eldigitaldeasturias.com\/noticias\/category\/destacadas\/\" title=\"Destacadas\">Destacadas<\/a>\n<\/span><span class=\"aioseo-breadcrumb-separator\">\u2013<\/span><span class=\"aioseo-breadcrumb\">\n\t<a href=\"https:\/\/www.eldigitaldeasturias.com\/noticias\/el-puerto-de-gijon-mantiene-su-apuesta-por-la-autopista-del-mar-con-nantes\/\" title=\"El Puerto de Gij\u00f3n mantiene su apuesta por la Autopista del Mar con Nantes\">El Puerto de Gij\u00f3n mantiene su apuesta por la Autopista del Mar con Nantes<\/a>\n<\/span><\/div>","aioseo_breadcrumb_json":[{"label":"Home","link":"https:\/\/www.eldigitaldeasturias.com\/noticias"},{"label":"Destacadas","link":"https:\/\/www.eldigitaldeasturias.com\/noticias\/category\/destacadas\/"},{"label":"El Puerto de Gij\u00f3n mantiene su apuesta por la Autopista del Mar con Nantes","link":"https:\/\/www.eldigitaldeasturias.com\/noticias\/el-puerto-de-gijon-mantiene-su-apuesta-por-la-autopista-del-mar-con-nantes\/"}],"_links":{"self":[{"href":"https:\/\/www.eldigitaldeasturias.com\/noticias\/wp-json\/wp\/v2\/posts\/924570","targetHints":{"allow":["GET"]}}],"collection":[{"href":"https:\/\/www.eldigitaldeasturias.com\/noticias\/wp-json\/wp\/v2\/posts"}],"about":[{"href":"https:\/\/www.eldigitaldeasturias.com\/noticias\/wp-json\/wp\/v2\/types\/post"}],"author":[{"embeddable":true,"href":"https:\/\/www.eldigitaldeasturias.com\/noticias\/wp-json\/wp\/v2\/users\/1"}],"replies":[{"embeddable":true,"href":"https:\/\/www.eldigitaldeasturias.com\/noticias\/wp-json\/wp\/v2\/comments?post=924570"}],"version-history":[{"count":0,"href":"https:\/\/www.eldigitaldeasturias.com\/noticias\/wp-json\/wp\/v2\/posts\/924570\/revisions"}],"wp:featuredmedia":[{"embeddable":true,"href":"https:\/\/www.eldigitaldeasturias.com\/noticias\/wp-json\/wp\/v2\/media\/682901"}],"wp:attachment":[{"href":"https:\/\/www.eldigitaldeasturias.com\/noticias\/wp-json\/wp\/v2\/media?parent=924570"}],"wp:term":[{"taxonomy":"category","embeddable":true,"href":"https:\/\/www.eldigitaldeasturias.com\/noticias\/wp-json\/wp\/v2\/categories?post=924570"},{"taxonomy":"post_tag","embeddable":true,"href":"https:\/\/www.eldigitaldeasturias.com\/noticias\/wp-json\/wp\/v2\/tags?post=924570"}],"curies":[{"name":"wp","href":"https:\/\/api.w.org\/{rel}","templated":true}]}}